{"id":1063046,"date":"2022-07-24T17:30:00","date_gmt":"2022-07-24T20:30:00","guid":{"rendered":"https:\/\/www.estrategiaconcursos.com.br\/blog\/?p=1063046"},"modified":"2022-07-25T08:25:50","modified_gmt":"2022-07-25T11:25:50","slug":"gabarito-extraoficial-pc-ba-cargo-escrivao-de-policia","status":"publish","type":"post","link":"https:\/\/www.estrategiaconcursos.com.br\/blog\/gabarito-extraoficial-pc-ba-cargo-escrivao-de-policia\/","title":{"rendered":"Gabarito Extraoficial PC BA &#8211;\u00a0Escriv\u00e3o de Pol\u00edcia"},"content":{"rendered":"\n<p>Neste domingo, 24 de julho, foram aplicadas as <strong>provas do concurso Pol\u00edcia Civil da Bahia (PC BA)<\/strong>.&nbsp;A prova objetiva foi aplicada no turno da manh\u00e3 e a discursiva no turno da tarde.<\/p>\n\n\n\n<p>Com o objetivo de ajud\u00e1-los a diminuir um pouco a ansiedade de saber se foi bem ou n\u00e3o em um concurso t\u00e3o visado e importante,&nbsp;<strong>nossos professores realizar\u00e3o a corre\u00e7\u00e3o, dando o<\/strong>&nbsp;<strong>gabarito extraoficial da prova da Pol\u00edcia Civil BA para o cargo de Escriv\u00e3o<\/strong>.<\/p>\n\n\n\n<p>Portanto, confira, antecipadamente, seu desempenho e ainda receba dicas de recursos (se houver necessidade, claro!). Lembrando que o&nbsp;gabarito oficial preliminar ser\u00e1 publicado pelo <a href=\"https:\/\/www.ibfc.org.br\/concurso\/concurso_selecionado\/398\" target=\"_blank\" rel=\"noreferrer noopener\">IBFC<\/a>.<\/p>\n\n\n\n<h2 class=\"wp-block-heading\" id=\"h-participe-do-ranking-gabarito-extraoficial-pc-ba-escrivao\">Participe do Ranking Gabarito Extraoficial PC BA \u2013 Escriv\u00e3o<\/h2>\n\n\n\n<p class=\"has-text-align-center has-cyan-bluish-gray-background-color has-background\" style=\"font-size:clamp(14px, 0.875rem + ((1vw - 3.2px) * 0.392), 18px);\"><strong><a href=\"https:\/\/forms.gle\/u8AVbFczbaS6rbSD9\" target=\"_blank\" rel=\"noreferrer noopener\">Preencha o gabarito eletr\u00f4nico<\/a><\/strong><\/p>\n\n\n\n<p class=\"has-text-align-center has-cyan-bluish-gray-background-color has-background\" style=\"font-size:clamp(14px, 0.875rem + ((1vw - 3.2px) * 0.392), 18px);\"><strong><a href=\"https:\/\/docs.google.com\/spreadsheets\/d\/1d6bcYdziMyN0qVY_QLLTdHy1LsGDtEy7WNoAtIgyOlU\/edit?usp=sharing\" target=\"_blank\" rel=\"noreferrer noopener\">Ranking Gabarito Extraoficial PC BA \u2013 Escriv\u00e3o<\/a><\/strong><\/p>\n\n\n\n<h2 class=\"has-text-align-center wp-block-heading\" id=\"gabarito-extraoficial-pc-ba-cargo-escrivao-de-policia\">Gabarito Extraoficial PC BA \u2013 Cargo:&nbsp;Escriv\u00e3o De Pol\u00edcia<\/h2>\n\n\n<figure class=\"wp-block-embed-youtube wp-block-embed is-type-video is-provider-youtube wp-embed-aspect-16-9 wp-has-aspect-ratio\"><div class=\"lyte-wrapper\" style=\"width:853px;max-width:100%;margin:5px;\"><div class=\"lyMe\" id=\"WYL_XHpv2gGg7w4\"><div id=\"lyte_XHpv2gGg7w4\" data-src=\"\/\/i.ytimg.com\/vi\/XHpv2gGg7w4\/hqdefault.jpg\" class=\"pL\"><div class=\"tC\"><div class=\"tT\"><\/div><\/div><div class=\"play\"><\/div><div class=\"ctrl\"><div class=\"Lctrl\"><\/div><div class=\"Rctrl\"><\/div><\/div><\/div><noscript><a href=\"https:\/\/youtu.be\/XHpv2gGg7w4\" rel=\"nofollow\"><img loading=\"lazy\" decoding=\"async\" src=\"https:\/\/i.ytimg.com\/vi\/XHpv2gGg7w4\/0.jpg\" alt=\"YouTube video thumbnail\" width=\"853\" height=\"460\" \/><br \/>Assista a este v\u00eddeo no YouTube<\/a><\/noscript><\/div><\/div><div class=\"lL\" style=\"max-width:100%;width:853px;margin:5px;\"><\/div><figcaption><\/figcaption><\/figure>\n\n\n<figure class=\"wp-block-table is-style-stripes\"><table class=\"has-fixed-layout\"><tbody><tr><td class=\"has-text-align-center\" data-align=\"center\"><strong>Disciplina<\/strong><\/td><td class=\"has-text-align-center\" data-align=\"center\"><strong>Professor<\/strong><\/td><\/tr><tr><td class=\"has-text-align-center\" data-align=\"center\">Abertura<\/td><td class=\"has-text-align-center\" data-align=\"center\">Th\u00e1llius Moraes<\/td><\/tr><tr><td class=\"has-text-align-center\" data-align=\"center\">Arquivologia (Escriv\u00e3o)<\/td><td class=\"has-text-align-center\" data-align=\"center\">Ricardo Campan\u00e1rio<\/td><\/tr><tr><td class=\"has-text-align-center\" data-align=\"center\">No\u00e7\u00f5es Direito Administrativo<\/td><td class=\"has-text-align-center\" data-align=\"center\">Th\u00e1llius Moraes<\/td><\/tr><tr><td class=\"has-text-align-center\" data-align=\"center\">L\u00edngua Portuguesa<\/td><td class=\"has-text-align-center\" data-align=\"center\">Janaina Arruda<\/td><\/tr><tr><td class=\"has-text-align-center\" data-align=\"center\">Inform\u00e1tica<\/td><td class=\"has-text-align-center\" data-align=\"center\">Renato da Costa<\/td><\/tr><tr><td class=\"has-text-align-center\" data-align=\"center\">Racioc\u00ednio L\u00f3gico<\/td><td class=\"has-text-align-center\" data-align=\"center\">Brunno Lima<\/td><\/tr><tr><td class=\"has-text-align-center\" data-align=\"center\">Legisla\u00e7\u00e3o Extravagante<\/td><td class=\"has-text-align-center\" data-align=\"center\">Ant\u00f4nio Pequeno<\/td><\/tr><tr><td class=\"has-text-align-center\" data-align=\"center\">ECA e DUDH<\/td><td class=\"has-text-align-center\" data-align=\"center\">G\u00e9ssica Ehle<\/td><\/tr><tr><td class=\"has-text-align-center\" data-align=\"center\">No\u00e7\u00f5es Direito Processual Penal<\/td><td class=\"has-text-align-center\" data-align=\"center\">Renan Araujo<\/td><\/tr><tr><td class=\"has-text-align-center\" data-align=\"center\">Medicina Legal<\/td><td class=\"has-text-align-center\" data-align=\"center\">Alexandre Herculano<\/td><\/tr><tr><td class=\"has-text-align-center\" data-align=\"center\">No\u00e7\u00f5es Direito Penal<\/td><td class=\"has-text-align-center\" data-align=\"center\">Priscila Silveira<\/td><\/tr><tr><td class=\"has-text-align-center\" data-align=\"center\">Legisla\u00e7\u00e3o Geral<\/td><td class=\"has-text-align-center\" data-align=\"center\">Emerson Bruno<\/td><\/tr><tr><td class=\"has-text-align-center\" data-align=\"center\">No\u00e7\u00f5es Direito Constitucional<\/td><td class=\"has-text-align-center\" data-align=\"center\">Adriane Fauth<\/td><\/tr><tr><td class=\"has-text-align-center\" data-align=\"center\">Atualidades<\/td><td class=\"has-text-align-center\" data-align=\"center\">Rodolfo Gracioli<\/td><\/tr><\/tbody><\/table><\/figure>\n\n\n\n<h2 class=\"has-text-align-center has-background wp-block-heading\" id=\"gabarito-extraoficial-pc-ba-cargo-escrivao-de-policia\" style=\"background-color:#c4cacf\">Gabarito Extraoficial PC BA \u2013 Cargo:&nbsp;Escriv\u00e3o De Pol\u00edcia<\/h2>\n\n\n\n<p>Abaixo, voc\u00ea confere os gabaritos das quest\u00f5es corrigidas pelos nossos professores. \u00c0 medida que as corre\u00e7\u00f5es forem realizadas, o artigo ser\u00e1 atualizado. <\/p>\n\n\n\n<p>Como existem v\u00e1rios tipos de provas, voc\u00ea pode conferir o in\u00edcio da quest\u00e3o. <strong>ATEN\u00c7\u00c3O: <\/strong>o caderno de provas utilizado na corre\u00e7\u00e3o foi a <strong>vers\u00e3o A<\/strong>. Al\u00e9m de conferir o enunciado da quest\u00e3o, \u00e9 importante conferir o item correto j\u00e1 que varia de acordo com a vers\u00e3o.<\/p>\n\n\n\n<p><strong>Quest\u00e3o 1:&nbsp;<\/strong>O texto apresenta um expressivo car\u00e1ter descritivo&#8230;<br \/><strong><em>Resposta:<\/em><\/strong> <em>D) real\u00e7ar a vulnerabilidade dos personagens diante da condi\u00e7\u00e3o em que se encontram.<\/em><\/p>\n\n\n\n<p><strong>Quest\u00e3o 2:&nbsp;<\/strong>No per\u00edodo composto &#8220;Como os recursos de express\u00e3o eram minguados&#8230;&#8221;<br \/><strong><em>Resposta: <\/em><\/strong><em>C) causal<\/em><\/p>\n\n\n\n<p><strong>Quest\u00e3o 3:&nbsp;<\/strong>Sabendo-se que &#8220;trempe&#8221; \u00e9 um tipo de chapa de ferro&#8230;<br \/><strong><em>Resposta: <\/em><\/strong><em>D) em fun\u00e7\u00e3o da reg\u00eancia do verbo e do g\u00eanero do substantivo destacado.<\/em><\/p>\n\n\n\n<p><strong>Quest\u00e3o 4:<\/strong> Em &#8220;Fabiano esfregou as m\u00e3os satisfeito&#8221;&#8230;<br \/><strong><em>Resposta: <\/em><\/strong><em>E) a caracteriza\u00e7\u00e3o de um estado provis\u00f3rio feita por um adjetivo.<\/em><\/p>\n\n\n\n<p><strong>Quest\u00e3o 5:<\/strong> No \u00faltimo par\u00e1grafo do texto, ao observar o emprego de dois-pontos&#8230;<br \/><strong><em>Resposta: <\/em><\/strong><em>A) indicar um esclarecimento<\/em><\/p>\n\n\n\n<p><strong>Quest\u00e3o 6:<\/strong> Considerando-se o contexto, verifica-se que o pronome&#8230;<br \/><strong><em>Resposta: <\/em><\/strong><em>B) textual, retomando o \u00faltimo elemento de um sequ\u00eancia<\/em><\/p>\n\n\n\n<p><strong>Quest\u00e3o 7:&nbsp;<\/strong>O texto anterior \u00e9 parte de um of\u00edcio&#8230;<br \/><strong><em>Resposta:<\/em><\/strong> <em>C) as formas de tratamento diferenciadas relacionam-se com os momentos distintos em que foram empregadas no texto.<\/em><\/p>\n\n\n\n<p><strong>Quest\u00e3o 8:&nbsp;<\/strong>Considerando as orienta\u00e7\u00f5es do Manual de Reda\u00e7\u00e3o&#8230;<br \/><strong><em>Resposta:<\/em><\/strong> Anula\u00e7\u00e3o (<em>N\u00e3o h\u00e1 alternativa correta<\/em>)<\/p>\n\n\n\n<p><strong>Quest\u00e3o 9:&nbsp;<\/strong>Com rela\u00e7\u00e3o aos conectivos l\u00f3gicos \u00e9 correto afirmar que&#8230;<br \/><strong><em>Resposta:<\/em><\/strong> <em>E) se o valor l\u00f3gico de uma proposi\u00e7\u00e3o p \u00e9 verdadeiro e o valor l\u00f3gico de uma proposi\u00e7\u00e3o q \u00e9 falso&#8230;<\/em><\/p>\n\n\n\n<p><strong>Quest\u00e3o 10:&nbsp;<\/strong>Se a frase &#8220;Todo escriv\u00e3o fez concurso p\u00fablico&#8221;&#8230;<br \/><strong><em>Resposta:<\/em><\/strong> <em>C) Carlos n\u00e3o \u00e9 escriv\u00e3o, ent\u00e3o n\u00e3o fez concurso p\u00fablico.<\/em><\/p>\n\n\n\n<p><strong>Quest\u00e3o 11:&nbsp;<\/strong>Se Joana \u00e9 delegada, ent\u00e3o fez direito&#8230;<br \/><strong><em>Resposta: <\/em><\/strong><em>A) Joana n\u00e3o \u00e9 delegada<\/em> <em>(recurso para anula\u00e7\u00e3o)<\/em><\/p>\n\n\n\n<p><strong>Quest\u00e3o 12:\u00a0<\/strong>A ocorr\u00eancia foi registrada e o inqu\u00e9rito foi instaurado&#8230;<br \/><strong><em>Resposta: <\/em><\/strong><em>B) 4<\/em><\/p>\n\n\n\n<p><strong>Quest\u00e3o 13:&nbsp;<\/strong>A tabela indica todos os poss\u00edveis valores&#8230;<br \/><strong><em>Resposta: <\/em><\/strong><em>D) p disjun\u00e7\u00e3o exclusiva q<\/em><\/p>\n\n\n\n<p><strong>Quest\u00e3o 14:\u00a0<\/strong>A frase &#8220;O departamento de pol\u00edcia estava cheio&#8230;<br \/><strong><em>Resposta: <\/em><\/strong><em>C) se o departamento de pol\u00edcia n\u00e3o estava cheio, ent\u00e3o era feriado<\/em><\/p>\n\n\n\n<p><strong>Quest\u00e3o 15:&nbsp;<\/strong>Numa assembleia haviam 50 escriv\u00e3es, sendo que 32 eram destros&#8230;<br \/><strong><em>Resposta: <\/em><\/strong><em>D) 34<\/em><\/p>\n\n\n\n<p><strong>Quest\u00e3o 16:&nbsp;<\/strong>&#8220;O acidente foi investigado e o autor foi encontrado&#8221;&#8230;<br \/><strong><em>Resposta: <\/em><\/strong><em>B) o acidente n\u00e3o foi investigado ou o autor n\u00e3o foi encontrado.<\/em><\/p>\n\n\n\n<p><strong>Quest\u00e3o 17:&nbsp;<\/strong>&#8220;A organiza\u00e7\u00e3o passou para o centro das discuss\u00f5es&#8230;<br \/><strong><em>Resposta: <\/em><\/strong><em>A) F &#8211; F &#8211; F -V<\/em><\/p>\n\n\n\n<p><strong>Quest\u00e3o 18:&nbsp;<\/strong>&#8220;Em 2021, mais de 40% da perda de floresta&#8230;<br \/><strong><em>Resposta: <\/em><\/strong><em>B) imagem de sat\u00e9lite<\/em><\/p>\n\n\n\n<p><strong>Quest\u00e3o 19:&nbsp;<\/strong>&#8220;A tecnologia 5G \u00e9 um novo padr\u00e3o para dispositivos m\u00f3veis&#8230;<br \/><strong><em>Resposta: <\/em><\/strong><em>D) I, II e III apenas<\/em><\/p>\n\n\n\n<p><strong>Quest\u00e3o 20:&nbsp;<\/strong>Acredita-se que o ritual da lavagem teve origem nos tempos em que os escravos&#8230;<br \/><strong><em>Resposta: <\/em><\/strong><em>C) Sincretismo religioso<\/em><\/p>\n\n\n\n<p><strong>Quest\u00e3o 21:&nbsp;<\/strong>Quanto as no\u00e7\u00f5es b\u00e1sicas sobre IP e IMEI&#8230;<br \/><strong><em>Resposta: <\/em><\/strong><em>A) V &#8211; V &#8211; V<\/em><\/p>\n\n\n\n<p><strong>Quest\u00e3o 22:&nbsp;<\/strong>Dado os tr\u00eas conceitos t\u00e9cnicos abaixo, assinale a alternativa que&#8230;<br \/><strong><em>Resposta: <\/em><\/strong><em>A) 1. Worm &#8211; 2. Backdoor &#8211; 3. Phishing.<\/em><\/p>\n\n\n\n<p><strong>Quest\u00e3o 23:&nbsp;<\/strong>Quanto \u00e0 identifica\u00e7\u00e3o de arquivos, relacione os principais tipos de formato&#8230;<br \/><strong><em>Resposta: <\/em><\/strong><em>C) 1C &#8211; 2D &#8211; 3A &#8211; 4B<\/em><\/p>\n\n\n\n<p><strong>Quest\u00e3o 24:&nbsp;<\/strong>Com base na planilha eletr\u00f4nica abaixo&#8230;<br \/><strong><em>Resposta: <\/em><\/strong><em>E) 2 (dois)<\/em><\/p>\n\n\n\n<p><strong>Quest\u00e3o 25:\u00a0<\/strong>&#8220;Constranger algu\u00e9m com emprego de viol\u00eancia ou grave amea\u00e7a&#8230;<br \/><strong><em>Resposta: <\/em><\/strong><em>C) Se no crime der tortura o resultado \u00e9 a les\u00e3o corporal de natureza grave<\/em><\/p>\n\n\n\n<p><strong>Quest\u00e3o 26:&nbsp;<\/strong>No escopo da promo\u00e7\u00e3o da igualdade racial e g\u00eanero&#8230;<br \/><strong><em>Resposta: <\/em><\/strong><em>D) 2, 4, 3, 5, 1, 6<\/em><\/p>\n\n\n\n<p><strong>Quest\u00e3o 27:&nbsp;<\/strong>A Constitui\u00e7\u00e3o do Estado da Bahia, em seu cap\u00edtulo XXIII&#8230;<br \/><strong><em>Resposta: <\/em><\/strong><em>B) V &#8211; V- F &#8211; V &#8211; V &#8211; F<\/em>  <\/p>\n\n\n\n<p><strong>Quest\u00e3o 28:&nbsp;<\/strong>A Lei n\u00ba 12.288&#8230;<br \/><strong><em>Resposta: <\/em><\/strong><em>C) I, II, IV e V apenas<\/em><\/p>\n\n\n\n<p><strong>Quest\u00e3o 29:&nbsp;<\/strong>O ________ \u00e9 um documento utilizado para dirimir d\u00favidas&#8230;<br \/><strong><em>Resposta:<\/em><\/strong> <em>D) parecer m\u00e9dico-legal\/ discuss\u00e3o<\/em><\/p>\n\n\n\n<p><strong>Quest\u00e3o 30:&nbsp;<\/strong>Num relat\u00f3rio m\u00e9dico-legal&#8230;<br \/><strong><em>Resposta: <\/em><\/strong><em>C) comemorativo<\/em><\/p>\n\n\n\n<p><strong>Quest\u00e3o 31:&nbsp;<\/strong>Sobre as per\u00edcias no C\u00f3digo de Processo Civil&#8230;<br \/><strong><em>Resposta: <\/em><\/strong><em>A) F &#8211; V &#8211; V &#8211; F<\/em><\/p>\n\n\n\n<p><strong>Quest\u00e3o 32:&nbsp;<\/strong>Sobre o exame do local do crime&#8230;<br \/><strong><em>Resposta: <\/em><\/strong><em>E) Gl\u00f3bulos vermelhos n\u00e3o servem para identifica\u00e7\u00e3o via DNA nuclear<\/em><\/p>\n\n\n\n<p><strong>Quest\u00e3o 33:&nbsp;<\/strong>A Lei Estadual n\u00ba11.370\/2009 trata da Lei Org\u00e2nica&#8230;<br \/><strong><em>Resposta: <\/em><\/strong><em>C) \u00d3rg\u00e3os de Gest\u00e3o de Policiais Infiltrados<\/em><\/p>\n\n\n\n<p><strong>Quest\u00e3o 34:&nbsp;<\/strong>No que se refere \u00e0s disposi\u00e7\u00f5es da Lei Org\u00e2nica da Pol\u00edcia Civil&#8230;<br \/><strong><em>Resposta: <\/em><\/strong><em>A) V &#8211; V &#8211; V<\/em><\/p>\n\n\n\n<p><strong>Quest\u00e3o 35:&nbsp;<\/strong>Acerca das penalidades previstas na Lei Org\u00e2nica&#8230;<br \/><strong><em>Resposta: <\/em><\/strong><em>C) II e III apenas<\/em><\/p>\n\n\n\n<p><strong>Quest\u00e3o 36:&nbsp;<\/strong>A Lei Estadual n\u00ba 11.370, de 04 de fevereiro de 2009&#8230;<br \/><strong><em>Resposta: <\/em><\/strong><em>D) Ausentar-se do servi\u00e7o durante o expediente, ainda que com pr\u00e9via autoriza\u00e7\u00e3o<\/em><\/p>\n\n\n\n<p><strong>Quest\u00e3o 37:&nbsp;<\/strong>A Lei Estadual n\u00ba 12.209 de 20 de abril&#8230;<br \/><strong><em>Resposta: <\/em><\/strong><em>D) V &#8211; V &#8211; F<\/em><\/p>\n\n\n\n<p><strong>Quest\u00e3o 38:&nbsp;<\/strong>No que se refere \u00e0s disposi\u00e7\u00f5es legais sobre o processo administrativo&#8230;<br \/><strong><em>Resposta: <\/em><\/strong><em>B) Os atos do processo administrativo n\u00e3o dependem de forma determinada<\/em><\/p>\n\n\n\n<p><strong>Quest\u00e3o 39:&nbsp;<\/strong>A Lei Estadual n\u00ba 9.433, de 01 de mar\u00e7o de 2005&#8230;<br \/><strong><em>Resposta:<\/em><\/strong> <em>E) Rela\u00e7\u00e3o de equival\u00eancia, originariamente pactuada, entre os encargos<\/em><\/p>\n\n\n\n<p><strong>Quest\u00e3o 40:&nbsp;<\/strong>No que se refere \u00e0s disposi\u00e7\u00f5es da Lei Estadual n\u00ba 9.433&#8230;<br \/><strong><em>Resposta: <\/em><\/strong><em>B) I e II apenas<\/em><\/p>\n\n\n\n<p><strong>Quest\u00e3o 41:&nbsp;<\/strong>Acerca das disposi\u00e7\u00f5es da Lei Estadual n\u00ba 11.370 de 04 de fevereiro de 2009, analise as afirmativas abaixo&#8230;<br \/><strong><em>Resposta: <\/em><\/strong><em>A) V &#8211; V &#8211; V<\/em><\/p>\n\n\n\n<p><strong>Quest\u00e3o 42:&nbsp;<\/strong>A Lei Estadual n\u00ba 11.370\/2009 \u00e9 a Lei Org\u00e2nica da Pol\u00edcia Civil&#8230;<br \/><strong><em>Resposta: <\/em><\/strong><em>C) Adotar medidas necess\u00e1rias ou participar de programas&#8230;<\/em><\/p>\n\n\n\n<p><strong>Quest\u00e3o 43:&nbsp;<\/strong>Sobre o est\u00e1gio probat\u00f3rio e as disposi\u00e7\u00f5es do Estatuto do Servidor&#8230;<br \/><strong><em>Resposta: <\/em><\/strong><em>B) I e II apenas<\/em><\/p>\n\n\n\n<p><strong>Quest\u00e3o 44:&nbsp;<\/strong>Acerca das disposi\u00e7\u00f5es do Estatuto do Servidor P\u00fablico&#8230;<br \/><strong><em>Resposta:<\/em><\/strong> <em>D) Revers\u00e3o<\/em><\/p>\n\n\n\n<p><strong>Quest\u00e3o 45:&nbsp;<\/strong>As empresas p\u00fablicas e as sociedades de economia mista possuem&#8230;<br \/><strong><em>Resposta:<\/em><\/strong> <em>E) composi\u00e7\u00e3o integral de capital p\u00fablico<\/em><\/p>\n\n\n\n<p><strong>Quest\u00e3o 46:&nbsp;<\/strong>No que diz respeito \u00e0s autarquias no direito brasileiro&#8230;<br \/><strong><em>Resposta:<\/em><\/strong> <em>E) surge a partir da desconcentra\u00e7\u00e3o administrativa<\/em><\/p>\n\n\n\n<p><strong>Quest\u00e3o 47:&nbsp;<\/strong>Sobre as modalidades de licita\u00e7\u00e3o previstas na Nova Lei de Licita\u00e7\u00f5es e Contratos&#8230;<br \/><strong><em>Resposta: <\/em><\/strong><em>C) Modalidade de licita\u00e7\u00e3o para contrata\u00e7\u00e3o de bens e servi\u00e7os especiais e de obras&#8230;<\/em><\/p>\n\n\n\n<p><strong>Quest\u00e3o 48:&nbsp;<\/strong>O processo de contrata\u00e7\u00e3o direta compreende os casos de inexigibilidade&#8230;<br \/><strong><em>Resposta: <\/em><\/strong><em>B) Aquisi\u00e7\u00e3o ou restaura\u00e7\u00e3o de obras de arte e objetos hist\u00f3ricos&#8230;<\/em><\/p>\n\n\n\n<p><strong>Quest\u00e3o 49:&nbsp;<\/strong>Acerca dos poderes administrativos ou poderes&#8230;<br \/><strong><em>Resposta: <\/em><\/strong><em>D) V &#8211; V &#8211; F<\/em><\/p>\n\n\n\n<p><strong>Quest\u00e3o 50:&nbsp;<\/strong>Acerca dos direitos e deveres individuais e coletivos&#8230;<br \/><strong><em>Resposta: <\/em><\/strong><em>B) V &#8211; F &#8211; F<\/em><\/p>\n\n\n\n<p><strong>Quest\u00e3o 51:<\/strong> No que se refere aos direitos e garantias fundamentais&#8230;<br \/><em><strong>Resposta:<\/strong><\/em> <em>D) V &#8211; V &#8211; F<\/em><\/p>\n\n\n\n<p><strong>Quest\u00e3o 52: <\/strong>Acerca dos direitos e garantias fundamentais, especialmente o direito \u00e0 liberdade&#8230;<strong><br \/><em>Resposta:<\/em><\/strong> <em>A) I, II e III<\/em><\/p>\n\n\n\n<p><strong>Quest\u00e3o 53: <\/strong>No que se refere \u00e0 organiza\u00e7\u00e3o pol\u00edtico-administrativa brasileira&#8230;<strong><br \/><em>Resposta:<\/em><\/strong> <em>D) I e III apenas<\/em><\/p>\n\n\n\n<p><strong>Quest\u00e3o 54: <\/strong>Acerca da Organiza\u00e7\u00e3o do estado, assinale a alternativa que apresenta&#8230;<strong><br \/><em>Resposta:<\/em><\/strong> <em>B) Presidencialismo e Federa\u00e7\u00e3o.<\/em><\/p>\n\n\n\n<p><strong>Quest\u00e3o 55: <\/strong>No que tange \u00e0s disposi\u00e7\u00f5es constitucionais sobre os Estados Federados&#8230;<strong><br \/><em>Resposta:<\/em><\/strong> <em>D) Cabe aos Estados explorar diretamente, ou mediante concess\u00e3o, os servi\u00e7os locais de telecomunica\u00e7\u00e3o&#8230;<\/em><\/p>\n\n\n\n<p><strong>Quest\u00e3o 56: <\/strong>A respeito das disposi\u00e7\u00f5es constitucionais sobre a seguran\u00e7a p\u00fablica&#8230;<strong><br \/><em>Resposta:<\/em><\/strong> <em>D) V &#8211; V &#8211; F<\/em><\/p>\n\n\n\n<p><strong>Quest\u00e3o 57: <\/strong>Acerca das disposi\u00e7\u00f5es da Constitui\u00e7\u00e3o Federal de 1988&#8230;<strong><br \/><em>Resposta:<\/em><\/strong> <em>C) Bem-estar e a justi\u00e7a sociais<\/em><\/p>\n\n\n\n<p><strong>Quest\u00e3o 58: <\/strong>Assinale a alternativa que apresenta a presen\u00e7a de uma contraven\u00e7\u00e3o&#8230;<strong><br \/><em>Resposta:<\/em><\/strong> <em>B) Provocar alarme, anunciando desastre&#8230;<\/em><\/p>\n\n\n\n<p><strong>Quest\u00e3o 59: <\/strong>No que diz respeito \u00e0s disposi\u00e7\u00f5es da Lei de Drogas&#8230;<strong><br \/><em>Resposta:<\/em><\/strong> <em>C) Configura crime da lei de drogas a conduta de consumir coca\u00edna&#8230;<\/em><\/p>\n\n\n\n<p><strong>Quest\u00e3o 60: <\/strong>No que diz respeito \u00e0s disposi\u00e7\u00f5es do C\u00f3digo de Tr\u00e2nsito Brasileiro&#8230;<strong><br \/><em>Resposta:<\/em><\/strong> <em>D) Caso o condutor de ve\u00edculo automotor, suspeito da pr\u00e1tica do crime&#8230;<\/em><\/p>\n\n\n\n<p><strong>Quest\u00e3o 61: <\/strong>No que se refere \u00e0 Lei dos Crimes Hediondos&#8230;<strong><br \/><em>Resposta:<\/em><\/strong> <em>E) Apresenta-se como crime hediondo o delito de associa\u00e7\u00e3o criminosa<\/em><\/p>\n\n\n\n<p><strong>Quest\u00e3o 62:<\/strong> Relativamente aos crimes contra a f\u00e9 p\u00fablica&#8230;<br \/><em><strong>Resposta:<\/strong><\/em> <em>C) Configura crime contra a f\u00e9 p\u00fablica a conduta de emitir&#8230;<\/em><\/p>\n\n\n\n<p><strong>Quest\u00e3o 63: <\/strong>Excluem-se do alcance da Lei de Abuso de Autoridade:<strong><br \/><em>Resposta:<\/em><\/strong> <em>C) os colaboradores da Administra\u00e7\u00e3o P\u00fablica.<\/em><\/p>\n\n\n\n<p><strong>Quest\u00e3o 64: <\/strong>Apresenta-se como pena restritiva de direito&#8230;<strong><br \/><em>Resposta:<\/em><\/strong> <em>E) presta\u00e7\u00e3o pecuni\u00e1ria e recolhimento domiciliar<\/em><\/p>\n\n\n\n<p><strong>Quest\u00e3o 65: <\/strong>Relativamente \u00e0s formas de viol\u00eancia previstas na Lei n\u00ba 11.340\/2006&#8230;<strong><br \/><em>Resposta:<\/em><\/strong> <em>A) A viol\u00eancia moral, entendida como a pr\u00e1tica de grave amea\u00e7a.<\/em><\/p>\n\n\n\n<p><strong>Quest\u00e3o 66: <\/strong>No que se refere \u00e0s caracter\u00edsticas do inqu\u00e9rito policial&#8230;<strong><br \/><em>Resposta:<\/em><\/strong> <em>C) A v\u00edtima da infra\u00e7\u00e3o penal possui o direito de requerer dilig\u00eancias&#8230;<\/em><\/p>\n\n\n\n<p><strong>Quest\u00e3o 67: <\/strong>No que diz respeito \u00e0s formas de instaura\u00e7\u00e3o do inqu\u00e9rito policial&#8230;<strong><br \/><em>Resposta:<\/em><\/strong> <em>C) Faz parte das atribui\u00e7\u00f5es funcionais da Autoridade Policial instaurar inqu\u00e9rito policial<\/em><\/p>\n\n\n\n<p><strong>Quest\u00e3o 68: <\/strong>No que concerne \u00e0 prova no processo penal&#8230;<strong><br \/><em>Resposta:<\/em><\/strong> <em>A) \u00e9 vedado ao juiz exigir que a parte fa\u00e7a prova da vig\u00eancia de direito municipal&#8230;<\/em><\/p>\n\n\n\n<p><strong>Quest\u00e3o 69: <\/strong>Ainda no que diz respeito \u00e0 prova no processo penal&#8230;<strong><br \/><em>Resposta:<\/em><\/strong> <em>E) O livre convencimento do magistrado faz com que este&#8230;<\/em><\/p>\n\n\n\n<p><strong>Quest\u00e3o 70: <\/strong>Dentre os princ\u00edpios que regem a atividade probat\u00f3ria&#8230;<strong><br \/><em>Resposta:<\/em><\/strong> <em>A) confere ao investigado ou acusado o direito de abster-se&#8230;<\/em><\/p>\n\n\n\n<p><strong>Quest\u00e3o 71: <\/strong>Relativamente ao &#8220;flagrante esperado&#8221;<strong><br \/><em>Resposta:<\/em><\/strong> <em>C) Nessa modalidade de flagrante, apontado como v\u00e1lido e regular&#8230;<\/em><\/p>\n\n\n\n<p><strong>Quest\u00e3o 72: <\/strong>No que concerne ao reconhecimento de coisas no direito processual penal&#8230;<strong><br \/><em>Resposta:<\/em><\/strong> <em>A) No procedimento de reconhecimento de coisas, a pessoa chamada&#8230;<\/em><\/p>\n\n\n\n<p><strong>Quest\u00e3o 73: <\/strong>No que concerne \u00e0 acarea\u00e7\u00e3o&#8230;<strong><br \/><em>Resposta:<\/em><\/strong> <em>B) as pessoas acareadas devem ser colocadas&#8230;<\/em><\/p>\n\n\n\n<p><strong>Quest\u00e3o 74: <\/strong>Em aten\u00e7\u00e3o ao disposto na Lei n\u00ba 5.553\/1968&#8230;<strong><br \/><em>Resposta:<\/em><\/strong> <em>E) Constitui crime, pun\u00edvel com pena de deten\u00e7\u00e3o de 1 (um) a 3 (tr\u00eas) meses&#8230;<\/em><\/p>\n\n\n\n<p><strong>Quest\u00e3o 75: <\/strong>Constitui crime previsto na Lei n\u00ba 8.069\/1990&#8230;<strong><br \/><em>Resposta:<\/em><\/strong> <em>D) vender, fornecer ainda que gratuitamente&#8230;<\/em><\/p>\n\n\n\n<p><strong>Quest\u00e3o 76: <\/strong>Casos de suspeita ou confirma\u00e7\u00e3o de viol\u00eancia praticada contra idoso&#8230;<strong><br \/><em>Resposta:<\/em><\/strong> <em>C) Minist\u00e9rio P\u00fablico e Conselho Estadual do Idoso<\/em><\/p>\n\n\n\n<p><strong>Quest\u00e3o 77: <\/strong>Assim disp\u00f5e a Declara\u00e7\u00e3o Universal de Direitos Humanos&#8230;<strong><br \/><em>Resposta:<\/em><\/strong> <em>D) Ningu\u00e9m ser\u00e1 submetido \u00e0 tortura, nem a tratamento&#8230;<\/em><\/p>\n\n\n\n<p><strong>Quest\u00e3o 78: <\/strong>Em rela\u00e7\u00e3o ao trabalho externo&#8230;<strong><br \/><em>Resposta:<\/em><\/strong> <em>E) dever\u00e1 ser revogada a autoriza\u00e7\u00e3o de trabalho externo ao preso&#8230;<\/em><\/p>\n\n\n\n<p><strong>Quest\u00e3o 79: <\/strong>De acordo com o disposto na Lei n\u00ba 4.737\/1965&#8230;<strong><br \/><em>Resposta:<\/em><\/strong> <em>B) a elei\u00e7\u00e3o para deputados federais, senadores e suplentes&#8230;<\/em><\/p>\n\n\n\n<p><strong>Quest\u00e3o 80: <\/strong>No que se refere \u00e0s disposi\u00e7\u00f5es da Lei n\u00ba 10.259\/2001&#8230;<strong><br \/><em>Resposta:<\/em><\/strong> <em>E) \u00e9 vedado ao Juiz Federal determinar o funcionamento do&#8230;<\/em><\/p>\n\n\n\n<p><strong>Quest\u00e3o 81: <\/strong>Constitui crime contra a ordem tribut\u00e1ria&#8230;<strong><br \/><em>Resposta:<\/em><\/strong> <em>B) elaborar, distribuir, fornecer, emitir ou utilizar documento&#8230;<\/em><\/p>\n\n\n\n<p><strong>Quest\u00e3o 82: <\/strong>Configura crime contra o Sistema Financeiro Nacional&#8230;<strong><br \/><em>Resposta:<\/em><\/strong> <em>C) divulgar informa\u00e7\u00e3o falsa ou prejudicialmente incompleta&#8230;<\/em><\/p>\n\n\n\n<p><strong>Quest\u00e3o 83: <\/strong>A tabela indica o n\u00famero de ocorr\u00eancias&#8230;<strong><br \/><em>Resposta:<\/em><\/strong> <em>E) a diferen\u00e7a entre a mediana de ocorr\u00eancias&#8230;<\/em><\/p>\n\n\n\n<p><strong>Quest\u00e3o 84: <\/strong>A m\u00e9dia das idades de candidatos que participaram de um concurso local&#8230;<strong><br \/><em>Resposta:<\/em><\/strong> <em>B) o coeficiente de varia\u00e7\u00e3o das idades dos candidatos no local A \u00e9 menor que&#8230;<\/em><\/p>\n\n\n\n<p><strong>Quest\u00e3o 85: <\/strong>O valor num\u00e9rico da vari\u00e2ncia numa distribui\u00e7\u00e3o X&#8230;<strong><br \/><em>Resposta:<\/em><\/strong> <em>B) o desvio padr\u00e3o da distribui\u00e7\u00e3o Y \u00e9 menor que&#8230;<\/em><\/p>\n\n\n\n<p><strong>Quest\u00e3o 86: <\/strong>Com rela\u00e7\u00e3o ao coeficiente de assimetria&#8230;<strong><br \/><em>Resposta:<\/em><\/strong> <em>D) se a moda for maior que a m\u00e9dia&#8230;<\/em><\/p>\n\n\n\n<p><strong>Quest\u00e3o 87: <\/strong>Ao determinar o coeficiente de curtose&#8230;<strong><br \/><em>Resposta:<\/em><\/strong> <em>C) Platic\u00fartica<\/em><\/p>\n\n\n\n<p><strong>Quest\u00e3o 88: <\/strong>Ao lan\u00e7ar um dado de 6 faces&#8230;<strong><br \/><em>Resposta:<\/em><\/strong> <em>C) 67%<\/em><\/p>\n\n\n\n<p><strong>Quest\u00e3o 89: <\/strong>A tabela indica a idade das pessoas atendidas numa delegacia&#8230;<strong><br \/><em>Resposta:<\/em><\/strong> <em>B) 40%<\/em><\/p>\n\n\n\n<p><strong>Quest\u00e3o 90: <\/strong>Sheila pretende obter uma amostra proporcional&#8230;<strong><br \/><em>Resposta:<\/em><\/strong> <em>D) O total de inqu\u00e9ritos abertos na delegacia A \u00e9 menor que 7<\/em><\/p>\n\n\n\n<p><strong>Quest\u00e3o 91: <\/strong>Quando os elementos da popula\u00e7\u00e3o&#8230;<strong><br \/><em>Resposta:<\/em><\/strong> <em>A) sistem\u00e1tica<\/em><\/p>\n\n\n\n<p><strong>Quest\u00e3o 92: <\/strong>De acordo com o art. 9\u00ba da Lei 8.159 de 1991&#8230;<strong><br \/><em>Resposta:<\/em><\/strong> <em>A) Institui\u00e7\u00e3o Arquiv\u00edstica P\u00fablica, na sua espec\u00edfica esfera de compet\u00eancia<\/em><\/p>\n\n\n\n<p><strong>Quest\u00e3o 93: <\/strong>Segundo Bellotto (2002), os princ\u00edpios fundamentais da Arquiv\u00edstica&#8230;<strong><br \/><em>Resposta:<\/em><\/strong> <em>C) Proveni\u00eancia, Proced\u00eancia, Individualidade e Autenticidade<\/em><\/p>\n\n\n\n<p><strong>Quest\u00e3o 94: <\/strong>Os documentos diplom\u00e1ticos, objeto da Diplom\u00e1tica&#8230;<strong><br \/><em>Resposta:<\/em><\/strong> <em>D) testemunho escrito de um ato de natureza&#8230;<\/em><\/p>\n\n\n\n<p><strong>Quest\u00e3o 95: <\/strong>Sobre o conceito de gest\u00e3o de documentos&#8230;<strong><br \/><em>Resposta:<\/em><\/strong> <em>C) Conjunto de documentos produzidos ou recebidos&#8230;<\/em><\/p>\n\n\n\n<p><strong>Quest\u00e3o 96: <\/strong>A avalia\u00e7\u00e3o de documentos de arquivo \u00e9 uma etapa decisiva&#8230;<strong><br \/><em>Resposta:<\/em><\/strong> <em>E) Trabalho interdisciplinar que consiste em identificar&#8230;<\/em><\/p>\n\n\n\n<p><strong>Quest\u00e3o 97: <\/strong>A identifica\u00e7\u00e3o dos documentos de arquivo \u00e9 o primeiro passo&#8230;<strong><br \/><em>Resposta:<\/em><\/strong> <em>B) Configura\u00e7\u00e3o que assume uma esp\u00e9cie documental, de acordo com a atividade&#8230;<\/em><\/p>\n\n\n\n<p><strong>Quest\u00e3o 98: <\/strong>De acordo com a Lei n\u00ba 8.159\/1991, ficar\u00e1 sujeito \u00e0 responsabilidade penal&#8230;<strong><br \/><em>Resposta:<\/em><\/strong> <em>B) permanente<\/em><\/p>\n\n\n\n<p><strong>Quest\u00e3o 99: <\/strong>A Lei n\u00ba 5.433, de 8 de maio de 1968, regula a microfilmagem&#8230;<strong><br \/><em>Resposta:<\/em><\/strong> <em>E) Os filmes negativos resultantes de microfilmagem ficar\u00e3o arquivados&#8230;<\/em><\/p>\n\n\n\n<p><strong>Quest\u00e3o 100: <\/strong>A Teoria das Tr\u00eas Idades, baseada no ciclo de vida dos documentos&#8230;<strong><br \/><em>Resposta:<\/em><\/strong> <em>A) corrente, intermedi\u00e1rio e permanente.<\/em><\/p>\n\n\n\n<h3 class=\"has-text-align-center has-background wp-block-heading\" id=\"saiba-mais-concurso-pc-ba\" style=\"background-color:#e6e9ec\">Saiba mais: <a href=\"https:\/\/www.estrategiaconcursos.com.br\/blog\/concurso-pc-ba\/\" target=\"_blank\" rel=\"noreferrer noopener\">Concurso PC BA<\/a><\/h3>\n\n\n\n<h2 class=\"has-text-align-center wp-block-heading\" id=\"h-quer-saber-tudo-sobre-concursos-previstos-confira-nossos-artigos\">Quer saber tudo sobre concursos previstos?<br \/>Confira  nossos artigos!<\/h2>\n\n\n\n<ul class=\"wp-block-list\"><li><a href=\"https:\/\/www.estrategiaconcursos.com.br\/blog\/concursos-abertos\/\" target=\"_blank\" rel=\"noreferrer noopener\">Concursos abertos<\/a><\/li><li><a href=\"https:\/\/www.estrategiaconcursos.com.br\/blog\/concursos-2022\/\" target=\"_blank\" rel=\"noreferrer noopener\">Concursos 2022<\/a><\/li><li><a href=\"https:\/\/www.estrategiaconcursos.com.br\/blog\/concursos-2023\/\" target=\"_blank\" rel=\"noreferrer noopener\">Concursos 2023<\/a><\/li><\/ul>\n\n\n\n<div class=\"container\" id=\"boxes\">\n  <div class=\"row\"> \n\n    <div class=\"col-sm\">\n      <div class=\"banner-policial\" id=\"box-assinatura\">\n        <h3 class=\"titulo-assinatura\">Concurso PC BA<\/h3>\n        <p class=\"subtitulo-assinatura\">Conhe\u00e7a os cursos<\/p>\n        <div class=\"box-botao\">\n          <a class=\"btn-assinatura\" target=\"_blank\" href=\"https:\/\/www.estrategiaconcursos.com.br\/cursosPorConcurso\/policia-civil-ba\/\" role=\"button\" rel=\"noopener noreferrer\">Conhe\u00e7a mais<\/a>\n        <\/div>\n      <\/div>\n     \n\n  <\/div>\n<\/div><\/div>\n\n\n\n<div class=\"container\" id=\"boxes\">\n  <div class=\"row\">\n\n    <div class=\"col-sm\">\n      <div class=\"estrategia\" id=\"box-assinatura\">\n        <h3 class=\"titulo-assinatura\">Assinatura de Concursos<\/h3>\n        <p class=\"subtitulo-assinatura\">Assinatura de 1 ano ou 2 anos<\/p>\n        <div class=\"box-botao\">\n          <a class=\"btn-assinatura\" target=\"_blank\" href=\"https:\/\/www.estrategiaconcursos.com.br\/assinaturas\/\" role=\"button\" rel=\"noopener noreferrer\">ASSINE AGORA<\/a>\n        <\/div>\n      <\/div>\n     \n    <\/div><\/div><\/div>\n","protected":false},"excerpt":{"rendered":"<p>Neste domingo, 24 de julho, foram aplicadas as provas do concurso Pol\u00edcia Civil da Bahia (PC BA).&nbsp;A prova objetiva foi aplicada no turno da manh\u00e3 e a discursiva no turno da tarde. Com o objetivo de ajud\u00e1-los a diminuir um pouco a ansiedade de saber se foi bem ou n\u00e3o em um concurso t\u00e3o visado [&hellip;]<\/p>\n","protected":false},"author":2041,"featured_media":1065513,"comment_status":"open","ping_status":"closed","sticky":false,"template":"","format":"standard","meta":{"post_tipo":"news","footnotes":""},"categories":[1988,220219],"tags":[],"tax_estado":[219968],"class_list":["post-1063046","post","type-post","status-publish","format-standard","has-post-thumbnail","hentry","category-policia","category-noticias","tax_estado-ba"],"acf":[],"yoast_head":"<!-- This site is optimized with the Yoast SEO Premium plugin v27.2 (Yoast SEO v27.2) - https:\/\/yoast.com\/product\/yoast-seo-premium-wordpress\/ -->\n<title>Gabarito Extraoficial PC BA -\u00a0Escriv\u00e3o de Pol\u00edcia<\/title>\n<meta name=\"description\" content=\"Neste domingo, 24 de julho, foram aplicadas as provas do concurso PC BA, por isso acompanhe o gabarito extraoficial!\" \/>\n<meta name=\"robots\" content=\"index, follow, max-snippet:-1, max-image-preview:large, max-video-preview:-1\" \/>\n<link rel=\"canonical\" href=\"https:\/\/www.estrategiaconcursos.com.br\/blog\/gabarito-extraoficial-pc-ba-cargo-escrivao-de-policia\/\" \/>\n<meta property=\"og:locale\" content=\"pt_BR\" \/>\n<meta property=\"og:type\" content=\"article\" \/>\n<meta property=\"og:title\" content=\"Gabarito Extraoficial PC BA -\u00a0Escriv\u00e3o de Pol\u00edcia\" \/>\n<meta property=\"og:description\" content=\"Neste domingo, 24 de julho, foram aplicadas as provas do concurso PC BA, por isso acompanhe o gabarito extraoficial!\" \/>\n<meta property=\"og:url\" content=\"https:\/\/www.estrategiaconcursos.com.br\/blog\/gabarito-extraoficial-pc-ba-cargo-escrivao-de-policia\/\" \/>\n<meta property=\"og:site_name\" content=\"Estrat\u00e9gia Concursos\" \/>\n<meta property=\"article:published_time\" content=\"2022-07-24T20:30:00+00:00\" \/>\n<meta property=\"article:modified_time\" content=\"2022-07-25T11:25:50+00:00\" \/>\n<meta property=\"og:image\" content=\"https:\/\/dhg1h5j42swfq.cloudfront.net\/2022\/07\/22150956\/1280-720-max-3-1.jpg\" \/>\n\t<meta property=\"og:image:width\" content=\"1280\" \/>\n\t<meta property=\"og:image:height\" content=\"720\" \/>\n\t<meta property=\"og:image:type\" content=\"image\/jpeg\" \/>\n<meta name=\"author\" content=\"Thiago Cavalcante Gomes\" \/>\n<meta name=\"twitter:card\" content=\"summary_large_image\" \/>\n<meta name=\"twitter:creator\" content=\"@EstratConcursos\" \/>\n<meta name=\"twitter:site\" content=\"@EstratConcursos\" \/>\n<meta name=\"twitter:label1\" content=\"Escrito por\" \/>\n\t<meta name=\"twitter:data1\" content=\"Thiago Cavalcante Gomes\" \/>\n\t<meta name=\"twitter:label2\" content=\"Est. tempo de leitura\" \/>\n\t<meta name=\"twitter:data2\" content=\"13 minutos\" \/>\n<script type=\"application\/ld+json\" class=\"yoast-schema-graph\">{\"@context\":\"https:\/\/schema.org\",\"@graph\":[{\"@type\":\"NewsArticle\",\"@id\":\"https:\/\/www.estrategiaconcursos.com.br\/blog\/gabarito-extraoficial-pc-ba-cargo-escrivao-de-policia\/#article\",\"isPartOf\":{\"@id\":\"https:\/\/www.estrategiaconcursos.com.br\/blog\/gabarito-extraoficial-pc-ba-cargo-escrivao-de-policia\/\"},\"author\":{\"name\":\"Thiago Cavalcante Gomes\",\"@id\":\"https:\/\/www.estrategiaconcursos.com.br\/blog\/#\/schema\/person\/4970184533d0a3ffa5b0299ae0a2b21f\"},\"headline\":\"Gabarito Extraoficial PC BA &#8211;\u00a0Escriv\u00e3o de Pol\u00edcia\",\"datePublished\":\"2022-07-24T20:30:00+00:00\",\"dateModified\":\"2022-07-25T11:25:50+00:00\",\"mainEntityOfPage\":{\"@id\":\"https:\/\/www.estrategiaconcursos.com.br\/blog\/gabarito-extraoficial-pc-ba-cargo-escrivao-de-policia\/\"},\"wordCount\":2535,\"commentCount\":0,\"publisher\":{\"@id\":\"https:\/\/www.estrategiaconcursos.com.br\/blog\/#organization\"},\"image\":{\"@id\":\"https:\/\/www.estrategiaconcursos.com.br\/blog\/gabarito-extraoficial-pc-ba-cargo-escrivao-de-policia\/#primaryimage\"},\"thumbnailUrl\":\"https:\/\/dhg1h5j42swfq.cloudfront.net\/2022\/07\/22150956\/1280-720-max-3-1.jpg\",\"articleSection\":[\"Policial (Agente, Escriv\u00e3o e Investigador)\",\"\u00daltimas not\u00edcias\"],\"inLanguage\":\"pt-BR\",\"potentialAction\":[{\"@type\":\"CommentAction\",\"name\":\"Comment\",\"target\":[\"https:\/\/www.estrategiaconcursos.com.br\/blog\/gabarito-extraoficial-pc-ba-cargo-escrivao-de-policia\/#respond\"]}],\"copyrightYear\":\"2022\",\"copyrightHolder\":{\"@id\":\"https:\/\/www.estrategiaconcursos.com.br\/blog\/#organization\"}},{\"@type\":\"WebPage\",\"@id\":\"https:\/\/www.estrategiaconcursos.com.br\/blog\/gabarito-extraoficial-pc-ba-cargo-escrivao-de-policia\/\",\"url\":\"https:\/\/www.estrategiaconcursos.com.br\/blog\/gabarito-extraoficial-pc-ba-cargo-escrivao-de-policia\/\",\"name\":\"Gabarito Extraoficial PC BA -\u00a0Escriv\u00e3o de Pol\u00edcia\",\"isPartOf\":{\"@id\":\"https:\/\/www.estrategiaconcursos.com.br\/blog\/#website\"},\"primaryImageOfPage\":{\"@id\":\"https:\/\/www.estrategiaconcursos.com.br\/blog\/gabarito-extraoficial-pc-ba-cargo-escrivao-de-policia\/#primaryimage\"},\"image\":{\"@id\":\"https:\/\/www.estrategiaconcursos.com.br\/blog\/gabarito-extraoficial-pc-ba-cargo-escrivao-de-policia\/#primaryimage\"},\"thumbnailUrl\":\"https:\/\/dhg1h5j42swfq.cloudfront.net\/2022\/07\/22150956\/1280-720-max-3-1.jpg\",\"datePublished\":\"2022-07-24T20:30:00+00:00\",\"dateModified\":\"2022-07-25T11:25:50+00:00\",\"description\":\"Neste domingo, 24 de julho, foram aplicadas as provas do concurso PC BA, por isso acompanhe o gabarito extraoficial!\",\"breadcrumb\":{\"@id\":\"https:\/\/www.estrategiaconcursos.com.br\/blog\/gabarito-extraoficial-pc-ba-cargo-escrivao-de-policia\/#breadcrumb\"},\"inLanguage\":\"pt-BR\",\"potentialAction\":[{\"@type\":\"ReadAction\",\"target\":[\"https:\/\/www.estrategiaconcursos.com.br\/blog\/gabarito-extraoficial-pc-ba-cargo-escrivao-de-policia\/\"]}]},{\"@type\":\"ImageObject\",\"inLanguage\":\"pt-BR\",\"@id\":\"https:\/\/www.estrategiaconcursos.com.br\/blog\/gabarito-extraoficial-pc-ba-cargo-escrivao-de-policia\/#primaryimage\",\"url\":\"https:\/\/dhg1h5j42swfq.cloudfront.net\/2022\/07\/22150956\/1280-720-max-3-1.jpg\",\"contentUrl\":\"https:\/\/dhg1h5j42swfq.cloudfront.net\/2022\/07\/22150956\/1280-720-max-3-1.jpg\",\"width\":1280,\"height\":720},{\"@type\":\"BreadcrumbList\",\"@id\":\"https:\/\/www.estrategiaconcursos.com.br\/blog\/gabarito-extraoficial-pc-ba-cargo-escrivao-de-policia\/#breadcrumb\",\"itemListElement\":[{\"@type\":\"ListItem\",\"position\":1,\"name\":\"In\u00edcio\",\"item\":\"https:\/\/www.estrategiaconcursos.com.br\/blog\/\"},{\"@type\":\"ListItem\",\"position\":2,\"name\":\"Gabarito Extraoficial PC BA &#8211;\u00a0Escriv\u00e3o de Pol\u00edcia\"}]},{\"@type\":\"WebSite\",\"@id\":\"https:\/\/www.estrategiaconcursos.com.br\/blog\/#website\",\"url\":\"https:\/\/www.estrategiaconcursos.com.br\/blog\/\",\"name\":\"Estrat\u00e9gia Concursos\",\"description\":\"O blog da Estrat\u00e9gia Concursos traz not\u00edcias sobre concursos e artigos de professores oferecendo cursos para concursos (pdf + videaulas) no site.\",\"publisher\":{\"@id\":\"https:\/\/www.estrategiaconcursos.com.br\/blog\/#organization\"},\"potentialAction\":[{\"@type\":\"SearchAction\",\"target\":{\"@type\":\"EntryPoint\",\"urlTemplate\":\"https:\/\/www.estrategiaconcursos.com.br\/blog\/?s={search_term_string}\"},\"query-input\":{\"@type\":\"PropertyValueSpecification\",\"valueRequired\":true,\"valueName\":\"search_term_string\"}}],\"inLanguage\":\"pt-BR\"},{\"@type\":\"Organization\",\"@id\":\"https:\/\/www.estrategiaconcursos.com.br\/blog\/#organization\",\"name\":\"Estrat\u00e9gia Concursos\",\"url\":\"https:\/\/www.estrategiaconcursos.com.br\/blog\/\",\"logo\":{\"@type\":\"ImageObject\",\"inLanguage\":\"pt-BR\",\"@id\":\"https:\/\/www.estrategiaconcursos.com.br\/blog\/#\/schema\/logo\/image\/\",\"url\":\"https:\/\/dhg1h5j42swfq.cloudfront.net\/2025\/06\/03203428\/logo_concursos-1.jpg\",\"contentUrl\":\"https:\/\/dhg1h5j42swfq.cloudfront.net\/2025\/06\/03203428\/logo_concursos-1.jpg\",\"width\":230,\"height\":60,\"caption\":\"Estrat\u00e9gia Concursos\"},\"image\":{\"@id\":\"https:\/\/www.estrategiaconcursos.com.br\/blog\/#\/schema\/logo\/image\/\"},\"sameAs\":[\"https:\/\/x.com\/EstratConcursos\"]},{\"@type\":\"Person\",\"@id\":\"https:\/\/www.estrategiaconcursos.com.br\/blog\/#\/schema\/person\/4970184533d0a3ffa5b0299ae0a2b21f\",\"name\":\"Thiago Cavalcante Gomes\",\"image\":{\"@type\":\"ImageObject\",\"inLanguage\":\"pt-BR\",\"@id\":\"https:\/\/secure.gravatar.com\/avatar\/?s=96&d=mm&r=g\",\"url\":\"https:\/\/secure.gravatar.com\/avatar\/?s=96&d=mm&r=g\",\"contentUrl\":\"https:\/\/secure.gravatar.com\/avatar\/?s=96&d=mm&r=g\",\"caption\":\"Thiago Cavalcante Gomes\"},\"url\":\"https:\/\/www.estrategiaconcursos.com.br\/blog\/author\/thiago-gomes\/\"}]}<\/script>\n<!-- \/ Yoast SEO Premium plugin. -->","yoast_head_json":{"title":"Gabarito Extraoficial PC BA -\u00a0Escriv\u00e3o de Pol\u00edcia","description":"Neste domingo, 24 de julho, foram aplicadas as provas do concurso PC BA, por isso acompanhe o gabarito extraoficial!","robots":{"index":"index","follow":"follow","max-snippet":"max-snippet:-1","max-image-preview":"max-image-preview:large","max-video-preview":"max-video-preview:-1"},"canonical":"https:\/\/www.estrategiaconcursos.com.br\/blog\/gabarito-extraoficial-pc-ba-cargo-escrivao-de-policia\/","og_locale":"pt_BR","og_type":"article","og_title":"Gabarito Extraoficial PC BA -\u00a0Escriv\u00e3o de Pol\u00edcia","og_description":"Neste domingo, 24 de julho, foram aplicadas as provas do concurso PC BA, por isso acompanhe o gabarito extraoficial!","og_url":"https:\/\/www.estrategiaconcursos.com.br\/blog\/gabarito-extraoficial-pc-ba-cargo-escrivao-de-policia\/","og_site_name":"Estrat\u00e9gia Concursos","article_published_time":"2022-07-24T20:30:00+00:00","article_modified_time":"2022-07-25T11:25:50+00:00","og_image":[{"width":1280,"height":720,"url":"https:\/\/dhg1h5j42swfq.cloudfront.net\/2022\/07\/22150956\/1280-720-max-3-1.jpg","type":"image\/jpeg"}],"author":"Thiago Cavalcante Gomes","twitter_card":"summary_large_image","twitter_creator":"@EstratConcursos","twitter_site":"@EstratConcursos","twitter_misc":{"Escrito por":"Thiago Cavalcante Gomes","Est. tempo de leitura":"13 minutos"},"schema":{"@context":"https:\/\/schema.org","@graph":[{"@type":"NewsArticle","@id":"https:\/\/www.estrategiaconcursos.com.br\/blog\/gabarito-extraoficial-pc-ba-cargo-escrivao-de-policia\/#article","isPartOf":{"@id":"https:\/\/www.estrategiaconcursos.com.br\/blog\/gabarito-extraoficial-pc-ba-cargo-escrivao-de-policia\/"},"author":{"name":"Thiago Cavalcante Gomes","@id":"https:\/\/www.estrategiaconcursos.com.br\/blog\/#\/schema\/person\/4970184533d0a3ffa5b0299ae0a2b21f"},"headline":"Gabarito Extraoficial PC BA &#8211;\u00a0Escriv\u00e3o de Pol\u00edcia","datePublished":"2022-07-24T20:30:00+00:00","dateModified":"2022-07-25T11:25:50+00:00","mainEntityOfPage":{"@id":"https:\/\/www.estrategiaconcursos.com.br\/blog\/gabarito-extraoficial-pc-ba-cargo-escrivao-de-policia\/"},"wordCount":2535,"commentCount":0,"publisher":{"@id":"https:\/\/www.estrategiaconcursos.com.br\/blog\/#organization"},"image":{"@id":"https:\/\/www.estrategiaconcursos.com.br\/blog\/gabarito-extraoficial-pc-ba-cargo-escrivao-de-policia\/#primaryimage"},"thumbnailUrl":"https:\/\/dhg1h5j42swfq.cloudfront.net\/2022\/07\/22150956\/1280-720-max-3-1.jpg","articleSection":["Policial (Agente, Escriv\u00e3o e Investigador)","\u00daltimas not\u00edcias"],"inLanguage":"pt-BR","potentialAction":[{"@type":"CommentAction","name":"Comment","target":["https:\/\/www.estrategiaconcursos.com.br\/blog\/gabarito-extraoficial-pc-ba-cargo-escrivao-de-policia\/#respond"]}],"copyrightYear":"2022","copyrightHolder":{"@id":"https:\/\/www.estrategiaconcursos.com.br\/blog\/#organization"}},{"@type":"WebPage","@id":"https:\/\/www.estrategiaconcursos.com.br\/blog\/gabarito-extraoficial-pc-ba-cargo-escrivao-de-policia\/","url":"https:\/\/www.estrategiaconcursos.com.br\/blog\/gabarito-extraoficial-pc-ba-cargo-escrivao-de-policia\/","name":"Gabarito Extraoficial PC BA -\u00a0Escriv\u00e3o de Pol\u00edcia","isPartOf":{"@id":"https:\/\/www.estrategiaconcursos.com.br\/blog\/#website"},"primaryImageOfPage":{"@id":"https:\/\/www.estrategiaconcursos.com.br\/blog\/gabarito-extraoficial-pc-ba-cargo-escrivao-de-policia\/#primaryimage"},"image":{"@id":"https:\/\/www.estrategiaconcursos.com.br\/blog\/gabarito-extraoficial-pc-ba-cargo-escrivao-de-policia\/#primaryimage"},"thumbnailUrl":"https:\/\/dhg1h5j42swfq.cloudfront.net\/2022\/07\/22150956\/1280-720-max-3-1.jpg","datePublished":"2022-07-24T20:30:00+00:00","dateModified":"2022-07-25T11:25:50+00:00","description":"Neste domingo, 24 de julho, foram aplicadas as provas do concurso PC BA, por isso acompanhe o gabarito extraoficial!","breadcrumb":{"@id":"https:\/\/www.estrategiaconcursos.com.br\/blog\/gabarito-extraoficial-pc-ba-cargo-escrivao-de-policia\/#breadcrumb"},"inLanguage":"pt-BR","potentialAction":[{"@type":"ReadAction","target":["https:\/\/www.estrategiaconcursos.com.br\/blog\/gabarito-extraoficial-pc-ba-cargo-escrivao-de-policia\/"]}]},{"@type":"ImageObject","inLanguage":"pt-BR","@id":"https:\/\/www.estrategiaconcursos.com.br\/blog\/gabarito-extraoficial-pc-ba-cargo-escrivao-de-policia\/#primaryimage","url":"https:\/\/dhg1h5j42swfq.cloudfront.net\/2022\/07\/22150956\/1280-720-max-3-1.jpg","contentUrl":"https:\/\/dhg1h5j42swfq.cloudfront.net\/2022\/07\/22150956\/1280-720-max-3-1.jpg","width":1280,"height":720},{"@type":"BreadcrumbList","@id":"https:\/\/www.estrategiaconcursos.com.br\/blog\/gabarito-extraoficial-pc-ba-cargo-escrivao-de-policia\/#breadcrumb","itemListElement":[{"@type":"ListItem","position":1,"name":"In\u00edcio","item":"https:\/\/www.estrategiaconcursos.com.br\/blog\/"},{"@type":"ListItem","position":2,"name":"Gabarito Extraoficial PC BA &#8211;\u00a0Escriv\u00e3o de Pol\u00edcia"}]},{"@type":"WebSite","@id":"https:\/\/www.estrategiaconcursos.com.br\/blog\/#website","url":"https:\/\/www.estrategiaconcursos.com.br\/blog\/","name":"Estrat\u00e9gia Concursos","description":"O blog da Estrat\u00e9gia Concursos traz not\u00edcias sobre concursos e artigos de professores oferecendo cursos para concursos (pdf + videaulas) no site.","publisher":{"@id":"https:\/\/www.estrategiaconcursos.com.br\/blog\/#organization"},"potentialAction":[{"@type":"SearchAction","target":{"@type":"EntryPoint","urlTemplate":"https:\/\/www.estrategiaconcursos.com.br\/blog\/?s={search_term_string}"},"query-input":{"@type":"PropertyValueSpecification","valueRequired":true,"valueName":"search_term_string"}}],"inLanguage":"pt-BR"},{"@type":"Organization","@id":"https:\/\/www.estrategiaconcursos.com.br\/blog\/#organization","name":"Estrat\u00e9gia Concursos","url":"https:\/\/www.estrategiaconcursos.com.br\/blog\/","logo":{"@type":"ImageObject","inLanguage":"pt-BR","@id":"https:\/\/www.estrategiaconcursos.com.br\/blog\/#\/schema\/logo\/image\/","url":"https:\/\/dhg1h5j42swfq.cloudfront.net\/2025\/06\/03203428\/logo_concursos-1.jpg","contentUrl":"https:\/\/dhg1h5j42swfq.cloudfront.net\/2025\/06\/03203428\/logo_concursos-1.jpg","width":230,"height":60,"caption":"Estrat\u00e9gia Concursos"},"image":{"@id":"https:\/\/www.estrategiaconcursos.com.br\/blog\/#\/schema\/logo\/image\/"},"sameAs":["https:\/\/x.com\/EstratConcursos"]},{"@type":"Person","@id":"https:\/\/www.estrategiaconcursos.com.br\/blog\/#\/schema\/person\/4970184533d0a3ffa5b0299ae0a2b21f","name":"Thiago Cavalcante Gomes","image":{"@type":"ImageObject","inLanguage":"pt-BR","@id":"https:\/\/secure.gravatar.com\/avatar\/?s=96&d=mm&r=g","url":"https:\/\/secure.gravatar.com\/avatar\/?s=96&d=mm&r=g","contentUrl":"https:\/\/secure.gravatar.com\/avatar\/?s=96&d=mm&r=g","caption":"Thiago Cavalcante Gomes"},"url":"https:\/\/www.estrategiaconcursos.com.br\/blog\/author\/thiago-gomes\/"}]}},"_links":{"self":[{"href":"https:\/\/www.estrategiaconcursos.com.br\/blog\/wp-json\/wp\/v2\/posts\/1063046","targetHints":{"allow":["GET"]}}],"collection":[{"href":"https:\/\/www.estrategiaconcursos.com.br\/blog\/wp-json\/wp\/v2\/posts"}],"about":[{"href":"https:\/\/www.estrategiaconcursos.com.br\/blog\/wp-json\/wp\/v2\/types\/post"}],"author":[{"embeddable":true,"href":"https:\/\/www.estrategiaconcursos.com.br\/blog\/wp-json\/wp\/v2\/users\/2041"}],"replies":[{"embeddable":true,"href":"https:\/\/www.estrategiaconcursos.com.br\/blog\/wp-json\/wp\/v2\/comments?post=1063046"}],"version-history":[{"count":17,"href":"https:\/\/www.estrategiaconcursos.com.br\/blog\/wp-json\/wp\/v2\/posts\/1063046\/revisions"}],"predecessor-version":[{"id":1065936,"href":"https:\/\/www.estrategiaconcursos.com.br\/blog\/wp-json\/wp\/v2\/posts\/1063046\/revisions\/1065936"}],"wp:featuredmedia":[{"embeddable":true,"href":"https:\/\/www.estrategiaconcursos.com.br\/blog\/wp-json\/wp\/v2\/media\/1065513"}],"wp:attachment":[{"href":"https:\/\/www.estrategiaconcursos.com.br\/blog\/wp-json\/wp\/v2\/media?parent=1063046"}],"wp:term":[{"taxonomy":"category","embeddable":true,"href":"https:\/\/www.estrategiaconcursos.com.br\/blog\/wp-json\/wp\/v2\/categories?post=1063046"},{"taxonomy":"post_tag","embeddable":true,"href":"https:\/\/www.estrategiaconcursos.com.br\/blog\/wp-json\/wp\/v2\/tags?post=1063046"},{"taxonomy":"tax_estado","embeddable":true,"href":"https:\/\/www.estrategiaconcursos.com.br\/blog\/wp-json\/wp\/v2\/tax_estado?post=1063046"}],"curies":[{"name":"wp","href":"https:\/\/api.w.org\/{rel}","templated":true}]}}