{"id":1062627,"date":"2022-10-10T08:20:00","date_gmt":"2022-10-10T11:20:00","guid":{"rendered":"https:\/\/www.estrategiaconcursos.com.br\/blog\/?p=1062627"},"modified":"2022-10-10T10:09:37","modified_gmt":"2022-10-10T13:09:37","slug":"concurso-camara-extrema-mg","status":"publish","type":"post","link":"https:\/\/www.estrategiaconcursos.com.br\/blog\/concurso-camara-extrema-mg\/","title":{"rendered":"Concurso C\u00e2mara de Extrema MG: inscri\u00e7\u00f5es encerradas"},"content":{"rendered":"\n<p>Est\u00e3o encerradas as inscri\u00e7\u00f5es do edital do <strong>concurso C\u00e2mara de Extrema<\/strong> <strong>MG<\/strong>, no estado de Minas Gerais, o qual oferta <strong>13 vagas imediatas<\/strong> para diversos cargos.<\/p>\n\n\n\n<p>Os interessados puderam realizar a candidatura no per\u00edodo de 09 de setembro a 09 de outubro, no site da <a href=\"https:\/\/abcp.selecao.net.br\/informacoes\/2678\/\" target=\"_blank\" rel=\"noreferrer noopener\">banca ABCP<\/a>, ao custo de R$ 40,00 e R$ 50,00.<\/p>\n\n\n\n<p>As oportunidades s\u00e3o distribu\u00eddas entre carreiras de n\u00edveis fundamental, m\u00e9dio e superior de forma\u00e7\u00e3o, com remunera\u00e7\u00e3o inicial de R$ 3.081,92 a R$ 4.900,00.<\/p>\n\n\n\n<ul class=\"has-background wp-block-list\" style=\"background:linear-gradient(135deg,rgb(249,234,211) 4%,rgb(144,103,36) 100%)\"><li><strong>Concurso C\u00e2mara de Extrema MG<\/strong><\/li><li><strong>Status<\/strong>: inscri\u00e7\u00f5es encerradas<\/li><li><strong style=\"background-color: initial; color: initial;\">Banca:<\/strong><span style=\"background-color: initial; color: initial;\"> <\/span>ABCP<\/li><li><strong>Vagas:<\/strong> 13<\/li><li><strong>Sal\u00e1rio inicial:<\/strong> R$ 3.081,92 a R$ 4.900,00<\/li><li><strong>Edital:<\/strong> <a href=\"https:\/\/dhg1h5j42swfq.cloudfront.net\/2022\/07\/18095826\/ynjkxcouxiyv3icwn1b4cuvytqluqoto2bokdxve.pdf\" target=\"_blank\" rel=\"noreferrer noopener nofollow\">C\u00e2mara de Extrema MG<\/a><\/li><\/ul>\n\n\n\n<p>A fim de te deixar sempre bem informado, elaboramos este artigo com as principais informa\u00e7\u00f5es e novidades sobre o concurso. Acompanhe os t\u00f3picos abaixo e n\u00e3o perca nenhum detalhe:<\/p>\n\n\n\n<ul class=\"wp-block-list\" id=\"indice\"><li><a href=\"#datas\">Principais datas<\/a><\/li><li><a href=\"#cargos-vagas\">Cargos e vagas<\/a><\/li><li><a href=\"#etapas\">Etapas e provas<\/a><ul><li><a href=\"#objetiva\">Prova objetiva<\/a><\/li><\/ul><\/li><li><a href=\"#sobre-a-camara-de-extrema-mg\">C\u00e2mara de Extrema<\/a><\/li><li><a href=\"#cursos\">Cursos e assinaturas<\/a><\/li><li><a href=\"#ficha\">Ficha t\u00e9cnica<\/a><\/li><\/ul>\n\n\n\n<div class=\"container\" id=\"boxes\">\n  <div class=\"row\">\n\n    <div class=\"col-sm\">\n      <div class=\"banner-legislativo\" id=\"box-assinatura\">\n        <h3 class=\"titulo-assinatura\">C\u00e2mara de Extrema MG<\/h3>\n        <p class=\"subtitulo-assinatura\">Estude com o Estrat\u00e9gia<\/p>\n        <div class=\"box-botao\">\n          <a class=\"btn-assinatura\" target=\"_blank\" href=\"https:\/\/www.estrategiaconcursos.com.br\/cursosPorConcurso\/camara-municipal-de-extrema-mg\/\" role=\"button\" rel=\"noopener noreferrer\">Conhe\u00e7a os cursos<\/a>\n        <\/div>\n      <\/div>\n     \n    <\/div>\n\n  <\/div>\n<\/div>\n\n\n\n<h2 class=\"wp-block-heading\" id=\"datas\">Principais datas do concurso C\u00e2mara de Extrema MG<\/h2>\n\n\n\n<ul class=\"wp-block-list\"><li><strong>Inscri\u00e7\u00f5es<\/strong>: <s>09 de setembro a 09 de outubro<\/s><\/li><li><strong>Isen\u00e7\u00e3o da taxa<\/strong>: <s>09 a 11 de setembro<\/s><\/li><li><strong>\u00daltimo dia de pagamento:<\/strong> 10 de outubro<\/li><li><strong>Prova<\/strong>: 06 de novembro<\/li><\/ul>\n\n\n\n<h2 class=\"wp-block-heading\" id=\"cargos-vagas\">Cargos e vagas do concurso C\u00e2mara de Extrema MG<\/h2>\n\n\n\n<h3 class=\"wp-block-heading\" id=\"medio\">Ensino fundamental<\/h3>\n\n\n\n<figure class=\"wp-block-table is-style-stripes\"><table class=\"has-background has-fixed-layout\" style=\"background-color:#d9bc90\"><thead><tr><th class=\"has-text-align-center\" data-align=\"center\">CARGOS<\/th><th class=\"has-text-align-center\" data-align=\"center\">VAGAS<\/th><th class=\"has-text-align-center\" data-align=\"center\">SAL\u00c1RIO<\/th><th class=\"has-text-align-center\" data-align=\"center\">JORNADA SEMANAL<\/th><\/tr><\/thead><tbody><tr><td class=\"has-text-align-center\" data-align=\"center\">Servente<\/td><td class=\"has-text-align-center\" data-align=\"center\">01 + CR<\/td><td class=\"has-text-align-center\" data-align=\"center\">R$ 3.081,92<\/td><td class=\"has-text-align-center\" data-align=\"center\">40h<\/td><\/tr><tr><td class=\"has-text-align-center\" data-align=\"center\"><a href=\"https:\/\/www.estrategiaconcursos.com.br\/curso\/camara-municipal-de-extrema-mg-motorista-pacote-2022-pos-edital\/\" target=\"_blank\" rel=\"noreferrer noopener\">Motorista<\/a><\/td><td class=\"has-text-align-center\" data-align=\"center\">01 + CR<\/td><td class=\"has-text-align-center\" data-align=\"center\">R$ 5.017,45<\/td><td class=\"has-text-align-center\" data-align=\"center\">40h<\/td><\/tr><\/tbody><\/table><\/figure>\n\n\n\n<p><strong>Requisitos:<\/strong><\/p>\n\n\n\n<ul class=\"wp-block-list\"><li><strong>Servente:<\/strong> alfabetizado;<\/li><li><strong>Motorista:<\/strong> ensino fundamental I e CNH D;<\/li><\/ul>\n\n\n\n<h3 class=\"wp-block-heading\" id=\"medio\">Ensino m\u00e9dio<\/h3>\n\n\n\n<figure class=\"wp-block-table is-style-stripes\"><table class=\"has-background has-fixed-layout\" style=\"background-color:#d9bc90\"><thead><tr><th class=\"has-text-align-center\" data-align=\"center\">CARGOS<\/th><th class=\"has-text-align-center\" data-align=\"center\">VAGAS<\/th><th class=\"has-text-align-center\" data-align=\"center\">SAL\u00c1RIO<\/th><th class=\"has-text-align-center\" data-align=\"center\">JORNADA SEMANAL<\/th><\/tr><\/thead><tbody><tr><td class=\"has-text-align-center\" data-align=\"center\"><a href=\"https:\/\/www.estrategiaconcursos.com.br\/curso\/camara-municipal-de-extrema-mg-recepcionista-pacote-2022-pos-edital\/\" target=\"_blank\" rel=\"noreferrer noopener\">Recepcionista<\/a><\/td><td class=\"has-text-align-center\" data-align=\"center\">04 + CR<\/td><td class=\"has-text-align-center\" data-align=\"center\">R$ 3.810,93<\/td><td class=\"has-text-align-center\" data-align=\"center\">40h<\/td><\/tr><tr><td class=\"has-text-align-center\" data-align=\"center\"><a href=\"https:\/\/www.estrategiaconcursos.com.br\/curso\/camara-de-extrema-mg-auxiliar-de-tecnologia-da-informacao-pacote-2022-pos-edital\/\" target=\"_blank\" rel=\"noreferrer noopener\">Auxiliar de TI<\/a><\/td><td class=\"has-text-align-center\" data-align=\"center\">01 + CR<\/td><td class=\"has-text-align-center\" data-align=\"center\">R$ 3.900,00<\/td><td class=\"has-text-align-center\" data-align=\"center\">40h<\/td><\/tr><tr><td class=\"has-text-align-center\" data-align=\"center\">Auxiliar da Secretaria Parlamentar<\/td><td class=\"has-text-align-center\" data-align=\"center\">01 + CR<\/td><td class=\"has-text-align-center\" data-align=\"center\">R$ 3.900,00<\/td><td class=\"has-text-align-center\" data-align=\"center\">40h<\/td><\/tr><\/tbody><\/table><\/figure>\n\n\n\n<h3 class=\"wp-block-heading\" id=\"medio\">Ensino superior<\/h3>\n\n\n\n<figure class=\"wp-block-table is-style-stripes\"><table class=\"has-background has-fixed-layout\" style=\"background-color:#d9bc90\"><thead><tr><th class=\"has-text-align-center\" data-align=\"center\">CARGOS<\/th><th class=\"has-text-align-center\" data-align=\"center\">VAGAS<\/th><th class=\"has-text-align-center\" data-align=\"center\">SAL\u00c1RIO<\/th><th class=\"has-text-align-center\" data-align=\"center\">JORNADA SEMANAL<\/th><\/tr><\/thead><tbody><tr><td class=\"has-text-align-center\" data-align=\"center\"><a href=\"https:\/\/www.estrategiaconcursos.com.br\/curso\/camara-municipal-de-extrema-mg-almoxarife-pacote-2022-pos-edital\/\" target=\"_blank\" rel=\"noreferrer noopener\">Almoxarife<\/a><\/td><td class=\"has-text-align-center\" data-align=\"center\">01 + CR<\/td><td class=\"has-text-align-center\" data-align=\"center\">R$ 4.600,00<\/td><td class=\"has-text-align-center\" data-align=\"center\">40h<\/td><\/tr><tr><td class=\"has-text-align-center\" data-align=\"center\"><a href=\"https:\/\/www.estrategiaconcursos.com.br\/curso\/camara-municipal-de-extrema-mg-agente-administrativo-pacote-2022-pos-edital\/\" target=\"_blank\" rel=\"noreferrer noopener\">Agente Administrativo<\/a><\/td><td class=\"has-text-align-center\" data-align=\"center\">01 + CR<\/td><td class=\"has-text-align-center\" data-align=\"center\">R$ 4.600,00<\/td><td class=\"has-text-align-center\" data-align=\"center\">40h<\/td><\/tr><tr><td class=\"has-text-align-center\" data-align=\"center\"><a href=\"https:\/\/www.estrategiaconcursos.com.br\/curso\/camara-municipal-de-extrema-mg-assistente-contabil-pacote-2022-pos-edital\/\" target=\"_blank\" rel=\"noreferrer noopener\">Assistente Cont\u00e1bil<\/a><\/td><td class=\"has-text-align-center\" data-align=\"center\">01 + CR<\/td><td class=\"has-text-align-center\" data-align=\"center\">R$ 4.600,00<\/td><td class=\"has-text-align-center\" data-align=\"center\">40h<\/td><\/tr><tr><td class=\"has-text-align-center\" data-align=\"center\"><a href=\"https:\/\/www.estrategiaconcursos.com.br\/curso\/camara-municipal-de-extrema-mg-analista-administrativo-pacote-2022-pos-edital\/\" target=\"_blank\" rel=\"noreferrer noopener\">Analista Administrativo<\/a><\/td><td class=\"has-text-align-center\" data-align=\"center\">01 + CR<\/td><td class=\"has-text-align-center\" data-align=\"center\">R$ 4.900,00<\/td><td class=\"has-text-align-center\" data-align=\"center\">40h<\/td><\/tr><tr><td class=\"has-text-align-center\" data-align=\"center\"><a href=\"https:\/\/www.estrategiaconcursos.com.br\/curso\/7-camara-municipal-de-extrema-mg-analista-de-recursos-humanos-pacote-2022-pos-edital\/\" target=\"_blank\" rel=\"noreferrer noopener\">Assistente de RH<\/a><\/td><td class=\"has-text-align-center\" data-align=\"center\">01 + CR<\/td><td class=\"has-text-align-center\" data-align=\"center\">R$ 4.600,00<\/td><td class=\"has-text-align-center\" data-align=\"center\">40h<\/td><\/tr><\/tbody><\/table><\/figure>\n\n\n\n<p id=\"h-requisitos\"><strong>Requisitos<\/strong><\/p>\n\n\n\n<ul class=\"wp-block-list\"><li><strong>Assistente Cont\u00e1bil:<\/strong> Gradua\u00e7\u00e3o em Administra\u00e7\u00e3o ou Ci\u00eancias Cont\u00e1beis ou Recursos Humanos;<\/li><li><strong>Analista Administrativo<\/strong>: Gradua\u00e7\u00e3o em Administra\u00e7\u00e3o ou Direito;<\/li><li><strong>Assistente de RH<\/strong>: Gradua\u00e7\u00e3o em Administra\u00e7\u00e3o ou Ci\u00eancias Cont\u00e1beis ou Recursos Humanos;<\/li><\/ul>\n\n\n\n<h2 class=\"wp-block-heading\" id=\"etapas\">Etapas e provas do concurso C\u00e2mara de Extrema MG<\/h2>\n\n\n\n<p>Os candidatos do concurso ser\u00e3o avaliados atrav\u00e9s da <strong>Prova Objetiva<\/strong>, de car\u00e1ter eliminat\u00f3rio e classificat\u00f3rio. <\/p>\n\n\n\n<h3 class=\"wp-block-heading\" id=\"objetiva\">Prova Objetiva<\/h3>\n\n\n\n<p>A Prova Objetiva, de car\u00e1ter eliminat\u00f3rio e classificat\u00f3rio, ser\u00e1 aplicada a todos os cargos no dia 06 de novembro e ter\u00e1 dura\u00e7\u00e3o de 02h30min.<\/p>\n\n\n\n<p>A etapa do concurso C\u00e2mara de Extrema \u00e9 composta de quest\u00f5es de m\u00faltipla escolha, com 4 alternativas cada, para os cargos de ensino fundamental, m\u00e9dio e superior, sendo apenas uma alternativa correta, conforme os quadros abaixo:<\/p>\n\n\n\n<h4 class=\"wp-block-heading\" id=\"nivel-fundamental\">N\u00edvel fundamental<\/h4>\n\n\n\n<figure class=\"wp-block-image aligncenter size-full\"><img loading=\"lazy\" decoding=\"async\" width=\"910\" height=\"207\" src=\"https:\/\/dhg1h5j42swfq.cloudfront.net\/2022\/07\/18101154\/image-210.png\" alt=\"Quadro de provas n\u00edvel fundamental\" class=\"wp-image-1062650\" srcset=\"https:\/\/dhg1h5j42swfq.cloudfront.net\/2022\/07\/18101154\/image-210.png 910w, https:\/\/dhg1h5j42swfq.cloudfront.net\/2022\/07\/18101154\/image-210-300x68.png 300w, https:\/\/dhg1h5j42swfq.cloudfront.net\/2022\/07\/18101154\/image-210-768x175.png 768w, https:\/\/dhg1h5j42swfq.cloudfront.net\/2022\/07\/18101154\/image-210-610x139.png 610w, https:\/\/dhg1h5j42swfq.cloudfront.net\/2022\/07\/18101154\/image-210-150x34.png 150w\" sizes=\"auto, (max-width: 910px) 100vw, 910px\" \/><figcaption>Quadro de provas n\u00edvel fundamental<\/figcaption><\/figure>\n\n\n\n<h4 class=\"wp-block-heading\" id=\"nivel-medio\">N\u00edvel m\u00e9dio<\/h4>\n\n\n\n<figure class=\"wp-block-image aligncenter size-full\"><img loading=\"lazy\" decoding=\"async\" width=\"910\" height=\"208\" src=\"https:\/\/dhg1h5j42swfq.cloudfront.net\/2022\/07\/18101210\/image-211.png\" alt=\"Quadro de provas n\u00edvel m\u00e9dio\" class=\"wp-image-1062652\" srcset=\"https:\/\/dhg1h5j42swfq.cloudfront.net\/2022\/07\/18101210\/image-211.png 910w, https:\/\/dhg1h5j42swfq.cloudfront.net\/2022\/07\/18101210\/image-211-300x69.png 300w, https:\/\/dhg1h5j42swfq.cloudfront.net\/2022\/07\/18101210\/image-211-768x176.png 768w, https:\/\/dhg1h5j42swfq.cloudfront.net\/2022\/07\/18101210\/image-211-610x139.png 610w, https:\/\/dhg1h5j42swfq.cloudfront.net\/2022\/07\/18101210\/image-211-150x34.png 150w\" sizes=\"auto, (max-width: 910px) 100vw, 910px\" \/><figcaption>Quadro de provas n\u00edvel m\u00e9dio<\/figcaption><\/figure>\n\n\n\n<h4 class=\"wp-block-heading\" id=\"h-nivel-superior\">N\u00edvel superior<\/h4>\n\n\n\n<figure class=\"wp-block-image aligncenter size-full\"><img loading=\"lazy\" decoding=\"async\" width=\"909\" height=\"208\" src=\"https:\/\/dhg1h5j42swfq.cloudfront.net\/2022\/07\/18101226\/image-212.png\" alt=\"Quadro de provas n\u00edvel superior concurso c\u00e2mara de extrema mg\" class=\"wp-image-1062653\" srcset=\"https:\/\/dhg1h5j42swfq.cloudfront.net\/2022\/07\/18101226\/image-212.png 909w, https:\/\/dhg1h5j42swfq.cloudfront.net\/2022\/07\/18101226\/image-212-300x69.png 300w, https:\/\/dhg1h5j42swfq.cloudfront.net\/2022\/07\/18101226\/image-212-768x176.png 768w, https:\/\/dhg1h5j42swfq.cloudfront.net\/2022\/07\/18101226\/image-212-610x140.png 610w, https:\/\/dhg1h5j42swfq.cloudfront.net\/2022\/07\/18101226\/image-212-150x34.png 150w\" sizes=\"auto, (max-width: 909px) 100vw, 909px\" \/><figcaption>Quadro de provas n\u00edvel superior<\/figcaption><\/figure>\n\n\n\n<p>\u00c0 nota ser\u00e1 atribu\u00eddo um valor de 0 (zero) a 10 (dez) pontos. O candidato dever\u00e1 obter no m\u00ednimo 50% (cinquenta por cento) de acertos no total, ou seja, 5 (cinco) pontos para ser aprovado.<\/p>\n\n\n\n<h2 class=\"wp-block-heading\" id=\"sobre-a-camara-de-extrema-mg\">Sobre a C\u00e2mara de Extrema MG<\/h2>\n\n\n\n<p>A C\u00e2mara Municipal de Extrema \u00e9 composta por uma Secretaria Parlamentar, Assessoria Jur\u00eddica, Secretaria de Comunica\u00e7\u00e3o, Administrativo e Servi\u00e7os de Apoio (Tecnologia da Informa\u00e7\u00e3o, Vigil\u00e2ncia Patrimonial e de Limpeza). <\/p>\n\n\n\n<p>Outro fundamental servi\u00e7o acoplado ao Legislativo foi a cria\u00e7\u00e3o da Casa do Cidad\u00e3o que oferece gratuitamente diversos servi\u00e7os gratuitos ligados ao Centro de Atendimento ao Cidad\u00e3o (CAC), ao PROCON, \u00e0 Junta do Servi\u00e7o Militar (JSM), \u00e0 Escola do Legislativo (EL) e \u00e0 Procuradoria da Mulher.<\/p>\n\n\n\n<hr class=\"wp-block-separator has-css-opacity\"\/>\n\n\n\n<h2 class=\"has-text-align-center wp-block-heading\" id=\"h-quer-saber-tudo-sobre-concursos-previstos-confira-nossos-artigos\">Quer saber tudo sobre concursos previstos?<br \/>Confira  nossos artigos!<\/h2>\n\n\n\n<ul class=\"wp-block-list\"><li><a href=\"https:\/\/www.estrategiaconcursos.com.br\/blog\/concursos-abertos\/\" target=\"_blank\" rel=\"noreferrer noopener\">Concursos abertos<\/a><\/li><li><a href=\"https:\/\/www.estrategiaconcursos.com.br\/blog\/concursos-2022\/\" target=\"_blank\" rel=\"noreferrer noopener\">Concursos 2022<\/a><\/li><li><a href=\"https:\/\/www.estrategiaconcursos.com.br\/blog\/concursos-2023\/\" target=\"_blank\" rel=\"noreferrer noopener\">Concursos 2023<\/a><\/li><\/ul>\n\n\n\n<h2 class=\"has-text-align-center wp-block-heading\" id=\"cursos\">Quer estudar para o Concurso C\u00e2mara de Extrema MG?<\/h2>\n\n\n\n<div class=\"container\" id=\"boxes\">\n  <div class=\"row\">\n\n    <div class=\"col-sm\">\n      <div class=\"banner-legislativo\" id=\"box-assinatura\">\n        <h3 class=\"titulo-assinatura\">C\u00e2mara de Extrema MG<\/h3>\n        <p class=\"subtitulo-assinatura\">Conhe\u00e7a os cursos<\/p>\n        <div class=\"box-botao\">\n          <a class=\"btn-assinatura\" target=\"_blank\" href=\"https:\/\/www.estrategiaconcursos.com.br\/cursosPorConcurso\/\" role=\"button\" rel=\"noopener noreferrer\">Conhe\u00e7a mais<\/a>\n        <\/div>\n      <\/div>\n     \n    <\/div>\n\n  <\/div>\n<\/div>\n\n\n\n<div class=\"container\" id=\"boxes\">\n  <div class=\"row\">\n\n    <div class=\"col-sm\">\n      <div class=\"estrategia\" id=\"box-assinatura\">\n        <h3 class=\"titulo-assinatura\">Assinatura Concursos<\/h3>\n        <p class=\"subtitulo-assinatura\">Assinatura de 1 ano ou 2 anos<\/p>\n        <div class=\"box-botao\">\n          <a class=\"btn-assinatura\" target=\"_blank\" href=\"https:\/\/www.estrategiaconcursos.com.br\/assinaturas\/\" role=\"button\" rel=\"noopener noreferrer\">ASSINE AGORA<\/a>\n        <\/div>\n      <\/div><\/div><\/div><\/div>\n\n\n\n<figure class=\"wp-block-image size-large is-resized is-style-default\"><img loading=\"lazy\" decoding=\"async\" src=\"https:\/\/dhg1h5j42swfq.cloudfront.net\/2025\/06\/27101122\/ficha-tecnica-1-1024x632.png\" alt=\"Ficha t\u00e9cnica C\u00e2mara de Extrema MG\" class=\"wp-image-702728\" width=\"269\" height=\"166\" srcset=\"https:\/\/dhg1h5j42swfq.cloudfront.net\/2025\/06\/27101122\/ficha-tecnica-1-1024x632.png 1024w, https:\/\/dhg1h5j42swfq.cloudfront.net\/2025\/06\/27101122\/ficha-tecnica-1-300x185.png 300w, https:\/\/dhg1h5j42swfq.cloudfront.net\/2025\/06\/27101122\/ficha-tecnica-1-768x474.png 768w, https:\/\/dhg1h5j42swfq.cloudfront.net\/2025\/06\/27101122\/ficha-tecnica-1-1536x948.png 1536w, https:\/\/dhg1h5j42swfq.cloudfront.net\/2025\/06\/27101122\/ficha-tecnica-1-610x377.png 610w, https:\/\/dhg1h5j42swfq.cloudfront.net\/2025\/06\/27101122\/ficha-tecnica-1.png 1571w\" sizes=\"auto, (max-width: 269px) 100vw, 269px\" \/><\/figure>\n\n\n\n<h3 class=\"wp-block-heading\" id=\"ficha\">Informa\u00e7\u00f5es do concurso C\u00e2mara de Extrema MG<\/h3>\n\n\n\n<ul class=\"wp-block-list\"><li><strong style=\"color: initial;\">Provas<\/strong><span style=\"color: initial;\">: <\/span>06\/11\/2022<\/li><li><strong>Vagas<\/strong>: 13<\/li><li><strong>Cargos<\/strong>: V\u00e1rios<\/li><li><strong>Banca<\/strong>: ABCP<\/li><li><strong>Escolaridade<\/strong>: N\u00edveis fundamental, m\u00e9dio e superior<\/li><li><strong>Edital:<\/strong> <a href=\"https:\/\/dhg1h5j42swfq.cloudfront.net\/2022\/07\/18095826\/ynjkxcouxiyv3icwn1b4cuvytqluqoto2bokdxve.pdf\" target=\"_blank\" rel=\"noreferrer noopener nofollow\">C\u00e2mara de Extrema MG<\/a><\/li><\/ul>\n","protected":false},"excerpt":{"rendered":"<p>Est\u00e3o encerradas as inscri\u00e7\u00f5es do edital do concurso C\u00e2mara de Extrema MG, no estado de Minas Gerais, o qual oferta 13 vagas imediatas para diversos cargos. Os interessados puderam realizar a candidatura no per\u00edodo de 09 de setembro a 09 de outubro, no site da banca ABCP, ao custo de R$ 40,00 e R$ 50,00. [&hellip;]<\/p>\n","protected":false},"author":1,"featured_media":1065742,"comment_status":"open","ping_status":"closed","sticky":false,"template":"","format":"standard","meta":{"post_tipo":"news_page","footnotes":""},"categories":[2017],"tags":[],"tax_estado":[219972],"class_list":["post-1062627","post","type-post","status-publish","format-standard","has-post-thumbnail","hentry","category-concursos-legislativos","tax_estado-go"],"acf":[],"yoast_head":"<!-- This site is optimized with the Yoast SEO Premium plugin v27.2 (Yoast SEO v27.2) - https:\/\/yoast.com\/product\/yoast-seo-premium-wordpress\/ -->\n<title>Concurso C\u00e2mara de Extrema MG: inscri\u00e7\u00f5es encerradas<\/title>\n<meta name=\"description\" content=\"Concurso c\u00e2mara de Extrema MG: edital publicado oferta 13 vagas para n\u00edveis fundamental, m\u00e9dio e superior. Prova em novembro!\" \/>\n<meta name=\"robots\" content=\"index, follow, max-snippet:-1, max-image-preview:large, max-video-preview:-1\" \/>\n<link rel=\"canonical\" href=\"https:\/\/www.estrategiaconcursos.com.br\/blog\/concurso-camara-extrema-mg\/\" \/>\n<meta property=\"og:locale\" content=\"pt_BR\" \/>\n<meta property=\"og:type\" content=\"article\" \/>\n<meta property=\"og:title\" content=\"Concurso C\u00e2mara de Extrema MG: inscri\u00e7\u00f5es encerradas\" \/>\n<meta property=\"og:description\" content=\"Concurso c\u00e2mara de Extrema MG: edital publicado oferta 13 vagas para n\u00edveis fundamental, m\u00e9dio e superior. Prova em novembro!\" \/>\n<meta property=\"og:url\" content=\"https:\/\/www.estrategiaconcursos.com.br\/blog\/concurso-camara-extrema-mg\/\" \/>\n<meta property=\"og:site_name\" content=\"Estrat\u00e9gia Concursos\" \/>\n<meta property=\"article:author\" content=\"https:\/\/www.facebook.com\/EstrategiaConcursos\" \/>\n<meta property=\"article:published_time\" content=\"2022-10-10T11:20:00+00:00\" \/>\n<meta property=\"article:modified_time\" content=\"2022-10-10T13:09:37+00:00\" \/>\n<meta property=\"og:image\" content=\"https:\/\/dhg1h5j42swfq.cloudfront.net\/2022\/07\/22194525\/camara_de_extrema_mg.jpg\" \/>\n\t<meta property=\"og:image:width\" content=\"768\" \/>\n\t<meta property=\"og:image:height\" content=\"432\" \/>\n\t<meta property=\"og:image:type\" content=\"image\/jpeg\" \/>\n<meta name=\"author\" content=\"Coordena\u00e7\u00e3o\" \/>\n<meta name=\"twitter:card\" content=\"summary_large_image\" \/>\n<meta name=\"twitter:creator\" content=\"@EstratConcursos\" \/>\n<meta name=\"twitter:site\" content=\"@EstratConcursos\" \/>\n<meta name=\"twitter:label1\" content=\"Escrito por\" \/>\n\t<meta name=\"twitter:data1\" content=\"Coordena\u00e7\u00e3o\" \/>\n\t<meta name=\"twitter:label2\" content=\"Est. tempo de leitura\" \/>\n\t<meta name=\"twitter:data2\" content=\"5 minutos\" \/>\n<script type=\"application\/ld+json\" class=\"yoast-schema-graph\">{\"@context\":\"https:\/\/schema.org\",\"@graph\":[{\"@type\":\"NewsArticle\",\"@id\":\"https:\/\/www.estrategiaconcursos.com.br\/blog\/concurso-camara-extrema-mg\/#article\",\"isPartOf\":{\"@id\":\"https:\/\/www.estrategiaconcursos.com.br\/blog\/concurso-camara-extrema-mg\/\"},\"author\":{\"name\":\"Coordena\u00e7\u00e3o\",\"@id\":\"https:\/\/www.estrategiaconcursos.com.br\/blog\/#\/schema\/person\/b4a388c97673c5f483d72185668afa1f\"},\"headline\":\"Concurso C\u00e2mara de Extrema MG: inscri\u00e7\u00f5es encerradas\",\"datePublished\":\"2022-10-10T11:20:00+00:00\",\"dateModified\":\"2022-10-10T13:09:37+00:00\",\"mainEntityOfPage\":{\"@id\":\"https:\/\/www.estrategiaconcursos.com.br\/blog\/concurso-camara-extrema-mg\/\"},\"wordCount\":673,\"commentCount\":0,\"publisher\":{\"@id\":\"https:\/\/www.estrategiaconcursos.com.br\/blog\/#organization\"},\"image\":{\"@id\":\"https:\/\/www.estrategiaconcursos.com.br\/blog\/concurso-camara-extrema-mg\/#primaryimage\"},\"thumbnailUrl\":\"https:\/\/dhg1h5j42swfq.cloudfront.net\/2022\/07\/22194525\/camara_de_extrema_mg.jpg\",\"articleSection\":[\"Legislativo\"],\"inLanguage\":\"pt-BR\",\"potentialAction\":[{\"@type\":\"CommentAction\",\"name\":\"Comment\",\"target\":[\"https:\/\/www.estrategiaconcursos.com.br\/blog\/concurso-camara-extrema-mg\/#respond\"]}],\"copyrightYear\":\"2022\",\"copyrightHolder\":{\"@id\":\"https:\/\/www.estrategiaconcursos.com.br\/blog\/#organization\"}},{\"@type\":\"WebPage\",\"@id\":\"https:\/\/www.estrategiaconcursos.com.br\/blog\/concurso-camara-extrema-mg\/\",\"url\":\"https:\/\/www.estrategiaconcursos.com.br\/blog\/concurso-camara-extrema-mg\/\",\"name\":\"Concurso C\u00e2mara de Extrema MG: inscri\u00e7\u00f5es encerradas\",\"isPartOf\":{\"@id\":\"https:\/\/www.estrategiaconcursos.com.br\/blog\/#website\"},\"primaryImageOfPage\":{\"@id\":\"https:\/\/www.estrategiaconcursos.com.br\/blog\/concurso-camara-extrema-mg\/#primaryimage\"},\"image\":{\"@id\":\"https:\/\/www.estrategiaconcursos.com.br\/blog\/concurso-camara-extrema-mg\/#primaryimage\"},\"thumbnailUrl\":\"https:\/\/dhg1h5j42swfq.cloudfront.net\/2022\/07\/22194525\/camara_de_extrema_mg.jpg\",\"datePublished\":\"2022-10-10T11:20:00+00:00\",\"dateModified\":\"2022-10-10T13:09:37+00:00\",\"description\":\"Concurso c\u00e2mara de Extrema MG: edital publicado oferta 13 vagas para n\u00edveis fundamental, m\u00e9dio e superior. Prova em novembro!\",\"breadcrumb\":{\"@id\":\"https:\/\/www.estrategiaconcursos.com.br\/blog\/concurso-camara-extrema-mg\/#breadcrumb\"},\"inLanguage\":\"pt-BR\",\"potentialAction\":[{\"@type\":\"ReadAction\",\"target\":[\"https:\/\/www.estrategiaconcursos.com.br\/blog\/concurso-camara-extrema-mg\/\"]}]},{\"@type\":\"ImageObject\",\"inLanguage\":\"pt-BR\",\"@id\":\"https:\/\/www.estrategiaconcursos.com.br\/blog\/concurso-camara-extrema-mg\/#primaryimage\",\"url\":\"https:\/\/dhg1h5j42swfq.cloudfront.net\/2022\/07\/22194525\/camara_de_extrema_mg.jpg\",\"contentUrl\":\"https:\/\/dhg1h5j42swfq.cloudfront.net\/2022\/07\/22194525\/camara_de_extrema_mg.jpg\",\"width\":768,\"height\":432},{\"@type\":\"BreadcrumbList\",\"@id\":\"https:\/\/www.estrategiaconcursos.com.br\/blog\/concurso-camara-extrema-mg\/#breadcrumb\",\"itemListElement\":[{\"@type\":\"ListItem\",\"position\":1,\"name\":\"In\u00edcio\",\"item\":\"https:\/\/www.estrategiaconcursos.com.br\/blog\/\"},{\"@type\":\"ListItem\",\"position\":2,\"name\":\"Concurso C\u00e2mara de Extrema MG: inscri\u00e7\u00f5es encerradas\"}]},{\"@type\":\"WebSite\",\"@id\":\"https:\/\/www.estrategiaconcursos.com.br\/blog\/#website\",\"url\":\"https:\/\/www.estrategiaconcursos.com.br\/blog\/\",\"name\":\"Estrat\u00e9gia Concursos\",\"description\":\"O blog da Estrat\u00e9gia Concursos traz not\u00edcias sobre concursos e artigos de professores oferecendo cursos para concursos (pdf + videaulas) no site.\",\"publisher\":{\"@id\":\"https:\/\/www.estrategiaconcursos.com.br\/blog\/#organization\"},\"potentialAction\":[{\"@type\":\"SearchAction\",\"target\":{\"@type\":\"EntryPoint\",\"urlTemplate\":\"https:\/\/www.estrategiaconcursos.com.br\/blog\/?s={search_term_string}\"},\"query-input\":{\"@type\":\"PropertyValueSpecification\",\"valueRequired\":true,\"valueName\":\"search_term_string\"}}],\"inLanguage\":\"pt-BR\"},{\"@type\":\"Organization\",\"@id\":\"https:\/\/www.estrategiaconcursos.com.br\/blog\/#organization\",\"name\":\"Estrat\u00e9gia Concursos\",\"url\":\"https:\/\/www.estrategiaconcursos.com.br\/blog\/\",\"logo\":{\"@type\":\"ImageObject\",\"inLanguage\":\"pt-BR\",\"@id\":\"https:\/\/www.estrategiaconcursos.com.br\/blog\/#\/schema\/logo\/image\/\",\"url\":\"https:\/\/dhg1h5j42swfq.cloudfront.net\/2025\/06\/03203428\/logo_concursos-1.jpg\",\"contentUrl\":\"https:\/\/dhg1h5j42swfq.cloudfront.net\/2025\/06\/03203428\/logo_concursos-1.jpg\",\"width\":230,\"height\":60,\"caption\":\"Estrat\u00e9gia Concursos\"},\"image\":{\"@id\":\"https:\/\/www.estrategiaconcursos.com.br\/blog\/#\/schema\/logo\/image\/\"},\"sameAs\":[\"https:\/\/x.com\/EstratConcursos\"]},{\"@type\":\"Person\",\"@id\":\"https:\/\/www.estrategiaconcursos.com.br\/blog\/#\/schema\/person\/b4a388c97673c5f483d72185668afa1f\",\"name\":\"Coordena\u00e7\u00e3o\",\"image\":{\"@type\":\"ImageObject\",\"inLanguage\":\"pt-BR\",\"@id\":\"https:\/\/secure.gravatar.com\/avatar\/b720319e4c9a967eb58678d110f4fe35452fc5d5f97b202bac7b8acceb18c6ad?s=96&d=mm&r=g\",\"url\":\"https:\/\/secure.gravatar.com\/avatar\/b720319e4c9a967eb58678d110f4fe35452fc5d5f97b202bac7b8acceb18c6ad?s=96&d=mm&r=g\",\"contentUrl\":\"https:\/\/secure.gravatar.com\/avatar\/b720319e4c9a967eb58678d110f4fe35452fc5d5f97b202bac7b8acceb18c6ad?s=96&d=mm&r=g\",\"caption\":\"Coordena\u00e7\u00e3o\"},\"sameAs\":[\"https:\/\/www.facebook.com\/EstrategiaConcursos\",\"https:\/\/x.com\/EstratConcursos\"],\"url\":\"https:\/\/www.estrategiaconcursos.com.br\/blog\/author\/estrategia2013\/\"}]}<\/script>\n<!-- \/ Yoast SEO Premium plugin. -->","yoast_head_json":{"title":"Concurso C\u00e2mara de Extrema MG: inscri\u00e7\u00f5es encerradas","description":"Concurso c\u00e2mara de Extrema MG: edital publicado oferta 13 vagas para n\u00edveis fundamental, m\u00e9dio e superior. Prova em novembro!","robots":{"index":"index","follow":"follow","max-snippet":"max-snippet:-1","max-image-preview":"max-image-preview:large","max-video-preview":"max-video-preview:-1"},"canonical":"https:\/\/www.estrategiaconcursos.com.br\/blog\/concurso-camara-extrema-mg\/","og_locale":"pt_BR","og_type":"article","og_title":"Concurso C\u00e2mara de Extrema MG: inscri\u00e7\u00f5es encerradas","og_description":"Concurso c\u00e2mara de Extrema MG: edital publicado oferta 13 vagas para n\u00edveis fundamental, m\u00e9dio e superior. Prova em novembro!","og_url":"https:\/\/www.estrategiaconcursos.com.br\/blog\/concurso-camara-extrema-mg\/","og_site_name":"Estrat\u00e9gia Concursos","article_author":"https:\/\/www.facebook.com\/EstrategiaConcursos","article_published_time":"2022-10-10T11:20:00+00:00","article_modified_time":"2022-10-10T13:09:37+00:00","og_image":[{"width":768,"height":432,"url":"https:\/\/dhg1h5j42swfq.cloudfront.net\/2022\/07\/22194525\/camara_de_extrema_mg.jpg","type":"image\/jpeg"}],"author":"Coordena\u00e7\u00e3o","twitter_card":"summary_large_image","twitter_creator":"@EstratConcursos","twitter_site":"@EstratConcursos","twitter_misc":{"Escrito por":"Coordena\u00e7\u00e3o","Est. tempo de leitura":"5 minutos"},"schema":{"@context":"https:\/\/schema.org","@graph":[{"@type":"NewsArticle","@id":"https:\/\/www.estrategiaconcursos.com.br\/blog\/concurso-camara-extrema-mg\/#article","isPartOf":{"@id":"https:\/\/www.estrategiaconcursos.com.br\/blog\/concurso-camara-extrema-mg\/"},"author":{"name":"Coordena\u00e7\u00e3o","@id":"https:\/\/www.estrategiaconcursos.com.br\/blog\/#\/schema\/person\/b4a388c97673c5f483d72185668afa1f"},"headline":"Concurso C\u00e2mara de Extrema MG: inscri\u00e7\u00f5es encerradas","datePublished":"2022-10-10T11:20:00+00:00","dateModified":"2022-10-10T13:09:37+00:00","mainEntityOfPage":{"@id":"https:\/\/www.estrategiaconcursos.com.br\/blog\/concurso-camara-extrema-mg\/"},"wordCount":673,"commentCount":0,"publisher":{"@id":"https:\/\/www.estrategiaconcursos.com.br\/blog\/#organization"},"image":{"@id":"https:\/\/www.estrategiaconcursos.com.br\/blog\/concurso-camara-extrema-mg\/#primaryimage"},"thumbnailUrl":"https:\/\/dhg1h5j42swfq.cloudfront.net\/2022\/07\/22194525\/camara_de_extrema_mg.jpg","articleSection":["Legislativo"],"inLanguage":"pt-BR","potentialAction":[{"@type":"CommentAction","name":"Comment","target":["https:\/\/www.estrategiaconcursos.com.br\/blog\/concurso-camara-extrema-mg\/#respond"]}],"copyrightYear":"2022","copyrightHolder":{"@id":"https:\/\/www.estrategiaconcursos.com.br\/blog\/#organization"}},{"@type":"WebPage","@id":"https:\/\/www.estrategiaconcursos.com.br\/blog\/concurso-camara-extrema-mg\/","url":"https:\/\/www.estrategiaconcursos.com.br\/blog\/concurso-camara-extrema-mg\/","name":"Concurso C\u00e2mara de Extrema MG: inscri\u00e7\u00f5es encerradas","isPartOf":{"@id":"https:\/\/www.estrategiaconcursos.com.br\/blog\/#website"},"primaryImageOfPage":{"@id":"https:\/\/www.estrategiaconcursos.com.br\/blog\/concurso-camara-extrema-mg\/#primaryimage"},"image":{"@id":"https:\/\/www.estrategiaconcursos.com.br\/blog\/concurso-camara-extrema-mg\/#primaryimage"},"thumbnailUrl":"https:\/\/dhg1h5j42swfq.cloudfront.net\/2022\/07\/22194525\/camara_de_extrema_mg.jpg","datePublished":"2022-10-10T11:20:00+00:00","dateModified":"2022-10-10T13:09:37+00:00","description":"Concurso c\u00e2mara de Extrema MG: edital publicado oferta 13 vagas para n\u00edveis fundamental, m\u00e9dio e superior. Prova em novembro!","breadcrumb":{"@id":"https:\/\/www.estrategiaconcursos.com.br\/blog\/concurso-camara-extrema-mg\/#breadcrumb"},"inLanguage":"pt-BR","potentialAction":[{"@type":"ReadAction","target":["https:\/\/www.estrategiaconcursos.com.br\/blog\/concurso-camara-extrema-mg\/"]}]},{"@type":"ImageObject","inLanguage":"pt-BR","@id":"https:\/\/www.estrategiaconcursos.com.br\/blog\/concurso-camara-extrema-mg\/#primaryimage","url":"https:\/\/dhg1h5j42swfq.cloudfront.net\/2022\/07\/22194525\/camara_de_extrema_mg.jpg","contentUrl":"https:\/\/dhg1h5j42swfq.cloudfront.net\/2022\/07\/22194525\/camara_de_extrema_mg.jpg","width":768,"height":432},{"@type":"BreadcrumbList","@id":"https:\/\/www.estrategiaconcursos.com.br\/blog\/concurso-camara-extrema-mg\/#breadcrumb","itemListElement":[{"@type":"ListItem","position":1,"name":"In\u00edcio","item":"https:\/\/www.estrategiaconcursos.com.br\/blog\/"},{"@type":"ListItem","position":2,"name":"Concurso C\u00e2mara de Extrema MG: inscri\u00e7\u00f5es encerradas"}]},{"@type":"WebSite","@id":"https:\/\/www.estrategiaconcursos.com.br\/blog\/#website","url":"https:\/\/www.estrategiaconcursos.com.br\/blog\/","name":"Estrat\u00e9gia Concursos","description":"O blog da Estrat\u00e9gia Concursos traz not\u00edcias sobre concursos e artigos de professores oferecendo cursos para concursos (pdf + videaulas) no site.","publisher":{"@id":"https:\/\/www.estrategiaconcursos.com.br\/blog\/#organization"},"potentialAction":[{"@type":"SearchAction","target":{"@type":"EntryPoint","urlTemplate":"https:\/\/www.estrategiaconcursos.com.br\/blog\/?s={search_term_string}"},"query-input":{"@type":"PropertyValueSpecification","valueRequired":true,"valueName":"search_term_string"}}],"inLanguage":"pt-BR"},{"@type":"Organization","@id":"https:\/\/www.estrategiaconcursos.com.br\/blog\/#organization","name":"Estrat\u00e9gia Concursos","url":"https:\/\/www.estrategiaconcursos.com.br\/blog\/","logo":{"@type":"ImageObject","inLanguage":"pt-BR","@id":"https:\/\/www.estrategiaconcursos.com.br\/blog\/#\/schema\/logo\/image\/","url":"https:\/\/dhg1h5j42swfq.cloudfront.net\/2025\/06\/03203428\/logo_concursos-1.jpg","contentUrl":"https:\/\/dhg1h5j42swfq.cloudfront.net\/2025\/06\/03203428\/logo_concursos-1.jpg","width":230,"height":60,"caption":"Estrat\u00e9gia Concursos"},"image":{"@id":"https:\/\/www.estrategiaconcursos.com.br\/blog\/#\/schema\/logo\/image\/"},"sameAs":["https:\/\/x.com\/EstratConcursos"]},{"@type":"Person","@id":"https:\/\/www.estrategiaconcursos.com.br\/blog\/#\/schema\/person\/b4a388c97673c5f483d72185668afa1f","name":"Coordena\u00e7\u00e3o","image":{"@type":"ImageObject","inLanguage":"pt-BR","@id":"https:\/\/secure.gravatar.com\/avatar\/b720319e4c9a967eb58678d110f4fe35452fc5d5f97b202bac7b8acceb18c6ad?s=96&d=mm&r=g","url":"https:\/\/secure.gravatar.com\/avatar\/b720319e4c9a967eb58678d110f4fe35452fc5d5f97b202bac7b8acceb18c6ad?s=96&d=mm&r=g","contentUrl":"https:\/\/secure.gravatar.com\/avatar\/b720319e4c9a967eb58678d110f4fe35452fc5d5f97b202bac7b8acceb18c6ad?s=96&d=mm&r=g","caption":"Coordena\u00e7\u00e3o"},"sameAs":["https:\/\/www.facebook.com\/EstrategiaConcursos","https:\/\/x.com\/EstratConcursos"],"url":"https:\/\/www.estrategiaconcursos.com.br\/blog\/author\/estrategia2013\/"}]}},"_links":{"self":[{"href":"https:\/\/www.estrategiaconcursos.com.br\/blog\/wp-json\/wp\/v2\/posts\/1062627","targetHints":{"allow":["GET"]}}],"collection":[{"href":"https:\/\/www.estrategiaconcursos.com.br\/blog\/wp-json\/wp\/v2\/posts"}],"about":[{"href":"https:\/\/www.estrategiaconcursos.com.br\/blog\/wp-json\/wp\/v2\/types\/post"}],"author":[{"embeddable":true,"href":"https:\/\/www.estrategiaconcursos.com.br\/blog\/wp-json\/wp\/v2\/users\/1"}],"replies":[{"embeddable":true,"href":"https:\/\/www.estrategiaconcursos.com.br\/blog\/wp-json\/wp\/v2\/comments?post=1062627"}],"version-history":[{"count":11,"href":"https:\/\/www.estrategiaconcursos.com.br\/blog\/wp-json\/wp\/v2\/posts\/1062627\/revisions"}],"predecessor-version":[{"id":1107225,"href":"https:\/\/www.estrategiaconcursos.com.br\/blog\/wp-json\/wp\/v2\/posts\/1062627\/revisions\/1107225"}],"wp:featuredmedia":[{"embeddable":true,"href":"https:\/\/www.estrategiaconcursos.com.br\/blog\/wp-json\/wp\/v2\/media\/1065742"}],"wp:attachment":[{"href":"https:\/\/www.estrategiaconcursos.com.br\/blog\/wp-json\/wp\/v2\/media?parent=1062627"}],"wp:term":[{"taxonomy":"category","embeddable":true,"href":"https:\/\/www.estrategiaconcursos.com.br\/blog\/wp-json\/wp\/v2\/categories?post=1062627"},{"taxonomy":"post_tag","embeddable":true,"href":"https:\/\/www.estrategiaconcursos.com.br\/blog\/wp-json\/wp\/v2\/tags?post=1062627"},{"taxonomy":"tax_estado","embeddable":true,"href":"https:\/\/www.estrategiaconcursos.com.br\/blog\/wp-json\/wp\/v2\/tax_estado?post=1062627"}],"curies":[{"name":"wp","href":"https:\/\/api.w.org\/{rel}","templated":true}]}}