{"id":1062422,"date":"2022-07-18T12:01:35","date_gmt":"2022-07-18T15:01:35","guid":{"rendered":"https:\/\/www.estrategiaconcursos.com.br\/blog\/?p=1062422"},"modified":"2022-07-18T12:01:37","modified_gmt":"2022-07-18T15:01:37","slug":"conciliar-sefaz-ap-mg","status":"publish","type":"post","link":"https:\/\/www.estrategiaconcursos.com.br\/blog\/conciliar-sefaz-ap-mg\/","title":{"rendered":"<strong>\u00c9 poss\u00edvel conciliar SEFAZ AP e SEFAZ MG?<\/strong>"},"content":{"rendered":"\n<p class=\"has-medium-font-size\">Entenda neste artigo como analisar se \u00e9 poss\u00edvel conciliar SEFAZ AP e SEFAZ MG, de modo a aproveitar o tempo p\u00f3s-edital da melhor maneira.<\/p>\n\n\n\n<p>Fala, pessoal!! A segunda metade do <strong>ano da virada<\/strong>, 2022, j\u00e1 come\u00e7ou, cheia de oportunidades incr\u00edveis para os alunos da \u00e1rea fiscal! Para quem est\u00e1 focado nos fiscos estaduais, os concursos do momento s\u00e3o os da Secretaria de Fazenda do Amap\u00e1 (<a href=\"http:\/\/www.sefaz.ap.gov.br\/\" target=\"_blank\" rel=\"noreferrer noopener\"><strong>SEFAZ AP<\/strong><\/a>) e o da Secretaria da Fazenda do Estado de Minas Gerais (<a href=\"http:\/\/www.fazenda.mg.gov.br\/\" target=\"_blank\" rel=\"noreferrer noopener\"><strong>SEFAZ-MG<\/strong><\/a>).<\/p>\n\n\n\n<p>A tabela abaixo resume algumas informa\u00e7\u00f5es b\u00e1sicas dos dois concursos.<\/p>\n\n\n\n<figure class=\"wp-block-table\"><table><tbody><tr><td><strong>Concurso<\/strong><\/td><td><strong>Data da prova<\/strong><\/td><td><strong>Banca<\/strong><\/td><td><strong>Cargos<\/strong><\/td><\/tr><tr><td>SEFAZ AP<\/td><td>18\/09\/2022 (Fiscal)25\/09\/2022 (Auditor)<\/td><td>FCC<\/td><td>Auditor da Receita Fiscal da Receita<\/td><\/tr><tr><td>SEFAZ MG<\/td><td>11\/12\/2022 (Prova Objetiva)26\/02\/2023 (Prova Discursiva)<\/td><td>FGV<\/td><td>Auditor Fiscal<\/td><\/tr><\/tbody><\/table><figcaption>Informa\u00e7\u00f5es b\u00e1sicas SEFAZ AP e SEFAZ MG<\/figcaption><\/figure>\n\n\n\n<p>Ser\u00e1 que \u00e9 poss\u00edvel conciliar os estudos para esses dois concursos? Ou \u00e9 melhor escolher apenas um deles e focar? Ou, quem sabe, focar na SEFAZ AP, que \u00e9 a primeira prova, e depois mergulhar na SEFAZ MG?<\/p>\n\n\n\n<p>Pessoal, infelizmente, n\u00e3o existe uma resposta objetiva e universal para esses questionamentos. O que vamos tentar aqui \u00e9 dar algumas orienta\u00e7\u00f5es e provocar certas reflex\u00f5es, para que cada aluno, com base em sua realidade e de acordo com seus prop\u00f3sitos, possa tomar a melhor decis\u00e3o poss\u00edvel. Vamos l\u00e1?<\/p>\n\n\n\n<h2 class=\"wp-block-heading\" id=\"h-estou-pronto-para-fazer-a-prova-como-conciliar-sefaz-ap-e-sefaz-mg\"><strong>Estou pronto para fazer a prova?<\/strong> <strong>&#8211; como conciliar SEFAZ AP e SEFAZ MG<\/strong><\/h2>\n\n\n\n<p>Antes de decidir conciliar ou n\u00e3o as duas provas, \u00e9 importante se questionar: estou pronto (a) para fazer <strong>uma<\/strong> prova? Devo mudar o rumo dos meus estudos, do planejamento que eu vinha seguindo, para me adaptar ao novo edital publicado?<\/p>\n\n\n\n<p>Esse questionamento \u00e9 aparentemente simples, muitos alunos sequer t\u00eam essa preocupa\u00e7\u00e3o. Acham que o fluxo \u00e9 t\u00e3o simples quanto: estudar mais ou menos \u00e0 sair o edital \u00e0 estudar mais focado, com base no edital \u00e0 fazer a prova. E \u00e9 justamente a\u00ed que mora o perigo!<\/p>\n\n\n\n<p>Ao mudar de planejamento a cada vez que um edital \u00e9 publicado, o estudo fica bagun\u00e7ado, no sentido de que aquelas mat\u00e9rias que s\u00e3o vistas de \u00faltima hora, \u00e0s pressas, n\u00e3o s\u00e3o bem assimiladas. E o resultado final \u00e9, em geral, uma grande perda de tempo e muita frustra\u00e7\u00e3o.<\/p>\n\n\n\n<p>Por isso, a recomenda\u00e7\u00e3o \u00e9 que o aluno iniciante foque na prepara\u00e7\u00e3o das mat\u00e9rias b\u00e1sicas da sua \u00e1rea (no caso, da \u00e1rea fiscal). Assim, se voc\u00ea ainda n\u00e3o finalizou o chamado<a href=\"https:\/\/www.estrategiaconcursos.com.br\/blog\/as-materias-mais-importantes-para-os-concursos-fiscais\/\" target=\"_blank\" rel=\"noreferrer noopener\"> <strong>ciclo b\u00e1sico da \u00e1rea fiscal<\/strong><\/a>, n\u00e3o \u00e9 hora de desfocar.<\/p>\n\n\n\n<p>Pode parecer tentador fazer as provas, por\u00e9m n\u00e3o vale a pena parar as mat\u00e9rias b\u00e1sicas para tentar \u201cpegar alguma coisa\u201d, ou \u201cver por cima\u201d as mat\u00e9rias espec\u00edficas, muito menos as legisla\u00e7\u00f5es locais. Esses movimentos, em geral, apenas atrasam a prepara\u00e7\u00e3o.<\/p>\n\n\n\n<p>Por outro lado, um aluno avan\u00e7ado, que j\u00e1 est\u00e1 revisando as mat\u00e9rias b\u00e1sicas e vem avan\u00e7ando bem nas espec\u00edficas, j\u00e1 tem condi\u00e7\u00e3o de chegar competitivo nas provas e de se organizar para gerir mais de um edital.<\/p>\n\n\n\n<p>Portanto, as orienta\u00e7\u00f5es a seguir se aplicam mais aos alunos avan\u00e7ados, ok?<\/p>\n\n\n\n<h2 class=\"wp-block-heading\" id=\"h-antes-de-descartar-como-conciliar-sefaz-ap-e-sefaz-mg\"><strong>Antes de descartar&#8230;<\/strong> <strong>&#8211; como conciliar SEFAZ AP e SEFAZ MG<\/strong><\/h2>\n\n\n\n<p>Antes de tomar uma decis\u00e3o importante, \u00e9 importante dar um passo atr\u00e1s e observar as premissas absolutas que est\u00e3o sendo impostas pela pr\u00f3pria mente. Muitas vezes, esses crit\u00e9rios a priori inquestion\u00e1veis s\u00e3o, no fundo, preconceitos inconscientes, que podem estar fechando portas importantes antes mesmo de uma an\u00e1lise mais racional.<\/p>\n\n\n\n<p>Assim, por exemplo, um aluno do sul do pa\u00eds pode ter automaticamente descartado fazer a prova da SEFAZ AP, por ser muito longe. Seguindo o mesmo racioc\u00ednio, algum aluno do norte pode ter descartado Minas Gerais.<\/p>\n\n\n\n<p>Nesses casos, valem algumas reflex\u00f5es:<\/p>\n\n\n\n<ul class=\"wp-block-list\"><li>Diante de um cen\u00e1rio em que o trabalho remoto, ou teletrabalho, tem ganhado cada vez mais for\u00e7a, vale a pena entender como o \u00f3rg\u00e3o para o qual se est\u00e1 prestando o concurso encara essa quest\u00e3o;<\/li><li>Especialmente na \u00e1rea fiscal, h\u00e1 algumas secretarias de fazenda que trabalham com plant\u00f5es fiscais. A depender do tipo de regime, \u00e9 poss\u00edvel ter uma periodicidade de folgas que possibilite o retorno frequente ao estado de origem;<\/li><li>\u00c9 interessante conversar com pessoas que trabalham no \u00f3rg\u00e3o e moram na cidade de lota\u00e7\u00e3o prevista, para ter uma vis\u00e3o que, certamente, ser\u00e1 mais pr\u00f3xima da realidade do que uma imagem constru\u00edda sem qualquer embasamento;<\/li><li>Morar em um estado diferente pode ser uma experi\u00eancia de vida enriquecedora. Ser\u00e1 que a premissa de continuar no estado atual \u00e9 realmente intranspon\u00edvel?<\/li><li>Ser\u00e1 que n\u00e3o \u00e9 melhor fazer a prova e depois, caso a aprova\u00e7\u00e3o venha, pensar melhor sobre tomar posse ou n\u00e3o, ao inv\u00e9s de simplesmente descartar a oportunidade?<\/li><\/ul>\n\n\n\n<p>Superadas essas quest\u00f5es preliminares, mais subjetivas, \u00e9 claro que outros aspectos precisam ser levados em conta, a exemplo da condi\u00e7\u00e3o financeira de viajar para fazer provas em outras cidades. Mas o principal objetivo desta se\u00e7\u00e3o \u00e9 de provocar uma reflex\u00e3o.<\/p>\n\n\n\n<h2 class=\"wp-block-heading\" id=\"h-subdivisao-quanto-a-areas-e-cargos\"><strong>Subdivis\u00e3o quanto a \u00e1reas e cargos<\/strong><\/h2>\n\n\n\n<p>Os editais da \u00e1rea fiscal normalmente s\u00e3o subdivididos de acordo com a organiza\u00e7\u00e3o interna da secretaria de fazenda, seja em rela\u00e7\u00e3o aos cargos, seja quanto \u00e0s \u00e1reas de atua\u00e7\u00e3o.<\/p>\n\n\n\n<p>No caso da SEFAZ AP, s\u00e3o ofertadas vagas em dois cargos: <strong>Auditor da Receita Estadual (ARE)<\/strong> e <strong>Fiscal da Receita Estadual (FRE)<\/strong>. Ressalta-se que ambos os cargos t\u00eam o mesmo sal\u00e1rio inicial.<\/p>\n\n\n\n<p>Quanto \u00e0s mat\u00e9rias, elas s\u00e3o id\u00eanticas, tanto na parte de <em>Conhecimentos Gerais<\/em> quanto na de <em>Conhecimentos Espec\u00edficos<\/em>.<\/p>\n\n\n\n<p>Nesse quesito, a \u00fanica diferen\u00e7a entre os dois cargos \u00e9 o peso dado \u00e0s disciplinas <em>Direito Tribut\u00e1rio<\/em> e <em>Auditoria Tribut\u00e1ria<\/em>. Para ARE, a prova de Auditoria Tribut\u00e1ria tem um peso maior, com 15 quest\u00f5es, enquanto a de Direito Tribut\u00e1rio tem 10. Para o cargo FRE, os pesos se invertem.<\/p>\n\n\n\n<p>J\u00e1 no caso da SEFAZ MG, existe um \u00fanico cargo, o de <strong>Auditor Fiscal da Receita Estadual (AFRE)<\/strong>. No entanto, h\u00e1 uma subdivis\u00e3o por \u00e1reas do conhecimento, que s\u00e3o: <em>Auditoria e Fiscaliza\u00e7\u00e3o<\/em>, <em>Tributa\u00e7\u00e3o<\/em>, <em>Tecnologia da Informa\u00e7\u00e3o<\/em>. A parte de <em>Conhecimentos Gerais<\/em> \u00e9 comum nas tr\u00eas \u00e1reas, e a parte de <em>Conhecimento Gerais<\/em> \u00e9 diferenciada.<\/p>\n\n\n\n<h2 class=\"wp-block-heading\" id=\"h-comparacao-das-disciplinas\"><strong>Compara\u00e7\u00e3o das disciplinas<\/strong><\/h2>\n\n\n\n<h3 class=\"wp-block-heading\" id=\"h-conhecimentos-basicos-como-conciliar-sefaz-ap-e-sefaz-mg\"><strong>Conhecimentos B\u00e1sicos<\/strong> <strong>&#8211; como conciliar SEFAZ AP e SEFAZ MG<\/strong><\/h3>\n\n\n\n<p>O quadro abaixo compara os dois concursos, com rela\u00e7\u00e3o \u00e0s disciplinas de <strong>Conhecimentos B\u00e1sicos<\/strong>. As colunas da SEFAZ MG relacionam-se \u00e0s \u00e1reas do conhecimento da seguinte forma:<\/p>\n\n\n\n<p>SEFAZ MG 1 \u2013 Auditoria e Fiscaliza\u00e7\u00e3o<\/p>\n\n\n\n<p>SEFAZ MG 2 \u2013 Tributa\u00e7\u00e3o<\/p>\n\n\n\n<p>SEFAZ MG 3 \u2013 Tecnologia da Informa\u00e7\u00e3o (TI)<\/p>\n\n\n\n<div class=\"wp-block-image\"><figure class=\"aligncenter size-full\"><img loading=\"lazy\" decoding=\"async\" width=\"514\" height=\"407\" src=\"https:\/\/dhg1h5j42swfq.cloudfront.net\/2022\/07\/16205806\/conhecimentos-basicos.png\" alt=\"Conhecimentos B\u00e1sicos - conciliar SEFAZ AP e SEFAZ MG\" class=\"wp-image-1062429\" srcset=\"https:\/\/dhg1h5j42swfq.cloudfront.net\/2022\/07\/16205806\/conhecimentos-basicos.png 514w, https:\/\/dhg1h5j42swfq.cloudfront.net\/2022\/07\/16205806\/conhecimentos-basicos-300x238.png 300w, https:\/\/dhg1h5j42swfq.cloudfront.net\/2022\/07\/16205806\/conhecimentos-basicos-150x119.png 150w\" sizes=\"auto, (max-width: 514px) 100vw, 514px\" \/><figcaption>Conhecimentos B\u00e1sicos comparativo<\/figcaption><\/figure><\/div>\n\n\n\n<p>Nota-se que, al\u00e9m das disciplinas b\u00e1sicas da \u00e1rea fiscal, h\u00e1 algumas outras que nem sempre aparecem nos editais, tais como Direito Penal e Direito Civil.<\/p>\n\n\n\n<p>A primeira diferen\u00e7a entre SEFAZ AP e SEFAZ MG est\u00e1 na disciplina <em>Direito Tribut\u00e1rio<\/em>: apesar de n\u00e3o aparecer em Conhecimentos Gerais no edital da SEFAZ AP, essa \u00e9 uma mat\u00e9ria de peso da \u00e1rea fiscal. Portanto estar\u00e1 na parte espec\u00edfica.<\/p>\n\n\n\n<p>A SEFAZ MG dividiu a disciplina em Direito Tribut\u00e1rio I e Direito Tribut\u00e1rio II. A primeira \u00e9 cobrada na parte de Conhecimentos Gerais para as tr\u00eas \u00e1reas do conhecimento, enquanto a segunda, conforme ser\u00e1 visto adiante, n\u00e3o \u00e9 cobrada para uma das \u00e1reas de conhecimentos.<\/p>\n\n\n\n<p>Ademais, as disciplinas Direitos Humanos e Economia n\u00e3o est\u00e3o no edital da SEFAZ AP \u2013 nem na parte espec\u00edfica \u2013 e est\u00e3o no da SEFAZ MG. Entretanto, ressalta-se que ambas constam no edital acompanhadas de outras disciplinas, como destaca a imagem abaixo.<\/p>\n\n\n\n<div class=\"wp-block-image\"><figure class=\"aligncenter size-full\"><img loading=\"lazy\" decoding=\"async\" width=\"704\" height=\"342\" src=\"https:\/\/dhg1h5j42swfq.cloudfront.net\/2022\/07\/16205849\/basico-mg-destaque.png\" alt=\"Conhecimentos B\u00e1sicos SEFAZ MG - conciliar SEFAZ AP e SEFAZ MG\" class=\"wp-image-1062430\" srcset=\"https:\/\/dhg1h5j42swfq.cloudfront.net\/2022\/07\/16205849\/basico-mg-destaque.png 704w, https:\/\/dhg1h5j42swfq.cloudfront.net\/2022\/07\/16205849\/basico-mg-destaque-300x146.png 300w, https:\/\/dhg1h5j42swfq.cloudfront.net\/2022\/07\/16205849\/basico-mg-destaque-610x296.png 610w, https:\/\/dhg1h5j42swfq.cloudfront.net\/2022\/07\/16205849\/basico-mg-destaque-150x73.png 150w\" sizes=\"auto, (max-width: 704px) 100vw, 704px\" \/><figcaption>Conhecimentos B\u00e1sicos SEFAZ MG<\/figcaption><\/figure><\/div>\n\n\n\n<h3 class=\"wp-block-heading\" id=\"h-conhecimentos-especificos-como-conciliar-sefaz-ap-e-sefaz-mg\"><strong>Conhecimentos Espec\u00edficos<\/strong> <strong>&#8211; como conciliar SEFAZ AP e SEFAZ MG<\/strong><\/h3>\n\n\n\n<p>A imagem abaixo traz um comparativo entre as disciplinas presentes no edital da SEFAZ AP, que s\u00e3o comuns para os dois cargos, e aquelas do edital da SEFAZ MG, seguindo, para esta \u00faltima, a mesma correspond\u00eancia entre os nomes das colunas (SEFAZ MG 1, 2 e 3) e as \u00e1reas do conhecimento.<\/p>\n\n\n\n<div class=\"wp-block-image\"><figure class=\"aligncenter size-full\"><img loading=\"lazy\" decoding=\"async\" width=\"611\" height=\"447\" src=\"https:\/\/dhg1h5j42swfq.cloudfront.net\/2022\/07\/16205948\/conhecimentos-especificos.png\" alt=\"Conhecimentos Espec\u00edficos - conciliar SEFAZ AP e SEFAZ MG\" class=\"wp-image-1062432\" srcset=\"https:\/\/dhg1h5j42swfq.cloudfront.net\/2022\/07\/16205948\/conhecimentos-especificos.png 611w, https:\/\/dhg1h5j42swfq.cloudfront.net\/2022\/07\/16205948\/conhecimentos-especificos-300x219.png 300w, https:\/\/dhg1h5j42swfq.cloudfront.net\/2022\/07\/16205948\/conhecimentos-especificos-150x110.png 150w\" sizes=\"auto, (max-width: 611px) 100vw, 611px\" \/><figcaption>Conhecimentos Espec\u00edficos comparativo<\/figcaption><\/figure><\/div>\n\n\n\n<h4 class=\"wp-block-heading\" id=\"h-sefaz-ap-x-area-auditoria-e-fiscalizacao-da-sefaz-mg\"><strong>SEFAZ AP x \u00e1rea Auditoria e Fiscaliza\u00e7\u00e3o da SEFAZ MG<\/strong><\/h4>\n\n\n\n<p>Da an\u00e1lise das disciplinas presentes na parte de Conhecimentos Espec\u00edficos, nota-se que a sinergia entre os editais ocorre notadamente entre o edital da SEFAZ AP e o da \u00e1rea do conhecimento <em>Auditoria e Fiscaliza\u00e7\u00e3o<\/em> da SEFAZ MG. Comparando-se os dois conte\u00fados, as diferen\u00e7as est\u00e3o na disciplina de TI e Auditoria.<\/p>\n\n\n\n<p>A disciplina da <em>Tecnologia da Informa\u00e7\u00e3o aplicada \u00e0 Auditoria<\/em> tem aparecido nos editais mais recentes da \u00e1rea fiscal, trazendo, em geral, bastante dificuldade para os alunos que n\u00e3o s\u00e3o da \u00e1rea. Assim, espera-se que um aluno avan\u00e7ado j\u00e1 tenha inclu\u00eddo essa disciplina em seu ciclo de estudos.<\/p>\n\n\n\n<p>Sendo assim, apesar de sua dificuldade, como essa \u00e9 uma disciplina esperada e estrat\u00e9gica para a \u00e1rea fiscal como um todo, entende-se que ela n\u00e3o deva ser utilizada como crit\u00e9rio para optar pela SEFAZ MG em detrimento da SEFAZ AP. A menos que o aluno ainda n\u00e3o tenha iniciado a disciplina ou realmente tenha uma dificuldade acima da m\u00e9dia.<\/p>\n\n\n\n<p>Com rela\u00e7\u00e3o a Auditoria, a SEFAZ AP denomina Auditoria Tribut\u00e1ria, enquanto a SEFAZ MG denomina Auditoria Cont\u00e1bil. O conte\u00fado \u00e9 bastante semelhante, sendo que o da SEFAZ MG \u00e9 mais abrangente. Dessa forma, caso se utilize o edital da SEFAZ MG como refer\u00eancia, j\u00e1 se garante o da SEFAZ AP.<\/p>\n\n\n\n<p>&nbsp;Em resumo, para o aluno que est\u00e1 avan\u00e7ado, com um bom ritmo de estudos, \u00e9 perfeitamente poss\u00edvel encarar os dois editais, dando \u00eanfase, durante a resolu\u00e7\u00e3o de quest\u00f5es \u00e0 banca do seu concurso preferido.<\/p>\n\n\n\n<h4 class=\"wp-block-heading\" id=\"h-sefaz-ap-x-area-tributacao-da-sefaz-mg\"><strong>SEFAZ AP x \u00e1rea Tributa\u00e7\u00e3o da SEFAZ MG<\/strong><\/h4>\n\n\n\n<p>Com rela\u00e7\u00e3o \u00e0 SEFAZ AP, a \u00e1rea <em>Tributa\u00e7\u00e3o<\/em> da SEFAZ MG acrescenta duas disciplinas: um conjunto que abrange <em>Direito Civil<\/em>, <em>Processual Civil<\/em> e <em>Empresarial<\/em>, e o <em>Direito Processual Tribut\u00e1rio<\/em>.<\/p>\n\n\n\n<p>Dessa forma, a op\u00e7\u00e3o por prestar os dois concursos requer o estudo dessas disciplinas, cumulativamente com mat\u00e9rias de peso da SEFAZ AP, tais como TI e Contabilidade. Essa parece n\u00e3o ser uma boa estrat\u00e9gia mesmo para os alunos mais avan\u00e7ados.<\/p>\n\n\n\n<p>Assim, caso exista uma afinidade grande pela \u00e1rea <em>Tributa\u00e7\u00e3o<\/em>, \u00e9 mais estrat\u00e9gico focar na SEFAZ MG.<\/p>\n\n\n\n<h4 class=\"wp-block-heading\" id=\"h-sefaz-ap-x-area-tecnologia-da-informacao-da-sefaz-mg\"><strong>SEFAZ AP x \u00e1rea Tecnologia da Informa\u00e7\u00e3o da SEFAZ MG<\/strong><\/h4>\n\n\n\n<p>Por fim, comparando as disciplinas da \u00e1rea <em>Tecnologia da Informa\u00e7\u00e3o<\/em> da SEFAZ MG com as da SEFAZ AP, nota-se, \u00e0 primeira vista, que h\u00e1 apenas uma em comum. Esse entendimento pode ser questionado da seguinte maneira: a disciplina <em>Tecnologia da Informa\u00e7\u00e3o Aplicada \u00e0 Auditoria<\/em> da SEFAZ AP n\u00e3o englobaria a maior parte das disciplinas da \u00e1rea de TI da SEFAZ MG?<\/p>\n\n\n\n<p>A resposta \u00e9 sim. De fato, ao estudar TI aplicada \u00e0 Auditoria para a SEFAZ AP, o aluno ter\u00e1 uma vis\u00e3o geral de praticamente todas as disciplinas da \u00e1rea 3 da SEFAZ MG. No entanto, \u00e9 importante levar a diferen\u00e7a entre os pesos desses conte\u00fados nas duas provas.<\/p>\n\n\n\n<p>Para chegar \u00e0 prova realmente competitivo, um candidato aos cargos da SEFAZ AP vai dividir sua dedica\u00e7\u00e3o entre TI e as demais disciplinas que constam na parte espec\u00edfica de seu edital. J\u00e1 o candidato de TI da SEFAZ MG deve ter foco total nas disciplinas espec\u00edficas, todas relacionadas \u00e0 \u00e1rea.<\/p>\n\n\n\n<p>Em resumo, em havendo afinidade com a \u00e1rea de TI, tamb\u00e9m parece ser mais estrat\u00e9gico focar na SEFAZ MG.<\/p>\n\n\n\n<p>E assim terminamos mais um artigo! Excelentes estudos a todos!<\/p>\n\n\n\n<p>Lara Dourado<\/p>\n\n\n\n<h2 class=\"has-text-align-center wp-block-heading\" id=\"h-cursos-e-assinaturas\">Cursos e Assinaturas <\/h2>\n\n\n\n<p>Prepare-se com o melhor material e com quem mais aprova em Concursos P\u00fablicos em todo o pa\u00eds!<\/p>\n\n\n\n<p class=\"has-text-align-center has-white-color has-vivid-purple-background-color has-text-color has-background\"><a href=\"https:\/\/www.estrategiaconcursos.com.br\/blog\/concursos-abertos\/\" target=\"_blank\" rel=\"noreferrer noopener\"><strong><span class=\"has-inline-color has-white-color\">Concursos abertos<\/span><\/strong><\/a><\/p>\n\n\n\n<p class=\"has-text-align-center has-white-color has-vivid-purple-background-color has-text-color has-background\"><strong><a href=\"https:\/\/www.estrategiaconcursos.com.br\/blog\/concursos-2022\/\" target=\"_blank\" rel=\"noreferrer noopener\"><span class=\"has-inline-color has-white-color\">Concursos 2022<\/span><\/a><\/strong><\/p>\n\n\n\n<div class=\"container\" id=\"boxes\">\n  <div class=\"row\">\n    <div class=\"col-sm\">\n      <div class=\"estrategia\" id=\"box-assinatura\">\n        <h3 class=\"titulo-assinatura\">Assinatura de Concursos<\/h3>\n        <p class=\"subtitulo-assinatura\">Assinatura de 1 ano ou 2 anos<\/p>\n        <div class=\"box-botao\">\n          <a class=\"btn-assinatura\" target=\"_blank\" href=\"https:\/\/www.estrategiaconcursos.com.br\/assinaturas\/\" role=\"button\" rel=\"noopener noreferrer\">ASSINE AGORA<\/a>\n        <\/div>\n      <\/div>\n      \n    <\/div><\/div><\/div>\n","protected":false},"excerpt":{"rendered":"<p>Entenda neste artigo como analisar se \u00e9 poss\u00edvel conciliar SEFAZ AP e SEFAZ MG, de modo a aproveitar o tempo p\u00f3s-edital da melhor maneira. Fala, pessoal!! A segunda metade do ano da virada, 2022, j\u00e1 come\u00e7ou, cheia de oportunidades incr\u00edveis para os alunos da \u00e1rea fiscal! Para quem est\u00e1 focado nos fiscos estaduais, os concursos [&hellip;]<\/p>\n","protected":false},"author":2031,"featured_media":683358,"comment_status":"open","ping_status":"closed","sticky":false,"template":"","format":"standard","meta":{"post_tipo":"article","footnotes":""},"categories":[1,1983],"tags":[],"tax_estado":[219967,219974],"class_list":["post-1062422","post","type-post","status-publish","format-standard","has-post-thumbnail","hentry","category-cursos-e-concursos","category-fiscal-estadual","tax_estado-ap","tax_estado-mg"],"acf":[],"yoast_head":"<!-- This site is optimized with the Yoast SEO Premium plugin v27.2 (Yoast SEO v27.2) - https:\/\/yoast.com\/product\/yoast-seo-premium-wordpress\/ -->\n<title>\u00c9 poss\u00edvel conciliar SEFAZ AP e SEFAZ MG?<\/title>\n<meta name=\"description\" content=\"Entenda neste artigo como analisar se \u00e9 poss\u00edvel conciliar SEFAZ AP e SEFAZ MG, de modo a aproveitar o tempo p\u00f3s-edital da melhor maneira.\" \/>\n<meta name=\"robots\" content=\"index, follow, max-snippet:-1, max-image-preview:large, max-video-preview:-1\" \/>\n<link rel=\"canonical\" href=\"https:\/\/www.estrategiaconcursos.com.br\/blog\/conciliar-sefaz-ap-mg\/\" \/>\n<meta property=\"og:locale\" content=\"pt_BR\" \/>\n<meta property=\"og:type\" content=\"article\" \/>\n<meta property=\"og:title\" content=\"\u00c9 poss\u00edvel conciliar SEFAZ AP e SEFAZ MG?\" \/>\n<meta property=\"og:description\" content=\"Entenda neste artigo como analisar se \u00e9 poss\u00edvel conciliar SEFAZ AP e SEFAZ MG, de modo a aproveitar o tempo p\u00f3s-edital da melhor maneira.\" \/>\n<meta property=\"og:url\" content=\"https:\/\/www.estrategiaconcursos.com.br\/blog\/conciliar-sefaz-ap-mg\/\" \/>\n<meta property=\"og:site_name\" content=\"Estrat\u00e9gia Concursos\" \/>\n<meta property=\"article:published_time\" content=\"2022-07-18T15:01:35+00:00\" \/>\n<meta property=\"article:modified_time\" content=\"2022-07-18T15:01:37+00:00\" \/>\n<meta property=\"og:image\" content=\"https:\/\/dhg1h5j42swfq.cloudfront.net\/2021\/03\/02152648\/area-fiscal.jpg\" \/>\n\t<meta property=\"og:image:width\" content=\"396\" \/>\n\t<meta property=\"og:image:height\" content=\"361\" \/>\n\t<meta property=\"og:image:type\" content=\"image\/jpeg\" \/>\n<meta name=\"author\" content=\"Lara Dourado Vasconcelos Nascimento\" \/>\n<meta name=\"twitter:card\" content=\"summary_large_image\" \/>\n<meta name=\"twitter:creator\" content=\"@EstratConcursos\" \/>\n<meta name=\"twitter:site\" content=\"@EstratConcursos\" \/>\n<meta name=\"twitter:label1\" content=\"Escrito por\" \/>\n\t<meta name=\"twitter:data1\" content=\"Lara Dourado Vasconcelos Nascimento\" \/>\n\t<meta name=\"twitter:label2\" content=\"Est. tempo de leitura\" \/>\n\t<meta name=\"twitter:data2\" content=\"11 minutos\" \/>\n<script type=\"application\/ld+json\" class=\"yoast-schema-graph\">{\"@context\":\"https:\/\/schema.org\",\"@graph\":[{\"@type\":\"NewsArticle\",\"@id\":\"https:\/\/www.estrategiaconcursos.com.br\/blog\/conciliar-sefaz-ap-mg\/#article\",\"isPartOf\":{\"@id\":\"https:\/\/www.estrategiaconcursos.com.br\/blog\/conciliar-sefaz-ap-mg\/\"},\"author\":{\"name\":\"Lara Dourado Vasconcelos Nascimento\",\"@id\":\"https:\/\/www.estrategiaconcursos.com.br\/blog\/#\/schema\/person\/ed942c42839b8accae96508abec7504a\"},\"headline\":\"\u00c9 poss\u00edvel conciliar SEFAZ AP e SEFAZ MG?\",\"datePublished\":\"2022-07-18T15:01:35+00:00\",\"dateModified\":\"2022-07-18T15:01:37+00:00\",\"mainEntityOfPage\":{\"@id\":\"https:\/\/www.estrategiaconcursos.com.br\/blog\/conciliar-sefaz-ap-mg\/\"},\"wordCount\":1968,\"commentCount\":0,\"publisher\":{\"@id\":\"https:\/\/www.estrategiaconcursos.com.br\/blog\/#organization\"},\"image\":{\"@id\":\"https:\/\/www.estrategiaconcursos.com.br\/blog\/conciliar-sefaz-ap-mg\/#primaryimage\"},\"thumbnailUrl\":\"https:\/\/dhg1h5j42swfq.cloudfront.net\/2021\/03\/02152648\/area-fiscal.jpg\",\"articleSection\":[\"Concursos P\u00fablicos\",\"Fiscal - Estadual (ICMS)\"],\"inLanguage\":\"pt-BR\",\"potentialAction\":[{\"@type\":\"CommentAction\",\"name\":\"Comment\",\"target\":[\"https:\/\/www.estrategiaconcursos.com.br\/blog\/conciliar-sefaz-ap-mg\/#respond\"]}],\"copyrightYear\":\"2022\",\"copyrightHolder\":{\"@id\":\"https:\/\/www.estrategiaconcursos.com.br\/blog\/#organization\"}},{\"@type\":\"WebPage\",\"@id\":\"https:\/\/www.estrategiaconcursos.com.br\/blog\/conciliar-sefaz-ap-mg\/\",\"url\":\"https:\/\/www.estrategiaconcursos.com.br\/blog\/conciliar-sefaz-ap-mg\/\",\"name\":\"\u00c9 poss\u00edvel conciliar SEFAZ AP e SEFAZ MG?\",\"isPartOf\":{\"@id\":\"https:\/\/www.estrategiaconcursos.com.br\/blog\/#website\"},\"primaryImageOfPage\":{\"@id\":\"https:\/\/www.estrategiaconcursos.com.br\/blog\/conciliar-sefaz-ap-mg\/#primaryimage\"},\"image\":{\"@id\":\"https:\/\/www.estrategiaconcursos.com.br\/blog\/conciliar-sefaz-ap-mg\/#primaryimage\"},\"thumbnailUrl\":\"https:\/\/dhg1h5j42swfq.cloudfront.net\/2021\/03\/02152648\/area-fiscal.jpg\",\"datePublished\":\"2022-07-18T15:01:35+00:00\",\"dateModified\":\"2022-07-18T15:01:37+00:00\",\"description\":\"Entenda neste artigo como analisar se \u00e9 poss\u00edvel conciliar SEFAZ AP e SEFAZ MG, de modo a aproveitar o tempo p\u00f3s-edital da melhor maneira.\",\"breadcrumb\":{\"@id\":\"https:\/\/www.estrategiaconcursos.com.br\/blog\/conciliar-sefaz-ap-mg\/#breadcrumb\"},\"inLanguage\":\"pt-BR\",\"potentialAction\":[{\"@type\":\"ReadAction\",\"target\":[\"https:\/\/www.estrategiaconcursos.com.br\/blog\/conciliar-sefaz-ap-mg\/\"]}]},{\"@type\":\"ImageObject\",\"inLanguage\":\"pt-BR\",\"@id\":\"https:\/\/www.estrategiaconcursos.com.br\/blog\/conciliar-sefaz-ap-mg\/#primaryimage\",\"url\":\"https:\/\/dhg1h5j42swfq.cloudfront.net\/2021\/03\/02152648\/area-fiscal.jpg\",\"contentUrl\":\"https:\/\/dhg1h5j42swfq.cloudfront.net\/2021\/03\/02152648\/area-fiscal.jpg\",\"width\":396,\"height\":361,\"caption\":\"\u00c1rea Fiscal: Concursos P\u00fablicos e o Princ\u00edpio de Pareto\"},{\"@type\":\"BreadcrumbList\",\"@id\":\"https:\/\/www.estrategiaconcursos.com.br\/blog\/conciliar-sefaz-ap-mg\/#breadcrumb\",\"itemListElement\":[{\"@type\":\"ListItem\",\"position\":1,\"name\":\"In\u00edcio\",\"item\":\"https:\/\/www.estrategiaconcursos.com.br\/blog\/\"},{\"@type\":\"ListItem\",\"position\":2,\"name\":\"\u00c9 poss\u00edvel conciliar SEFAZ AP e SEFAZ MG?\"}]},{\"@type\":\"WebSite\",\"@id\":\"https:\/\/www.estrategiaconcursos.com.br\/blog\/#website\",\"url\":\"https:\/\/www.estrategiaconcursos.com.br\/blog\/\",\"name\":\"Estrat\u00e9gia Concursos\",\"description\":\"O blog da Estrat\u00e9gia Concursos traz not\u00edcias sobre concursos e artigos de professores oferecendo cursos para concursos (pdf + videaulas) no site.\",\"publisher\":{\"@id\":\"https:\/\/www.estrategiaconcursos.com.br\/blog\/#organization\"},\"potentialAction\":[{\"@type\":\"SearchAction\",\"target\":{\"@type\":\"EntryPoint\",\"urlTemplate\":\"https:\/\/www.estrategiaconcursos.com.br\/blog\/?s={search_term_string}\"},\"query-input\":{\"@type\":\"PropertyValueSpecification\",\"valueRequired\":true,\"valueName\":\"search_term_string\"}}],\"inLanguage\":\"pt-BR\"},{\"@type\":\"Organization\",\"@id\":\"https:\/\/www.estrategiaconcursos.com.br\/blog\/#organization\",\"name\":\"Estrat\u00e9gia Concursos\",\"url\":\"https:\/\/www.estrategiaconcursos.com.br\/blog\/\",\"logo\":{\"@type\":\"ImageObject\",\"inLanguage\":\"pt-BR\",\"@id\":\"https:\/\/www.estrategiaconcursos.com.br\/blog\/#\/schema\/logo\/image\/\",\"url\":\"https:\/\/dhg1h5j42swfq.cloudfront.net\/2025\/06\/03203428\/logo_concursos-1.jpg\",\"contentUrl\":\"https:\/\/dhg1h5j42swfq.cloudfront.net\/2025\/06\/03203428\/logo_concursos-1.jpg\",\"width\":230,\"height\":60,\"caption\":\"Estrat\u00e9gia Concursos\"},\"image\":{\"@id\":\"https:\/\/www.estrategiaconcursos.com.br\/blog\/#\/schema\/logo\/image\/\"},\"sameAs\":[\"https:\/\/x.com\/EstratConcursos\"]},{\"@type\":\"Person\",\"@id\":\"https:\/\/www.estrategiaconcursos.com.br\/blog\/#\/schema\/person\/ed942c42839b8accae96508abec7504a\",\"name\":\"Lara Dourado Vasconcelos Nascimento\",\"image\":{\"@type\":\"ImageObject\",\"inLanguage\":\"pt-BR\",\"@id\":\"https:\/\/secure.gravatar.com\/avatar\/9d538f04fca167e02f0f7f690d97a840f4cef43d51983c7a45c635fedaf396e1?s=96&d=mm&r=g\",\"url\":\"https:\/\/secure.gravatar.com\/avatar\/9d538f04fca167e02f0f7f690d97a840f4cef43d51983c7a45c635fedaf396e1?s=96&d=mm&r=g\",\"contentUrl\":\"https:\/\/secure.gravatar.com\/avatar\/9d538f04fca167e02f0f7f690d97a840f4cef43d51983c7a45c635fedaf396e1?s=96&d=mm&r=g\",\"caption\":\"Lara Dourado Vasconcelos Nascimento\"},\"url\":\"https:\/\/www.estrategiaconcursos.com.br\/blog\/author\/laradvascgmail-com\/\"}]}<\/script>\n<!-- \/ Yoast SEO Premium plugin. -->","yoast_head_json":{"title":"\u00c9 poss\u00edvel conciliar SEFAZ AP e SEFAZ MG?","description":"Entenda neste artigo como analisar se \u00e9 poss\u00edvel conciliar SEFAZ AP e SEFAZ MG, de modo a aproveitar o tempo p\u00f3s-edital da melhor maneira.","robots":{"index":"index","follow":"follow","max-snippet":"max-snippet:-1","max-image-preview":"max-image-preview:large","max-video-preview":"max-video-preview:-1"},"canonical":"https:\/\/www.estrategiaconcursos.com.br\/blog\/conciliar-sefaz-ap-mg\/","og_locale":"pt_BR","og_type":"article","og_title":"\u00c9 poss\u00edvel conciliar SEFAZ AP e SEFAZ MG?","og_description":"Entenda neste artigo como analisar se \u00e9 poss\u00edvel conciliar SEFAZ AP e SEFAZ MG, de modo a aproveitar o tempo p\u00f3s-edital da melhor maneira.","og_url":"https:\/\/www.estrategiaconcursos.com.br\/blog\/conciliar-sefaz-ap-mg\/","og_site_name":"Estrat\u00e9gia Concursos","article_published_time":"2022-07-18T15:01:35+00:00","article_modified_time":"2022-07-18T15:01:37+00:00","og_image":[{"width":396,"height":361,"url":"https:\/\/dhg1h5j42swfq.cloudfront.net\/2021\/03\/02152648\/area-fiscal.jpg","type":"image\/jpeg"}],"author":"Lara Dourado Vasconcelos Nascimento","twitter_card":"summary_large_image","twitter_creator":"@EstratConcursos","twitter_site":"@EstratConcursos","twitter_misc":{"Escrito por":"Lara Dourado Vasconcelos Nascimento","Est. tempo de leitura":"11 minutos"},"schema":{"@context":"https:\/\/schema.org","@graph":[{"@type":"NewsArticle","@id":"https:\/\/www.estrategiaconcursos.com.br\/blog\/conciliar-sefaz-ap-mg\/#article","isPartOf":{"@id":"https:\/\/www.estrategiaconcursos.com.br\/blog\/conciliar-sefaz-ap-mg\/"},"author":{"name":"Lara Dourado Vasconcelos Nascimento","@id":"https:\/\/www.estrategiaconcursos.com.br\/blog\/#\/schema\/person\/ed942c42839b8accae96508abec7504a"},"headline":"\u00c9 poss\u00edvel conciliar SEFAZ AP e SEFAZ MG?","datePublished":"2022-07-18T15:01:35+00:00","dateModified":"2022-07-18T15:01:37+00:00","mainEntityOfPage":{"@id":"https:\/\/www.estrategiaconcursos.com.br\/blog\/conciliar-sefaz-ap-mg\/"},"wordCount":1968,"commentCount":0,"publisher":{"@id":"https:\/\/www.estrategiaconcursos.com.br\/blog\/#organization"},"image":{"@id":"https:\/\/www.estrategiaconcursos.com.br\/blog\/conciliar-sefaz-ap-mg\/#primaryimage"},"thumbnailUrl":"https:\/\/dhg1h5j42swfq.cloudfront.net\/2021\/03\/02152648\/area-fiscal.jpg","articleSection":["Concursos P\u00fablicos","Fiscal - Estadual (ICMS)"],"inLanguage":"pt-BR","potentialAction":[{"@type":"CommentAction","name":"Comment","target":["https:\/\/www.estrategiaconcursos.com.br\/blog\/conciliar-sefaz-ap-mg\/#respond"]}],"copyrightYear":"2022","copyrightHolder":{"@id":"https:\/\/www.estrategiaconcursos.com.br\/blog\/#organization"}},{"@type":"WebPage","@id":"https:\/\/www.estrategiaconcursos.com.br\/blog\/conciliar-sefaz-ap-mg\/","url":"https:\/\/www.estrategiaconcursos.com.br\/blog\/conciliar-sefaz-ap-mg\/","name":"\u00c9 poss\u00edvel conciliar SEFAZ AP e SEFAZ MG?","isPartOf":{"@id":"https:\/\/www.estrategiaconcursos.com.br\/blog\/#website"},"primaryImageOfPage":{"@id":"https:\/\/www.estrategiaconcursos.com.br\/blog\/conciliar-sefaz-ap-mg\/#primaryimage"},"image":{"@id":"https:\/\/www.estrategiaconcursos.com.br\/blog\/conciliar-sefaz-ap-mg\/#primaryimage"},"thumbnailUrl":"https:\/\/dhg1h5j42swfq.cloudfront.net\/2021\/03\/02152648\/area-fiscal.jpg","datePublished":"2022-07-18T15:01:35+00:00","dateModified":"2022-07-18T15:01:37+00:00","description":"Entenda neste artigo como analisar se \u00e9 poss\u00edvel conciliar SEFAZ AP e SEFAZ MG, de modo a aproveitar o tempo p\u00f3s-edital da melhor maneira.","breadcrumb":{"@id":"https:\/\/www.estrategiaconcursos.com.br\/blog\/conciliar-sefaz-ap-mg\/#breadcrumb"},"inLanguage":"pt-BR","potentialAction":[{"@type":"ReadAction","target":["https:\/\/www.estrategiaconcursos.com.br\/blog\/conciliar-sefaz-ap-mg\/"]}]},{"@type":"ImageObject","inLanguage":"pt-BR","@id":"https:\/\/www.estrategiaconcursos.com.br\/blog\/conciliar-sefaz-ap-mg\/#primaryimage","url":"https:\/\/dhg1h5j42swfq.cloudfront.net\/2021\/03\/02152648\/area-fiscal.jpg","contentUrl":"https:\/\/dhg1h5j42swfq.cloudfront.net\/2021\/03\/02152648\/area-fiscal.jpg","width":396,"height":361,"caption":"\u00c1rea Fiscal: Concursos P\u00fablicos e o Princ\u00edpio de Pareto"},{"@type":"BreadcrumbList","@id":"https:\/\/www.estrategiaconcursos.com.br\/blog\/conciliar-sefaz-ap-mg\/#breadcrumb","itemListElement":[{"@type":"ListItem","position":1,"name":"In\u00edcio","item":"https:\/\/www.estrategiaconcursos.com.br\/blog\/"},{"@type":"ListItem","position":2,"name":"\u00c9 poss\u00edvel conciliar SEFAZ AP e SEFAZ MG?"}]},{"@type":"WebSite","@id":"https:\/\/www.estrategiaconcursos.com.br\/blog\/#website","url":"https:\/\/www.estrategiaconcursos.com.br\/blog\/","name":"Estrat\u00e9gia Concursos","description":"O blog da Estrat\u00e9gia Concursos traz not\u00edcias sobre concursos e artigos de professores oferecendo cursos para concursos (pdf + videaulas) no site.","publisher":{"@id":"https:\/\/www.estrategiaconcursos.com.br\/blog\/#organization"},"potentialAction":[{"@type":"SearchAction","target":{"@type":"EntryPoint","urlTemplate":"https:\/\/www.estrategiaconcursos.com.br\/blog\/?s={search_term_string}"},"query-input":{"@type":"PropertyValueSpecification","valueRequired":true,"valueName":"search_term_string"}}],"inLanguage":"pt-BR"},{"@type":"Organization","@id":"https:\/\/www.estrategiaconcursos.com.br\/blog\/#organization","name":"Estrat\u00e9gia Concursos","url":"https:\/\/www.estrategiaconcursos.com.br\/blog\/","logo":{"@type":"ImageObject","inLanguage":"pt-BR","@id":"https:\/\/www.estrategiaconcursos.com.br\/blog\/#\/schema\/logo\/image\/","url":"https:\/\/dhg1h5j42swfq.cloudfront.net\/2025\/06\/03203428\/logo_concursos-1.jpg","contentUrl":"https:\/\/dhg1h5j42swfq.cloudfront.net\/2025\/06\/03203428\/logo_concursos-1.jpg","width":230,"height":60,"caption":"Estrat\u00e9gia Concursos"},"image":{"@id":"https:\/\/www.estrategiaconcursos.com.br\/blog\/#\/schema\/logo\/image\/"},"sameAs":["https:\/\/x.com\/EstratConcursos"]},{"@type":"Person","@id":"https:\/\/www.estrategiaconcursos.com.br\/blog\/#\/schema\/person\/ed942c42839b8accae96508abec7504a","name":"Lara Dourado Vasconcelos Nascimento","image":{"@type":"ImageObject","inLanguage":"pt-BR","@id":"https:\/\/secure.gravatar.com\/avatar\/9d538f04fca167e02f0f7f690d97a840f4cef43d51983c7a45c635fedaf396e1?s=96&d=mm&r=g","url":"https:\/\/secure.gravatar.com\/avatar\/9d538f04fca167e02f0f7f690d97a840f4cef43d51983c7a45c635fedaf396e1?s=96&d=mm&r=g","contentUrl":"https:\/\/secure.gravatar.com\/avatar\/9d538f04fca167e02f0f7f690d97a840f4cef43d51983c7a45c635fedaf396e1?s=96&d=mm&r=g","caption":"Lara Dourado Vasconcelos Nascimento"},"url":"https:\/\/www.estrategiaconcursos.com.br\/blog\/author\/laradvascgmail-com\/"}]}},"_links":{"self":[{"href":"https:\/\/www.estrategiaconcursos.com.br\/blog\/wp-json\/wp\/v2\/posts\/1062422","targetHints":{"allow":["GET"]}}],"collection":[{"href":"https:\/\/www.estrategiaconcursos.com.br\/blog\/wp-json\/wp\/v2\/posts"}],"about":[{"href":"https:\/\/www.estrategiaconcursos.com.br\/blog\/wp-json\/wp\/v2\/types\/post"}],"author":[{"embeddable":true,"href":"https:\/\/www.estrategiaconcursos.com.br\/blog\/wp-json\/wp\/v2\/users\/2031"}],"replies":[{"embeddable":true,"href":"https:\/\/www.estrategiaconcursos.com.br\/blog\/wp-json\/wp\/v2\/comments?post=1062422"}],"version-history":[{"count":14,"href":"https:\/\/www.estrategiaconcursos.com.br\/blog\/wp-json\/wp\/v2\/posts\/1062422\/revisions"}],"predecessor-version":[{"id":1062769,"href":"https:\/\/www.estrategiaconcursos.com.br\/blog\/wp-json\/wp\/v2\/posts\/1062422\/revisions\/1062769"}],"wp:featuredmedia":[{"embeddable":true,"href":"https:\/\/www.estrategiaconcursos.com.br\/blog\/wp-json\/wp\/v2\/media\/683358"}],"wp:attachment":[{"href":"https:\/\/www.estrategiaconcursos.com.br\/blog\/wp-json\/wp\/v2\/media?parent=1062422"}],"wp:term":[{"taxonomy":"category","embeddable":true,"href":"https:\/\/www.estrategiaconcursos.com.br\/blog\/wp-json\/wp\/v2\/categories?post=1062422"},{"taxonomy":"post_tag","embeddable":true,"href":"https:\/\/www.estrategiaconcursos.com.br\/blog\/wp-json\/wp\/v2\/tags?post=1062422"},{"taxonomy":"tax_estado","embeddable":true,"href":"https:\/\/www.estrategiaconcursos.com.br\/blog\/wp-json\/wp\/v2\/tax_estado?post=1062422"}],"curies":[{"name":"wp","href":"https:\/\/api.w.org\/{rel}","templated":true}]}}