{"id":1061506,"date":"2022-08-15T04:00:00","date_gmt":"2022-08-15T07:00:00","guid":{"rendered":"https:\/\/www.estrategiaconcursos.com.br\/blog\/?p=1061506"},"modified":"2022-09-13T18:39:23","modified_gmt":"2022-09-13T21:39:23","slug":"concurso-seduc-go-edital-publicado","status":"publish","type":"post","link":"https:\/\/www.estrategiaconcursos.com.br\/blog\/concurso-seduc-go-edital-publicado\/","title":{"rendered":"Edital Seduc GO: 5.050 vagas! Inscri\u00e7\u00f5es encerradas!"},"content":{"rendered":"\n<p>Est\u00e3o encerradas as inscri\u00e7\u00f5es para o <strong>edital Seduc GO<\/strong> (<a href=\"https:\/\/www.estrategiaconcursos.com.br\/cursosPorConcurso\/secretaria-de-estado-da-educacao-de-goias-seduc-go\/\" target=\"_blank\" rel=\"noreferrer noopener\">Secretaria de Educa\u00e7\u00e3o do Estado de Goi\u00e1s<\/a>) oferta <strong>5.050 vagas<\/strong> na carreira de professor de n\u00edvel III. <\/p>\n\n\n\n<p>O<strong> concurso p\u00fablico<\/strong> est\u00e1 sob responsabilidade do <strong>Iades<\/strong> e as inscri\u00e7\u00f5es foram feitas entre os dias <strong>14 de agosto<\/strong> e <strong>12 de setembro<\/strong>, por meio do site da organizadora. O valor da taxa de participa\u00e7\u00e3o \u00e9 de R$ 100,00 e deve ser pago at\u00e9 o dia <strong>13 de setembro<\/strong>.<\/p>\n\n\n\n<p>O cargo exige <strong>n\u00edvel superior<\/strong> na especialidade pretendida e conta com sal\u00e1rios iniciais de <strong>R$ 1.971,69<\/strong> a <strong>R$ 3.943,37<\/strong>, a depender da carga hor\u00e1ria. <\/p>\n\n\n\n<p>Os candidatos ser\u00e3o avaliados primeiramente por meio de provas objetivas e discursivas na data prov\u00e1vel do dia <strong>25 de setembro<\/strong>.<\/p>\n\n\n\n<ul class=\"has-pale-ocean-gradient-background has-background wp-block-list\"><li><strong><a href=\"https:\/\/www.estrategiaconcursos.com.br\/pesquisa\/?q=seduc+go\" target=\"_blank\" rel=\"noreferrer noopener\">Concurso Seduc GO<\/a><\/strong><\/li><li><strong>Status:<\/strong> inscri\u00e7\u00f5es encerradas<\/li><li><strong>Vagas:<\/strong> 5.050<\/li><li><strong>Cargos: <\/strong>professor n\u00edvel III<\/li><li><strong>Sal\u00e1rios:<\/strong> de R$ 1.971,69 a R$ 3.943,37<\/li><li><strong><a href=\"https:\/\/www.iades.com.br\/inscricao\/upload\/308\/202207158341948.pdf\" target=\"_blank\" rel=\"noreferrer noopener\">Link do edital<\/a><\/strong><\/li><\/ul>\n\n\n\n<p>As provas objetivas do concurso ser\u00e3o realizadas nas cidades de&nbsp;<strong>Aparecida de Goi\u00e2nia\/GO, \u00c1guas Lindas de Goi\u00e1s\/GO, An\u00e1polis\/GO, Alto Para\u00edso de Goi\u00e1s\/GO, Bras\u00edlia\/DF, Brit\u00e2nia\/GO, Campos Belos\/GO, Caiap\u00f4nia\/GO, Catal\u00e3o\/GO, Ceres\/GO, Formosa\/GO, Goi\u00e2nia\/GO, Goi\u00e1s\/GO, Ipor\u00e1\/GO, Itumbiara\/GO, Jata\u00ed\/GO, Luzi\u00e2nia\/GO, Morrinhos\/GO, Mineiros\/GO, Nova Crix\u00e1s\/GO, Porangatu\/GO, Posse\/GO, Quirin\u00f3polis\/GO, Rio Verde\/GO, S\u00e3o Miguel do Araguaia\/GO e Urua\u00e7u\/GO.<\/strong><\/p>\n\n\n\n<p>Confira as demais etapas e detalhes do <strong>edital Seduc GO<\/strong> atrav\u00e9s dos t\u00f3picos abaixo!<\/p>\n\n\n\n<div class=\"col-sm\">\n      <div class=\"banner-estrategia\" id=\"box-assinatura\">\n        <h3 class=\"titulo-assinatura\">Cursos para SEDUC GO<\/h3>\n        <p class=\"subtitulo-assinatura\">Conhe\u00e7a os cursos<\/p>\n        <div class=\"box-botao\">\n          <a class=\"btn-assinatura\" target=\"_blank\" href=\"https:\/\/www.estrategiaconcursos.com.br\/cursosPorConcurso\/secretaria-de-estado-da-educacao-de-goias-seduc-go\/\" role=\"button\" rel=\"noopener noreferrer\">Conhe\u00e7a mais<\/a>\n        <\/div>\n      <\/div>\n      <p class=\"texto-auxiliar\">Prepare-se com o melhor material e com quem mais aprova em Concursos P\u00fablicos em todo o pa\u00eds.<\/p>\n    <\/div>\n\n\n\n<h2 class=\"wp-block-heading\" id=\"edital-seduc-go-principais-datas\">Edital Seduc GO: principais datas<\/h2>\n\n\n\n<ul class=\"has-pale-ocean-gradient-background has-background wp-block-list\"><li><strong>Inscri\u00e7\u00f5es:<\/strong> <s>14 de agosto a 12 de setembro<\/s><\/li><li><strong>Pedido de isen\u00e7\u00e3o:<\/strong> <s>2 a 5 de agosto<\/s><\/li><li><strong>Pagamento da taxa:<\/strong> at\u00e9 13 de setembro<\/li><li><strong>Data da prova:<\/strong> 25 de setembro<\/li><\/ul>\n\n\n\n<h2 class=\"wp-block-heading\" id=\"edital-seduc-go-cargos-e-requisitos\">Edital Seduc GO: cargos e requisitos<\/h2>\n\n\n\n<p>As vagas para a carreira de <strong>professor de<\/strong> <strong>n\u00edvel III do edital Seduc GO <\/strong>se dividem entre as seguintes especialidades:<\/p>\n\n\n\n<figure class=\"wp-block-table is-style-stripes\"><table class=\"has-fixed-layout\"><thead><tr><th class=\"has-text-align-center\" data-align=\"center\">Especialidade<\/th><th>Requisitos<\/th><\/tr><\/thead><tbody><tr><td class=\"has-text-align-center\" data-align=\"center\"><strong>ARTES&nbsp;\u2013&nbsp;ARTES VISUAIS<\/strong><\/td><td>Diploma de gradua\u00e7\u00e3o, de conclus\u00e3o de curso de n\u00edvel superior de Licenciatura Plena em Artes Visuais ou Educa\u00e7\u00e3o Art\u00edstica (Artes Pl\u00e1sticas) ou Licenciatura em Desenho e&nbsp;Pl\u00e1stica, devidamente registrado, fornecido por institui\u00e7\u00e3o reconhecida pelo Minist\u00e9rio da Educa\u00e7\u00e3o (MEC). O Curso superior tamb\u00e9m dever\u00e1 ser reconhecido pelo Minist\u00e9rio da<br \/>Educa\u00e7\u00e3o (MEC).<\/td><\/tr><tr><td class=\"has-text-align-center\" data-align=\"center\"><strong>ARTES&nbsp;\u2013&nbsp;DAN\u00c7A<\/strong><\/td><td>Diploma de gradua\u00e7\u00e3o, de conclus\u00e3o de curso de n\u00edvel superior de Licenciatura Plena em Dan\u00e7a ou Educa\u00e7\u00e3o Art\u00edstica (dan\u00e7a), devidamente registrado, fornecido por institui\u00e7\u00e3o reconhecida pelo Minist\u00e9rio da Educa\u00e7\u00e3o (MEC). O Curso superior tamb\u00e9m dever\u00e1 ser reconhecido pelo Minist\u00e9rio da Educa\u00e7\u00e3o (MEC).<\/td><\/tr><tr><td class=\"has-text-align-center\" data-align=\"center\"><strong>ARTES&nbsp;\u2013&nbsp;M\u00daSICA<\/strong><\/td><td>Diploma de gradua\u00e7\u00e3o, de conclus\u00e3o de curso de n\u00edvel superior de Licenciatura Plena em M\u00fasica com habilita\u00e7\u00e3o em Educa\u00e7\u00e3o Musical; ou Licenciatura em Educa\u00e7\u00e3o Musical Escolar; ou Licenciatura em Educa\u00e7\u00e3o Musical; ou Educa\u00e7\u00e3o Art\u00edstica (M\u00fasica), devidamente registrado, fornecido por institui\u00e7\u00e3o reconhecida pelo Minist\u00e9rio da Educa\u00e7\u00e3o (MEC). O Curso superior tamb\u00e9m dever\u00e1 ser reconhecido pelo Minist\u00e9rio da Educa\u00e7\u00e3o (MEC).<\/td><\/tr><tr><td class=\"has-text-align-center\" data-align=\"center\"><strong>ARTES&nbsp;\u2013&nbsp;TEATRO<\/strong><\/td><td>Diploma de gradua\u00e7\u00e3o, de conclus\u00e3o de curso de n\u00edvel superior de Licenciatura Plena em Teatro com habilita\u00e7\u00e3o em Educa\u00e7\u00e3o Teatral; ou Licenciatura em Educa\u00e7\u00e3o Teatro l Escolar; ou Licenciatura em Educa\u00e7\u00e3o Teatral; ou Educa\u00e7\u00e3o Art\u00edstica (Teatro), devidamente registrado, fornecido por institui\u00e7\u00e3o reconhecida pelo Minist\u00e9rio da Educa\u00e7\u00e3o (MEC). O Curso superior tamb\u00e9m dever\u00e1 ser reconhecido pelo Minist\u00e9rio da Educa\u00e7\u00e3o (MEC)<\/td><\/tr><tr><td class=\"has-text-align-center\" data-align=\"center\"><strong>CI\u00caNCIA\/BIOLOGIA<\/strong><\/td><td>Diploma de gradua\u00e7\u00e3o, de conclus\u00e3o de curso de n\u00edvel superior de Licenciatura Plena em Biologia ou Ci\u00eancias Biol\u00f3gicas, devidamente registrado, fornecido por institui\u00e7\u00e3o reconhecida pelo Minist\u00e9rio da Educa\u00e7\u00e3o (MEC). O Curso superior tamb\u00e9m dever\u00e1 ser reconhecido pelo Minist\u00e9rio da Educa\u00e7\u00e3o (MEC).<\/td><\/tr><tr><td class=\"has-text-align-center\" data-align=\"center\"><strong>EDUCA\u00c7\u00c3O F\u00cdSICA<\/strong><\/td><td>Diploma de gradua\u00e7\u00e3o, de conclus\u00e3o de curso de n\u00edvel superior de Licenciatura Plena em Educa\u00e7\u00e3o F\u00edsica, devidamente registrado, fornecido por institui\u00e7\u00e3o reconhecida pelo Minist\u00e9rio da Educa\u00e7\u00e3o (MEC). O Curso superior tamb\u00e9m dever\u00e1 ser reconhecido pelo Minist\u00e9rio da Educa\u00e7\u00e3o (MEC).<\/td><\/tr><tr><td class=\"has-text-align-center\" data-align=\"center\"><strong>FILOSOFIA<\/strong><\/td><td>Diploma de gradua\u00e7\u00e3o, de conclus\u00e3o de curso de n\u00edvel superior de Licenciatura Plena em Filosofia, devidamente registrado, fornecido por institui\u00e7\u00e3o reconhecida pelo Minist\u00e9rio da Educa\u00e7\u00e3o (MEC). O Curso superior tamb\u00e9m dever\u00e1 ser reconhecido pelo Minist\u00e9rio da Educa\u00e7\u00e3o (MEC).<\/td><\/tr><tr><td class=\"has-text-align-center\" data-align=\"center\"><strong>F\u00cdSICA<\/strong><\/td><td>Diploma de gradua\u00e7\u00e3o, de conclus\u00e3o de curso de n\u00edvel superior de Licenciatura Plena em F\u00edsica, devidamente registrado, fornecido por institui\u00e7\u00e3o reconhecida pelo Minist\u00e9rio da Educa\u00e7\u00e3o (MEC). O Curso superior tamb\u00e9m dever\u00e1 ser reconhecido pelo Minist\u00e9rio da Educa\u00e7\u00e3o (MEC).<\/td><\/tr><tr><td class=\"has-text-align-center\" data-align=\"center\"><strong>GEOGRAFIA<\/strong><\/td><td>Diploma de gradua\u00e7\u00e3o, de conclus\u00e3o de curso de n\u00edvel superior de Licenciatura Plena em Geografia, devidamente registrado, fornecido por institui\u00e7\u00e3o reconhecida pelo Minist\u00e9rio da Educa\u00e7\u00e3o (MEC). O Curso superior tamb\u00e9m dever\u00e1 ser reconhecido pelo Minist\u00e9rio da Educa\u00e7\u00e3o (MEC).<\/td><\/tr><tr><td class=\"has-text-align-center\" data-align=\"center\"><strong>HIST\u00d3RIA<\/strong><\/td><td>Diploma de gradua\u00e7\u00e3o, de conclus\u00e3o de curso de n\u00edvel superior de Licenciatura Plena em Hist\u00f3ria, devidamente registrado, fornecido por institui\u00e7\u00e3o reconhecida pelo Minist\u00e9rio da Educa\u00e7\u00e3o (MEC). O Curso superior tamb\u00e9m dever\u00e1 ser reconhecido pelo Minist\u00e9rio da Educa\u00e7\u00e3o (MEC).<\/td><\/tr><tr><td class=\"has-text-align-center\" data-align=\"center\"><strong>INT\u00c9RPRETE DE LIBRAS<\/strong><\/td><td>Diploma de Gradua\u00e7\u00e3o em Licenciatura Plena, com Cursos Espec\u00edficos na \u00e1rea,&nbsp;ministrados por Institui\u00e7\u00f5es Reconhecidas pelo MEC, assim como Aprova\u00e7\u00e3o no Exame de Profici\u00eancia para o Ensino em LIBRAS do MEC (PROLIBRAS) ou avalia\u00e7\u00e3o do CAS\/Goi\u00e2nia, ou credenciadas por uma Secretaria de Educa\u00e7\u00e3o.<\/td><\/tr><tr><td class=\"has-text-align-center\" data-align=\"center\"><strong>INSTRUTOR DE BRAILE<\/strong><\/td><td>Licenciatura Plena em quaisquer \u00e1reas da Educa\u00e7\u00e3o, com Certificado de Especializa\u00e7\u00e3o em Educa\u00e7\u00e3o Especial com \u00eanfase em Braille ou Especializa\u00e7\u00e3o em Braille; ou Licenciatura Plena em quaisquer \u00e1reas da Educa\u00e7\u00e3o, com certificado de curso de forma\u00e7\u00e3o continuada em Braille, com carga hor\u00e1ria m\u00ednima de 80h, promovido por:&nbsp;Institui\u00e7\u00f5es de Ensino Superior credenciadas ao MEC ou promovido por Secretarias de&nbsp;Educa\u00e7\u00e3o; ou por organiza\u00e7\u00f5es da sociedade civil representativa da comunidade do deficiente visual, desde que o certificado seja convalidado por uma Institui\u00e7\u00e3o de Ensino Superior ou uma Secretaria de Educa\u00e7\u00e3o.<\/td><\/tr><tr><td class=\"has-text-align-center\" data-align=\"center\"><strong>INSTRUTOR DE LIBRAS<\/strong><\/td><td>Diploma de gradua\u00e7\u00e3o, devidamente registrado, de conclus\u00e3o de curso de n\u00edvel superior de Licenciatura Plena em Libras, ou Pedagogia Bil\u00edngue, fornecido por institui\u00e7\u00e3o de ensino superior reconhecida pelo Minist\u00e9rio da Educa\u00e7\u00e3o (MEC), ou Diploma de gradua\u00e7\u00e3o, devidamente registrado, de conclus\u00e3o de curso de n\u00edvel superior de Licenciatura Plena em qualquer \u00e1rea com certifica\u00e7\u00e3o de profici\u00eancia em Libras emitido pelo Centro de Atendimento aos Surdos&nbsp;\u2013&nbsp;CAS ou pelo Minist\u00e9rio da Educa\u00e7\u00e3o&nbsp;\u2013&nbsp;MEC. O Curso superior tamb\u00e9m dever\u00e1 ser reconhecido pelo Minist\u00e9rio da Educa\u00e7\u00e3o (MEC).<\/td><\/tr><tr><td class=\"has-text-align-center\" data-align=\"center\"><strong>L\u00cdNGUA MATERNA IND\u00cdGENA INY\/KARAJ\u00c1<\/strong><\/td><td>Ser ind\u00edgena da etnia Iny\/Karaj\u00e1, comprovado com Registro Administrativo de Nascimento Ind\u00edgena &#8211; RANI\/FUNAI, com diploma de Gradua\u00e7\u00e3o, devidamente comprovado, em Pedagogia, ou na \u00e1rea da Educa\u00e7\u00e3o, ou em Licenciatura Intercultural Ind\u00edgena em Ci\u00eancias da Linguagem (L\u00edngua Portuguesa, Reda\u00e7\u00e3o: Leitura de Produ\u00e7\u00e3o de Texto, L\u00edngua Inglesa, Arte e Cultura Ind\u00edgena, Educa\u00e7\u00e3o F\u00edsica) ou em Licenciatura Intercultural Ind\u00edgena em Ci\u00eancias da Cultura (Hist\u00f3ria, Geografia, Sociologia, Filosofia e Ensino Religioso) ou em Licenciatura Intercultural Ind\u00edgena em Ci\u00eancias da Natureza (Qu\u00edmica, F\u00edsica, Biologia e Matem\u00e1tica), fornecido por institui\u00e7\u00e3o reconhecida pelo Minist\u00e9rio da Educa\u00e7\u00e3o (MEC). ). O Curso superior tamb\u00e9m dever\u00e1 ser reconhecido pelo Minist\u00e9rio da Educa\u00e7\u00e3o (MEC).<\/td><\/tr><tr><td class=\"has-text-align-center\" data-align=\"center\"><strong>L\u00cdNGUA MATERNA IND\u00cdGENA TAPUIA<\/strong><\/td><td>Ser ind\u00edgena da etnia Tapuia, comprovado com Registro Administrativo de Nascimento Ind\u00edgena &#8211; RANI\/FUNAI, com diploma de Gradua\u00e7\u00e3o, devidamente comprovado, em qualquer \u00e1rea da Educa\u00e7\u00e3o ou em Licenciatura Intercultural Ind\u00edgena em Ci\u00eancias da Linguagem (L\u00edngua Portuguesa, Reda\u00e7\u00e3o: Leitura de Produ\u00e7\u00e3o de Texto, L\u00edngua Inglesa, Arte e Cultura Quilombola, Educa\u00e7\u00e3o F\u00edsica) ou em Licenciatura Intercultural Ind\u00edgena em Ci\u00eancias da Cultura (Hist\u00f3ria, Geografia, Sociologia, Filosofia e Ensino Religioso) ou em Licenciatura Intercultural Ind\u00edgena em Ci\u00eancias da Natureza (Qu\u00edmica, F\u00edsica, Biologia e Matem\u00e1tica), fornecido por institui\u00e7\u00e3o reconhecida pelo Minist\u00e9rio da Educa\u00e7\u00e3o (MEC). O Curso superior tamb\u00e9m dever\u00e1 ser reconhecido pelo Minist\u00e9rio da Educa\u00e7\u00e3o (MEC).<\/td><\/tr><tr><td class=\"has-text-align-center\" data-align=\"center\"><strong>L\u00cdNGUA MATERNA IND\u00cdGENA XAVANTE<\/strong><\/td><td>Ser ind\u00edgena da etnia Xavante, comprovado com Registro Administrativo de Nascimento Ind\u00edgena &#8211; RANI\/FUNAI, ser bil\u00edngue &#8211; falante fluente da L\u00edngua Materna e da L\u00edngua Portuguesa, comprovado por meio de entrevista, com diploma de Gradua\u00e7\u00e3o, devidamente comprovado, em qualquer \u00e1rea da Educa\u00e7\u00e3o ou em Licenciatura Intercultural Ind\u00edgena em Ci\u00eancias da Linguagem (L\u00edngua Portuguesa, Reda\u00e7\u00e3o: Leitura de Produ\u00e7\u00e3o de Texto, L\u00edngua Inglesa, Arte e Cultura Quilombola, Educa\u00e7\u00e3o F\u00edsica) ou em Licenciatura Intercultural Ind\u00edgena em Ci\u00eancias da Cultura (Hist\u00f3ria, Geografia, Sociologia, Filosofia e Ensino Religioso) ou em Licenciatura Intercultural Ind\u00edgena em Ci\u00eancias da Natureza (Qu\u00edmica, F\u00edsica, Biologia e Matem\u00e1tica), fornecido por institui\u00e7\u00e3o reconhecida pelo Minist\u00e9rio da Educa\u00e7\u00e3o (MEC). O Curso superior tamb\u00e9m dever\u00e1 ser reconhecido pelo Minist\u00e9rio da Educa\u00e7\u00e3o (MEC).<\/td><\/tr><tr><td class=\"has-text-align-center\" data-align=\"center\"><strong>QUILOMBOLA<\/strong><\/td><td>Ser quilombola, comprovado com documento de declara\u00e7\u00e3o expedida por associa\u00e7\u00e3o quilombola legalmente Reconhecida e situada em Territ\u00f3rio Quilombola do Estado de Goi\u00e1s para onde ser\u00e3o destinadas as vagas do concurso, ter diploma de Gradua\u00e7\u00e3o em qualquer \u00e1rea da Educa\u00e7\u00e3o ou em Licenciatura em Educa\u00e7\u00e3o do Campo\/LEdoC&nbsp;\u2013&nbsp;Artes Visuais e M\u00fasica, em Licenciatura em Educa\u00e7\u00e3o do Campo&nbsp;\u2013&nbsp;LEdoC &#8211; Ci\u00eancias da Linguagem (L\u00edngua Portuguesa, Reda\u00e7\u00e3o: Leitura de Produ\u00e7\u00e3o de Texto, L\u00edngua Inglesa, Arte e Cultura Quilombola, Educa\u00e7\u00e3o F\u00edsica), em Licenciatura em Educa\u00e7\u00e3o do Campo\/LEdoC &#8211; Ci\u00eancias da Natureza (Qu\u00edmica, F\u00edsica, Biologia), em Licenciatura em Educa\u00e7\u00e3o do Campo\/LEdoC &#8211; Ci\u00eancias Humanas (Hist\u00f3ria, Geografia, Sociologia, Filosofia e Ensino Religioso) e em Licenciatura em Educa\u00e7\u00e3o do Campo\/LEdoC&nbsp;\u2013&nbsp;Matem\u00e1tica. O Curso superior tamb\u00e9m dever\u00e1 ser reconhecido pelo Minist\u00e9rio da Educa\u00e7\u00e3o (MEC).<\/td><\/tr><tr><td class=\"has-text-align-center\" data-align=\"center\"><strong>L\u00cdNGUA INGLESA<\/strong><\/td><td>Diploma de gradua\u00e7\u00e3o, de conclus\u00e3o de curso de n\u00edvel superior de Licenciatura Plena em Letras Portugu\u00eas-Ingl\u00eas ou, Licenciatura Plena em Letras Ingl\u00eas, ou em L\u00edngua Estrangeira Moderna (Ingl\u00eas), devidamente registrado, fornecido por institui\u00e7\u00e3o reconhecida pelo Minist\u00e9rio da Educa\u00e7\u00e3o (MEC). O Curso superior tamb\u00e9m dever\u00e1 ser reconhecido pelo Minist\u00e9rio da Educa\u00e7\u00e3o (MEC).<\/td><\/tr><tr><td class=\"has-text-align-center\" data-align=\"center\"><strong>L\u00cdNGUA PORTUGUESA<\/strong><\/td><td>Diploma de gradua\u00e7\u00e3o, de conclus\u00e3o de curso de n\u00edvel superior de Licenciatura Plena em Letras (L\u00edngua Portuguesa), devidamente registrado, fornecido por institui\u00e7\u00e3o de ensino superior reconhecida pelo Minist\u00e9rio da Educa\u00e7\u00e3o (MEC). O Curso superior tamb\u00e9m dever\u00e1 ser reconhecido pelo Minist\u00e9rio da Educa\u00e7\u00e3o (MEC).<\/td><\/tr><tr><td class=\"has-text-align-center\" data-align=\"center\"><strong>MATEM\u00c1TICA<\/strong><\/td><td>Diploma de gradua\u00e7\u00e3o, de conclus\u00e3o de curso de n\u00edvel superior de Licenciatura Plena em Matem\u00e1tica, devidamente registrado, fornecido por institui\u00e7\u00e3o de ensino superior reconhecida pelo Minist\u00e9rio da Educa\u00e7\u00e3o (MEC). O Curso superior tamb\u00e9m dever\u00e1 ser reconhecido pelo Minist\u00e9rio da Educa\u00e7\u00e3o (MEC).<\/td><\/tr><tr><td class=\"has-text-align-center\" data-align=\"center\"><strong>PEDAGOGIA<\/strong><\/td><td>Ensino Superior Completo em Pedagogia &#8211; Licenciatura Plena ou Curso Normal Superior fornecido por institui\u00e7\u00e3o reconhecida pelo Minist\u00e9rio da Educa\u00e7\u00e3o (MEC). O Curso superior tamb\u00e9m dever\u00e1 ser reconhecido pelo Minist\u00e9rio da Educa\u00e7\u00e3o (MEC). O Curso superior tamb\u00e9m dever\u00e1 ser reconhecido pelo Minist\u00e9rio da Educa\u00e7\u00e3o (MEC).<\/td><\/tr><tr><td class=\"has-text-align-center\" data-align=\"center\"><strong>QU\u00cdMICA<\/strong><\/td><td>Diploma de gradua\u00e7\u00e3o, de conclus\u00e3o de curso de n\u00edvel superior de Licenciatura Plena em Qu\u00edmica, devidamente registrado, fornecido por institui\u00e7\u00e3o reconhecida pelo Minist\u00e9rio da Educa\u00e7\u00e3o (MEC). O Curso superior tamb\u00e9m dever\u00e1 ser reconhecido pelo Minist\u00e9rio da Educa\u00e7\u00e3o (MEC).<\/td><\/tr><tr><td class=\"has-text-align-center\" data-align=\"center\"><strong>SOCIOLOGIA<\/strong><\/td><td>Diploma de gradua\u00e7\u00e3o, de conclus\u00e3o de curso de n\u00edvel superior de Licenciatura Plena em Sociologia ou Ci\u00eancias Sociais, devidamente registrado, fornecido por institui\u00e7\u00e3o reconhecida pelo Minist\u00e9rio da Educa\u00e7\u00e3o (MEC). O Curso superior tamb\u00e9m dever\u00e1 ser reconhecido pelo Minist\u00e9rio da Educa\u00e7\u00e3o (MEC).<\/td><\/tr><\/tbody><\/table><\/figure>\n\n\n\n<h2 class=\"wp-block-heading\" id=\"edital-seduc-go-salarios-e-beneficios\">Edital Seduc GO: sal\u00e1rios e benef\u00edcios <\/h2>\n\n\n\n<p>As remunera\u00e7\u00f5es ofertadas ter\u00e3o uma varia\u00e7\u00e3o conforme a carga hor\u00e1ria semanal, sendo:<\/p>\n\n\n\n<ul class=\"wp-block-list\"><li><strong>R$ 1.971,69<\/strong> \u2013 20 horas<\/li><li><strong>R$ 2.957,53<\/strong> \u2013 30 horas<\/li><li><strong>R$ 3.943,37<\/strong> \u2013 40 horas<\/li><\/ul>\n\n\n\n<p>Conforme o edital, al\u00e9m do vencimento b\u00e1sico os candidatos aprovados ter\u00e3o direito ao <strong>aux\u00edlio alimenta\u00e7\u00e3o no valor de R$ 500,00.<\/strong><\/p>\n\n\n\n<p><em><strong>O cargo tamb\u00e9m conta com demais gratifica\u00e7\u00f5es e benef\u00edcios previstos na <a href=\"http:\/\/www.gabinetecivil.goias.gov.br\/leis_ordinarias\/2001\/lei_13909.htm\" target=\"_blank\" rel=\"noreferrer noopener\">Lei&nbsp;N\u00ba 13.909\/2001<\/a>, sendo:<\/strong><\/em><\/p>\n\n\n\n<ul class=\"wp-block-list\"><li>Gratifica\u00e7\u00e3o de desempenho;<\/li><li>Gratifica\u00e7\u00e3o de forma\u00e7\u00e3o avan\u00e7ada;<\/li><li>Gratifica\u00e7\u00e3o de est\u00edmulo \u00e0 forma\u00e7\u00e3o continuada;<\/li><li>Adicional por tempo de servi\u00e7o;<\/li><li>Adicional de trabalho noturno;<\/li><li>Sal\u00e1rio fam\u00edlia;<\/li><li>Aux\u00edlio sa\u00fade;<\/li><li>Aux\u00edlio funeral;<\/li><li>13\u00ba sal\u00e1rio;<\/li><li>Licen\u00e7a pr\u00eamio.<\/li><\/ul>\n\n\n\n<h2 class=\"wp-block-heading\" id=\"edital-seduc-go-provas-e-etapas\">Edital Seduc GO: provas e etapas<\/h2>\n\n\n\n<p>Os candidatos ser\u00e3o avaliados por meio de prova objetiva e discursiva na data prov\u00e1vel do dia 25 de setembro de 2022. A prova objetiva ser\u00e1 composta pelas seguintes disciplinas:<\/p>\n\n\n\n<ul class=\"wp-block-list\"><li>L\u00edngua Portuguesa;<\/li><li>Realidade \u00e9tnica, social, hist\u00f3rica, geogr\u00e1fica, cultural, econ\u00f4mica e pol\u00edtica do estado de Goi\u00e1s;<\/li><li>Bases legais da Educa\u00e7\u00e3o Nacional e Estadual;<\/li><li>Temas educacionais e pedag\u00f3gicos;<\/li><li>Conhecimentos espec\u00edficos por disciplina.<\/li><\/ul>\n\n\n\n<p>N\u00e3o ser\u00e1 eliminado na prova objetiva e convocado para prova discursiva o candidato que, cumulativamente:<\/p>\n\n\n\n<p>a)obtiverem pontua\u00e7\u00e3o igual ou superior a 50% (cinquenta por cento) do total de pontos da prova;<\/p>\n\n\n\n<p>b)&nbsp;obtiverem nota superior a \u201c0\u201d (zero) em todas as \u00e1reas&nbsp;de conhecimento, exceto em Realidade \u00c9tnica, social, Hist\u00f3rica, Geogr\u00e1fica, Cultural, Pol\u00edtica e Econ\u00f4mica do Estado de Goi\u00e1s,<\/p>\n\n\n\n<p>c)&nbsp;estiver classificado dentro do limite de 4 (quatro) vezes o n\u00famero das vagas oferecidas por cargo\/especialidade\/munic\u00edpio estabelecido no&nbsp;<strong>Anexo II<\/strong>, em um total de 20.200 (vinte mil e duzentas) vagas.<\/p>\n\n\n\n<p>Os candidatos tamb\u00e9m ter\u00e3o avalia\u00e7\u00e3o de t\u00edtulos, de car\u00e1ter unicamente classificat\u00f3rio, valer\u00e1 no m\u00e1ximo 10 pontos, ainda que a soma dos valores dos t\u00edtulos e comprovantes seja superior a este valor.<\/p>\n\n\n\n<p class=\"has-text-align-center has-pale-cyan-blue-background-color has-background has-medium-font-size\"><strong>Saiba mais: <a href=\"https:\/\/www.estrategiaconcursos.com.br\/blog\/concurso-seduc-go\/\" target=\"_blank\" rel=\"noreferrer noopener\">concurso Seduc GO<\/a><\/strong><\/p>\n\n\n\n<h2 class=\"has-text-align-center wp-block-heading\" id=\"h-quer-saber-tudo-sobre-concursos-previstos-confira-nossos-artigos\">Quer saber tudo sobre concursos previstos?<br \/>Confira nossos artigos!<\/h2>\n\n\n\n<ul class=\"wp-block-list\"><li><a href=\"https:\/\/www.estrategiaconcursos.com.br\/blog\/concursos-abertos\/\" target=\"_blank\" rel=\"noreferrer noopener\">Concursos abertos<\/a><\/li><li><a href=\"https:\/\/www.estrategiaconcursos.com.br\/blog\/concursos-2022\/\" target=\"_blank\" rel=\"noreferrer noopener\">Concursos 2022<\/a><\/li><li><a href=\"https:\/\/www.estrategiaconcursos.com.br\/blog\/concursos-2023\/\" target=\"_blank\" rel=\"noreferrer noopener\">Concurso 2023<\/a><\/li><\/ul>\n\n\n\n<h2 class=\"has-text-align-center wp-block-heading\" id=\"cursos\">Cursos e assinaturas para o concurso Seduc GO<\/h2>\n\n\n\n<p class=\"has-text-align-center\"><em>Gostou desta oportunidade e deseja come\u00e7ar se preparar agora mesmo? <\/em><br \/><em>Ent\u00e3o, confira os nossos cursos e comece a estudar:<\/em><\/p>\n\n\n\n<div class=\"col-sm\">\n      <div class=\"banner-estrategia\" id=\"box-assinatura\">\n        <h3 class=\"titulo-assinatura\">Cursos para SEDUC GO<\/h3>\n        <p class=\"subtitulo-assinatura\">Conhe\u00e7a os cursos<\/p>\n        <div class=\"box-botao\">\n          <a class=\"btn-assinatura\" target=\"_blank\" href=\"https:\/\/www.estrategiaconcursos.com.br\/cursosPorConcurso\/secretaria-de-estado-da-educacao-de-goias-seduc-go\/\" role=\"button\" rel=\"noopener noreferrer\">Conhe\u00e7a mais<\/a>\n        <\/div>\n      <\/div>\n      <p class=\"texto-auxiliar\">Prepare-se com o melhor material e com quem mais aprova em Concursos P\u00fablicos em todo o pa\u00eds.<\/p>\n    <\/div>\n\n\n\n<div class=\"container\" id=\"boxes\">\n  <div class=\"row\">\n\n    <div class=\"col-sm\">\n      <div class=\"estrategia\" id=\"box-assinatura\">\n        <h3 class=\"titulo-assinatura\">Assinatura<\/h3>\n        <p class=\"subtitulo-assinatura\">Assinatura de 1 ano ou 2 anos<\/p>\n        <div class=\"box-botao\">\n          <a class=\"btn-assinatura\" target=\"_blank\" href=\"https:\/\/www.estrategiaconcursos.com.br\/assinaturas\/\" role=\"button\" rel=\"noopener noreferrer\">ASSINE AGORA<\/a>\n        <\/div>\n      <\/div>\n     \n    <\/div><\/div><\/div>\n\n\n\n<figure class=\"wp-block-image size-large is-resized\"><img loading=\"lazy\" decoding=\"async\" src=\"https:\/\/dhg1h5j42swfq.cloudfront.net\/2021\/04\/05171352\/ficha-tecnica-33-1024x632.png\" alt=\"\" class=\"wp-image-707823\" width=\"140\" height=\"86\" srcset=\"https:\/\/dhg1h5j42swfq.cloudfront.net\/2021\/04\/05171352\/ficha-tecnica-33-1024x632.png 1024w, https:\/\/dhg1h5j42swfq.cloudfront.net\/2021\/04\/05171352\/ficha-tecnica-33-300x185.png 300w, https:\/\/dhg1h5j42swfq.cloudfront.net\/2021\/04\/05171352\/ficha-tecnica-33-768x474.png 768w, https:\/\/dhg1h5j42swfq.cloudfront.net\/2021\/04\/05171352\/ficha-tecnica-33-1536x948.png 1536w, https:\/\/dhg1h5j42swfq.cloudfront.net\/2021\/04\/05171352\/ficha-tecnica-33-610x377.png 610w, https:\/\/dhg1h5j42swfq.cloudfront.net\/2021\/04\/05171352\/ficha-tecnica-33.png 1571w\" sizes=\"auto, (max-width: 140px) 100vw, 140px\" \/><\/figure>\n\n\n\n<p>\u25baData da prova:<strong> 25 de setembro<\/strong><br \/>\u25baVagas:<strong> 5.050 <\/strong><br \/>\u25baCargos:\u00a0<strong>Professor N\u00edvel III<\/strong><br \/>\u25baLota\u00e7\u00f5es: <strong>Goi\u00e1s &#8211; GO<\/strong><br \/>\u25baBanca: <strong>Iades<\/strong><br \/>\u25baEscolaridade: <strong>N\u00edvel Superior<\/strong><br \/>\u25ba <strong><a href=\"https:\/\/dhg1h5j42swfq.cloudfront.net\/2021\/08\/17200541\/8_seduce_concurso_2018_edital_de_abertura_atualizado.pdf\" target=\"_blank\" rel=\"noreferrer noopener nofollow\"><strong><a href=\"https:\/\/www.iades.com.br\/inscricao\/upload\/308\/202207158341948.pdf\" target=\"_blank\" rel=\"noreferrer noopener\">Link do edital<\/a><\/strong><\/a><\/strong><\/p>\n","protected":false},"excerpt":{"rendered":"<p>Est\u00e3o encerradas as inscri\u00e7\u00f5es para o edital Seduc GO (Secretaria de Educa\u00e7\u00e3o do Estado de Goi\u00e1s) oferta 5.050 vagas na carreira de professor de n\u00edvel III. O concurso p\u00fablico est\u00e1 sob responsabilidade do Iades e as inscri\u00e7\u00f5es foram feitas entre os dias 14 de agosto e 12 de setembro, por meio do site da organizadora. [&hellip;]<\/p>\n","protected":false},"author":2319,"featured_media":1044080,"comment_status":"open","ping_status":"closed","sticky":false,"template":"","format":"standard","meta":{"post_tipo":"news","footnotes":""},"categories":[3766,220219],"tags":[],"tax_estado":[219972],"class_list":["post-1061506","post","type-post","status-publish","format-standard","has-post-thumbnail","hentry","category-educacional","category-noticias","tax_estado-go"],"acf":[],"yoast_head":"<!-- This site is optimized with the Yoast SEO Premium plugin v27.2 (Yoast SEO v27.2) - https:\/\/yoast.com\/product\/yoast-seo-premium-wordpress\/ -->\n<title>Edital Seduc GO: 5.050 vagas! Inscri\u00e7\u00f5es encerradas!<\/title>\n<meta name=\"description\" content=\"A Secretaria de Educa\u00e7\u00e3o do Estado de Goi\u00e1s divulgou o novo edital de concurso p\u00fablico (edital Seduc GO) com 5.050 vagas.\" \/>\n<meta name=\"robots\" content=\"index, follow, max-snippet:-1, max-image-preview:large, max-video-preview:-1\" \/>\n<link rel=\"canonical\" href=\"https:\/\/www.estrategiaconcursos.com.br\/blog\/concurso-seduc-go-edital-publicado\/\" \/>\n<meta property=\"og:locale\" content=\"pt_BR\" \/>\n<meta property=\"og:type\" content=\"article\" \/>\n<meta property=\"og:title\" content=\"Edital Seduc GO: 5.050 vagas! Inscri\u00e7\u00f5es encerradas!\" \/>\n<meta property=\"og:description\" content=\"A Secretaria de Educa\u00e7\u00e3o do Estado de Goi\u00e1s divulgou o novo edital de concurso p\u00fablico (edital Seduc GO) com 5.050 vagas.\" \/>\n<meta property=\"og:url\" content=\"https:\/\/www.estrategiaconcursos.com.br\/blog\/concurso-seduc-go-edital-publicado\/\" \/>\n<meta property=\"og:site_name\" content=\"Estrat\u00e9gia Concursos\" \/>\n<meta property=\"article:published_time\" content=\"2022-08-15T07:00:00+00:00\" \/>\n<meta property=\"article:modified_time\" content=\"2022-09-13T21:39:23+00:00\" \/>\n<meta property=\"og:image\" content=\"https:\/\/dhg1h5j42swfq.cloudfront.net\/2022\/06\/13114538\/concurso-seduc-go-edital-iminente.jpeg\" \/>\n\t<meta property=\"og:image:width\" content=\"300\" \/>\n\t<meta property=\"og:image:height\" content=\"169\" \/>\n\t<meta property=\"og:image:type\" content=\"image\/jpeg\" \/>\n<meta name=\"author\" content=\"Let\u00edcia Teixeira\" \/>\n<meta name=\"twitter:card\" content=\"summary_large_image\" \/>\n<meta name=\"twitter:creator\" content=\"@EstratConcursos\" \/>\n<meta name=\"twitter:site\" content=\"@EstratConcursos\" \/>\n<meta name=\"twitter:label1\" content=\"Escrito por\" \/>\n\t<meta name=\"twitter:data1\" content=\"Let\u00edcia Teixeira\" \/>\n\t<meta name=\"twitter:label2\" content=\"Est. tempo de leitura\" \/>\n\t<meta name=\"twitter:data2\" content=\"12 minutos\" \/>\n<script type=\"application\/ld+json\" class=\"yoast-schema-graph\">{\"@context\":\"https:\/\/schema.org\",\"@graph\":[{\"@type\":\"NewsArticle\",\"@id\":\"https:\/\/www.estrategiaconcursos.com.br\/blog\/concurso-seduc-go-edital-publicado\/#article\",\"isPartOf\":{\"@id\":\"https:\/\/www.estrategiaconcursos.com.br\/blog\/concurso-seduc-go-edital-publicado\/\"},\"author\":{\"name\":\"Let\u00edcia Teixeira\",\"@id\":\"https:\/\/www.estrategiaconcursos.com.br\/blog\/#\/schema\/person\/9b94727dcf4410f4a7931c83966c843b\"},\"headline\":\"Edital Seduc GO: 5.050 vagas! Inscri\u00e7\u00f5es encerradas!\",\"datePublished\":\"2022-08-15T07:00:00+00:00\",\"dateModified\":\"2022-09-13T21:39:23+00:00\",\"mainEntityOfPage\":{\"@id\":\"https:\/\/www.estrategiaconcursos.com.br\/blog\/concurso-seduc-go-edital-publicado\/\"},\"wordCount\":2584,\"commentCount\":0,\"publisher\":{\"@id\":\"https:\/\/www.estrategiaconcursos.com.br\/blog\/#organization\"},\"image\":{\"@id\":\"https:\/\/www.estrategiaconcursos.com.br\/blog\/concurso-seduc-go-edital-publicado\/#primaryimage\"},\"thumbnailUrl\":\"https:\/\/dhg1h5j42swfq.cloudfront.net\/2022\/06\/13114538\/concurso-seduc-go-edital-iminente.jpeg\",\"articleSection\":[\"Educa\u00e7\u00e3o\",\"\u00daltimas not\u00edcias\"],\"inLanguage\":\"pt-BR\",\"potentialAction\":[{\"@type\":\"CommentAction\",\"name\":\"Comment\",\"target\":[\"https:\/\/www.estrategiaconcursos.com.br\/blog\/concurso-seduc-go-edital-publicado\/#respond\"]}],\"copyrightYear\":\"2022\",\"copyrightHolder\":{\"@id\":\"https:\/\/www.estrategiaconcursos.com.br\/blog\/#organization\"}},{\"@type\":\"WebPage\",\"@id\":\"https:\/\/www.estrategiaconcursos.com.br\/blog\/concurso-seduc-go-edital-publicado\/\",\"url\":\"https:\/\/www.estrategiaconcursos.com.br\/blog\/concurso-seduc-go-edital-publicado\/\",\"name\":\"Edital Seduc GO: 5.050 vagas! Inscri\u00e7\u00f5es encerradas!\",\"isPartOf\":{\"@id\":\"https:\/\/www.estrategiaconcursos.com.br\/blog\/#website\"},\"primaryImageOfPage\":{\"@id\":\"https:\/\/www.estrategiaconcursos.com.br\/blog\/concurso-seduc-go-edital-publicado\/#primaryimage\"},\"image\":{\"@id\":\"https:\/\/www.estrategiaconcursos.com.br\/blog\/concurso-seduc-go-edital-publicado\/#primaryimage\"},\"thumbnailUrl\":\"https:\/\/dhg1h5j42swfq.cloudfront.net\/2022\/06\/13114538\/concurso-seduc-go-edital-iminente.jpeg\",\"datePublished\":\"2022-08-15T07:00:00+00:00\",\"dateModified\":\"2022-09-13T21:39:23+00:00\",\"description\":\"A Secretaria de Educa\u00e7\u00e3o do Estado de Goi\u00e1s divulgou o novo edital de concurso p\u00fablico (edital Seduc GO) com 5.050 vagas.\",\"breadcrumb\":{\"@id\":\"https:\/\/www.estrategiaconcursos.com.br\/blog\/concurso-seduc-go-edital-publicado\/#breadcrumb\"},\"inLanguage\":\"pt-BR\",\"potentialAction\":[{\"@type\":\"ReadAction\",\"target\":[\"https:\/\/www.estrategiaconcursos.com.br\/blog\/concurso-seduc-go-edital-publicado\/\"]}]},{\"@type\":\"ImageObject\",\"inLanguage\":\"pt-BR\",\"@id\":\"https:\/\/www.estrategiaconcursos.com.br\/blog\/concurso-seduc-go-edital-publicado\/#primaryimage\",\"url\":\"https:\/\/dhg1h5j42swfq.cloudfront.net\/2022\/06\/13114538\/concurso-seduc-go-edital-iminente.jpeg\",\"contentUrl\":\"https:\/\/dhg1h5j42swfq.cloudfront.net\/2022\/06\/13114538\/concurso-seduc-go-edital-iminente.jpeg\",\"width\":300,\"height\":169},{\"@type\":\"BreadcrumbList\",\"@id\":\"https:\/\/www.estrategiaconcursos.com.br\/blog\/concurso-seduc-go-edital-publicado\/#breadcrumb\",\"itemListElement\":[{\"@type\":\"ListItem\",\"position\":1,\"name\":\"In\u00edcio\",\"item\":\"https:\/\/www.estrategiaconcursos.com.br\/blog\/\"},{\"@type\":\"ListItem\",\"position\":2,\"name\":\"Edital Seduc GO: 5.050 vagas! Inscri\u00e7\u00f5es encerradas!\"}]},{\"@type\":\"WebSite\",\"@id\":\"https:\/\/www.estrategiaconcursos.com.br\/blog\/#website\",\"url\":\"https:\/\/www.estrategiaconcursos.com.br\/blog\/\",\"name\":\"Estrat\u00e9gia Concursos\",\"description\":\"O blog da Estrat\u00e9gia Concursos traz not\u00edcias sobre concursos e artigos de professores oferecendo cursos para concursos (pdf + videaulas) no site.\",\"publisher\":{\"@id\":\"https:\/\/www.estrategiaconcursos.com.br\/blog\/#organization\"},\"potentialAction\":[{\"@type\":\"SearchAction\",\"target\":{\"@type\":\"EntryPoint\",\"urlTemplate\":\"https:\/\/www.estrategiaconcursos.com.br\/blog\/?s={search_term_string}\"},\"query-input\":{\"@type\":\"PropertyValueSpecification\",\"valueRequired\":true,\"valueName\":\"search_term_string\"}}],\"inLanguage\":\"pt-BR\"},{\"@type\":\"Organization\",\"@id\":\"https:\/\/www.estrategiaconcursos.com.br\/blog\/#organization\",\"name\":\"Estrat\u00e9gia Concursos\",\"url\":\"https:\/\/www.estrategiaconcursos.com.br\/blog\/\",\"logo\":{\"@type\":\"ImageObject\",\"inLanguage\":\"pt-BR\",\"@id\":\"https:\/\/www.estrategiaconcursos.com.br\/blog\/#\/schema\/logo\/image\/\",\"url\":\"https:\/\/dhg1h5j42swfq.cloudfront.net\/2025\/06\/03203428\/logo_concursos-1.jpg\",\"contentUrl\":\"https:\/\/dhg1h5j42swfq.cloudfront.net\/2025\/06\/03203428\/logo_concursos-1.jpg\",\"width\":230,\"height\":60,\"caption\":\"Estrat\u00e9gia Concursos\"},\"image\":{\"@id\":\"https:\/\/www.estrategiaconcursos.com.br\/blog\/#\/schema\/logo\/image\/\"},\"sameAs\":[\"https:\/\/x.com\/EstratConcursos\"]},{\"@type\":\"Person\",\"@id\":\"https:\/\/www.estrategiaconcursos.com.br\/blog\/#\/schema\/person\/9b94727dcf4410f4a7931c83966c843b\",\"name\":\"Let\u00edcia Teixeira\",\"image\":{\"@type\":\"ImageObject\",\"inLanguage\":\"pt-BR\",\"@id\":\"https:\/\/secure.gravatar.com\/avatar\/fb589b06b881e20b676d08f9d03226d1e3291ba2f90e751ddc9ccb21abf0244d?s=96&d=mm&r=g\",\"url\":\"https:\/\/secure.gravatar.com\/avatar\/fb589b06b881e20b676d08f9d03226d1e3291ba2f90e751ddc9ccb21abf0244d?s=96&d=mm&r=g\",\"contentUrl\":\"https:\/\/secure.gravatar.com\/avatar\/fb589b06b881e20b676d08f9d03226d1e3291ba2f90e751ddc9ccb21abf0244d?s=96&d=mm&r=g\",\"caption\":\"Let\u00edcia Teixeira\"},\"description\":\"Jornalista com experi\u00eancia de mais de quatro anos no segmento de concursos p\u00fablicos. Especializada em Narrativa Transm\u00eddia e Storytelling pela Universidade Cat\u00f3lica de Bras\u00edlia, com atua\u00e7\u00e3o nas \u00e1reas de SEO, conte\u00fado, Webwriting e Copywriting.\",\"url\":\"https:\/\/www.estrategiaconcursos.com.br\/blog\/author\/leticia-teixeiraestrategia-com\/\"}]}<\/script>\n<!-- \/ Yoast SEO Premium plugin. -->","yoast_head_json":{"title":"Edital Seduc GO: 5.050 vagas! Inscri\u00e7\u00f5es encerradas!","description":"A Secretaria de Educa\u00e7\u00e3o do Estado de Goi\u00e1s divulgou o novo edital de concurso p\u00fablico (edital Seduc GO) com 5.050 vagas.","robots":{"index":"index","follow":"follow","max-snippet":"max-snippet:-1","max-image-preview":"max-image-preview:large","max-video-preview":"max-video-preview:-1"},"canonical":"https:\/\/www.estrategiaconcursos.com.br\/blog\/concurso-seduc-go-edital-publicado\/","og_locale":"pt_BR","og_type":"article","og_title":"Edital Seduc GO: 5.050 vagas! Inscri\u00e7\u00f5es encerradas!","og_description":"A Secretaria de Educa\u00e7\u00e3o do Estado de Goi\u00e1s divulgou o novo edital de concurso p\u00fablico (edital Seduc GO) com 5.050 vagas.","og_url":"https:\/\/www.estrategiaconcursos.com.br\/blog\/concurso-seduc-go-edital-publicado\/","og_site_name":"Estrat\u00e9gia Concursos","article_published_time":"2022-08-15T07:00:00+00:00","article_modified_time":"2022-09-13T21:39:23+00:00","og_image":[{"width":300,"height":169,"url":"https:\/\/dhg1h5j42swfq.cloudfront.net\/2022\/06\/13114538\/concurso-seduc-go-edital-iminente.jpeg","type":"image\/jpeg"}],"author":"Let\u00edcia Teixeira","twitter_card":"summary_large_image","twitter_creator":"@EstratConcursos","twitter_site":"@EstratConcursos","twitter_misc":{"Escrito por":"Let\u00edcia Teixeira","Est. tempo de leitura":"12 minutos"},"schema":{"@context":"https:\/\/schema.org","@graph":[{"@type":"NewsArticle","@id":"https:\/\/www.estrategiaconcursos.com.br\/blog\/concurso-seduc-go-edital-publicado\/#article","isPartOf":{"@id":"https:\/\/www.estrategiaconcursos.com.br\/blog\/concurso-seduc-go-edital-publicado\/"},"author":{"name":"Let\u00edcia Teixeira","@id":"https:\/\/www.estrategiaconcursos.com.br\/blog\/#\/schema\/person\/9b94727dcf4410f4a7931c83966c843b"},"headline":"Edital Seduc GO: 5.050 vagas! Inscri\u00e7\u00f5es encerradas!","datePublished":"2022-08-15T07:00:00+00:00","dateModified":"2022-09-13T21:39:23+00:00","mainEntityOfPage":{"@id":"https:\/\/www.estrategiaconcursos.com.br\/blog\/concurso-seduc-go-edital-publicado\/"},"wordCount":2584,"commentCount":0,"publisher":{"@id":"https:\/\/www.estrategiaconcursos.com.br\/blog\/#organization"},"image":{"@id":"https:\/\/www.estrategiaconcursos.com.br\/blog\/concurso-seduc-go-edital-publicado\/#primaryimage"},"thumbnailUrl":"https:\/\/dhg1h5j42swfq.cloudfront.net\/2022\/06\/13114538\/concurso-seduc-go-edital-iminente.jpeg","articleSection":["Educa\u00e7\u00e3o","\u00daltimas not\u00edcias"],"inLanguage":"pt-BR","potentialAction":[{"@type":"CommentAction","name":"Comment","target":["https:\/\/www.estrategiaconcursos.com.br\/blog\/concurso-seduc-go-edital-publicado\/#respond"]}],"copyrightYear":"2022","copyrightHolder":{"@id":"https:\/\/www.estrategiaconcursos.com.br\/blog\/#organization"}},{"@type":"WebPage","@id":"https:\/\/www.estrategiaconcursos.com.br\/blog\/concurso-seduc-go-edital-publicado\/","url":"https:\/\/www.estrategiaconcursos.com.br\/blog\/concurso-seduc-go-edital-publicado\/","name":"Edital Seduc GO: 5.050 vagas! Inscri\u00e7\u00f5es encerradas!","isPartOf":{"@id":"https:\/\/www.estrategiaconcursos.com.br\/blog\/#website"},"primaryImageOfPage":{"@id":"https:\/\/www.estrategiaconcursos.com.br\/blog\/concurso-seduc-go-edital-publicado\/#primaryimage"},"image":{"@id":"https:\/\/www.estrategiaconcursos.com.br\/blog\/concurso-seduc-go-edital-publicado\/#primaryimage"},"thumbnailUrl":"https:\/\/dhg1h5j42swfq.cloudfront.net\/2022\/06\/13114538\/concurso-seduc-go-edital-iminente.jpeg","datePublished":"2022-08-15T07:00:00+00:00","dateModified":"2022-09-13T21:39:23+00:00","description":"A Secretaria de Educa\u00e7\u00e3o do Estado de Goi\u00e1s divulgou o novo edital de concurso p\u00fablico (edital Seduc GO) com 5.050 vagas.","breadcrumb":{"@id":"https:\/\/www.estrategiaconcursos.com.br\/blog\/concurso-seduc-go-edital-publicado\/#breadcrumb"},"inLanguage":"pt-BR","potentialAction":[{"@type":"ReadAction","target":["https:\/\/www.estrategiaconcursos.com.br\/blog\/concurso-seduc-go-edital-publicado\/"]}]},{"@type":"ImageObject","inLanguage":"pt-BR","@id":"https:\/\/www.estrategiaconcursos.com.br\/blog\/concurso-seduc-go-edital-publicado\/#primaryimage","url":"https:\/\/dhg1h5j42swfq.cloudfront.net\/2022\/06\/13114538\/concurso-seduc-go-edital-iminente.jpeg","contentUrl":"https:\/\/dhg1h5j42swfq.cloudfront.net\/2022\/06\/13114538\/concurso-seduc-go-edital-iminente.jpeg","width":300,"height":169},{"@type":"BreadcrumbList","@id":"https:\/\/www.estrategiaconcursos.com.br\/blog\/concurso-seduc-go-edital-publicado\/#breadcrumb","itemListElement":[{"@type":"ListItem","position":1,"name":"In\u00edcio","item":"https:\/\/www.estrategiaconcursos.com.br\/blog\/"},{"@type":"ListItem","position":2,"name":"Edital Seduc GO: 5.050 vagas! Inscri\u00e7\u00f5es encerradas!"}]},{"@type":"WebSite","@id":"https:\/\/www.estrategiaconcursos.com.br\/blog\/#website","url":"https:\/\/www.estrategiaconcursos.com.br\/blog\/","name":"Estrat\u00e9gia Concursos","description":"O blog da Estrat\u00e9gia Concursos traz not\u00edcias sobre concursos e artigos de professores oferecendo cursos para concursos (pdf + videaulas) no site.","publisher":{"@id":"https:\/\/www.estrategiaconcursos.com.br\/blog\/#organization"},"potentialAction":[{"@type":"SearchAction","target":{"@type":"EntryPoint","urlTemplate":"https:\/\/www.estrategiaconcursos.com.br\/blog\/?s={search_term_string}"},"query-input":{"@type":"PropertyValueSpecification","valueRequired":true,"valueName":"search_term_string"}}],"inLanguage":"pt-BR"},{"@type":"Organization","@id":"https:\/\/www.estrategiaconcursos.com.br\/blog\/#organization","name":"Estrat\u00e9gia Concursos","url":"https:\/\/www.estrategiaconcursos.com.br\/blog\/","logo":{"@type":"ImageObject","inLanguage":"pt-BR","@id":"https:\/\/www.estrategiaconcursos.com.br\/blog\/#\/schema\/logo\/image\/","url":"https:\/\/dhg1h5j42swfq.cloudfront.net\/2025\/06\/03203428\/logo_concursos-1.jpg","contentUrl":"https:\/\/dhg1h5j42swfq.cloudfront.net\/2025\/06\/03203428\/logo_concursos-1.jpg","width":230,"height":60,"caption":"Estrat\u00e9gia Concursos"},"image":{"@id":"https:\/\/www.estrategiaconcursos.com.br\/blog\/#\/schema\/logo\/image\/"},"sameAs":["https:\/\/x.com\/EstratConcursos"]},{"@type":"Person","@id":"https:\/\/www.estrategiaconcursos.com.br\/blog\/#\/schema\/person\/9b94727dcf4410f4a7931c83966c843b","name":"Let\u00edcia Teixeira","image":{"@type":"ImageObject","inLanguage":"pt-BR","@id":"https:\/\/secure.gravatar.com\/avatar\/fb589b06b881e20b676d08f9d03226d1e3291ba2f90e751ddc9ccb21abf0244d?s=96&d=mm&r=g","url":"https:\/\/secure.gravatar.com\/avatar\/fb589b06b881e20b676d08f9d03226d1e3291ba2f90e751ddc9ccb21abf0244d?s=96&d=mm&r=g","contentUrl":"https:\/\/secure.gravatar.com\/avatar\/fb589b06b881e20b676d08f9d03226d1e3291ba2f90e751ddc9ccb21abf0244d?s=96&d=mm&r=g","caption":"Let\u00edcia Teixeira"},"description":"Jornalista com experi\u00eancia de mais de quatro anos no segmento de concursos p\u00fablicos. Especializada em Narrativa Transm\u00eddia e Storytelling pela Universidade Cat\u00f3lica de Bras\u00edlia, com atua\u00e7\u00e3o nas \u00e1reas de SEO, conte\u00fado, Webwriting e Copywriting.","url":"https:\/\/www.estrategiaconcursos.com.br\/blog\/author\/leticia-teixeiraestrategia-com\/"}]}},"_links":{"self":[{"href":"https:\/\/www.estrategiaconcursos.com.br\/blog\/wp-json\/wp\/v2\/posts\/1061506","targetHints":{"allow":["GET"]}}],"collection":[{"href":"https:\/\/www.estrategiaconcursos.com.br\/blog\/wp-json\/wp\/v2\/posts"}],"about":[{"href":"https:\/\/www.estrategiaconcursos.com.br\/blog\/wp-json\/wp\/v2\/types\/post"}],"author":[{"embeddable":true,"href":"https:\/\/www.estrategiaconcursos.com.br\/blog\/wp-json\/wp\/v2\/users\/2319"}],"replies":[{"embeddable":true,"href":"https:\/\/www.estrategiaconcursos.com.br\/blog\/wp-json\/wp\/v2\/comments?post=1061506"}],"version-history":[{"count":20,"href":"https:\/\/www.estrategiaconcursos.com.br\/blog\/wp-json\/wp\/v2\/posts\/1061506\/revisions"}],"predecessor-version":[{"id":1094110,"href":"https:\/\/www.estrategiaconcursos.com.br\/blog\/wp-json\/wp\/v2\/posts\/1061506\/revisions\/1094110"}],"wp:featuredmedia":[{"embeddable":true,"href":"https:\/\/www.estrategiaconcursos.com.br\/blog\/wp-json\/wp\/v2\/media\/1044080"}],"wp:attachment":[{"href":"https:\/\/www.estrategiaconcursos.com.br\/blog\/wp-json\/wp\/v2\/media?parent=1061506"}],"wp:term":[{"taxonomy":"category","embeddable":true,"href":"https:\/\/www.estrategiaconcursos.com.br\/blog\/wp-json\/wp\/v2\/categories?post=1061506"},{"taxonomy":"post_tag","embeddable":true,"href":"https:\/\/www.estrategiaconcursos.com.br\/blog\/wp-json\/wp\/v2\/tags?post=1061506"},{"taxonomy":"tax_estado","embeddable":true,"href":"https:\/\/www.estrategiaconcursos.com.br\/blog\/wp-json\/wp\/v2\/tax_estado?post=1061506"}],"curies":[{"name":"wp","href":"https:\/\/api.w.org\/{rel}","templated":true}]}}