{"id":1061336,"date":"2022-07-17T07:30:00","date_gmt":"2022-07-17T10:30:00","guid":{"rendered":"https:\/\/www.estrategiaconcursos.com.br\/blog\/?p=1061336"},"modified":"2022-10-10T16:46:27","modified_gmt":"2022-10-10T19:46:27","slug":"sefaz-ap-pos-edital-maratona-especial-questoes-fcc","status":"publish","type":"post","link":"https:\/\/www.estrategiaconcursos.com.br\/blog\/sefaz-ap-pos-edital-maratona-especial-questoes-fcc\/","title":{"rendered":"Sefaz AP \u2013 P\u00f3s-Edital: Maratona Especial de Quest\u00f5es FCC"},"content":{"rendered":"\n<p>Aten\u00e7\u00e3o, estrategistas! As inscri\u00e7\u00f5es para o<strong> concurso Sefaz AP<\/strong> j\u00e1 est\u00e3o abertas! S\u00e3o ofertadas <strong>250 vagas em CR<\/strong> para os cargos de&nbsp;<strong><a href=\"https:\/\/www.estrategiaconcursos.com.br\/cursosPorConcurso\/secretaria-de-estado-da-fazenda-do-amapa-sefaz-ap\/\" target=\"_blank\" rel=\"noreferrer noopener\">Auditor da Receita e Fiscal da Receita<\/a><\/strong>.<\/p>\n\n\n\n<p>Para te ajudar a garantir uma das vagas e o sal\u00e1rio de <strong>R$ 22 mil<\/strong>, o Estrat\u00e9gia realiza uma<strong> Maratona<\/strong> <strong>Especial de Quest\u00f5es FCC<\/strong>. Dessa forma, voc\u00ea se familiariza com o estilo de quest\u00f5es da banca e garante um bom resultado na <strong>prova objetiva<\/strong>, que est\u00e1 prevista para os dias 18 e 25 de setembro.<\/p>\n\n\n\n<p>Confira a programa\u00e7\u00e3o abaixo e n\u00e3o perca essa oportunidade \u00fanica:<\/p>\n\n\n\n<ul class=\"wp-block-list\"><li><strong>das 8h30 \u00e0s 10h: <\/strong>Contabilidade Geral com Silvio Sande;<\/li><li><strong>das 10h \u00e0s 11h30:<\/strong> Matem\u00e1tica Financeira com Brunno Lima;<\/li><li><strong>das 11h30 \u00e0s 13h: <\/strong>Legisla\u00e7\u00e3o Tribut\u00e1ria do Amap\u00e1 com Eduardo da Rocha;<\/li><li><strong>das 13h \u00e0s 14h30:<\/strong> Portugu\u00eas com Janaina Arruda;<\/li><li><strong>das 14h30 \u00e0s 16h:<\/strong> Auditoria Tribut\u00e1ria com Guilherme Santanna;<\/li><li><strong>das 16h \u00e0s 17h30: <\/strong>Direito Tribut\u00e1rio com F\u00e1bio Dutra.<\/li><\/ul>\n\n\n\n<p class=\"has-text-align-center\"><em>Para ficar por dentro de todas as informa\u00e7\u00f5es sobre o concurso Sefaz AP, que est\u00e1 com inscri\u00e7\u00f5es abertas, n\u00e3o deixe de conferir nosso artigo completo sobre a sele\u00e7\u00e3o:<\/em><\/p>\n\n\n\n<p class=\"has-text-align-center has-background has-medium-font-size\" style=\"background-color:#e5e8eb\"><strong>Mais informa\u00e7\u00f5es: <a href=\"https:\/\/www.estrategiaconcursos.com.br\/blog\/concurso-sefaz-ap\/\" target=\"_blank\" rel=\"noreferrer noopener\">Sefaz AP<\/a><\/strong><\/p>\n\n\n\n<h2 class=\"has-text-align-center wp-block-heading\" id=\"cursos-assinatura\"><em>Quer estudar para o concurso Sefaz AP?<\/em><\/h2>\n\n\n\n<div class=\"container\" id=\"boxes\">\n  <div class=\"row\">\n\n    <div class=\"col-sm\">\n      <div class=\"banner-fiscal-01\" id=\"box-assinatura\">\n        <h3 class=\"titulo-assinatura\">Concurso Sefaz AP<\/h3>\n        <p class=\"subtitulo-assinatura\">Estude conosco<\/p>\n        <div class=\"box-botao\">\n          <a class=\"btn-assinatura\" target=\"_blank\" href=\"https:\/\/www.estrategiaconcursos.com.br\/cursosPorConcurso\/secretaria-de-estado-da-fazenda-do-amapa-sefaz-ap\/\" role=\"button\" rel=\"noopener noreferrer\">Conhe\u00e7a os cursos<\/a>\n        <\/div>\n      <\/div>\n      \n    <\/div>\n\n  <\/div>\n<\/div>\n\n\n\n<div class=\"container\" id=\"boxes\">\n  <div class=\"row\">\n\n    <div class=\"col-sm\">\n      <div class=\"estrategia\" id=\"box-assinatura\">\n        <h3 class=\"titulo-assinatura\">Assinatura Concursos<\/h3>\n        <p class=\"subtitulo-assinatura\">Assinatura de 1 ano ou 2 anos<\/p>\n        <div class=\"box-botao\">\n          <a class=\"btn-assinatura\" target=\"_blank\" href=\"https:\/\/www.estrategiaconcursos.com.br\/assinaturas\/\" role=\"button\" rel=\"noopener noreferrer\">ASSINE AGORA<\/a>\n        <\/div>\n      <\/div><\/div><\/div><\/div>\n\n\n\n<h2 class=\"has-text-align-center wp-block-heading\" id=\"h-quer-saber-tudo-sobre-concursos-previstos-confira-nossos-artigos\">Quer saber tudo sobre concursos previstos?<br \/>Confira  nossos artigos!<\/h2>\n\n\n\n<ul class=\"wp-block-list\"><li><a href=\"https:\/\/www.estrategiaconcursos.com.br\/blog\/concursos-abertos\/\" target=\"_blank\" rel=\"noreferrer noopener\">Concursos abertos<\/a><\/li><li><a href=\"https:\/\/www.estrategiaconcursos.com.br\/blog\/concursos-fiscais-2022\/\" target=\"_blank\" rel=\"noreferrer noopener\">Concursos fiscais<\/a><\/li><li><a href=\"https:\/\/www.estrategiaconcursos.com.br\/blog\/concursos-2022\/\" target=\"_blank\" rel=\"noreferrer noopener\">Concursos 2022<\/a><\/li><li><a href=\"https:\/\/www.estrategiaconcursos.com.br\/blog\/concursos-2023\/\" target=\"_blank\" rel=\"noreferrer noopener\">Concursos 2023<\/a><\/li><\/ul>\n","protected":false},"excerpt":{"rendered":"<p>Aten\u00e7\u00e3o, estrategistas! As inscri\u00e7\u00f5es para o concurso Sefaz AP j\u00e1 est\u00e3o abertas! S\u00e3o ofertadas 250 vagas em CR para os cargos de&nbsp;Auditor da Receita e Fiscal da Receita. Para te ajudar a garantir uma das vagas e o sal\u00e1rio de R$ 22 mil, o Estrat\u00e9gia realiza uma Maratona Especial de Quest\u00f5es FCC. Dessa forma, voc\u00ea [&hellip;]<\/p>\n","protected":false},"author":1551,"featured_media":1061756,"comment_status":"open","ping_status":"closed","sticky":false,"template":"","format":"standard","meta":{"post_tipo":"news","footnotes":""},"categories":[1983,220219],"tags":[],"tax_estado":[219967],"class_list":["post-1061336","post","type-post","status-publish","format-standard","has-post-thumbnail","hentry","category-fiscal-estadual","category-noticias","tax_estado-ap"],"acf":[],"yoast_head":"<!-- This site is optimized with the Yoast SEO Premium plugin v27.2 (Yoast SEO v27.2) - https:\/\/yoast.com\/product\/yoast-seo-premium-wordpress\/ -->\n<title>Sefaz AP \u2013 P\u00f3s-Edital: Maratona Especial de Quest\u00f5es FCC<\/title>\n<meta name=\"description\" content=\"Professores do Estrat\u00e9gia ministram a Maratona Especial de Quest\u00f5es FCC para o concurso Sefaz AP. Hoje, a partir das 8h30!\" \/>\n<meta name=\"robots\" content=\"index, follow, max-snippet:-1, max-image-preview:large, max-video-preview:-1\" \/>\n<link rel=\"canonical\" href=\"https:\/\/www.estrategiaconcursos.com.br\/blog\/sefaz-ap-pos-edital-maratona-especial-questoes-fcc\/\" \/>\n<meta property=\"og:locale\" content=\"pt_BR\" \/>\n<meta property=\"og:type\" content=\"article\" \/>\n<meta property=\"og:title\" content=\"Sefaz AP \u2013 P\u00f3s-Edital: Maratona Especial de Quest\u00f5es FCC\" \/>\n<meta property=\"og:description\" content=\"Professores do Estrat\u00e9gia ministram a Maratona Especial de Quest\u00f5es FCC para o concurso Sefaz AP. Hoje, a partir das 8h30!\" \/>\n<meta property=\"og:url\" content=\"https:\/\/www.estrategiaconcursos.com.br\/blog\/sefaz-ap-pos-edital-maratona-especial-questoes-fcc\/\" \/>\n<meta property=\"og:site_name\" content=\"Estrat\u00e9gia Concursos\" \/>\n<meta property=\"article:published_time\" content=\"2022-07-17T10:30:00+00:00\" \/>\n<meta property=\"article:modified_time\" content=\"2022-10-10T19:46:27+00:00\" \/>\n<meta property=\"og:image\" content=\"https:\/\/dhg1h5j42swfq.cloudfront.net\/2022\/07\/15114342\/ap.jpg\" \/>\n\t<meta property=\"og:image:width\" content=\"1261\" \/>\n\t<meta property=\"og:image:height\" content=\"648\" \/>\n\t<meta property=\"og:image:type\" content=\"image\/jpeg\" \/>\n<meta name=\"author\" content=\"Silvio Sande\" \/>\n<meta name=\"twitter:card\" content=\"summary_large_image\" \/>\n<meta name=\"twitter:creator\" content=\"@EstratConcursos\" \/>\n<meta name=\"twitter:site\" content=\"@EstratConcursos\" \/>\n<meta name=\"twitter:label1\" content=\"Escrito por\" \/>\n\t<meta name=\"twitter:data1\" content=\"Silvio Sande\" \/>\n\t<meta name=\"twitter:label2\" content=\"Est. tempo de leitura\" \/>\n\t<meta name=\"twitter:data2\" content=\"2 minutos\" \/>\n<script type=\"application\/ld+json\" class=\"yoast-schema-graph\">{\"@context\":\"https:\/\/schema.org\",\"@graph\":[{\"@type\":\"NewsArticle\",\"@id\":\"https:\/\/www.estrategiaconcursos.com.br\/blog\/sefaz-ap-pos-edital-maratona-especial-questoes-fcc\/#article\",\"isPartOf\":{\"@id\":\"https:\/\/www.estrategiaconcursos.com.br\/blog\/sefaz-ap-pos-edital-maratona-especial-questoes-fcc\/\"},\"author\":{\"name\":\"Silvio Sande\",\"@id\":\"https:\/\/www.estrategiaconcursos.com.br\/blog\/#\/schema\/person\/d3fdf11dcb0a6c5d1f662e4f5aea2a3a\"},\"headline\":\"Sefaz AP \u2013 P\u00f3s-Edital: Maratona Especial de Quest\u00f5es FCC\",\"datePublished\":\"2022-07-17T10:30:00+00:00\",\"dateModified\":\"2022-10-10T19:46:27+00:00\",\"mainEntityOfPage\":{\"@id\":\"https:\/\/www.estrategiaconcursos.com.br\/blog\/sefaz-ap-pos-edital-maratona-especial-questoes-fcc\/\"},\"wordCount\":251,\"commentCount\":0,\"publisher\":{\"@id\":\"https:\/\/www.estrategiaconcursos.com.br\/blog\/#organization\"},\"image\":{\"@id\":\"https:\/\/www.estrategiaconcursos.com.br\/blog\/sefaz-ap-pos-edital-maratona-especial-questoes-fcc\/#primaryimage\"},\"thumbnailUrl\":\"https:\/\/dhg1h5j42swfq.cloudfront.net\/2022\/07\/15114342\/ap.jpg\",\"articleSection\":[\"Fiscal - Estadual (ICMS)\",\"\u00daltimas not\u00edcias\"],\"inLanguage\":\"pt-BR\",\"potentialAction\":[{\"@type\":\"CommentAction\",\"name\":\"Comment\",\"target\":[\"https:\/\/www.estrategiaconcursos.com.br\/blog\/sefaz-ap-pos-edital-maratona-especial-questoes-fcc\/#respond\"]}],\"copyrightYear\":\"2022\",\"copyrightHolder\":{\"@id\":\"https:\/\/www.estrategiaconcursos.com.br\/blog\/#organization\"}},{\"@type\":\"WebPage\",\"@id\":\"https:\/\/www.estrategiaconcursos.com.br\/blog\/sefaz-ap-pos-edital-maratona-especial-questoes-fcc\/\",\"url\":\"https:\/\/www.estrategiaconcursos.com.br\/blog\/sefaz-ap-pos-edital-maratona-especial-questoes-fcc\/\",\"name\":\"Sefaz AP \u2013 P\u00f3s-Edital: Maratona Especial de Quest\u00f5es FCC\",\"isPartOf\":{\"@id\":\"https:\/\/www.estrategiaconcursos.com.br\/blog\/#website\"},\"primaryImageOfPage\":{\"@id\":\"https:\/\/www.estrategiaconcursos.com.br\/blog\/sefaz-ap-pos-edital-maratona-especial-questoes-fcc\/#primaryimage\"},\"image\":{\"@id\":\"https:\/\/www.estrategiaconcursos.com.br\/blog\/sefaz-ap-pos-edital-maratona-especial-questoes-fcc\/#primaryimage\"},\"thumbnailUrl\":\"https:\/\/dhg1h5j42swfq.cloudfront.net\/2022\/07\/15114342\/ap.jpg\",\"datePublished\":\"2022-07-17T10:30:00+00:00\",\"dateModified\":\"2022-10-10T19:46:27+00:00\",\"description\":\"Professores do Estrat\u00e9gia ministram a Maratona Especial de Quest\u00f5es FCC para o concurso Sefaz AP. Hoje, a partir das 8h30!\",\"breadcrumb\":{\"@id\":\"https:\/\/www.estrategiaconcursos.com.br\/blog\/sefaz-ap-pos-edital-maratona-especial-questoes-fcc\/#breadcrumb\"},\"inLanguage\":\"pt-BR\",\"potentialAction\":[{\"@type\":\"ReadAction\",\"target\":[\"https:\/\/www.estrategiaconcursos.com.br\/blog\/sefaz-ap-pos-edital-maratona-especial-questoes-fcc\/\"]}]},{\"@type\":\"ImageObject\",\"inLanguage\":\"pt-BR\",\"@id\":\"https:\/\/www.estrategiaconcursos.com.br\/blog\/sefaz-ap-pos-edital-maratona-especial-questoes-fcc\/#primaryimage\",\"url\":\"https:\/\/dhg1h5j42swfq.cloudfront.net\/2022\/07\/15114342\/ap.jpg\",\"contentUrl\":\"https:\/\/dhg1h5j42swfq.cloudfront.net\/2022\/07\/15114342\/ap.jpg\",\"width\":1261,\"height\":648},{\"@type\":\"BreadcrumbList\",\"@id\":\"https:\/\/www.estrategiaconcursos.com.br\/blog\/sefaz-ap-pos-edital-maratona-especial-questoes-fcc\/#breadcrumb\",\"itemListElement\":[{\"@type\":\"ListItem\",\"position\":1,\"name\":\"In\u00edcio\",\"item\":\"https:\/\/www.estrategiaconcursos.com.br\/blog\/\"},{\"@type\":\"ListItem\",\"position\":2,\"name\":\"Sefaz AP \u2013 P\u00f3s-Edital: Maratona Especial de Quest\u00f5es FCC\"}]},{\"@type\":\"WebSite\",\"@id\":\"https:\/\/www.estrategiaconcursos.com.br\/blog\/#website\",\"url\":\"https:\/\/www.estrategiaconcursos.com.br\/blog\/\",\"name\":\"Estrat\u00e9gia Concursos\",\"description\":\"O blog da Estrat\u00e9gia Concursos traz not\u00edcias sobre concursos e artigos de professores oferecendo cursos para concursos (pdf + videaulas) no site.\",\"publisher\":{\"@id\":\"https:\/\/www.estrategiaconcursos.com.br\/blog\/#organization\"},\"potentialAction\":[{\"@type\":\"SearchAction\",\"target\":{\"@type\":\"EntryPoint\",\"urlTemplate\":\"https:\/\/www.estrategiaconcursos.com.br\/blog\/?s={search_term_string}\"},\"query-input\":{\"@type\":\"PropertyValueSpecification\",\"valueRequired\":true,\"valueName\":\"search_term_string\"}}],\"inLanguage\":\"pt-BR\"},{\"@type\":\"Organization\",\"@id\":\"https:\/\/www.estrategiaconcursos.com.br\/blog\/#organization\",\"name\":\"Estrat\u00e9gia Concursos\",\"url\":\"https:\/\/www.estrategiaconcursos.com.br\/blog\/\",\"logo\":{\"@type\":\"ImageObject\",\"inLanguage\":\"pt-BR\",\"@id\":\"https:\/\/www.estrategiaconcursos.com.br\/blog\/#\/schema\/logo\/image\/\",\"url\":\"https:\/\/dhg1h5j42swfq.cloudfront.net\/2025\/06\/03203428\/logo_concursos-1.jpg\",\"contentUrl\":\"https:\/\/dhg1h5j42swfq.cloudfront.net\/2025\/06\/03203428\/logo_concursos-1.jpg\",\"width\":230,\"height\":60,\"caption\":\"Estrat\u00e9gia Concursos\"},\"image\":{\"@id\":\"https:\/\/www.estrategiaconcursos.com.br\/blog\/#\/schema\/logo\/image\/\"},\"sameAs\":[\"https:\/\/x.com\/EstratConcursos\"]},{\"@type\":\"Person\",\"@id\":\"https:\/\/www.estrategiaconcursos.com.br\/blog\/#\/schema\/person\/d3fdf11dcb0a6c5d1f662e4f5aea2a3a\",\"name\":\"Silvio Sande\",\"image\":{\"@type\":\"ImageObject\",\"inLanguage\":\"pt-BR\",\"@id\":\"https:\/\/secure.gravatar.com\/avatar\/aff0d2496ed5a6c2a83263144475c015afefc5781a32ffc5be2a1823cfa881fa?s=96&d=mm&r=g\",\"url\":\"https:\/\/secure.gravatar.com\/avatar\/aff0d2496ed5a6c2a83263144475c015afefc5781a32ffc5be2a1823cfa881fa?s=96&d=mm&r=g\",\"contentUrl\":\"https:\/\/secure.gravatar.com\/avatar\/aff0d2496ed5a6c2a83263144475c015afefc5781a32ffc5be2a1823cfa881fa?s=96&d=mm&r=g\",\"caption\":\"Silvio Sande\"},\"url\":\"https:\/\/www.estrategiaconcursos.com.br\/blog\/author\/silviosandehotmail-com\/\"}]}<\/script>\n<!-- \/ Yoast SEO Premium plugin. -->","yoast_head_json":{"title":"Sefaz AP \u2013 P\u00f3s-Edital: Maratona Especial de Quest\u00f5es FCC","description":"Professores do Estrat\u00e9gia ministram a Maratona Especial de Quest\u00f5es FCC para o concurso Sefaz AP. Hoje, a partir das 8h30!","robots":{"index":"index","follow":"follow","max-snippet":"max-snippet:-1","max-image-preview":"max-image-preview:large","max-video-preview":"max-video-preview:-1"},"canonical":"https:\/\/www.estrategiaconcursos.com.br\/blog\/sefaz-ap-pos-edital-maratona-especial-questoes-fcc\/","og_locale":"pt_BR","og_type":"article","og_title":"Sefaz AP \u2013 P\u00f3s-Edital: Maratona Especial de Quest\u00f5es FCC","og_description":"Professores do Estrat\u00e9gia ministram a Maratona Especial de Quest\u00f5es FCC para o concurso Sefaz AP. Hoje, a partir das 8h30!","og_url":"https:\/\/www.estrategiaconcursos.com.br\/blog\/sefaz-ap-pos-edital-maratona-especial-questoes-fcc\/","og_site_name":"Estrat\u00e9gia Concursos","article_published_time":"2022-07-17T10:30:00+00:00","article_modified_time":"2022-10-10T19:46:27+00:00","og_image":[{"width":1261,"height":648,"url":"https:\/\/dhg1h5j42swfq.cloudfront.net\/2022\/07\/15114342\/ap.jpg","type":"image\/jpeg"}],"author":"Silvio Sande","twitter_card":"summary_large_image","twitter_creator":"@EstratConcursos","twitter_site":"@EstratConcursos","twitter_misc":{"Escrito por":"Silvio Sande","Est. tempo de leitura":"2 minutos"},"schema":{"@context":"https:\/\/schema.org","@graph":[{"@type":"NewsArticle","@id":"https:\/\/www.estrategiaconcursos.com.br\/blog\/sefaz-ap-pos-edital-maratona-especial-questoes-fcc\/#article","isPartOf":{"@id":"https:\/\/www.estrategiaconcursos.com.br\/blog\/sefaz-ap-pos-edital-maratona-especial-questoes-fcc\/"},"author":{"name":"Silvio Sande","@id":"https:\/\/www.estrategiaconcursos.com.br\/blog\/#\/schema\/person\/d3fdf11dcb0a6c5d1f662e4f5aea2a3a"},"headline":"Sefaz AP \u2013 P\u00f3s-Edital: Maratona Especial de Quest\u00f5es FCC","datePublished":"2022-07-17T10:30:00+00:00","dateModified":"2022-10-10T19:46:27+00:00","mainEntityOfPage":{"@id":"https:\/\/www.estrategiaconcursos.com.br\/blog\/sefaz-ap-pos-edital-maratona-especial-questoes-fcc\/"},"wordCount":251,"commentCount":0,"publisher":{"@id":"https:\/\/www.estrategiaconcursos.com.br\/blog\/#organization"},"image":{"@id":"https:\/\/www.estrategiaconcursos.com.br\/blog\/sefaz-ap-pos-edital-maratona-especial-questoes-fcc\/#primaryimage"},"thumbnailUrl":"https:\/\/dhg1h5j42swfq.cloudfront.net\/2022\/07\/15114342\/ap.jpg","articleSection":["Fiscal - Estadual (ICMS)","\u00daltimas not\u00edcias"],"inLanguage":"pt-BR","potentialAction":[{"@type":"CommentAction","name":"Comment","target":["https:\/\/www.estrategiaconcursos.com.br\/blog\/sefaz-ap-pos-edital-maratona-especial-questoes-fcc\/#respond"]}],"copyrightYear":"2022","copyrightHolder":{"@id":"https:\/\/www.estrategiaconcursos.com.br\/blog\/#organization"}},{"@type":"WebPage","@id":"https:\/\/www.estrategiaconcursos.com.br\/blog\/sefaz-ap-pos-edital-maratona-especial-questoes-fcc\/","url":"https:\/\/www.estrategiaconcursos.com.br\/blog\/sefaz-ap-pos-edital-maratona-especial-questoes-fcc\/","name":"Sefaz AP \u2013 P\u00f3s-Edital: Maratona Especial de Quest\u00f5es FCC","isPartOf":{"@id":"https:\/\/www.estrategiaconcursos.com.br\/blog\/#website"},"primaryImageOfPage":{"@id":"https:\/\/www.estrategiaconcursos.com.br\/blog\/sefaz-ap-pos-edital-maratona-especial-questoes-fcc\/#primaryimage"},"image":{"@id":"https:\/\/www.estrategiaconcursos.com.br\/blog\/sefaz-ap-pos-edital-maratona-especial-questoes-fcc\/#primaryimage"},"thumbnailUrl":"https:\/\/dhg1h5j42swfq.cloudfront.net\/2022\/07\/15114342\/ap.jpg","datePublished":"2022-07-17T10:30:00+00:00","dateModified":"2022-10-10T19:46:27+00:00","description":"Professores do Estrat\u00e9gia ministram a Maratona Especial de Quest\u00f5es FCC para o concurso Sefaz AP. Hoje, a partir das 8h30!","breadcrumb":{"@id":"https:\/\/www.estrategiaconcursos.com.br\/blog\/sefaz-ap-pos-edital-maratona-especial-questoes-fcc\/#breadcrumb"},"inLanguage":"pt-BR","potentialAction":[{"@type":"ReadAction","target":["https:\/\/www.estrategiaconcursos.com.br\/blog\/sefaz-ap-pos-edital-maratona-especial-questoes-fcc\/"]}]},{"@type":"ImageObject","inLanguage":"pt-BR","@id":"https:\/\/www.estrategiaconcursos.com.br\/blog\/sefaz-ap-pos-edital-maratona-especial-questoes-fcc\/#primaryimage","url":"https:\/\/dhg1h5j42swfq.cloudfront.net\/2022\/07\/15114342\/ap.jpg","contentUrl":"https:\/\/dhg1h5j42swfq.cloudfront.net\/2022\/07\/15114342\/ap.jpg","width":1261,"height":648},{"@type":"BreadcrumbList","@id":"https:\/\/www.estrategiaconcursos.com.br\/blog\/sefaz-ap-pos-edital-maratona-especial-questoes-fcc\/#breadcrumb","itemListElement":[{"@type":"ListItem","position":1,"name":"In\u00edcio","item":"https:\/\/www.estrategiaconcursos.com.br\/blog\/"},{"@type":"ListItem","position":2,"name":"Sefaz AP \u2013 P\u00f3s-Edital: Maratona Especial de Quest\u00f5es FCC"}]},{"@type":"WebSite","@id":"https:\/\/www.estrategiaconcursos.com.br\/blog\/#website","url":"https:\/\/www.estrategiaconcursos.com.br\/blog\/","name":"Estrat\u00e9gia Concursos","description":"O blog da Estrat\u00e9gia Concursos traz not\u00edcias sobre concursos e artigos de professores oferecendo cursos para concursos (pdf + videaulas) no site.","publisher":{"@id":"https:\/\/www.estrategiaconcursos.com.br\/blog\/#organization"},"potentialAction":[{"@type":"SearchAction","target":{"@type":"EntryPoint","urlTemplate":"https:\/\/www.estrategiaconcursos.com.br\/blog\/?s={search_term_string}"},"query-input":{"@type":"PropertyValueSpecification","valueRequired":true,"valueName":"search_term_string"}}],"inLanguage":"pt-BR"},{"@type":"Organization","@id":"https:\/\/www.estrategiaconcursos.com.br\/blog\/#organization","name":"Estrat\u00e9gia Concursos","url":"https:\/\/www.estrategiaconcursos.com.br\/blog\/","logo":{"@type":"ImageObject","inLanguage":"pt-BR","@id":"https:\/\/www.estrategiaconcursos.com.br\/blog\/#\/schema\/logo\/image\/","url":"https:\/\/dhg1h5j42swfq.cloudfront.net\/2025\/06\/03203428\/logo_concursos-1.jpg","contentUrl":"https:\/\/dhg1h5j42swfq.cloudfront.net\/2025\/06\/03203428\/logo_concursos-1.jpg","width":230,"height":60,"caption":"Estrat\u00e9gia Concursos"},"image":{"@id":"https:\/\/www.estrategiaconcursos.com.br\/blog\/#\/schema\/logo\/image\/"},"sameAs":["https:\/\/x.com\/EstratConcursos"]},{"@type":"Person","@id":"https:\/\/www.estrategiaconcursos.com.br\/blog\/#\/schema\/person\/d3fdf11dcb0a6c5d1f662e4f5aea2a3a","name":"Silvio Sande","image":{"@type":"ImageObject","inLanguage":"pt-BR","@id":"https:\/\/secure.gravatar.com\/avatar\/aff0d2496ed5a6c2a83263144475c015afefc5781a32ffc5be2a1823cfa881fa?s=96&d=mm&r=g","url":"https:\/\/secure.gravatar.com\/avatar\/aff0d2496ed5a6c2a83263144475c015afefc5781a32ffc5be2a1823cfa881fa?s=96&d=mm&r=g","contentUrl":"https:\/\/secure.gravatar.com\/avatar\/aff0d2496ed5a6c2a83263144475c015afefc5781a32ffc5be2a1823cfa881fa?s=96&d=mm&r=g","caption":"Silvio Sande"},"url":"https:\/\/www.estrategiaconcursos.com.br\/blog\/author\/silviosandehotmail-com\/"}]}},"_links":{"self":[{"href":"https:\/\/www.estrategiaconcursos.com.br\/blog\/wp-json\/wp\/v2\/posts\/1061336","targetHints":{"allow":["GET"]}}],"collection":[{"href":"https:\/\/www.estrategiaconcursos.com.br\/blog\/wp-json\/wp\/v2\/posts"}],"about":[{"href":"https:\/\/www.estrategiaconcursos.com.br\/blog\/wp-json\/wp\/v2\/types\/post"}],"author":[{"embeddable":true,"href":"https:\/\/www.estrategiaconcursos.com.br\/blog\/wp-json\/wp\/v2\/users\/1551"}],"replies":[{"embeddable":true,"href":"https:\/\/www.estrategiaconcursos.com.br\/blog\/wp-json\/wp\/v2\/comments?post=1061336"}],"version-history":[{"count":8,"href":"https:\/\/www.estrategiaconcursos.com.br\/blog\/wp-json\/wp\/v2\/posts\/1061336\/revisions"}],"predecessor-version":[{"id":1107685,"href":"https:\/\/www.estrategiaconcursos.com.br\/blog\/wp-json\/wp\/v2\/posts\/1061336\/revisions\/1107685"}],"wp:featuredmedia":[{"embeddable":true,"href":"https:\/\/www.estrategiaconcursos.com.br\/blog\/wp-json\/wp\/v2\/media\/1061756"}],"wp:attachment":[{"href":"https:\/\/www.estrategiaconcursos.com.br\/blog\/wp-json\/wp\/v2\/media?parent=1061336"}],"wp:term":[{"taxonomy":"category","embeddable":true,"href":"https:\/\/www.estrategiaconcursos.com.br\/blog\/wp-json\/wp\/v2\/categories?post=1061336"},{"taxonomy":"post_tag","embeddable":true,"href":"https:\/\/www.estrategiaconcursos.com.br\/blog\/wp-json\/wp\/v2\/tags?post=1061336"},{"taxonomy":"tax_estado","embeddable":true,"href":"https:\/\/www.estrategiaconcursos.com.br\/blog\/wp-json\/wp\/v2\/tax_estado?post=1061336"}],"curies":[{"name":"wp","href":"https:\/\/api.w.org\/{rel}","templated":true}]}}