{"id":1061241,"date":"2022-07-14T18:30:16","date_gmt":"2022-07-14T21:30:16","guid":{"rendered":"https:\/\/www.estrategiaconcursos.com.br\/blog\/?p=1061241"},"modified":"2024-01-12T11:03:37","modified_gmt":"2024-01-12T14:03:37","slug":"concurso-prefeitura-bodoco","status":"publish","type":"post","link":"https:\/\/www.estrategiaconcursos.com.br\/blog\/concurso-prefeitura-bodoco\/","title":{"rendered":"Concurso Prefeitura de Bodoc\u00f3: edital para professores publicado!"},"content":{"rendered":"\n<p>Foi publicado o edital do concurso da Prefeitura de Bodoc\u00f3, estado de Pernambuco. Conforme o documento, s\u00e3o ofertadas <strong>94 vagas<\/strong> para professores e na \u00e1rea de educa\u00e7\u00e3o, distribu\u00eddas entre cargos de n\u00edveis fundamental, m\u00e9dio e superior de escolaridade .<\/p>\n\n\n\n<p>Os interessados em participar da sele\u00e7\u00e3o devem realizar as inscri\u00e7\u00f5es no per\u00edodo de <strong>14 de julho a 05 de<\/strong> <strong>agosto de 2022<\/strong>, no site da banca organizadora, Instituto Consulpam. As taxas foram definidas de acordo com o grau de escolaridade do cargo pretendido, sendo:<\/p>\n\n\n\n<ul class=\"wp-block-list\"><li><strong>Fundamental:<\/strong> R$ 50,00<\/li><li><strong>M\u00e9dio:<\/strong> R$ 80,00<\/li><li><strong>Superior: <\/strong>R$ 130,00<\/li><\/ul>\n\n\n\n<ul class=\"has-electric-grass-gradient-background has-background wp-block-list\"><li><strong>Concurso Prefeitura de Bodoc\u00f3 (PE)<\/strong><\/li><li><strong>Status:<\/strong> inscri\u00e7\u00f5es abertas<\/li><li><strong>Banca:<\/strong> Instituto Consulpam<\/li><li><strong>Vagas:<\/strong> 94<\/li><li><strong>Sal\u00e1rio inicial:<\/strong> R$ 1.212,00 a R$ 3.172,54<\/li><li><strong>Edital:<\/strong> <a href=\"https:\/\/dhg1h5j42swfq.cloudfront.net\/2022\/07\/14173107\/20220713_212718_edital-bodoco-pe-001-2022-concurso-publico-14-07.pdf\" target=\"_blank\" rel=\"noreferrer noopener nofollow\">Prefeitura de Bodoc\u00f3<\/a><\/li><\/ul>\n\n\n\n<p>Com a inten\u00e7\u00e3o de te deixar sempre bem informado, elaboramos este artigo com as principais informa\u00e7\u00f5es e novidades sobre o concurso. Acompanhe os t\u00f3picos abaixo e n\u00e3o perca nenhum detalhe:<\/p>\n\n\n\n<div class=\"container\" id=\"boxes\">\n  <div class=\"row\">\n\n    <div class=\"col-sm\">\n      <div class=\"banner-estrategia\" id=\"box-assinatura\">\n        <h3 class=\"titulo-assinatura\">Cursos para concursos<\/h3>\n        <p class=\"subtitulo-assinatura\">Conhe\u00e7a os cursos<\/p>\n        <div class=\"box-botao\">\n          <a class=\"btn-assinatura\" target=\"_blank\" href=\"https:\/\/www.estrategiaconcursos.com.br\/cursos\/\" role=\"button\" rel=\"noopener noreferrer\">Conhe\u00e7a mais<\/a>\n        <\/div>\n      <\/div>\n     \n    <\/div>\n\n  <\/div>\n<\/div>\n\n\n\n<ul class=\"wp-block-list\"><li><strong><a href=\"#datas\">Principais datas<\/a><\/strong><\/li><li><a href=\"#cargos-vagas\"><strong>Cargos e vagas<\/strong><\/a><ul><li><a href=\"#fundamental\">Fundamental<\/a><\/li><li><a href=\"#nivel-medio-tecnico\">M\u00e9dio<\/a><\/li><li><a href=\"#nivel-superior\">Superior<\/a><\/li><\/ul><\/li><li><strong><a href=\"#requisitos\">Requisitos<\/a><\/strong><\/li><li><strong><a href=\"#etapas\">Etapas e provas<\/a><\/strong><ul><li><a href=\"#objetiva\">Prova objetiva<\/a><\/li><li><a href=\"#titulos\">Avalia\u00e7\u00e3o de T\u00edtulos<\/a><\/li><li><a href=\"#pratica\">Prova pr\u00e1tica<\/a><\/li><\/ul><\/li><li><strong><a href=\"#ultimo-concurso\">\u00daltimo concurso<\/a><\/strong><\/li><li><strong><a href=\"#cursos-assinatura\">Cursos e assinaturas<\/a><\/strong><\/li><li><strong><a href=\"#ficha\">Ficha t\u00e9cnic<\/a><\/strong><a href=\"#ficha\">a<\/a><\/li><\/ul>\n\n\n\n<h2 class=\"wp-block-heading\" id=\"datas\">Principais datas<\/h2>\n\n\n\n<p class=\"has-light-green-cyan-background-color has-background\"><strong>Inscri\u00e7\u00f5es<\/strong>: 14 de julho at\u00e9 05 de agosto de 2022<br \/><strong>Isen\u00e7\u00e3o da taxa<\/strong>: 14 e 15 de julho <br \/><strong>\u00daltimo dia para pagamento<\/strong>: 05 de agosto<br \/><strong>Prova<\/strong>: 18 de setembro de 2022<\/p>\n\n\n\n<h2 class=\"wp-block-heading\" id=\"cargos-vagas\">Cargos e vagas<\/h2>\n\n\n\n<h3 class=\"wp-block-heading\" id=\"fundamental\">N\u00edvel fundamental<\/h3>\n\n\n\n<figure class=\"wp-block-table is-style-stripes\"><table class=\"has-electric-grass-gradient-background has-background has-fixed-layout\"><thead><tr><th class=\"has-text-align-center\" data-align=\"center\">CARGOS<\/th><th class=\"has-text-align-center\" data-align=\"center\">VAGAS<\/th><th class=\"has-text-align-center\" data-align=\"center\">SAL\u00c1RIO<\/th><\/tr><\/thead><tbody><tr><td class=\"has-text-align-center\" data-align=\"center\">Auxiliar de Servi\u00e7os Gerais<\/td><td class=\"has-text-align-center\" data-align=\"center\">05<\/td><td class=\"has-text-align-center\" data-align=\"center\">R$ 1.212,00<\/td><\/tr><tr><td class=\"has-text-align-center\" data-align=\"center\">Motorista de Transporte Escolar<\/td><td class=\"has-text-align-center\" data-align=\"center\">15<\/td><td class=\"has-text-align-center\" data-align=\"center\">R$ 1.212,00<\/td><\/tr><\/tbody><\/table><figcaption>Cargos de n\u00edvel fundamental<\/figcaption><\/figure>\n\n\n\n<h3 class=\"wp-block-heading\" id=\"nivel-medio-tecnico\">N\u00edvel m\u00e9dio\/ t\u00e9cnico<\/h3>\n\n\n\n<figure class=\"wp-block-table is-style-stripes\"><table class=\"has-electric-grass-gradient-background has-background has-fixed-layout\"><thead><tr><th class=\"has-text-align-center\" data-align=\"center\">CARGOS<\/th><th class=\"has-text-align-center\" data-align=\"center\">VAGAS<\/th><th class=\"has-text-align-center\" data-align=\"center\">SAL\u00c1RIO<\/th><\/tr><\/thead><tbody><tr><td class=\"has-text-align-center\" data-align=\"center\">Auxiliar de Educa\u00e7\u00e3o Inclusiva<\/td><td class=\"has-text-align-center\" data-align=\"center\">06<\/td><td class=\"has-text-align-center\" data-align=\"center\">R$ 1.212,00<\/td><\/tr><tr><td class=\"has-text-align-center\" data-align=\"center\">Auxiliar de Secretaria<\/td><td class=\"has-text-align-center\" data-align=\"center\">05<\/td><td class=\"has-text-align-center\" data-align=\"center\">R$ 1.212,00<\/td><\/tr><tr><td class=\"has-text-align-center\" data-align=\"center\">Guarda Patrimonial<\/td><td class=\"has-text-align-center\" data-align=\"center\">10<\/td><td class=\"has-text-align-center\" data-align=\"center\">R$ 1.212,00<\/td><\/tr><tr><td class=\"has-text-align-center\" data-align=\"center\">Monitor de Transporte Escolar<\/td><td class=\"has-text-align-center\" data-align=\"center\">04<\/td><td class=\"has-text-align-center\" data-align=\"center\">R$ 1.212,00<\/td><\/tr><tr><td class=\"has-text-align-center\" data-align=\"center\">Tradutor Int\u00e9rprete de Libras<\/td><td class=\"has-text-align-center\" data-align=\"center\">01<\/td><td class=\"has-text-align-center\" data-align=\"center\">R$ 1.212,00<\/td><\/tr><\/tbody><\/table><figcaption>Cargos de n\u00edvel m\u00e9dio<\/figcaption><\/figure>\n\n\n\n<h3 class=\"wp-block-heading\" id=\"nivel-superior\">N\u00edvel superior<\/h3>\n\n\n\n<figure class=\"wp-block-table is-style-stripes\"><table class=\"has-electric-grass-gradient-background has-background has-fixed-layout\"><thead><tr><th class=\"has-text-align-center\" data-align=\"center\">CARGOS<\/th><th class=\"has-text-align-center\" data-align=\"center\">VAGAS<\/th><th class=\"has-text-align-center\" data-align=\"center\">SAL\u00c1RIO<\/th><\/tr><\/thead><tbody><tr><td class=\"has-text-align-center\" data-align=\"center\">Assistente Social<\/td><td class=\"has-text-align-center\" data-align=\"center\">01<\/td><td class=\"has-text-align-center\" data-align=\"center\">R$ 2.000,00<\/td><\/tr><tr><td class=\"has-text-align-center\" data-align=\"center\">Professor de Ed. Infantil e Ens.<br \/>Fundamental do 1\u00ba ao 5\u00ba Ano<\/td><td class=\"has-text-align-center\" data-align=\"center\">38<\/td><td class=\"has-text-align-center\" data-align=\"center\">R$ 3.172,54<\/td><\/tr><tr><td class=\"has-text-align-center\" data-align=\"center\">Professor do 6\u00ba ao 9\u00ba Ano-Ed.<br \/>F\u00edsica<\/td><td class=\"has-text-align-center\" data-align=\"center\">01<\/td><td class=\"has-text-align-center\" data-align=\"center\">R$ 3.172,54<\/td><\/tr><tr><td class=\"has-text-align-center\" data-align=\"center\">Professor do 6\u00ba ao 9\u00ba Ano-Ingl\u00eas<\/td><td class=\"has-text-align-center\" data-align=\"center\">01<\/td><td class=\"has-text-align-center\" data-align=\"center\">R$ 3.172,54<\/td><\/tr><tr><td class=\"has-text-align-center\" data-align=\"center\">Professor do 6\u00ba ao 9\u00ba Ano Matem\u00e1tica<\/td><td class=\"has-text-align-center\" data-align=\"center\">04<\/td><td class=\"has-text-align-center\" data-align=\"center\">R$ 3.172,54<\/td><\/tr><tr><td class=\"has-text-align-center\" data-align=\"center\">Professor do 6\u00ba ao 9\u00ba Ano Portugu\u00eas<\/td><td class=\"has-text-align-center\" data-align=\"center\">01<\/td><td class=\"has-text-align-center\" data-align=\"center\">R$ 3.172,54<\/td><\/tr><tr><td class=\"has-text-align-center\" data-align=\"center\">Psic\u00f3logo<\/td><td class=\"has-text-align-center\" data-align=\"center\">01<\/td><td class=\"has-text-align-center\" data-align=\"center\">R$ 2.000,00<\/td><\/tr><tr><td class=\"has-text-align-center\" data-align=\"center\">Nutricionista<\/td><td class=\"has-text-align-center\" data-align=\"center\">01<\/td><td class=\"has-text-align-center\" data-align=\"center\">R$ 2.000,00<\/td><\/tr><\/tbody><\/table><figcaption>Cargos n\u00edvel superior<\/figcaption><\/figure>\n\n\n\n<h2 class=\"wp-block-heading\" id=\"requisitos\">Requisitos<\/h2>\n\n\n\n<h4 class=\"wp-block-heading\" id=\"nivel-fundamental\">N\u00edvel fundamental<\/h4>\n\n\n\n<p>Ensino fundamental e carteira de habilita\u00e7\u00e3o categoria D para o cargo de Motorista de Transporte Escolar.<\/p>\n\n\n\n<h4 class=\"wp-block-heading\" id=\"nivel-medio-tecnico-1\">N\u00edvel m\u00e9dio\/ t\u00e9cnico<\/h4>\n\n\n\n<p>Conclus\u00e3o de Ensino M\u00e9dio ou T\u00e9cnico, e Curso de LIBRAS para o cargo de Tradutor Int\u00e9rprete de Libras.<\/p>\n\n\n\n<h4 class=\"wp-block-heading\" id=\"nivel-superior-1\">N\u00edvel superior <\/h4>\n\n\n\n<p>Gradua\u00e7\u00e3o\/ licenciatura na \u00e1rea escolhida e registro no Conselho de Classe.<\/p>\n\n\n\n<h2 class=\"wp-block-heading\" id=\"etapas\">Etapas e provas<\/h2>\n\n\n\n<p>O concurso da Prefeitura de Bodoc\u00f3 ser\u00e1 constitu\u00eddo por uma etapa de prova objetiva , avalia\u00e7\u00e3o de t\u00edtulos para o cargo de Professor, e prova pr\u00e1tica para o cargo de Motorista. Confira!<\/p>\n\n\n\n<div class=\"wp-block-image\"><figure class=\"aligncenter size-full\"><img loading=\"lazy\" decoding=\"async\" width=\"535\" height=\"85\" src=\"https:\/\/dhg1h5j42swfq.cloudfront.net\/2022\/07\/14175339\/image-196.png\" alt=\"Aplica\u00e7\u00e3o das provas concurso Prefeitura de Bodoc\u00f3\" class=\"wp-image-1061337\" srcset=\"https:\/\/dhg1h5j42swfq.cloudfront.net\/2022\/07\/14175339\/image-196.png 535w, https:\/\/dhg1h5j42swfq.cloudfront.net\/2022\/07\/14175339\/image-196-300x48.png 300w, https:\/\/dhg1h5j42swfq.cloudfront.net\/2022\/07\/14175339\/image-196-150x24.png 150w\" sizes=\"auto, (max-width: 535px) 100vw, 535px\" \/><figcaption>Aplica\u00e7\u00e3o das provas concurso Prefeitura de Bodoc\u00f3<\/figcaption><\/figure><\/div>\n\n\n\n<h3 class=\"wp-block-heading\" id=\"objetiva\">Provas Objetivas<\/h3>\n\n\n\n<p>A etapa de prova objetiva , de c\u00e1rter eliminat\u00f3rio e classificat\u00f3rio, ser\u00e1 composta por quest\u00f5es de m\u00faltipla escolha, com 4 alternativas sendo apenas 01 correta. Confira abaixo a estrutura da prova!<\/p>\n\n\n\n<div class=\"wp-block-image\"><figure class=\"aligncenter size-full is-resized\"><img loading=\"lazy\" decoding=\"async\" src=\"https:\/\/dhg1h5j42swfq.cloudfront.net\/2022\/07\/14180503\/image-197.png\" alt=\"Provas objetivas concurso Prefeitura de Bodoc\u00f3\" class=\"wp-image-1061350\" width=\"549\" height=\"678\" srcset=\"https:\/\/dhg1h5j42swfq.cloudfront.net\/2022\/07\/14180503\/image-197.png 637w, https:\/\/dhg1h5j42swfq.cloudfront.net\/2022\/07\/14180503\/image-197-243x300.png 243w, https:\/\/dhg1h5j42swfq.cloudfront.net\/2022\/07\/14180503\/image-197-610x754.png 610w, https:\/\/dhg1h5j42swfq.cloudfront.net\/2022\/07\/14180503\/image-197-150x185.png 150w\" sizes=\"auto, (max-width: 549px) 100vw, 549px\" \/><figcaption>Provas objetivas concurso Prefeitura de Bodoc\u00f3<\/figcaption><\/figure><\/div>\n\n\n\n<h3 class=\"wp-block-heading\" id=\"titulos\">Avalia\u00e7\u00e3o de T\u00edtulos<\/h3>\n\n\n\n<p>A segunda etapa ser\u00e1 constitu\u00edda de Prova de T\u00edtulos, de car\u00e1ter classificat\u00f3rio, de forma\u00e7\u00e3o acad\u00eamica e concorrer\u00e3o os candidatos de cargos de Professor de Educa\u00e7\u00e3o B\u00e1sica II aprovados na prova objetiva. A etapa valer\u00e1 no m\u00e1ximo 10,00 pontos.<\/p>\n\n\n\n<h3 class=\"wp-block-heading\" id=\"pratica\">Prova Pr\u00e1tica<\/h3>\n\n\n\n<p>A Prova Pr\u00e1tica para Motorista, de car\u00e1ter eliminat\u00f3rio e classificat\u00f3rio ser\u00e1 regida por Edital Regulamentar e de Convoca\u00e7\u00e3o publicado no site www.consulpam.com.br, onde constar\u00e3o todas as informa\u00e7\u00f5es necess\u00e1rias ao candidato, dentre elas: local, dia, hor\u00e1rio da prova e crit\u00e9rios de avalia\u00e7\u00e3o.<\/p>\n\n\n\n<p>Para submeter-se \u00e0 Prova Pr\u00e1tica, o candidato(a) inscrito para o cargo de motorista dever\u00e1 apresentar ao examinador a Carteira Nacional de Habilita\u00e7\u00e3o exigida categoria D.<\/p>\n\n\n\n<h2 class=\"wp-block-heading\" id=\"ultimo-concurso\">\u00daltimo concurso<\/h2>\n\n\n\n<p>O \u00faltimo concurso da pela prefeitura de Bodoc\u00f3 foi realizado em 2012 e homologado no mesmo ano. O certame ofertava vagas para Agente Comunit\u00e1rio de sa\u00fade, com exig\u00eancia de n\u00edvel m\u00e9dio de escolaridade.<\/p>\n\n\n\n<p>Na \u00e9poca, o sal\u00e1rio oferecido pelo \u00f3rg\u00e3o era de R$763 para uma carga hor\u00e1ria de 40h semanais.<\/p>\n\n\n\n<p>Houve tamb\u00e9m um concurso de atua\u00e7\u00e3o na C\u00e2mara da Prefeitura Municipal, realizado em 2016. Nesta ocasi\u00e3o, foram ofertados vagas distribu\u00eddas entre cargos de todos os n\u00edveis de escolaridade. Os sal\u00e1rios iniciais variavam entre R$790 e R$1.320.<\/p>\n\n\n\n<hr class=\"wp-block-separator\"\/>\n\n\n\n<h2 class=\"has-text-align-center wp-block-heading\" id=\"h-quer-saber-tudo-sobre-concursos-previstos-confira-nossos-artigos\">Quer saber tudo sobre concursos previstos?<br \/>Confira  nossos artigos!<\/h2>\n\n\n\n<ul class=\"wp-block-list\"><li><a href=\"https:\/\/www.estrategiaconcursos.com.br\/blog\/concursos-abertos\/\" target=\"_blank\" rel=\"noreferrer noopener\">Concursos abertos<\/a><\/li><li><a href=\"https:\/\/www.estrategiaconcursos.com.br\/blog\/concursos-2022\/\" target=\"_blank\" rel=\"noreferrer noopener\">Concursos 2022<\/a><\/li><li><a href=\"https:\/\/www.estrategiaconcursos.com.br\/blog\/concursos-2023\/\" target=\"_blank\" rel=\"noreferrer noopener\">Concursos 2023<\/a><\/li><\/ul>\n\n\n\n<h2 class=\"has-text-align-center wp-block-heading\" id=\"cursos-assinatura\">Quer estudar para o concurso Prefeitura de Bodoc\u00f3?<\/h2>\n\n\n\n<div class=\"container\" id=\"boxes\">\n  <div class=\"row\">\n\n    <div class=\"col-sm\">\n      <div class=\"banner-estrategia\" id=\"box-assinatura\">\n        <h3 class=\"titulo-assinatura\">Cursos para concursos<\/h3>\n        <p class=\"subtitulo-assinatura\">Conhe\u00e7a os cursos<\/p>\n        <div class=\"box-botao\">\n          <a class=\"btn-assinatura\" target=\"_blank\" href=\"https:\/\/www.estrategiaconcursos.com.br\/cursos\/\" role=\"button\" rel=\"noopener noreferrer\">Conhe\u00e7a mais<\/a>\n        <\/div>\n      <\/div>\n     \n    <\/div>\n\n  <\/div>\n<\/div>\n\n\n\n<div class=\"container\" id=\"boxes\">\n  <div class=\"row\">\n\n    <div class=\"col-sm\">\n      <div class=\"estrategia\" id=\"box-assinatura\">\n        <h3 class=\"titulo-assinatura\">Assinatura Concursos<\/h3>\n        <p class=\"subtitulo-assinatura\">Assinatura de 1 ano ou 2 anos<\/p>\n        <div class=\"box-botao\">\n          <a class=\"btn-assinatura\" target=\"_blank\" href=\"https:\/\/www.estrategiaconcursos.com.br\/assinaturas\/\" role=\"button\" rel=\"noopener noreferrer\">ASSINE AGORA<\/a>\n        <\/div>\n      <\/div><\/div><\/div><\/div>\n\n\n\n<figure class=\"wp-block-image size-large is-resized\"><img loading=\"lazy\" decoding=\"async\" src=\"https:\/\/dhg1h5j42swfq.cloudfront.net\/2025\/06\/27101122\/ficha-tecnica-1-1024x632.png\" alt=\"\" class=\"wp-image-702728\" width=\"269\" height=\"166\" srcset=\"https:\/\/dhg1h5j42swfq.cloudfront.net\/2025\/06\/27101122\/ficha-tecnica-1-1024x632.png 1024w, https:\/\/dhg1h5j42swfq.cloudfront.net\/2025\/06\/27101122\/ficha-tecnica-1-300x185.png 300w, https:\/\/dhg1h5j42swfq.cloudfront.net\/2025\/06\/27101122\/ficha-tecnica-1-768x474.png 768w, https:\/\/dhg1h5j42swfq.cloudfront.net\/2025\/06\/27101122\/ficha-tecnica-1-1536x948.png 1536w, https:\/\/dhg1h5j42swfq.cloudfront.net\/2025\/06\/27101122\/ficha-tecnica-1-610x377.png 610w, https:\/\/dhg1h5j42swfq.cloudfront.net\/2025\/06\/27101122\/ficha-tecnica-1.png 1571w\" sizes=\"auto, (max-width: 269px) 100vw, 269px\" \/><\/figure>\n\n\n\n<h3 class=\"wp-block-heading\" id=\"ficha\">Informa\u00e7\u00f5es do concurso Prefeitura de Bodoc\u00f3<\/h3>\n\n\n\n<ul class=\"wp-block-list\"><li><strong>Inscri\u00e7\u00f5es<\/strong>: 14 de julho a 05 de agosto<\/li><li><strong>Provas<\/strong>: 18 de setembro<\/li><li><strong>Vagas<\/strong>: 94<\/li><li><strong>Cargos<\/strong>: diversos<\/li><li><strong>Banca<\/strong>: Consulpam<\/li><li><strong>Escolaridade<\/strong>: N\u00edveis fundamental, m\u00e9dio e superior<\/li><li><strong>Edital<\/strong>:\u00a0<a href=\"https:\/\/dhg1h5j42swfq.cloudfront.net\/2022\/07\/14173107\/20220713_212718_edital-bodoco-pe-001-2022-concurso-publico-14-07.pdf\" target=\"_blank\" rel=\"noreferrer noopener nofollow\">Prefeitura de Bodoc\u00f3<\/a><\/li><\/ul>\n\n\n\n<p><\/p>\n","protected":false},"excerpt":{"rendered":"<p>Foi publicado o edital do concurso da Prefeitura de Bodoc\u00f3, estado de Pernambuco. Conforme o documento, s\u00e3o ofertadas 94 vagas para professores e na \u00e1rea de educa\u00e7\u00e3o, distribu\u00eddas entre cargos de n\u00edveis fundamental, m\u00e9dio e superior de escolaridade . Os interessados em participar da sele\u00e7\u00e3o devem realizar as inscri\u00e7\u00f5es no per\u00edodo de 14 de julho [&hellip;]<\/p>\n","protected":false},"author":1,"featured_media":1061359,"comment_status":"open","ping_status":"closed","sticky":false,"template":"","format":"standard","meta":{"post_tipo":"news_page","footnotes":""},"categories":[3766,220219],"tags":[],"tax_estado":[219978],"class_list":["post-1061241","post","type-post","status-publish","format-standard","has-post-thumbnail","hentry","category-educacional","category-noticias","tax_estado-pb"],"acf":[],"yoast_head":"<!-- This site is optimized with the Yoast SEO Premium plugin v27.2 (Yoast SEO v27.2) - https:\/\/yoast.com\/product\/yoast-seo-premium-wordpress\/ -->\n<title>Concurso Prefeitura de Bodoc\u00f3: edital para professores publicado!<\/title>\n<meta name=\"description\" content=\"Concurso Prefeitura Bodoc\u00f3: edital publicado com oportunidades de todos os n\u00edveis de escolaridade na \u00e1rea de educa\u00e7\u00e3o. Confira os detalhes!\" \/>\n<meta name=\"robots\" content=\"index, follow, max-snippet:-1, max-image-preview:large, max-video-preview:-1\" \/>\n<link rel=\"canonical\" href=\"https:\/\/www.estrategiaconcursos.com.br\/blog\/concurso-prefeitura-bodoco\/\" \/>\n<meta property=\"og:locale\" content=\"pt_BR\" \/>\n<meta property=\"og:type\" content=\"article\" \/>\n<meta property=\"og:title\" content=\"Concurso Prefeitura de Bodoc\u00f3: edital para professores publicado!\" \/>\n<meta property=\"og:description\" content=\"Concurso Prefeitura Bodoc\u00f3: edital publicado com oportunidades de todos os n\u00edveis de escolaridade na \u00e1rea de educa\u00e7\u00e3o. Confira os detalhes!\" \/>\n<meta property=\"og:url\" content=\"https:\/\/www.estrategiaconcursos.com.br\/blog\/concurso-prefeitura-bodoco\/\" \/>\n<meta property=\"og:site_name\" content=\"Estrat\u00e9gia Concursos\" \/>\n<meta property=\"article:author\" content=\"https:\/\/www.facebook.com\/EstrategiaConcursos\" \/>\n<meta property=\"article:published_time\" content=\"2022-07-14T21:30:16+00:00\" \/>\n<meta property=\"article:modified_time\" content=\"2024-01-12T14:03:37+00:00\" \/>\n<meta property=\"og:image\" content=\"https:\/\/dhg1h5j42swfq.cloudfront.net\/2022\/07\/14182934\/prefeitura-de-bodoco.jpg\" \/>\n\t<meta property=\"og:image:width\" content=\"1730\" \/>\n\t<meta property=\"og:image:height\" content=\"1159\" \/>\n\t<meta property=\"og:image:type\" content=\"image\/jpeg\" \/>\n<meta name=\"author\" content=\"Coordena\u00e7\u00e3o\" \/>\n<meta name=\"twitter:card\" content=\"summary_large_image\" \/>\n<meta name=\"twitter:creator\" content=\"@EstratConcursos\" \/>\n<meta name=\"twitter:site\" content=\"@EstratConcursos\" \/>\n<meta name=\"twitter:label1\" content=\"Escrito por\" \/>\n\t<meta name=\"twitter:data1\" content=\"Coordena\u00e7\u00e3o\" \/>\n\t<meta name=\"twitter:label2\" content=\"Est. tempo de leitura\" \/>\n\t<meta name=\"twitter:data2\" content=\"5 minutos\" \/>\n<script type=\"application\/ld+json\" class=\"yoast-schema-graph\">{\"@context\":\"https:\/\/schema.org\",\"@graph\":[{\"@type\":\"NewsArticle\",\"@id\":\"https:\/\/www.estrategiaconcursos.com.br\/blog\/concurso-prefeitura-bodoco\/#article\",\"isPartOf\":{\"@id\":\"https:\/\/www.estrategiaconcursos.com.br\/blog\/concurso-prefeitura-bodoco\/\"},\"author\":{\"name\":\"Coordena\u00e7\u00e3o\",\"@id\":\"https:\/\/www.estrategiaconcursos.com.br\/blog\/#\/schema\/person\/b4a388c97673c5f483d72185668afa1f\"},\"headline\":\"Concurso Prefeitura de Bodoc\u00f3: edital para professores publicado!\",\"datePublished\":\"2022-07-14T21:30:16+00:00\",\"dateModified\":\"2024-01-12T14:03:37+00:00\",\"mainEntityOfPage\":{\"@id\":\"https:\/\/www.estrategiaconcursos.com.br\/blog\/concurso-prefeitura-bodoco\/\"},\"wordCount\":813,\"commentCount\":0,\"publisher\":{\"@id\":\"https:\/\/www.estrategiaconcursos.com.br\/blog\/#organization\"},\"image\":{\"@id\":\"https:\/\/www.estrategiaconcursos.com.br\/blog\/concurso-prefeitura-bodoco\/#primaryimage\"},\"thumbnailUrl\":\"https:\/\/dhg1h5j42swfq.cloudfront.net\/2022\/07\/14182934\/prefeitura-de-bodoco.jpg\",\"articleSection\":[\"Educa\u00e7\u00e3o\",\"\u00daltimas not\u00edcias\"],\"inLanguage\":\"pt-BR\",\"potentialAction\":[{\"@type\":\"CommentAction\",\"name\":\"Comment\",\"target\":[\"https:\/\/www.estrategiaconcursos.com.br\/blog\/concurso-prefeitura-bodoco\/#respond\"]}],\"copyrightYear\":\"2022\",\"copyrightHolder\":{\"@id\":\"https:\/\/www.estrategiaconcursos.com.br\/blog\/#organization\"}},{\"@type\":\"WebPage\",\"@id\":\"https:\/\/www.estrategiaconcursos.com.br\/blog\/concurso-prefeitura-bodoco\/\",\"url\":\"https:\/\/www.estrategiaconcursos.com.br\/blog\/concurso-prefeitura-bodoco\/\",\"name\":\"Concurso Prefeitura de Bodoc\u00f3: edital para professores publicado!\",\"isPartOf\":{\"@id\":\"https:\/\/www.estrategiaconcursos.com.br\/blog\/#website\"},\"primaryImageOfPage\":{\"@id\":\"https:\/\/www.estrategiaconcursos.com.br\/blog\/concurso-prefeitura-bodoco\/#primaryimage\"},\"image\":{\"@id\":\"https:\/\/www.estrategiaconcursos.com.br\/blog\/concurso-prefeitura-bodoco\/#primaryimage\"},\"thumbnailUrl\":\"https:\/\/dhg1h5j42swfq.cloudfront.net\/2022\/07\/14182934\/prefeitura-de-bodoco.jpg\",\"datePublished\":\"2022-07-14T21:30:16+00:00\",\"dateModified\":\"2024-01-12T14:03:37+00:00\",\"description\":\"Concurso Prefeitura Bodoc\u00f3: edital publicado com oportunidades de todos os n\u00edveis de escolaridade na \u00e1rea de educa\u00e7\u00e3o. Confira os detalhes!\",\"breadcrumb\":{\"@id\":\"https:\/\/www.estrategiaconcursos.com.br\/blog\/concurso-prefeitura-bodoco\/#breadcrumb\"},\"inLanguage\":\"pt-BR\",\"potentialAction\":[{\"@type\":\"ReadAction\",\"target\":[\"https:\/\/www.estrategiaconcursos.com.br\/blog\/concurso-prefeitura-bodoco\/\"]}]},{\"@type\":\"ImageObject\",\"inLanguage\":\"pt-BR\",\"@id\":\"https:\/\/www.estrategiaconcursos.com.br\/blog\/concurso-prefeitura-bodoco\/#primaryimage\",\"url\":\"https:\/\/dhg1h5j42swfq.cloudfront.net\/2022\/07\/14182934\/prefeitura-de-bodoco.jpg\",\"contentUrl\":\"https:\/\/dhg1h5j42swfq.cloudfront.net\/2022\/07\/14182934\/prefeitura-de-bodoco.jpg\",\"width\":1730,\"height\":1159},{\"@type\":\"BreadcrumbList\",\"@id\":\"https:\/\/www.estrategiaconcursos.com.br\/blog\/concurso-prefeitura-bodoco\/#breadcrumb\",\"itemListElement\":[{\"@type\":\"ListItem\",\"position\":1,\"name\":\"In\u00edcio\",\"item\":\"https:\/\/www.estrategiaconcursos.com.br\/blog\/\"},{\"@type\":\"ListItem\",\"position\":2,\"name\":\"Concurso Prefeitura de Bodoc\u00f3: edital para professores publicado!\"}]},{\"@type\":\"WebSite\",\"@id\":\"https:\/\/www.estrategiaconcursos.com.br\/blog\/#website\",\"url\":\"https:\/\/www.estrategiaconcursos.com.br\/blog\/\",\"name\":\"Estrat\u00e9gia Concursos\",\"description\":\"O blog da Estrat\u00e9gia Concursos traz not\u00edcias sobre concursos e artigos de professores oferecendo cursos para concursos (pdf + videaulas) no site.\",\"publisher\":{\"@id\":\"https:\/\/www.estrategiaconcursos.com.br\/blog\/#organization\"},\"potentialAction\":[{\"@type\":\"SearchAction\",\"target\":{\"@type\":\"EntryPoint\",\"urlTemplate\":\"https:\/\/www.estrategiaconcursos.com.br\/blog\/?s={search_term_string}\"},\"query-input\":{\"@type\":\"PropertyValueSpecification\",\"valueRequired\":true,\"valueName\":\"search_term_string\"}}],\"inLanguage\":\"pt-BR\"},{\"@type\":\"Organization\",\"@id\":\"https:\/\/www.estrategiaconcursos.com.br\/blog\/#organization\",\"name\":\"Estrat\u00e9gia Concursos\",\"url\":\"https:\/\/www.estrategiaconcursos.com.br\/blog\/\",\"logo\":{\"@type\":\"ImageObject\",\"inLanguage\":\"pt-BR\",\"@id\":\"https:\/\/www.estrategiaconcursos.com.br\/blog\/#\/schema\/logo\/image\/\",\"url\":\"https:\/\/dhg1h5j42swfq.cloudfront.net\/2025\/06\/03203428\/logo_concursos-1.jpg\",\"contentUrl\":\"https:\/\/dhg1h5j42swfq.cloudfront.net\/2025\/06\/03203428\/logo_concursos-1.jpg\",\"width\":230,\"height\":60,\"caption\":\"Estrat\u00e9gia Concursos\"},\"image\":{\"@id\":\"https:\/\/www.estrategiaconcursos.com.br\/blog\/#\/schema\/logo\/image\/\"},\"sameAs\":[\"https:\/\/x.com\/EstratConcursos\"]},{\"@type\":\"Person\",\"@id\":\"https:\/\/www.estrategiaconcursos.com.br\/blog\/#\/schema\/person\/b4a388c97673c5f483d72185668afa1f\",\"name\":\"Coordena\u00e7\u00e3o\",\"image\":{\"@type\":\"ImageObject\",\"inLanguage\":\"pt-BR\",\"@id\":\"https:\/\/secure.gravatar.com\/avatar\/b720319e4c9a967eb58678d110f4fe35452fc5d5f97b202bac7b8acceb18c6ad?s=96&d=mm&r=g\",\"url\":\"https:\/\/secure.gravatar.com\/avatar\/b720319e4c9a967eb58678d110f4fe35452fc5d5f97b202bac7b8acceb18c6ad?s=96&d=mm&r=g\",\"contentUrl\":\"https:\/\/secure.gravatar.com\/avatar\/b720319e4c9a967eb58678d110f4fe35452fc5d5f97b202bac7b8acceb18c6ad?s=96&d=mm&r=g\",\"caption\":\"Coordena\u00e7\u00e3o\"},\"sameAs\":[\"https:\/\/www.facebook.com\/EstrategiaConcursos\",\"https:\/\/x.com\/EstratConcursos\"],\"url\":\"https:\/\/www.estrategiaconcursos.com.br\/blog\/author\/estrategia2013\/\"}]}<\/script>\n<!-- \/ Yoast SEO Premium plugin. -->","yoast_head_json":{"title":"Concurso Prefeitura de Bodoc\u00f3: edital para professores publicado!","description":"Concurso Prefeitura Bodoc\u00f3: edital publicado com oportunidades de todos os n\u00edveis de escolaridade na \u00e1rea de educa\u00e7\u00e3o. Confira os detalhes!","robots":{"index":"index","follow":"follow","max-snippet":"max-snippet:-1","max-image-preview":"max-image-preview:large","max-video-preview":"max-video-preview:-1"},"canonical":"https:\/\/www.estrategiaconcursos.com.br\/blog\/concurso-prefeitura-bodoco\/","og_locale":"pt_BR","og_type":"article","og_title":"Concurso Prefeitura de Bodoc\u00f3: edital para professores publicado!","og_description":"Concurso Prefeitura Bodoc\u00f3: edital publicado com oportunidades de todos os n\u00edveis de escolaridade na \u00e1rea de educa\u00e7\u00e3o. Confira os detalhes!","og_url":"https:\/\/www.estrategiaconcursos.com.br\/blog\/concurso-prefeitura-bodoco\/","og_site_name":"Estrat\u00e9gia Concursos","article_author":"https:\/\/www.facebook.com\/EstrategiaConcursos","article_published_time":"2022-07-14T21:30:16+00:00","article_modified_time":"2024-01-12T14:03:37+00:00","og_image":[{"width":1730,"height":1159,"url":"https:\/\/dhg1h5j42swfq.cloudfront.net\/2022\/07\/14182934\/prefeitura-de-bodoco.jpg","type":"image\/jpeg"}],"author":"Coordena\u00e7\u00e3o","twitter_card":"summary_large_image","twitter_creator":"@EstratConcursos","twitter_site":"@EstratConcursos","twitter_misc":{"Escrito por":"Coordena\u00e7\u00e3o","Est. tempo de leitura":"5 minutos"},"schema":{"@context":"https:\/\/schema.org","@graph":[{"@type":"NewsArticle","@id":"https:\/\/www.estrategiaconcursos.com.br\/blog\/concurso-prefeitura-bodoco\/#article","isPartOf":{"@id":"https:\/\/www.estrategiaconcursos.com.br\/blog\/concurso-prefeitura-bodoco\/"},"author":{"name":"Coordena\u00e7\u00e3o","@id":"https:\/\/www.estrategiaconcursos.com.br\/blog\/#\/schema\/person\/b4a388c97673c5f483d72185668afa1f"},"headline":"Concurso Prefeitura de Bodoc\u00f3: edital para professores publicado!","datePublished":"2022-07-14T21:30:16+00:00","dateModified":"2024-01-12T14:03:37+00:00","mainEntityOfPage":{"@id":"https:\/\/www.estrategiaconcursos.com.br\/blog\/concurso-prefeitura-bodoco\/"},"wordCount":813,"commentCount":0,"publisher":{"@id":"https:\/\/www.estrategiaconcursos.com.br\/blog\/#organization"},"image":{"@id":"https:\/\/www.estrategiaconcursos.com.br\/blog\/concurso-prefeitura-bodoco\/#primaryimage"},"thumbnailUrl":"https:\/\/dhg1h5j42swfq.cloudfront.net\/2022\/07\/14182934\/prefeitura-de-bodoco.jpg","articleSection":["Educa\u00e7\u00e3o","\u00daltimas not\u00edcias"],"inLanguage":"pt-BR","potentialAction":[{"@type":"CommentAction","name":"Comment","target":["https:\/\/www.estrategiaconcursos.com.br\/blog\/concurso-prefeitura-bodoco\/#respond"]}],"copyrightYear":"2022","copyrightHolder":{"@id":"https:\/\/www.estrategiaconcursos.com.br\/blog\/#organization"}},{"@type":"WebPage","@id":"https:\/\/www.estrategiaconcursos.com.br\/blog\/concurso-prefeitura-bodoco\/","url":"https:\/\/www.estrategiaconcursos.com.br\/blog\/concurso-prefeitura-bodoco\/","name":"Concurso Prefeitura de Bodoc\u00f3: edital para professores publicado!","isPartOf":{"@id":"https:\/\/www.estrategiaconcursos.com.br\/blog\/#website"},"primaryImageOfPage":{"@id":"https:\/\/www.estrategiaconcursos.com.br\/blog\/concurso-prefeitura-bodoco\/#primaryimage"},"image":{"@id":"https:\/\/www.estrategiaconcursos.com.br\/blog\/concurso-prefeitura-bodoco\/#primaryimage"},"thumbnailUrl":"https:\/\/dhg1h5j42swfq.cloudfront.net\/2022\/07\/14182934\/prefeitura-de-bodoco.jpg","datePublished":"2022-07-14T21:30:16+00:00","dateModified":"2024-01-12T14:03:37+00:00","description":"Concurso Prefeitura Bodoc\u00f3: edital publicado com oportunidades de todos os n\u00edveis de escolaridade na \u00e1rea de educa\u00e7\u00e3o. Confira os detalhes!","breadcrumb":{"@id":"https:\/\/www.estrategiaconcursos.com.br\/blog\/concurso-prefeitura-bodoco\/#breadcrumb"},"inLanguage":"pt-BR","potentialAction":[{"@type":"ReadAction","target":["https:\/\/www.estrategiaconcursos.com.br\/blog\/concurso-prefeitura-bodoco\/"]}]},{"@type":"ImageObject","inLanguage":"pt-BR","@id":"https:\/\/www.estrategiaconcursos.com.br\/blog\/concurso-prefeitura-bodoco\/#primaryimage","url":"https:\/\/dhg1h5j42swfq.cloudfront.net\/2022\/07\/14182934\/prefeitura-de-bodoco.jpg","contentUrl":"https:\/\/dhg1h5j42swfq.cloudfront.net\/2022\/07\/14182934\/prefeitura-de-bodoco.jpg","width":1730,"height":1159},{"@type":"BreadcrumbList","@id":"https:\/\/www.estrategiaconcursos.com.br\/blog\/concurso-prefeitura-bodoco\/#breadcrumb","itemListElement":[{"@type":"ListItem","position":1,"name":"In\u00edcio","item":"https:\/\/www.estrategiaconcursos.com.br\/blog\/"},{"@type":"ListItem","position":2,"name":"Concurso Prefeitura de Bodoc\u00f3: edital para professores publicado!"}]},{"@type":"WebSite","@id":"https:\/\/www.estrategiaconcursos.com.br\/blog\/#website","url":"https:\/\/www.estrategiaconcursos.com.br\/blog\/","name":"Estrat\u00e9gia Concursos","description":"O blog da Estrat\u00e9gia Concursos traz not\u00edcias sobre concursos e artigos de professores oferecendo cursos para concursos (pdf + videaulas) no site.","publisher":{"@id":"https:\/\/www.estrategiaconcursos.com.br\/blog\/#organization"},"potentialAction":[{"@type":"SearchAction","target":{"@type":"EntryPoint","urlTemplate":"https:\/\/www.estrategiaconcursos.com.br\/blog\/?s={search_term_string}"},"query-input":{"@type":"PropertyValueSpecification","valueRequired":true,"valueName":"search_term_string"}}],"inLanguage":"pt-BR"},{"@type":"Organization","@id":"https:\/\/www.estrategiaconcursos.com.br\/blog\/#organization","name":"Estrat\u00e9gia Concursos","url":"https:\/\/www.estrategiaconcursos.com.br\/blog\/","logo":{"@type":"ImageObject","inLanguage":"pt-BR","@id":"https:\/\/www.estrategiaconcursos.com.br\/blog\/#\/schema\/logo\/image\/","url":"https:\/\/dhg1h5j42swfq.cloudfront.net\/2025\/06\/03203428\/logo_concursos-1.jpg","contentUrl":"https:\/\/dhg1h5j42swfq.cloudfront.net\/2025\/06\/03203428\/logo_concursos-1.jpg","width":230,"height":60,"caption":"Estrat\u00e9gia Concursos"},"image":{"@id":"https:\/\/www.estrategiaconcursos.com.br\/blog\/#\/schema\/logo\/image\/"},"sameAs":["https:\/\/x.com\/EstratConcursos"]},{"@type":"Person","@id":"https:\/\/www.estrategiaconcursos.com.br\/blog\/#\/schema\/person\/b4a388c97673c5f483d72185668afa1f","name":"Coordena\u00e7\u00e3o","image":{"@type":"ImageObject","inLanguage":"pt-BR","@id":"https:\/\/secure.gravatar.com\/avatar\/b720319e4c9a967eb58678d110f4fe35452fc5d5f97b202bac7b8acceb18c6ad?s=96&d=mm&r=g","url":"https:\/\/secure.gravatar.com\/avatar\/b720319e4c9a967eb58678d110f4fe35452fc5d5f97b202bac7b8acceb18c6ad?s=96&d=mm&r=g","contentUrl":"https:\/\/secure.gravatar.com\/avatar\/b720319e4c9a967eb58678d110f4fe35452fc5d5f97b202bac7b8acceb18c6ad?s=96&d=mm&r=g","caption":"Coordena\u00e7\u00e3o"},"sameAs":["https:\/\/www.facebook.com\/EstrategiaConcursos","https:\/\/x.com\/EstratConcursos"],"url":"https:\/\/www.estrategiaconcursos.com.br\/blog\/author\/estrategia2013\/"}]}},"_links":{"self":[{"href":"https:\/\/www.estrategiaconcursos.com.br\/blog\/wp-json\/wp\/v2\/posts\/1061241","targetHints":{"allow":["GET"]}}],"collection":[{"href":"https:\/\/www.estrategiaconcursos.com.br\/blog\/wp-json\/wp\/v2\/posts"}],"about":[{"href":"https:\/\/www.estrategiaconcursos.com.br\/blog\/wp-json\/wp\/v2\/types\/post"}],"author":[{"embeddable":true,"href":"https:\/\/www.estrategiaconcursos.com.br\/blog\/wp-json\/wp\/v2\/users\/1"}],"replies":[{"embeddable":true,"href":"https:\/\/www.estrategiaconcursos.com.br\/blog\/wp-json\/wp\/v2\/comments?post=1061241"}],"version-history":[{"count":9,"href":"https:\/\/www.estrategiaconcursos.com.br\/blog\/wp-json\/wp\/v2\/posts\/1061241\/revisions"}],"predecessor-version":[{"id":1334949,"href":"https:\/\/www.estrategiaconcursos.com.br\/blog\/wp-json\/wp\/v2\/posts\/1061241\/revisions\/1334949"}],"wp:featuredmedia":[{"embeddable":true,"href":"https:\/\/www.estrategiaconcursos.com.br\/blog\/wp-json\/wp\/v2\/media\/1061359"}],"wp:attachment":[{"href":"https:\/\/www.estrategiaconcursos.com.br\/blog\/wp-json\/wp\/v2\/media?parent=1061241"}],"wp:term":[{"taxonomy":"category","embeddable":true,"href":"https:\/\/www.estrategiaconcursos.com.br\/blog\/wp-json\/wp\/v2\/categories?post=1061241"},{"taxonomy":"post_tag","embeddable":true,"href":"https:\/\/www.estrategiaconcursos.com.br\/blog\/wp-json\/wp\/v2\/tags?post=1061241"},{"taxonomy":"tax_estado","embeddable":true,"href":"https:\/\/www.estrategiaconcursos.com.br\/blog\/wp-json\/wp\/v2\/tax_estado?post=1061241"}],"curies":[{"name":"wp","href":"https:\/\/api.w.org\/{rel}","templated":true}]}}