{"id":1061130,"date":"2022-09-20T15:46:12","date_gmt":"2022-09-20T18:46:12","guid":{"rendered":"https:\/\/www.estrategiaconcursos.com.br\/blog\/?p=1061130"},"modified":"2023-10-18T11:17:37","modified_gmt":"2023-10-18T14:17:37","slug":"concurso-guarda-barra-sao-francisco","status":"publish","type":"post","link":"https:\/\/www.estrategiaconcursos.com.br\/blog\/concurso-guarda-barra-sao-francisco\/","title":{"rendered":"Concurso Guarda Barra S\u00e3o Francisco: saiu o gabarito preliminar"},"content":{"rendered":"\n<p>Foi divulgado o <a href=\"https:\/\/cdn-ibade.selecao.site\/edital\/1\/29\/a83385d998f9b3228cbd4cb50b466800.pdf\" target=\"_blank\" rel=\"noreferrer noopener nofollow\">gabarito preliminar<\/a> das provas do <strong>concurso Guarda Barra S\u00e3o Francisco<\/strong>, no estado do Esp\u00edrito Santo. A etapa foi aplicada no dia 18 de setembro.<\/p>\n\n\n\n<p>Agora, os interessados poder\u00e3o interpor recursos entre os dias 21 e 22 de setembro, atrav\u00e9s do portal da banca organizadora, o <a href=\"https:\/\/portal.ibade.selecao.site\/edital\/ver\/29\" target=\"_blank\" rel=\"noreferrer noopener\">IBADE<\/a>.<\/p>\n\n\n\n<p>O concurso Guarda Barra de S\u00e3o Francisco oferta 20 vagas ao cargo de Guarda Civil Municipal, com sal\u00e1rio inicial de R$ 3.000,00.<\/p>\n\n\n\n<p>As oportunidades s\u00e3o distribu\u00eddas entre ampla concorr\u00eancia, pessoas com defici\u00eancia e candidatos negros, com exig\u00eancia de n\u00edvel m\u00e9dio de escolaridade.<\/p>\n\n\n\n<ul class=\"has-background wp-block-list\" style=\"background:linear-gradient(135deg,rgb(238,238,238) 28%,rgb(169,184,195) 100%)\">\n<li><strong>Concurso<\/strong> <strong>Guarda Barra S\u00e3o Francisco<\/strong><\/li>\n\n\n\n<li><strong>Status:<\/strong> gabarito preliminar divulgado<\/li>\n\n\n\n<li><strong>Banca:<\/strong> IBADE<\/li>\n\n\n\n<li><strong>Vagas<\/strong>: 20<\/li>\n\n\n\n<li><strong>Sal\u00e1rio<\/strong>: R$ 3.000,00<\/li>\n\n\n\n<li><strong>Edital:<\/strong> <a href=\"https:\/\/dhg1h5j42swfq.cloudfront.net\/2022\/07\/14140407\/2b163269cb63a73b1f3163ff56b97130-1.pdf\" target=\"_blank\" rel=\"noreferrer noopener nofollow\">GCM Barra de S\u00e3o Francisco 2022<\/a><\/li>\n<\/ul>\n\n\n\n<p>Nosso objetivo \u00e9 deix\u00e1-los 100% informados. Nos t\u00f3picos abaixo voc\u00ea confere todas as informa\u00e7\u00f5es sobre o concurso:<\/p>\n\n\n\n<ul class=\"wp-block-list\" id=\"indice\">\n<li><a href=\"#cargos-vagas\">Cargo e vagas<\/a><\/li>\n\n\n\n<li><a href=\"#etapas\">Etapas e provas<\/a><\/li>\n\n\n\n<li><a href=\"#curso\">Cursos e assinaturas<\/a><\/li>\n\n\n\n<li><a href=\"#ficha\">Ficha t\u00e9cnica<\/a><\/li>\n<\/ul>\n\n\n\n<div class=\"container\" id=\"boxes\">\n  <div class=\"row\">\n\n    <div class=\"col-sm\">\n      <div class=\"banner-guarda-gcm\" id=\"box-assinatura\">\n        <h3 class=\"titulo-assinatura\">Concurso Guarda Barra S\u00e3o Francisco<\/h3>\n        <p class=\"subtitulo-assinatura\">Conhe\u00e7a os cursos<\/p>\n        <div class=\"box-botao\">\n          <a class=\"btn-assinatura\" target=\"_blank\" href=\"https:\/\/www.estrategiaconcursos.com.br\/cursosPorConcurso\/\" role=\"button\" rel=\"noopener noreferrer\">Conhe\u00e7a mais<\/a>\n        <\/div>\n      <\/div>\n     \n    <\/div>\n\n  <\/div>\n<\/div>\n\n\n\n<h2 class=\"wp-block-heading\" id=\"cargos-vagas\">Cargos e vagas do concurso Guarda Barra S\u00e3o Francisco<\/h2>\n\n\n\n<h3 class=\"wp-block-heading\" id=\"medio\">Ensino m\u00e9dio<\/h3>\n\n\n\n<figure class=\"wp-block-table is-style-stripes\"><table class=\"has-background has-fixed-layout\" style=\"background-color:#e7f5fe\"><thead><tr><th class=\"has-text-align-center\" data-align=\"center\">Cargo<\/th><th class=\"has-text-align-center\" data-align=\"center\">Vagas AC<\/th><th class=\"has-text-align-center\" data-align=\"center\">Vagas PcD<\/th><th class=\"has-text-align-center\" data-align=\"center\">Vagas Negros<\/th><th class=\"has-text-align-center\" data-align=\"center\">Total<\/th><\/tr><\/thead><tbody><tr><td class=\"has-text-align-center\" data-align=\"center\">Guarda Civil Municipal<\/td><td class=\"has-text-align-center\" data-align=\"center\">14<\/td><td class=\"has-text-align-center\" data-align=\"center\">02<\/td><td class=\"has-text-align-center\" data-align=\"center\">04<\/td><td class=\"has-text-align-center\" data-align=\"center\">20<\/td><\/tr><\/tbody><\/table><\/figure>\n\n\n\n<ul class=\"wp-block-list\">\n<li><strong>Sal\u00e1rio<\/strong>: R$ 3.000,00<\/li>\n\n\n\n<li><strong>Carga hor\u00e1ria<\/strong>: 180 horas mensais<\/li>\n<\/ul>\n\n\n\n<h3 class=\"wp-block-heading\" id=\"requisitos\">Requisitos<\/h3>\n\n\n\n<ul class=\"wp-block-list\">\n<li>Nacionalidade brasileira;<\/li>\n\n\n\n<li>Gozo dos direitos pol\u00edticos;<\/li>\n\n\n\n<li>Quita\u00e7\u00e3o com as obriga\u00e7\u00f5es militares e eleitorais;<\/li>\n\n\n\n<li>N\u00edvel m\u00e9dio completo de escolaridade;<\/li>\n\n\n\n<li>Idade m\u00ednima de 18 anos at\u00e9 a data da posse.<\/li>\n<\/ul>\n\n\n\n<h2 class=\"wp-block-heading\" id=\"etapas\">Etapas e provas do concurso Guarda Barra S\u00e3o Franciso<\/h2>\n\n\n\n<p>A sele\u00e7\u00e3o dos candidatos do concurso Guarda Barra de S\u00e3o Francisco ser\u00e1 realizada mediante aplica\u00e7\u00e3o das seguintes etapas:<\/p>\n\n\n\n<ul class=\"wp-block-list\">\n<li>Prova objetiva &#8211; eliminat\u00f3rio e classificat\u00f3rio;<\/li>\n\n\n\n<li>Prova de T\u00edtulos &#8211; classificat\u00f3rio;<\/li>\n\n\n\n<li>Exame Psicot\u00e9cnico; eliminat\u00f3rio;<\/li>\n\n\n\n<li>Teste de Aptid\u00e3o F\u00edsica &#8211; eliminat\u00f3rio; e<\/li>\n\n\n\n<li>Curso de Forma\u00e7\u00e3o Profissional &#8211; eliminat\u00f3rio.<\/li>\n<\/ul>\n\n\n\n<h3 class=\"wp-block-heading\" id=\"prova-objetiva\">Prova Objetiva<\/h3>\n\n\n\n<p>A Prova Objetiva foi composta de 40 quest\u00f5es de m\u00faltipla escolha, com cinco alternativas (a, b, c, d, e) e apenas uma correta:<\/p>\n\n\n\n<ul class=\"wp-block-list\">\n<li>L\u00edngua Portuguesa &#8211; 10 quest\u00f5es;<\/li>\n\n\n\n<li>Racioc\u00ednio L\u00f3gico Quantitativo &#8211; 05 quest\u00f5es;<\/li>\n\n\n\n<li>No\u00e7\u00f5es de Inform\u00e1tica &#8211; 10 quest\u00f5es; e<\/li>\n\n\n\n<li>Conhecimentos Espec\u00edficos &#8211; 15 quest\u00f5es.<\/li>\n<\/ul>\n\n\n\n<h3 class=\"wp-block-heading\" id=\"prova-de-titulos\">Prova de T\u00edtulos<\/h3>\n\n\n\n<p>Ser\u00e3o considerados t\u00edtulos para pontua\u00e7\u00e3o, aqueles discriminados na tabela abaixo:<\/p>\n\n\n\n<figure class=\"wp-block-image aligncenter size-full is-resized\"><img loading=\"lazy\" decoding=\"async\" width=\"691\" height=\"298\" src=\"https:\/\/dhg1h5j42swfq.cloudfront.net\/2022\/07\/14135314\/image-192.png\" alt=\"Prova de T\u00edtulos - Concurso Barra de S\u00e3o Francisco\" class=\"wp-image-1061149\" style=\"width:641px;height:276px\" srcset=\"https:\/\/dhg1h5j42swfq.cloudfront.net\/2022\/07\/14135314\/image-192.png 691w, https:\/\/dhg1h5j42swfq.cloudfront.net\/2022\/07\/14135314\/image-192-300x129.png 300w, https:\/\/dhg1h5j42swfq.cloudfront.net\/2022\/07\/14135314\/image-192-610x263.png 610w, https:\/\/dhg1h5j42swfq.cloudfront.net\/2022\/07\/14135314\/image-192-150x65.png 150w\" sizes=\"auto, (max-width: 691px) 100vw, 691px\" \/><figcaption class=\"wp-element-caption\">Prova de T\u00edtulos &#8211; Concurso Barra de S\u00e3o Francisco<\/figcaption><\/figure>\n\n\n\n<p>Para a referida etapa, o candidato dever\u00e1: <\/p>\n\n\n\n<ul class=\"wp-block-list\">\n<li>a) encaminhar o formul\u00e1rio de t\u00edtulos devidamente preenchido; <\/li>\n\n\n\n<li>b) apresentar os documentos numerados de acordo com o descrito no formul\u00e1rio de t\u00edtulos e\/ou n\u00e3o indicarem o item a que se referem no quadro de pontua\u00e7\u00e3o (A, B, C ou D); <\/li>\n\n\n\n<li>c) assinar a Declara\u00e7\u00e3o de Veracidade, contida na capa de identifica\u00e7\u00e3o; <\/li>\n\n\n\n<li>d) apresentar a Capa de Identifica\u00e7\u00e3o fixada na parte externa do envelope; e<\/li>\n\n\n\n<li>e) entregar os t\u00edtulos por meio de c\u00f3pias autenticadas em cart\u00f3rio.<\/li>\n<\/ul>\n\n\n\n<h3 class=\"wp-block-heading\" id=\"exame-psicotecnico\">Exame psicot\u00e9cnico<\/h3>\n\n\n\n<p>O exame psicot\u00e9cnico \u00e9 um processo realizado mediante o emprego de um conjunto de procedimentos objetivos e cient\u00edficos que permite identificar se o candidato preenche os padr\u00f5es psicol\u00f3gicos exigidos para exercer a fun\u00e7\u00e3o.<\/p>\n\n\n\n<p>A etapa visa identificar, tamb\u00e9m, se o candidato possui ou n\u00e3o aptid\u00e3o psicol\u00f3gica para manuseio da arma de fogo.<\/p>\n\n\n\n<h3 class=\"wp-block-heading\" id=\"pratica\">Teste de Aptid\u00e3o F\u00edsica<\/h3>\n\n\n\n<p>O Teste de Aptid\u00e3o F\u00edsica visa avaliar a capacidade f\u00edsica m\u00ednima requerida para o exerc\u00edcio das atividades a serem desempenhadas.<\/p>\n\n\n\n<p>A aplica\u00e7\u00e3o do TAF ser\u00e1 composta pelos seguintes testes:<\/p>\n\n\n\n<ul class=\"wp-block-list\">\n<li>Teste de flex\u00e3o de bra\u00e7os;<\/li>\n\n\n\n<li>Abdominal remador; e<\/li>\n\n\n\n<li>Corrida de 12 minutos.<\/li>\n<\/ul>\n\n\n\n<figure class=\"wp-block-image aligncenter size-full is-resized\"><img loading=\"lazy\" decoding=\"async\" width=\"829\" height=\"396\" src=\"https:\/\/dhg1h5j42swfq.cloudfront.net\/2022\/07\/14140108\/image-193.png\" alt=\"TAF do concurso Guarda Barra S\u00e3o Francisco\" class=\"wp-image-1061159\" style=\"width:660px;height:315px\" srcset=\"https:\/\/dhg1h5j42swfq.cloudfront.net\/2022\/07\/14140108\/image-193.png 829w, https:\/\/dhg1h5j42swfq.cloudfront.net\/2022\/07\/14140108\/image-193-300x143.png 300w, https:\/\/dhg1h5j42swfq.cloudfront.net\/2022\/07\/14140108\/image-193-768x367.png 768w, https:\/\/dhg1h5j42swfq.cloudfront.net\/2022\/07\/14140108\/image-193-610x291.png 610w, https:\/\/dhg1h5j42swfq.cloudfront.net\/2022\/07\/14140108\/image-193-150x72.png 150w\" sizes=\"auto, (max-width: 829px) 100vw, 829px\" \/><figcaption class=\"wp-element-caption\">TAF do concurso Guarda Barra S\u00e3o Francisco<\/figcaption><\/figure>\n\n\n\n<h3 class=\"wp-block-heading\" id=\"h-curso-de-formacao\">Curso de Forma\u00e7\u00e3o<\/h3>\n\n\n\n<p>O Curso de Forma\u00e7\u00e3o Profissional ser\u00e1 realizado no Estado do Esp\u00edrito Santo, em regime de tempo integral e dedica\u00e7\u00e3o exclusiva, seguindo como base a matriz curricular da SENASP.<\/p>\n\n\n\n<p>Ser\u00e1 concedida ajuda de custo mensal correspondente a 80% do vencimento fixado para o cargo de Guarda Municipal, n\u00e3o se configurando qualquer tipo de v\u00ednculo com o Munic\u00edpio neste per\u00edodo.<\/p>\n\n\n\n<p>A nota final do concurso ser\u00e1 a soma das notas finais das Provas Objetiva e T\u00edtulos, condicionada ainda pela aptid\u00e3o no Exame Psicot\u00e9cnico, no Teste de Aptid\u00e3o F\u00edsica \u2013 TAF e aprova\u00e7\u00e3o no Curso de Forma\u00e7\u00e3o Profissional.<\/p>\n\n\n\n<hr class=\"wp-block-separator has-css-opacity\"\/>\n\n\n\n<h2 class=\"wp-block-heading has-text-align-center\" id=\"h-quer-saber-tudo-sobre-concursos-previstos-confira-nossos-artigos\">Quer saber tudo sobre concursos previstos?<br \/>Confira nossos artigos!<\/h2>\n\n\n\n<ul class=\"wp-block-list\">\n<li><a href=\"https:\/\/www.estrategiaconcursos.com.br\/blog\/concursos-abertos\/\" target=\"_blank\" rel=\"noreferrer noopener\">Concursos abertos<\/a><\/li>\n\n\n\n<li><a href=\"https:\/\/www.estrategiaconcursos.com.br\/blog\/concursos-2023\/\" target=\"_blank\" rel=\"noreferrer noopener\">Concursos 2023<\/a><\/li>\n<\/ul>\n\n\n\n<h2 class=\"wp-block-heading has-text-align-center\" id=\"curso\">Quer estudar para o concurso Guarda Barra de S\u00e3o Francisco<\/h2>\n\n\n\n<div class=\"container\" id=\"boxes\">\n  <div class=\"row\">\n\n    <div class=\"col-sm\">\n      <div class=\"banner-guarda-gcm\" id=\"box-assinatura\">\n        <h3 class=\"titulo-assinatura\">Concurso Guarda Barra de S\u00e3o Francisco<\/h3>\n        <p class=\"subtitulo-assinatura\">Conhe\u00e7a os cursos<\/p>\n        <div class=\"box-botao\">\n          <a class=\"btn-assinatura\" target=\"_blank\" href=\"https:\/\/www.estrategiaconcursos.com.br\/\" role=\"button\" rel=\"noopener noreferrer\">Conhe\u00e7a mais<\/a>\n        <\/div>\n      <\/div>\n     \n    <\/div>\n\n  <\/div>\n<\/div>\n\n\n\n<div class=\"container\" id=\"boxes\">\n  <div class=\"row\">\n\n    <div class=\"col-sm\">\n      <div class=\"estrategia\" id=\"box-assinatura\">\n        <h3 class=\"titulo-assinatura\">Assinatura de Concursos<\/h3>\n        <p class=\"subtitulo-assinatura\">Assinatura de 1 ano ou 2 anos<\/p>\n        <div class=\"box-botao\">\n          <a class=\"btn-assinatura\" target=\"_blank\" href=\"https:\/\/www.estrategiaconcursos.com.br\/assinaturas\/\" role=\"button\" rel=\"noopener noreferrer\">ASSINE AGORA<\/a>\n        <\/div>\n      <\/div><\/div><\/div><\/div>\n\n\n\n<figure class=\"wp-block-image size-large is-resized\"><img loading=\"lazy\" decoding=\"async\" width=\"1024\" height=\"632\" src=\"https:\/\/dhg1h5j42swfq.cloudfront.net\/2021\/08\/03075659\/ficha-tecnica-1-1024x632.png\" alt=\"Informa\u00e7\u00f5es do concurso Guarda de Itarar\u00e9\" class=\"wp-image-827472\" style=\"width:284px;height:175px\" srcset=\"https:\/\/dhg1h5j42swfq.cloudfront.net\/2021\/08\/03075659\/ficha-tecnica-1-1024x632.png 1024w, https:\/\/dhg1h5j42swfq.cloudfront.net\/2021\/08\/03075659\/ficha-tecnica-1-300x185.png 300w, https:\/\/dhg1h5j42swfq.cloudfront.net\/2021\/08\/03075659\/ficha-tecnica-1-768x474.png 768w, https:\/\/dhg1h5j42swfq.cloudfront.net\/2021\/08\/03075659\/ficha-tecnica-1-1536x948.png 1536w, https:\/\/dhg1h5j42swfq.cloudfront.net\/2021\/08\/03075659\/ficha-tecnica-1-610x377.png 610w, https:\/\/dhg1h5j42swfq.cloudfront.net\/2021\/08\/03075659\/ficha-tecnica-1.png 1571w\" sizes=\"auto, (max-width: 1024px) 100vw, 1024px\" \/><\/figure>\n\n\n\n<h3 class=\"wp-block-heading\" id=\"ficha\">Informa\u00e7\u00f5es do concurso Guarda Barra de S\u00e3o Francisco<\/h3>\n\n\n\n<ul class=\"wp-block-list\">\n<li><strong>Provas<\/strong>: 18\/09\/2022<\/li>\n\n\n\n<li><strong style=\"color: initial;\">Vagas:&nbsp;<\/strong><span style=\"color: initial;\">20<\/span><\/li>\n\n\n\n<li><strong>Cargo:<\/strong>&nbsp;Guarda Civil Municipal<\/li>\n\n\n\n<li><strong>Escolaridade:&nbsp;<\/strong>n\u00edvel m\u00e9dio<\/li>\n\n\n\n<li><strong>Banca: <\/strong>IBADE<\/li>\n\n\n\n<li><strong>Edital:<\/strong> <a href=\"https:\/\/dhg1h5j42swfq.cloudfront.net\/2022\/07\/14140407\/2b163269cb63a73b1f3163ff56b97130-1.pdf\" target=\"_blank\" rel=\"noreferrer noopener nofollow\">GCM Barra de S\u00e3o Francisco 2022<\/a><\/li>\n<\/ul>\n","protected":false},"excerpt":{"rendered":"<p>Foi divulgado o gabarito preliminar das provas do concurso Guarda Barra S\u00e3o Francisco, no estado do Esp\u00edrito Santo. A etapa foi aplicada no dia 18 de setembro. Agora, os interessados poder\u00e3o interpor recursos entre os dias 21 e 22 de setembro, atrav\u00e9s do portal da banca organizadora, o IBADE. O concurso Guarda Barra de S\u00e3o [&hellip;]<\/p>\n","protected":false},"author":1,"featured_media":1063610,"comment_status":"open","ping_status":"closed","sticky":false,"template":"","format":"standard","meta":{"post_tipo":"news_page","footnotes":""},"categories":[220189],"tags":[],"tax_estado":[219971],"class_list":["post-1061130","post","type-post","status-publish","format-standard","has-post-thumbnail","hentry","category-policial-guarda-civis","tax_estado-es"],"acf":[],"yoast_head":"<!-- This site is optimized with the Yoast SEO Premium plugin v27.2 (Yoast SEO v27.2) - https:\/\/yoast.com\/product\/yoast-seo-premium-wordpress\/ -->\n<title>Concurso Guarda Barra S\u00e3o Francisco: saiu o gabarito preliminar<\/title>\n<meta name=\"description\" content=\"Concurso Guarda Barra de S\u00e3o Francisco: edital oferta 20 vagas, com sal\u00e1rio de R$ 3 mil. Gabarito preliminar \u00e9 divulgado. Confira!\" \/>\n<meta name=\"robots\" content=\"index, follow, max-snippet:-1, max-image-preview:large, max-video-preview:-1\" \/>\n<link rel=\"canonical\" href=\"https:\/\/www.estrategiaconcursos.com.br\/blog\/concurso-guarda-barra-sao-francisco\/\" \/>\n<meta property=\"og:locale\" content=\"pt_BR\" \/>\n<meta property=\"og:type\" content=\"article\" \/>\n<meta property=\"og:title\" content=\"Concurso Guarda Barra S\u00e3o Francisco: saiu o gabarito preliminar\" \/>\n<meta property=\"og:description\" content=\"Concurso Guarda Barra de S\u00e3o Francisco: edital oferta 20 vagas, com sal\u00e1rio de R$ 3 mil. Gabarito preliminar \u00e9 divulgado. Confira!\" \/>\n<meta property=\"og:url\" content=\"https:\/\/www.estrategiaconcursos.com.br\/blog\/concurso-guarda-barra-sao-francisco\/\" \/>\n<meta property=\"og:site_name\" content=\"Estrat\u00e9gia Concursos\" \/>\n<meta property=\"article:author\" content=\"https:\/\/www.facebook.com\/EstrategiaConcursos\" \/>\n<meta property=\"article:published_time\" content=\"2022-09-20T18:46:12+00:00\" \/>\n<meta property=\"article:modified_time\" content=\"2023-10-18T14:17:37+00:00\" \/>\n<meta property=\"og:image\" content=\"https:\/\/dhg1h5j42swfq.cloudfront.net\/2022\/07\/19142626\/guarda_barra_sao_francisco.jpg\" \/>\n\t<meta property=\"og:image:width\" content=\"768\" \/>\n\t<meta property=\"og:image:height\" content=\"432\" \/>\n\t<meta property=\"og:image:type\" content=\"image\/jpeg\" \/>\n<meta name=\"author\" content=\"Coordena\u00e7\u00e3o\" \/>\n<meta name=\"twitter:card\" content=\"summary_large_image\" \/>\n<meta name=\"twitter:creator\" content=\"@EstratConcursos\" \/>\n<meta name=\"twitter:site\" content=\"@EstratConcursos\" \/>\n<meta name=\"twitter:label1\" content=\"Escrito por\" \/>\n\t<meta name=\"twitter:data1\" content=\"Coordena\u00e7\u00e3o\" \/>\n\t<meta name=\"twitter:label2\" content=\"Est. tempo de leitura\" \/>\n\t<meta name=\"twitter:data2\" content=\"5 minutos\" \/>\n<script type=\"application\/ld+json\" class=\"yoast-schema-graph\">{\"@context\":\"https:\/\/schema.org\",\"@graph\":[{\"@type\":\"NewsArticle\",\"@id\":\"https:\/\/www.estrategiaconcursos.com.br\/blog\/concurso-guarda-barra-sao-francisco\/#article\",\"isPartOf\":{\"@id\":\"https:\/\/www.estrategiaconcursos.com.br\/blog\/concurso-guarda-barra-sao-francisco\/\"},\"author\":{\"name\":\"Coordena\u00e7\u00e3o\",\"@id\":\"https:\/\/www.estrategiaconcursos.com.br\/blog\/#\/schema\/person\/b4a388c97673c5f483d72185668afa1f\"},\"headline\":\"Concurso Guarda Barra S\u00e3o Francisco: saiu o gabarito preliminar\",\"datePublished\":\"2022-09-20T18:46:12+00:00\",\"dateModified\":\"2023-10-18T14:17:37+00:00\",\"mainEntityOfPage\":{\"@id\":\"https:\/\/www.estrategiaconcursos.com.br\/blog\/concurso-guarda-barra-sao-francisco\/\"},\"wordCount\":804,\"commentCount\":0,\"publisher\":{\"@id\":\"https:\/\/www.estrategiaconcursos.com.br\/blog\/#organization\"},\"image\":{\"@id\":\"https:\/\/www.estrategiaconcursos.com.br\/blog\/concurso-guarda-barra-sao-francisco\/#primaryimage\"},\"thumbnailUrl\":\"https:\/\/dhg1h5j42swfq.cloudfront.net\/2022\/07\/19142626\/guarda_barra_sao_francisco.jpg\",\"articleSection\":[\"Policial (Guardas Civis)\"],\"inLanguage\":\"pt-BR\",\"potentialAction\":[{\"@type\":\"CommentAction\",\"name\":\"Comment\",\"target\":[\"https:\/\/www.estrategiaconcursos.com.br\/blog\/concurso-guarda-barra-sao-francisco\/#respond\"]}],\"copyrightYear\":\"2022\",\"copyrightHolder\":{\"@id\":\"https:\/\/www.estrategiaconcursos.com.br\/blog\/#organization\"}},{\"@type\":\"WebPage\",\"@id\":\"https:\/\/www.estrategiaconcursos.com.br\/blog\/concurso-guarda-barra-sao-francisco\/\",\"url\":\"https:\/\/www.estrategiaconcursos.com.br\/blog\/concurso-guarda-barra-sao-francisco\/\",\"name\":\"Concurso Guarda Barra S\u00e3o Francisco: saiu o gabarito preliminar\",\"isPartOf\":{\"@id\":\"https:\/\/www.estrategiaconcursos.com.br\/blog\/#website\"},\"primaryImageOfPage\":{\"@id\":\"https:\/\/www.estrategiaconcursos.com.br\/blog\/concurso-guarda-barra-sao-francisco\/#primaryimage\"},\"image\":{\"@id\":\"https:\/\/www.estrategiaconcursos.com.br\/blog\/concurso-guarda-barra-sao-francisco\/#primaryimage\"},\"thumbnailUrl\":\"https:\/\/dhg1h5j42swfq.cloudfront.net\/2022\/07\/19142626\/guarda_barra_sao_francisco.jpg\",\"datePublished\":\"2022-09-20T18:46:12+00:00\",\"dateModified\":\"2023-10-18T14:17:37+00:00\",\"description\":\"Concurso Guarda Barra de S\u00e3o Francisco: edital oferta 20 vagas, com sal\u00e1rio de R$ 3 mil. Gabarito preliminar \u00e9 divulgado. Confira!\",\"breadcrumb\":{\"@id\":\"https:\/\/www.estrategiaconcursos.com.br\/blog\/concurso-guarda-barra-sao-francisco\/#breadcrumb\"},\"inLanguage\":\"pt-BR\",\"potentialAction\":[{\"@type\":\"ReadAction\",\"target\":[\"https:\/\/www.estrategiaconcursos.com.br\/blog\/concurso-guarda-barra-sao-francisco\/\"]}]},{\"@type\":\"ImageObject\",\"inLanguage\":\"pt-BR\",\"@id\":\"https:\/\/www.estrategiaconcursos.com.br\/blog\/concurso-guarda-barra-sao-francisco\/#primaryimage\",\"url\":\"https:\/\/dhg1h5j42swfq.cloudfront.net\/2022\/07\/19142626\/guarda_barra_sao_francisco.jpg\",\"contentUrl\":\"https:\/\/dhg1h5j42swfq.cloudfront.net\/2022\/07\/19142626\/guarda_barra_sao_francisco.jpg\",\"width\":768,\"height\":432},{\"@type\":\"BreadcrumbList\",\"@id\":\"https:\/\/www.estrategiaconcursos.com.br\/blog\/concurso-guarda-barra-sao-francisco\/#breadcrumb\",\"itemListElement\":[{\"@type\":\"ListItem\",\"position\":1,\"name\":\"In\u00edcio\",\"item\":\"https:\/\/www.estrategiaconcursos.com.br\/blog\/\"},{\"@type\":\"ListItem\",\"position\":2,\"name\":\"Concurso Guarda Barra S\u00e3o Francisco: saiu o gabarito preliminar\"}]},{\"@type\":\"WebSite\",\"@id\":\"https:\/\/www.estrategiaconcursos.com.br\/blog\/#website\",\"url\":\"https:\/\/www.estrategiaconcursos.com.br\/blog\/\",\"name\":\"Estrat\u00e9gia Concursos\",\"description\":\"O blog da Estrat\u00e9gia Concursos traz not\u00edcias sobre concursos e artigos de professores oferecendo cursos para concursos (pdf + videaulas) no site.\",\"publisher\":{\"@id\":\"https:\/\/www.estrategiaconcursos.com.br\/blog\/#organization\"},\"potentialAction\":[{\"@type\":\"SearchAction\",\"target\":{\"@type\":\"EntryPoint\",\"urlTemplate\":\"https:\/\/www.estrategiaconcursos.com.br\/blog\/?s={search_term_string}\"},\"query-input\":{\"@type\":\"PropertyValueSpecification\",\"valueRequired\":true,\"valueName\":\"search_term_string\"}}],\"inLanguage\":\"pt-BR\"},{\"@type\":\"Organization\",\"@id\":\"https:\/\/www.estrategiaconcursos.com.br\/blog\/#organization\",\"name\":\"Estrat\u00e9gia Concursos\",\"url\":\"https:\/\/www.estrategiaconcursos.com.br\/blog\/\",\"logo\":{\"@type\":\"ImageObject\",\"inLanguage\":\"pt-BR\",\"@id\":\"https:\/\/www.estrategiaconcursos.com.br\/blog\/#\/schema\/logo\/image\/\",\"url\":\"https:\/\/dhg1h5j42swfq.cloudfront.net\/2025\/06\/03203428\/logo_concursos-1.jpg\",\"contentUrl\":\"https:\/\/dhg1h5j42swfq.cloudfront.net\/2025\/06\/03203428\/logo_concursos-1.jpg\",\"width\":230,\"height\":60,\"caption\":\"Estrat\u00e9gia Concursos\"},\"image\":{\"@id\":\"https:\/\/www.estrategiaconcursos.com.br\/blog\/#\/schema\/logo\/image\/\"},\"sameAs\":[\"https:\/\/x.com\/EstratConcursos\"]},{\"@type\":\"Person\",\"@id\":\"https:\/\/www.estrategiaconcursos.com.br\/blog\/#\/schema\/person\/b4a388c97673c5f483d72185668afa1f\",\"name\":\"Coordena\u00e7\u00e3o\",\"image\":{\"@type\":\"ImageObject\",\"inLanguage\":\"pt-BR\",\"@id\":\"https:\/\/secure.gravatar.com\/avatar\/b720319e4c9a967eb58678d110f4fe35452fc5d5f97b202bac7b8acceb18c6ad?s=96&d=mm&r=g\",\"url\":\"https:\/\/secure.gravatar.com\/avatar\/b720319e4c9a967eb58678d110f4fe35452fc5d5f97b202bac7b8acceb18c6ad?s=96&d=mm&r=g\",\"contentUrl\":\"https:\/\/secure.gravatar.com\/avatar\/b720319e4c9a967eb58678d110f4fe35452fc5d5f97b202bac7b8acceb18c6ad?s=96&d=mm&r=g\",\"caption\":\"Coordena\u00e7\u00e3o\"},\"sameAs\":[\"https:\/\/www.facebook.com\/EstrategiaConcursos\",\"https:\/\/x.com\/EstratConcursos\"],\"url\":\"https:\/\/www.estrategiaconcursos.com.br\/blog\/author\/estrategia2013\/\"}]}<\/script>\n<!-- \/ Yoast SEO Premium plugin. -->","yoast_head_json":{"title":"Concurso Guarda Barra S\u00e3o Francisco: saiu o gabarito preliminar","description":"Concurso Guarda Barra de S\u00e3o Francisco: edital oferta 20 vagas, com sal\u00e1rio de R$ 3 mil. Gabarito preliminar \u00e9 divulgado. Confira!","robots":{"index":"index","follow":"follow","max-snippet":"max-snippet:-1","max-image-preview":"max-image-preview:large","max-video-preview":"max-video-preview:-1"},"canonical":"https:\/\/www.estrategiaconcursos.com.br\/blog\/concurso-guarda-barra-sao-francisco\/","og_locale":"pt_BR","og_type":"article","og_title":"Concurso Guarda Barra S\u00e3o Francisco: saiu o gabarito preliminar","og_description":"Concurso Guarda Barra de S\u00e3o Francisco: edital oferta 20 vagas, com sal\u00e1rio de R$ 3 mil. Gabarito preliminar \u00e9 divulgado. Confira!","og_url":"https:\/\/www.estrategiaconcursos.com.br\/blog\/concurso-guarda-barra-sao-francisco\/","og_site_name":"Estrat\u00e9gia Concursos","article_author":"https:\/\/www.facebook.com\/EstrategiaConcursos","article_published_time":"2022-09-20T18:46:12+00:00","article_modified_time":"2023-10-18T14:17:37+00:00","og_image":[{"width":768,"height":432,"url":"https:\/\/dhg1h5j42swfq.cloudfront.net\/2022\/07\/19142626\/guarda_barra_sao_francisco.jpg","type":"image\/jpeg"}],"author":"Coordena\u00e7\u00e3o","twitter_card":"summary_large_image","twitter_creator":"@EstratConcursos","twitter_site":"@EstratConcursos","twitter_misc":{"Escrito por":"Coordena\u00e7\u00e3o","Est. tempo de leitura":"5 minutos"},"schema":{"@context":"https:\/\/schema.org","@graph":[{"@type":"NewsArticle","@id":"https:\/\/www.estrategiaconcursos.com.br\/blog\/concurso-guarda-barra-sao-francisco\/#article","isPartOf":{"@id":"https:\/\/www.estrategiaconcursos.com.br\/blog\/concurso-guarda-barra-sao-francisco\/"},"author":{"name":"Coordena\u00e7\u00e3o","@id":"https:\/\/www.estrategiaconcursos.com.br\/blog\/#\/schema\/person\/b4a388c97673c5f483d72185668afa1f"},"headline":"Concurso Guarda Barra S\u00e3o Francisco: saiu o gabarito preliminar","datePublished":"2022-09-20T18:46:12+00:00","dateModified":"2023-10-18T14:17:37+00:00","mainEntityOfPage":{"@id":"https:\/\/www.estrategiaconcursos.com.br\/blog\/concurso-guarda-barra-sao-francisco\/"},"wordCount":804,"commentCount":0,"publisher":{"@id":"https:\/\/www.estrategiaconcursos.com.br\/blog\/#organization"},"image":{"@id":"https:\/\/www.estrategiaconcursos.com.br\/blog\/concurso-guarda-barra-sao-francisco\/#primaryimage"},"thumbnailUrl":"https:\/\/dhg1h5j42swfq.cloudfront.net\/2022\/07\/19142626\/guarda_barra_sao_francisco.jpg","articleSection":["Policial (Guardas Civis)"],"inLanguage":"pt-BR","potentialAction":[{"@type":"CommentAction","name":"Comment","target":["https:\/\/www.estrategiaconcursos.com.br\/blog\/concurso-guarda-barra-sao-francisco\/#respond"]}],"copyrightYear":"2022","copyrightHolder":{"@id":"https:\/\/www.estrategiaconcursos.com.br\/blog\/#organization"}},{"@type":"WebPage","@id":"https:\/\/www.estrategiaconcursos.com.br\/blog\/concurso-guarda-barra-sao-francisco\/","url":"https:\/\/www.estrategiaconcursos.com.br\/blog\/concurso-guarda-barra-sao-francisco\/","name":"Concurso Guarda Barra S\u00e3o Francisco: saiu o gabarito preliminar","isPartOf":{"@id":"https:\/\/www.estrategiaconcursos.com.br\/blog\/#website"},"primaryImageOfPage":{"@id":"https:\/\/www.estrategiaconcursos.com.br\/blog\/concurso-guarda-barra-sao-francisco\/#primaryimage"},"image":{"@id":"https:\/\/www.estrategiaconcursos.com.br\/blog\/concurso-guarda-barra-sao-francisco\/#primaryimage"},"thumbnailUrl":"https:\/\/dhg1h5j42swfq.cloudfront.net\/2022\/07\/19142626\/guarda_barra_sao_francisco.jpg","datePublished":"2022-09-20T18:46:12+00:00","dateModified":"2023-10-18T14:17:37+00:00","description":"Concurso Guarda Barra de S\u00e3o Francisco: edital oferta 20 vagas, com sal\u00e1rio de R$ 3 mil. Gabarito preliminar \u00e9 divulgado. Confira!","breadcrumb":{"@id":"https:\/\/www.estrategiaconcursos.com.br\/blog\/concurso-guarda-barra-sao-francisco\/#breadcrumb"},"inLanguage":"pt-BR","potentialAction":[{"@type":"ReadAction","target":["https:\/\/www.estrategiaconcursos.com.br\/blog\/concurso-guarda-barra-sao-francisco\/"]}]},{"@type":"ImageObject","inLanguage":"pt-BR","@id":"https:\/\/www.estrategiaconcursos.com.br\/blog\/concurso-guarda-barra-sao-francisco\/#primaryimage","url":"https:\/\/dhg1h5j42swfq.cloudfront.net\/2022\/07\/19142626\/guarda_barra_sao_francisco.jpg","contentUrl":"https:\/\/dhg1h5j42swfq.cloudfront.net\/2022\/07\/19142626\/guarda_barra_sao_francisco.jpg","width":768,"height":432},{"@type":"BreadcrumbList","@id":"https:\/\/www.estrategiaconcursos.com.br\/blog\/concurso-guarda-barra-sao-francisco\/#breadcrumb","itemListElement":[{"@type":"ListItem","position":1,"name":"In\u00edcio","item":"https:\/\/www.estrategiaconcursos.com.br\/blog\/"},{"@type":"ListItem","position":2,"name":"Concurso Guarda Barra S\u00e3o Francisco: saiu o gabarito preliminar"}]},{"@type":"WebSite","@id":"https:\/\/www.estrategiaconcursos.com.br\/blog\/#website","url":"https:\/\/www.estrategiaconcursos.com.br\/blog\/","name":"Estrat\u00e9gia Concursos","description":"O blog da Estrat\u00e9gia Concursos traz not\u00edcias sobre concursos e artigos de professores oferecendo cursos para concursos (pdf + videaulas) no site.","publisher":{"@id":"https:\/\/www.estrategiaconcursos.com.br\/blog\/#organization"},"potentialAction":[{"@type":"SearchAction","target":{"@type":"EntryPoint","urlTemplate":"https:\/\/www.estrategiaconcursos.com.br\/blog\/?s={search_term_string}"},"query-input":{"@type":"PropertyValueSpecification","valueRequired":true,"valueName":"search_term_string"}}],"inLanguage":"pt-BR"},{"@type":"Organization","@id":"https:\/\/www.estrategiaconcursos.com.br\/blog\/#organization","name":"Estrat\u00e9gia Concursos","url":"https:\/\/www.estrategiaconcursos.com.br\/blog\/","logo":{"@type":"ImageObject","inLanguage":"pt-BR","@id":"https:\/\/www.estrategiaconcursos.com.br\/blog\/#\/schema\/logo\/image\/","url":"https:\/\/dhg1h5j42swfq.cloudfront.net\/2025\/06\/03203428\/logo_concursos-1.jpg","contentUrl":"https:\/\/dhg1h5j42swfq.cloudfront.net\/2025\/06\/03203428\/logo_concursos-1.jpg","width":230,"height":60,"caption":"Estrat\u00e9gia Concursos"},"image":{"@id":"https:\/\/www.estrategiaconcursos.com.br\/blog\/#\/schema\/logo\/image\/"},"sameAs":["https:\/\/x.com\/EstratConcursos"]},{"@type":"Person","@id":"https:\/\/www.estrategiaconcursos.com.br\/blog\/#\/schema\/person\/b4a388c97673c5f483d72185668afa1f","name":"Coordena\u00e7\u00e3o","image":{"@type":"ImageObject","inLanguage":"pt-BR","@id":"https:\/\/secure.gravatar.com\/avatar\/b720319e4c9a967eb58678d110f4fe35452fc5d5f97b202bac7b8acceb18c6ad?s=96&d=mm&r=g","url":"https:\/\/secure.gravatar.com\/avatar\/b720319e4c9a967eb58678d110f4fe35452fc5d5f97b202bac7b8acceb18c6ad?s=96&d=mm&r=g","contentUrl":"https:\/\/secure.gravatar.com\/avatar\/b720319e4c9a967eb58678d110f4fe35452fc5d5f97b202bac7b8acceb18c6ad?s=96&d=mm&r=g","caption":"Coordena\u00e7\u00e3o"},"sameAs":["https:\/\/www.facebook.com\/EstrategiaConcursos","https:\/\/x.com\/EstratConcursos"],"url":"https:\/\/www.estrategiaconcursos.com.br\/blog\/author\/estrategia2013\/"}]}},"_links":{"self":[{"href":"https:\/\/www.estrategiaconcursos.com.br\/blog\/wp-json\/wp\/v2\/posts\/1061130","targetHints":{"allow":["GET"]}}],"collection":[{"href":"https:\/\/www.estrategiaconcursos.com.br\/blog\/wp-json\/wp\/v2\/posts"}],"about":[{"href":"https:\/\/www.estrategiaconcursos.com.br\/blog\/wp-json\/wp\/v2\/types\/post"}],"author":[{"embeddable":true,"href":"https:\/\/www.estrategiaconcursos.com.br\/blog\/wp-json\/wp\/v2\/users\/1"}],"replies":[{"embeddable":true,"href":"https:\/\/www.estrategiaconcursos.com.br\/blog\/wp-json\/wp\/v2\/comments?post=1061130"}],"version-history":[{"count":16,"href":"https:\/\/www.estrategiaconcursos.com.br\/blog\/wp-json\/wp\/v2\/posts\/1061130\/revisions"}],"predecessor-version":[{"id":1294166,"href":"https:\/\/www.estrategiaconcursos.com.br\/blog\/wp-json\/wp\/v2\/posts\/1061130\/revisions\/1294166"}],"wp:featuredmedia":[{"embeddable":true,"href":"https:\/\/www.estrategiaconcursos.com.br\/blog\/wp-json\/wp\/v2\/media\/1063610"}],"wp:attachment":[{"href":"https:\/\/www.estrategiaconcursos.com.br\/blog\/wp-json\/wp\/v2\/media?parent=1061130"}],"wp:term":[{"taxonomy":"category","embeddable":true,"href":"https:\/\/www.estrategiaconcursos.com.br\/blog\/wp-json\/wp\/v2\/categories?post=1061130"},{"taxonomy":"post_tag","embeddable":true,"href":"https:\/\/www.estrategiaconcursos.com.br\/blog\/wp-json\/wp\/v2\/tags?post=1061130"},{"taxonomy":"tax_estado","embeddable":true,"href":"https:\/\/www.estrategiaconcursos.com.br\/blog\/wp-json\/wp\/v2\/tax_estado?post=1061130"}],"curies":[{"name":"wp","href":"https:\/\/api.w.org\/{rel}","templated":true}]}}