{"id":1060844,"date":"2022-07-14T10:32:26","date_gmt":"2022-07-14T13:32:26","guid":{"rendered":"https:\/\/www.estrategiaconcursos.com.br\/blog\/?p=1060844"},"modified":"2022-07-14T11:24:54","modified_gmt":"2022-07-14T14:24:54","slug":"concurso-sedf-2023-pldo","status":"publish","type":"post","link":"https:\/\/www.estrategiaconcursos.com.br\/blog\/concurso-sedf-2023-pldo\/","title":{"rendered":"Concurso SEDF: mais de 12 mil vagas previstas no PLDO 2023"},"content":{"rendered":"\n<p>O <a href=\"https:\/\/dhg1h5j42swfq.cloudfront.net\/2022\/07\/14102656\/pldo-2023-df-2.pdf\" target=\"_blank\" rel=\"noreferrer noopener\">Projeto de Lei das Diretrizes Or\u00e7ament\u00e1rias do Distrito Federal<\/a> para 2023 foi aprovado com a previs\u00e3o 12.996 vagas para provimento na <a href=\"https:\/\/www.estrategiaconcursos.com.br\/cursosPorConcurso\/secretaria-da-educacao-df\/\" target=\"_blank\" rel=\"noreferrer noopener\">Secretaria de Estado de Educa\u00e7\u00e3o do DF<\/a> (<strong>concurso SEDF)<\/strong>.<\/p>\n\n\n\n<p>De acordo com o documento, o preenchimento das vagas ser\u00e1 por meio de nomea\u00e7\u00f5es de aprovados em concursos vigentes ou a publica\u00e7\u00e3o de novo editais de concurso p\u00fablico, al\u00e9m de contrata\u00e7\u00f5es tempor\u00e1rias. <\/p>\n\n\n\n<p>Das vagas e cargos autorizados, destacam-se <strong>80 oportunidades para professor de Educa\u00e7\u00e3o B\u00e1sica<\/strong> em especialidades que n\u00e3o foram ofertadas nos \u00faltimos editais.<\/p>\n\n\n\n<p>Com isso, existe a possibilidade de que o provimento se d\u00ea por meio de novo edital de concurso p\u00fablico entre os anos de 2023 a 2025. Os cargos e vagas s\u00e3o os seguintes:<\/p>\n\n\n\n<ul class=\"wp-block-list\"><li>Professor de Educa\u00e7\u00e3o B\u00e1sica \u2013 Odontologia \u2013 20 cargos;<\/li><li>Professor de Educa\u00e7\u00e3o B\u00e1sica \u2013 Eletr\u00f4nica e Eletrot\u00e9cnica \u2013 20 cargos;<\/li><li>Professor de Educa\u00e7\u00e3o B\u00e1sica \u2013 Telecomunica\u00e7\u00f5es \u2013 20 cargos; e<\/li><li>Professor de Educa\u00e7\u00e3o B\u00e1sica \u2013 Inform\u00e1tica \u2013 20 cargos. <\/li><\/ul>\n\n\n\n<p>Confira os detalhes dos cargos e vagas do concurso SEDF previstos no PLDO 2023.<\/p>\n\n\n\n<h2 class=\"wp-block-heading\" id=\"concurso-sedf-cargos-e-vagas-do-pldo-2023\">Concurso SEDF: cargos e vagas do PLDO 2023<\/h2>\n\n\n\n<figure class=\"wp-block-image size-large\"><img loading=\"lazy\" decoding=\"async\" width=\"1024\" height=\"511\" src=\"https:\/\/dhg1h5j42swfq.cloudfront.net\/2022\/07\/14102358\/concurso-sedf-1-1024x511.jpg\" alt=\"Concurso SEDF: quantidade de cargos \" class=\"wp-image-1060928\" srcset=\"https:\/\/dhg1h5j42swfq.cloudfront.net\/2022\/07\/14102358\/concurso-sedf-1-1024x511.jpg 1024w, https:\/\/dhg1h5j42swfq.cloudfront.net\/2022\/07\/14102358\/concurso-sedf-1-300x150.jpg 300w, https:\/\/dhg1h5j42swfq.cloudfront.net\/2022\/07\/14102358\/concurso-sedf-1-768x383.jpg 768w, https:\/\/dhg1h5j42swfq.cloudfront.net\/2022\/07\/14102358\/concurso-sedf-1-1536x766.jpg 1536w, https:\/\/dhg1h5j42swfq.cloudfront.net\/2022\/07\/14102358\/concurso-sedf-1-610x304.jpg 610w, https:\/\/dhg1h5j42swfq.cloudfront.net\/2022\/07\/14102358\/concurso-sedf-1-150x75.jpg 150w, https:\/\/dhg1h5j42swfq.cloudfront.net\/2022\/07\/14102358\/concurso-sedf-1.jpg 1634w\" sizes=\"auto, (max-width: 1024px) 100vw, 1024px\" \/><figcaption>Concurso SEDF: quantidade de cargos <\/figcaption><\/figure>\n\n\n\n<figure class=\"wp-block-image size-large\"><img loading=\"lazy\" decoding=\"async\" width=\"1024\" height=\"313\" src=\"https:\/\/dhg1h5j42swfq.cloudfront.net\/2022\/07\/14102406\/concurso-sedf-1024x313.jpg\" alt=\"Concurso SEDF: quantidade de cargos \" class=\"wp-image-1060930\" srcset=\"https:\/\/dhg1h5j42swfq.cloudfront.net\/2022\/07\/14102406\/concurso-sedf-1024x313.jpg 1024w, https:\/\/dhg1h5j42swfq.cloudfront.net\/2022\/07\/14102406\/concurso-sedf-300x92.jpg 300w, https:\/\/dhg1h5j42swfq.cloudfront.net\/2022\/07\/14102406\/concurso-sedf-768x235.jpg 768w, https:\/\/dhg1h5j42swfq.cloudfront.net\/2022\/07\/14102406\/concurso-sedf-1536x470.jpg 1536w, https:\/\/dhg1h5j42swfq.cloudfront.net\/2022\/07\/14102406\/concurso-sedf-610x187.jpg 610w, https:\/\/dhg1h5j42swfq.cloudfront.net\/2022\/07\/14102406\/concurso-sedf-150x46.jpg 150w, https:\/\/dhg1h5j42swfq.cloudfront.net\/2022\/07\/14102406\/concurso-sedf.jpg 1631w\" sizes=\"auto, (max-width: 1024px) 100vw, 1024px\" \/><figcaption>Concurso SEDF: quantidade de cargos <\/figcaption><\/figure>\n\n\n\n<p>importante destacar que a SEDF divulgou recentemente o edital com a oferta de mais de 4 mil vagas imediatas e de cadastro reserva para os seguintes cargos:<\/p>\n\n\n\n<ul class=\"wp-block-list\"><li><strong>Professor de Educa\u00e7\u00e3o B\u00e1sica:<\/strong><ul><li>776 vagas imediatas<\/li><li>3.104 cadastro reserva<\/li><\/ul><\/li><li><strong>Pedagogo \u2013 Orientador Educacional<\/strong><ul><li>20 vagas imediatas<\/li><li>80 cadastro reserva<\/li><\/ul><\/li><li><strong>Gestor em Pol\u00edticas P\u00fablicas e Gest\u00e3o Educacional<\/strong><ul><li>16 vagas imediatas<\/li><li>258 cadastro reserva<\/li><\/ul><\/li><\/ul>\n\n\n\n<p>Os interessados poder\u00e3o se inscrever no portal da&nbsp;Quadrix&nbsp;de 2 de agosto at\u00e9 o dia 31 de agosto. A taxa de inscri\u00e7\u00e3o varia de acordo com a escolaridade do cargo:<\/p>\n\n\n\n<ul class=\"wp-block-list\"><li>R$ 56,00 (Gestor); e<\/li><li>R$ 83,00 (Professor e Pedagogo).<\/li><\/ul>\n\n\n\n<p>O sal\u00e1rio inicial do aprovado ser\u00e1 de at\u00e9 R$ 5.497,13.<\/p>\n\n\n\n<h2 class=\"has-text-align-center has-pale-cyan-blue-background-color has-background has-medium-font-size wp-block-heading\" id=\"saiba-mais-concurso-sedf\">Saiba mais: <a href=\"https:\/\/www.estrategiaconcursos.com.br\/blog\/concurso-sedf\/\" target=\"_blank\" rel=\"noreferrer noopener\">concurso SEDF <\/a><\/h2>\n\n\n\n<h2 class=\"has-text-align-center wp-block-heading\" id=\"h-quer-saber-tudo-sobre-concursos-previstos-confira-nossos-artigos\">Quer saber tudo sobre concursos previstos?<br \/>Confira nossos artigos!<\/h2>\n\n\n\n<ul class=\"wp-block-list\"><li><a href=\"https:\/\/www.estrategiaconcursos.com.br\/blog\/concursos-abertos\/\" target=\"_blank\" rel=\"noreferrer noopener\">Concursos abertos<\/a><\/li><li><a href=\"https:\/\/www.estrategiaconcursos.com.br\/blog\/concursos-2022\/\" target=\"_blank\" rel=\"noreferrer noopener\">Concursos 2022<\/a><\/li><li><a href=\"https:\/\/www.estrategiaconcursos.com.br\/blog\/concursos-educacao-2022\/\" target=\"_blank\" rel=\"noreferrer noopener\">Concursos Educa\u00e7\u00e3o 2022<\/a><\/li><\/ul>\n\n\n\n<h2 class=\"has-text-align-center wp-block-heading\" id=\"cursos\">Agora que voc\u00ea leu sobre o PLDO do concurso SEDF, que tal come\u00e7ar os estudos?<\/h2>\n\n\n\n<div class=\"col-sm\">\n      <div class=\"banner-estrategia\" id=\"box-assinatura\">\n        <h3 class=\"titulo-assinatura\">Cursos para SEDF<\/h3>\n        <p class=\"subtitulo-assinatura\">Conhe\u00e7a os cursos<\/p>\n        <div class=\"box-botao\">\n          <a class=\"btn-assinatura\" target=\"_blank\" href=\"https:\/\/www.estrategiaconcursos.com.br\/cursosPorConcurso\/secretaria-da-educacao-df\/\" role=\"button\" rel=\"noopener noreferrer\">Conhe\u00e7a mais<\/a>\n        <\/div>\n      <\/div>\n      <p class=\"texto-auxiliar\"><\/p>\n    <\/div>\n\n\n\n<div class=\"container\" id=\"boxes\">\n  <div class=\"row\">\n\n    <div class=\"col-sm\">\n      <div class=\"estrategia\" id=\"box-assinatura\">\n        <h3 class=\"titulo-assinatura\">Assinatura Concursos<\/h3>\n        <p class=\"subtitulo-assinatura\">Assinatura de 1 ano ou 2 anos<\/p>\n        <div class=\"box-botao\">\n          <a class=\"btn-assinatura\" target=\"_blank\" href=\"https:\/\/www.estrategiaconcursos.com.br\/assinaturas\/\" role=\"button\" rel=\"noopener noreferrer\">ASSINE AGORA<\/a>\n        <\/div>\n      <\/div>\n     \n    <\/div><\/div><\/div>\n\n\n\n<p><\/p>\n","protected":false},"excerpt":{"rendered":"<p>O Projeto de Lei das Diretrizes Or\u00e7ament\u00e1rias do Distrito Federal para 2023 foi aprovado com a previs\u00e3o 12.996 vagas para provimento na Secretaria de Estado de Educa\u00e7\u00e3o do DF (concurso SEDF). De acordo com o documento, o preenchimento das vagas ser\u00e1 por meio de nomea\u00e7\u00f5es de aprovados em concursos vigentes ou a publica\u00e7\u00e3o de novo [&hellip;]<\/p>\n","protected":false},"author":2375,"featured_media":1060936,"comment_status":"open","ping_status":"closed","sticky":false,"template":"","format":"standard","meta":{"post_tipo":"news","footnotes":""},"categories":[3766,220219],"tags":[],"tax_estado":[219970],"class_list":["post-1060844","post","type-post","status-publish","format-standard","has-post-thumbnail","hentry","category-educacional","category-noticias","tax_estado-df"],"acf":[],"yoast_head":"<!-- This site is optimized with the Yoast SEO Premium plugin v27.2 (Yoast SEO v27.2) - https:\/\/yoast.com\/product\/yoast-seo-premium-wordpress\/ -->\n<title>Concurso SEDF: mais de 12 mil vagas previstas no PLDO 2023<\/title>\n<meta name=\"description\" content=\"Concurso SEDF: previstas 80 vagas para o ano que vem. A novidade consta na reda\u00e7\u00e3o final do PLDO de\u00a02023. Veja!\" \/>\n<meta name=\"robots\" content=\"index, follow, max-snippet:-1, max-image-preview:large, max-video-preview:-1\" \/>\n<link rel=\"canonical\" href=\"https:\/\/www.estrategiaconcursos.com.br\/blog\/concurso-sedf-2023-pldo\/\" \/>\n<meta property=\"og:locale\" content=\"pt_BR\" \/>\n<meta property=\"og:type\" content=\"article\" \/>\n<meta property=\"og:title\" content=\"Concurso SEDF: mais de 12 mil vagas previstas no PLDO 2023\" \/>\n<meta property=\"og:description\" content=\"Concurso SEDF: previstas 80 vagas para o ano que vem. A novidade consta na reda\u00e7\u00e3o final do PLDO de\u00a02023. Veja!\" \/>\n<meta property=\"og:url\" content=\"https:\/\/www.estrategiaconcursos.com.br\/blog\/concurso-sedf-2023-pldo\/\" \/>\n<meta property=\"og:site_name\" content=\"Estrat\u00e9gia Concursos\" \/>\n<meta property=\"article:published_time\" content=\"2022-07-14T13:32:26+00:00\" \/>\n<meta property=\"article:modified_time\" content=\"2022-07-14T14:24:54+00:00\" \/>\n<meta property=\"og:image\" content=\"https:\/\/dhg1h5j42swfq.cloudfront.net\/2022\/07\/14103155\/concurso-sedf-pldo.jpeg\" \/>\n\t<meta property=\"og:image:width\" content=\"150\" \/>\n\t<meta property=\"og:image:height\" content=\"150\" \/>\n\t<meta property=\"og:image:type\" content=\"image\/jpeg\" \/>\n<meta name=\"author\" content=\"Priscila Almeida\" \/>\n<meta name=\"twitter:card\" content=\"summary_large_image\" \/>\n<meta name=\"twitter:creator\" content=\"@EstratConcursos\" \/>\n<meta name=\"twitter:site\" content=\"@EstratConcursos\" \/>\n<meta name=\"twitter:label1\" content=\"Escrito por\" \/>\n\t<meta name=\"twitter:data1\" content=\"Priscila Almeida\" \/>\n\t<meta name=\"twitter:label2\" content=\"Est. tempo de leitura\" \/>\n\t<meta name=\"twitter:data2\" content=\"3 minutos\" \/>\n<script type=\"application\/ld+json\" class=\"yoast-schema-graph\">{\"@context\":\"https:\/\/schema.org\",\"@graph\":[{\"@type\":\"NewsArticle\",\"@id\":\"https:\/\/www.estrategiaconcursos.com.br\/blog\/concurso-sedf-2023-pldo\/#article\",\"isPartOf\":{\"@id\":\"https:\/\/www.estrategiaconcursos.com.br\/blog\/concurso-sedf-2023-pldo\/\"},\"author\":{\"name\":\"Priscila Almeida\",\"@id\":\"https:\/\/www.estrategiaconcursos.com.br\/blog\/#\/schema\/person\/a06e841e501f2e1d8c49c4e8f066bfd1\"},\"headline\":\"Concurso SEDF: mais de 12 mil vagas previstas no PLDO 2023\",\"datePublished\":\"2022-07-14T13:32:26+00:00\",\"dateModified\":\"2022-07-14T14:24:54+00:00\",\"mainEntityOfPage\":{\"@id\":\"https:\/\/www.estrategiaconcursos.com.br\/blog\/concurso-sedf-2023-pldo\/\"},\"wordCount\":367,\"commentCount\":0,\"publisher\":{\"@id\":\"https:\/\/www.estrategiaconcursos.com.br\/blog\/#organization\"},\"image\":{\"@id\":\"https:\/\/www.estrategiaconcursos.com.br\/blog\/concurso-sedf-2023-pldo\/#primaryimage\"},\"thumbnailUrl\":\"https:\/\/dhg1h5j42swfq.cloudfront.net\/2022\/07\/14103155\/concurso-sedf-pldo.jpeg\",\"articleSection\":[\"Educa\u00e7\u00e3o\",\"\u00daltimas not\u00edcias\"],\"inLanguage\":\"pt-BR\",\"potentialAction\":[{\"@type\":\"CommentAction\",\"name\":\"Comment\",\"target\":[\"https:\/\/www.estrategiaconcursos.com.br\/blog\/concurso-sedf-2023-pldo\/#respond\"]}],\"copyrightYear\":\"2022\",\"copyrightHolder\":{\"@id\":\"https:\/\/www.estrategiaconcursos.com.br\/blog\/#organization\"}},{\"@type\":\"WebPage\",\"@id\":\"https:\/\/www.estrategiaconcursos.com.br\/blog\/concurso-sedf-2023-pldo\/\",\"url\":\"https:\/\/www.estrategiaconcursos.com.br\/blog\/concurso-sedf-2023-pldo\/\",\"name\":\"Concurso SEDF: mais de 12 mil vagas previstas no PLDO 2023\",\"isPartOf\":{\"@id\":\"https:\/\/www.estrategiaconcursos.com.br\/blog\/#website\"},\"primaryImageOfPage\":{\"@id\":\"https:\/\/www.estrategiaconcursos.com.br\/blog\/concurso-sedf-2023-pldo\/#primaryimage\"},\"image\":{\"@id\":\"https:\/\/www.estrategiaconcursos.com.br\/blog\/concurso-sedf-2023-pldo\/#primaryimage\"},\"thumbnailUrl\":\"https:\/\/dhg1h5j42swfq.cloudfront.net\/2022\/07\/14103155\/concurso-sedf-pldo.jpeg\",\"datePublished\":\"2022-07-14T13:32:26+00:00\",\"dateModified\":\"2022-07-14T14:24:54+00:00\",\"description\":\"Concurso SEDF: previstas 80 vagas para o ano que vem. A novidade consta na reda\u00e7\u00e3o final do PLDO de\u00a02023. Veja!\",\"breadcrumb\":{\"@id\":\"https:\/\/www.estrategiaconcursos.com.br\/blog\/concurso-sedf-2023-pldo\/#breadcrumb\"},\"inLanguage\":\"pt-BR\",\"potentialAction\":[{\"@type\":\"ReadAction\",\"target\":[\"https:\/\/www.estrategiaconcursos.com.br\/blog\/concurso-sedf-2023-pldo\/\"]}]},{\"@type\":\"ImageObject\",\"inLanguage\":\"pt-BR\",\"@id\":\"https:\/\/www.estrategiaconcursos.com.br\/blog\/concurso-sedf-2023-pldo\/#primaryimage\",\"url\":\"https:\/\/dhg1h5j42swfq.cloudfront.net\/2022\/07\/14103155\/concurso-sedf-pldo.jpeg\",\"contentUrl\":\"https:\/\/dhg1h5j42swfq.cloudfront.net\/2022\/07\/14103155\/concurso-sedf-pldo.jpeg\",\"width\":150,\"height\":150,\"caption\":\"not\u00edcias do concurso SEDF\"},{\"@type\":\"BreadcrumbList\",\"@id\":\"https:\/\/www.estrategiaconcursos.com.br\/blog\/concurso-sedf-2023-pldo\/#breadcrumb\",\"itemListElement\":[{\"@type\":\"ListItem\",\"position\":1,\"name\":\"In\u00edcio\",\"item\":\"https:\/\/www.estrategiaconcursos.com.br\/blog\/\"},{\"@type\":\"ListItem\",\"position\":2,\"name\":\"Concurso SEDF: mais de 12 mil vagas previstas no PLDO 2023\"}]},{\"@type\":\"WebSite\",\"@id\":\"https:\/\/www.estrategiaconcursos.com.br\/blog\/#website\",\"url\":\"https:\/\/www.estrategiaconcursos.com.br\/blog\/\",\"name\":\"Estrat\u00e9gia Concursos\",\"description\":\"O blog da Estrat\u00e9gia Concursos traz not\u00edcias sobre concursos e artigos de professores oferecendo cursos para concursos (pdf + videaulas) no site.\",\"publisher\":{\"@id\":\"https:\/\/www.estrategiaconcursos.com.br\/blog\/#organization\"},\"potentialAction\":[{\"@type\":\"SearchAction\",\"target\":{\"@type\":\"EntryPoint\",\"urlTemplate\":\"https:\/\/www.estrategiaconcursos.com.br\/blog\/?s={search_term_string}\"},\"query-input\":{\"@type\":\"PropertyValueSpecification\",\"valueRequired\":true,\"valueName\":\"search_term_string\"}}],\"inLanguage\":\"pt-BR\"},{\"@type\":\"Organization\",\"@id\":\"https:\/\/www.estrategiaconcursos.com.br\/blog\/#organization\",\"name\":\"Estrat\u00e9gia Concursos\",\"url\":\"https:\/\/www.estrategiaconcursos.com.br\/blog\/\",\"logo\":{\"@type\":\"ImageObject\",\"inLanguage\":\"pt-BR\",\"@id\":\"https:\/\/www.estrategiaconcursos.com.br\/blog\/#\/schema\/logo\/image\/\",\"url\":\"https:\/\/dhg1h5j42swfq.cloudfront.net\/2025\/06\/03203428\/logo_concursos-1.jpg\",\"contentUrl\":\"https:\/\/dhg1h5j42swfq.cloudfront.net\/2025\/06\/03203428\/logo_concursos-1.jpg\",\"width\":230,\"height\":60,\"caption\":\"Estrat\u00e9gia Concursos\"},\"image\":{\"@id\":\"https:\/\/www.estrategiaconcursos.com.br\/blog\/#\/schema\/logo\/image\/\"},\"sameAs\":[\"https:\/\/x.com\/EstratConcursos\"]},{\"@type\":\"Person\",\"@id\":\"https:\/\/www.estrategiaconcursos.com.br\/blog\/#\/schema\/person\/a06e841e501f2e1d8c49c4e8f066bfd1\",\"name\":\"Priscila Almeida\",\"image\":{\"@type\":\"ImageObject\",\"inLanguage\":\"pt-BR\",\"@id\":\"https:\/\/secure.gravatar.com\/avatar\/0a963c9e2a947fa675b669cea2b5d0ba6dd1cbf46b966190343b6c9973ad3337?s=96&d=mm&r=g\",\"url\":\"https:\/\/secure.gravatar.com\/avatar\/0a963c9e2a947fa675b669cea2b5d0ba6dd1cbf46b966190343b6c9973ad3337?s=96&d=mm&r=g\",\"contentUrl\":\"https:\/\/secure.gravatar.com\/avatar\/0a963c9e2a947fa675b669cea2b5d0ba6dd1cbf46b966190343b6c9973ad3337?s=96&d=mm&r=g\",\"caption\":\"Priscila Almeida\"},\"description\":\"Atua na \u00e1rea de concursos p\u00fablicos desde 2019. As editorias que mais t\u00eam familiaridade s\u00e3o: Tribunais (TJs; TRTs; TREs; TSTs; STJ, STF, STM e TSE); Defensorias; Minist\u00e9rios P\u00fablicos; Procuradorias; Educa\u00e7\u00e3o e Conselhos. Na \u00e1rea de comunica\u00e7\u00e3o, de maneira geral, a caminhada \u00e9 um pouco mais longa - desde 2007. Possui experi\u00eancia em reda\u00e7\u00f5es de r\u00e1dio, TV, Web e impresso, al\u00e9m de desenvolver trabalhos em assessorias de comunica\u00e7\u00e3o institucional, empresarial e p\u00fablicas. Entre outros trabalhos, se destacam a atua\u00e7\u00e3o nas \u00e1reas de Justi\u00e7a, Congresso, Esportes, Sa\u00fade, Agropecu\u00e1ria, Cidades e Avia\u00e7\u00e3o Civil.\",\"url\":\"https:\/\/www.estrategiaconcursos.com.br\/blog\/author\/priscila-almeidaestrategia-com\/\"}]}<\/script>\n<!-- \/ Yoast SEO Premium plugin. -->","yoast_head_json":{"title":"Concurso SEDF: mais de 12 mil vagas previstas no PLDO 2023","description":"Concurso SEDF: previstas 80 vagas para o ano que vem. A novidade consta na reda\u00e7\u00e3o final do PLDO de\u00a02023. Veja!","robots":{"index":"index","follow":"follow","max-snippet":"max-snippet:-1","max-image-preview":"max-image-preview:large","max-video-preview":"max-video-preview:-1"},"canonical":"https:\/\/www.estrategiaconcursos.com.br\/blog\/concurso-sedf-2023-pldo\/","og_locale":"pt_BR","og_type":"article","og_title":"Concurso SEDF: mais de 12 mil vagas previstas no PLDO 2023","og_description":"Concurso SEDF: previstas 80 vagas para o ano que vem. A novidade consta na reda\u00e7\u00e3o final do PLDO de\u00a02023. Veja!","og_url":"https:\/\/www.estrategiaconcursos.com.br\/blog\/concurso-sedf-2023-pldo\/","og_site_name":"Estrat\u00e9gia Concursos","article_published_time":"2022-07-14T13:32:26+00:00","article_modified_time":"2022-07-14T14:24:54+00:00","og_image":[{"width":150,"height":150,"url":"https:\/\/dhg1h5j42swfq.cloudfront.net\/2022\/07\/14103155\/concurso-sedf-pldo.jpeg","type":"image\/jpeg"}],"author":"Priscila Almeida","twitter_card":"summary_large_image","twitter_creator":"@EstratConcursos","twitter_site":"@EstratConcursos","twitter_misc":{"Escrito por":"Priscila Almeida","Est. tempo de leitura":"3 minutos"},"schema":{"@context":"https:\/\/schema.org","@graph":[{"@type":"NewsArticle","@id":"https:\/\/www.estrategiaconcursos.com.br\/blog\/concurso-sedf-2023-pldo\/#article","isPartOf":{"@id":"https:\/\/www.estrategiaconcursos.com.br\/blog\/concurso-sedf-2023-pldo\/"},"author":{"name":"Priscila Almeida","@id":"https:\/\/www.estrategiaconcursos.com.br\/blog\/#\/schema\/person\/a06e841e501f2e1d8c49c4e8f066bfd1"},"headline":"Concurso SEDF: mais de 12 mil vagas previstas no PLDO 2023","datePublished":"2022-07-14T13:32:26+00:00","dateModified":"2022-07-14T14:24:54+00:00","mainEntityOfPage":{"@id":"https:\/\/www.estrategiaconcursos.com.br\/blog\/concurso-sedf-2023-pldo\/"},"wordCount":367,"commentCount":0,"publisher":{"@id":"https:\/\/www.estrategiaconcursos.com.br\/blog\/#organization"},"image":{"@id":"https:\/\/www.estrategiaconcursos.com.br\/blog\/concurso-sedf-2023-pldo\/#primaryimage"},"thumbnailUrl":"https:\/\/dhg1h5j42swfq.cloudfront.net\/2022\/07\/14103155\/concurso-sedf-pldo.jpeg","articleSection":["Educa\u00e7\u00e3o","\u00daltimas not\u00edcias"],"inLanguage":"pt-BR","potentialAction":[{"@type":"CommentAction","name":"Comment","target":["https:\/\/www.estrategiaconcursos.com.br\/blog\/concurso-sedf-2023-pldo\/#respond"]}],"copyrightYear":"2022","copyrightHolder":{"@id":"https:\/\/www.estrategiaconcursos.com.br\/blog\/#organization"}},{"@type":"WebPage","@id":"https:\/\/www.estrategiaconcursos.com.br\/blog\/concurso-sedf-2023-pldo\/","url":"https:\/\/www.estrategiaconcursos.com.br\/blog\/concurso-sedf-2023-pldo\/","name":"Concurso SEDF: mais de 12 mil vagas previstas no PLDO 2023","isPartOf":{"@id":"https:\/\/www.estrategiaconcursos.com.br\/blog\/#website"},"primaryImageOfPage":{"@id":"https:\/\/www.estrategiaconcursos.com.br\/blog\/concurso-sedf-2023-pldo\/#primaryimage"},"image":{"@id":"https:\/\/www.estrategiaconcursos.com.br\/blog\/concurso-sedf-2023-pldo\/#primaryimage"},"thumbnailUrl":"https:\/\/dhg1h5j42swfq.cloudfront.net\/2022\/07\/14103155\/concurso-sedf-pldo.jpeg","datePublished":"2022-07-14T13:32:26+00:00","dateModified":"2022-07-14T14:24:54+00:00","description":"Concurso SEDF: previstas 80 vagas para o ano que vem. A novidade consta na reda\u00e7\u00e3o final do PLDO de\u00a02023. Veja!","breadcrumb":{"@id":"https:\/\/www.estrategiaconcursos.com.br\/blog\/concurso-sedf-2023-pldo\/#breadcrumb"},"inLanguage":"pt-BR","potentialAction":[{"@type":"ReadAction","target":["https:\/\/www.estrategiaconcursos.com.br\/blog\/concurso-sedf-2023-pldo\/"]}]},{"@type":"ImageObject","inLanguage":"pt-BR","@id":"https:\/\/www.estrategiaconcursos.com.br\/blog\/concurso-sedf-2023-pldo\/#primaryimage","url":"https:\/\/dhg1h5j42swfq.cloudfront.net\/2022\/07\/14103155\/concurso-sedf-pldo.jpeg","contentUrl":"https:\/\/dhg1h5j42swfq.cloudfront.net\/2022\/07\/14103155\/concurso-sedf-pldo.jpeg","width":150,"height":150,"caption":"not\u00edcias do concurso SEDF"},{"@type":"BreadcrumbList","@id":"https:\/\/www.estrategiaconcursos.com.br\/blog\/concurso-sedf-2023-pldo\/#breadcrumb","itemListElement":[{"@type":"ListItem","position":1,"name":"In\u00edcio","item":"https:\/\/www.estrategiaconcursos.com.br\/blog\/"},{"@type":"ListItem","position":2,"name":"Concurso SEDF: mais de 12 mil vagas previstas no PLDO 2023"}]},{"@type":"WebSite","@id":"https:\/\/www.estrategiaconcursos.com.br\/blog\/#website","url":"https:\/\/www.estrategiaconcursos.com.br\/blog\/","name":"Estrat\u00e9gia Concursos","description":"O blog da Estrat\u00e9gia Concursos traz not\u00edcias sobre concursos e artigos de professores oferecendo cursos para concursos (pdf + videaulas) no site.","publisher":{"@id":"https:\/\/www.estrategiaconcursos.com.br\/blog\/#organization"},"potentialAction":[{"@type":"SearchAction","target":{"@type":"EntryPoint","urlTemplate":"https:\/\/www.estrategiaconcursos.com.br\/blog\/?s={search_term_string}"},"query-input":{"@type":"PropertyValueSpecification","valueRequired":true,"valueName":"search_term_string"}}],"inLanguage":"pt-BR"},{"@type":"Organization","@id":"https:\/\/www.estrategiaconcursos.com.br\/blog\/#organization","name":"Estrat\u00e9gia Concursos","url":"https:\/\/www.estrategiaconcursos.com.br\/blog\/","logo":{"@type":"ImageObject","inLanguage":"pt-BR","@id":"https:\/\/www.estrategiaconcursos.com.br\/blog\/#\/schema\/logo\/image\/","url":"https:\/\/dhg1h5j42swfq.cloudfront.net\/2025\/06\/03203428\/logo_concursos-1.jpg","contentUrl":"https:\/\/dhg1h5j42swfq.cloudfront.net\/2025\/06\/03203428\/logo_concursos-1.jpg","width":230,"height":60,"caption":"Estrat\u00e9gia Concursos"},"image":{"@id":"https:\/\/www.estrategiaconcursos.com.br\/blog\/#\/schema\/logo\/image\/"},"sameAs":["https:\/\/x.com\/EstratConcursos"]},{"@type":"Person","@id":"https:\/\/www.estrategiaconcursos.com.br\/blog\/#\/schema\/person\/a06e841e501f2e1d8c49c4e8f066bfd1","name":"Priscila Almeida","image":{"@type":"ImageObject","inLanguage":"pt-BR","@id":"https:\/\/secure.gravatar.com\/avatar\/0a963c9e2a947fa675b669cea2b5d0ba6dd1cbf46b966190343b6c9973ad3337?s=96&d=mm&r=g","url":"https:\/\/secure.gravatar.com\/avatar\/0a963c9e2a947fa675b669cea2b5d0ba6dd1cbf46b966190343b6c9973ad3337?s=96&d=mm&r=g","contentUrl":"https:\/\/secure.gravatar.com\/avatar\/0a963c9e2a947fa675b669cea2b5d0ba6dd1cbf46b966190343b6c9973ad3337?s=96&d=mm&r=g","caption":"Priscila Almeida"},"description":"Atua na \u00e1rea de concursos p\u00fablicos desde 2019. As editorias que mais t\u00eam familiaridade s\u00e3o: Tribunais (TJs; TRTs; TREs; TSTs; STJ, STF, STM e TSE); Defensorias; Minist\u00e9rios P\u00fablicos; Procuradorias; Educa\u00e7\u00e3o e Conselhos. Na \u00e1rea de comunica\u00e7\u00e3o, de maneira geral, a caminhada \u00e9 um pouco mais longa - desde 2007. Possui experi\u00eancia em reda\u00e7\u00f5es de r\u00e1dio, TV, Web e impresso, al\u00e9m de desenvolver trabalhos em assessorias de comunica\u00e7\u00e3o institucional, empresarial e p\u00fablicas. Entre outros trabalhos, se destacam a atua\u00e7\u00e3o nas \u00e1reas de Justi\u00e7a, Congresso, Esportes, Sa\u00fade, Agropecu\u00e1ria, Cidades e Avia\u00e7\u00e3o Civil.","url":"https:\/\/www.estrategiaconcursos.com.br\/blog\/author\/priscila-almeidaestrategia-com\/"}]}},"_links":{"self":[{"href":"https:\/\/www.estrategiaconcursos.com.br\/blog\/wp-json\/wp\/v2\/posts\/1060844","targetHints":{"allow":["GET"]}}],"collection":[{"href":"https:\/\/www.estrategiaconcursos.com.br\/blog\/wp-json\/wp\/v2\/posts"}],"about":[{"href":"https:\/\/www.estrategiaconcursos.com.br\/blog\/wp-json\/wp\/v2\/types\/post"}],"author":[{"embeddable":true,"href":"https:\/\/www.estrategiaconcursos.com.br\/blog\/wp-json\/wp\/v2\/users\/2375"}],"replies":[{"embeddable":true,"href":"https:\/\/www.estrategiaconcursos.com.br\/blog\/wp-json\/wp\/v2\/comments?post=1060844"}],"version-history":[{"count":3,"href":"https:\/\/www.estrategiaconcursos.com.br\/blog\/wp-json\/wp\/v2\/posts\/1060844\/revisions"}],"predecessor-version":[{"id":1060983,"href":"https:\/\/www.estrategiaconcursos.com.br\/blog\/wp-json\/wp\/v2\/posts\/1060844\/revisions\/1060983"}],"wp:featuredmedia":[{"embeddable":true,"href":"https:\/\/www.estrategiaconcursos.com.br\/blog\/wp-json\/wp\/v2\/media\/1060936"}],"wp:attachment":[{"href":"https:\/\/www.estrategiaconcursos.com.br\/blog\/wp-json\/wp\/v2\/media?parent=1060844"}],"wp:term":[{"taxonomy":"category","embeddable":true,"href":"https:\/\/www.estrategiaconcursos.com.br\/blog\/wp-json\/wp\/v2\/categories?post=1060844"},{"taxonomy":"post_tag","embeddable":true,"href":"https:\/\/www.estrategiaconcursos.com.br\/blog\/wp-json\/wp\/v2\/tags?post=1060844"},{"taxonomy":"tax_estado","embeddable":true,"href":"https:\/\/www.estrategiaconcursos.com.br\/blog\/wp-json\/wp\/v2\/tax_estado?post=1060844"}],"curies":[{"name":"wp","href":"https:\/\/api.w.org\/{rel}","templated":true}]}}