{"id":1060737,"date":"2022-07-21T15:33:00","date_gmt":"2022-07-21T18:33:00","guid":{"rendered":"https:\/\/www.estrategiaconcursos.com.br\/blog\/?p=1060737"},"modified":"2022-07-18T14:24:48","modified_gmt":"2022-07-18T17:24:48","slug":"direitos-trabalhistas-domesticos-constituicao","status":"publish","type":"post","link":"https:\/\/www.estrategiaconcursos.com.br\/blog\/direitos-trabalhistas-domesticos-constituicao\/","title":{"rendered":"Direitos Trabalhistas dos Dom\u00e9sticos na Constitui\u00e7\u00e3o: MEMOREX"},"content":{"rendered":"\n<figure class=\"wp-block-gallery has-nested-images columns-default is-cropped wp-block-gallery-1 is-layout-flex wp-block-gallery-is-layout-flex\">\n<figure class=\"wp-block-image size-large\"><img loading=\"lazy\" decoding=\"async\" width=\"1024\" height=\"1024\" data-id=\"1060767\" src=\"https:\/\/dhg1h5j42swfq.cloudfront.net\/2022\/07\/13212604\/memorex-direito-do-trabalho-1024x1024.jpeg\" alt=\"Direitos Trabalhistas dos Dom\u00e9sticos na Constitui\u00e7\u00e3o\" class=\"wp-image-1060767\" srcset=\"https:\/\/dhg1h5j42swfq.cloudfront.net\/2022\/07\/13212604\/memorex-direito-do-trabalho-1024x1024.jpeg 1024w, https:\/\/dhg1h5j42swfq.cloudfront.net\/2022\/07\/13212604\/memorex-direito-do-trabalho-300x300.jpeg 300w, https:\/\/dhg1h5j42swfq.cloudfront.net\/2022\/07\/13212604\/memorex-direito-do-trabalho-150x150.jpeg 150w, https:\/\/dhg1h5j42swfq.cloudfront.net\/2022\/07\/13212604\/memorex-direito-do-trabalho-768x768.jpeg 768w, https:\/\/dhg1h5j42swfq.cloudfront.net\/2022\/07\/13212604\/memorex-direito-do-trabalho-610x610.jpeg 610w, https:\/\/dhg1h5j42swfq.cloudfront.net\/2022\/07\/13212604\/memorex-direito-do-trabalho-96x96.jpeg 96w, https:\/\/dhg1h5j42swfq.cloudfront.net\/2022\/07\/13212604\/memorex-direito-do-trabalho.jpeg 1080w\" sizes=\"auto, (max-width: 1024px) 100vw, 1024px\" \/><\/figure>\n<\/figure>\n\n\n\n<p>Nesse artigo vamos dispor sobre os <strong>Direitos Trabalhistas dos Dom\u00e9sticos na Constitui\u00e7\u00e3o<\/strong>.<\/p>\n\n\n\n<p>Esse material faz parte de uma s\u00e9rie de artigos chamada <strong>MEMOREX<\/strong>. Nosso objetivo \u00e9 produzir <strong>materiais diretos e esquematizados<\/strong> com os principais <strong>pontos da Lei e\/ou da doutrina <\/strong>que precisam ser memorizados pelos candidatos para provas de concurso p\u00fablico.<\/p>\n\n\n\n<p>Quando tratamos da disciplina Direito do Trabalho, h\u00e1 diversos detalhes na Constitui\u00e7\u00e3o que costumam ser objeto de cobran\u00e7a em provas e que, muitas vezes, s\u00e3o usados como \u201cpegadinhas\u201d pelas bancas examinadoras para confundir os examinandos.<\/p>\n\n\n\n<p>Dessa forma \u00e9 evidente a import\u00e2ncia de se conhecer os detalhes das disciplinas que mais aparecem em quest\u00f5es de prova, j\u00e1 que isso, certamente, vai garantir pontos a mais na coloca\u00e7\u00e3o final dos candidatos.<\/p>\n\n\n\n<p>Pensando nisso, a seguir vamos dispor de forma estruturada sobre Direitos Trabalhistas conferidos aos Dom\u00e9sticos na Constitui\u00e7\u00e3o, com \u00eanfase nos dispositivos que mais aparecem em quest\u00f5es de prova, de forma a facilitar a sua memoriza\u00e7\u00e3o, auxiliando sua aprova\u00e7\u00e3o nos melhores concursos p\u00fablicos do pa\u00eds.<\/p>\n\n\n\n<p>A ideia \u00e9 que o <strong>MEMOREX seja seu aliado nos momentos de p\u00f3s edital<\/strong>, tendo em vista que estamos trabalhando com nossa mem\u00f3ria de curto prazo. Para explica\u00e7\u00f5es mais detalhadas, com exemplos pr\u00e1ticos e resolu\u00e7\u00e3o passo a passo dos exerc\u00edcios, <a href=\"https:\/\/www.estrategiaconcursos.com.br\/pesquisa\/?q=direito+do+trabalho\">acesse aqui<\/a> nossos cursos de Direito do Trabalho, elaborados pelos melhores professores da \u00e1rea.<\/p>\n\n\n\n<h2 class=\"wp-block-heading\" id=\"h-direitos-trabalhistas-dos-domesticos-na-constituicao\"><strong>Direitos Trabalhistas dos Dom\u00e9sticos na Constitui\u00e7\u00e3o<\/strong><\/h2>\n\n\n\n<p>O art.7\u00ba da Constitui\u00e7\u00e3o Federal elenca v\u00e1rios direitos trabalhistas assegurados aos trabalhadores urbanos e rurais.<\/p>\n\n\n\n<p>Alguns desses direitos j\u00e1 eram concedidos aos empregados dom\u00e9sticos na reda\u00e7\u00e3o original da Constitui\u00e7\u00e3o e outros foram inclu\u00eddos com a Emenda Constitucional 72\/2013, que assegurou novos direitos a essa classe de trabalhadores.<\/p>\n\n\n\n<p>Dentre esses novos direitos, alguns foram garantidos com aplicabilidade imediata, outros dependiam de regulamenta\u00e7\u00e3o infraconstitucional, que foi dada pela Lei Complementar 150\/2015.<\/p>\n\n\n\n<p>H\u00e1 ainda, direitos trabalhistas que ainda n\u00e3o s\u00e3o garantidos aos dom\u00e9sticos.<\/p>\n\n\n\n<p>Quest\u00f5es de prova costumam cobrar esses detalhes, por isso, a seguir vamos dispor de forma esquematizada a respeito dos <strong>Direitos Trabalhistas dos Dom\u00e9sticos na Constitui\u00e7\u00e3o<\/strong> deixando em <strong>VERDE <\/strong>os <strong>direitos que j\u00e1 constavam da reda\u00e7\u00e3o original do art. 7\u00ba, \u00a7 \u00fanico da CF<\/strong>, em <strong>AZUL <\/strong>o que <strong>foi inclu\u00eddo com a EC 72\/2013 com aplicabilidade imediata<\/strong>, em <strong>LARANJA <\/strong><strong>o que dependia de regulamenta\u00e7\u00e3o<\/strong> (ainda que j\u00e1 tenha ocorrido por meio da LC 150\/2015) e em <strong>VERMELHO <\/strong><strong>o que n\u00e3o foi estendido aos dom\u00e9sticos:<\/strong><\/p>\n\n\n\n<h2 class=\"wp-block-heading\" id=\"direitos-dos-domesticos-art-7\u00ba-da-cf-88\"><strong>Direitos dos dom\u00e9sticos \u2013 art. 7\u00ba da CF\/88<\/strong><\/h2>\n\n\n\n<p class=\"has-vivid-cyan-blue-color has-text-color\"><strong>Prote\u00e7\u00e3o contra despedida arbitr\u00e1ria (inciso I)<\/strong><\/p>\n\n\n\n<p class=\"has-vivid-cyan-blue-color has-text-color\"><strong>Seguro-Desemprego (inciso II)<\/strong><\/p>\n\n\n\n<p class=\"has-vivid-cyan-blue-color has-text-color\"><strong>FGTS (inciso III)<\/strong><\/p>\n\n\n\n<p class=\"has-vivid-green-cyan-color has-text-color\"><strong>Sal\u00e1rio m\u00ednimo (inciso IV)<\/strong><\/p>\n\n\n\n<p class=\"has-vivid-red-color has-text-color\"><strong>Piso salarial (inciso V)<\/strong><\/p>\n\n\n\n<p class=\"has-vivid-green-cyan-color has-text-color\"><strong>Irredutibilidade do sal\u00e1rio (inciso VI)<\/strong><\/p>\n\n\n\n<p class=\"has-vivid-cyan-blue-color has-text-color\"><strong>Garantia do m\u00ednimo aos que percebem remunera\u00e7\u00e3o vari\u00e1vel (inciso VII)<\/strong><\/p>\n\n\n\n<p class=\"has-vivid-green-cyan-color has-text-color\"><strong>D\u00e9cimo terceiro sal\u00e1rio (inciso VIII)<\/strong><\/p>\n\n\n\n<p class=\"has-luminous-vivid-orange-color has-text-color\"><strong>Remunera\u00e7\u00e3o do trabalho noturno superior ao diurno (inciso IX)<\/strong><\/p>\n\n\n\n<p class=\"has-vivid-cyan-blue-color has-text-color\"><strong>Prote\u00e7\u00e3o ao sal\u00e1rio na forma da lei (inciso X)<\/strong><\/p>\n\n\n\n<p class=\"has-vivid-red-color has-text-color\"><strong>Participa\u00e7\u00e3o nos lucros ou resultados (inciso XI)<\/strong><\/p>\n\n\n\n<p class=\"has-luminous-vivid-orange-color has-text-color\"><strong>Sal\u00e1rio-fam\u00edlia (inciso XII)<\/strong><\/p>\n\n\n\n<p class=\"has-vivid-cyan-blue-color has-text-color\"><strong>Dura\u00e7\u00e3o do trabalho n\u00e3o superior a 8h\/dia e 44h\/semanais (inciso XIII)<\/strong><\/p>\n\n\n\n<p class=\"has-vivid-red-color has-text-color\"><strong>Jornada m\u00e1xima 6 horas\/dia para TIR (inciso XIV)<\/strong><\/p>\n\n\n\n<p class=\"has-vivid-green-cyan-color has-text-color\"><strong>Repouso semanal remunerado (inciso XV)<\/strong><\/p>\n\n\n\n<p class=\"has-vivid-cyan-blue-color has-text-color\"><strong>Remunera\u00e7\u00e3o do trabalho extraordin\u00e1rio \u2265 50% da hora normal (inciso XVI)<\/strong><\/p>\n\n\n\n<p class=\"has-vivid-green-cyan-color has-text-color\"><strong>F\u00e9rias anuais remuneradas com 1\/3 (inciso XVII)<\/strong><\/p>\n\n\n\n<p class=\"has-vivid-green-cyan-color has-text-color\"><strong>Licen\u00e7a \u00e0 gestante (inciso XVIII)<\/strong><\/p>\n\n\n\n<p class=\"has-vivid-green-cyan-color has-text-color\"><strong>Licen\u00e7a paternidade (inciso XIX)<\/strong><\/p>\n\n\n\n<p class=\"has-vivid-red-color has-text-color\"><strong>Prote\u00e7\u00e3o ao mercado de trabalho da mulher (inciso XX)<\/strong><\/p>\n\n\n\n<p class=\"has-vivid-green-cyan-color has-text-color\"><strong>Aviso pr\u00e9vio (inciso XXI)<\/strong><\/p>\n\n\n\n<p class=\"has-vivid-cyan-blue-color has-text-color\"><strong>Redu\u00e7\u00e3o dos riscos inerentes ao trabalho \u2013 normas de SST (inciso XXII)<\/strong><\/p>\n\n\n\n<p class=\"has-vivid-red-color has-text-color\"><strong>Adicional de insalubridade, periculosidade e penosidade (inciso XXIII)<\/strong><\/p>\n\n\n\n<p class=\"has-vivid-green-cyan-color has-text-color\"><strong>Aposentadoria (inciso XXIV)<\/strong><\/p>\n\n\n\n<p class=\"has-luminous-vivid-orange-color has-text-color\"><strong>Aux\u00edlio aos filhos e dependentes em creches e pr\u00e9-escolas (inciso XXV)<\/strong><\/p>\n\n\n\n<p class=\"has-vivid-cyan-blue-color has-text-color\"><strong>Reconhecimentos de ACT e CCT (inciso XXVI)<\/strong><\/p>\n\n\n\n<p class=\"has-vivid-red-color has-text-color\"><strong>Prote\u00e7\u00e3o em face da automa\u00e7\u00e3o (inciso XXVII)<\/strong><\/p>\n\n\n\n<p class=\"has-luminous-vivid-orange-color has-text-color\"><strong>Seguro contra acidentes de trabalho (inciso XXVIII)<\/strong><\/p>\n\n\n\n<p class=\"has-vivid-red-color has-text-color\"><strong>Prescri\u00e7\u00e3o bienal e quinquenal (inciso XXIX)<\/strong><\/p>\n\n\n\n<p class=\"has-vivid-cyan-blue-color has-text-color\"><strong>Proibi\u00e7\u00e3o de diferen\u00e7a de sal\u00e1rio por motivo de sexo, idade, cor, estado civil (inciso XXX)<\/strong><\/p>\n\n\n\n<p class=\"has-vivid-cyan-blue-color has-text-color\"><strong>Proibi\u00e7\u00e3o de discrimina\u00e7\u00e3o em sal\u00e1rio e crit\u00e9rio de admiss\u00e3o do trabalhador portador de defici\u00eancia (inciso XXXI)<\/strong><\/p>\n\n\n\n<p class=\"has-vivid-red-color has-text-color\"><strong>Proibi\u00e7\u00e3o de distin\u00e7\u00e3o entre trabalho manual, t\u00e9cnico e intelectual ou entre os profissionais respectivos (inciso XXXII)<\/strong><\/p>\n\n\n\n<p class=\"has-vivid-cyan-blue-color has-text-color\"><strong>Proibi\u00e7\u00e3o de trabalho noturno, perigoso e insalubre a menores de 18 e de qualquer trabalho a menores de 16 (inciso XXXIII)<\/strong><\/p>\n\n\n\n<p class=\"has-vivid-red-color has-text-color\"><strong>Igualdade de direitos entre empregado e trabalhador avulso (inciso XXXIV)<\/strong><\/p>\n\n\n\n<h2 class=\"wp-block-heading\" id=\"quadro-comparativo\"><strong>Quadro comparativo<\/strong><\/h2>\n\n\n\n<p>Por fim, trazemos o quadro a seguir para ajudar na memoriza\u00e7\u00e3o dos Direitos Trabalhistas dos Dom\u00e9sticos na Constitui\u00e7\u00e3o:<\/p>\n\n\n\n<figure class=\"wp-block-table is-style-stripes\"><table><tbody><tr><td><strong>ORIGINALMENTE CONCEDIDO AOS DOM\u00c9STICOS<\/strong><\/td><td><strong>AMPLIADOS PELA EC 72\/2013 E APLICABILIDADE IMEDIATA<\/strong><\/td><td><strong>AMPLIADOS PELA EC 72\/2013 E DEPENDENTE DE LEI COMPLEMENTAR<\/strong> (LC 150\/2015)<\/td><td><strong>ATUALMENTE N\u00c3O CONCEDIDOS AOS DOM\u00c9STICOS<\/strong><\/td><\/tr><tr><td><strong>Sal\u00e1rio m\u00ednimo<\/strong><\/td><td><strong>Garantia do m\u00ednimo aos que percebem remunera\u00e7\u00e3o vari\u00e1vel<\/strong><\/td><td><strong>Prote\u00e7\u00e3o contra despedida arbitr\u00e1ria<\/strong><\/td><td><strong>Piso salarial<\/strong><\/td><\/tr><tr><td><strong>Irredutibilidade do sal\u00e1rio<\/strong><\/td><td><strong>Prote\u00e7\u00e3o ao sal\u00e1rio na forma da lei<\/strong><\/td><td><strong>Seguro-Desemprego<\/strong><\/td><td><strong>Participa\u00e7\u00e3o nos lucros ou resultados<\/strong><\/td><\/tr><tr><td><strong>D\u00e9cimo terceiro sal\u00e1rio<\/strong><\/td><td><strong>Dura\u00e7\u00e3o do trabalho n\u00e3o superior a 8h\/dia e 44h\/semanais<\/strong><\/td><td><strong>FGTS<\/strong><\/td><td><strong>Jornada m\u00e1xima 6 horas\/dia para TIR<\/strong><\/td><\/tr><tr><td><strong>F\u00e9rias anuais remuneradas com 1\/3<\/strong><\/td><td><strong>Remunera\u00e7\u00e3o do trabalho extraordin\u00e1rio \u2265 50% da hora normal<\/strong><\/td><td><strong>Remunera\u00e7\u00e3o do trabalho noturno superior ao diurno<\/strong><\/td><td><strong>Prote\u00e7\u00e3o ao mercado de trabalho da mulher<\/strong><\/td><\/tr><tr><td><strong>Licen\u00e7a \u00e0 gestante<\/strong><\/td><td><strong>Redu\u00e7\u00e3o dos riscos inerentes ao trabalho<\/strong><\/td><td><strong>Sal\u00e1rio-fam\u00edlia<\/strong><\/td><td><strong>Adicional de insalubridade, periculosidade e penosidade<\/strong><\/td><\/tr><tr><td><strong>Licen\u00e7a paternidade<\/strong><\/td><td><strong>Reconhecimentos de ACT e CCT<\/strong><\/td><td><strong>Aux\u00edlio aos filhos e dependentes em creches e pr\u00e9-escolas<\/strong><\/td><td><strong>Prote\u00e7\u00e3o em face da automa\u00e7\u00e3o<\/strong><\/td><\/tr><tr><td><strong>Aviso pr\u00e9vio<\/strong><\/td><td><strong>Proibi\u00e7\u00e3o de diferen\u00e7a de sal\u00e1rio por motivo de sexo, idade, cor, estado civil<\/strong><\/td><td><strong>Seguro contra acidentes de trabalho<\/strong><\/td><td><strong>Prescri\u00e7\u00e3o bienal e quinquenal (apesar de n\u00e3o constar da literalidade da CF, a prescri\u00e7\u00e3o dos cr\u00e9ditos trabalhistas para os dom\u00e9sticos obedece \u00e0s mesmas regras)<\/strong><\/td><\/tr><tr><td><strong>Aposentadoria<\/strong><\/td><td><strong>Proibi\u00e7\u00e3o de discrimina\u00e7\u00e3o em sal\u00e1rio e crit\u00e9rio de admiss\u00e3o do trabalhador portador de defici\u00eancia<\/strong><\/td><td><strong>Fundo de Garantia do Tempo de Servi\u00e7o<\/strong><\/td><td><strong>Proibi\u00e7\u00e3o de distin\u00e7\u00e3o entre trabalho manual, t\u00e9cnico e intelectual ou entre os profissionais respectivos<\/strong><\/td><\/tr><tr><td>&nbsp;<\/td><td><strong>Proibi\u00e7\u00e3o de trabalho noturno, perigoso e insalubre a menores de 18 e de qualquer trabalho a menores de 16<\/strong><\/td><td>&nbsp;<\/td><td><strong>Igualdade de direitos entre empregado e trabalhador avulso<\/strong><\/td><\/tr><tr><td>&nbsp;<\/td><td><strong>Normas de Seguran\u00e7a e Sa\u00fade no Trabalho<\/strong><\/td><td>&nbsp;<\/td><td>&nbsp;<\/td><\/tr><tr><td>&nbsp;<\/td><td><strong>Acordos Coletivos de Trabalho e Conven\u00e7\u00f5es Coletivas de Trabalho<\/strong><\/td><td>&nbsp;<\/td><td>&nbsp;<\/td><\/tr><\/tbody><\/table><\/figure>\n\n\n\n<h2 class=\"wp-block-heading\" id=\"bons-estudos\"><strong>Bons estudos!<\/strong><\/h2>\n\n\n\n<p>Agora que voc\u00ea j\u00e1 conhece os principais detalhes do regramento acerca dos <strong>Direitos Trabalhistas dos Dom\u00e9sticos na Constitui\u00e7\u00e3o<\/strong>, \u00e9 preciso ler o artigo 7\u00ba da Constitui\u00e7\u00e3o Federal e treinar por meio da realiza\u00e7\u00e3o de muitas quest\u00f5es no <a href=\"https:\/\/concursos.estrategiaeducacional.com.br\/\">Sistema de Quest\u00f5es<\/a> do Estrat\u00e9gia Concursos! <\/p>\n\n\n\n<p>Achou esse material \u00fatil?<\/p>\n\n\n\n<p>Deixe seu coment\u00e1rio!<\/p>\n\n\n\n<p>Abra\u00e7os,<\/p>\n\n\n\n<p>Ana Luiza Tib\u00farcio.<\/p>\n","protected":false},"excerpt":{"rendered":"<p>Nesse artigo vamos dispor sobre os Direitos Trabalhistas dos Dom\u00e9sticos na Constitui\u00e7\u00e3o. Esse material faz parte de uma s\u00e9rie de artigos chamada MEMOREX. Nosso objetivo \u00e9 produzir materiais diretos e esquematizados com os principais pontos da Lei e\/ou da doutrina que precisam ser memorizados pelos candidatos para provas de concurso p\u00fablico. Quando tratamos da disciplina [&hellip;]<\/p>\n","protected":false},"author":1666,"featured_media":1060767,"comment_status":"open","ping_status":"closed","sticky":false,"template":"","format":"standard","meta":{"post_tipo":"article","footnotes":""},"categories":[1984],"tags":[],"tax_estado":[219963],"class_list":["post-1060737","post","type-post","status-publish","format-standard","has-post-thumbnail","hentry","category-tribunais","tax_estado-concursos-federais"],"acf":[],"yoast_head":"<!-- This site is optimized with the Yoast SEO Premium plugin v27.2 (Yoast SEO v27.2) - https:\/\/yoast.com\/product\/yoast-seo-premium-wordpress\/ -->\n<title>Direitos Trabalhistas dos Dom\u00e9sticos na Constitui\u00e7\u00e3o: MEMOREX<\/title>\n<meta name=\"description\" content=\"Nesse artigo da s\u00e9rie MEMOREX vamos dispor sobre os Direitos Trabalhistas dos Dom\u00e9sticos na Constitui\u00e7\u00e3o Federal.\" \/>\n<meta name=\"robots\" content=\"index, follow, max-snippet:-1, max-image-preview:large, max-video-preview:-1\" \/>\n<link rel=\"canonical\" href=\"https:\/\/www.estrategiaconcursos.com.br\/blog\/direitos-trabalhistas-domesticos-constituicao\/\" \/>\n<meta property=\"og:locale\" content=\"pt_BR\" \/>\n<meta property=\"og:type\" content=\"article\" \/>\n<meta property=\"og:title\" content=\"Direitos Trabalhistas dos Dom\u00e9sticos na Constitui\u00e7\u00e3o: MEMOREX\" \/>\n<meta property=\"og:description\" content=\"Nesse artigo da s\u00e9rie MEMOREX vamos dispor sobre os Direitos Trabalhistas dos Dom\u00e9sticos na Constitui\u00e7\u00e3o Federal.\" \/>\n<meta property=\"og:url\" content=\"https:\/\/www.estrategiaconcursos.com.br\/blog\/direitos-trabalhistas-domesticos-constituicao\/\" \/>\n<meta property=\"og:site_name\" content=\"Estrat\u00e9gia Concursos\" \/>\n<meta property=\"article:published_time\" content=\"2022-07-21T18:33:00+00:00\" \/>\n<meta property=\"og:image\" content=\"https:\/\/dhg1h5j42swfq.cloudfront.net\/2022\/07\/13212604\/memorex-direito-do-trabalho.jpeg\" \/>\n\t<meta property=\"og:image:width\" content=\"1080\" \/>\n\t<meta property=\"og:image:height\" content=\"1080\" \/>\n\t<meta property=\"og:image:type\" content=\"image\/jpeg\" \/>\n<meta name=\"author\" content=\"Ana Luiza Tib\u00farcio Guimar\u00e3es\" \/>\n<meta name=\"twitter:card\" content=\"summary_large_image\" \/>\n<meta name=\"twitter:creator\" content=\"@EstratConcursos\" \/>\n<meta name=\"twitter:site\" content=\"@EstratConcursos\" \/>\n<meta name=\"twitter:label1\" content=\"Escrito por\" \/>\n\t<meta name=\"twitter:data1\" content=\"Ana Luiza Tib\u00farcio Guimar\u00e3es\" \/>\n\t<meta name=\"twitter:label2\" content=\"Est. tempo de leitura\" \/>\n\t<meta name=\"twitter:data2\" content=\"6 minutos\" \/>\n<script type=\"application\/ld+json\" class=\"yoast-schema-graph\">{\"@context\":\"https:\/\/schema.org\",\"@graph\":[{\"@type\":\"NewsArticle\",\"@id\":\"https:\/\/www.estrategiaconcursos.com.br\/blog\/direitos-trabalhistas-domesticos-constituicao\/#article\",\"isPartOf\":{\"@id\":\"https:\/\/www.estrategiaconcursos.com.br\/blog\/direitos-trabalhistas-domesticos-constituicao\/\"},\"author\":{\"name\":\"Ana Luiza Tib\u00farcio Guimar\u00e3es\",\"@id\":\"https:\/\/www.estrategiaconcursos.com.br\/blog\/#\/schema\/person\/adbd974f815a3acb9e572fdf7315d7c2\"},\"headline\":\"Direitos Trabalhistas dos Dom\u00e9sticos na Constitui\u00e7\u00e3o: MEMOREX\",\"datePublished\":\"2022-07-21T18:33:00+00:00\",\"mainEntityOfPage\":{\"@id\":\"https:\/\/www.estrategiaconcursos.com.br\/blog\/direitos-trabalhistas-domesticos-constituicao\/\"},\"wordCount\":1159,\"commentCount\":0,\"publisher\":{\"@id\":\"https:\/\/www.estrategiaconcursos.com.br\/blog\/#organization\"},\"image\":{\"@id\":\"https:\/\/www.estrategiaconcursos.com.br\/blog\/direitos-trabalhistas-domesticos-constituicao\/#primaryimage\"},\"thumbnailUrl\":\"https:\/\/dhg1h5j42swfq.cloudfront.net\/2022\/07\/13212604\/memorex-direito-do-trabalho.jpeg\",\"articleSection\":[\"Tribunais\"],\"inLanguage\":\"pt-BR\",\"potentialAction\":[{\"@type\":\"CommentAction\",\"name\":\"Comment\",\"target\":[\"https:\/\/www.estrategiaconcursos.com.br\/blog\/direitos-trabalhistas-domesticos-constituicao\/#respond\"]}],\"copyrightYear\":\"2022\",\"copyrightHolder\":{\"@id\":\"https:\/\/www.estrategiaconcursos.com.br\/blog\/#organization\"}},{\"@type\":\"WebPage\",\"@id\":\"https:\/\/www.estrategiaconcursos.com.br\/blog\/direitos-trabalhistas-domesticos-constituicao\/\",\"url\":\"https:\/\/www.estrategiaconcursos.com.br\/blog\/direitos-trabalhistas-domesticos-constituicao\/\",\"name\":\"Direitos Trabalhistas dos Dom\u00e9sticos na Constitui\u00e7\u00e3o: MEMOREX\",\"isPartOf\":{\"@id\":\"https:\/\/www.estrategiaconcursos.com.br\/blog\/#website\"},\"primaryImageOfPage\":{\"@id\":\"https:\/\/www.estrategiaconcursos.com.br\/blog\/direitos-trabalhistas-domesticos-constituicao\/#primaryimage\"},\"image\":{\"@id\":\"https:\/\/www.estrategiaconcursos.com.br\/blog\/direitos-trabalhistas-domesticos-constituicao\/#primaryimage\"},\"thumbnailUrl\":\"https:\/\/dhg1h5j42swfq.cloudfront.net\/2022\/07\/13212604\/memorex-direito-do-trabalho.jpeg\",\"datePublished\":\"2022-07-21T18:33:00+00:00\",\"description\":\"Nesse artigo da s\u00e9rie MEMOREX vamos dispor sobre os Direitos Trabalhistas dos Dom\u00e9sticos na Constitui\u00e7\u00e3o Federal.\",\"breadcrumb\":{\"@id\":\"https:\/\/www.estrategiaconcursos.com.br\/blog\/direitos-trabalhistas-domesticos-constituicao\/#breadcrumb\"},\"inLanguage\":\"pt-BR\",\"potentialAction\":[{\"@type\":\"ReadAction\",\"target\":[\"https:\/\/www.estrategiaconcursos.com.br\/blog\/direitos-trabalhistas-domesticos-constituicao\/\"]}]},{\"@type\":\"ImageObject\",\"inLanguage\":\"pt-BR\",\"@id\":\"https:\/\/www.estrategiaconcursos.com.br\/blog\/direitos-trabalhistas-domesticos-constituicao\/#primaryimage\",\"url\":\"https:\/\/dhg1h5j42swfq.cloudfront.net\/2022\/07\/13212604\/memorex-direito-do-trabalho.jpeg\",\"contentUrl\":\"https:\/\/dhg1h5j42swfq.cloudfront.net\/2022\/07\/13212604\/memorex-direito-do-trabalho.jpeg\",\"width\":1080,\"height\":1080,\"caption\":\"Direitos Trabalhistas dos Dom\u00e9sticos na Constitui\u00e7\u00e3o\"},{\"@type\":\"BreadcrumbList\",\"@id\":\"https:\/\/www.estrategiaconcursos.com.br\/blog\/direitos-trabalhistas-domesticos-constituicao\/#breadcrumb\",\"itemListElement\":[{\"@type\":\"ListItem\",\"position\":1,\"name\":\"In\u00edcio\",\"item\":\"https:\/\/www.estrategiaconcursos.com.br\/blog\/\"},{\"@type\":\"ListItem\",\"position\":2,\"name\":\"Direitos Trabalhistas dos Dom\u00e9sticos na Constitui\u00e7\u00e3o: MEMOREX\"}]},{\"@type\":\"WebSite\",\"@id\":\"https:\/\/www.estrategiaconcursos.com.br\/blog\/#website\",\"url\":\"https:\/\/www.estrategiaconcursos.com.br\/blog\/\",\"name\":\"Estrat\u00e9gia Concursos\",\"description\":\"O blog da Estrat\u00e9gia Concursos traz not\u00edcias sobre concursos e artigos de professores oferecendo cursos para concursos (pdf + videaulas) no site.\",\"publisher\":{\"@id\":\"https:\/\/www.estrategiaconcursos.com.br\/blog\/#organization\"},\"potentialAction\":[{\"@type\":\"SearchAction\",\"target\":{\"@type\":\"EntryPoint\",\"urlTemplate\":\"https:\/\/www.estrategiaconcursos.com.br\/blog\/?s={search_term_string}\"},\"query-input\":{\"@type\":\"PropertyValueSpecification\",\"valueRequired\":true,\"valueName\":\"search_term_string\"}}],\"inLanguage\":\"pt-BR\"},{\"@type\":\"Organization\",\"@id\":\"https:\/\/www.estrategiaconcursos.com.br\/blog\/#organization\",\"name\":\"Estrat\u00e9gia Concursos\",\"url\":\"https:\/\/www.estrategiaconcursos.com.br\/blog\/\",\"logo\":{\"@type\":\"ImageObject\",\"inLanguage\":\"pt-BR\",\"@id\":\"https:\/\/www.estrategiaconcursos.com.br\/blog\/#\/schema\/logo\/image\/\",\"url\":\"https:\/\/dhg1h5j42swfq.cloudfront.net\/2025\/06\/03203428\/logo_concursos-1.jpg\",\"contentUrl\":\"https:\/\/dhg1h5j42swfq.cloudfront.net\/2025\/06\/03203428\/logo_concursos-1.jpg\",\"width\":230,\"height\":60,\"caption\":\"Estrat\u00e9gia Concursos\"},\"image\":{\"@id\":\"https:\/\/www.estrategiaconcursos.com.br\/blog\/#\/schema\/logo\/image\/\"},\"sameAs\":[\"https:\/\/x.com\/EstratConcursos\"]},{\"@type\":\"Person\",\"@id\":\"https:\/\/www.estrategiaconcursos.com.br\/blog\/#\/schema\/person\/adbd974f815a3acb9e572fdf7315d7c2\",\"name\":\"Ana Luiza Tib\u00farcio Guimar\u00e3es\",\"image\":{\"@type\":\"ImageObject\",\"inLanguage\":\"pt-BR\",\"@id\":\"https:\/\/secure.gravatar.com\/avatar\/d0e9fa767d159d6bdb59324855854ef2672e0774dce8705b1c42c80a5b4de7b8?s=96&d=mm&r=g\",\"url\":\"https:\/\/secure.gravatar.com\/avatar\/d0e9fa767d159d6bdb59324855854ef2672e0774dce8705b1c42c80a5b4de7b8?s=96&d=mm&r=g\",\"contentUrl\":\"https:\/\/secure.gravatar.com\/avatar\/d0e9fa767d159d6bdb59324855854ef2672e0774dce8705b1c42c80a5b4de7b8?s=96&d=mm&r=g\",\"caption\":\"Ana Luiza Tib\u00farcio Guimar\u00e3es\"},\"description\":\"Graduada em Direito pela Pontif\u00edcia Universidade Cat\u00f3lica de Minas Gerais e graduada em Ci\u00eancias do Estado pela Universidade Federal de Minas Gerais. P\u00f3s Graduada em Direito P\u00fablico pela PUC Minas. Gradua\u00e7\u00e3o em Gest\u00e3o P\u00fablica e P\u00f3s Gradua\u00e7\u00e3o em Ci\u00eancia Pol\u00edtica em andamento. Analista de Processo Legislativo do Senado Federal, lotada na Secretaria Legislativa do Senado. Aprova\u00e7\u00f5es em concursos: Aprovada para o cargo de Analista Judici\u00e1ria do TRF 3 (2025) Aprovada para o cargo de Procuradora do Munic\u00edpio de S\u00e3o Paulo (2024) Aprovada para o cargo de Analista Legislativa do Senado Federal (2023) Aprovada em 1\u00ba lugar para o cargo de T\u00e9cnico Judici\u00e1rio do TRF 3 (2019) Aprovada para o cargo de Juiz Leigo do Tribunal de Justi\u00e7a de Minas Gerais (2019).\",\"url\":\"https:\/\/www.estrategiaconcursos.com.br\/blog\/author\/anatiburcio-ggmail-com\/\"}]}<\/script>\n<!-- \/ Yoast SEO Premium plugin. -->","yoast_head_json":{"title":"Direitos Trabalhistas dos Dom\u00e9sticos na Constitui\u00e7\u00e3o: MEMOREX","description":"Nesse artigo da s\u00e9rie MEMOREX vamos dispor sobre os Direitos Trabalhistas dos Dom\u00e9sticos na Constitui\u00e7\u00e3o Federal.","robots":{"index":"index","follow":"follow","max-snippet":"max-snippet:-1","max-image-preview":"max-image-preview:large","max-video-preview":"max-video-preview:-1"},"canonical":"https:\/\/www.estrategiaconcursos.com.br\/blog\/direitos-trabalhistas-domesticos-constituicao\/","og_locale":"pt_BR","og_type":"article","og_title":"Direitos Trabalhistas dos Dom\u00e9sticos na Constitui\u00e7\u00e3o: MEMOREX","og_description":"Nesse artigo da s\u00e9rie MEMOREX vamos dispor sobre os Direitos Trabalhistas dos Dom\u00e9sticos na Constitui\u00e7\u00e3o Federal.","og_url":"https:\/\/www.estrategiaconcursos.com.br\/blog\/direitos-trabalhistas-domesticos-constituicao\/","og_site_name":"Estrat\u00e9gia Concursos","article_published_time":"2022-07-21T18:33:00+00:00","og_image":[{"width":1080,"height":1080,"url":"https:\/\/dhg1h5j42swfq.cloudfront.net\/2022\/07\/13212604\/memorex-direito-do-trabalho.jpeg","type":"image\/jpeg"}],"author":"Ana Luiza Tib\u00farcio Guimar\u00e3es","twitter_card":"summary_large_image","twitter_creator":"@EstratConcursos","twitter_site":"@EstratConcursos","twitter_misc":{"Escrito por":"Ana Luiza Tib\u00farcio Guimar\u00e3es","Est. tempo de leitura":"6 minutos"},"schema":{"@context":"https:\/\/schema.org","@graph":[{"@type":"NewsArticle","@id":"https:\/\/www.estrategiaconcursos.com.br\/blog\/direitos-trabalhistas-domesticos-constituicao\/#article","isPartOf":{"@id":"https:\/\/www.estrategiaconcursos.com.br\/blog\/direitos-trabalhistas-domesticos-constituicao\/"},"author":{"name":"Ana Luiza Tib\u00farcio Guimar\u00e3es","@id":"https:\/\/www.estrategiaconcursos.com.br\/blog\/#\/schema\/person\/adbd974f815a3acb9e572fdf7315d7c2"},"headline":"Direitos Trabalhistas dos Dom\u00e9sticos na Constitui\u00e7\u00e3o: MEMOREX","datePublished":"2022-07-21T18:33:00+00:00","mainEntityOfPage":{"@id":"https:\/\/www.estrategiaconcursos.com.br\/blog\/direitos-trabalhistas-domesticos-constituicao\/"},"wordCount":1159,"commentCount":0,"publisher":{"@id":"https:\/\/www.estrategiaconcursos.com.br\/blog\/#organization"},"image":{"@id":"https:\/\/www.estrategiaconcursos.com.br\/blog\/direitos-trabalhistas-domesticos-constituicao\/#primaryimage"},"thumbnailUrl":"https:\/\/dhg1h5j42swfq.cloudfront.net\/2022\/07\/13212604\/memorex-direito-do-trabalho.jpeg","articleSection":["Tribunais"],"inLanguage":"pt-BR","potentialAction":[{"@type":"CommentAction","name":"Comment","target":["https:\/\/www.estrategiaconcursos.com.br\/blog\/direitos-trabalhistas-domesticos-constituicao\/#respond"]}],"copyrightYear":"2022","copyrightHolder":{"@id":"https:\/\/www.estrategiaconcursos.com.br\/blog\/#organization"}},{"@type":"WebPage","@id":"https:\/\/www.estrategiaconcursos.com.br\/blog\/direitos-trabalhistas-domesticos-constituicao\/","url":"https:\/\/www.estrategiaconcursos.com.br\/blog\/direitos-trabalhistas-domesticos-constituicao\/","name":"Direitos Trabalhistas dos Dom\u00e9sticos na Constitui\u00e7\u00e3o: MEMOREX","isPartOf":{"@id":"https:\/\/www.estrategiaconcursos.com.br\/blog\/#website"},"primaryImageOfPage":{"@id":"https:\/\/www.estrategiaconcursos.com.br\/blog\/direitos-trabalhistas-domesticos-constituicao\/#primaryimage"},"image":{"@id":"https:\/\/www.estrategiaconcursos.com.br\/blog\/direitos-trabalhistas-domesticos-constituicao\/#primaryimage"},"thumbnailUrl":"https:\/\/dhg1h5j42swfq.cloudfront.net\/2022\/07\/13212604\/memorex-direito-do-trabalho.jpeg","datePublished":"2022-07-21T18:33:00+00:00","description":"Nesse artigo da s\u00e9rie MEMOREX vamos dispor sobre os Direitos Trabalhistas dos Dom\u00e9sticos na Constitui\u00e7\u00e3o Federal.","breadcrumb":{"@id":"https:\/\/www.estrategiaconcursos.com.br\/blog\/direitos-trabalhistas-domesticos-constituicao\/#breadcrumb"},"inLanguage":"pt-BR","potentialAction":[{"@type":"ReadAction","target":["https:\/\/www.estrategiaconcursos.com.br\/blog\/direitos-trabalhistas-domesticos-constituicao\/"]}]},{"@type":"ImageObject","inLanguage":"pt-BR","@id":"https:\/\/www.estrategiaconcursos.com.br\/blog\/direitos-trabalhistas-domesticos-constituicao\/#primaryimage","url":"https:\/\/dhg1h5j42swfq.cloudfront.net\/2022\/07\/13212604\/memorex-direito-do-trabalho.jpeg","contentUrl":"https:\/\/dhg1h5j42swfq.cloudfront.net\/2022\/07\/13212604\/memorex-direito-do-trabalho.jpeg","width":1080,"height":1080,"caption":"Direitos Trabalhistas dos Dom\u00e9sticos na Constitui\u00e7\u00e3o"},{"@type":"BreadcrumbList","@id":"https:\/\/www.estrategiaconcursos.com.br\/blog\/direitos-trabalhistas-domesticos-constituicao\/#breadcrumb","itemListElement":[{"@type":"ListItem","position":1,"name":"In\u00edcio","item":"https:\/\/www.estrategiaconcursos.com.br\/blog\/"},{"@type":"ListItem","position":2,"name":"Direitos Trabalhistas dos Dom\u00e9sticos na Constitui\u00e7\u00e3o: MEMOREX"}]},{"@type":"WebSite","@id":"https:\/\/www.estrategiaconcursos.com.br\/blog\/#website","url":"https:\/\/www.estrategiaconcursos.com.br\/blog\/","name":"Estrat\u00e9gia Concursos","description":"O blog da Estrat\u00e9gia Concursos traz not\u00edcias sobre concursos e artigos de professores oferecendo cursos para concursos (pdf + videaulas) no site.","publisher":{"@id":"https:\/\/www.estrategiaconcursos.com.br\/blog\/#organization"},"potentialAction":[{"@type":"SearchAction","target":{"@type":"EntryPoint","urlTemplate":"https:\/\/www.estrategiaconcursos.com.br\/blog\/?s={search_term_string}"},"query-input":{"@type":"PropertyValueSpecification","valueRequired":true,"valueName":"search_term_string"}}],"inLanguage":"pt-BR"},{"@type":"Organization","@id":"https:\/\/www.estrategiaconcursos.com.br\/blog\/#organization","name":"Estrat\u00e9gia Concursos","url":"https:\/\/www.estrategiaconcursos.com.br\/blog\/","logo":{"@type":"ImageObject","inLanguage":"pt-BR","@id":"https:\/\/www.estrategiaconcursos.com.br\/blog\/#\/schema\/logo\/image\/","url":"https:\/\/dhg1h5j42swfq.cloudfront.net\/2025\/06\/03203428\/logo_concursos-1.jpg","contentUrl":"https:\/\/dhg1h5j42swfq.cloudfront.net\/2025\/06\/03203428\/logo_concursos-1.jpg","width":230,"height":60,"caption":"Estrat\u00e9gia Concursos"},"image":{"@id":"https:\/\/www.estrategiaconcursos.com.br\/blog\/#\/schema\/logo\/image\/"},"sameAs":["https:\/\/x.com\/EstratConcursos"]},{"@type":"Person","@id":"https:\/\/www.estrategiaconcursos.com.br\/blog\/#\/schema\/person\/adbd974f815a3acb9e572fdf7315d7c2","name":"Ana Luiza Tib\u00farcio Guimar\u00e3es","image":{"@type":"ImageObject","inLanguage":"pt-BR","@id":"https:\/\/secure.gravatar.com\/avatar\/d0e9fa767d159d6bdb59324855854ef2672e0774dce8705b1c42c80a5b4de7b8?s=96&d=mm&r=g","url":"https:\/\/secure.gravatar.com\/avatar\/d0e9fa767d159d6bdb59324855854ef2672e0774dce8705b1c42c80a5b4de7b8?s=96&d=mm&r=g","contentUrl":"https:\/\/secure.gravatar.com\/avatar\/d0e9fa767d159d6bdb59324855854ef2672e0774dce8705b1c42c80a5b4de7b8?s=96&d=mm&r=g","caption":"Ana Luiza Tib\u00farcio Guimar\u00e3es"},"description":"Graduada em Direito pela Pontif\u00edcia Universidade Cat\u00f3lica de Minas Gerais e graduada em Ci\u00eancias do Estado pela Universidade Federal de Minas Gerais. P\u00f3s Graduada em Direito P\u00fablico pela PUC Minas. Gradua\u00e7\u00e3o em Gest\u00e3o P\u00fablica e P\u00f3s Gradua\u00e7\u00e3o em Ci\u00eancia Pol\u00edtica em andamento. Analista de Processo Legislativo do Senado Federal, lotada na Secretaria Legislativa do Senado. Aprova\u00e7\u00f5es em concursos: Aprovada para o cargo de Analista Judici\u00e1ria do TRF 3 (2025) Aprovada para o cargo de Procuradora do Munic\u00edpio de S\u00e3o Paulo (2024) Aprovada para o cargo de Analista Legislativa do Senado Federal (2023) Aprovada em 1\u00ba lugar para o cargo de T\u00e9cnico Judici\u00e1rio do TRF 3 (2019) Aprovada para o cargo de Juiz Leigo do Tribunal de Justi\u00e7a de Minas Gerais (2019).","url":"https:\/\/www.estrategiaconcursos.com.br\/blog\/author\/anatiburcio-ggmail-com\/"}]}},"_links":{"self":[{"href":"https:\/\/www.estrategiaconcursos.com.br\/blog\/wp-json\/wp\/v2\/posts\/1060737","targetHints":{"allow":["GET"]}}],"collection":[{"href":"https:\/\/www.estrategiaconcursos.com.br\/blog\/wp-json\/wp\/v2\/posts"}],"about":[{"href":"https:\/\/www.estrategiaconcursos.com.br\/blog\/wp-json\/wp\/v2\/types\/post"}],"author":[{"embeddable":true,"href":"https:\/\/www.estrategiaconcursos.com.br\/blog\/wp-json\/wp\/v2\/users\/1666"}],"replies":[{"embeddable":true,"href":"https:\/\/www.estrategiaconcursos.com.br\/blog\/wp-json\/wp\/v2\/comments?post=1060737"}],"version-history":[{"count":2,"href":"https:\/\/www.estrategiaconcursos.com.br\/blog\/wp-json\/wp\/v2\/posts\/1060737\/revisions"}],"predecessor-version":[{"id":1060774,"href":"https:\/\/www.estrategiaconcursos.com.br\/blog\/wp-json\/wp\/v2\/posts\/1060737\/revisions\/1060774"}],"wp:featuredmedia":[{"embeddable":true,"href":"https:\/\/www.estrategiaconcursos.com.br\/blog\/wp-json\/wp\/v2\/media\/1060767"}],"wp:attachment":[{"href":"https:\/\/www.estrategiaconcursos.com.br\/blog\/wp-json\/wp\/v2\/media?parent=1060737"}],"wp:term":[{"taxonomy":"category","embeddable":true,"href":"https:\/\/www.estrategiaconcursos.com.br\/blog\/wp-json\/wp\/v2\/categories?post=1060737"},{"taxonomy":"post_tag","embeddable":true,"href":"https:\/\/www.estrategiaconcursos.com.br\/blog\/wp-json\/wp\/v2\/tags?post=1060737"},{"taxonomy":"tax_estado","embeddable":true,"href":"https:\/\/www.estrategiaconcursos.com.br\/blog\/wp-json\/wp\/v2\/tax_estado?post=1060737"}],"curies":[{"name":"wp","href":"https:\/\/api.w.org\/{rel}","templated":true}]}}