{"id":1059875,"date":"2022-07-12T15:09:21","date_gmt":"2022-07-12T18:09:21","guid":{"rendered":"https:\/\/www.estrategiaconcursos.com.br\/blog\/?p=1059875"},"modified":"2022-07-12T15:09:25","modified_gmt":"2022-07-12T18:09:25","slug":"concurso-sefaz-ap-retificacao","status":"publish","type":"post","link":"https:\/\/www.estrategiaconcursos.com.br\/blog\/concurso-sefaz-ap-retificacao\/","title":{"rendered":"Concurso Sefaz AP tem primeira retifica\u00e7\u00e3o no edital"},"content":{"rendered":"\n<p>Foi publicada nesta ter\u00e7a-feira, 12 de julho, a primeira retifica\u00e7\u00e3o no edital do <strong>concurso Sefaz AP<\/strong> (<em><a href=\"https:\/\/www.estrategiaconcursos.com.br\/cursosPorConcurso\/secretaria-de-estado-da-fazenda-do-amapa-sefaz-ap\/\" target=\"_blank\" rel=\"noreferrer noopener\">Secretaria de Fazenda do Amap\u00e1<\/a><\/em>). As altera\u00e7\u00f5es se deram no conte\u00fado program\u00e1tico e no t\u00f3pico acerca do Programa de Forma\u00e7\u00e3o.<\/p>\n\n\n\n<p>Vale lembrar que as <a href=\"https:\/\/www.estrategiaconcursos.com.br\/blog\/concurso-sefaz-ap-cronograma\/\" target=\"_blank\" rel=\"noreferrer noopener\">inscri\u00e7\u00f5es<\/a> do concurso j\u00e1 est\u00e3o abertas e devem ser feitas no site da <a href=\"https:\/\/www.concursosfcc.com.br\/concursos\/seaap322\/index.html\" target=\"_blank\" rel=\"noreferrer noopener\">FCC<\/a>, at\u00e9 o dia 08 de agosto. A taxa de inscri\u00e7\u00e3o foi fixada em\u00a0<strong>R$ 170,00<\/strong>.<\/p>\n\n\n\n<p>S\u00e3o ofertadas <strong>250 vagas<\/strong> em cadastro reserva para o cargos de <a href=\"https:\/\/www.estrategiaconcursos.com.br\/curso\/sefaz-ap-auditor-fiscal-da-receita-estadual-e-fiscal-da-receita-estadual-pacote-completo-2022-pos-edital\/\" target=\"_blank\" rel=\"noreferrer noopener\"><strong>Auditor da Receita<\/strong><\/a>\u00a0e<strong>\u00a0<a href=\"https:\/\/www.estrategiaconcursos.com.br\/curso\/sefaz-ap-auditor-fiscal-da-receita-estadual-e-fiscal-da-receita-estadual-pacote-completo-2022-pos-edital\/\" target=\"_blank\" rel=\"noreferrer noopener\">Fiscal da Receita<\/a><\/strong>, ambos com exig\u00eancia de n\u00edvel superior em qualquer \u00e1rea de forma\u00e7\u00e3o e remunera\u00e7\u00e3o inicial de <strong>R$ 22.019,25<\/strong>.<\/p>\n\n\n\n<h2 class=\"wp-block-heading\" id=\"concurso-sefaz-ap-retificacao-i\">Concurso Sefaz AP &#8211; Retifica\u00e7\u00e3o I<\/h2>\n\n\n\n<h3 class=\"wp-block-heading\" id=\"programa-de-formacao\">Programa de Forma\u00e7\u00e3o<\/h3>\n\n\n\n<p><em>Ficam inclu\u00eddos os itens 13.1.2 e 13.1.2.1:<\/em><\/p>\n\n\n\n<p><strong>13.1.2<\/strong> O Programa de Forma\u00e7\u00e3o para o cargo de Auditor da Receita Estadual e de Fiscal da Receita Estadual ser\u00e1 realizado na mesma data, hor\u00e1rio e local a serem divulgados em momento oportuno.<\/p>\n\n\n\n<p><strong>13.1.2.1<\/strong> O candidato que for aprovado em ambos os cargos e a crit\u00e9rio da Administra\u00e7\u00e3o for convocado para as demais fases do concurso, no momento da matr\u00edcula no Programa de Forma\u00e7\u00e3o, dever\u00e1 fazer a op\u00e7\u00e3o por um dos cargos, tendo em vista a realiza\u00e7\u00e3o do Programa de Forma\u00e7\u00e3o ocorrer concomitantemente, conforme subitem anterior.<\/p>\n\n\n\n<h3 class=\"wp-block-heading\" id=\"programa-de-formacao\">Conte\u00fado Program\u00e1tico<\/h3>\n\n\n\n<p><em>Ficam alterados os seguintes t\u00f3picos de Conhecimentos Espec\u00edficos de Auditoria Tribut\u00e1ria para ambos os cargos (ARE e FRE):<\/em><\/p>\n\n\n\n<p><strong>Onde se l\u00ea: <\/strong>Substitui\u00e7\u00e3o Tribut\u00e1ria Cap\u00edtulo I, do T\u00edtulo III, do Decreto 2.269\/98 RICMS-AP (Art. 254 a 272 L)<br \/><strong>Leia-se<\/strong>: Substitui\u00e7\u00e3o Tribut\u00e1ria Anexo III do Decreto 2.269\/98 RICMS-AP.<\/p>\n\n\n\n<p><strong>Onde se l\u00ea:<em> <\/em><\/strong>Anexo XXX do Decreto 2.269\/98 RICMS-AP<br \/><strong>Leia-se:<\/strong> Anexos XXIX e XXX do Decreto 2.269\/98 RICMS-AP<\/p>\n\n\n\n<ul class=\"wp-block-list\"><li><strong><em><a href=\"https:\/\/dhg1h5j42swfq.cloudfront.net\/2022\/07\/12145051\/seaap322_edital_de_retificado_-_assinado.pdf\" target=\"_blank\" rel=\"noreferrer noopener nofollow\">Confira o edital de retifica\u00e7\u00e3o na \u00edntegra<\/a><\/em><\/strong><\/li><\/ul>\n\n\n\n<hr class=\"wp-block-separator\"\/>\n\n\n\n<p class=\"has-text-align-center\"><em>Para ficar por dentro de todas as informa\u00e7\u00f5es sobre o concurso Sefaz AP, n\u00e3o deixe de conferir nosso artigo completo sobre a sele\u00e7\u00e3o:<\/em><\/p>\n\n\n\n<p class=\"has-text-align-center has-background has-medium-font-size\" style=\"background-color:#e5e8eb\"><strong>Mais informa\u00e7\u00f5es: <a href=\"https:\/\/www.estrategiaconcursos.com.br\/blog\/concurso-sefaz-ap\/\" target=\"_blank\" rel=\"noreferrer noopener\">Sefaz AP<\/a><\/strong><\/p>\n\n\n\n<h2 class=\"has-text-align-center wp-block-heading\" id=\"cursos-assinatura\"><em>Quer estudar para o concurso Sefaz AP?<\/em><\/h2>\n\n\n\n<div class=\"container\" id=\"boxes\">\n  <div class=\"row\">\n\n    <div class=\"col-sm\">\n      <div class=\"banner-fiscal-01\" id=\"box-assinatura\">\n        <h3 class=\"titulo-assinatura\">Concurso Sefaz AP<\/h3>\n        <p class=\"subtitulo-assinatura\">Estude conosco<\/p>\n        <div class=\"box-botao\">\n          <a class=\"btn-assinatura\" target=\"_blank\" href=\"https:\/\/www.estrategiaconcursos.com.br\/cursosPorConcurso\/secretaria-de-estado-da-fazenda-do-amapa-sefaz-ap\/\" role=\"button\" rel=\"noopener noreferrer\">Conhe\u00e7a os cursos<\/a>\n        <\/div>\n      <\/div>\n      \n    <\/div>\n\n  <\/div>\n<\/div>\n\n\n\n<div class=\"container\" id=\"boxes\">\n  <div class=\"row\">\n\n    <div class=\"col-sm\">\n      <div class=\"estrategia\" id=\"box-assinatura\">\n        <h3 class=\"titulo-assinatura\">Assinatura Concursos<\/h3>\n        <p class=\"subtitulo-assinatura\">Assinatura de 1 ano ou 2 anos<\/p>\n        <div class=\"box-botao\">\n          <a class=\"btn-assinatura\" target=\"_blank\" href=\"https:\/\/www.estrategiaconcursos.com.br\/assinaturas\/\" role=\"button\" rel=\"noopener noreferrer\">ASSINE AGORA<\/a>\n        <\/div>\n      <\/div><\/div><\/div><\/div>\n\n\n\n<h2 class=\"has-text-align-center wp-block-heading\" id=\"h-quer-saber-tudo-sobre-concursos-previstos-confira-nossos-artigos\">Quer saber tudo sobre concursos previstos?<br \/>Confira  nossos artigos!<\/h2>\n\n\n\n<ul class=\"wp-block-list\"><li><a href=\"https:\/\/www.estrategiaconcursos.com.br\/blog\/concursos-abertos\/\" target=\"_blank\" rel=\"noreferrer noopener\">Concursos abertos<\/a><\/li><li><a href=\"https:\/\/www.estrategiaconcursos.com.br\/blog\/concursos-fiscais-2022\/\" target=\"_blank\" rel=\"noreferrer noopener\">Concursos fiscais<\/a><\/li><li><a href=\"https:\/\/www.estrategiaconcursos.com.br\/blog\/concursos-2022\/\" target=\"_blank\" rel=\"noreferrer noopener\">Concursos 2022<\/a><\/li><li><a href=\"https:\/\/www.estrategiaconcursos.com.br\/blog\/concursos-2023\/\" target=\"_blank\" rel=\"noreferrer noopener\">Concursos 2023<\/a><\/li><\/ul>\n","protected":false},"excerpt":{"rendered":"<p>Foi publicada nesta ter\u00e7a-feira, 12 de julho, a primeira retifica\u00e7\u00e3o no edital do concurso Sefaz AP (Secretaria de Fazenda do Amap\u00e1). As altera\u00e7\u00f5es se deram no conte\u00fado program\u00e1tico e no t\u00f3pico acerca do Programa de Forma\u00e7\u00e3o. Vale lembrar que as inscri\u00e7\u00f5es do concurso j\u00e1 est\u00e3o abertas e devem ser feitas no site da FCC, at\u00e9 [&hellip;]<\/p>\n","protected":false},"author":659,"featured_media":979781,"comment_status":"open","ping_status":"closed","sticky":false,"template":"","format":"standard","meta":{"post_tipo":"news","footnotes":""},"categories":[1983,220219],"tags":[],"tax_estado":[219967],"class_list":["post-1059875","post","type-post","status-publish","format-standard","has-post-thumbnail","hentry","category-fiscal-estadual","category-noticias","tax_estado-ap"],"acf":[],"yoast_head":"<!-- This site is optimized with the Yoast SEO Premium plugin v27.2 (Yoast SEO v27.2) - https:\/\/yoast.com\/product\/yoast-seo-premium-wordpress\/ -->\n<title>Concurso Sefaz AP tem primeira retifica\u00e7\u00e3o no edital<\/title>\n<meta name=\"description\" content=\"Concurso Sefaz AP: FCC divulga primeira retifica\u00e7\u00e3o no edital para Auditor da Receita e Fiscal da Receita. Veja o que mudou!\" \/>\n<meta name=\"robots\" content=\"index, follow, max-snippet:-1, max-image-preview:large, max-video-preview:-1\" \/>\n<link rel=\"canonical\" href=\"https:\/\/www.estrategiaconcursos.com.br\/blog\/concurso-sefaz-ap-retificacao\/\" \/>\n<meta property=\"og:locale\" content=\"pt_BR\" \/>\n<meta property=\"og:type\" content=\"article\" \/>\n<meta property=\"og:title\" content=\"Concurso Sefaz AP tem primeira retifica\u00e7\u00e3o no edital\" \/>\n<meta property=\"og:description\" content=\"Concurso Sefaz AP: FCC divulga primeira retifica\u00e7\u00e3o no edital para Auditor da Receita e Fiscal da Receita. Veja o que mudou!\" \/>\n<meta property=\"og:url\" content=\"https:\/\/www.estrategiaconcursos.com.br\/blog\/concurso-sefaz-ap-retificacao\/\" \/>\n<meta property=\"og:site_name\" content=\"Estrat\u00e9gia Concursos\" \/>\n<meta property=\"article:published_time\" content=\"2022-07-12T18:09:21+00:00\" \/>\n<meta property=\"article:modified_time\" content=\"2022-07-12T18:09:25+00:00\" \/>\n<meta property=\"og:image\" content=\"https:\/\/dhg1h5j42swfq.cloudfront.net\/2022\/03\/03093223\/sefaz-ap.jpg\" \/>\n\t<meta property=\"og:image:width\" content=\"768\" \/>\n\t<meta property=\"og:image:height\" content=\"432\" \/>\n\t<meta property=\"og:image:type\" content=\"image\/jpeg\" \/>\n<meta name=\"author\" content=\"Camila Leite\" \/>\n<meta name=\"twitter:card\" content=\"summary_large_image\" \/>\n<meta name=\"twitter:creator\" content=\"@EstratConcursos\" \/>\n<meta name=\"twitter:site\" content=\"@EstratConcursos\" \/>\n<meta name=\"twitter:label1\" content=\"Escrito por\" \/>\n\t<meta name=\"twitter:data1\" content=\"Camila Leite\" \/>\n\t<meta name=\"twitter:label2\" content=\"Est. tempo de leitura\" \/>\n\t<meta name=\"twitter:data2\" content=\"2 minutos\" \/>\n<script type=\"application\/ld+json\" class=\"yoast-schema-graph\">{\"@context\":\"https:\/\/schema.org\",\"@graph\":[{\"@type\":\"NewsArticle\",\"@id\":\"https:\/\/www.estrategiaconcursos.com.br\/blog\/concurso-sefaz-ap-retificacao\/#article\",\"isPartOf\":{\"@id\":\"https:\/\/www.estrategiaconcursos.com.br\/blog\/concurso-sefaz-ap-retificacao\/\"},\"author\":{\"name\":\"Camila Leite\",\"@id\":\"https:\/\/www.estrategiaconcursos.com.br\/blog\/#\/schema\/person\/84ecdc6eb58d3cf1689bf76c5cd8fb38\"},\"headline\":\"Concurso Sefaz AP tem primeira retifica\u00e7\u00e3o no edital\",\"datePublished\":\"2022-07-12T18:09:21+00:00\",\"dateModified\":\"2022-07-12T18:09:25+00:00\",\"mainEntityOfPage\":{\"@id\":\"https:\/\/www.estrategiaconcursos.com.br\/blog\/concurso-sefaz-ap-retificacao\/\"},\"wordCount\":383,\"commentCount\":0,\"publisher\":{\"@id\":\"https:\/\/www.estrategiaconcursos.com.br\/blog\/#organization\"},\"image\":{\"@id\":\"https:\/\/www.estrategiaconcursos.com.br\/blog\/concurso-sefaz-ap-retificacao\/#primaryimage\"},\"thumbnailUrl\":\"https:\/\/dhg1h5j42swfq.cloudfront.net\/2022\/03\/03093223\/sefaz-ap.jpg\",\"articleSection\":[\"Fiscal - Estadual (ICMS)\",\"\u00daltimas not\u00edcias\"],\"inLanguage\":\"pt-BR\",\"potentialAction\":[{\"@type\":\"CommentAction\",\"name\":\"Comment\",\"target\":[\"https:\/\/www.estrategiaconcursos.com.br\/blog\/concurso-sefaz-ap-retificacao\/#respond\"]}],\"copyrightYear\":\"2022\",\"copyrightHolder\":{\"@id\":\"https:\/\/www.estrategiaconcursos.com.br\/blog\/#organization\"}},{\"@type\":\"WebPage\",\"@id\":\"https:\/\/www.estrategiaconcursos.com.br\/blog\/concurso-sefaz-ap-retificacao\/\",\"url\":\"https:\/\/www.estrategiaconcursos.com.br\/blog\/concurso-sefaz-ap-retificacao\/\",\"name\":\"Concurso Sefaz AP tem primeira retifica\u00e7\u00e3o no edital\",\"isPartOf\":{\"@id\":\"https:\/\/www.estrategiaconcursos.com.br\/blog\/#website\"},\"primaryImageOfPage\":{\"@id\":\"https:\/\/www.estrategiaconcursos.com.br\/blog\/concurso-sefaz-ap-retificacao\/#primaryimage\"},\"image\":{\"@id\":\"https:\/\/www.estrategiaconcursos.com.br\/blog\/concurso-sefaz-ap-retificacao\/#primaryimage\"},\"thumbnailUrl\":\"https:\/\/dhg1h5j42swfq.cloudfront.net\/2022\/03\/03093223\/sefaz-ap.jpg\",\"datePublished\":\"2022-07-12T18:09:21+00:00\",\"dateModified\":\"2022-07-12T18:09:25+00:00\",\"description\":\"Concurso Sefaz AP: FCC divulga primeira retifica\u00e7\u00e3o no edital para Auditor da Receita e Fiscal da Receita. Veja o que mudou!\",\"breadcrumb\":{\"@id\":\"https:\/\/www.estrategiaconcursos.com.br\/blog\/concurso-sefaz-ap-retificacao\/#breadcrumb\"},\"inLanguage\":\"pt-BR\",\"potentialAction\":[{\"@type\":\"ReadAction\",\"target\":[\"https:\/\/www.estrategiaconcursos.com.br\/blog\/concurso-sefaz-ap-retificacao\/\"]}]},{\"@type\":\"ImageObject\",\"inLanguage\":\"pt-BR\",\"@id\":\"https:\/\/www.estrategiaconcursos.com.br\/blog\/concurso-sefaz-ap-retificacao\/#primaryimage\",\"url\":\"https:\/\/dhg1h5j42swfq.cloudfront.net\/2022\/03\/03093223\/sefaz-ap.jpg\",\"contentUrl\":\"https:\/\/dhg1h5j42swfq.cloudfront.net\/2022\/03\/03093223\/sefaz-ap.jpg\",\"width\":768,\"height\":432,\"caption\":\"Como estudar para a SEFAZ-AP e conquistar a aprova\u00e7\u00e3o\"},{\"@type\":\"BreadcrumbList\",\"@id\":\"https:\/\/www.estrategiaconcursos.com.br\/blog\/concurso-sefaz-ap-retificacao\/#breadcrumb\",\"itemListElement\":[{\"@type\":\"ListItem\",\"position\":1,\"name\":\"In\u00edcio\",\"item\":\"https:\/\/www.estrategiaconcursos.com.br\/blog\/\"},{\"@type\":\"ListItem\",\"position\":2,\"name\":\"Concurso Sefaz AP tem primeira retifica\u00e7\u00e3o no edital\"}]},{\"@type\":\"WebSite\",\"@id\":\"https:\/\/www.estrategiaconcursos.com.br\/blog\/#website\",\"url\":\"https:\/\/www.estrategiaconcursos.com.br\/blog\/\",\"name\":\"Estrat\u00e9gia Concursos\",\"description\":\"O blog da Estrat\u00e9gia Concursos traz not\u00edcias sobre concursos e artigos de professores oferecendo cursos para concursos (pdf + videaulas) no site.\",\"publisher\":{\"@id\":\"https:\/\/www.estrategiaconcursos.com.br\/blog\/#organization\"},\"potentialAction\":[{\"@type\":\"SearchAction\",\"target\":{\"@type\":\"EntryPoint\",\"urlTemplate\":\"https:\/\/www.estrategiaconcursos.com.br\/blog\/?s={search_term_string}\"},\"query-input\":{\"@type\":\"PropertyValueSpecification\",\"valueRequired\":true,\"valueName\":\"search_term_string\"}}],\"inLanguage\":\"pt-BR\"},{\"@type\":\"Organization\",\"@id\":\"https:\/\/www.estrategiaconcursos.com.br\/blog\/#organization\",\"name\":\"Estrat\u00e9gia Concursos\",\"url\":\"https:\/\/www.estrategiaconcursos.com.br\/blog\/\",\"logo\":{\"@type\":\"ImageObject\",\"inLanguage\":\"pt-BR\",\"@id\":\"https:\/\/www.estrategiaconcursos.com.br\/blog\/#\/schema\/logo\/image\/\",\"url\":\"https:\/\/dhg1h5j42swfq.cloudfront.net\/2025\/06\/03203428\/logo_concursos-1.jpg\",\"contentUrl\":\"https:\/\/dhg1h5j42swfq.cloudfront.net\/2025\/06\/03203428\/logo_concursos-1.jpg\",\"width\":230,\"height\":60,\"caption\":\"Estrat\u00e9gia Concursos\"},\"image\":{\"@id\":\"https:\/\/www.estrategiaconcursos.com.br\/blog\/#\/schema\/logo\/image\/\"},\"sameAs\":[\"https:\/\/x.com\/EstratConcursos\"]},{\"@type\":\"Person\",\"@id\":\"https:\/\/www.estrategiaconcursos.com.br\/blog\/#\/schema\/person\/84ecdc6eb58d3cf1689bf76c5cd8fb38\",\"name\":\"Camila Leite\",\"image\":{\"@type\":\"ImageObject\",\"inLanguage\":\"pt-BR\",\"@id\":\"https:\/\/secure.gravatar.com\/avatar\/f2f8faef639c8a2bfb7fb909912a56917f4c3a0aed064500168e2fb8ea55cf61?s=96&d=mm&r=g\",\"url\":\"https:\/\/secure.gravatar.com\/avatar\/f2f8faef639c8a2bfb7fb909912a56917f4c3a0aed064500168e2fb8ea55cf61?s=96&d=mm&r=g\",\"contentUrl\":\"https:\/\/secure.gravatar.com\/avatar\/f2f8faef639c8a2bfb7fb909912a56917f4c3a0aed064500168e2fb8ea55cf61?s=96&d=mm&r=g\",\"caption\":\"Camila Leite\"},\"description\":\"Formada em Design Gr\u00e1fico e em Propaganda e Marketing pela UNIP, integra a equipe de jornalismo do Estrat\u00e9gia Concursos desde 2018. Ao longo dos anos, construiu uma s\u00f3lida experi\u00eancia na produ\u00e7\u00e3o de conte\u00fado informativo e relevante para concurseiros. Desde 2020, atua na cobertura das \u00e1reas Fiscal \u2014 com \u00eanfase nas Secretarias de Fazenda (Sefaz) das regi\u00f5es Sul e Sudeste \u2014, al\u00e9m da cobertura de concursos federais, como CNU, Petrobras, CGU, Receita Federal, ag\u00eancias reguladoras (Anvisa, ANAC, entre outras) e INSS. Mant\u00e9m contato direto com os principais \u00f3rg\u00e3os p\u00fablicos, acompanhando editais, atualiza\u00e7\u00f5es e movimenta\u00e7\u00f5es importantes para os candidatos.\",\"sameAs\":[\"https:\/\/www.linkedin.com\/in\/camila-pinheiro-leite-9ba135b6\/\"],\"url\":\"https:\/\/www.estrategiaconcursos.com.br\/blog\/author\/camila-leiteestrategiaconcursos-com-br\/\"}]}<\/script>\n<!-- \/ Yoast SEO Premium plugin. -->","yoast_head_json":{"title":"Concurso Sefaz AP tem primeira retifica\u00e7\u00e3o no edital","description":"Concurso Sefaz AP: FCC divulga primeira retifica\u00e7\u00e3o no edital para Auditor da Receita e Fiscal da Receita. Veja o que mudou!","robots":{"index":"index","follow":"follow","max-snippet":"max-snippet:-1","max-image-preview":"max-image-preview:large","max-video-preview":"max-video-preview:-1"},"canonical":"https:\/\/www.estrategiaconcursos.com.br\/blog\/concurso-sefaz-ap-retificacao\/","og_locale":"pt_BR","og_type":"article","og_title":"Concurso Sefaz AP tem primeira retifica\u00e7\u00e3o no edital","og_description":"Concurso Sefaz AP: FCC divulga primeira retifica\u00e7\u00e3o no edital para Auditor da Receita e Fiscal da Receita. Veja o que mudou!","og_url":"https:\/\/www.estrategiaconcursos.com.br\/blog\/concurso-sefaz-ap-retificacao\/","og_site_name":"Estrat\u00e9gia Concursos","article_published_time":"2022-07-12T18:09:21+00:00","article_modified_time":"2022-07-12T18:09:25+00:00","og_image":[{"width":768,"height":432,"url":"https:\/\/dhg1h5j42swfq.cloudfront.net\/2022\/03\/03093223\/sefaz-ap.jpg","type":"image\/jpeg"}],"author":"Camila Leite","twitter_card":"summary_large_image","twitter_creator":"@EstratConcursos","twitter_site":"@EstratConcursos","twitter_misc":{"Escrito por":"Camila Leite","Est. tempo de leitura":"2 minutos"},"schema":{"@context":"https:\/\/schema.org","@graph":[{"@type":"NewsArticle","@id":"https:\/\/www.estrategiaconcursos.com.br\/blog\/concurso-sefaz-ap-retificacao\/#article","isPartOf":{"@id":"https:\/\/www.estrategiaconcursos.com.br\/blog\/concurso-sefaz-ap-retificacao\/"},"author":{"name":"Camila Leite","@id":"https:\/\/www.estrategiaconcursos.com.br\/blog\/#\/schema\/person\/84ecdc6eb58d3cf1689bf76c5cd8fb38"},"headline":"Concurso Sefaz AP tem primeira retifica\u00e7\u00e3o no edital","datePublished":"2022-07-12T18:09:21+00:00","dateModified":"2022-07-12T18:09:25+00:00","mainEntityOfPage":{"@id":"https:\/\/www.estrategiaconcursos.com.br\/blog\/concurso-sefaz-ap-retificacao\/"},"wordCount":383,"commentCount":0,"publisher":{"@id":"https:\/\/www.estrategiaconcursos.com.br\/blog\/#organization"},"image":{"@id":"https:\/\/www.estrategiaconcursos.com.br\/blog\/concurso-sefaz-ap-retificacao\/#primaryimage"},"thumbnailUrl":"https:\/\/dhg1h5j42swfq.cloudfront.net\/2022\/03\/03093223\/sefaz-ap.jpg","articleSection":["Fiscal - Estadual (ICMS)","\u00daltimas not\u00edcias"],"inLanguage":"pt-BR","potentialAction":[{"@type":"CommentAction","name":"Comment","target":["https:\/\/www.estrategiaconcursos.com.br\/blog\/concurso-sefaz-ap-retificacao\/#respond"]}],"copyrightYear":"2022","copyrightHolder":{"@id":"https:\/\/www.estrategiaconcursos.com.br\/blog\/#organization"}},{"@type":"WebPage","@id":"https:\/\/www.estrategiaconcursos.com.br\/blog\/concurso-sefaz-ap-retificacao\/","url":"https:\/\/www.estrategiaconcursos.com.br\/blog\/concurso-sefaz-ap-retificacao\/","name":"Concurso Sefaz AP tem primeira retifica\u00e7\u00e3o no edital","isPartOf":{"@id":"https:\/\/www.estrategiaconcursos.com.br\/blog\/#website"},"primaryImageOfPage":{"@id":"https:\/\/www.estrategiaconcursos.com.br\/blog\/concurso-sefaz-ap-retificacao\/#primaryimage"},"image":{"@id":"https:\/\/www.estrategiaconcursos.com.br\/blog\/concurso-sefaz-ap-retificacao\/#primaryimage"},"thumbnailUrl":"https:\/\/dhg1h5j42swfq.cloudfront.net\/2022\/03\/03093223\/sefaz-ap.jpg","datePublished":"2022-07-12T18:09:21+00:00","dateModified":"2022-07-12T18:09:25+00:00","description":"Concurso Sefaz AP: FCC divulga primeira retifica\u00e7\u00e3o no edital para Auditor da Receita e Fiscal da Receita. Veja o que mudou!","breadcrumb":{"@id":"https:\/\/www.estrategiaconcursos.com.br\/blog\/concurso-sefaz-ap-retificacao\/#breadcrumb"},"inLanguage":"pt-BR","potentialAction":[{"@type":"ReadAction","target":["https:\/\/www.estrategiaconcursos.com.br\/blog\/concurso-sefaz-ap-retificacao\/"]}]},{"@type":"ImageObject","inLanguage":"pt-BR","@id":"https:\/\/www.estrategiaconcursos.com.br\/blog\/concurso-sefaz-ap-retificacao\/#primaryimage","url":"https:\/\/dhg1h5j42swfq.cloudfront.net\/2022\/03\/03093223\/sefaz-ap.jpg","contentUrl":"https:\/\/dhg1h5j42swfq.cloudfront.net\/2022\/03\/03093223\/sefaz-ap.jpg","width":768,"height":432,"caption":"Como estudar para a SEFAZ-AP e conquistar a aprova\u00e7\u00e3o"},{"@type":"BreadcrumbList","@id":"https:\/\/www.estrategiaconcursos.com.br\/blog\/concurso-sefaz-ap-retificacao\/#breadcrumb","itemListElement":[{"@type":"ListItem","position":1,"name":"In\u00edcio","item":"https:\/\/www.estrategiaconcursos.com.br\/blog\/"},{"@type":"ListItem","position":2,"name":"Concurso Sefaz AP tem primeira retifica\u00e7\u00e3o no edital"}]},{"@type":"WebSite","@id":"https:\/\/www.estrategiaconcursos.com.br\/blog\/#website","url":"https:\/\/www.estrategiaconcursos.com.br\/blog\/","name":"Estrat\u00e9gia Concursos","description":"O blog da Estrat\u00e9gia Concursos traz not\u00edcias sobre concursos e artigos de professores oferecendo cursos para concursos (pdf + videaulas) no site.","publisher":{"@id":"https:\/\/www.estrategiaconcursos.com.br\/blog\/#organization"},"potentialAction":[{"@type":"SearchAction","target":{"@type":"EntryPoint","urlTemplate":"https:\/\/www.estrategiaconcursos.com.br\/blog\/?s={search_term_string}"},"query-input":{"@type":"PropertyValueSpecification","valueRequired":true,"valueName":"search_term_string"}}],"inLanguage":"pt-BR"},{"@type":"Organization","@id":"https:\/\/www.estrategiaconcursos.com.br\/blog\/#organization","name":"Estrat\u00e9gia Concursos","url":"https:\/\/www.estrategiaconcursos.com.br\/blog\/","logo":{"@type":"ImageObject","inLanguage":"pt-BR","@id":"https:\/\/www.estrategiaconcursos.com.br\/blog\/#\/schema\/logo\/image\/","url":"https:\/\/dhg1h5j42swfq.cloudfront.net\/2025\/06\/03203428\/logo_concursos-1.jpg","contentUrl":"https:\/\/dhg1h5j42swfq.cloudfront.net\/2025\/06\/03203428\/logo_concursos-1.jpg","width":230,"height":60,"caption":"Estrat\u00e9gia Concursos"},"image":{"@id":"https:\/\/www.estrategiaconcursos.com.br\/blog\/#\/schema\/logo\/image\/"},"sameAs":["https:\/\/x.com\/EstratConcursos"]},{"@type":"Person","@id":"https:\/\/www.estrategiaconcursos.com.br\/blog\/#\/schema\/person\/84ecdc6eb58d3cf1689bf76c5cd8fb38","name":"Camila Leite","image":{"@type":"ImageObject","inLanguage":"pt-BR","@id":"https:\/\/secure.gravatar.com\/avatar\/f2f8faef639c8a2bfb7fb909912a56917f4c3a0aed064500168e2fb8ea55cf61?s=96&d=mm&r=g","url":"https:\/\/secure.gravatar.com\/avatar\/f2f8faef639c8a2bfb7fb909912a56917f4c3a0aed064500168e2fb8ea55cf61?s=96&d=mm&r=g","contentUrl":"https:\/\/secure.gravatar.com\/avatar\/f2f8faef639c8a2bfb7fb909912a56917f4c3a0aed064500168e2fb8ea55cf61?s=96&d=mm&r=g","caption":"Camila Leite"},"description":"Formada em Design Gr\u00e1fico e em Propaganda e Marketing pela UNIP, integra a equipe de jornalismo do Estrat\u00e9gia Concursos desde 2018. Ao longo dos anos, construiu uma s\u00f3lida experi\u00eancia na produ\u00e7\u00e3o de conte\u00fado informativo e relevante para concurseiros. Desde 2020, atua na cobertura das \u00e1reas Fiscal \u2014 com \u00eanfase nas Secretarias de Fazenda (Sefaz) das regi\u00f5es Sul e Sudeste \u2014, al\u00e9m da cobertura de concursos federais, como CNU, Petrobras, CGU, Receita Federal, ag\u00eancias reguladoras (Anvisa, ANAC, entre outras) e INSS. Mant\u00e9m contato direto com os principais \u00f3rg\u00e3os p\u00fablicos, acompanhando editais, atualiza\u00e7\u00f5es e movimenta\u00e7\u00f5es importantes para os candidatos.","sameAs":["https:\/\/www.linkedin.com\/in\/camila-pinheiro-leite-9ba135b6\/"],"url":"https:\/\/www.estrategiaconcursos.com.br\/blog\/author\/camila-leiteestrategiaconcursos-com-br\/"}]}},"_links":{"self":[{"href":"https:\/\/www.estrategiaconcursos.com.br\/blog\/wp-json\/wp\/v2\/posts\/1059875","targetHints":{"allow":["GET"]}}],"collection":[{"href":"https:\/\/www.estrategiaconcursos.com.br\/blog\/wp-json\/wp\/v2\/posts"}],"about":[{"href":"https:\/\/www.estrategiaconcursos.com.br\/blog\/wp-json\/wp\/v2\/types\/post"}],"author":[{"embeddable":true,"href":"https:\/\/www.estrategiaconcursos.com.br\/blog\/wp-json\/wp\/v2\/users\/659"}],"replies":[{"embeddable":true,"href":"https:\/\/www.estrategiaconcursos.com.br\/blog\/wp-json\/wp\/v2\/comments?post=1059875"}],"version-history":[{"count":4,"href":"https:\/\/www.estrategiaconcursos.com.br\/blog\/wp-json\/wp\/v2\/posts\/1059875\/revisions"}],"predecessor-version":[{"id":1059916,"href":"https:\/\/www.estrategiaconcursos.com.br\/blog\/wp-json\/wp\/v2\/posts\/1059875\/revisions\/1059916"}],"wp:featuredmedia":[{"embeddable":true,"href":"https:\/\/www.estrategiaconcursos.com.br\/blog\/wp-json\/wp\/v2\/media\/979781"}],"wp:attachment":[{"href":"https:\/\/www.estrategiaconcursos.com.br\/blog\/wp-json\/wp\/v2\/media?parent=1059875"}],"wp:term":[{"taxonomy":"category","embeddable":true,"href":"https:\/\/www.estrategiaconcursos.com.br\/blog\/wp-json\/wp\/v2\/categories?post=1059875"},{"taxonomy":"post_tag","embeddable":true,"href":"https:\/\/www.estrategiaconcursos.com.br\/blog\/wp-json\/wp\/v2\/tags?post=1059875"},{"taxonomy":"tax_estado","embeddable":true,"href":"https:\/\/www.estrategiaconcursos.com.br\/blog\/wp-json\/wp\/v2\/tax_estado?post=1059875"}],"curies":[{"name":"wp","href":"https:\/\/api.w.org\/{rel}","templated":true}]}}