{"id":1058763,"date":"2023-01-10T04:00:00","date_gmt":"2023-01-10T07:00:00","guid":{"rendered":"https:\/\/www.estrategiaconcursos.com.br\/blog\/?p=1058763"},"modified":"2023-08-31T11:47:14","modified_gmt":"2023-08-31T14:47:14","slug":"concurso-sme-ouro-preto","status":"publish","type":"post","link":"https:\/\/www.estrategiaconcursos.com.br\/blog\/concurso-sme-ouro-preto\/","title":{"rendered":"Concurso SME Ouro Preto: inscri\u00e7\u00f5es encerradas! 172 vagas"},"content":{"rendered":"\n<p>As provas do<strong> concurso SME Ouro Preto<\/strong> (Secretaria Municipal de Educa\u00e7\u00e3o de Ouro Preto &#8211; MG) foram adiadas! <\/p>\n\n\n\n<p>A decis\u00e3o de alterar as datas para realiza\u00e7\u00e3o dos testes ocorre em raz\u00e3o dos transtornos decorrentes das fortes chuvas que atingiram Ouro Preto, e que refletem diretamente na mobilidade dos candidatos inscritos.<\/p>\n\n\n\n<p>Segundo a retifica\u00e7\u00e3o do edital, publicada no site da banca IBGP, agora as provas ser\u00e3o aplicadas no dia <strong>26 de mar\u00e7o de 2023<\/strong>. O certame oferta <strong>172 vagas<\/strong> imediatas, al\u00e9m de cadastro de reserva.<\/p>\n\n\n\n<p>As inscri\u00e7\u00f5es foram realizadas, via internet, pelo site do IBGP, no link correspondente ao certame, no per\u00edodo das 09h00 do dia 12 de setembro \u00e0s 15h59 do dia 10 de novembro de 2022.<\/p>\n\n\n\n<p>A taxa de participa\u00e7\u00e3o ficou fixada em:<\/p>\n\n\n\n<ul class=\"wp-block-list\">\n<li>N\u00edvel m\u00e9dio &#8211;  R$ 90,00; e<\/li>\n\n\n\n<li>N\u00edvel Superior R$ 110,00.<\/li>\n<\/ul>\n\n\n\n<p>O pagamento do valor da Taxa de Inscri\u00e7\u00e3o dever\u00e1 ser efetuado at\u00e9 o dia 11 de novembro de 2022. <\/p>\n\n\n\n<ul class=\"has-pale-ocean-gradient-background has-background wp-block-list\">\n<li><strong>Concurso SME Ouro Preto MG<\/strong><\/li>\n\n\n\n<li><strong>Status:<\/strong>&nbsp;provas adiadas <\/li>\n\n\n\n<li><strong>Banca:&nbsp;<\/strong>IBGP<\/li>\n\n\n\n<li><strong>Vagas:&nbsp;<\/strong>172<\/li>\n\n\n\n<li><strong>Sal\u00e1rio inicial:<\/strong>&nbsp;de R$ 1.985,81 a R$ 3.316,96<\/li>\n\n\n\n<li><a href=\"https:\/\/dhg1h5j42swfq.cloudfront.net\/2022\/07\/11101419\/edital-de-abertura-2.pdf\" target=\"_blank\" rel=\"noreferrer noopener nofollow\"><strong>Edital<\/strong>&nbsp;<strong>SME OURO PRETO MG<\/strong><\/a><\/li>\n<\/ul>\n\n\n\n<div class=\"container\" id=\"boxes\">\n  <div class=\"row\">\n\n    <div class=\"col-sm\">\n      <div class=\"banner-estrategia\" id=\"box-assinatura\">\n        <h3 class=\"titulo-assinatura\">Cursos para concursos<\/h3>\n        <p class=\"subtitulo-assinatura\">Estude conosco SME Ouro Preto MG<\/p>\n        <div class=\"box-botao\">\n          <a class=\"btn-assinatura\" target=\"_blank\" href=\"https:\/\/www.estrategiaconcursos.com.br\/cursos\/\" role=\"button\" rel=\"noopener noreferrer\">Conhe\u00e7a os cursos<\/a>\n        <\/div>\n      <\/div>\n     \n    <\/div>\n\n  <\/div>\n<\/div>\n\n\n\n<p>Confira os detalhes do certame no \u00edndice abaixo:<\/p>\n\n\n\n<ul class=\"wp-block-list\">\n<li><a href=\"#datas\">Principais datas<\/a><\/li>\n\n\n\n<li><a href=\"#cargos\">Cargos, vagas e remunera\u00e7\u00e3o <\/a><\/li>\n\n\n\n<li><a href=\"#requisitos\">Requisitos e atribui\u00e7\u00f5es <\/a><\/li>\n\n\n\n<li><a href=\"#provas\">Provas <\/a>\n<ul class=\"wp-block-list\">\n<li><a href=\"#objetiva\">Objetiva <\/a><\/li>\n\n\n\n<li><a href=\"#discursiva\">Discursiva <\/a><\/li>\n<\/ul>\n<\/li>\n\n\n\n<li><a href=\"#artigos\">Artigos <\/a><\/li>\n\n\n\n<li><a href=\"#cursos\">Cursos <\/a><\/li>\n<\/ul>\n\n\n\n<h2 class=\"wp-block-heading\" id=\"concurso-sme-ouro-preto-principais-datas\">Concurso SME Ouro Preto: principais datas<\/h2>\n\n\n\n<ul class=\"has-pale-ocean-gradient-background has-background wp-block-list\">\n<li><strong>Inscri\u00e7\u00e3o: <\/strong><s>das 09h00 do dia 12 de setembro \u00e0s 15h59 do dia 10 de novembro<\/s><\/li>\n\n\n\n<li><strong>Isen\u00e7\u00e3o:<\/strong> <s>das 09h00 do dia 12 de setembro at\u00e9 \u00e0s 15h59 do dia 14 de setembro<\/s><\/li>\n\n\n\n<li><strong>\u00daltimo dia pagamento boleto: <\/strong><s>11 de novembro de 2022<\/s><\/li>\n\n\n\n<li><strong>Prova: <\/strong>26 de mar\u00e7o de 2023<\/li>\n<\/ul>\n\n\n\n<h3 class=\"wp-block-heading\">Provas remarcadas<\/h3>\n\n\n\n<p>As provas do <strong>concurso SME Ouro Preto<\/strong> foram adiadas. A decis\u00e3o de alterar a data para a realiza\u00e7\u00e3o dos testes ocorre em raz\u00e3o dos transtornos decorrentes das fortes chuvas que atingiram Ouro Preto, e que refletem diretamente na mobilidade dos candidatos inscritos no certame.<\/p>\n\n\n\n<p>Agora as provas ser\u00e3o aplicadas no dia <strong>26 de mar\u00e7o de 2023<\/strong>, nos turnos da manh\u00e3 e da tarde. Confira abaixo o documento completo!<\/p>\n\n\n\n<ul class=\"has-background has-medium-font-size wp-block-list\" style=\"background-color:#7bdb819e\">\n<li><a href=\"https:\/\/dhg1h5j42swfq.cloudfront.net\/2023\/01\/10160816\/retificacao-no-03-edital-no-02-2022.pdf\" target=\"_blank\" rel=\"noreferrer noopener nofollow\"><strong>Novas datas de provas concurso SME Ouro Preto<\/strong><\/a><\/li>\n<\/ul>\n\n\n\n<h2 class=\"wp-block-heading\" id=\"concurso-sme-ouro-preto-cargos-vagas-e-remuneracao\">Concurso SME Ouro Preto: cargos, vagas e remunera\u00e7\u00e3o <\/h2>\n\n\n\n<h3 class=\"wp-block-heading\" id=\"vagas-nivel-medio\">Vagas n\u00edvel m\u00e9dio <\/h3>\n\n\n\n<ul class=\"wp-block-list\">\n<li>Cuidador de Crian\u00e7a &#8211; 26 vagas; remunera\u00e7\u00e3o de R$ 1.985,81; e<\/li>\n\n\n\n<li>Secret\u00e1rio de Escola &#8211; 01 vaga; remunera\u00e7\u00e3o de R$ 1.985,81. <\/li>\n<\/ul>\n\n\n\n<h3 class=\"wp-block-heading\" id=\"nivel-superior\">N\u00edvel superior <\/h3>\n\n\n\n<ul class=\"wp-block-list\">\n<li>Pedagogo &#8211; 17 vagas; remunera\u00e7\u00e3o de R$ 3.316,96;<\/li>\n\n\n\n<li>Professor de L\u00edngua Brasileira de Sinais &#8211; 01 vaga; remunera\u00e7\u00e3o de R$ 3.316,96;<\/li>\n\n\n\n<li>Professor para Ensino do uso da Biblioteca &#8211; 01 vaga; remunera\u00e7\u00e3o de R$ 3.316,96;<\/li>\n\n\n\n<li>Professor de Educa\u00e7\u00e3o B\u00e1sica e da Educa\u00e7\u00e3o Infantil e dos ano iniciais do Ensino Fundamental &#8211; 72 vagas; remunera\u00e7\u00e3o de R$ 3.316,96;<\/li>\n\n\n\n<li>Professor de Educa\u00e7\u00e3o B\u00e1sica e da Educa\u00e7\u00e3o Infantil do Ensino Fundamental &#8211; Artes &#8211; 02 vagas; remunera\u00e7\u00e3o de R$ 3.316,96;<\/li>\n\n\n\n<li>Professor de Educa\u00e7\u00e3o B\u00e1sica e da Educa\u00e7\u00e3o Infantil do Ensino Fundamental &#8211; Ci\u00eancias &#8211; 05 vagas; remunera\u00e7\u00e3o de R$ 3.316,96;<\/li>\n\n\n\n<li>Professor de Educa\u00e7\u00e3o B\u00e1sica e da Educa\u00e7\u00e3o Infantil do Ensino Fundamental &#8211; Educa\u00e7\u00e3o F\u00edsica &#8211; 18 vagas; remunera\u00e7\u00e3o de R$ 3.316,96;<\/li>\n\n\n\n<li>Professor de Educa\u00e7\u00e3o B\u00e1sica e da Educa\u00e7\u00e3o Infantil do Ensino Fundamental &#8211; Ensino Religioso &#8211; 04 vagas; remunera\u00e7\u00e3o de R$ 3.316,96;<\/li>\n\n\n\n<li>Professor de Educa\u00e7\u00e3o B\u00e1sica e da Educa\u00e7\u00e3o Infantil do Ensino Fundamental &#8211; Geografia &#8211; 01 vaga; remunera\u00e7\u00e3o de R$ 3.316,96;<\/li>\n\n\n\n<li>Professor de Educa\u00e7\u00e3o B\u00e1sica e da Educa\u00e7\u00e3o Infantil do Ensino Fundamental &#8211; Hist\u00f3ria &#8211; 03 vagas; remunera\u00e7\u00e3o de R$ 3.316,96;<\/li>\n\n\n\n<li>Professor de Educa\u00e7\u00e3o B\u00e1sica e da Educa\u00e7\u00e3o Infantil do Ensino Fundamental &#8211; Ingl\u00eas &#8211; CR; remunera\u00e7\u00e3o de R$ 3.316,96;<\/li>\n\n\n\n<li>Professor de Educa\u00e7\u00e3o B\u00e1sica e da Educa\u00e7\u00e3o Infantil do Ensino Fundamental &#8211; Matem\u00e1tica &#8211; 13 vagas; remunera\u00e7\u00e3o de R$ 3.316,96;<\/li>\n\n\n\n<li>Professor de Educa\u00e7\u00e3o B\u00e1sica e da Educa\u00e7\u00e3o Infantil do Ensino Fundamental &#8211; Portugu\u00eas &#8211; 07 vagas; remunera\u00e7\u00e3o de R$ 3.316,96; e<\/li>\n\n\n\n<li>Professor de Atendimento Educacional Especializado &#8211; 01 vaga; remunera\u00e7\u00e3o de R$ 3.316,96.<\/li>\n<\/ul>\n\n\n\n<h2 class=\"wp-block-heading\" id=\"concurso-sme-ouro-preto-requisitos-e-atribuicoes\">Concurso SME Ouro Preto: requisitos e atribui\u00e7\u00f5es<\/h2>\n\n\n\n<ul class=\"wp-block-list\">\n<li><strong>CUIDADOR DE CRIAN\u00c7AS<\/strong><br \/>PR\u00c9-REQUISITO: Ensino M\u00e9dio Completo.<br \/>CARGA HOR\u00c1RIA: 30 horas semanais<br \/>DESCRI\u00c7\u00c3O: Auxiliar e monitorar os professores das creches e, ainda:<br \/>ATIVIDADES:<br \/>\u2022 prestar informa\u00e7\u00f5es e orientar os pais das crian\u00e7as;<br \/>\u2022 fazer cadastros de novas crian\u00e7as e arquiv\u00e1-los;<br \/>\u2022 atender ao telefone e fazer as devidas anota\u00e7\u00f5es quando for o caso;<br \/>\u2022 promover a alimenta\u00e7\u00e3o das crian\u00e7as nos hor\u00e1rios determinados;<br \/>\u2022 promover o banho das crian\u00e7as;<br \/>\u2022 auxiliar nos exerc\u00edcios f\u00edsicos e pedag\u00f3gicos das crian\u00e7as;<br \/>\u2022 promover a alimenta\u00e7\u00e3o das crian\u00e7as nos hor\u00e1rios determinados;<br \/>\u2022 executar outras atividades correlatas.<\/li>\n<\/ul>\n\n\n\n<ul class=\"wp-block-list\">\n<li><strong>SECRET\u00c1RIO DE ESCOLA<br \/><\/strong>PR\u00c9-REQUISITO: Ensino M\u00e9dio Completo.<br \/>CARGA HOR\u00c1RIA: 30 horas semanais<br \/>DESCRI\u00c7\u00c3O: Atividades concernentes aos servi\u00e7os de secretaria escolar.<br \/>ATIVIDADES:<br \/>\u2022 controlar frequ\u00eancia dos alunos;<br \/>\u2022 preencher cadernetas;<br \/>\u2022 confeccionar e verificar folha de ponto;<br \/>\u2022 digitar documentos;<br \/>\u2022 elaborar of\u00edcios, memorandos, correspond\u00eancias;<br \/>\u2022 verificar di\u00e1rios de classe;<br \/>\u2022 realizar matr\u00edculas;<br \/>\u2022 confeccionar planilhas de turmas;<br \/>\u2022 expedir transfer\u00eancias escolares;<br \/>\u2022 realizar escritura\u00e7\u00e3o dos hist\u00f3ricos escolares;<br \/>\u2022 executar outras atividades correlatas.<\/li>\n<\/ul>\n\n\n\n<ul class=\"wp-block-list\">\n<li><strong>PEDAGOGO<br \/><\/strong>PR\u00c9-REQUISITO: Ensino Superior Completo em Pedagogia com registro no \u00f3rg\u00e3o de classe<br \/>competente.<br \/>CARGA HOR\u00c1RIA: 30 horas semanais<br \/>DESCRI\u00c7\u00c3O: Planejar, elaborar, coordenar, monitorar e avaliar projetos educacionais e de<br \/>qualifica\u00e7\u00e3o profissional. Desenvolver atividades de reeduca\u00e7\u00e3o na \u00e1rea de atua\u00e7\u00e3o, respeitados os<br \/>regulamentos do servi\u00e7o.<br \/>ATIVIDADES:<br \/>\u2022 auxiliar no desenvolvimento de programas educativos;<br \/>\u2022 participar da produ\u00e7\u00e3o de material did\u00e1tico.<br \/>\u2022 auxiliar na elabora\u00e7\u00e3o de planilhas e relat\u00f3rios;<br \/>\u2022 desenvolver e executar programas educativos, bem como criar condi\u00e7\u00f5es pedag\u00f3gicas e<br \/>operacionais para implementa\u00e7\u00e3o dos mesmos;<br \/>\u2022 realizar estudos, programas, produzir materiais did\u00e1ticos, promover e realizar palestras educativas,<br \/>multiplicando facilitadores e educadores;<br \/>\u2022 dar suporte pedag\u00f3gico a outras unidades da Administra\u00e7\u00e3o, quando necess\u00e1rio;<br \/>\u2022 orientar equipes de trabalho em campo;<br \/>\u2022 exercer atividades de inspe\u00e7\u00e3o escolar;<br \/>\u2022 articular o processo pedag\u00f3gico no interior da escola, tendo como princ\u00edpio do seu trabalho a<br \/>gest\u00e3o democr\u00e1tica, o trabalho coletivo, \u00e9tica profissional e comprometimento pol\u00edtico<br \/>pedag\u00f3gico.<br \/>\u2022 participar na organiza\u00e7\u00e3o das turmas, calend\u00e1rio letivo, distribui\u00e7\u00e3o das aulas e disciplinas, hor\u00e1rio<br \/>semanal de aulas.<br \/>\u2022 organizar momentos com o professor para estudo, planejamento e aperfei\u00e7oamento do processo<br \/>de ensino e aprendizagem.<br \/>\u2022 orientar o professor no registro da frequ\u00eancia em conson\u00e2ncia com as normas vigentes.<br \/>\u2022 implementar a proposta curricular da escola de acordo com as pol\u00edticas educacionais vigentes.<br \/>\u2022 sugerir projetos de interven\u00e7\u00e3o na realidade da escola para a melhoria do processo educativo.<br \/>\u2022 acompanhar o trabalho pedag\u00f3gico desenvolvido pelos professores.<br \/>\u2022 assessorar o professor no planejamento, quanto a sele\u00e7\u00e3o de conte\u00fados e transposi\u00e7\u00e3o did\u00e1tica em conson\u00e2ncia com os objetivos da Proposta Pedag\u00f3gica Curricular e com as Diretrizes de cada<br \/>disciplina.<br \/>\u2022 planejar em conjunto com o coletivo da escola a interven\u00e7\u00e3o aos problemas levantados em<br \/>conselho de classe.<br \/>\u2022 levantar e informar ao coletivo de profissionais da escola e comunidade os dados do<br \/>aproveitamento escolar.<br \/>\u2022 coordenar a escolha e aquisi\u00e7\u00e3o de materiais e equipamentos de uso did\u00e1tico\u2013pedag\u00f3gicos.<br \/>\u2022 acompanhar as avalia\u00e7\u00f5es externas, apresentar os resultados \u00e0 comunidade escolar e planejar<br \/>interven\u00e7\u00f5es a partir destes resultados.<br \/>\u2022 incentivar e assessorar o professor na sele\u00e7\u00e3o de recursos did\u00e1ticos para o ensino e aprendizagem<br \/>dos conte\u00fados escolares.<br \/>\u2022 coordenar o projeto de forma\u00e7\u00e3o continuada dos profissionais da escola para o aprimoramento<br \/>te\u00f3rico-metodol\u00f3gico.<br \/>\u2022 pesquisar e fornecer subs\u00eddios te\u00f3rico-metodol\u00f3gicos para o estudo e atender necessidades do<br \/>trabalho pedag\u00f3gico.<br \/>\u2022 organizar reuni\u00f5es de estudo para a reflex\u00e3o e aprofundamento de temas relativos ao trabalho<br \/>pedag\u00f3gico da escola.<br \/>\u2022 participar do conselho escolar subsidiando te\u00f3rica e metodologicamente as reflex\u00f5es e decis\u00f5es<br \/>sobre o trabalho pedag\u00f3gico escolar.<br \/>\u2022 incentivar e propiciar a participa\u00e7\u00e3o dos alunos nos diversos momentos e \u00f3rg\u00e3os colegiados da<br \/>escola.<br \/>\u2022 zelar pelo cumprimento dos preceitos constitucionais, da legisla\u00e7\u00e3o educacional vigente e do<br \/>Estatuto da crian\u00e7a e do adolescente, como fundamentos da pr\u00e1tica educativa.<br \/>\u2022 promover reuni\u00f5es com pais ou respons\u00e1veis pelos alunos matriculados.<br \/>\u2022 organizar e coordenar conselhos de classe de forma a garantir um processo coletivo de<br \/>reflex\u00e3o\/a\u00e7\u00e3o sobre o trabalho pedag\u00f3gico.<br \/>\u2022 acompanhar e assessorar o professor na sele\u00e7\u00e3o de procedimentos de avalia\u00e7\u00e3o do rendimento da<br \/>aprendizagem adequando-os aos objetivos educacionais previstos no P.P.P.<br \/>\u2022 organizar o uso dos recursos tecnol\u00f3gicos na escola de forma que o professor utilize dessas<br \/>ferramentas.<br \/>\u2022 acompanhar a frequ\u00eancia dos alunos \u00e0s aulas, fazendo as devidas interven\u00e7\u00f5es e encaminhando<br \/>para os \u00d3rg\u00e3os competentes quando necess\u00e1rio.<br \/>\u2022 incentivar os alunos \u00e0 pr\u00e1tica de h\u00e1bitos saud\u00e1veis de higiene evitando assim a transmiss\u00e3o de<br \/>doen\u00e7as como influenza A e outras doen\u00e7as transmiss\u00edveis.<br \/>\u2022 participar da sua forma\u00e7\u00e3o continuada para atualiza\u00e7\u00e3o te\u00f3rico-metodol\u00f3gica.<br \/>\u2022 ajudar na administra\u00e7\u00e3o da escola como um todo.<br \/>\u2022 contribuir para a educa\u00e7\u00e3o inclusiva e respeitar a diversidade.<br \/>\u2022 trabalhar de modo a garantir direitos dos educandos.<br \/>\u2022 laborar com a n\u00e3o discrimina\u00e7\u00e3o por qualquer motivo ou natureza.<br \/>\u2022 agir com \u00e9tica e profissionalismo;<br \/>\u2022 realizar outras tarefas de mesmo n\u00edvel de complexidade e referenciadas ao cargo.<\/li>\n<\/ul>\n\n\n\n<ul class=\"wp-block-list\">\n<li><strong>PROFESSOR DE L\u00cdNGUA BRASILEIRA DE SINAIS<br \/><\/strong>PR\u00c9-REQUISITO: Ensino Superior Completo com Licenciatura em Letras \u2013 LIBRAS; OU Ensino<br \/>Superior Completo com habilita\u00e7\u00e3o para o exerc\u00edcio da doc\u00eancia; OU Ensino Superior Completo com<br \/>habilita\u00e7\u00e3o ou qualifica\u00e7\u00e3o com profici\u00eancia (atestado por institui\u00e7\u00e3o reconhecida pelo MEC) na<br \/>L\u00edngua Brasileira de Sinais \u2013 LIBRAS.<br \/>CARGA HOR\u00c1RIA: 30 horas semanais<br \/>DESCRI\u00c7\u00c3O: Lecionar aulas de L\u00edngua Brasileira de Sinais e realizar atendimentos em Libras.<br \/>ATIVIDADES:<br \/>\u2022 ministrar aulas pr\u00e1ticas de L\u00edngua Brasileira de Sinais tanto para os educadores e profissionais<br \/>vinculados \u00e0 Secretaria Municipal de Educa\u00e7\u00e3o quanto para os alunos matriculados na rede p\u00fablica<br \/>municipal de ensino;<br \/>\u2022 realizar o atendimento em Libras, no contraturno em que o estudante com surdez est\u00e1 matriculado<br \/>na sala regular, duas horas, duas vezes na semana;<br \/>\u2022 apoiar o trabalho do professor na transmiss\u00e3o da L\u00edngua Brasileira de Sinais;<br \/>\u2022 orientar a aplica\u00e7\u00e3o de metodologia no ensino de L\u00edngua Brasileira de Sinais;<br \/>\u2022 participar na escolha do livro did\u00e1tico;<br \/>\u2022 participar de estudos e pesquisas da sua \u00e1rea de atua\u00e7\u00e3o;<br \/>\u2022 participar da avalia\u00e7\u00e3o institucional do sistema educacional do Munic\u00edpio e estado;<br \/>\u2022 participar de cursos espec\u00edficos na \u00e1rea e de inform\u00e1tica com tecnologia assistiva;<br \/>\u2022 participar das atividades, dos projetos e dos eventos relativos \u00e0 efetiva\u00e7\u00e3o de Pol\u00edticas P\u00fablicas<br \/>orientadas pela Gest\u00e3o Escolar, Secretaria Municipal de Educa\u00e7\u00e3o, \u00f3rg\u00e3os de Controle Social e<br \/>institui\u00e7\u00f5es competentes, inclusive na fase de proposi\u00e7\u00e3o e elabora\u00e7\u00e3o;<br \/>\u2022 executar outras atividades correlatas;<br \/>\u2022 realizar transcri\u00e7\u00e3o de documentos e material did\u00e1tico, do sistema convencional (escrita em tinta),<br \/>para o sistema Braille e vice e versa;<br \/>\u2022 elaborar servi\u00e7os e recursos pedag\u00f3gicos, de acessibilidade e estrat\u00e9gias, considerando as<br \/>necessidades espec\u00edficas dos alunos com cegueira e baixa vis\u00e3o;<br \/>\u2022 elaborar e executar plano de atendimento educacional especializado, avaliando a aplicabilidade e<br \/>a funcionalidade dos recursos pedag\u00f3gicos;<br \/>\u2022 promover a divulga\u00e7\u00e3o de atualiza\u00e7\u00f5es implementadas no sistema Braille;<br \/>\u2022 promover a difus\u00e3o do sistema Braille, ministrando treinamentos para profissionais da \u00e1rea de<br \/>educa\u00e7\u00e3o e comunidade em geral;<br \/>\u2022 realizar atendimento itinerante, no que se refere \u00e0 adapta\u00e7\u00e3o de material pedag\u00f3gico, destinado<br \/>aos educandos com defici\u00eancia visual matriculados no sistema regular de ensino;<br \/>\u2022 participar de cursos espec\u00edficos na \u00e1rea de inform\u00e1tica com tecnologia assistiva;<br \/>\u2022 participar das atividades, dos projetos e dos eventos relativos \u00e0 efetiva\u00e7\u00e3o de Pol\u00edticas P\u00fablicas<br \/>orientadas pela Gest\u00e3o Escolar, SEDU, \u00f3rg\u00e3os de Controle Social e institui\u00e7\u00f5es competentes,<br \/>inclusive na fase de proposi\u00e7\u00e3o e elabora\u00e7\u00e3o;<br \/>\u2022 participar da forma\u00e7\u00e3o de professores Braillistas;<br \/>\u2022 produ\u00e7\u00e3o e publica\u00e7\u00e3o de textos pedag\u00f3gicos;<br \/>\u2022 participar da promo\u00e7\u00e3o e coordena\u00e7\u00e3o de reuni\u00f5es, encontros, semin\u00e1rios, cursos, eventos da \u00e1rea<br \/>educacional e correlatos;<br \/>\u2022 participar da elabora\u00e7\u00e3o e avalia\u00e7\u00e3o de propostas curriculares;<br \/>\u2022 participar da escolha do livro did\u00e1tico;<br \/>\u2022 participar de estudos e pesquisas da sua \u00e1rea de atua\u00e7\u00e3o;<br \/>\u2022 participar da elabora\u00e7\u00e3o e gest\u00e3o da proposta pedag\u00f3gica da escola em uma a\u00e7\u00e3o coletiva com os<br \/>demais segmentos;<br \/>\u2022 participar da avalia\u00e7\u00e3o institucional do sistema educacional do munic\u00edpio e do estado;<br \/>\u2022 executar outras atividades correlatas.<\/li>\n<\/ul>\n\n\n\n<ul class=\"wp-block-list\">\n<li><strong>PROFESSOR PARA ENSINO DO USO DA BIBLIOTECA &#8211; PEUB<\/strong><br \/>PR\u00c9-REQUISITO: Ensino Superior Completo com habilita\u00e7\u00e3o para o exerc\u00edcio da doc\u00eancia.<br \/>CARGA HOR\u00c1RIA: 30 horas semanais<br \/>DESCRI\u00c7\u00c3O: Reg\u00eancia de aulas de Ensino do Uso da Biblioteca, Executar Programas e Projetos de<br \/>Desenvolvimento de Media\u00e7\u00e3o de Leitura, organizar Bibliotecas e atuar em Projetos da Secretaria<br \/>Municipal de Educa\u00e7\u00e3o.<br \/>ATIVIDADES:<br \/>\u2022 organizar a Biblioteca de forma a facilitar o uso do livro, do v\u00eddeo, retroprojetor, do projetor de<br \/>slides e de outros materiais e\/ou equipamentos nela existentes, assegurando ao usu\u00e1rio um<br \/>ambiente prop\u00edcio \u00e0 reflex\u00e3o e estimulador da criatividade e da imagina\u00e7\u00e3o;<br \/>\u2022 zelar pela conserva\u00e7\u00e3o do acervo da biblioteca, orientando o usu\u00e1rio, docente e discente, com<br \/>vistas \u00e0 adequada utiliza\u00e7\u00e3o desse servi\u00e7o;<br \/>\u2022 promover atividades individuais e\/ou coletivas, especialmente as que estimulem os alunos a<br \/>produzirem textos;<br \/>\u2022 divulgar, no \u00e2mbito da Escola, os programas de v\u00eddeo dispon\u00edveis, fazendo com que a sua<br \/>utiliza\u00e7\u00e3o seja instrumento de lazer, cultura, informa\u00e7\u00e3o, humaniza\u00e7\u00e3o e socializa\u00e7\u00e3o;<br \/>\u2022 desenvolver um trabalho articulado &#8211; imagem, leitura e outras Artes, buscando a integra\u00e7\u00e3o entre<br \/>Educa\u00e7\u00e3o e Cultura como fator de melhoria da qualidade do ensino;<br \/>\u2022 colaborar com o desenvolvimento das atividades curriculares da Escola, facilitando a<br \/>interdisciplinaridade e criando condi\u00e7\u00f5es para que os alunos compreendam melhor a realidade em<br \/>que vivem;<br \/>\u2022 ministrar aulas de uso da biblioteca, sensibilizando professores e alunos para o h\u00e1bito da leitura;<br \/>\u2022 participar efetivamente da vida cultural e social da comunidade escolar, incentivando, por meio de<br \/>promo\u00e7\u00f5es, o gosto pela leitura;<br \/>\u2022 coordenar os Laborat\u00f3rios de Inform\u00e1tica Educativa &#8211; LIEDs, nas Escolas em que existirem.<br \/><\/li>\n\n\n\n<li><strong>PROFESSOR DE EDUCA\u00c7\u00c3O B\u00c1SICA E DA EDUCA\u00c7\u00c3O INFANTIL E DOS ANOS INICIAIS DO ENSINO FUNDAMENTAL &#8211; PEB-AI <\/strong><br \/>PR\u00c9-REQUISITO: Curso de Magist\u00e9rio de N\u00edvel Superior Completo; OU Ensino Superior<br \/>Completo em Pedagogia, com \u00eanfase em Educa\u00e7\u00e3o Infantil e anos iniciais do Ensino Fundamental.<br \/>CARGA HOR\u00c1RIA: 30 horas semanais<br \/>DESCRI\u00c7\u00c3O: Reg\u00eancia de classe de educa\u00e7\u00e3o infantil, no Ensino Fundamental de 5\u00aa \u00e0 8\u00aa s\u00e9rie, em<br \/>sua \u00e1rea de habilita\u00e7\u00e3o espec\u00edfica.<br \/>ATIVIDADES:<br \/>\u2022 participar da elabora\u00e7\u00e3o da proposta pedag\u00f3gica de sua unidade escolar;<br \/>\u2022 cumprir o plano de trabalho estabelecido de acordo com a proposta pedag\u00f3gica de sua unidade<br \/>escolar;<br \/>\u2022 elaborar programas e planos de aula, relacionando e confeccionando material did\u00e1tico a ser<br \/>utilizado, em articula\u00e7\u00e3o com a equipe de orienta\u00e7\u00e3o pedag\u00f3gica;<br \/>\u2022 elaborar e confeccionar, em articula\u00e7\u00e3o com a equipe de orienta\u00e7\u00e3o pedag\u00f3gica, material destinado \u00e0 divulga\u00e7\u00e3o do pensamento, da arte e do saber, nos termos da Constitui\u00e7\u00e3o Federal, Art. 206, II;<br \/>\u2022 elaborar e confeccionar, em articula\u00e7\u00e3o com a equipe de orienta\u00e7\u00e3o pedag\u00f3gica, material destinado \u00e0 conscientiza\u00e7\u00e3o dos alunos para preserva\u00e7\u00e3o do patrim\u00f4nio art\u00edstico, hist\u00f3rico, cultural e<br \/>ambiental do Pa\u00eds, Estado e Munic\u00edpio;<br \/>\u2022 ministrar aulas, repassando aos alunos os conte\u00fados definidos nos planos de aula;<br \/>\u2022 orientar os alunos na formula\u00e7\u00e3o e implementa\u00e7\u00e3o de projetos de pesquisa quanto ao seu formato<br \/>e \u00e0 sele\u00e7\u00e3o, leitura e utiliza\u00e7\u00e3o de textos liter\u00e1rios e did\u00e1ticos indispens\u00e1veis ao seu<br \/>desenvolvimento;<br \/>\u2022 elaborar, aplicar e corrigir testes, provas e outros instrumentos usuais de avalia\u00e7\u00e3o para verifica\u00e7\u00e3o<br \/>do aproveitamento dos alunos e da efic\u00e1cia dos m\u00e9todos adotados;<br \/>\u2022 controlar e avaliar o rendimento escolar dos alunos;<br \/>\u2022 estabelecer estrat\u00e9gias de recupera\u00e7\u00e3o paralela para alunos de menor rendimento;<br \/>\u2022 elaborar e encaminhar relat\u00f3rio das atividades desenvolvidas \u00e0 dire\u00e7\u00e3o ou \u00e0 coordena\u00e7\u00e3o da<br \/>unidade escolar em que est\u00e1 lotado;<br \/>\u2022 participar da organiza\u00e7\u00e3o de atividades de integra\u00e7\u00e3o da escola com as fam\u00edlias e a comunidade;<br \/>\u2022 participar de reuni\u00f5es com pais de alunos e com outros profissionais de ensino;<br \/>\u2022 participar e\/ou organizar reuni\u00f5es, cursos, semin\u00e1rios e grupos de trabalho, visando ao<br \/>aperfei\u00e7oamento, atualiza\u00e7\u00e3o e capacita\u00e7\u00e3o profissional do aluno, bem como a melhoria da<br \/>qualidade do ensino, em sua \u00e1rea de atua\u00e7\u00e3o;<br \/>\u2022 participar integralmente dos per\u00edodos dedicados ao planejamento e \u00e0 avalia\u00e7\u00e3o do processo ensino aprendizagem e ao seu desenvolvimento profissional;<br \/>\u2022 participar de projetos de inclus\u00e3o escolar, refor\u00e7o de aprendizagem ou corre\u00e7\u00e3o de problemas junto dos alunos da rede municipal de ensino;<br \/>\u2022 participar e\/ou organizar eventos destinados \u00e0 comemora\u00e7\u00e3o de datas significativas nacionais,<br \/>estaduais e municipais, no \u00e2mbito de sua atua\u00e7\u00e3o;<br \/>\u2022 participar de reuni\u00f5es, grupos de trabalho e\/ou outras a\u00e7\u00f5es destinadas a assegurar o pleno<br \/>desenvolvimento da crian\u00e7a e do adolescente, a prote\u00e7\u00e3o integral aos seus direitos, o seu preparo<br \/>para o exerc\u00edcio da cidadania e a sua qualifica\u00e7\u00e3o para o trabalho;<br \/>\u2022 prestar assist\u00eancia e suporte, quando couber, aos \u00f3rg\u00e3os encarregados de assegurar o cumprimento do Estatuto da Crian\u00e7a e do Adolescente;<br \/>\u2022 executar outras atribui\u00e7\u00f5es afins.<br \/><\/li>\n\n\n\n<li><strong>PROFESSOR DE EDUCA\u00c7\u00c3O B\u00c1SICA E DA EDUCA\u00c7\u00c3O INFANTIL DO ENSINO FUNDAMENTAL PEB &#8211; HE ARTES<\/strong><br \/>PR\u00c9-REQUISITO: Ensino Superior Completo com Licenciatura plena com habilita\u00e7\u00e3o espec\u00edfica<br \/>no componente da convoca\u00e7\u00e3o; OU Ensino Superior Completo com Licenciatura Plena na \u00e1rea de<br \/>Linguagens ou de Ci\u00eancias Humanas, com habilita\u00e7\u00e3o para doc\u00eancia nos Anos Finais do Ensino<br \/>Fundamental, do componente curricular espec\u00edfico da convoca\u00e7\u00e3o; OU Ensino Superior Completo<br \/>com Licenciatura Plena regulamentada pela Portaria MEC n\u00b0 399\/1989, com habilita\u00e7\u00e3o espec\u00edfica no<br \/>componente da convoca\u00e7\u00e3o; OU Ensino Superior Completo com licenciatura ou bacharelado ou<br \/>tecnol\u00f3gico em qualquer \u00e1rea do conhecimento, acrescida(o) de curso t\u00e9cnico com habilita\u00e7\u00e3o<br \/>correspondente ou correlata, em um das linguagens art\u00edsticas de Artes Visuais\/Pl\u00e1sticas, Dan\u00e7a,<br \/>M\u00fasica e Teatro\/Artes C\u00eanicas com carga hor\u00e1ria m\u00ednima de 800 horas.<br \/>DESCRI\u00c7\u00c3O: Reg\u00eancia de classe de educa\u00e7\u00e3o infantil, no Ensino Fundamental de 5\u00aa \u00e0 8\u00aa s\u00e9rie, em<br \/>sua \u00e1rea de habilita\u00e7\u00e3o espec\u00edfica.<br \/>ATIVIDADES:<br \/>\u2022 participar da elabora\u00e7\u00e3o da proposta pedag\u00f3gica de sua unidade escolar;<br \/>\u2022 cumprir o plano de trabalho estabelecido de acordo com a proposta pedag\u00f3gica de sua unidade<br \/>escolar;<br \/>\u2022 elaborar programas e planos de aula, relacionando e confeccionando material did\u00e1tico a ser<br \/>utilizado, em articula\u00e7\u00e3o com a equipe de orienta\u00e7\u00e3o pedag\u00f3gica;<br \/>\u2022 elaborar e confeccionar, em articula\u00e7\u00e3o com a equipe de orienta\u00e7\u00e3o pedag\u00f3gica, material destinado \u00e0 divulga\u00e7\u00e3o do pensamento, da arte e do saber, nos termos da Constitui\u00e7\u00e3o Federal, Art. 206, II;<br \/>\u2022 elaborar e confeccionar, em articula\u00e7\u00e3o com a equipe de orienta\u00e7\u00e3o pedag\u00f3gica, material destinado \u00e0 conscientiza\u00e7\u00e3o dos alunos para preserva\u00e7\u00e3o do patrim\u00f4nio art\u00edstico, hist\u00f3rico, cultural e<br \/>ambiental do Pa\u00eds, Estado e Munic\u00edpio;<br \/>\u2022 ministrar aulas, repassando aos alunos os conte\u00fados definidos nos planos de aula;<br \/>\u2022 orientar os alunos na formula\u00e7\u00e3o e implementa\u00e7\u00e3o de projetos de pesquisa quanto ao seu formato<br \/>e \u00e0 sele\u00e7\u00e3o, leitura e utiliza\u00e7\u00e3o de textos liter\u00e1rios e did\u00e1ticos indispens\u00e1veis ao seu desenvolvimento;<br \/>\u2022 elaborar, aplicar e corrigir testes, provas e outros instrumentos usuais de avalia\u00e7\u00e3o para verifica\u00e7\u00e3o<br \/>do aproveitamento dos alunos e da efic\u00e1cia dos m\u00e9todos adotados;<br \/>\u2022 controlar e avaliar o rendimento escolar dos alunos;<br \/>\u2022 estabelecer estrat\u00e9gias de recupera\u00e7\u00e3o paralela para alunos de menor rendimento;<br \/>\u2022 elaborar e encaminhar relat\u00f3rio das atividades desenvolvidas \u00e0 dire\u00e7\u00e3o ou \u00e0 coordena\u00e7\u00e3o da<br \/>unidade escolar em que est\u00e1 lotado;<br \/>\u2022 participar da organiza\u00e7\u00e3o de atividades de integra\u00e7\u00e3o da escola com as fam\u00edlias e a comunidade;<br \/>\u2022 participar de reuni\u00f5es com pais de alunos e com outros profissionais de ensino;<br \/>\u2022 participar e\/ou organizar reuni\u00f5es, cursos, semin\u00e1rios e grupos de trabalho, visando ao<br \/>aperfei\u00e7oamento, atualiza\u00e7\u00e3o e capacita\u00e7\u00e3o profissional do aluno, bem como a melhoria da<br \/>qualidade do ensino, em sua \u00e1rea de atua\u00e7\u00e3o;<br \/>\u2022 participar integralmente dos per\u00edodos dedicados ao planejamento e \u00e0 avalia\u00e7\u00e3o do processo ensino aprendizagem e ao seu desenvolvimento profissional;<br \/>\u2022 participar de projetos de inclus\u00e3o escolar, refor\u00e7o de aprendizagem ou corre\u00e7\u00e3o de problemas junto dos alunos da rede municipal de ensino;<br \/>\u2022 participar e\/ou organizar eventos destinados \u00e0 comemora\u00e7\u00e3o de datas significativas nacionais,<br \/>estaduais e municipais, no \u00e2mbito de sua atua\u00e7\u00e3o;<br \/>\u2022 participar de reuni\u00f5es, grupos de trabalho e\/ou outras a\u00e7\u00f5es destinadas a assegurar o pleno<br \/>desenvolvimento da crian\u00e7a e do adolescente, a prote\u00e7\u00e3o integral aos seus direitos, o seu preparo<br \/>para o exerc\u00edcio da cidadania e a sua qualifica\u00e7\u00e3o para o trabalho;<br \/>\u2022 prestar assist\u00eancia e suporte, quando couber, aos \u00f3rg\u00e3os encarregados de assegurar o cumprimento<br \/>do Estatuto da Crian\u00e7a e do Adolescente;<br \/>\u2022 executar outras atribui\u00e7\u00f5es afins.<br \/><\/li>\n\n\n\n<li><strong>PROFESSOR DE EDUCA\u00c7\u00c3O B\u00c1SICA E DA EDUCA\u00c7\u00c3O INFANTIL DO ENSINO FUNDAMENTAL PEB &#8211; HE CI\u00caNCIAS <\/strong><br \/>PR\u00c9-REQUISITO: Ci\u00eancias da Natureza, com habilita\u00e7\u00e3o para doc\u00eancia nos Anos Finais do Ensino Fundamental, do componente curricular espec\u00edfico da convoca\u00e7\u00e3o; OU Ensino Superior Completo com Licenciatura Plena regulamentada pela Portaria MEC n\u00b0 399\/1989, com habilita\u00e7\u00e3o espec\u00edfica no componente da convoca\u00e7\u00e3o.<br \/>CARGA HOR\u00c1RIA: 22,5 horas semanais<br \/>DESCRI\u00c7\u00c3O: Reg\u00eancia de classe de educa\u00e7\u00e3o infantil, no Ensino Fundamental de 5\u00aa \u00e0 8\u00aa s\u00e9rie, em<br \/>sua \u00e1rea de habilita\u00e7\u00e3o espec\u00edfica.<br \/>ATIVIDADES:<br \/>\u2022 participar da elabora\u00e7\u00e3o da proposta pedag\u00f3gica de sua unidade escolar;<br \/>\u2022 cumprir o plano de trabalho estabelecido de acordo com a proposta pedag\u00f3gica de sua unidade<br \/>escolar;<br \/>\u2022 elaborar programas e planos de aula, relacionando e confeccionando material did\u00e1tico a ser<br \/>utilizado, em articula\u00e7\u00e3o com a equipe de orienta\u00e7\u00e3o pedag\u00f3gica;<br \/>\u2022 elaborar e confeccionar, em articula\u00e7\u00e3o com a equipe de orienta\u00e7\u00e3o pedag\u00f3gica, material destinado \u00e0 divulga\u00e7\u00e3o do pensamento, da arte e do saber, nos termos da Constitui\u00e7\u00e3o Federal, Art. 206, II;<br \/>\u2022 elaborar e confeccionar, em articula\u00e7\u00e3o com a equipe de orienta\u00e7\u00e3o pedag\u00f3gica, material destinado \u00e0 conscientiza\u00e7\u00e3o dos alunos para preserva\u00e7\u00e3o do patrim\u00f4nio art\u00edstico, hist\u00f3rico, cultural e<br \/>ambiental do Pa\u00eds, Estado e Munic\u00edpio;<br \/>\u2022 ministrar aulas, repassando aos alunos os conte\u00fados definidos nos planos de aula;<br \/>\u2022 orientar os alunos na formula\u00e7\u00e3o e implementa\u00e7\u00e3o de projetos de pesquisa quanto ao seu formato<br \/>e \u00e0 sele\u00e7\u00e3o, leitura e utiliza\u00e7\u00e3o de textos liter\u00e1rios e did\u00e1ticos indispens\u00e1veis ao seu<br \/>desenvolvimento;<br \/>\u2022 elaborar, aplicar e corrigir testes, provas e outros instrumentos usuais de avalia\u00e7\u00e3o para verifica\u00e7\u00e3o<br \/>do aproveitamento dos alunos e da efic\u00e1cia dos m\u00e9todos adotados;<br \/>\u2022 controlar e avaliar o rendimento escolar dos alunos;<br \/>\u2022 estabelecer estrat\u00e9gias de recupera\u00e7\u00e3o paralela para alunos de menor rendimento;<br \/>\u2022 elaborar e encaminhar relat\u00f3rio das atividades desenvolvidas \u00e0 dire\u00e7\u00e3o ou \u00e0 coordena\u00e7\u00e3o da<br \/>unidade escolar em que est\u00e1 lotado;<br \/>\u2022 participar da organiza\u00e7\u00e3o de atividades de integra\u00e7\u00e3o da escola com as fam\u00edlias e a comunidade;<br \/>\u2022 participar de reuni\u00f5es com pais de alunos e com outros profissionais de ensino;<br \/>\u2022 participar e\/ou organizar reuni\u00f5es, cursos, semin\u00e1rios e grupos de trabalho, visando ao<br \/>aperfei\u00e7oamento, atualiza\u00e7\u00e3o e capacita\u00e7\u00e3o profissional do aluno, bem como a melhoria da<br \/>qualidade do ensino, em sua \u00e1rea de atua\u00e7\u00e3o;<br \/>\u2022 participar integralmente dos per\u00edodos dedicados ao planejamento e \u00e0 avalia\u00e7\u00e3o do processo ensino prendizagem e ao seu desenvolvimento profissional;<br \/>\u2022 participar de projetos de inclus\u00e3o escolar, refor\u00e7o de aprendizagem ou corre\u00e7\u00e3o de problemas junto dos alunos da rede municipal de ensino;<br \/>\u2022 participar e\/ou organizar eventos destinados \u00e0 comemora\u00e7\u00e3o de datas significativas nacionais,<br \/>estaduais e municipais, no \u00e2mbito de sua atua\u00e7\u00e3o;<br \/>\u2022 participar de reuni\u00f5es, grupos de trabalho e\/ou outras a\u00e7\u00f5es destinadas a assegurar o pleno<br \/>desenvolvimento da crian\u00e7a e do adolescente, a prote\u00e7\u00e3o integral aos seus direitos, o seu preparo<br \/>para o exerc\u00edcio da cidadania e a sua qualifica\u00e7\u00e3o para o trabalho;<br \/>\u2022 prestar assist\u00eancia e suporte, quando couber, aos \u00f3rg\u00e3os encarregados de assegurar o cumprimento do Estatuto da Crian\u00e7a e do Adolescente;<br \/>\u2022 executar outras atribui\u00e7\u00f5es afins.<\/li>\n<\/ul>\n\n\n\n<ul class=\"wp-block-list\">\n<li><strong>PROFESSOR DE EDUCA\u00c7\u00c3O B\u00c1SICA E DA EDUCA\u00c7\u00c3O INFANTIL DO ENSINO FUNDAMENTAL PEB &#8211; HE EDUCA\u00c7\u00c3O F\u00cdSICA <\/strong><br \/>PR\u00c9-REQUISITO: Ensino Superior Completo com Licenciatura Plena em Educa\u00e7\u00e3o F\u00edsica; OU<br \/>Ensino Superior Completo com Bacharelado em Educa\u00e7\u00e3o F\u00edsica, acrescido de curso de forma\u00e7\u00e3o<br \/>pedag\u00f3gica para graduados n\u00e3o licenciados (realizado nos termos da legisla\u00e7\u00e3o espec\u00edfica), com<br \/>habilita\u00e7\u00e3o em Educa\u00e7\u00e3o F\u00edsica.<br \/>CARGA HOR\u00c1RIA: 22,5 horas semanais<br \/>DESCRI\u00c7\u00c3O: Reg\u00eancia de classe de educa\u00e7\u00e3o infantil, no Ensino Fundamental de 5\u00aa \u00e0 8\u00aa s\u00e9rie, em<br \/>sua \u00e1rea de habilita\u00e7\u00e3o espec\u00edfica.<br \/>ATIVIDADES:<br \/>\u2022 participar da elabora\u00e7\u00e3o da proposta pedag\u00f3gica de sua unidade escolar;<br \/>\u2022 cumprir o plano de trabalho estabelecido de acordo com a proposta pedag\u00f3gica de sua unidade<br \/>escolar;<br \/>\u2022 elaborar programas e planos de aula, relacionando e confeccionando material did\u00e1tico a ser<br \/>utilizado, em articula\u00e7\u00e3o com a equipe de orienta\u00e7\u00e3o pedag\u00f3gica;<br \/>\u2022 elaborar e confeccionar, em articula\u00e7\u00e3o com a equipe de orienta\u00e7\u00e3o pedag\u00f3gica, material destinado \u00e0 divulga\u00e7\u00e3o do pensamento, da arte e do saber, nos termos da Constitui\u00e7\u00e3o Federal, Art. 206, II;<br \/>\u2022 elaborar e confeccionar, em articula\u00e7\u00e3o com a equipe de orienta\u00e7\u00e3o pedag\u00f3gica, material destinado \u00e0 conscientiza\u00e7\u00e3o dos alunos para preserva\u00e7\u00e3o do patrim\u00f4nio art\u00edstico, hist\u00f3rico, cultural e<br \/>ambiental do Pa\u00eds, Estado e Munic\u00edpio;<br \/>\u2022 ministrar aulas, repassando aos alunos os conte\u00fados definidos nos planos de aula;<br \/>\u2022 orientar os alunos na formula\u00e7\u00e3o e implementa\u00e7\u00e3o de projetos de pesquisa quanto ao seu formato<br \/>e \u00e0 sele\u00e7\u00e3o, leitura e utiliza\u00e7\u00e3o de textos liter\u00e1rios e did\u00e1ticos indispens\u00e1veis ao seu<br \/>desenvolvimento;<br \/>\u2022 elaborar, aplicar e corrigir testes, provas e outros instrumentos usuais de avalia\u00e7\u00e3o para verifica\u00e7\u00e3o<br \/>do aproveitamento dos alunos e da efic\u00e1cia dos m\u00e9todos adotados;<br \/>\u2022 controlar e avaliar o rendimento escolar dos alunos;<br \/>\u2022 estabelecer estrat\u00e9gias de recupera\u00e7\u00e3o paralela para alunos de menor rendimento;<br \/>\u2022 elaborar e encaminhar relat\u00f3rio das atividades desenvolvidas \u00e0 dire\u00e7\u00e3o ou \u00e0 coordena\u00e7\u00e3o da<br \/>unidade escolar em que est\u00e1 lotado;<br \/>\u2022 participar da organiza\u00e7\u00e3o de atividades de integra\u00e7\u00e3o da escola com as fam\u00edlias e a comunidade;<br \/>\u2022 participar de reuni\u00f5es com pais de alunos e com outros profissionais de ensino;<br \/>\u2022 participar e\/ou organizar reuni\u00f5es, cursos, semin\u00e1rios e grupos de trabalho, visando ao<br \/>aperfei\u00e7oamento, atualiza\u00e7\u00e3o e capacita\u00e7\u00e3o profissional do aluno, bem como a melhoria da<br \/>qualidade do ensino, em sua \u00e1rea de atua\u00e7\u00e3o;<br \/>\u2022 participar integralmente dos per\u00edodos dedicados ao planejamento e \u00e0 avalia\u00e7\u00e3o do processo ensino aprendizagem e ao seu desenvolvimento profissional;<br \/>\u2022 participar de projetos de inclus\u00e3o escolar, refor\u00e7o de aprendizagem ou corre\u00e7\u00e3o de problemas junto dos alunos da rede municipal de ensino;<br \/>\u2022 participar e\/ou organizar eventos destinados \u00e0 comemora\u00e7\u00e3o de datas significativas nacionais,<br \/>estaduais e municipais, no \u00e2mbito de sua atua\u00e7\u00e3o;<br \/>\u2022 participar de reuni\u00f5es, grupos de trabalho e\/ou outras a\u00e7\u00f5es destinadas a assegurar o pleno<br \/>desenvolvimento da crian\u00e7a e do adolescente, a prote\u00e7\u00e3o integral aos seus direitos, o seu preparo<br \/>para o exerc\u00edcio da cidadania e a sua qualifica\u00e7\u00e3o para o trabalho;<br \/>\u2022 prestar assist\u00eancia e suporte, quando couber, aos \u00f3rg\u00e3os encarregados de assegurar o cumprimento<br \/>do Estatuto da Crian\u00e7a e do Adolescente;<br \/>\u2022 executar outras atribui\u00e7\u00f5es afins.<br \/><\/li>\n\n\n\n<li><strong>PROFESSOR DE EDUCA\u00c7\u00c3O B\u00c1SICA E DA EDUCA\u00c7\u00c3O INFANTIL DO ENSINO FUNDAMENTAL PEB &#8211; HE RELIGI\u00c3O <\/strong><br \/>PR\u00c9-REQUISITO: Ensino Superior Completo com Licenciatura Plena em Ensino Religioso,<br \/>Ci\u00eancias da Religi\u00e3o ou Educa\u00e7\u00e3o Religiosa; OU Ensino Superior Completo com Licenciatura Plena<br \/>em qualquer \u00e1rea do conhecimento, cuja matriz curricular inclua conte\u00fado relativo a Ci\u00eancias da<br \/>Religi\u00e3o, Metodologia e Filosofia do Ensino Religioso ou Educa\u00e7\u00e3o Religiosa, com carga hor\u00e1ria<br \/>m\u00ednima de 500 horas; OU Ensino Superior Completo com Licenciatura Plena em qualquer \u00e1rea do<br \/>conhecimento acrescida de p\u00f3s-gradua\u00e7\u00e3o stricto sensu, em n\u00edvel de mestrado ou doutorado, em<br \/>Ensino Religioso ou Ci\u00eancias da Religi\u00e3o, reconhecido e recomendado pela CAPES; OU Ensino<br \/>Superior Completo de Bacharelado ou tecn\u00f3logo acrescido de curso de forma\u00e7\u00e3o pedag\u00f3gica para<br \/>graduados n\u00e3o licenciados (realizado nos termos da legisla\u00e7\u00e3o espec\u00edfica), em qualquer \u00e1rea do<br \/>conhecimento, acumulado de p\u00f3s-gradua\u00e7\u00e3o stricto sensu, em n\u00edvel de mestrado ou doutorado, em<br \/>Ensino Religioso ou Ci\u00eancias da Religi\u00e3o, reconhecido e recomendado pela CAPES; OU Ensino<br \/>Superior Completo com Licenciatura Plena em qualquer \u00e1rea do conhecimento acrescida de p\u00f3s gradua\u00e7\u00e3o lato sensu em Ensino Religioso ou Ci\u00eancias da Religi\u00e3o, com carga hor\u00e1ria m\u00ednima de 360<br \/>horas e oferecido por institui\u00e7\u00e3o de ensino superior credenciada, nos termos da Lei Federal n\u00b0<br \/>9.394\/1996; OU Ensino Superior Completo de Bacharelado ou tecn\u00f3logo acrescido de curso de<br \/>forma\u00e7\u00e3o pedag\u00f3gica para graduados n\u00e3o licenciados (realizado nos termos da legisla\u00e7\u00e3o espec\u00edfica), em qualquer \u00e1rea do conhecimento, acumulado de p\u00f3s-gradua\u00e7\u00e3o lato sensu em Ensino Religioso ou Ci\u00eancias da Religi\u00e3o, com carga hor\u00e1ria m\u00ednima de 360 horas e oferecido por institui\u00e7\u00e3o de ensino superior credenciada, nos termos da Lei Federal n\u00b0 9.394\/1996; OU Ensino Superior Completo com Licenciatura plena em qualquer \u00e1rea do conhecimento acrescida de curso de Metodologia e Filosofia do Ensino Religioso, oferecido at\u00e9 6\/1\/2005 (data da publica\u00e7\u00e3o da lei n\u00b0 15434\/2005), por entidade ou institui\u00e7\u00e3o de ensino credenciada e reconhecida pela SEE\/MG; OU Ensino Superior Completo de Bacharelado ou tecn\u00f3logo acrescido de curso de forma\u00e7\u00e3o pedag\u00f3gica para graduados n\u00e3o licenciados (realizado nos termos da legisla\u00e7\u00e3o espec\u00edfica), em qualquer \u00e1rea do conhecimento, acumulado de curso de Metodologia e Filosofia do Ensino Religioso, oferecido at\u00e9 6\/1\/2005 (data da publica\u00e7\u00e3o da lei n\u00b015.434\/2005) por entidade ou institui\u00e7\u00e3o de ensino credenciada e reconhecida pela SEE\/MG; OU Ensino Superior Completo com Licenciatura Curta em qualquer \u00e1rea do conhecimento, cuja matriz curricular inclua conte\u00fado relativo a Ci\u00eancias da Religi\u00e3o, Metodologia e Filosofia do Ensino Religioso ou Educa\u00e7\u00e3o Religiosa, com carga hor\u00e1ria m\u00ednima de 500 horas.<br \/>CARGA HOR\u00c1RIA: 22,5 horas semanais<br \/>DESCRI\u00c7\u00c3O: Reg\u00eancia de classe de educa\u00e7\u00e3o infantil, no Ensino Fundamental de 5\u00aa \u00e0 8\u00aa s\u00e9rie, em<br \/>sua \u00e1rea de habilita\u00e7\u00e3o espec\u00edfica.<br \/>ATIVIDADES:<br \/>\u2022 participar da elabora\u00e7\u00e3o da proposta pedag\u00f3gica de sua unidade escolar;<br \/>\u2022 cumprir o plano de trabalho estabelecido de acordo com a proposta pedag\u00f3gica de sua unidade<br \/>escolar;<br \/>\u2022 elaborar programas e planos de aula, relacionando e confeccionando material did\u00e1tico a ser<br \/>utilizado, em articula\u00e7\u00e3o com a equipe de orienta\u00e7\u00e3o pedag\u00f3gica;<br \/>\u2022 elaborar e confeccionar, em articula\u00e7\u00e3o com a equipe de orienta\u00e7\u00e3o pedag\u00f3gica, material destinado \u00e0 divulga\u00e7\u00e3o do pensamento, da arte e do saber, nos termos da Constitui\u00e7\u00e3o Federal, Art. 206, II;<br \/>\u2022 elaborar e confeccionar, em articula\u00e7\u00e3o com a equipe de orienta\u00e7\u00e3o pedag\u00f3gica, material destinado \u00e0 conscientiza\u00e7\u00e3o dos alunos para preserva\u00e7\u00e3o do patrim\u00f4nio art\u00edstico, hist\u00f3rico, cultural e<br \/>ambiental do Pa\u00eds, Estado e Munic\u00edpio;<br \/>\u2022 ministrar aulas, repassando aos alunos os conte\u00fados definidos nos planos de aula;<br \/>\u2022 orientar os alunos na formula\u00e7\u00e3o e implementa\u00e7\u00e3o de projetos de pesquisa quanto ao seu formato<br \/>e \u00e0 sele\u00e7\u00e3o, leitura e utiliza\u00e7\u00e3o de textos liter\u00e1rios e did\u00e1ticos indispens\u00e1veis ao seu<br \/>desenvolvimento;<br \/>\u2022 elaborar, aplicar e corrigir testes, provas e outros instrumentos usuais de avalia\u00e7\u00e3o para verifica\u00e7\u00e3o<br \/>do aproveitamento dos alunos e da efic\u00e1cia dos m\u00e9todos adotados;<br \/>\u2022 controlar e avaliar o rendimento escolar dos alunos;<br \/>\u2022 estabelecer estrat\u00e9gias de recupera\u00e7\u00e3o paralela para alunos de menor rendimento;<br \/>\u2022 elaborar e encaminhar relat\u00f3rio das atividades desenvolvidas \u00e0 dire\u00e7\u00e3o ou \u00e0 coordena\u00e7\u00e3o da<br \/>unidade escolar em que est\u00e1 lotado;<br \/>\u2022 participar da organiza\u00e7\u00e3o de atividades de integra\u00e7\u00e3o da escola com as fam\u00edlias e a comunidade;<br \/>\u2022 participar de reuni\u00f5es com pais de alunos e com outros profissionais de ensino;<br \/>\u2022 participar e\/ou organizar reuni\u00f5es, cursos, semin\u00e1rios e grupos de trabalho, visando ao<br \/>aperfei\u00e7oamento, atualiza\u00e7\u00e3o e capacita\u00e7\u00e3o profissional do aluno, bem como a melhoria da<br \/>qualidade do ensino, em sua \u00e1rea de atua\u00e7\u00e3o;<br \/>\u2022 participar integralmente dos per\u00edodos dedicados ao planejamento e \u00e0 avalia\u00e7\u00e3o do processo ensinoaprendizagem e ao seu desenvolvimento profissional;<br \/>\u2022 participar de projetos de inclus\u00e3o escolar, refor\u00e7o de aprendizagem ou corre\u00e7\u00e3o de problemas junto dos alunos da rede municipal de ensino;<br \/>\u2022 participar e\/ou organizar eventos destinados \u00e0 comemora\u00e7\u00e3o de datas significativas nacionais,<br \/>estaduais e municipais, no \u00e2mbito de sua atua\u00e7\u00e3o;<br \/>\u2022 participar de reuni\u00f5es, grupos de trabalho e\/ou outras a\u00e7\u00f5es destinadas a assegurar o pleno<br \/>desenvolvimento da crian\u00e7a e do adolescente, a prote\u00e7\u00e3o integral aos seus direitos, o seu preparo<br \/>para o exerc\u00edcio da cidadania e a sua qualifica\u00e7\u00e3o para o trabalho;<br \/>\u2022 prestar assist\u00eancia e suporte, quando couber, aos \u00f3rg\u00e3os encarregados de assegurar o cumprimento<br \/>do Estatuto da Crian\u00e7a e do Adolescente;<br \/>\u2022 executar outras atribui\u00e7\u00f5es afins.<br \/><\/li>\n\n\n\n<li><strong>PROFESSOR DE EDUCA\u00c7\u00c3O B\u00c1SICA E DA EDUCA\u00c7\u00c3O INFANTIL DO ENSINO FUNDAMENTAL PEB &#8211; HE GEOGRAFIA<\/strong> <br \/>PR\u00c9-REQUISITO: Ensino Superior Completo com Licenciatura Plena com habilita\u00e7\u00e3o espec\u00edfica<br \/>no componente da convoca\u00e7\u00e3o; OU Ensino Superior Completo com Licenciatura Plena na \u00e1rea de<br \/>Ci\u00eancias Humanas, com habilita\u00e7\u00e3o para doc\u00eancia nos Anos Finais do Ensino Fundamental, do<br \/>componente curricular espec\u00edfico da convoca\u00e7\u00e3o; OU Ensino Superior Completo com Licenciatura<br \/>Plena regulamentada pela Portaria MEC n\u00b0 399\/1989, com habilita\u00e7\u00e3o espec\u00edfica no componente da<br \/>convoca\u00e7\u00e3o.<br \/>CARGA HOR\u00c1RIA: 22,5 horas semanais<br \/>DESCRI\u00c7\u00c3O: Reg\u00eancia de classe de educa\u00e7\u00e3o infantil, no Ensino Fundamental de 5\u00aa \u00e0 8\u00aa s\u00e9rie, em<br \/>sua \u00e1rea de habilita\u00e7\u00e3o espec\u00edfica.<br \/>ATIVIDADES:<br \/>\u2022 participar da elabora\u00e7\u00e3o da proposta pedag\u00f3gica de sua unidade escolar;<br \/>\u2022 cumprir o plano de trabalho estabelecido de acordo com a proposta pedag\u00f3gica de sua unidade<br \/>escolar;<br \/>\u2022 elaborar programas e planos de aula, relacionando e confeccionando material did\u00e1tico a ser<br \/>utilizado, em articula\u00e7\u00e3o com a equipe de orienta\u00e7\u00e3o pedag\u00f3gica;<br \/>\u2022 elaborar e confeccionar, em articula\u00e7\u00e3o com a equipe de orienta\u00e7\u00e3o pedag\u00f3gica, material destinado \u00e0 divulga\u00e7\u00e3o do pensamento, da arte e do saber, nos termos da Constitui\u00e7\u00e3o Federal, Art. 206, II;<br \/>\u2022 elaborar e confeccionar, em articula\u00e7\u00e3o com a equipe de orienta\u00e7\u00e3o pedag\u00f3gica, material destinado \u00e0 conscientiza\u00e7\u00e3o dos alunos para preserva\u00e7\u00e3o do patrim\u00f4nio art\u00edstico, hist\u00f3rico, cultural e<br \/>ambiental do Pa\u00eds, Estado e Munic\u00edpio;<br \/>\u2022 ministrar aulas, repassando aos alunos os conte\u00fados definidos nos planos de aula;<br \/>\u2022 orientar os alunos na formula\u00e7\u00e3o e implementa\u00e7\u00e3o de projetos de pesquisa quanto ao seu formato<br \/>e \u00e0 sele\u00e7\u00e3o, leitura e utiliza\u00e7\u00e3o de textos liter\u00e1rios e did\u00e1ticos indispens\u00e1veis ao seu<br \/>desenvolvimento;<br \/>\u2022 elaborar, aplicar e corrigir testes, provas e outros instrumentos usuais de avalia\u00e7\u00e3o para verifica\u00e7\u00e3o<br \/>do aproveitamento dos alunos e da efic\u00e1cia dos m\u00e9todos adotados;<br \/>\u2022 controlar e avaliar o rendimento escolar dos alunos;<br \/>\u2022 estabelecer estrat\u00e9gias de recupera\u00e7\u00e3o paralela para alunos de menor rendimento;<br \/>\u2022 elaborar e encaminhar relat\u00f3rio das atividades desenvolvidas \u00e0 dire\u00e7\u00e3o ou \u00e0 coordena\u00e7\u00e3o da<br \/>unidade escolar em que est\u00e1 lotado;<br \/>\u2022 participar da organiza\u00e7\u00e3o de atividades de integra\u00e7\u00e3o da escola com as fam\u00edlias e a comunidade;<br \/>\u2022 participar de reuni\u00f5es com pais de alunos e com outros profissionais de ensino;<br \/>\u2022 participar e\/ou organizar reuni\u00f5es, cursos, semin\u00e1rios e grupos de trabalho, visando ao<br \/>aperfei\u00e7oamento, atualiza\u00e7\u00e3o e capacita\u00e7\u00e3o profissional do aluno, bem como a melhoria da<br \/>qualidade do ensino, em sua \u00e1rea de atua\u00e7\u00e3o;<br \/>\u2022 participar integralmente dos per\u00edodos dedicados ao planejamento e \u00e0 avalia\u00e7\u00e3o do processo ensino aprendizagem e ao seu desenvolvimento profissional;<br \/>\u2022 participar de projetos de inclus\u00e3o escolar, refor\u00e7o de aprendizagem ou corre\u00e7\u00e3o de problemas junto dos alunos da rede municipal de ensino;<br \/>\u2022 participar e\/ou organizar eventos destinados \u00e0 comemora\u00e7\u00e3o de datas significativas nacionais,<br \/>estaduais e municipais, no \u00e2mbito de sua atua\u00e7\u00e3o;<br \/>\u2022 participar de reuni\u00f5es, grupos de trabalho e\/ou outras a\u00e7\u00f5es destinadas a assegurar o pleno<br \/>desenvolvimento da crian\u00e7a e do adolescente, a prote\u00e7\u00e3o integral aos seus direitos, o seu preparo<br \/>para o exerc\u00edcio da cidadania e a sua qualifica\u00e7\u00e3o para o trabalho;<br \/>\u2022 prestar assist\u00eancia e suporte, quando couber, aos \u00f3rg\u00e3os encarregados de assegurar o cumprimento do Estatuto da Crian\u00e7a e do Adolescente;<br \/>\u2022 executar outras atribui\u00e7\u00f5es afins.<\/li>\n<\/ul>\n\n\n\n<ul class=\"wp-block-list\">\n<li><strong>PROFESSOR DE EDUCA\u00c7\u00c3O B\u00c1SICA E DA EDUCA\u00c7\u00c3O INFANTIL DO ENSINO FUNDAMENTAL PEB &#8211; HE HIST\u00d3RIA <\/strong><br \/>PR\u00c9-REQUISITO: Ensino Superior Completo com Licenciatura Plena com habilita\u00e7\u00e3o espec\u00edfica<br \/>no componente da convoca\u00e7\u00e3o; OU Ensino Superior Completo com Licenciatura Plena na \u00e1rea de<br \/>Ci\u00eancias Humanas, com habilita\u00e7\u00e3o para doc\u00eancia nos Anos Finais do Ensino Fundamental, do<br \/>componente curricular espec\u00edfico da convoca\u00e7\u00e3o; OU Ensino Superior Completo com Licenciatura<br \/>Plena regulamentada pela Portaria MEC n\u00b0 399\/1989, com habilita\u00e7\u00e3o espec\u00edfica no componente da<br \/>convoca\u00e7\u00e3o.<br \/>CARGA HOR\u00c1RIA: 22,5 horas semanais<br \/>DESCRI\u00c7\u00c3O: Reg\u00eancia de classe de educa\u00e7\u00e3o infantil, no Ensino Fundamental de 5\u00aa \u00e0 8\u00aa s\u00e9rie, em<br \/>sua \u00e1rea de habilita\u00e7\u00e3o espec\u00edfica.<br \/>ATIVIDADES:<br \/>\u2022 participar da elabora\u00e7\u00e3o da proposta pedag\u00f3gica de sua unidade escolar;<br \/>\u2022 cumprir o plano de trabalho estabelecido de acordo com a proposta pedag\u00f3gica de sua unidade<br \/>escolar;<br \/>\u2022 elaborar programas e planos de aula, relacionando e confeccionando material did\u00e1tico a ser<br \/>utilizado, em articula\u00e7\u00e3o com a equipe de orienta\u00e7\u00e3o pedag\u00f3gica;<br \/>\u2022 elaborar e confeccionar, em articula\u00e7\u00e3o com a equipe de orienta\u00e7\u00e3o pedag\u00f3gica, material destinado \u00e0 divulga\u00e7\u00e3o do pensamento, da arte e do saber, nos termos da Constitui\u00e7\u00e3o Federal, Art. 206, II;<br \/>\u2022 elaborar e confeccionar, em articula\u00e7\u00e3o com a equipe de orienta\u00e7\u00e3o pedag\u00f3gica, material destinado \u00e0 conscientiza\u00e7\u00e3o dos alunos para preserva\u00e7\u00e3o do patrim\u00f4nio art\u00edstico, hist\u00f3rico, cultural e<br \/>ambiental do Pa\u00eds, Estado e Munic\u00edpio;<br \/>\u2022 ministrar aulas, repassando aos alunos os conte\u00fados definidos nos planos de aula;<br \/>\u2022 orientar os alunos na formula\u00e7\u00e3o e implementa\u00e7\u00e3o de projetos de pesquisa quanto ao seu formato<br \/>e \u00e0 sele\u00e7\u00e3o, leitura e utiliza\u00e7\u00e3o de textos liter\u00e1rios e did\u00e1ticos indispens\u00e1veis ao seu<br \/>desenvolvimento;<br \/>\u2022 elaborar, aplicar e corrigir testes, provas e outros instrumentos usuais de avalia\u00e7\u00e3o para verifica\u00e7\u00e3o<br \/>do aproveitamento dos alunos e da efic\u00e1cia dos m\u00e9todos adotados;<br \/>\u2022 controlar e avaliar o rendimento escolar dos alunos;<br \/>\u2022 estabelecer estrat\u00e9gias de recupera\u00e7\u00e3o paralela para alunos de menor rendimento;<br \/>\u2022 elaborar e encaminhar relat\u00f3rio das atividades desenvolvidas \u00e0 dire\u00e7\u00e3o ou \u00e0 coordena\u00e7\u00e3o da<br \/>unidade escolar em que est\u00e1 lotado;<br \/>\u2022 participar da organiza\u00e7\u00e3o de atividades de integra\u00e7\u00e3o da escola com as fam\u00edlias e a comunidade;<br \/>\u2022 participar de reuni\u00f5es com pais de alunos e com outros profissionais de ensino;<br \/>\u2022 participar e\/ou organizar reuni\u00f5es, cursos, semin\u00e1rios e grupos de trabalho, visando ao<br \/>aperfei\u00e7oamento, atualiza\u00e7\u00e3o e capacita\u00e7\u00e3o profissional do aluno, bem como a melhoria da<br \/>qualidade do ensino, em sua \u00e1rea de atua\u00e7\u00e3o;<br \/>\u2022 participar integralmente dos per\u00edodos dedicados ao planejamento e \u00e0 avalia\u00e7\u00e3o do processo ensino aprendizagem e ao seu desenvolvimento profissional;<br \/>\u2022 participar de projetos de inclus\u00e3o escolar, refor\u00e7o de aprendizagem ou corre\u00e7\u00e3o de problemas junto dos alunos da rede municipal de ensino;<br \/>\u2022 participar e\/ou organizar eventos destinados \u00e0 comemora\u00e7\u00e3o de datas significativas nacionais,<br \/>estaduais e municipais, no \u00e2mbito de sua atua\u00e7\u00e3o;<br \/>\u2022 participar de reuni\u00f5es, grupos de trabalho e\/ou outras a\u00e7\u00f5es destinadas a assegurar o pleno<br \/>desenvolvimento da crian\u00e7a e do adolescente, a prote\u00e7\u00e3o integral aos seus direitos, o seu preparo<br \/>para o exerc\u00edcio da cidadania e a sua qualifica\u00e7\u00e3o para o trabalho;<br \/>\u2022 prestar assist\u00eancia e suporte, quando couber, aos \u00f3rg\u00e3os encarregados de assegurar o cumprimento do Estatuto da Crian\u00e7a e do Adolescente;<br \/>\u2022 executar outras atribui\u00e7\u00f5es afins.<\/li>\n<\/ul>\n\n\n\n<ul class=\"wp-block-list\">\n<li><strong>PROFESSOR DE EDUCA\u00c7\u00c3O B\u00c1SICA E DA EDUCA\u00c7\u00c3O INFANTIL DO ENSINO FUNDAMENTAL PEB &#8211; HE INGL\u00caS <\/strong><br \/>PR\u00c9-REQUISITO: Ensino Superior Completo com Licenciatura Plena com habilita\u00e7\u00e3o espec\u00edfica<br \/>no componente da convoca\u00e7\u00e3o; OU Ensino Superior Completo com Licenciatura Plena na \u00e1rea de<br \/>Linguagens, com habilita\u00e7\u00e3o para doc\u00eancia nos Anos Finais do Ensino Fundamental, do componente<br \/>curricular espec\u00edfico da convoca\u00e7\u00e3o; OU Ensino Superior Completo com Licenciatura Plena<br \/>regulamentada pela Portaria MEC n\u00b0 399\/1989, com habilita\u00e7\u00e3o espec\u00edfica no componente da<br \/>convoca\u00e7\u00e3o.<br \/>CARGA HOR\u00c1RIA: 22,5 horas semanais<br \/>DESCRI\u00c7\u00c3O: Reg\u00eancia de classe de educa\u00e7\u00e3o infantil, no Ensino Fundamental de 5\u00aa \u00e0 8\u00aa s\u00e9rie, em<br \/>sua \u00e1rea de habilita\u00e7\u00e3o espec\u00edfica.<br \/>ATIVIDADES:<br \/>\u2022 participar da elabora\u00e7\u00e3o da proposta pedag\u00f3gica de sua unidade escolar;<br \/>\u2022 cumprir o plano de trabalho estabelecido de acordo com a proposta pedag\u00f3gica de sua unidade<br \/>escolar;<br \/>\u2022 elaborar programas e planos de aula, relacionando e confeccionando material did\u00e1tico a ser<br \/>utilizado, em articula\u00e7\u00e3o com a equipe de orienta\u00e7\u00e3o pedag\u00f3gica;<br \/>\u2022 elaborar e confeccionar, em articula\u00e7\u00e3o com a equipe de orienta\u00e7\u00e3o pedag\u00f3gica, material destinado \u00e0 divulga\u00e7\u00e3o do pensamento, da arte e do saber, nos termos da Constitui\u00e7\u00e3o Federal, Art. 206, II;<br \/>\u2022 elaborar e confeccionar, em articula\u00e7\u00e3o com a equipe de orienta\u00e7\u00e3o pedag\u00f3gica, material destinado \u00e0 conscientiza\u00e7\u00e3o dos alunos para preserva\u00e7\u00e3o do patrim\u00f4nio art\u00edstico, hist\u00f3rico, cultural e<br \/>ambiental do Pa\u00eds, Estado e Munic\u00edpio;<br \/>\u2022 ministrar aulas, repassando aos alunos os conte\u00fados definidos nos planos de aula;<br \/>\u2022 orientar os alunos na formula\u00e7\u00e3o e implementa\u00e7\u00e3o de projetos de pesquisa quanto ao seu formato<br \/>e \u00e0 sele\u00e7\u00e3o, leitura e utiliza\u00e7\u00e3o de textos liter\u00e1rios e did\u00e1ticos indispens\u00e1veis ao seu<br \/>desenvolvimento;<br \/>\u2022 elaborar, aplicar e corrigir testes, provas e outros instrumentos usuais de avalia\u00e7\u00e3o para verifica\u00e7\u00e3o<br \/>do aproveitamento dos alunos e da efic\u00e1cia dos m\u00e9todos adotados;<br \/>\u2022 controlar e avaliar o rendimento escolar dos alunos;<br \/>\u2022 estabelecer estrat\u00e9gias de recupera\u00e7\u00e3o paralela para alunos de menor rendimento;<br \/>\u2022 elaborar e encaminhar relat\u00f3rio das atividades desenvolvidas \u00e0 dire\u00e7\u00e3o ou \u00e0 coordena\u00e7\u00e3o da<br \/>unidade escolar em que est\u00e1 lotado;<br \/>\u2022 participar da organiza\u00e7\u00e3o de atividades de integra\u00e7\u00e3o da escola com as fam\u00edlias e a comunidade;<br \/>\u2022 participar de reuni\u00f5es com pais de alunos e com outros profissionais de ensino;<br \/>\u2022 participar e\/ou organizar reuni\u00f5es, cursos, semin\u00e1rios e grupos de trabalho, visando ao<br \/>aperfei\u00e7oamento, atualiza\u00e7\u00e3o e capacita\u00e7\u00e3o profissional do aluno, bem como a melhoria da<br \/>qualidade do ensino, em sua \u00e1rea de atua\u00e7\u00e3o;<br \/>\u2022 participar integralmente dos per\u00edodos dedicados ao planejamento e \u00e0 avalia\u00e7\u00e3o do processo ensinoaprendizagem e ao seu desenvolvimento profissional;<br \/>\u2022 participar de projetos de inclus\u00e3o escolar, refor\u00e7o de aprendizagem ou corre\u00e7\u00e3o de problemas junto dos alunos da rede municipal de ensino;<br \/>\u2022 participar e\/ou organizar eventos destinados \u00e0 comemora\u00e7\u00e3o de datas significativas nacionais,<br \/>estaduais e municipais, no \u00e2mbito de sua atua\u00e7\u00e3o;<br \/>\u2022 participar de reuni\u00f5es, grupos de trabalho e\/ou outras a\u00e7\u00f5es destinadas a assegurar o pleno<br \/>desenvolvimento da crian\u00e7a e do adolescente, a prote\u00e7\u00e3o integral aos seus direitos, o seu preparo<br \/>para o exerc\u00edcio da cidadania e a sua qualifica\u00e7\u00e3o para o trabalho;<br \/>\u2022 prestar assist\u00eancia e suporte, quando couber, aos \u00f3rg\u00e3os encarregados de assegurar o cumprimento do Estatuto da Crian\u00e7a e do Adolescente;<br \/>\u2022 executar outras atribui\u00e7\u00f5es afins.<br \/><\/li>\n\n\n\n<li><strong>PROFESSOR DE EDUCA\u00c7\u00c3O B\u00c1SICA E DA EDUCA\u00c7\u00c3O INFANTIL DO ENSINO FUNDAMENTAL PEB &#8211; HE MATEM\u00c1TICA <\/strong><br \/>PR\u00c9-REQUISITO: Ensino Superior Completo com Licenciatura Plena com habilita\u00e7\u00e3o espec\u00edfica<br \/>no componente da convoca\u00e7\u00e3o; OU Ensino Superior Completo com Licenciatura Plena na \u00e1rea de<br \/>Matem\u00e1tica, com habilita\u00e7\u00e3o para doc\u00eancia nos Anos Finais do Ensino Fundamental, do componente<br \/>curricular espec\u00edfico da convoca\u00e7\u00e3o; OU Ensino Superior Completo com Licenciatura Plena<br \/>regulamentada pela Portaria MEC n\u00b0 399\/1989, com habilita\u00e7\u00e3o espec\u00edfica no componente da<br \/>convoca\u00e7\u00e3o.<br \/>CARGA HOR\u00c1RIA: 22,5 horas semanais<br \/>DESCRI\u00c7\u00c3O: Reg\u00eancia de classe de educa\u00e7\u00e3o infantil, no Ensino Fundamental de 5\u00aa \u00e0 8\u00aa s\u00e9rie, em<br \/>sua \u00e1rea de habilita\u00e7\u00e3o espec\u00edfica.<br \/>ATIVIDADES:<br \/>\u2022 participar da elabora\u00e7\u00e3o da proposta pedag\u00f3gica de sua unidade escolar;<br \/>\u2022 cumprir o plano de trabalho estabelecido de acordo com a proposta pedag\u00f3gica de sua unidade<br \/>escolar;<br \/>\u2022 elaborar programas e planos de aula, relacionando e confeccionando material did\u00e1tico a ser<br \/>utilizado, em articula\u00e7\u00e3o com a equipe de orienta\u00e7\u00e3o pedag\u00f3gica;<br \/>\u2022 elaborar e confeccionar, em articula\u00e7\u00e3o com a equipe de orienta\u00e7\u00e3o pedag\u00f3gica, material destinado \u00e0 divulga\u00e7\u00e3o do pensamento, da arte e do saber, nos termos da Constitui\u00e7\u00e3o Federal, Art. 206, II;<br \/>\u2022 elaborar e confeccionar, em articula\u00e7\u00e3o com a equipe de orienta\u00e7\u00e3o pedag\u00f3gica, material destinado \u00e0 conscientiza\u00e7\u00e3o dos alunos para preserva\u00e7\u00e3o do patrim\u00f4nio art\u00edstico, hist\u00f3rico, cultural e<br \/>ambiental do Pa\u00eds, Estado e Munic\u00edpio;<br \/>\u2022 ministrar aulas, repassando aos alunos os conte\u00fados definidos nos planos de aula;<br \/>\u2022 orientar os alunos na formula\u00e7\u00e3o e implementa\u00e7\u00e3o de projetos de pesquisa quanto ao seu formato<br \/>e \u00e0 sele\u00e7\u00e3o, leitura e utiliza\u00e7\u00e3o de textos liter\u00e1rios e did\u00e1ticos indispens\u00e1veis ao seu<br \/>desenvolvimento;<br \/>\u2022 elaborar, aplicar e corrigir testes, provas e outros instrumentos usuais de avalia\u00e7\u00e3o para verifica\u00e7\u00e3o<br \/>do aproveitamento dos alunos e da efic\u00e1cia dos m\u00e9todos adotados;<br \/>\u2022 controlar e avaliar o rendimento escolar dos alunos;<br \/>\u2022 estabelecer estrat\u00e9gias de recupera\u00e7\u00e3o paralela para alunos de menor rendimento;<br \/>\u2022 elaborar e encaminhar relat\u00f3rio das atividades desenvolvidas \u00e0 dire\u00e7\u00e3o ou \u00e0 coordena\u00e7\u00e3o da<br \/>unidade escolar em que est\u00e1 lotado;<br \/>\u2022 participar da organiza\u00e7\u00e3o de atividades de integra\u00e7\u00e3o da escola com as fam\u00edlias e a comunidade;<br \/>\u2022 participar de reuni\u00f5es com pais de alunos e com outros profissionais de ensino;<br \/>\u2022 participar e\/ou organizar reuni\u00f5es, cursos, semin\u00e1rios e grupos de trabalho, visando ao<br \/>aperfei\u00e7oamento, atualiza\u00e7\u00e3o e capacita\u00e7\u00e3o profissional do aluno, bem como a melhoria da<br \/>qualidade do ensino, em sua \u00e1rea de atua\u00e7\u00e3o;<br \/>\u2022 participar integralmente dos per\u00edodos dedicados ao planejamento e \u00e0 avalia\u00e7\u00e3o do processo ensino aprendizagem e ao seu desenvolvimento profissional;<br \/>\u2022 participar de projetos de inclus\u00e3o escolar, refor\u00e7o de aprendizagem ou corre\u00e7\u00e3o de problemas junto<br \/>dos alunos da rede municipal de ensino;<br \/>\u2022 participar e\/ou organizar eventos destinados \u00e0 comemora\u00e7\u00e3o de datas significativas nacionais,<br \/>estaduais e municipais, no \u00e2mbito de sua atua\u00e7\u00e3o;<br \/>\u2022 participar de reuni\u00f5es, grupos de trabalho e\/ou outras a\u00e7\u00f5es destinadas a assegurar o pleno<br \/>desenvolvimento da crian\u00e7a e do adolescente, a prote\u00e7\u00e3o integral aos seus direitos, o seu preparo<br \/>para o exerc\u00edcio da cidadania e a sua qualifica\u00e7\u00e3o para o trabalho;<br \/>\u2022 prestar assist\u00eancia e suporte, quando couber, aos \u00f3rg\u00e3os encarregados de assegurar o cumprimento do Estatuto da Crian\u00e7a e do Adolescente;<br \/>\u2022 executar outras atribui\u00e7\u00f5es afins.<\/li>\n<\/ul>\n\n\n\n<ul class=\"wp-block-list\">\n<li>PROFESSOR DE EDUCA\u00c7\u00c3O B\u00c1SICA E DA EDUCA\u00c7\u00c3O INFANTIL DO ENSINO FUNDAMENTAL PEB &#8211; HE PORTUGU\u00caS <br \/>PR\u00c9-REQUISITO: Ensino Superior Completo com Licenciatura Plena com habilita\u00e7\u00e3o espec\u00edfica<br \/>no componente da convoca\u00e7\u00e3o; OU Ensino Superior Completo com Licenciatura Plena na \u00e1rea de<br \/>Linguagens, com habilita\u00e7\u00e3o para doc\u00eancia nos Anos Finais do Ensino Fundamental, do componente<br \/>curricular espec\u00edfico da convoca\u00e7\u00e3o; OU Ensino Superior Completo com Licenciatura Plena<br \/>regulamentada pela Portaria MEC n\u00b0 399\/1989, com habilita\u00e7\u00e3o espec\u00edfica no componente da<br \/>convoca\u00e7\u00e3o.<br \/>CARGA HOR\u00c1RIA: 22,5 horas semanais<br \/>DESCRI\u00c7\u00c3O: Reg\u00eancia de classe de educa\u00e7\u00e3o infantil, no Ensino Fundamental de 5\u00aa \u00e0 8\u00aa s\u00e9rie, em<br \/>sua \u00e1rea de habilita\u00e7\u00e3o espec\u00edfica.<br \/>ATIVIDADES:<br \/>\u2022 participar da elabora\u00e7\u00e3o da proposta pedag\u00f3gica de sua unidade escolar;<br \/>\u2022 cumprir o plano de trabalho estabelecido de acordo com a proposta pedag\u00f3gica de sua unidade<br \/>escolar;<br \/>\u2022 elaborar programas e planos de aula, relacionando e confeccionando material did\u00e1tico a ser<br \/>utilizado, em articula\u00e7\u00e3o com a equipe de orienta\u00e7\u00e3o pedag\u00f3gica;<br \/>\u2022 elaborar e confeccionar, em articula\u00e7\u00e3o com a equipe de orienta\u00e7\u00e3o pedag\u00f3gica, material destinado \u00e0 divulga\u00e7\u00e3o do pensamento, da arte e do saber, nos termos da Constitui\u00e7\u00e3o Federal, Art. 206, II;<br \/>\u2022 elaborar e confeccionar, em articula\u00e7\u00e3o com a equipe de orienta\u00e7\u00e3o pedag\u00f3gica, material destinado \u00e0 conscientiza\u00e7\u00e3o dos alunos para preserva\u00e7\u00e3o do patrim\u00f4nio art\u00edstico, hist\u00f3rico, cultural e<br \/>ambiental do Pa\u00eds, Estado e Munic\u00edpio;<br \/>\u2022 ministrar aulas, repassando aos alunos os conte\u00fados definidos nos planos de aula;<br \/>\u2022 orientar os alunos na formula\u00e7\u00e3o e implementa\u00e7\u00e3o de projetos de pesquisa quanto ao seu formato<br \/>e \u00e0 sele\u00e7\u00e3o, leitura e utiliza\u00e7\u00e3o de textos liter\u00e1rios e did\u00e1ticos indispens\u00e1veis ao seu desenvolvimento;<br \/>\u2022 elaborar, aplicar e corrigir testes, provas e outros instrumentos usuais de avalia\u00e7\u00e3o para verifica\u00e7\u00e3o<br \/>do aproveitamento dos alunos e da efic\u00e1cia dos m\u00e9todos adotados;<br \/>\u2022 controlar e avaliar o rendimento escolar dos alunos;<br \/>\u2022 estabelecer estrat\u00e9gias de recupera\u00e7\u00e3o paralela para alunos de menor rendimento;<br \/>\u2022 elaborar e encaminhar relat\u00f3rio das atividades desenvolvidas \u00e0 dire\u00e7\u00e3o ou \u00e0 coordena\u00e7\u00e3o da<br \/>unidade escolar em que est\u00e1 lotado;<br \/>\u2022 participar da organiza\u00e7\u00e3o de atividades de integra\u00e7\u00e3o da escola com as fam\u00edlias e a comunidade;<br \/>\u2022 participar de reuni\u00f5es com pais de alunos e com outros profissionais de ensino;<br \/>\u2022 participar e\/ou organizar reuni\u00f5es, cursos, semin\u00e1rios e grupos de trabalho, visando ao<br \/>aperfei\u00e7oamento, atualiza\u00e7\u00e3o e capacita\u00e7\u00e3o profissional do aluno, bem como a melhoria da<br \/>qualidade do ensino, em sua \u00e1rea de atua\u00e7\u00e3o;<br \/>\u2022 participar integralmente dos per\u00edodos dedicados ao planejamento e \u00e0 avalia\u00e7\u00e3o do processo ensino aprendizagem e ao seu desenvolvimento profissional;<br \/>\u2022 participar de projetos de inclus\u00e3o escolar, refor\u00e7o de aprendizagem ou corre\u00e7\u00e3o de problemas junto dos alunos da rede municipal de ensino;<br \/>\u2022 participar e\/ou organizar eventos destinados \u00e0 comemora\u00e7\u00e3o de datas significativas nacionais,<br \/>estaduais e municipais, no \u00e2mbito de sua atua\u00e7\u00e3o;<br \/>\u2022 participar de reuni\u00f5es, grupos de trabalho e\/ou outras a\u00e7\u00f5es destinadas a assegurar o pleno<br \/>desenvolvimento da crian\u00e7a e do adolescente, a prote\u00e7\u00e3o integral aos seus direitos, o seu preparo<br \/>para o exerc\u00edcio da cidadania e a sua qualifica\u00e7\u00e3o para o trabalho;<br \/>\u2022 prestar assist\u00eancia e suporte, quando couber, aos \u00f3rg\u00e3os encarregados de assegurar o cumprimento<br \/>do Estatuto da Crian\u00e7a e do Adolescente;<br \/>\u2022 executar outras atribui\u00e7\u00f5es afins.<\/li>\n<\/ul>\n\n\n\n<ul class=\"wp-block-list\">\n<li><strong>PROFESSOR DE ATENDIMENTO EDUCACIONAL ESPECIALIZADO <br \/><\/strong>PR\u00c9-REQUISITO: Ensino Superior Completo com licenciatura plena para doc\u00eancia na educa\u00e7\u00e3o<br \/>b\u00e1sica e p\u00f3s-gradua\u00e7\u00e3o em educa\u00e7\u00e3o especial ou educa\u00e7\u00e3o inclusiva.<br \/>CARGA HOR\u00c1RIA: 22,5 horas semanais<br \/>DESCRI\u00c7\u00c3O: Atuar nas Salas de Recursos Multifuncionais, trabalhar no Atendimento Educacional<br \/>Especializado (AEE), mediar aprendizagens de alunos de educa\u00e7\u00e3o especial e inclusiva e atuar em<br \/>Projetos da Secretaria Municipal de Educa\u00e7\u00e3o.<br \/>ATIVIDADES:<br \/>\u2022 eliminar, em colabora\u00e7\u00e3o com o regente, as barreiras que podem obstruir a participa\u00e7\u00e3o plena e<br \/>efetiva do estudante com defici\u00eancia nas atividades escolares em igualdade de condi\u00e7\u00f5es com os<br \/>demais estudantes;<br \/>\u2022 trabalhar em colabora\u00e7\u00e3o com o regente de turma e regente de aula para planejamento dos recursos de acessibilidade dos estudantes com base no planejamento de aula dos regentes;<br \/>\u2022 atuar na escola como multiplicador do conhecimento acerca de metodologias de ensino da<br \/>Educa\u00e7\u00e3o Especial, tecnologias assistivas e comunica\u00e7\u00e3o alternativa;<br \/>\u2022 zelar pela aprendizagem dos estudantes p\u00fablicos da educa\u00e7\u00e3o especial;<br \/>\u2022 participar de reuni\u00f5es e capacita\u00e7\u00f5es promovidas pela Secretaria de Estado de Educa\u00e7\u00e3o, sempre<br \/>que convocados;<br \/>\u2022 registrar todas as adapta\u00e7\u00f5es realizadas para o estudante;<br \/>\u2022 identificar, elaborar, produzir e organizar servi\u00e7os, recursos pedag\u00f3gicos, de acessibilidade e<br \/>estrat\u00e9gias considerando as necessidades espec\u00edficas dos alunos p\u00fablico-alvo da educa\u00e7\u00e3o<br \/>especial;<br \/>\u2022 elaborar e executar plano de atendimento educacional especializado, avaliando a funcionalidade e<br \/>a aplicabilidade dos recursos pedag\u00f3gicos e de acessibilidade;<br \/>\u2022 organizar o tipo e o n\u00famero de atendimentos aos alunos na sala de recursos multifuncional;<br \/>\u2022 acompanhar a funcionalidade e a aplicabilidade dos recursos pedag\u00f3gicos e de acessibilidade na<br \/>sala de aula comum do ensino regular, bem como em outros ambientes da escola;<br \/>\u2022 estabelecer parcerias com as \u00e1reas intersetoriais na elabora\u00e7\u00e3o de estrat\u00e9gias e na disponibiliza\u00e7\u00e3o<br \/>de recursos de acessibilidade;<br \/>\u2022 orientar professores e fam\u00edlias sobre os recursos pedag\u00f3gicos e de acessibilidade utilizados pelo<br \/>aluno;<br \/>\u2022 ensinar e usar recursos de Tecnologia Assistiva, tais como: as tecnologias da informa\u00e7\u00e3o e<br \/>comunica\u00e7\u00e3o, a comunica\u00e7\u00e3o alternativa e aumentativa, a inform\u00e1tica acess\u00edvel, o soroban, os<br \/>recursos \u00f3pticos e n\u00e3o \u00f3pticos, os softwares espec\u00edficos, os c\u00f3digos e linguagens, as atividades de<br \/>orienta\u00e7\u00e3o e mobilidade entre outros, de forma a ampliar habilidades funcionais dos alunos,<br \/>promovendo autonomia, atividade e participa\u00e7\u00e3o;<br \/>\u2022 estabelecer articula\u00e7\u00e3o com os professores da sala de aula comum, visando a disponibiliza\u00e7\u00e3o dos<br \/>servi\u00e7os, dos recursos pedag\u00f3gicos e de acessibilidade e das estrat\u00e9gias que promovem a<br \/>participa\u00e7\u00e3o dos alunos nas atividades escolares;<br \/>\u2022 promover atividades e espa\u00e7os de participa\u00e7\u00e3o da fam\u00edlia e a interface com os servi\u00e7os setoriais<br \/>da sa\u00fade, da assist\u00eancia social, entre outros.<\/li>\n<\/ul>\n\n\n\n<h2 class=\"wp-block-heading\" id=\"concurso-sme-ouro-preto-etapas-de-prova\">Concurso SME Ouro Preto: etapas de prova <\/h2>\n\n\n\n<p>As provas ter\u00e3o 4h de dura\u00e7\u00e3o. Os candidatos ser\u00e3o avaliados por meio de prova objetiva e discursiva &#8211; Eliminat\u00f3rio e Classificat\u00f3rio, aplicadas em conjunto no dia <strong>26 de mar\u00e7o de 2023<\/strong>, nos seguintes turnos:<\/p>\n\n\n\n<ul class=\"wp-block-list\">\n<li><strong>Turno da manh\u00e3 (08h00 \u00e0s 12h00):<\/strong> para os cargos de Professor PEB AI; PEB &#8211; HE Artes; PEB &#8211; HE Ci\u00eancias; PEB &#8211; HE Educa\u00e7\u00e3o F\u00edsica; HE Ensino Religioso; PEB &#8211; HE Geografia; PEB &#8211; HE Hist\u00f3ria; PEB &#8211; HE Ingl\u00eas; PEB &#8211; HE Matem\u00e1tica; PEB &#8211; HE Portugu\u00eas.<\/li>\n\n\n\n<li><strong>Turno da tarde (14h00 \u00e0s 18h00):<\/strong> Cuidador de Crian\u00e7as; Secret\u00e1rio de Escola; Pedagogo; Professor de L\u00edngua Brasileira de Sinais; Professor para Ensino do uso da Biblioteca; Professor de Atendimento Educacional Especializado.<\/li>\n<\/ul>\n\n\n\n<h3 class=\"wp-block-heading\" id=\"prova-objetiva\">Prova Objetiva <\/h3>\n\n\n\n<p id=\"prova-objetiva\">As provas objetivas ter\u00e3o 50 quest\u00f5es, sendo: <\/p>\n\n\n\n<ul class=\"wp-block-list\">\n<li>15 &#8211; Portugu\u00eas; <\/li>\n\n\n\n<li>05 &#8211; Racioc\u00ednio L\u00f3gico;<\/li>\n\n\n\n<li>05 &#8211; Conhecimentos Gerais;<\/li>\n\n\n\n<li>05 &#8211; No\u00e7\u00f5es de Inform\u00e1tica; e<\/li>\n\n\n\n<li>05 &#8211; Legisla\u00e7\u00e3o. <\/li>\n<\/ul>\n\n\n\n<h3 class=\"wp-block-heading\" id=\"discursiva\">Discursiva<\/h3>\n\n\n\n<p>A Segunda Etapa ser\u00e1 constitu\u00edda de Prova Discursiva (Reda\u00e7\u00e3o), de car\u00e1ter classificat\u00f3rio, que ser\u00e1 aplicada para todos(as) os(as) cargos\/fun\u00e7\u00f5es de n\u00edveis m\u00e9dio, t\u00e9cnico e superior.<\/p>\n\n\n\n<p>A Prova Discursiva (Reda\u00e7\u00e3o) ser\u00e1 aplicada juntamente com a Prova Objetiva. A Prova Discursiva (Reda\u00e7\u00e3o) valer\u00e1 20,0 pontos. <\/p>\n\n\n\n<h2 class=\"wp-block-heading has-text-align-center\" id=\"h-quer-saber-tudo-sobre-concursos-previstos-confira-nossos-artigos\">Quer saber tudo sobre concursos previstos?<br \/>Confira  nossos artigos!<\/h2>\n\n\n\n<ul class=\"wp-block-list\">\n<li><a href=\"https:\/\/www.estrategiaconcursos.com.br\/blog\/concursos-abertos\/\" target=\"_blank\" rel=\"noreferrer noopener\">Concursos abertos<\/a><\/li>\n\n\n\n<li><a href=\"https:\/\/www.estrategiaconcursos.com.br\/blog\/concursos-2023\/\" target=\"_blank\" rel=\"noreferrer noopener\">Concursos 2023<\/a><\/li>\n\n\n\n<li><a href=\"https:\/\/www.estrategiaconcursos.com.br\/blog\/concursos-educacao-2023\/\" target=\"_blank\" rel=\"noreferrer noopener\">Concursos Educa\u00e7\u00e3o<\/a><\/li>\n<\/ul>\n\n\n\n<figure class=\"wp-block-image size-large is-resized\"><img loading=\"lazy\" decoding=\"async\" src=\"https:\/\/dhg1h5j42swfq.cloudfront.net\/2025\/06\/27101122\/ficha-tecnica-1-1024x632.png\" alt=\"Informa\u00e7\u00f5es do edital SME Ouro Preto \" class=\"wp-image-702728\" style=\"width:269px;height:166px\" width=\"269\" height=\"166\" srcset=\"https:\/\/dhg1h5j42swfq.cloudfront.net\/2025\/06\/27101122\/ficha-tecnica-1-1024x632.png 1024w, https:\/\/dhg1h5j42swfq.cloudfront.net\/2025\/06\/27101122\/ficha-tecnica-1-300x185.png 300w, https:\/\/dhg1h5j42swfq.cloudfront.net\/2025\/06\/27101122\/ficha-tecnica-1-768x474.png 768w, https:\/\/dhg1h5j42swfq.cloudfront.net\/2025\/06\/27101122\/ficha-tecnica-1-1536x948.png 1536w, https:\/\/dhg1h5j42swfq.cloudfront.net\/2025\/06\/27101122\/ficha-tecnica-1-610x377.png 610w, https:\/\/dhg1h5j42swfq.cloudfront.net\/2025\/06\/27101122\/ficha-tecnica-1.png 1571w\" sizes=\"auto, (max-width: 269px) 100vw, 269px\" \/><\/figure>\n\n\n\n<h3 class=\"wp-block-heading\" id=\"block-ba1614b5-988b-41ef-892d-f4c9f7e9dd42\">Informa\u00e7\u00f5es do edital SME Ouro Preto MG <\/h3>\n\n\n\n<ul class=\"wp-block-list\" id=\"block-46dd482c-33cf-409c-8762-75c111403f14\">\n<li><strong>Inscri\u00e7\u00f5es<\/strong>: 12 de setembro a 10 de novembro<\/li>\n\n\n\n<li><strong>Provas<\/strong>: a definir <\/li>\n\n\n\n<li><strong>Vagas<\/strong>: 172<\/li>\n\n\n\n<li><strong>Cargos<\/strong>: diversos <\/li>\n\n\n\n<li><strong>Banca<\/strong>: <strong>&nbsp;<\/strong>IBGP<\/li>\n\n\n\n<li><strong>Escolaridade<\/strong>: m\u00e9dio e superior <\/li>\n\n\n\n<li><strong>Edital<\/strong>:&nbsp;<a href=\"https:\/\/dhg1h5j42swfq.cloudfront.net\/2022\/07\/11101419\/edital-de-abertura-2.pdf\" target=\"_blank\" rel=\"noreferrer noopener nofollow\"><strong>Edital<\/strong>&nbsp;<strong>SME OURO PRETO MG<\/strong><\/a><\/li>\n<\/ul>\n\n\n\n<div class=\"container\" id=\"boxes\">\n  <div class=\"row\">\n\n    <div class=\"col-sm\">\n      <div class=\"estrategia\" id=\"box-assinatura\">\n        <h3 class=\"titulo-assinatura\">Assinatura de Concursos<\/h3>\n        <p class=\"subtitulo-assinatura\">Assinatura de 1 ano ou 2 anos<\/p>\n        <div class=\"box-botao\">\n          <a class=\"btn-assinatura\" target=\"_blank\" href=\"https:\/\/www.estrategiaconcursos.com.br\/assinaturas\/\" role=\"button\" rel=\"noopener noreferrer\">ASSINE AGORA<\/a>\n        <\/div>\n      <\/div>\n     \n    <\/div><\/div><\/div>\n\n\n\n<p><\/p>\n\n\n\n<p><\/p>\n\n\n\n<p><\/p>\n","protected":false},"excerpt":{"rendered":"<p>As provas do concurso SME Ouro Preto (Secretaria Municipal de Educa\u00e7\u00e3o de Ouro Preto &#8211; MG) foram adiadas! A decis\u00e3o de alterar as datas para realiza\u00e7\u00e3o dos testes ocorre em raz\u00e3o dos transtornos decorrentes das fortes chuvas que atingiram Ouro Preto, e que refletem diretamente na mobilidade dos candidatos inscritos. Segundo a retifica\u00e7\u00e3o do edital, [&hellip;]<\/p>\n","protected":false},"author":1,"featured_media":1058765,"comment_status":"open","ping_status":"closed","sticky":false,"template":"","format":"standard","meta":{"post_tipo":"news_page","footnotes":""},"categories":[3766,220219],"tags":[],"tax_estado":[219974],"class_list":["post-1058763","post","type-post","status-publish","format-standard","has-post-thumbnail","hentry","category-educacional","category-noticias","tax_estado-mg"],"acf":[],"yoast_head":"<!-- This site is optimized with the Yoast SEO Premium plugin v27.2 (Yoast SEO v27.2) - https:\/\/yoast.com\/product\/yoast-seo-premium-wordpress\/ -->\n<title>Concurso SME Ouro Preto: inscri\u00e7\u00f5es encerradas! 172 vagas<\/title>\n<meta name=\"description\" content=\"Concurso SME Ouro Preto: edital publicado! 172 vagas, ao todo, de n\u00edveis m\u00e9dio e superior. Confira os detalhes com o Estrat\u00e9gia Concursos.\" \/>\n<meta name=\"robots\" content=\"index, follow, max-snippet:-1, max-image-preview:large, max-video-preview:-1\" \/>\n<link rel=\"canonical\" href=\"https:\/\/www.estrategiaconcursos.com.br\/blog\/concurso-sme-ouro-preto\/\" \/>\n<meta property=\"og:locale\" content=\"pt_BR\" \/>\n<meta property=\"og:type\" content=\"article\" \/>\n<meta property=\"og:title\" content=\"Concurso SME Ouro Preto: inscri\u00e7\u00f5es encerradas! 172 vagas\" \/>\n<meta property=\"og:description\" content=\"Concurso SME Ouro Preto: edital publicado! 172 vagas, ao todo, de n\u00edveis m\u00e9dio e superior. Confira os detalhes com o Estrat\u00e9gia Concursos.\" \/>\n<meta property=\"og:url\" content=\"https:\/\/www.estrategiaconcursos.com.br\/blog\/concurso-sme-ouro-preto\/\" \/>\n<meta property=\"og:site_name\" content=\"Estrat\u00e9gia Concursos\" \/>\n<meta property=\"article:author\" content=\"https:\/\/www.facebook.com\/EstrategiaConcursos\" \/>\n<meta property=\"article:published_time\" content=\"2023-01-10T07:00:00+00:00\" \/>\n<meta property=\"article:modified_time\" content=\"2023-08-31T14:47:14+00:00\" \/>\n<meta property=\"og:image\" content=\"https:\/\/dhg1h5j42swfq.cloudfront.net\/2022\/07\/11080214\/concurso-sme-ouro-preto-mg.png\" \/>\n\t<meta property=\"og:image:width\" content=\"318\" \/>\n\t<meta property=\"og:image:height\" content=\"159\" \/>\n\t<meta property=\"og:image:type\" content=\"image\/png\" \/>\n<meta name=\"author\" content=\"Coordena\u00e7\u00e3o\" \/>\n<meta name=\"twitter:card\" content=\"summary_large_image\" \/>\n<meta name=\"twitter:creator\" content=\"@EstratConcursos\" \/>\n<meta name=\"twitter:site\" content=\"@EstratConcursos\" \/>\n<meta name=\"twitter:label1\" content=\"Escrito por\" \/>\n\t<meta name=\"twitter:data1\" content=\"Coordena\u00e7\u00e3o\" \/>\n\t<meta name=\"twitter:label2\" content=\"Est. tempo de leitura\" \/>\n\t<meta name=\"twitter:data2\" content=\"45 minutos\" \/>\n<script type=\"application\/ld+json\" class=\"yoast-schema-graph\">{\"@context\":\"https:\/\/schema.org\",\"@graph\":[{\"@type\":\"NewsArticle\",\"@id\":\"https:\/\/www.estrategiaconcursos.com.br\/blog\/concurso-sme-ouro-preto\/#article\",\"isPartOf\":{\"@id\":\"https:\/\/www.estrategiaconcursos.com.br\/blog\/concurso-sme-ouro-preto\/\"},\"author\":{\"name\":\"Coordena\u00e7\u00e3o\",\"@id\":\"https:\/\/www.estrategiaconcursos.com.br\/blog\/#\/schema\/person\/b4a388c97673c5f483d72185668afa1f\"},\"headline\":\"Concurso SME Ouro Preto: inscri\u00e7\u00f5es encerradas! 172 vagas\",\"datePublished\":\"2023-01-10T07:00:00+00:00\",\"dateModified\":\"2023-08-31T14:47:14+00:00\",\"mainEntityOfPage\":{\"@id\":\"https:\/\/www.estrategiaconcursos.com.br\/blog\/concurso-sme-ouro-preto\/\"},\"wordCount\":8993,\"commentCount\":0,\"publisher\":{\"@id\":\"https:\/\/www.estrategiaconcursos.com.br\/blog\/#organization\"},\"image\":{\"@id\":\"https:\/\/www.estrategiaconcursos.com.br\/blog\/concurso-sme-ouro-preto\/#primaryimage\"},\"thumbnailUrl\":\"https:\/\/dhg1h5j42swfq.cloudfront.net\/2022\/07\/11080214\/concurso-sme-ouro-preto-mg.png\",\"articleSection\":[\"Educa\u00e7\u00e3o\",\"\u00daltimas not\u00edcias\"],\"inLanguage\":\"pt-BR\",\"potentialAction\":[{\"@type\":\"CommentAction\",\"name\":\"Comment\",\"target\":[\"https:\/\/www.estrategiaconcursos.com.br\/blog\/concurso-sme-ouro-preto\/#respond\"]}],\"copyrightYear\":\"2023\",\"copyrightHolder\":{\"@id\":\"https:\/\/www.estrategiaconcursos.com.br\/blog\/#organization\"}},{\"@type\":\"WebPage\",\"@id\":\"https:\/\/www.estrategiaconcursos.com.br\/blog\/concurso-sme-ouro-preto\/\",\"url\":\"https:\/\/www.estrategiaconcursos.com.br\/blog\/concurso-sme-ouro-preto\/\",\"name\":\"Concurso SME Ouro Preto: inscri\u00e7\u00f5es encerradas! 172 vagas\",\"isPartOf\":{\"@id\":\"https:\/\/www.estrategiaconcursos.com.br\/blog\/#website\"},\"primaryImageOfPage\":{\"@id\":\"https:\/\/www.estrategiaconcursos.com.br\/blog\/concurso-sme-ouro-preto\/#primaryimage\"},\"image\":{\"@id\":\"https:\/\/www.estrategiaconcursos.com.br\/blog\/concurso-sme-ouro-preto\/#primaryimage\"},\"thumbnailUrl\":\"https:\/\/dhg1h5j42swfq.cloudfront.net\/2022\/07\/11080214\/concurso-sme-ouro-preto-mg.png\",\"datePublished\":\"2023-01-10T07:00:00+00:00\",\"dateModified\":\"2023-08-31T14:47:14+00:00\",\"description\":\"Concurso SME Ouro Preto: edital publicado! 172 vagas, ao todo, de n\u00edveis m\u00e9dio e superior. Confira os detalhes com o Estrat\u00e9gia Concursos.\",\"breadcrumb\":{\"@id\":\"https:\/\/www.estrategiaconcursos.com.br\/blog\/concurso-sme-ouro-preto\/#breadcrumb\"},\"inLanguage\":\"pt-BR\",\"potentialAction\":[{\"@type\":\"ReadAction\",\"target\":[\"https:\/\/www.estrategiaconcursos.com.br\/blog\/concurso-sme-ouro-preto\/\"]}]},{\"@type\":\"ImageObject\",\"inLanguage\":\"pt-BR\",\"@id\":\"https:\/\/www.estrategiaconcursos.com.br\/blog\/concurso-sme-ouro-preto\/#primaryimage\",\"url\":\"https:\/\/dhg1h5j42swfq.cloudfront.net\/2022\/07\/11080214\/concurso-sme-ouro-preto-mg.png\",\"contentUrl\":\"https:\/\/dhg1h5j42swfq.cloudfront.net\/2022\/07\/11080214\/concurso-sme-ouro-preto-mg.png\",\"width\":318,\"height\":159},{\"@type\":\"BreadcrumbList\",\"@id\":\"https:\/\/www.estrategiaconcursos.com.br\/blog\/concurso-sme-ouro-preto\/#breadcrumb\",\"itemListElement\":[{\"@type\":\"ListItem\",\"position\":1,\"name\":\"In\u00edcio\",\"item\":\"https:\/\/www.estrategiaconcursos.com.br\/blog\/\"},{\"@type\":\"ListItem\",\"position\":2,\"name\":\"Concurso SME Ouro Preto: inscri\u00e7\u00f5es encerradas! 172 vagas\"}]},{\"@type\":\"WebSite\",\"@id\":\"https:\/\/www.estrategiaconcursos.com.br\/blog\/#website\",\"url\":\"https:\/\/www.estrategiaconcursos.com.br\/blog\/\",\"name\":\"Estrat\u00e9gia Concursos\",\"description\":\"O blog da Estrat\u00e9gia Concursos traz not\u00edcias sobre concursos e artigos de professores oferecendo cursos para concursos (pdf + videaulas) no site.\",\"publisher\":{\"@id\":\"https:\/\/www.estrategiaconcursos.com.br\/blog\/#organization\"},\"potentialAction\":[{\"@type\":\"SearchAction\",\"target\":{\"@type\":\"EntryPoint\",\"urlTemplate\":\"https:\/\/www.estrategiaconcursos.com.br\/blog\/?s={search_term_string}\"},\"query-input\":{\"@type\":\"PropertyValueSpecification\",\"valueRequired\":true,\"valueName\":\"search_term_string\"}}],\"inLanguage\":\"pt-BR\"},{\"@type\":\"Organization\",\"@id\":\"https:\/\/www.estrategiaconcursos.com.br\/blog\/#organization\",\"name\":\"Estrat\u00e9gia Concursos\",\"url\":\"https:\/\/www.estrategiaconcursos.com.br\/blog\/\",\"logo\":{\"@type\":\"ImageObject\",\"inLanguage\":\"pt-BR\",\"@id\":\"https:\/\/www.estrategiaconcursos.com.br\/blog\/#\/schema\/logo\/image\/\",\"url\":\"https:\/\/dhg1h5j42swfq.cloudfront.net\/2025\/06\/03203428\/logo_concursos-1.jpg\",\"contentUrl\":\"https:\/\/dhg1h5j42swfq.cloudfront.net\/2025\/06\/03203428\/logo_concursos-1.jpg\",\"width\":230,\"height\":60,\"caption\":\"Estrat\u00e9gia Concursos\"},\"image\":{\"@id\":\"https:\/\/www.estrategiaconcursos.com.br\/blog\/#\/schema\/logo\/image\/\"},\"sameAs\":[\"https:\/\/x.com\/EstratConcursos\"]},{\"@type\":\"Person\",\"@id\":\"https:\/\/www.estrategiaconcursos.com.br\/blog\/#\/schema\/person\/b4a388c97673c5f483d72185668afa1f\",\"name\":\"Coordena\u00e7\u00e3o\",\"image\":{\"@type\":\"ImageObject\",\"inLanguage\":\"pt-BR\",\"@id\":\"https:\/\/secure.gravatar.com\/avatar\/b720319e4c9a967eb58678d110f4fe35452fc5d5f97b202bac7b8acceb18c6ad?s=96&d=mm&r=g\",\"url\":\"https:\/\/secure.gravatar.com\/avatar\/b720319e4c9a967eb58678d110f4fe35452fc5d5f97b202bac7b8acceb18c6ad?s=96&d=mm&r=g\",\"contentUrl\":\"https:\/\/secure.gravatar.com\/avatar\/b720319e4c9a967eb58678d110f4fe35452fc5d5f97b202bac7b8acceb18c6ad?s=96&d=mm&r=g\",\"caption\":\"Coordena\u00e7\u00e3o\"},\"sameAs\":[\"https:\/\/www.facebook.com\/EstrategiaConcursos\",\"https:\/\/x.com\/EstratConcursos\"],\"url\":\"https:\/\/www.estrategiaconcursos.com.br\/blog\/author\/estrategia2013\/\"}]}<\/script>\n<!-- \/ Yoast SEO Premium plugin. -->","yoast_head_json":{"title":"Concurso SME Ouro Preto: inscri\u00e7\u00f5es encerradas! 172 vagas","description":"Concurso SME Ouro Preto: edital publicado! 172 vagas, ao todo, de n\u00edveis m\u00e9dio e superior. Confira os detalhes com o Estrat\u00e9gia Concursos.","robots":{"index":"index","follow":"follow","max-snippet":"max-snippet:-1","max-image-preview":"max-image-preview:large","max-video-preview":"max-video-preview:-1"},"canonical":"https:\/\/www.estrategiaconcursos.com.br\/blog\/concurso-sme-ouro-preto\/","og_locale":"pt_BR","og_type":"article","og_title":"Concurso SME Ouro Preto: inscri\u00e7\u00f5es encerradas! 172 vagas","og_description":"Concurso SME Ouro Preto: edital publicado! 172 vagas, ao todo, de n\u00edveis m\u00e9dio e superior. Confira os detalhes com o Estrat\u00e9gia Concursos.","og_url":"https:\/\/www.estrategiaconcursos.com.br\/blog\/concurso-sme-ouro-preto\/","og_site_name":"Estrat\u00e9gia Concursos","article_author":"https:\/\/www.facebook.com\/EstrategiaConcursos","article_published_time":"2023-01-10T07:00:00+00:00","article_modified_time":"2023-08-31T14:47:14+00:00","og_image":[{"width":318,"height":159,"url":"https:\/\/dhg1h5j42swfq.cloudfront.net\/2022\/07\/11080214\/concurso-sme-ouro-preto-mg.png","type":"image\/png"}],"author":"Coordena\u00e7\u00e3o","twitter_card":"summary_large_image","twitter_creator":"@EstratConcursos","twitter_site":"@EstratConcursos","twitter_misc":{"Escrito por":"Coordena\u00e7\u00e3o","Est. tempo de leitura":"45 minutos"},"schema":{"@context":"https:\/\/schema.org","@graph":[{"@type":"NewsArticle","@id":"https:\/\/www.estrategiaconcursos.com.br\/blog\/concurso-sme-ouro-preto\/#article","isPartOf":{"@id":"https:\/\/www.estrategiaconcursos.com.br\/blog\/concurso-sme-ouro-preto\/"},"author":{"name":"Coordena\u00e7\u00e3o","@id":"https:\/\/www.estrategiaconcursos.com.br\/blog\/#\/schema\/person\/b4a388c97673c5f483d72185668afa1f"},"headline":"Concurso SME Ouro Preto: inscri\u00e7\u00f5es encerradas! 172 vagas","datePublished":"2023-01-10T07:00:00+00:00","dateModified":"2023-08-31T14:47:14+00:00","mainEntityOfPage":{"@id":"https:\/\/www.estrategiaconcursos.com.br\/blog\/concurso-sme-ouro-preto\/"},"wordCount":8993,"commentCount":0,"publisher":{"@id":"https:\/\/www.estrategiaconcursos.com.br\/blog\/#organization"},"image":{"@id":"https:\/\/www.estrategiaconcursos.com.br\/blog\/concurso-sme-ouro-preto\/#primaryimage"},"thumbnailUrl":"https:\/\/dhg1h5j42swfq.cloudfront.net\/2022\/07\/11080214\/concurso-sme-ouro-preto-mg.png","articleSection":["Educa\u00e7\u00e3o","\u00daltimas not\u00edcias"],"inLanguage":"pt-BR","potentialAction":[{"@type":"CommentAction","name":"Comment","target":["https:\/\/www.estrategiaconcursos.com.br\/blog\/concurso-sme-ouro-preto\/#respond"]}],"copyrightYear":"2023","copyrightHolder":{"@id":"https:\/\/www.estrategiaconcursos.com.br\/blog\/#organization"}},{"@type":"WebPage","@id":"https:\/\/www.estrategiaconcursos.com.br\/blog\/concurso-sme-ouro-preto\/","url":"https:\/\/www.estrategiaconcursos.com.br\/blog\/concurso-sme-ouro-preto\/","name":"Concurso SME Ouro Preto: inscri\u00e7\u00f5es encerradas! 172 vagas","isPartOf":{"@id":"https:\/\/www.estrategiaconcursos.com.br\/blog\/#website"},"primaryImageOfPage":{"@id":"https:\/\/www.estrategiaconcursos.com.br\/blog\/concurso-sme-ouro-preto\/#primaryimage"},"image":{"@id":"https:\/\/www.estrategiaconcursos.com.br\/blog\/concurso-sme-ouro-preto\/#primaryimage"},"thumbnailUrl":"https:\/\/dhg1h5j42swfq.cloudfront.net\/2022\/07\/11080214\/concurso-sme-ouro-preto-mg.png","datePublished":"2023-01-10T07:00:00+00:00","dateModified":"2023-08-31T14:47:14+00:00","description":"Concurso SME Ouro Preto: edital publicado! 172 vagas, ao todo, de n\u00edveis m\u00e9dio e superior. Confira os detalhes com o Estrat\u00e9gia Concursos.","breadcrumb":{"@id":"https:\/\/www.estrategiaconcursos.com.br\/blog\/concurso-sme-ouro-preto\/#breadcrumb"},"inLanguage":"pt-BR","potentialAction":[{"@type":"ReadAction","target":["https:\/\/www.estrategiaconcursos.com.br\/blog\/concurso-sme-ouro-preto\/"]}]},{"@type":"ImageObject","inLanguage":"pt-BR","@id":"https:\/\/www.estrategiaconcursos.com.br\/blog\/concurso-sme-ouro-preto\/#primaryimage","url":"https:\/\/dhg1h5j42swfq.cloudfront.net\/2022\/07\/11080214\/concurso-sme-ouro-preto-mg.png","contentUrl":"https:\/\/dhg1h5j42swfq.cloudfront.net\/2022\/07\/11080214\/concurso-sme-ouro-preto-mg.png","width":318,"height":159},{"@type":"BreadcrumbList","@id":"https:\/\/www.estrategiaconcursos.com.br\/blog\/concurso-sme-ouro-preto\/#breadcrumb","itemListElement":[{"@type":"ListItem","position":1,"name":"In\u00edcio","item":"https:\/\/www.estrategiaconcursos.com.br\/blog\/"},{"@type":"ListItem","position":2,"name":"Concurso SME Ouro Preto: inscri\u00e7\u00f5es encerradas! 172 vagas"}]},{"@type":"WebSite","@id":"https:\/\/www.estrategiaconcursos.com.br\/blog\/#website","url":"https:\/\/www.estrategiaconcursos.com.br\/blog\/","name":"Estrat\u00e9gia Concursos","description":"O blog da Estrat\u00e9gia Concursos traz not\u00edcias sobre concursos e artigos de professores oferecendo cursos para concursos (pdf + videaulas) no site.","publisher":{"@id":"https:\/\/www.estrategiaconcursos.com.br\/blog\/#organization"},"potentialAction":[{"@type":"SearchAction","target":{"@type":"EntryPoint","urlTemplate":"https:\/\/www.estrategiaconcursos.com.br\/blog\/?s={search_term_string}"},"query-input":{"@type":"PropertyValueSpecification","valueRequired":true,"valueName":"search_term_string"}}],"inLanguage":"pt-BR"},{"@type":"Organization","@id":"https:\/\/www.estrategiaconcursos.com.br\/blog\/#organization","name":"Estrat\u00e9gia Concursos","url":"https:\/\/www.estrategiaconcursos.com.br\/blog\/","logo":{"@type":"ImageObject","inLanguage":"pt-BR","@id":"https:\/\/www.estrategiaconcursos.com.br\/blog\/#\/schema\/logo\/image\/","url":"https:\/\/dhg1h5j42swfq.cloudfront.net\/2025\/06\/03203428\/logo_concursos-1.jpg","contentUrl":"https:\/\/dhg1h5j42swfq.cloudfront.net\/2025\/06\/03203428\/logo_concursos-1.jpg","width":230,"height":60,"caption":"Estrat\u00e9gia Concursos"},"image":{"@id":"https:\/\/www.estrategiaconcursos.com.br\/blog\/#\/schema\/logo\/image\/"},"sameAs":["https:\/\/x.com\/EstratConcursos"]},{"@type":"Person","@id":"https:\/\/www.estrategiaconcursos.com.br\/blog\/#\/schema\/person\/b4a388c97673c5f483d72185668afa1f","name":"Coordena\u00e7\u00e3o","image":{"@type":"ImageObject","inLanguage":"pt-BR","@id":"https:\/\/secure.gravatar.com\/avatar\/b720319e4c9a967eb58678d110f4fe35452fc5d5f97b202bac7b8acceb18c6ad?s=96&d=mm&r=g","url":"https:\/\/secure.gravatar.com\/avatar\/b720319e4c9a967eb58678d110f4fe35452fc5d5f97b202bac7b8acceb18c6ad?s=96&d=mm&r=g","contentUrl":"https:\/\/secure.gravatar.com\/avatar\/b720319e4c9a967eb58678d110f4fe35452fc5d5f97b202bac7b8acceb18c6ad?s=96&d=mm&r=g","caption":"Coordena\u00e7\u00e3o"},"sameAs":["https:\/\/www.facebook.com\/EstrategiaConcursos","https:\/\/x.com\/EstratConcursos"],"url":"https:\/\/www.estrategiaconcursos.com.br\/blog\/author\/estrategia2013\/"}]}},"_links":{"self":[{"href":"https:\/\/www.estrategiaconcursos.com.br\/blog\/wp-json\/wp\/v2\/posts\/1058763","targetHints":{"allow":["GET"]}}],"collection":[{"href":"https:\/\/www.estrategiaconcursos.com.br\/blog\/wp-json\/wp\/v2\/posts"}],"about":[{"href":"https:\/\/www.estrategiaconcursos.com.br\/blog\/wp-json\/wp\/v2\/types\/post"}],"author":[{"embeddable":true,"href":"https:\/\/www.estrategiaconcursos.com.br\/blog\/wp-json\/wp\/v2\/users\/1"}],"replies":[{"embeddable":true,"href":"https:\/\/www.estrategiaconcursos.com.br\/blog\/wp-json\/wp\/v2\/comments?post=1058763"}],"version-history":[{"count":9,"href":"https:\/\/www.estrategiaconcursos.com.br\/blog\/wp-json\/wp\/v2\/posts\/1058763\/revisions"}],"predecessor-version":[{"id":1271835,"href":"https:\/\/www.estrategiaconcursos.com.br\/blog\/wp-json\/wp\/v2\/posts\/1058763\/revisions\/1271835"}],"wp:featuredmedia":[{"embeddable":true,"href":"https:\/\/www.estrategiaconcursos.com.br\/blog\/wp-json\/wp\/v2\/media\/1058765"}],"wp:attachment":[{"href":"https:\/\/www.estrategiaconcursos.com.br\/blog\/wp-json\/wp\/v2\/media?parent=1058763"}],"wp:term":[{"taxonomy":"category","embeddable":true,"href":"https:\/\/www.estrategiaconcursos.com.br\/blog\/wp-json\/wp\/v2\/categories?post=1058763"},{"taxonomy":"post_tag","embeddable":true,"href":"https:\/\/www.estrategiaconcursos.com.br\/blog\/wp-json\/wp\/v2\/tags?post=1058763"},{"taxonomy":"tax_estado","embeddable":true,"href":"https:\/\/www.estrategiaconcursos.com.br\/blog\/wp-json\/wp\/v2\/tax_estado?post=1058763"}],"curies":[{"name":"wp","href":"https:\/\/api.w.org\/{rel}","templated":true}]}}