{"id":1058688,"date":"2022-07-28T10:24:00","date_gmt":"2022-07-28T13:24:00","guid":{"rendered":"https:\/\/www.estrategiaconcursos.com.br\/blog\/?p=1058688"},"modified":"2022-07-18T17:41:02","modified_gmt":"2022-07-18T20:41:02","slug":"agergs-direito-administrativo","status":"publish","type":"post","link":"https:\/\/www.estrategiaconcursos.com.br\/blog\/agergs-direito-administrativo\/","title":{"rendered":"AGERGS: Direito Administrativo resumido"},"content":{"rendered":"\n<p>No artigo de hoje, AGERGS: Direito Administrativo resumido, ser\u00e1 apresentado um resumo dos principais pontos que voc\u00ea precisa saber para a prova conforme an\u00e1lise da <a href=\"https:\/\/www.fundatec.org.br\/portal\/concursos\/index_concursos.php?concurso=655\">Fundatec<\/a>.<\/p>\n\n\n\n<figure class=\"wp-block-gallery has-nested-images columns-default is-cropped wp-block-gallery-1 is-layout-flex wp-block-gallery-is-layout-flex\">\n<figure class=\"wp-block-image size-full\"><img loading=\"lazy\" decoding=\"async\" width=\"200\" height=\"206\" data-id=\"1062911\" src=\"https:\/\/dhg1h5j42swfq.cloudfront.net\/2022\/07\/18151356\/age-1.png\" alt=\"AGERGS: Direito Administrativo\" class=\"wp-image-1062911\" srcset=\"https:\/\/dhg1h5j42swfq.cloudfront.net\/2022\/07\/18151356\/age-1.png 200w, https:\/\/dhg1h5j42swfq.cloudfront.net\/2022\/07\/18151356\/age-1-150x155.png 150w\" sizes=\"auto, (max-width: 200px) 100vw, 200px\" \/><figcaption>AGERGS<\/figcaption><\/figure>\n<\/figure>\n\n\n\n<p>Hoje vamos fazer um resumo dos<strong> principais pontos de direito administrativo <\/strong>para o concurso Ag\u00eancia Estadual de Regula\u00e7\u00e3o dos Servi\u00e7os P\u00fablicos Delegados do Rio Grande do Sul &#8211; AGERGS. O objetivo \u00e9 gabaritar essa prova, ok?<\/p>\n\n\n\n<h2 class=\"wp-block-heading\" id=\"h-centralizacao-e-descentralizacao-agergs-direito-administrativo-resumido\">Centraliza\u00e7\u00e3o e Descentraliza\u00e7\u00e3o &#8211; AGERGS: Direito Administrativo resumido<\/h2>\n\n\n\n<p><strong>Centraliza\u00e7\u00e3o<\/strong><\/p>\n\n\n\n<p>Ocorre a chamada administrativa quando o Estado executa suas tarefas por meio dos \u00f3rg\u00e3os e agentes integrantes da Administra\u00e7\u00e3o Direta por interm\u00e9dio de seus in\u00fameros \u00f3rg\u00e3os e agentes administrativos que comp\u00f5em a sua estrutura funcional.<\/p>\n\n\n\n<p>Em outras palavras, a centraliza\u00e7\u00e3o <strong>consiste na execu\u00e7\u00e3o da atividade administrativa pelas pr\u00f3prias pessoas pol\u00edticas<\/strong> (Uni\u00e3o, Estados, Distrito Federal e Munic\u00edpios), por meio dos \u00f3rg\u00e3os das suas respectivas Administra\u00e7\u00f5es Diretas.<\/p>\n\n\n\n<p>A orienta\u00e7\u00e3o de que a <strong>atividade administrativa centralizada \u00e9 uma atividade eminentemente hierarquizada<\/strong>.<\/p>\n\n\n\n<p><strong>Descentraliza\u00e7\u00e3o<\/strong><\/p>\n\n\n\n<p><strong>A descentraliza\u00e7\u00e3o pressup\u00f5e a exist\u00eancia de duas pessoas jur\u00eddicas distintas (administra\u00e7\u00e3o indireta ou particulares)<\/strong>: o Estado e a entidade que executar\u00e1 o servi\u00e7o, por ter recebido do Estado essa atribui\u00e7\u00e3o.<\/p>\n\n\n\n<p>Na descentraliza\u00e7\u00e3o realizada para entidades da Administra\u00e7\u00e3o P\u00fablica Indireta<strong> n\u00e3o h\u00e1 hierarquia<\/strong> entre a entidade criadora e a entidade que recebe a execu\u00e7\u00e3o e\u2215ou titularidade do servi\u00e7o, mas apenas <strong>rela\u00e7\u00e3o de vincula\u00e7\u00e3o<\/strong>.<\/p>\n\n\n\n<p>Assim, consiste na distribui\u00e7\u00e3o ou transfer\u00eancia de atividades ou servi\u00e7os da Administra\u00e7\u00e3o Direta para a Administra\u00e7\u00e3o Indireta ou para particulares<\/p>\n\n\n\n<p>Logo, a orienta\u00e7\u00e3o de que a <strong>atividade administrativa centralizada \u00e9 uma atividade eminentemente hierarquizada<\/strong>.<\/p>\n\n\n\n<h2 class=\"wp-block-heading\" id=\"h-poderes-administrativos-agergs-direito-administrativo-resumido\">Poderes Administrativos &#8211; AGERGS: Direito Administrativo resumido<\/h2>\n\n\n\n<p>Didaticamente, os principais poderes administrativos s\u00e3o:<\/p>\n\n\n\n<p><strong>Poder Hier\u00e1rquico<\/strong><\/p>\n\n\n\n<p>O poder hier\u00e1rquico \u00e9 exercido de <strong>forma cont\u00ednua e permanente<\/strong> dentro de uma mesma pessoa pol\u00edtica ou administrativa <strong>organizada verticalmente<\/strong>.<\/p>\n\n\n\n<p>Sendo assim, \u00e9 poss\u00edvel afirmar que, no interior da Uni\u00e3o, Estados, Munic\u00edpios e Distrito Federal, ocorreram v\u00e1rias rela\u00e7\u00f5es de hierarquia, todas elas <strong>frutos da desconcentra\u00e7\u00e3o.<\/strong><\/p>\n\n\n\n<p><strong>Poder Discricion\u00e1rio<\/strong><\/p>\n\n\n\n<p>Desse modo, \u00e9 poss\u00edvel afirmar que a <strong>discricionariedade<\/strong> \u00e9 <strong>parcial<\/strong> e <strong>relativa<\/strong>, pois, ao editar um ato administrativo, o agente p\u00fablico <strong>nunca possuir\u00e1 total liberdade<\/strong>.<\/p>\n\n\n\n<p>Assim, a lei sempre apresentar\u00e1 em seu texto a compet\u00eancia para a pr\u00e1tica do ato, a forma legal de edit\u00e1-lo e a finalidade, que sempre ser\u00e1 a satisfa\u00e7\u00e3o do interesse p\u00fablico.<\/p>\n\n\n\n<p><strong>Poder Vinculado (Regrado)<\/strong><\/p>\n\n\n\n<p>Consiste na edi\u00e7\u00e3o de atos em<strong> estrita conformidade com a lei<\/strong> (<strong>liberdade de atua\u00e7\u00e3o m\u00ednima ou inexistente<\/strong>).<\/p>\n\n\n\n<p><strong>Poder disciplinar<\/strong><\/p>\n\n\n\n<p><strong>Decorrente do poder hier\u00e1rquico<\/strong>. \u00c9 o <strong>poder de aplicar penalidade com car\u00e1ter corretivo e pedag\u00f3gico<\/strong>.<\/p>\n\n\n\n<p>Aten\u00e7\u00e3o: para que ocorra a aplica\u00e7\u00e3o de uma penalidade com fundamento no poder disciplinar \u00e9 necess\u00e1rio que exista um v\u00ednculo jur\u00eddico entre a Administra\u00e7\u00e3o e aquele que est\u00e1 sendo punido.<\/p>\n\n\n\n<p>Portanto, isso acontece, por exemplo, na aplica\u00e7\u00e3o de uma suspens\u00e3o a servidor p\u00fablico (v\u00ednculo estatut\u00e1rio), bem como na aplica\u00e7\u00e3o de uma multa a concession\u00e1rio de servi\u00e7o p\u00fablico (v\u00ednculo contratual).<\/p>\n\n\n\n<h2 class=\"wp-block-heading\" id=\"h-ato-administrativo-agergs-direito-administrativo-resumido\">Ato administrativo &#8211; AGERGS: Direito Administrativo resumido<\/h2>\n\n\n\n<p>Ato administrativo \u00e9 toda<strong> manifesta\u00e7\u00e3o unilatera<\/strong>l de vontade da Administra\u00e7\u00e3o P\u00fablica que, agindo nessa qualidade, tenha por fim imediato adquirir, resguardar, transferir, modificar, extinguir e declarar direitos, ou impor obriga\u00e7\u00f5es aos administrados.<\/p>\n\n\n\n<p>Dessa forma, os atos administrativos podem ser considerados <strong>esp\u00e9cie do g\u00eanero atos jur\u00eddicos<\/strong>, por decorrerem de manifesta\u00e7\u00e3o humana.<\/p>\n\n\n\n<p>Assim, ato administrativo \u00e9 definido, doutrinariamente, como a declara\u00e7\u00e3o unilateral do Estado ou de quem lhe represente (exemplo das concession\u00e1rias) regida, <strong>predominantemente<\/strong>, pelo&nbsp;<strong>DIREITO P\u00daBLICO<\/strong>.<\/p>\n\n\n\n<h2 class=\"wp-block-heading\" id=\"h-elementos-do-ato-administrativo-agergs-direito-administrativo-resumido\">Elementos do ato administrativo &#8211; AGERGS: Direito Administrativo resumido<\/h2>\n\n\n\n<p>S\u00e3o elementos do ato administrativo:<\/p>\n\n\n\n<ul class=\"wp-block-list\"><li>Compet\u00eancia: atribui\u00e7\u00e3o conferida pela lei ao agente administrativo para o desempenho regular de suas atribui\u00e7\u00f5es.<\/li><li>Forma: meio pelo qual o ato administrativo \u00e9 exteriorizado. Deve respeitar a forma exigida para sua pr\u00e1tica, a sua materializa\u00e7\u00e3o.<\/li><li>Finalidade: resultado pretendido pela Administra\u00e7\u00e3o ao praticar o ato. Deve respeitar o princ\u00edpio da finalidade em que a Administra\u00e7\u00e3o P\u00fablica deve buscar o interesse p\u00fablico.<\/li><li>Motivo: situa\u00e7\u00e3o de fato e direito que fundamenta o ato administrativo.<\/li><li>Objeto: efeito jur\u00eddico imediato do ato administrativo (resultado pr\u00e1tico) no mundo jur\u00eddico.<\/li><\/ul>\n\n\n\n<h3 class=\"wp-block-heading\" id=\"h-motivacao-agergs-direito-administrativo-resumido\">Motiva\u00e7\u00e3o &#8211; AGERGS: Direito Administrativo resumido<\/h3>\n\n\n\n<p>A motiva\u00e7\u00e3o faz parte do elemento forma do ato, <strong>se ausentes a motiva\u00e7\u00e3o<\/strong>, n\u00e3o temos v\u00edcio de motivo, mas, sim, <strong>v\u00edcio de forma<\/strong>.<\/p>\n\n\n\n<p><strong>De outro lado, a motiva\u00e7\u00e3o errada caracteriza o v\u00edcio de motivo.<\/strong><\/p>\n\n\n\n<p><strong>Logo, a motiva\u00e7\u00e3o deve estar presente em qualquer tipo de ato, seja ele discricion\u00e1rio ou vinculado<\/strong>, o que permite, atrav\u00e9s dessa formalidade, o controle de legalidade dos atos administrativos.<\/p>\n\n\n\n<h2 class=\"wp-block-heading\" id=\"h-servicos-publicos-agergs-direito-administrativo-resumido\">Servi\u00e7os P\u00fablicos &#8211; AGERGS: Direito Administrativo resumido<\/h2>\n\n\n\n<p>S\u00e3o formas de execu\u00e7\u00e3o do servi\u00e7o p\u00fablico:<\/p>\n\n\n\n<p><strong>Autoriza\u00e7\u00e3o<\/strong><\/p>\n\n\n\n<ul class=\"wp-block-list\"><li>ato administrativo<\/li><li>licita\u00e7\u00e3o dispensada<\/li><li>deleg\u00e1vel a pessoa jur\u00eddica ou a pessoa f\u00edsica<\/li><\/ul>\n\n\n\n<p><strong>Concess\u00e3o<\/strong><\/p>\n\n\n\n<ul class=\"wp-block-list\"><li>contrato administrativo<\/li><li>mediante licita\u00e7\u00e3o (modalidade concorr\u00eancia)<\/li><li>deleg\u00e1vel a pessoa jur\u00eddica ou a cons\u00f3rcio de empresas<\/li><\/ul>\n\n\n\n<p><strong>Permiss\u00e3o&nbsp;<\/strong><\/p>\n\n\n\n<ul class=\"wp-block-list\"><li>contrato administrativo (ades\u00e3o)<\/li><li>mediante licita\u00e7\u00e3o<\/li><li>deleg\u00e1vel a pessoa jur\u00eddica ou pessoa f\u00edsica<\/li><\/ul>\n\n\n\n<h2 class=\"wp-block-heading\" id=\"h-responsabilidade-civil-agergs-direito-administrativo-resumido\">Responsabilidade Civil &#8211; AGERGS: Direito Administrativo resumido<\/h2>\n\n\n\n<p><strong>A responsabilidade civil \u00e9 a obriga\u00e7\u00e3o de reparar danos lesivos a terceiros, seja de natureza patrimonial ou moral<\/strong>.<\/p>\n\n\n\n<p>Cumpre frisar, desde j\u00e1, que a responsabilidade do Estado pode ser <strong>contratual<\/strong> ou <strong>extracontratual<\/strong>. Na primeira situa\u00e7\u00e3o, h\u00e1 um v\u00ednculo contratual entre o Estado e o terceiro.<\/p>\n\n\n\n<p>Por outro lado,<strong> na responsabilidade civil do Estado, n\u00e3o existe v\u00ednculo contratual entre as partes<\/strong>, ou melhor, a obriga\u00e7\u00e3o de indenizar n\u00e3o decorre de algum contrato firmado entre o causador do dano e o terceiro lesado.<\/p>\n\n\n\n<p>Por esse motivo, a responsabilidade civil do Estado tamb\u00e9m \u00e9 chamada de <strong>responsabilidade extracontratual<\/strong> do Estado ou <strong>responsabilidade Aquiliana<\/strong>, que \u00e9 a obriga\u00e7\u00e3o jur\u00eddica que o Estado possui de reparar danos morais e patrimoniais causados a terceiros por seus agentes, atuando nessa qualidade.<\/p>\n\n\n\n<p>Assim, o Estado Democr\u00e1tico de Direito, n\u00e3o se pode cogitar a irresponsabilidade do Estado por seus comportamentos lesivos a terceiros.<\/p>\n\n\n\n<p>Todavia, nem sempre foi assim, existindo momentos hist\u00f3ricos em que o Estado era irrespons\u00e1vel civilmente. Nessa linha, vamos estudar a evolu\u00e7\u00e3o hist\u00f3rica da responsabilidade civil do Estado.<\/p>\n\n\n\n<h2 class=\"wp-block-heading\" id=\"h-prestador-de-servico-publico-e-a-responsabilidade-objetiva\">Prestador de Servi\u00e7o P\u00fablico e a Responsabilidade objetiva<\/h2>\n\n\n\n<p>A responsabilidade objetiva do Estado exige a presen\u00e7a dos seguintes pressupostos: conduta, dano e nexo causal.<\/p>\n\n\n\n<p>Dessa forma, se algu\u00e9m desejar obter o ressarcimento por dano causado pelo Estado, em decorr\u00eancia de uma a\u00e7\u00e3o comissiva, dever\u00e1 comprovar que:<\/p>\n\n\n\n<p>(a) existiu a conduta de um agente p\u00fablico agindo nessa qualidade (oficialidade da conduta causal);<\/p>\n\n\n\n<p>(b) que ocorreu um dano; e<\/p>\n\n\n\n<p>(c) que existe nexo de causalidade entre a conduta do agente p\u00fablico e o dano sofrido, ou seja, que foi aquela conduta do agente estatal que gerou o dano.<\/p>\n\n\n\n<p>A teoria do risco administrativo admite as seguintes hip\u00f3teses de exclus\u00e3o da responsabilidade civil do Estado:<\/p>\n\n\n\n<p>a) caso fortuito ou for\u00e7a maior;<\/p>\n\n\n\n<p>b) culpa exclusiva da v\u00edtima; e<\/p>\n\n\n\n<p>c) fato exclusivo de terceiro.<\/p>\n\n\n\n<p>Cumpre frisar que essas hip\u00f3teses s\u00e3o de exclus\u00e3o da responsabilidade objetiva, mas admitem, em algumas situa\u00e7\u00f5es, que o particular demonstre a responsabilidade subjetiva (dolo ou culpa).<\/p>\n\n\n\n<h3 class=\"wp-block-heading\" id=\"h-caso-fortuito-ou-forca-maior-agergs-direito-administrativo-resumido\">Caso fortuito ou for\u00e7a maior &#8211; AGERGS: Direito Administrativo resumido<\/h3>\n\n\n\n<p>Sem adentrarmos na diferencia\u00e7\u00e3o dessas duas situa\u00e7\u00f5es, uma vez que h\u00e1 grande diverg\u00eancia na literatura, podemos considerar o caso fortuito ou a for\u00e7a maior como eventos humanos ou da natureza dos quais n\u00e3o se poderia prever ou evitar.<\/p>\n\n\n\n<p>Por exemplo: uma grande enchente que ocorreu repentinamente em um local em que esse tipo de evento nunca ocorreu; ou um grande terremoto fora de propor\u00e7\u00f5es; ou ainda um maremoto.<\/p>\n\n\n\n<p>Imagine, por exemplo, que uma grande enchente carregue um ve\u00edculo p\u00fablico, que veio a colidir contra uma propriedade particular.<\/p>\n\n\n\n<p>N\u00e3o h\u00e1 que se falar em responsabilidade objetiva do Estado, uma vez que o evento decorreu de caso fortuito ou for\u00e7a maior.<\/p>\n\n\n\n<p>Todavia, <strong>o caso fortuito ou for\u00e7a maior exclui a responsabilidade objetiva<\/strong>, <strong>mas admite a responsabiliza\u00e7\u00e3o subjetiva em decorr\u00eancia de<\/strong> <strong>omiss\u00e3o<\/strong> do Poder P\u00fablico.<\/p>\n\n\n\n<p>Portanto, a responsabilidade do Estado em consequ\u00eancia de fen\u00f4menos da natureza \u00e9 sempre do tipo subjetiva, necessitando a comprova\u00e7\u00e3o de omiss\u00e3o culposa do Estado.<\/p>\n\n\n\n<p>Dessa forma, voltando ao exemplo da enchente, a v\u00edtima dever\u00e1 comprovar a omiss\u00e3o culposa do Estado.<\/p>\n\n\n\n<p>Assim, dever\u00e1 demonstrar, por exemplo, que se a prefeitura tivesse realizado a devida manuten\u00e7\u00e3o de bueiros, os danos seriam inexistentes ou menores.<\/p>\n\n\n\n<h2 class=\"wp-block-heading\" id=\"culpa-exclusiva-da-vitima\"><strong>Culpa exclusiva da v\u00edtima<\/strong><\/h2>\n\n\n\n<p>A Administra\u00e7\u00e3o pode se eximir da responsabilidade se comprovar que a culpa \u00e9 exclusiva da v\u00edtima. Todavia, o \u00f4nus da prova cabe ao Estado, que dever\u00e1 demonstrar que foi o particular que deu causa ao dano.<\/p>\n\n\n\n<p>Nesse contexto, em um acidente de tr\u00e2nsito, envolvendo um ve\u00edculo oficial, se ficar demonstrado que foi o particular que lhe deu causa, ao furar um sinal ou ao ultrapassar em local proibido, por exemplo, o Estado ficar\u00e1 isento da indeniza\u00e7\u00e3o.<\/p>\n\n\n\n<p>Da mesma forma, se um ve\u00edculo oficial atropelar uma pessoa, mas ficar comprovado que ela se jogou contra o ve\u00edculo, tamb\u00e9m ocorrer\u00e1 exclus\u00e3o da responsabilidade civil do Estado.<\/p>\n\n\n\n<p>Deve-se destacar, contudo, que somente a culpa exclusiva do particular exclui a responsabilidade civil do Estado, sendo que a culpa concorrente ensejar\u00e1, no m\u00e1ximo, a atenua\u00e7\u00e3o dessa responsabilidade.<\/p>\n\n\n\n<p>Assim, em qualquer situa\u00e7\u00e3o, por\u00e9m, o \u00f4nus da prova \u00e9 da Administra\u00e7\u00e3o.<\/p>\n\n\n\n<p><strong>Ato exclusivo de terceiro<\/strong><\/p>\n\n\n\n<p>Por fim, o ato exclusivo de terceiro tamb\u00e9m exclui a responsabilidade objetiva da Administra\u00e7\u00e3o. Como exemplo temos os atos de multid\u00f5es, que podem provocar danos ao patrim\u00f4nio de terceiros.<\/p>\n\n\n\n<p>Novamente, o Estado pode ser responsabilizado, mas somente de forma subjetiva.<\/p>\n\n\n\n<p>Assim, o particular lesado dever\u00e1 comprovar a omiss\u00e3o culposa do Estado, como ocorreria em um tumulto, em localidade com muitos policiais que, evidentemente, nada fizeram para conter o dano.<\/p>\n\n\n\n<p>Concluindo este artigo, AGERGS: Direito Administrativo resumido, foram destacados os principais pontos e mais cobrados pela banca Fundatec. <\/p>\n\n\n\n<p>Caso o tempo seja ex\u00edguo, \u00e9 ideal destacar a parte dos servi\u00e7os p\u00fablicos, que \u00e9 tem\u00e1tica da AGERGS e de suas fun\u00e7\u00f5es.<\/p>\n\n\n\n<p>Espero que tenham gostado do artigo!<\/p>\n\n\n\n<p>Um abra\u00e7o e bons estudos!<\/p>\n\n\n\n<p>Felipe Rocha<\/p>\n\n\n\n<p>@ffazro<\/p>\n\n\n<h2 id=\"h-cursos-e-assinaturas\" class=\"has-text-align-center\">Cursos e Assinaturas<\/h2>\n<p><!-- \/wp:post-content --><\/p>\n<p><!-- wp:paragraph --><\/p>\n<p>Prepare-se com o melhor material e com quem mais aprova em Concursos P\u00fablicos em todo o pa\u00eds!<\/p>\n<p><!-- \/wp:paragraph --><\/p>\n<p><!-- wp:paragraph {\"align\":\"center\",\"backgroundColor\":\"vivid-purple\",\"textColor\":\"white\"} --><\/p>\n<p class=\"has-text-align-center has-white-color has-vivid-purple-background-color has-text-color has-background\"><a href=\"https:\/\/www.estrategiaconcursos.com.br\/blog\/concursos-abertos\/\" target=\"_blank\" rel=\"noreferrer noopener\"><strong>Concursos abertos<\/strong><\/a><\/p>\n<p><!-- \/wp:paragraph --><\/p>\n<p><!-- wp:paragraph {\"align\":\"center\",\"backgroundColor\":\"vivid-purple\",\"textColor\":\"white\"} --><\/p>\n<p class=\"has-text-align-center has-white-color has-vivid-purple-background-color has-text-color has-background\"><strong><a href=\"https:\/\/www.estrategiaconcursos.com.br\/blog\/concursos-2022\/\" target=\"_blank\" rel=\"noreferrer noopener\">Concursos 2022<\/a><\/strong><\/p>\n<p><!-- \/wp:paragraph --><\/p>\n<p><!-- wp:html --><\/p>\n<div id=\"boxes\" class=\"container\">\n<div class=\"row\">\n<div class=\"col-sm\">\n<div id=\"box-assinatura\" class=\"estrategia\">\n<h3 class=\"titulo-assinatura\">Assinatura de Concursos<\/h3>\n<p class=\"subtitulo-assinatura\">Assinatura de 1 ano ou 2 anos<\/p>\n<div class=\"box-botao\"><a class=\"btn-assinatura\" role=\"button\" href=\"https:\/\/www.estrategiaconcursos.com.br\/assinaturas\/\" target=\"_blank\" rel=\"noopener noreferrer\">ASSINE AGORA<\/a><\/div>\n<\/div>\n<\/div>\n<\/div>\n<\/div>","protected":false},"excerpt":{"rendered":"<p>AGERGS: Direito Administrativo Resumido<\/p>\n","protected":false},"author":1462,"featured_media":1058699,"comment_status":"open","ping_status":"closed","sticky":false,"template":"","format":"standard","meta":{"post_tipo":"article","footnotes":""},"categories":[220215],"tags":[221040,221039,67],"tax_estado":[219986],"class_list":["post-1058688","post","type-post","status-publish","format-standard","has-post-thumbnail","hentry","category-agencia-reguladora","tag-agencia-reguladora","tag-agergs","tag-direito-administrativo","tax_estado-rs"],"acf":[],"yoast_head":"<!-- This site is optimized with the Yoast SEO Premium plugin v27.2 (Yoast SEO v27.2) - https:\/\/yoast.com\/product\/yoast-seo-premium-wordpress\/ -->\n<title>AGERGS: Direito Administrativo resumido<\/title>\n<meta name=\"description\" content=\"Concurso P\u00fablico. AGERGS: Direito Administrativo. Ag\u00eancia Estadual de Regula\u00e7\u00e3o dos Servi\u00e7os P\u00fablicos Delegados do Rio Grande do Sul - AGERGS\" \/>\n<meta name=\"robots\" content=\"index, follow, max-snippet:-1, max-image-preview:large, max-video-preview:-1\" \/>\n<link rel=\"canonical\" href=\"https:\/\/www.estrategiaconcursos.com.br\/blog\/agergs-direito-administrativo\/\" \/>\n<meta property=\"og:locale\" content=\"pt_BR\" \/>\n<meta property=\"og:type\" content=\"article\" \/>\n<meta property=\"og:title\" content=\"AGERGS: Direito Administrativo resumido\" \/>\n<meta property=\"og:description\" content=\"Concurso P\u00fablico. AGERGS: Direito Administrativo. Ag\u00eancia Estadual de Regula\u00e7\u00e3o dos Servi\u00e7os P\u00fablicos Delegados do Rio Grande do Sul - AGERGS\" \/>\n<meta property=\"og:url\" content=\"https:\/\/www.estrategiaconcursos.com.br\/blog\/agergs-direito-administrativo\/\" \/>\n<meta property=\"og:site_name\" content=\"Estrat\u00e9gia Concursos\" \/>\n<meta property=\"article:published_time\" content=\"2022-07-28T13:24:00+00:00\" \/>\n<meta property=\"og:image\" content=\"https:\/\/dhg1h5j42swfq.cloudfront.net\/2022\/07\/10122244\/agergs.jpg\" \/>\n\t<meta property=\"og:image:width\" content=\"300\" \/>\n\t<meta property=\"og:image:height\" content=\"168\" \/>\n\t<meta property=\"og:image:type\" content=\"image\/jpeg\" \/>\n<meta name=\"author\" content=\"Felipe Fernando Azevedo da Rocha\" \/>\n<meta name=\"twitter:card\" content=\"summary_large_image\" \/>\n<meta name=\"twitter:creator\" content=\"@EstratConcursos\" \/>\n<meta name=\"twitter:site\" content=\"@EstratConcursos\" \/>\n<meta name=\"twitter:label1\" content=\"Escrito por\" \/>\n\t<meta name=\"twitter:data1\" content=\"Felipe Fernando Azevedo da Rocha\" \/>\n\t<meta name=\"twitter:label2\" content=\"Est. tempo de leitura\" \/>\n\t<meta name=\"twitter:data2\" content=\"10 minutos\" \/>\n<script type=\"application\/ld+json\" class=\"yoast-schema-graph\">{\"@context\":\"https:\/\/schema.org\",\"@graph\":[{\"@type\":\"NewsArticle\",\"@id\":\"https:\/\/www.estrategiaconcursos.com.br\/blog\/agergs-direito-administrativo\/#article\",\"isPartOf\":{\"@id\":\"https:\/\/www.estrategiaconcursos.com.br\/blog\/agergs-direito-administrativo\/\"},\"author\":{\"name\":\"Felipe Fernando Azevedo da Rocha\",\"@id\":\"https:\/\/www.estrategiaconcursos.com.br\/blog\/#\/schema\/person\/425ec856669a603120a09fed3a635808\"},\"headline\":\"AGERGS: Direito Administrativo resumido\",\"datePublished\":\"2022-07-28T13:24:00+00:00\",\"mainEntityOfPage\":{\"@id\":\"https:\/\/www.estrategiaconcursos.com.br\/blog\/agergs-direito-administrativo\/\"},\"wordCount\":1826,\"commentCount\":0,\"publisher\":{\"@id\":\"https:\/\/www.estrategiaconcursos.com.br\/blog\/#organization\"},\"image\":{\"@id\":\"https:\/\/www.estrategiaconcursos.com.br\/blog\/agergs-direito-administrativo\/#primaryimage\"},\"thumbnailUrl\":\"https:\/\/dhg1h5j42swfq.cloudfront.net\/2022\/07\/10122244\/agergs.jpg\",\"keywords\":[\"Ag\u00eancia Reguladora\",\"AGERGS\",\"Direito Administrativo\"],\"articleSection\":[\"Ag\u00eancia Reguladora\"],\"inLanguage\":\"pt-BR\",\"potentialAction\":[{\"@type\":\"CommentAction\",\"name\":\"Comment\",\"target\":[\"https:\/\/www.estrategiaconcursos.com.br\/blog\/agergs-direito-administrativo\/#respond\"]}],\"copyrightYear\":\"2022\",\"copyrightHolder\":{\"@id\":\"https:\/\/www.estrategiaconcursos.com.br\/blog\/#organization\"}},{\"@type\":\"WebPage\",\"@id\":\"https:\/\/www.estrategiaconcursos.com.br\/blog\/agergs-direito-administrativo\/\",\"url\":\"https:\/\/www.estrategiaconcursos.com.br\/blog\/agergs-direito-administrativo\/\",\"name\":\"AGERGS: Direito Administrativo resumido\",\"isPartOf\":{\"@id\":\"https:\/\/www.estrategiaconcursos.com.br\/blog\/#website\"},\"primaryImageOfPage\":{\"@id\":\"https:\/\/www.estrategiaconcursos.com.br\/blog\/agergs-direito-administrativo\/#primaryimage\"},\"image\":{\"@id\":\"https:\/\/www.estrategiaconcursos.com.br\/blog\/agergs-direito-administrativo\/#primaryimage\"},\"thumbnailUrl\":\"https:\/\/dhg1h5j42swfq.cloudfront.net\/2022\/07\/10122244\/agergs.jpg\",\"datePublished\":\"2022-07-28T13:24:00+00:00\",\"description\":\"Concurso P\u00fablico. AGERGS: Direito Administrativo. Ag\u00eancia Estadual de Regula\u00e7\u00e3o dos Servi\u00e7os P\u00fablicos Delegados do Rio Grande do Sul - AGERGS\",\"breadcrumb\":{\"@id\":\"https:\/\/www.estrategiaconcursos.com.br\/blog\/agergs-direito-administrativo\/#breadcrumb\"},\"inLanguage\":\"pt-BR\",\"potentialAction\":[{\"@type\":\"ReadAction\",\"target\":[\"https:\/\/www.estrategiaconcursos.com.br\/blog\/agergs-direito-administrativo\/\"]}]},{\"@type\":\"ImageObject\",\"inLanguage\":\"pt-BR\",\"@id\":\"https:\/\/www.estrategiaconcursos.com.br\/blog\/agergs-direito-administrativo\/#primaryimage\",\"url\":\"https:\/\/dhg1h5j42swfq.cloudfront.net\/2022\/07\/10122244\/agergs.jpg\",\"contentUrl\":\"https:\/\/dhg1h5j42swfq.cloudfront.net\/2022\/07\/10122244\/agergs.jpg\",\"width\":300,\"height\":168,\"caption\":\"AGERGS: Direito Administrativo\"},{\"@type\":\"BreadcrumbList\",\"@id\":\"https:\/\/www.estrategiaconcursos.com.br\/blog\/agergs-direito-administrativo\/#breadcrumb\",\"itemListElement\":[{\"@type\":\"ListItem\",\"position\":1,\"name\":\"In\u00edcio\",\"item\":\"https:\/\/www.estrategiaconcursos.com.br\/blog\/\"},{\"@type\":\"ListItem\",\"position\":2,\"name\":\"AGERGS: Direito Administrativo resumido\"}]},{\"@type\":\"WebSite\",\"@id\":\"https:\/\/www.estrategiaconcursos.com.br\/blog\/#website\",\"url\":\"https:\/\/www.estrategiaconcursos.com.br\/blog\/\",\"name\":\"Estrat\u00e9gia Concursos\",\"description\":\"O blog da Estrat\u00e9gia Concursos traz not\u00edcias sobre concursos e artigos de professores oferecendo cursos para concursos (pdf + videaulas) no site.\",\"publisher\":{\"@id\":\"https:\/\/www.estrategiaconcursos.com.br\/blog\/#organization\"},\"potentialAction\":[{\"@type\":\"SearchAction\",\"target\":{\"@type\":\"EntryPoint\",\"urlTemplate\":\"https:\/\/www.estrategiaconcursos.com.br\/blog\/?s={search_term_string}\"},\"query-input\":{\"@type\":\"PropertyValueSpecification\",\"valueRequired\":true,\"valueName\":\"search_term_string\"}}],\"inLanguage\":\"pt-BR\"},{\"@type\":\"Organization\",\"@id\":\"https:\/\/www.estrategiaconcursos.com.br\/blog\/#organization\",\"name\":\"Estrat\u00e9gia Concursos\",\"url\":\"https:\/\/www.estrategiaconcursos.com.br\/blog\/\",\"logo\":{\"@type\":\"ImageObject\",\"inLanguage\":\"pt-BR\",\"@id\":\"https:\/\/www.estrategiaconcursos.com.br\/blog\/#\/schema\/logo\/image\/\",\"url\":\"https:\/\/dhg1h5j42swfq.cloudfront.net\/2025\/06\/03203428\/logo_concursos-1.jpg\",\"contentUrl\":\"https:\/\/dhg1h5j42swfq.cloudfront.net\/2025\/06\/03203428\/logo_concursos-1.jpg\",\"width\":230,\"height\":60,\"caption\":\"Estrat\u00e9gia Concursos\"},\"image\":{\"@id\":\"https:\/\/www.estrategiaconcursos.com.br\/blog\/#\/schema\/logo\/image\/\"},\"sameAs\":[\"https:\/\/x.com\/EstratConcursos\"]},{\"@type\":\"Person\",\"@id\":\"https:\/\/www.estrategiaconcursos.com.br\/blog\/#\/schema\/person\/425ec856669a603120a09fed3a635808\",\"name\":\"Felipe Fernando Azevedo da Rocha\",\"image\":{\"@type\":\"ImageObject\",\"inLanguage\":\"pt-BR\",\"@id\":\"https:\/\/secure.gravatar.com\/avatar\/44e78a4aab2c02a437a87a334aee9a4ea82ca0e4757c2747232497482cfe5ba2?s=96&d=mm&r=g\",\"url\":\"https:\/\/secure.gravatar.com\/avatar\/44e78a4aab2c02a437a87a334aee9a4ea82ca0e4757c2747232497482cfe5ba2?s=96&d=mm&r=g\",\"contentUrl\":\"https:\/\/secure.gravatar.com\/avatar\/44e78a4aab2c02a437a87a334aee9a4ea82ca0e4757c2747232497482cfe5ba2?s=96&d=mm&r=g\",\"caption\":\"Felipe Fernando Azevedo da Rocha\"},\"description\":\"Auditor de Finan\u00e7as da SEFAZ BA. P\u00f3s-Graduado em Direito Tribut\u00e1rio\",\"url\":\"https:\/\/www.estrategiaconcursos.com.br\/blog\/author\/felipeazrogmail-com\/\"}]}<\/script>\n<!-- \/ Yoast SEO Premium plugin. -->","yoast_head_json":{"title":"AGERGS: Direito Administrativo resumido","description":"Concurso P\u00fablico. AGERGS: Direito Administrativo. Ag\u00eancia Estadual de Regula\u00e7\u00e3o dos Servi\u00e7os P\u00fablicos Delegados do Rio Grande do Sul - AGERGS","robots":{"index":"index","follow":"follow","max-snippet":"max-snippet:-1","max-image-preview":"max-image-preview:large","max-video-preview":"max-video-preview:-1"},"canonical":"https:\/\/www.estrategiaconcursos.com.br\/blog\/agergs-direito-administrativo\/","og_locale":"pt_BR","og_type":"article","og_title":"AGERGS: Direito Administrativo resumido","og_description":"Concurso P\u00fablico. AGERGS: Direito Administrativo. Ag\u00eancia Estadual de Regula\u00e7\u00e3o dos Servi\u00e7os P\u00fablicos Delegados do Rio Grande do Sul - AGERGS","og_url":"https:\/\/www.estrategiaconcursos.com.br\/blog\/agergs-direito-administrativo\/","og_site_name":"Estrat\u00e9gia Concursos","article_published_time":"2022-07-28T13:24:00+00:00","og_image":[{"width":300,"height":168,"url":"https:\/\/dhg1h5j42swfq.cloudfront.net\/2022\/07\/10122244\/agergs.jpg","type":"image\/jpeg"}],"author":"Felipe Fernando Azevedo da Rocha","twitter_card":"summary_large_image","twitter_creator":"@EstratConcursos","twitter_site":"@EstratConcursos","twitter_misc":{"Escrito por":"Felipe Fernando Azevedo da Rocha","Est. tempo de leitura":"10 minutos"},"schema":{"@context":"https:\/\/schema.org","@graph":[{"@type":"NewsArticle","@id":"https:\/\/www.estrategiaconcursos.com.br\/blog\/agergs-direito-administrativo\/#article","isPartOf":{"@id":"https:\/\/www.estrategiaconcursos.com.br\/blog\/agergs-direito-administrativo\/"},"author":{"name":"Felipe Fernando Azevedo da Rocha","@id":"https:\/\/www.estrategiaconcursos.com.br\/blog\/#\/schema\/person\/425ec856669a603120a09fed3a635808"},"headline":"AGERGS: Direito Administrativo resumido","datePublished":"2022-07-28T13:24:00+00:00","mainEntityOfPage":{"@id":"https:\/\/www.estrategiaconcursos.com.br\/blog\/agergs-direito-administrativo\/"},"wordCount":1826,"commentCount":0,"publisher":{"@id":"https:\/\/www.estrategiaconcursos.com.br\/blog\/#organization"},"image":{"@id":"https:\/\/www.estrategiaconcursos.com.br\/blog\/agergs-direito-administrativo\/#primaryimage"},"thumbnailUrl":"https:\/\/dhg1h5j42swfq.cloudfront.net\/2022\/07\/10122244\/agergs.jpg","keywords":["Ag\u00eancia Reguladora","AGERGS","Direito Administrativo"],"articleSection":["Ag\u00eancia Reguladora"],"inLanguage":"pt-BR","potentialAction":[{"@type":"CommentAction","name":"Comment","target":["https:\/\/www.estrategiaconcursos.com.br\/blog\/agergs-direito-administrativo\/#respond"]}],"copyrightYear":"2022","copyrightHolder":{"@id":"https:\/\/www.estrategiaconcursos.com.br\/blog\/#organization"}},{"@type":"WebPage","@id":"https:\/\/www.estrategiaconcursos.com.br\/blog\/agergs-direito-administrativo\/","url":"https:\/\/www.estrategiaconcursos.com.br\/blog\/agergs-direito-administrativo\/","name":"AGERGS: Direito Administrativo resumido","isPartOf":{"@id":"https:\/\/www.estrategiaconcursos.com.br\/blog\/#website"},"primaryImageOfPage":{"@id":"https:\/\/www.estrategiaconcursos.com.br\/blog\/agergs-direito-administrativo\/#primaryimage"},"image":{"@id":"https:\/\/www.estrategiaconcursos.com.br\/blog\/agergs-direito-administrativo\/#primaryimage"},"thumbnailUrl":"https:\/\/dhg1h5j42swfq.cloudfront.net\/2022\/07\/10122244\/agergs.jpg","datePublished":"2022-07-28T13:24:00+00:00","description":"Concurso P\u00fablico. AGERGS: Direito Administrativo. Ag\u00eancia Estadual de Regula\u00e7\u00e3o dos Servi\u00e7os P\u00fablicos Delegados do Rio Grande do Sul - AGERGS","breadcrumb":{"@id":"https:\/\/www.estrategiaconcursos.com.br\/blog\/agergs-direito-administrativo\/#breadcrumb"},"inLanguage":"pt-BR","potentialAction":[{"@type":"ReadAction","target":["https:\/\/www.estrategiaconcursos.com.br\/blog\/agergs-direito-administrativo\/"]}]},{"@type":"ImageObject","inLanguage":"pt-BR","@id":"https:\/\/www.estrategiaconcursos.com.br\/blog\/agergs-direito-administrativo\/#primaryimage","url":"https:\/\/dhg1h5j42swfq.cloudfront.net\/2022\/07\/10122244\/agergs.jpg","contentUrl":"https:\/\/dhg1h5j42swfq.cloudfront.net\/2022\/07\/10122244\/agergs.jpg","width":300,"height":168,"caption":"AGERGS: Direito Administrativo"},{"@type":"BreadcrumbList","@id":"https:\/\/www.estrategiaconcursos.com.br\/blog\/agergs-direito-administrativo\/#breadcrumb","itemListElement":[{"@type":"ListItem","position":1,"name":"In\u00edcio","item":"https:\/\/www.estrategiaconcursos.com.br\/blog\/"},{"@type":"ListItem","position":2,"name":"AGERGS: Direito Administrativo resumido"}]},{"@type":"WebSite","@id":"https:\/\/www.estrategiaconcursos.com.br\/blog\/#website","url":"https:\/\/www.estrategiaconcursos.com.br\/blog\/","name":"Estrat\u00e9gia Concursos","description":"O blog da Estrat\u00e9gia Concursos traz not\u00edcias sobre concursos e artigos de professores oferecendo cursos para concursos (pdf + videaulas) no site.","publisher":{"@id":"https:\/\/www.estrategiaconcursos.com.br\/blog\/#organization"},"potentialAction":[{"@type":"SearchAction","target":{"@type":"EntryPoint","urlTemplate":"https:\/\/www.estrategiaconcursos.com.br\/blog\/?s={search_term_string}"},"query-input":{"@type":"PropertyValueSpecification","valueRequired":true,"valueName":"search_term_string"}}],"inLanguage":"pt-BR"},{"@type":"Organization","@id":"https:\/\/www.estrategiaconcursos.com.br\/blog\/#organization","name":"Estrat\u00e9gia Concursos","url":"https:\/\/www.estrategiaconcursos.com.br\/blog\/","logo":{"@type":"ImageObject","inLanguage":"pt-BR","@id":"https:\/\/www.estrategiaconcursos.com.br\/blog\/#\/schema\/logo\/image\/","url":"https:\/\/dhg1h5j42swfq.cloudfront.net\/2025\/06\/03203428\/logo_concursos-1.jpg","contentUrl":"https:\/\/dhg1h5j42swfq.cloudfront.net\/2025\/06\/03203428\/logo_concursos-1.jpg","width":230,"height":60,"caption":"Estrat\u00e9gia Concursos"},"image":{"@id":"https:\/\/www.estrategiaconcursos.com.br\/blog\/#\/schema\/logo\/image\/"},"sameAs":["https:\/\/x.com\/EstratConcursos"]},{"@type":"Person","@id":"https:\/\/www.estrategiaconcursos.com.br\/blog\/#\/schema\/person\/425ec856669a603120a09fed3a635808","name":"Felipe Fernando Azevedo da Rocha","image":{"@type":"ImageObject","inLanguage":"pt-BR","@id":"https:\/\/secure.gravatar.com\/avatar\/44e78a4aab2c02a437a87a334aee9a4ea82ca0e4757c2747232497482cfe5ba2?s=96&d=mm&r=g","url":"https:\/\/secure.gravatar.com\/avatar\/44e78a4aab2c02a437a87a334aee9a4ea82ca0e4757c2747232497482cfe5ba2?s=96&d=mm&r=g","contentUrl":"https:\/\/secure.gravatar.com\/avatar\/44e78a4aab2c02a437a87a334aee9a4ea82ca0e4757c2747232497482cfe5ba2?s=96&d=mm&r=g","caption":"Felipe Fernando Azevedo da Rocha"},"description":"Auditor de Finan\u00e7as da SEFAZ BA. P\u00f3s-Graduado em Direito Tribut\u00e1rio","url":"https:\/\/www.estrategiaconcursos.com.br\/blog\/author\/felipeazrogmail-com\/"}]}},"_links":{"self":[{"href":"https:\/\/www.estrategiaconcursos.com.br\/blog\/wp-json\/wp\/v2\/posts\/1058688","targetHints":{"allow":["GET"]}}],"collection":[{"href":"https:\/\/www.estrategiaconcursos.com.br\/blog\/wp-json\/wp\/v2\/posts"}],"about":[{"href":"https:\/\/www.estrategiaconcursos.com.br\/blog\/wp-json\/wp\/v2\/types\/post"}],"author":[{"embeddable":true,"href":"https:\/\/www.estrategiaconcursos.com.br\/blog\/wp-json\/wp\/v2\/users\/1462"}],"replies":[{"embeddable":true,"href":"https:\/\/www.estrategiaconcursos.com.br\/blog\/wp-json\/wp\/v2\/comments?post=1058688"}],"version-history":[{"count":9,"href":"https:\/\/www.estrategiaconcursos.com.br\/blog\/wp-json\/wp\/v2\/posts\/1058688\/revisions"}],"predecessor-version":[{"id":1062939,"href":"https:\/\/www.estrategiaconcursos.com.br\/blog\/wp-json\/wp\/v2\/posts\/1058688\/revisions\/1062939"}],"wp:featuredmedia":[{"embeddable":true,"href":"https:\/\/www.estrategiaconcursos.com.br\/blog\/wp-json\/wp\/v2\/media\/1058699"}],"wp:attachment":[{"href":"https:\/\/www.estrategiaconcursos.com.br\/blog\/wp-json\/wp\/v2\/media?parent=1058688"}],"wp:term":[{"taxonomy":"category","embeddable":true,"href":"https:\/\/www.estrategiaconcursos.com.br\/blog\/wp-json\/wp\/v2\/categories?post=1058688"},{"taxonomy":"post_tag","embeddable":true,"href":"https:\/\/www.estrategiaconcursos.com.br\/blog\/wp-json\/wp\/v2\/tags?post=1058688"},{"taxonomy":"tax_estado","embeddable":true,"href":"https:\/\/www.estrategiaconcursos.com.br\/blog\/wp-json\/wp\/v2\/tax_estado?post=1058688"}],"curies":[{"name":"wp","href":"https:\/\/api.w.org\/{rel}","templated":true}]}}