{"id":1058673,"date":"2022-08-04T08:10:00","date_gmt":"2022-08-04T11:10:00","guid":{"rendered":"https:\/\/www.estrategiaconcursos.com.br\/blog\/?p=1058673"},"modified":"2022-07-18T11:35:57","modified_gmt":"2022-07-18T14:35:57","slug":"sefaz-mg-resumo-ipva","status":"publish","type":"post","link":"https:\/\/www.estrategiaconcursos.com.br\/blog\/sefaz-mg-resumo-ipva\/","title":{"rendered":"SEFAZ-MG: Resumo do Decreto do IPVA \u2013 Fato Gerador"},"content":{"rendered":"\n<p class=\"has-medium-font-size\">Confira neste artigo um resumo sobre o <strong><mark style=\"background-color:rgba(0, 0, 0, 0)\" class=\"has-inline-color has-vivid-cyan-blue-color\">Fato Gerador do IPVA<\/mark><\/strong>, no <strong>Decreto 43.709\/03<\/strong>, para o concurso da&nbsp;<strong><a href=\"https:\/\/www.estrategiaconcursos.com.br\/cursosPorConcurso\/secretaria-da-fazenda-do-estado-de-minas-gerais-sefaz-mg\/\" target=\"_blank\" rel=\"noreferrer noopener\">SEFAZ-MG<\/a><\/strong>.<\/p>\n\n\n\n<div class=\"wp-block-image\"><figure class=\"aligncenter size-full is-resized\"><img loading=\"lazy\" decoding=\"async\" src=\"https:\/\/dhg1h5j42swfq.cloudfront.net\/2021\/09\/03085020\/ipva.png\" alt=\"SEFAZ-MG: Resumo do Decreto do IPVA \u2013 Fato Gerador\" class=\"wp-image-852999\" width=\"423\" height=\"328\" srcset=\"https:\/\/dhg1h5j42swfq.cloudfront.net\/2021\/09\/03085020\/ipva.png 379w, https:\/\/dhg1h5j42swfq.cloudfront.net\/2021\/09\/03085020\/ipva-300x233.png 300w\" sizes=\"auto, (max-width: 423px) 100vw, 423px\" \/><figcaption>SEFAZ-MG: Resumo do Decreto do IPVA \u2013 Fato Gerador<\/figcaption><\/figure><\/div>\n\n\n\n<p>Ol\u00e1, pessoal! Tudo bem com voc\u00eas?<\/p>\n\n\n\n<p>O <strong><a href=\"https:\/\/www.estrategiaconcursos.com.br\/blog\/concurso-sefaz-mg\/\" target=\"_blank\" rel=\"noreferrer noopener\">concurso da&nbsp;SEFAZ MG<\/a><\/strong> est\u00e1 cada dia mais perto. S\u00e3o<strong>&nbsp;<\/strong>incr\u00edveis&nbsp;<strong>431 vagas<\/strong>, para o cargo de<strong>&nbsp;Auditor Fiscal,&nbsp;<\/strong>com remunera\u00e7\u00e3o inicial podendo chegar a&nbsp;<strong>R$ 25.291,35.<\/strong>&nbsp;<\/p>\n\n\n\n<p>No artigo de hoje, vamos fazer um resumo sobre o <strong><mark style=\"background-color:rgba(0, 0, 0, 0)\" class=\"has-inline-color has-vivid-cyan-blue-color\">Fato Gerador do IPVA<\/mark><\/strong>, presente no <strong>Decreto 43.709\/03<\/strong>, para a SEFAZ-MG.<\/p>\n\n\n\n<p>Como o tema do IPVA \u00e9 um pouco extenso, vamos dividir a nossa an\u00e1lise em <strong>dois artigos.<\/strong><\/p>\n\n\n\n<p>Preparados? Ent\u00e3o vamos l\u00e1!<\/p>\n\n\n\n<div class=\"container\" id=\"boxes\">\n  <div class=\"row\">\n\n    <div class=\"col-sm\">\n      <div class=\"banner-fiscal-01\" id=\"box-assinatura\">\n        <h3 class=\"titulo-assinatura\">Concurso Sefaz MG<\/h3>\n        <p class=\"subtitulo-assinatura\">Estude conosco<\/p>\n        <div class=\"box-botao\">\n          <a class=\"btn-assinatura\" target=\"_blank\" href=\"https:\/\/www.estrategiaconcursos.com.br\/cursosPorConcurso\/secretaria-da-fazenda-do-estado-de-minas-gerais-sefaz-mg\/\" role=\"button\" rel=\"noopener noreferrer\">Conhe\u00e7a os cursos<\/a>\n        <\/div>\n      <\/div>\n      \n    <\/div>\n\n  <\/div>\n<\/div>\n\n\n\n<h2 class=\"wp-block-heading\" id=\"h-incidencia-do-ipva-para-a-sefaz-mg\"><mark style=\"background-color:rgba(0, 0, 0, 0)\" class=\"has-inline-color has-vivid-cyan-blue-color\">Incid\u00eancia do IPVA para a SEFAZ-MG<\/mark><\/h2>\n\n\n\n<p>O <strong><mark style=\"background-color:rgba(0, 0, 0, 0)\" class=\"has-inline-color has-vivid-cyan-blue-color\">IPVA <\/mark><\/strong>(Imposto sobre a Propriedade de Ve\u00edculos Automotores) \u00e9 um<strong>&nbsp;<\/strong>imposto estadual, devido&nbsp;<strong>anualmente<\/strong>, o qual&nbsp;<strong>incide<\/strong> sobre a <strong><mark style=\"background-color:rgba(0, 0, 0, 0)\" class=\"has-inline-color has-vivid-cyan-blue-color\">propriedade de ve\u00edculo automotor<\/mark><\/strong> de qualquer esp\u00e9cie <strong>sujeito <\/strong>a <strong><mark style=\"background-color:rgba(0, 0, 0, 0)\" class=\"has-inline-color has-vivid-red-color\">registro<\/mark><\/strong>, <strong><mark style=\"background-color:rgba(0, 0, 0, 0)\" class=\"has-inline-color has-vivid-red-color\">matr\u00edcula <\/mark><\/strong>ou <strong><mark style=\"background-color:rgba(0, 0, 0, 0)\" class=\"has-inline-color has-vivid-red-color\">licenciamento <\/mark><\/strong>em <strong>Minas Gerais<\/strong>.<\/p>\n\n\n\n<p>Contudo, \u00e9 tamb\u00e9m poss\u00edvel a incid\u00eancia deste imposto ainda que o ve\u00edculo seja <strong>dispensado <\/strong>de registro, matr\u00edcula ou licenciamento no \u00f3rg\u00e3o pr\u00f3prio, desde que o seu <strong>propriet\u00e1rio<\/strong> esteja <strong><mark style=\"background-color:rgba(0, 0, 0, 0)\" class=\"has-inline-color has-vivid-cyan-blue-color\">domiciliado <\/mark><\/strong>em <strong>MG<\/strong>.<\/p>\n\n\n\n<h2 class=\"wp-block-heading\" id=\"h-fato-gerador-do-ipva-para-a-sefaz-mg\"><mark style=\"background-color:rgba(0, 0, 0, 0)\" class=\"has-inline-color has-vivid-cyan-blue-color\">Fato Gerador do IPVA para a SEFAZ-MG<\/mark><\/h2>\n\n\n\n<p>\u00c9 importante salientar que o momento da ocorr\u00eancia do fato gerador deste imposto ir\u00e1 depender do tipo de ve\u00edculo.<\/p>\n\n\n\n<p>Desse modo, o <strong>fato gerador <\/strong>do IPVA, em Minas Gerais, <strong><mark style=\"background-color:rgba(0, 0, 0, 0)\" class=\"has-inline-color has-vivid-cyan-blue-color\">ocorre<\/mark><\/strong>:<\/p>\n\n\n\n<ul class=\"wp-block-list\"><li>para ve\u00edculo <strong>novo<\/strong>, na <strong><mark style=\"background-color:rgba(0, 0, 0, 0)\" class=\"has-inline-color has-vivid-cyan-blue-color\">data de sua aquisi\u00e7\u00e3o<\/mark><\/strong> pelo consumidor;<\/li><li>para ve\u00edculo <strong>usado<\/strong>, no dia <strong><mark style=\"background-color:rgba(0, 0, 0, 0)\" class=\"has-inline-color has-vivid-cyan-blue-color\">1\u00ba de janeiro <\/mark><\/strong>de cada exerc\u00edcio;<\/li><li>para ve\u00edculo <strong>importado <\/strong>pelo <strong>consumidor<\/strong>, na data de seu <strong><mark style=\"background-color:rgba(0, 0, 0, 0)\" class=\"has-inline-color has-vivid-cyan-blue-color\">desembara\u00e7o aduaneiro<\/mark><\/strong>.<\/li><\/ul>\n\n\n\n<p>N\u00f3s iremos ver mais adiante que h\u00e1 situa\u00e7\u00f5es em que o ve\u00edculo n\u00e3o estar\u00e1 sujeito \u00e0 tributa\u00e7\u00e3o do imposto, seja devido \u00e0 imunidade ou \u00e0 isen\u00e7\u00e3o. Assim, caso haja a <strong>perda <\/strong>deste <strong>benef\u00edcio fiscal<\/strong>, a propriedade do ve\u00edculo passa a ser novamente <strong>tributada<\/strong>, sendo que, neste caso, \u00e9 considerado ocorrido o seu fato gerador na <strong>data <\/strong>em que se der o <strong><mark style=\"background-color:rgba(0, 0, 0, 0)\" class=\"has-inline-color has-vivid-cyan-blue-color\">fato motivador da perda<\/mark><\/strong> da imunidade ou isen\u00e7\u00e3o.<\/p>\n\n\n\n<p>Seguindo a nossa an\u00e1lise, em rela\u00e7\u00e3o aos ve\u00edculos <strong>novos <\/strong>e aos <strong>importados <\/strong>pelo consumidor, \u00e9 considerado <strong><mark style=\"background-color:rgba(0, 0, 0, 0)\" class=\"has-inline-color has-vivid-cyan-blue-color\">lan\u00e7ado<\/mark><\/strong> o IPVA e <strong>notificado <\/strong>o sujeito passivo no dia em que se <strong><mark style=\"background-color:rgba(0, 0, 0, 0)\" class=\"has-inline-color has-vivid-cyan-blue-color\">efetivar o registro<\/mark><\/strong> no \u00f3rg\u00e3o p\u00fablico competente.<\/p>\n\n\n\n<p><strong><mark style=\"background-color:rgba(0, 0, 0, 0)\" class=\"has-inline-color has-vivid-red-color\">VE\u00cdCULO NOVO<\/mark><\/strong>: Considera-se novo o ve\u00edculo <strong>sem uso<\/strong> at\u00e9 a sua sa\u00edda promovida por revendedor ou por fabricante diretamente ao consumidor final.<\/p>\n\n\n\n<p>Por sua vez, em rela\u00e7\u00e3o aos ve\u00edculos <strong>usados <\/strong>e aos importados registrados no Estado, o IPVA ser\u00e1 <strong><mark style=\"background-color:rgba(0, 0, 0, 0)\" class=\"has-inline-color has-black-color\">lan\u00e7ado <\/mark><\/strong>e o sujeito passivo <strong>notificado <\/strong>mediante <strong>publica\u00e7\u00e3o <\/strong>da tabela relativa \u00e0 base de c\u00e1lculo deste imposto no <strong>Di\u00e1rio Eletr\u00f4nico <\/strong>da Secretaria de Estado de Fazenda, sendo considerado efetuado o <strong><mark style=\"background-color:rgba(0, 0, 0, 0)\" class=\"has-inline-color has-vivid-cyan-blue-color\">lan\u00e7amento <\/mark><\/strong>anual, neste caso, em <strong><mark style=\"background-color:rgba(0, 0, 0, 0)\" class=\"has-inline-color has-vivid-cyan-blue-color\">1\u00ba de janeiro<\/mark><\/strong>, como j\u00e1 citado.<\/p>\n\n\n\n<h2 class=\"wp-block-heading\" id=\"h-imunidade-do-ipva-para-a-sefaz-mg\"><mark style=\"background-color:rgba(0, 0, 0, 0)\" class=\"has-inline-color has-vivid-cyan-blue-color\">Imunidade do IPVA para a SEFAZ-MG<\/mark><\/h2>\n\n\n\n<p>A Constitui\u00e7\u00e3o Federal Brasileira (CF\/88) disp\u00f4s expressamente sobre algumas situa\u00e7\u00f5es em que&nbsp;<strong>n\u00e3o incidir\u00e1<\/strong>&nbsp;a cobran\u00e7a de nenhum imposto, de modo que n\u00e3o haja a ocorr\u00eancia do seu fato gerador. Essas situa\u00e7\u00f5es de n\u00e3o-incid\u00eancia presentes na CF\/88 s\u00e3o conhecidas como&nbsp;<strong>imunidades<\/strong>&nbsp;constitucionais.<\/p>\n\n\n\n<p>Dessa maneira, o decreto do IPVA de Minas Gerais <strong>replicou&nbsp;<\/strong>esses casos de imunidade tribut\u00e1ria.<\/p>\n\n\n\n<p>Desse modo, <mark style=\"background-color:rgba(0, 0, 0, 0)\" class=\"has-inline-color has-vivid-cyan-blue-color\"><strong>o IPVA&nbsp;n\u00e3o incide, em Minas Gerais,<\/strong><\/mark><strong> <\/strong>sobre os ve\u00edculos automotores de <strong>propriedade<\/strong>:<\/p>\n\n\n\n<ul class=\"wp-block-list\"><li>da <strong>Uni\u00e3o<\/strong>, dos <strong>Estados<\/strong>, do <strong>Distrito Federal<\/strong> e dos <strong>Munic\u00edpios<\/strong>;<\/li><li>das <strong>autarquias <\/strong>e das <strong>funda\u00e7\u00f5es institu\u00eddas <\/strong>e mantidas pelo Poder P\u00fablico, desde que utilizado no desenvolvimento de suas <strong>finalidades <\/strong>essenciais ou delas decorrentes;<\/li><li>dos <strong>templos <\/strong>de qualquer culto;<\/li><li>das<strong> entidades sindicais<\/strong> de trabalhadores;<\/li><li>dos <strong>partidos pol\u00edticos<\/strong>, inclusive suas funda\u00e7\u00f5es, e das <strong>institui\u00e7\u00f5es de educa\u00e7\u00e3o e de assist\u00eancia social<\/strong> sem fins lucrativos, atendidos os seguintes requisitos:<ul><li>n\u00e3o distribu\u00edrem qualquer parcela de seu patrim\u00f4nio ou de suas rendas a qualquer t\u00edtulo;<\/li><\/ul><ul><li>aplicarem integralmente no Pa\u00eds os seus recursos na manuten\u00e7\u00e3o de seus objetivos institucionais;<\/li><\/ul><ul><li>manterem escritura\u00e7\u00e3o de suas receitas e despesas em livros revestidos de formalidades capazes de assegurar sua exatid\u00e3o.<\/li><\/ul><\/li><\/ul>\n\n\n\n<p><strong><mark style=\"background-color:rgba(0, 0, 0, 0)\" class=\"has-inline-color has-vivid-red-color\">FIQUE ATENTO:<\/mark><\/strong> Em rela\u00e7\u00e3o \u00e0 imunidade das <strong><mark style=\"background-color:rgba(0, 0, 0, 0)\" class=\"has-inline-color has-vivid-cyan-blue-color\">pessoas jur\u00eddicas de direito p\u00fablico<\/mark><\/strong>, representadas pelos <strong>dois primeiros incisos <\/strong>acima, ela <strong>n\u00e3o <\/strong>se aplica \u00e0 propriedade de ve\u00edculo utilizado na<strong><mark style=\"background-color:rgba(0, 0, 0, 0)\" class=\"has-inline-color has-vivid-cyan-blue-color\"> explora\u00e7\u00e3o de atividades econ\u00f4micas<\/mark><\/strong> regidas por normas aplic\u00e1veis a empreendimentos privados <strong>ou <\/strong>em que haja <strong>contrapresta\u00e7\u00e3o <\/strong>ou pagamento de pre\u00e7os ou tarifas pelo usu\u00e1rio.<\/p>\n\n\n\n<h2 class=\"wp-block-heading\" id=\"h-isencao-do-ipva-para-a-sefaz-mg\"><mark style=\"background-color:rgba(0, 0, 0, 0)\" class=\"has-inline-color has-vivid-cyan-blue-color\">Isen\u00e7\u00e3o do IPVA para a SEFAZ-MG<\/mark><\/h2>\n\n\n\n<p>Finalizando o nosso resumo sobre o IPVA para a SEFAZ-MG, vamos falar sobre a isen\u00e7\u00e3o ao imposto.<\/p>\n\n\n\n<p>Vamos primeiramente entender a <strong>diferen\u00e7a <\/strong>entre a <strong>isen\u00e7\u00e3o <\/strong>e a <strong>imunidade<\/strong>.<\/p>\n\n\n\n<p>Na&nbsp;<strong>imunidade<\/strong>&nbsp;citada anteriormente, ressaltamos que n\u00e3o h\u00e1 a necessidade de pagamento do IPVA, uma vez que&nbsp;<strong>n\u00e3o h\u00e1 a ocorr\u00eancia do fato gerador<\/strong>&nbsp;do imposto.<\/p>\n\n\n\n<p>J\u00e1 a <strong>isen\u00e7\u00e3o&nbsp;<\/strong>\u00e9 um pouco diferente. Nesse caso, h\u00e1 a&nbsp;<strong>ocorr\u00eancia do fato gerador<\/strong>&nbsp;e, consequentemente, da obriga\u00e7\u00e3o tribut\u00e1ria, por\u00e9m, o poder p\u00fablico decide por n\u00e3o cobrar o imposto do contribuinte,&nbsp;<strong>dispensando-o do pagamento.<\/strong><\/p>\n\n\n\n<p>Dessa maneira, o decreto do IPVA do estado de Minas Gerais, trouxe diversas situa\u00e7\u00f5es de <strong><mark style=\"background-color:rgba(0, 0, 0, 0)\" class=\"has-inline-color has-vivid-cyan-blue-color\">isen\u00e7\u00e3o <\/mark><\/strong>do imposto, como podemos ver abaixo:<\/p>\n\n\n\n<p><strong><mark style=\"background-color:rgba(0, 0, 0, 0)\" class=\"has-inline-color has-vivid-cyan-blue-color\">I <\/mark><\/strong>&#8211; ve\u00edculo de<strong> entidade filantr\u00f3pica<\/strong>, quando declarada de <strong>utilidade p\u00fablica <\/strong>pelo Estado, desde que utilizado <strong>exclusivamente <\/strong>para consecu\u00e7\u00e3o dos objetivos da entidade;<\/p>\n\n\n\n<p><strong><mark style=\"background-color:rgba(0, 0, 0, 0)\" class=\"has-inline-color has-vivid-cyan-blue-color\">II <\/mark><\/strong>&#8211; ve\u00edculo de <strong>embaixada<\/strong> e <strong>consulado<\/strong>;<\/p>\n\n\n\n<p><strong><mark style=\"background-color:rgba(0, 0, 0, 0)\" class=\"has-inline-color has-vivid-cyan-blue-color\">III <\/mark><\/strong>&#8211; ve\u00edculo de pessoa com<strong> defici\u00eancia <\/strong>f\u00edsica, visual ou mental severa ou profunda, com s\u00edndrome de Down ou autista, desde que, na hip\u00f3tese de ve\u00edculo:<\/p>\n\n\n\n<ul class=\"wp-block-list\"><li><strong>novo<\/strong>, o pre\u00e7o de venda ao consumidor sugerido pelo fabricante, inclu\u00eddos os tributos incidentes, <strong>n\u00e3o seja superior a R$100.000,00<\/strong> na sa\u00edda destinada ao deficiente;<\/li><li><strong>usado<\/strong>, o valor da base de c\u00e1lculo previsto em tabela anual de incid\u00eancia do IPVA divulgada pela Secretaria de Estado de Fazenda <strong>n\u00e3o exceda o limite acima<\/strong>;<\/li><\/ul>\n\n\n\n<p><strong><mark style=\"background-color:rgba(0, 0, 0, 0)\" class=\"has-inline-color has-vivid-cyan-blue-color\">IV <\/mark><\/strong>&#8211; ve\u00edculo de<strong> turista estrangeiro<\/strong>, durante sua perman\u00eancia no Pa\u00eds, por per\u00edodo <strong>nunca superior a um ano,<\/strong> desde que tal ve\u00edculo n\u00e3o esteja sujeito a registro, matr\u00edcula ou licenciamento em MG;<\/p>\n\n\n\n<p><strong><mark style=\"background-color:rgba(0, 0, 0, 0)\" class=\"has-inline-color has-vivid-cyan-blue-color\">V <\/mark><\/strong>\u2013 <strong>t\u00e1xi <\/strong>e <strong>motot\u00e1xi<\/strong>;<\/p>\n\n\n\n<p><strong><mark style=\"background-color:rgba(0, 0, 0, 0)\" class=\"has-inline-color has-vivid-cyan-blue-color\">VI <\/mark><\/strong>&#8211; ve\u00edculo <strong>rodovi\u00e1rio <\/strong>dispensado de licenciamento no \u00f3rg\u00e3o de tr\u00e2nsito por n\u00e3o trafegar em via p\u00fablica e <strong>m\u00e1quina agr\u00edcola<\/strong> ou de <strong>terraplenagem<\/strong>;<\/p>\n\n\n\n<p><strong><mark style=\"background-color:rgba(0, 0, 0, 0)\" class=\"has-inline-color has-vivid-cyan-blue-color\">VII<\/mark><\/strong> &#8211; ve\u00edculo de <strong>valor hist\u00f3rico <\/strong>ou de <strong>cole\u00e7\u00e3o<\/strong> com no <strong>m\u00ednimo 30 anos <\/strong>de fabrica\u00e7\u00e3o;<\/p>\n\n\n\n<p><strong><mark style=\"background-color:rgba(0, 0, 0, 0)\" class=\"has-inline-color has-vivid-cyan-blue-color\">VIII <\/mark><\/strong>&#8211; ve\u00edculo <strong>roubado<\/strong>, <strong>furtado<\/strong> ou <strong>extorquido<\/strong>, no per\u00edodo entre a data da ocorr\u00eancia do fato e a data de sua devolu\u00e7\u00e3o ao propriet\u00e1rio;<\/p>\n\n\n\n<p><strong><mark style=\"background-color:rgba(0, 0, 0, 0)\" class=\"has-inline-color has-vivid-cyan-blue-color\">IX <\/mark><\/strong>&#8211; ve\u00edculo <strong>sinistrado <\/strong>com<strong> perda total<\/strong>, a partir da data da ocorr\u00eancia do sinistro;<\/p>\n\n\n\n<p><strong><mark style=\"background-color:rgba(0, 0, 0, 0)\" class=\"has-inline-color has-vivid-cyan-blue-color\">X <\/mark><\/strong>&#8211; ve\u00edculo objeto de <strong>sorteio <\/strong>promovido por entidade credenciada, no per\u00edodo entre a data de sua aquisi\u00e7\u00e3o e a data de sua entrega ao sorteado;<\/p>\n\n\n\n<p><strong><mark style=\"background-color:rgba(0, 0, 0, 0)\" class=\"has-inline-color has-vivid-cyan-blue-color\">XI <\/mark><\/strong>&#8211; ve\u00edculo adquirido em <strong>leil\u00e3o <\/strong>promovido pelo poder p\u00fablico, no per\u00edodo entre a data de sua apreens\u00e3o e a data da arremata\u00e7\u00e3o;<\/p>\n\n\n\n<p><strong><mark style=\"background-color:rgba(0, 0, 0, 0)\" class=\"has-inline-color has-vivid-cyan-blue-color\">XII <\/mark><\/strong>&#8211; ve\u00edculo cedido em <strong>comodato <\/strong>\u00e0 <strong>administra\u00e7\u00e3o <\/strong>direta do Estado, bem como a autarquia e funda\u00e7\u00e3o p\u00fablica estadual;<\/p>\n\n\n\n<p><strong><mark style=\"background-color:rgba(0, 0, 0, 0)\" class=\"has-inline-color has-vivid-cyan-blue-color\">XIII <\/mark><\/strong>&#8211; ve\u00edculo <strong>usado<\/strong>, desde que seu propriet\u00e1rio seja <strong>comerciante de ve\u00edculos<\/strong> inscrito no Cadastro de Contribuintes do ICMS do Estado e o utilize como <strong>mercadoria <\/strong>em sua atividade comercial;<\/p>\n\n\n\n<p><strong><mark style=\"background-color:rgba(0, 0, 0, 0)\" class=\"has-inline-color has-vivid-cyan-blue-color\">XIV <\/mark><\/strong>&#8211; <strong>embarca\u00e7\u00e3o<\/strong>, desde que o seu propriet\u00e1rio seja <strong>pescador profissional<\/strong> e a utilize em sua atividade pesqueira;<\/p>\n\n\n\n<p><strong><mark style=\"background-color:rgba(0, 0, 0, 0)\" class=\"has-inline-color has-vivid-cyan-blue-color\">XV <\/mark><\/strong>&#8211; <strong>aeronave <\/strong>e <strong>embarca\u00e7\u00e3o <\/strong>com autoriza\u00e7\u00e3o para o <strong>transporte p\u00fablico<\/strong> de passageiros ou de cargas;<\/p>\n\n\n\n<p><strong><mark style=\"background-color:rgba(0, 0, 0, 0)\" class=\"has-inline-color has-vivid-cyan-blue-color\">XVI <\/mark><\/strong>&#8211; <strong>locomotiva<\/strong>;<\/p>\n\n\n\n<p><strong><mark style=\"background-color:rgba(0, 0, 0, 0)\" class=\"has-inline-color has-vivid-cyan-blue-color\">XVII <\/mark><\/strong>&#8211; ve\u00edculo pertencente a motorista profissional aut\u00f4nomo, utilizado para o servi\u00e7o de<strong> transporte escolar<\/strong>;<\/p>\n\n\n\n<p><strong><mark style=\"background-color:rgba(0, 0, 0, 0)\" class=\"has-inline-color has-vivid-cyan-blue-color\">XVIII <\/mark><\/strong>&#8211; ve\u00edculo pertencente ou cedido em <strong>comodato<\/strong> \u00e0 <strong>Emater<\/strong> ou \u00e0 <strong>Epamig<\/strong>;<\/p>\n\n\n\n<p><strong><mark style=\"background-color:rgba(0, 0, 0, 0)\" class=\"has-inline-color has-vivid-cyan-blue-color\">XIX <\/mark><\/strong>&#8211; <strong>caminh\u00e3o <\/strong>novo ou usado, adquirido por meio do <strong>Programa de Incentivo<\/strong> \u00e0 Renova\u00e7\u00e3o da Frota de Caminh\u00f5es no Estado,<\/p>\n\n\n\n<p><strong><mark style=\"background-color:rgba(0, 0, 0, 0)\" class=\"has-inline-color has-vivid-cyan-blue-color\">XX <\/mark><\/strong>&#8211; ve\u00edculo <strong>novo<\/strong>, <strong>fabricado <\/strong>no <strong>Estado<\/strong>, cujo motor de propuls\u00e3o seja movido a<strong> g\u00e1s natural<\/strong>, relativamente ao per\u00edodo entre a data de sua aquisi\u00e7\u00e3o e o \u00faltimo dia do exerc\u00edcio financeiro em que tenha ocorrido essa aquisi\u00e7\u00e3o.<\/p>\n\n\n\n<p>Ufa, s\u00e3o muitas isen\u00e7\u00f5es, n\u00e3o \u00e9 mesmo? Decore-as, pois elas provavelmente ser\u00e3o cobradas na sua prova.<\/p>\n\n\n\n<p>A isen\u00e7\u00e3o deve ser <strong>solicitada <\/strong>pelo contribuinte. O <strong>Chefe da Administra\u00e7\u00e3o Fazend\u00e1ria (AF) decidir\u00e1 <\/strong>quanto ao requerimento para frui\u00e7\u00e3o de imunidade e ao pedido de reconhecimento de isen\u00e7\u00e3o do IPVA, o qual, sendo deferido, ser\u00e1 submetido \u00e0 <strong>homologa\u00e7\u00e3o <\/strong>do <strong>Superintendente Regional<\/strong> a que estiver circunscrita a AF.<\/p>\n\n\n\n<p>Contudo, caso a decis\u00e3o do Chefe da AF seja <strong>desfavor\u00e1vel <\/strong>ao interessado, caber\u00e1 <strong><mark style=\"background-color:rgba(0, 0, 0, 0)\" class=\"has-inline-color has-vivid-cyan-blue-color\">recurso<\/mark><\/strong> ao <strong>Superintendente Regional<\/strong>. Assim, sendo mantida a decis\u00e3o desfavor\u00e1vel ao interessado ou na hip\u00f3tese de denega\u00e7\u00e3o da homologa\u00e7\u00e3o pelo Superintendente Regional, o imposto, se vencido, deve ser pago.<\/p>\n\n\n\n<p>A imunidade e a isen\u00e7\u00e3o <strong><mark style=\"background-color:rgba(0, 0, 0, 0)\" class=\"has-inline-color has-vivid-cyan-blue-color\">prevalecer\u00e3o <\/mark><\/strong>enquanto o ve\u00edculo <strong>pertencer \u00e0 pessoa<\/strong> indicada no respectivo Processo Tribut\u00e1rio Administrativo (PTA), desde que ela <strong>continue a preencher<\/strong> as condi\u00e7\u00f5es e requisitos exigidos pela legisla\u00e7\u00e3o para usufruir do benef\u00edcio, independentemente de novo pedido.<\/p>\n\n\n\n<p><strong><mark style=\"background-color:rgba(0, 0, 0, 0)\" class=\"has-inline-color has-vivid-red-color\">IMPORTANTE<\/mark><\/strong>: O reconhecimento de qualquer benef\u00edcio <strong><mark style=\"background-color:rgba(0, 0, 0, 0)\" class=\"has-inline-color has-vivid-cyan-blue-color\">n\u00e3o gera direito adquirido<\/mark><\/strong>, podendo ser <strong>revogado <\/strong>de of\u00edcio quando for apurado que o benefici\u00e1rio <strong>n\u00e3o satisfa\u00e7a <\/strong>ou deixou de satisfazer as condi\u00e7\u00f5es para a sua frui\u00e7\u00e3o, exigindo-se o tributo atualizado monetariamente, se for o caso, com os acr\u00e9scimos legais.<\/p>\n\n\n\n<h2 class=\"wp-block-heading\" id=\"h-finalizando\"><mark style=\"background-color:rgba(0, 0, 0, 0)\" class=\"has-inline-color has-vivid-cyan-blue-color\">Finalizando<\/mark><\/h2>\n\n\n\n<p>Galera, finalizamos o nosso resumo sobre o Fato Gerador do IPVA, no Decreto 43.709\/03, para o concurso da SEFAZ-MG. Esperamos que tenham gostado.<\/p>\n\n\n\n<p>Caso queira se preparar para chegar&nbsp;<strong>competitivo&nbsp;<\/strong>nesta prova, invista nos&nbsp;<a href=\"https:\/\/www.estrategiaconcursos.com.br\/cursosPorConcurso\/secretaria-da-fazenda-do-estado-de-minas-gerais-sefaz-mg\/\" target=\"_blank\" rel=\"noreferrer noopener\"><strong>cursos para a SEFAZ MG<\/strong><\/a>&nbsp;do&nbsp;<strong>Estrat\u00e9gia Concursos<\/strong>.&nbsp;L\u00e1 voc\u00ea encontrar\u00e1&nbsp;<strong>aulas completas e detalhadas, com os melhores professores do mercado<\/strong>,&nbsp;de todos os t\u00f3picos exigidos no edital deste concurso.<\/p>\n\n\n\n<p>Conhe\u00e7a tamb\u00e9m o&nbsp;<a href=\"https:\/\/questoes.estrategiaconcursos.com.br\/\" target=\"_blank\" rel=\"noreferrer noopener\">Sistema de Quest\u00f5es do Estrat\u00e9gia<\/a>. Afinal, a \u00fanica maneira de&nbsp;<strong>consolidar o conte\u00fado&nbsp;<\/strong>de maneira satisfat\u00f3ria \u00e9 atrav\u00e9s da&nbsp;<strong>resolu\u00e7\u00e3o de quest\u00f5es.<\/strong><\/p>\n\n\n\n<p>Bons estudos a todos!<\/p>\n\n\n\n<h2 class=\"has-text-align-center wp-block-heading\" id=\"cursos-assinatura\">Quer estudar para o concurso SEFAZ MG?<\/h2>\n\n\n\n<p>Prepare-se com o melhor material e com quem mais aprova em Concursos P\u00fablicos em todo o pa\u00eds!<\/p>\n\n\n\n<p class=\"has-text-align-center has-vivid-cyan-blue-color has-text-color has-background\" style=\"background-color:#0078bd\"><a href=\"https:\/\/www.estrategiaconcursos.com.br\/blog\/concursos-abertos\/\" target=\"_blank\" rel=\"noreferrer noopener\"><strong><span class=\"has-inline-color has-white-color\">Concursos abertos<\/span><\/strong><\/a><\/p>\n\n\n\n<p class=\"has-text-align-center has-vivid-cyan-blue-color has-text-color has-background\" style=\"background-color:#0072b4\"><strong><a href=\"https:\/\/www.estrategiaconcursos.com.br\/blog\/concursos-2022\/\" target=\"_blank\" rel=\"noreferrer noopener\"><span class=\"has-inline-color has-white-color\">Concursos 2022<\/span><\/a><\/strong><\/p>\n\n\n\n<div class=\"container\" id=\"boxes\">\n  <div class=\"row\">\n\n    <div class=\"col-sm\">\n      <div class=\"banner-fiscal-01\" id=\"box-assinatura\">\n        <h3 class=\"titulo-assinatura\">Concurso Sefaz MG<\/h3>\n        <p class=\"subtitulo-assinatura\">Estude conosco<\/p>\n        <div class=\"box-botao\">\n          <a class=\"btn-assinatura\" target=\"_blank\" href=\"https:\/\/www.estrategiaconcursos.com.br\/cursosPorConcurso\/secretaria-da-fazenda-do-estado-de-minas-gerais-sefaz-mg\/\" role=\"button\" rel=\"noopener noreferrer\">Conhe\u00e7a os cursos<\/a>\n        <\/div>\n      <\/div>\n      \n    <\/div>\n\n  <\/div>\n<\/div>\n\n\n\n<div class=\"container\" id=\"boxes\">\n  <div class=\"row\">\n\n    <div class=\"col-sm\">\n      <div class=\"estrategia\" id=\"box-assinatura\">\n        <h3 class=\"titulo-assinatura\">Assinatura Concursos<\/h3>\n        <p class=\"subtitulo-assinatura\">Assinatura de 1 ano ou 2 anos<\/p>\n        <div class=\"box-botao\">\n          <a class=\"btn-assinatura\" target=\"_blank\" href=\"https:\/\/www.estrategiaconcursos.com.br\/assinaturas\/\" role=\"button\" rel=\"noopener noreferrer\">ASSINE AGORA<\/a>\n        <\/div>\n      <\/div><\/div><\/div><\/div>\n","protected":false},"excerpt":{"rendered":"<p>Confira neste artigo um resumo sobre o Fato Gerador do IPVA, no Decreto 43.709\/03, para o concurso da&nbsp;SEFAZ-MG. Ol\u00e1, pessoal! Tudo bem com voc\u00eas? O concurso da&nbsp;SEFAZ MG est\u00e1 cada dia mais perto. S\u00e3o&nbsp;incr\u00edveis&nbsp;431 vagas, para o cargo de&nbsp;Auditor Fiscal,&nbsp;com remunera\u00e7\u00e3o inicial podendo chegar a&nbsp;R$ 25.291,35.&nbsp; No artigo de hoje, vamos fazer um resumo sobre [&hellip;]<\/p>\n","protected":false},"author":1976,"featured_media":852999,"comment_status":"open","ping_status":"closed","sticky":false,"template":"","format":"standard","meta":{"post_tipo":"article","footnotes":""},"categories":[1,1983],"tags":[],"tax_estado":[219974],"class_list":["post-1058673","post","type-post","status-publish","format-standard","has-post-thumbnail","hentry","category-cursos-e-concursos","category-fiscal-estadual","tax_estado-mg"],"acf":[],"yoast_head":"<!-- This site is optimized with the Yoast SEO Premium plugin v27.2 (Yoast SEO v27.2) - https:\/\/yoast.com\/product\/yoast-seo-premium-wordpress\/ -->\n<title>SEFAZ-MG: Resumo do Decreto do IPVA \u2013 Fato Gerador<\/title>\n<meta name=\"description\" content=\"Confira neste artigo uma an\u00e1lise sobre o Fato Gerador do IPVA, no Decreto 43.709\/03, para o concurso da\u00a0SEFAZ-MG.\" \/>\n<meta name=\"robots\" content=\"index, follow, max-snippet:-1, max-image-preview:large, max-video-preview:-1\" \/>\n<link rel=\"canonical\" href=\"https:\/\/www.estrategiaconcursos.com.br\/blog\/sefaz-mg-resumo-ipva\/\" \/>\n<meta property=\"og:locale\" content=\"pt_BR\" \/>\n<meta property=\"og:type\" content=\"article\" \/>\n<meta property=\"og:title\" content=\"SEFAZ-MG: Resumo do Decreto do IPVA \u2013 Fato Gerador\" \/>\n<meta property=\"og:description\" content=\"Confira neste artigo uma an\u00e1lise sobre o Fato Gerador do IPVA, no Decreto 43.709\/03, para o concurso da\u00a0SEFAZ-MG.\" \/>\n<meta property=\"og:url\" content=\"https:\/\/www.estrategiaconcursos.com.br\/blog\/sefaz-mg-resumo-ipva\/\" \/>\n<meta property=\"og:site_name\" content=\"Estrat\u00e9gia Concursos\" \/>\n<meta property=\"article:published_time\" content=\"2022-08-04T11:10:00+00:00\" \/>\n<meta property=\"og:image\" content=\"https:\/\/dhg1h5j42swfq.cloudfront.net\/2021\/09\/03085020\/ipva.png\" \/>\n\t<meta property=\"og:image:width\" content=\"379\" \/>\n\t<meta property=\"og:image:height\" content=\"294\" \/>\n\t<meta property=\"og:image:type\" content=\"image\/png\" \/>\n<meta name=\"author\" content=\"Kassio Henrique Sobral Rocha\" \/>\n<meta name=\"twitter:card\" content=\"summary_large_image\" \/>\n<meta name=\"twitter:creator\" content=\"@EstratConcursos\" \/>\n<meta name=\"twitter:site\" content=\"@EstratConcursos\" \/>\n<meta name=\"twitter:label1\" content=\"Escrito por\" \/>\n\t<meta name=\"twitter:data1\" content=\"Kassio Henrique Sobral Rocha\" \/>\n\t<meta name=\"twitter:label2\" content=\"Est. tempo de leitura\" \/>\n\t<meta name=\"twitter:data2\" content=\"9 minutos\" \/>\n<script type=\"application\/ld+json\" class=\"yoast-schema-graph\">{\"@context\":\"https:\/\/schema.org\",\"@graph\":[{\"@type\":\"NewsArticle\",\"@id\":\"https:\/\/www.estrategiaconcursos.com.br\/blog\/sefaz-mg-resumo-ipva\/#article\",\"isPartOf\":{\"@id\":\"https:\/\/www.estrategiaconcursos.com.br\/blog\/sefaz-mg-resumo-ipva\/\"},\"author\":{\"name\":\"Kassio Henrique Sobral Rocha\",\"@id\":\"https:\/\/www.estrategiaconcursos.com.br\/blog\/#\/schema\/person\/f0c830e07cfe11c231c0ea5dbb036df5\"},\"headline\":\"SEFAZ-MG: Resumo do Decreto do IPVA \u2013 Fato Gerador\",\"datePublished\":\"2022-08-04T11:10:00+00:00\",\"mainEntityOfPage\":{\"@id\":\"https:\/\/www.estrategiaconcursos.com.br\/blog\/sefaz-mg-resumo-ipva\/\"},\"wordCount\":1824,\"commentCount\":0,\"publisher\":{\"@id\":\"https:\/\/www.estrategiaconcursos.com.br\/blog\/#organization\"},\"image\":{\"@id\":\"https:\/\/www.estrategiaconcursos.com.br\/blog\/sefaz-mg-resumo-ipva\/#primaryimage\"},\"thumbnailUrl\":\"https:\/\/dhg1h5j42swfq.cloudfront.net\/2021\/09\/03085020\/ipva.png\",\"articleSection\":[\"Concursos P\u00fablicos\",\"Fiscal - Estadual (ICMS)\"],\"inLanguage\":\"pt-BR\",\"potentialAction\":[{\"@type\":\"CommentAction\",\"name\":\"Comment\",\"target\":[\"https:\/\/www.estrategiaconcursos.com.br\/blog\/sefaz-mg-resumo-ipva\/#respond\"]}],\"copyrightYear\":\"2022\",\"copyrightHolder\":{\"@id\":\"https:\/\/www.estrategiaconcursos.com.br\/blog\/#organization\"}},{\"@type\":\"WebPage\",\"@id\":\"https:\/\/www.estrategiaconcursos.com.br\/blog\/sefaz-mg-resumo-ipva\/\",\"url\":\"https:\/\/www.estrategiaconcursos.com.br\/blog\/sefaz-mg-resumo-ipva\/\",\"name\":\"SEFAZ-MG: Resumo do Decreto do IPVA \u2013 Fato Gerador\",\"isPartOf\":{\"@id\":\"https:\/\/www.estrategiaconcursos.com.br\/blog\/#website\"},\"primaryImageOfPage\":{\"@id\":\"https:\/\/www.estrategiaconcursos.com.br\/blog\/sefaz-mg-resumo-ipva\/#primaryimage\"},\"image\":{\"@id\":\"https:\/\/www.estrategiaconcursos.com.br\/blog\/sefaz-mg-resumo-ipva\/#primaryimage\"},\"thumbnailUrl\":\"https:\/\/dhg1h5j42swfq.cloudfront.net\/2021\/09\/03085020\/ipva.png\",\"datePublished\":\"2022-08-04T11:10:00+00:00\",\"description\":\"Confira neste artigo uma an\u00e1lise sobre o Fato Gerador do IPVA, no Decreto 43.709\/03, para o concurso da\u00a0SEFAZ-MG.\",\"breadcrumb\":{\"@id\":\"https:\/\/www.estrategiaconcursos.com.br\/blog\/sefaz-mg-resumo-ipva\/#breadcrumb\"},\"inLanguage\":\"pt-BR\",\"potentialAction\":[{\"@type\":\"ReadAction\",\"target\":[\"https:\/\/www.estrategiaconcursos.com.br\/blog\/sefaz-mg-resumo-ipva\/\"]}]},{\"@type\":\"ImageObject\",\"inLanguage\":\"pt-BR\",\"@id\":\"https:\/\/www.estrategiaconcursos.com.br\/blog\/sefaz-mg-resumo-ipva\/#primaryimage\",\"url\":\"https:\/\/dhg1h5j42swfq.cloudfront.net\/2021\/09\/03085020\/ipva.png\",\"contentUrl\":\"https:\/\/dhg1h5j42swfq.cloudfront.net\/2021\/09\/03085020\/ipva.png\",\"width\":379,\"height\":294,\"caption\":\"Altera\u00e7\u00f5es reforma tribut\u00e1ria IPVA\"},{\"@type\":\"BreadcrumbList\",\"@id\":\"https:\/\/www.estrategiaconcursos.com.br\/blog\/sefaz-mg-resumo-ipva\/#breadcrumb\",\"itemListElement\":[{\"@type\":\"ListItem\",\"position\":1,\"name\":\"In\u00edcio\",\"item\":\"https:\/\/www.estrategiaconcursos.com.br\/blog\/\"},{\"@type\":\"ListItem\",\"position\":2,\"name\":\"SEFAZ-MG: Resumo do Decreto do IPVA \u2013 Fato Gerador\"}]},{\"@type\":\"WebSite\",\"@id\":\"https:\/\/www.estrategiaconcursos.com.br\/blog\/#website\",\"url\":\"https:\/\/www.estrategiaconcursos.com.br\/blog\/\",\"name\":\"Estrat\u00e9gia Concursos\",\"description\":\"O blog da Estrat\u00e9gia Concursos traz not\u00edcias sobre concursos e artigos de professores oferecendo cursos para concursos (pdf + videaulas) no site.\",\"publisher\":{\"@id\":\"https:\/\/www.estrategiaconcursos.com.br\/blog\/#organization\"},\"potentialAction\":[{\"@type\":\"SearchAction\",\"target\":{\"@type\":\"EntryPoint\",\"urlTemplate\":\"https:\/\/www.estrategiaconcursos.com.br\/blog\/?s={search_term_string}\"},\"query-input\":{\"@type\":\"PropertyValueSpecification\",\"valueRequired\":true,\"valueName\":\"search_term_string\"}}],\"inLanguage\":\"pt-BR\"},{\"@type\":\"Organization\",\"@id\":\"https:\/\/www.estrategiaconcursos.com.br\/blog\/#organization\",\"name\":\"Estrat\u00e9gia Concursos\",\"url\":\"https:\/\/www.estrategiaconcursos.com.br\/blog\/\",\"logo\":{\"@type\":\"ImageObject\",\"inLanguage\":\"pt-BR\",\"@id\":\"https:\/\/www.estrategiaconcursos.com.br\/blog\/#\/schema\/logo\/image\/\",\"url\":\"https:\/\/dhg1h5j42swfq.cloudfront.net\/2025\/06\/03203428\/logo_concursos-1.jpg\",\"contentUrl\":\"https:\/\/dhg1h5j42swfq.cloudfront.net\/2025\/06\/03203428\/logo_concursos-1.jpg\",\"width\":230,\"height\":60,\"caption\":\"Estrat\u00e9gia Concursos\"},\"image\":{\"@id\":\"https:\/\/www.estrategiaconcursos.com.br\/blog\/#\/schema\/logo\/image\/\"},\"sameAs\":[\"https:\/\/x.com\/EstratConcursos\"]},{\"@type\":\"Person\",\"@id\":\"https:\/\/www.estrategiaconcursos.com.br\/blog\/#\/schema\/person\/f0c830e07cfe11c231c0ea5dbb036df5\",\"name\":\"Kassio Henrique Sobral Rocha\",\"image\":{\"@type\":\"ImageObject\",\"inLanguage\":\"pt-BR\",\"@id\":\"https:\/\/secure.gravatar.com\/avatar\/d10350cbdad043facd8ec77a377f86f9026afee3348e463b04854fd4490ce759?s=96&d=mm&r=g\",\"url\":\"https:\/\/secure.gravatar.com\/avatar\/d10350cbdad043facd8ec77a377f86f9026afee3348e463b04854fd4490ce759?s=96&d=mm&r=g\",\"contentUrl\":\"https:\/\/secure.gravatar.com\/avatar\/d10350cbdad043facd8ec77a377f86f9026afee3348e463b04854fd4490ce759?s=96&d=mm&r=g\",\"caption\":\"Kassio Henrique Sobral Rocha\"},\"url\":\"https:\/\/www.estrategiaconcursos.com.br\/blog\/author\/kassio-rochayahoo-com-br\/\"}]}<\/script>\n<!-- \/ Yoast SEO Premium plugin. -->","yoast_head_json":{"title":"SEFAZ-MG: Resumo do Decreto do IPVA \u2013 Fato Gerador","description":"Confira neste artigo uma an\u00e1lise sobre o Fato Gerador do IPVA, no Decreto 43.709\/03, para o concurso da\u00a0SEFAZ-MG.","robots":{"index":"index","follow":"follow","max-snippet":"max-snippet:-1","max-image-preview":"max-image-preview:large","max-video-preview":"max-video-preview:-1"},"canonical":"https:\/\/www.estrategiaconcursos.com.br\/blog\/sefaz-mg-resumo-ipva\/","og_locale":"pt_BR","og_type":"article","og_title":"SEFAZ-MG: Resumo do Decreto do IPVA \u2013 Fato Gerador","og_description":"Confira neste artigo uma an\u00e1lise sobre o Fato Gerador do IPVA, no Decreto 43.709\/03, para o concurso da\u00a0SEFAZ-MG.","og_url":"https:\/\/www.estrategiaconcursos.com.br\/blog\/sefaz-mg-resumo-ipva\/","og_site_name":"Estrat\u00e9gia Concursos","article_published_time":"2022-08-04T11:10:00+00:00","og_image":[{"width":379,"height":294,"url":"https:\/\/dhg1h5j42swfq.cloudfront.net\/2021\/09\/03085020\/ipva.png","type":"image\/png"}],"author":"Kassio Henrique Sobral Rocha","twitter_card":"summary_large_image","twitter_creator":"@EstratConcursos","twitter_site":"@EstratConcursos","twitter_misc":{"Escrito por":"Kassio Henrique Sobral Rocha","Est. tempo de leitura":"9 minutos"},"schema":{"@context":"https:\/\/schema.org","@graph":[{"@type":"NewsArticle","@id":"https:\/\/www.estrategiaconcursos.com.br\/blog\/sefaz-mg-resumo-ipva\/#article","isPartOf":{"@id":"https:\/\/www.estrategiaconcursos.com.br\/blog\/sefaz-mg-resumo-ipva\/"},"author":{"name":"Kassio Henrique Sobral Rocha","@id":"https:\/\/www.estrategiaconcursos.com.br\/blog\/#\/schema\/person\/f0c830e07cfe11c231c0ea5dbb036df5"},"headline":"SEFAZ-MG: Resumo do Decreto do IPVA \u2013 Fato Gerador","datePublished":"2022-08-04T11:10:00+00:00","mainEntityOfPage":{"@id":"https:\/\/www.estrategiaconcursos.com.br\/blog\/sefaz-mg-resumo-ipva\/"},"wordCount":1824,"commentCount":0,"publisher":{"@id":"https:\/\/www.estrategiaconcursos.com.br\/blog\/#organization"},"image":{"@id":"https:\/\/www.estrategiaconcursos.com.br\/blog\/sefaz-mg-resumo-ipva\/#primaryimage"},"thumbnailUrl":"https:\/\/dhg1h5j42swfq.cloudfront.net\/2021\/09\/03085020\/ipva.png","articleSection":["Concursos P\u00fablicos","Fiscal - Estadual (ICMS)"],"inLanguage":"pt-BR","potentialAction":[{"@type":"CommentAction","name":"Comment","target":["https:\/\/www.estrategiaconcursos.com.br\/blog\/sefaz-mg-resumo-ipva\/#respond"]}],"copyrightYear":"2022","copyrightHolder":{"@id":"https:\/\/www.estrategiaconcursos.com.br\/blog\/#organization"}},{"@type":"WebPage","@id":"https:\/\/www.estrategiaconcursos.com.br\/blog\/sefaz-mg-resumo-ipva\/","url":"https:\/\/www.estrategiaconcursos.com.br\/blog\/sefaz-mg-resumo-ipva\/","name":"SEFAZ-MG: Resumo do Decreto do IPVA \u2013 Fato Gerador","isPartOf":{"@id":"https:\/\/www.estrategiaconcursos.com.br\/blog\/#website"},"primaryImageOfPage":{"@id":"https:\/\/www.estrategiaconcursos.com.br\/blog\/sefaz-mg-resumo-ipva\/#primaryimage"},"image":{"@id":"https:\/\/www.estrategiaconcursos.com.br\/blog\/sefaz-mg-resumo-ipva\/#primaryimage"},"thumbnailUrl":"https:\/\/dhg1h5j42swfq.cloudfront.net\/2021\/09\/03085020\/ipva.png","datePublished":"2022-08-04T11:10:00+00:00","description":"Confira neste artigo uma an\u00e1lise sobre o Fato Gerador do IPVA, no Decreto 43.709\/03, para o concurso da\u00a0SEFAZ-MG.","breadcrumb":{"@id":"https:\/\/www.estrategiaconcursos.com.br\/blog\/sefaz-mg-resumo-ipva\/#breadcrumb"},"inLanguage":"pt-BR","potentialAction":[{"@type":"ReadAction","target":["https:\/\/www.estrategiaconcursos.com.br\/blog\/sefaz-mg-resumo-ipva\/"]}]},{"@type":"ImageObject","inLanguage":"pt-BR","@id":"https:\/\/www.estrategiaconcursos.com.br\/blog\/sefaz-mg-resumo-ipva\/#primaryimage","url":"https:\/\/dhg1h5j42swfq.cloudfront.net\/2021\/09\/03085020\/ipva.png","contentUrl":"https:\/\/dhg1h5j42swfq.cloudfront.net\/2021\/09\/03085020\/ipva.png","width":379,"height":294,"caption":"Altera\u00e7\u00f5es reforma tribut\u00e1ria IPVA"},{"@type":"BreadcrumbList","@id":"https:\/\/www.estrategiaconcursos.com.br\/blog\/sefaz-mg-resumo-ipva\/#breadcrumb","itemListElement":[{"@type":"ListItem","position":1,"name":"In\u00edcio","item":"https:\/\/www.estrategiaconcursos.com.br\/blog\/"},{"@type":"ListItem","position":2,"name":"SEFAZ-MG: Resumo do Decreto do IPVA \u2013 Fato Gerador"}]},{"@type":"WebSite","@id":"https:\/\/www.estrategiaconcursos.com.br\/blog\/#website","url":"https:\/\/www.estrategiaconcursos.com.br\/blog\/","name":"Estrat\u00e9gia Concursos","description":"O blog da Estrat\u00e9gia Concursos traz not\u00edcias sobre concursos e artigos de professores oferecendo cursos para concursos (pdf + videaulas) no site.","publisher":{"@id":"https:\/\/www.estrategiaconcursos.com.br\/blog\/#organization"},"potentialAction":[{"@type":"SearchAction","target":{"@type":"EntryPoint","urlTemplate":"https:\/\/www.estrategiaconcursos.com.br\/blog\/?s={search_term_string}"},"query-input":{"@type":"PropertyValueSpecification","valueRequired":true,"valueName":"search_term_string"}}],"inLanguage":"pt-BR"},{"@type":"Organization","@id":"https:\/\/www.estrategiaconcursos.com.br\/blog\/#organization","name":"Estrat\u00e9gia Concursos","url":"https:\/\/www.estrategiaconcursos.com.br\/blog\/","logo":{"@type":"ImageObject","inLanguage":"pt-BR","@id":"https:\/\/www.estrategiaconcursos.com.br\/blog\/#\/schema\/logo\/image\/","url":"https:\/\/dhg1h5j42swfq.cloudfront.net\/2025\/06\/03203428\/logo_concursos-1.jpg","contentUrl":"https:\/\/dhg1h5j42swfq.cloudfront.net\/2025\/06\/03203428\/logo_concursos-1.jpg","width":230,"height":60,"caption":"Estrat\u00e9gia Concursos"},"image":{"@id":"https:\/\/www.estrategiaconcursos.com.br\/blog\/#\/schema\/logo\/image\/"},"sameAs":["https:\/\/x.com\/EstratConcursos"]},{"@type":"Person","@id":"https:\/\/www.estrategiaconcursos.com.br\/blog\/#\/schema\/person\/f0c830e07cfe11c231c0ea5dbb036df5","name":"Kassio Henrique Sobral Rocha","image":{"@type":"ImageObject","inLanguage":"pt-BR","@id":"https:\/\/secure.gravatar.com\/avatar\/d10350cbdad043facd8ec77a377f86f9026afee3348e463b04854fd4490ce759?s=96&d=mm&r=g","url":"https:\/\/secure.gravatar.com\/avatar\/d10350cbdad043facd8ec77a377f86f9026afee3348e463b04854fd4490ce759?s=96&d=mm&r=g","contentUrl":"https:\/\/secure.gravatar.com\/avatar\/d10350cbdad043facd8ec77a377f86f9026afee3348e463b04854fd4490ce759?s=96&d=mm&r=g","caption":"Kassio Henrique Sobral Rocha"},"url":"https:\/\/www.estrategiaconcursos.com.br\/blog\/author\/kassio-rochayahoo-com-br\/"}]}},"_links":{"self":[{"href":"https:\/\/www.estrategiaconcursos.com.br\/blog\/wp-json\/wp\/v2\/posts\/1058673","targetHints":{"allow":["GET"]}}],"collection":[{"href":"https:\/\/www.estrategiaconcursos.com.br\/blog\/wp-json\/wp\/v2\/posts"}],"about":[{"href":"https:\/\/www.estrategiaconcursos.com.br\/blog\/wp-json\/wp\/v2\/types\/post"}],"author":[{"embeddable":true,"href":"https:\/\/www.estrategiaconcursos.com.br\/blog\/wp-json\/wp\/v2\/users\/1976"}],"replies":[{"embeddable":true,"href":"https:\/\/www.estrategiaconcursos.com.br\/blog\/wp-json\/wp\/v2\/comments?post=1058673"}],"version-history":[{"count":22,"href":"https:\/\/www.estrategiaconcursos.com.br\/blog\/wp-json\/wp\/v2\/posts\/1058673\/revisions"}],"predecessor-version":[{"id":1062743,"href":"https:\/\/www.estrategiaconcursos.com.br\/blog\/wp-json\/wp\/v2\/posts\/1058673\/revisions\/1062743"}],"wp:featuredmedia":[{"embeddable":true,"href":"https:\/\/www.estrategiaconcursos.com.br\/blog\/wp-json\/wp\/v2\/media\/852999"}],"wp:attachment":[{"href":"https:\/\/www.estrategiaconcursos.com.br\/blog\/wp-json\/wp\/v2\/media?parent=1058673"}],"wp:term":[{"taxonomy":"category","embeddable":true,"href":"https:\/\/www.estrategiaconcursos.com.br\/blog\/wp-json\/wp\/v2\/categories?post=1058673"},{"taxonomy":"post_tag","embeddable":true,"href":"https:\/\/www.estrategiaconcursos.com.br\/blog\/wp-json\/wp\/v2\/tags?post=1058673"},{"taxonomy":"tax_estado","embeddable":true,"href":"https:\/\/www.estrategiaconcursos.com.br\/blog\/wp-json\/wp\/v2\/tax_estado?post=1058673"}],"curies":[{"name":"wp","href":"https:\/\/api.w.org\/{rel}","templated":true}]}}