{"id":1058645,"date":"2022-08-02T08:38:00","date_gmt":"2022-08-02T11:38:00","guid":{"rendered":"https:\/\/www.estrategiaconcursos.com.br\/blog\/?p=1058645"},"modified":"2022-07-18T11:35:27","modified_gmt":"2022-07-18T14:35:27","slug":"contencioso-administrativo-fiscal-sefaz-mg","status":"publish","type":"post","link":"https:\/\/www.estrategiaconcursos.com.br\/blog\/contencioso-administrativo-fiscal-sefaz-mg\/","title":{"rendered":"SEFAZ-MG: O Contencioso Administrativo Fiscal no RPTA"},"content":{"rendered":"\n<p class=\"has-medium-font-size\">Veja neste artigo uma an\u00e1lise sobre o&nbsp;<strong><mark style=\"background-color:rgba(0, 0, 0, 0)\" class=\"has-inline-color has-vivid-cyan-blue-color\">Contencioso Administrativo Fiscal<\/mark><\/strong>, no <strong>Regulamento do Processo Tribut\u00e1rio Administrativo (RPTA),<\/strong> presente no&nbsp;Decreto 44.747\/08, para o concurso da&nbsp;<strong><a href=\"https:\/\/www.estrategiaconcursos.com.br\/cursosPorConcurso\/secretaria-da-fazenda-do-estado-de-minas-gerais-sefaz-mg\/\" target=\"_blank\" rel=\"noreferrer noopener\">SEFAZ-MG<\/a><\/strong>.<\/p>\n\n\n\n<div class=\"wp-block-image\"><figure class=\"aligncenter size-full is-resized\"><img loading=\"lazy\" decoding=\"async\" src=\"https:\/\/dhg1h5j42swfq.cloudfront.net\/2022\/07\/05164031\/sefaz-mg.jpg\" alt=\"SEFAZ-MG: O Contencioso Administrativo Fiscal no RPTA\" class=\"wp-image-1055804\" width=\"540\" height=\"304\" srcset=\"https:\/\/dhg1h5j42swfq.cloudfront.net\/2022\/07\/05164031\/sefaz-mg.jpg 768w, https:\/\/dhg1h5j42swfq.cloudfront.net\/2022\/07\/05164031\/sefaz-mg-300x169.jpg 300w, https:\/\/dhg1h5j42swfq.cloudfront.net\/2022\/07\/05164031\/sefaz-mg-610x343.jpg 610w, https:\/\/dhg1h5j42swfq.cloudfront.net\/2022\/07\/05164031\/sefaz-mg-150x84.jpg 150w\" sizes=\"auto, (max-width: 540px) 100vw, 540px\" \/><figcaption>SEFAZ-MG: O Contencioso Administrativo Fiscal no RPTA<\/figcaption><\/figure><\/div>\n\n\n\n<p>Ol\u00e1, pessoal! Como voc\u00eas est\u00e3o?<\/p>\n\n\n\n<p>Como est\u00e1 a sua prepara\u00e7\u00e3o para o&nbsp;<strong><a href=\"https:\/\/www.estrategiaconcursos.com.br\/blog\/concurso-sefaz-mg\/\" target=\"_blank\" rel=\"noreferrer noopener\">concurso da&nbsp;SEFAZ MG<\/a><\/strong>? S\u00e3o<strong>&nbsp;<\/strong>incr\u00edveis&nbsp;<strong>431 vagas<\/strong>, para o cargo de<strong>&nbsp;Auditor Fiscal,&nbsp;<\/strong>com remunera\u00e7\u00e3o inicial podendo chegar a&nbsp;<strong>R$ 25.291,35.<\/strong>&nbsp;<\/p>\n\n\n\n<p>No artigo de hoje, vamos falar sobre o&nbsp;<strong><mark style=\"background-color:rgba(0, 0, 0, 0)\" class=\"has-inline-color has-vivid-cyan-blue-color\">Contencioso Administrativo Fiscal<\/mark><\/strong>, presente no<strong> Regulamento do Processo Tribut\u00e1rio Administrativo (RPTA)<\/strong>, no&nbsp;Decreto 44.747\/08,<strong>&nbsp;<\/strong>para a SEFAZ-MG.<\/p>\n\n\n\n<p>Como o tema do RPTA \u00e9 extenso, iremos&nbsp;<strong>dividir&nbsp;<\/strong>a an\u00e1lise deste imposto em&nbsp;<strong>alguns artigos.<\/strong>&nbsp;Voc\u00ea j\u00e1 pode conferir o artigo sobre as&nbsp;<a href=\"https:\/\/www.estrategiaconcursos.com.br\/blog\/processo-tributario-administrativo-sefaz-mg\" target=\"_blank\" rel=\"noreferrer noopener\"><strong>Disposi\u00e7\u00f5es Gerais do RPTA<\/strong><\/a> e o <strong><a href=\"https:\/\/www.estrategiaconcursos.com.br\/blog\/sefaz-mg-processo-tributario-administrativo\" target=\"_blank\" rel=\"noreferrer noopener\">Conselho de Contribuintes<\/a><\/strong>, no nosso&nbsp;<strong><a href=\"https:\/\/www.estrategiaconcursos.com.br\/blog\/author\/kassio-rochayahoo-com-br\/\" target=\"_blank\" rel=\"noreferrer noopener\">blog<\/a><\/strong>.<\/p>\n\n\n\n<p>Sem mais delongas, vamos ao que interessa.<\/p>\n\n\n\n<div class=\"container\" id=\"boxes\">\n  <div class=\"row\">\n\n    <div class=\"col-sm\">\n      <div class=\"banner-fiscal-01\" id=\"box-assinatura\">\n        <h3 class=\"titulo-assinatura\">Concurso Sefaz MG<\/h3>\n        <p class=\"subtitulo-assinatura\">Estude conosco<\/p>\n        <div class=\"box-botao\">\n          <a class=\"btn-assinatura\" target=\"_blank\" href=\"https:\/\/www.estrategiaconcursos.com.br\/cursosPorConcurso\/secretaria-da-fazenda-do-estado-de-minas-gerais-sefaz-mg\/\" role=\"button\" rel=\"noopener noreferrer\">Conhe\u00e7a os cursos<\/a>\n        <\/div>\n      <\/div>\n      \n    <\/div>\n\n  <\/div>\n<\/div>\n\n\n\n<h2 class=\"wp-block-heading\" id=\"h-o-contencioso-administrativo-fiscal-para-a-sefaz-mg\"><mark style=\"background-color:rgba(0, 0, 0, 0)\" class=\"has-inline-color has-vivid-cyan-blue-color\">O Contencioso Administrativo Fiscal para a SEFAZ-MG<\/mark><\/h2>\n\n\n\n<p>Os <strong>contribuintes <\/strong>possuem o direito de realizarem a sua <strong>defesa <\/strong>perante <strong>autua\u00e7\u00f5es da Fazenda<\/strong>, sem necessariamente precisar recorrer ao Poder Judici\u00e1rio.<\/p>\n\n\n\n<p>Isto ocorre pois violaria o princ\u00edpio da isonomia e do contradit\u00f3rio e ampla defesa caso o auditor fiscal, autor da fiscaliza\u00e7\u00e3o e imposi\u00e7\u00e3o de infra\u00e7\u00e3o fiscal, fosse a primeira e \u00faltima inst\u00e2ncia desse julgamento.<\/p>\n\n\n\n<p>Nesse sentido, ao receber um auto de infra\u00e7\u00e3o fiscal, por exemplo, o contribuinte possui o direito de manifestar sua defesa, podendo apresentar <strong>provas <\/strong>com o intuito de reverter a infra\u00e7\u00e3o.<\/p>\n\n\n\n<p>Assim, sempre que o contribuinte se sentir no direito de <strong>contestar decis\u00f5es <\/strong>proferidas pela Administra\u00e7\u00e3o Fazend\u00e1ria, em rela\u00e7\u00e3o a sua pessoa, dar-se-\u00e1 in\u00edcio ao chamado <strong><mark style=\"background-color:rgba(0, 0, 0, 0)\" class=\"has-inline-color has-vivid-cyan-blue-color\">contencioso administrativo tribut\u00e1rio<\/mark><\/strong>.<\/p>\n\n\n\n<p>De modo mais detalhado, em rela\u00e7\u00e3o ao estado de Minas Gerais, o Regulamento do Processo Tribut\u00e1rio Administrativo disp\u00f5e se <strong><mark style=\"background-color:rgba(0, 0, 0, 0)\" class=\"has-inline-color has-vivid-cyan-blue-color\">\u00e9 instaurado<\/mark><\/strong> o contencioso administrativo fiscal:<\/p>\n\n\n\n<ul class=\"wp-block-list\"><li>pela <strong>impugna\u00e7\u00e3o <\/strong>regular <strong>contra lan\u00e7amento<\/strong> de cr\u00e9dito tribut\u00e1rio ou contra <strong>indeferimento <\/strong>de pedido de <strong>restitui\u00e7\u00e3o <\/strong>de ind\u00e9bito tribut\u00e1rio;<\/li><li>pela <strong>reclama\u00e7\u00e3o <\/strong>contra decis\u00e3o que <strong>negar <\/strong>seguimento \u00e0 <strong>impugna\u00e7\u00e3o<\/strong>.<\/li><\/ul>\n\n\n\n<p>Assim, ap\u00f3s a sua instaura\u00e7\u00e3o, o processo tribut\u00e1rio administrativo \u00e9 preparado pelo setor competente, sendo, ap\u00f3s, realizadas a sua <strong>instru\u00e7\u00e3o<\/strong>, <strong>aprecia\u00e7\u00e3o <\/strong>e <strong>julgamento <\/strong>das quest\u00f5es nele suscitadas.<\/p>\n\n\n\n<h2 class=\"wp-block-heading\" id=\"h-a-impugnacao-de-lancamento-e-a-reclamacao\"><mark style=\"background-color:rgba(0, 0, 0, 0)\" class=\"has-inline-color has-vivid-cyan-blue-color\">A impugna\u00e7\u00e3o de lan\u00e7amento e a reclama\u00e7\u00e3o<\/mark><\/h2>\n\n\n\n<p>Como citado acima, quando o contribuinte n\u00e3o considerar que o <strong>lan\u00e7amento de cr\u00e9dito tribut\u00e1rio<\/strong>, realizado contra ele, n\u00e3o tenha sido justo, ele pode realizar uma <strong><mark style=\"background-color:rgba(0, 0, 0, 0)\" class=\"has-inline-color has-vivid-cyan-blue-color\">impugna\u00e7\u00e3o<\/mark><\/strong>, sendo esta uma das situa\u00e7\u00f5es em que ocorre a instaura\u00e7\u00e3o do contencioso administrativo fiscal.<\/p>\n\n\n\n<p>A impugna\u00e7\u00e3o ser\u00e1 apresentada em <strong>peti\u00e7\u00e3o escrita<\/strong>, dirigida ao<strong> Conselho de Contribuintes<\/strong>, no prazo de <strong><mark style=\"background-color:rgba(0, 0, 0, 0)\" class=\"has-inline-color has-vivid-cyan-blue-color\">30 dias<\/mark><\/strong> contados da intima\u00e7\u00e3o do lan\u00e7amento de cr\u00e9dito tribut\u00e1rio ou do indeferimento de pedido de restitui\u00e7\u00e3o de ind\u00e9bito tribut\u00e1rio.<\/p>\n\n\n\n<p>Na impugna\u00e7\u00e3o ser\u00e1 <strong>alegada<\/strong>, de uma s\u00f3 vez, a <strong>mat\u00e9ria <\/strong>relacionada com a situa\u00e7\u00e3o fiscal de que decorreu o lan\u00e7amento, inclusive a desconsidera\u00e7\u00e3o de ato ou neg\u00f3cio jur\u00eddico, se for o caso, ou o pedido de restitui\u00e7\u00e3o,<\/p>\n\n\n\n<p>Ap\u00f3s o recebimento da impugna\u00e7\u00e3o pela reparti\u00e7\u00e3o fazend\u00e1ria competente, ela deve <strong>providenciar<\/strong>, conforme o caso:<\/p>\n\n\n\n<ul class=\"wp-block-list\"><li>a <strong>manifesta\u00e7\u00e3o fiscal,<\/strong> no prazo de <strong>15 dias<\/strong>, e encaminhar o PTA ao Conselho de Contribuintes;<\/li><li>a <strong>reformula\u00e7\u00e3o <\/strong>do cr\u00e9dito tribut\u00e1rio.<\/li><\/ul>\n\n\n\n<p>Desse modo, no caso de <strong>acatamento <\/strong>parcial ou integral da impugna\u00e7\u00e3o pelo Auditor Fiscal da Receita Estadual respons\u00e1vel pela manifesta\u00e7\u00e3o fiscal, ele pode propor ao titular da reparti\u00e7\u00e3o fazend\u00e1ria as seguintes <strong>solu\u00e7\u00f5es<\/strong>:<\/p>\n\n\n\n<ul class=\"wp-block-list\"><li>em se tratando de <strong>cr\u00e9dito tribut\u00e1rio<\/strong>, o <strong>cancelamento <\/strong>da respectiva exig\u00eancia fiscal;<\/li><li>em se tratando de <strong>pedido de restitui\u00e7\u00e3o<\/strong> de ind\u00e9bito tribut\u00e1rio, a respectiva <strong>restitui\u00e7\u00e3o<\/strong>.<\/li><\/ul>\n\n\n\n<p>A outra situa\u00e7\u00e3o de constitui\u00e7\u00e3o do contencioso administrativo fiscal \u00e9 quando a autoridade fiscal <strong><mark style=\"background-color:rgba(0, 0, 0, 0)\" class=\"has-inline-color has-vivid-cyan-blue-color\">negar o seguimento \u00e0 impugna\u00e7\u00e3o <\/mark><\/strong>impetrada.<\/p>\n\n\n\n<p>Desse modo, a <strong>reclama\u00e7\u00e3o <\/strong>contra negativa de seguimento de impugna\u00e7\u00e3o ser\u00e1 apresentada em<strong> peti\u00e7\u00e3o escrita<\/strong>, tamb\u00e9m dirigida ao Conselho de Contribuintes, no prazo de<strong><mark style=\"background-color:rgba(0, 0, 0, 0)\" class=\"has-inline-color has-vivid-cyan-blue-color\"> 10 dias<\/mark><\/strong>, contados da intima\u00e7\u00e3o do ato contra o qual se reclama.<\/p>\n\n\n\n<h2 class=\"wp-block-heading\" id=\"h-instrucao-processual-do-contencioso-administrativo-fiscal\"><mark style=\"background-color:rgba(0, 0, 0, 0)\" class=\"has-inline-color has-vivid-cyan-blue-color\">Instru\u00e7\u00e3o Processual do Contencioso Administrativo Fiscal<\/mark><\/h2>\n\n\n\n<p><strong>Ap\u00f3s <\/strong>a constitui\u00e7\u00e3o do contencioso, d\u00e1-se in\u00edcio \u00e0<strong> instru\u00e7\u00e3o processual,<\/strong> sendo que um dos seus passos \u00e9 a apresenta\u00e7\u00e3o das <strong><mark style=\"background-color:rgba(0, 0, 0, 0)\" class=\"has-inline-color has-vivid-cyan-blue-color\">provas <\/mark><\/strong>das partes.<\/p>\n\n\n\n<p>Geralmente, o principal tipo de prova apresentada \u00e9 a <strong>documental<\/strong>.<\/p>\n\n\n\n<p>Contudo, \u00e9 tamb\u00e9m comum a constitui\u00e7\u00e3o da <strong>prova pericial<\/strong>, que consiste em exame, vistoria ou avalia\u00e7\u00e3o, e ser\u00e1 realizada quando deferido o pedido do requerente pela C\u00e2mara ou quando esta a determinar.<\/p>\n\n\n\n<p>Ap\u00f3s a juntada de documentos ao processo, ser\u00e1 dada \u00e0 parte contr\u00e1ria <strong>vista <\/strong>dos autos, pelo prazo de <strong>5 dias<\/strong>, podendo se manifestar at\u00e9 o termo final do referido prazo.<\/p>\n\n\n\n<p><strong><mark style=\"background-color:rgba(0, 0, 0, 0)\" class=\"has-inline-color has-vivid-red-color\">FIQUE ATENTO<\/mark><\/strong>: As partes <strong>apenas <\/strong>podem juntar <strong>documentos <\/strong>durante a fase de <strong>instru\u00e7\u00e3o processual<\/strong>, n\u00e3o sendo permitida a sua realiza\u00e7\u00e3o ap\u00f3s o seu encerramento, salvo motivo de for\u00e7a maior comprovado perante a Assessoria ou C\u00e2mara do Conselho de Contribuintes.<\/p>\n\n\n\n<p>Ap\u00f3s, a <strong>Assessoria <\/strong>do Conselho de Contribuintes ser\u00e1 a respons\u00e1vel pela an\u00e1lise e parecer de <strong>m\u00e9rito<\/strong>, inclusive sobre o resultado das dilig\u00eancias, dos despachos interlocut\u00f3rios e das per\u00edcias, sendo que ser\u00e1 <strong>encerrada <\/strong>a instru\u00e7\u00e3o processual, ap\u00f3s a Assessoria emitir o seu parecer sobre o m\u00e9rito.<\/p>\n\n\n\n<h2 class=\"wp-block-heading\" id=\"h-julgamento-do-contencioso-administrativo-fiscal\"><mark style=\"background-color:rgba(0, 0, 0, 0)\" class=\"has-inline-color has-vivid-cyan-blue-color\">Julgamento do Contencioso Administrativo Fiscal<\/mark><\/h2>\n\n\n\n<p>Dando sequ\u00eancia ao contencioso administrativo fiscal, <strong>ap\u00f3s <\/strong>a instru\u00e7\u00e3o processual, ocorrer\u00e1 o seu <strong><mark style=\"background-color:rgba(0, 0, 0, 0)\" class=\"has-inline-color has-vivid-cyan-blue-color\">julgamento<\/mark><\/strong>, pela <strong>C\u00e2mara de Julgamento. <\/strong>Contudo, para que isto aconte\u00e7a, o processo deve ser inclu\u00eddo em <strong>pauta <\/strong>de julgamento, publicada com anteced\u00eancia m\u00ednima de<strong> 14 dias \u00fateis,<\/strong> contados da data da respectiva sess\u00e3o.<\/p>\n\n\n\n<p>\u00c9 admitida a <strong>defesa oral <\/strong>na sess\u00e3o de julgamento do PTA, desde que <strong>requerida <\/strong>no prazo de <strong>4 dias \u00fateis<\/strong> contados da publica\u00e7\u00e3o da pauta de julgamento.<\/p>\n\n\n\n<p>Em rela\u00e7\u00e3o ao julgamento, a decis\u00e3o deve resolver as quest\u00f5es suscitadas no processo e concluir pela <strong>proced\u00eancia ou improced\u00eancia<\/strong>, total ou parcial, do lan\u00e7amento do cr\u00e9dito tribut\u00e1rio ou do pedido do contribuinte, definindo expressamente os seus efeitos e determinando a intima\u00e7\u00e3o das partes.<\/p>\n\n\n\n<p><strong><mark style=\"background-color:rgba(0, 0, 0, 0)\" class=\"has-inline-color has-vivid-red-color\">A SABER:<\/mark> <\/strong>As decis\u00f5es das C\u00e2maras ser\u00e3o proferidas por meio de <strong><mark style=\"background-color:rgba(0, 0, 0, 0)\" class=\"has-inline-color has-vivid-cyan-blue-color\">ac\u00f3rd\u00e3os<\/mark><\/strong>.<\/p>\n\n\n\n<p>Os ac\u00f3rd\u00e3os ser\u00e3o <strong>redigidos <\/strong>pelo conselheiro <strong>relator<\/strong>, no prazo de <strong>10 dias \u00fateis<\/strong> contados da data de julgamento do PTA. Por\u00e9m, caso o relator tenha sido <strong>vencido <\/strong>no julgamento, o Presidente designar\u00e1 um dos <strong>Conselheiros <\/strong>cujo voto tenha sido <strong>vencedor<\/strong>, <strong>preferencialmente <\/strong>o <strong>Revisor<\/strong>, para redigir e assinar o respectivo ac\u00f3rd\u00e3o.<\/p>\n\n\n\n<p>Por fim, o ac\u00f3rd\u00e3o deve ser <strong>publicado <\/strong>no Di\u00e1rio Eletr\u00f4nico da Secretaria de Estado de Fazenda, em at\u00e9 <strong><mark style=\"background-color:rgba(0, 0, 0, 0)\" class=\"has-inline-color has-vivid-cyan-blue-color\">48 horas <\/mark><\/strong>ap\u00f3s a sua assinatura.<\/p>\n\n\n\n<h2 class=\"wp-block-heading\" id=\"h-recurso-de-revisao-no-contencioso-administrativo-fiscal\"><mark style=\"background-color:rgba(0, 0, 0, 0)\" class=\"has-inline-color has-vivid-cyan-blue-color\">Recurso de Revis\u00e3o no Contencioso Administrativo Fiscal<\/mark><\/h2>\n\n\n\n<p>Ap\u00f3s a realiza\u00e7\u00e3o do julgamento, h\u00e1 a possibilidade de a parte <strong>derrotada recorrer <\/strong>da decis\u00e3o proferida, para a <strong>C\u00e2mara de Especial<\/strong>, por meio do chamado <strong><mark style=\"background-color:rgba(0, 0, 0, 0)\" class=\"has-inline-color has-vivid-cyan-blue-color\">Recurso de Revis\u00e3o<\/mark><\/strong>.<\/p>\n\n\n\n<p>Ele deve ser impetrado no prazo de <strong><mark style=\"background-color:rgba(0, 0, 0, 0)\" class=\"has-inline-color has-vivid-cyan-blue-color\">10 dias<\/mark><\/strong>, contados da intima\u00e7\u00e3o do ac\u00f3rd\u00e3o, nos casos de:<\/p>\n\n\n\n<ul class=\"wp-block-list\"><li>a <strong>decis\u00e3o <\/strong>da C\u00e2mara de Julgamento resultar de <strong>voto de qualidade<\/strong> proferido pelo seu <strong>Presidente<\/strong>;<\/li><li><strong>PTA <\/strong>submetido ao <strong>rito ordin\u00e1rio<\/strong>, quando a decis\u00e3o recorrida seja <strong>divergente<\/strong>, quanto \u00e0 <strong>aplica\u00e7\u00e3o da legisla\u00e7\u00e3o tribut\u00e1ria<\/strong>, de <strong>outra <\/strong>proferida por c\u00e2mara do Conselho de Contribuintes.<\/li><\/ul>\n\n\n\n<p><strong><mark style=\"background-color:rgba(0, 0, 0, 0)\" class=\"has-inline-color has-vivid-red-color\">N\u00c3O CABE RECURSO: <\/mark><\/strong>Fique atento, pois <strong><mark style=\"background-color:rgba(0, 0, 0, 0)\" class=\"has-inline-color has-vivid-cyan-blue-color\">n\u00e3o cabe recurso de revis\u00e3o<\/mark><\/strong> nas seguintes situa\u00e7\u00f5es:<\/p>\n\n\n\n<ul class=\"wp-block-list\"><li>a decis\u00e3o tomada pelo <strong>voto de qualidade<\/strong>, relativa \u00e0:<ul><li><strong>quest\u00e3o preliminar,<\/strong> <strong>exceto <\/strong>a referente \u00e0 <strong>desconsidera\u00e7\u00e3o do ato ou neg\u00f3cio jur\u00eddico<\/strong> ou a que resulte em declara\u00e7\u00e3o de <strong>nulidade <\/strong>do lan\u00e7amento;<\/li><\/ul><ul><li>concess\u00e3o de <strong>dedu\u00e7\u00e3o <\/strong>de parcela do cr\u00e9dito tribut\u00e1rio <strong>escriturada ou paga ap\u00f3s a a\u00e7\u00e3o fiscal<\/strong>;<\/li><\/ul><\/li><li>decis\u00e3o relativa ao <strong>cancelamento <\/strong>ou <strong>redu\u00e7\u00e3o de<\/strong> <strong>multa <\/strong>isolada pelo \u00f3rg\u00e3o julgador.<\/li><\/ul>\n\n\n\n<p>Vale ainda ressaltar que, no caso da decis\u00e3o ser <strong>desfavor\u00e1vel<\/strong> \u00e0 <strong>Fazenda P\u00fablica<\/strong>, em se tratando de decis\u00e3o da C\u00e2mara de Julgamento que resultar de <strong>voto de qualidade<\/strong> do Presidente, o Recurso de Revis\u00e3o ser\u00e1 interposto de <strong>of\u00edcio <\/strong>pela pr\u00f3pria C\u00e2mara de Julgamento, mediante <strong>declara\u00e7\u00e3o na decis\u00e3o.<\/strong><\/p>\n\n\n\n<h2 class=\"wp-block-heading\" id=\"h-pedido-de-retificacao-no-contencioso-administrativo-fiscal\"><mark style=\"background-color:rgba(0, 0, 0, 0)\" class=\"has-inline-color has-vivid-cyan-blue-color\">Pedido de Retifica\u00e7\u00e3o no Contencioso Administrativo Fiscal<\/mark><\/h2>\n\n\n\n<p>Por fim, h\u00e1 tamb\u00e9m o chamado<strong> pedido de retifica\u00e7\u00e3o<\/strong>, que pode ser solicitado quando a <strong>decis\u00e3o <\/strong>de quaisquer das c\u00e2maras contiver <strong>erro de fato<\/strong>, <strong>contradi\u00e7\u00e3o<\/strong> ou <strong>omiss\u00e3o <\/strong>em rela\u00e7\u00e3o \u00e0 quest\u00e3o que deveria ter sido objeto de decis\u00e3o.<\/p>\n\n\n\n<p>Tais situa\u00e7\u00f5es s\u00e3o pass\u00edveis de <strong>retifica\u00e7\u00e3o ou complementa\u00e7\u00e3o<\/strong>, sendo facultado \u00e0s partes apresentar pedido de retifica\u00e7\u00e3o, no prazo de<strong><mark style=\"background-color:rgba(0, 0, 0, 0)\" class=\"has-inline-color has-vivid-cyan-blue-color\"> 5 dias<\/mark><\/strong>, contados da ci\u00eancia da decis\u00e3o. Al\u00e9m disso, o pedido de retifica\u00e7\u00e3o poder\u00e1 tamb\u00e9m ser formulado por <strong>conselheiro <\/strong>que tenha participado da decis\u00e3o.<\/p>\n\n\n\n<p>O <strong>Presidente <\/strong>do Conselho de Contribuintes ser\u00e1 o respons\u00e1vel pela <strong>an\u00e1lise da admissibilidade<\/strong> do pedido de retifica\u00e7\u00e3o, negando-lhe seguimento quando n\u00e3o forem indicados objetivamente o erro de fato, a contradi\u00e7\u00e3o ou a omiss\u00e3o.<\/p>\n\n\n\n<h2 class=\"wp-block-heading\" id=\"h-como-e-finalizado-o-contencioso-administrativo-fiscal\"><mark style=\"background-color:rgba(0, 0, 0, 0)\" class=\"has-inline-color has-vivid-cyan-blue-color\">Como \u00e9 finalizado o contencioso administrativo fiscal?<\/mark><\/h2>\n\n\n\n<p>N\u00e3o \u00e9 apenas com o julgamento final que \u00e9 finalizado o contencioso administrativo fiscal, uma vez que as seguintes situa\u00e7\u00f5es tamb\u00e9m s\u00e3o caracterizadoras do seu <strong>encerramento<\/strong>:<\/p>\n\n\n\n<ul class=\"wp-block-list\"><li>a <strong>decis\u00e3o irrecorr\u00edvel <\/strong>para ambas as partes;<\/li><li>o<strong> t\u00e9rmino de prazo,<\/strong> sem interposi\u00e7\u00e3o de recurso;<\/li><li>a <strong>desist\u00eancia <\/strong>de impugna\u00e7\u00e3o, reclama\u00e7\u00e3o ou recurso de revis\u00e3o;<\/li><li>o <strong>ingresso em ju\u00edzo<\/strong>, sobre a mat\u00e9ria objeto do PTA, <strong>antes <\/strong>de proferida ou de tornada irrecorr\u00edvel a decis\u00e3o administrativa;<\/li><li>o <strong>pagamento <\/strong>do cr\u00e9dito tribut\u00e1rio;<\/li><li>o <strong>cancelamento <\/strong>da <strong>exig\u00eancia fiscal<\/strong>.<\/li><\/ul>\n\n\n\n<p>Al\u00e9m disso, considera-se, tamb\u00e9m, como desist\u00eancia de impugna\u00e7\u00e3o, reclama\u00e7\u00e3o ou recurso de revis\u00e3o, a n\u00e3o comprova\u00e7\u00e3o ou o n\u00e3o recolhimento integral da <strong>taxa de expediente<\/strong> devida.<\/p>\n\n\n\n<h2 class=\"wp-block-heading\" id=\"h-finalizando\"><mark style=\"background-color:rgba(0, 0, 0, 0)\" class=\"has-inline-color has-vivid-cyan-blue-color\">Finalizando<\/mark><\/h2>\n\n\n\n<p>Galera, finalizamos o nosso artigo sobre o&nbsp;Contencioso Administrativo Fiscal, presente no Regulamento do Processo Tribut\u00e1rio Administrativo, no Decreto 44.747\/08, para o concurso da SEFAZ-MG. Esperamos que tenham gostado.<\/p>\n\n\n\n<p>Caso queira se preparar para chegar&nbsp;<strong>competitivo&nbsp;<\/strong>nesta prova, invista nos&nbsp;<a href=\"https:\/\/www.estrategiaconcursos.com.br\/cursosPorConcurso\/secretaria-da-fazenda-do-estado-de-minas-gerais-sefaz-mg\/\" target=\"_blank\" rel=\"noreferrer noopener\"><strong>cursos para a SEFAZ MG<\/strong><\/a>&nbsp;do&nbsp;<strong>Estrat\u00e9gia Concursos<\/strong>.&nbsp;L\u00e1 voc\u00ea encontrar\u00e1&nbsp;<strong>aulas completas e detalhadas, com os melhores professores do mercado<\/strong>,&nbsp;de todos os t\u00f3picos exigidos no edital deste concurso.<\/p>\n\n\n\n<p>Conhe\u00e7a tamb\u00e9m o&nbsp;<a href=\"https:\/\/questoes.estrategiaconcursos.com.br\/\" target=\"_blank\" rel=\"noreferrer noopener\">Sistema de Quest\u00f5es do Estrat\u00e9gia<\/a>. Afinal, a \u00fanica maneira de&nbsp;<strong>consolidar o conte\u00fado&nbsp;<\/strong>de maneira satisfat\u00f3ria \u00e9 atrav\u00e9s da&nbsp;<strong>resolu\u00e7\u00e3o de quest\u00f5es.<\/strong><\/p>\n\n\n\n<p>Bons estudos a todos!<\/p>\n\n\n\n<h2 class=\"has-text-align-center wp-block-heading\" id=\"cursos-assinatura\">Quer estudar para o concurso SEFAZ MG?<\/h2>\n\n\n\n<p>Prepare-se com o melhor material e com quem mais aprova em Concursos P\u00fablicos em todo o pa\u00eds!<\/p>\n\n\n\n<p class=\"has-text-align-center has-vivid-cyan-blue-color has-text-color has-background\" style=\"background-color:#0078bd\"><a href=\"https:\/\/www.estrategiaconcursos.com.br\/blog\/concursos-abertos\/\" target=\"_blank\" rel=\"noreferrer noopener\"><strong><span class=\"has-inline-color has-white-color\">Concursos abertos<\/span><\/strong><\/a><\/p>\n\n\n\n<p class=\"has-text-align-center has-vivid-cyan-blue-color has-text-color has-background\" style=\"background-color:#0072b4\"><strong><a href=\"https:\/\/www.estrategiaconcursos.com.br\/blog\/concursos-2022\/\" target=\"_blank\" rel=\"noreferrer noopener\"><span class=\"has-inline-color has-white-color\">Concursos 2022<\/span><\/a><\/strong><\/p>\n\n\n\n<div class=\"container\" id=\"boxes\">\n  <div class=\"row\">\n\n    <div class=\"col-sm\">\n      <div class=\"banner-fiscal-01\" id=\"box-assinatura\">\n        <h3 class=\"titulo-assinatura\">Concurso Sefaz MG<\/h3>\n        <p class=\"subtitulo-assinatura\">Estude conosco<\/p>\n        <div class=\"box-botao\">\n          <a class=\"btn-assinatura\" target=\"_blank\" href=\"https:\/\/www.estrategiaconcursos.com.br\/cursosPorConcurso\/secretaria-da-fazenda-do-estado-de-minas-gerais-sefaz-mg\/\" role=\"button\" rel=\"noopener noreferrer\">Conhe\u00e7a os cursos<\/a>\n        <\/div>\n      <\/div>\n      \n    <\/div>\n\n  <\/div>\n<\/div>\n\n\n\n<div class=\"container\" id=\"boxes\">\n  <div class=\"row\">\n\n    <div class=\"col-sm\">\n      <div class=\"estrategia\" id=\"box-assinatura\">\n        <h3 class=\"titulo-assinatura\">Assinatura Concursos<\/h3>\n        <p class=\"subtitulo-assinatura\">Assinatura de 1 ano ou 2 anos<\/p>\n        <div class=\"box-botao\">\n          <a class=\"btn-assinatura\" target=\"_blank\" href=\"https:\/\/www.estrategiaconcursos.com.br\/assinaturas\/\" role=\"button\" rel=\"noopener noreferrer\">ASSINE AGORA<\/a>\n        <\/div>\n      <\/div><\/div><\/div><\/div>\n","protected":false},"excerpt":{"rendered":"<p>Veja neste artigo uma an\u00e1lise sobre o&nbsp;Contencioso Administrativo Fiscal, no Regulamento do Processo Tribut\u00e1rio Administrativo (RPTA), presente no&nbsp;Decreto 44.747\/08, para o concurso da&nbsp;SEFAZ-MG. Ol\u00e1, pessoal! Como voc\u00eas est\u00e3o? Como est\u00e1 a sua prepara\u00e7\u00e3o para o&nbsp;concurso da&nbsp;SEFAZ MG? S\u00e3o&nbsp;incr\u00edveis&nbsp;431 vagas, para o cargo de&nbsp;Auditor Fiscal,&nbsp;com remunera\u00e7\u00e3o inicial podendo chegar a&nbsp;R$ 25.291,35.&nbsp; No artigo de hoje, vamos [&hellip;]<\/p>\n","protected":false},"author":1976,"featured_media":1055804,"comment_status":"open","ping_status":"closed","sticky":false,"template":"","format":"standard","meta":{"post_tipo":"article","footnotes":""},"categories":[1,1983],"tags":[],"tax_estado":[219974],"class_list":["post-1058645","post","type-post","status-publish","format-standard","has-post-thumbnail","hentry","category-cursos-e-concursos","category-fiscal-estadual","tax_estado-mg"],"acf":[],"yoast_head":"<!-- This site is optimized with the Yoast SEO Premium plugin v27.2 (Yoast SEO v27.2) - https:\/\/yoast.com\/product\/yoast-seo-premium-wordpress\/ -->\n<title>SEFAZ-MG: O Contencioso Administrativo Fiscal no RPTA<\/title>\n<meta name=\"description\" content=\"Veja aqui uma an\u00e1lise sobre o\u00a0Contencioso Administrativo Fiscal, no Regulamento do Processo Tribut\u00e1rio Administrativo, para a\u00a0SEFAZ-MG.\" \/>\n<meta name=\"robots\" content=\"index, follow, max-snippet:-1, max-image-preview:large, max-video-preview:-1\" \/>\n<link rel=\"canonical\" href=\"https:\/\/www.estrategiaconcursos.com.br\/blog\/contencioso-administrativo-fiscal-sefaz-mg\/\" \/>\n<meta property=\"og:locale\" content=\"pt_BR\" \/>\n<meta property=\"og:type\" content=\"article\" \/>\n<meta property=\"og:title\" content=\"SEFAZ-MG: O Contencioso Administrativo Fiscal no RPTA\" \/>\n<meta property=\"og:description\" content=\"Veja aqui uma an\u00e1lise sobre o\u00a0Contencioso Administrativo Fiscal, no Regulamento do Processo Tribut\u00e1rio Administrativo, para a\u00a0SEFAZ-MG.\" \/>\n<meta property=\"og:url\" content=\"https:\/\/www.estrategiaconcursos.com.br\/blog\/contencioso-administrativo-fiscal-sefaz-mg\/\" \/>\n<meta property=\"og:site_name\" content=\"Estrat\u00e9gia Concursos\" \/>\n<meta property=\"article:published_time\" content=\"2022-08-02T11:38:00+00:00\" \/>\n<meta property=\"og:image\" content=\"https:\/\/dhg1h5j42swfq.cloudfront.net\/2022\/07\/05164031\/sefaz-mg.jpg\" \/>\n\t<meta property=\"og:image:width\" content=\"768\" \/>\n\t<meta property=\"og:image:height\" content=\"432\" \/>\n\t<meta property=\"og:image:type\" content=\"image\/jpeg\" \/>\n<meta name=\"author\" content=\"Kassio Henrique Sobral Rocha\" \/>\n<meta name=\"twitter:card\" content=\"summary_large_image\" \/>\n<meta name=\"twitter:creator\" content=\"@EstratConcursos\" \/>\n<meta name=\"twitter:site\" content=\"@EstratConcursos\" \/>\n<meta name=\"twitter:label1\" content=\"Escrito por\" \/>\n\t<meta name=\"twitter:data1\" content=\"Kassio Henrique Sobral Rocha\" \/>\n\t<meta name=\"twitter:label2\" content=\"Est. tempo de leitura\" \/>\n\t<meta name=\"twitter:data2\" content=\"10 minutos\" \/>\n<script type=\"application\/ld+json\" class=\"yoast-schema-graph\">{\"@context\":\"https:\/\/schema.org\",\"@graph\":[{\"@type\":\"NewsArticle\",\"@id\":\"https:\/\/www.estrategiaconcursos.com.br\/blog\/contencioso-administrativo-fiscal-sefaz-mg\/#article\",\"isPartOf\":{\"@id\":\"https:\/\/www.estrategiaconcursos.com.br\/blog\/contencioso-administrativo-fiscal-sefaz-mg\/\"},\"author\":{\"name\":\"Kassio Henrique Sobral Rocha\",\"@id\":\"https:\/\/www.estrategiaconcursos.com.br\/blog\/#\/schema\/person\/f0c830e07cfe11c231c0ea5dbb036df5\"},\"headline\":\"SEFAZ-MG: O Contencioso Administrativo Fiscal no RPTA\",\"datePublished\":\"2022-08-02T11:38:00+00:00\",\"mainEntityOfPage\":{\"@id\":\"https:\/\/www.estrategiaconcursos.com.br\/blog\/contencioso-administrativo-fiscal-sefaz-mg\/\"},\"wordCount\":1885,\"commentCount\":0,\"publisher\":{\"@id\":\"https:\/\/www.estrategiaconcursos.com.br\/blog\/#organization\"},\"image\":{\"@id\":\"https:\/\/www.estrategiaconcursos.com.br\/blog\/contencioso-administrativo-fiscal-sefaz-mg\/#primaryimage\"},\"thumbnailUrl\":\"https:\/\/dhg1h5j42swfq.cloudfront.net\/2022\/07\/05164031\/sefaz-mg.jpg\",\"articleSection\":[\"Concursos P\u00fablicos\",\"Fiscal - Estadual (ICMS)\"],\"inLanguage\":\"pt-BR\",\"potentialAction\":[{\"@type\":\"CommentAction\",\"name\":\"Comment\",\"target\":[\"https:\/\/www.estrategiaconcursos.com.br\/blog\/contencioso-administrativo-fiscal-sefaz-mg\/#respond\"]}],\"copyrightYear\":\"2022\",\"copyrightHolder\":{\"@id\":\"https:\/\/www.estrategiaconcursos.com.br\/blog\/#organization\"}},{\"@type\":\"WebPage\",\"@id\":\"https:\/\/www.estrategiaconcursos.com.br\/blog\/contencioso-administrativo-fiscal-sefaz-mg\/\",\"url\":\"https:\/\/www.estrategiaconcursos.com.br\/blog\/contencioso-administrativo-fiscal-sefaz-mg\/\",\"name\":\"SEFAZ-MG: O Contencioso Administrativo Fiscal no RPTA\",\"isPartOf\":{\"@id\":\"https:\/\/www.estrategiaconcursos.com.br\/blog\/#website\"},\"primaryImageOfPage\":{\"@id\":\"https:\/\/www.estrategiaconcursos.com.br\/blog\/contencioso-administrativo-fiscal-sefaz-mg\/#primaryimage\"},\"image\":{\"@id\":\"https:\/\/www.estrategiaconcursos.com.br\/blog\/contencioso-administrativo-fiscal-sefaz-mg\/#primaryimage\"},\"thumbnailUrl\":\"https:\/\/dhg1h5j42swfq.cloudfront.net\/2022\/07\/05164031\/sefaz-mg.jpg\",\"datePublished\":\"2022-08-02T11:38:00+00:00\",\"description\":\"Veja aqui uma an\u00e1lise sobre o\u00a0Contencioso Administrativo Fiscal, no Regulamento do Processo Tribut\u00e1rio Administrativo, para a\u00a0SEFAZ-MG.\",\"breadcrumb\":{\"@id\":\"https:\/\/www.estrategiaconcursos.com.br\/blog\/contencioso-administrativo-fiscal-sefaz-mg\/#breadcrumb\"},\"inLanguage\":\"pt-BR\",\"potentialAction\":[{\"@type\":\"ReadAction\",\"target\":[\"https:\/\/www.estrategiaconcursos.com.br\/blog\/contencioso-administrativo-fiscal-sefaz-mg\/\"]}]},{\"@type\":\"ImageObject\",\"inLanguage\":\"pt-BR\",\"@id\":\"https:\/\/www.estrategiaconcursos.com.br\/blog\/contencioso-administrativo-fiscal-sefaz-mg\/#primaryimage\",\"url\":\"https:\/\/dhg1h5j42swfq.cloudfront.net\/2022\/07\/05164031\/sefaz-mg.jpg\",\"contentUrl\":\"https:\/\/dhg1h5j42swfq.cloudfront.net\/2022\/07\/05164031\/sefaz-mg.jpg\",\"width\":768,\"height\":432,\"caption\":\"Resumo do Estatuto dos Servidores para SEFAZ-MG: Licen\u00e7as\"},{\"@type\":\"BreadcrumbList\",\"@id\":\"https:\/\/www.estrategiaconcursos.com.br\/blog\/contencioso-administrativo-fiscal-sefaz-mg\/#breadcrumb\",\"itemListElement\":[{\"@type\":\"ListItem\",\"position\":1,\"name\":\"In\u00edcio\",\"item\":\"https:\/\/www.estrategiaconcursos.com.br\/blog\/\"},{\"@type\":\"ListItem\",\"position\":2,\"name\":\"SEFAZ-MG: O Contencioso Administrativo Fiscal no RPTA\"}]},{\"@type\":\"WebSite\",\"@id\":\"https:\/\/www.estrategiaconcursos.com.br\/blog\/#website\",\"url\":\"https:\/\/www.estrategiaconcursos.com.br\/blog\/\",\"name\":\"Estrat\u00e9gia Concursos\",\"description\":\"O blog da Estrat\u00e9gia Concursos traz not\u00edcias sobre concursos e artigos de professores oferecendo cursos para concursos (pdf + videaulas) no site.\",\"publisher\":{\"@id\":\"https:\/\/www.estrategiaconcursos.com.br\/blog\/#organization\"},\"potentialAction\":[{\"@type\":\"SearchAction\",\"target\":{\"@type\":\"EntryPoint\",\"urlTemplate\":\"https:\/\/www.estrategiaconcursos.com.br\/blog\/?s={search_term_string}\"},\"query-input\":{\"@type\":\"PropertyValueSpecification\",\"valueRequired\":true,\"valueName\":\"search_term_string\"}}],\"inLanguage\":\"pt-BR\"},{\"@type\":\"Organization\",\"@id\":\"https:\/\/www.estrategiaconcursos.com.br\/blog\/#organization\",\"name\":\"Estrat\u00e9gia Concursos\",\"url\":\"https:\/\/www.estrategiaconcursos.com.br\/blog\/\",\"logo\":{\"@type\":\"ImageObject\",\"inLanguage\":\"pt-BR\",\"@id\":\"https:\/\/www.estrategiaconcursos.com.br\/blog\/#\/schema\/logo\/image\/\",\"url\":\"https:\/\/dhg1h5j42swfq.cloudfront.net\/2025\/06\/03203428\/logo_concursos-1.jpg\",\"contentUrl\":\"https:\/\/dhg1h5j42swfq.cloudfront.net\/2025\/06\/03203428\/logo_concursos-1.jpg\",\"width\":230,\"height\":60,\"caption\":\"Estrat\u00e9gia Concursos\"},\"image\":{\"@id\":\"https:\/\/www.estrategiaconcursos.com.br\/blog\/#\/schema\/logo\/image\/\"},\"sameAs\":[\"https:\/\/x.com\/EstratConcursos\"]},{\"@type\":\"Person\",\"@id\":\"https:\/\/www.estrategiaconcursos.com.br\/blog\/#\/schema\/person\/f0c830e07cfe11c231c0ea5dbb036df5\",\"name\":\"Kassio Henrique Sobral Rocha\",\"image\":{\"@type\":\"ImageObject\",\"inLanguage\":\"pt-BR\",\"@id\":\"https:\/\/secure.gravatar.com\/avatar\/d10350cbdad043facd8ec77a377f86f9026afee3348e463b04854fd4490ce759?s=96&d=mm&r=g\",\"url\":\"https:\/\/secure.gravatar.com\/avatar\/d10350cbdad043facd8ec77a377f86f9026afee3348e463b04854fd4490ce759?s=96&d=mm&r=g\",\"contentUrl\":\"https:\/\/secure.gravatar.com\/avatar\/d10350cbdad043facd8ec77a377f86f9026afee3348e463b04854fd4490ce759?s=96&d=mm&r=g\",\"caption\":\"Kassio Henrique Sobral Rocha\"},\"url\":\"https:\/\/www.estrategiaconcursos.com.br\/blog\/author\/kassio-rochayahoo-com-br\/\"}]}<\/script>\n<!-- \/ Yoast SEO Premium plugin. -->","yoast_head_json":{"title":"SEFAZ-MG: O Contencioso Administrativo Fiscal no RPTA","description":"Veja aqui uma an\u00e1lise sobre o\u00a0Contencioso Administrativo Fiscal, no Regulamento do Processo Tribut\u00e1rio Administrativo, para a\u00a0SEFAZ-MG.","robots":{"index":"index","follow":"follow","max-snippet":"max-snippet:-1","max-image-preview":"max-image-preview:large","max-video-preview":"max-video-preview:-1"},"canonical":"https:\/\/www.estrategiaconcursos.com.br\/blog\/contencioso-administrativo-fiscal-sefaz-mg\/","og_locale":"pt_BR","og_type":"article","og_title":"SEFAZ-MG: O Contencioso Administrativo Fiscal no RPTA","og_description":"Veja aqui uma an\u00e1lise sobre o\u00a0Contencioso Administrativo Fiscal, no Regulamento do Processo Tribut\u00e1rio Administrativo, para a\u00a0SEFAZ-MG.","og_url":"https:\/\/www.estrategiaconcursos.com.br\/blog\/contencioso-administrativo-fiscal-sefaz-mg\/","og_site_name":"Estrat\u00e9gia Concursos","article_published_time":"2022-08-02T11:38:00+00:00","og_image":[{"width":768,"height":432,"url":"https:\/\/dhg1h5j42swfq.cloudfront.net\/2022\/07\/05164031\/sefaz-mg.jpg","type":"image\/jpeg"}],"author":"Kassio Henrique Sobral Rocha","twitter_card":"summary_large_image","twitter_creator":"@EstratConcursos","twitter_site":"@EstratConcursos","twitter_misc":{"Escrito por":"Kassio Henrique Sobral Rocha","Est. tempo de leitura":"10 minutos"},"schema":{"@context":"https:\/\/schema.org","@graph":[{"@type":"NewsArticle","@id":"https:\/\/www.estrategiaconcursos.com.br\/blog\/contencioso-administrativo-fiscal-sefaz-mg\/#article","isPartOf":{"@id":"https:\/\/www.estrategiaconcursos.com.br\/blog\/contencioso-administrativo-fiscal-sefaz-mg\/"},"author":{"name":"Kassio Henrique Sobral Rocha","@id":"https:\/\/www.estrategiaconcursos.com.br\/blog\/#\/schema\/person\/f0c830e07cfe11c231c0ea5dbb036df5"},"headline":"SEFAZ-MG: O Contencioso Administrativo Fiscal no RPTA","datePublished":"2022-08-02T11:38:00+00:00","mainEntityOfPage":{"@id":"https:\/\/www.estrategiaconcursos.com.br\/blog\/contencioso-administrativo-fiscal-sefaz-mg\/"},"wordCount":1885,"commentCount":0,"publisher":{"@id":"https:\/\/www.estrategiaconcursos.com.br\/blog\/#organization"},"image":{"@id":"https:\/\/www.estrategiaconcursos.com.br\/blog\/contencioso-administrativo-fiscal-sefaz-mg\/#primaryimage"},"thumbnailUrl":"https:\/\/dhg1h5j42swfq.cloudfront.net\/2022\/07\/05164031\/sefaz-mg.jpg","articleSection":["Concursos P\u00fablicos","Fiscal - Estadual (ICMS)"],"inLanguage":"pt-BR","potentialAction":[{"@type":"CommentAction","name":"Comment","target":["https:\/\/www.estrategiaconcursos.com.br\/blog\/contencioso-administrativo-fiscal-sefaz-mg\/#respond"]}],"copyrightYear":"2022","copyrightHolder":{"@id":"https:\/\/www.estrategiaconcursos.com.br\/blog\/#organization"}},{"@type":"WebPage","@id":"https:\/\/www.estrategiaconcursos.com.br\/blog\/contencioso-administrativo-fiscal-sefaz-mg\/","url":"https:\/\/www.estrategiaconcursos.com.br\/blog\/contencioso-administrativo-fiscal-sefaz-mg\/","name":"SEFAZ-MG: O Contencioso Administrativo Fiscal no RPTA","isPartOf":{"@id":"https:\/\/www.estrategiaconcursos.com.br\/blog\/#website"},"primaryImageOfPage":{"@id":"https:\/\/www.estrategiaconcursos.com.br\/blog\/contencioso-administrativo-fiscal-sefaz-mg\/#primaryimage"},"image":{"@id":"https:\/\/www.estrategiaconcursos.com.br\/blog\/contencioso-administrativo-fiscal-sefaz-mg\/#primaryimage"},"thumbnailUrl":"https:\/\/dhg1h5j42swfq.cloudfront.net\/2022\/07\/05164031\/sefaz-mg.jpg","datePublished":"2022-08-02T11:38:00+00:00","description":"Veja aqui uma an\u00e1lise sobre o\u00a0Contencioso Administrativo Fiscal, no Regulamento do Processo Tribut\u00e1rio Administrativo, para a\u00a0SEFAZ-MG.","breadcrumb":{"@id":"https:\/\/www.estrategiaconcursos.com.br\/blog\/contencioso-administrativo-fiscal-sefaz-mg\/#breadcrumb"},"inLanguage":"pt-BR","potentialAction":[{"@type":"ReadAction","target":["https:\/\/www.estrategiaconcursos.com.br\/blog\/contencioso-administrativo-fiscal-sefaz-mg\/"]}]},{"@type":"ImageObject","inLanguage":"pt-BR","@id":"https:\/\/www.estrategiaconcursos.com.br\/blog\/contencioso-administrativo-fiscal-sefaz-mg\/#primaryimage","url":"https:\/\/dhg1h5j42swfq.cloudfront.net\/2022\/07\/05164031\/sefaz-mg.jpg","contentUrl":"https:\/\/dhg1h5j42swfq.cloudfront.net\/2022\/07\/05164031\/sefaz-mg.jpg","width":768,"height":432,"caption":"Resumo do Estatuto dos Servidores para SEFAZ-MG: Licen\u00e7as"},{"@type":"BreadcrumbList","@id":"https:\/\/www.estrategiaconcursos.com.br\/blog\/contencioso-administrativo-fiscal-sefaz-mg\/#breadcrumb","itemListElement":[{"@type":"ListItem","position":1,"name":"In\u00edcio","item":"https:\/\/www.estrategiaconcursos.com.br\/blog\/"},{"@type":"ListItem","position":2,"name":"SEFAZ-MG: O Contencioso Administrativo Fiscal no RPTA"}]},{"@type":"WebSite","@id":"https:\/\/www.estrategiaconcursos.com.br\/blog\/#website","url":"https:\/\/www.estrategiaconcursos.com.br\/blog\/","name":"Estrat\u00e9gia Concursos","description":"O blog da Estrat\u00e9gia Concursos traz not\u00edcias sobre concursos e artigos de professores oferecendo cursos para concursos (pdf + videaulas) no site.","publisher":{"@id":"https:\/\/www.estrategiaconcursos.com.br\/blog\/#organization"},"potentialAction":[{"@type":"SearchAction","target":{"@type":"EntryPoint","urlTemplate":"https:\/\/www.estrategiaconcursos.com.br\/blog\/?s={search_term_string}"},"query-input":{"@type":"PropertyValueSpecification","valueRequired":true,"valueName":"search_term_string"}}],"inLanguage":"pt-BR"},{"@type":"Organization","@id":"https:\/\/www.estrategiaconcursos.com.br\/blog\/#organization","name":"Estrat\u00e9gia Concursos","url":"https:\/\/www.estrategiaconcursos.com.br\/blog\/","logo":{"@type":"ImageObject","inLanguage":"pt-BR","@id":"https:\/\/www.estrategiaconcursos.com.br\/blog\/#\/schema\/logo\/image\/","url":"https:\/\/dhg1h5j42swfq.cloudfront.net\/2025\/06\/03203428\/logo_concursos-1.jpg","contentUrl":"https:\/\/dhg1h5j42swfq.cloudfront.net\/2025\/06\/03203428\/logo_concursos-1.jpg","width":230,"height":60,"caption":"Estrat\u00e9gia Concursos"},"image":{"@id":"https:\/\/www.estrategiaconcursos.com.br\/blog\/#\/schema\/logo\/image\/"},"sameAs":["https:\/\/x.com\/EstratConcursos"]},{"@type":"Person","@id":"https:\/\/www.estrategiaconcursos.com.br\/blog\/#\/schema\/person\/f0c830e07cfe11c231c0ea5dbb036df5","name":"Kassio Henrique Sobral Rocha","image":{"@type":"ImageObject","inLanguage":"pt-BR","@id":"https:\/\/secure.gravatar.com\/avatar\/d10350cbdad043facd8ec77a377f86f9026afee3348e463b04854fd4490ce759?s=96&d=mm&r=g","url":"https:\/\/secure.gravatar.com\/avatar\/d10350cbdad043facd8ec77a377f86f9026afee3348e463b04854fd4490ce759?s=96&d=mm&r=g","contentUrl":"https:\/\/secure.gravatar.com\/avatar\/d10350cbdad043facd8ec77a377f86f9026afee3348e463b04854fd4490ce759?s=96&d=mm&r=g","caption":"Kassio Henrique Sobral Rocha"},"url":"https:\/\/www.estrategiaconcursos.com.br\/blog\/author\/kassio-rochayahoo-com-br\/"}]}},"_links":{"self":[{"href":"https:\/\/www.estrategiaconcursos.com.br\/blog\/wp-json\/wp\/v2\/posts\/1058645","targetHints":{"allow":["GET"]}}],"collection":[{"href":"https:\/\/www.estrategiaconcursos.com.br\/blog\/wp-json\/wp\/v2\/posts"}],"about":[{"href":"https:\/\/www.estrategiaconcursos.com.br\/blog\/wp-json\/wp\/v2\/types\/post"}],"author":[{"embeddable":true,"href":"https:\/\/www.estrategiaconcursos.com.br\/blog\/wp-json\/wp\/v2\/users\/1976"}],"replies":[{"embeddable":true,"href":"https:\/\/www.estrategiaconcursos.com.br\/blog\/wp-json\/wp\/v2\/comments?post=1058645"}],"version-history":[{"count":24,"href":"https:\/\/www.estrategiaconcursos.com.br\/blog\/wp-json\/wp\/v2\/posts\/1058645\/revisions"}],"predecessor-version":[{"id":1062741,"href":"https:\/\/www.estrategiaconcursos.com.br\/blog\/wp-json\/wp\/v2\/posts\/1058645\/revisions\/1062741"}],"wp:featuredmedia":[{"embeddable":true,"href":"https:\/\/www.estrategiaconcursos.com.br\/blog\/wp-json\/wp\/v2\/media\/1055804"}],"wp:attachment":[{"href":"https:\/\/www.estrategiaconcursos.com.br\/blog\/wp-json\/wp\/v2\/media?parent=1058645"}],"wp:term":[{"taxonomy":"category","embeddable":true,"href":"https:\/\/www.estrategiaconcursos.com.br\/blog\/wp-json\/wp\/v2\/categories?post=1058645"},{"taxonomy":"post_tag","embeddable":true,"href":"https:\/\/www.estrategiaconcursos.com.br\/blog\/wp-json\/wp\/v2\/tags?post=1058645"},{"taxonomy":"tax_estado","embeddable":true,"href":"https:\/\/www.estrategiaconcursos.com.br\/blog\/wp-json\/wp\/v2\/tax_estado?post=1058645"}],"curies":[{"name":"wp","href":"https:\/\/api.w.org\/{rel}","templated":true}]}}