{"id":1058620,"date":"2022-08-02T10:31:00","date_gmt":"2022-08-02T13:31:00","guid":{"rendered":"https:\/\/www.estrategiaconcursos.com.br\/blog\/?p=1058620"},"modified":"2022-07-18T11:33:32","modified_gmt":"2022-07-18T14:33:32","slug":"sefaz-mg-processo-tributario-administrativo","status":"publish","type":"post","link":"https:\/\/www.estrategiaconcursos.com.br\/blog\/sefaz-mg-processo-tributario-administrativo\/","title":{"rendered":"SEFAZ-MG: Conselho Contribuintes no Processo Tribut\u00e1rio Administrativo"},"content":{"rendered":"\n<p>Veja neste artigo uma an\u00e1lise sobre o <strong>Conselho de Contribuintes<\/strong> no <strong><mark style=\"background-color:rgba(0, 0, 0, 0)\" class=\"has-inline-color has-vivid-cyan-blue-color\">Regulamento do Processo Tribut\u00e1rio Administrativo<\/mark><\/strong>, no&nbsp;<strong>Decreto 44.747\/08<\/strong>, para o concurso da&nbsp;<strong><a href=\"https:\/\/www.estrategiaconcursos.com.br\/cursosPorConcurso\/secretaria-da-fazenda-do-estado-de-minas-gerais-sefaz-mg\/\" target=\"_blank\" rel=\"noreferrer noopener\">SEFAZ-MG<\/a><\/strong>.<\/p>\n\n\n\n<div class=\"wp-block-image\"><figure class=\"aligncenter size-full is-resized\"><img loading=\"lazy\" decoding=\"async\" src=\"https:\/\/dhg1h5j42swfq.cloudfront.net\/2021\/08\/06145532\/sefaz-mg-metodo-4-2-de-revisao-768x432-1.jpg\" alt=\"SEFAZ-MG: Conselho Contribuintes no Processo Tribut\u00e1rio Administrativo\" class=\"wp-image-830251\" width=\"642\" height=\"361\" srcset=\"https:\/\/dhg1h5j42swfq.cloudfront.net\/2021\/08\/06145532\/sefaz-mg-metodo-4-2-de-revisao-768x432-1.jpg 768w, https:\/\/dhg1h5j42swfq.cloudfront.net\/2021\/08\/06145532\/sefaz-mg-metodo-4-2-de-revisao-768x432-1-300x169.jpg 300w, https:\/\/dhg1h5j42swfq.cloudfront.net\/2021\/08\/06145532\/sefaz-mg-metodo-4-2-de-revisao-768x432-1-610x343.jpg 610w\" sizes=\"auto, (max-width: 642px) 100vw, 642px\" \/><figcaption>SEFAZ-MG: Conselho de Contribuintes no Processo Tribut\u00e1rio Administrativo<\/figcaption><\/figure><\/div>\n\n\n\n<p>Ol\u00e1, pessoal! Como voc\u00eas est\u00e3o?<\/p>\n\n\n\n<p>Como est\u00e1 a sua prepara\u00e7\u00e3o para o&nbsp;<strong><a href=\"https:\/\/www.estrategiaconcursos.com.br\/blog\/concurso-sefaz-mg\/\" target=\"_blank\" rel=\"noreferrer noopener\">concurso da&nbsp;SEFAZ MG<\/a><\/strong>? S\u00e3o<strong>&nbsp;<\/strong>incr\u00edveis&nbsp;<strong>431 vagas<\/strong>, para o cargo de<strong>&nbsp;Auditor Fiscal,&nbsp;<\/strong>com remunera\u00e7\u00e3o inicial podendo chegar a&nbsp;<strong>R$ 25.291,35.<\/strong>&nbsp;<\/p>\n\n\n\n<p>No artigo de hoje, vamos falar sobre o <strong>Conselho dos Contribuintes<\/strong>, presente no <strong><mark style=\"background-color:rgba(0, 0, 0, 0)\" class=\"has-inline-color has-vivid-cyan-blue-color\">Regulamento do Processo Tribut\u00e1rio Administrativo<\/mark><\/strong> <strong>(RPTA)<\/strong>, no&nbsp;<strong>Decreto 44.747\/08<\/strong>,<strong>&nbsp;<\/strong>para a SEFAZ-MG.<\/p>\n\n\n\n<p>Como o tema do RPTA \u00e9 extenso, iremos&nbsp;<strong>dividir&nbsp;<\/strong>a an\u00e1lise deste imposto em&nbsp;<strong>alguns artigos.<\/strong>&nbsp;Voc\u00ea j\u00e1 pode conferir o artigo sobre as <a href=\"https:\/\/www.estrategiaconcursos.com.br\/blog\/processo-tributario-administrativo-sefaz-mg\" target=\"_blank\" rel=\"noreferrer noopener\"><strong>Disposi\u00e7\u00f5es Gerais do RPTA<\/strong><\/a> e o <a href=\"https:\/\/www.estrategiaconcursos.com.br\/blog\/processo-tributario-administrativo-sefaz-mg\" target=\"_blank\" rel=\"noreferrer noopener\"><strong>Contencioso Administrativo Fiscal<\/strong><\/a>, no nosso&nbsp;<strong><a href=\"https:\/\/www.estrategiaconcursos.com.br\/blog\/author\/kassio-rochayahoo-com-br\/\" target=\"_blank\" rel=\"noreferrer noopener\">blog<\/a><\/strong>.<\/p>\n\n\n\n<p>Preparados? Ent\u00e3o vamos l\u00e1!<\/p>\n\n\n\n<div class=\"container\" id=\"boxes\">\n  <div class=\"row\">\n\n    <div class=\"col-sm\">\n      <div class=\"banner-fiscal-01\" id=\"box-assinatura\">\n        <h3 class=\"titulo-assinatura\">Concurso Sefaz MG<\/h3>\n        <p class=\"subtitulo-assinatura\">Estude conosco<\/p>\n        <div class=\"box-botao\">\n          <a class=\"btn-assinatura\" target=\"_blank\" href=\"https:\/\/www.estrategiaconcursos.com.br\/cursosPorConcurso\/secretaria-da-fazenda-do-estado-de-minas-gerais-sefaz-mg\/\" role=\"button\" rel=\"noopener noreferrer\">Conhe\u00e7a os cursos<\/a>\n        <\/div>\n      <\/div>\n      \n    <\/div>\n\n  <\/div>\n<\/div>\n\n\n\n<h2 class=\"wp-block-heading\" id=\"h-o-conselho-de-contribuintes-no-processo-tributario-administrativo\"><mark style=\"background-color:rgba(0, 0, 0, 0)\" class=\"has-inline-color has-vivid-cyan-blue-color\">O Conselho de Contribuintes no Processo Tribut\u00e1rio Administrativo<\/mark><\/h2>\n\n\n\n<p>H\u00e1 situa\u00e7\u00f5es em que pode haver <strong>quest\u00f5es tribut\u00e1rias<\/strong> entre o <strong>sujeito passivo<\/strong> e a<strong> Fazenda P\u00fablica Estadual,<\/strong> no \u00e2mbito do <strong><mark style=\"background-color:rgba(0, 0, 0, 0)\" class=\"has-inline-color has-vivid-cyan-blue-color\">contencioso administrativo fiscal<\/mark><\/strong>.<\/p>\n\n\n\n<p>Desse modo, com o intuito de <strong>resolver <\/strong>estas quest\u00f5es, foi criado o <strong>Conselho de Contribuintes do Estado de Minas Gerais<\/strong>. Al\u00e9m disso, ele possui as seguintes <strong><mark style=\"background-color:rgba(0, 0, 0, 0)\" class=\"has-inline-color has-vivid-cyan-blue-color\">compet\u00eancias<\/mark><\/strong>:<\/p>\n\n\n\n<ul class=\"wp-block-list\"><li><strong>julgar <\/strong>as quest\u00f5es de <strong>natureza tribut\u00e1ria<\/strong> suscitadas entre o sujeito passivo e a Fazenda P\u00fablica Estadual;<\/li><li>elaborar o seu <strong>Regimento Interno<\/strong>, sujeito \u00e0 homologa\u00e7\u00e3o pelo Secret\u00e1rio de Estado de Fazenda e aprova\u00e7\u00e3o mediante decreto do Poder Executivo;<\/li><li><strong>sumular decis\u00f5es<\/strong> reiteradas das C\u00e2maras de Julgamento e da C\u00e2mara Especial.<\/li><\/ul>\n\n\n\n<p>Ele integra a estrutura administrativa da Secretaria de Estado de Fazenda, sendo \u00f3rg\u00e3o <strong>colegiado <\/strong>de composi\u00e7\u00e3o <strong>parit\u00e1ria<\/strong>, formado por <strong>representantes da Fazenda P\u00fablica Estadual<\/strong> e de <strong>entidades de classes de contribuintes<\/strong>.<\/p>\n\n\n\n<p>O Conselho de Contribuintes \u00e9 composto por <strong><mark style=\"background-color:rgba(0, 0, 0, 0)\" class=\"has-inline-color has-vivid-cyan-blue-color\">12 membros efetivos<\/mark><\/strong>, havendo o mesmo n\u00famero de suplentes, sendo 6 representantes da Fazenda P\u00fablica Estadual e 6 membros de classes de contribuintes.<\/p>\n\n\n\n<p>Em rela\u00e7\u00e3o \u00e0 sua estrutura, ele \u00e9 formado pelas:<\/p>\n\n\n\n<ul class=\"wp-block-list\"><li><strong>C\u00e2maras de Julgamento;<\/strong><\/li><li><strong>C\u00e2mara Especial;<\/strong><\/li><li><strong>Conselho Pleno<\/strong>.<\/li><\/ul>\n\n\n\n<h2 class=\"wp-block-heading\" id=\"h-a-escolha-dos-membros-do-conselho-de-contribuintes\"><mark style=\"background-color:rgba(0, 0, 0, 0)\" class=\"has-inline-color has-vivid-cyan-blue-color\">A escolha dos membros do Conselho de Contribuintes<\/mark><\/h2>\n\n\n\n<p>Os membros do Conselho de Contribuintes ser\u00e3o <strong>nomeados <\/strong>pelo <strong>Governador do Estado<\/strong>, para mandato de <strong><mark style=\"background-color:rgba(0, 0, 0, 0)\" class=\"has-inline-color has-vivid-cyan-blue-color\">dois anos<\/mark><\/strong>.<\/p>\n\n\n\n<p>Em rela\u00e7\u00e3o aos membros <strong><mark style=\"background-color:rgba(0, 0, 0, 0)\" class=\"has-inline-color has-vivid-cyan-blue-color\">representantes dos contribuintes<\/mark><\/strong>, eles ser\u00e3o <strong>indicados <\/strong>em<strong> lista s\u00eaxtupla<\/strong>, a qual ser\u00e1 apresentada ao Secret\u00e1rio de Estado de Fazenda, pelas diversas <strong>Federa\u00e7\u00f5es <\/strong>do Estado, como a <strong>Fiemg <\/strong>e a <strong>Faemg<\/strong>.<\/p>\n\n\n\n<p>Al\u00e9m disso, sempre que houver necessidade, em raz\u00e3o do n\u00famero de vagas dispon\u00edveis, a indica\u00e7\u00e3o dos membros acima ser\u00e1 feita de forma <strong>alternada <\/strong>com rela\u00e7\u00e3o ao mandato anterior.<\/p>\n\n\n\n<p>Ademais, \u00e9 considerado <strong>ren\u00fancia <\/strong>ao direito de indica\u00e7\u00e3o de conselheiro a <strong>n\u00e3o apresenta\u00e7\u00e3o da lista s\u00eaxtupla<\/strong> ou a indica\u00e7\u00e3o de nomes em <strong>n\u00famero menor <\/strong>que o previsto ou de pessoas que n\u00e3o tenham conhecimento sobre a mat\u00e9ria fiscal tribut\u00e1ria ou disponibilidade de tempo para o exerc\u00edcio da fun\u00e7\u00e3o.<\/p>\n\n\n\n<p>Por sua vez, em rela\u00e7\u00e3o aos <strong><mark style=\"background-color:rgba(0, 0, 0, 0)\" class=\"has-inline-color has-vivid-cyan-blue-color\">representantes da Fazenda P\u00fablica Estadual<\/mark><\/strong>, os mesmos ser\u00e3o <strong>indicados <\/strong>pelo <strong>Secret\u00e1rio de Estado de Fazenda<\/strong>.<\/p>\n\n\n\n<p>No caso acima, o Subsecret\u00e1rio da Receita Estadual apresentar\u00e1 lista indicando<strong> 24 funcion\u00e1rios fiscais da ativa<\/strong>, inclu\u00eddo o nome daquele que esteja exercendo a presid\u00eancia do Conselho de Contribuintes.<\/p>\n\n\n\n<p>\u00c9 poss\u00edvel que haja <strong>afastamento <\/strong>definitivo de conselheiro efetivo. Neste caso, em rela\u00e7\u00e3o:<\/p>\n\n\n\n<ul class=\"wp-block-list\"><li>\u00e0 representa\u00e7\u00e3o dos <strong>contribuintes<\/strong>, a entidade de classe dever\u00e1 apresentar, no prazo de <strong>15 dias<\/strong>, lista tr\u00edplice com indica\u00e7\u00e3o de nomes;<\/li><\/ul>\n\n\n\n<ul class=\"wp-block-list\"><li>\u00e0 representa\u00e7\u00e3o da <strong>Fazenda <\/strong>P\u00fablica Estadual, o Subsecret\u00e1rio da Receita Estadual poder\u00e1 <strong>complementar a lista<\/strong>, at\u00e9 o limite nele previsto.<\/li><\/ul>\n\n\n\n<p><strong><mark style=\"background-color:rgba(0, 0, 0, 0)\" class=\"has-inline-color has-vivid-red-color\">FIQUE ATENTO:<\/mark><\/strong> Devem ser mantidos no <strong>m\u00ednimo dois<\/strong> e no <strong>m\u00e1ximo cinco<\/strong> membros efetivos que tenham atuado no <strong>mandato anterior<\/strong>.<\/p>\n\n\n\n<h2 class=\"wp-block-heading\" id=\"h-mandato-e-requisitos-dos-membros-do-conselho-de-contribuintes\"><mark style=\"background-color:rgba(0, 0, 0, 0)\" class=\"has-inline-color has-vivid-cyan-blue-color\">Mandato e Requisitos dos membros do Conselho de Contribuintes<\/mark><\/h2>\n\n\n\n<p>O mandato dos membros, como j\u00e1 citado, ter\u00e1 dura\u00e7\u00e3o de <strong>dois anos<\/strong>, tendo <strong>in\u00edcio <\/strong>em <strong>1\u00ba de julho<\/strong> de um ano civil e <strong>t\u00e9rmino <\/strong>em <strong>30 de junho<\/strong> do <strong>segundo <\/strong>ano civil subsequente.<\/p>\n\n\n\n<p>De modo a subsidiar a nomea\u00e7\u00e3o dos membros do Conselho de Contribuintes, ser\u00e1 realizada <strong>avalia\u00e7\u00e3o <\/strong>pr\u00e9via de conhecimentos e de experi\u00eancia em mat\u00e9ria fiscal-tribut\u00e1ria, que consistir\u00e1 em:<\/p>\n\n\n\n<ul class=\"wp-block-list\"><li>an\u00e1lise curricular;<\/li><li>simula\u00e7\u00e3o de julgamento;<\/li><li>entrevista individual ou em grupo;<\/li><li>outros testes relativos \u00e0 fun\u00e7\u00e3o.<\/li><\/ul>\n\n\n\n<p>A <strong>avalia\u00e7\u00e3o <\/strong>ser\u00e1 realizada pelo pr\u00f3prio <strong>Conselho de Contribuintes<\/strong>, sob coordena\u00e7\u00e3o do Secret\u00e1rio de Estado de Fazenda.<\/p>\n\n\n\n<p>Al\u00e9m disso, vale ressaltar que \u00e9 de <strong>compet\u00eancia <\/strong>do <strong>Governador<\/strong> de Minas Gerais <strong><mark style=\"background-color:rgba(0, 0, 0, 0)\" class=\"has-inline-color has-vivid-cyan-blue-color\">designar<\/mark><\/strong>, entre os membros efetivos, para o per\u00edodo de <strong>um ano<\/strong>:<\/p>\n\n\n\n<ul class=\"wp-block-list\"><li>o <strong>Presidente<\/strong> do Conselho de Contribuintes entre os membros de <strong><mark style=\"background-color:rgba(0, 0, 0, 0)\" class=\"has-inline-color has-vivid-cyan-blue-color\">representa\u00e7\u00e3o fazend\u00e1ria<\/mark><\/strong>;<\/li><li>o <strong>Vice-Presidente<\/strong> do Conselho de Contribuintes entre os membros de<strong><mark style=\"background-color:rgba(0, 0, 0, 0)\" class=\"has-inline-color has-vivid-cyan-blue-color\"> representa\u00e7\u00e3o classista<\/mark><\/strong>;<\/li><li>o <strong>Presidente da Terceira C\u00e2mara<\/strong> de julgamento entre os membros de <strong><mark style=\"background-color:rgba(0, 0, 0, 0)\" class=\"has-inline-color has-vivid-cyan-blue-color\">representa\u00e7\u00e3o fazend\u00e1ria<\/mark><\/strong>;<\/li><li>os <strong>Vice-Presidentes das C\u00e2maras<\/strong> de Julgamento, observando-se que, quando a <strong>Presid\u00eancia <\/strong>de uma C\u00e2mara recair em membro de uma <strong>representa\u00e7\u00e3o<\/strong>, a <strong>Vice-Presid\u00eancia<\/strong> ser\u00e1 exercida por membro <strong>representante <\/strong>da <strong>outra.<\/strong><\/li><\/ul>\n\n\n\n<p><strong><mark style=\"background-color:rgba(0, 0, 0, 0)\" class=\"has-inline-color has-vivid-red-color\">A SABER:<\/mark><\/strong> O <strong>Presidente do Conselho<\/strong> preside a <strong>Primeira<\/strong> C\u00e2mara e o <strong>Vice-Presidente <\/strong>preside a <strong>Segunda <\/strong>C\u00e2mara.<\/p>\n\n\n\n<h2 class=\"wp-block-heading\" id=\"h-composicao-da-camara-de-julgamento\"><mark style=\"background-color:rgba(0, 0, 0, 0)\" class=\"has-inline-color has-vivid-cyan-blue-color\">Composi\u00e7\u00e3o da C\u00e2mara de Julgamento<\/mark><\/h2>\n\n\n\n<p>H\u00e1 um total de<strong><mark style=\"background-color:rgba(0, 0, 0, 0)\" class=\"has-inline-color has-vivid-cyan-blue-color\"> tr\u00eas C\u00e2maras de Julgamento<\/mark><\/strong>, as quais s\u00e3o compostas, cada uma, de <strong>quatro membros,<\/strong> sendo <strong>dois<\/strong> representantes dos contribuintes e <strong>dois <\/strong>representantes da Fazenda P\u00fablica Estadual, tendo igual compet\u00eancia.<\/p>\n\n\n\n<p>Contudo, fique atento, pois sempre que houver necessidade do servi\u00e7o exigir, poder\u00e3o ser criadas <strong><mark style=\"background-color:rgba(0, 0, 0, 0)\" class=\"has-inline-color has-vivid-cyan-blue-color\">c\u00e2maras suplementares<\/mark><\/strong>, mediante representa\u00e7\u00e3o do Presidente do Conselho de Contribuintes ao Secret\u00e1rio de Estado de Fazenda.<\/p>\n\n\n\n<p>Essas c\u00e2maras suplementares devem <strong>observar <\/strong>o seguinte:<\/p>\n\n\n\n<ul class=\"wp-block-list\"><li>as c\u00e2maras ser\u00e3o instaladas por meio de resolu\u00e7\u00e3o do Secret\u00e1rio de Estado de Fazenda e convoca\u00e7\u00e3o de membros suplentes, podendo ser nomeados novos membros;<\/li><li>os <strong>mandatos <\/strong>dos membros <strong>terminar\u00e3o <\/strong>juntamente com os dos demais conselheiros;<\/li><li>as c\u00e2maras ter\u00e3o <strong>dura\u00e7\u00e3o limitada<\/strong> ao t\u00e9rmino do mandato dos respectivos membros, prorrog\u00e1vel, se necess\u00e1rio.<\/li><\/ul>\n\n\n\n<p><strong><mark style=\"background-color:rgba(0, 0, 0, 0)\" class=\"has-inline-color has-vivid-red-color\">FUNCIONAMENTO<\/mark><\/strong>: A C\u00e2mara de Julgamento s\u00f3 funcionar\u00e1 quando presente a <strong><mark style=\"background-color:rgba(0, 0, 0, 0)\" class=\"has-inline-color has-vivid-cyan-blue-color\">maioria <\/mark><\/strong>de seus membros.<\/p>\n\n\n\n<p>As C\u00e2maras de Julgamento possuem como tarefa principal realizar o <strong>julgamento <\/strong>dos conflitos administrativos entre o sujeito passivo e a Fazenda Estadual.<\/p>\n\n\n\n<h2 class=\"wp-block-heading\" id=\"h-composicao-da-camara-especial\"><mark style=\"background-color:rgba(0, 0, 0, 0)\" class=\"has-inline-color has-vivid-cyan-blue-color\">Composi\u00e7\u00e3o da C\u00e2mara Especial<\/mark><\/h2>\n\n\n\n<p>Por sua vez, a C\u00e2mara Especial \u00e9 composta pelos <strong>Presidentes <\/strong>e pelos<strong> Vice-Presidentes <\/strong>da <strong>Primeira<\/strong>, da <strong>Segunda <\/strong>e da <strong>Terceira <\/strong>C\u00e2maras de Julgamento e <strong>presidida <\/strong>pelo<strong> Presidente do Conselho<\/strong>.<\/p>\n\n\n\n<p>Al\u00e9m disso, respeitado o limite de <strong>oito membros<\/strong>, compor\u00e3o ainda a C\u00e2mara Especial o Presidente e o Vice-Presidente de cada C\u00e2mara de Julgamento suplementar, caso exista, mediante sistema de rod\u00edzio.<\/p>\n\n\n\n<p>De maneira similar \u00e0s C\u00e2maras de Julgamento, a C\u00e2mara Especial somente deliberar\u00e1 quando presente a <strong>maioria <\/strong>dos membros de cada representa\u00e7\u00e3o.<\/p>\n\n\n\n<p>Em regra, a C\u00e2mara Especial \u00e9 a respons\u00e1vel por julgar os <strong>recursos<\/strong> contra as decis\u00f5es das C\u00e2maras de Julgamento.<\/p>\n\n\n\n<h2 class=\"wp-block-heading\" id=\"h-outras-disposicoes-sobre-o-conselho-de-contribuintes\"><mark style=\"background-color:rgba(0, 0, 0, 0)\" class=\"has-inline-color has-vivid-cyan-blue-color\">Outras disposi\u00e7\u00f5es sobre o Conselho de Contribuintes<\/mark><\/h2>\n\n\n\n<p>Finalizando o nosso artigo para a SEFAZ-MG, vamos falar sobre as demais disposi\u00e7\u00f5es sobre o Conselho de Contribuintes no Processo Tribut\u00e1rio Administrativo.<\/p>\n\n\n\n<p>Durante as sess\u00f5es de julgamento nas C\u00e2maras, o seu <strong>Presidente <\/strong>tem, al\u00e9m do<strong> voto ordin\u00e1rio<\/strong>, o de <strong>qualidade<\/strong>, no caso de <strong>empate<\/strong>.<\/p>\n\n\n\n<p>Em rela\u00e7\u00e3o \u00e0 <strong>remunera\u00e7\u00e3o <\/strong>dos membros do Conselho e os advogados do Estado, ela ser\u00e1 realizada por <strong>sess\u00e3o <\/strong>a que comparecerem, em atendimento \u00e0 necessidade dos servi\u00e7os.<\/p>\n\n\n\n<p>\u00c9 importante ressaltar que \u00e9 <strong>vedada <\/strong>a realiza\u00e7\u00e3o de<strong> mais de uma sess\u00e3o <\/strong>de julgamento <strong>por dia<\/strong> em cada C\u00e2mara, independentemente da quantidade de PTAs inclu\u00eddos em pauta.<\/p>\n\n\n\n<p>Em rela\u00e7\u00e3o aos <strong>Conselheiros<\/strong>, que s\u00e3o os membros do Conselho de Contribuintes, caracteriza<strong><mark style=\"background-color:rgba(0, 0, 0, 0)\" class=\"has-inline-color has-vivid-cyan-blue-color\"> ren\u00fancia t\u00e1cita <\/mark><\/strong>ao seu mandato:<\/p>\n\n\n\n<ul class=\"wp-block-list\"><li>o <strong>descumprimento<\/strong>, por <strong>duas vezes<\/strong> a cada <strong>semestre<\/strong>, do <strong>prazo <\/strong>fixado para a reda\u00e7\u00e3o do ac\u00f3rd\u00e3o;<\/li><li>o <strong>n\u00e3o-comparecimento <\/strong>a <strong>tr\u00eas sess\u00f5es consecutivas.<\/strong><\/li><\/ul>\n\n\n\n<p>Contudo, os casos acima <strong>n\u00e3o se aplicam<\/strong> quando apresentada <strong>justificativa <\/strong>pr\u00e9via, fundamentada e por escrito, e esta seja aceita pelo Presidente do Conselho.<\/p>\n\n\n\n<p>Ademais, poder\u00e1 haver a <strong>perda da qualidade de membro <\/strong>do Conselho de Contribuintes o representante da Fazenda P\u00fablica Estadual que, durante o mandato:<\/p>\n\n\n\n<ul class=\"wp-block-list\"><li>se <strong>licenciar <\/strong>para tratar de <strong>interesses particulares<\/strong>;<\/li><li>exercer cargo em <strong>comiss\u00e3o<\/strong>;<\/li><li>se <strong>aposentar<\/strong>;<\/li><li>for <strong>exonerado<\/strong>; &nbsp;<\/li><li><strong>demitido <\/strong>de seu cargo efetivo; ou<\/li><li><strong>suspenso <\/strong>de suas atividades.<\/li><\/ul>\n\n\n\n<p>Por fim, al\u00e9m das compet\u00eancias citadas no in\u00edcio deste artigo, compete ao Conselho de Contribuintes gerir as atividades:<\/p>\n\n\n\n<ul class=\"wp-block-list\"><li><strong>administrativas<\/strong>, relativas \u00e0 tramita\u00e7\u00e3o do Processo Tribut\u00e1rio Administrativo, a partir de seu recebimento e enquanto o mesmo permanecer no \u00f3rg\u00e3o;<\/li><li>desenvolvidas pela <strong>Assessoria<\/strong>, relativas \u00e0 instru\u00e7\u00e3o e ao parecer de m\u00e9rito.<\/li><\/ul>\n\n\n\n<p>A <strong>Assessoria <\/strong>citada acima \u00e9 subordinada ao Gabinete do Secret\u00e1rio de Estado de Fazenda e exercer\u00e1 as atividades sob supervis\u00e3o e orienta\u00e7\u00e3o t\u00e9cnica do Presidente do Conselho de Contribuintes.<\/p>\n\n\n\n<p>J\u00e1 o<strong> pessoal de apoio administrativo<\/strong> do Conselho de Contribuintes subordina-se ao Gabinete do Secret\u00e1rio de Estado de Fazenda e suas atividades ser\u00e3o executadas sob supervis\u00e3o e orienta\u00e7\u00e3o t\u00e9cnica do Presidente do Conselho de Contribuintes.<\/p>\n\n\n\n<h2 class=\"wp-block-heading\" id=\"h-finalizando\"><mark style=\"background-color:rgba(0, 0, 0, 0)\" class=\"has-inline-color has-vivid-cyan-blue-color\">Finalizando<\/mark><\/h2>\n\n\n\n<p>Galera, finalizamos o nosso artigo sobre as Disposi\u00e7\u00f5es Gerais do Regulamento do Processo Tribut\u00e1rio Administrativo, no Decreto 44.747\/08, para o concurso da SEFAZ-MG. Esperamos que tenham gostado.<\/p>\n\n\n\n<p>Caso queira se preparar para chegar&nbsp;<strong>competitivo&nbsp;<\/strong>nesta prova, invista nos&nbsp;<a href=\"https:\/\/www.estrategiaconcursos.com.br\/cursosPorConcurso\/secretaria-da-fazenda-do-estado-de-minas-gerais-sefaz-mg\/\" target=\"_blank\" rel=\"noreferrer noopener\"><strong>cursos para a SEFAZ MG<\/strong><\/a>&nbsp;do&nbsp;<strong>Estrat\u00e9gia Concursos<\/strong>.&nbsp;L\u00e1 voc\u00ea encontrar\u00e1&nbsp;<strong>aulas completas e detalhadas, com os melhores professores do mercado<\/strong>,&nbsp;de todos os t\u00f3picos exigidos no edital deste concurso.<\/p>\n\n\n\n<p>Conhe\u00e7a tamb\u00e9m o&nbsp;<a href=\"https:\/\/questoes.estrategiaconcursos.com.br\/\" target=\"_blank\" rel=\"noreferrer noopener\">Sistema de Quest\u00f5es do Estrat\u00e9gia<\/a>. Afinal, a \u00fanica maneira de&nbsp;<strong>consolidar o conte\u00fado&nbsp;<\/strong>de maneira satisfat\u00f3ria \u00e9 atrav\u00e9s da&nbsp;<strong>resolu\u00e7\u00e3o de quest\u00f5es.<\/strong><\/p>\n\n\n\n<p>Bons estudos a todos!<\/p>\n\n\n\n<h2 class=\"has-text-align-center wp-block-heading\" id=\"cursos-assinatura\">Quer estudar para o concurso SEFAZ MG?<\/h2>\n\n\n\n<p>Prepare-se com o melhor material e com quem mais aprova em Concursos P\u00fablicos em todo o pa\u00eds!<\/p>\n\n\n\n<p class=\"has-text-align-center has-vivid-cyan-blue-color has-text-color has-background\" style=\"background-color:#0078bd\"><a href=\"https:\/\/www.estrategiaconcursos.com.br\/blog\/concursos-abertos\/\" target=\"_blank\" rel=\"noreferrer noopener\"><strong><span class=\"has-inline-color has-white-color\">Concursos abertos<\/span><\/strong><\/a><\/p>\n\n\n\n<p class=\"has-text-align-center has-vivid-cyan-blue-color has-text-color has-background\" style=\"background-color:#0072b4\"><strong><a href=\"https:\/\/www.estrategiaconcursos.com.br\/blog\/concursos-2022\/\" target=\"_blank\" rel=\"noreferrer noopener\"><span class=\"has-inline-color has-white-color\">Concursos 2022<\/span><\/a><\/strong><\/p>\n\n\n\n<div class=\"container\" id=\"boxes\">\n  <div class=\"row\">\n\n    <div class=\"col-sm\">\n      <div class=\"banner-fiscal-01\" id=\"box-assinatura\">\n        <h3 class=\"titulo-assinatura\">Concurso Sefaz MG<\/h3>\n        <p class=\"subtitulo-assinatura\">Estude conosco<\/p>\n        <div class=\"box-botao\">\n          <a class=\"btn-assinatura\" target=\"_blank\" href=\"https:\/\/www.estrategiaconcursos.com.br\/cursosPorConcurso\/secretaria-da-fazenda-do-estado-de-minas-gerais-sefaz-mg\/\" role=\"button\" rel=\"noopener noreferrer\">Conhe\u00e7a os cursos<\/a>\n        <\/div>\n      <\/div>\n      \n    <\/div>\n\n  <\/div>\n<\/div>\n\n\n\n<div class=\"container\" id=\"boxes\">\n  <div class=\"row\">\n\n    <div class=\"col-sm\">\n      <div class=\"estrategia\" id=\"box-assinatura\">\n        <h3 class=\"titulo-assinatura\">Assinatura Concursos<\/h3>\n        <p class=\"subtitulo-assinatura\">Assinatura de 1 ano ou 2 anos<\/p>\n        <div class=\"box-botao\">\n          <a class=\"btn-assinatura\" target=\"_blank\" href=\"https:\/\/www.estrategiaconcursos.com.br\/assinaturas\/\" role=\"button\" rel=\"noopener noreferrer\">ASSINE AGORA<\/a>\n        <\/div>\n      <\/div><\/div><\/div><\/div>\n","protected":false},"excerpt":{"rendered":"<p>Veja neste artigo uma an\u00e1lise sobre o Conselho de Contribuintes no Regulamento do Processo Tribut\u00e1rio Administrativo, no&nbsp;Decreto 44.747\/08, para o concurso da&nbsp;SEFAZ-MG. Ol\u00e1, pessoal! Como voc\u00eas est\u00e3o? Como est\u00e1 a sua prepara\u00e7\u00e3o para o&nbsp;concurso da&nbsp;SEFAZ MG? S\u00e3o&nbsp;incr\u00edveis&nbsp;431 vagas, para o cargo de&nbsp;Auditor Fiscal,&nbsp;com remunera\u00e7\u00e3o inicial podendo chegar a&nbsp;R$ 25.291,35.&nbsp; No artigo de hoje, vamos falar [&hellip;]<\/p>\n","protected":false},"author":1976,"featured_media":830251,"comment_status":"open","ping_status":"closed","sticky":false,"template":"","format":"standard","meta":{"post_tipo":"article","footnotes":""},"categories":[1,1983],"tags":[],"tax_estado":[219974],"class_list":["post-1058620","post","type-post","status-publish","format-standard","has-post-thumbnail","hentry","category-cursos-e-concursos","category-fiscal-estadual","tax_estado-mg"],"acf":[],"yoast_head":"<!-- This site is optimized with the Yoast SEO Premium plugin v27.2 (Yoast SEO v27.2) - https:\/\/yoast.com\/product\/yoast-seo-premium-wordpress\/ -->\n<title>SEFAZ-MG: Conselho Contribuintes no Processo Tribut\u00e1rio Administrativo<\/title>\n<meta name=\"description\" content=\"Veja aqui uma an\u00e1lise sobre o Conselho dos Contribuintes no\u00a0Regulamento do Processo Tribut\u00e1rio Administrativo, para o concurso da\u00a0SEFAZ-MG.\" \/>\n<meta name=\"robots\" content=\"index, follow, max-snippet:-1, max-image-preview:large, max-video-preview:-1\" \/>\n<link rel=\"canonical\" href=\"https:\/\/www.estrategiaconcursos.com.br\/blog\/sefaz-mg-processo-tributario-administrativo\/\" \/>\n<meta property=\"og:locale\" content=\"pt_BR\" \/>\n<meta property=\"og:type\" content=\"article\" \/>\n<meta property=\"og:title\" content=\"SEFAZ-MG: Conselho Contribuintes no Processo Tribut\u00e1rio Administrativo\" \/>\n<meta property=\"og:description\" content=\"Veja aqui uma an\u00e1lise sobre o Conselho dos Contribuintes no\u00a0Regulamento do Processo Tribut\u00e1rio Administrativo, para o concurso da\u00a0SEFAZ-MG.\" \/>\n<meta property=\"og:url\" content=\"https:\/\/www.estrategiaconcursos.com.br\/blog\/sefaz-mg-processo-tributario-administrativo\/\" \/>\n<meta property=\"og:site_name\" content=\"Estrat\u00e9gia Concursos\" \/>\n<meta property=\"article:published_time\" content=\"2022-08-02T13:31:00+00:00\" \/>\n<meta property=\"og:image\" content=\"https:\/\/dhg1h5j42swfq.cloudfront.net\/2021\/08\/06145532\/sefaz-mg-metodo-4-2-de-revisao-768x432-1.jpg\" \/>\n\t<meta property=\"og:image:width\" content=\"768\" \/>\n\t<meta property=\"og:image:height\" content=\"432\" \/>\n\t<meta property=\"og:image:type\" content=\"image\/jpeg\" \/>\n<meta name=\"author\" content=\"Kassio Henrique Sobral Rocha\" \/>\n<meta name=\"twitter:card\" content=\"summary_large_image\" \/>\n<meta name=\"twitter:creator\" content=\"@EstratConcursos\" \/>\n<meta name=\"twitter:site\" content=\"@EstratConcursos\" \/>\n<meta name=\"twitter:label1\" content=\"Escrito por\" \/>\n\t<meta name=\"twitter:data1\" content=\"Kassio Henrique Sobral Rocha\" \/>\n\t<meta name=\"twitter:label2\" content=\"Est. tempo de leitura\" \/>\n\t<meta name=\"twitter:data2\" content=\"9 minutos\" \/>\n<script type=\"application\/ld+json\" class=\"yoast-schema-graph\">{\"@context\":\"https:\/\/schema.org\",\"@graph\":[{\"@type\":\"NewsArticle\",\"@id\":\"https:\/\/www.estrategiaconcursos.com.br\/blog\/sefaz-mg-processo-tributario-administrativo\/#article\",\"isPartOf\":{\"@id\":\"https:\/\/www.estrategiaconcursos.com.br\/blog\/sefaz-mg-processo-tributario-administrativo\/\"},\"author\":{\"name\":\"Kassio Henrique Sobral Rocha\",\"@id\":\"https:\/\/www.estrategiaconcursos.com.br\/blog\/#\/schema\/person\/f0c830e07cfe11c231c0ea5dbb036df5\"},\"headline\":\"SEFAZ-MG: Conselho Contribuintes no Processo Tribut\u00e1rio Administrativo\",\"datePublished\":\"2022-08-02T13:31:00+00:00\",\"mainEntityOfPage\":{\"@id\":\"https:\/\/www.estrategiaconcursos.com.br\/blog\/sefaz-mg-processo-tributario-administrativo\/\"},\"wordCount\":1748,\"commentCount\":0,\"publisher\":{\"@id\":\"https:\/\/www.estrategiaconcursos.com.br\/blog\/#organization\"},\"image\":{\"@id\":\"https:\/\/www.estrategiaconcursos.com.br\/blog\/sefaz-mg-processo-tributario-administrativo\/#primaryimage\"},\"thumbnailUrl\":\"https:\/\/dhg1h5j42swfq.cloudfront.net\/2021\/08\/06145532\/sefaz-mg-metodo-4-2-de-revisao-768x432-1.jpg\",\"articleSection\":[\"Concursos P\u00fablicos\",\"Fiscal - Estadual (ICMS)\"],\"inLanguage\":\"pt-BR\",\"potentialAction\":[{\"@type\":\"CommentAction\",\"name\":\"Comment\",\"target\":[\"https:\/\/www.estrategiaconcursos.com.br\/blog\/sefaz-mg-processo-tributario-administrativo\/#respond\"]}],\"copyrightYear\":\"2022\",\"copyrightHolder\":{\"@id\":\"https:\/\/www.estrategiaconcursos.com.br\/blog\/#organization\"}},{\"@type\":\"WebPage\",\"@id\":\"https:\/\/www.estrategiaconcursos.com.br\/blog\/sefaz-mg-processo-tributario-administrativo\/\",\"url\":\"https:\/\/www.estrategiaconcursos.com.br\/blog\/sefaz-mg-processo-tributario-administrativo\/\",\"name\":\"SEFAZ-MG: Conselho Contribuintes no Processo Tribut\u00e1rio Administrativo\",\"isPartOf\":{\"@id\":\"https:\/\/www.estrategiaconcursos.com.br\/blog\/#website\"},\"primaryImageOfPage\":{\"@id\":\"https:\/\/www.estrategiaconcursos.com.br\/blog\/sefaz-mg-processo-tributario-administrativo\/#primaryimage\"},\"image\":{\"@id\":\"https:\/\/www.estrategiaconcursos.com.br\/blog\/sefaz-mg-processo-tributario-administrativo\/#primaryimage\"},\"thumbnailUrl\":\"https:\/\/dhg1h5j42swfq.cloudfront.net\/2021\/08\/06145532\/sefaz-mg-metodo-4-2-de-revisao-768x432-1.jpg\",\"datePublished\":\"2022-08-02T13:31:00+00:00\",\"description\":\"Veja aqui uma an\u00e1lise sobre o Conselho dos Contribuintes no\u00a0Regulamento do Processo Tribut\u00e1rio Administrativo, para o concurso da\u00a0SEFAZ-MG.\",\"breadcrumb\":{\"@id\":\"https:\/\/www.estrategiaconcursos.com.br\/blog\/sefaz-mg-processo-tributario-administrativo\/#breadcrumb\"},\"inLanguage\":\"pt-BR\",\"potentialAction\":[{\"@type\":\"ReadAction\",\"target\":[\"https:\/\/www.estrategiaconcursos.com.br\/blog\/sefaz-mg-processo-tributario-administrativo\/\"]}]},{\"@type\":\"ImageObject\",\"inLanguage\":\"pt-BR\",\"@id\":\"https:\/\/www.estrategiaconcursos.com.br\/blog\/sefaz-mg-processo-tributario-administrativo\/#primaryimage\",\"url\":\"https:\/\/dhg1h5j42swfq.cloudfront.net\/2021\/08\/06145532\/sefaz-mg-metodo-4-2-de-revisao-768x432-1.jpg\",\"contentUrl\":\"https:\/\/dhg1h5j42swfq.cloudfront.net\/2021\/08\/06145532\/sefaz-mg-metodo-4-2-de-revisao-768x432-1.jpg\",\"width\":768,\"height\":432,\"caption\":\"SEFAZ MG: Resumo do Decreto do ITCD \u2013 Fato Gerador\"},{\"@type\":\"BreadcrumbList\",\"@id\":\"https:\/\/www.estrategiaconcursos.com.br\/blog\/sefaz-mg-processo-tributario-administrativo\/#breadcrumb\",\"itemListElement\":[{\"@type\":\"ListItem\",\"position\":1,\"name\":\"In\u00edcio\",\"item\":\"https:\/\/www.estrategiaconcursos.com.br\/blog\/\"},{\"@type\":\"ListItem\",\"position\":2,\"name\":\"SEFAZ-MG: Conselho Contribuintes no Processo Tribut\u00e1rio Administrativo\"}]},{\"@type\":\"WebSite\",\"@id\":\"https:\/\/www.estrategiaconcursos.com.br\/blog\/#website\",\"url\":\"https:\/\/www.estrategiaconcursos.com.br\/blog\/\",\"name\":\"Estrat\u00e9gia Concursos\",\"description\":\"O blog da Estrat\u00e9gia Concursos traz not\u00edcias sobre concursos e artigos de professores oferecendo cursos para concursos (pdf + videaulas) no site.\",\"publisher\":{\"@id\":\"https:\/\/www.estrategiaconcursos.com.br\/blog\/#organization\"},\"potentialAction\":[{\"@type\":\"SearchAction\",\"target\":{\"@type\":\"EntryPoint\",\"urlTemplate\":\"https:\/\/www.estrategiaconcursos.com.br\/blog\/?s={search_term_string}\"},\"query-input\":{\"@type\":\"PropertyValueSpecification\",\"valueRequired\":true,\"valueName\":\"search_term_string\"}}],\"inLanguage\":\"pt-BR\"},{\"@type\":\"Organization\",\"@id\":\"https:\/\/www.estrategiaconcursos.com.br\/blog\/#organization\",\"name\":\"Estrat\u00e9gia Concursos\",\"url\":\"https:\/\/www.estrategiaconcursos.com.br\/blog\/\",\"logo\":{\"@type\":\"ImageObject\",\"inLanguage\":\"pt-BR\",\"@id\":\"https:\/\/www.estrategiaconcursos.com.br\/blog\/#\/schema\/logo\/image\/\",\"url\":\"https:\/\/dhg1h5j42swfq.cloudfront.net\/2025\/06\/03203428\/logo_concursos-1.jpg\",\"contentUrl\":\"https:\/\/dhg1h5j42swfq.cloudfront.net\/2025\/06\/03203428\/logo_concursos-1.jpg\",\"width\":230,\"height\":60,\"caption\":\"Estrat\u00e9gia Concursos\"},\"image\":{\"@id\":\"https:\/\/www.estrategiaconcursos.com.br\/blog\/#\/schema\/logo\/image\/\"},\"sameAs\":[\"https:\/\/x.com\/EstratConcursos\"]},{\"@type\":\"Person\",\"@id\":\"https:\/\/www.estrategiaconcursos.com.br\/blog\/#\/schema\/person\/f0c830e07cfe11c231c0ea5dbb036df5\",\"name\":\"Kassio Henrique Sobral Rocha\",\"image\":{\"@type\":\"ImageObject\",\"inLanguage\":\"pt-BR\",\"@id\":\"https:\/\/secure.gravatar.com\/avatar\/d10350cbdad043facd8ec77a377f86f9026afee3348e463b04854fd4490ce759?s=96&d=mm&r=g\",\"url\":\"https:\/\/secure.gravatar.com\/avatar\/d10350cbdad043facd8ec77a377f86f9026afee3348e463b04854fd4490ce759?s=96&d=mm&r=g\",\"contentUrl\":\"https:\/\/secure.gravatar.com\/avatar\/d10350cbdad043facd8ec77a377f86f9026afee3348e463b04854fd4490ce759?s=96&d=mm&r=g\",\"caption\":\"Kassio Henrique Sobral Rocha\"},\"url\":\"https:\/\/www.estrategiaconcursos.com.br\/blog\/author\/kassio-rochayahoo-com-br\/\"}]}<\/script>\n<!-- \/ Yoast SEO Premium plugin. -->","yoast_head_json":{"title":"SEFAZ-MG: Conselho Contribuintes no Processo Tribut\u00e1rio Administrativo","description":"Veja aqui uma an\u00e1lise sobre o Conselho dos Contribuintes no\u00a0Regulamento do Processo Tribut\u00e1rio Administrativo, para o concurso da\u00a0SEFAZ-MG.","robots":{"index":"index","follow":"follow","max-snippet":"max-snippet:-1","max-image-preview":"max-image-preview:large","max-video-preview":"max-video-preview:-1"},"canonical":"https:\/\/www.estrategiaconcursos.com.br\/blog\/sefaz-mg-processo-tributario-administrativo\/","og_locale":"pt_BR","og_type":"article","og_title":"SEFAZ-MG: Conselho Contribuintes no Processo Tribut\u00e1rio Administrativo","og_description":"Veja aqui uma an\u00e1lise sobre o Conselho dos Contribuintes no\u00a0Regulamento do Processo Tribut\u00e1rio Administrativo, para o concurso da\u00a0SEFAZ-MG.","og_url":"https:\/\/www.estrategiaconcursos.com.br\/blog\/sefaz-mg-processo-tributario-administrativo\/","og_site_name":"Estrat\u00e9gia Concursos","article_published_time":"2022-08-02T13:31:00+00:00","og_image":[{"width":768,"height":432,"url":"https:\/\/dhg1h5j42swfq.cloudfront.net\/2021\/08\/06145532\/sefaz-mg-metodo-4-2-de-revisao-768x432-1.jpg","type":"image\/jpeg"}],"author":"Kassio Henrique Sobral Rocha","twitter_card":"summary_large_image","twitter_creator":"@EstratConcursos","twitter_site":"@EstratConcursos","twitter_misc":{"Escrito por":"Kassio Henrique Sobral Rocha","Est. tempo de leitura":"9 minutos"},"schema":{"@context":"https:\/\/schema.org","@graph":[{"@type":"NewsArticle","@id":"https:\/\/www.estrategiaconcursos.com.br\/blog\/sefaz-mg-processo-tributario-administrativo\/#article","isPartOf":{"@id":"https:\/\/www.estrategiaconcursos.com.br\/blog\/sefaz-mg-processo-tributario-administrativo\/"},"author":{"name":"Kassio Henrique Sobral Rocha","@id":"https:\/\/www.estrategiaconcursos.com.br\/blog\/#\/schema\/person\/f0c830e07cfe11c231c0ea5dbb036df5"},"headline":"SEFAZ-MG: Conselho Contribuintes no Processo Tribut\u00e1rio Administrativo","datePublished":"2022-08-02T13:31:00+00:00","mainEntityOfPage":{"@id":"https:\/\/www.estrategiaconcursos.com.br\/blog\/sefaz-mg-processo-tributario-administrativo\/"},"wordCount":1748,"commentCount":0,"publisher":{"@id":"https:\/\/www.estrategiaconcursos.com.br\/blog\/#organization"},"image":{"@id":"https:\/\/www.estrategiaconcursos.com.br\/blog\/sefaz-mg-processo-tributario-administrativo\/#primaryimage"},"thumbnailUrl":"https:\/\/dhg1h5j42swfq.cloudfront.net\/2021\/08\/06145532\/sefaz-mg-metodo-4-2-de-revisao-768x432-1.jpg","articleSection":["Concursos P\u00fablicos","Fiscal - Estadual (ICMS)"],"inLanguage":"pt-BR","potentialAction":[{"@type":"CommentAction","name":"Comment","target":["https:\/\/www.estrategiaconcursos.com.br\/blog\/sefaz-mg-processo-tributario-administrativo\/#respond"]}],"copyrightYear":"2022","copyrightHolder":{"@id":"https:\/\/www.estrategiaconcursos.com.br\/blog\/#organization"}},{"@type":"WebPage","@id":"https:\/\/www.estrategiaconcursos.com.br\/blog\/sefaz-mg-processo-tributario-administrativo\/","url":"https:\/\/www.estrategiaconcursos.com.br\/blog\/sefaz-mg-processo-tributario-administrativo\/","name":"SEFAZ-MG: Conselho Contribuintes no Processo Tribut\u00e1rio Administrativo","isPartOf":{"@id":"https:\/\/www.estrategiaconcursos.com.br\/blog\/#website"},"primaryImageOfPage":{"@id":"https:\/\/www.estrategiaconcursos.com.br\/blog\/sefaz-mg-processo-tributario-administrativo\/#primaryimage"},"image":{"@id":"https:\/\/www.estrategiaconcursos.com.br\/blog\/sefaz-mg-processo-tributario-administrativo\/#primaryimage"},"thumbnailUrl":"https:\/\/dhg1h5j42swfq.cloudfront.net\/2021\/08\/06145532\/sefaz-mg-metodo-4-2-de-revisao-768x432-1.jpg","datePublished":"2022-08-02T13:31:00+00:00","description":"Veja aqui uma an\u00e1lise sobre o Conselho dos Contribuintes no\u00a0Regulamento do Processo Tribut\u00e1rio Administrativo, para o concurso da\u00a0SEFAZ-MG.","breadcrumb":{"@id":"https:\/\/www.estrategiaconcursos.com.br\/blog\/sefaz-mg-processo-tributario-administrativo\/#breadcrumb"},"inLanguage":"pt-BR","potentialAction":[{"@type":"ReadAction","target":["https:\/\/www.estrategiaconcursos.com.br\/blog\/sefaz-mg-processo-tributario-administrativo\/"]}]},{"@type":"ImageObject","inLanguage":"pt-BR","@id":"https:\/\/www.estrategiaconcursos.com.br\/blog\/sefaz-mg-processo-tributario-administrativo\/#primaryimage","url":"https:\/\/dhg1h5j42swfq.cloudfront.net\/2021\/08\/06145532\/sefaz-mg-metodo-4-2-de-revisao-768x432-1.jpg","contentUrl":"https:\/\/dhg1h5j42swfq.cloudfront.net\/2021\/08\/06145532\/sefaz-mg-metodo-4-2-de-revisao-768x432-1.jpg","width":768,"height":432,"caption":"SEFAZ MG: Resumo do Decreto do ITCD \u2013 Fato Gerador"},{"@type":"BreadcrumbList","@id":"https:\/\/www.estrategiaconcursos.com.br\/blog\/sefaz-mg-processo-tributario-administrativo\/#breadcrumb","itemListElement":[{"@type":"ListItem","position":1,"name":"In\u00edcio","item":"https:\/\/www.estrategiaconcursos.com.br\/blog\/"},{"@type":"ListItem","position":2,"name":"SEFAZ-MG: Conselho Contribuintes no Processo Tribut\u00e1rio Administrativo"}]},{"@type":"WebSite","@id":"https:\/\/www.estrategiaconcursos.com.br\/blog\/#website","url":"https:\/\/www.estrategiaconcursos.com.br\/blog\/","name":"Estrat\u00e9gia Concursos","description":"O blog da Estrat\u00e9gia Concursos traz not\u00edcias sobre concursos e artigos de professores oferecendo cursos para concursos (pdf + videaulas) no site.","publisher":{"@id":"https:\/\/www.estrategiaconcursos.com.br\/blog\/#organization"},"potentialAction":[{"@type":"SearchAction","target":{"@type":"EntryPoint","urlTemplate":"https:\/\/www.estrategiaconcursos.com.br\/blog\/?s={search_term_string}"},"query-input":{"@type":"PropertyValueSpecification","valueRequired":true,"valueName":"search_term_string"}}],"inLanguage":"pt-BR"},{"@type":"Organization","@id":"https:\/\/www.estrategiaconcursos.com.br\/blog\/#organization","name":"Estrat\u00e9gia Concursos","url":"https:\/\/www.estrategiaconcursos.com.br\/blog\/","logo":{"@type":"ImageObject","inLanguage":"pt-BR","@id":"https:\/\/www.estrategiaconcursos.com.br\/blog\/#\/schema\/logo\/image\/","url":"https:\/\/dhg1h5j42swfq.cloudfront.net\/2025\/06\/03203428\/logo_concursos-1.jpg","contentUrl":"https:\/\/dhg1h5j42swfq.cloudfront.net\/2025\/06\/03203428\/logo_concursos-1.jpg","width":230,"height":60,"caption":"Estrat\u00e9gia Concursos"},"image":{"@id":"https:\/\/www.estrategiaconcursos.com.br\/blog\/#\/schema\/logo\/image\/"},"sameAs":["https:\/\/x.com\/EstratConcursos"]},{"@type":"Person","@id":"https:\/\/www.estrategiaconcursos.com.br\/blog\/#\/schema\/person\/f0c830e07cfe11c231c0ea5dbb036df5","name":"Kassio Henrique Sobral Rocha","image":{"@type":"ImageObject","inLanguage":"pt-BR","@id":"https:\/\/secure.gravatar.com\/avatar\/d10350cbdad043facd8ec77a377f86f9026afee3348e463b04854fd4490ce759?s=96&d=mm&r=g","url":"https:\/\/secure.gravatar.com\/avatar\/d10350cbdad043facd8ec77a377f86f9026afee3348e463b04854fd4490ce759?s=96&d=mm&r=g","contentUrl":"https:\/\/secure.gravatar.com\/avatar\/d10350cbdad043facd8ec77a377f86f9026afee3348e463b04854fd4490ce759?s=96&d=mm&r=g","caption":"Kassio Henrique Sobral Rocha"},"url":"https:\/\/www.estrategiaconcursos.com.br\/blog\/author\/kassio-rochayahoo-com-br\/"}]}},"_links":{"self":[{"href":"https:\/\/www.estrategiaconcursos.com.br\/blog\/wp-json\/wp\/v2\/posts\/1058620","targetHints":{"allow":["GET"]}}],"collection":[{"href":"https:\/\/www.estrategiaconcursos.com.br\/blog\/wp-json\/wp\/v2\/posts"}],"about":[{"href":"https:\/\/www.estrategiaconcursos.com.br\/blog\/wp-json\/wp\/v2\/types\/post"}],"author":[{"embeddable":true,"href":"https:\/\/www.estrategiaconcursos.com.br\/blog\/wp-json\/wp\/v2\/users\/1976"}],"replies":[{"embeddable":true,"href":"https:\/\/www.estrategiaconcursos.com.br\/blog\/wp-json\/wp\/v2\/comments?post=1058620"}],"version-history":[{"count":27,"href":"https:\/\/www.estrategiaconcursos.com.br\/blog\/wp-json\/wp\/v2\/posts\/1058620\/revisions"}],"predecessor-version":[{"id":1062736,"href":"https:\/\/www.estrategiaconcursos.com.br\/blog\/wp-json\/wp\/v2\/posts\/1058620\/revisions\/1062736"}],"wp:featuredmedia":[{"embeddable":true,"href":"https:\/\/www.estrategiaconcursos.com.br\/blog\/wp-json\/wp\/v2\/media\/830251"}],"wp:attachment":[{"href":"https:\/\/www.estrategiaconcursos.com.br\/blog\/wp-json\/wp\/v2\/media?parent=1058620"}],"wp:term":[{"taxonomy":"category","embeddable":true,"href":"https:\/\/www.estrategiaconcursos.com.br\/blog\/wp-json\/wp\/v2\/categories?post=1058620"},{"taxonomy":"post_tag","embeddable":true,"href":"https:\/\/www.estrategiaconcursos.com.br\/blog\/wp-json\/wp\/v2\/tags?post=1058620"},{"taxonomy":"tax_estado","embeddable":true,"href":"https:\/\/www.estrategiaconcursos.com.br\/blog\/wp-json\/wp\/v2\/tax_estado?post=1058620"}],"curies":[{"name":"wp","href":"https:\/\/api.w.org\/{rel}","templated":true}]}}