{"id":1058593,"date":"2022-07-31T18:33:00","date_gmt":"2022-07-31T21:33:00","guid":{"rendered":"https:\/\/www.estrategiaconcursos.com.br\/blog\/?p=1058593"},"modified":"2022-07-18T11:32:56","modified_gmt":"2022-07-18T14:32:56","slug":"processo-tributario-administrativo-sefaz-mg","status":"publish","type":"post","link":"https:\/\/www.estrategiaconcursos.com.br\/blog\/processo-tributario-administrativo-sefaz-mg\/","title":{"rendered":"SEFAZ-MG: Disposi\u00e7\u00f5es Gerais do Processo Tribut\u00e1rio Administrativo"},"content":{"rendered":"\n<p>Confira neste artigo uma an\u00e1lise sobre as <strong>Disposi\u00e7\u00f5es Gerais<\/strong> do <strong><mark style=\"background-color:rgba(0, 0, 0, 0)\" class=\"has-inline-color has-vivid-cyan-blue-color\">Regulamento do Processo e dos Procedimentos Tribut\u00e1rios Administrativos (RPTA)<\/mark><\/strong>, no <strong>Decreto 44.747\/08<\/strong>, para o concurso da&nbsp;<strong><a href=\"https:\/\/www.estrategiaconcursos.com.br\/cursosPorConcurso\/secretaria-da-fazenda-do-estado-de-minas-gerais-sefaz-mg\/\" target=\"_blank\" rel=\"noreferrer noopener\">SEFAZ-MG<\/a><\/strong>.<\/p>\n\n\n\n<div class=\"wp-block-image\"><figure class=\"aligncenter size-full is-resized\"><img loading=\"lazy\" decoding=\"async\" src=\"https:\/\/dhg1h5j42swfq.cloudfront.net\/2022\/07\/05164031\/sefaz-mg.jpg\" alt=\"SEFAZ-MG: Disposi\u00e7\u00f5es Gerais do Processo Tribut\u00e1rio Administrativo\" class=\"wp-image-1055804\" width=\"553\" height=\"311\" srcset=\"https:\/\/dhg1h5j42swfq.cloudfront.net\/2022\/07\/05164031\/sefaz-mg.jpg 768w, https:\/\/dhg1h5j42swfq.cloudfront.net\/2022\/07\/05164031\/sefaz-mg-300x169.jpg 300w, https:\/\/dhg1h5j42swfq.cloudfront.net\/2022\/07\/05164031\/sefaz-mg-610x343.jpg 610w, https:\/\/dhg1h5j42swfq.cloudfront.net\/2022\/07\/05164031\/sefaz-mg-150x84.jpg 150w\" sizes=\"auto, (max-width: 553px) 100vw, 553px\" \/><figcaption>SEFAZ-MG: Disposi\u00e7\u00f5es Gerais do Processo Tribut\u00e1rio Administrativo<\/figcaption><\/figure><\/div>\n\n\n\n<p>Ol\u00e1, pessoal! Tudo bem com voc\u00eas?<\/p>\n\n\n\n<p>O&nbsp;<strong><a href=\"https:\/\/www.estrategiaconcursos.com.br\/blog\/concurso-sefaz-mg\/\" target=\"_blank\" rel=\"noreferrer noopener\">concurso da&nbsp;SEFAZ MG<\/a><\/strong>&nbsp;teve o seu&nbsp;<strong><a href=\"https:\/\/dhg1h5j42swfq.cloudfront.net\/2022\/06\/30203729\/caderno12_2022-06-30-1_2.pdf\" target=\"_blank\" rel=\"noreferrer noopener\">edital<\/a><\/strong>&nbsp;publicado. S\u00e3o<strong>&nbsp;<\/strong>incr\u00edveis&nbsp;<strong>431 vagas<\/strong>, para o cargo de<strong>&nbsp;Auditor Fiscal,&nbsp;<\/strong>com remunera\u00e7\u00e3o inicial podendo chegar a&nbsp;<strong>R$ 25.291,35.<\/strong>&nbsp;Este \u00e9 o&nbsp;<strong><mark style=\"background-color:rgba(0, 0, 0, 0)\" class=\"has-inline-color has-vivid-cyan-blue-color\">maior concurso fiscal dos \u00faltimos anos<\/mark><\/strong>.<\/p>\n\n\n\n<p>Dessa maneira, no artigo de hoje, vamos falar sobre as <strong>Disposi\u00e7\u00f5es Gerais<\/strong> do <strong><mark style=\"background-color:rgba(0, 0, 0, 0)\" class=\"has-inline-color has-vivid-cyan-blue-color\">Regulamento do Processo e dos Procedimentos Tribut\u00e1rios Administrativos (RPTA)<\/mark><\/strong>, no <strong>Decreto 44.747\/08<\/strong>,<strong>&nbsp;<\/strong>para a SEFAZ-MG.<\/p>\n\n\n\n<p>Como o tema do RPTA \u00e9 extenso, iremos&nbsp;<strong>dividir&nbsp;<\/strong>a an\u00e1lise deste imposto em&nbsp;<strong>alguns artigos.<\/strong>&nbsp;Voc\u00ea j\u00e1 pode conferir o artigo sobre o <a href=\"https:\/\/www.estrategiaconcursos.com.br\/blog\/processo-tributario-administrativo-sefaz-mg\" target=\"_blank\" rel=\"noreferrer noopener\"><strong>Contencioso Administrativo Fiscal<\/strong><\/a> e o <strong><a href=\"https:\/\/www.estrategiaconcursos.com.br\/blog\/sefaz-mg-processo-tributario-administrativo\" target=\"_blank\" rel=\"noreferrer noopener\">Conselho de Contribuintes<\/a><\/strong>, no nosso&nbsp;<strong><a href=\"https:\/\/www.estrategiaconcursos.com.br\/blog\/author\/kassio-rochayahoo-com-br\/\" target=\"_blank\" rel=\"noreferrer noopener\">blog<\/a><\/strong>.<\/p>\n\n\n\n<p>Preparados? Ent\u00e3o vamos l\u00e1!<\/p>\n\n\n\n<div class=\"container\" id=\"boxes\">\n  <div class=\"row\">\n\n    <div class=\"col-sm\">\n      <div class=\"banner-fiscal-01\" id=\"box-assinatura\">\n        <h3 class=\"titulo-assinatura\">Concurso Sefaz MG<\/h3>\n        <p class=\"subtitulo-assinatura\">Estude conosco<\/p>\n        <div class=\"box-botao\">\n          <a class=\"btn-assinatura\" target=\"_blank\" href=\"https:\/\/www.estrategiaconcursos.com.br\/cursosPorConcurso\/secretaria-da-fazenda-do-estado-de-minas-gerais-sefaz-mg\/\" role=\"button\" rel=\"noopener noreferrer\">Conhe\u00e7a os cursos<\/a>\n        <\/div>\n      <\/div>\n      \n    <\/div>\n\n  <\/div>\n<\/div>\n\n\n\n<h2 class=\"wp-block-heading\" id=\"h-o-processo-tributario-administrativo-para-sefaz-mg\"><mark style=\"background-color:rgba(0, 0, 0, 0)\" class=\"has-inline-color has-vivid-cyan-blue-color\">O Processo Tribut\u00e1rio Administrativo para SEFAZ-MG<\/mark><\/h2>\n\n\n\n<p>O <strong>Processo Tribut\u00e1rio Administrativo (PTA), <\/strong>em Minas Gerais, pode ser constitu\u00eddo durante as <strong>rela\u00e7\u00f5es tribut\u00e1rias<\/strong> entre os <strong>contribuintes<\/strong> (sujeito passivo)<strong> <\/strong>e o <strong>ente tributante<\/strong> (sujeito ativo).<\/p>\n\n\n\n<p>Desse modo, <strong><mark style=\"background-color:rgba(0, 0, 0, 0)\" class=\"has-inline-color has-vivid-cyan-blue-color\">ser\u00e3o autuados em forma de Processo Tribut\u00e1rio Administrativo (PTA):<\/mark><\/strong><\/p>\n\n\n\n<ul class=\"wp-block-list\"><li>a <strong>formaliza\u00e7\u00e3o <\/strong>de cr\u00e9dito tribut\u00e1rio;<\/li><li>o <strong>pedido <\/strong>de <strong>reconhecimento de isen\u00e7\u00e3o<\/strong> concedida em car\u00e1ter individual;<\/li><li>o <strong>pedido de restitui\u00e7\u00e3o<\/strong> de ind\u00e9bito tribut\u00e1rio, exceto em se tratando de devolu\u00e7\u00e3o por iniciativa da Secretaria de Estado de Fazenda;<\/li><li>a formula\u00e7\u00e3o de <strong>consulta <\/strong>sobre aplica\u00e7\u00e3o da legisla\u00e7\u00e3o tribut\u00e1ria;<\/li><li>o pedido de <strong>regime especial<\/strong> de car\u00e1ter individual;<\/li><li>a <strong>avalia\u00e7\u00e3o <\/strong>para fins de c\u00e1lculo do Imposto sobre a Transmiss\u00e3o Causa Mortis e Doa\u00e7\u00e3o de Quaisquer Bens ou Direitos (<strong>ITCD<\/strong>).<\/li><\/ul>\n\n\n\n<p><strong><mark style=\"background-color:rgba(0, 0, 0, 0)\" class=\"has-inline-color has-vivid-red-color\">A SABER:<\/mark><\/strong> O PTA pode ser constitu\u00eddo tanto em meio <strong><mark style=\"background-color:rgba(0, 0, 0, 0)\" class=\"has-inline-color has-vivid-cyan-blue-color\">f\u00edsico<\/mark><\/strong>, quanto em meio <strong><mark style=\"background-color:rgba(0, 0, 0, 0)\" class=\"has-inline-color has-vivid-cyan-blue-color\">eletr\u00f4nico <\/mark>(e-PTA)<\/strong>.<\/p>\n\n\n\n<p>Em rela\u00e7\u00e3o ao<strong> e-PTA<\/strong>, o documento transmitido por meio <strong>eletr\u00f4nico<\/strong>, pelo sujeito passivo ou pelo interessado, para a Secretaria de Estado de Fazenda, \u00e9 considerado <strong>verdadeiro <\/strong>para todos os efeitos legais, com autoria, autenticidade e integridade reconhecidas, sendo que a entrega de documento somente se dar\u00e1 por meio do <strong>SIARE <\/strong>(Sistema Integrado de Administra\u00e7\u00e3o da Receita Estadual).<\/p>\n\n\n\n<p>Por sua vez, em se tratando de <strong>PTA <\/strong>em <strong>meio f\u00edsico<\/strong>, o processo ser\u00e1 <strong>autuado <\/strong>na reparti\u00e7\u00e3o fazend\u00e1ria competente. Contudo, neste caso, \u00e9 tamb\u00e9m <strong>admitida <\/strong>a entrega de documento por servi\u00e7o de <strong>correio eletr\u00f4nico<\/strong>, desde que o <strong>valor <\/strong>atualizado do <strong>cr\u00e9dito <\/strong>seja equivalente ou <strong>inferior<\/strong> aos seguintes <strong>limites <\/strong>expressos em Unidades Fiscais do Estado de Minas Gerais (<strong>Ufemg<\/strong>):<\/p>\n\n\n\n<ul class=\"wp-block-list\"><li><strong>59.000<\/strong>, para o cr\u00e9dito tribut\u00e1rio relativo ao <strong>ICMS<\/strong>;<\/li><li><strong>20.000<\/strong>, para o cr\u00e9dito tribut\u00e1rio relativo ao <strong>IPVA <\/strong>ou para o cr\u00e9dito tribut\u00e1rio relativo ao <strong>ITCD<\/strong>;<\/li><li><strong>10.000<\/strong>, para o cr\u00e9dito tribut\u00e1rio relativo \u00e0 <strong>taxa estadual.<\/strong><\/li><\/ul>\n\n\n\n<h2 class=\"wp-block-heading\" id=\"h-intimacoes-no-pta\"><mark style=\"background-color:rgba(0, 0, 0, 0)\" class=\"has-inline-color has-vivid-cyan-blue-color\">Intima\u00e7\u00f5es no PTA<\/mark><\/h2>\n\n\n\n<p>Durante a tramita\u00e7\u00e3o do PTA, pode ser necess\u00e1rio realizar <strong>intima\u00e7\u00f5es <\/strong>aos interessados dos atos decorrentes do Processo Tribut\u00e1rio Administrativo.<\/p>\n\n\n\n<p>Tais intima\u00e7\u00f5es poder\u00e3o ser realizadas <strong>pessoalmente<\/strong>, por via <strong>postal <\/strong>com aviso de recebimento, pelo <strong>Domic\u00edlio Tribut\u00e1rio Eletr\u00f4nico<\/strong> ou por meio de <strong>publica\u00e7\u00e3o no \u00f3rg\u00e3o oficial<\/strong> dos Poderes do Estado ou no Di\u00e1rio Eletr\u00f4nico da Secretaria de Estado de Fazenda.<\/p>\n\n\n\n<p><strong><mark style=\"background-color:rgba(0, 0, 0, 0)\" class=\"has-inline-color has-vivid-red-color\">A SABER:<\/mark><\/strong> A <strong>intima\u00e7\u00e3o <\/strong>realizada pela <strong><mark style=\"background-color:rgba(0, 0, 0, 0)\" class=\"has-inline-color has-vivid-cyan-blue-color\">publica\u00e7\u00e3o em \u00f3rg\u00e3o oficial<\/mark><\/strong> ser\u00e1 realizada quando o <strong>destinat\u00e1rio <\/strong>se encontrar em local <strong>ignorado<\/strong>, <strong>incerto <\/strong>ou <strong>inacess\u00edvel <\/strong>ou <strong>ausente <\/strong>do territ\u00f3rio do Estado e n\u00e3o tiver sido intimado em seu domic\u00edlio eletr\u00f4nico, ou quando <strong>n\u00e3o for poss\u00edvel <\/strong>a intima\u00e7\u00e3o por via <strong>postal<\/strong>.<\/p>\n\n\n\n<p>Importante salientar ainda que as <strong>intima\u00e7\u00f5es <\/strong>dos atos do PTA ser\u00e3o consideradas <strong>efetivadas<\/strong>:<\/p>\n\n\n\n<ul class=\"wp-block-list\"><li>em se tratando de <strong>intima\u00e7\u00e3o pessoal<\/strong>, na<strong><mark style=\"background-color:rgba(0, 0, 0, 0)\" class=\"has-inline-color has-vivid-cyan-blue-color\"> data do recebimento<\/mark><\/strong> do respectivo documento;<\/li><li>em se tratando de intima\u00e7\u00e3o por <strong>via postal com aviso de recebimento<\/strong>:<ul><li>na<strong> <mark style=\"background-color:rgba(0, 0, 0, 0)\" class=\"has-inline-color has-vivid-cyan-blue-color\">data do recebimento<\/mark> <\/strong>do documento, por qualquer pessoa, no domic\u00edlio fiscal do interessado, ou no escrit\u00f3rio de seu representante legal ou mandat\u00e1rio com poderes especiais, ou no escrit\u00f3rio de contabilidade autorizado a manter a guarda dos livros e documentos fiscais;<\/li><\/ul><ul><li><strong><mark style=\"background-color:rgba(0, 0, 0, 0)\" class=\"has-inline-color has-vivid-cyan-blue-color\">10 dias ap\u00f3s a postagem<\/mark><\/strong> do documento, caso no <strong>recibo n\u00e3o conste a assinatura<\/strong> ou a data de seu recebimento;<\/li><\/ul><\/li><li>em se tratando de intima\u00e7\u00e3o por meio de <strong>publica\u00e7\u00e3o no \u00f3rg\u00e3o oficial<\/strong>, na <strong><mark style=\"background-color:rgba(0, 0, 0, 0)\" class=\"has-inline-color has-vivid-cyan-blue-color\">data de sua publica\u00e7\u00e3o<\/mark><\/strong>;<\/li><li>em se tratando de intima\u00e7\u00e3o por meio de <strong>publica\u00e7\u00e3o no Di\u00e1rio Eletr\u00f4nico <\/strong>da Secretaria de Estado de Fazenda, na<strong><mark style=\"background-color:rgba(0, 0, 0, 0)\" class=\"has-inline-color has-vivid-cyan-blue-color\"> data de sua publica\u00e7\u00e3o<\/mark><\/strong>, considerada como o 1\u00ba dia \u00fatil seguinte ao da disponibiliza\u00e7\u00e3o da informa\u00e7\u00e3o no Di\u00e1rio Eletr\u00f4nico;<\/li><li>em se tratando de intima\u00e7\u00e3o por meio de<strong> Domic\u00edlio Tribut\u00e1rio Eletr\u00f4nico<\/strong>, na data em que o contribuinte ou o interessado <strong><mark style=\"background-color:rgba(0, 0, 0, 0)\" class=\"has-inline-color has-vivid-cyan-blue-color\">acessar <\/mark><\/strong>eletronicamente o seu teor. Tal acesso eletr\u00f4nico dever\u00e1 ser feito <strong>em at\u00e9 10 dias corridos<\/strong> contados do envio da intima\u00e7\u00e3o, sob pena de considerar-se a intima\u00e7\u00e3o realizada na data do t\u00e9rmino desse prazo.<\/li><\/ul>\n\n\n\n<h2 class=\"wp-block-heading\" id=\"h-domicilio-eletronico-tributario-dt-e\"><mark style=\"background-color:rgba(0, 0, 0, 0)\" class=\"has-inline-color has-vivid-cyan-blue-color\">Domic\u00edlio Eletr\u00f4nico Tribut\u00e1rio (DT-e)<\/mark><\/h2>\n\n\n\n<p>O <strong>Domic\u00edlio Tribut\u00e1rio Eletr\u00f4nico (DT-e)<\/strong> \u00e9 o <strong>portal <\/strong>de servi\u00e7os e <strong>comunica\u00e7\u00f5es <\/strong>eletr\u00f4nicas da Secretaria de Estado de Fazenda, dispon\u00edvel na internet, que tem por <strong><mark style=\"background-color:rgba(0, 0, 0, 0)\" class=\"has-inline-color has-vivid-cyan-blue-color\">finalidade<\/mark><\/strong>:<\/p>\n\n\n\n<ul class=\"wp-block-list\"><li><strong>cientificar o contribuinte<\/strong> ou interessado sobre quaisquer atos administrativos, procedimentos e a\u00e7\u00f5es fiscais;<\/li><li><strong>encaminhar<\/strong> <strong>notifica\u00e7\u00f5es<\/strong> e <strong>intima\u00e7\u00f5es<\/strong>;<\/li><li>expedir <strong>avisos em geral<\/strong>.<\/li><\/ul>\n\n\n\n<p>Al\u00e9m disso, as comunica\u00e7\u00f5es via DT-e <strong>alcan\u00e7am<\/strong>, inclusive, os atos relativos ao Conselho de Contribuintes que <strong>n\u00e3o <\/strong>possuam car\u00e1ter p\u00fablico, as <strong>consultas <\/strong>de contribuintes e os <strong>regimes especiais<\/strong>.<\/p>\n\n\n\n<p>Vale salientar que, para a utiliza\u00e7\u00e3o de comunica\u00e7\u00e3o eletr\u00f4nica por meio deste domic\u00edlio eletr\u00f4nico tribut\u00e1rio, o contribuinte dever\u00e1 estar <strong><mark style=\"background-color:rgba(0, 0, 0, 0)\" class=\"has-inline-color has-vivid-cyan-blue-color\">previamente credenciado<\/mark><\/strong> perante a Secretaria de Estado de Fazenda.<\/p>\n\n\n\n<p>Contudo, h\u00e1 determinadas pessoas que s\u00e3o <strong><mark style=\"background-color:rgba(0, 0, 0, 0)\" class=\"has-inline-color has-vivid-cyan-blue-color\">obrigadas <\/mark><\/strong>a realizar este <strong>credenciamento<\/strong>, como:<\/p>\n\n\n\n<ul class=\"wp-block-list\"><li>o <strong>contribuinte inscrito <\/strong>no Cadastro de Contribuintes do ICMS enquadrado no regime de recolhimento de D\u00e9bito e Cr\u00e9dito;<\/li><li>o <strong>respons\u00e1vel <\/strong>por <strong>substitui\u00e7\u00e3o tribut\u00e1ria<\/strong> domiciliado em <strong>outra unidade da Federa\u00e7\u00e3o<\/strong> e <strong>inscrito <\/strong>no Cadastro de Contribuintes do ICMS de <strong>Minas Gerais<\/strong>;<\/li><li><strong>microempresa ou empresa de pequeno porte <\/strong>que seja emitente de documento fiscal eletr\u00f4nico;<\/li><li>o <strong>procurador <\/strong>nomeado especificamente para promover atos no \u00e2mbito do e-PTA relativo a cr\u00e9dito tribut\u00e1rio;<\/li><li>O <strong>contribuinte cadastrado<\/strong> no Cadastro Simplificado de Contribuintes do ICMS \u2013 <strong>DIFAL<\/strong>.<\/li><\/ul>\n\n\n\n<p>Para as <strong>demais <\/strong>pessoas que n\u00e3o est\u00e3o citadas acima, o credenciamento \u00e9 <strong>facultativo<\/strong>.<\/p>\n\n\n\n<h2 class=\"wp-block-heading\" id=\"h-processo-de-consulta\"><mark style=\"background-color:rgba(0, 0, 0, 0)\" class=\"has-inline-color has-vivid-cyan-blue-color\">Processo de consulta<\/mark><\/h2>\n\n\n\n<p>O sujeito passivo possui o direito de formular <strong>consulta escrita<\/strong> \u00e0<strong> Superintend\u00eancia de Tributa\u00e7\u00e3o<\/strong>, de modo a obter informa\u00e7\u00f5es sobre <strong><mark style=\"background-color:rgba(0, 0, 0, 0)\" class=\"has-inline-color has-vivid-cyan-blue-color\">aplica\u00e7\u00e3o de legisla\u00e7\u00e3o tribut\u00e1ria<\/mark><\/strong>, em rela\u00e7\u00e3o a fato de seu interesse, o qual dever\u00e1 ser exatamente descrito na peti\u00e7\u00e3o.<\/p>\n\n\n\n<p>A administra\u00e7\u00e3o fazend\u00e1ria possui o prazo de <strong><mark style=\"background-color:rgba(0, 0, 0, 0)\" class=\"has-inline-color has-vivid-cyan-blue-color\">30 dias<\/mark><\/strong> para <strong>responder <\/strong>a consulta, contado do recebimento do PTA na Superintend\u00eancia de Tributa\u00e7\u00e3o.<\/p>\n\n\n\n<p>Contudo, quando a mat\u00e9ria for <strong>complexa<\/strong>, tal prazo poder\u00e1 ser <strong>prorrogado <\/strong>por uma vez e por at\u00e9 igual per\u00edodo, a crit\u00e9rio do diretor da Superintend\u00eancia.<\/p>\n\n\n\n<p>Al\u00e9m disso, vale salientar que o prazo pode ser <strong>interrompido<\/strong>, a partir da data em que for determinada qualquer dilig\u00eancia, sendo <strong>reiniciado <\/strong>a partir do novo recebimento do PTA na Superintend\u00eancia.<\/p>\n\n\n\n<p><strong>Nenhuma a\u00e7\u00e3o fiscal ser\u00e1 promovida<\/strong>, em rela\u00e7\u00e3o \u00e0 esp\u00e9cie consultada, contra sujeito passivo, no per\u00edodo entre a protocoliza\u00e7\u00e3o do requerimento de consulta e a ci\u00eancia da resposta.<\/p>\n\n\n\n<p>Contudo, o benef\u00edcio acima <strong>n\u00e3o se aplica<\/strong> \u00e0 consulta:<\/p>\n\n\n\n<ul class=\"wp-block-list\"><li>que seja <strong>meramente protelat\u00f3ria<\/strong>, assim entendida a que versar sobre disposi\u00e7\u00e3o claramente expressa na legisla\u00e7\u00e3o tribut\u00e1ria ou sobre quest\u00e3o de direito j\u00e1 resolvida por decis\u00e3o administrativa ou judicial relativamente ao consulente;<\/li><li>que <strong>n\u00e3o descrever<\/strong> exata e completamente o fato que lhe deu origem;<\/li><li>que <strong>deixe de observar<\/strong> qualquer <strong>exig\u00eancia formal <\/strong>e n\u00e3o seja suprida no prazo estabelecido pela autoridade fazend\u00e1ria;<\/li><li><strong>ap\u00f3s o in\u00edcio de a\u00e7\u00e3o fiscal <\/strong>relacionada com o seu objeto;<\/li><li>que versar sobre <strong>argui\u00e7\u00e3o de inconstitucionalidade <\/strong>ou sobre<strong> negativa de aplica\u00e7\u00e3o <\/strong>de lei, decreto ou ato normativo.<\/li><\/ul>\n\n\n\n<p>No caso de a resposta da consulta resultar em <strong>tributo <\/strong>devido, o mesmo dever\u00e1 ser <strong>pago sem imposi\u00e7\u00e3o de penalidade<\/strong>, contanto que:<\/p>\n\n\n\n<ul class=\"wp-block-list\"><li>seja efetuado o recolhimento dentro do prazo de <strong><mark style=\"background-color:rgba(0, 0, 0, 0)\" class=\"has-inline-color has-vivid-cyan-blue-color\">15 dias <\/mark><\/strong>contados da data em que o consulente tiver ci\u00eancia da resposta;<\/li><li>a protocoliza\u00e7\u00e3o da peti\u00e7\u00e3o de consulta tenha ocorrido at\u00e9 o vencimento da obriga\u00e7\u00e3o a que se refira.<\/li><\/ul>\n\n\n\n<p><strong>Ap\u00f3s a resposta<\/strong> da consulta, o consulente possui direito de <strong>recorrer <\/strong>ao Secret\u00e1rio de Estado de Fazenda, no prazo de <strong><mark style=\"background-color:rgba(0, 0, 0, 0)\" class=\"has-inline-color has-vivid-cyan-blue-color\">15 dias<\/mark><\/strong>, contados da data em que o consulente tiver ci\u00eancia da resposta, com efeito suspensivo.<\/p>\n\n\n\n<p>Assim, em at\u00e9<strong><mark style=\"background-color:rgba(0, 0, 0, 0)\" class=\"has-inline-color has-vivid-cyan-blue-color\"> 20 dias<\/mark><\/strong>, o <strong>Superintendente de Tributa\u00e7\u00e3o<\/strong>, se entender que assiste raz\u00e3o ao recorrente, reformular\u00e1 a resposta; ou, entendendo que a resposta deva ser mantida, emitir\u00e1 parecer sobre o m\u00e9rito da quest\u00e3o e encaminhar\u00e1 o processo ao Secret\u00e1rio de Estado de Fazenda, para decis\u00e3o.<\/p>\n\n\n\n<p>Por fim, a <strong>observ\u00e2ncia <\/strong>pelo consulente da resposta dada \u00e0 consulta, enquanto prevalecer o entendimento nela consubstanciado, <strong>exime-o <\/strong>de qualquer <strong>penalidade <\/strong>e o exonera do pagamento do tributo considerado n\u00e3o devido no per\u00edodo.<\/p>\n\n\n\n<p>Por\u00e9m, caso a <strong>orienta\u00e7\u00e3o <\/strong>dada como resposta pela consulta seja <strong>alterada<\/strong>, ela prevalecer\u00e1 em rela\u00e7\u00e3o ao consulente ap\u00f3s <strong>cientificado <\/strong>da nova orienta\u00e7\u00e3o.<\/p>\n\n\n\n<p>Contudo, caso haja superveni\u00eancia de norma de <strong>legisla\u00e7\u00e3o tribut\u00e1ria conflitante<\/strong>, a resposta \u00e0 consulta \u00e9 <strong>revogada<\/strong>, <strong>independentemente <\/strong>de <strong>comunica\u00e7\u00e3o <\/strong>ao consulente.<\/p>\n\n\n\n<h2 class=\"wp-block-heading\" id=\"h-finalizando\"><mark style=\"background-color:rgba(0, 0, 0, 0)\" class=\"has-inline-color has-vivid-cyan-blue-color\">Finalizando<\/mark><\/h2>\n\n\n\n<p>Galera, finalizamos o nosso artigo sobre as Disposi\u00e7\u00f5es Gerais do <mark style=\"background-color:rgba(0, 0, 0, 0)\" class=\"has-inline-color has-black-color\">Regulamento do Processo e dos Procedimentos Tribut\u00e1rios Administrativos (RPTA), <\/mark>no Decreto 44.747\/08, para o concurso da SEFAZ-MG. Esperamos que tenham gostado.<\/p>\n\n\n\n<p>Caso queira se preparar para chegar&nbsp;<strong>competitivo&nbsp;<\/strong>nesta prova, invista nos&nbsp;<a href=\"https:\/\/www.estrategiaconcursos.com.br\/cursosPorConcurso\/secretaria-da-fazenda-do-estado-de-minas-gerais-sefaz-mg\/\" target=\"_blank\" rel=\"noreferrer noopener\"><strong>cursos para a SEFAZ MG<\/strong><\/a>&nbsp;do&nbsp;<strong>Estrat\u00e9gia Concursos<\/strong>.&nbsp;L\u00e1 voc\u00ea encontrar\u00e1&nbsp;<strong>aulas completas e detalhadas, com os melhores professores do mercado<\/strong>,&nbsp;de todos os t\u00f3picos exigidos no edital deste concurso.<\/p>\n\n\n\n<p>Conhe\u00e7a tamb\u00e9m o&nbsp;<a href=\"https:\/\/questoes.estrategiaconcursos.com.br\/\" target=\"_blank\" rel=\"noreferrer noopener\">Sistema de Quest\u00f5es do Estrat\u00e9gia<\/a>. Afinal, a \u00fanica maneira de&nbsp;<strong>consolidar o conte\u00fado&nbsp;<\/strong>de maneira satisfat\u00f3ria \u00e9 atrav\u00e9s da&nbsp;<strong>resolu\u00e7\u00e3o de quest\u00f5es.<\/strong><\/p>\n\n\n\n<p>Bons estudos a todos!<\/p>\n\n\n\n<h2 class=\"has-text-align-center wp-block-heading\" id=\"cursos-assinatura\">Quer estudar para o concurso SEFAZ MG?<\/h2>\n\n\n\n<p>Prepare-se com o melhor material e com quem mais aprova em Concursos P\u00fablicos em todo o pa\u00eds!<\/p>\n\n\n\n<p class=\"has-text-align-center has-vivid-cyan-blue-color has-text-color has-background\" style=\"background-color:#0078bd\"><a href=\"https:\/\/www.estrategiaconcursos.com.br\/blog\/concursos-abertos\/\" target=\"_blank\" rel=\"noreferrer noopener\"><strong><span class=\"has-inline-color has-white-color\">Concursos abertos<\/span><\/strong><\/a><\/p>\n\n\n\n<p class=\"has-text-align-center has-vivid-cyan-blue-color has-text-color has-background\" style=\"background-color:#0072b4\"><strong><a href=\"https:\/\/www.estrategiaconcursos.com.br\/blog\/concursos-2022\/\" target=\"_blank\" rel=\"noreferrer noopener\"><span class=\"has-inline-color has-white-color\">Concursos 2022<\/span><\/a><\/strong><\/p>\n\n\n\n<div class=\"container\" id=\"boxes\">\n  <div class=\"row\">\n\n    <div class=\"col-sm\">\n      <div class=\"banner-fiscal-01\" id=\"box-assinatura\">\n        <h3 class=\"titulo-assinatura\">Concurso Sefaz MG<\/h3>\n        <p class=\"subtitulo-assinatura\">Estude conosco<\/p>\n        <div class=\"box-botao\">\n          <a class=\"btn-assinatura\" target=\"_blank\" href=\"https:\/\/www.estrategiaconcursos.com.br\/cursosPorConcurso\/secretaria-da-fazenda-do-estado-de-minas-gerais-sefaz-mg\/\" role=\"button\" rel=\"noopener noreferrer\">Conhe\u00e7a os cursos<\/a>\n        <\/div>\n      <\/div>\n      \n    <\/div>\n\n  <\/div>\n<\/div>\n\n\n\n<div class=\"container\" id=\"boxes\">\n  <div class=\"row\">\n\n    <div class=\"col-sm\">\n      <div class=\"estrategia\" id=\"box-assinatura\">\n        <h3 class=\"titulo-assinatura\">Assinatura Concursos<\/h3>\n        <p class=\"subtitulo-assinatura\">Assinatura de 1 ano ou 2 anos<\/p>\n        <div class=\"box-botao\">\n          <a class=\"btn-assinatura\" target=\"_blank\" href=\"https:\/\/www.estrategiaconcursos.com.br\/assinaturas\/\" role=\"button\" rel=\"noopener noreferrer\">ASSINE AGORA<\/a>\n        <\/div>\n      <\/div><\/div><\/div><\/div>\n","protected":false},"excerpt":{"rendered":"<p>Confira neste artigo uma an\u00e1lise sobre as Disposi\u00e7\u00f5es Gerais do Regulamento do Processo e dos Procedimentos Tribut\u00e1rios Administrativos (RPTA), no Decreto 44.747\/08, para o concurso da&nbsp;SEFAZ-MG. Ol\u00e1, pessoal! Tudo bem com voc\u00eas? O&nbsp;concurso da&nbsp;SEFAZ MG&nbsp;teve o seu&nbsp;edital&nbsp;publicado. S\u00e3o&nbsp;incr\u00edveis&nbsp;431 vagas, para o cargo de&nbsp;Auditor Fiscal,&nbsp;com remunera\u00e7\u00e3o inicial podendo chegar a&nbsp;R$ 25.291,35.&nbsp;Este \u00e9 o&nbsp;maior concurso fiscal dos [&hellip;]<\/p>\n","protected":false},"author":1976,"featured_media":1055804,"comment_status":"open","ping_status":"closed","sticky":false,"template":"","format":"standard","meta":{"post_tipo":"article","footnotes":""},"categories":[1,1983],"tags":[],"tax_estado":[219974],"class_list":["post-1058593","post","type-post","status-publish","format-standard","has-post-thumbnail","hentry","category-cursos-e-concursos","category-fiscal-estadual","tax_estado-mg"],"acf":[],"yoast_head":"<!-- This site is optimized with the Yoast SEO Premium plugin v27.2 (Yoast SEO v27.2) - https:\/\/yoast.com\/product\/yoast-seo-premium-wordpress\/ -->\n<title>SEFAZ-MG: Disposi\u00e7\u00f5es Gerais do Processo Tribut\u00e1rio Administrativo<\/title>\n<meta name=\"description\" content=\"Confira aqui uma an\u00e1lise sobre as Disposi\u00e7\u00f5es Gerais do Regulamento do Processo Tribut\u00e1rio Administrativo (RPTA), para a\u00a0SEFAZ-MG.\" \/>\n<meta name=\"robots\" content=\"index, follow, max-snippet:-1, max-image-preview:large, max-video-preview:-1\" \/>\n<link rel=\"canonical\" href=\"https:\/\/www.estrategiaconcursos.com.br\/blog\/processo-tributario-administrativo-sefaz-mg\/\" \/>\n<meta property=\"og:locale\" content=\"pt_BR\" \/>\n<meta property=\"og:type\" content=\"article\" \/>\n<meta property=\"og:title\" content=\"SEFAZ-MG: Disposi\u00e7\u00f5es Gerais do Processo Tribut\u00e1rio Administrativo\" \/>\n<meta property=\"og:description\" content=\"Confira aqui uma an\u00e1lise sobre as Disposi\u00e7\u00f5es Gerais do Regulamento do Processo Tribut\u00e1rio Administrativo (RPTA), para a\u00a0SEFAZ-MG.\" \/>\n<meta property=\"og:url\" content=\"https:\/\/www.estrategiaconcursos.com.br\/blog\/processo-tributario-administrativo-sefaz-mg\/\" \/>\n<meta property=\"og:site_name\" content=\"Estrat\u00e9gia Concursos\" \/>\n<meta property=\"article:published_time\" content=\"2022-07-31T21:33:00+00:00\" \/>\n<meta property=\"og:image\" content=\"https:\/\/dhg1h5j42swfq.cloudfront.net\/2022\/07\/05164031\/sefaz-mg.jpg\" \/>\n\t<meta property=\"og:image:width\" content=\"768\" \/>\n\t<meta property=\"og:image:height\" content=\"432\" \/>\n\t<meta property=\"og:image:type\" content=\"image\/jpeg\" \/>\n<meta name=\"author\" content=\"Kassio Henrique Sobral Rocha\" \/>\n<meta name=\"twitter:card\" content=\"summary_large_image\" \/>\n<meta name=\"twitter:creator\" content=\"@EstratConcursos\" \/>\n<meta name=\"twitter:site\" content=\"@EstratConcursos\" \/>\n<meta name=\"twitter:label1\" content=\"Escrito por\" \/>\n\t<meta name=\"twitter:data1\" content=\"Kassio Henrique Sobral Rocha\" \/>\n\t<meta name=\"twitter:label2\" content=\"Est. tempo de leitura\" \/>\n\t<meta name=\"twitter:data2\" content=\"9 minutos\" \/>\n<script type=\"application\/ld+json\" class=\"yoast-schema-graph\">{\"@context\":\"https:\/\/schema.org\",\"@graph\":[{\"@type\":\"NewsArticle\",\"@id\":\"https:\/\/www.estrategiaconcursos.com.br\/blog\/processo-tributario-administrativo-sefaz-mg\/#article\",\"isPartOf\":{\"@id\":\"https:\/\/www.estrategiaconcursos.com.br\/blog\/processo-tributario-administrativo-sefaz-mg\/\"},\"author\":{\"name\":\"Kassio Henrique Sobral Rocha\",\"@id\":\"https:\/\/www.estrategiaconcursos.com.br\/blog\/#\/schema\/person\/f0c830e07cfe11c231c0ea5dbb036df5\"},\"headline\":\"SEFAZ-MG: Disposi\u00e7\u00f5es Gerais do Processo Tribut\u00e1rio Administrativo\",\"datePublished\":\"2022-07-31T21:33:00+00:00\",\"mainEntityOfPage\":{\"@id\":\"https:\/\/www.estrategiaconcursos.com.br\/blog\/processo-tributario-administrativo-sefaz-mg\/\"},\"wordCount\":1818,\"commentCount\":0,\"publisher\":{\"@id\":\"https:\/\/www.estrategiaconcursos.com.br\/blog\/#organization\"},\"image\":{\"@id\":\"https:\/\/www.estrategiaconcursos.com.br\/blog\/processo-tributario-administrativo-sefaz-mg\/#primaryimage\"},\"thumbnailUrl\":\"https:\/\/dhg1h5j42swfq.cloudfront.net\/2022\/07\/05164031\/sefaz-mg.jpg\",\"articleSection\":[\"Concursos P\u00fablicos\",\"Fiscal - Estadual (ICMS)\"],\"inLanguage\":\"pt-BR\",\"potentialAction\":[{\"@type\":\"CommentAction\",\"name\":\"Comment\",\"target\":[\"https:\/\/www.estrategiaconcursos.com.br\/blog\/processo-tributario-administrativo-sefaz-mg\/#respond\"]}],\"copyrightYear\":\"2022\",\"copyrightHolder\":{\"@id\":\"https:\/\/www.estrategiaconcursos.com.br\/blog\/#organization\"}},{\"@type\":\"WebPage\",\"@id\":\"https:\/\/www.estrategiaconcursos.com.br\/blog\/processo-tributario-administrativo-sefaz-mg\/\",\"url\":\"https:\/\/www.estrategiaconcursos.com.br\/blog\/processo-tributario-administrativo-sefaz-mg\/\",\"name\":\"SEFAZ-MG: Disposi\u00e7\u00f5es Gerais do Processo Tribut\u00e1rio Administrativo\",\"isPartOf\":{\"@id\":\"https:\/\/www.estrategiaconcursos.com.br\/blog\/#website\"},\"primaryImageOfPage\":{\"@id\":\"https:\/\/www.estrategiaconcursos.com.br\/blog\/processo-tributario-administrativo-sefaz-mg\/#primaryimage\"},\"image\":{\"@id\":\"https:\/\/www.estrategiaconcursos.com.br\/blog\/processo-tributario-administrativo-sefaz-mg\/#primaryimage\"},\"thumbnailUrl\":\"https:\/\/dhg1h5j42swfq.cloudfront.net\/2022\/07\/05164031\/sefaz-mg.jpg\",\"datePublished\":\"2022-07-31T21:33:00+00:00\",\"description\":\"Confira aqui uma an\u00e1lise sobre as Disposi\u00e7\u00f5es Gerais do Regulamento do Processo Tribut\u00e1rio Administrativo (RPTA), para a\u00a0SEFAZ-MG.\",\"breadcrumb\":{\"@id\":\"https:\/\/www.estrategiaconcursos.com.br\/blog\/processo-tributario-administrativo-sefaz-mg\/#breadcrumb\"},\"inLanguage\":\"pt-BR\",\"potentialAction\":[{\"@type\":\"ReadAction\",\"target\":[\"https:\/\/www.estrategiaconcursos.com.br\/blog\/processo-tributario-administrativo-sefaz-mg\/\"]}]},{\"@type\":\"ImageObject\",\"inLanguage\":\"pt-BR\",\"@id\":\"https:\/\/www.estrategiaconcursos.com.br\/blog\/processo-tributario-administrativo-sefaz-mg\/#primaryimage\",\"url\":\"https:\/\/dhg1h5j42swfq.cloudfront.net\/2022\/07\/05164031\/sefaz-mg.jpg\",\"contentUrl\":\"https:\/\/dhg1h5j42swfq.cloudfront.net\/2022\/07\/05164031\/sefaz-mg.jpg\",\"width\":768,\"height\":432,\"caption\":\"Resumo do Estatuto dos Servidores para SEFAZ-MG: Licen\u00e7as\"},{\"@type\":\"BreadcrumbList\",\"@id\":\"https:\/\/www.estrategiaconcursos.com.br\/blog\/processo-tributario-administrativo-sefaz-mg\/#breadcrumb\",\"itemListElement\":[{\"@type\":\"ListItem\",\"position\":1,\"name\":\"In\u00edcio\",\"item\":\"https:\/\/www.estrategiaconcursos.com.br\/blog\/\"},{\"@type\":\"ListItem\",\"position\":2,\"name\":\"SEFAZ-MG: Disposi\u00e7\u00f5es Gerais do Processo Tribut\u00e1rio Administrativo\"}]},{\"@type\":\"WebSite\",\"@id\":\"https:\/\/www.estrategiaconcursos.com.br\/blog\/#website\",\"url\":\"https:\/\/www.estrategiaconcursos.com.br\/blog\/\",\"name\":\"Estrat\u00e9gia Concursos\",\"description\":\"O blog da Estrat\u00e9gia Concursos traz not\u00edcias sobre concursos e artigos de professores oferecendo cursos para concursos (pdf + videaulas) no site.\",\"publisher\":{\"@id\":\"https:\/\/www.estrategiaconcursos.com.br\/blog\/#organization\"},\"potentialAction\":[{\"@type\":\"SearchAction\",\"target\":{\"@type\":\"EntryPoint\",\"urlTemplate\":\"https:\/\/www.estrategiaconcursos.com.br\/blog\/?s={search_term_string}\"},\"query-input\":{\"@type\":\"PropertyValueSpecification\",\"valueRequired\":true,\"valueName\":\"search_term_string\"}}],\"inLanguage\":\"pt-BR\"},{\"@type\":\"Organization\",\"@id\":\"https:\/\/www.estrategiaconcursos.com.br\/blog\/#organization\",\"name\":\"Estrat\u00e9gia Concursos\",\"url\":\"https:\/\/www.estrategiaconcursos.com.br\/blog\/\",\"logo\":{\"@type\":\"ImageObject\",\"inLanguage\":\"pt-BR\",\"@id\":\"https:\/\/www.estrategiaconcursos.com.br\/blog\/#\/schema\/logo\/image\/\",\"url\":\"https:\/\/dhg1h5j42swfq.cloudfront.net\/2025\/06\/03203428\/logo_concursos-1.jpg\",\"contentUrl\":\"https:\/\/dhg1h5j42swfq.cloudfront.net\/2025\/06\/03203428\/logo_concursos-1.jpg\",\"width\":230,\"height\":60,\"caption\":\"Estrat\u00e9gia Concursos\"},\"image\":{\"@id\":\"https:\/\/www.estrategiaconcursos.com.br\/blog\/#\/schema\/logo\/image\/\"},\"sameAs\":[\"https:\/\/x.com\/EstratConcursos\"]},{\"@type\":\"Person\",\"@id\":\"https:\/\/www.estrategiaconcursos.com.br\/blog\/#\/schema\/person\/f0c830e07cfe11c231c0ea5dbb036df5\",\"name\":\"Kassio Henrique Sobral Rocha\",\"image\":{\"@type\":\"ImageObject\",\"inLanguage\":\"pt-BR\",\"@id\":\"https:\/\/secure.gravatar.com\/avatar\/d10350cbdad043facd8ec77a377f86f9026afee3348e463b04854fd4490ce759?s=96&d=mm&r=g\",\"url\":\"https:\/\/secure.gravatar.com\/avatar\/d10350cbdad043facd8ec77a377f86f9026afee3348e463b04854fd4490ce759?s=96&d=mm&r=g\",\"contentUrl\":\"https:\/\/secure.gravatar.com\/avatar\/d10350cbdad043facd8ec77a377f86f9026afee3348e463b04854fd4490ce759?s=96&d=mm&r=g\",\"caption\":\"Kassio Henrique Sobral Rocha\"},\"url\":\"https:\/\/www.estrategiaconcursos.com.br\/blog\/author\/kassio-rochayahoo-com-br\/\"}]}<\/script>\n<!-- \/ Yoast SEO Premium plugin. -->","yoast_head_json":{"title":"SEFAZ-MG: Disposi\u00e7\u00f5es Gerais do Processo Tribut\u00e1rio Administrativo","description":"Confira aqui uma an\u00e1lise sobre as Disposi\u00e7\u00f5es Gerais do Regulamento do Processo Tribut\u00e1rio Administrativo (RPTA), para a\u00a0SEFAZ-MG.","robots":{"index":"index","follow":"follow","max-snippet":"max-snippet:-1","max-image-preview":"max-image-preview:large","max-video-preview":"max-video-preview:-1"},"canonical":"https:\/\/www.estrategiaconcursos.com.br\/blog\/processo-tributario-administrativo-sefaz-mg\/","og_locale":"pt_BR","og_type":"article","og_title":"SEFAZ-MG: Disposi\u00e7\u00f5es Gerais do Processo Tribut\u00e1rio Administrativo","og_description":"Confira aqui uma an\u00e1lise sobre as Disposi\u00e7\u00f5es Gerais do Regulamento do Processo Tribut\u00e1rio Administrativo (RPTA), para a\u00a0SEFAZ-MG.","og_url":"https:\/\/www.estrategiaconcursos.com.br\/blog\/processo-tributario-administrativo-sefaz-mg\/","og_site_name":"Estrat\u00e9gia Concursos","article_published_time":"2022-07-31T21:33:00+00:00","og_image":[{"width":768,"height":432,"url":"https:\/\/dhg1h5j42swfq.cloudfront.net\/2022\/07\/05164031\/sefaz-mg.jpg","type":"image\/jpeg"}],"author":"Kassio Henrique Sobral Rocha","twitter_card":"summary_large_image","twitter_creator":"@EstratConcursos","twitter_site":"@EstratConcursos","twitter_misc":{"Escrito por":"Kassio Henrique Sobral Rocha","Est. tempo de leitura":"9 minutos"},"schema":{"@context":"https:\/\/schema.org","@graph":[{"@type":"NewsArticle","@id":"https:\/\/www.estrategiaconcursos.com.br\/blog\/processo-tributario-administrativo-sefaz-mg\/#article","isPartOf":{"@id":"https:\/\/www.estrategiaconcursos.com.br\/blog\/processo-tributario-administrativo-sefaz-mg\/"},"author":{"name":"Kassio Henrique Sobral Rocha","@id":"https:\/\/www.estrategiaconcursos.com.br\/blog\/#\/schema\/person\/f0c830e07cfe11c231c0ea5dbb036df5"},"headline":"SEFAZ-MG: Disposi\u00e7\u00f5es Gerais do Processo Tribut\u00e1rio Administrativo","datePublished":"2022-07-31T21:33:00+00:00","mainEntityOfPage":{"@id":"https:\/\/www.estrategiaconcursos.com.br\/blog\/processo-tributario-administrativo-sefaz-mg\/"},"wordCount":1818,"commentCount":0,"publisher":{"@id":"https:\/\/www.estrategiaconcursos.com.br\/blog\/#organization"},"image":{"@id":"https:\/\/www.estrategiaconcursos.com.br\/blog\/processo-tributario-administrativo-sefaz-mg\/#primaryimage"},"thumbnailUrl":"https:\/\/dhg1h5j42swfq.cloudfront.net\/2022\/07\/05164031\/sefaz-mg.jpg","articleSection":["Concursos P\u00fablicos","Fiscal - Estadual (ICMS)"],"inLanguage":"pt-BR","potentialAction":[{"@type":"CommentAction","name":"Comment","target":["https:\/\/www.estrategiaconcursos.com.br\/blog\/processo-tributario-administrativo-sefaz-mg\/#respond"]}],"copyrightYear":"2022","copyrightHolder":{"@id":"https:\/\/www.estrategiaconcursos.com.br\/blog\/#organization"}},{"@type":"WebPage","@id":"https:\/\/www.estrategiaconcursos.com.br\/blog\/processo-tributario-administrativo-sefaz-mg\/","url":"https:\/\/www.estrategiaconcursos.com.br\/blog\/processo-tributario-administrativo-sefaz-mg\/","name":"SEFAZ-MG: Disposi\u00e7\u00f5es Gerais do Processo Tribut\u00e1rio Administrativo","isPartOf":{"@id":"https:\/\/www.estrategiaconcursos.com.br\/blog\/#website"},"primaryImageOfPage":{"@id":"https:\/\/www.estrategiaconcursos.com.br\/blog\/processo-tributario-administrativo-sefaz-mg\/#primaryimage"},"image":{"@id":"https:\/\/www.estrategiaconcursos.com.br\/blog\/processo-tributario-administrativo-sefaz-mg\/#primaryimage"},"thumbnailUrl":"https:\/\/dhg1h5j42swfq.cloudfront.net\/2022\/07\/05164031\/sefaz-mg.jpg","datePublished":"2022-07-31T21:33:00+00:00","description":"Confira aqui uma an\u00e1lise sobre as Disposi\u00e7\u00f5es Gerais do Regulamento do Processo Tribut\u00e1rio Administrativo (RPTA), para a\u00a0SEFAZ-MG.","breadcrumb":{"@id":"https:\/\/www.estrategiaconcursos.com.br\/blog\/processo-tributario-administrativo-sefaz-mg\/#breadcrumb"},"inLanguage":"pt-BR","potentialAction":[{"@type":"ReadAction","target":["https:\/\/www.estrategiaconcursos.com.br\/blog\/processo-tributario-administrativo-sefaz-mg\/"]}]},{"@type":"ImageObject","inLanguage":"pt-BR","@id":"https:\/\/www.estrategiaconcursos.com.br\/blog\/processo-tributario-administrativo-sefaz-mg\/#primaryimage","url":"https:\/\/dhg1h5j42swfq.cloudfront.net\/2022\/07\/05164031\/sefaz-mg.jpg","contentUrl":"https:\/\/dhg1h5j42swfq.cloudfront.net\/2022\/07\/05164031\/sefaz-mg.jpg","width":768,"height":432,"caption":"Resumo do Estatuto dos Servidores para SEFAZ-MG: Licen\u00e7as"},{"@type":"BreadcrumbList","@id":"https:\/\/www.estrategiaconcursos.com.br\/blog\/processo-tributario-administrativo-sefaz-mg\/#breadcrumb","itemListElement":[{"@type":"ListItem","position":1,"name":"In\u00edcio","item":"https:\/\/www.estrategiaconcursos.com.br\/blog\/"},{"@type":"ListItem","position":2,"name":"SEFAZ-MG: Disposi\u00e7\u00f5es Gerais do Processo Tribut\u00e1rio Administrativo"}]},{"@type":"WebSite","@id":"https:\/\/www.estrategiaconcursos.com.br\/blog\/#website","url":"https:\/\/www.estrategiaconcursos.com.br\/blog\/","name":"Estrat\u00e9gia Concursos","description":"O blog da Estrat\u00e9gia Concursos traz not\u00edcias sobre concursos e artigos de professores oferecendo cursos para concursos (pdf + videaulas) no site.","publisher":{"@id":"https:\/\/www.estrategiaconcursos.com.br\/blog\/#organization"},"potentialAction":[{"@type":"SearchAction","target":{"@type":"EntryPoint","urlTemplate":"https:\/\/www.estrategiaconcursos.com.br\/blog\/?s={search_term_string}"},"query-input":{"@type":"PropertyValueSpecification","valueRequired":true,"valueName":"search_term_string"}}],"inLanguage":"pt-BR"},{"@type":"Organization","@id":"https:\/\/www.estrategiaconcursos.com.br\/blog\/#organization","name":"Estrat\u00e9gia Concursos","url":"https:\/\/www.estrategiaconcursos.com.br\/blog\/","logo":{"@type":"ImageObject","inLanguage":"pt-BR","@id":"https:\/\/www.estrategiaconcursos.com.br\/blog\/#\/schema\/logo\/image\/","url":"https:\/\/dhg1h5j42swfq.cloudfront.net\/2025\/06\/03203428\/logo_concursos-1.jpg","contentUrl":"https:\/\/dhg1h5j42swfq.cloudfront.net\/2025\/06\/03203428\/logo_concursos-1.jpg","width":230,"height":60,"caption":"Estrat\u00e9gia Concursos"},"image":{"@id":"https:\/\/www.estrategiaconcursos.com.br\/blog\/#\/schema\/logo\/image\/"},"sameAs":["https:\/\/x.com\/EstratConcursos"]},{"@type":"Person","@id":"https:\/\/www.estrategiaconcursos.com.br\/blog\/#\/schema\/person\/f0c830e07cfe11c231c0ea5dbb036df5","name":"Kassio Henrique Sobral Rocha","image":{"@type":"ImageObject","inLanguage":"pt-BR","@id":"https:\/\/secure.gravatar.com\/avatar\/d10350cbdad043facd8ec77a377f86f9026afee3348e463b04854fd4490ce759?s=96&d=mm&r=g","url":"https:\/\/secure.gravatar.com\/avatar\/d10350cbdad043facd8ec77a377f86f9026afee3348e463b04854fd4490ce759?s=96&d=mm&r=g","contentUrl":"https:\/\/secure.gravatar.com\/avatar\/d10350cbdad043facd8ec77a377f86f9026afee3348e463b04854fd4490ce759?s=96&d=mm&r=g","caption":"Kassio Henrique Sobral Rocha"},"url":"https:\/\/www.estrategiaconcursos.com.br\/blog\/author\/kassio-rochayahoo-com-br\/"}]}},"_links":{"self":[{"href":"https:\/\/www.estrategiaconcursos.com.br\/blog\/wp-json\/wp\/v2\/posts\/1058593","targetHints":{"allow":["GET"]}}],"collection":[{"href":"https:\/\/www.estrategiaconcursos.com.br\/blog\/wp-json\/wp\/v2\/posts"}],"about":[{"href":"https:\/\/www.estrategiaconcursos.com.br\/blog\/wp-json\/wp\/v2\/types\/post"}],"author":[{"embeddable":true,"href":"https:\/\/www.estrategiaconcursos.com.br\/blog\/wp-json\/wp\/v2\/users\/1976"}],"replies":[{"embeddable":true,"href":"https:\/\/www.estrategiaconcursos.com.br\/blog\/wp-json\/wp\/v2\/comments?post=1058593"}],"version-history":[{"count":22,"href":"https:\/\/www.estrategiaconcursos.com.br\/blog\/wp-json\/wp\/v2\/posts\/1058593\/revisions"}],"predecessor-version":[{"id":1062735,"href":"https:\/\/www.estrategiaconcursos.com.br\/blog\/wp-json\/wp\/v2\/posts\/1058593\/revisions\/1062735"}],"wp:featuredmedia":[{"embeddable":true,"href":"https:\/\/www.estrategiaconcursos.com.br\/blog\/wp-json\/wp\/v2\/media\/1055804"}],"wp:attachment":[{"href":"https:\/\/www.estrategiaconcursos.com.br\/blog\/wp-json\/wp\/v2\/media?parent=1058593"}],"wp:term":[{"taxonomy":"category","embeddable":true,"href":"https:\/\/www.estrategiaconcursos.com.br\/blog\/wp-json\/wp\/v2\/categories?post=1058593"},{"taxonomy":"post_tag","embeddable":true,"href":"https:\/\/www.estrategiaconcursos.com.br\/blog\/wp-json\/wp\/v2\/tags?post=1058593"},{"taxonomy":"tax_estado","embeddable":true,"href":"https:\/\/www.estrategiaconcursos.com.br\/blog\/wp-json\/wp\/v2\/tax_estado?post=1058593"}],"curies":[{"name":"wp","href":"https:\/\/api.w.org\/{rel}","templated":true}]}}