{"id":1058468,"date":"2022-07-09T11:43:00","date_gmt":"2022-07-09T14:43:00","guid":{"rendered":"https:\/\/www.estrategiaconcursos.com.br\/blog\/?p=1058468"},"modified":"2022-07-12T12:33:54","modified_gmt":"2022-07-12T15:33:54","slug":"edital-fito-osasco","status":"publish","type":"post","link":"https:\/\/www.estrategiaconcursos.com.br\/blog\/edital-fito-osasco\/","title":{"rendered":"Edital FITO Osasco publicado com 62 vagas! Confira!"},"content":{"rendered":"\n<p>Foi publicado o edital FITO Osasco, com oferta de 62 vagas imediatas mais vagas para forma\u00e7\u00e3o de cadastro de reserva na Funda\u00e7\u00e3o Instituto Tecnol\u00f3gico de Osasco. <\/p>\n\n\n\n<p>Os interessados poder\u00e3o se inscrever no endere\u00e7o eletr\u00f4nico do INSTITUTO MAIS no per\u00edodo compreendido entre \u00e0s 10 horas do dia 11 de julho e 17 horas do dia 10 de agosto de 2022. <\/p>\n\n\n\n<p>O valor da taxa de inscri\u00e7\u00e3o varia de R$ 51,00 a R$ 69,00, a depender do grau de escolaridade do candidato. O boleto banc\u00e1rio estar\u00e1 dispon\u00edvel para impress\u00e3o at\u00e9 \u00e0s 17h00 do dia 11 de agosto de 2022.<\/p>\n\n\n\n<ul id=\"block-ee678516-e9d1-48bd-b327-7b9acd55f0fd\" class=\"has-light-green-cyan-background-color has-background wp-block-list\"><li><strong>Edital FITO OSASCO Professor<\/strong><\/li><li><strong>Status:<\/strong>&nbsp;publicado<\/li><li><strong>Banca:&nbsp;<\/strong>Instituto Mais<\/li><li><strong>Vagas:&nbsp;<\/strong>62<\/li><li><strong>Sal\u00e1rio inicial:<\/strong>&nbsp;R$1.040,33 a R$ 4.440,00<\/li><li><strong>Edital:<\/strong> <a href=\"https:\/\/dhg1h5j42swfq.cloudfront.net\/2022\/07\/09121445\/cp-01_2022-edital-de-abertura-de-inscricoes_publicacao_08_07_20221.pdf\" target=\"_blank\" rel=\"noreferrer noopener nofollow\"><strong><mark style=\"background-color:rgba(0, 0, 0, 0)\" class=\"has-inline-color has-black-color\">FITO Osasco 2022<\/mark><\/strong><\/a><\/li><\/ul>\n\n\n\n<p>As provas objetivas est\u00e3o previstas para o dia 11 de setembro de 2022, nos per\u00edodos da manh\u00e3 e da tarde. <\/p>\n\n\n\n<div class=\"container\" id=\"boxes\">\n  <div class=\"row\">\n\n    <div class=\"col-sm\">\n      <div class=\"banner-estrategia\" id=\"box-assinatura\">\n        <h3 class=\"titulo-assinatura\">Cursos para o concurso FITO Osasco<\/h3>\n        <p class=\"subtitulo-assinatura\">Conhe\u00e7a os cursos<\/p>\n        <div class=\"box-botao\">\n          <a class=\"btn-assinatura\" target=\"_blank\" href=\"https:\/\/www.estrategiaconcursos.com.br\/cursosPorConcurso\/fundacao-instituto-tecnologico-de-osasco-fito\/\" role=\"button\" rel=\"noopener noreferrer\">Conhe\u00e7a mais<\/a>\n        <\/div>\n      <\/div>\n      <p class=\"texto-auxiliar\">Prepare-se com o melhor material e com quem mais aprova em Concursos P\u00fablicos em todo o pa\u00eds.<\/p>\n    <\/div>\n\n  <\/div>\n<\/div>\n\n\n\n<h2 class=\"wp-block-heading\" id=\"situa\u00e7\u00e3o\">Edital FITO OSASCO Professor: situa\u00e7\u00e3o atual<\/h2>\n\n\n\n<h3 class=\"wp-block-heading\" id=\"principais-datas\">Principais datas <\/h3>\n\n\n\n<ul class=\"has-pale-cyan-blue-background-color has-background wp-block-list\"><li><strong>Inscri\u00e7\u00f5es:<\/strong> 11\/07 a 10\/08\/2022<\/li><li><strong>Taxa: <\/strong>R$ 51,00 \/ R$ 69,00<\/li><li><strong>Prova: <\/strong>11\/09\/2022<\/li><\/ul>\n\n\n\n<h2 class=\"wp-block-heading\" id=\"carreira\"> Concurso FITO OSASCO Professor: carreira<\/h2>\n\n\n\n<h3 class=\"wp-block-heading\" id=\"cargo\">Cargos e Vagas<\/h3>\n\n\n\n<ul class=\"wp-block-list\"><li><span style=\"text-decoration: underline;\">Auxiliar de Doc\u00eancia<\/span> &#8211; 2 vagas + CR (30 horas semanais);<\/li><li><span style=\"text-decoration: underline;\">Analista de Gest\u00e3o \u2013 Compras<\/span> &#8211; CR (40 horas semanais)<\/li><li><span style=\"text-decoration: underline;\">Professor de Desenvolvimento Infantil &#8211; PDI<\/span> &#8211;  30 vagas + CR  (40 horas semanais)<\/li><li><span style=\"text-decoration: underline;\">Professor Especialista<\/span><ul><li>Arte &#8211; 2 vagas + CR (2 horas semanais)<\/li><li>Biologia &#8211; 2 vagas + CR (5 horas semanais)<\/li><\/ul><ul><li>Educa\u00e7\u00e3o F\u00edsica &#8211; 2 vagas + CR (5 horas semanais)<\/li><li>Filosofia &#8211; 2 vagas + CR (1 hora semanal)<\/li><li>F\u00edsica &#8211; 2 vagas + CR (5 horas semanais)<\/li><li>Geografia &#8211; 2 vagas + CR (5 horas semanais)<\/li><li>Hist\u00f3ria &#8211; 2 vagas + CR (5 horas semanais)<\/li><li>Inform\u00e1tica &#8211; 2 vagas + CR (1 hora semanal)<\/li><li>Espanhol &#8211; 2 vagas + CR (2 horas semanais)<\/li><li>Ingl\u00eas &#8211; 2 vagas + CR (2 horas semanais)<\/li><li>L\u00edngua Portuguesa &#8211; 3 vagas + CR (5 horas semanais)<\/li><li>Matem\u00e1tica &#8211; 3 vagas + CR (5horas semanais)<\/li><li>Qu\u00edmica &#8211; 2 vagas + CR (2 horas semanais)<\/li><li>Sociologia &#8211; 1 vaga + CR (1 hora semanal)<\/li><li>Educa\u00e7\u00e3o Musical &#8211; 1 vaga+ CR (1 hora semanal)<\/li><\/ul><\/li><\/ul>\n\n\n\n<h3 class=\"wp-block-heading\" id=\"salario\">Sal\u00e1rios e Benef\u00edcios <\/h3>\n\n\n\n<ul class=\"wp-block-list\"><li>Auxiliar de Doc\u00eancia &#8211; R$1.040,33<\/li><li>Analista de Gest\u00e3o \u2013 Compras &#8211; R$ 3.206,26 <\/li><li>Professor de Desenvolvimento Infantil &#8211; PDI &#8211;  R$ 4.440,00<\/li><li>Professor Especialista &#8211; R$30,06 hora\/aula<\/li><\/ul>\n\n\n\n<h3 class=\"wp-block-heading\" id=\"requisito\">Requisitos <\/h3>\n\n\n\n<h4 class=\"wp-block-heading\" id=\"h-auxiliar-de-docencia\">Auxiliar de Doc\u00eancia<\/h4>\n\n\n\n<ul class=\"wp-block-list\"><li>Cursando, o 3\u00ba Semestre (ou Semestres subsequentes) em Licenciatura Plena em Pedagogia, Letras ou Matem\u00e1tica<\/li><\/ul>\n\n\n\n<h4 class=\"wp-block-heading\" id=\"h-analista-de-gestao-compras-1\"><span style=\"font-size: revert; color: initial;\">Analista de Gest\u00e3o \u2013 Compras<\/span><\/h4>\n\n\n\n<ul class=\"wp-block-list\"><li>Ensino Superior Completo<\/li><\/ul>\n\n\n\n<h4 class=\"wp-block-heading\" id=\"h-professor-de-desenvolvimento-infantil-pdi\"><span style=\"font-size: revert; color: initial;\">Professor de Desenvolvimento Infantil &#8211; PDI<\/span><\/h4>\n\n\n\n<ul class=\"wp-block-list\"><li>Ensino Superior completo em Pedagogia. Experi\u00eancia de 03 anos como Professor de Desenvolvimento infantil<\/li><\/ul>\n\n\n\n<h4 class=\"wp-block-heading\" id=\"h-professor-especialista\"><span style=\"font-size: revert; color: initial;\">Professor Especialista<\/span><\/h4>\n\n\n\n<ul class=\"wp-block-list\"><li>Ensino Superior Completo \u2013 Curso de gradua\u00e7\u00e3o com Licenciatura plena na \u00e1rea especifica ou afim ou Licenciatura plena com habilita\u00e7\u00e3o na \u00e1rea. Especificamente para o cargo de <span style=\"text-decoration: underline;\">Professor de Educa\u00e7\u00e3o F\u00edsica<\/span>, exige-se tamb\u00e9m Registro Ativo no Conselho Regional de Educa\u00e7\u00e3o F\u00edsica \u2013 CREF\/SP.<\/li><\/ul>\n\n\n\n<h2 class=\"wp-block-heading\" id=\"etapa\"> Edital FITO OSASCO Professor: etapas de prova<\/h2>\n\n\n\n<p>As etapas de provas variam a depender do cargo. Confira abaixo: <\/p>\n\n\n\n<h4 class=\"wp-block-heading\" id=\"auxiliar-de-docencia\">Auxiliar de Doc\u00eancia<\/h4>\n\n\n\n<ul class=\"wp-block-list\"><li><strong>Prova Objetiva<\/strong> <ul><li>Legisla\u00e7\u00e3o &#8211; 10 quest\u00f5es<\/li><li>Conhecimentos Espec\u00edficos &#8211; 30 quest\u00f5es<\/li><\/ul><\/li><\/ul>\n\n\n\n<h4 class=\"wp-block-heading\" id=\"analista-de-gestao-compras\">Analista de Gest\u00e3o \u2013 Compras<\/h4>\n\n\n\n<ul class=\"wp-block-list\"><li><strong>Prova Objetiva <\/strong><ul><li>L\u00edngua Portuguesa &#8211; 10 quest\u00f5es<\/li><li>Racioc\u00ednio L\u00f3gico &#8211; 10 quest\u00f5es<\/li><li>Conhecimentos Espec\u00edficos &#8211; 20 quest\u00f5es<\/li><\/ul><\/li><\/ul>\n\n\n\n<h4 class=\"wp-block-heading\" id=\"professor-de-desenvolvimento-infantil-pdi\">Professor de Desenvolvimento Infantil &#8211; PDI<\/h4>\n\n\n\n<ul class=\"wp-block-list\"><li><strong>Prova Objetiva <\/strong><ul><li>Legisla\u00e7\u00e3o &#8211; 10 quest\u00f5es<\/li><li>Conhecimentos Espec\u00edficos &#8211; 30 quest\u00f5es<\/li><\/ul><\/li><\/ul>\n\n\n\n<ul class=\"wp-block-list\"><li><strong>Prova de T\u00edtulos<\/strong><\/li><\/ul>\n\n\n\n<h4 class=\"wp-block-heading\" id=\"professor-de-desenvolvimento-infantil-pdi\">Professor Especialista<\/h4>\n\n\n\n<ul class=\"wp-block-list\"><li><strong>Prova Objetiva <\/strong><ul><li>Legisla\u00e7\u00e3o &#8211; 10 quest\u00f5es<\/li><li>Conhecimentos Espec\u00edficos &#8211; 30 quest\u00f5es<\/li><\/ul><\/li><\/ul>\n\n\n\n<ul class=\"wp-block-list\"><li><strong>Prova de T\u00edtulos<\/strong><\/li><\/ul>\n\n\n\n<h3 class=\"wp-block-heading\" id=\"h-prova-objetiva\">Prova Objetiva<\/h3>\n\n\n\n<p>As Provas Objetivas, para todos os Cargos, ser\u00e3o de car\u00e1ter eliminat\u00f3rio e classificat\u00f3rio, constar\u00e3o de <strong>40 quest\u00f5es<\/strong> de m\u00faltipla escolha, com 04 alternativas cada, que ter\u00e3o uma \u00fanica resposta correta e ter\u00e3o a dura\u00e7\u00e3o de<strong> 03 horas<\/strong>. Elas ser\u00e3o avaliadas na escala de <strong>0 a 100 pontos.<\/strong><\/p>\n\n\n\n<p>Para se chegar ao total de pontos, o candidato dever\u00e1 dividir 100 pelo n\u00famero de quest\u00f5es da prova e multiplicar pelo n\u00famero de quest\u00f5es acertadas. O c\u00e1lculo final ser\u00e1 igual ao total de pontos do candidato.<\/p>\n\n\n\n<p>Ser\u00e1 considerado habilitado o candidato que obtiver pontua\u00e7\u00e3o m\u00ednima de <strong>50 pontos<\/strong>.<\/p>\n\n\n\n<h3 class=\"wp-block-heading\" id=\"avaliacao-de-titulos\">Avalia\u00e7\u00e3o de t\u00edtulos <\/h3>\n\n\n\n<p id=\"avaliacao-de-titulos\">A Prova de T\u00edtulos, para os Cargos de Professor de Desenvolvimento Infantil \u2013 PDI e Professor Especialista<br \/>(todas as disciplinas), ser\u00e1 aplicada aos candidatos habilitados na Prova Objetiva.<\/p>\n\n\n\n<p>A pontua\u00e7\u00e3o da documenta\u00e7\u00e3o da Prova de T\u00edtulos se limitar\u00e1 ao valor m\u00e1ximo de 05 pontos. <\/p>\n\n\n\n<p>Ser\u00e3o considerados para a Prova de T\u00edtulos somente os constantes na Tabela a seguir: <\/p>\n\n\n\n<figure class=\"wp-block-table is-style-stripes\"><table class=\"has-fixed-layout\"><tbody><tr><td class=\"has-text-align-center\" data-align=\"center\"><strong>T\u00cdTULO<\/strong><\/td><td class=\"has-text-align-center\" data-align=\"center\"><strong>VALOR UNIT\u00c1RIO<\/strong><\/td><td class=\"has-text-align-center\" data-align=\"center\"><strong>VALOR M\u00c1XIMO<\/strong><\/td><\/tr><tr><td class=\"has-text-align-center\" data-align=\"center\">a) T\u00edtulo de Doutor na \u00c1rea Espec\u00edfica do Cargo, obtido em Institui\u00e7\u00e3o Oficial reconhecida pelo Minist\u00e9rio da Educa\u00e7\u00e3o<br \/>(MEC), conclu\u00eddo at\u00e9 a data da<br \/>apresenta\u00e7\u00e3o dos T\u00edtulos.<\/td><td class=\"has-text-align-center\" data-align=\"center\">2,5 pontos<\/td><td class=\"has-text-align-center\" data-align=\"center\">2,5 pontos<\/td><\/tr><tr><td class=\"has-text-align-center\" data-align=\"center\">b) T\u00edtulo de Mestre na \u00c1rea Espec\u00edfica do Cargo, obtido em Institui\u00e7\u00e3o Oficial reconhecida pelo Minist\u00e9rio da Educa\u00e7\u00e3o<br \/>(MEC), conclu\u00eddo at\u00e9 a data da<br \/>apresenta\u00e7\u00e3o dos T\u00edtulos.<\/td><td class=\"has-text-align-center\" data-align=\"center\">1,5 ponto<\/td><td class=\"has-text-align-center\" data-align=\"center\">1,5 ponto<\/td><\/tr><tr><td class=\"has-text-align-center\" data-align=\"center\">c) P\u00f3s-Gradua\u00e7\u00e3o Lato Sensu<br \/>(Especializa\u00e7\u00e3o), na \u00c1rea Espec\u00edfica do Cargo, realizada em Institui\u00e7\u00e3o Oficial reconhecida pelo Minist\u00e9rio da Educa\u00e7\u00e3o (MEC), com carga hor\u00e1ria m\u00ednima de 360 horas,<br \/>conclu\u00edda at\u00e9 a data de apresenta\u00e7\u00e3o dos T\u00edtulos.<\/td><td class=\"has-text-align-center\" data-align=\"center\">0,5 ponto por<br \/>Especializa\u00e7\u00e3o<\/td><td class=\"has-text-align-center\" data-align=\"center\">1,0 ponto<\/td><\/tr><tr><td class=\"has-text-align-center\" data-align=\"center\"><strong>TOTAL<\/strong><\/td><td class=\"has-text-align-center\" data-align=\"center\"><\/td><td class=\"has-text-align-center\" data-align=\"center\"><strong>5,0 pontos<\/strong><\/td><\/tr><\/tbody><\/table><\/figure>\n\n\n\n<h2 class=\"has-text-align-center wp-block-heading\" id=\"h-quer-saber-tudo-sobre-concursos-previstos-confira-nossos-artigos\">Quer saber tudo sobre concursos previstos?<br \/>Confira nossos artigos!<\/h2>\n\n\n\n<ul class=\"wp-block-list\"><li><a href=\"https:\/\/www.estrategiaconcursos.com.br\/blog\/concursos-abertos\/\" target=\"_blank\" rel=\"noreferrer noopener\">Concursos abertos<\/a><\/li><li><a href=\"https:\/\/www.estrategiaconcursos.com.br\/blog\/concursos-2022\/\" target=\"_blank\" rel=\"noreferrer noopener\">Concursos 2022<\/a><\/li><\/ul>\n\n\n\n<h2 class=\"has-text-align-center wp-block-heading\" id=\"CURSOS\">Cursos para o FITO Osasco Professor<\/h2>\n\n\n\n<h3 class=\"has-text-align-center wp-block-heading\" id=\"cursos-assinatura\"><strong><em>Gostou dessa oportunidade? Confira nossos cursos e saia na frente!<\/em><\/strong><\/h3>\n\n\n\n<div class=\"container\" id=\"boxes\">\n  <div class=\"row\">\n\n    <div class=\"col-sm\">\n      <div class=\"banner-estrategia\" id=\"box-assinatura\">\n        <h3 class=\"titulo-assinatura\">Cursos para o concurso FITO Osasco<\/h3>\n        <p class=\"subtitulo-assinatura\">Conhe\u00e7a os cursos<\/p>\n        <div class=\"box-botao\">\n          <a class=\"btn-assinatura\" target=\"_blank\" href=\"https:\/\/www.estrategiaconcursos.com.br\/cursosPorConcurso\/fundacao-instituto-tecnologico-de-osasco-fito\/\" role=\"button\" rel=\"noopener noreferrer\">Conhe\u00e7a mais<\/a>\n        <\/div>\n      <\/div>\n      <p class=\"texto-auxiliar\">Prepare-se com o melhor material e com quem mais aprova em Concursos P\u00fablicos em todo o pa\u00eds.<\/p>\n    <\/div>\n\n  <\/div>\n<\/div>\n\n\n\n<div class=\"container\" id=\"boxes\">\n  <div class=\"row\">\n\n    <div class=\"col-sm\">\n      <div class=\"estrategia\" id=\"box-assinatura\">\n        <h3 class=\"titulo-assinatura\">Assinatura Concursos<\/h3>\n        <p class=\"subtitulo-assinatura\">Assinatura de 1 ano ou 2 anos<\/p>\n        <div class=\"box-botao\">\n          <a class=\"btn-assinatura\" target=\"_blank\" href=\"https:\/\/www.estrategiaconcursos.com.br\/assinaturas\/\" role=\"button\" rel=\"noopener noreferrer\">ASSINE AGORA<\/a>\n        <\/div>\n      <\/div>\n     \n    <\/div><\/div><\/div>\n\n\n\n<figure class=\"wp-block-image is-resized\"><img loading=\"lazy\" decoding=\"async\" src=\"https:\/\/dhg1h5j42swfq.cloudfront.net\/2021\/04\/06111311\/ficha-tecnica-49-1024x632.png\" alt=\"\" class=\"wp-image-708285\" width=\"205\" height=\"126\" srcset=\"https:\/\/dhg1h5j42swfq.cloudfront.net\/2021\/04\/06111311\/ficha-tecnica-49-1024x632.png 1024w, https:\/\/dhg1h5j42swfq.cloudfront.net\/2021\/04\/06111311\/ficha-tecnica-49-300x185.png 300w, https:\/\/dhg1h5j42swfq.cloudfront.net\/2021\/04\/06111311\/ficha-tecnica-49-768x474.png 768w, https:\/\/dhg1h5j42swfq.cloudfront.net\/2021\/04\/06111311\/ficha-tecnica-49-1536x948.png 1536w, https:\/\/dhg1h5j42swfq.cloudfront.net\/2021\/04\/06111311\/ficha-tecnica-49-610x377.png 610w, https:\/\/dhg1h5j42swfq.cloudfront.net\/2021\/04\/06111311\/ficha-tecnica-49.png 1571w\" sizes=\"auto, (max-width: 205px) 100vw, 205px\" \/><\/figure>\n\n\n\n<h4 class=\"wp-block-heading\" id=\"ficha\"><strong>Informa\u00e7\u00f5es sobre o edital <\/strong>FITO OSASCO Professor<\/h4>\n\n\n\n<p>\u25ba<strong>Data prevista<\/strong>: 11\/09\/2022<br \/>\u25ba<strong>Vagas<\/strong>: 62<br \/>\u25ba<strong>Cargos<\/strong>: Auxiliar de Doc\u00eancia; Analista de Gest\u00e3o; Professor de Desenvolvimento Infantil <br \/>e Professor Especialista <br \/>\u25ba<strong>Banca<\/strong>: Instituto Mais<br \/>\u25ba<strong><\/strong><strong>Edital:<\/strong> <a href=\"https:\/\/dhg1h5j42swfq.cloudfront.net\/2022\/07\/09121445\/cp-01_2022-edital-de-abertura-de-inscricoes_publicacao_08_07_20221.pdf\" target=\"_blank\" rel=\"noreferrer noopener nofollow\"><strong><mark style=\"background-color:rgba(0, 0, 0, 0)\" class=\"has-inline-color has-black-color\">FITO Osasco 2022<\/mark><\/strong><\/a><\/p>\n","protected":false},"excerpt":{"rendered":"<p>Foi publicado o edital FITO Osasco, com oferta de 62 vagas imediatas mais vagas para forma\u00e7\u00e3o de cadastro de reserva na Funda\u00e7\u00e3o Instituto Tecnol\u00f3gico de Osasco. Os interessados poder\u00e3o se inscrever no endere\u00e7o eletr\u00f4nico do INSTITUTO MAIS no per\u00edodo compreendido entre \u00e0s 10 horas do dia 11 de julho e 17 horas do dia 10 [&hellip;]<\/p>\n","protected":false},"author":1376,"featured_media":1058490,"comment_status":"open","ping_status":"closed","sticky":false,"template":"","format":"standard","meta":{"post_tipo":"news","footnotes":""},"categories":[3766],"tags":[],"tax_estado":[219989],"class_list":["post-1058468","post","type-post","status-publish","format-standard","has-post-thumbnail","hentry","category-educacional","tax_estado-sp"],"acf":[],"yoast_head":"<!-- This site is optimized with the Yoast SEO Premium plugin v27.2 (Yoast SEO v27.2) - https:\/\/yoast.com\/product\/yoast-seo-premium-wordpress\/ -->\n<title>Edital FITO Osasco publicado com 62 vagas! Confira!<\/title>\n<meta name=\"description\" content=\"Foi publicado o edital FITO Osasco, com oferta de 62 vagas diretas mais vagas para forma\u00e7\u00e3o de cadastro reserva na \u00e1rea da educa\u00e7\u00e3o.\" \/>\n<meta name=\"robots\" content=\"index, follow, max-snippet:-1, max-image-preview:large, max-video-preview:-1\" \/>\n<link rel=\"canonical\" href=\"https:\/\/www.estrategiaconcursos.com.br\/blog\/edital-fito-osasco\/\" \/>\n<meta property=\"og:locale\" content=\"pt_BR\" \/>\n<meta property=\"og:type\" content=\"article\" \/>\n<meta property=\"og:title\" content=\"Edital FITO Osasco publicado com 62 vagas! Confira!\" \/>\n<meta property=\"og:description\" content=\"Foi publicado o edital FITO Osasco, com oferta de 62 vagas diretas mais vagas para forma\u00e7\u00e3o de cadastro reserva na \u00e1rea da educa\u00e7\u00e3o.\" \/>\n<meta property=\"og:url\" content=\"https:\/\/www.estrategiaconcursos.com.br\/blog\/edital-fito-osasco\/\" \/>\n<meta property=\"og:site_name\" content=\"Estrat\u00e9gia Concursos\" \/>\n<meta property=\"article:published_time\" content=\"2022-07-09T14:43:00+00:00\" \/>\n<meta property=\"article:modified_time\" content=\"2022-07-12T15:33:54+00:00\" \/>\n<meta property=\"og:image\" content=\"https:\/\/dhg1h5j42swfq.cloudfront.net\/2022\/07\/09123420\/saiu-edital-1-2-4.jpg\" \/>\n\t<meta property=\"og:image:width\" content=\"1200\" \/>\n\t<meta property=\"og:image:height\" content=\"628\" \/>\n\t<meta property=\"og:image:type\" content=\"image\/jpeg\" \/>\n<meta name=\"author\" content=\"Mariana Cury Bunduky\" \/>\n<meta name=\"twitter:card\" content=\"summary_large_image\" \/>\n<meta name=\"twitter:creator\" content=\"@EstratConcursos\" \/>\n<meta name=\"twitter:site\" content=\"@EstratConcursos\" \/>\n<meta name=\"twitter:label1\" content=\"Escrito por\" \/>\n\t<meta name=\"twitter:data1\" content=\"Mariana Cury Bunduky\" \/>\n\t<meta name=\"twitter:label2\" content=\"Est. tempo de leitura\" \/>\n\t<meta name=\"twitter:data2\" content=\"6 minutos\" \/>\n<script type=\"application\/ld+json\" class=\"yoast-schema-graph\">{\"@context\":\"https:\/\/schema.org\",\"@graph\":[{\"@type\":\"NewsArticle\",\"@id\":\"https:\/\/www.estrategiaconcursos.com.br\/blog\/edital-fito-osasco\/#article\",\"isPartOf\":{\"@id\":\"https:\/\/www.estrategiaconcursos.com.br\/blog\/edital-fito-osasco\/\"},\"author\":{\"name\":\"Mariana Cury Bunduky\",\"@id\":\"https:\/\/www.estrategiaconcursos.com.br\/blog\/#\/schema\/person\/97594fe1216aa8a9cd2782ad241b7bac\"},\"headline\":\"Edital FITO Osasco publicado com 62 vagas! Confira!\",\"datePublished\":\"2022-07-09T14:43:00+00:00\",\"dateModified\":\"2022-07-12T15:33:54+00:00\",\"mainEntityOfPage\":{\"@id\":\"https:\/\/www.estrategiaconcursos.com.br\/blog\/edital-fito-osasco\/\"},\"wordCount\":982,\"commentCount\":0,\"publisher\":{\"@id\":\"https:\/\/www.estrategiaconcursos.com.br\/blog\/#organization\"},\"image\":{\"@id\":\"https:\/\/www.estrategiaconcursos.com.br\/blog\/edital-fito-osasco\/#primaryimage\"},\"thumbnailUrl\":\"https:\/\/dhg1h5j42swfq.cloudfront.net\/2022\/07\/09123420\/saiu-edital-1-2-4.jpg\",\"articleSection\":[\"Educa\u00e7\u00e3o\"],\"inLanguage\":\"pt-BR\",\"potentialAction\":[{\"@type\":\"CommentAction\",\"name\":\"Comment\",\"target\":[\"https:\/\/www.estrategiaconcursos.com.br\/blog\/edital-fito-osasco\/#respond\"]}],\"copyrightYear\":\"2022\",\"copyrightHolder\":{\"@id\":\"https:\/\/www.estrategiaconcursos.com.br\/blog\/#organization\"}},{\"@type\":\"WebPage\",\"@id\":\"https:\/\/www.estrategiaconcursos.com.br\/blog\/edital-fito-osasco\/\",\"url\":\"https:\/\/www.estrategiaconcursos.com.br\/blog\/edital-fito-osasco\/\",\"name\":\"Edital FITO Osasco publicado com 62 vagas! Confira!\",\"isPartOf\":{\"@id\":\"https:\/\/www.estrategiaconcursos.com.br\/blog\/#website\"},\"primaryImageOfPage\":{\"@id\":\"https:\/\/www.estrategiaconcursos.com.br\/blog\/edital-fito-osasco\/#primaryimage\"},\"image\":{\"@id\":\"https:\/\/www.estrategiaconcursos.com.br\/blog\/edital-fito-osasco\/#primaryimage\"},\"thumbnailUrl\":\"https:\/\/dhg1h5j42swfq.cloudfront.net\/2022\/07\/09123420\/saiu-edital-1-2-4.jpg\",\"datePublished\":\"2022-07-09T14:43:00+00:00\",\"dateModified\":\"2022-07-12T15:33:54+00:00\",\"description\":\"Foi publicado o edital FITO Osasco, com oferta de 62 vagas diretas mais vagas para forma\u00e7\u00e3o de cadastro reserva na \u00e1rea da educa\u00e7\u00e3o.\",\"breadcrumb\":{\"@id\":\"https:\/\/www.estrategiaconcursos.com.br\/blog\/edital-fito-osasco\/#breadcrumb\"},\"inLanguage\":\"pt-BR\",\"potentialAction\":[{\"@type\":\"ReadAction\",\"target\":[\"https:\/\/www.estrategiaconcursos.com.br\/blog\/edital-fito-osasco\/\"]}]},{\"@type\":\"ImageObject\",\"inLanguage\":\"pt-BR\",\"@id\":\"https:\/\/www.estrategiaconcursos.com.br\/blog\/edital-fito-osasco\/#primaryimage\",\"url\":\"https:\/\/dhg1h5j42swfq.cloudfront.net\/2022\/07\/09123420\/saiu-edital-1-2-4.jpg\",\"contentUrl\":\"https:\/\/dhg1h5j42swfq.cloudfront.net\/2022\/07\/09123420\/saiu-edital-1-2-4.jpg\",\"width\":1200,\"height\":628,\"caption\":\"Concurso ISS Senador Canedo\"},{\"@type\":\"BreadcrumbList\",\"@id\":\"https:\/\/www.estrategiaconcursos.com.br\/blog\/edital-fito-osasco\/#breadcrumb\",\"itemListElement\":[{\"@type\":\"ListItem\",\"position\":1,\"name\":\"In\u00edcio\",\"item\":\"https:\/\/www.estrategiaconcursos.com.br\/blog\/\"},{\"@type\":\"ListItem\",\"position\":2,\"name\":\"Edital FITO Osasco publicado com 62 vagas! Confira!\"}]},{\"@type\":\"WebSite\",\"@id\":\"https:\/\/www.estrategiaconcursos.com.br\/blog\/#website\",\"url\":\"https:\/\/www.estrategiaconcursos.com.br\/blog\/\",\"name\":\"Estrat\u00e9gia Concursos\",\"description\":\"O blog da Estrat\u00e9gia Concursos traz not\u00edcias sobre concursos e artigos de professores oferecendo cursos para concursos (pdf + videaulas) no site.\",\"publisher\":{\"@id\":\"https:\/\/www.estrategiaconcursos.com.br\/blog\/#organization\"},\"potentialAction\":[{\"@type\":\"SearchAction\",\"target\":{\"@type\":\"EntryPoint\",\"urlTemplate\":\"https:\/\/www.estrategiaconcursos.com.br\/blog\/?s={search_term_string}\"},\"query-input\":{\"@type\":\"PropertyValueSpecification\",\"valueRequired\":true,\"valueName\":\"search_term_string\"}}],\"inLanguage\":\"pt-BR\"},{\"@type\":\"Organization\",\"@id\":\"https:\/\/www.estrategiaconcursos.com.br\/blog\/#organization\",\"name\":\"Estrat\u00e9gia Concursos\",\"url\":\"https:\/\/www.estrategiaconcursos.com.br\/blog\/\",\"logo\":{\"@type\":\"ImageObject\",\"inLanguage\":\"pt-BR\",\"@id\":\"https:\/\/www.estrategiaconcursos.com.br\/blog\/#\/schema\/logo\/image\/\",\"url\":\"https:\/\/dhg1h5j42swfq.cloudfront.net\/2025\/06\/03203428\/logo_concursos-1.jpg\",\"contentUrl\":\"https:\/\/dhg1h5j42swfq.cloudfront.net\/2025\/06\/03203428\/logo_concursos-1.jpg\",\"width\":230,\"height\":60,\"caption\":\"Estrat\u00e9gia Concursos\"},\"image\":{\"@id\":\"https:\/\/www.estrategiaconcursos.com.br\/blog\/#\/schema\/logo\/image\/\"},\"sameAs\":[\"https:\/\/x.com\/EstratConcursos\"]},{\"@type\":\"Person\",\"@id\":\"https:\/\/www.estrategiaconcursos.com.br\/blog\/#\/schema\/person\/97594fe1216aa8a9cd2782ad241b7bac\",\"name\":\"Mariana Cury Bunduky\",\"image\":{\"@type\":\"ImageObject\",\"inLanguage\":\"pt-BR\",\"@id\":\"https:\/\/secure.gravatar.com\/avatar\/?s=96&d=mm&r=g\",\"url\":\"https:\/\/secure.gravatar.com\/avatar\/?s=96&d=mm&r=g\",\"contentUrl\":\"https:\/\/secure.gravatar.com\/avatar\/?s=96&d=mm&r=g\",\"caption\":\"Mariana Cury Bunduky\"},\"url\":\"https:\/\/www.estrategiaconcursos.com.br\/blog\/author\/mariana-bunduky\/\"}]}<\/script>\n<!-- \/ Yoast SEO Premium plugin. -->","yoast_head_json":{"title":"Edital FITO Osasco publicado com 62 vagas! Confira!","description":"Foi publicado o edital FITO Osasco, com oferta de 62 vagas diretas mais vagas para forma\u00e7\u00e3o de cadastro reserva na \u00e1rea da educa\u00e7\u00e3o.","robots":{"index":"index","follow":"follow","max-snippet":"max-snippet:-1","max-image-preview":"max-image-preview:large","max-video-preview":"max-video-preview:-1"},"canonical":"https:\/\/www.estrategiaconcursos.com.br\/blog\/edital-fito-osasco\/","og_locale":"pt_BR","og_type":"article","og_title":"Edital FITO Osasco publicado com 62 vagas! Confira!","og_description":"Foi publicado o edital FITO Osasco, com oferta de 62 vagas diretas mais vagas para forma\u00e7\u00e3o de cadastro reserva na \u00e1rea da educa\u00e7\u00e3o.","og_url":"https:\/\/www.estrategiaconcursos.com.br\/blog\/edital-fito-osasco\/","og_site_name":"Estrat\u00e9gia Concursos","article_published_time":"2022-07-09T14:43:00+00:00","article_modified_time":"2022-07-12T15:33:54+00:00","og_image":[{"width":1200,"height":628,"url":"https:\/\/dhg1h5j42swfq.cloudfront.net\/2022\/07\/09123420\/saiu-edital-1-2-4.jpg","type":"image\/jpeg"}],"author":"Mariana Cury Bunduky","twitter_card":"summary_large_image","twitter_creator":"@EstratConcursos","twitter_site":"@EstratConcursos","twitter_misc":{"Escrito por":"Mariana Cury Bunduky","Est. tempo de leitura":"6 minutos"},"schema":{"@context":"https:\/\/schema.org","@graph":[{"@type":"NewsArticle","@id":"https:\/\/www.estrategiaconcursos.com.br\/blog\/edital-fito-osasco\/#article","isPartOf":{"@id":"https:\/\/www.estrategiaconcursos.com.br\/blog\/edital-fito-osasco\/"},"author":{"name":"Mariana Cury Bunduky","@id":"https:\/\/www.estrategiaconcursos.com.br\/blog\/#\/schema\/person\/97594fe1216aa8a9cd2782ad241b7bac"},"headline":"Edital FITO Osasco publicado com 62 vagas! Confira!","datePublished":"2022-07-09T14:43:00+00:00","dateModified":"2022-07-12T15:33:54+00:00","mainEntityOfPage":{"@id":"https:\/\/www.estrategiaconcursos.com.br\/blog\/edital-fito-osasco\/"},"wordCount":982,"commentCount":0,"publisher":{"@id":"https:\/\/www.estrategiaconcursos.com.br\/blog\/#organization"},"image":{"@id":"https:\/\/www.estrategiaconcursos.com.br\/blog\/edital-fito-osasco\/#primaryimage"},"thumbnailUrl":"https:\/\/dhg1h5j42swfq.cloudfront.net\/2022\/07\/09123420\/saiu-edital-1-2-4.jpg","articleSection":["Educa\u00e7\u00e3o"],"inLanguage":"pt-BR","potentialAction":[{"@type":"CommentAction","name":"Comment","target":["https:\/\/www.estrategiaconcursos.com.br\/blog\/edital-fito-osasco\/#respond"]}],"copyrightYear":"2022","copyrightHolder":{"@id":"https:\/\/www.estrategiaconcursos.com.br\/blog\/#organization"}},{"@type":"WebPage","@id":"https:\/\/www.estrategiaconcursos.com.br\/blog\/edital-fito-osasco\/","url":"https:\/\/www.estrategiaconcursos.com.br\/blog\/edital-fito-osasco\/","name":"Edital FITO Osasco publicado com 62 vagas! Confira!","isPartOf":{"@id":"https:\/\/www.estrategiaconcursos.com.br\/blog\/#website"},"primaryImageOfPage":{"@id":"https:\/\/www.estrategiaconcursos.com.br\/blog\/edital-fito-osasco\/#primaryimage"},"image":{"@id":"https:\/\/www.estrategiaconcursos.com.br\/blog\/edital-fito-osasco\/#primaryimage"},"thumbnailUrl":"https:\/\/dhg1h5j42swfq.cloudfront.net\/2022\/07\/09123420\/saiu-edital-1-2-4.jpg","datePublished":"2022-07-09T14:43:00+00:00","dateModified":"2022-07-12T15:33:54+00:00","description":"Foi publicado o edital FITO Osasco, com oferta de 62 vagas diretas mais vagas para forma\u00e7\u00e3o de cadastro reserva na \u00e1rea da educa\u00e7\u00e3o.","breadcrumb":{"@id":"https:\/\/www.estrategiaconcursos.com.br\/blog\/edital-fito-osasco\/#breadcrumb"},"inLanguage":"pt-BR","potentialAction":[{"@type":"ReadAction","target":["https:\/\/www.estrategiaconcursos.com.br\/blog\/edital-fito-osasco\/"]}]},{"@type":"ImageObject","inLanguage":"pt-BR","@id":"https:\/\/www.estrategiaconcursos.com.br\/blog\/edital-fito-osasco\/#primaryimage","url":"https:\/\/dhg1h5j42swfq.cloudfront.net\/2022\/07\/09123420\/saiu-edital-1-2-4.jpg","contentUrl":"https:\/\/dhg1h5j42swfq.cloudfront.net\/2022\/07\/09123420\/saiu-edital-1-2-4.jpg","width":1200,"height":628,"caption":"Concurso ISS Senador Canedo"},{"@type":"BreadcrumbList","@id":"https:\/\/www.estrategiaconcursos.com.br\/blog\/edital-fito-osasco\/#breadcrumb","itemListElement":[{"@type":"ListItem","position":1,"name":"In\u00edcio","item":"https:\/\/www.estrategiaconcursos.com.br\/blog\/"},{"@type":"ListItem","position":2,"name":"Edital FITO Osasco publicado com 62 vagas! Confira!"}]},{"@type":"WebSite","@id":"https:\/\/www.estrategiaconcursos.com.br\/blog\/#website","url":"https:\/\/www.estrategiaconcursos.com.br\/blog\/","name":"Estrat\u00e9gia Concursos","description":"O blog da Estrat\u00e9gia Concursos traz not\u00edcias sobre concursos e artigos de professores oferecendo cursos para concursos (pdf + videaulas) no site.","publisher":{"@id":"https:\/\/www.estrategiaconcursos.com.br\/blog\/#organization"},"potentialAction":[{"@type":"SearchAction","target":{"@type":"EntryPoint","urlTemplate":"https:\/\/www.estrategiaconcursos.com.br\/blog\/?s={search_term_string}"},"query-input":{"@type":"PropertyValueSpecification","valueRequired":true,"valueName":"search_term_string"}}],"inLanguage":"pt-BR"},{"@type":"Organization","@id":"https:\/\/www.estrategiaconcursos.com.br\/blog\/#organization","name":"Estrat\u00e9gia Concursos","url":"https:\/\/www.estrategiaconcursos.com.br\/blog\/","logo":{"@type":"ImageObject","inLanguage":"pt-BR","@id":"https:\/\/www.estrategiaconcursos.com.br\/blog\/#\/schema\/logo\/image\/","url":"https:\/\/dhg1h5j42swfq.cloudfront.net\/2025\/06\/03203428\/logo_concursos-1.jpg","contentUrl":"https:\/\/dhg1h5j42swfq.cloudfront.net\/2025\/06\/03203428\/logo_concursos-1.jpg","width":230,"height":60,"caption":"Estrat\u00e9gia Concursos"},"image":{"@id":"https:\/\/www.estrategiaconcursos.com.br\/blog\/#\/schema\/logo\/image\/"},"sameAs":["https:\/\/x.com\/EstratConcursos"]},{"@type":"Person","@id":"https:\/\/www.estrategiaconcursos.com.br\/blog\/#\/schema\/person\/97594fe1216aa8a9cd2782ad241b7bac","name":"Mariana Cury Bunduky","image":{"@type":"ImageObject","inLanguage":"pt-BR","@id":"https:\/\/secure.gravatar.com\/avatar\/?s=96&d=mm&r=g","url":"https:\/\/secure.gravatar.com\/avatar\/?s=96&d=mm&r=g","contentUrl":"https:\/\/secure.gravatar.com\/avatar\/?s=96&d=mm&r=g","caption":"Mariana Cury Bunduky"},"url":"https:\/\/www.estrategiaconcursos.com.br\/blog\/author\/mariana-bunduky\/"}]}},"_links":{"self":[{"href":"https:\/\/www.estrategiaconcursos.com.br\/blog\/wp-json\/wp\/v2\/posts\/1058468","targetHints":{"allow":["GET"]}}],"collection":[{"href":"https:\/\/www.estrategiaconcursos.com.br\/blog\/wp-json\/wp\/v2\/posts"}],"about":[{"href":"https:\/\/www.estrategiaconcursos.com.br\/blog\/wp-json\/wp\/v2\/types\/post"}],"author":[{"embeddable":true,"href":"https:\/\/www.estrategiaconcursos.com.br\/blog\/wp-json\/wp\/v2\/users\/1376"}],"replies":[{"embeddable":true,"href":"https:\/\/www.estrategiaconcursos.com.br\/blog\/wp-json\/wp\/v2\/comments?post=1058468"}],"version-history":[{"count":19,"href":"https:\/\/www.estrategiaconcursos.com.br\/blog\/wp-json\/wp\/v2\/posts\/1058468\/revisions"}],"predecessor-version":[{"id":1063283,"href":"https:\/\/www.estrategiaconcursos.com.br\/blog\/wp-json\/wp\/v2\/posts\/1058468\/revisions\/1063283"}],"wp:featuredmedia":[{"embeddable":true,"href":"https:\/\/www.estrategiaconcursos.com.br\/blog\/wp-json\/wp\/v2\/media\/1058490"}],"wp:attachment":[{"href":"https:\/\/www.estrategiaconcursos.com.br\/blog\/wp-json\/wp\/v2\/media?parent=1058468"}],"wp:term":[{"taxonomy":"category","embeddable":true,"href":"https:\/\/www.estrategiaconcursos.com.br\/blog\/wp-json\/wp\/v2\/categories?post=1058468"},{"taxonomy":"post_tag","embeddable":true,"href":"https:\/\/www.estrategiaconcursos.com.br\/blog\/wp-json\/wp\/v2\/tags?post=1058468"},{"taxonomy":"tax_estado","embeddable":true,"href":"https:\/\/www.estrategiaconcursos.com.br\/blog\/wp-json\/wp\/v2\/tax_estado?post=1058468"}],"curies":[{"name":"wp","href":"https:\/\/api.w.org\/{rel}","templated":true}]}}