{"id":1058395,"date":"2022-07-14T13:10:00","date_gmt":"2022-07-14T16:10:00","guid":{"rendered":"https:\/\/www.estrategiaconcursos.com.br\/blog\/?p=1058395"},"modified":"2022-07-14T14:41:47","modified_gmt":"2022-07-14T17:41:47","slug":"concurso-embu-guacu-edital-publicado","status":"publish","type":"post","link":"https:\/\/www.estrategiaconcursos.com.br\/blog\/concurso-embu-guacu-edital-publicado\/","title":{"rendered":"Edital Embu-Gua\u00e7u SP: inscri\u00e7\u00f5es abertas para n\u00edvel superior"},"content":{"rendered":"\n<p>Est\u00e3o abertas as inscri\u00e7\u00f5es do edital Prefeitura de<strong> Embu-Gua\u00e7u<\/strong>, em S\u00e3o Paulo (SP). O concurso oferta vagas para n\u00edvel superior de forma\u00e7\u00e3o:<\/p>\n\n\n\n<ul class=\"wp-block-list\"><li><strong>Arquiteto<\/strong>;<\/li><li><strong>Professor de Educa\u00e7\u00e3o Especial Especializa\u00e7\u00e3o em Braile<\/strong>;<\/li><li><strong><\/strong><strong>Professor de Educa\u00e7\u00e3o Especial Especializa\u00e7\u00e3o em Libra<\/strong>;<\/li><li><strong>Top\u00f3grafo<\/strong>.<\/li><\/ul>\n\n\n\n<p>Sob organiza\u00e7\u00e3o do <a href=\"https:\/\/www.nossorumo.org.br\/#InscricaoAbertas\" target=\"_blank\" rel=\"noreferrer noopener\">Instituto Nosso Rumo<\/a>, as inscri\u00e7\u00f5es ficar\u00e3o abertas at\u00e9 o dia <strong>09 de agosto<\/strong>. Os candidatos tamb\u00e9m devem efetuar o pagamento da taxa fixada em <strong>R$ 89,00<\/strong> para todos os cargos.<\/p>\n\n\n\n<p>Ao longo deste artigo, voc\u00ea confere mais informa\u00e7\u00f5es sobre o edital da Prefeitura de Embu-Gua\u00e7u SP e seus cargos.<\/p>\n\n\n\n<div class=\"container\" id=\"boxes\">\n  <div class=\"row\">\n\n    <div class=\"col-sm\">\n      <div class=\"estrategia\" id=\"box-assinatura\">\n        <h3 class=\"titulo-assinatura\">Assinatura Concursos<\/h3>\n        <p class=\"subtitulo-assinatura\">Assinatura de 1 ano ou 2 anos<\/p>\n        <div class=\"box-botao\">\n          <a class=\"btn-assinatura\" target=\"_blank\" href=\"https:\/\/www.estrategiaconcursos.com.br\/assinaturas\/\" role=\"button\" rel=\"noopener noreferrer\">ASSINE AGORA<\/a>\n        <\/div>\n      <\/div><\/div><\/div><\/div>\n\n\n\n<h2 class=\"wp-block-heading\" id=\"h-edital-embu-guacu-sp-principais-datas\">Edital Embu-Gua\u00e7u SP: principais datas<\/h2>\n\n\n\n<ul class=\"wp-block-list\"><li><strong>Inscri\u00e7\u00f5es:<\/strong>&nbsp;14\/07 a 09\/08\/2022<\/li><li><strong>Isen\u00e7\u00e3o da taxa:<\/strong>&nbsp;14 a 15\/07\/2022<\/li><li><strong>Pagamento da taxa:<\/strong>&nbsp;at\u00e9 10\/08\/2022<\/li><li><strong>Data da prova:<\/strong>&nbsp;04\/09\/2022<\/li><\/ul>\n\n\n\n<h2 class=\"wp-block-heading\" id=\"h-edital-embu-guacu-sp-cargos-e-vagas\">Edital Embu-Gua\u00e7u SP: cargos e vagas<\/h2>\n\n\n\n<ul class=\"wp-block-list\"><li><strong>Arquiteto:<\/strong> <ul><li>1 vaga;<\/li><li>R$ 2.682,54;<\/li><\/ul><ul><li>Curso Superior Completo em Arquitetura.<\/li><\/ul><\/li><\/ul>\n\n\n\n<ul class=\"wp-block-list\"><li><strong style=\"color: initial;\">Professor de Educa\u00e7\u00e3o Especial Especializa\u00e7\u00e3o em Braile:<\/strong><span style=\"color: initial;\"> <\/span><ul><li><span style=\"color: initial;\">1 vaga;<\/span><\/li><li><span style=\"color: initial;\">R$ 16,03 para 150h mensais = <span style=\"color: initial;\">R$<\/span> 2.404,50;<\/span><\/li><\/ul><ul><li>Curso Superior Completo em Pedagogia + P\u00f3s-Gradua\u00e7\u00e3o em Braile.<\/li><\/ul><\/li><\/ul>\n\n\n\n<ul class=\"wp-block-list\"><li><strong style=\"color: initial;\"><\/strong><strong>Professor de Educa\u00e7\u00e3o Especial Especializa\u00e7\u00e3o em Libra<\/strong>:<span style=\"color: initial;\"> <\/span><ul><li><span style=\"color: initial;\">1 vaga;<\/span><\/li><li><span style=\"color: initial;\">R$ 16,03 para 150h mensais = <span style=\"color: initial;\">R$<\/span> 2.404,50;<\/span><\/li><\/ul><ul><li>Curso Superior Completo em Pedagogia + P\u00f3s-Gradua\u00e7\u00e3o em Libras.<\/li><\/ul><\/li><\/ul>\n\n\n\n<ul class=\"wp-block-list\"><li><strong style=\"color: initial;\">Top\u00f3grafo:<\/strong><span style=\"color: initial;\"> <\/span><ul><li><span style=\"color: initial;\">1 vaga; <\/span><\/li><li><span style=\"color: initial;\">R$ 2.117,63<\/span>;<\/li><\/ul><ul><li>Curso Superior Completo em Engenharia Cartogr\u00e1fica ou Agrimensura.<\/li><\/ul><\/li><\/ul>\n\n\n\n<h2 class=\"wp-block-heading\" id=\"h-edital-embu-guacu-sp-etapas\">Edital Embu-Gua\u00e7u SP: etapas<\/h2>\n\n\n\n<p>O edital Embu-Gua\u00e7u SP \u00e9 composto de Provas Objetivas e Avalia\u00e7\u00e3o de T\u00edtulos. Confira os detalhes sobre as respectivas etapas:<\/p>\n\n\n\n<h3 class=\"wp-block-heading\" id=\"prova-objetiva\">Prova objetiva<\/h3>\n\n\n\n<p>As Provas Objetivas ter\u00e3o a dura\u00e7\u00e3o de 3 horas, nas quais o candidato dever\u00e1 responder 30 quest\u00f5es objetivas de m\u00faltipla escolha, com cinco alternativas cada.<\/p>\n\n\n\n<p>Avaliada na escala de 0 a 100 pontos, ser\u00e1 considerado habilitado na etapa o candidato que obtiver total de pontos igual ou superior a 50.<\/p>\n\n\n\n<ul class=\"wp-block-list\"><li>L\u00edngua Portuguesa &#8211; 10 quest\u00f5es<\/li><li>Matem\u00e1tica &#8211; 05 quest\u00f5es<\/li><li>Atualidades e Conhecimentos Gerais &#8211; 05 quest\u00f5es<\/li><li>Conhecimentos Espec\u00edficos &#8211; 10 quest\u00f5es<\/li><\/ul>\n\n\n\n<h3 class=\"wp-block-heading\" id=\"prova-objetiva\">Prova de t\u00edtulos<\/h3>\n\n\n\n<p>A pontua\u00e7\u00e3o da documenta\u00e7\u00e3o de T\u00edtulos se limitar\u00e1 ao valor de 9,5 pontos. No somat\u00f3rio da pontua\u00e7\u00e3o de cada candidato, os pontos excedentes ser\u00e3o desprezados.<\/p>\n\n\n\n<div class=\"wp-block-image\"><figure class=\"aligncenter size-full\"><img loading=\"lazy\" decoding=\"async\" width=\"765\" height=\"273\" src=\"https:\/\/dhg1h5j42swfq.cloudfront.net\/2022\/07\/09085717\/image-131.png\" alt=\"Quadro de t\u00edtulos do novo edital Embu-Gua\u00e7u\" class=\"wp-image-1058414\" srcset=\"https:\/\/dhg1h5j42swfq.cloudfront.net\/2022\/07\/09085717\/image-131.png 765w, https:\/\/dhg1h5j42swfq.cloudfront.net\/2022\/07\/09085717\/image-131-300x107.png 300w, https:\/\/dhg1h5j42swfq.cloudfront.net\/2022\/07\/09085717\/image-131-610x218.png 610w, https:\/\/dhg1h5j42swfq.cloudfront.net\/2022\/07\/09085717\/image-131-150x54.png 150w\" sizes=\"auto, (max-width: 765px) 100vw, 765px\" \/><\/figure><\/div>\n\n\n\n<p class=\"has-text-align-center\"><em>Para mais informa\u00e7\u00f5es sobre o concurso Embu-Gua\u00e7u SP e os demais editais j\u00e1 publicados, acesse o link abaixo:<\/em><\/p>\n\n\n\n<h3 class=\"has-text-align-center has-background wp-block-heading\" id=\"h-saiba-mais-concurso-embu-guacu\" style=\"background-color:#e3e6e8\">Saiba mais: <a href=\"https:\/\/www.estrategiaconcursos.com.br\/blog\/concurso-embu-guacu\/\" target=\"_blank\" rel=\"noreferrer noopener\">Concurso Embu-Gua\u00e7u<\/a><\/h3>\n\n\n\n<hr class=\"wp-block-separator\"\/>\n\n\n\n<h2 class=\"has-text-align-center wp-block-heading\" id=\"cursos-assinatura\"><em>Quer estudar para o edital Embu-Gua\u00e7u SP?<\/em><\/h2>\n\n\n\n<div class=\"container\" id=\"boxes\">\n  <div class=\"row\">\n\n    <div class=\"col-sm\">\n      <div class=\"banner-estrategia\" id=\"box-assinatura\">\n        <h3 class=\"titulo-assinatura\">Cursos para concursos<\/h3>\n        <p class=\"subtitulo-assinatura\">Conhe\u00e7a os cursos<\/p>\n        <div class=\"box-botao\">\n          <a class=\"btn-assinatura\" target=\"_blank\" href=\"https:\/\/www.estrategiaconcursos.com.br\/cursos\/\" role=\"button\" rel=\"noopener noreferrer\">Conhe\u00e7a mais<\/a>\n        <\/div>\n      <\/div>\n     \n    <\/div>\n\n  <\/div>\n<\/div>\n\n\n\n<div class=\"container\" id=\"boxes\">\n  <div class=\"row\">\n\n    <div class=\"col-sm\">\n      <div class=\"estrategia\" id=\"box-assinatura\">\n        <h3 class=\"titulo-assinatura\">Assinatura Concursos<\/h3>\n        <p class=\"subtitulo-assinatura\">Assinatura de 1 ano ou 2 anos<\/p>\n        <div class=\"box-botao\">\n          <a class=\"btn-assinatura\" target=\"_blank\" href=\"https:\/\/www.estrategiaconcursos.com.br\/assinaturas\/\" role=\"button\" rel=\"noopener noreferrer\">ASSINE AGORA<\/a>\n        <\/div>\n      <\/div><\/div><\/div><\/div>\n\n\n\n<h2 class=\"has-text-align-center wp-block-heading\" id=\"h-quer-saber-tudo-sobre-concursos-previstos-confira-nossos-artigos\">Quer saber tudo sobre concursos previstos?<br \/>Confira  nossos artigos!<\/h2>\n\n\n\n<ul class=\"wp-block-list\"><li><a href=\"https:\/\/www.estrategiaconcursos.com.br\/blog\/concursos-abertos\/\" target=\"_blank\" rel=\"noreferrer noopener\">Concursos abertos<\/a><\/li><li><a href=\"https:\/\/www.estrategiaconcursos.com.br\/blog\/concursos-2022\/\" target=\"_blank\" rel=\"noreferrer noopener\">Concursos 2022<\/a><\/li><li><a href=\"https:\/\/www.estrategiaconcursos.com.br\/blog\/concursos-2023\/\" target=\"_blank\" rel=\"noreferrer noopener\">Concursos 2023<\/a><\/li><\/ul>\n\n\n\n<figure class=\"wp-block-image is-resized\"><img loading=\"lazy\" decoding=\"async\" src=\"https:\/\/dhg1h5j42swfq.cloudfront.net\/2021\/04\/24111712\/ficha-tecnica-170-1024x632.png\" alt=\"Ficha t\u00e9cnica do edital Embu-Gua\u00e7u\" width=\"289\" height=\"178\"\/><\/figure>\n\n\n\n<h3 class=\"wp-block-heading\" id=\"ficha\">Informa\u00e7\u00f5es do edital Embu-Gua\u00e7u&nbsp;SP<\/h3>\n\n\n\n<ul class=\"wp-block-list\"><li><strong>Data da prova<\/strong>: 04\/09\/2022<\/li><li><strong>Banca:<\/strong> Instituto Nosso Rumo<\/li><li><strong>Vagas<\/strong>: 04<\/li><li><strong>Cargos<\/strong>: Arquiteto, Professor de Educa\u00e7\u00e3o Especial e Top\u00f3grafo<\/li><li><strong>Escolaridade<\/strong>: N\u00edvel superior<\/li><li><strong>Editais<\/strong>:&nbsp;<a href=\"https:\/\/dhg1h5j42swfq.cloudfront.net\/2022\/07\/09074010\/edital-de-abertura.pdf\" target=\"_blank\" rel=\"noreferrer noopener nofollow\">Edital 04<\/a><\/li><\/ul>\n","protected":false},"excerpt":{"rendered":"<p>Est\u00e3o abertas as inscri\u00e7\u00f5es do edital Prefeitura de Embu-Gua\u00e7u, em S\u00e3o Paulo (SP). O concurso oferta vagas para n\u00edvel superior de forma\u00e7\u00e3o: Arquiteto; Professor de Educa\u00e7\u00e3o Especial Especializa\u00e7\u00e3o em Braile; Professor de Educa\u00e7\u00e3o Especial Especializa\u00e7\u00e3o em Libra; Top\u00f3grafo. Sob organiza\u00e7\u00e3o do Instituto Nosso Rumo, as inscri\u00e7\u00f5es ficar\u00e3o abertas at\u00e9 o dia 09 de agosto. Os [&hellip;]<\/p>\n","protected":false},"author":659,"featured_media":1049669,"comment_status":"open","ping_status":"closed","sticky":false,"template":"","format":"standard","meta":{"post_tipo":"news","footnotes":""},"categories":[214992,220219],"tags":[],"tax_estado":[219989],"class_list":["post-1058395","post","type-post","status-publish","format-standard","has-post-thumbnail","hentry","category-concursos-administrativos","category-noticias","tax_estado-sp"],"acf":[],"yoast_head":"<!-- This site is optimized with the Yoast SEO Premium plugin v27.2 (Yoast SEO v27.2) - https:\/\/yoast.com\/product\/yoast-seo-premium-wordpress\/ -->\n<title>Edital Embu-Gua\u00e7u SP: inscri\u00e7\u00f5es abertas para n\u00edvel superior<\/title>\n<meta name=\"description\" content=\"Edital Embu-Gua\u00e7u SP: inscri\u00e7\u00f5es abertas com oportunidades para n\u00edvel superior de forma\u00e7\u00e3o. Acesse e saiba mais!\" \/>\n<meta name=\"robots\" content=\"index, follow, max-snippet:-1, max-image-preview:large, max-video-preview:-1\" \/>\n<link rel=\"canonical\" href=\"https:\/\/www.estrategiaconcursos.com.br\/blog\/concurso-embu-guacu-edital-publicado\/\" \/>\n<meta property=\"og:locale\" content=\"pt_BR\" \/>\n<meta property=\"og:type\" content=\"article\" \/>\n<meta property=\"og:title\" content=\"Edital Embu-Gua\u00e7u SP: inscri\u00e7\u00f5es abertas para n\u00edvel superior\" \/>\n<meta property=\"og:description\" content=\"Edital Embu-Gua\u00e7u SP: inscri\u00e7\u00f5es abertas com oportunidades para n\u00edvel superior de forma\u00e7\u00e3o. Acesse e saiba mais!\" \/>\n<meta property=\"og:url\" content=\"https:\/\/www.estrategiaconcursos.com.br\/blog\/concurso-embu-guacu-edital-publicado\/\" \/>\n<meta property=\"og:site_name\" content=\"Estrat\u00e9gia Concursos\" \/>\n<meta property=\"article:published_time\" content=\"2022-07-14T16:10:00+00:00\" \/>\n<meta property=\"article:modified_time\" content=\"2022-07-14T17:41:47+00:00\" \/>\n<meta property=\"og:image\" content=\"https:\/\/dhg1h5j42swfq.cloudfront.net\/2022\/06\/24105131\/prefeitura_de_embu_guacu.jpg\" \/>\n\t<meta property=\"og:image:width\" content=\"768\" \/>\n\t<meta property=\"og:image:height\" content=\"432\" \/>\n\t<meta property=\"og:image:type\" content=\"image\/jpeg\" \/>\n<meta name=\"author\" content=\"Camila Leite\" \/>\n<meta name=\"twitter:card\" content=\"summary_large_image\" \/>\n<meta name=\"twitter:creator\" content=\"@EstratConcursos\" \/>\n<meta name=\"twitter:site\" content=\"@EstratConcursos\" \/>\n<meta name=\"twitter:label1\" content=\"Escrito por\" \/>\n\t<meta name=\"twitter:data1\" content=\"Camila Leite\" \/>\n\t<meta name=\"twitter:label2\" content=\"Est. tempo de leitura\" \/>\n\t<meta name=\"twitter:data2\" content=\"3 minutos\" \/>\n<script type=\"application\/ld+json\" class=\"yoast-schema-graph\">{\"@context\":\"https:\/\/schema.org\",\"@graph\":[{\"@type\":\"NewsArticle\",\"@id\":\"https:\/\/www.estrategiaconcursos.com.br\/blog\/concurso-embu-guacu-edital-publicado\/#article\",\"isPartOf\":{\"@id\":\"https:\/\/www.estrategiaconcursos.com.br\/blog\/concurso-embu-guacu-edital-publicado\/\"},\"author\":{\"name\":\"Camila Leite\",\"@id\":\"https:\/\/www.estrategiaconcursos.com.br\/blog\/#\/schema\/person\/84ecdc6eb58d3cf1689bf76c5cd8fb38\"},\"headline\":\"Edital Embu-Gua\u00e7u SP: inscri\u00e7\u00f5es abertas para n\u00edvel superior\",\"datePublished\":\"2022-07-14T16:10:00+00:00\",\"dateModified\":\"2022-07-14T17:41:47+00:00\",\"mainEntityOfPage\":{\"@id\":\"https:\/\/www.estrategiaconcursos.com.br\/blog\/concurso-embu-guacu-edital-publicado\/\"},\"wordCount\":462,\"commentCount\":0,\"publisher\":{\"@id\":\"https:\/\/www.estrategiaconcursos.com.br\/blog\/#organization\"},\"image\":{\"@id\":\"https:\/\/www.estrategiaconcursos.com.br\/blog\/concurso-embu-guacu-edital-publicado\/#primaryimage\"},\"thumbnailUrl\":\"https:\/\/dhg1h5j42swfq.cloudfront.net\/2022\/06\/24105131\/prefeitura_de_embu_guacu.jpg\",\"articleSection\":[\"Executivo (Administrativa)\",\"\u00daltimas not\u00edcias\"],\"inLanguage\":\"pt-BR\",\"potentialAction\":[{\"@type\":\"CommentAction\",\"name\":\"Comment\",\"target\":[\"https:\/\/www.estrategiaconcursos.com.br\/blog\/concurso-embu-guacu-edital-publicado\/#respond\"]}],\"copyrightYear\":\"2022\",\"copyrightHolder\":{\"@id\":\"https:\/\/www.estrategiaconcursos.com.br\/blog\/#organization\"}},{\"@type\":\"WebPage\",\"@id\":\"https:\/\/www.estrategiaconcursos.com.br\/blog\/concurso-embu-guacu-edital-publicado\/\",\"url\":\"https:\/\/www.estrategiaconcursos.com.br\/blog\/concurso-embu-guacu-edital-publicado\/\",\"name\":\"Edital Embu-Gua\u00e7u SP: inscri\u00e7\u00f5es abertas para n\u00edvel superior\",\"isPartOf\":{\"@id\":\"https:\/\/www.estrategiaconcursos.com.br\/blog\/#website\"},\"primaryImageOfPage\":{\"@id\":\"https:\/\/www.estrategiaconcursos.com.br\/blog\/concurso-embu-guacu-edital-publicado\/#primaryimage\"},\"image\":{\"@id\":\"https:\/\/www.estrategiaconcursos.com.br\/blog\/concurso-embu-guacu-edital-publicado\/#primaryimage\"},\"thumbnailUrl\":\"https:\/\/dhg1h5j42swfq.cloudfront.net\/2022\/06\/24105131\/prefeitura_de_embu_guacu.jpg\",\"datePublished\":\"2022-07-14T16:10:00+00:00\",\"dateModified\":\"2022-07-14T17:41:47+00:00\",\"description\":\"Edital Embu-Gua\u00e7u SP: inscri\u00e7\u00f5es abertas com oportunidades para n\u00edvel superior de forma\u00e7\u00e3o. Acesse e saiba mais!\",\"breadcrumb\":{\"@id\":\"https:\/\/www.estrategiaconcursos.com.br\/blog\/concurso-embu-guacu-edital-publicado\/#breadcrumb\"},\"inLanguage\":\"pt-BR\",\"potentialAction\":[{\"@type\":\"ReadAction\",\"target\":[\"https:\/\/www.estrategiaconcursos.com.br\/blog\/concurso-embu-guacu-edital-publicado\/\"]}]},{\"@type\":\"ImageObject\",\"inLanguage\":\"pt-BR\",\"@id\":\"https:\/\/www.estrategiaconcursos.com.br\/blog\/concurso-embu-guacu-edital-publicado\/#primaryimage\",\"url\":\"https:\/\/dhg1h5j42swfq.cloudfront.net\/2022\/06\/24105131\/prefeitura_de_embu_guacu.jpg\",\"contentUrl\":\"https:\/\/dhg1h5j42swfq.cloudfront.net\/2022\/06\/24105131\/prefeitura_de_embu_guacu.jpg\",\"width\":768,\"height\":432},{\"@type\":\"BreadcrumbList\",\"@id\":\"https:\/\/www.estrategiaconcursos.com.br\/blog\/concurso-embu-guacu-edital-publicado\/#breadcrumb\",\"itemListElement\":[{\"@type\":\"ListItem\",\"position\":1,\"name\":\"In\u00edcio\",\"item\":\"https:\/\/www.estrategiaconcursos.com.br\/blog\/\"},{\"@type\":\"ListItem\",\"position\":2,\"name\":\"Edital Embu-Gua\u00e7u SP: inscri\u00e7\u00f5es abertas para n\u00edvel superior\"}]},{\"@type\":\"WebSite\",\"@id\":\"https:\/\/www.estrategiaconcursos.com.br\/blog\/#website\",\"url\":\"https:\/\/www.estrategiaconcursos.com.br\/blog\/\",\"name\":\"Estrat\u00e9gia Concursos\",\"description\":\"O blog da Estrat\u00e9gia Concursos traz not\u00edcias sobre concursos e artigos de professores oferecendo cursos para concursos (pdf + videaulas) no site.\",\"publisher\":{\"@id\":\"https:\/\/www.estrategiaconcursos.com.br\/blog\/#organization\"},\"potentialAction\":[{\"@type\":\"SearchAction\",\"target\":{\"@type\":\"EntryPoint\",\"urlTemplate\":\"https:\/\/www.estrategiaconcursos.com.br\/blog\/?s={search_term_string}\"},\"query-input\":{\"@type\":\"PropertyValueSpecification\",\"valueRequired\":true,\"valueName\":\"search_term_string\"}}],\"inLanguage\":\"pt-BR\"},{\"@type\":\"Organization\",\"@id\":\"https:\/\/www.estrategiaconcursos.com.br\/blog\/#organization\",\"name\":\"Estrat\u00e9gia Concursos\",\"url\":\"https:\/\/www.estrategiaconcursos.com.br\/blog\/\",\"logo\":{\"@type\":\"ImageObject\",\"inLanguage\":\"pt-BR\",\"@id\":\"https:\/\/www.estrategiaconcursos.com.br\/blog\/#\/schema\/logo\/image\/\",\"url\":\"https:\/\/dhg1h5j42swfq.cloudfront.net\/2025\/06\/03203428\/logo_concursos-1.jpg\",\"contentUrl\":\"https:\/\/dhg1h5j42swfq.cloudfront.net\/2025\/06\/03203428\/logo_concursos-1.jpg\",\"width\":230,\"height\":60,\"caption\":\"Estrat\u00e9gia Concursos\"},\"image\":{\"@id\":\"https:\/\/www.estrategiaconcursos.com.br\/blog\/#\/schema\/logo\/image\/\"},\"sameAs\":[\"https:\/\/x.com\/EstratConcursos\"]},{\"@type\":\"Person\",\"@id\":\"https:\/\/www.estrategiaconcursos.com.br\/blog\/#\/schema\/person\/84ecdc6eb58d3cf1689bf76c5cd8fb38\",\"name\":\"Camila Leite\",\"image\":{\"@type\":\"ImageObject\",\"inLanguage\":\"pt-BR\",\"@id\":\"https:\/\/secure.gravatar.com\/avatar\/f2f8faef639c8a2bfb7fb909912a56917f4c3a0aed064500168e2fb8ea55cf61?s=96&d=mm&r=g\",\"url\":\"https:\/\/secure.gravatar.com\/avatar\/f2f8faef639c8a2bfb7fb909912a56917f4c3a0aed064500168e2fb8ea55cf61?s=96&d=mm&r=g\",\"contentUrl\":\"https:\/\/secure.gravatar.com\/avatar\/f2f8faef639c8a2bfb7fb909912a56917f4c3a0aed064500168e2fb8ea55cf61?s=96&d=mm&r=g\",\"caption\":\"Camila Leite\"},\"description\":\"Formada em Design Gr\u00e1fico e em Propaganda e Marketing pela UNIP, integra a equipe de jornalismo do Estrat\u00e9gia Concursos desde 2018. Ao longo dos anos, construiu uma s\u00f3lida experi\u00eancia na produ\u00e7\u00e3o de conte\u00fado informativo e relevante para concurseiros. Desde 2020, atua na cobertura das \u00e1reas Fiscal \u2014 com \u00eanfase nas Secretarias de Fazenda (Sefaz) das regi\u00f5es Sul e Sudeste \u2014, al\u00e9m da cobertura de concursos federais, como CNU, Petrobras, CGU, Receita Federal, ag\u00eancias reguladoras (Anvisa, ANAC, entre outras) e INSS. Mant\u00e9m contato direto com os principais \u00f3rg\u00e3os p\u00fablicos, acompanhando editais, atualiza\u00e7\u00f5es e movimenta\u00e7\u00f5es importantes para os candidatos.\",\"sameAs\":[\"https:\/\/www.linkedin.com\/in\/camila-pinheiro-leite-9ba135b6\/\"],\"url\":\"https:\/\/www.estrategiaconcursos.com.br\/blog\/author\/camila-leiteestrategiaconcursos-com-br\/\"}]}<\/script>\n<!-- \/ Yoast SEO Premium plugin. -->","yoast_head_json":{"title":"Edital Embu-Gua\u00e7u SP: inscri\u00e7\u00f5es abertas para n\u00edvel superior","description":"Edital Embu-Gua\u00e7u SP: inscri\u00e7\u00f5es abertas com oportunidades para n\u00edvel superior de forma\u00e7\u00e3o. Acesse e saiba mais!","robots":{"index":"index","follow":"follow","max-snippet":"max-snippet:-1","max-image-preview":"max-image-preview:large","max-video-preview":"max-video-preview:-1"},"canonical":"https:\/\/www.estrategiaconcursos.com.br\/blog\/concurso-embu-guacu-edital-publicado\/","og_locale":"pt_BR","og_type":"article","og_title":"Edital Embu-Gua\u00e7u SP: inscri\u00e7\u00f5es abertas para n\u00edvel superior","og_description":"Edital Embu-Gua\u00e7u SP: inscri\u00e7\u00f5es abertas com oportunidades para n\u00edvel superior de forma\u00e7\u00e3o. Acesse e saiba mais!","og_url":"https:\/\/www.estrategiaconcursos.com.br\/blog\/concurso-embu-guacu-edital-publicado\/","og_site_name":"Estrat\u00e9gia Concursos","article_published_time":"2022-07-14T16:10:00+00:00","article_modified_time":"2022-07-14T17:41:47+00:00","og_image":[{"width":768,"height":432,"url":"https:\/\/dhg1h5j42swfq.cloudfront.net\/2022\/06\/24105131\/prefeitura_de_embu_guacu.jpg","type":"image\/jpeg"}],"author":"Camila Leite","twitter_card":"summary_large_image","twitter_creator":"@EstratConcursos","twitter_site":"@EstratConcursos","twitter_misc":{"Escrito por":"Camila Leite","Est. tempo de leitura":"3 minutos"},"schema":{"@context":"https:\/\/schema.org","@graph":[{"@type":"NewsArticle","@id":"https:\/\/www.estrategiaconcursos.com.br\/blog\/concurso-embu-guacu-edital-publicado\/#article","isPartOf":{"@id":"https:\/\/www.estrategiaconcursos.com.br\/blog\/concurso-embu-guacu-edital-publicado\/"},"author":{"name":"Camila Leite","@id":"https:\/\/www.estrategiaconcursos.com.br\/blog\/#\/schema\/person\/84ecdc6eb58d3cf1689bf76c5cd8fb38"},"headline":"Edital Embu-Gua\u00e7u SP: inscri\u00e7\u00f5es abertas para n\u00edvel superior","datePublished":"2022-07-14T16:10:00+00:00","dateModified":"2022-07-14T17:41:47+00:00","mainEntityOfPage":{"@id":"https:\/\/www.estrategiaconcursos.com.br\/blog\/concurso-embu-guacu-edital-publicado\/"},"wordCount":462,"commentCount":0,"publisher":{"@id":"https:\/\/www.estrategiaconcursos.com.br\/blog\/#organization"},"image":{"@id":"https:\/\/www.estrategiaconcursos.com.br\/blog\/concurso-embu-guacu-edital-publicado\/#primaryimage"},"thumbnailUrl":"https:\/\/dhg1h5j42swfq.cloudfront.net\/2022\/06\/24105131\/prefeitura_de_embu_guacu.jpg","articleSection":["Executivo (Administrativa)","\u00daltimas not\u00edcias"],"inLanguage":"pt-BR","potentialAction":[{"@type":"CommentAction","name":"Comment","target":["https:\/\/www.estrategiaconcursos.com.br\/blog\/concurso-embu-guacu-edital-publicado\/#respond"]}],"copyrightYear":"2022","copyrightHolder":{"@id":"https:\/\/www.estrategiaconcursos.com.br\/blog\/#organization"}},{"@type":"WebPage","@id":"https:\/\/www.estrategiaconcursos.com.br\/blog\/concurso-embu-guacu-edital-publicado\/","url":"https:\/\/www.estrategiaconcursos.com.br\/blog\/concurso-embu-guacu-edital-publicado\/","name":"Edital Embu-Gua\u00e7u SP: inscri\u00e7\u00f5es abertas para n\u00edvel superior","isPartOf":{"@id":"https:\/\/www.estrategiaconcursos.com.br\/blog\/#website"},"primaryImageOfPage":{"@id":"https:\/\/www.estrategiaconcursos.com.br\/blog\/concurso-embu-guacu-edital-publicado\/#primaryimage"},"image":{"@id":"https:\/\/www.estrategiaconcursos.com.br\/blog\/concurso-embu-guacu-edital-publicado\/#primaryimage"},"thumbnailUrl":"https:\/\/dhg1h5j42swfq.cloudfront.net\/2022\/06\/24105131\/prefeitura_de_embu_guacu.jpg","datePublished":"2022-07-14T16:10:00+00:00","dateModified":"2022-07-14T17:41:47+00:00","description":"Edital Embu-Gua\u00e7u SP: inscri\u00e7\u00f5es abertas com oportunidades para n\u00edvel superior de forma\u00e7\u00e3o. Acesse e saiba mais!","breadcrumb":{"@id":"https:\/\/www.estrategiaconcursos.com.br\/blog\/concurso-embu-guacu-edital-publicado\/#breadcrumb"},"inLanguage":"pt-BR","potentialAction":[{"@type":"ReadAction","target":["https:\/\/www.estrategiaconcursos.com.br\/blog\/concurso-embu-guacu-edital-publicado\/"]}]},{"@type":"ImageObject","inLanguage":"pt-BR","@id":"https:\/\/www.estrategiaconcursos.com.br\/blog\/concurso-embu-guacu-edital-publicado\/#primaryimage","url":"https:\/\/dhg1h5j42swfq.cloudfront.net\/2022\/06\/24105131\/prefeitura_de_embu_guacu.jpg","contentUrl":"https:\/\/dhg1h5j42swfq.cloudfront.net\/2022\/06\/24105131\/prefeitura_de_embu_guacu.jpg","width":768,"height":432},{"@type":"BreadcrumbList","@id":"https:\/\/www.estrategiaconcursos.com.br\/blog\/concurso-embu-guacu-edital-publicado\/#breadcrumb","itemListElement":[{"@type":"ListItem","position":1,"name":"In\u00edcio","item":"https:\/\/www.estrategiaconcursos.com.br\/blog\/"},{"@type":"ListItem","position":2,"name":"Edital Embu-Gua\u00e7u SP: inscri\u00e7\u00f5es abertas para n\u00edvel superior"}]},{"@type":"WebSite","@id":"https:\/\/www.estrategiaconcursos.com.br\/blog\/#website","url":"https:\/\/www.estrategiaconcursos.com.br\/blog\/","name":"Estrat\u00e9gia Concursos","description":"O blog da Estrat\u00e9gia Concursos traz not\u00edcias sobre concursos e artigos de professores oferecendo cursos para concursos (pdf + videaulas) no site.","publisher":{"@id":"https:\/\/www.estrategiaconcursos.com.br\/blog\/#organization"},"potentialAction":[{"@type":"SearchAction","target":{"@type":"EntryPoint","urlTemplate":"https:\/\/www.estrategiaconcursos.com.br\/blog\/?s={search_term_string}"},"query-input":{"@type":"PropertyValueSpecification","valueRequired":true,"valueName":"search_term_string"}}],"inLanguage":"pt-BR"},{"@type":"Organization","@id":"https:\/\/www.estrategiaconcursos.com.br\/blog\/#organization","name":"Estrat\u00e9gia Concursos","url":"https:\/\/www.estrategiaconcursos.com.br\/blog\/","logo":{"@type":"ImageObject","inLanguage":"pt-BR","@id":"https:\/\/www.estrategiaconcursos.com.br\/blog\/#\/schema\/logo\/image\/","url":"https:\/\/dhg1h5j42swfq.cloudfront.net\/2025\/06\/03203428\/logo_concursos-1.jpg","contentUrl":"https:\/\/dhg1h5j42swfq.cloudfront.net\/2025\/06\/03203428\/logo_concursos-1.jpg","width":230,"height":60,"caption":"Estrat\u00e9gia Concursos"},"image":{"@id":"https:\/\/www.estrategiaconcursos.com.br\/blog\/#\/schema\/logo\/image\/"},"sameAs":["https:\/\/x.com\/EstratConcursos"]},{"@type":"Person","@id":"https:\/\/www.estrategiaconcursos.com.br\/blog\/#\/schema\/person\/84ecdc6eb58d3cf1689bf76c5cd8fb38","name":"Camila Leite","image":{"@type":"ImageObject","inLanguage":"pt-BR","@id":"https:\/\/secure.gravatar.com\/avatar\/f2f8faef639c8a2bfb7fb909912a56917f4c3a0aed064500168e2fb8ea55cf61?s=96&d=mm&r=g","url":"https:\/\/secure.gravatar.com\/avatar\/f2f8faef639c8a2bfb7fb909912a56917f4c3a0aed064500168e2fb8ea55cf61?s=96&d=mm&r=g","contentUrl":"https:\/\/secure.gravatar.com\/avatar\/f2f8faef639c8a2bfb7fb909912a56917f4c3a0aed064500168e2fb8ea55cf61?s=96&d=mm&r=g","caption":"Camila Leite"},"description":"Formada em Design Gr\u00e1fico e em Propaganda e Marketing pela UNIP, integra a equipe de jornalismo do Estrat\u00e9gia Concursos desde 2018. Ao longo dos anos, construiu uma s\u00f3lida experi\u00eancia na produ\u00e7\u00e3o de conte\u00fado informativo e relevante para concurseiros. Desde 2020, atua na cobertura das \u00e1reas Fiscal \u2014 com \u00eanfase nas Secretarias de Fazenda (Sefaz) das regi\u00f5es Sul e Sudeste \u2014, al\u00e9m da cobertura de concursos federais, como CNU, Petrobras, CGU, Receita Federal, ag\u00eancias reguladoras (Anvisa, ANAC, entre outras) e INSS. Mant\u00e9m contato direto com os principais \u00f3rg\u00e3os p\u00fablicos, acompanhando editais, atualiza\u00e7\u00f5es e movimenta\u00e7\u00f5es importantes para os candidatos.","sameAs":["https:\/\/www.linkedin.com\/in\/camila-pinheiro-leite-9ba135b6\/"],"url":"https:\/\/www.estrategiaconcursos.com.br\/blog\/author\/camila-leiteestrategiaconcursos-com-br\/"}]}},"_links":{"self":[{"href":"https:\/\/www.estrategiaconcursos.com.br\/blog\/wp-json\/wp\/v2\/posts\/1058395","targetHints":{"allow":["GET"]}}],"collection":[{"href":"https:\/\/www.estrategiaconcursos.com.br\/blog\/wp-json\/wp\/v2\/posts"}],"about":[{"href":"https:\/\/www.estrategiaconcursos.com.br\/blog\/wp-json\/wp\/v2\/types\/post"}],"author":[{"embeddable":true,"href":"https:\/\/www.estrategiaconcursos.com.br\/blog\/wp-json\/wp\/v2\/users\/659"}],"replies":[{"embeddable":true,"href":"https:\/\/www.estrategiaconcursos.com.br\/blog\/wp-json\/wp\/v2\/comments?post=1058395"}],"version-history":[{"count":10,"href":"https:\/\/www.estrategiaconcursos.com.br\/blog\/wp-json\/wp\/v2\/posts\/1058395\/revisions"}],"predecessor-version":[{"id":1061167,"href":"https:\/\/www.estrategiaconcursos.com.br\/blog\/wp-json\/wp\/v2\/posts\/1058395\/revisions\/1061167"}],"wp:featuredmedia":[{"embeddable":true,"href":"https:\/\/www.estrategiaconcursos.com.br\/blog\/wp-json\/wp\/v2\/media\/1049669"}],"wp:attachment":[{"href":"https:\/\/www.estrategiaconcursos.com.br\/blog\/wp-json\/wp\/v2\/media?parent=1058395"}],"wp:term":[{"taxonomy":"category","embeddable":true,"href":"https:\/\/www.estrategiaconcursos.com.br\/blog\/wp-json\/wp\/v2\/categories?post=1058395"},{"taxonomy":"post_tag","embeddable":true,"href":"https:\/\/www.estrategiaconcursos.com.br\/blog\/wp-json\/wp\/v2\/tags?post=1058395"},{"taxonomy":"tax_estado","embeddable":true,"href":"https:\/\/www.estrategiaconcursos.com.br\/blog\/wp-json\/wp\/v2\/tax_estado?post=1058395"}],"curies":[{"name":"wp","href":"https:\/\/api.w.org\/{rel}","templated":true}]}}