{"id":1058278,"date":"2022-07-09T09:00:00","date_gmt":"2022-07-09T12:00:00","guid":{"rendered":"https:\/\/www.estrategiaconcursos.com.br\/blog\/?p=1058278"},"modified":"2023-07-28T09:28:43","modified_gmt":"2023-07-28T12:28:43","slug":"afeam-analise-de-edital-30-vagas-e-inicial-de-r-65-mil","status":"publish","type":"post","link":"https:\/\/www.estrategiaconcursos.com.br\/blog\/afeam-analise-de-edital-30-vagas-e-inicial-de-r-65-mil\/","title":{"rendered":"AFEAM: an\u00e1lise de edital; 30 vagas e inicial de R$ 6,5 mil!"},"content":{"rendered":"\n<p>Aten\u00e7\u00e3o, estrategistas!<\/p>\n\n\n\n<p>J\u00e1 est\u00e3o sabendo que o <strong>edital da <a href=\"https:\/\/www.estrategiaconcursos.com.br\/cursosPorConcurso\/agencia-de-fomento-do-estado-do-amazonas-afeam\/\" target=\"_blank\" rel=\"noreferrer noopener\">AFEAM<\/a> <\/strong>foi publicado, certo? S\u00e3o <strong>30 vagas<\/strong>&nbsp;para o cargo de <strong>Especialista de Fomento<\/strong>, com sal\u00e1rios que variam entre&nbsp;R$ 5 mil e R$ 6,5 mil.<\/p>\n\n\n\n<p>A organiza\u00e7\u00e3o do concurso ficou sob responsabilidade do <strong>IBFC<\/strong>, e as inscri\u00e7\u00f5es poder\u00e3o ser feitas a partir do dia <strong>18 de julho<\/strong>, no site da banca. <\/p>\n\n\n\n<p>Os candidatos passar\u00e3o por tr\u00eas etapas: uma prova objetiva, uma prova discursiva e a avalia\u00e7\u00e3o de t\u00edtulos.<\/p>\n\n\n\n<p>Quer saber como se preparar? <strong>Neste s\u00e1bado (09), \u00e0s 10h<\/strong>, eu fa\u00e7o uma <strong>an\u00e1lise do edital AFEAM <\/strong>para nortear seus estudos e mostrar quais disciplinas devem receber mais aten\u00e7\u00e3o na hora da prova<\/p>\n\n\n\n<p>Voc\u00ea ver\u00e1 que, com o Estrat\u00e9gia, passar em concurso p\u00fablico \u00e9 muito f\u00e1cil!<\/p>\n\n\n\n<h3 class=\"wp-block-heading has-text-align-center\" id=\"h-assista-a-transmissao-ao-vivo\">Assista \u00e0 transmiss\u00e3o ao vivo!<\/h3>\n\n\n\n<p class=\"has-text-align-center\"><em>Para ficar por dentro de todas as informa\u00e7\u00f5es sobre o concurso AFEAM, n\u00e3o deixe de conferir nosso artigo completo sobre a sele\u00e7\u00e3o:<\/em><\/p>\n\n\n\n<p class=\"has-text-align-center has-background has-medium-font-size\" style=\"background-color:#e4e7e9\"><strong>Mais informa\u00e7\u00f5es: <a href=\"https:\/\/www.estrategiaconcursos.com.br\/blog\/concurso-afeam\/\" target=\"_blank\" rel=\"noreferrer noopener\">Concurso AFEAM<\/a><\/strong><\/p>\n\n\n\n<h2 class=\"wp-block-heading has-text-align-center\" id=\"estudar\">Quer estudar para o concurso AFEAM?<\/h2>\n\n\n\n<div class=\"container\" id=\"boxes\">\n  <div class=\"row\">\n\n    <div class=\"col-sm\">\n      <div class=\"banner-estrategia\" id=\"box-assinatura\">\n        <h3 class=\"titulo-assinatura\">Concurso AFEAM<\/h3>\n        <p class=\"subtitulo-assinatura\">Conhe\u00e7a os cursos<\/p>\n        <div class=\"box-botao\">\n          <a class=\"btn-assinatura\" target=\"_blank\" href=\"https:\/\/www.estrategiaconcursos.com.br\/cursosPorConcurso\/agencia-de-fomento-do-estado-do-amazonas-afeam\/\" role=\"button\" rel=\"noopener noreferrer\">Conhe\u00e7a mais<\/a>\n        <\/div>\n      <\/div>\n     \n    <\/div>\n\n  <\/div>\n<\/div>\n\n\n\n<div class=\"container\" id=\"boxes\">\n  <div class=\"row\">\n\n    <div class=\"col-sm\">\n      <div class=\"estrategia\" id=\"box-assinatura\">\n        <h3 class=\"titulo-assinatura\">Assinatura Concursos<\/h3>\n        <p class=\"subtitulo-assinatura\">Assinatura de 1 ano ou 2 anos<\/p>\n        <div class=\"box-botao\">\n          <a class=\"btn-assinatura\" target=\"_blank\" href=\"https:\/\/www.estrategiaconcursos.com.br\/assinaturas\/\" role=\"button\" rel=\"noopener noreferrer\">ASSINE AGORA<\/a>\n        <\/div>\n      <\/div><\/div><\/div><\/div>\n\n\n\n<h2 class=\"wp-block-heading has-text-align-center\" id=\"h-quer-saber-tudo-sobre-concursos-previstos-confira-nossos-artigos\">Quer saber tudo sobre concursos previstos?<br \/>Confira  nossos artigos!<\/h2>\n\n\n\n<ul class=\"wp-block-list\">\n<li><a href=\"https:\/\/www.estrategiaconcursos.com.br\/blog\/concursos-abertos\/\" target=\"_blank\" rel=\"noreferrer noopener\">Concursos abertos<\/a><\/li>\n\n\n\n<li><a href=\"https:\/\/www.estrategiaconcursos.com.br\/blog\/concursos-2022\/\" target=\"_blank\" rel=\"noreferrer noopener\">Concursos 2022<\/a><\/li>\n\n\n\n<li><a href=\"https:\/\/www.estrategiaconcursos.com.br\/blog\/concursos-2023\/\" target=\"_blank\" rel=\"noreferrer noopener\">Concursos 2023<\/a><\/li>\n<\/ul>\n","protected":false},"excerpt":{"rendered":"<p>Aten\u00e7\u00e3o, estrategistas! J\u00e1 est\u00e3o sabendo que o edital da AFEAM foi publicado, certo? S\u00e3o 30 vagas&nbsp;para o cargo de Especialista de Fomento, com sal\u00e1rios que variam entre&nbsp;R$ 5 mil e R$ 6,5 mil. A organiza\u00e7\u00e3o do concurso ficou sob responsabilidade do IBFC, e as inscri\u00e7\u00f5es poder\u00e3o ser feitas a partir do dia 18 de julho, [&hellip;]<\/p>\n","protected":false},"author":1938,"featured_media":1058362,"comment_status":"open","ping_status":"closed","sticky":false,"template":"","format":"standard","meta":{"post_tipo":"news","footnotes":""},"categories":[214992,220219],"tags":[],"tax_estado":[219966],"class_list":["post-1058278","post","type-post","status-publish","format-standard","has-post-thumbnail","hentry","category-concursos-administrativos","category-noticias","tax_estado-am"],"acf":[],"yoast_head":"<!-- This site is optimized with the Yoast SEO Premium plugin v27.2 (Yoast SEO v27.2) - https:\/\/yoast.com\/product\/yoast-seo-premium-wordpress\/ -->\n<title>AFEAM: an\u00e1lise de edital; 30 vagas e inicial de R$ 6,5 mil!<\/title>\n<meta name=\"description\" content=\"Concurso AFEAM: o professor Andr\u00e9 Rocha faz an\u00e1lise do edital que oferta 30 vagas para Especialista de Fomento. Hoje, \u00e0s 10h!\" \/>\n<meta name=\"robots\" content=\"index, follow, max-snippet:-1, max-image-preview:large, max-video-preview:-1\" \/>\n<link rel=\"canonical\" href=\"https:\/\/www.estrategiaconcursos.com.br\/blog\/afeam-analise-de-edital-30-vagas-e-inicial-de-r-65-mil\/\" \/>\n<meta property=\"og:locale\" content=\"pt_BR\" \/>\n<meta property=\"og:type\" content=\"article\" \/>\n<meta property=\"og:title\" content=\"AFEAM: an\u00e1lise de edital; 30 vagas e inicial de R$ 6,5 mil!\" \/>\n<meta property=\"og:description\" content=\"Concurso AFEAM: o professor Andr\u00e9 Rocha faz an\u00e1lise do edital que oferta 30 vagas para Especialista de Fomento. Hoje, \u00e0s 10h!\" \/>\n<meta property=\"og:url\" content=\"https:\/\/www.estrategiaconcursos.com.br\/blog\/afeam-analise-de-edital-30-vagas-e-inicial-de-r-65-mil\/\" \/>\n<meta property=\"og:site_name\" content=\"Estrat\u00e9gia Concursos\" \/>\n<meta property=\"article:published_time\" content=\"2022-07-09T12:00:00+00:00\" \/>\n<meta property=\"article:modified_time\" content=\"2023-07-28T12:28:43+00:00\" \/>\n<meta property=\"og:image\" content=\"https:\/\/dhg1h5j42swfq.cloudfront.net\/2022\/07\/09072210\/am.jpg\" \/>\n\t<meta property=\"og:image:width\" content=\"1274\" \/>\n\t<meta property=\"og:image:height\" content=\"649\" \/>\n\t<meta property=\"og:image:type\" content=\"image\/jpeg\" \/>\n<meta name=\"author\" content=\"Andr\u00e9 Rocha (Coordena\u00e7\u00e3o)\" \/>\n<meta name=\"twitter:card\" content=\"summary_large_image\" \/>\n<meta name=\"twitter:creator\" content=\"@EstratConcursos\" \/>\n<meta name=\"twitter:site\" content=\"@EstratConcursos\" \/>\n<meta name=\"twitter:label1\" content=\"Escrito por\" \/>\n\t<meta name=\"twitter:data1\" content=\"Andr\u00e9 Rocha (Coordena\u00e7\u00e3o)\" \/>\n\t<meta name=\"twitter:label2\" content=\"Est. tempo de leitura\" \/>\n\t<meta name=\"twitter:data2\" content=\"2 minutos\" \/>\n<script type=\"application\/ld+json\" class=\"yoast-schema-graph\">{\"@context\":\"https:\/\/schema.org\",\"@graph\":[{\"@type\":\"NewsArticle\",\"@id\":\"https:\/\/www.estrategiaconcursos.com.br\/blog\/afeam-analise-de-edital-30-vagas-e-inicial-de-r-65-mil\/#article\",\"isPartOf\":{\"@id\":\"https:\/\/www.estrategiaconcursos.com.br\/blog\/afeam-analise-de-edital-30-vagas-e-inicial-de-r-65-mil\/\"},\"author\":{\"name\":\"Andr\u00e9 Rocha (Coordena\u00e7\u00e3o)\",\"@id\":\"https:\/\/www.estrategiaconcursos.com.br\/blog\/#\/schema\/person\/e67b24269a8b4cecf85a1f20424b49d6\"},\"headline\":\"AFEAM: an\u00e1lise de edital; 30 vagas e inicial de R$ 6,5 mil!\",\"datePublished\":\"2022-07-09T12:00:00+00:00\",\"dateModified\":\"2023-07-28T12:28:43+00:00\",\"mainEntityOfPage\":{\"@id\":\"https:\/\/www.estrategiaconcursos.com.br\/blog\/afeam-analise-de-edital-30-vagas-e-inicial-de-r-65-mil\/\"},\"wordCount\":221,\"commentCount\":0,\"publisher\":{\"@id\":\"https:\/\/www.estrategiaconcursos.com.br\/blog\/#organization\"},\"image\":{\"@id\":\"https:\/\/www.estrategiaconcursos.com.br\/blog\/afeam-analise-de-edital-30-vagas-e-inicial-de-r-65-mil\/#primaryimage\"},\"thumbnailUrl\":\"https:\/\/dhg1h5j42swfq.cloudfront.net\/2022\/07\/09072210\/am.jpg\",\"articleSection\":[\"Executivo (Administrativa)\",\"\u00daltimas not\u00edcias\"],\"inLanguage\":\"pt-BR\",\"potentialAction\":[{\"@type\":\"CommentAction\",\"name\":\"Comment\",\"target\":[\"https:\/\/www.estrategiaconcursos.com.br\/blog\/afeam-analise-de-edital-30-vagas-e-inicial-de-r-65-mil\/#respond\"]}],\"copyrightYear\":\"2022\",\"copyrightHolder\":{\"@id\":\"https:\/\/www.estrategiaconcursos.com.br\/blog\/#organization\"}},{\"@type\":\"WebPage\",\"@id\":\"https:\/\/www.estrategiaconcursos.com.br\/blog\/afeam-analise-de-edital-30-vagas-e-inicial-de-r-65-mil\/\",\"url\":\"https:\/\/www.estrategiaconcursos.com.br\/blog\/afeam-analise-de-edital-30-vagas-e-inicial-de-r-65-mil\/\",\"name\":\"AFEAM: an\u00e1lise de edital; 30 vagas e inicial de R$ 6,5 mil!\",\"isPartOf\":{\"@id\":\"https:\/\/www.estrategiaconcursos.com.br\/blog\/#website\"},\"primaryImageOfPage\":{\"@id\":\"https:\/\/www.estrategiaconcursos.com.br\/blog\/afeam-analise-de-edital-30-vagas-e-inicial-de-r-65-mil\/#primaryimage\"},\"image\":{\"@id\":\"https:\/\/www.estrategiaconcursos.com.br\/blog\/afeam-analise-de-edital-30-vagas-e-inicial-de-r-65-mil\/#primaryimage\"},\"thumbnailUrl\":\"https:\/\/dhg1h5j42swfq.cloudfront.net\/2022\/07\/09072210\/am.jpg\",\"datePublished\":\"2022-07-09T12:00:00+00:00\",\"dateModified\":\"2023-07-28T12:28:43+00:00\",\"description\":\"Concurso AFEAM: o professor Andr\u00e9 Rocha faz an\u00e1lise do edital que oferta 30 vagas para Especialista de Fomento. Hoje, \u00e0s 10h!\",\"breadcrumb\":{\"@id\":\"https:\/\/www.estrategiaconcursos.com.br\/blog\/afeam-analise-de-edital-30-vagas-e-inicial-de-r-65-mil\/#breadcrumb\"},\"inLanguage\":\"pt-BR\",\"potentialAction\":[{\"@type\":\"ReadAction\",\"target\":[\"https:\/\/www.estrategiaconcursos.com.br\/blog\/afeam-analise-de-edital-30-vagas-e-inicial-de-r-65-mil\/\"]}]},{\"@type\":\"ImageObject\",\"inLanguage\":\"pt-BR\",\"@id\":\"https:\/\/www.estrategiaconcursos.com.br\/blog\/afeam-analise-de-edital-30-vagas-e-inicial-de-r-65-mil\/#primaryimage\",\"url\":\"https:\/\/dhg1h5j42swfq.cloudfront.net\/2022\/07\/09072210\/am.jpg\",\"contentUrl\":\"https:\/\/dhg1h5j42swfq.cloudfront.net\/2022\/07\/09072210\/am.jpg\",\"width\":1274,\"height\":649},{\"@type\":\"BreadcrumbList\",\"@id\":\"https:\/\/www.estrategiaconcursos.com.br\/blog\/afeam-analise-de-edital-30-vagas-e-inicial-de-r-65-mil\/#breadcrumb\",\"itemListElement\":[{\"@type\":\"ListItem\",\"position\":1,\"name\":\"In\u00edcio\",\"item\":\"https:\/\/www.estrategiaconcursos.com.br\/blog\/\"},{\"@type\":\"ListItem\",\"position\":2,\"name\":\"AFEAM: an\u00e1lise de edital; 30 vagas e inicial de R$ 6,5 mil!\"}]},{\"@type\":\"WebSite\",\"@id\":\"https:\/\/www.estrategiaconcursos.com.br\/blog\/#website\",\"url\":\"https:\/\/www.estrategiaconcursos.com.br\/blog\/\",\"name\":\"Estrat\u00e9gia Concursos\",\"description\":\"O blog da Estrat\u00e9gia Concursos traz not\u00edcias sobre concursos e artigos de professores oferecendo cursos para concursos (pdf + videaulas) no site.\",\"publisher\":{\"@id\":\"https:\/\/www.estrategiaconcursos.com.br\/blog\/#organization\"},\"potentialAction\":[{\"@type\":\"SearchAction\",\"target\":{\"@type\":\"EntryPoint\",\"urlTemplate\":\"https:\/\/www.estrategiaconcursos.com.br\/blog\/?s={search_term_string}\"},\"query-input\":{\"@type\":\"PropertyValueSpecification\",\"valueRequired\":true,\"valueName\":\"search_term_string\"}}],\"inLanguage\":\"pt-BR\"},{\"@type\":\"Organization\",\"@id\":\"https:\/\/www.estrategiaconcursos.com.br\/blog\/#organization\",\"name\":\"Estrat\u00e9gia Concursos\",\"url\":\"https:\/\/www.estrategiaconcursos.com.br\/blog\/\",\"logo\":{\"@type\":\"ImageObject\",\"inLanguage\":\"pt-BR\",\"@id\":\"https:\/\/www.estrategiaconcursos.com.br\/blog\/#\/schema\/logo\/image\/\",\"url\":\"https:\/\/dhg1h5j42swfq.cloudfront.net\/2025\/06\/03203428\/logo_concursos-1.jpg\",\"contentUrl\":\"https:\/\/dhg1h5j42swfq.cloudfront.net\/2025\/06\/03203428\/logo_concursos-1.jpg\",\"width\":230,\"height\":60,\"caption\":\"Estrat\u00e9gia Concursos\"},\"image\":{\"@id\":\"https:\/\/www.estrategiaconcursos.com.br\/blog\/#\/schema\/logo\/image\/\"},\"sameAs\":[\"https:\/\/x.com\/EstratConcursos\"]},{\"@type\":\"Person\",\"@id\":\"https:\/\/www.estrategiaconcursos.com.br\/blog\/#\/schema\/person\/e67b24269a8b4cecf85a1f20424b49d6\",\"name\":\"Andr\u00e9 Rocha (Coordena\u00e7\u00e3o)\",\"image\":{\"@type\":\"ImageObject\",\"inLanguage\":\"pt-BR\",\"@id\":\"https:\/\/secure.gravatar.com\/avatar\/40153430899c7e3f207edb7d27d05d38a22e8a95aaf754d445b6db969384ac2c?s=96&d=mm&r=g\",\"url\":\"https:\/\/secure.gravatar.com\/avatar\/40153430899c7e3f207edb7d27d05d38a22e8a95aaf754d445b6db969384ac2c?s=96&d=mm&r=g\",\"contentUrl\":\"https:\/\/secure.gravatar.com\/avatar\/40153430899c7e3f207edb7d27d05d38a22e8a95aaf754d445b6db969384ac2c?s=96&d=mm&r=g\",\"caption\":\"Andr\u00e9 Rocha (Coordena\u00e7\u00e3o)\"},\"url\":\"https:\/\/www.estrategiaconcursos.com.br\/blog\/author\/andre-rochaestrategiaconcursos-com-br\/\"}]}<\/script>\n<!-- \/ Yoast SEO Premium plugin. -->","yoast_head_json":{"title":"AFEAM: an\u00e1lise de edital; 30 vagas e inicial de R$ 6,5 mil!","description":"Concurso AFEAM: o professor Andr\u00e9 Rocha faz an\u00e1lise do edital que oferta 30 vagas para Especialista de Fomento. Hoje, \u00e0s 10h!","robots":{"index":"index","follow":"follow","max-snippet":"max-snippet:-1","max-image-preview":"max-image-preview:large","max-video-preview":"max-video-preview:-1"},"canonical":"https:\/\/www.estrategiaconcursos.com.br\/blog\/afeam-analise-de-edital-30-vagas-e-inicial-de-r-65-mil\/","og_locale":"pt_BR","og_type":"article","og_title":"AFEAM: an\u00e1lise de edital; 30 vagas e inicial de R$ 6,5 mil!","og_description":"Concurso AFEAM: o professor Andr\u00e9 Rocha faz an\u00e1lise do edital que oferta 30 vagas para Especialista de Fomento. Hoje, \u00e0s 10h!","og_url":"https:\/\/www.estrategiaconcursos.com.br\/blog\/afeam-analise-de-edital-30-vagas-e-inicial-de-r-65-mil\/","og_site_name":"Estrat\u00e9gia Concursos","article_published_time":"2022-07-09T12:00:00+00:00","article_modified_time":"2023-07-28T12:28:43+00:00","og_image":[{"width":1274,"height":649,"url":"https:\/\/dhg1h5j42swfq.cloudfront.net\/2022\/07\/09072210\/am.jpg","type":"image\/jpeg"}],"author":"Andr\u00e9 Rocha (Coordena\u00e7\u00e3o)","twitter_card":"summary_large_image","twitter_creator":"@EstratConcursos","twitter_site":"@EstratConcursos","twitter_misc":{"Escrito por":"Andr\u00e9 Rocha (Coordena\u00e7\u00e3o)","Est. tempo de leitura":"2 minutos"},"schema":{"@context":"https:\/\/schema.org","@graph":[{"@type":"NewsArticle","@id":"https:\/\/www.estrategiaconcursos.com.br\/blog\/afeam-analise-de-edital-30-vagas-e-inicial-de-r-65-mil\/#article","isPartOf":{"@id":"https:\/\/www.estrategiaconcursos.com.br\/blog\/afeam-analise-de-edital-30-vagas-e-inicial-de-r-65-mil\/"},"author":{"name":"Andr\u00e9 Rocha (Coordena\u00e7\u00e3o)","@id":"https:\/\/www.estrategiaconcursos.com.br\/blog\/#\/schema\/person\/e67b24269a8b4cecf85a1f20424b49d6"},"headline":"AFEAM: an\u00e1lise de edital; 30 vagas e inicial de R$ 6,5 mil!","datePublished":"2022-07-09T12:00:00+00:00","dateModified":"2023-07-28T12:28:43+00:00","mainEntityOfPage":{"@id":"https:\/\/www.estrategiaconcursos.com.br\/blog\/afeam-analise-de-edital-30-vagas-e-inicial-de-r-65-mil\/"},"wordCount":221,"commentCount":0,"publisher":{"@id":"https:\/\/www.estrategiaconcursos.com.br\/blog\/#organization"},"image":{"@id":"https:\/\/www.estrategiaconcursos.com.br\/blog\/afeam-analise-de-edital-30-vagas-e-inicial-de-r-65-mil\/#primaryimage"},"thumbnailUrl":"https:\/\/dhg1h5j42swfq.cloudfront.net\/2022\/07\/09072210\/am.jpg","articleSection":["Executivo (Administrativa)","\u00daltimas not\u00edcias"],"inLanguage":"pt-BR","potentialAction":[{"@type":"CommentAction","name":"Comment","target":["https:\/\/www.estrategiaconcursos.com.br\/blog\/afeam-analise-de-edital-30-vagas-e-inicial-de-r-65-mil\/#respond"]}],"copyrightYear":"2022","copyrightHolder":{"@id":"https:\/\/www.estrategiaconcursos.com.br\/blog\/#organization"}},{"@type":"WebPage","@id":"https:\/\/www.estrategiaconcursos.com.br\/blog\/afeam-analise-de-edital-30-vagas-e-inicial-de-r-65-mil\/","url":"https:\/\/www.estrategiaconcursos.com.br\/blog\/afeam-analise-de-edital-30-vagas-e-inicial-de-r-65-mil\/","name":"AFEAM: an\u00e1lise de edital; 30 vagas e inicial de R$ 6,5 mil!","isPartOf":{"@id":"https:\/\/www.estrategiaconcursos.com.br\/blog\/#website"},"primaryImageOfPage":{"@id":"https:\/\/www.estrategiaconcursos.com.br\/blog\/afeam-analise-de-edital-30-vagas-e-inicial-de-r-65-mil\/#primaryimage"},"image":{"@id":"https:\/\/www.estrategiaconcursos.com.br\/blog\/afeam-analise-de-edital-30-vagas-e-inicial-de-r-65-mil\/#primaryimage"},"thumbnailUrl":"https:\/\/dhg1h5j42swfq.cloudfront.net\/2022\/07\/09072210\/am.jpg","datePublished":"2022-07-09T12:00:00+00:00","dateModified":"2023-07-28T12:28:43+00:00","description":"Concurso AFEAM: o professor Andr\u00e9 Rocha faz an\u00e1lise do edital que oferta 30 vagas para Especialista de Fomento. Hoje, \u00e0s 10h!","breadcrumb":{"@id":"https:\/\/www.estrategiaconcursos.com.br\/blog\/afeam-analise-de-edital-30-vagas-e-inicial-de-r-65-mil\/#breadcrumb"},"inLanguage":"pt-BR","potentialAction":[{"@type":"ReadAction","target":["https:\/\/www.estrategiaconcursos.com.br\/blog\/afeam-analise-de-edital-30-vagas-e-inicial-de-r-65-mil\/"]}]},{"@type":"ImageObject","inLanguage":"pt-BR","@id":"https:\/\/www.estrategiaconcursos.com.br\/blog\/afeam-analise-de-edital-30-vagas-e-inicial-de-r-65-mil\/#primaryimage","url":"https:\/\/dhg1h5j42swfq.cloudfront.net\/2022\/07\/09072210\/am.jpg","contentUrl":"https:\/\/dhg1h5j42swfq.cloudfront.net\/2022\/07\/09072210\/am.jpg","width":1274,"height":649},{"@type":"BreadcrumbList","@id":"https:\/\/www.estrategiaconcursos.com.br\/blog\/afeam-analise-de-edital-30-vagas-e-inicial-de-r-65-mil\/#breadcrumb","itemListElement":[{"@type":"ListItem","position":1,"name":"In\u00edcio","item":"https:\/\/www.estrategiaconcursos.com.br\/blog\/"},{"@type":"ListItem","position":2,"name":"AFEAM: an\u00e1lise de edital; 30 vagas e inicial de R$ 6,5 mil!"}]},{"@type":"WebSite","@id":"https:\/\/www.estrategiaconcursos.com.br\/blog\/#website","url":"https:\/\/www.estrategiaconcursos.com.br\/blog\/","name":"Estrat\u00e9gia Concursos","description":"O blog da Estrat\u00e9gia Concursos traz not\u00edcias sobre concursos e artigos de professores oferecendo cursos para concursos (pdf + videaulas) no site.","publisher":{"@id":"https:\/\/www.estrategiaconcursos.com.br\/blog\/#organization"},"potentialAction":[{"@type":"SearchAction","target":{"@type":"EntryPoint","urlTemplate":"https:\/\/www.estrategiaconcursos.com.br\/blog\/?s={search_term_string}"},"query-input":{"@type":"PropertyValueSpecification","valueRequired":true,"valueName":"search_term_string"}}],"inLanguage":"pt-BR"},{"@type":"Organization","@id":"https:\/\/www.estrategiaconcursos.com.br\/blog\/#organization","name":"Estrat\u00e9gia Concursos","url":"https:\/\/www.estrategiaconcursos.com.br\/blog\/","logo":{"@type":"ImageObject","inLanguage":"pt-BR","@id":"https:\/\/www.estrategiaconcursos.com.br\/blog\/#\/schema\/logo\/image\/","url":"https:\/\/dhg1h5j42swfq.cloudfront.net\/2025\/06\/03203428\/logo_concursos-1.jpg","contentUrl":"https:\/\/dhg1h5j42swfq.cloudfront.net\/2025\/06\/03203428\/logo_concursos-1.jpg","width":230,"height":60,"caption":"Estrat\u00e9gia Concursos"},"image":{"@id":"https:\/\/www.estrategiaconcursos.com.br\/blog\/#\/schema\/logo\/image\/"},"sameAs":["https:\/\/x.com\/EstratConcursos"]},{"@type":"Person","@id":"https:\/\/www.estrategiaconcursos.com.br\/blog\/#\/schema\/person\/e67b24269a8b4cecf85a1f20424b49d6","name":"Andr\u00e9 Rocha (Coordena\u00e7\u00e3o)","image":{"@type":"ImageObject","inLanguage":"pt-BR","@id":"https:\/\/secure.gravatar.com\/avatar\/40153430899c7e3f207edb7d27d05d38a22e8a95aaf754d445b6db969384ac2c?s=96&d=mm&r=g","url":"https:\/\/secure.gravatar.com\/avatar\/40153430899c7e3f207edb7d27d05d38a22e8a95aaf754d445b6db969384ac2c?s=96&d=mm&r=g","contentUrl":"https:\/\/secure.gravatar.com\/avatar\/40153430899c7e3f207edb7d27d05d38a22e8a95aaf754d445b6db969384ac2c?s=96&d=mm&r=g","caption":"Andr\u00e9 Rocha (Coordena\u00e7\u00e3o)"},"url":"https:\/\/www.estrategiaconcursos.com.br\/blog\/author\/andre-rochaestrategiaconcursos-com-br\/"}]}},"_links":{"self":[{"href":"https:\/\/www.estrategiaconcursos.com.br\/blog\/wp-json\/wp\/v2\/posts\/1058278","targetHints":{"allow":["GET"]}}],"collection":[{"href":"https:\/\/www.estrategiaconcursos.com.br\/blog\/wp-json\/wp\/v2\/posts"}],"about":[{"href":"https:\/\/www.estrategiaconcursos.com.br\/blog\/wp-json\/wp\/v2\/types\/post"}],"author":[{"embeddable":true,"href":"https:\/\/www.estrategiaconcursos.com.br\/blog\/wp-json\/wp\/v2\/users\/1938"}],"replies":[{"embeddable":true,"href":"https:\/\/www.estrategiaconcursos.com.br\/blog\/wp-json\/wp\/v2\/comments?post=1058278"}],"version-history":[{"count":9,"href":"https:\/\/www.estrategiaconcursos.com.br\/blog\/wp-json\/wp\/v2\/posts\/1058278\/revisions"}],"predecessor-version":[{"id":1256536,"href":"https:\/\/www.estrategiaconcursos.com.br\/blog\/wp-json\/wp\/v2\/posts\/1058278\/revisions\/1256536"}],"wp:featuredmedia":[{"embeddable":true,"href":"https:\/\/www.estrategiaconcursos.com.br\/blog\/wp-json\/wp\/v2\/media\/1058362"}],"wp:attachment":[{"href":"https:\/\/www.estrategiaconcursos.com.br\/blog\/wp-json\/wp\/v2\/media?parent=1058278"}],"wp:term":[{"taxonomy":"category","embeddable":true,"href":"https:\/\/www.estrategiaconcursos.com.br\/blog\/wp-json\/wp\/v2\/categories?post=1058278"},{"taxonomy":"post_tag","embeddable":true,"href":"https:\/\/www.estrategiaconcursos.com.br\/blog\/wp-json\/wp\/v2\/tags?post=1058278"},{"taxonomy":"tax_estado","embeddable":true,"href":"https:\/\/www.estrategiaconcursos.com.br\/blog\/wp-json\/wp\/v2\/tax_estado?post=1058278"}],"curies":[{"name":"wp","href":"https:\/\/api.w.org\/{rel}","templated":true}]}}