{"id":1058134,"date":"2022-07-11T09:00:00","date_gmt":"2022-07-11T12:00:00","guid":{"rendered":"https:\/\/www.estrategiaconcursos.com.br\/blog\/?p=1058134"},"modified":"2022-07-15T16:54:52","modified_gmt":"2022-07-15T19:54:52","slug":"carta-aos-assinantes-089","status":"publish","type":"post","link":"https:\/\/www.estrategiaconcursos.com.br\/blog\/carta-aos-assinantes-089\/","title":{"rendered":"Carta aos Assinantes do Estrat\u00e9gia Concursos &#8211; 089"},"content":{"rendered":"\n<p class=\"has-text-align-right has-luminous-vivid-amber-background-color has-background\"><em>Confira, em nossa <strong>octog\u00e9sima<\/strong> <strong>nona<\/strong> carta aos assinantes, a nossa programa\u00e7\u00e3o semanal, as novidades do nosso Sistema de Quest\u00f5es e as principais movimenta\u00e7\u00f5es de concursos.<\/em><\/p>\n\n\n\n<p>Ol\u00e1, pessoal. Tudo bem?<\/p>\n\n\n\n<p>Aqui \u00e9 o<strong> Prof. Diego Cerqueira <\/strong>em nossa <strong><mark style=\"background-color:rgba(0, 0, 0, 0)\" class=\"has-inline-color has-vivid-purple-color\">octog\u00e9sima nona carta aos Assinantes<\/mark><\/strong> do Estrat\u00e9gia Concursos.<\/p>\n\n\n\n<p>Gostaria de iniciar esta carta falando sobre o nosso maior evento dos \u00faltimos tempos: <strong><mark style=\"background-color:rgba(0, 0, 0, 0)\" class=\"has-inline-color has-vivid-purple-color\">A Semana Nacional dos Concursos P\u00fablicos<\/mark><\/strong>. Voc\u00eas que est\u00e3o acompanhando est\u00e3o podendo observar o qu\u00e3o proveitosa est\u00e1 sendo essa nossa sequ\u00eancia de eventos. A boa not\u00edcia \u00e9 que ainda tem muita transmiss\u00e3o para acontecer! Lembrem-se \u00e9 at\u00e9 o dia 18 de julho!<\/p>\n\n\n\n<p><em>N\u00e3o fique de fora e inscreva-se no link abaixo:<\/em><\/p>\n\n\n\n<p class=\"has-text-align-center has-pale-cyan-blue-background-color has-background\"><a href=\"https:\/\/gratis.estrategiaconcursos.com.br\/2-semana-nacional\/\">QUERO SER APROVADO EM 2022<\/a><\/p>\n\n\n\n<p>Para voc\u00ea, aluno(a), que estuda para a \u00e1rea jur\u00eddica, n\u00f3s tamb\u00e9m preparamos a <strong><mark style=\"background-color:rgba(0, 0, 0, 0)\" class=\"has-inline-color has-vivid-purple-color\">Semana Nacional dos Concursos Jur\u00eddicos<\/mark><\/strong>. Ser\u00e1 a maior imers\u00e3o gratuita do ano para quem quer conquistar um cargo jur\u00eddico at\u00e9 2023. Ser\u00e3o cinco dias de aulas ao vivo. A Semana Nacional \u00e9 para voc\u00ea que quer: ter remunera\u00e7\u00f5es que chegam a R$30 mil por m\u00eas; garantir estabilidade e nunca mais se preocupar com o desemprego; ser aprovado o mais r\u00e1pido poss\u00edvel, sem precisar estudar por anos; prestar um servi\u00e7o que fa\u00e7a diferen\u00e7a para a sociedade; conhecer a realidade e a rotina de todas as carreiras jur\u00eddicas. Se isso tudo fez sentido para voc\u00ea, acesse a nossa p\u00e1gina <a href=\"https:\/\/gratis.estrategiaconcursos.com.br\/semana-nacional-dos-concursos-juridicos\/?utm_source=banner&amp;utm_medium=banner&amp;utm_campaign=ecj-jur-ld-banner-geral-semesp-180722\">aqui<\/a> e saiba mais.<\/p>\n\n\n\n<h2 class=\"wp-block-heading\" id=\"h-programacao-semanal\"><strong>Programa\u00e7\u00e3o Semanal<\/strong><\/h2>\n\n\n\n<ol class=\"wp-block-list\" type=\"1\"><li><strong>ESTRAT\u00c9GIA CONCURSOS \u2013 Webin\u00e1rios<\/strong><\/li><\/ol>\n\n\n\n<ul class=\"wp-block-list\"><li><strong>Contabilidade facilitada para n\u00e3o contadores (Semana Nacional dos Concursos P\u00fablicos \u2013 <\/strong>11 de julho (<a href=\"https:\/\/youtu.be\/EdeoTfY2wkk\">Defina o Lembrete<\/a>)<\/li><li><strong>Concursos 2022: Panorama Geral (Semana Nacional dos Concursos P\u00fablicos Concursos no Nordeste: As melhores oportunidades em 2022 (Semana Nacional dos Concursos P\u00fablicos) \u2013 <\/strong>11 de julho (<a href=\"https:\/\/youtu.be\/4rX_ybfhyJI\">Defina o Lembrete<\/a>)<\/li><li><strong>Como ficam os concursos em ano de elei\u00e7\u00e3o? (Semana Nacional dos Concursos P\u00fablicos) \u2013 <\/strong>11 de julho (<a href=\"https:\/\/youtu.be\/LP3PdX7cqOc\">Defina o Lembrete<\/a>)<\/li><li><strong>Resolvendo as melhores quest\u00f5es de Processo do Trabalho para TRTs (Semana Nacional dos Concursos P\u00fablicos) \u2013 <\/strong>11 de julho (<a href=\"https:\/\/youtu.be\/Ghz59wJvwhU\">Defina o Lembrete<\/a>)<\/li><li><strong>Concurso Pol\u00edcia Federal: Saiba como ingressar na institui\u00e7\u00e3o mais respeitada do pa\u00eds (Semana Nacional dos Concursos P\u00fablicos) \u2013 <\/strong>11 de julho (<a href=\"https:\/\/youtu.be\/P6__LLI0_zE\">Defina o Lembrete<\/a>)<\/li><li><strong>Concurso SEDF: a melhor oportunidade para professores de 2022 (Semana Nacional dos Concursos P\u00fablicos) \u2013 <\/strong>11 de julho (<a href=\"https:\/\/youtu.be\/QCi0AucslSo\">Defina o Lembrete<\/a>)<\/li><li><strong>Concursos da \u00c1rea Fiscal: As melhores oportunidades em 2022 (Semana Nacional dos Concursos P\u00fablicos) \u2013 <\/strong>11 de julho (<a href=\"https:\/\/youtu.be\/2tBrTbhGjO0\">Defina o Lembrete<\/a>)<\/li><li><strong>Concurso TJ MG: Edital pr\u00f3ximo! Saiba como aproveitar essa oportunidade (Semana Nacional dos Concursos P\u00fablicos) \u2013 <\/strong>11 de julho (<a href=\"https:\/\/youtu.be\/dJ0g44-hQBw\">Defina o Lembrete<\/a>)<\/li><li><strong>Resolvendo as \u00faltimas provas de 2022 para Direito Penal (Semana Nacional dos Concursos P\u00fablicos) \u2013 <\/strong>12 de julho (<a href=\"https:\/\/www.youtube.com\/watch?v=-cJcH4NsMHw\">Defina o Lembrete<\/a>)<\/li><li><strong>Concurso ALESC: 29 vagas previstas com sal\u00e1rio acima de R$ 15 mil (Semana Nacional dos Concursos P\u00fablicos) \u2013 <\/strong>12 de julho (<a href=\"https:\/\/youtu.be\/DUroMJ2dGdY\">Defina o Lembrete<\/a>)<\/li><li><strong>Concurso PM SP: Saiba como conquistar uma das 2.700 vagas para n\u00edvel m\u00e9dio! (Semana Nacional dos Concursos P\u00fablicos) \u2013 <\/strong>12 de julho (<a href=\"https:\/\/youtu.be\/uXPBYdY7qHk\">Defina o Lembrete<\/a>)<\/li><li><strong>Concursos de Educa\u00e7\u00e3o &#8211; as melhores op\u00e7\u00f5es para 2022 (Semana Nacional dos Concursos P\u00fablicos) \u2013 <\/strong>12 de julho (<a href=\"https:\/\/youtu.be\/G7OCa0oPjRo\">Defina o Lembrete<\/a>)<\/li><li><strong>Concurso SEFAZ MG: O guia para conquistar uma das 431 vagas e sal\u00e1rios acima de R$ 25 mil (Semana Nacional dos Concursos P\u00fablicos) \u2013 <\/strong>12 de julho (<a href=\"https:\/\/youtu.be\/_mwVcfgVm7c\">Defina o Lembrete<\/a>)<\/li><li><strong>\u00c1rea Fiscal x \u00c1rea de Controle: Conhe\u00e7a o dia a dia dos Auditores (Semana Nacional dos Concursos P\u00fablicos) \u2013 <\/strong>12 de julho (<a href=\"https:\/\/youtu.be\/ATJf9mILKV4\">Defina o Lembrete<\/a>)<\/li><li><strong>Concurso PC TO: Como conquistar uma das 313 vagas e sal\u00e1rios de R$ 10 mil (Semana Nacional dos Concursos P\u00fablicos) \u2013 <\/strong>12 de julho (<a href=\"https:\/\/youtu.be\/lp2jIMPUya0\">Defina o Lembrete<\/a>)<\/li><li><strong>AFO para Concursos P\u00fablicos com a Prof. Gabriela Zavadinack \u2013 <\/strong>13 de julho (<a href=\"https:\/\/youtu.be\/M_vQFsGxhDU\">Defina o Lembrete<\/a>)<\/li><li><strong>Aul\u00e3o Especial AL RN &#8211; P\u00f3s-Edital: Regimento Interno &#8211; Prof. Emerson Bruno \u2013 <\/strong>13 de julho (<a href=\"https:\/\/www.youtube.com\/watch?v=_w--ChqesVc\">Defina o Lembrete<\/a>)<\/li><li><strong>Contabilidade Avan\u00e7ada para Receita Federal &#8211; Prof. Marcondes Fortaleza \u2013 <\/strong>15 de julho (<a href=\"https:\/\/www.youtube.com\/watch?v=sBwo1nHfg4E\">Defina o Lembrete<\/a>)<\/li><li><strong>5 temas importantes de Conhecimentos Banc\u00e1rios para concursos (Semana Nacional dos Concursos P\u00fablicos) \u2013 <\/strong>16 de julho (<a href=\"https:\/\/www.redirectmais.com\/run\/concpub22\">Defina o Lembrete<\/a>)<\/li><li><strong>4 tipos de revis\u00e3o que todo concurseiro precisa fazer (Semana Nacional dos Concursos P\u00fablicos) \u2013 <\/strong>16 de julho (<a href=\"https:\/\/www.redirectmais.com\/run\/concpub22\">Defina o Lembrete<\/a>)<\/li><li><strong>Vou bem nas quest\u00f5es e mal no simulado! O que fazer? (Semana Nacional dos Concursos P\u00fablicos) \u2013 <\/strong>16 de julho (<a href=\"https:\/\/www.redirectmais.com\/run\/concpub22\">Defina o Lembrete<\/a>)<\/li><\/ul>\n\n\n\n<ol class=\"wp-block-list\" type=\"1\" start=\"2\"><li><strong>ESTRAT\u00c9GIA CARREIRAS JUR\u00cdDICAS E OAB \u2013 Webin\u00e1rios<\/strong><\/li><\/ol>\n\n\n\n<ul class=\"wp-block-list\"><li><strong>Advocacia P\u00fablica Federal | Plano de Aprova\u00e7\u00e3o x300 &#8211; A estrat\u00e9gia para triplicar as suas chances de conquistar uma das 300 vagas \u2013 <\/strong>11 de julho (<a href=\"https:\/\/gratis.estrategiaconcursos.com.br\/advocacia-publica-federal-plano-de-aprovacao-x-300\/\">Defina o Lembrete<\/a>)<\/li><li><strong>Epis\u00f3dio 2: AGU x AGE MG x PGM SP: Como conciliar \u2013 <\/strong>12 de julho (<a href=\"https:\/\/youtu.be\/iDx9xAnOY7Q\">Defina o Lembrete<\/a>)<\/li><li><strong>Procurador AGE MG: Maratona de Legisla\u00e7\u00e3o Local \u2013 <\/strong>16 de julho (<a href=\"https:\/\/www.estrategiaconcursos.com.br\/blog\/pge-mg-procurador-extrato-fgv\/\">Defina o Lembrete<\/a>)<\/li><li><strong>Revis\u00e3o de V\u00e9spera Juiz TJ MA \u2013 <\/strong>16 de julho (<a href=\"https:\/\/www.estrategiaconcursos.com.br\/blog\/concurso-magistratura-ma\/\">Defina o Lembrete<\/a>)<\/li><\/ul>\n\n\n\n<h2 class=\"wp-block-heading\" id=\"h-sistema-de-questoes-do-estrategia\"><strong>Sistema de Quest\u00f5es do Estrat\u00e9gia<\/strong><\/h2>\n\n\n\n<p>Na \u00faltima semana n\u00f3s tivemos atualiza\u00e7\u00e3o no seguinte artigo de Quest\u00f5es In\u00e9ditas:<\/p>\n\n\n\n<ul class=\"wp-block-list\"><li>Pol\u00edcia Civil da Bahia (<a href=\"https:\/\/www.estrategiaconcursos.com.br\/blog\/questoes-ineditas-pc-ba\/\">Clique aqui!<\/a>)<\/li><\/ul>\n\n\n\n<p>E a nossa equipe criou um artigo com Quest\u00f5es In\u00e9ditas para o concurso da Secretaria da Fazenda do Estado de Minas Gerais. (<a href=\"https:\/\/www.estrategiaconcursos.com.br\/blog\/questoes-ineditas-sefaz-mg\/\">Clique aqui!<\/a>)<\/p>\n\n\n\n<h2 class=\"wp-block-heading\" id=\"h-agora-vamos-ver-as-principais-movimentacoes-de-concursos-da-ultima-semana\"><strong>Agora, vamos ver as principais movimenta\u00e7\u00f5es de concursos da \u00faltima semana?<\/strong><\/h2>\n\n\n\n<ul class=\"wp-block-list\"><li><a href=\"https:\/\/www.estrategiaconcursos.com.br\/blog\/concurso-inss\/\">INSS<\/a>: Um dos maiores concursos p\u00fablicos do Brasil est\u00e1 pr\u00f3ximo: o concurso para o INSS. Recentemente o Instituto afirmou \u00e0 equipe de jornalismo do Estrat\u00e9gia que o certame j\u00e1 possui comiss\u00e3o formada. O grupo deve ser anunciado oficialmente atrav\u00e9s do Di\u00e1rio Oficial da Uni\u00e3o na pr\u00f3xima semana. Ap\u00f3s cumprida tal etapa, ser\u00e1 escolhida uma empresa que ficar\u00e1 respons\u00e1vel pela aplica\u00e7\u00e3o de provas do concurso. O t\u00e3o aguardado edital ser\u00e1 para provimento de 1.000 vagas com remunera\u00e7\u00e3o inicial de R$ 5.447,79, al\u00e9m da estabilidade, que vai dar aos aprovados uma garantia extra de que n\u00e3o podem ser demitidos.<\/li><\/ul>\n\n\n\n<ul class=\"wp-block-list\"><li><a href=\"https:\/\/www.estrategiaconcursos.com.br\/blog\/concurso-cgdf\/\">CGDF<\/a>: O Cebraspe foi contratado para organizar o novo concurso p\u00fablico da Controladoria Geral do Distrito Federal (CGDF). A informa\u00e7\u00e3o consta no Portal da Transpar\u00eancia do DF. O contrato ter\u00e1 dura\u00e7\u00e3o de 12 meses, contados a partir de 11 de abril de 2022. Com a defini\u00e7\u00e3o da banca, a publica\u00e7\u00e3o do edital de abertura est\u00e1 cada vez mais pr\u00f3xima de acontecer. Ser\u00e3o ofertadas, ao todo, 234 vagas. Essas oportunidades ser\u00e3o destinadas ao cargo de Auditor de Controle Interno, sendo 87 vagas imediatas e as outras 147 para forma\u00e7\u00e3o de cadastro reserva. O \u00fanico requisito para se candidatar ao cargo \u00e9 possuir diploma de conclus\u00e3o de curso de n\u00edvel superior em qualquer \u00e1rea de forma\u00e7\u00e3o, em n\u00edvel de gradua\u00e7\u00e3o. De acordo com a estrutura remunerat\u00f3ria do \u00f3rg\u00e3o, o valor inicial \u00e9 de R$ 13.700,00, mas pode chegar a R$ 19.539,48 no \u00faltimo n\u00edvel\/classe.<\/li><\/ul>\n\n\n\n<ul class=\"wp-block-list\"><li><a href=\"https:\/\/www.estrategiaconcursos.com.br\/blog\/concurso-iss-criciuma\/\">ISS CRICI\u00daMA<\/a>: Foi publicado o edital do concurso ISS Crici\u00fama com oferta de duas vagas para o cargo de Auditor Fiscal da Receita Municipal. A fun\u00e7\u00e3o exige diploma de n\u00edvel superior em qualquer \u00e1rea de forma\u00e7\u00e3o, al\u00e9m de oferecer sal\u00e1rios iniciais de R$ 16.871,04. Os interessados em participar da sele\u00e7\u00e3o devem se inscrever at\u00e9 o dia 02 de agosto, atrav\u00e9s do site da banca organizadora, a Fepese. J\u00e1 o valor da taxa fixada ficou estipulado em R$ 150,00. Os candidatos ser\u00e3o submetidos a uma prova objetiva, de car\u00e1ter classificat\u00f3rio e eliminat\u00f3rio. A avalia\u00e7\u00e3o ser\u00e1 aplicada no dia 11 de setembro, em locais que ser\u00e3o divulgados no site da banca, a partir do dia 06 do mesmo m\u00eas.<\/li><\/ul>\n\n\n\n<ul class=\"wp-block-list\"><li><a href=\"https:\/\/www.estrategiaconcursos.com.br\/blog\/concurso-brb\/\">BRB<\/a>: Foi publicado o edital do concurso BRB (Banco de Bras\u00edlia) com a oferta de 150 vagas imediatas e 150 em cadastro reserva para o cargo de Escritur\u00e1rio. Os candidatos devem possuir forma\u00e7\u00e3o de n\u00edvel m\u00e9dio. O sal\u00e1rio \u00e9 de R$ 3.764,66, al\u00e9m de diversas vantagens e benef\u00edcios. Os interessados devem realizar as inscri\u00e7\u00f5es no per\u00edodo de 17 de agosto a 3 de outubro, no site do IADES. A prova \u00e9 prevista no dia 6 de novembro.<\/li><\/ul>\n\n\n\n<ul class=\"wp-block-list\"><li><a href=\"https:\/\/www.estrategiaconcursos.com.br\/blog\/concurso-assembleia-legislativa-mg\/\">ALMG<\/a>: Foi publicado o edital do concurso ALMG (Assembleia Legislativa de Minas Gerais) com 200 vagas para cargos nos n\u00edveis m\u00e9dio e superior. As oportunidades s\u00e3o para Analista Legislativo, T\u00e9cnico de Apoio Legislativo e Procurador. Os sal\u00e1rios variam de R$ 5.351,73 a R$ 10.091,58, al\u00e9m de aux\u00edlios de at\u00e9 R$ 1.302,50. Os interessados devem realizar as inscri\u00e7\u00f5es no per\u00edodo de 12 de setembro a 14 de outubro, no site da FUMARC. As provas s\u00e3o previstas nos dias 29 de janeiro e 5 de fevereiro de 2023.<\/li><\/ul>\n\n\n\n<ul class=\"wp-block-list\"><li><a href=\"https:\/\/www.estrategiaconcursos.com.br\/blog\/concurso-pc-ro\/\">PC RO<\/a>: Foi publicado o edital do concurso PC RO com 319 vagas de n\u00edvel superior. Os sal\u00e1rios variam de R$ 5.083,00 a R$ 15.500,00. As oportunidades s\u00e3o para as carreiras de Agente de Pol\u00edcia, Datiloscopista, Escriv\u00e3o, T\u00e9cnico de Necropsia, M\u00e9dico Legista e Delegado. Os interessados devem realizar as inscri\u00e7\u00f5es no per\u00edodo de 15 de julho a 5 de agosto, no site da banca organizadora, Cebraspe. As provas s\u00e3o previstas nos dias 25 de setembro e 9 de outubro.<\/li><\/ul>\n\n\n\n<ul class=\"wp-block-list\"><li><a href=\"https:\/\/www.estrategiaconcursos.com.br\/blog\/concurso-pm-ro\/\">PM RO<\/a>: Foi publicado o edital do concurso PM RO. Conforme o documento, s\u00e3o ofertadas 20 vagas para Oficial Combatente, com exig\u00eancia de n\u00edvel superior em direito. Os interessados em participar da sele\u00e7\u00e3o devem realizar as inscri\u00e7\u00f5es no per\u00edodo de 15 de julho a 05 de agosto de 2022, no site do Cebraspe. A prova \u00e9 prevista no dia 25 de setembro.<\/li><\/ul>\n\n\n\n<ul class=\"wp-block-list\"><li><a href=\"https:\/\/www.estrategiaconcursos.com.br\/blog\/concurso-pmdf\/\">PMDF<\/a>: Devidamente autorizado, foi oficialmente constitu\u00edda a comiss\u00e3o respons\u00e1vel pelo pr\u00f3ximo concurso PMDF (Pol\u00edcia Militar do Distrito Federal). O grupo, inclusive, j\u00e1 tem muito trabalho a fazer. Isso porque foi divulgado o aviso de contrata\u00e7\u00e3o da banca organizadora. A sess\u00e3o p\u00fablica de abertura das propostas \u00e9 prevista no dia 17 de agosto. Vale lembrar que foram autorizadas 2.100 vagas para Soldado (700 + 1.400 CR) e 46 vagas para o quadro de Oficiais da Sa\u00fade (M\u00e9dicos, Dentistas e Veterin\u00e1rio) e Oficial Capel\u00e3o.<\/li><\/ul>\n\n\n\n<ul class=\"wp-block-list\"><li><a href=\"https:\/\/cj.estrategia.com\/portal\/concurso-tj-pb-cartorios\/\">Cart\u00f3rio PB<\/a>: O Instituto Consulpam foi definido como organizador do concurso para a outorga de delega\u00e7\u00f5es de serventias extrajudiciais de notas e registro do Estado da Para\u00edba. O \u00f3rg\u00e3o ainda n\u00e3o divulgou o n\u00famero de vagas. A comiss\u00e3o da sele\u00e7\u00e3o j\u00e1 foi formada. Para concorrer o candidato devem ter conclu\u00eddo o curso superior de gradua\u00e7\u00e3o em Direito ou ter exercido por 10 anos completos fun\u00e7\u00e3o em servi\u00e7o notarial ou de registro.<\/li><\/ul>\n\n\n\n<ul class=\"wp-block-list\"><li><a href=\"https:\/\/cj.estrategia.com\/portal\/concurso-magistratura-tjm-mg\/\">Magistratura TJM MG<\/a>: Foi publicado o edital do concurso que oferta s 6 vagas para o cargo de Juiz de Direito Substituto do Ju\u00edzo Militar do Estado de Minas Gerais, com subs\u00eddio inicial de R$ 33.689,11. As inscri\u00e7\u00f5es podem ser feitas entre os dias 12 de setembro e 11 de outubro de 2022. A taxa de inscri\u00e7\u00e3o foi fixada em R$ 330,00 e a prova objetiva ser\u00e1 realizada no dia 20 de novembro de 2022. Para concorrer, o candidato dever\u00e1 comprovar n\u00edvel superior em Direito mais 3 anos de atividade jur\u00eddica cumpridas ap\u00f3s o bacharelado.<\/li><\/ul>\n\n\n\n<ul class=\"wp-block-list\"><li><a href=\"https:\/\/cj.estrategia.com\/portal\/concurso-magistratura-pe\/\">Magistratura PE<\/a>: Foi publicada a ratifica\u00e7\u00e3o da banca Funda\u00e7\u00e3o Getulio Vargas (FGV) como organizadora do pr\u00f3ximo concurso que ofertar\u00e1 30 vagas \u00e0 carreira de Juiz Substituto de 1\u00aa Entr\u00e2ncia no Tribunal de Justi\u00e7a de Pernambuco, com remunera\u00e7\u00e3o inicial de R$ 30.404,42. Para ingressar \u00e9 necess\u00e1rio ser bacharel em Direito e contar com tr\u00eas anos de atividade jur\u00eddica completados at\u00e9 a data da inscri\u00e7\u00e3o definitiva.<\/li><\/ul>\n\n\n\n<ul class=\"wp-block-list\"><li><a href=\"https:\/\/cj.estrategia.com\/portal\/concurso-mpt-procurador\/\">Procurador MPT<\/a>: O Conselho Superior do Minist\u00e9rio P\u00fablico do Trabalho autorizou a realiza\u00e7\u00e3o do 22\u00ba concurso para Procurador do Trabalho. A sele\u00e7\u00e3o estava prevista na Lei Or\u00e7ament\u00e1ria Anual (LOA) 2022, com previs\u00e3o de at\u00e9 122 vagas. A comiss\u00e3o de membros que acompanhar\u00e1 as atividades do concurso j\u00e1 est\u00e1 formada. Para ingressar na carreira \u00e9 necess\u00e1rio ser bacharel em Direito e contar com tr\u00eas anos de atividade jur\u00eddica.<\/li><\/ul>\n\n\n\n<ul class=\"wp-block-list\"><li><a href=\"https:\/\/cj.estrategia.com\/portal\/concurso-delegado-es\/\">Delegado ES<\/a>: Foi publicado o edital que oferta 40 vagas para a classe inicial de Delegado de Pol\u00edcia do Esp\u00edrito Santo, com sal\u00e1rio inicial de R$ 12.413,15. As inscri\u00e7\u00f5es do certame podem ser realizadas dia 8 at\u00e9 o dia 29 de julho. A Prova Objetiva est\u00e1 marcada para 11 de setembro de 2022. Os interessados devem possuir diploma de bacharel em Direito e comprovar exerc\u00edcio de tr\u00eas anos de pr\u00e1tica forense ou de atividade policial.<\/li><\/ul>\n\n\n\n<ul class=\"wp-block-list\"><li><a href=\"https:\/\/cj.estrategia.com\/portal\/concurso-delegado-pi\/\">Delegado PI<\/a>: O delegado-geral da Pol\u00edcia Civil do Piau\u00ed, Luccy Keiko, confirmou que um novo concurso para Delegado de Pol\u00edcia deve acontecer em breve. Segundo ele, a institui\u00e7\u00e3o j\u00e1 est\u00e1 trabalhando para uma nova sele\u00e7\u00e3o que contemple todos os cargos. A remunera\u00e7\u00e3o inicial do cargo de Delegado \u00e9 de R$ 16.391,11 e para concorrer, o candidato deve possuir bacharelado em Direito.<\/li><\/ul>\n\n\n\n<ul class=\"wp-block-list\"><li><a href=\"https:\/\/cj.estrategia.com\/portal\/concurso-procurador-almg\">Procurador ALMG<\/a>: Foi publicado o edital do concurso Procurador, com oferta de 4 vagas diretas para a execu\u00e7\u00e3o do cargo na Assembleia Legislativa de Minas Gerais. A taxa de inscri\u00e7\u00e3o foi definida no valor de R$ 182,00. As inscri\u00e7\u00f5es podem ser realizadas os dias 12 de setembro e 14 de outubro de 2022, no endere\u00e7o eletr\u00f4nico da FUMARC. A prova objetiva est\u00e1 prevista para 29 de janeiro de 2023. Para concorrer o candidato dever\u00e1 possuir Gradua\u00e7\u00e3o em curso superior de Direito e inscri\u00e7\u00e3o na Ordem dos Advogados do Brasil \u2013 OAB.<\/li><\/ul>\n\n\n\n<ul class=\"wp-block-list\"><li><a href=\"https:\/\/www.estrategiaconcursos.com.br\/blog\/concurso-trt-pi\">TRT PI<\/a>: segundo informa\u00e7\u00f5es repassadas com exclusividade \u00e0 equipe de jornalismo do Estrat\u00e9gia, o edital deve ser publicado at\u00e9 o pr\u00f3ximo dia 13, enquanto as provas est\u00e3o previstas para setembro. O edital tem a FCC definida como banca organizadora e autoriza\u00e7\u00e3o para preencher 19 vagas de n\u00edveis m\u00e9dio e superior.<\/li><\/ul>\n\n\n\n<ul class=\"wp-block-list\"><li><a href=\"https:\/\/www.estrategiaconcursos.com.br\/blog\/concurso-trt-pb\/\">TRT PB:<\/a> o presidente da comiss\u00e3o organizadora informou que o edital deve ser divulgado em at\u00e9 45 dias, contados a partir do dia 7 de julho. A banca organizadora est\u00e1 em defini\u00e7\u00e3o e a previs\u00e3o \u00e9 de que sejam ofertadas 8 vagas imediatas, al\u00e9m de cadastro de reserva, em cargos de n\u00edveis m\u00e9dio e superior.<\/li><\/ul>\n\n\n\n<ul class=\"wp-block-list\"><li><a href=\"https:\/\/www.estrategiaconcursos.com.br\/blog\/concurso-sec-ba\/\">SEC BA:<\/a> o edital com a oferta de 2.113 pode sair a qualquer momento. Isso porque o contrato com a FCC foi divulgado no dia 8 de julho. As vagas ser\u00e3o divididas entre as carreiras de professor e coordenador pedag\u00f3gico.<\/li><\/ul>\n\n\n\n<p>Desejo a todos uma excelente semana de estudos!<\/p>\n\n\n\n<p>Abra\u00e7os,<\/p>\n\n\n\n<p><strong>Prof. Diego Cerqueira<\/strong><\/p>\n","protected":false},"excerpt":{"rendered":"<p>Confira, em nossa octog\u00e9sima nona carta aos assinantes, a nossa programa\u00e7\u00e3o semanal, as novidades do nosso Sistema de Quest\u00f5es e as principais movimenta\u00e7\u00f5es de concursos. Ol\u00e1, pessoal. Tudo bem? Aqui \u00e9 o Prof. Diego Cerqueira em nossa octog\u00e9sima nona carta aos Assinantes do Estrat\u00e9gia Concursos. Gostaria de iniciar esta carta falando sobre o nosso maior [&hellip;]<\/p>\n","protected":false},"author":1789,"featured_media":1058143,"comment_status":"open","ping_status":"closed","sticky":false,"template":"","format":"standard","meta":{"post_tipo":"article","footnotes":""},"categories":[1],"tags":[],"tax_estado":[219964,219965,219966,219967,219968,219969,219963,219970,219971,219972,219973,219974,219975,219976,219977,219978,219979,219980,219981,219982,219983,219984,219985,219986,219987,219988,219989,219990],"class_list":["post-1058134","post","type-post","status-publish","format-standard","has-post-thumbnail","hentry","category-cursos-e-concursos","tax_estado-ac","tax_estado-al","tax_estado-am","tax_estado-ap","tax_estado-ba","tax_estado-ce","tax_estado-concursos-federais","tax_estado-df","tax_estado-es","tax_estado-go","tax_estado-ma","tax_estado-mg","tax_estado-ms","tax_estado-mt","tax_estado-pa","tax_estado-pb","tax_estado-pe","tax_estado-pi","tax_estado-pr","tax_estado-rj","tax_estado-rn","tax_estado-ro","tax_estado-rr","tax_estado-rs","tax_estado-sc","tax_estado-se","tax_estado-sp","tax_estado-to"],"acf":[],"yoast_head":"<!-- This site is optimized with the Yoast SEO Premium plugin v27.2 (Yoast SEO v27.2) - https:\/\/yoast.com\/product\/yoast-seo-premium-wordpress\/ -->\n<title>Carta aos Assinantes do Estrat\u00e9gia Concursos - 089<\/title>\n<meta name=\"description\" content=\"Confira, em nossa 89\u00aa carta aos assinantes, a nossa programa\u00e7\u00e3o semanal, as novidades do nosso SQ e as principais movimenta\u00e7\u00f5es de concursos.\" \/>\n<meta name=\"robots\" content=\"index, follow, max-snippet:-1, max-image-preview:large, max-video-preview:-1\" \/>\n<link rel=\"canonical\" href=\"https:\/\/www.estrategiaconcursos.com.br\/blog\/carta-aos-assinantes-089\/\" \/>\n<meta property=\"og:locale\" content=\"pt_BR\" \/>\n<meta property=\"og:type\" content=\"article\" \/>\n<meta property=\"og:title\" content=\"Carta aos Assinantes do Estrat\u00e9gia Concursos - 089\" \/>\n<meta property=\"og:description\" content=\"Confira, em nossa 89\u00aa carta aos assinantes, a nossa programa\u00e7\u00e3o semanal, as novidades do nosso SQ e as principais movimenta\u00e7\u00f5es de concursos.\" \/>\n<meta property=\"og:url\" content=\"https:\/\/www.estrategiaconcursos.com.br\/blog\/carta-aos-assinantes-089\/\" \/>\n<meta property=\"og:site_name\" content=\"Estrat\u00e9gia Concursos\" \/>\n<meta property=\"article:published_time\" content=\"2022-07-11T12:00:00+00:00\" \/>\n<meta property=\"article:modified_time\" content=\"2022-07-15T19:54:52+00:00\" \/>\n<meta property=\"og:image\" content=\"https:\/\/dhg1h5j42swfq.cloudfront.net\/2022\/07\/08165823\/imagem-carta-aos-assinantes-1.png\" \/>\n\t<meta property=\"og:image:width\" content=\"800\" \/>\n\t<meta property=\"og:image:height\" content=\"450\" \/>\n\t<meta property=\"og:image:type\" content=\"image\/png\" \/>\n<meta name=\"author\" content=\"Coordena\u00e7\u00e3o Estrat\u00e9gia\" \/>\n<meta name=\"twitter:card\" content=\"summary_large_image\" \/>\n<meta name=\"twitter:creator\" content=\"@EstratConcursos\" \/>\n<meta name=\"twitter:site\" content=\"@EstratConcursos\" \/>\n<meta name=\"twitter:label1\" content=\"Escrito por\" \/>\n\t<meta name=\"twitter:data1\" content=\"Coordena\u00e7\u00e3o Estrat\u00e9gia\" \/>\n\t<meta name=\"twitter:label2\" content=\"Est. tempo de leitura\" \/>\n\t<meta name=\"twitter:data2\" content=\"13 minutos\" \/>\n<script type=\"application\/ld+json\" class=\"yoast-schema-graph\">{\"@context\":\"https:\/\/schema.org\",\"@graph\":[{\"@type\":\"NewsArticle\",\"@id\":\"https:\/\/www.estrategiaconcursos.com.br\/blog\/carta-aos-assinantes-089\/#article\",\"isPartOf\":{\"@id\":\"https:\/\/www.estrategiaconcursos.com.br\/blog\/carta-aos-assinantes-089\/\"},\"author\":{\"name\":\"Coordena\u00e7\u00e3o Estrat\u00e9gia\",\"@id\":\"https:\/\/www.estrategiaconcursos.com.br\/blog\/#\/schema\/person\/ba5fab3b1fa4a358429e37bc50f74021\"},\"headline\":\"Carta aos Assinantes do Estrat\u00e9gia Concursos &#8211; 089\",\"datePublished\":\"2022-07-11T12:00:00+00:00\",\"dateModified\":\"2022-07-15T19:54:52+00:00\",\"mainEntityOfPage\":{\"@id\":\"https:\/\/www.estrategiaconcursos.com.br\/blog\/carta-aos-assinantes-089\/\"},\"wordCount\":2362,\"commentCount\":0,\"publisher\":{\"@id\":\"https:\/\/www.estrategiaconcursos.com.br\/blog\/#organization\"},\"image\":{\"@id\":\"https:\/\/www.estrategiaconcursos.com.br\/blog\/carta-aos-assinantes-089\/#primaryimage\"},\"thumbnailUrl\":\"https:\/\/dhg1h5j42swfq.cloudfront.net\/2022\/07\/08165823\/imagem-carta-aos-assinantes-1.png\",\"articleSection\":[\"Concursos P\u00fablicos\"],\"inLanguage\":\"pt-BR\",\"potentialAction\":[{\"@type\":\"CommentAction\",\"name\":\"Comment\",\"target\":[\"https:\/\/www.estrategiaconcursos.com.br\/blog\/carta-aos-assinantes-089\/#respond\"]}],\"copyrightYear\":\"2022\",\"copyrightHolder\":{\"@id\":\"https:\/\/www.estrategiaconcursos.com.br\/blog\/#organization\"}},{\"@type\":\"WebPage\",\"@id\":\"https:\/\/www.estrategiaconcursos.com.br\/blog\/carta-aos-assinantes-089\/\",\"url\":\"https:\/\/www.estrategiaconcursos.com.br\/blog\/carta-aos-assinantes-089\/\",\"name\":\"Carta aos Assinantes do Estrat\u00e9gia Concursos - 089\",\"isPartOf\":{\"@id\":\"https:\/\/www.estrategiaconcursos.com.br\/blog\/#website\"},\"primaryImageOfPage\":{\"@id\":\"https:\/\/www.estrategiaconcursos.com.br\/blog\/carta-aos-assinantes-089\/#primaryimage\"},\"image\":{\"@id\":\"https:\/\/www.estrategiaconcursos.com.br\/blog\/carta-aos-assinantes-089\/#primaryimage\"},\"thumbnailUrl\":\"https:\/\/dhg1h5j42swfq.cloudfront.net\/2022\/07\/08165823\/imagem-carta-aos-assinantes-1.png\",\"datePublished\":\"2022-07-11T12:00:00+00:00\",\"dateModified\":\"2022-07-15T19:54:52+00:00\",\"description\":\"Confira, em nossa 89\u00aa carta aos assinantes, a nossa programa\u00e7\u00e3o semanal, as novidades do nosso SQ e as principais movimenta\u00e7\u00f5es de concursos.\",\"breadcrumb\":{\"@id\":\"https:\/\/www.estrategiaconcursos.com.br\/blog\/carta-aos-assinantes-089\/#breadcrumb\"},\"inLanguage\":\"pt-BR\",\"potentialAction\":[{\"@type\":\"ReadAction\",\"target\":[\"https:\/\/www.estrategiaconcursos.com.br\/blog\/carta-aos-assinantes-089\/\"]}]},{\"@type\":\"ImageObject\",\"inLanguage\":\"pt-BR\",\"@id\":\"https:\/\/www.estrategiaconcursos.com.br\/blog\/carta-aos-assinantes-089\/#primaryimage\",\"url\":\"https:\/\/dhg1h5j42swfq.cloudfront.net\/2022\/07\/08165823\/imagem-carta-aos-assinantes-1.png\",\"contentUrl\":\"https:\/\/dhg1h5j42swfq.cloudfront.net\/2022\/07\/08165823\/imagem-carta-aos-assinantes-1.png\",\"width\":800,\"height\":450,\"caption\":\"Carta aos Assinantes\"},{\"@type\":\"BreadcrumbList\",\"@id\":\"https:\/\/www.estrategiaconcursos.com.br\/blog\/carta-aos-assinantes-089\/#breadcrumb\",\"itemListElement\":[{\"@type\":\"ListItem\",\"position\":1,\"name\":\"In\u00edcio\",\"item\":\"https:\/\/www.estrategiaconcursos.com.br\/blog\/\"},{\"@type\":\"ListItem\",\"position\":2,\"name\":\"Carta aos Assinantes do Estrat\u00e9gia Concursos &#8211; 089\"}]},{\"@type\":\"WebSite\",\"@id\":\"https:\/\/www.estrategiaconcursos.com.br\/blog\/#website\",\"url\":\"https:\/\/www.estrategiaconcursos.com.br\/blog\/\",\"name\":\"Estrat\u00e9gia Concursos\",\"description\":\"O blog da Estrat\u00e9gia Concursos traz not\u00edcias sobre concursos e artigos de professores oferecendo cursos para concursos (pdf + videaulas) no site.\",\"publisher\":{\"@id\":\"https:\/\/www.estrategiaconcursos.com.br\/blog\/#organization\"},\"potentialAction\":[{\"@type\":\"SearchAction\",\"target\":{\"@type\":\"EntryPoint\",\"urlTemplate\":\"https:\/\/www.estrategiaconcursos.com.br\/blog\/?s={search_term_string}\"},\"query-input\":{\"@type\":\"PropertyValueSpecification\",\"valueRequired\":true,\"valueName\":\"search_term_string\"}}],\"inLanguage\":\"pt-BR\"},{\"@type\":\"Organization\",\"@id\":\"https:\/\/www.estrategiaconcursos.com.br\/blog\/#organization\",\"name\":\"Estrat\u00e9gia Concursos\",\"url\":\"https:\/\/www.estrategiaconcursos.com.br\/blog\/\",\"logo\":{\"@type\":\"ImageObject\",\"inLanguage\":\"pt-BR\",\"@id\":\"https:\/\/www.estrategiaconcursos.com.br\/blog\/#\/schema\/logo\/image\/\",\"url\":\"https:\/\/dhg1h5j42swfq.cloudfront.net\/2025\/06\/03203428\/logo_concursos-1.jpg\",\"contentUrl\":\"https:\/\/dhg1h5j42swfq.cloudfront.net\/2025\/06\/03203428\/logo_concursos-1.jpg\",\"width\":230,\"height\":60,\"caption\":\"Estrat\u00e9gia Concursos\"},\"image\":{\"@id\":\"https:\/\/www.estrategiaconcursos.com.br\/blog\/#\/schema\/logo\/image\/\"},\"sameAs\":[\"https:\/\/x.com\/EstratConcursos\"]},{\"@type\":\"Person\",\"@id\":\"https:\/\/www.estrategiaconcursos.com.br\/blog\/#\/schema\/person\/ba5fab3b1fa4a358429e37bc50f74021\",\"name\":\"Coordena\u00e7\u00e3o Estrat\u00e9gia\",\"image\":{\"@type\":\"ImageObject\",\"inLanguage\":\"pt-BR\",\"@id\":\"https:\/\/secure.gravatar.com\/avatar\/adff33ff18541ba37c900dd2b1e82dbfb0fe33d873b92636b4827a8da462feb3?s=96&d=mm&r=g\",\"url\":\"https:\/\/secure.gravatar.com\/avatar\/adff33ff18541ba37c900dd2b1e82dbfb0fe33d873b92636b4827a8da462feb3?s=96&d=mm&r=g\",\"contentUrl\":\"https:\/\/secure.gravatar.com\/avatar\/adff33ff18541ba37c900dd2b1e82dbfb0fe33d873b92636b4827a8da462feb3?s=96&d=mm&r=g\",\"caption\":\"Coordena\u00e7\u00e3o Estrat\u00e9gia\"},\"url\":\"https:\/\/www.estrategiaconcursos.com.br\/blog\/author\/victor-tanakaaestrategiaconcursos-com-br\/\"}]}<\/script>\n<!-- \/ Yoast SEO Premium plugin. -->","yoast_head_json":{"title":"Carta aos Assinantes do Estrat\u00e9gia Concursos - 089","description":"Confira, em nossa 89\u00aa carta aos assinantes, a nossa programa\u00e7\u00e3o semanal, as novidades do nosso SQ e as principais movimenta\u00e7\u00f5es de concursos.","robots":{"index":"index","follow":"follow","max-snippet":"max-snippet:-1","max-image-preview":"max-image-preview:large","max-video-preview":"max-video-preview:-1"},"canonical":"https:\/\/www.estrategiaconcursos.com.br\/blog\/carta-aos-assinantes-089\/","og_locale":"pt_BR","og_type":"article","og_title":"Carta aos Assinantes do Estrat\u00e9gia Concursos - 089","og_description":"Confira, em nossa 89\u00aa carta aos assinantes, a nossa programa\u00e7\u00e3o semanal, as novidades do nosso SQ e as principais movimenta\u00e7\u00f5es de concursos.","og_url":"https:\/\/www.estrategiaconcursos.com.br\/blog\/carta-aos-assinantes-089\/","og_site_name":"Estrat\u00e9gia Concursos","article_published_time":"2022-07-11T12:00:00+00:00","article_modified_time":"2022-07-15T19:54:52+00:00","og_image":[{"width":800,"height":450,"url":"https:\/\/dhg1h5j42swfq.cloudfront.net\/2022\/07\/08165823\/imagem-carta-aos-assinantes-1.png","type":"image\/png"}],"author":"Coordena\u00e7\u00e3o Estrat\u00e9gia","twitter_card":"summary_large_image","twitter_creator":"@EstratConcursos","twitter_site":"@EstratConcursos","twitter_misc":{"Escrito por":"Coordena\u00e7\u00e3o Estrat\u00e9gia","Est. tempo de leitura":"13 minutos"},"schema":{"@context":"https:\/\/schema.org","@graph":[{"@type":"NewsArticle","@id":"https:\/\/www.estrategiaconcursos.com.br\/blog\/carta-aos-assinantes-089\/#article","isPartOf":{"@id":"https:\/\/www.estrategiaconcursos.com.br\/blog\/carta-aos-assinantes-089\/"},"author":{"name":"Coordena\u00e7\u00e3o Estrat\u00e9gia","@id":"https:\/\/www.estrategiaconcursos.com.br\/blog\/#\/schema\/person\/ba5fab3b1fa4a358429e37bc50f74021"},"headline":"Carta aos Assinantes do Estrat\u00e9gia Concursos &#8211; 089","datePublished":"2022-07-11T12:00:00+00:00","dateModified":"2022-07-15T19:54:52+00:00","mainEntityOfPage":{"@id":"https:\/\/www.estrategiaconcursos.com.br\/blog\/carta-aos-assinantes-089\/"},"wordCount":2362,"commentCount":0,"publisher":{"@id":"https:\/\/www.estrategiaconcursos.com.br\/blog\/#organization"},"image":{"@id":"https:\/\/www.estrategiaconcursos.com.br\/blog\/carta-aos-assinantes-089\/#primaryimage"},"thumbnailUrl":"https:\/\/dhg1h5j42swfq.cloudfront.net\/2022\/07\/08165823\/imagem-carta-aos-assinantes-1.png","articleSection":["Concursos P\u00fablicos"],"inLanguage":"pt-BR","potentialAction":[{"@type":"CommentAction","name":"Comment","target":["https:\/\/www.estrategiaconcursos.com.br\/blog\/carta-aos-assinantes-089\/#respond"]}],"copyrightYear":"2022","copyrightHolder":{"@id":"https:\/\/www.estrategiaconcursos.com.br\/blog\/#organization"}},{"@type":"WebPage","@id":"https:\/\/www.estrategiaconcursos.com.br\/blog\/carta-aos-assinantes-089\/","url":"https:\/\/www.estrategiaconcursos.com.br\/blog\/carta-aos-assinantes-089\/","name":"Carta aos Assinantes do Estrat\u00e9gia Concursos - 089","isPartOf":{"@id":"https:\/\/www.estrategiaconcursos.com.br\/blog\/#website"},"primaryImageOfPage":{"@id":"https:\/\/www.estrategiaconcursos.com.br\/blog\/carta-aos-assinantes-089\/#primaryimage"},"image":{"@id":"https:\/\/www.estrategiaconcursos.com.br\/blog\/carta-aos-assinantes-089\/#primaryimage"},"thumbnailUrl":"https:\/\/dhg1h5j42swfq.cloudfront.net\/2022\/07\/08165823\/imagem-carta-aos-assinantes-1.png","datePublished":"2022-07-11T12:00:00+00:00","dateModified":"2022-07-15T19:54:52+00:00","description":"Confira, em nossa 89\u00aa carta aos assinantes, a nossa programa\u00e7\u00e3o semanal, as novidades do nosso SQ e as principais movimenta\u00e7\u00f5es de concursos.","breadcrumb":{"@id":"https:\/\/www.estrategiaconcursos.com.br\/blog\/carta-aos-assinantes-089\/#breadcrumb"},"inLanguage":"pt-BR","potentialAction":[{"@type":"ReadAction","target":["https:\/\/www.estrategiaconcursos.com.br\/blog\/carta-aos-assinantes-089\/"]}]},{"@type":"ImageObject","inLanguage":"pt-BR","@id":"https:\/\/www.estrategiaconcursos.com.br\/blog\/carta-aos-assinantes-089\/#primaryimage","url":"https:\/\/dhg1h5j42swfq.cloudfront.net\/2022\/07\/08165823\/imagem-carta-aos-assinantes-1.png","contentUrl":"https:\/\/dhg1h5j42swfq.cloudfront.net\/2022\/07\/08165823\/imagem-carta-aos-assinantes-1.png","width":800,"height":450,"caption":"Carta aos Assinantes"},{"@type":"BreadcrumbList","@id":"https:\/\/www.estrategiaconcursos.com.br\/blog\/carta-aos-assinantes-089\/#breadcrumb","itemListElement":[{"@type":"ListItem","position":1,"name":"In\u00edcio","item":"https:\/\/www.estrategiaconcursos.com.br\/blog\/"},{"@type":"ListItem","position":2,"name":"Carta aos Assinantes do Estrat\u00e9gia Concursos &#8211; 089"}]},{"@type":"WebSite","@id":"https:\/\/www.estrategiaconcursos.com.br\/blog\/#website","url":"https:\/\/www.estrategiaconcursos.com.br\/blog\/","name":"Estrat\u00e9gia Concursos","description":"O blog da Estrat\u00e9gia Concursos traz not\u00edcias sobre concursos e artigos de professores oferecendo cursos para concursos (pdf + videaulas) no site.","publisher":{"@id":"https:\/\/www.estrategiaconcursos.com.br\/blog\/#organization"},"potentialAction":[{"@type":"SearchAction","target":{"@type":"EntryPoint","urlTemplate":"https:\/\/www.estrategiaconcursos.com.br\/blog\/?s={search_term_string}"},"query-input":{"@type":"PropertyValueSpecification","valueRequired":true,"valueName":"search_term_string"}}],"inLanguage":"pt-BR"},{"@type":"Organization","@id":"https:\/\/www.estrategiaconcursos.com.br\/blog\/#organization","name":"Estrat\u00e9gia Concursos","url":"https:\/\/www.estrategiaconcursos.com.br\/blog\/","logo":{"@type":"ImageObject","inLanguage":"pt-BR","@id":"https:\/\/www.estrategiaconcursos.com.br\/blog\/#\/schema\/logo\/image\/","url":"https:\/\/dhg1h5j42swfq.cloudfront.net\/2025\/06\/03203428\/logo_concursos-1.jpg","contentUrl":"https:\/\/dhg1h5j42swfq.cloudfront.net\/2025\/06\/03203428\/logo_concursos-1.jpg","width":230,"height":60,"caption":"Estrat\u00e9gia Concursos"},"image":{"@id":"https:\/\/www.estrategiaconcursos.com.br\/blog\/#\/schema\/logo\/image\/"},"sameAs":["https:\/\/x.com\/EstratConcursos"]},{"@type":"Person","@id":"https:\/\/www.estrategiaconcursos.com.br\/blog\/#\/schema\/person\/ba5fab3b1fa4a358429e37bc50f74021","name":"Coordena\u00e7\u00e3o Estrat\u00e9gia","image":{"@type":"ImageObject","inLanguage":"pt-BR","@id":"https:\/\/secure.gravatar.com\/avatar\/adff33ff18541ba37c900dd2b1e82dbfb0fe33d873b92636b4827a8da462feb3?s=96&d=mm&r=g","url":"https:\/\/secure.gravatar.com\/avatar\/adff33ff18541ba37c900dd2b1e82dbfb0fe33d873b92636b4827a8da462feb3?s=96&d=mm&r=g","contentUrl":"https:\/\/secure.gravatar.com\/avatar\/adff33ff18541ba37c900dd2b1e82dbfb0fe33d873b92636b4827a8da462feb3?s=96&d=mm&r=g","caption":"Coordena\u00e7\u00e3o Estrat\u00e9gia"},"url":"https:\/\/www.estrategiaconcursos.com.br\/blog\/author\/victor-tanakaaestrategiaconcursos-com-br\/"}]}},"_links":{"self":[{"href":"https:\/\/www.estrategiaconcursos.com.br\/blog\/wp-json\/wp\/v2\/posts\/1058134","targetHints":{"allow":["GET"]}}],"collection":[{"href":"https:\/\/www.estrategiaconcursos.com.br\/blog\/wp-json\/wp\/v2\/posts"}],"about":[{"href":"https:\/\/www.estrategiaconcursos.com.br\/blog\/wp-json\/wp\/v2\/types\/post"}],"author":[{"embeddable":true,"href":"https:\/\/www.estrategiaconcursos.com.br\/blog\/wp-json\/wp\/v2\/users\/1789"}],"replies":[{"embeddable":true,"href":"https:\/\/www.estrategiaconcursos.com.br\/blog\/wp-json\/wp\/v2\/comments?post=1058134"}],"version-history":[{"count":1,"href":"https:\/\/www.estrategiaconcursos.com.br\/blog\/wp-json\/wp\/v2\/posts\/1058134\/revisions"}],"predecessor-version":[{"id":1058146,"href":"https:\/\/www.estrategiaconcursos.com.br\/blog\/wp-json\/wp\/v2\/posts\/1058134\/revisions\/1058146"}],"wp:featuredmedia":[{"embeddable":true,"href":"https:\/\/www.estrategiaconcursos.com.br\/blog\/wp-json\/wp\/v2\/media\/1058143"}],"wp:attachment":[{"href":"https:\/\/www.estrategiaconcursos.com.br\/blog\/wp-json\/wp\/v2\/media?parent=1058134"}],"wp:term":[{"taxonomy":"category","embeddable":true,"href":"https:\/\/www.estrategiaconcursos.com.br\/blog\/wp-json\/wp\/v2\/categories?post=1058134"},{"taxonomy":"post_tag","embeddable":true,"href":"https:\/\/www.estrategiaconcursos.com.br\/blog\/wp-json\/wp\/v2\/tags?post=1058134"},{"taxonomy":"tax_estado","embeddable":true,"href":"https:\/\/www.estrategiaconcursos.com.br\/blog\/wp-json\/wp\/v2\/tax_estado?post=1058134"}],"curies":[{"name":"wp","href":"https:\/\/api.w.org\/{rel}","templated":true}]}}