{"id":1056521,"date":"2022-07-07T19:34:40","date_gmt":"2022-07-07T22:34:40","guid":{"rendered":"https:\/\/www.estrategiaconcursos.com.br\/blog\/?p=1056521"},"modified":"2022-07-08T10:42:58","modified_gmt":"2022-07-08T13:42:58","slug":"preparacao-completa-sefaz-mg-pos-edital","status":"publish","type":"post","link":"https:\/\/www.estrategiaconcursos.com.br\/blog\/preparacao-completa-sefaz-mg-pos-edital\/","title":{"rendered":"Prepara\u00e7\u00e3o Completa Sefaz MG \u2013 P\u00f3s-Edital"},"content":{"rendered":"\n<p>Aten\u00e7\u00e3o, estrategistas!<\/p>\n\n\n\n<p>As inscri\u00e7\u00f5es do concurso <strong>Sefaz MG <\/strong>s\u00f3 abrem no dia 23 de agosto, mas o Estrat\u00e9gia te prepara desde j\u00e1 para aprova\u00e7\u00e3o!<\/p>\n\n\n\n<p>Com o edital publicado, fica muito mais f\u00e1cil <strong>nortear os estudos<\/strong> e <strong>delimitar as prioridades<\/strong> at\u00e9 o dia da prova, e o Estrat\u00e9gia vai te ajudar em todas as etapas.<\/p>\n\n\n\n<p>Nosso time de professores ministra, agora, uma <strong>prepara\u00e7\u00e3o completa <\/strong>para o <a href=\"https:\/\/www.estrategiaconcursos.com.br\/blog\/concurso-sefaz-mg\/\" target=\"_blank\" rel=\"noreferrer noopener\">Sefaz MG<\/a>: aul\u00f5es das disciplinas cobradas com direito a muita resolu\u00e7\u00e3o de exerc\u00edcios.<\/p>\n\n\n\n<p>Confira mais informa\u00e7\u00f5es sobre a Prepara\u00e7\u00e3o Completa Sefaz MG abaixo:<\/p>\n\n\n\n<h3 class=\"wp-block-heading\" id=\"h-disciplinas-para-todos-os-cargos\">Disciplinas para todos os cargos<\/h3>\n\n\n\n<ul class=\"wp-block-list\"><li><strong>L\u00edngua Portuguesa,<\/strong> com Adriana Figueiredo (5 aulas);<\/li><li><strong><a href=\"https:\/\/www.youtube.com\/watch?v=nlPlrAvRlxQ\" target=\"_blank\" rel=\"noreferrer noopener\">Racioc\u00ednio L\u00f3gico-Matem\u00e1tico<\/a>,<\/strong> com Brunno Lima (3 aulas);<\/li><li><strong>Direito Administrativo,<\/strong> com Herbert Almeida (4 aulas);<\/li><li><strong>Legisla\u00e7\u00e3o Espec\u00edfica, <\/strong>com Tiago Zanolla (2 aulas);<\/li><li><strong>Direito Constitucional,<\/strong> com Nelma Fontana (4 aulas);<\/li><li><strong>Direitos Humanos, <\/strong>com Ricardo Torques (2 aulas);<\/li><li><strong>Direito Civil,<\/strong> com Paulo Sousa (2 aulas);<\/li><li><strong><a href=\"https:\/\/www.youtube.com\/watch?v=nJeMsdATSps\" target=\"_blank\" rel=\"noreferrer noopener\">Direito Empresarial<\/a>,<\/strong> com Cadu Carrilho (2 aulas);<\/li><li><strong>Direito Penal<\/strong>, com Renan Araujo (2 aulas);<\/li><li><strong>Direito Tribut\u00e1rio,<\/strong> com F\u00e1bio Dutra (4 aulas);<\/li><li><strong>Contabilidade Geral,<\/strong> com Gilmar Possati \u00a0(3 aulas);<\/li><li><strong>Economia<\/strong>, com Celso Natale (2 aulas);<\/li><li><strong>Matem\u00e1tica Financeira<\/strong>, com Brunno Lima (4 aulas);<\/li><li><strong>Legisla\u00e7\u00e3o Tribut\u00e1ria do Estado de Minas Gerais,<\/strong> com Eduardo da Rocha (6 aulas);<\/li><li><strong>Legisla\u00e7\u00e3o Tribut\u00e1ria do Estado de Minas Gerais<\/strong>, com Rafael Rocha (3 aulas).<\/li><\/ul>\n\n\n\n<h3 class=\"wp-block-heading\" id=\"h-disciplinas-para-auditoria-e-fiscalizacao\">Disciplinas para Auditoria e Fiscaliza\u00e7\u00e3o<\/h3>\n\n\n\n<ul class=\"wp-block-list\"><li><strong>Auditoria Cont\u00e1bil<\/strong>, com Guilherme Santanna (3 aulas);<\/li><li><strong>Contabilidade Avan\u00e7ada e Contabilidade de Custos<\/strong>, com Marcondes Fortaleza (3 aulas);<\/li><li><strong>Estat\u00edstica<\/strong>, com Jhoni Zini (4 aulas).<\/li><\/ul>\n\n\n<figure class=\"wp-block-embed-youtube wp-block-embed is-type-video is-provider-youtube wp-embed-aspect-16-9 wp-has-aspect-ratio lyte-align aligncenter\"><div class=\"lyte-wrapper\" style=\"width:853px;max-width:100%;margin:5px;\"><div class=\"lyMe\" id=\"WYL_nlPlrAvRlxQ\"><div id=\"lyte_nlPlrAvRlxQ\" data-src=\"\/\/i.ytimg.com\/vi\/nlPlrAvRlxQ\/hqdefault.jpg\" class=\"pL\"><div class=\"tC\"><div class=\"tT\"><\/div><\/div><div class=\"play\"><\/div><div class=\"ctrl\"><div class=\"Lctrl\"><\/div><div class=\"Rctrl\"><\/div><\/div><\/div><noscript><a href=\"https:\/\/youtu.be\/nlPlrAvRlxQ\" rel=\"nofollow\"><img loading=\"lazy\" decoding=\"async\" src=\"https:\/\/i.ytimg.com\/vi\/nlPlrAvRlxQ\/0.jpg\" alt=\"YouTube video thumbnail\" width=\"853\" height=\"460\" \/><br \/>Assista a este v\u00eddeo no YouTube<\/a><\/noscript><\/div><\/div><div class=\"lL\" style=\"max-width:100%;width:853px;margin:5px;\"><\/div><figcaption>Matem\u00e1tica Financeira<\/figcaption><\/figure>\n\n<figure class=\"wp-block-embed-youtube wp-block-embed is-type-video is-provider-youtube wp-embed-aspect-16-9 wp-has-aspect-ratio\"><div class=\"lyte-wrapper\" style=\"width:853px;max-width:100%;margin:5px;\"><div class=\"lyMe\" id=\"WYL_nJeMsdATSps\"><div id=\"lyte_nJeMsdATSps\" data-src=\"\/\/i.ytimg.com\/vi\/nJeMsdATSps\/hqdefault.jpg\" class=\"pL\"><div class=\"tC\"><div class=\"tT\"><\/div><\/div><div class=\"play\"><\/div><div class=\"ctrl\"><div class=\"Lctrl\"><\/div><div class=\"Rctrl\"><\/div><\/div><\/div><noscript><a href=\"https:\/\/youtu.be\/nJeMsdATSps\" rel=\"nofollow\"><img loading=\"lazy\" decoding=\"async\" src=\"https:\/\/i.ytimg.com\/vi\/nJeMsdATSps\/0.jpg\" alt=\"YouTube video thumbnail\" width=\"853\" height=\"460\" \/><br \/>Assista a este v\u00eddeo no YouTube<\/a><\/noscript><\/div><\/div><div class=\"lL\" style=\"max-width:100%;width:853px;margin:5px;\"><\/div><figcaption>Direito Empresarial<\/figcaption><\/figure>\n\n\n<p class=\"has-text-align-center\"><em>Para ficar por dentro de todas as informa\u00e7\u00f5es sobre o concurso Sefaz MG, n\u00e3o deixe de conferir nosso artigo completo sobre a sele\u00e7\u00e3o:<\/em><\/p>\n\n\n\n<p class=\"has-text-align-center has-background has-medium-font-size\" style=\"background-color:#e3e6e9\"><strong>Mais informa\u00e7\u00f5es: <a href=\"https:\/\/www.estrategiaconcursos.com.br\/blog\/concurso-sefaz-mg\/\" target=\"_blank\" rel=\"noreferrer noopener\">Sefaz MG<\/a><\/strong><\/p>\n\n\n\n<h2 class=\"has-text-align-center wp-block-heading\" id=\"cursos-assinatura\"><em>Quer estudar para o concurso Sefaz MG?<\/em><\/h2>\n\n\n\n<div class=\"container\" id=\"boxes\">\n  <div class=\"row\">\n\n    <div class=\"col-sm\">\n      <div class=\"banner-fiscal-01\" id=\"box-assinatura\">\n        <h3 class=\"titulo-assinatura\">Concurso Sefaz MG<\/h3>\n        <p class=\"subtitulo-assinatura\">Estude conosco<\/p>\n        <div class=\"box-botao\">\n          <a class=\"btn-assinatura\" target=\"_blank\" href=\"https:\/\/www.estrategiaconcursos.com.br\/cursosPorConcurso\/secretaria-da-fazenda-do-estado-de-minas-gerais-sefaz-mg\/\" role=\"button\" rel=\"noopener noreferrer\">Conhe\u00e7a os cursos<\/a>\n        <\/div>\n      <\/div>\n      \n    <\/div>\n\n  <\/div>\n<\/div>\n\n\n\n<div class=\"container\" id=\"boxes\">\n  <div class=\"row\">\n\n    <div class=\"col-sm\">\n      <div class=\"estrategia\" id=\"box-assinatura\">\n        <h3 class=\"titulo-assinatura\">Assinatura Concursos<\/h3>\n        <p class=\"subtitulo-assinatura\">Assinatura de 1 ano ou 2 anos<\/p>\n        <div class=\"box-botao\">\n          <a class=\"btn-assinatura\" target=\"_blank\" href=\"https:\/\/www.estrategiaconcursos.com.br\/assinaturas\/\" role=\"button\" rel=\"noopener noreferrer\">ASSINE AGORA<\/a>\n        <\/div>\n      <\/div><\/div><\/div><\/div>\n\n\n\n<div class=\"wp-block-image\"><figure class=\"aligncenter size-full is-resized\"><a href=\"https:\/\/www.estrategiaconcursos.com.br\/blog\/concurso-sefaz-mg-revisao-de-vespera-presencial\/\" target=\"_blank\" rel=\"noopener\"><img loading=\"lazy\" decoding=\"async\" src=\"https:\/\/dhg1h5j42swfq.cloudfront.net\/2022\/06\/06094607\/capturar-3.jpg\" alt=\"Concurso Sefaz MG: principais datas do cronograma\" class=\"wp-image-1056094\" width=\"832\" height=\"244\" srcset=\"https:\/\/dhg1h5j42swfq.cloudfront.net\/2022\/06\/06094607\/capturar-3.jpg 798w, https:\/\/dhg1h5j42swfq.cloudfront.net\/2022\/06\/06094607\/capturar-3-300x88.jpg 300w, https:\/\/dhg1h5j42swfq.cloudfront.net\/2022\/06\/06094607\/capturar-3-768x225.jpg 768w, https:\/\/dhg1h5j42swfq.cloudfront.net\/2022\/06\/06094607\/capturar-3-610x179.jpg 610w, https:\/\/dhg1h5j42swfq.cloudfront.net\/2022\/06\/06094607\/capturar-3-150x44.jpg 150w\" sizes=\"auto, (max-width: 832px) 100vw, 832px\" \/><\/a><figcaption><a href=\"https:\/\/www.estrategiaconcursos.com.br\/blog\/concurso-sefaz-mg-revisao-de-vespera-presencial\/\" target=\"_blank\" rel=\"noreferrer noopener\">Revis\u00e3o Presencial de V\u00e9spera &#8211; Dia 10\/12. Saiba como participar!<\/a><\/figcaption><\/figure><\/div>\n\n\n\n<h2 class=\"has-text-align-center wp-block-heading\" id=\"h-quer-saber-tudo-sobre-concursos-previstos-confira-nossos-artigos\">Quer saber tudo sobre concursos previstos?<br \/>Confira nossos artigos!<\/h2>\n\n\n\n<ul class=\"wp-block-list\"><li><a href=\"https:\/\/www.estrategiaconcursos.com.br\/blog\/concursos-abertos\/\" target=\"_blank\" rel=\"noreferrer noopener\">Concursos Abertos<\/a><\/li><li><a href=\"https:\/\/www.estrategiaconcursos.com.br\/blog\/concursos-abertos\/\" target=\"_blank\" rel=\"noreferrer noopener\">Concursos Fiscais<\/a><\/li><li><a href=\"https:\/\/www.estrategiaconcursos.com.br\/blog\/concursos-2022\/\" target=\"_blank\" rel=\"noreferrer noopener\">Concursos 2022<\/a><\/li><li><a href=\"https:\/\/www.estrategiaconcursos.com.br\/blog\/concursos-2023\/\" target=\"_blank\" rel=\"noreferrer noopener\">Concursos 2023<\/a><\/li><\/ul>\n","protected":false},"excerpt":{"rendered":"<p>Aten\u00e7\u00e3o, estrategistas! As inscri\u00e7\u00f5es do concurso Sefaz MG s\u00f3 abrem no dia 23 de agosto, mas o Estrat\u00e9gia te prepara desde j\u00e1 para aprova\u00e7\u00e3o! Com o edital publicado, fica muito mais f\u00e1cil nortear os estudos e delimitar as prioridades at\u00e9 o dia da prova, e o Estrat\u00e9gia vai te ajudar em todas as etapas. Nosso [&hellip;]<\/p>\n","protected":false},"author":741,"featured_media":1055804,"comment_status":"open","ping_status":"closed","sticky":false,"template":"","format":"standard","meta":{"post_tipo":"news","footnotes":""},"categories":[1983,220219],"tags":[],"tax_estado":[219974],"class_list":["post-1056521","post","type-post","status-publish","format-standard","has-post-thumbnail","hentry","category-fiscal-estadual","category-noticias","tax_estado-mg"],"acf":[],"yoast_head":"<!-- This site is optimized with the Yoast SEO Premium plugin v27.2 (Yoast SEO v27.2) - https:\/\/yoast.com\/product\/yoast-seo-premium-wordpress\/ -->\n<title>Prepara\u00e7\u00e3o Completa Sefaz MG \u2013 P\u00f3s-Edital<\/title>\n<meta name=\"description\" content=\"Prepara\u00e7\u00e3o Completa Sefaz MG \u2013 P\u00f3s-Edital: professores do Estrat\u00e9gia te preparam da melhor forma para a aprova\u00e7\u00e3o. Saiba mais!\" \/>\n<meta name=\"robots\" content=\"index, follow, max-snippet:-1, max-image-preview:large, max-video-preview:-1\" \/>\n<link rel=\"canonical\" href=\"https:\/\/www.estrategiaconcursos.com.br\/blog\/preparacao-completa-sefaz-mg-pos-edital\/\" \/>\n<meta property=\"og:locale\" content=\"pt_BR\" \/>\n<meta property=\"og:type\" content=\"article\" \/>\n<meta property=\"og:title\" content=\"Prepara\u00e7\u00e3o Completa Sefaz MG \u2013 P\u00f3s-Edital\" \/>\n<meta property=\"og:description\" content=\"Prepara\u00e7\u00e3o Completa Sefaz MG \u2013 P\u00f3s-Edital: professores do Estrat\u00e9gia te preparam da melhor forma para a aprova\u00e7\u00e3o. Saiba mais!\" \/>\n<meta property=\"og:url\" content=\"https:\/\/www.estrategiaconcursos.com.br\/blog\/preparacao-completa-sefaz-mg-pos-edital\/\" \/>\n<meta property=\"og:site_name\" content=\"Estrat\u00e9gia Concursos\" \/>\n<meta property=\"article:published_time\" content=\"2022-07-07T22:34:40+00:00\" \/>\n<meta property=\"article:modified_time\" content=\"2022-07-08T13:42:58+00:00\" \/>\n<meta property=\"og:image\" content=\"https:\/\/dhg1h5j42swfq.cloudfront.net\/2022\/07\/05164031\/sefaz-mg.jpg\" \/>\n\t<meta property=\"og:image:width\" content=\"768\" \/>\n\t<meta property=\"og:image:height\" content=\"432\" \/>\n\t<meta property=\"og:image:type\" content=\"image\/jpeg\" \/>\n<meta name=\"author\" content=\"Brunno Lima\" \/>\n<meta name=\"twitter:card\" content=\"summary_large_image\" \/>\n<meta name=\"twitter:creator\" content=\"@EstratConcursos\" \/>\n<meta name=\"twitter:site\" content=\"@EstratConcursos\" \/>\n<meta name=\"twitter:label1\" content=\"Escrito por\" \/>\n\t<meta name=\"twitter:data1\" content=\"Brunno Lima\" \/>\n\t<meta name=\"twitter:label2\" content=\"Est. tempo de leitura\" \/>\n\t<meta name=\"twitter:data2\" content=\"2 minutos\" \/>\n<script type=\"application\/ld+json\" class=\"yoast-schema-graph\">{\"@context\":\"https:\/\/schema.org\",\"@graph\":[{\"@type\":\"NewsArticle\",\"@id\":\"https:\/\/www.estrategiaconcursos.com.br\/blog\/preparacao-completa-sefaz-mg-pos-edital\/#article\",\"isPartOf\":{\"@id\":\"https:\/\/www.estrategiaconcursos.com.br\/blog\/preparacao-completa-sefaz-mg-pos-edital\/\"},\"author\":{\"name\":\"Brunno Lima\",\"@id\":\"https:\/\/www.estrategiaconcursos.com.br\/blog\/#\/schema\/person\/2865ec132c3404c9912015dd7a24eb1e\"},\"headline\":\"Prepara\u00e7\u00e3o Completa Sefaz MG \u2013 P\u00f3s-Edital\",\"datePublished\":\"2022-07-07T22:34:40+00:00\",\"dateModified\":\"2022-07-08T13:42:58+00:00\",\"mainEntityOfPage\":{\"@id\":\"https:\/\/www.estrategiaconcursos.com.br\/blog\/preparacao-completa-sefaz-mg-pos-edital\/\"},\"wordCount\":355,\"commentCount\":0,\"publisher\":{\"@id\":\"https:\/\/www.estrategiaconcursos.com.br\/blog\/#organization\"},\"image\":{\"@id\":\"https:\/\/www.estrategiaconcursos.com.br\/blog\/preparacao-completa-sefaz-mg-pos-edital\/#primaryimage\"},\"thumbnailUrl\":\"https:\/\/dhg1h5j42swfq.cloudfront.net\/2022\/07\/05164031\/sefaz-mg.jpg\",\"articleSection\":[\"Fiscal - Estadual (ICMS)\",\"\u00daltimas not\u00edcias\"],\"inLanguage\":\"pt-BR\",\"potentialAction\":[{\"@type\":\"CommentAction\",\"name\":\"Comment\",\"target\":[\"https:\/\/www.estrategiaconcursos.com.br\/blog\/preparacao-completa-sefaz-mg-pos-edital\/#respond\"]}],\"copyrightYear\":\"2022\",\"copyrightHolder\":{\"@id\":\"https:\/\/www.estrategiaconcursos.com.br\/blog\/#organization\"}},{\"@type\":\"WebPage\",\"@id\":\"https:\/\/www.estrategiaconcursos.com.br\/blog\/preparacao-completa-sefaz-mg-pos-edital\/\",\"url\":\"https:\/\/www.estrategiaconcursos.com.br\/blog\/preparacao-completa-sefaz-mg-pos-edital\/\",\"name\":\"Prepara\u00e7\u00e3o Completa Sefaz MG \u2013 P\u00f3s-Edital\",\"isPartOf\":{\"@id\":\"https:\/\/www.estrategiaconcursos.com.br\/blog\/#website\"},\"primaryImageOfPage\":{\"@id\":\"https:\/\/www.estrategiaconcursos.com.br\/blog\/preparacao-completa-sefaz-mg-pos-edital\/#primaryimage\"},\"image\":{\"@id\":\"https:\/\/www.estrategiaconcursos.com.br\/blog\/preparacao-completa-sefaz-mg-pos-edital\/#primaryimage\"},\"thumbnailUrl\":\"https:\/\/dhg1h5j42swfq.cloudfront.net\/2022\/07\/05164031\/sefaz-mg.jpg\",\"datePublished\":\"2022-07-07T22:34:40+00:00\",\"dateModified\":\"2022-07-08T13:42:58+00:00\",\"description\":\"Prepara\u00e7\u00e3o Completa Sefaz MG \u2013 P\u00f3s-Edital: professores do Estrat\u00e9gia te preparam da melhor forma para a aprova\u00e7\u00e3o. Saiba mais!\",\"breadcrumb\":{\"@id\":\"https:\/\/www.estrategiaconcursos.com.br\/blog\/preparacao-completa-sefaz-mg-pos-edital\/#breadcrumb\"},\"inLanguage\":\"pt-BR\",\"potentialAction\":[{\"@type\":\"ReadAction\",\"target\":[\"https:\/\/www.estrategiaconcursos.com.br\/blog\/preparacao-completa-sefaz-mg-pos-edital\/\"]}]},{\"@type\":\"ImageObject\",\"inLanguage\":\"pt-BR\",\"@id\":\"https:\/\/www.estrategiaconcursos.com.br\/blog\/preparacao-completa-sefaz-mg-pos-edital\/#primaryimage\",\"url\":\"https:\/\/dhg1h5j42swfq.cloudfront.net\/2022\/07\/05164031\/sefaz-mg.jpg\",\"contentUrl\":\"https:\/\/dhg1h5j42swfq.cloudfront.net\/2022\/07\/05164031\/sefaz-mg.jpg\",\"width\":768,\"height\":432,\"caption\":\"Resumo do Estatuto dos Servidores para SEFAZ-MG: Licen\u00e7as\"},{\"@type\":\"BreadcrumbList\",\"@id\":\"https:\/\/www.estrategiaconcursos.com.br\/blog\/preparacao-completa-sefaz-mg-pos-edital\/#breadcrumb\",\"itemListElement\":[{\"@type\":\"ListItem\",\"position\":1,\"name\":\"In\u00edcio\",\"item\":\"https:\/\/www.estrategiaconcursos.com.br\/blog\/\"},{\"@type\":\"ListItem\",\"position\":2,\"name\":\"Prepara\u00e7\u00e3o Completa Sefaz MG \u2013 P\u00f3s-Edital\"}]},{\"@type\":\"WebSite\",\"@id\":\"https:\/\/www.estrategiaconcursos.com.br\/blog\/#website\",\"url\":\"https:\/\/www.estrategiaconcursos.com.br\/blog\/\",\"name\":\"Estrat\u00e9gia Concursos\",\"description\":\"O blog da Estrat\u00e9gia Concursos traz not\u00edcias sobre concursos e artigos de professores oferecendo cursos para concursos (pdf + videaulas) no site.\",\"publisher\":{\"@id\":\"https:\/\/www.estrategiaconcursos.com.br\/blog\/#organization\"},\"potentialAction\":[{\"@type\":\"SearchAction\",\"target\":{\"@type\":\"EntryPoint\",\"urlTemplate\":\"https:\/\/www.estrategiaconcursos.com.br\/blog\/?s={search_term_string}\"},\"query-input\":{\"@type\":\"PropertyValueSpecification\",\"valueRequired\":true,\"valueName\":\"search_term_string\"}}],\"inLanguage\":\"pt-BR\"},{\"@type\":\"Organization\",\"@id\":\"https:\/\/www.estrategiaconcursos.com.br\/blog\/#organization\",\"name\":\"Estrat\u00e9gia Concursos\",\"url\":\"https:\/\/www.estrategiaconcursos.com.br\/blog\/\",\"logo\":{\"@type\":\"ImageObject\",\"inLanguage\":\"pt-BR\",\"@id\":\"https:\/\/www.estrategiaconcursos.com.br\/blog\/#\/schema\/logo\/image\/\",\"url\":\"https:\/\/dhg1h5j42swfq.cloudfront.net\/2025\/06\/03203428\/logo_concursos-1.jpg\",\"contentUrl\":\"https:\/\/dhg1h5j42swfq.cloudfront.net\/2025\/06\/03203428\/logo_concursos-1.jpg\",\"width\":230,\"height\":60,\"caption\":\"Estrat\u00e9gia Concursos\"},\"image\":{\"@id\":\"https:\/\/www.estrategiaconcursos.com.br\/blog\/#\/schema\/logo\/image\/\"},\"sameAs\":[\"https:\/\/x.com\/EstratConcursos\"]},{\"@type\":\"Person\",\"@id\":\"https:\/\/www.estrategiaconcursos.com.br\/blog\/#\/schema\/person\/2865ec132c3404c9912015dd7a24eb1e\",\"name\":\"Brunno Lima\",\"image\":{\"@type\":\"ImageObject\",\"inLanguage\":\"pt-BR\",\"@id\":\"https:\/\/secure.gravatar.com\/avatar\/d40b472e5e2856222d4a4a1c3ee2189ed7d7a9f67dc3343b880cc1889a7bd6af?s=96&d=mm&r=g\",\"url\":\"https:\/\/secure.gravatar.com\/avatar\/d40b472e5e2856222d4a4a1c3ee2189ed7d7a9f67dc3343b880cc1889a7bd6af?s=96&d=mm&r=g\",\"contentUrl\":\"https:\/\/secure.gravatar.com\/avatar\/d40b472e5e2856222d4a4a1c3ee2189ed7d7a9f67dc3343b880cc1889a7bd6af?s=96&d=mm&r=g\",\"caption\":\"Brunno Lima\"},\"url\":\"https:\/\/www.estrategiaconcursos.com.br\/blog\/author\/brunnoestrategiaconcursos-com-br\/\"}]}<\/script>\n<!-- \/ Yoast SEO Premium plugin. -->","yoast_head_json":{"title":"Prepara\u00e7\u00e3o Completa Sefaz MG \u2013 P\u00f3s-Edital","description":"Prepara\u00e7\u00e3o Completa Sefaz MG \u2013 P\u00f3s-Edital: professores do Estrat\u00e9gia te preparam da melhor forma para a aprova\u00e7\u00e3o. Saiba mais!","robots":{"index":"index","follow":"follow","max-snippet":"max-snippet:-1","max-image-preview":"max-image-preview:large","max-video-preview":"max-video-preview:-1"},"canonical":"https:\/\/www.estrategiaconcursos.com.br\/blog\/preparacao-completa-sefaz-mg-pos-edital\/","og_locale":"pt_BR","og_type":"article","og_title":"Prepara\u00e7\u00e3o Completa Sefaz MG \u2013 P\u00f3s-Edital","og_description":"Prepara\u00e7\u00e3o Completa Sefaz MG \u2013 P\u00f3s-Edital: professores do Estrat\u00e9gia te preparam da melhor forma para a aprova\u00e7\u00e3o. Saiba mais!","og_url":"https:\/\/www.estrategiaconcursos.com.br\/blog\/preparacao-completa-sefaz-mg-pos-edital\/","og_site_name":"Estrat\u00e9gia Concursos","article_published_time":"2022-07-07T22:34:40+00:00","article_modified_time":"2022-07-08T13:42:58+00:00","og_image":[{"width":768,"height":432,"url":"https:\/\/dhg1h5j42swfq.cloudfront.net\/2022\/07\/05164031\/sefaz-mg.jpg","type":"image\/jpeg"}],"author":"Brunno Lima","twitter_card":"summary_large_image","twitter_creator":"@EstratConcursos","twitter_site":"@EstratConcursos","twitter_misc":{"Escrito por":"Brunno Lima","Est. tempo de leitura":"2 minutos"},"schema":{"@context":"https:\/\/schema.org","@graph":[{"@type":"NewsArticle","@id":"https:\/\/www.estrategiaconcursos.com.br\/blog\/preparacao-completa-sefaz-mg-pos-edital\/#article","isPartOf":{"@id":"https:\/\/www.estrategiaconcursos.com.br\/blog\/preparacao-completa-sefaz-mg-pos-edital\/"},"author":{"name":"Brunno Lima","@id":"https:\/\/www.estrategiaconcursos.com.br\/blog\/#\/schema\/person\/2865ec132c3404c9912015dd7a24eb1e"},"headline":"Prepara\u00e7\u00e3o Completa Sefaz MG \u2013 P\u00f3s-Edital","datePublished":"2022-07-07T22:34:40+00:00","dateModified":"2022-07-08T13:42:58+00:00","mainEntityOfPage":{"@id":"https:\/\/www.estrategiaconcursos.com.br\/blog\/preparacao-completa-sefaz-mg-pos-edital\/"},"wordCount":355,"commentCount":0,"publisher":{"@id":"https:\/\/www.estrategiaconcursos.com.br\/blog\/#organization"},"image":{"@id":"https:\/\/www.estrategiaconcursos.com.br\/blog\/preparacao-completa-sefaz-mg-pos-edital\/#primaryimage"},"thumbnailUrl":"https:\/\/dhg1h5j42swfq.cloudfront.net\/2022\/07\/05164031\/sefaz-mg.jpg","articleSection":["Fiscal - Estadual (ICMS)","\u00daltimas not\u00edcias"],"inLanguage":"pt-BR","potentialAction":[{"@type":"CommentAction","name":"Comment","target":["https:\/\/www.estrategiaconcursos.com.br\/blog\/preparacao-completa-sefaz-mg-pos-edital\/#respond"]}],"copyrightYear":"2022","copyrightHolder":{"@id":"https:\/\/www.estrategiaconcursos.com.br\/blog\/#organization"}},{"@type":"WebPage","@id":"https:\/\/www.estrategiaconcursos.com.br\/blog\/preparacao-completa-sefaz-mg-pos-edital\/","url":"https:\/\/www.estrategiaconcursos.com.br\/blog\/preparacao-completa-sefaz-mg-pos-edital\/","name":"Prepara\u00e7\u00e3o Completa Sefaz MG \u2013 P\u00f3s-Edital","isPartOf":{"@id":"https:\/\/www.estrategiaconcursos.com.br\/blog\/#website"},"primaryImageOfPage":{"@id":"https:\/\/www.estrategiaconcursos.com.br\/blog\/preparacao-completa-sefaz-mg-pos-edital\/#primaryimage"},"image":{"@id":"https:\/\/www.estrategiaconcursos.com.br\/blog\/preparacao-completa-sefaz-mg-pos-edital\/#primaryimage"},"thumbnailUrl":"https:\/\/dhg1h5j42swfq.cloudfront.net\/2022\/07\/05164031\/sefaz-mg.jpg","datePublished":"2022-07-07T22:34:40+00:00","dateModified":"2022-07-08T13:42:58+00:00","description":"Prepara\u00e7\u00e3o Completa Sefaz MG \u2013 P\u00f3s-Edital: professores do Estrat\u00e9gia te preparam da melhor forma para a aprova\u00e7\u00e3o. Saiba mais!","breadcrumb":{"@id":"https:\/\/www.estrategiaconcursos.com.br\/blog\/preparacao-completa-sefaz-mg-pos-edital\/#breadcrumb"},"inLanguage":"pt-BR","potentialAction":[{"@type":"ReadAction","target":["https:\/\/www.estrategiaconcursos.com.br\/blog\/preparacao-completa-sefaz-mg-pos-edital\/"]}]},{"@type":"ImageObject","inLanguage":"pt-BR","@id":"https:\/\/www.estrategiaconcursos.com.br\/blog\/preparacao-completa-sefaz-mg-pos-edital\/#primaryimage","url":"https:\/\/dhg1h5j42swfq.cloudfront.net\/2022\/07\/05164031\/sefaz-mg.jpg","contentUrl":"https:\/\/dhg1h5j42swfq.cloudfront.net\/2022\/07\/05164031\/sefaz-mg.jpg","width":768,"height":432,"caption":"Resumo do Estatuto dos Servidores para SEFAZ-MG: Licen\u00e7as"},{"@type":"BreadcrumbList","@id":"https:\/\/www.estrategiaconcursos.com.br\/blog\/preparacao-completa-sefaz-mg-pos-edital\/#breadcrumb","itemListElement":[{"@type":"ListItem","position":1,"name":"In\u00edcio","item":"https:\/\/www.estrategiaconcursos.com.br\/blog\/"},{"@type":"ListItem","position":2,"name":"Prepara\u00e7\u00e3o Completa Sefaz MG \u2013 P\u00f3s-Edital"}]},{"@type":"WebSite","@id":"https:\/\/www.estrategiaconcursos.com.br\/blog\/#website","url":"https:\/\/www.estrategiaconcursos.com.br\/blog\/","name":"Estrat\u00e9gia Concursos","description":"O blog da Estrat\u00e9gia Concursos traz not\u00edcias sobre concursos e artigos de professores oferecendo cursos para concursos (pdf + videaulas) no site.","publisher":{"@id":"https:\/\/www.estrategiaconcursos.com.br\/blog\/#organization"},"potentialAction":[{"@type":"SearchAction","target":{"@type":"EntryPoint","urlTemplate":"https:\/\/www.estrategiaconcursos.com.br\/blog\/?s={search_term_string}"},"query-input":{"@type":"PropertyValueSpecification","valueRequired":true,"valueName":"search_term_string"}}],"inLanguage":"pt-BR"},{"@type":"Organization","@id":"https:\/\/www.estrategiaconcursos.com.br\/blog\/#organization","name":"Estrat\u00e9gia Concursos","url":"https:\/\/www.estrategiaconcursos.com.br\/blog\/","logo":{"@type":"ImageObject","inLanguage":"pt-BR","@id":"https:\/\/www.estrategiaconcursos.com.br\/blog\/#\/schema\/logo\/image\/","url":"https:\/\/dhg1h5j42swfq.cloudfront.net\/2025\/06\/03203428\/logo_concursos-1.jpg","contentUrl":"https:\/\/dhg1h5j42swfq.cloudfront.net\/2025\/06\/03203428\/logo_concursos-1.jpg","width":230,"height":60,"caption":"Estrat\u00e9gia Concursos"},"image":{"@id":"https:\/\/www.estrategiaconcursos.com.br\/blog\/#\/schema\/logo\/image\/"},"sameAs":["https:\/\/x.com\/EstratConcursos"]},{"@type":"Person","@id":"https:\/\/www.estrategiaconcursos.com.br\/blog\/#\/schema\/person\/2865ec132c3404c9912015dd7a24eb1e","name":"Brunno Lima","image":{"@type":"ImageObject","inLanguage":"pt-BR","@id":"https:\/\/secure.gravatar.com\/avatar\/d40b472e5e2856222d4a4a1c3ee2189ed7d7a9f67dc3343b880cc1889a7bd6af?s=96&d=mm&r=g","url":"https:\/\/secure.gravatar.com\/avatar\/d40b472e5e2856222d4a4a1c3ee2189ed7d7a9f67dc3343b880cc1889a7bd6af?s=96&d=mm&r=g","contentUrl":"https:\/\/secure.gravatar.com\/avatar\/d40b472e5e2856222d4a4a1c3ee2189ed7d7a9f67dc3343b880cc1889a7bd6af?s=96&d=mm&r=g","caption":"Brunno Lima"},"url":"https:\/\/www.estrategiaconcursos.com.br\/blog\/author\/brunnoestrategiaconcursos-com-br\/"}]}},"_links":{"self":[{"href":"https:\/\/www.estrategiaconcursos.com.br\/blog\/wp-json\/wp\/v2\/posts\/1056521","targetHints":{"allow":["GET"]}}],"collection":[{"href":"https:\/\/www.estrategiaconcursos.com.br\/blog\/wp-json\/wp\/v2\/posts"}],"about":[{"href":"https:\/\/www.estrategiaconcursos.com.br\/blog\/wp-json\/wp\/v2\/types\/post"}],"author":[{"embeddable":true,"href":"https:\/\/www.estrategiaconcursos.com.br\/blog\/wp-json\/wp\/v2\/users\/741"}],"replies":[{"embeddable":true,"href":"https:\/\/www.estrategiaconcursos.com.br\/blog\/wp-json\/wp\/v2\/comments?post=1056521"}],"version-history":[{"count":6,"href":"https:\/\/www.estrategiaconcursos.com.br\/blog\/wp-json\/wp\/v2\/posts\/1056521\/revisions"}],"predecessor-version":[{"id":1057710,"href":"https:\/\/www.estrategiaconcursos.com.br\/blog\/wp-json\/wp\/v2\/posts\/1056521\/revisions\/1057710"}],"wp:featuredmedia":[{"embeddable":true,"href":"https:\/\/www.estrategiaconcursos.com.br\/blog\/wp-json\/wp\/v2\/media\/1055804"}],"wp:attachment":[{"href":"https:\/\/www.estrategiaconcursos.com.br\/blog\/wp-json\/wp\/v2\/media?parent=1056521"}],"wp:term":[{"taxonomy":"category","embeddable":true,"href":"https:\/\/www.estrategiaconcursos.com.br\/blog\/wp-json\/wp\/v2\/categories?post=1056521"},{"taxonomy":"post_tag","embeddable":true,"href":"https:\/\/www.estrategiaconcursos.com.br\/blog\/wp-json\/wp\/v2\/tags?post=1056521"},{"taxonomy":"tax_estado","embeddable":true,"href":"https:\/\/www.estrategiaconcursos.com.br\/blog\/wp-json\/wp\/v2\/tax_estado?post=1056521"}],"curies":[{"name":"wp","href":"https:\/\/api.w.org\/{rel}","templated":true}]}}