{"id":1056445,"date":"2022-07-10T20:02:00","date_gmt":"2022-07-10T23:02:00","guid":{"rendered":"https:\/\/www.estrategiaconcursos.com.br\/blog\/?p=1056445"},"modified":"2023-03-14T11:11:22","modified_gmt":"2023-03-14T14:11:22","slug":"gabarito-extraoficial-pm-go-cargo-soldado-combatente","status":"publish","type":"post","link":"https:\/\/www.estrategiaconcursos.com.br\/blog\/gabarito-extraoficial-pm-go-cargo-soldado-combatente\/","title":{"rendered":"Gabarito\u00a0Extraoficial\u00a0PM GO \u2013 Cargo: Soldado Combatente"},"content":{"rendered":"\n<p>Neste domingo, 10 de julho, foram aplicadas as <strong>provas do concurso Pol\u00edcia Militar de Goi\u00e1s (PM GO)<\/strong>.&nbsp;De acordo com o edital, as avalia\u00e7\u00f5es tiveram a dura\u00e7\u00e3o de 5 horas.<\/p>\n\n\n\n<p>Com o objetivo de ajud\u00e1-lo a diminuir um pouco a ansiedade de saber se foi bem ou n\u00e3o em um concurso t\u00e3o visado e importante,&nbsp;<strong>nossos professores realizar\u00e3o a corre\u00e7\u00e3o, dando o<\/strong>&nbsp;<strong>gabarito extraoficial da prova da Pol\u00edcia Militar GO<\/strong>.<\/p>\n\n\n\n<p>Portanto, confira, antecipadamente, seu desempenho e ainda receba dicas de recursos (se houver necessidade, claro!). Lembrando que o&nbsp;gabarito oficial preliminar ser\u00e1 publicado pelo <a href=\"https:\/\/www.institutoaocp.org.br\/concurso.jsp?id=396\" target=\"_blank\" rel=\"noreferrer noopener\">Instituto AOCP<\/a>. <\/p>\n\n\n\n<h2 class=\"has-text-align-center wp-block-heading\" id=\"gabarito-extraoficial-pm-go-cargo-soldado-combatente\">Gabarito&nbsp;Extraoficial&nbsp;PM GO \u2013 Cargo: Soldado Combatente<\/h2>\n\n\n\n<figure class=\"wp-block-table is-style-stripes\"><table class=\"has-fixed-layout\"><tbody><tr><td class=\"has-text-align-center\" data-align=\"center\"><strong>Disciplina<\/strong><\/td><td class=\"has-text-align-center\" data-align=\"center\"><strong>Professor<\/strong><\/td><\/tr><tr><td class=\"has-text-align-center\" data-align=\"center\">No\u00e7\u00f5es de Direito Administrativo<\/td><td class=\"has-text-align-center\" data-align=\"center\">Th\u00e1llius Moraes<\/td><\/tr><tr><td class=\"has-text-align-center\" data-align=\"center\">No\u00e7\u00f5es de Direito Constitucional<\/td><td class=\"has-text-align-center\" data-align=\"center\">Adriane Fauth<\/td><\/tr><tr><td class=\"has-text-align-center\" data-align=\"center\">No\u00e7\u00f5es de Direito Penal Militar e Processual Penal Militar<\/td><td class=\"has-text-align-center\" data-align=\"center\">Ant\u00f4nio Pequeno<\/td><\/tr><tr><td class=\"has-text-align-center\" data-align=\"center\">Realidade \u00e9tnica, social, hist\u00f3rica, geogr\u00e1fica, cultural, pol\u00edtica e Econ\u00f4mica de Goi\u00e1s<\/td><td class=\"has-text-align-center\" data-align=\"center\">Leandro Signori<\/td><\/tr><tr><td class=\"has-text-align-center\" data-align=\"center\">L\u00edngua Portuguesa<\/td><td class=\"has-text-align-center\" data-align=\"center\">Janaina Arruda<\/td><\/tr><tr><td class=\"has-text-align-center\" data-align=\"center\">Legisla\u00e7\u00e3o Extravagante<\/td><td class=\"has-text-align-center\" data-align=\"center\">Alexandre Herculano<\/td><\/tr><tr><td class=\"has-text-align-center\" data-align=\"center\">No\u00e7\u00f5es de Direito Penal e No\u00e7\u00f5es de Direito Processual Penal<\/td><td class=\"has-text-align-center\" data-align=\"center\">Priscila Silveira<\/td><\/tr><tr><td class=\"has-text-align-center\" data-align=\"center\">Discursivas<\/td><td class=\"has-text-align-center\" data-align=\"center\">Rodolfo Gracioli<\/td><\/tr><\/tbody><\/table><\/figure>\n\n\n\n<h3 class=\"has-text-align-center wp-block-heading\" id=\"gabarito-extraoficial-pm-go-cargo-soldado-combatente\"><a href=\"https:\/\/youtu.be\/Kz02PsS64sQ\" target=\"_blank\" rel=\"noreferrer noopener\">Gabarito\u00a0Extraoficial\u00a0PM GO \u2013 Cargo: Soldado Combatente<\/a><\/h3>\n\n\n\n<p>Abaixo, voc\u00ea confere os gabaritos das quest\u00f5es corrigidas pelos nossos professores. \u00c0 medida em que as corre\u00e7\u00f5es forem realizadas, o artigo ser\u00e1 atualizado. <\/p>\n\n\n\n<p>Como existem v\u00e1rios tipos de provas, voc\u00ea pode conferindo o in\u00edcio da quest\u00e3o. \u00c9 importante destacar que a prova utilizada na corre\u00e7\u00e3o foi do tipo 3.<\/p>\n\n\n\n<p><strong>Quest\u00e3o 1:&nbsp;<\/strong>Assinale a alternativa que apresenta uma reescrita sem\u00e2ntica&#8230;<br \/>Resposta: E<\/p>\n\n\n\n<p><strong>Quest\u00e3o 2:&nbsp;<\/strong>A partir da leitura do excerto&#8230;<br \/><strong><em>Resposta: <\/em><\/strong>B<\/p>\n\n\n\n<p><strong>Quest\u00e3o 3:&nbsp;<\/strong>Assinale a alternativa em que o &#8220;se&#8221;&#8230;<br \/><strong><em>Resposta: <\/em><\/strong>A<\/p>\n\n\n\n<p><strong>Quest\u00e3o 4:&nbsp;<\/strong>Sobre os mecanismos de coes\u00e3o empregados no texto&#8230;<br \/><strong><em>Resposta: <\/em><\/strong>B<\/p>\n\n\n\n<p><strong>Quest\u00e3o 5:&nbsp;<\/strong>Assinale a alternativa que N\u00c3O cont\u00e9m uma locu\u00e7\u00e3o verbal&#8230;<br \/><strong><em>Resposta: <\/em><\/strong>A<\/p>\n\n\n\n<p><strong>Quest\u00e3o 6:&nbsp;<\/strong>Sobre a pontua\u00e7\u00e3o empregada no texto,<br \/><strong><em>Resposta: <\/em><\/strong>B<\/p>\n\n\n\n<p><strong>Quest\u00e3o 7:&nbsp;<\/strong>No quarto par\u00e1grafo do texto&#8230;<br \/><strong><em>Resposta:<\/em><\/strong> D<\/p>\n\n\n\n<p><strong>Quest\u00e3o 8:&nbsp;<\/strong>Assinale a alternativa em que o pronome \u00e1tono pode&#8230;<br \/><strong><em>Resposta:<\/em><\/strong> C<\/p>\n\n\n\n<p><strong>Quest\u00e3o 9:&nbsp;<\/strong>Sobre o excerto &#8220;[&#8230;] \u00e9 com pratos&#8230;<br \/><strong><em>Resposta:<\/em><\/strong> A<\/p>\n\n\n\n<p><strong>Quest\u00e3o 10:&nbsp;<\/strong>Assinale a alternativa que apresenta um atributo que N\u00c3O&#8230;<br \/><strong><em>Resposta:<\/em><\/strong> D<\/p>\n\n\n\n<p><strong>Quest\u00e3o 11:&nbsp;<\/strong>Em rela\u00e7\u00e3o \u00e0 escravid\u00e3o no estado de Goi\u00e1s&#8230;<br \/><strong><em>Resposta: <\/em><\/strong>C<\/p>\n\n\n\n<p><strong>Quest\u00e3o 12:&nbsp;<\/strong>A regi\u00e3o da Chapada dos Veadeiros est\u00e1 localizada&#8230;<br \/><strong><em>Resposta: <\/em><\/strong>D<\/p>\n\n\n\n<p><strong>Quest\u00e3o 13:&nbsp;<\/strong>Localizada na regi\u00e3o centro-sul do Estado de Goi\u00e1s&#8230;<br \/><strong><em>Resposta: <\/em><\/strong>C<\/p>\n\n\n\n<p><strong>Quest\u00e3o 14:&nbsp;<\/strong>O advento da minera\u00e7\u00e3o imprimiu significativa&#8230;<br \/><strong><em>Resposta: <\/em><\/strong>E<\/p>\n\n\n\n<p><strong>Quest\u00e3o 15:&nbsp;<\/strong>Leia o fragmento do texto a seguir: &#8220;Lideradas por Jos\u00e9 Porf\u00edrio&#8230;<br \/><strong><em>Resposta: <\/em><\/strong>A<\/p>\n\n\n\n<p><strong>Quest\u00e3o 16:&nbsp;<\/strong>No dia 10 de abril de 2022, na sa\u00edda&#8230;<br \/><strong><em>Resposta: <\/em><\/strong>C<\/p>\n\n\n\n<p><strong>Quest\u00e3o 17:&nbsp;<\/strong>No que diz respeito \u00e0 Lei Maria da Pena&#8230;<br \/><strong><em>Resposta: <\/em><\/strong>E<\/p>\n\n\n\n<p><strong>Quest\u00e3o 18:&nbsp;<\/strong>Suponha que, em agosto de 2022&#8230;<br \/><strong><em>Resposta: <\/em><\/strong>D<\/p>\n\n\n\n<p><strong>Quest\u00e3o 19:&nbsp;<\/strong>Assinale a alternativa correta acerca do conflito aparente de normas penais<br \/><strong><em>Resposta: <\/em><\/strong>C<\/p>\n\n\n\n<p><strong>Quest\u00e3o 20:&nbsp;<\/strong>Sobre o direito penal, assinale a alternativa correta<br \/><strong><em>Resposta: <\/em><\/strong>E<\/p>\n\n\n\n<p><strong>Quest\u00e3o 21:&nbsp;<\/strong>No que concerne aos princ\u00edpios fundamentais&#8230;<br \/><strong><em>Resposta: <\/em><\/strong>B<\/p>\n\n\n\n<p><strong>Quest\u00e3o 22:&nbsp;<\/strong>Em rela\u00e7\u00e3o \u00e0 defesa do Estado e das Institui\u00e7\u00f5es&#8230;<br \/><strong><em>Resposta: <\/em><\/strong>D<\/p>\n\n\n\n<p><strong>Quest\u00e3o 23:&nbsp;<\/strong>Renomada associa\u00e7\u00e3o privada de \u00e2mbito municipal&#8230;<br \/><strong><em>Resposta: <\/em><\/strong>E<\/p>\n\n\n\n<p><strong>Quest\u00e3o 24:&nbsp;<\/strong>Suponha que a Rep\u00fablica Federativa do Brasil tenha celebrado&#8230;<br \/><strong><em>Resposta: <\/em><\/strong>B<\/p>\n\n\n\n<p><strong>Quest\u00e3o 25:&nbsp;<\/strong>Determinado Deputado Estadual apresentou projeto de lei&#8230;<br \/><strong><em>Resposta: <\/em><\/strong> A<\/p>\n\n\n\n<p><strong>Quest\u00e3o 26:&nbsp;<\/strong>Suponha que o Presidente da Rep\u00fablica e o Vice-Presidente&#8230;<br \/><strong><em>Resposta: <\/em><\/strong>A<\/p>\n\n\n\n<p><strong>Quest\u00e3o 27:&nbsp;<\/strong>De acordo com o C\u00f3digo de Processo Penal&#8230;<br \/><strong><em>Resposta: <\/em><\/strong>A<\/p>\n\n\n\n<p><strong>Quest\u00e3o 28:&nbsp;<\/strong>Sobre a pris\u00e3o tempor\u00e1ria&#8230;<br \/><strong><em>Resposta: <\/em><\/strong>D<\/p>\n\n\n\n<p><strong>Quest\u00e3o 29:&nbsp;<\/strong>Por interm\u00e9dio do seu disque den\u00fancia&#8230;<br \/><strong><em>Resposta: <\/em><\/strong>C<\/p>\n\n\n\n<p><strong>Quest\u00e3o 30:&nbsp;<\/strong>Com base na jurisprud\u00eancia do Superior Tribunal de Justi\u00e7a&#8230;<br \/><strong><em>Resposta: <\/em><\/strong>A<\/p>\n\n\n\n<p><strong>Quest\u00e3o 31:&nbsp;<\/strong>Em rela\u00e7\u00e3o \u00e0 liberdade provis\u00f3ria&#8230;<br \/><strong><em>Resposta: <\/em><\/strong>A<\/p>\n\n\n\n<p><strong>Quest\u00e3o 32:&nbsp;<\/strong>No que diz respeito aos agentes p\u00fablicos, informe&#8230;<br \/><strong><em>Resposta: <\/em><\/strong>B<\/p>\n\n\n\n<p><strong>Quest\u00e3o 33:&nbsp;<\/strong>O presidente da Comiss\u00e3o de Licita\u00e7\u00f5es&#8230;<br \/><strong><em>Resposta: <\/em><\/strong>E<\/p>\n\n\n\n<p><strong>Quest\u00e3o 34:&nbsp;<\/strong>Hefesto, policial militar do Estado de Goi\u00e1s, durante patrulhamento&#8230;<br \/><strong><em>Resposta: <\/em><\/strong>C<\/p>\n\n\n\n<p><strong>Quest\u00e3o 35:&nbsp;<\/strong>O Comandante Geral da Pol\u00edcia Militar&#8230;<br \/><strong><em>Resposta: <\/em><\/strong>A<\/p>\n\n\n\n<p><strong>Quest\u00e3o 36:&nbsp;<\/strong>Assinale a alternativa correta acerca do direito administrativo.<br \/><strong><em>Resposta: <\/em><\/strong>E<\/p>\n\n\n\n<p><strong>Quest\u00e3o 37:&nbsp;<\/strong>Referente aos princ\u00edpios da Administra\u00e7\u00e3o P\u00fablica&#8230;<br \/><strong><em>Resposta: <\/em><\/strong>C<\/p>\n\n\n\n<p><strong>Quest\u00e3o 38:&nbsp;<\/strong>Referente ao C\u00f3digo Penal Militar, analise as assertivas&#8230;<br \/><strong><em>Resposta: <\/em><\/strong>B<\/p>\n\n\n\n<p><strong>Quest\u00e3o 39:&nbsp;<\/strong>Suponha que determinado grupo de policiais militares se reuniram&#8230;<br \/><strong><em>Resposta:<\/em><\/strong> E<\/p>\n\n\n\n<p><strong>Quest\u00e3o 40:&nbsp;<\/strong>Assinale a alternativa correta acerca do C\u00f3digo Penal Militar (CPM)<br \/><strong><em>Resposta: <\/em><\/strong>B<\/p>\n\n\n\n<p><strong>Quest\u00e3o 41:&nbsp;<\/strong>No que concerne ao C\u00f3digo Penal Militar (CPM) assinale a alternativa INCORRETA<br \/><strong><em>Resposta: <\/em><\/strong>B<\/p>\n\n\n\n<p><strong>Quest\u00e3o 42:&nbsp;<\/strong>Em rela\u00e7\u00e3o aos recursos e \u00e0 revis\u00e3o criminal&#8230;<br \/><strong><em>Resposta: <\/em><\/strong>C<\/p>\n\n\n\n<p><strong>Quest\u00e3o 43:&nbsp;<\/strong>Sobre o inqu\u00e9rito policial militar&#8230;<br \/><strong><em>Resposta: <\/em><\/strong> A<\/p>\n\n\n\n<p><strong>Quest\u00e3o 44:&nbsp;<\/strong>Assinale a alternativa correta acerca do C\u00f3digo de Processo Penal Militar (CPPM)<br \/><strong><em>Resposta:<\/em><\/strong> D<\/p>\n\n\n\n<p><strong>Quest\u00e3o 45:&nbsp;<\/strong>Referente ao C\u00f3digo de Processo Penal Militar (CPPM), assinale a alternativa INCORRETA<br \/><strong><em>Resposta:<\/em><\/strong> C<\/p>\n\n\n\n<p><strong>Quest\u00e3o 46:&nbsp;<\/strong>Suponha que M\u00e1rio, policial militar, durante o servi\u00e7o&#8230;<br \/><strong><em>Resposta:<\/em><\/strong> E<\/p>\n\n\n\n<p><strong>Quest\u00e3o 47:&nbsp;<\/strong>Sobre os Juizados Especiais Criminais&#8230;<br \/><strong><em>Resposta: <\/em><\/strong>D<\/p>\n\n\n\n<p><strong>Quest\u00e3o 48:&nbsp;<\/strong>Referente ao C\u00f3digo de Tr\u00e2nsito Brasileiro &#8211; CTB&#8230;<br \/><strong><em>Resposta: <\/em><\/strong>A<\/p>\n\n\n\n<p><strong>Quest\u00e3o 49:&nbsp;<\/strong>Zeus, 27 anos, seguran\u00e7a&#8230;<br \/><strong><em>Resposta: <\/em><\/strong>B<\/p>\n\n\n\n<p><strong>Quest\u00e3o 50:&nbsp;<\/strong>Considere os seis crimes listados a seguir:<br \/><strong><em>Resposta: <\/em><\/strong>A<\/p>\n\n\n\n<h3 class=\"has-text-align-center has-background wp-block-heading\" id=\"saiba-mais-concurso-pm-go\" style=\"background-color:#e6e9ec\">Saiba mais: <a href=\"https:\/\/www.estrategiaconcursos.com.br\/blog\/concurso-pm-go\/\" target=\"_blank\" rel=\"noreferrer noopener\">Concurso PM GO<\/a><\/h3>\n\n\n\n<h2 class=\"has-text-align-center wp-block-heading\" id=\"h-quer-saber-tudo-sobre-concursos-previstos-confira-nossos-artigos\">Quer saber tudo sobre concursos previstos?<br \/>Confira  nossos artigos!<\/h2>\n\n\n\n<ul class=\"wp-block-list\">\n<li><a href=\"https:\/\/www.estrategiaconcursos.com.br\/blog\/concursos-abertos\/\" target=\"_blank\" rel=\"noreferrer noopener\">Concursos abertos<\/a><\/li>\n\n\n\n<li><a href=\"https:\/\/www.estrategiaconcursos.com.br\/blog\/concursos-2022\/\" target=\"_blank\" rel=\"noreferrer noopener\">Concursos 2022<\/a><\/li>\n\n\n\n<li><a href=\"https:\/\/www.estrategiaconcursos.com.br\/blog\/concursos-2023\/\" target=\"_blank\" rel=\"noreferrer noopener\">Concursos 2023<\/a><\/li>\n<\/ul>\n\n\n\n<div class=\"container\" id=\"boxes\">\n  <div class=\"row\"> \n\n    <div class=\"col-sm\">\n      <div class=\"banner-policial\" id=\"box-assinatura\">\n        <h3 class=\"titulo-assinatura\">Concurso PM GO<\/h3>\n        <p class=\"subtitulo-assinatura\">Conhe\u00e7a os cursos<\/p>\n        <div class=\"box-botao\">\n          <a class=\"btn-assinatura\" target=\"_blank\" href=\"https:\/\/www.estrategiaconcursos.com.br\/cursosPorConcurso\/policia-militar-go\/\" role=\"button\" rel=\"noopener noreferrer\">Conhe\u00e7a mais<\/a>\n        <\/div>\n      <\/div>\n     \n\n  <\/div>\n<\/div><\/div>\n\n\n\n<div class=\"container\" id=\"boxes\">\n  <div class=\"row\">\n\n    <div class=\"col-sm\">\n      <div class=\"estrategia\" id=\"box-assinatura\">\n        <h3 class=\"titulo-assinatura\">Assinatura de Concursos<\/h3>\n        <p class=\"subtitulo-assinatura\">Assinatura de 1 ano ou 2 anos<\/p>\n        <div class=\"box-botao\">\n          <a class=\"btn-assinatura\" target=\"_blank\" href=\"https:\/\/www.estrategiaconcursos.com.br\/assinaturas\/\" role=\"button\" rel=\"noopener noreferrer\">ASSINE AGORA<\/a>\n        <\/div>\n      <\/div>\n     \n    <\/div><\/div><\/div>\n","protected":false},"excerpt":{"rendered":"<p>Neste domingo, 10 de julho, foram aplicadas as provas do concurso Pol\u00edcia Militar de Goi\u00e1s (PM GO).&nbsp;De acordo com o edital, as avalia\u00e7\u00f5es tiveram a dura\u00e7\u00e3o de 5 horas. Com o objetivo de ajud\u00e1-lo a diminuir um pouco a ansiedade de saber se foi bem ou n\u00e3o em um concurso t\u00e3o visado e importante,&nbsp;nossos professores [&hellip;]<\/p>\n","protected":false},"author":2041,"featured_media":1056446,"comment_status":"open","ping_status":"closed","sticky":false,"template":"","format":"standard","meta":{"post_tipo":"news","footnotes":""},"categories":[220187,220219],"tags":[],"tax_estado":[219972],"class_list":["post-1056445","post","type-post","status-publish","format-standard","has-post-thumbnail","hentry","category-policial-pracas","category-noticias","tax_estado-go"],"acf":[],"yoast_head":"<!-- This site is optimized with the Yoast SEO Premium plugin v27.2 (Yoast SEO v27.2) - https:\/\/yoast.com\/product\/yoast-seo-premium-wordpress\/ -->\n<title>Gabarito\u00a0Extraoficial\u00a0PM GO \u2013 Cargo: Soldado Combatente<\/title>\n<meta name=\"description\" content=\"Neste domingo, 10 de julho, foram aplicadas as provas do concurso PM MG, por isso acompanhe a corre\u00e7\u00e3o e o gabarito extraoficial!\" \/>\n<meta name=\"robots\" content=\"index, follow, max-snippet:-1, max-image-preview:large, max-video-preview:-1\" \/>\n<link rel=\"canonical\" href=\"https:\/\/www.estrategiaconcursos.com.br\/blog\/gabarito-extraoficial-pm-go-cargo-soldado-combatente\/\" \/>\n<meta property=\"og:locale\" content=\"pt_BR\" \/>\n<meta property=\"og:type\" content=\"article\" \/>\n<meta property=\"og:title\" content=\"Gabarito\u00a0Extraoficial\u00a0PM GO \u2013 Cargo: Soldado Combatente\" \/>\n<meta property=\"og:description\" content=\"Neste domingo, 10 de julho, foram aplicadas as provas do concurso PM MG, por isso acompanhe a corre\u00e7\u00e3o e o gabarito extraoficial!\" \/>\n<meta property=\"og:url\" content=\"https:\/\/www.estrategiaconcursos.com.br\/blog\/gabarito-extraoficial-pm-go-cargo-soldado-combatente\/\" \/>\n<meta property=\"og:site_name\" content=\"Estrat\u00e9gia Concursos\" \/>\n<meta property=\"article:published_time\" content=\"2022-07-10T23:02:00+00:00\" \/>\n<meta property=\"article:modified_time\" content=\"2023-03-14T14:11:22+00:00\" \/>\n<meta property=\"og:image\" content=\"https:\/\/dhg1h5j42swfq.cloudfront.net\/2022\/07\/06171322\/1280-720-max-1-1.jpg\" \/>\n\t<meta property=\"og:image:width\" content=\"1280\" \/>\n\t<meta property=\"og:image:height\" content=\"720\" \/>\n\t<meta property=\"og:image:type\" content=\"image\/jpeg\" \/>\n<meta name=\"author\" content=\"Thiago Cavalcante Gomes\" \/>\n<meta name=\"twitter:card\" content=\"summary_large_image\" \/>\n<meta name=\"twitter:creator\" content=\"@EstratConcursos\" \/>\n<meta name=\"twitter:site\" content=\"@EstratConcursos\" \/>\n<meta name=\"twitter:label1\" content=\"Escrito por\" \/>\n\t<meta name=\"twitter:data1\" content=\"Thiago Cavalcante Gomes\" \/>\n\t<meta name=\"twitter:label2\" content=\"Est. tempo de leitura\" \/>\n\t<meta name=\"twitter:data2\" content=\"5 minutos\" \/>\n<script type=\"application\/ld+json\" class=\"yoast-schema-graph\">{\"@context\":\"https:\/\/schema.org\",\"@graph\":[{\"@type\":\"NewsArticle\",\"@id\":\"https:\/\/www.estrategiaconcursos.com.br\/blog\/gabarito-extraoficial-pm-go-cargo-soldado-combatente\/#article\",\"isPartOf\":{\"@id\":\"https:\/\/www.estrategiaconcursos.com.br\/blog\/gabarito-extraoficial-pm-go-cargo-soldado-combatente\/\"},\"author\":{\"name\":\"Thiago Cavalcante Gomes\",\"@id\":\"https:\/\/www.estrategiaconcursos.com.br\/blog\/#\/schema\/person\/4970184533d0a3ffa5b0299ae0a2b21f\"},\"headline\":\"Gabarito\u00a0Extraoficial\u00a0PM GO \u2013 Cargo: Soldado Combatente\",\"datePublished\":\"2022-07-10T23:02:00+00:00\",\"dateModified\":\"2023-03-14T14:11:22+00:00\",\"mainEntityOfPage\":{\"@id\":\"https:\/\/www.estrategiaconcursos.com.br\/blog\/gabarito-extraoficial-pm-go-cargo-soldado-combatente\/\"},\"wordCount\":975,\"commentCount\":0,\"publisher\":{\"@id\":\"https:\/\/www.estrategiaconcursos.com.br\/blog\/#organization\"},\"image\":{\"@id\":\"https:\/\/www.estrategiaconcursos.com.br\/blog\/gabarito-extraoficial-pm-go-cargo-soldado-combatente\/#primaryimage\"},\"thumbnailUrl\":\"https:\/\/dhg1h5j42swfq.cloudfront.net\/2022\/07\/06171322\/1280-720-max-1-1.jpg\",\"articleSection\":[\"Policial (PM\/BM - Pra\u00e7as)\",\"\u00daltimas not\u00edcias\"],\"inLanguage\":\"pt-BR\",\"potentialAction\":[{\"@type\":\"CommentAction\",\"name\":\"Comment\",\"target\":[\"https:\/\/www.estrategiaconcursos.com.br\/blog\/gabarito-extraoficial-pm-go-cargo-soldado-combatente\/#respond\"]}],\"copyrightYear\":\"2022\",\"copyrightHolder\":{\"@id\":\"https:\/\/www.estrategiaconcursos.com.br\/blog\/#organization\"}},{\"@type\":\"WebPage\",\"@id\":\"https:\/\/www.estrategiaconcursos.com.br\/blog\/gabarito-extraoficial-pm-go-cargo-soldado-combatente\/\",\"url\":\"https:\/\/www.estrategiaconcursos.com.br\/blog\/gabarito-extraoficial-pm-go-cargo-soldado-combatente\/\",\"name\":\"Gabarito\u00a0Extraoficial\u00a0PM GO \u2013 Cargo: Soldado Combatente\",\"isPartOf\":{\"@id\":\"https:\/\/www.estrategiaconcursos.com.br\/blog\/#website\"},\"primaryImageOfPage\":{\"@id\":\"https:\/\/www.estrategiaconcursos.com.br\/blog\/gabarito-extraoficial-pm-go-cargo-soldado-combatente\/#primaryimage\"},\"image\":{\"@id\":\"https:\/\/www.estrategiaconcursos.com.br\/blog\/gabarito-extraoficial-pm-go-cargo-soldado-combatente\/#primaryimage\"},\"thumbnailUrl\":\"https:\/\/dhg1h5j42swfq.cloudfront.net\/2022\/07\/06171322\/1280-720-max-1-1.jpg\",\"datePublished\":\"2022-07-10T23:02:00+00:00\",\"dateModified\":\"2023-03-14T14:11:22+00:00\",\"description\":\"Neste domingo, 10 de julho, foram aplicadas as provas do concurso PM MG, por isso acompanhe a corre\u00e7\u00e3o e o gabarito extraoficial!\",\"breadcrumb\":{\"@id\":\"https:\/\/www.estrategiaconcursos.com.br\/blog\/gabarito-extraoficial-pm-go-cargo-soldado-combatente\/#breadcrumb\"},\"inLanguage\":\"pt-BR\",\"potentialAction\":[{\"@type\":\"ReadAction\",\"target\":[\"https:\/\/www.estrategiaconcursos.com.br\/blog\/gabarito-extraoficial-pm-go-cargo-soldado-combatente\/\"]}]},{\"@type\":\"ImageObject\",\"inLanguage\":\"pt-BR\",\"@id\":\"https:\/\/www.estrategiaconcursos.com.br\/blog\/gabarito-extraoficial-pm-go-cargo-soldado-combatente\/#primaryimage\",\"url\":\"https:\/\/dhg1h5j42swfq.cloudfront.net\/2022\/07\/06171322\/1280-720-max-1-1.jpg\",\"contentUrl\":\"https:\/\/dhg1h5j42swfq.cloudfront.net\/2022\/07\/06171322\/1280-720-max-1-1.jpg\",\"width\":1280,\"height\":720},{\"@type\":\"BreadcrumbList\",\"@id\":\"https:\/\/www.estrategiaconcursos.com.br\/blog\/gabarito-extraoficial-pm-go-cargo-soldado-combatente\/#breadcrumb\",\"itemListElement\":[{\"@type\":\"ListItem\",\"position\":1,\"name\":\"In\u00edcio\",\"item\":\"https:\/\/www.estrategiaconcursos.com.br\/blog\/\"},{\"@type\":\"ListItem\",\"position\":2,\"name\":\"Gabarito\u00a0Extraoficial\u00a0PM GO \u2013 Cargo: Soldado Combatente\"}]},{\"@type\":\"WebSite\",\"@id\":\"https:\/\/www.estrategiaconcursos.com.br\/blog\/#website\",\"url\":\"https:\/\/www.estrategiaconcursos.com.br\/blog\/\",\"name\":\"Estrat\u00e9gia Concursos\",\"description\":\"O blog da Estrat\u00e9gia Concursos traz not\u00edcias sobre concursos e artigos de professores oferecendo cursos para concursos (pdf + videaulas) no site.\",\"publisher\":{\"@id\":\"https:\/\/www.estrategiaconcursos.com.br\/blog\/#organization\"},\"potentialAction\":[{\"@type\":\"SearchAction\",\"target\":{\"@type\":\"EntryPoint\",\"urlTemplate\":\"https:\/\/www.estrategiaconcursos.com.br\/blog\/?s={search_term_string}\"},\"query-input\":{\"@type\":\"PropertyValueSpecification\",\"valueRequired\":true,\"valueName\":\"search_term_string\"}}],\"inLanguage\":\"pt-BR\"},{\"@type\":\"Organization\",\"@id\":\"https:\/\/www.estrategiaconcursos.com.br\/blog\/#organization\",\"name\":\"Estrat\u00e9gia Concursos\",\"url\":\"https:\/\/www.estrategiaconcursos.com.br\/blog\/\",\"logo\":{\"@type\":\"ImageObject\",\"inLanguage\":\"pt-BR\",\"@id\":\"https:\/\/www.estrategiaconcursos.com.br\/blog\/#\/schema\/logo\/image\/\",\"url\":\"https:\/\/dhg1h5j42swfq.cloudfront.net\/2025\/06\/03203428\/logo_concursos-1.jpg\",\"contentUrl\":\"https:\/\/dhg1h5j42swfq.cloudfront.net\/2025\/06\/03203428\/logo_concursos-1.jpg\",\"width\":230,\"height\":60,\"caption\":\"Estrat\u00e9gia Concursos\"},\"image\":{\"@id\":\"https:\/\/www.estrategiaconcursos.com.br\/blog\/#\/schema\/logo\/image\/\"},\"sameAs\":[\"https:\/\/x.com\/EstratConcursos\"]},{\"@type\":\"Person\",\"@id\":\"https:\/\/www.estrategiaconcursos.com.br\/blog\/#\/schema\/person\/4970184533d0a3ffa5b0299ae0a2b21f\",\"name\":\"Thiago Cavalcante Gomes\",\"image\":{\"@type\":\"ImageObject\",\"inLanguage\":\"pt-BR\",\"@id\":\"https:\/\/secure.gravatar.com\/avatar\/?s=96&d=mm&r=g\",\"url\":\"https:\/\/secure.gravatar.com\/avatar\/?s=96&d=mm&r=g\",\"contentUrl\":\"https:\/\/secure.gravatar.com\/avatar\/?s=96&d=mm&r=g\",\"caption\":\"Thiago Cavalcante Gomes\"},\"url\":\"https:\/\/www.estrategiaconcursos.com.br\/blog\/author\/thiago-gomes\/\"}]}<\/script>\n<!-- \/ Yoast SEO Premium plugin. -->","yoast_head_json":{"title":"Gabarito\u00a0Extraoficial\u00a0PM GO \u2013 Cargo: Soldado Combatente","description":"Neste domingo, 10 de julho, foram aplicadas as provas do concurso PM MG, por isso acompanhe a corre\u00e7\u00e3o e o gabarito extraoficial!","robots":{"index":"index","follow":"follow","max-snippet":"max-snippet:-1","max-image-preview":"max-image-preview:large","max-video-preview":"max-video-preview:-1"},"canonical":"https:\/\/www.estrategiaconcursos.com.br\/blog\/gabarito-extraoficial-pm-go-cargo-soldado-combatente\/","og_locale":"pt_BR","og_type":"article","og_title":"Gabarito\u00a0Extraoficial\u00a0PM GO \u2013 Cargo: Soldado Combatente","og_description":"Neste domingo, 10 de julho, foram aplicadas as provas do concurso PM MG, por isso acompanhe a corre\u00e7\u00e3o e o gabarito extraoficial!","og_url":"https:\/\/www.estrategiaconcursos.com.br\/blog\/gabarito-extraoficial-pm-go-cargo-soldado-combatente\/","og_site_name":"Estrat\u00e9gia Concursos","article_published_time":"2022-07-10T23:02:00+00:00","article_modified_time":"2023-03-14T14:11:22+00:00","og_image":[{"width":1280,"height":720,"url":"https:\/\/dhg1h5j42swfq.cloudfront.net\/2022\/07\/06171322\/1280-720-max-1-1.jpg","type":"image\/jpeg"}],"author":"Thiago Cavalcante Gomes","twitter_card":"summary_large_image","twitter_creator":"@EstratConcursos","twitter_site":"@EstratConcursos","twitter_misc":{"Escrito por":"Thiago Cavalcante Gomes","Est. tempo de leitura":"5 minutos"},"schema":{"@context":"https:\/\/schema.org","@graph":[{"@type":"NewsArticle","@id":"https:\/\/www.estrategiaconcursos.com.br\/blog\/gabarito-extraoficial-pm-go-cargo-soldado-combatente\/#article","isPartOf":{"@id":"https:\/\/www.estrategiaconcursos.com.br\/blog\/gabarito-extraoficial-pm-go-cargo-soldado-combatente\/"},"author":{"name":"Thiago Cavalcante Gomes","@id":"https:\/\/www.estrategiaconcursos.com.br\/blog\/#\/schema\/person\/4970184533d0a3ffa5b0299ae0a2b21f"},"headline":"Gabarito\u00a0Extraoficial\u00a0PM GO \u2013 Cargo: Soldado Combatente","datePublished":"2022-07-10T23:02:00+00:00","dateModified":"2023-03-14T14:11:22+00:00","mainEntityOfPage":{"@id":"https:\/\/www.estrategiaconcursos.com.br\/blog\/gabarito-extraoficial-pm-go-cargo-soldado-combatente\/"},"wordCount":975,"commentCount":0,"publisher":{"@id":"https:\/\/www.estrategiaconcursos.com.br\/blog\/#organization"},"image":{"@id":"https:\/\/www.estrategiaconcursos.com.br\/blog\/gabarito-extraoficial-pm-go-cargo-soldado-combatente\/#primaryimage"},"thumbnailUrl":"https:\/\/dhg1h5j42swfq.cloudfront.net\/2022\/07\/06171322\/1280-720-max-1-1.jpg","articleSection":["Policial (PM\/BM - Pra\u00e7as)","\u00daltimas not\u00edcias"],"inLanguage":"pt-BR","potentialAction":[{"@type":"CommentAction","name":"Comment","target":["https:\/\/www.estrategiaconcursos.com.br\/blog\/gabarito-extraoficial-pm-go-cargo-soldado-combatente\/#respond"]}],"copyrightYear":"2022","copyrightHolder":{"@id":"https:\/\/www.estrategiaconcursos.com.br\/blog\/#organization"}},{"@type":"WebPage","@id":"https:\/\/www.estrategiaconcursos.com.br\/blog\/gabarito-extraoficial-pm-go-cargo-soldado-combatente\/","url":"https:\/\/www.estrategiaconcursos.com.br\/blog\/gabarito-extraoficial-pm-go-cargo-soldado-combatente\/","name":"Gabarito\u00a0Extraoficial\u00a0PM GO \u2013 Cargo: Soldado Combatente","isPartOf":{"@id":"https:\/\/www.estrategiaconcursos.com.br\/blog\/#website"},"primaryImageOfPage":{"@id":"https:\/\/www.estrategiaconcursos.com.br\/blog\/gabarito-extraoficial-pm-go-cargo-soldado-combatente\/#primaryimage"},"image":{"@id":"https:\/\/www.estrategiaconcursos.com.br\/blog\/gabarito-extraoficial-pm-go-cargo-soldado-combatente\/#primaryimage"},"thumbnailUrl":"https:\/\/dhg1h5j42swfq.cloudfront.net\/2022\/07\/06171322\/1280-720-max-1-1.jpg","datePublished":"2022-07-10T23:02:00+00:00","dateModified":"2023-03-14T14:11:22+00:00","description":"Neste domingo, 10 de julho, foram aplicadas as provas do concurso PM MG, por isso acompanhe a corre\u00e7\u00e3o e o gabarito extraoficial!","breadcrumb":{"@id":"https:\/\/www.estrategiaconcursos.com.br\/blog\/gabarito-extraoficial-pm-go-cargo-soldado-combatente\/#breadcrumb"},"inLanguage":"pt-BR","potentialAction":[{"@type":"ReadAction","target":["https:\/\/www.estrategiaconcursos.com.br\/blog\/gabarito-extraoficial-pm-go-cargo-soldado-combatente\/"]}]},{"@type":"ImageObject","inLanguage":"pt-BR","@id":"https:\/\/www.estrategiaconcursos.com.br\/blog\/gabarito-extraoficial-pm-go-cargo-soldado-combatente\/#primaryimage","url":"https:\/\/dhg1h5j42swfq.cloudfront.net\/2022\/07\/06171322\/1280-720-max-1-1.jpg","contentUrl":"https:\/\/dhg1h5j42swfq.cloudfront.net\/2022\/07\/06171322\/1280-720-max-1-1.jpg","width":1280,"height":720},{"@type":"BreadcrumbList","@id":"https:\/\/www.estrategiaconcursos.com.br\/blog\/gabarito-extraoficial-pm-go-cargo-soldado-combatente\/#breadcrumb","itemListElement":[{"@type":"ListItem","position":1,"name":"In\u00edcio","item":"https:\/\/www.estrategiaconcursos.com.br\/blog\/"},{"@type":"ListItem","position":2,"name":"Gabarito\u00a0Extraoficial\u00a0PM GO \u2013 Cargo: Soldado Combatente"}]},{"@type":"WebSite","@id":"https:\/\/www.estrategiaconcursos.com.br\/blog\/#website","url":"https:\/\/www.estrategiaconcursos.com.br\/blog\/","name":"Estrat\u00e9gia Concursos","description":"O blog da Estrat\u00e9gia Concursos traz not\u00edcias sobre concursos e artigos de professores oferecendo cursos para concursos (pdf + videaulas) no site.","publisher":{"@id":"https:\/\/www.estrategiaconcursos.com.br\/blog\/#organization"},"potentialAction":[{"@type":"SearchAction","target":{"@type":"EntryPoint","urlTemplate":"https:\/\/www.estrategiaconcursos.com.br\/blog\/?s={search_term_string}"},"query-input":{"@type":"PropertyValueSpecification","valueRequired":true,"valueName":"search_term_string"}}],"inLanguage":"pt-BR"},{"@type":"Organization","@id":"https:\/\/www.estrategiaconcursos.com.br\/blog\/#organization","name":"Estrat\u00e9gia Concursos","url":"https:\/\/www.estrategiaconcursos.com.br\/blog\/","logo":{"@type":"ImageObject","inLanguage":"pt-BR","@id":"https:\/\/www.estrategiaconcursos.com.br\/blog\/#\/schema\/logo\/image\/","url":"https:\/\/dhg1h5j42swfq.cloudfront.net\/2025\/06\/03203428\/logo_concursos-1.jpg","contentUrl":"https:\/\/dhg1h5j42swfq.cloudfront.net\/2025\/06\/03203428\/logo_concursos-1.jpg","width":230,"height":60,"caption":"Estrat\u00e9gia Concursos"},"image":{"@id":"https:\/\/www.estrategiaconcursos.com.br\/blog\/#\/schema\/logo\/image\/"},"sameAs":["https:\/\/x.com\/EstratConcursos"]},{"@type":"Person","@id":"https:\/\/www.estrategiaconcursos.com.br\/blog\/#\/schema\/person\/4970184533d0a3ffa5b0299ae0a2b21f","name":"Thiago Cavalcante Gomes","image":{"@type":"ImageObject","inLanguage":"pt-BR","@id":"https:\/\/secure.gravatar.com\/avatar\/?s=96&d=mm&r=g","url":"https:\/\/secure.gravatar.com\/avatar\/?s=96&d=mm&r=g","contentUrl":"https:\/\/secure.gravatar.com\/avatar\/?s=96&d=mm&r=g","caption":"Thiago Cavalcante Gomes"},"url":"https:\/\/www.estrategiaconcursos.com.br\/blog\/author\/thiago-gomes\/"}]}},"_links":{"self":[{"href":"https:\/\/www.estrategiaconcursos.com.br\/blog\/wp-json\/wp\/v2\/posts\/1056445","targetHints":{"allow":["GET"]}}],"collection":[{"href":"https:\/\/www.estrategiaconcursos.com.br\/blog\/wp-json\/wp\/v2\/posts"}],"about":[{"href":"https:\/\/www.estrategiaconcursos.com.br\/blog\/wp-json\/wp\/v2\/types\/post"}],"author":[{"embeddable":true,"href":"https:\/\/www.estrategiaconcursos.com.br\/blog\/wp-json\/wp\/v2\/users\/2041"}],"replies":[{"embeddable":true,"href":"https:\/\/www.estrategiaconcursos.com.br\/blog\/wp-json\/wp\/v2\/comments?post=1056445"}],"version-history":[{"count":15,"href":"https:\/\/www.estrategiaconcursos.com.br\/blog\/wp-json\/wp\/v2\/posts\/1056445\/revisions"}],"predecessor-version":[{"id":1186327,"href":"https:\/\/www.estrategiaconcursos.com.br\/blog\/wp-json\/wp\/v2\/posts\/1056445\/revisions\/1186327"}],"wp:featuredmedia":[{"embeddable":true,"href":"https:\/\/www.estrategiaconcursos.com.br\/blog\/wp-json\/wp\/v2\/media\/1056446"}],"wp:attachment":[{"href":"https:\/\/www.estrategiaconcursos.com.br\/blog\/wp-json\/wp\/v2\/media?parent=1056445"}],"wp:term":[{"taxonomy":"category","embeddable":true,"href":"https:\/\/www.estrategiaconcursos.com.br\/blog\/wp-json\/wp\/v2\/categories?post=1056445"},{"taxonomy":"post_tag","embeddable":true,"href":"https:\/\/www.estrategiaconcursos.com.br\/blog\/wp-json\/wp\/v2\/tags?post=1056445"},{"taxonomy":"tax_estado","embeddable":true,"href":"https:\/\/www.estrategiaconcursos.com.br\/blog\/wp-json\/wp\/v2\/tax_estado?post=1056445"}],"curies":[{"name":"wp","href":"https:\/\/api.w.org\/{rel}","templated":true}]}}