{"id":1056003,"date":"2022-07-06T08:42:12","date_gmt":"2022-07-06T11:42:12","guid":{"rendered":"https:\/\/www.estrategiaconcursos.com.br\/blog\/?p=1056003"},"modified":"2022-07-06T09:06:03","modified_gmt":"2022-07-06T12:06:03","slug":"concurso-tjdft-resultado-preliminar-da-prova-objetiva-sera-retificado","status":"publish","type":"post","link":"https:\/\/www.estrategiaconcursos.com.br\/blog\/concurso-tjdft-resultado-preliminar-da-prova-objetiva-sera-retificado\/","title":{"rendered":"Concurso TJDFT: resultado preliminar ser\u00e1 retificado"},"content":{"rendered":"\n<p>O resultado preliminar das provas objetivas do<strong> concurso TJDFT<\/strong> (<a href=\"https:\/\/www.estrategiaconcursos.com.br\/cursosPorConcurso\/tjdft-125\/\" target=\"_blank\" rel=\"noreferrer noopener\">Tribunal de Justi\u00e7a do Distrito Federal e Territ\u00f3rios<\/a>)\u00a0ser\u00e1 novamente processado e retificado. <\/p>\n\n\n\n<p>A informa\u00e7\u00e3o foi divulgada pela banca FGV (Funda\u00e7\u00e3o Getulio Vargas) que identificou uma inconsist\u00eancia no gabarito da quest\u00e3o 54 do cargo de Analista Judici\u00e1rio &#8211; An\u00e1lise de Sistemas do tipo 1 de prova, publicado em 24 de junho de 2022. <\/p>\n\n\n\n<p>Por conta disso,  gabarito definitivo foi retificado para as quest\u00e3o 54, da prova tipo 1, e 50, da prova tipo 2. O resultado preliminar ser\u00e1 divulgado at\u00e9 o dia 08 de julho de 2022 na p\u00e1gina do <strong>concurso p\u00fablico<\/strong>. <\/p>\n\n\n\n<p>Veja maiores detalhes na imagem abaixo.<\/p>\n\n\n\n<h2 class=\"wp-block-heading\" id=\"concurso-tjdft-resultado-preliminar-sera-retificado\">Concurso TJDFT: resultado preliminar ser\u00e1 retificado <\/h2>\n\n\n\n<div class=\"wp-block-image\"><figure class=\"aligncenter size-large\"><img loading=\"lazy\" decoding=\"async\" width=\"1024\" height=\"489\" src=\"https:\/\/dhg1h5j42swfq.cloudfront.net\/2022\/07\/06090518\/captura-de-tela-2022-07-06-as-09-04-46-1024x489.png\" alt=\"Concurso TJDFT: resultado preliminar retificado\" class=\"wp-image-1056040\" srcset=\"https:\/\/dhg1h5j42swfq.cloudfront.net\/2022\/07\/06090518\/captura-de-tela-2022-07-06-as-09-04-46-1024x489.png 1024w, https:\/\/dhg1h5j42swfq.cloudfront.net\/2022\/07\/06090518\/captura-de-tela-2022-07-06-as-09-04-46-300x143.png 300w, https:\/\/dhg1h5j42swfq.cloudfront.net\/2022\/07\/06090518\/captura-de-tela-2022-07-06-as-09-04-46-768x367.png 768w, https:\/\/dhg1h5j42swfq.cloudfront.net\/2022\/07\/06090518\/captura-de-tela-2022-07-06-as-09-04-46-1536x734.png 1536w, https:\/\/dhg1h5j42swfq.cloudfront.net\/2022\/07\/06090518\/captura-de-tela-2022-07-06-as-09-04-46-2048x979.png 2048w, https:\/\/dhg1h5j42swfq.cloudfront.net\/2022\/07\/06090518\/captura-de-tela-2022-07-06-as-09-04-46-610x291.png 610w, https:\/\/dhg1h5j42swfq.cloudfront.net\/2022\/07\/06090518\/captura-de-tela-2022-07-06-as-09-04-46-150x72.png 150w\" sizes=\"auto, (max-width: 1024px) 100vw, 1024px\" \/><figcaption>Concurso TJDFT: resultado preliminar retificado<\/figcaption><\/figure><\/div>\n\n\n\n<p>Os aprovados no concurso far\u00e3o jus aos seguintes sal\u00e1rios iniciais:<\/p>\n\n\n\n<ul class=\"wp-block-list\"><li><strong>Analista Judici\u00e1rio (vencimento b\u00e1sico + GAJ):<br \/><\/strong><em>Inicial:<\/em>&nbsp;12.455,30<br \/><em>Final:<\/em>&nbsp;18.701.52<\/li><\/ul>\n\n\n\n<ul class=\"wp-block-list\"><li><strong>T\u00e9cnico Judici\u00e1rio (vencimento b\u00e1sico + GAJ):<br \/><\/strong><em>Inicial:<\/em>&nbsp;7.591,36<br \/><em>Final:<\/em>&nbsp;11.128,33<\/li><\/ul>\n\n\n\n<p>Al\u00e9m do vencimento b\u00e1sico e gratifica\u00e7\u00f5es, os servidores tamb\u00e9m tem direito aos seguintes benef\u00edcios:<\/p>\n\n\n\n<ul class=\"wp-block-list\"><li>Auxilio Alimenta\u00e7\u00e3o: R$ 910,08<\/li><li>Assist\u00eancia Pr\u00e9-escolar: R$ 719,62<\/li><li>Auxilio Transporte: R$ 72,21<\/li><li>Assist\u00eancia M\u00e9dica e Odontol\u00f3gica<\/li><li>Exames peri\u00f3dicos<\/li><\/ul>\n\n\n\n<p class=\"has-text-align-center has-pale-cyan-blue-background-color has-background has-medium-font-size\"><strong>Saiba mais: <a href=\"https:\/\/www.estrategiaconcursos.com.br\/blog\/concurso-tjdft\/\" target=\"_blank\" rel=\"noreferrer noopener\">concurso TJDFT <\/a><\/strong><\/p>\n\n\n\n<h2 class=\"has-text-align-center wp-block-heading\" id=\"cursos\">Quer saber tudo sobre concursos previstos?<br \/><strong>Confira nossos artigos!<\/strong><\/h2>\n\n\n\n<ul class=\"wp-block-list\"><li><a href=\"https:\/\/www.estrategiaconcursos.com.br\/blog\/concursos-tribunais-2022\/\" target=\"_blank\" rel=\"noreferrer noopener\">Concursos Tribunais <\/a><\/li><li><a href=\"https:\/\/www.estrategiaconcursos.com.br\/blog\/concursos-abertos\/\" target=\"_blank\" rel=\"noreferrer noopener\">Concursos abertos<\/a><\/li><li><a href=\"https:\/\/www.estrategiaconcursos.com.br\/blog\/concursos-2022\/\" target=\"_blank\" rel=\"noreferrer noopener\">Concursos 2022<\/a><\/li><\/ul>\n\n\n\n<h2 class=\"has-text-align-center wp-block-heading\" id=\"cursos-concurso-tjdft\"><strong><em>Quer estudar para Concurso TJDFT que ter\u00e1 o resultado preliminar retificado?<\/em><\/strong><\/h2>\n\n\n\n<p class=\"has-text-align-center\"><em><strong>Gostou desta oportunidade e deseja come\u00e7ar se preparar agora mesmo? Ent\u00e3o, confira os nossos cursos e comece a estudar para TJDFT:<\/strong><\/em><\/p>\n\n\n\n<div class=\"container\" id=\"boxes\">\n  <div class=\"row\">\n\n    <div class=\"col-sm\">\n      <div class=\"banner-tribunal\" id=\"box-assinatura\">\n        <h3 class=\"titulo-assinatura\">Curso TJDFT<\/h3>\n        <p class=\"subtitulo-assinatura\">Conhe\u00e7a os cursos<\/p>\n        <div class=\"box-botao\">\n          <a class=\"btn-assinatura\" target=\"_blank\" href=\"https:\/\/www.estrategiaconcursos.com.br\/cursosPorConcurso\/tjdft-125\/\" role=\"button\" rel=\"noopener noreferrer\">Conhe\u00e7a mais<\/a>\n        <\/div>\n      <\/div>\n      <p class=\"texto-auxiliar\">Prepare-se com o melhor material e com quem mais aprova em Concursos P\u00fablicos em todo o pa\u00eds.<\/p>\n    <\/div>\n\n  <\/div>\n<\/div>\n\n\n\n<div class=\"container\" id=\"boxes\">\n  <div class=\"row\">\n\n    <div class=\"col-sm\">\n      <div class=\"estrategia\" id=\"box-assinatura\">\n        <h3 class=\"titulo-assinatura\">Assinatura Concursos<\/h3>\n        <p class=\"subtitulo-assinatura\">Assinatura de 1 ano ou 2 anos<\/p>\n        <div class=\"box-botao\">\n          <a class=\"btn-assinatura\" target=\"_blank\" href=\"https:\/\/www.estrategiaconcursos.com.br\/assinaturas\/\" role=\"button\" rel=\"noopener noreferrer\">ASSINE AGORA<\/a>\n        <\/div>\n      <\/div>\n     \n    <\/div><\/div><\/div>\n","protected":false},"excerpt":{"rendered":"<p>O resultado preliminar das provas objetivas do concurso TJDFT (Tribunal de Justi\u00e7a do Distrito Federal e Territ\u00f3rios)\u00a0ser\u00e1 novamente processado e retificado. A informa\u00e7\u00e3o foi divulgada pela banca FGV (Funda\u00e7\u00e3o Getulio Vargas) que identificou uma inconsist\u00eancia no gabarito da quest\u00e3o 54 do cargo de Analista Judici\u00e1rio &#8211; An\u00e1lise de Sistemas do tipo 1 de prova, publicado [&hellip;]<\/p>\n","protected":false},"author":2375,"featured_media":1056008,"comment_status":"open","ping_status":"closed","sticky":false,"template":"","format":"standard","meta":{"post_tipo":"news","footnotes":""},"categories":[1984,220219],"tags":[],"tax_estado":[219970],"class_list":["post-1056003","post","type-post","status-publish","format-standard","has-post-thumbnail","hentry","category-tribunais","category-noticias","tax_estado-df"],"acf":[],"yoast_head":"<!-- This site is optimized with the Yoast SEO Premium plugin v27.2 (Yoast SEO v27.2) - https:\/\/yoast.com\/product\/yoast-seo-premium-wordpress\/ -->\n<title>Concurso TJDFT: resultado preliminar ser\u00e1 retificado<\/title>\n<meta name=\"description\" content=\"Concurso TJDFT: resultado preliminar da prova objetiva ser\u00e1 retificado at\u00e9 o dia 08 de julho de 2022 na p\u00e1gina do concurso p\u00fablico. Veja!\" \/>\n<meta name=\"robots\" content=\"index, follow, max-snippet:-1, max-image-preview:large, max-video-preview:-1\" \/>\n<link rel=\"canonical\" href=\"https:\/\/www.estrategiaconcursos.com.br\/blog\/concurso-tjdft-resultado-preliminar-da-prova-objetiva-sera-retificado\/\" \/>\n<meta property=\"og:locale\" content=\"pt_BR\" \/>\n<meta property=\"og:type\" content=\"article\" \/>\n<meta property=\"og:title\" content=\"Concurso TJDFT: resultado preliminar ser\u00e1 retificado\" \/>\n<meta property=\"og:description\" content=\"Concurso TJDFT: resultado preliminar da prova objetiva ser\u00e1 retificado at\u00e9 o dia 08 de julho de 2022 na p\u00e1gina do concurso p\u00fablico. Veja!\" \/>\n<meta property=\"og:url\" content=\"https:\/\/www.estrategiaconcursos.com.br\/blog\/concurso-tjdft-resultado-preliminar-da-prova-objetiva-sera-retificado\/\" \/>\n<meta property=\"og:site_name\" content=\"Estrat\u00e9gia Concursos\" \/>\n<meta property=\"article:published_time\" content=\"2022-07-06T11:42:12+00:00\" \/>\n<meta property=\"article:modified_time\" content=\"2022-07-06T12:06:03+00:00\" \/>\n<meta property=\"og:image\" content=\"https:\/\/dhg1h5j42swfq.cloudfront.net\/2022\/07\/06083801\/concurso-tjdft-resultado-preliminar-retificado.jpeg\" \/>\n\t<meta property=\"og:image:width\" content=\"300\" \/>\n\t<meta property=\"og:image:height\" content=\"169\" \/>\n\t<meta property=\"og:image:type\" content=\"image\/jpeg\" \/>\n<meta name=\"author\" content=\"Priscila Almeida\" \/>\n<meta name=\"twitter:card\" content=\"summary_large_image\" \/>\n<meta name=\"twitter:creator\" content=\"@EstratConcursos\" \/>\n<meta name=\"twitter:site\" content=\"@EstratConcursos\" \/>\n<meta name=\"twitter:label1\" content=\"Escrito por\" \/>\n\t<meta name=\"twitter:data1\" content=\"Priscila Almeida\" \/>\n\t<meta name=\"twitter:label2\" content=\"Est. tempo de leitura\" \/>\n\t<meta name=\"twitter:data2\" content=\"2 minutos\" \/>\n<script type=\"application\/ld+json\" class=\"yoast-schema-graph\">{\"@context\":\"https:\/\/schema.org\",\"@graph\":[{\"@type\":\"NewsArticle\",\"@id\":\"https:\/\/www.estrategiaconcursos.com.br\/blog\/concurso-tjdft-resultado-preliminar-da-prova-objetiva-sera-retificado\/#article\",\"isPartOf\":{\"@id\":\"https:\/\/www.estrategiaconcursos.com.br\/blog\/concurso-tjdft-resultado-preliminar-da-prova-objetiva-sera-retificado\/\"},\"author\":{\"name\":\"Priscila Almeida\",\"@id\":\"https:\/\/www.estrategiaconcursos.com.br\/blog\/#\/schema\/person\/a06e841e501f2e1d8c49c4e8f066bfd1\"},\"headline\":\"Concurso TJDFT: resultado preliminar ser\u00e1 retificado\",\"datePublished\":\"2022-07-06T11:42:12+00:00\",\"dateModified\":\"2022-07-06T12:06:03+00:00\",\"mainEntityOfPage\":{\"@id\":\"https:\/\/www.estrategiaconcursos.com.br\/blog\/concurso-tjdft-resultado-preliminar-da-prova-objetiva-sera-retificado\/\"},\"wordCount\":290,\"commentCount\":0,\"publisher\":{\"@id\":\"https:\/\/www.estrategiaconcursos.com.br\/blog\/#organization\"},\"image\":{\"@id\":\"https:\/\/www.estrategiaconcursos.com.br\/blog\/concurso-tjdft-resultado-preliminar-da-prova-objetiva-sera-retificado\/#primaryimage\"},\"thumbnailUrl\":\"https:\/\/dhg1h5j42swfq.cloudfront.net\/2022\/07\/06083801\/concurso-tjdft-resultado-preliminar-retificado.jpeg\",\"articleSection\":[\"Tribunais\",\"\u00daltimas not\u00edcias\"],\"inLanguage\":\"pt-BR\",\"potentialAction\":[{\"@type\":\"CommentAction\",\"name\":\"Comment\",\"target\":[\"https:\/\/www.estrategiaconcursos.com.br\/blog\/concurso-tjdft-resultado-preliminar-da-prova-objetiva-sera-retificado\/#respond\"]}],\"copyrightYear\":\"2022\",\"copyrightHolder\":{\"@id\":\"https:\/\/www.estrategiaconcursos.com.br\/blog\/#organization\"}},{\"@type\":\"WebPage\",\"@id\":\"https:\/\/www.estrategiaconcursos.com.br\/blog\/concurso-tjdft-resultado-preliminar-da-prova-objetiva-sera-retificado\/\",\"url\":\"https:\/\/www.estrategiaconcursos.com.br\/blog\/concurso-tjdft-resultado-preliminar-da-prova-objetiva-sera-retificado\/\",\"name\":\"Concurso TJDFT: resultado preliminar ser\u00e1 retificado\",\"isPartOf\":{\"@id\":\"https:\/\/www.estrategiaconcursos.com.br\/blog\/#website\"},\"primaryImageOfPage\":{\"@id\":\"https:\/\/www.estrategiaconcursos.com.br\/blog\/concurso-tjdft-resultado-preliminar-da-prova-objetiva-sera-retificado\/#primaryimage\"},\"image\":{\"@id\":\"https:\/\/www.estrategiaconcursos.com.br\/blog\/concurso-tjdft-resultado-preliminar-da-prova-objetiva-sera-retificado\/#primaryimage\"},\"thumbnailUrl\":\"https:\/\/dhg1h5j42swfq.cloudfront.net\/2022\/07\/06083801\/concurso-tjdft-resultado-preliminar-retificado.jpeg\",\"datePublished\":\"2022-07-06T11:42:12+00:00\",\"dateModified\":\"2022-07-06T12:06:03+00:00\",\"description\":\"Concurso TJDFT: resultado preliminar da prova objetiva ser\u00e1 retificado at\u00e9 o dia 08 de julho de 2022 na p\u00e1gina do concurso p\u00fablico. Veja!\",\"breadcrumb\":{\"@id\":\"https:\/\/www.estrategiaconcursos.com.br\/blog\/concurso-tjdft-resultado-preliminar-da-prova-objetiva-sera-retificado\/#breadcrumb\"},\"inLanguage\":\"pt-BR\",\"potentialAction\":[{\"@type\":\"ReadAction\",\"target\":[\"https:\/\/www.estrategiaconcursos.com.br\/blog\/concurso-tjdft-resultado-preliminar-da-prova-objetiva-sera-retificado\/\"]}]},{\"@type\":\"ImageObject\",\"inLanguage\":\"pt-BR\",\"@id\":\"https:\/\/www.estrategiaconcursos.com.br\/blog\/concurso-tjdft-resultado-preliminar-da-prova-objetiva-sera-retificado\/#primaryimage\",\"url\":\"https:\/\/dhg1h5j42swfq.cloudfront.net\/2022\/07\/06083801\/concurso-tjdft-resultado-preliminar-retificado.jpeg\",\"contentUrl\":\"https:\/\/dhg1h5j42swfq.cloudfront.net\/2022\/07\/06083801\/concurso-tjdft-resultado-preliminar-retificado.jpeg\",\"width\":300,\"height\":169,\"caption\":\"Concurso TJDFT resultado preliminar retificado\"},{\"@type\":\"BreadcrumbList\",\"@id\":\"https:\/\/www.estrategiaconcursos.com.br\/blog\/concurso-tjdft-resultado-preliminar-da-prova-objetiva-sera-retificado\/#breadcrumb\",\"itemListElement\":[{\"@type\":\"ListItem\",\"position\":1,\"name\":\"In\u00edcio\",\"item\":\"https:\/\/www.estrategiaconcursos.com.br\/blog\/\"},{\"@type\":\"ListItem\",\"position\":2,\"name\":\"Concurso TJDFT: resultado preliminar ser\u00e1 retificado\"}]},{\"@type\":\"WebSite\",\"@id\":\"https:\/\/www.estrategiaconcursos.com.br\/blog\/#website\",\"url\":\"https:\/\/www.estrategiaconcursos.com.br\/blog\/\",\"name\":\"Estrat\u00e9gia Concursos\",\"description\":\"O blog da Estrat\u00e9gia Concursos traz not\u00edcias sobre concursos e artigos de professores oferecendo cursos para concursos (pdf + videaulas) no site.\",\"publisher\":{\"@id\":\"https:\/\/www.estrategiaconcursos.com.br\/blog\/#organization\"},\"potentialAction\":[{\"@type\":\"SearchAction\",\"target\":{\"@type\":\"EntryPoint\",\"urlTemplate\":\"https:\/\/www.estrategiaconcursos.com.br\/blog\/?s={search_term_string}\"},\"query-input\":{\"@type\":\"PropertyValueSpecification\",\"valueRequired\":true,\"valueName\":\"search_term_string\"}}],\"inLanguage\":\"pt-BR\"},{\"@type\":\"Organization\",\"@id\":\"https:\/\/www.estrategiaconcursos.com.br\/blog\/#organization\",\"name\":\"Estrat\u00e9gia Concursos\",\"url\":\"https:\/\/www.estrategiaconcursos.com.br\/blog\/\",\"logo\":{\"@type\":\"ImageObject\",\"inLanguage\":\"pt-BR\",\"@id\":\"https:\/\/www.estrategiaconcursos.com.br\/blog\/#\/schema\/logo\/image\/\",\"url\":\"https:\/\/dhg1h5j42swfq.cloudfront.net\/2025\/06\/03203428\/logo_concursos-1.jpg\",\"contentUrl\":\"https:\/\/dhg1h5j42swfq.cloudfront.net\/2025\/06\/03203428\/logo_concursos-1.jpg\",\"width\":230,\"height\":60,\"caption\":\"Estrat\u00e9gia Concursos\"},\"image\":{\"@id\":\"https:\/\/www.estrategiaconcursos.com.br\/blog\/#\/schema\/logo\/image\/\"},\"sameAs\":[\"https:\/\/x.com\/EstratConcursos\"]},{\"@type\":\"Person\",\"@id\":\"https:\/\/www.estrategiaconcursos.com.br\/blog\/#\/schema\/person\/a06e841e501f2e1d8c49c4e8f066bfd1\",\"name\":\"Priscila Almeida\",\"image\":{\"@type\":\"ImageObject\",\"inLanguage\":\"pt-BR\",\"@id\":\"https:\/\/secure.gravatar.com\/avatar\/0a963c9e2a947fa675b669cea2b5d0ba6dd1cbf46b966190343b6c9973ad3337?s=96&d=mm&r=g\",\"url\":\"https:\/\/secure.gravatar.com\/avatar\/0a963c9e2a947fa675b669cea2b5d0ba6dd1cbf46b966190343b6c9973ad3337?s=96&d=mm&r=g\",\"contentUrl\":\"https:\/\/secure.gravatar.com\/avatar\/0a963c9e2a947fa675b669cea2b5d0ba6dd1cbf46b966190343b6c9973ad3337?s=96&d=mm&r=g\",\"caption\":\"Priscila Almeida\"},\"description\":\"Atua na \u00e1rea de concursos p\u00fablicos desde 2019. As editorias que mais t\u00eam familiaridade s\u00e3o: Tribunais (TJs; TRTs; TREs; TSTs; STJ, STF, STM e TSE); Defensorias; Minist\u00e9rios P\u00fablicos; Procuradorias; Educa\u00e7\u00e3o e Conselhos. Na \u00e1rea de comunica\u00e7\u00e3o, de maneira geral, a caminhada \u00e9 um pouco mais longa - desde 2007. Possui experi\u00eancia em reda\u00e7\u00f5es de r\u00e1dio, TV, Web e impresso, al\u00e9m de desenvolver trabalhos em assessorias de comunica\u00e7\u00e3o institucional, empresarial e p\u00fablicas. Entre outros trabalhos, se destacam a atua\u00e7\u00e3o nas \u00e1reas de Justi\u00e7a, Congresso, Esportes, Sa\u00fade, Agropecu\u00e1ria, Cidades e Avia\u00e7\u00e3o Civil.\",\"url\":\"https:\/\/www.estrategiaconcursos.com.br\/blog\/author\/priscila-almeidaestrategia-com\/\"}]}<\/script>\n<!-- \/ Yoast SEO Premium plugin. -->","yoast_head_json":{"title":"Concurso TJDFT: resultado preliminar ser\u00e1 retificado","description":"Concurso TJDFT: resultado preliminar da prova objetiva ser\u00e1 retificado at\u00e9 o dia 08 de julho de 2022 na p\u00e1gina do concurso p\u00fablico. Veja!","robots":{"index":"index","follow":"follow","max-snippet":"max-snippet:-1","max-image-preview":"max-image-preview:large","max-video-preview":"max-video-preview:-1"},"canonical":"https:\/\/www.estrategiaconcursos.com.br\/blog\/concurso-tjdft-resultado-preliminar-da-prova-objetiva-sera-retificado\/","og_locale":"pt_BR","og_type":"article","og_title":"Concurso TJDFT: resultado preliminar ser\u00e1 retificado","og_description":"Concurso TJDFT: resultado preliminar da prova objetiva ser\u00e1 retificado at\u00e9 o dia 08 de julho de 2022 na p\u00e1gina do concurso p\u00fablico. Veja!","og_url":"https:\/\/www.estrategiaconcursos.com.br\/blog\/concurso-tjdft-resultado-preliminar-da-prova-objetiva-sera-retificado\/","og_site_name":"Estrat\u00e9gia Concursos","article_published_time":"2022-07-06T11:42:12+00:00","article_modified_time":"2022-07-06T12:06:03+00:00","og_image":[{"width":300,"height":169,"url":"https:\/\/dhg1h5j42swfq.cloudfront.net\/2022\/07\/06083801\/concurso-tjdft-resultado-preliminar-retificado.jpeg","type":"image\/jpeg"}],"author":"Priscila Almeida","twitter_card":"summary_large_image","twitter_creator":"@EstratConcursos","twitter_site":"@EstratConcursos","twitter_misc":{"Escrito por":"Priscila Almeida","Est. tempo de leitura":"2 minutos"},"schema":{"@context":"https:\/\/schema.org","@graph":[{"@type":"NewsArticle","@id":"https:\/\/www.estrategiaconcursos.com.br\/blog\/concurso-tjdft-resultado-preliminar-da-prova-objetiva-sera-retificado\/#article","isPartOf":{"@id":"https:\/\/www.estrategiaconcursos.com.br\/blog\/concurso-tjdft-resultado-preliminar-da-prova-objetiva-sera-retificado\/"},"author":{"name":"Priscila Almeida","@id":"https:\/\/www.estrategiaconcursos.com.br\/blog\/#\/schema\/person\/a06e841e501f2e1d8c49c4e8f066bfd1"},"headline":"Concurso TJDFT: resultado preliminar ser\u00e1 retificado","datePublished":"2022-07-06T11:42:12+00:00","dateModified":"2022-07-06T12:06:03+00:00","mainEntityOfPage":{"@id":"https:\/\/www.estrategiaconcursos.com.br\/blog\/concurso-tjdft-resultado-preliminar-da-prova-objetiva-sera-retificado\/"},"wordCount":290,"commentCount":0,"publisher":{"@id":"https:\/\/www.estrategiaconcursos.com.br\/blog\/#organization"},"image":{"@id":"https:\/\/www.estrategiaconcursos.com.br\/blog\/concurso-tjdft-resultado-preliminar-da-prova-objetiva-sera-retificado\/#primaryimage"},"thumbnailUrl":"https:\/\/dhg1h5j42swfq.cloudfront.net\/2022\/07\/06083801\/concurso-tjdft-resultado-preliminar-retificado.jpeg","articleSection":["Tribunais","\u00daltimas not\u00edcias"],"inLanguage":"pt-BR","potentialAction":[{"@type":"CommentAction","name":"Comment","target":["https:\/\/www.estrategiaconcursos.com.br\/blog\/concurso-tjdft-resultado-preliminar-da-prova-objetiva-sera-retificado\/#respond"]}],"copyrightYear":"2022","copyrightHolder":{"@id":"https:\/\/www.estrategiaconcursos.com.br\/blog\/#organization"}},{"@type":"WebPage","@id":"https:\/\/www.estrategiaconcursos.com.br\/blog\/concurso-tjdft-resultado-preliminar-da-prova-objetiva-sera-retificado\/","url":"https:\/\/www.estrategiaconcursos.com.br\/blog\/concurso-tjdft-resultado-preliminar-da-prova-objetiva-sera-retificado\/","name":"Concurso TJDFT: resultado preliminar ser\u00e1 retificado","isPartOf":{"@id":"https:\/\/www.estrategiaconcursos.com.br\/blog\/#website"},"primaryImageOfPage":{"@id":"https:\/\/www.estrategiaconcursos.com.br\/blog\/concurso-tjdft-resultado-preliminar-da-prova-objetiva-sera-retificado\/#primaryimage"},"image":{"@id":"https:\/\/www.estrategiaconcursos.com.br\/blog\/concurso-tjdft-resultado-preliminar-da-prova-objetiva-sera-retificado\/#primaryimage"},"thumbnailUrl":"https:\/\/dhg1h5j42swfq.cloudfront.net\/2022\/07\/06083801\/concurso-tjdft-resultado-preliminar-retificado.jpeg","datePublished":"2022-07-06T11:42:12+00:00","dateModified":"2022-07-06T12:06:03+00:00","description":"Concurso TJDFT: resultado preliminar da prova objetiva ser\u00e1 retificado at\u00e9 o dia 08 de julho de 2022 na p\u00e1gina do concurso p\u00fablico. Veja!","breadcrumb":{"@id":"https:\/\/www.estrategiaconcursos.com.br\/blog\/concurso-tjdft-resultado-preliminar-da-prova-objetiva-sera-retificado\/#breadcrumb"},"inLanguage":"pt-BR","potentialAction":[{"@type":"ReadAction","target":["https:\/\/www.estrategiaconcursos.com.br\/blog\/concurso-tjdft-resultado-preliminar-da-prova-objetiva-sera-retificado\/"]}]},{"@type":"ImageObject","inLanguage":"pt-BR","@id":"https:\/\/www.estrategiaconcursos.com.br\/blog\/concurso-tjdft-resultado-preliminar-da-prova-objetiva-sera-retificado\/#primaryimage","url":"https:\/\/dhg1h5j42swfq.cloudfront.net\/2022\/07\/06083801\/concurso-tjdft-resultado-preliminar-retificado.jpeg","contentUrl":"https:\/\/dhg1h5j42swfq.cloudfront.net\/2022\/07\/06083801\/concurso-tjdft-resultado-preliminar-retificado.jpeg","width":300,"height":169,"caption":"Concurso TJDFT resultado preliminar retificado"},{"@type":"BreadcrumbList","@id":"https:\/\/www.estrategiaconcursos.com.br\/blog\/concurso-tjdft-resultado-preliminar-da-prova-objetiva-sera-retificado\/#breadcrumb","itemListElement":[{"@type":"ListItem","position":1,"name":"In\u00edcio","item":"https:\/\/www.estrategiaconcursos.com.br\/blog\/"},{"@type":"ListItem","position":2,"name":"Concurso TJDFT: resultado preliminar ser\u00e1 retificado"}]},{"@type":"WebSite","@id":"https:\/\/www.estrategiaconcursos.com.br\/blog\/#website","url":"https:\/\/www.estrategiaconcursos.com.br\/blog\/","name":"Estrat\u00e9gia Concursos","description":"O blog da Estrat\u00e9gia Concursos traz not\u00edcias sobre concursos e artigos de professores oferecendo cursos para concursos (pdf + videaulas) no site.","publisher":{"@id":"https:\/\/www.estrategiaconcursos.com.br\/blog\/#organization"},"potentialAction":[{"@type":"SearchAction","target":{"@type":"EntryPoint","urlTemplate":"https:\/\/www.estrategiaconcursos.com.br\/blog\/?s={search_term_string}"},"query-input":{"@type":"PropertyValueSpecification","valueRequired":true,"valueName":"search_term_string"}}],"inLanguage":"pt-BR"},{"@type":"Organization","@id":"https:\/\/www.estrategiaconcursos.com.br\/blog\/#organization","name":"Estrat\u00e9gia Concursos","url":"https:\/\/www.estrategiaconcursos.com.br\/blog\/","logo":{"@type":"ImageObject","inLanguage":"pt-BR","@id":"https:\/\/www.estrategiaconcursos.com.br\/blog\/#\/schema\/logo\/image\/","url":"https:\/\/dhg1h5j42swfq.cloudfront.net\/2025\/06\/03203428\/logo_concursos-1.jpg","contentUrl":"https:\/\/dhg1h5j42swfq.cloudfront.net\/2025\/06\/03203428\/logo_concursos-1.jpg","width":230,"height":60,"caption":"Estrat\u00e9gia Concursos"},"image":{"@id":"https:\/\/www.estrategiaconcursos.com.br\/blog\/#\/schema\/logo\/image\/"},"sameAs":["https:\/\/x.com\/EstratConcursos"]},{"@type":"Person","@id":"https:\/\/www.estrategiaconcursos.com.br\/blog\/#\/schema\/person\/a06e841e501f2e1d8c49c4e8f066bfd1","name":"Priscila Almeida","image":{"@type":"ImageObject","inLanguage":"pt-BR","@id":"https:\/\/secure.gravatar.com\/avatar\/0a963c9e2a947fa675b669cea2b5d0ba6dd1cbf46b966190343b6c9973ad3337?s=96&d=mm&r=g","url":"https:\/\/secure.gravatar.com\/avatar\/0a963c9e2a947fa675b669cea2b5d0ba6dd1cbf46b966190343b6c9973ad3337?s=96&d=mm&r=g","contentUrl":"https:\/\/secure.gravatar.com\/avatar\/0a963c9e2a947fa675b669cea2b5d0ba6dd1cbf46b966190343b6c9973ad3337?s=96&d=mm&r=g","caption":"Priscila Almeida"},"description":"Atua na \u00e1rea de concursos p\u00fablicos desde 2019. As editorias que mais t\u00eam familiaridade s\u00e3o: Tribunais (TJs; TRTs; TREs; TSTs; STJ, STF, STM e TSE); Defensorias; Minist\u00e9rios P\u00fablicos; Procuradorias; Educa\u00e7\u00e3o e Conselhos. Na \u00e1rea de comunica\u00e7\u00e3o, de maneira geral, a caminhada \u00e9 um pouco mais longa - desde 2007. Possui experi\u00eancia em reda\u00e7\u00f5es de r\u00e1dio, TV, Web e impresso, al\u00e9m de desenvolver trabalhos em assessorias de comunica\u00e7\u00e3o institucional, empresarial e p\u00fablicas. Entre outros trabalhos, se destacam a atua\u00e7\u00e3o nas \u00e1reas de Justi\u00e7a, Congresso, Esportes, Sa\u00fade, Agropecu\u00e1ria, Cidades e Avia\u00e7\u00e3o Civil.","url":"https:\/\/www.estrategiaconcursos.com.br\/blog\/author\/priscila-almeidaestrategia-com\/"}]}},"_links":{"self":[{"href":"https:\/\/www.estrategiaconcursos.com.br\/blog\/wp-json\/wp\/v2\/posts\/1056003","targetHints":{"allow":["GET"]}}],"collection":[{"href":"https:\/\/www.estrategiaconcursos.com.br\/blog\/wp-json\/wp\/v2\/posts"}],"about":[{"href":"https:\/\/www.estrategiaconcursos.com.br\/blog\/wp-json\/wp\/v2\/types\/post"}],"author":[{"embeddable":true,"href":"https:\/\/www.estrategiaconcursos.com.br\/blog\/wp-json\/wp\/v2\/users\/2375"}],"replies":[{"embeddable":true,"href":"https:\/\/www.estrategiaconcursos.com.br\/blog\/wp-json\/wp\/v2\/comments?post=1056003"}],"version-history":[{"count":6,"href":"https:\/\/www.estrategiaconcursos.com.br\/blog\/wp-json\/wp\/v2\/posts\/1056003\/revisions"}],"predecessor-version":[{"id":1056037,"href":"https:\/\/www.estrategiaconcursos.com.br\/blog\/wp-json\/wp\/v2\/posts\/1056003\/revisions\/1056037"}],"wp:featuredmedia":[{"embeddable":true,"href":"https:\/\/www.estrategiaconcursos.com.br\/blog\/wp-json\/wp\/v2\/media\/1056008"}],"wp:attachment":[{"href":"https:\/\/www.estrategiaconcursos.com.br\/blog\/wp-json\/wp\/v2\/media?parent=1056003"}],"wp:term":[{"taxonomy":"category","embeddable":true,"href":"https:\/\/www.estrategiaconcursos.com.br\/blog\/wp-json\/wp\/v2\/categories?post=1056003"},{"taxonomy":"post_tag","embeddable":true,"href":"https:\/\/www.estrategiaconcursos.com.br\/blog\/wp-json\/wp\/v2\/tags?post=1056003"},{"taxonomy":"tax_estado","embeddable":true,"href":"https:\/\/www.estrategiaconcursos.com.br\/blog\/wp-json\/wp\/v2\/tax_estado?post=1056003"}],"curies":[{"name":"wp","href":"https:\/\/api.w.org\/{rel}","templated":true}]}}