{"id":1055943,"date":"2022-07-06T05:38:05","date_gmt":"2022-07-06T08:38:05","guid":{"rendered":"https:\/\/www.estrategiaconcursos.com.br\/blog\/?p=1055943"},"modified":"2022-07-06T05:51:10","modified_gmt":"2022-07-06T08:51:10","slug":"concurso-delegado-es-edital-publicado","status":"publish","type":"post","link":"https:\/\/www.estrategiaconcursos.com.br\/blog\/concurso-delegado-es-edital-publicado\/","title":{"rendered":"Edital Delegado ES publicado com 40 vagas e at\u00e9 R$ 12,4 mil"},"content":{"rendered":"\n<p>Foi publicado o <strong>edital Delegado ES<\/strong> (<a href=\"https:\/\/www.estrategiaconcursos.com.br\/cursosPorConcurso\/policia-civil-do-espirito-santo-pc-es-delegado\/\" target=\"_blank\" rel=\"noreferrer noopener\">Pol\u00edcia Civil do Esp\u00edrito Santo<\/a>)! Conforme o documento, a <strong>PC ES<\/strong> oferece <strong>40 vagas<\/strong> para o cargo de delegado.<\/p>\n\n\n\n<p>As oportunidades s\u00e3o de n\u00edvel superior de forma\u00e7\u00e3o. O sal\u00e1rio inicial \u00e9 de \u00a0<strong>R$ 12.413,15<\/strong>.<\/p>\n\n\n\n<p>Os interessados em participar da sele\u00e7\u00e3o devem realizar as inscri\u00e7\u00f5es no per\u00edodo de 08 a 29 de julho de 2022, no site da banca organizadora, Cebraspe. As taxas foram definidas em R$ 113,00.<\/p>\n\n\n\n<ul class=\"has-very-light-gray-to-cyan-bluish-gray-gradient-background has-background wp-block-list\"><li><strong style=\"background-color: initial; color: initial;\">Banca:<\/strong> ebraspe<\/li><li><strong>Vagas:<\/strong> 40<\/li><li><strong>Cargo<\/strong>: Delegado <\/li><li><strong>Sal\u00e1rio inicial:<\/strong> R$ 12.413,15<\/li><li><strong>Editais<\/strong>: <a href=\"https:\/\/dhg1h5j42swfq.cloudfront.net\/2022\/07\/06053207\/edital-pc-es-delegado.pdf\" target=\"_blank\" rel=\"noreferrer noopener nofollow\">PC ES Delegado <\/a><\/li><\/ul>\n\n\n\n<div class=\"container\" id=\"boxes\">\n  <div class=\"row\">\n\n    <div class=\"col-sm\">\n      <div class=\"banner-estrategia\" id=\"box-assinatura\">\n        <h3 class=\"titulo-assinatura\">Cursos para concursos<\/h3>\n        <p class=\"subtitulo-assinatura\">Estude conosco<\/p>\n        <div class=\"box-botao\">\n          <a class=\"btn-assinatura\" target=\"_blank\" href=\"https:\/\/www.estrategiaconcursos.com.br\/cursos\/\" role=\"button\" rel=\"noopener noreferrer\">Conhe\u00e7a os cursos<\/a>\n        <\/div>\n      <\/div>\n     \n    <\/div>\n\n  <\/div>\n<\/div>\n\n\n\n<h2 class=\"wp-block-heading\" id=\"datas\">Principais datas do edital Delegado ES<\/h2>\n\n\n\n<p class=\"has-very-light-gray-background-color has-background\"><strong>Inscri\u00e7\u00f5es<\/strong>: 08 a 29 de julho de 2022<br \/><strong>Isen\u00e7\u00e3o da taxa<\/strong>: 08 a 14 de julho de 2022<br \/><strong>\u00daltimo dia para pagamento<\/strong>: 02 de agosto de 2022<br \/><strong>Prova<\/strong>: 11 de setembro de 2022<\/p>\n\n\n\n<h2 class=\"wp-block-heading\" id=\"cargos-vagas\">Cargos e vagas do edital Delegado ES<\/h2>\n\n\n\n<p>O concurso Delegado ES oferta\u00a0<strong>40 vagas<\/strong>\u00a0para o cargo de Delego de Pol\u00edcia com jornada de trabalho de 40 horas semanais, sujeito a plant\u00f5es ordin\u00e1rios e extraordin\u00e1rios.<\/p>\n\n\n\n<h2 class=\"wp-block-heading\" id=\"etapas\">Etapas e provas do edital Delegado ES<\/h2>\n\n\n\n<p>A sele\u00e7\u00e3o dos candidatos inscritos no edital Delegado ES se dar\u00e1 mediante aplica\u00e7\u00e3o das seguintes etapas:<\/p>\n\n\n\n<ul class=\"wp-block-list\"><li>Prova Objetiva;<\/li><li>Prova Discursiva;<\/li><li>Teste de Aptid\u00e3o F\u00edsica;<\/li><li>Exame de Sanidade F\u00edsica e Mental;<\/li><li>Exame Psicot\u00e9cnico;<\/li><li>Prova oral;<\/li><li>Avalia\u00e7\u00e3o de T\u00edtulos;<\/li><li>Comprova\u00e7\u00e3o de tempo m\u00ednimo de pr\u00e1tica forense ou de atividade policial;<\/li><li>Sindic\u00e2ncia de vida pregressa; e<\/li><li>Curso de forma\u00e7\u00e3o profissional.<\/li><\/ul>\n\n\n\n<h3 class=\"wp-block-heading\" id=\"prova-objetiva\">Prova objetiva <\/h3>\n\n\n\n<p>As provas objetivas &#8211; eliminat\u00f3rio e classificat\u00f3rio &#8211; ter\u00e3o a dura\u00e7\u00e3o de 4h e ser\u00e3o aplicadas no dia\u00a0<strong>11 de setembro de 2022.<\/strong><\/p>\n\n\n\n<p>As provas objetivas valer\u00e3o 80,00 pontos, sendo reprovado nessa etapa e eliminado do<strong> concurso p\u00fablico<\/strong> o candidato que obtiver nota inferior a 40,00 pontos nessas provas.<\/p>\n\n\n\n<p>Confira quais ser\u00e3o as disciplinas cobradas no certame:<\/p>\n\n\n\n<ul class=\"wp-block-list\"><li>Conhecimentos Gerais &#8211; 20 quest\u00f5es; e<\/li><li>Conhecimentos Espec\u00edficos &#8211; 20 quest\u00f5es.<\/li><\/ul>\n\n\n\n<p>As quest\u00f5es das provas objetivas ser\u00e3o do tipo m\u00faltipla escolha, com cinco op\u00e7\u00f5es (A, B, C, D e E), sendo uma \u00fanica resposta correta, de acordo com o comando da quest\u00e3o. <\/p>\n\n\n\n<h3 class=\"wp-block-heading\" id=\"prova-discursiva\">Prova discursiva<\/h3>\n\n\n\n<p>A prova discursiva ter\u00e1 a dura\u00e7\u00e3o de 3h30 e ser\u00e1 aplicada no dia\u00a0<strong>06 de novembro de 2022.<\/strong><\/p>\n\n\n\n<p>A prova discursiva valer\u00e1 um total de 80,00 pontos e consistir\u00e1 em:<\/p>\n\n\n\n<ul class=\"wp-block-list\"><li>03 quest\u00f5es, a serem respondidas em at\u00e9 20 linhas para cada enunciado, com o valor de 15,00 pontos cada, totalizando, 45,00 pontos, a respeito de temas relacionados aos objetos de avalia\u00e7\u00e3o e referentes \u00e0s mat\u00e9rias de Direito Constitucional, Direito Penal, Direito Processual Penal e Legisla\u00e7\u00e3o Extravagante;<\/li><li>01<strong> <\/strong>quest\u00e3o\u00a0envolvendo situa\u00e7\u00e3o problema, a ser respondida em at\u00e9 45 linhas, com valor de 35,00 pontos, a respeito de temas relacionados aos objetos de avalia\u00e7\u00e3o referentes \u00e0s mat\u00e9rias de Direito Constitucional, Direito Penal, Direito Processual Penal e Legisla\u00e7\u00e3o Extravagante.<\/li><\/ul>\n\n\n\n<h3 class=\"wp-block-heading\" id=\"teste-aptidao-fisica\">Teste de Aptid\u00e3o F\u00edsica<\/h3>\n\n\n\n<p>O exame de aptid\u00e3o f\u00edsica constar\u00e1 dos quatro testes a seguir, todos de realiza\u00e7\u00e3o obrigat\u00f3ria, independentemente do desempenho dos candidatos em cada um deles:<\/p>\n\n\n\n<ul class=\"wp-block-list\"><li>Flex\u00e3o de bra\u00e7o na barra fixa (sexo masculino) ou est\u00e1tico de barra (sexo feminino);<\/li><li>Impuls\u00e3o horizontal (sexos masculino e feminino);<\/li><li>Flex\u00e3o abdominal (sexos masculino e feminino); e<\/li><li>Corrida de 12 minutos (sexos masculino e feminino).<\/li><\/ul>\n\n\n\n<h3 class=\"wp-block-heading\" id=\"exame-sanidade\">Exame de Sanidade F\u00edsica e Mental<\/h3>\n\n\n\n<p>O exame de sanidade f\u00edsica e mental compreender\u00e1, al\u00e9m de avalia\u00e7\u00e3o m\u00e9dica das condi\u00e7\u00f5es de sa\u00fade (consulta m\u00e9dica) realizada por junta m\u00e9dica designada pelo Cebraspe, o envio de exames laboratoriais e complementares e de laudos m\u00e9dicos decorrentes de avalia\u00e7\u00f5es m\u00e9dicas especializadas.<\/p>\n\n\n\n<h3 class=\"wp-block-heading\" id=\"exame-psicotecnico\">Exame Psicot\u00e9cnico<\/h3>\n\n\n\n<p>O exame psicot\u00e9cnico, de presen\u00e7a obrigat\u00f3ria e de car\u00e1ter eliminat\u00f3rio, consistir\u00e1 na aplica\u00e7\u00e3o e na avalia\u00e7\u00e3o de instrumentos e t\u00e9cnicas psicol\u00f3gicas, que permitam identificar a compatibilidade de requisitos psicol\u00f3gicos do candidato com as atribui\u00e7\u00f5es do cargo.<\/p>\n\n\n\n<h3 class=\"wp-block-heading\" id=\"prova-oral\">Prova oral<\/h3>\n\n\n\n<p>A prova oral, de car\u00e1ter eliminat\u00f3rio e classificat\u00f3rio, valer\u00e1 10,00 pontos e versar\u00e1 sobre as mat\u00e9rias de:<\/p>\n\n\n\n<ul class=\"wp-block-list\"><li>Direito Constitucional, <\/li><li>Direito Penal, <\/li><li>Direito Processual Penal e <\/li><li>Legisla\u00e7\u00e3o Extravagante.<\/li><\/ul>\n\n\n\n<p>Essa etapa ter\u00e1 dura\u00e7\u00e3o de at\u00e9 20 minutos, tempo em que o candidato dever\u00e1 ler e responder \u00e0s perguntas que lhe forem entregues por escrito, bem como responder \u00e0s argui\u00e7\u00f5es da banca examinadora.<\/p>\n\n\n\n<h3 class=\"wp-block-heading\" id=\"avaliacao-de-titulos\">Avalia\u00e7\u00e3o de T\u00edtulos<\/h3>\n\n\n\n<p>Ser\u00e3o convocados para a avalia\u00e7\u00e3o de t\u00edtulos, de car\u00e1ter classificat\u00f3rio, os candidatos aprovados na prova oral.<\/p>\n\n\n\n<p>Somente ser\u00e3o aceitos os t\u00edtulos abaixo relacionados, expedidos at\u00e9 a data de envio, observados os limites de pontos do quadro abaixo:<\/p>\n\n\n\n<figure class=\"wp-block-image size-full\"><img loading=\"lazy\" decoding=\"async\" width=\"918\" height=\"405\" src=\"https:\/\/dhg1h5j42swfq.cloudfront.net\/2022\/07\/06055039\/pc-es-titulos.jpg\" alt=\"\" class=\"wp-image-1055951\" srcset=\"https:\/\/dhg1h5j42swfq.cloudfront.net\/2022\/07\/06055039\/pc-es-titulos.jpg 918w, https:\/\/dhg1h5j42swfq.cloudfront.net\/2022\/07\/06055039\/pc-es-titulos-300x132.jpg 300w, https:\/\/dhg1h5j42swfq.cloudfront.net\/2022\/07\/06055039\/pc-es-titulos-768x339.jpg 768w, https:\/\/dhg1h5j42swfq.cloudfront.net\/2022\/07\/06055039\/pc-es-titulos-610x269.jpg 610w, https:\/\/dhg1h5j42swfq.cloudfront.net\/2022\/07\/06055039\/pc-es-titulos-150x66.jpg 150w\" sizes=\"auto, (max-width: 918px) 100vw, 918px\" \/><figcaption>Concurso Delegado ES: avalia\u00e7\u00e3o de t\u00edtulos <\/figcaption><\/figure>\n\n\n\n<h3 class=\"wp-block-heading\" id=\"pratica-forense\">Comprova\u00e7\u00e3o de tempo m\u00ednimo de pr\u00e1tica forense ou de atividade policial<\/h3>\n\n\n\n<p>A comprova\u00e7\u00e3o do cumprimento do tempo m\u00ednimo de pr\u00e1tica forense ou em atividade policial, observar\u00e1 o disposto na Instru\u00e7\u00e3o de Servi\u00e7o n\u00ba 430, de 5 de novembro de 2018, da Policia Civil do Estado do Esp\u00edrito Santo (PCES).<\/p>\n\n\n\n<p>\u00c9 vedada, para efeito de comprova\u00e7\u00e3o de pr\u00e1tica forense, a contagem do est\u00e1gio acad\u00eamico ou qualquer outra atividade anterior \u00e0 obten\u00e7\u00e3o do grau de bacharel em Direito.<\/p>\n\n\n\n<h3 class=\"wp-block-heading\" id=\"vida-pregressa\">Sindic\u00e2ncia de Vida Pregressa<\/h3>\n\n\n\n<p>Ser\u00e3o convocados o preenchimento da Ficha de Informa\u00e7\u00f5es Confidenciais (FIC), para fins de investiga\u00e7\u00e3o social, os candidatos aprovados na prova oral e n\u00e3o eliminados na comprova\u00e7\u00e3o do cumprimento do tempo m\u00ednimo de pr\u00e1tica forense ou em atividade policial.<\/p>\n\n\n\n<h3 class=\"wp-block-heading\" id=\"curso-formacao\">Curso de Forma\u00e7\u00e3o<\/h3>\n\n\n\n<p>O curso de forma\u00e7\u00e3o profissional (CFP), de car\u00e1ter eliminat\u00f3rio, ser\u00e1 de responsabilidade da PCES.<\/p>\n\n\n\n<p>Durante a realiza\u00e7\u00e3o do curso de forma\u00e7\u00e3o profissional, os candidatos receber\u00e3o, a t\u00edtulo de bolsa de estudo e est\u00e1gio, o valor equivalente a 50% do menor subs\u00eddio da tabela de refer\u00eancia do cargo de Delegado de Pol\u00edcia. Com base no atual subs\u00eddio &#8211; R$ 12.413,15 -, o valor da bolsa ser\u00e1 de R$ 6.206,57.<\/p>\n\n\n\n<p class=\"has-text-align-center has-cyan-bluish-gray-background-color has-background has-medium-font-size\"><strong>Saiba mais: <a href=\"https:\/\/cj.estrategia.com\/portal\/concurso-delegado-es\/\" target=\"_blank\" rel=\"noreferrer noopener\">Concurso Delegado ES<\/a><\/strong><\/p>\n\n\n\n<h2 class=\"has-text-align-center wp-block-heading\" id=\"h-quer-saber-tudo-sobre-concursos-previstos-confira-nossos-artigos\">Quer saber tudo sobre concursos previstos?<br \/>Confira  nossos artigos!<\/h2>\n\n\n\n<ul class=\"wp-block-list\"><li><a href=\"https:\/\/www.estrategiaconcursos.com.br\/blog\/concursos-abertos\/\" target=\"_blank\" rel=\"noreferrer noopener\">Concursos abertos<\/a><\/li><li><a href=\"https:\/\/www.estrategiaconcursos.com.br\/blog\/concursos-2022\/\" target=\"_blank\" rel=\"noreferrer noopener\">Concursos 2022<\/a><\/li><\/ul>\n\n\n\n<figure class=\"wp-block-image size-large is-resized\"><img loading=\"lazy\" decoding=\"async\" src=\"https:\/\/dhg1h5j42swfq.cloudfront.net\/2025\/06\/27101122\/ficha-tecnica-1-1024x632.png\" alt=\"Informa\u00e7\u00f5es do edital PC ES Delegado\" class=\"wp-image-702728\" width=\"269\" height=\"166\" srcset=\"https:\/\/dhg1h5j42swfq.cloudfront.net\/2025\/06\/27101122\/ficha-tecnica-1-1024x632.png 1024w, https:\/\/dhg1h5j42swfq.cloudfront.net\/2025\/06\/27101122\/ficha-tecnica-1-300x185.png 300w, https:\/\/dhg1h5j42swfq.cloudfront.net\/2025\/06\/27101122\/ficha-tecnica-1-768x474.png 768w, https:\/\/dhg1h5j42swfq.cloudfront.net\/2025\/06\/27101122\/ficha-tecnica-1-1536x948.png 1536w, https:\/\/dhg1h5j42swfq.cloudfront.net\/2025\/06\/27101122\/ficha-tecnica-1-610x377.png 610w, https:\/\/dhg1h5j42swfq.cloudfront.net\/2025\/06\/27101122\/ficha-tecnica-1.png 1571w\" sizes=\"auto, (max-width: 269px) 100vw, 269px\" \/><\/figure>\n\n\n\n<h3 class=\"wp-block-heading\" id=\"block-ba1614b5-988b-41ef-892d-f4c9f7e9dd42\">Informa\u00e7\u00f5es do edital Delegado ES<\/h3>\n\n\n\n<ul class=\"wp-block-list\" id=\"block-46dd482c-33cf-409c-8762-75c111403f14\"><li><strong>Inscri\u00e7\u00f5es<\/strong>: 08 a 29 de julho de 2022<\/li><li><strong>Provas<\/strong>: 11 de setembro de 2022<\/li><li><strong>Vagas<\/strong>: 40<\/li><li><strong>Cargos<\/strong>: delegado <\/li><li><strong>Banca<\/strong>: Cebraspe<\/li><li><strong>Escolaridade<\/strong>: n\u00edvel superior <\/li><li><strong>Edital<\/strong>:\u00a0<a href=\"https:\/\/dhg1h5j42swfq.cloudfront.net\/2022\/07\/06053207\/edital-pc-es-delegado.pdf\" target=\"_blank\" rel=\"noreferrer noopener nofollow\">PC ES Delegado <\/a><\/li><\/ul>\n\n\n\n<div class=\"container\" id=\"boxes\">\n  <div class=\"row\">\n\n    <div class=\"col-sm\">\n      <div class=\"estrategia\" id=\"box-assinatura\">\n        <h3 class=\"titulo-assinatura\">Assinatura de Concursos<\/h3>\n        <p class=\"subtitulo-assinatura\">Assinatura de 1 ano ou 2 anos<\/p>\n        <div class=\"box-botao\">\n          <a class=\"btn-assinatura\" target=\"_blank\" href=\"https:\/\/www.estrategiaconcursos.com.br\/assinaturas\/\" role=\"button\" rel=\"noopener noreferrer\">ASSINE AGORA<\/a>\n        <\/div>\n      <\/div>\n     \n    <\/div><\/div><\/div>\n","protected":false},"excerpt":{"rendered":"<p>Foi publicado o edital Delegado ES (Pol\u00edcia Civil do Esp\u00edrito Santo)! Conforme o documento, a PC ES oferece 40 vagas para o cargo de delegado. As oportunidades s\u00e3o de n\u00edvel superior de forma\u00e7\u00e3o. O sal\u00e1rio inicial \u00e9 de \u00a0R$ 12.413,15. Os interessados em participar da sele\u00e7\u00e3o devem realizar as inscri\u00e7\u00f5es no per\u00edodo de 08 a [&hellip;]<\/p>\n","protected":false},"author":2375,"featured_media":1055944,"comment_status":"open","ping_status":"closed","sticky":false,"template":"","format":"standard","meta":{"post_tipo":"news","footnotes":""},"categories":[2185,220194,220219],"tags":[],"tax_estado":[219971],"class_list":["post-1055943","post","type-post","status-publish","format-standard","has-post-thumbnail","hentry","category-carreiras-juridicas","category-delegado","category-noticias","tax_estado-es"],"acf":[],"yoast_head":"<!-- This site is optimized with the Yoast SEO Premium plugin v27.2 (Yoast SEO v27.2) - https:\/\/yoast.com\/product\/yoast-seo-premium-wordpress\/ -->\n<title>Edital Delegado ES publicado com 40 vagas e at\u00e9 R$ 12,4 mil<\/title>\n<meta name=\"description\" content=\"Edital Delegado ES \u00e9 publicado com a oferta de 40 vagas para cargos de n\u00edvel superior. Acesse e confira os detalhes completos!\" \/>\n<meta name=\"robots\" content=\"index, follow, max-snippet:-1, max-image-preview:large, max-video-preview:-1\" \/>\n<link rel=\"canonical\" href=\"https:\/\/www.estrategiaconcursos.com.br\/blog\/concurso-delegado-es-edital-publicado\/\" \/>\n<meta property=\"og:locale\" content=\"pt_BR\" \/>\n<meta property=\"og:type\" content=\"article\" \/>\n<meta property=\"og:title\" content=\"Edital Delegado ES publicado com 40 vagas e at\u00e9 R$ 12,4 mil\" \/>\n<meta property=\"og:description\" content=\"Edital Delegado ES \u00e9 publicado com a oferta de 40 vagas para cargos de n\u00edvel superior. Acesse e confira os detalhes completos!\" \/>\n<meta property=\"og:url\" content=\"https:\/\/www.estrategiaconcursos.com.br\/blog\/concurso-delegado-es-edital-publicado\/\" \/>\n<meta property=\"og:site_name\" content=\"Estrat\u00e9gia Concursos\" \/>\n<meta property=\"article:published_time\" content=\"2022-07-06T08:38:05+00:00\" \/>\n<meta property=\"article:modified_time\" content=\"2022-07-06T08:51:10+00:00\" \/>\n<meta property=\"og:image\" content=\"https:\/\/dhg1h5j42swfq.cloudfront.net\/2022\/07\/06052501\/edital-concurso-delegado-es.jpg\" \/>\n\t<meta property=\"og:image:width\" content=\"300\" \/>\n\t<meta property=\"og:image:height\" content=\"169\" \/>\n\t<meta property=\"og:image:type\" content=\"image\/jpeg\" \/>\n<meta name=\"author\" content=\"Priscila Almeida\" \/>\n<meta name=\"twitter:card\" content=\"summary_large_image\" \/>\n<meta name=\"twitter:creator\" content=\"@EstratConcursos\" \/>\n<meta name=\"twitter:site\" content=\"@EstratConcursos\" \/>\n<meta name=\"twitter:label1\" content=\"Escrito por\" \/>\n\t<meta name=\"twitter:data1\" content=\"Priscila Almeida\" \/>\n\t<meta name=\"twitter:label2\" content=\"Est. tempo de leitura\" \/>\n\t<meta name=\"twitter:data2\" content=\"6 minutos\" \/>\n<script type=\"application\/ld+json\" class=\"yoast-schema-graph\">{\"@context\":\"https:\/\/schema.org\",\"@graph\":[{\"@type\":\"NewsArticle\",\"@id\":\"https:\/\/www.estrategiaconcursos.com.br\/blog\/concurso-delegado-es-edital-publicado\/#article\",\"isPartOf\":{\"@id\":\"https:\/\/www.estrategiaconcursos.com.br\/blog\/concurso-delegado-es-edital-publicado\/\"},\"author\":{\"name\":\"Priscila Almeida\",\"@id\":\"https:\/\/www.estrategiaconcursos.com.br\/blog\/#\/schema\/person\/a06e841e501f2e1d8c49c4e8f066bfd1\"},\"headline\":\"Edital Delegado ES publicado com 40 vagas e at\u00e9 R$ 12,4 mil\",\"datePublished\":\"2022-07-06T08:38:05+00:00\",\"dateModified\":\"2022-07-06T08:51:10+00:00\",\"mainEntityOfPage\":{\"@id\":\"https:\/\/www.estrategiaconcursos.com.br\/blog\/concurso-delegado-es-edital-publicado\/\"},\"wordCount\":1059,\"commentCount\":0,\"publisher\":{\"@id\":\"https:\/\/www.estrategiaconcursos.com.br\/blog\/#organization\"},\"image\":{\"@id\":\"https:\/\/www.estrategiaconcursos.com.br\/blog\/concurso-delegado-es-edital-publicado\/#primaryimage\"},\"thumbnailUrl\":\"https:\/\/dhg1h5j42swfq.cloudfront.net\/2022\/07\/06052501\/edital-concurso-delegado-es.jpg\",\"articleSection\":[\"Jur\u00eddico\",\"Jur\u00eddico - Delegado\",\"\u00daltimas not\u00edcias\"],\"inLanguage\":\"pt-BR\",\"potentialAction\":[{\"@type\":\"CommentAction\",\"name\":\"Comment\",\"target\":[\"https:\/\/www.estrategiaconcursos.com.br\/blog\/concurso-delegado-es-edital-publicado\/#respond\"]}],\"copyrightYear\":\"2022\",\"copyrightHolder\":{\"@id\":\"https:\/\/www.estrategiaconcursos.com.br\/blog\/#organization\"}},{\"@type\":\"WebPage\",\"@id\":\"https:\/\/www.estrategiaconcursos.com.br\/blog\/concurso-delegado-es-edital-publicado\/\",\"url\":\"https:\/\/www.estrategiaconcursos.com.br\/blog\/concurso-delegado-es-edital-publicado\/\",\"name\":\"Edital Delegado ES publicado com 40 vagas e at\u00e9 R$ 12,4 mil\",\"isPartOf\":{\"@id\":\"https:\/\/www.estrategiaconcursos.com.br\/blog\/#website\"},\"primaryImageOfPage\":{\"@id\":\"https:\/\/www.estrategiaconcursos.com.br\/blog\/concurso-delegado-es-edital-publicado\/#primaryimage\"},\"image\":{\"@id\":\"https:\/\/www.estrategiaconcursos.com.br\/blog\/concurso-delegado-es-edital-publicado\/#primaryimage\"},\"thumbnailUrl\":\"https:\/\/dhg1h5j42swfq.cloudfront.net\/2022\/07\/06052501\/edital-concurso-delegado-es.jpg\",\"datePublished\":\"2022-07-06T08:38:05+00:00\",\"dateModified\":\"2022-07-06T08:51:10+00:00\",\"description\":\"Edital Delegado ES \u00e9 publicado com a oferta de 40 vagas para cargos de n\u00edvel superior. Acesse e confira os detalhes completos!\",\"breadcrumb\":{\"@id\":\"https:\/\/www.estrategiaconcursos.com.br\/blog\/concurso-delegado-es-edital-publicado\/#breadcrumb\"},\"inLanguage\":\"pt-BR\",\"potentialAction\":[{\"@type\":\"ReadAction\",\"target\":[\"https:\/\/www.estrategiaconcursos.com.br\/blog\/concurso-delegado-es-edital-publicado\/\"]}]},{\"@type\":\"ImageObject\",\"inLanguage\":\"pt-BR\",\"@id\":\"https:\/\/www.estrategiaconcursos.com.br\/blog\/concurso-delegado-es-edital-publicado\/#primaryimage\",\"url\":\"https:\/\/dhg1h5j42swfq.cloudfront.net\/2022\/07\/06052501\/edital-concurso-delegado-es.jpg\",\"contentUrl\":\"https:\/\/dhg1h5j42swfq.cloudfront.net\/2022\/07\/06052501\/edital-concurso-delegado-es.jpg\",\"width\":300,\"height\":169},{\"@type\":\"BreadcrumbList\",\"@id\":\"https:\/\/www.estrategiaconcursos.com.br\/blog\/concurso-delegado-es-edital-publicado\/#breadcrumb\",\"itemListElement\":[{\"@type\":\"ListItem\",\"position\":1,\"name\":\"In\u00edcio\",\"item\":\"https:\/\/www.estrategiaconcursos.com.br\/blog\/\"},{\"@type\":\"ListItem\",\"position\":2,\"name\":\"Edital Delegado ES publicado com 40 vagas e at\u00e9 R$ 12,4 mil\"}]},{\"@type\":\"WebSite\",\"@id\":\"https:\/\/www.estrategiaconcursos.com.br\/blog\/#website\",\"url\":\"https:\/\/www.estrategiaconcursos.com.br\/blog\/\",\"name\":\"Estrat\u00e9gia Concursos\",\"description\":\"O blog da Estrat\u00e9gia Concursos traz not\u00edcias sobre concursos e artigos de professores oferecendo cursos para concursos (pdf + videaulas) no site.\",\"publisher\":{\"@id\":\"https:\/\/www.estrategiaconcursos.com.br\/blog\/#organization\"},\"potentialAction\":[{\"@type\":\"SearchAction\",\"target\":{\"@type\":\"EntryPoint\",\"urlTemplate\":\"https:\/\/www.estrategiaconcursos.com.br\/blog\/?s={search_term_string}\"},\"query-input\":{\"@type\":\"PropertyValueSpecification\",\"valueRequired\":true,\"valueName\":\"search_term_string\"}}],\"inLanguage\":\"pt-BR\"},{\"@type\":\"Organization\",\"@id\":\"https:\/\/www.estrategiaconcursos.com.br\/blog\/#organization\",\"name\":\"Estrat\u00e9gia Concursos\",\"url\":\"https:\/\/www.estrategiaconcursos.com.br\/blog\/\",\"logo\":{\"@type\":\"ImageObject\",\"inLanguage\":\"pt-BR\",\"@id\":\"https:\/\/www.estrategiaconcursos.com.br\/blog\/#\/schema\/logo\/image\/\",\"url\":\"https:\/\/dhg1h5j42swfq.cloudfront.net\/2025\/06\/03203428\/logo_concursos-1.jpg\",\"contentUrl\":\"https:\/\/dhg1h5j42swfq.cloudfront.net\/2025\/06\/03203428\/logo_concursos-1.jpg\",\"width\":230,\"height\":60,\"caption\":\"Estrat\u00e9gia Concursos\"},\"image\":{\"@id\":\"https:\/\/www.estrategiaconcursos.com.br\/blog\/#\/schema\/logo\/image\/\"},\"sameAs\":[\"https:\/\/x.com\/EstratConcursos\"]},{\"@type\":\"Person\",\"@id\":\"https:\/\/www.estrategiaconcursos.com.br\/blog\/#\/schema\/person\/a06e841e501f2e1d8c49c4e8f066bfd1\",\"name\":\"Priscila Almeida\",\"image\":{\"@type\":\"ImageObject\",\"inLanguage\":\"pt-BR\",\"@id\":\"https:\/\/secure.gravatar.com\/avatar\/0a963c9e2a947fa675b669cea2b5d0ba6dd1cbf46b966190343b6c9973ad3337?s=96&d=mm&r=g\",\"url\":\"https:\/\/secure.gravatar.com\/avatar\/0a963c9e2a947fa675b669cea2b5d0ba6dd1cbf46b966190343b6c9973ad3337?s=96&d=mm&r=g\",\"contentUrl\":\"https:\/\/secure.gravatar.com\/avatar\/0a963c9e2a947fa675b669cea2b5d0ba6dd1cbf46b966190343b6c9973ad3337?s=96&d=mm&r=g\",\"caption\":\"Priscila Almeida\"},\"description\":\"Atua na \u00e1rea de concursos p\u00fablicos desde 2019. As editorias que mais t\u00eam familiaridade s\u00e3o: Tribunais (TJs; TRTs; TREs; TSTs; STJ, STF, STM e TSE); Defensorias; Minist\u00e9rios P\u00fablicos; Procuradorias; Educa\u00e7\u00e3o e Conselhos. Na \u00e1rea de comunica\u00e7\u00e3o, de maneira geral, a caminhada \u00e9 um pouco mais longa - desde 2007. Possui experi\u00eancia em reda\u00e7\u00f5es de r\u00e1dio, TV, Web e impresso, al\u00e9m de desenvolver trabalhos em assessorias de comunica\u00e7\u00e3o institucional, empresarial e p\u00fablicas. Entre outros trabalhos, se destacam a atua\u00e7\u00e3o nas \u00e1reas de Justi\u00e7a, Congresso, Esportes, Sa\u00fade, Agropecu\u00e1ria, Cidades e Avia\u00e7\u00e3o Civil.\",\"url\":\"https:\/\/www.estrategiaconcursos.com.br\/blog\/author\/priscila-almeidaestrategia-com\/\"}]}<\/script>\n<!-- \/ Yoast SEO Premium plugin. -->","yoast_head_json":{"title":"Edital Delegado ES publicado com 40 vagas e at\u00e9 R$ 12,4 mil","description":"Edital Delegado ES \u00e9 publicado com a oferta de 40 vagas para cargos de n\u00edvel superior. Acesse e confira os detalhes completos!","robots":{"index":"index","follow":"follow","max-snippet":"max-snippet:-1","max-image-preview":"max-image-preview:large","max-video-preview":"max-video-preview:-1"},"canonical":"https:\/\/www.estrategiaconcursos.com.br\/blog\/concurso-delegado-es-edital-publicado\/","og_locale":"pt_BR","og_type":"article","og_title":"Edital Delegado ES publicado com 40 vagas e at\u00e9 R$ 12,4 mil","og_description":"Edital Delegado ES \u00e9 publicado com a oferta de 40 vagas para cargos de n\u00edvel superior. Acesse e confira os detalhes completos!","og_url":"https:\/\/www.estrategiaconcursos.com.br\/blog\/concurso-delegado-es-edital-publicado\/","og_site_name":"Estrat\u00e9gia Concursos","article_published_time":"2022-07-06T08:38:05+00:00","article_modified_time":"2022-07-06T08:51:10+00:00","og_image":[{"width":300,"height":169,"url":"https:\/\/dhg1h5j42swfq.cloudfront.net\/2022\/07\/06052501\/edital-concurso-delegado-es.jpg","type":"image\/jpeg"}],"author":"Priscila Almeida","twitter_card":"summary_large_image","twitter_creator":"@EstratConcursos","twitter_site":"@EstratConcursos","twitter_misc":{"Escrito por":"Priscila Almeida","Est. tempo de leitura":"6 minutos"},"schema":{"@context":"https:\/\/schema.org","@graph":[{"@type":"NewsArticle","@id":"https:\/\/www.estrategiaconcursos.com.br\/blog\/concurso-delegado-es-edital-publicado\/#article","isPartOf":{"@id":"https:\/\/www.estrategiaconcursos.com.br\/blog\/concurso-delegado-es-edital-publicado\/"},"author":{"name":"Priscila Almeida","@id":"https:\/\/www.estrategiaconcursos.com.br\/blog\/#\/schema\/person\/a06e841e501f2e1d8c49c4e8f066bfd1"},"headline":"Edital Delegado ES publicado com 40 vagas e at\u00e9 R$ 12,4 mil","datePublished":"2022-07-06T08:38:05+00:00","dateModified":"2022-07-06T08:51:10+00:00","mainEntityOfPage":{"@id":"https:\/\/www.estrategiaconcursos.com.br\/blog\/concurso-delegado-es-edital-publicado\/"},"wordCount":1059,"commentCount":0,"publisher":{"@id":"https:\/\/www.estrategiaconcursos.com.br\/blog\/#organization"},"image":{"@id":"https:\/\/www.estrategiaconcursos.com.br\/blog\/concurso-delegado-es-edital-publicado\/#primaryimage"},"thumbnailUrl":"https:\/\/dhg1h5j42swfq.cloudfront.net\/2022\/07\/06052501\/edital-concurso-delegado-es.jpg","articleSection":["Jur\u00eddico","Jur\u00eddico - Delegado","\u00daltimas not\u00edcias"],"inLanguage":"pt-BR","potentialAction":[{"@type":"CommentAction","name":"Comment","target":["https:\/\/www.estrategiaconcursos.com.br\/blog\/concurso-delegado-es-edital-publicado\/#respond"]}],"copyrightYear":"2022","copyrightHolder":{"@id":"https:\/\/www.estrategiaconcursos.com.br\/blog\/#organization"}},{"@type":"WebPage","@id":"https:\/\/www.estrategiaconcursos.com.br\/blog\/concurso-delegado-es-edital-publicado\/","url":"https:\/\/www.estrategiaconcursos.com.br\/blog\/concurso-delegado-es-edital-publicado\/","name":"Edital Delegado ES publicado com 40 vagas e at\u00e9 R$ 12,4 mil","isPartOf":{"@id":"https:\/\/www.estrategiaconcursos.com.br\/blog\/#website"},"primaryImageOfPage":{"@id":"https:\/\/www.estrategiaconcursos.com.br\/blog\/concurso-delegado-es-edital-publicado\/#primaryimage"},"image":{"@id":"https:\/\/www.estrategiaconcursos.com.br\/blog\/concurso-delegado-es-edital-publicado\/#primaryimage"},"thumbnailUrl":"https:\/\/dhg1h5j42swfq.cloudfront.net\/2022\/07\/06052501\/edital-concurso-delegado-es.jpg","datePublished":"2022-07-06T08:38:05+00:00","dateModified":"2022-07-06T08:51:10+00:00","description":"Edital Delegado ES \u00e9 publicado com a oferta de 40 vagas para cargos de n\u00edvel superior. Acesse e confira os detalhes completos!","breadcrumb":{"@id":"https:\/\/www.estrategiaconcursos.com.br\/blog\/concurso-delegado-es-edital-publicado\/#breadcrumb"},"inLanguage":"pt-BR","potentialAction":[{"@type":"ReadAction","target":["https:\/\/www.estrategiaconcursos.com.br\/blog\/concurso-delegado-es-edital-publicado\/"]}]},{"@type":"ImageObject","inLanguage":"pt-BR","@id":"https:\/\/www.estrategiaconcursos.com.br\/blog\/concurso-delegado-es-edital-publicado\/#primaryimage","url":"https:\/\/dhg1h5j42swfq.cloudfront.net\/2022\/07\/06052501\/edital-concurso-delegado-es.jpg","contentUrl":"https:\/\/dhg1h5j42swfq.cloudfront.net\/2022\/07\/06052501\/edital-concurso-delegado-es.jpg","width":300,"height":169},{"@type":"BreadcrumbList","@id":"https:\/\/www.estrategiaconcursos.com.br\/blog\/concurso-delegado-es-edital-publicado\/#breadcrumb","itemListElement":[{"@type":"ListItem","position":1,"name":"In\u00edcio","item":"https:\/\/www.estrategiaconcursos.com.br\/blog\/"},{"@type":"ListItem","position":2,"name":"Edital Delegado ES publicado com 40 vagas e at\u00e9 R$ 12,4 mil"}]},{"@type":"WebSite","@id":"https:\/\/www.estrategiaconcursos.com.br\/blog\/#website","url":"https:\/\/www.estrategiaconcursos.com.br\/blog\/","name":"Estrat\u00e9gia Concursos","description":"O blog da Estrat\u00e9gia Concursos traz not\u00edcias sobre concursos e artigos de professores oferecendo cursos para concursos (pdf + videaulas) no site.","publisher":{"@id":"https:\/\/www.estrategiaconcursos.com.br\/blog\/#organization"},"potentialAction":[{"@type":"SearchAction","target":{"@type":"EntryPoint","urlTemplate":"https:\/\/www.estrategiaconcursos.com.br\/blog\/?s={search_term_string}"},"query-input":{"@type":"PropertyValueSpecification","valueRequired":true,"valueName":"search_term_string"}}],"inLanguage":"pt-BR"},{"@type":"Organization","@id":"https:\/\/www.estrategiaconcursos.com.br\/blog\/#organization","name":"Estrat\u00e9gia Concursos","url":"https:\/\/www.estrategiaconcursos.com.br\/blog\/","logo":{"@type":"ImageObject","inLanguage":"pt-BR","@id":"https:\/\/www.estrategiaconcursos.com.br\/blog\/#\/schema\/logo\/image\/","url":"https:\/\/dhg1h5j42swfq.cloudfront.net\/2025\/06\/03203428\/logo_concursos-1.jpg","contentUrl":"https:\/\/dhg1h5j42swfq.cloudfront.net\/2025\/06\/03203428\/logo_concursos-1.jpg","width":230,"height":60,"caption":"Estrat\u00e9gia Concursos"},"image":{"@id":"https:\/\/www.estrategiaconcursos.com.br\/blog\/#\/schema\/logo\/image\/"},"sameAs":["https:\/\/x.com\/EstratConcursos"]},{"@type":"Person","@id":"https:\/\/www.estrategiaconcursos.com.br\/blog\/#\/schema\/person\/a06e841e501f2e1d8c49c4e8f066bfd1","name":"Priscila Almeida","image":{"@type":"ImageObject","inLanguage":"pt-BR","@id":"https:\/\/secure.gravatar.com\/avatar\/0a963c9e2a947fa675b669cea2b5d0ba6dd1cbf46b966190343b6c9973ad3337?s=96&d=mm&r=g","url":"https:\/\/secure.gravatar.com\/avatar\/0a963c9e2a947fa675b669cea2b5d0ba6dd1cbf46b966190343b6c9973ad3337?s=96&d=mm&r=g","contentUrl":"https:\/\/secure.gravatar.com\/avatar\/0a963c9e2a947fa675b669cea2b5d0ba6dd1cbf46b966190343b6c9973ad3337?s=96&d=mm&r=g","caption":"Priscila Almeida"},"description":"Atua na \u00e1rea de concursos p\u00fablicos desde 2019. As editorias que mais t\u00eam familiaridade s\u00e3o: Tribunais (TJs; TRTs; TREs; TSTs; STJ, STF, STM e TSE); Defensorias; Minist\u00e9rios P\u00fablicos; Procuradorias; Educa\u00e7\u00e3o e Conselhos. Na \u00e1rea de comunica\u00e7\u00e3o, de maneira geral, a caminhada \u00e9 um pouco mais longa - desde 2007. Possui experi\u00eancia em reda\u00e7\u00f5es de r\u00e1dio, TV, Web e impresso, al\u00e9m de desenvolver trabalhos em assessorias de comunica\u00e7\u00e3o institucional, empresarial e p\u00fablicas. Entre outros trabalhos, se destacam a atua\u00e7\u00e3o nas \u00e1reas de Justi\u00e7a, Congresso, Esportes, Sa\u00fade, Agropecu\u00e1ria, Cidades e Avia\u00e7\u00e3o Civil.","url":"https:\/\/www.estrategiaconcursos.com.br\/blog\/author\/priscila-almeidaestrategia-com\/"}]}},"_links":{"self":[{"href":"https:\/\/www.estrategiaconcursos.com.br\/blog\/wp-json\/wp\/v2\/posts\/1055943","targetHints":{"allow":["GET"]}}],"collection":[{"href":"https:\/\/www.estrategiaconcursos.com.br\/blog\/wp-json\/wp\/v2\/posts"}],"about":[{"href":"https:\/\/www.estrategiaconcursos.com.br\/blog\/wp-json\/wp\/v2\/types\/post"}],"author":[{"embeddable":true,"href":"https:\/\/www.estrategiaconcursos.com.br\/blog\/wp-json\/wp\/v2\/users\/2375"}],"replies":[{"embeddable":true,"href":"https:\/\/www.estrategiaconcursos.com.br\/blog\/wp-json\/wp\/v2\/comments?post=1055943"}],"version-history":[{"count":7,"href":"https:\/\/www.estrategiaconcursos.com.br\/blog\/wp-json\/wp\/v2\/posts\/1055943\/revisions"}],"predecessor-version":[{"id":1073357,"href":"https:\/\/www.estrategiaconcursos.com.br\/blog\/wp-json\/wp\/v2\/posts\/1055943\/revisions\/1073357"}],"wp:featuredmedia":[{"embeddable":true,"href":"https:\/\/www.estrategiaconcursos.com.br\/blog\/wp-json\/wp\/v2\/media\/1055944"}],"wp:attachment":[{"href":"https:\/\/www.estrategiaconcursos.com.br\/blog\/wp-json\/wp\/v2\/media?parent=1055943"}],"wp:term":[{"taxonomy":"category","embeddable":true,"href":"https:\/\/www.estrategiaconcursos.com.br\/blog\/wp-json\/wp\/v2\/categories?post=1055943"},{"taxonomy":"post_tag","embeddable":true,"href":"https:\/\/www.estrategiaconcursos.com.br\/blog\/wp-json\/wp\/v2\/tags?post=1055943"},{"taxonomy":"tax_estado","embeddable":true,"href":"https:\/\/www.estrategiaconcursos.com.br\/blog\/wp-json\/wp\/v2\/tax_estado?post=1055943"}],"curies":[{"name":"wp","href":"https:\/\/api.w.org\/{rel}","templated":true}]}}