{"id":1055851,"date":"2022-07-05T18:59:41","date_gmt":"2022-07-05T21:59:41","guid":{"rendered":"https:\/\/www.estrategiaconcursos.com.br\/blog\/?p=1055851"},"modified":"2022-07-05T19:12:19","modified_gmt":"2022-07-05T22:12:19","slug":"concurso-sme-recife-governo-aumenta-vagas-temporarias","status":"publish","type":"post","link":"https:\/\/www.estrategiaconcursos.com.br\/blog\/concurso-sme-recife-governo-aumenta-vagas-temporarias\/","title":{"rendered":"Concurso SME Recife: governo aumenta n\u00famero de vagas tempor\u00e1rias!"},"content":{"rendered":"\n<p>A Prefeitura de Recife divulgou a autoriza\u00e7\u00e3o para a amplia\u00e7\u00e3o de vagas tempor\u00e1rias para a <a href=\"https:\/\/www.estrategiaconcursos.com.br\/cursosPorConcurso\/secretaria-municipal-de-educacao-de-pernambuco-sme-pe\/\" target=\"_blank\" rel=\"noreferrer noopener\">Secretaria de Educa\u00e7\u00e3o do Munic\u00edpio<\/a> de Recife (<strong>concurso SME Recife<\/strong>)!<\/p>\n\n\n\n<p>O aval foi divulgado no Di\u00e1rio Oficial do Munic\u00edpio no dia 05 de julho de 2022, e se justifica pela insufici\u00eancia do quantitativo no quadro de servidores para atender as demandas de vagas levantadas no primeiro semestre de 2022.<\/p>\n\n\n\n<p>Al\u00e9m disso, considera-se se tamb\u00e9m a volta \u00e0s aulas presenciais na segunda metade do ano com insufici\u00eancia de professores.<\/p>\n\n\n\n<p>Por fim, foi apontado o tempo necess\u00e1rio para a realiza\u00e7\u00e3o e conclus\u00e3o do concurso SME Recife, que j\u00e1 se encontra com comiss\u00e3o constitu\u00edda pela Secretaria de Educa\u00e7\u00e3o.<\/p>\n\n\n\n<p>Confira abaixo o <a href=\"https:\/\/dhg1h5j42swfq.cloudfront.net\/2022\/07\/05185612\/diariooficial_recife.pdf\" target=\"_blank\" rel=\"noreferrer noopener nofollow\">documento<\/a>!<\/p>\n\n\n\n<div class=\"wp-block-image\"><figure class=\"aligncenter size-large is-resized\"><img loading=\"lazy\" decoding=\"async\" src=\"https:\/\/dhg1h5j42swfq.cloudfront.net\/2022\/07\/05185226\/image-60-1024x227.png\" alt=\"Vagas tempor\u00e1rias aumentadas pelo governo de Recife\" class=\"wp-image-1055878\" width=\"908\" height=\"201\" srcset=\"https:\/\/dhg1h5j42swfq.cloudfront.net\/2022\/07\/05185226\/image-60-1024x227.png 1024w, https:\/\/dhg1h5j42swfq.cloudfront.net\/2022\/07\/05185226\/image-60-300x66.png 300w, https:\/\/dhg1h5j42swfq.cloudfront.net\/2022\/07\/05185226\/image-60-768x170.png 768w, https:\/\/dhg1h5j42swfq.cloudfront.net\/2022\/07\/05185226\/image-60-610x135.png 610w, https:\/\/dhg1h5j42swfq.cloudfront.net\/2022\/07\/05185226\/image-60-150x33.png 150w, https:\/\/dhg1h5j42swfq.cloudfront.net\/2022\/07\/05185226\/image-60.png 1097w\" sizes=\"auto, (max-width: 908px) 100vw, 908px\" \/><figcaption>Vagas tempor\u00e1rias aumentadas pelo governo de Recife<\/figcaption><\/figure><\/div>\n\n\n\n<h3 class=\"wp-block-heading\" id=\"concurso-sme-recife-contrato\">Concurso SME Recife: contrato<\/h3>\n\n\n\n<p>Os contratos tempor\u00e1rios ser\u00e3o regidos pela Lei n\u00ba 18.122, de 6 de mar\u00e7o de 2015, e ter\u00e3o&nbsp;<strong>vig\u00eancia m\u00e1xima de doze meses<\/strong>.<\/p>\n\n\n\n<p>Eventual prorroga\u00e7\u00e3o, devidamente fundamentada nos termos da legisla\u00e7\u00e3o em vigor, somente poder\u00e1 ser realizada dentro do prazo de validade da contrata\u00e7\u00e3o vigente e que se pretende prorroga.<\/p>\n\n\n\n<h3 class=\"wp-block-heading\" id=\"requisitos\">Requisitos do edital SME Recife tempor\u00e1rios&nbsp;<\/h3>\n\n\n\n<p>Os cargos do concurso SME Recife para tempor\u00e1rios exige:<\/p>\n\n\n\n<ul class=\"wp-block-list\"><li>a) ser brasileiro ou gozar das prerrogativas previstas no art. 12 da Constitui\u00e7\u00e3o Federal;<\/li><li>b) ter idade m\u00ednima de 18 (dezoito) anos;<\/li><li>c) estar em dia com as obriga\u00e7\u00f5es eleitorais;<\/li><li>d) estar quite com o servi\u00e7o militar, quando do sexo masculino;<\/li><li>e) estar apto f\u00edsica e mentalmente para o exerc\u00edcio das atribui\u00e7\u00f5es da fun\u00e7\u00e3o;<\/li><li>f) n\u00e3o acumular fun\u00e7\u00f5es, empregos ou cargo p\u00fablico, em qualquer esfera de Governo ou em qualquer Poder, salvo nos casos constitucionalmente permitidos;<\/li><li>g) n\u00e3o estar cumprindo o prazo de interst\u00edcio determinado pela Lei 18.122\/2015, em seu art. 10, no ato da contrata\u00e7\u00e3o<\/li><li>h) n\u00e3o registrar antecedentes criminais e se encontrar no pleno exerc\u00edcio de seus direitos civis e pol\u00edticos;<\/li><li>i) ser aprovado na Sele\u00e7\u00e3o P\u00fablica Simplificada;<\/li><li>j) apresentar Certificado e\/ou Hist\u00f3rico Escolar do\u00a0<strong>Ensino M\u00e9dio<\/strong>\u00a0completo, devidamente reconhecido pelo Minist\u00e9rio da Educa\u00e7\u00e3o, comprovado por meio de apresenta\u00e7\u00e3o de original e c\u00f3pia do respectivo documento<\/li><\/ul>\n\n\n\n<p>Vale lembrar que que tamb\u00e9m est\u00e1 previsto um novo edital para\u00a0<strong>professores efetivos<\/strong>\u00a0com a oferta de<strong>\u00a01.300 vagas<\/strong>. O certame j\u00e1 foi autorizado e tem comiss\u00e3o formada.<\/p>\n\n\n\n<p class=\"has-text-align-center has-pale-cyan-blue-background-color has-background has-medium-font-size\"><strong>Saiba mais: <a href=\"https:\/\/www.estrategiaconcursos.com.br\/blog\/concurso-sme-recife\/\" target=\"_blank\" rel=\"noreferrer noopener\">concurso SME Recife<\/a><\/strong><\/p>\n\n\n\n<h2 class=\"has-text-align-center wp-block-heading\" id=\"h-quer-saber-tudo-sobre-concursos-previstos-confira-nossos-artigos\">Quer saber tudo sobre concursos previstos?<br \/>Confira nossos artigos!<\/h2>\n\n\n\n<ul class=\"wp-block-list\"><li><a href=\"https:\/\/www.estrategiaconcursos.com.br\/blog\/concursos-abertos\/\" target=\"_blank\" rel=\"noreferrer noopener\">Concursos abertos<\/a><\/li><li><a href=\"https:\/\/www.estrategiaconcursos.com.br\/blog\/concursos-2022\/\" target=\"_blank\" rel=\"noreferrer noopener\">Concursos 2022<\/a><\/li><li><a href=\"https:\/\/www.estrategiaconcursos.com.br\/blog\/concursos-educacao-2022\/\" target=\"_blank\" rel=\"noreferrer noopener\">Concursos Educa\u00e7\u00e3o<\/a><\/li><li><a href=\"https:\/\/www.estrategiaconcursos.com.br\/blog\/concursos-pe\/\" target=\"_blank\" rel=\"noreferrer noopener\">Concursos PE<\/a><\/li><\/ul>\n\n\n\n<h2 class=\"has-text-align-center wp-block-heading\" id=\"curso\">Cursos e assinaturas<\/h2>\n\n\n\n<p class=\"has-text-align-center\">Gostou desta oportunidade e deseja come\u00e7ar se preparar agora mesmo? Ent\u00e3o, confira os nossos cursos e comece a estudar para o concurso SME Recife PE:<\/p>\n\n\n\n<div class=\"container\" id=\"boxes\">\n  <div class=\"row\">\n\n    <div class=\"col-sm\">\n      <div class=\"banner-estrategia\" id=\"box-assinatura\">\n        <h3 class=\"titulo-assinatura\">SME Recife PE<\/h3>\n        <p class=\"subtitulo-assinatura\">Estude conosco<\/p>\n        <div class=\"box-botao\">\n          <a class=\"btn-assinatura\" target=\"_blank\" href=\"https:\/\/www.estrategiaconcursos.com.br\/cursosPorConcurso\/secretaria-municipal-de-educacao-de-pernambuco-sme-pe\/\" role=\"button\" rel=\"noopener noreferrer\">Conhe\u00e7a os cursos<\/a>\n        <\/div>\n      <\/div>\n     \n    <\/div>\n\n  <\/div>\n<\/div>\n\n\n\n<div class=\"container\" id=\"boxes\">\n  <div class=\"row\">\n\n    <div class=\"col-sm\">\n      <div class=\"estrategia\" id=\"box-assinatura\">\n        <h3 class=\"titulo-assinatura\">Assinatura Concursos<\/h3>\n        <p class=\"subtitulo-assinatura\">Assinatura de 1 ano ou 2 anos<\/p>\n        <div class=\"box-botao\">\n          <a class=\"btn-assinatura\" target=\"_blank\" href=\"https:\/\/www.estrategiaconcursos.com.br\/assinaturas\/\" role=\"button\" rel=\"noopener noreferrer\">ASSINE AGORA<\/a>\n        <\/div>\n      <\/div>\n     \n    <\/div><\/div><\/div>\n","protected":false},"excerpt":{"rendered":"<p>A Prefeitura de Recife divulgou a autoriza\u00e7\u00e3o para a amplia\u00e7\u00e3o de vagas tempor\u00e1rias para a Secretaria de Educa\u00e7\u00e3o do Munic\u00edpio de Recife (concurso SME Recife)! O aval foi divulgado no Di\u00e1rio Oficial do Munic\u00edpio no dia 05 de julho de 2022, e se justifica pela insufici\u00eancia do quantitativo no quadro de servidores para atender as [&hellip;]<\/p>\n","protected":false},"author":2402,"featured_media":771441,"comment_status":"open","ping_status":"closed","sticky":false,"template":"","format":"standard","meta":{"post_tipo":"news","footnotes":""},"categories":[3766,220219],"tags":[],"tax_estado":[219979],"class_list":["post-1055851","post","type-post","status-publish","format-standard","has-post-thumbnail","hentry","category-educacional","category-noticias","tax_estado-pe"],"acf":[],"yoast_head":"<!-- This site is optimized with the Yoast SEO Premium plugin v27.2 (Yoast SEO v27.2) - https:\/\/yoast.com\/product\/yoast-seo-premium-wordpress\/ -->\n<title>Concurso SME Recife: governo aumenta n\u00famero de vagas tempor\u00e1rias!<\/title>\n<meta name=\"description\" content=\"Concurso SME Recife: confira os detalhes do novo decreto municipal que aumenta o n\u00famero de vagas tempor\u00e1ria aqui no site da Coruja!\" \/>\n<meta name=\"robots\" content=\"index, follow, max-snippet:-1, max-image-preview:large, max-video-preview:-1\" \/>\n<link rel=\"canonical\" href=\"https:\/\/www.estrategiaconcursos.com.br\/blog\/concurso-sme-recife-governo-aumenta-vagas-temporarias\/\" \/>\n<meta property=\"og:locale\" content=\"pt_BR\" \/>\n<meta property=\"og:type\" content=\"article\" \/>\n<meta property=\"og:title\" content=\"Concurso SME Recife: governo aumenta n\u00famero de vagas tempor\u00e1rias!\" \/>\n<meta property=\"og:description\" content=\"Concurso SME Recife: confira os detalhes do novo decreto municipal que aumenta o n\u00famero de vagas tempor\u00e1ria aqui no site da Coruja!\" \/>\n<meta property=\"og:url\" content=\"https:\/\/www.estrategiaconcursos.com.br\/blog\/concurso-sme-recife-governo-aumenta-vagas-temporarias\/\" \/>\n<meta property=\"og:site_name\" content=\"Estrat\u00e9gia Concursos\" \/>\n<meta property=\"article:published_time\" content=\"2022-07-05T21:59:41+00:00\" \/>\n<meta property=\"article:modified_time\" content=\"2022-07-05T22:12:19+00:00\" \/>\n<meta property=\"og:image\" content=\"https:\/\/dhg1h5j42swfq.cloudfront.net\/2021\/06\/19094611\/unnamed.png\" \/>\n\t<meta property=\"og:image:width\" content=\"387\" \/>\n\t<meta property=\"og:image:height\" content=\"185\" \/>\n\t<meta property=\"og:image:type\" content=\"image\/png\" \/>\n<meta name=\"author\" content=\"Daniela Santos Nascimento\" \/>\n<meta name=\"twitter:card\" content=\"summary_large_image\" \/>\n<meta name=\"twitter:creator\" content=\"@EstratConcursos\" \/>\n<meta name=\"twitter:site\" content=\"@EstratConcursos\" \/>\n<meta name=\"twitter:label1\" content=\"Escrito por\" \/>\n\t<meta name=\"twitter:data1\" content=\"Daniela Santos Nascimento\" \/>\n\t<meta name=\"twitter:label2\" content=\"Est. tempo de leitura\" \/>\n\t<meta name=\"twitter:data2\" content=\"3 minutos\" \/>\n<script type=\"application\/ld+json\" class=\"yoast-schema-graph\">{\"@context\":\"https:\/\/schema.org\",\"@graph\":[{\"@type\":\"NewsArticle\",\"@id\":\"https:\/\/www.estrategiaconcursos.com.br\/blog\/concurso-sme-recife-governo-aumenta-vagas-temporarias\/#article\",\"isPartOf\":{\"@id\":\"https:\/\/www.estrategiaconcursos.com.br\/blog\/concurso-sme-recife-governo-aumenta-vagas-temporarias\/\"},\"author\":{\"name\":\"Daniela Santos Nascimento\",\"@id\":\"https:\/\/www.estrategiaconcursos.com.br\/blog\/#\/schema\/person\/399990d02336f200766707b881aee98f\"},\"headline\":\"Concurso SME Recife: governo aumenta n\u00famero de vagas tempor\u00e1rias!\",\"datePublished\":\"2022-07-05T21:59:41+00:00\",\"dateModified\":\"2022-07-05T22:12:19+00:00\",\"mainEntityOfPage\":{\"@id\":\"https:\/\/www.estrategiaconcursos.com.br\/blog\/concurso-sme-recife-governo-aumenta-vagas-temporarias\/\"},\"wordCount\":494,\"commentCount\":0,\"publisher\":{\"@id\":\"https:\/\/www.estrategiaconcursos.com.br\/blog\/#organization\"},\"image\":{\"@id\":\"https:\/\/www.estrategiaconcursos.com.br\/blog\/concurso-sme-recife-governo-aumenta-vagas-temporarias\/#primaryimage\"},\"thumbnailUrl\":\"https:\/\/dhg1h5j42swfq.cloudfront.net\/2021\/06\/19094611\/unnamed.png\",\"articleSection\":[\"Educa\u00e7\u00e3o\",\"\u00daltimas not\u00edcias\"],\"inLanguage\":\"pt-BR\",\"potentialAction\":[{\"@type\":\"CommentAction\",\"name\":\"Comment\",\"target\":[\"https:\/\/www.estrategiaconcursos.com.br\/blog\/concurso-sme-recife-governo-aumenta-vagas-temporarias\/#respond\"]}],\"copyrightYear\":\"2022\",\"copyrightHolder\":{\"@id\":\"https:\/\/www.estrategiaconcursos.com.br\/blog\/#organization\"}},{\"@type\":\"WebPage\",\"@id\":\"https:\/\/www.estrategiaconcursos.com.br\/blog\/concurso-sme-recife-governo-aumenta-vagas-temporarias\/\",\"url\":\"https:\/\/www.estrategiaconcursos.com.br\/blog\/concurso-sme-recife-governo-aumenta-vagas-temporarias\/\",\"name\":\"Concurso SME Recife: governo aumenta n\u00famero de vagas tempor\u00e1rias!\",\"isPartOf\":{\"@id\":\"https:\/\/www.estrategiaconcursos.com.br\/blog\/#website\"},\"primaryImageOfPage\":{\"@id\":\"https:\/\/www.estrategiaconcursos.com.br\/blog\/concurso-sme-recife-governo-aumenta-vagas-temporarias\/#primaryimage\"},\"image\":{\"@id\":\"https:\/\/www.estrategiaconcursos.com.br\/blog\/concurso-sme-recife-governo-aumenta-vagas-temporarias\/#primaryimage\"},\"thumbnailUrl\":\"https:\/\/dhg1h5j42swfq.cloudfront.net\/2021\/06\/19094611\/unnamed.png\",\"datePublished\":\"2022-07-05T21:59:41+00:00\",\"dateModified\":\"2022-07-05T22:12:19+00:00\",\"description\":\"Concurso SME Recife: confira os detalhes do novo decreto municipal que aumenta o n\u00famero de vagas tempor\u00e1ria aqui no site da Coruja!\",\"breadcrumb\":{\"@id\":\"https:\/\/www.estrategiaconcursos.com.br\/blog\/concurso-sme-recife-governo-aumenta-vagas-temporarias\/#breadcrumb\"},\"inLanguage\":\"pt-BR\",\"potentialAction\":[{\"@type\":\"ReadAction\",\"target\":[\"https:\/\/www.estrategiaconcursos.com.br\/blog\/concurso-sme-recife-governo-aumenta-vagas-temporarias\/\"]}]},{\"@type\":\"ImageObject\",\"inLanguage\":\"pt-BR\",\"@id\":\"https:\/\/www.estrategiaconcursos.com.br\/blog\/concurso-sme-recife-governo-aumenta-vagas-temporarias\/#primaryimage\",\"url\":\"https:\/\/dhg1h5j42swfq.cloudfront.net\/2021\/06\/19094611\/unnamed.png\",\"contentUrl\":\"https:\/\/dhg1h5j42swfq.cloudfront.net\/2021\/06\/19094611\/unnamed.png\",\"width\":387,\"height\":185,\"caption\":\"Concurso SME Recife PE\"},{\"@type\":\"BreadcrumbList\",\"@id\":\"https:\/\/www.estrategiaconcursos.com.br\/blog\/concurso-sme-recife-governo-aumenta-vagas-temporarias\/#breadcrumb\",\"itemListElement\":[{\"@type\":\"ListItem\",\"position\":1,\"name\":\"In\u00edcio\",\"item\":\"https:\/\/www.estrategiaconcursos.com.br\/blog\/\"},{\"@type\":\"ListItem\",\"position\":2,\"name\":\"Concurso SME Recife: governo aumenta n\u00famero de vagas tempor\u00e1rias!\"}]},{\"@type\":\"WebSite\",\"@id\":\"https:\/\/www.estrategiaconcursos.com.br\/blog\/#website\",\"url\":\"https:\/\/www.estrategiaconcursos.com.br\/blog\/\",\"name\":\"Estrat\u00e9gia Concursos\",\"description\":\"O blog da Estrat\u00e9gia Concursos traz not\u00edcias sobre concursos e artigos de professores oferecendo cursos para concursos (pdf + videaulas) no site.\",\"publisher\":{\"@id\":\"https:\/\/www.estrategiaconcursos.com.br\/blog\/#organization\"},\"potentialAction\":[{\"@type\":\"SearchAction\",\"target\":{\"@type\":\"EntryPoint\",\"urlTemplate\":\"https:\/\/www.estrategiaconcursos.com.br\/blog\/?s={search_term_string}\"},\"query-input\":{\"@type\":\"PropertyValueSpecification\",\"valueRequired\":true,\"valueName\":\"search_term_string\"}}],\"inLanguage\":\"pt-BR\"},{\"@type\":\"Organization\",\"@id\":\"https:\/\/www.estrategiaconcursos.com.br\/blog\/#organization\",\"name\":\"Estrat\u00e9gia Concursos\",\"url\":\"https:\/\/www.estrategiaconcursos.com.br\/blog\/\",\"logo\":{\"@type\":\"ImageObject\",\"inLanguage\":\"pt-BR\",\"@id\":\"https:\/\/www.estrategiaconcursos.com.br\/blog\/#\/schema\/logo\/image\/\",\"url\":\"https:\/\/dhg1h5j42swfq.cloudfront.net\/2025\/06\/03203428\/logo_concursos-1.jpg\",\"contentUrl\":\"https:\/\/dhg1h5j42swfq.cloudfront.net\/2025\/06\/03203428\/logo_concursos-1.jpg\",\"width\":230,\"height\":60,\"caption\":\"Estrat\u00e9gia Concursos\"},\"image\":{\"@id\":\"https:\/\/www.estrategiaconcursos.com.br\/blog\/#\/schema\/logo\/image\/\"},\"sameAs\":[\"https:\/\/x.com\/EstratConcursos\"]},{\"@type\":\"Person\",\"@id\":\"https:\/\/www.estrategiaconcursos.com.br\/blog\/#\/schema\/person\/399990d02336f200766707b881aee98f\",\"name\":\"Daniela Santos Nascimento\",\"image\":{\"@type\":\"ImageObject\",\"inLanguage\":\"pt-BR\",\"@id\":\"https:\/\/secure.gravatar.com\/avatar\/7f343622ad121e2893832a8c76808be436bdfcbf2f7d696174c94ecd84f2384a?s=96&d=mm&r=g\",\"url\":\"https:\/\/secure.gravatar.com\/avatar\/7f343622ad121e2893832a8c76808be436bdfcbf2f7d696174c94ecd84f2384a?s=96&d=mm&r=g\",\"contentUrl\":\"https:\/\/secure.gravatar.com\/avatar\/7f343622ad121e2893832a8c76808be436bdfcbf2f7d696174c94ecd84f2384a?s=96&d=mm&r=g\",\"caption\":\"Daniela Santos Nascimento\"},\"url\":\"https:\/\/www.estrategiaconcursos.com.br\/blog\/author\/daniela-nascimentoestrategia-com\/\"}]}<\/script>\n<!-- \/ Yoast SEO Premium plugin. -->","yoast_head_json":{"title":"Concurso SME Recife: governo aumenta n\u00famero de vagas tempor\u00e1rias!","description":"Concurso SME Recife: confira os detalhes do novo decreto municipal que aumenta o n\u00famero de vagas tempor\u00e1ria aqui no site da Coruja!","robots":{"index":"index","follow":"follow","max-snippet":"max-snippet:-1","max-image-preview":"max-image-preview:large","max-video-preview":"max-video-preview:-1"},"canonical":"https:\/\/www.estrategiaconcursos.com.br\/blog\/concurso-sme-recife-governo-aumenta-vagas-temporarias\/","og_locale":"pt_BR","og_type":"article","og_title":"Concurso SME Recife: governo aumenta n\u00famero de vagas tempor\u00e1rias!","og_description":"Concurso SME Recife: confira os detalhes do novo decreto municipal que aumenta o n\u00famero de vagas tempor\u00e1ria aqui no site da Coruja!","og_url":"https:\/\/www.estrategiaconcursos.com.br\/blog\/concurso-sme-recife-governo-aumenta-vagas-temporarias\/","og_site_name":"Estrat\u00e9gia Concursos","article_published_time":"2022-07-05T21:59:41+00:00","article_modified_time":"2022-07-05T22:12:19+00:00","og_image":[{"width":387,"height":185,"url":"https:\/\/dhg1h5j42swfq.cloudfront.net\/2021\/06\/19094611\/unnamed.png","type":"image\/png"}],"author":"Daniela Santos Nascimento","twitter_card":"summary_large_image","twitter_creator":"@EstratConcursos","twitter_site":"@EstratConcursos","twitter_misc":{"Escrito por":"Daniela Santos Nascimento","Est. tempo de leitura":"3 minutos"},"schema":{"@context":"https:\/\/schema.org","@graph":[{"@type":"NewsArticle","@id":"https:\/\/www.estrategiaconcursos.com.br\/blog\/concurso-sme-recife-governo-aumenta-vagas-temporarias\/#article","isPartOf":{"@id":"https:\/\/www.estrategiaconcursos.com.br\/blog\/concurso-sme-recife-governo-aumenta-vagas-temporarias\/"},"author":{"name":"Daniela Santos Nascimento","@id":"https:\/\/www.estrategiaconcursos.com.br\/blog\/#\/schema\/person\/399990d02336f200766707b881aee98f"},"headline":"Concurso SME Recife: governo aumenta n\u00famero de vagas tempor\u00e1rias!","datePublished":"2022-07-05T21:59:41+00:00","dateModified":"2022-07-05T22:12:19+00:00","mainEntityOfPage":{"@id":"https:\/\/www.estrategiaconcursos.com.br\/blog\/concurso-sme-recife-governo-aumenta-vagas-temporarias\/"},"wordCount":494,"commentCount":0,"publisher":{"@id":"https:\/\/www.estrategiaconcursos.com.br\/blog\/#organization"},"image":{"@id":"https:\/\/www.estrategiaconcursos.com.br\/blog\/concurso-sme-recife-governo-aumenta-vagas-temporarias\/#primaryimage"},"thumbnailUrl":"https:\/\/dhg1h5j42swfq.cloudfront.net\/2021\/06\/19094611\/unnamed.png","articleSection":["Educa\u00e7\u00e3o","\u00daltimas not\u00edcias"],"inLanguage":"pt-BR","potentialAction":[{"@type":"CommentAction","name":"Comment","target":["https:\/\/www.estrategiaconcursos.com.br\/blog\/concurso-sme-recife-governo-aumenta-vagas-temporarias\/#respond"]}],"copyrightYear":"2022","copyrightHolder":{"@id":"https:\/\/www.estrategiaconcursos.com.br\/blog\/#organization"}},{"@type":"WebPage","@id":"https:\/\/www.estrategiaconcursos.com.br\/blog\/concurso-sme-recife-governo-aumenta-vagas-temporarias\/","url":"https:\/\/www.estrategiaconcursos.com.br\/blog\/concurso-sme-recife-governo-aumenta-vagas-temporarias\/","name":"Concurso SME Recife: governo aumenta n\u00famero de vagas tempor\u00e1rias!","isPartOf":{"@id":"https:\/\/www.estrategiaconcursos.com.br\/blog\/#website"},"primaryImageOfPage":{"@id":"https:\/\/www.estrategiaconcursos.com.br\/blog\/concurso-sme-recife-governo-aumenta-vagas-temporarias\/#primaryimage"},"image":{"@id":"https:\/\/www.estrategiaconcursos.com.br\/blog\/concurso-sme-recife-governo-aumenta-vagas-temporarias\/#primaryimage"},"thumbnailUrl":"https:\/\/dhg1h5j42swfq.cloudfront.net\/2021\/06\/19094611\/unnamed.png","datePublished":"2022-07-05T21:59:41+00:00","dateModified":"2022-07-05T22:12:19+00:00","description":"Concurso SME Recife: confira os detalhes do novo decreto municipal que aumenta o n\u00famero de vagas tempor\u00e1ria aqui no site da Coruja!","breadcrumb":{"@id":"https:\/\/www.estrategiaconcursos.com.br\/blog\/concurso-sme-recife-governo-aumenta-vagas-temporarias\/#breadcrumb"},"inLanguage":"pt-BR","potentialAction":[{"@type":"ReadAction","target":["https:\/\/www.estrategiaconcursos.com.br\/blog\/concurso-sme-recife-governo-aumenta-vagas-temporarias\/"]}]},{"@type":"ImageObject","inLanguage":"pt-BR","@id":"https:\/\/www.estrategiaconcursos.com.br\/blog\/concurso-sme-recife-governo-aumenta-vagas-temporarias\/#primaryimage","url":"https:\/\/dhg1h5j42swfq.cloudfront.net\/2021\/06\/19094611\/unnamed.png","contentUrl":"https:\/\/dhg1h5j42swfq.cloudfront.net\/2021\/06\/19094611\/unnamed.png","width":387,"height":185,"caption":"Concurso SME Recife PE"},{"@type":"BreadcrumbList","@id":"https:\/\/www.estrategiaconcursos.com.br\/blog\/concurso-sme-recife-governo-aumenta-vagas-temporarias\/#breadcrumb","itemListElement":[{"@type":"ListItem","position":1,"name":"In\u00edcio","item":"https:\/\/www.estrategiaconcursos.com.br\/blog\/"},{"@type":"ListItem","position":2,"name":"Concurso SME Recife: governo aumenta n\u00famero de vagas tempor\u00e1rias!"}]},{"@type":"WebSite","@id":"https:\/\/www.estrategiaconcursos.com.br\/blog\/#website","url":"https:\/\/www.estrategiaconcursos.com.br\/blog\/","name":"Estrat\u00e9gia Concursos","description":"O blog da Estrat\u00e9gia Concursos traz not\u00edcias sobre concursos e artigos de professores oferecendo cursos para concursos (pdf + videaulas) no site.","publisher":{"@id":"https:\/\/www.estrategiaconcursos.com.br\/blog\/#organization"},"potentialAction":[{"@type":"SearchAction","target":{"@type":"EntryPoint","urlTemplate":"https:\/\/www.estrategiaconcursos.com.br\/blog\/?s={search_term_string}"},"query-input":{"@type":"PropertyValueSpecification","valueRequired":true,"valueName":"search_term_string"}}],"inLanguage":"pt-BR"},{"@type":"Organization","@id":"https:\/\/www.estrategiaconcursos.com.br\/blog\/#organization","name":"Estrat\u00e9gia Concursos","url":"https:\/\/www.estrategiaconcursos.com.br\/blog\/","logo":{"@type":"ImageObject","inLanguage":"pt-BR","@id":"https:\/\/www.estrategiaconcursos.com.br\/blog\/#\/schema\/logo\/image\/","url":"https:\/\/dhg1h5j42swfq.cloudfront.net\/2025\/06\/03203428\/logo_concursos-1.jpg","contentUrl":"https:\/\/dhg1h5j42swfq.cloudfront.net\/2025\/06\/03203428\/logo_concursos-1.jpg","width":230,"height":60,"caption":"Estrat\u00e9gia Concursos"},"image":{"@id":"https:\/\/www.estrategiaconcursos.com.br\/blog\/#\/schema\/logo\/image\/"},"sameAs":["https:\/\/x.com\/EstratConcursos"]},{"@type":"Person","@id":"https:\/\/www.estrategiaconcursos.com.br\/blog\/#\/schema\/person\/399990d02336f200766707b881aee98f","name":"Daniela Santos Nascimento","image":{"@type":"ImageObject","inLanguage":"pt-BR","@id":"https:\/\/secure.gravatar.com\/avatar\/7f343622ad121e2893832a8c76808be436bdfcbf2f7d696174c94ecd84f2384a?s=96&d=mm&r=g","url":"https:\/\/secure.gravatar.com\/avatar\/7f343622ad121e2893832a8c76808be436bdfcbf2f7d696174c94ecd84f2384a?s=96&d=mm&r=g","contentUrl":"https:\/\/secure.gravatar.com\/avatar\/7f343622ad121e2893832a8c76808be436bdfcbf2f7d696174c94ecd84f2384a?s=96&d=mm&r=g","caption":"Daniela Santos Nascimento"},"url":"https:\/\/www.estrategiaconcursos.com.br\/blog\/author\/daniela-nascimentoestrategia-com\/"}]}},"_links":{"self":[{"href":"https:\/\/www.estrategiaconcursos.com.br\/blog\/wp-json\/wp\/v2\/posts\/1055851","targetHints":{"allow":["GET"]}}],"collection":[{"href":"https:\/\/www.estrategiaconcursos.com.br\/blog\/wp-json\/wp\/v2\/posts"}],"about":[{"href":"https:\/\/www.estrategiaconcursos.com.br\/blog\/wp-json\/wp\/v2\/types\/post"}],"author":[{"embeddable":true,"href":"https:\/\/www.estrategiaconcursos.com.br\/blog\/wp-json\/wp\/v2\/users\/2402"}],"replies":[{"embeddable":true,"href":"https:\/\/www.estrategiaconcursos.com.br\/blog\/wp-json\/wp\/v2\/comments?post=1055851"}],"version-history":[{"count":5,"href":"https:\/\/www.estrategiaconcursos.com.br\/blog\/wp-json\/wp\/v2\/posts\/1055851\/revisions"}],"predecessor-version":[{"id":1055884,"href":"https:\/\/www.estrategiaconcursos.com.br\/blog\/wp-json\/wp\/v2\/posts\/1055851\/revisions\/1055884"}],"wp:featuredmedia":[{"embeddable":true,"href":"https:\/\/www.estrategiaconcursos.com.br\/blog\/wp-json\/wp\/v2\/media\/771441"}],"wp:attachment":[{"href":"https:\/\/www.estrategiaconcursos.com.br\/blog\/wp-json\/wp\/v2\/media?parent=1055851"}],"wp:term":[{"taxonomy":"category","embeddable":true,"href":"https:\/\/www.estrategiaconcursos.com.br\/blog\/wp-json\/wp\/v2\/categories?post=1055851"},{"taxonomy":"post_tag","embeddable":true,"href":"https:\/\/www.estrategiaconcursos.com.br\/blog\/wp-json\/wp\/v2\/tags?post=1055851"},{"taxonomy":"tax_estado","embeddable":true,"href":"https:\/\/www.estrategiaconcursos.com.br\/blog\/wp-json\/wp\/v2\/tax_estado?post=1055851"}],"curies":[{"name":"wp","href":"https:\/\/api.w.org\/{rel}","templated":true}]}}