{"id":1055682,"date":"2022-07-24T18:32:00","date_gmt":"2022-07-24T21:32:00","guid":{"rendered":"https:\/\/www.estrategiaconcursos.com.br\/blog\/?p=1055682"},"modified":"2022-07-18T11:38:06","modified_gmt":"2022-07-18T14:38:06","slug":"municipios-na-constituicao","status":"publish","type":"post","link":"https:\/\/www.estrategiaconcursos.com.br\/blog\/municipios-na-constituicao\/","title":{"rendered":"Munic\u00edpios na Constitui\u00e7\u00e3o Federal: MEMOREX\u00a0"},"content":{"rendered":"\n<div class=\"wp-block-image\"><figure class=\"aligncenter size-large\"><img loading=\"lazy\" decoding=\"async\" width=\"1024\" height=\"1024\" src=\"https:\/\/dhg1h5j42swfq.cloudfront.net\/2022\/07\/11102336\/whatsapp-image-2022-07-08-at-13-51-04-1024x1024.jpeg\" alt=\"Munic\u00edpios na Constitui\u00e7\u00e3o\" class=\"wp-image-1058885\" srcset=\"https:\/\/dhg1h5j42swfq.cloudfront.net\/2022\/07\/11102336\/whatsapp-image-2022-07-08-at-13-51-04-1024x1024.jpeg 1024w, https:\/\/dhg1h5j42swfq.cloudfront.net\/2022\/07\/11102336\/whatsapp-image-2022-07-08-at-13-51-04-300x300.jpeg 300w, https:\/\/dhg1h5j42swfq.cloudfront.net\/2022\/07\/11102336\/whatsapp-image-2022-07-08-at-13-51-04-150x150.jpeg 150w, https:\/\/dhg1h5j42swfq.cloudfront.net\/2022\/07\/11102336\/whatsapp-image-2022-07-08-at-13-51-04-768x768.jpeg 768w, https:\/\/dhg1h5j42swfq.cloudfront.net\/2022\/07\/11102336\/whatsapp-image-2022-07-08-at-13-51-04-610x610.jpeg 610w, https:\/\/dhg1h5j42swfq.cloudfront.net\/2022\/07\/11102336\/whatsapp-image-2022-07-08-at-13-51-04-96x96.jpeg 96w, https:\/\/dhg1h5j42swfq.cloudfront.net\/2022\/07\/11102336\/whatsapp-image-2022-07-08-at-13-51-04.jpeg 1080w\" sizes=\"auto, (max-width: 1024px) 100vw, 1024px\" \/><\/figure><\/div>\n\n\n\n<p><strong>Munic\u00edpios na Constitui\u00e7\u00e3o Federal: MEMOREX<\/strong>&nbsp;<\/p>\n\n\n\n<p>Nesse artigo vamos dispor sobre os principais detalhes do regramento acerca dos Munic\u00edpios, presente na Constitui\u00e7\u00e3o Federal.&nbsp;&nbsp;<\/p>\n\n\n\n<p>Iniciamos hoje uma nova s\u00e9rie de artigos chamada <strong>MEMOREX<\/strong>. Nosso objetivo \u00e9 produzir <strong>materiais diretos e esquematizados<\/strong> com os principais <strong>conte\u00fados da Lei e\/ou da doutrina <\/strong>que precisam ser memorizados pelos candidatos para provas de concurso p\u00fablico.&nbsp;&nbsp;<\/p>\n\n\n\n<p>Quando tratamos da <strong>organiza\u00e7\u00e3o pol\u00edtico-administrativa do Estado<\/strong>, h\u00e1 diversas regras constitucionais a respeito dos Munic\u00edpios que costumam ser objeto de cobran\u00e7a em provas.&nbsp;<\/p>\n\n\n\n<p>Nos referimos a <strong>n\u00fameros, qu\u00f3runs, porcentagens e palavras-chave<\/strong> que, muitas vezes, s\u00e3o usados como \u201cpegadinhas\u201d pelas bancas examinadoras para confundir os examinandos.&nbsp;<\/p>\n\n\n\n<p>Dessa forma \u00e9 evidente a import\u00e2ncia de se conhecer os detalhes das disciplinas que mais aparecem em quest\u00f5es de prova, j\u00e1 que isso, certamente, vai garantir pontos a mais na coloca\u00e7\u00e3o final dos candidatos.&nbsp;<\/p>\n\n\n\n<p>Pensando nisso, a seguir vamos dispor de forma estruturada sobre as min\u00fancias acerca dos Munic\u00edpios na Constitui\u00e7\u00e3o Federal, com \u00eanfase nos dispositivos que mais aparecem em quest\u00f5es de prova, de forma a facilitar a sua memoriza\u00e7\u00e3o, auxiliando sua aprova\u00e7\u00e3o nos melhores concursos p\u00fablicos do pa\u00eds.&nbsp;<\/p>\n\n\n\n<p>A ideia \u00e9 que o <strong>MEMOREX <\/strong>seja seu <strong>aliado no momento de p\u00f3s edital<\/strong>, tendo em vista que estamos trabalhando com nossa mem\u00f3ria de curto prazo. Para explica\u00e7\u00f5es mais detalhadas, com exemplos pr\u00e1ticos e resolu\u00e7\u00e3o passo a passo dos exerc\u00edcios, <a href=\"https:\/\/www.estrategiaconcursos.com.br\/pesquisa\/?q=direito+constitucional\" target=\"_blank\" rel=\"noreferrer noopener\">acesse aqui<\/a> nossos cursos de Direito Constitucional, elaborados pelos melhores professores da \u00e1rea.&nbsp;<\/p>\n\n\n\n<h2 class=\"wp-block-heading\" id=\"h-municipios-na-constituicao-federal\"><strong>Munic\u00edpios na Constitui\u00e7\u00e3o Federal<\/strong>&nbsp;<\/h2>\n\n\n\n<h2 class=\"wp-block-heading\" id=\"lei-organica\"><strong>Lei Org\u00e2nica<\/strong>&nbsp;<\/h2>\n\n\n\n<p><strong>Votada <\/strong>em <strong>dois turnos;<\/strong>&nbsp;<\/p>\n\n\n\n<p><strong>Interst\u00edcio <\/strong>m\u00ednimo de <strong>dez dias<\/strong>;&nbsp;<\/p>\n\n\n\n<p><strong>Aprovada <\/strong>por <strong>dois ter\u00e7os<\/strong> dos membros da C\u00e2mara Municipal;&nbsp;<\/p>\n\n\n\n<p><strong>Promulgada <\/strong>pela <strong>C\u00e2mara Municipal<\/strong>.&nbsp;<\/p>\n\n\n\n<h2 class=\"wp-block-heading\" id=\"segundo-turno-de-votacao\"><strong>Segundo turno de vota\u00e7\u00e3o:<\/strong>&nbsp;<\/h2>\n\n\n\n<p>Munic\u00edpios com mais de<strong> duzentos mil eleitores.<\/strong>&nbsp;<\/p>\n\n\n\n<h2 class=\"wp-block-heading\" id=\"composicao-das-camaras-municipais\"><strong>Composi\u00e7\u00e3o das C\u00e2maras Municipais: <\/strong><\/h2>\n\n\n\n<p><strong>(Vereadores\/mil habitantes)<\/strong><\/p>\n\n\n\n<figure class=\"wp-block-table aligncenter is-style-stripes\"><table><tbody><tr><td class=\"has-text-align-center\" data-align=\"center\"><strong>VEREADORES<\/strong>&nbsp;<\/td><td class=\"has-text-align-center\" data-align=\"center\"><strong>HABITANTES (MIL)<\/strong>&nbsp;<\/td><\/tr><tr><td class=\"has-text-align-center\" data-align=\"center\">9&nbsp;<\/td><td class=\"has-text-align-center\" data-align=\"center\">At\u00e9 15&nbsp;<\/td><\/tr><tr><td class=\"has-text-align-center\" data-align=\"center\">11&nbsp;<\/td><td class=\"has-text-align-center\" data-align=\"center\">15-30&nbsp;<\/td><\/tr><tr><td class=\"has-text-align-center\" data-align=\"center\">13&nbsp;<\/td><td class=\"has-text-align-center\" data-align=\"center\">30-50&nbsp;<\/td><\/tr><tr><td class=\"has-text-align-center\" data-align=\"center\">15&nbsp;<\/td><td class=\"has-text-align-center\" data-align=\"center\">50-80&nbsp;<\/td><\/tr><tr><td class=\"has-text-align-center\" data-align=\"center\">17&nbsp;<\/td><td class=\"has-text-align-center\" data-align=\"center\">80-120&nbsp;<\/td><\/tr><tr><td class=\"has-text-align-center\" data-align=\"center\">19&nbsp;<\/td><td class=\"has-text-align-center\" data-align=\"center\">120-160&nbsp;&nbsp;<\/td><\/tr><tr><td class=\"has-text-align-center\" data-align=\"center\">21&nbsp;<\/td><td class=\"has-text-align-center\" data-align=\"center\">160-300&nbsp;&nbsp;<\/td><\/tr><tr><td class=\"has-text-align-center\" data-align=\"center\">23&nbsp;<\/td><td class=\"has-text-align-center\" data-align=\"center\">300-450&nbsp;&nbsp;<\/td><\/tr><tr><td class=\"has-text-align-center\" data-align=\"center\">25&nbsp;<\/td><td class=\"has-text-align-center\" data-align=\"center\">450-600&nbsp;&nbsp;<\/td><\/tr><tr><td class=\"has-text-align-center\" data-align=\"center\">27&nbsp;<\/td><td class=\"has-text-align-center\" data-align=\"center\">600-750&nbsp;&nbsp;<\/td><\/tr><tr><td class=\"has-text-align-center\" data-align=\"center\">29&nbsp;<\/td><td class=\"has-text-align-center\" data-align=\"center\">750-900&nbsp;&nbsp;<\/td><\/tr><tr><td class=\"has-text-align-center\" data-align=\"center\">31&nbsp;<\/td><td class=\"has-text-align-center\" data-align=\"center\">900-1050&nbsp;&nbsp;<\/td><\/tr><tr><td class=\"has-text-align-center\" data-align=\"center\">33&nbsp;<\/td><td class=\"has-text-align-center\" data-align=\"center\">1050-1200&nbsp;&nbsp;<\/td><\/tr><tr><td class=\"has-text-align-center\" data-align=\"center\">35&nbsp;<\/td><td class=\"has-text-align-center\" data-align=\"center\">1200-1350&nbsp;&nbsp;<\/td><\/tr><tr><td class=\"has-text-align-center\" data-align=\"center\">37&nbsp;<\/td><td class=\"has-text-align-center\" data-align=\"center\">1350-1500&nbsp;&nbsp;<\/td><\/tr><tr><td class=\"has-text-align-center\" data-align=\"center\">39&nbsp;<\/td><td class=\"has-text-align-center\" data-align=\"center\">1500-1800&nbsp;&nbsp;<\/td><\/tr><tr><td class=\"has-text-align-center\" data-align=\"center\">41&nbsp;<\/td><td class=\"has-text-align-center\" data-align=\"center\">1800-2400&nbsp;&nbsp;<\/td><\/tr><tr><td class=\"has-text-align-center\" data-align=\"center\">43&nbsp;<\/td><td class=\"has-text-align-center\" data-align=\"center\">2400-3000&nbsp;&nbsp;<\/td><\/tr><tr><td class=\"has-text-align-center\" data-align=\"center\">45&nbsp;<\/td><td class=\"has-text-align-center\" data-align=\"center\">3-4 milh\u00f5es&nbsp;<\/td><\/tr><tr><td class=\"has-text-align-center\" data-align=\"center\">47&nbsp;<\/td><td class=\"has-text-align-center\" data-align=\"center\">4-5 milh\u00f5es&nbsp;<\/td><\/tr><tr><td class=\"has-text-align-center\" data-align=\"center\">49&nbsp;<\/td><td class=\"has-text-align-center\" data-align=\"center\">5-6 milh\u00f5es&nbsp;<\/td><\/tr><tr><td class=\"has-text-align-center\" data-align=\"center\">51&nbsp;<\/td><td class=\"has-text-align-center\" data-align=\"center\">6-7 milh\u00f5es&nbsp;<\/td><\/tr><tr><td class=\"has-text-align-center\" data-align=\"center\">53&nbsp;<\/td><td class=\"has-text-align-center\" data-align=\"center\">7-8 milh\u00f5es&nbsp;<\/td><\/tr><tr><td class=\"has-text-align-center\" data-align=\"center\">55&nbsp;<\/td><td class=\"has-text-align-center\" data-align=\"center\">Mais de 8 milh\u00f5es&nbsp;<\/td><\/tr><\/tbody><\/table><\/figure>\n\n\n\n<h3 class=\"wp-block-heading\" id=\"dica\"><strong>Dica:&nbsp;<\/strong>&nbsp;<\/h3>\n\n\n\n<p><strong>M\u00ednimo de 9 vereadores <\/strong>para munic\u00edpios com <strong>at\u00e9 15 mil habitantes.<\/strong>&nbsp;<\/p>\n\n\n\n<p><strong>M\u00e1ximo de 55 vereadores para<\/strong> munic\u00edpios com <strong>mais de 8 milh\u00f5es de habitantes.<\/strong>&nbsp;<\/p>\n\n\n\n<p>O n\u00famero de<strong> vereadores<\/strong> \u00e9 sempre <strong>\u00edmpar e cresce de 2 em 2.<\/strong>&nbsp;<\/p>\n\n\n\n<h2 class=\"wp-block-heading\" id=\"subsidios\"><strong>Subs\u00eddios:<\/strong>&nbsp;<\/h2>\n\n\n\n<p><strong>Prefeito, Vice-prefeito e Secret\u00e1rio Municipal: <\/strong>fixados por <strong>lei<\/strong> de <strong>iniciativa da C\u00e2mara Municipal.<\/strong>&nbsp;<\/p>\n\n\n\n<p><strong>Vereadores<\/strong>: fixado pelas respectivas <strong>C\u00e2maras Municipais em cada legislatura para a subsequente<\/strong>, respeitados os seguintes limites m\u00e1ximos <strong>(mil habitantes\/% do subs\u00eddio dos deputados estaduais):<\/strong>&nbsp;<\/p>\n\n\n\n<figure class=\"wp-block-table aligncenter is-style-stripes\"><table><tbody><tr><td class=\"has-text-align-center\" data-align=\"center\"><strong>HABITANTES (MIL)<\/strong>&nbsp;<\/td><td class=\"has-text-align-center\" data-align=\"center\"><strong>% DO SUBS\u00cdDIO DOS DEPUTADOS ESTADUAIS<\/strong>&nbsp;<\/td><\/tr><tr><td class=\"has-text-align-center\" data-align=\"center\">At\u00e9 10&nbsp;<\/td><td class=\"has-text-align-center\" data-align=\"center\">20%&nbsp;<\/td><\/tr><tr><td class=\"has-text-align-center\" data-align=\"center\">10-50&nbsp;<\/td><td class=\"has-text-align-center\" data-align=\"center\">30%&nbsp;&nbsp;<\/td><\/tr><tr><td class=\"has-text-align-center\" data-align=\"center\">50-100&nbsp;<\/td><td class=\"has-text-align-center\" data-align=\"center\">40%&nbsp;<\/td><\/tr><tr><td class=\"has-text-align-center\" data-align=\"center\">100-300&nbsp;<\/td><td class=\"has-text-align-center\" data-align=\"center\">50%&nbsp;<\/td><\/tr><tr><td class=\"has-text-align-center\" data-align=\"center\">300-500&nbsp;<\/td><td class=\"has-text-align-center\" data-align=\"center\">60%&nbsp;<\/td><\/tr><tr><td class=\"has-text-align-center\" data-align=\"center\">Mais de 500&nbsp;<\/td><td class=\"has-text-align-center\" data-align=\"center\">75%&nbsp;<\/td><\/tr><\/tbody><\/table><\/figure>\n\n\n\n<h3 class=\"wp-block-heading\" id=\"dica-1\"><strong>Dica<\/strong>:&nbsp;<\/h3>\n\n\n\n<p>Porcentagem do subs\u00eddio dos deputados estaduais come\u00e7a em <strong>20% para munic\u00edpios at\u00e9 10 mil habitantes <\/strong>e <strong>sobe de 10% em 10% at\u00e9 60%<\/strong>.&nbsp;&nbsp;<\/p>\n\n\n\n<p>Para<strong> munic\u00edpios com mais de 500 mil habitantes o m\u00e1ximo \u00e9 75% do subs\u00eddio dos deputados estaduais.<\/strong>&nbsp;<\/p>\n\n\n\n<p>Obs.: <strong>total despesa com a remunera\u00e7\u00e3o dos Vereadores<\/strong> n\u00e3o poder\u00e1 ultrapassar o montante de <strong>cinco por cento<\/strong> da<strong> receita do Munic\u00edpio<\/strong>.&nbsp;<\/p>\n\n\n\n<h2 class=\"wp-block-heading\" id=\"iniciativa-popular\"><strong>Iniciativa popular:<\/strong>&nbsp;<\/h2>\n\n\n\n<p>Manifesta\u00e7\u00e3o de, pelo menos, <strong>cinco por cento<\/strong> do eleitorado.&nbsp;<\/p>\n\n\n\n<h2 class=\"wp-block-heading\" id=\"maximo-da-despesa-do-poder-legislativo-municipal\"><strong>M\u00e1ximo da despesa do Poder Legislativo Municipal:<\/strong>&nbsp;<\/h2>\n\n\n\n<p><strong>Inclu\u00eddos os subs\u00eddios dos Vereadores<\/strong> e <em>exclu\u00eddos os gastos com inativos.<\/em>&nbsp;<\/p>\n\n\n\n<p>N\u00e3o poder\u00e1 ultrapassar os seguintes percentuais, relativos ao <strong>somat\u00f3rio da receita tribut\u00e1ria e das transfer\u00eancias constitucionais efetivamente realizadas no exerc\u00edcio anterior (n\u00famero de habitantes\/% da receita realizada no exerc\u00edcio anterior)<\/strong>:&nbsp;<\/p>\n\n\n\n<figure class=\"wp-block-table aligncenter is-style-stripes\"><table><tbody><tr><td class=\"has-text-align-center\" data-align=\"center\"><strong>HABITANTES (MIL)<\/strong>&nbsp;<\/td><td class=\"has-text-align-center\" data-align=\"center\"><strong>% REALIZADO NO EXERC\u00cdCIO ANTERIOR<\/strong>&nbsp;<\/td><\/tr><tr><td class=\"has-text-align-center\" data-align=\"center\">At\u00e9 100&nbsp;<\/td><td class=\"has-text-align-center\" data-align=\"center\">7%&nbsp;<\/td><\/tr><tr><td class=\"has-text-align-center\" data-align=\"center\">100-300&nbsp;<\/td><td class=\"has-text-align-center\" data-align=\"center\">6&nbsp;<\/td><\/tr><tr><td class=\"has-text-align-center\" data-align=\"center\">300-500&nbsp;<\/td><td class=\"has-text-align-center\" data-align=\"center\">5&nbsp;<\/td><\/tr><tr><td class=\"has-text-align-center\" data-align=\"center\">500-3000&nbsp;<\/td><td class=\"has-text-align-center\" data-align=\"center\">4,5&nbsp;<\/td><\/tr><tr><td class=\"has-text-align-center\" data-align=\"center\">3000-8000&nbsp;<\/td><td class=\"has-text-align-center\" data-align=\"center\">4&nbsp;<\/td><\/tr><tr><td class=\"has-text-align-center\" data-align=\"center\">Mais de 8.000.001&nbsp;&nbsp;<\/td><td class=\"has-text-align-center\" data-align=\"center\">3,5&nbsp;<\/td><\/tr><\/tbody><\/table><\/figure>\n\n\n\n<h3 class=\"wp-block-heading\" id=\"dica-2\"><strong>Dica:&nbsp;<\/strong>&nbsp;<\/h3>\n\n\n\n<p>Varia <strong>de 100 mil a 8 milh\u00f5es de habitantes<\/strong>, sendo a <strong>porcentagem decrescente<\/strong>.&nbsp;&nbsp;<\/p>\n\n\n\n<p>Obs.: A C\u00e2mara Municipal n\u00e3o gastar\u00e1 mais de <strong>setenta por cento<\/strong> de sua receita com <strong>folha de pagamento<\/strong>, inclu\u00eddo o gasto com o subs\u00eddio de seus Vereadores. Constitui crime de responsabilidade do Presidente da C\u00e2mara Municipal o desrespeito a essa regra.&nbsp;<\/p>\n\n\n\n<h2 class=\"wp-block-heading\" id=\"controle-externo-municipal\"><strong>Controle Externo Municipal:<\/strong>&nbsp;<\/h2>\n\n\n\n<p>Realizado pela C\u00e2mara Municipal com aux\u00edlio do:&nbsp;<\/p>\n\n\n\n<p><strong>Tribunal de Contas dos Estados; <\/strong>ou&nbsp;<\/p>\n\n\n\n<p><strong>Tribunal de Contas do Munic\u00edpio<\/strong> (\u00f3rg\u00e3o do TCE); ou&nbsp;<\/p>\n\n\n\n<p><strong>Tribunal de Contas Municipal<\/strong>, onde houver, <em>vedada a cria\u00e7\u00e3o de novos Tribunais, Conselhos ou \u00f3rg\u00e3os de Contas Municipais.<\/em>&nbsp;<\/p>\n\n\n\n<h2 class=\"wp-block-heading\" id=\"contas-do-prefeito\"><strong>Contas do Prefeito:<\/strong>&nbsp;<\/h2>\n\n\n\n<p>O parecer pr\u00e9vio, emitido pelo \u00f3rg\u00e3o competente sobre as contas que o Prefeito deve <strong>anualmente <\/strong>prestar, s\u00f3 <strong>deixar\u00e1 de prevalecer<\/strong> por decis\u00e3o de<strong> dois ter\u00e7os <\/strong>dos <strong>membros da C\u00e2mara Municipa<\/strong>l.&nbsp;<\/p>\n\n\n\n<h2 class=\"wp-block-heading\" id=\"contas-do-municipio\"><strong>Contas do Munic\u00edpio:<\/strong>&nbsp;<\/h2>\n\n\n\n<p>As <strong>contas <\/strong>dos Munic\u00edpios ficar\u00e3o, durante <strong>sessenta dias<\/strong>, <strong>anualmente<\/strong>, \u00e0 disposi\u00e7\u00e3o de qualquer <strong>contribuinte<\/strong>, para exame e aprecia\u00e7\u00e3o, o qual poder\u00e1 questionar-lhes a <strong>legitimidade<\/strong>, nos termos da lei.&nbsp;<\/p>\n\n\n\n<h2 class=\"wp-block-heading\" id=\"bons-estudos\"><strong>Bons estudos!<\/strong>&nbsp;<\/h2>\n\n\n\n<p>Agora que voc\u00ea j\u00e1 conhece os principais detalhes do regramento acerca dos Munic\u00edpios na Constitui\u00e7\u00e3o Federal, \u00e9 preciso fazer a leitura atenta dos <strong>artigos 29 a 31 da Constitui\u00e7\u00e3o Federal <\/strong>e treinar por meio da realiza\u00e7\u00e3o de muitas quest\u00f5es no <a href=\"https:\/\/concursos.estrategiaeducacional.com.br\/\" target=\"_blank\" rel=\"noreferrer noopener\">Sistema de Quest\u00f5es<\/a> do Estrat\u00e9gia Concursos!\u00a0\u00a0<\/p>\n\n\n\n<p>Achou esse material \u00fatil?&nbsp;<\/p>\n\n\n\n<p>Deixe seu coment\u00e1rio!&nbsp;<\/p>\n\n\n\n<p>Abra\u00e7os,&nbsp;&nbsp;<\/p>\n\n\n\n<p>Ana Luiza Tib\u00farcio.\u00a0<\/p>\n\n\n\n<h2 class=\"has-text-align-center wp-block-heading\" id=\"cursos-e-assinaturas\">Cursos e Assinaturas<\/h2>\n\n\n\n<p>Prepare-se com o melhor material e com quem mais aprova em Concursos P\u00fablicos em todo o pa\u00eds!<\/p>\n\n\n\n<p class=\"has-text-align-center has-white-color has-vivid-purple-background-color has-text-color has-background\"><a href=\"https:\/\/www.estrategiaconcursos.com.br\/blog\/concursos-abertos\/\" target=\"_blank\" rel=\"noreferrer noopener\"><strong>Concursos abertos<\/strong><\/a><\/p>\n\n\n\n<p class=\"has-text-align-center has-white-color has-vivid-purple-background-color has-text-color has-background\"><strong><a href=\"https:\/\/www.estrategiaconcursos.com.br\/blog\/concursos-2022\/\" target=\"_blank\" rel=\"noreferrer noopener\">Concursos 2022<\/a><\/strong><\/p>\n","protected":false},"excerpt":{"rendered":"<p>Munic\u00edpios na Constitui\u00e7\u00e3o Federal: MEMOREX&nbsp; Nesse artigo vamos dispor sobre os principais detalhes do regramento acerca dos Munic\u00edpios, presente na Constitui\u00e7\u00e3o Federal.&nbsp;&nbsp; Iniciamos hoje uma nova s\u00e9rie de artigos chamada MEMOREX. Nosso objetivo \u00e9 produzir materiais diretos e esquematizados com os principais conte\u00fados da Lei e\/ou da doutrina que precisam ser memorizados pelos candidatos para [&hellip;]<\/p>\n","protected":false},"author":1666,"featured_media":1058885,"comment_status":"open","ping_status":"closed","sticky":false,"template":"","format":"standard","meta":{"post_tipo":"article","footnotes":""},"categories":[1,1984],"tags":[],"tax_estado":[219964,219965,219966,219967,219968,219969,219963,219970,219971,219972,219973,219974,219975,219976,219977,219978,219979,219980,219981,219982,219983,219984,219985,219986,219987,219988,219989,219990],"class_list":["post-1055682","post","type-post","status-publish","format-standard","has-post-thumbnail","hentry","category-cursos-e-concursos","category-tribunais","tax_estado-ac","tax_estado-al","tax_estado-am","tax_estado-ap","tax_estado-ba","tax_estado-ce","tax_estado-concursos-federais","tax_estado-df","tax_estado-es","tax_estado-go","tax_estado-ma","tax_estado-mg","tax_estado-ms","tax_estado-mt","tax_estado-pa","tax_estado-pb","tax_estado-pe","tax_estado-pi","tax_estado-pr","tax_estado-rj","tax_estado-rn","tax_estado-ro","tax_estado-rr","tax_estado-rs","tax_estado-sc","tax_estado-se","tax_estado-sp","tax_estado-to"],"acf":[],"yoast_head":"<!-- This site is optimized with the Yoast SEO Premium plugin v27.2 (Yoast SEO v27.2) - https:\/\/yoast.com\/product\/yoast-seo-premium-wordpress\/ -->\n<title>Munic\u00edpios na Constitui\u00e7\u00e3o Federal: MEMOREX\u00a0<\/title>\n<meta name=\"description\" content=\"Nesse artigo vamos dispor sobre os principais detalhes do regramento acerca dos Munic\u00edpios, presente na Constitui\u00e7\u00e3o Federal.\u00a0\u00a0\" \/>\n<meta name=\"robots\" content=\"index, follow, max-snippet:-1, max-image-preview:large, max-video-preview:-1\" \/>\n<link rel=\"canonical\" href=\"https:\/\/www.estrategiaconcursos.com.br\/blog\/municipios-na-constituicao\/\" \/>\n<meta property=\"og:locale\" content=\"pt_BR\" \/>\n<meta property=\"og:type\" content=\"article\" \/>\n<meta property=\"og:title\" content=\"Munic\u00edpios na Constitui\u00e7\u00e3o Federal: MEMOREX\u00a0\" \/>\n<meta property=\"og:description\" content=\"Nesse artigo vamos dispor sobre os principais detalhes do regramento acerca dos Munic\u00edpios, presente na Constitui\u00e7\u00e3o Federal.\u00a0\u00a0\" \/>\n<meta property=\"og:url\" content=\"https:\/\/www.estrategiaconcursos.com.br\/blog\/municipios-na-constituicao\/\" \/>\n<meta property=\"og:site_name\" content=\"Estrat\u00e9gia Concursos\" \/>\n<meta property=\"article:published_time\" content=\"2022-07-24T21:32:00+00:00\" \/>\n<meta property=\"og:image\" content=\"https:\/\/dhg1h5j42swfq.cloudfront.net\/2022\/07\/11102336\/whatsapp-image-2022-07-08-at-13-51-04.jpeg\" \/>\n\t<meta property=\"og:image:width\" content=\"1080\" \/>\n\t<meta property=\"og:image:height\" content=\"1080\" \/>\n\t<meta property=\"og:image:type\" content=\"image\/jpeg\" \/>\n<meta name=\"author\" content=\"Ana Luiza Tib\u00farcio Guimar\u00e3es\" \/>\n<meta name=\"twitter:card\" content=\"summary_large_image\" \/>\n<meta name=\"twitter:creator\" content=\"@EstratConcursos\" \/>\n<meta name=\"twitter:site\" content=\"@EstratConcursos\" \/>\n<meta name=\"twitter:label1\" content=\"Escrito por\" \/>\n\t<meta name=\"twitter:data1\" content=\"Ana Luiza Tib\u00farcio Guimar\u00e3es\" \/>\n\t<meta name=\"twitter:label2\" content=\"Est. tempo de leitura\" \/>\n\t<meta name=\"twitter:data2\" content=\"5 minutos\" \/>\n<script type=\"application\/ld+json\" class=\"yoast-schema-graph\">{\"@context\":\"https:\/\/schema.org\",\"@graph\":[{\"@type\":\"NewsArticle\",\"@id\":\"https:\/\/www.estrategiaconcursos.com.br\/blog\/municipios-na-constituicao\/#article\",\"isPartOf\":{\"@id\":\"https:\/\/www.estrategiaconcursos.com.br\/blog\/municipios-na-constituicao\/\"},\"author\":{\"name\":\"Ana Luiza Tib\u00farcio Guimar\u00e3es\",\"@id\":\"https:\/\/www.estrategiaconcursos.com.br\/blog\/#\/schema\/person\/adbd974f815a3acb9e572fdf7315d7c2\"},\"headline\":\"Munic\u00edpios na Constitui\u00e7\u00e3o Federal: MEMOREX\u00a0\",\"datePublished\":\"2022-07-24T21:32:00+00:00\",\"mainEntityOfPage\":{\"@id\":\"https:\/\/www.estrategiaconcursos.com.br\/blog\/municipios-na-constituicao\/\"},\"wordCount\":1034,\"commentCount\":0,\"publisher\":{\"@id\":\"https:\/\/www.estrategiaconcursos.com.br\/blog\/#organization\"},\"image\":{\"@id\":\"https:\/\/www.estrategiaconcursos.com.br\/blog\/municipios-na-constituicao\/#primaryimage\"},\"thumbnailUrl\":\"https:\/\/dhg1h5j42swfq.cloudfront.net\/2022\/07\/11102336\/whatsapp-image-2022-07-08-at-13-51-04.jpeg\",\"articleSection\":[\"Concursos P\u00fablicos\",\"Tribunais\"],\"inLanguage\":\"pt-BR\",\"potentialAction\":[{\"@type\":\"CommentAction\",\"name\":\"Comment\",\"target\":[\"https:\/\/www.estrategiaconcursos.com.br\/blog\/municipios-na-constituicao\/#respond\"]}],\"copyrightYear\":\"2022\",\"copyrightHolder\":{\"@id\":\"https:\/\/www.estrategiaconcursos.com.br\/blog\/#organization\"}},{\"@type\":\"WebPage\",\"@id\":\"https:\/\/www.estrategiaconcursos.com.br\/blog\/municipios-na-constituicao\/\",\"url\":\"https:\/\/www.estrategiaconcursos.com.br\/blog\/municipios-na-constituicao\/\",\"name\":\"Munic\u00edpios na Constitui\u00e7\u00e3o Federal: MEMOREX\u00a0\",\"isPartOf\":{\"@id\":\"https:\/\/www.estrategiaconcursos.com.br\/blog\/#website\"},\"primaryImageOfPage\":{\"@id\":\"https:\/\/www.estrategiaconcursos.com.br\/blog\/municipios-na-constituicao\/#primaryimage\"},\"image\":{\"@id\":\"https:\/\/www.estrategiaconcursos.com.br\/blog\/municipios-na-constituicao\/#primaryimage\"},\"thumbnailUrl\":\"https:\/\/dhg1h5j42swfq.cloudfront.net\/2022\/07\/11102336\/whatsapp-image-2022-07-08-at-13-51-04.jpeg\",\"datePublished\":\"2022-07-24T21:32:00+00:00\",\"description\":\"Nesse artigo vamos dispor sobre os principais detalhes do regramento acerca dos Munic\u00edpios, presente na Constitui\u00e7\u00e3o Federal.\u00a0\u00a0\",\"breadcrumb\":{\"@id\":\"https:\/\/www.estrategiaconcursos.com.br\/blog\/municipios-na-constituicao\/#breadcrumb\"},\"inLanguage\":\"pt-BR\",\"potentialAction\":[{\"@type\":\"ReadAction\",\"target\":[\"https:\/\/www.estrategiaconcursos.com.br\/blog\/municipios-na-constituicao\/\"]}]},{\"@type\":\"ImageObject\",\"inLanguage\":\"pt-BR\",\"@id\":\"https:\/\/www.estrategiaconcursos.com.br\/blog\/municipios-na-constituicao\/#primaryimage\",\"url\":\"https:\/\/dhg1h5j42swfq.cloudfront.net\/2022\/07\/11102336\/whatsapp-image-2022-07-08-at-13-51-04.jpeg\",\"contentUrl\":\"https:\/\/dhg1h5j42swfq.cloudfront.net\/2022\/07\/11102336\/whatsapp-image-2022-07-08-at-13-51-04.jpeg\",\"width\":1080,\"height\":1080,\"caption\":\"Atribui\u00e7\u00f5es da C\u00e2mara e do Senado\"},{\"@type\":\"BreadcrumbList\",\"@id\":\"https:\/\/www.estrategiaconcursos.com.br\/blog\/municipios-na-constituicao\/#breadcrumb\",\"itemListElement\":[{\"@type\":\"ListItem\",\"position\":1,\"name\":\"In\u00edcio\",\"item\":\"https:\/\/www.estrategiaconcursos.com.br\/blog\/\"},{\"@type\":\"ListItem\",\"position\":2,\"name\":\"Munic\u00edpios na Constitui\u00e7\u00e3o Federal: MEMOREX\u00a0\"}]},{\"@type\":\"WebSite\",\"@id\":\"https:\/\/www.estrategiaconcursos.com.br\/blog\/#website\",\"url\":\"https:\/\/www.estrategiaconcursos.com.br\/blog\/\",\"name\":\"Estrat\u00e9gia Concursos\",\"description\":\"O blog da Estrat\u00e9gia Concursos traz not\u00edcias sobre concursos e artigos de professores oferecendo cursos para concursos (pdf + videaulas) no site.\",\"publisher\":{\"@id\":\"https:\/\/www.estrategiaconcursos.com.br\/blog\/#organization\"},\"potentialAction\":[{\"@type\":\"SearchAction\",\"target\":{\"@type\":\"EntryPoint\",\"urlTemplate\":\"https:\/\/www.estrategiaconcursos.com.br\/blog\/?s={search_term_string}\"},\"query-input\":{\"@type\":\"PropertyValueSpecification\",\"valueRequired\":true,\"valueName\":\"search_term_string\"}}],\"inLanguage\":\"pt-BR\"},{\"@type\":\"Organization\",\"@id\":\"https:\/\/www.estrategiaconcursos.com.br\/blog\/#organization\",\"name\":\"Estrat\u00e9gia Concursos\",\"url\":\"https:\/\/www.estrategiaconcursos.com.br\/blog\/\",\"logo\":{\"@type\":\"ImageObject\",\"inLanguage\":\"pt-BR\",\"@id\":\"https:\/\/www.estrategiaconcursos.com.br\/blog\/#\/schema\/logo\/image\/\",\"url\":\"https:\/\/dhg1h5j42swfq.cloudfront.net\/2025\/06\/03203428\/logo_concursos-1.jpg\",\"contentUrl\":\"https:\/\/dhg1h5j42swfq.cloudfront.net\/2025\/06\/03203428\/logo_concursos-1.jpg\",\"width\":230,\"height\":60,\"caption\":\"Estrat\u00e9gia Concursos\"},\"image\":{\"@id\":\"https:\/\/www.estrategiaconcursos.com.br\/blog\/#\/schema\/logo\/image\/\"},\"sameAs\":[\"https:\/\/x.com\/EstratConcursos\"]},{\"@type\":\"Person\",\"@id\":\"https:\/\/www.estrategiaconcursos.com.br\/blog\/#\/schema\/person\/adbd974f815a3acb9e572fdf7315d7c2\",\"name\":\"Ana Luiza Tib\u00farcio Guimar\u00e3es\",\"image\":{\"@type\":\"ImageObject\",\"inLanguage\":\"pt-BR\",\"@id\":\"https:\/\/secure.gravatar.com\/avatar\/d0e9fa767d159d6bdb59324855854ef2672e0774dce8705b1c42c80a5b4de7b8?s=96&d=mm&r=g\",\"url\":\"https:\/\/secure.gravatar.com\/avatar\/d0e9fa767d159d6bdb59324855854ef2672e0774dce8705b1c42c80a5b4de7b8?s=96&d=mm&r=g\",\"contentUrl\":\"https:\/\/secure.gravatar.com\/avatar\/d0e9fa767d159d6bdb59324855854ef2672e0774dce8705b1c42c80a5b4de7b8?s=96&d=mm&r=g\",\"caption\":\"Ana Luiza Tib\u00farcio Guimar\u00e3es\"},\"description\":\"Graduada em Direito pela Pontif\u00edcia Universidade Cat\u00f3lica de Minas Gerais e graduada em Ci\u00eancias do Estado pela Universidade Federal de Minas Gerais. P\u00f3s Graduada em Direito P\u00fablico pela PUC Minas. Gradua\u00e7\u00e3o em Gest\u00e3o P\u00fablica e P\u00f3s Gradua\u00e7\u00e3o em Ci\u00eancia Pol\u00edtica em andamento. Analista de Processo Legislativo do Senado Federal, lotada na Secretaria Legislativa do Senado. Aprova\u00e7\u00f5es em concursos: Aprovada para o cargo de Analista Judici\u00e1ria do TRF 3 (2025) Aprovada para o cargo de Procuradora do Munic\u00edpio de S\u00e3o Paulo (2024) Aprovada para o cargo de Analista Legislativa do Senado Federal (2023) Aprovada em 1\u00ba lugar para o cargo de T\u00e9cnico Judici\u00e1rio do TRF 3 (2019) Aprovada para o cargo de Juiz Leigo do Tribunal de Justi\u00e7a de Minas Gerais (2019).\",\"url\":\"https:\/\/www.estrategiaconcursos.com.br\/blog\/author\/anatiburcio-ggmail-com\/\"}]}<\/script>\n<!-- \/ Yoast SEO Premium plugin. -->","yoast_head_json":{"title":"Munic\u00edpios na Constitui\u00e7\u00e3o Federal: MEMOREX\u00a0","description":"Nesse artigo vamos dispor sobre os principais detalhes do regramento acerca dos Munic\u00edpios, presente na Constitui\u00e7\u00e3o Federal.\u00a0\u00a0","robots":{"index":"index","follow":"follow","max-snippet":"max-snippet:-1","max-image-preview":"max-image-preview:large","max-video-preview":"max-video-preview:-1"},"canonical":"https:\/\/www.estrategiaconcursos.com.br\/blog\/municipios-na-constituicao\/","og_locale":"pt_BR","og_type":"article","og_title":"Munic\u00edpios na Constitui\u00e7\u00e3o Federal: MEMOREX\u00a0","og_description":"Nesse artigo vamos dispor sobre os principais detalhes do regramento acerca dos Munic\u00edpios, presente na Constitui\u00e7\u00e3o Federal.\u00a0\u00a0","og_url":"https:\/\/www.estrategiaconcursos.com.br\/blog\/municipios-na-constituicao\/","og_site_name":"Estrat\u00e9gia Concursos","article_published_time":"2022-07-24T21:32:00+00:00","og_image":[{"width":1080,"height":1080,"url":"https:\/\/dhg1h5j42swfq.cloudfront.net\/2022\/07\/11102336\/whatsapp-image-2022-07-08-at-13-51-04.jpeg","type":"image\/jpeg"}],"author":"Ana Luiza Tib\u00farcio Guimar\u00e3es","twitter_card":"summary_large_image","twitter_creator":"@EstratConcursos","twitter_site":"@EstratConcursos","twitter_misc":{"Escrito por":"Ana Luiza Tib\u00farcio Guimar\u00e3es","Est. tempo de leitura":"5 minutos"},"schema":{"@context":"https:\/\/schema.org","@graph":[{"@type":"NewsArticle","@id":"https:\/\/www.estrategiaconcursos.com.br\/blog\/municipios-na-constituicao\/#article","isPartOf":{"@id":"https:\/\/www.estrategiaconcursos.com.br\/blog\/municipios-na-constituicao\/"},"author":{"name":"Ana Luiza Tib\u00farcio Guimar\u00e3es","@id":"https:\/\/www.estrategiaconcursos.com.br\/blog\/#\/schema\/person\/adbd974f815a3acb9e572fdf7315d7c2"},"headline":"Munic\u00edpios na Constitui\u00e7\u00e3o Federal: MEMOREX\u00a0","datePublished":"2022-07-24T21:32:00+00:00","mainEntityOfPage":{"@id":"https:\/\/www.estrategiaconcursos.com.br\/blog\/municipios-na-constituicao\/"},"wordCount":1034,"commentCount":0,"publisher":{"@id":"https:\/\/www.estrategiaconcursos.com.br\/blog\/#organization"},"image":{"@id":"https:\/\/www.estrategiaconcursos.com.br\/blog\/municipios-na-constituicao\/#primaryimage"},"thumbnailUrl":"https:\/\/dhg1h5j42swfq.cloudfront.net\/2022\/07\/11102336\/whatsapp-image-2022-07-08-at-13-51-04.jpeg","articleSection":["Concursos P\u00fablicos","Tribunais"],"inLanguage":"pt-BR","potentialAction":[{"@type":"CommentAction","name":"Comment","target":["https:\/\/www.estrategiaconcursos.com.br\/blog\/municipios-na-constituicao\/#respond"]}],"copyrightYear":"2022","copyrightHolder":{"@id":"https:\/\/www.estrategiaconcursos.com.br\/blog\/#organization"}},{"@type":"WebPage","@id":"https:\/\/www.estrategiaconcursos.com.br\/blog\/municipios-na-constituicao\/","url":"https:\/\/www.estrategiaconcursos.com.br\/blog\/municipios-na-constituicao\/","name":"Munic\u00edpios na Constitui\u00e7\u00e3o Federal: MEMOREX\u00a0","isPartOf":{"@id":"https:\/\/www.estrategiaconcursos.com.br\/blog\/#website"},"primaryImageOfPage":{"@id":"https:\/\/www.estrategiaconcursos.com.br\/blog\/municipios-na-constituicao\/#primaryimage"},"image":{"@id":"https:\/\/www.estrategiaconcursos.com.br\/blog\/municipios-na-constituicao\/#primaryimage"},"thumbnailUrl":"https:\/\/dhg1h5j42swfq.cloudfront.net\/2022\/07\/11102336\/whatsapp-image-2022-07-08-at-13-51-04.jpeg","datePublished":"2022-07-24T21:32:00+00:00","description":"Nesse artigo vamos dispor sobre os principais detalhes do regramento acerca dos Munic\u00edpios, presente na Constitui\u00e7\u00e3o Federal.\u00a0\u00a0","breadcrumb":{"@id":"https:\/\/www.estrategiaconcursos.com.br\/blog\/municipios-na-constituicao\/#breadcrumb"},"inLanguage":"pt-BR","potentialAction":[{"@type":"ReadAction","target":["https:\/\/www.estrategiaconcursos.com.br\/blog\/municipios-na-constituicao\/"]}]},{"@type":"ImageObject","inLanguage":"pt-BR","@id":"https:\/\/www.estrategiaconcursos.com.br\/blog\/municipios-na-constituicao\/#primaryimage","url":"https:\/\/dhg1h5j42swfq.cloudfront.net\/2022\/07\/11102336\/whatsapp-image-2022-07-08-at-13-51-04.jpeg","contentUrl":"https:\/\/dhg1h5j42swfq.cloudfront.net\/2022\/07\/11102336\/whatsapp-image-2022-07-08-at-13-51-04.jpeg","width":1080,"height":1080,"caption":"Atribui\u00e7\u00f5es da C\u00e2mara e do Senado"},{"@type":"BreadcrumbList","@id":"https:\/\/www.estrategiaconcursos.com.br\/blog\/municipios-na-constituicao\/#breadcrumb","itemListElement":[{"@type":"ListItem","position":1,"name":"In\u00edcio","item":"https:\/\/www.estrategiaconcursos.com.br\/blog\/"},{"@type":"ListItem","position":2,"name":"Munic\u00edpios na Constitui\u00e7\u00e3o Federal: MEMOREX\u00a0"}]},{"@type":"WebSite","@id":"https:\/\/www.estrategiaconcursos.com.br\/blog\/#website","url":"https:\/\/www.estrategiaconcursos.com.br\/blog\/","name":"Estrat\u00e9gia Concursos","description":"O blog da Estrat\u00e9gia Concursos traz not\u00edcias sobre concursos e artigos de professores oferecendo cursos para concursos (pdf + videaulas) no site.","publisher":{"@id":"https:\/\/www.estrategiaconcursos.com.br\/blog\/#organization"},"potentialAction":[{"@type":"SearchAction","target":{"@type":"EntryPoint","urlTemplate":"https:\/\/www.estrategiaconcursos.com.br\/blog\/?s={search_term_string}"},"query-input":{"@type":"PropertyValueSpecification","valueRequired":true,"valueName":"search_term_string"}}],"inLanguage":"pt-BR"},{"@type":"Organization","@id":"https:\/\/www.estrategiaconcursos.com.br\/blog\/#organization","name":"Estrat\u00e9gia Concursos","url":"https:\/\/www.estrategiaconcursos.com.br\/blog\/","logo":{"@type":"ImageObject","inLanguage":"pt-BR","@id":"https:\/\/www.estrategiaconcursos.com.br\/blog\/#\/schema\/logo\/image\/","url":"https:\/\/dhg1h5j42swfq.cloudfront.net\/2025\/06\/03203428\/logo_concursos-1.jpg","contentUrl":"https:\/\/dhg1h5j42swfq.cloudfront.net\/2025\/06\/03203428\/logo_concursos-1.jpg","width":230,"height":60,"caption":"Estrat\u00e9gia Concursos"},"image":{"@id":"https:\/\/www.estrategiaconcursos.com.br\/blog\/#\/schema\/logo\/image\/"},"sameAs":["https:\/\/x.com\/EstratConcursos"]},{"@type":"Person","@id":"https:\/\/www.estrategiaconcursos.com.br\/blog\/#\/schema\/person\/adbd974f815a3acb9e572fdf7315d7c2","name":"Ana Luiza Tib\u00farcio Guimar\u00e3es","image":{"@type":"ImageObject","inLanguage":"pt-BR","@id":"https:\/\/secure.gravatar.com\/avatar\/d0e9fa767d159d6bdb59324855854ef2672e0774dce8705b1c42c80a5b4de7b8?s=96&d=mm&r=g","url":"https:\/\/secure.gravatar.com\/avatar\/d0e9fa767d159d6bdb59324855854ef2672e0774dce8705b1c42c80a5b4de7b8?s=96&d=mm&r=g","contentUrl":"https:\/\/secure.gravatar.com\/avatar\/d0e9fa767d159d6bdb59324855854ef2672e0774dce8705b1c42c80a5b4de7b8?s=96&d=mm&r=g","caption":"Ana Luiza Tib\u00farcio Guimar\u00e3es"},"description":"Graduada em Direito pela Pontif\u00edcia Universidade Cat\u00f3lica de Minas Gerais e graduada em Ci\u00eancias do Estado pela Universidade Federal de Minas Gerais. P\u00f3s Graduada em Direito P\u00fablico pela PUC Minas. Gradua\u00e7\u00e3o em Gest\u00e3o P\u00fablica e P\u00f3s Gradua\u00e7\u00e3o em Ci\u00eancia Pol\u00edtica em andamento. Analista de Processo Legislativo do Senado Federal, lotada na Secretaria Legislativa do Senado. Aprova\u00e7\u00f5es em concursos: Aprovada para o cargo de Analista Judici\u00e1ria do TRF 3 (2025) Aprovada para o cargo de Procuradora do Munic\u00edpio de S\u00e3o Paulo (2024) Aprovada para o cargo de Analista Legislativa do Senado Federal (2023) Aprovada em 1\u00ba lugar para o cargo de T\u00e9cnico Judici\u00e1rio do TRF 3 (2019) Aprovada para o cargo de Juiz Leigo do Tribunal de Justi\u00e7a de Minas Gerais (2019).","url":"https:\/\/www.estrategiaconcursos.com.br\/blog\/author\/anatiburcio-ggmail-com\/"}]}},"_links":{"self":[{"href":"https:\/\/www.estrategiaconcursos.com.br\/blog\/wp-json\/wp\/v2\/posts\/1055682","targetHints":{"allow":["GET"]}}],"collection":[{"href":"https:\/\/www.estrategiaconcursos.com.br\/blog\/wp-json\/wp\/v2\/posts"}],"about":[{"href":"https:\/\/www.estrategiaconcursos.com.br\/blog\/wp-json\/wp\/v2\/types\/post"}],"author":[{"embeddable":true,"href":"https:\/\/www.estrategiaconcursos.com.br\/blog\/wp-json\/wp\/v2\/users\/1666"}],"replies":[{"embeddable":true,"href":"https:\/\/www.estrategiaconcursos.com.br\/blog\/wp-json\/wp\/v2\/comments?post=1055682"}],"version-history":[{"count":6,"href":"https:\/\/www.estrategiaconcursos.com.br\/blog\/wp-json\/wp\/v2\/posts\/1055682\/revisions"}],"predecessor-version":[{"id":1062747,"href":"https:\/\/www.estrategiaconcursos.com.br\/blog\/wp-json\/wp\/v2\/posts\/1055682\/revisions\/1062747"}],"wp:featuredmedia":[{"embeddable":true,"href":"https:\/\/www.estrategiaconcursos.com.br\/blog\/wp-json\/wp\/v2\/media\/1058885"}],"wp:attachment":[{"href":"https:\/\/www.estrategiaconcursos.com.br\/blog\/wp-json\/wp\/v2\/media?parent=1055682"}],"wp:term":[{"taxonomy":"category","embeddable":true,"href":"https:\/\/www.estrategiaconcursos.com.br\/blog\/wp-json\/wp\/v2\/categories?post=1055682"},{"taxonomy":"post_tag","embeddable":true,"href":"https:\/\/www.estrategiaconcursos.com.br\/blog\/wp-json\/wp\/v2\/tags?post=1055682"},{"taxonomy":"tax_estado","embeddable":true,"href":"https:\/\/www.estrategiaconcursos.com.br\/blog\/wp-json\/wp\/v2\/tax_estado?post=1055682"}],"curies":[{"name":"wp","href":"https:\/\/api.w.org\/{rel}","templated":true}]}}