{"id":1055414,"date":"2022-07-05T08:59:30","date_gmt":"2022-07-05T11:59:30","guid":{"rendered":"https:\/\/www.estrategiaconcursos.com.br\/blog\/?p=1055414"},"modified":"2023-05-19T14:03:28","modified_gmt":"2023-05-19T17:03:28","slug":"estrategia-cast-sefaz-mg","status":"publish","type":"post","link":"https:\/\/www.estrategiaconcursos.com.br\/blog\/estrategia-cast-sefaz-mg\/","title":{"rendered":"Estrat\u00e9gia Cast SEFAZ MG \u2013 Reta Final P\u00f3s-edital"},"content":{"rendered":"\n<p>J\u00e1 est\u00e1 na pra\u00e7a o edital do concurso p\u00fablico da <a href=\"https:\/\/www.estrategiaconcursos.com.br\/cursosPorConcurso\/secretaria-da-fazenda-do-estado-de-minas-gerais-sefaz-mg\/\" target=\"_blank\" rel=\"noreferrer noopener\">Secretaria da Fazenda de Minas Gerais<\/a> (<em><strong>Sefaz MG<\/strong><\/em>). <\/p>\n\n\n\n<p>A organiza\u00e7\u00e3o do certame \u00e9 da <strong>FGV<\/strong> e a candidatura poder\u00e1 ser feita a partir do dia 23 de agosto.<\/p>\n\n\n\n<p>S\u00e3o ofertadas <strong>431 vagas<\/strong> para o cargo de <strong>Auditor Fiscal <\/strong>(n\u00edvel superior), nas \u00e1reas de <a href=\"https:\/\/www.estrategiaconcursos.com.br\/curso\/sefaz-mg-auditor-fiscal-area-tecnologia-da-informacao-pacote-2022-pos-edital\/\" target=\"_blank\" rel=\"noreferrer noopener\">Tecnologia da Informa\u00e7\u00e3o<\/a>,&nbsp;<a href=\"https:\/\/www.estrategiaconcursos.com.br\/curso\/sefaz-mg-auditor-fiscal-area-tributacao-pacote-2022-pos-edital\/\" target=\"_blank\" rel=\"noreferrer noopener\">Tributa\u00e7\u00e3o<\/a>&nbsp;e&nbsp;<a href=\"https:\/\/www.estrategiaconcursos.com.br\/curso\/sefaz-mg-auditor-fiscal-area-auditoria-e-fiscalizacao-pacote-2022-pos-edital\/\" target=\"_blank\" rel=\"noreferrer noopener\">Auditoria e Fiscaliza\u00e7\u00e3o<\/a>.<\/p>\n\n\n\n<p>Se voc\u00ea deseja garantir uma das vagas e ganhar <strong>mais de R$ 20 mil por m\u00eas<\/strong>, \u00e9 bom come\u00e7ar a acelerar os estudos! <\/p>\n\n\n\n<p>Entretanto, sabemos que com a rotina di\u00e1ria, nem sempre h\u00e1 tempo para parar e focar no seu PDF.<\/p>\n\n\n\n<p>Por isso, que tal aproveitar para fixar o conte\u00fado j\u00e1 estudado enquanto dirige, malha, lava a lou\u00e7a, anda de bicicleta&#8230;<\/p>\n\n\n\n<p>Isso \u00e9 poss\u00edvel com o <strong>Estrat\u00e9gia Cast<\/strong> focado no edital do concurso da Sefaz MG! Ser\u00e3o&nbsp;cerca de<strong> 19 horas de \u00e1udios<\/strong>&nbsp;ministrados pelo nosso time de professores. <\/p>\n\n\n\n<p><strong><em>Confira a programa\u00e7\u00e3o prevista:<\/em><\/strong><\/p>\n\n\n\n<figure class=\"wp-block-table is-style-stripes\"><table class=\"has-fixed-layout\"><thead><tr><th class=\"has-text-align-center\" data-align=\"center\">Mat\u00e9ria<\/th><th class=\"has-text-align-center\" data-align=\"center\">Professor<\/th><th class=\"has-text-align-center\" data-align=\"center\">Carga Hor\u00e1ria (h)<\/th><\/tr><\/thead><tbody><tr><td class=\"has-text-align-center\" data-align=\"center\">Portugu\u00eas<\/td><td class=\"has-text-align-center\" data-align=\"center\">Fabricio Dutra<\/td><td class=\"has-text-align-center\" data-align=\"center\">1h<\/td><\/tr><tr><td class=\"has-text-align-center\" data-align=\"center\">Racioc\u00ednio L\u00f3gico\/Matem\u00e1tico<\/td><td class=\"has-text-align-center\" data-align=\"center\">Eduardo Mecellin<\/td><td class=\"has-text-align-center\" data-align=\"center\">1h<\/td><\/tr><tr><td class=\"has-text-align-center\" data-align=\"center\">Administrativo<\/td><td class=\"has-text-align-center\" data-align=\"center\">Antonio Daud<\/td><td class=\"has-text-align-center\" data-align=\"center\">1h<\/td><\/tr><tr><td class=\"has-text-align-center\" data-align=\"center\">Constitucional<\/td><td class=\"has-text-align-center\" data-align=\"center\">Fabio Ramos<\/td><td class=\"has-text-align-center\" data-align=\"center\">1h<\/td><\/tr><tr><td class=\"has-text-align-center\" data-align=\"center\">Direitos Humanos<\/td><td class=\"has-text-align-center\" data-align=\"center\">Gessica Ehle<\/td><td class=\"has-text-align-center\" data-align=\"center\">1h<\/td><\/tr><tr><td class=\"has-text-align-center\" data-align=\"center\">Direito Civil<\/td><td class=\"has-text-align-center\" data-align=\"center\">Mario Godoy<\/td><td class=\"has-text-align-center\" data-align=\"center\">1h<\/td><\/tr><tr><td class=\"has-text-align-center\" data-align=\"center\">Direito Empresarial<\/td><td class=\"has-text-align-center\" data-align=\"center\">Cadu Carrilho<\/td><td class=\"has-text-align-center\" data-align=\"center\">1h<\/td><\/tr><tr><td class=\"has-text-align-center\" data-align=\"center\">Direito Penal<\/td><td class=\"has-text-align-center\" data-align=\"center\">Ivan Marques<\/td><td class=\"has-text-align-center\" data-align=\"center\">1h<\/td><\/tr><tr><td class=\"has-text-align-center\" data-align=\"center\">Direito Tribut\u00e1rio<\/td><td class=\"has-text-align-center\" data-align=\"center\">Fernando Mauricio<\/td><td class=\"has-text-align-center\" data-align=\"center\">1h<\/td><\/tr><tr><td class=\"has-text-align-center\" data-align=\"center\">Contabilidade Geral e Avan\u00e7ada<\/td><td class=\"has-text-align-center\" data-align=\"center\">Julio Cardozo<\/td><td class=\"has-text-align-center\" data-align=\"center\">1h<\/td><\/tr><tr><td class=\"has-text-align-center\" data-align=\"center\">Contabilidade de Custos<\/td><td class=\"has-text-align-center\" data-align=\"center\">Julio Cardozo<\/td><td class=\"has-text-align-center\" data-align=\"center\">1h<\/td><\/tr><tr><td class=\"has-text-align-center\" data-align=\"center\">Economia<\/td><td class=\"has-text-align-center\" data-align=\"center\">Amanda Aires<\/td><td class=\"has-text-align-center\" data-align=\"center\">1h<\/td><\/tr><tr><td class=\"has-text-align-center\" data-align=\"center\">Matem\u00e1tica Financeira<\/td><td class=\"has-text-align-center\" data-align=\"center\">Vinicius Veleda<\/td><td class=\"has-text-align-center\" data-align=\"center\">1h<\/td><\/tr><tr><td class=\"has-text-align-center\" data-align=\"center\">Auditoria Cont\u00e1bil<\/td><td class=\"has-text-align-center\" data-align=\"center\">Guilherme Santana<\/td><td class=\"has-text-align-center\" data-align=\"center\">1h<\/td><\/tr><tr><td class=\"has-text-align-center\" data-align=\"center\">Estat\u00edstica<\/td><td class=\"has-text-align-center\" data-align=\"center\">Luana Brand\u00e3o<\/td><td class=\"has-text-align-center\" data-align=\"center\">1h<\/td><\/tr><tr><td class=\"has-text-align-center\" data-align=\"center\">Legisla\u00e7\u00e3o Tribut\u00e1ria Estadual<\/td><td class=\"has-text-align-center\" data-align=\"center\">Eduardo da Rocha<\/td><td class=\"has-text-align-center\" data-align=\"center\">2h<\/td><\/tr><tr><td class=\"has-text-align-center\" data-align=\"center\">Tecnologia da Informa\u00e7\u00e3o<\/td><td class=\"has-text-align-center\" data-align=\"center\">Diego Carvalho<\/td><td class=\"has-text-align-center\" data-align=\"center\">2h<\/td><\/tr><\/tbody><\/table><figcaption class=\"wp-element-caption\">Mat\u00e9ria<\/figcaption><\/figure>\n\n\n\n<h2 class=\"wp-block-heading\" id=\"h-estrategia-cast\">Estrat\u00e9gia Cast <\/h2>\n\n\n\n<p>J\u00e1 conhece o<strong>&nbsp;<a href=\"https:\/\/www.estrategiacast.com.br\/\" target=\"_blank\" rel=\"noreferrer noopener\">Estrat\u00e9gia Cast<\/a><\/strong>? Nele, voc\u00ea pode salvar seus conte\u00fados favoritos, ouvi-los&nbsp;<em>offline<\/em>&nbsp;e acelerar a velocidade de reprodu\u00e7\u00e3o. Nossos materiais s\u00e3o compostos por cursos regulares, de&nbsp;reta final, \u00e1udios motivacionais e muito mais.<\/p>\n\n\n\n<p>Baixe o aplicativo agora mesmo em seu Smartphone e ou\u00e7a os \u00e1udios em qualquer lugar e a qualquer momento. N\u00e3o deixe para depois, reforce seus estudos j\u00e1!<\/p>\n\n\n\n<figure class=\"wp-block-image aligncenter size-large is-resized\"><a href=\"https:\/\/play.google.com\/store\/apps\/details?id=br.com.estrategiaaudio&amp;hl=pt_BR\"><img loading=\"lazy\" decoding=\"async\" src=\"https:\/\/dhg1h5j42swfq.cloudfront.net\/2021\/05\/19124450\/android2.png\" alt=\"Estrat\u00e9gia Cast  Sefaz MG - Google Play\" class=\"wp-image-745229\" width=\"286\" height=\"85\" srcset=\"https:\/\/dhg1h5j42swfq.cloudfront.net\/2021\/05\/19124450\/android2.png 801w, https:\/\/dhg1h5j42swfq.cloudfront.net\/2021\/05\/19124450\/android2-300x89.png 300w, https:\/\/dhg1h5j42swfq.cloudfront.net\/2021\/05\/19124450\/android2-768x228.png 768w, https:\/\/dhg1h5j42swfq.cloudfront.net\/2021\/05\/19124450\/android2-610x181.png 610w\" sizes=\"auto, (max-width: 286px) 100vw, 286px\" \/><\/a><\/figure>\n\n\n\n<figure class=\"wp-block-image aligncenter size-large is-resized\"><img loading=\"lazy\" decoding=\"async\" src=\"https:\/\/dhg1h5j42swfq.cloudfront.net\/2021\/05\/19124531\/22-badge_appstore.png\" alt=\"Estrat\u00e9gia Cast  Sefaz MG - App Store\" class=\"wp-image-745230\" width=\"256\" height=\"86\" srcset=\"https:\/\/dhg1h5j42swfq.cloudfront.net\/2021\/05\/19124531\/22-badge_appstore.png 600w, https:\/\/dhg1h5j42swfq.cloudfront.net\/2021\/05\/19124531\/22-badge_appstore-300x101.png 300w\" sizes=\"auto, (max-width: 256px) 100vw, 256px\" \/><\/figure>\n\n\n\n<p class=\"has-text-align-center\"><em>Para ficar por dentro de todas as informa\u00e7\u00f5es sobre o concurso Sefaz MG, n\u00e3o deixe de conferir nosso artigo completo sobre a sele\u00e7\u00e3o:<\/em><\/p>\n\n\n\n<p class=\"has-text-align-center has-background\" style=\"background-color:#eaecee;font-size:clamp(14.642px, 0.915rem + ((1vw - 3.2px) * 0.721), 22px);\"><strong>Saiba mais: <a href=\"https:\/\/www.estrategiaconcursos.com.br\/blog\/concurso-sefaz-mg\/\" target=\"_blank\" rel=\"noreferrer noopener\">Sefaz MG<\/a><\/strong><\/p>\n\n\n\n<hr class=\"wp-block-separator has-css-opacity\"\/>\n\n\n\n<h2 class=\"wp-block-heading has-text-align-center\" id=\"cursos-assinatura\">Confira os nossos cursos para o concurso Sefaz MG:<\/h2>\n\n\n\n<div class=\"container\" id=\"boxes\">\n  <div class=\"row\">\n\n    <div class=\"col-sm\">\n      <div class=\"banner-fiscal-01\" id=\"box-assinatura\">\n        <h3 class=\"titulo-assinatura\">Carreiras Fiscais<\/h3>\n        <p class=\"subtitulo-assinatura\">Conhe\u00e7a os cursos para Sefaz MG<\/p>\n        <div class=\"box-botao\">\n          <a class=\"btn-assinatura\" target=\"_blank\" href=\"https:\/\/www.estrategiaconcursos.com.br\/cursosPorConcurso\/secretaria-da-fazenda-do-estado-de-minas-gerais-sefaz-mg\/\" role=\"button\" rel=\"noopener noreferrer\">Conhe\u00e7a mais<\/a>\n        <\/div>\n      <\/div>\n     \n    <\/div>\n\n  <\/div>\n<\/div>\n\n\n\n<div class=\"container\" id=\"boxes\">\n  <div class=\"row\">\n\n    <div class=\"col-sm\">\n      <div class=\"estrategia\" id=\"box-assinatura\">\n        <h3 class=\"titulo-assinatura\">Assinatura Concursos<\/h3>\n        <p class=\"subtitulo-assinatura\">Assinatura de 1 ano ou 2 anos<\/p>\n        <div class=\"box-botao\">\n          <a class=\"btn-assinatura\" target=\"_blank\" href=\"https:\/\/www.estrategiaconcursos.com.br\/assinaturas\/\" role=\"button\" rel=\"noopener noreferrer\">ASSINE AGORA<\/a>\n        <\/div>\n      <\/div>\n     \n    <\/div><\/div><\/div>\n\n\n\n<h2 class=\"wp-block-heading has-text-align-center\" id=\"quer-saber-tudo-sobre-concursos-previstos-confira-nossos-artigos\">Quer saber tudo sobre concursos previstos?<br \/>Confira nossos artigos!<\/h2>\n\n\n\n<ul class=\"wp-block-list\">\n<li><a href=\"https:\/\/www.estrategiaconcursos.com.br\/blog\/concursos-abertos\/\" target=\"_blank\" rel=\"noreferrer noopener\">Concursos abertos<\/a><\/li>\n\n\n\n<li><a href=\"https:\/\/www.estrategiaconcursos.com.br\/blog\/concursos-fiscais-2022\/\" target=\"_blank\" rel=\"noreferrer noopener\">Concursos fiscais<\/a><\/li>\n\n\n\n<li><a href=\"https:\/\/www.estrategiaconcursos.com.br\/blog\/concursos-2022\/\" target=\"_blank\" rel=\"noreferrer noopener\">Concursos 2022<\/a><\/li>\n\n\n\n<li><a href=\"https:\/\/www.estrategiaconcursos.com.br\/blog\/concursos-2022\/\" target=\"_blank\" rel=\"noreferrer noopener\">Concursos 2023<\/a><\/li>\n<\/ul>\n","protected":false},"excerpt":{"rendered":"<p>J\u00e1 est\u00e1 na pra\u00e7a o edital do concurso p\u00fablico da Secretaria da Fazenda de Minas Gerais (Sefaz MG). A organiza\u00e7\u00e3o do certame \u00e9 da FGV e a candidatura poder\u00e1 ser feita a partir do dia 23 de agosto. S\u00e3o ofertadas 431 vagas para o cargo de Auditor Fiscal (n\u00edvel superior), nas \u00e1reas de Tecnologia da [&hellip;]<\/p>\n","protected":false},"author":659,"featured_media":874825,"comment_status":"open","ping_status":"closed","sticky":false,"template":"","format":"standard","meta":{"post_tipo":"news","footnotes":""},"categories":[1983,220219],"tags":[],"tax_estado":[219974],"class_list":["post-1055414","post","type-post","status-publish","format-standard","has-post-thumbnail","hentry","category-fiscal-estadual","category-noticias","tax_estado-mg"],"acf":[],"yoast_head":"<!-- This site is optimized with the Yoast SEO Premium plugin v27.2 (Yoast SEO v27.2) - https:\/\/yoast.com\/product\/yoast-seo-premium-wordpress\/ -->\n<title>Estrat\u00e9gia Cast SEFAZ MG \u2013 Reta Final P\u00f3s-edital<\/title>\n<meta name=\"description\" content=\"Conhe\u00e7a o Estrat\u00e9gia Cast Sefaz MG, no qual o nosso time de professores abordar\u00e1 os t\u00f3picos mais importantes do edital rec\u00e9m publicado!\" \/>\n<meta name=\"robots\" content=\"index, follow, max-snippet:-1, max-image-preview:large, max-video-preview:-1\" \/>\n<link rel=\"canonical\" href=\"https:\/\/www.estrategiaconcursos.com.br\/blog\/estrategia-cast-sefaz-mg\/\" \/>\n<meta property=\"og:locale\" content=\"pt_BR\" \/>\n<meta property=\"og:type\" content=\"article\" \/>\n<meta property=\"og:title\" content=\"Estrat\u00e9gia Cast SEFAZ MG \u2013 Reta Final P\u00f3s-edital\" \/>\n<meta property=\"og:description\" content=\"Conhe\u00e7a o Estrat\u00e9gia Cast Sefaz MG, no qual o nosso time de professores abordar\u00e1 os t\u00f3picos mais importantes do edital rec\u00e9m publicado!\" \/>\n<meta property=\"og:url\" content=\"https:\/\/www.estrategiaconcursos.com.br\/blog\/estrategia-cast-sefaz-mg\/\" \/>\n<meta property=\"og:site_name\" content=\"Estrat\u00e9gia Concursos\" \/>\n<meta property=\"article:published_time\" content=\"2022-07-05T11:59:30+00:00\" \/>\n<meta property=\"article:modified_time\" content=\"2023-05-19T17:03:28+00:00\" \/>\n<meta property=\"og:image\" content=\"https:\/\/dhg1h5j42swfq.cloudfront.net\/2021\/09\/30193321\/estrategia-cast.jpeg\" \/>\n\t<meta property=\"og:image:width\" content=\"400\" \/>\n\t<meta property=\"og:image:height\" content=\"208\" \/>\n\t<meta property=\"og:image:type\" content=\"image\/jpeg\" \/>\n<meta name=\"author\" content=\"Camila Leite\" \/>\n<meta name=\"twitter:card\" content=\"summary_large_image\" \/>\n<meta name=\"twitter:creator\" content=\"@EstratConcursos\" \/>\n<meta name=\"twitter:site\" content=\"@EstratConcursos\" \/>\n<meta name=\"twitter:label1\" content=\"Escrito por\" \/>\n\t<meta name=\"twitter:data1\" content=\"Camila Leite\" \/>\n\t<meta name=\"twitter:label2\" content=\"Est. tempo de leitura\" \/>\n\t<meta name=\"twitter:data2\" content=\"3 minutos\" \/>\n<script type=\"application\/ld+json\" class=\"yoast-schema-graph\">{\"@context\":\"https:\/\/schema.org\",\"@graph\":[{\"@type\":\"NewsArticle\",\"@id\":\"https:\/\/www.estrategiaconcursos.com.br\/blog\/estrategia-cast-sefaz-mg\/#article\",\"isPartOf\":{\"@id\":\"https:\/\/www.estrategiaconcursos.com.br\/blog\/estrategia-cast-sefaz-mg\/\"},\"author\":{\"name\":\"Camila Leite\",\"@id\":\"https:\/\/www.estrategiaconcursos.com.br\/blog\/#\/schema\/person\/84ecdc6eb58d3cf1689bf76c5cd8fb38\"},\"headline\":\"Estrat\u00e9gia Cast SEFAZ MG \u2013 Reta Final P\u00f3s-edital\",\"datePublished\":\"2022-07-05T11:59:30+00:00\",\"dateModified\":\"2023-05-19T17:03:28+00:00\",\"mainEntityOfPage\":{\"@id\":\"https:\/\/www.estrategiaconcursos.com.br\/blog\/estrategia-cast-sefaz-mg\/\"},\"wordCount\":437,\"commentCount\":0,\"publisher\":{\"@id\":\"https:\/\/www.estrategiaconcursos.com.br\/blog\/#organization\"},\"image\":{\"@id\":\"https:\/\/www.estrategiaconcursos.com.br\/blog\/estrategia-cast-sefaz-mg\/#primaryimage\"},\"thumbnailUrl\":\"https:\/\/dhg1h5j42swfq.cloudfront.net\/2021\/09\/30193321\/estrategia-cast.jpeg\",\"articleSection\":[\"Fiscal - Estadual (ICMS)\",\"\u00daltimas not\u00edcias\"],\"inLanguage\":\"pt-BR\",\"potentialAction\":[{\"@type\":\"CommentAction\",\"name\":\"Comment\",\"target\":[\"https:\/\/www.estrategiaconcursos.com.br\/blog\/estrategia-cast-sefaz-mg\/#respond\"]}],\"copyrightYear\":\"2022\",\"copyrightHolder\":{\"@id\":\"https:\/\/www.estrategiaconcursos.com.br\/blog\/#organization\"}},{\"@type\":\"WebPage\",\"@id\":\"https:\/\/www.estrategiaconcursos.com.br\/blog\/estrategia-cast-sefaz-mg\/\",\"url\":\"https:\/\/www.estrategiaconcursos.com.br\/blog\/estrategia-cast-sefaz-mg\/\",\"name\":\"Estrat\u00e9gia Cast SEFAZ MG \u2013 Reta Final P\u00f3s-edital\",\"isPartOf\":{\"@id\":\"https:\/\/www.estrategiaconcursos.com.br\/blog\/#website\"},\"primaryImageOfPage\":{\"@id\":\"https:\/\/www.estrategiaconcursos.com.br\/blog\/estrategia-cast-sefaz-mg\/#primaryimage\"},\"image\":{\"@id\":\"https:\/\/www.estrategiaconcursos.com.br\/blog\/estrategia-cast-sefaz-mg\/#primaryimage\"},\"thumbnailUrl\":\"https:\/\/dhg1h5j42swfq.cloudfront.net\/2021\/09\/30193321\/estrategia-cast.jpeg\",\"datePublished\":\"2022-07-05T11:59:30+00:00\",\"dateModified\":\"2023-05-19T17:03:28+00:00\",\"description\":\"Conhe\u00e7a o Estrat\u00e9gia Cast Sefaz MG, no qual o nosso time de professores abordar\u00e1 os t\u00f3picos mais importantes do edital rec\u00e9m publicado!\",\"breadcrumb\":{\"@id\":\"https:\/\/www.estrategiaconcursos.com.br\/blog\/estrategia-cast-sefaz-mg\/#breadcrumb\"},\"inLanguage\":\"pt-BR\",\"potentialAction\":[{\"@type\":\"ReadAction\",\"target\":[\"https:\/\/www.estrategiaconcursos.com.br\/blog\/estrategia-cast-sefaz-mg\/\"]}]},{\"@type\":\"ImageObject\",\"inLanguage\":\"pt-BR\",\"@id\":\"https:\/\/www.estrategiaconcursos.com.br\/blog\/estrategia-cast-sefaz-mg\/#primaryimage\",\"url\":\"https:\/\/dhg1h5j42swfq.cloudfront.net\/2021\/09\/30193321\/estrategia-cast.jpeg\",\"contentUrl\":\"https:\/\/dhg1h5j42swfq.cloudfront.net\/2021\/09\/30193321\/estrategia-cast.jpeg\",\"width\":400,\"height\":208,\"caption\":\"Estrat\u00e9gia Cast\"},{\"@type\":\"BreadcrumbList\",\"@id\":\"https:\/\/www.estrategiaconcursos.com.br\/blog\/estrategia-cast-sefaz-mg\/#breadcrumb\",\"itemListElement\":[{\"@type\":\"ListItem\",\"position\":1,\"name\":\"In\u00edcio\",\"item\":\"https:\/\/www.estrategiaconcursos.com.br\/blog\/\"},{\"@type\":\"ListItem\",\"position\":2,\"name\":\"Estrat\u00e9gia Cast SEFAZ MG \u2013 Reta Final P\u00f3s-edital\"}]},{\"@type\":\"WebSite\",\"@id\":\"https:\/\/www.estrategiaconcursos.com.br\/blog\/#website\",\"url\":\"https:\/\/www.estrategiaconcursos.com.br\/blog\/\",\"name\":\"Estrat\u00e9gia Concursos\",\"description\":\"O blog da Estrat\u00e9gia Concursos traz not\u00edcias sobre concursos e artigos de professores oferecendo cursos para concursos (pdf + videaulas) no site.\",\"publisher\":{\"@id\":\"https:\/\/www.estrategiaconcursos.com.br\/blog\/#organization\"},\"potentialAction\":[{\"@type\":\"SearchAction\",\"target\":{\"@type\":\"EntryPoint\",\"urlTemplate\":\"https:\/\/www.estrategiaconcursos.com.br\/blog\/?s={search_term_string}\"},\"query-input\":{\"@type\":\"PropertyValueSpecification\",\"valueRequired\":true,\"valueName\":\"search_term_string\"}}],\"inLanguage\":\"pt-BR\"},{\"@type\":\"Organization\",\"@id\":\"https:\/\/www.estrategiaconcursos.com.br\/blog\/#organization\",\"name\":\"Estrat\u00e9gia Concursos\",\"url\":\"https:\/\/www.estrategiaconcursos.com.br\/blog\/\",\"logo\":{\"@type\":\"ImageObject\",\"inLanguage\":\"pt-BR\",\"@id\":\"https:\/\/www.estrategiaconcursos.com.br\/blog\/#\/schema\/logo\/image\/\",\"url\":\"https:\/\/dhg1h5j42swfq.cloudfront.net\/2025\/06\/03203428\/logo_concursos-1.jpg\",\"contentUrl\":\"https:\/\/dhg1h5j42swfq.cloudfront.net\/2025\/06\/03203428\/logo_concursos-1.jpg\",\"width\":230,\"height\":60,\"caption\":\"Estrat\u00e9gia Concursos\"},\"image\":{\"@id\":\"https:\/\/www.estrategiaconcursos.com.br\/blog\/#\/schema\/logo\/image\/\"},\"sameAs\":[\"https:\/\/x.com\/EstratConcursos\"]},{\"@type\":\"Person\",\"@id\":\"https:\/\/www.estrategiaconcursos.com.br\/blog\/#\/schema\/person\/84ecdc6eb58d3cf1689bf76c5cd8fb38\",\"name\":\"Camila Leite\",\"image\":{\"@type\":\"ImageObject\",\"inLanguage\":\"pt-BR\",\"@id\":\"https:\/\/secure.gravatar.com\/avatar\/f2f8faef639c8a2bfb7fb909912a56917f4c3a0aed064500168e2fb8ea55cf61?s=96&d=mm&r=g\",\"url\":\"https:\/\/secure.gravatar.com\/avatar\/f2f8faef639c8a2bfb7fb909912a56917f4c3a0aed064500168e2fb8ea55cf61?s=96&d=mm&r=g\",\"contentUrl\":\"https:\/\/secure.gravatar.com\/avatar\/f2f8faef639c8a2bfb7fb909912a56917f4c3a0aed064500168e2fb8ea55cf61?s=96&d=mm&r=g\",\"caption\":\"Camila Leite\"},\"description\":\"Formada em Design Gr\u00e1fico e em Propaganda e Marketing pela UNIP, integra a equipe de jornalismo do Estrat\u00e9gia Concursos desde 2018. Ao longo dos anos, construiu uma s\u00f3lida experi\u00eancia na produ\u00e7\u00e3o de conte\u00fado informativo e relevante para concurseiros. Desde 2020, atua na cobertura das \u00e1reas Fiscal \u2014 com \u00eanfase nas Secretarias de Fazenda (Sefaz) das regi\u00f5es Sul e Sudeste \u2014, al\u00e9m da cobertura de concursos federais, como CNU, Petrobras, CGU, Receita Federal, ag\u00eancias reguladoras (Anvisa, ANAC, entre outras) e INSS. Mant\u00e9m contato direto com os principais \u00f3rg\u00e3os p\u00fablicos, acompanhando editais, atualiza\u00e7\u00f5es e movimenta\u00e7\u00f5es importantes para os candidatos.\",\"sameAs\":[\"https:\/\/www.linkedin.com\/in\/camila-pinheiro-leite-9ba135b6\/\"],\"url\":\"https:\/\/www.estrategiaconcursos.com.br\/blog\/author\/camila-leiteestrategiaconcursos-com-br\/\"}]}<\/script>\n<!-- \/ Yoast SEO Premium plugin. -->","yoast_head_json":{"title":"Estrat\u00e9gia Cast SEFAZ MG \u2013 Reta Final P\u00f3s-edital","description":"Conhe\u00e7a o Estrat\u00e9gia Cast Sefaz MG, no qual o nosso time de professores abordar\u00e1 os t\u00f3picos mais importantes do edital rec\u00e9m publicado!","robots":{"index":"index","follow":"follow","max-snippet":"max-snippet:-1","max-image-preview":"max-image-preview:large","max-video-preview":"max-video-preview:-1"},"canonical":"https:\/\/www.estrategiaconcursos.com.br\/blog\/estrategia-cast-sefaz-mg\/","og_locale":"pt_BR","og_type":"article","og_title":"Estrat\u00e9gia Cast SEFAZ MG \u2013 Reta Final P\u00f3s-edital","og_description":"Conhe\u00e7a o Estrat\u00e9gia Cast Sefaz MG, no qual o nosso time de professores abordar\u00e1 os t\u00f3picos mais importantes do edital rec\u00e9m publicado!","og_url":"https:\/\/www.estrategiaconcursos.com.br\/blog\/estrategia-cast-sefaz-mg\/","og_site_name":"Estrat\u00e9gia Concursos","article_published_time":"2022-07-05T11:59:30+00:00","article_modified_time":"2023-05-19T17:03:28+00:00","og_image":[{"width":400,"height":208,"url":"https:\/\/dhg1h5j42swfq.cloudfront.net\/2021\/09\/30193321\/estrategia-cast.jpeg","type":"image\/jpeg"}],"author":"Camila Leite","twitter_card":"summary_large_image","twitter_creator":"@EstratConcursos","twitter_site":"@EstratConcursos","twitter_misc":{"Escrito por":"Camila Leite","Est. tempo de leitura":"3 minutos"},"schema":{"@context":"https:\/\/schema.org","@graph":[{"@type":"NewsArticle","@id":"https:\/\/www.estrategiaconcursos.com.br\/blog\/estrategia-cast-sefaz-mg\/#article","isPartOf":{"@id":"https:\/\/www.estrategiaconcursos.com.br\/blog\/estrategia-cast-sefaz-mg\/"},"author":{"name":"Camila Leite","@id":"https:\/\/www.estrategiaconcursos.com.br\/blog\/#\/schema\/person\/84ecdc6eb58d3cf1689bf76c5cd8fb38"},"headline":"Estrat\u00e9gia Cast SEFAZ MG \u2013 Reta Final P\u00f3s-edital","datePublished":"2022-07-05T11:59:30+00:00","dateModified":"2023-05-19T17:03:28+00:00","mainEntityOfPage":{"@id":"https:\/\/www.estrategiaconcursos.com.br\/blog\/estrategia-cast-sefaz-mg\/"},"wordCount":437,"commentCount":0,"publisher":{"@id":"https:\/\/www.estrategiaconcursos.com.br\/blog\/#organization"},"image":{"@id":"https:\/\/www.estrategiaconcursos.com.br\/blog\/estrategia-cast-sefaz-mg\/#primaryimage"},"thumbnailUrl":"https:\/\/dhg1h5j42swfq.cloudfront.net\/2021\/09\/30193321\/estrategia-cast.jpeg","articleSection":["Fiscal - Estadual (ICMS)","\u00daltimas not\u00edcias"],"inLanguage":"pt-BR","potentialAction":[{"@type":"CommentAction","name":"Comment","target":["https:\/\/www.estrategiaconcursos.com.br\/blog\/estrategia-cast-sefaz-mg\/#respond"]}],"copyrightYear":"2022","copyrightHolder":{"@id":"https:\/\/www.estrategiaconcursos.com.br\/blog\/#organization"}},{"@type":"WebPage","@id":"https:\/\/www.estrategiaconcursos.com.br\/blog\/estrategia-cast-sefaz-mg\/","url":"https:\/\/www.estrategiaconcursos.com.br\/blog\/estrategia-cast-sefaz-mg\/","name":"Estrat\u00e9gia Cast SEFAZ MG \u2013 Reta Final P\u00f3s-edital","isPartOf":{"@id":"https:\/\/www.estrategiaconcursos.com.br\/blog\/#website"},"primaryImageOfPage":{"@id":"https:\/\/www.estrategiaconcursos.com.br\/blog\/estrategia-cast-sefaz-mg\/#primaryimage"},"image":{"@id":"https:\/\/www.estrategiaconcursos.com.br\/blog\/estrategia-cast-sefaz-mg\/#primaryimage"},"thumbnailUrl":"https:\/\/dhg1h5j42swfq.cloudfront.net\/2021\/09\/30193321\/estrategia-cast.jpeg","datePublished":"2022-07-05T11:59:30+00:00","dateModified":"2023-05-19T17:03:28+00:00","description":"Conhe\u00e7a o Estrat\u00e9gia Cast Sefaz MG, no qual o nosso time de professores abordar\u00e1 os t\u00f3picos mais importantes do edital rec\u00e9m publicado!","breadcrumb":{"@id":"https:\/\/www.estrategiaconcursos.com.br\/blog\/estrategia-cast-sefaz-mg\/#breadcrumb"},"inLanguage":"pt-BR","potentialAction":[{"@type":"ReadAction","target":["https:\/\/www.estrategiaconcursos.com.br\/blog\/estrategia-cast-sefaz-mg\/"]}]},{"@type":"ImageObject","inLanguage":"pt-BR","@id":"https:\/\/www.estrategiaconcursos.com.br\/blog\/estrategia-cast-sefaz-mg\/#primaryimage","url":"https:\/\/dhg1h5j42swfq.cloudfront.net\/2021\/09\/30193321\/estrategia-cast.jpeg","contentUrl":"https:\/\/dhg1h5j42swfq.cloudfront.net\/2021\/09\/30193321\/estrategia-cast.jpeg","width":400,"height":208,"caption":"Estrat\u00e9gia Cast"},{"@type":"BreadcrumbList","@id":"https:\/\/www.estrategiaconcursos.com.br\/blog\/estrategia-cast-sefaz-mg\/#breadcrumb","itemListElement":[{"@type":"ListItem","position":1,"name":"In\u00edcio","item":"https:\/\/www.estrategiaconcursos.com.br\/blog\/"},{"@type":"ListItem","position":2,"name":"Estrat\u00e9gia Cast SEFAZ MG \u2013 Reta Final P\u00f3s-edital"}]},{"@type":"WebSite","@id":"https:\/\/www.estrategiaconcursos.com.br\/blog\/#website","url":"https:\/\/www.estrategiaconcursos.com.br\/blog\/","name":"Estrat\u00e9gia Concursos","description":"O blog da Estrat\u00e9gia Concursos traz not\u00edcias sobre concursos e artigos de professores oferecendo cursos para concursos (pdf + videaulas) no site.","publisher":{"@id":"https:\/\/www.estrategiaconcursos.com.br\/blog\/#organization"},"potentialAction":[{"@type":"SearchAction","target":{"@type":"EntryPoint","urlTemplate":"https:\/\/www.estrategiaconcursos.com.br\/blog\/?s={search_term_string}"},"query-input":{"@type":"PropertyValueSpecification","valueRequired":true,"valueName":"search_term_string"}}],"inLanguage":"pt-BR"},{"@type":"Organization","@id":"https:\/\/www.estrategiaconcursos.com.br\/blog\/#organization","name":"Estrat\u00e9gia Concursos","url":"https:\/\/www.estrategiaconcursos.com.br\/blog\/","logo":{"@type":"ImageObject","inLanguage":"pt-BR","@id":"https:\/\/www.estrategiaconcursos.com.br\/blog\/#\/schema\/logo\/image\/","url":"https:\/\/dhg1h5j42swfq.cloudfront.net\/2025\/06\/03203428\/logo_concursos-1.jpg","contentUrl":"https:\/\/dhg1h5j42swfq.cloudfront.net\/2025\/06\/03203428\/logo_concursos-1.jpg","width":230,"height":60,"caption":"Estrat\u00e9gia Concursos"},"image":{"@id":"https:\/\/www.estrategiaconcursos.com.br\/blog\/#\/schema\/logo\/image\/"},"sameAs":["https:\/\/x.com\/EstratConcursos"]},{"@type":"Person","@id":"https:\/\/www.estrategiaconcursos.com.br\/blog\/#\/schema\/person\/84ecdc6eb58d3cf1689bf76c5cd8fb38","name":"Camila Leite","image":{"@type":"ImageObject","inLanguage":"pt-BR","@id":"https:\/\/secure.gravatar.com\/avatar\/f2f8faef639c8a2bfb7fb909912a56917f4c3a0aed064500168e2fb8ea55cf61?s=96&d=mm&r=g","url":"https:\/\/secure.gravatar.com\/avatar\/f2f8faef639c8a2bfb7fb909912a56917f4c3a0aed064500168e2fb8ea55cf61?s=96&d=mm&r=g","contentUrl":"https:\/\/secure.gravatar.com\/avatar\/f2f8faef639c8a2bfb7fb909912a56917f4c3a0aed064500168e2fb8ea55cf61?s=96&d=mm&r=g","caption":"Camila Leite"},"description":"Formada em Design Gr\u00e1fico e em Propaganda e Marketing pela UNIP, integra a equipe de jornalismo do Estrat\u00e9gia Concursos desde 2018. Ao longo dos anos, construiu uma s\u00f3lida experi\u00eancia na produ\u00e7\u00e3o de conte\u00fado informativo e relevante para concurseiros. Desde 2020, atua na cobertura das \u00e1reas Fiscal \u2014 com \u00eanfase nas Secretarias de Fazenda (Sefaz) das regi\u00f5es Sul e Sudeste \u2014, al\u00e9m da cobertura de concursos federais, como CNU, Petrobras, CGU, Receita Federal, ag\u00eancias reguladoras (Anvisa, ANAC, entre outras) e INSS. Mant\u00e9m contato direto com os principais \u00f3rg\u00e3os p\u00fablicos, acompanhando editais, atualiza\u00e7\u00f5es e movimenta\u00e7\u00f5es importantes para os candidatos.","sameAs":["https:\/\/www.linkedin.com\/in\/camila-pinheiro-leite-9ba135b6\/"],"url":"https:\/\/www.estrategiaconcursos.com.br\/blog\/author\/camila-leiteestrategiaconcursos-com-br\/"}]}},"_links":{"self":[{"href":"https:\/\/www.estrategiaconcursos.com.br\/blog\/wp-json\/wp\/v2\/posts\/1055414","targetHints":{"allow":["GET"]}}],"collection":[{"href":"https:\/\/www.estrategiaconcursos.com.br\/blog\/wp-json\/wp\/v2\/posts"}],"about":[{"href":"https:\/\/www.estrategiaconcursos.com.br\/blog\/wp-json\/wp\/v2\/types\/post"}],"author":[{"embeddable":true,"href":"https:\/\/www.estrategiaconcursos.com.br\/blog\/wp-json\/wp\/v2\/users\/659"}],"replies":[{"embeddable":true,"href":"https:\/\/www.estrategiaconcursos.com.br\/blog\/wp-json\/wp\/v2\/comments?post=1055414"}],"version-history":[{"count":7,"href":"https:\/\/www.estrategiaconcursos.com.br\/blog\/wp-json\/wp\/v2\/posts\/1055414\/revisions"}],"predecessor-version":[{"id":1219102,"href":"https:\/\/www.estrategiaconcursos.com.br\/blog\/wp-json\/wp\/v2\/posts\/1055414\/revisions\/1219102"}],"wp:featuredmedia":[{"embeddable":true,"href":"https:\/\/www.estrategiaconcursos.com.br\/blog\/wp-json\/wp\/v2\/media\/874825"}],"wp:attachment":[{"href":"https:\/\/www.estrategiaconcursos.com.br\/blog\/wp-json\/wp\/v2\/media?parent=1055414"}],"wp:term":[{"taxonomy":"category","embeddable":true,"href":"https:\/\/www.estrategiaconcursos.com.br\/blog\/wp-json\/wp\/v2\/categories?post=1055414"},{"taxonomy":"post_tag","embeddable":true,"href":"https:\/\/www.estrategiaconcursos.com.br\/blog\/wp-json\/wp\/v2\/tags?post=1055414"},{"taxonomy":"tax_estado","embeddable":true,"href":"https:\/\/www.estrategiaconcursos.com.br\/blog\/wp-json\/wp\/v2\/tax_estado?post=1055414"}],"curies":[{"name":"wp","href":"https:\/\/api.w.org\/{rel}","templated":true}]}}