{"id":1055362,"date":"2026-01-20T06:00:00","date_gmt":"2026-01-20T09:00:00","guid":{"rendered":"https:\/\/www.estrategiaconcursos.com.br\/blog\/?p=1055362"},"modified":"2026-04-20T16:14:51","modified_gmt":"2026-04-20T19:14:51","slug":"concurso-ifal","status":"publish","type":"post","link":"https:\/\/www.estrategiaconcursos.com.br\/blog\/concurso-ifal\/","title":{"rendered":"Concurso IFAL: saiu edital com 52 vagas!"},"content":{"rendered":"<p><center><a id=\"cta-icon\" href=\"https:\/\/sndflw.com\/i\/ifal-grupo\" target=\"_blank\" style=\"background:#29a61a; display:inline-flex; align-items:center; padding:10px 15px; border-radius:6px; color:#fff; text-decoration:none; font-weight:500; font-size:15px;\"><img decoding=\"async\" src=\"https:\/\/dhg1h5j42swfq.cloudfront.net\/2023\/12\/07154107\/whatsapp_13851.png\" alt=\"\" style=\"width:20px; height:20px; margin-right:8px;\"><span>Acesse agora o Grupo de Estudos para o Concurso IFAL<\/span><\/a><\/center><\/p>\n\n\n\n<p>O novo concurso para o <a href=\"https:\/\/www.estrategiaconcursos.com.br\/cursosPorConcurso\/ifal\/\" target=\"_blank\" rel=\"noreferrer noopener\">Instituto Federal de Educa\u00e7\u00e3o, Ci\u00eancia e Tecnologia de Alagoas<\/a> <strong>(IFAL<\/strong>) teve finalmente o seu edital publicado.<\/p>\n\n\n\n<p>S\u00e3o ofertadas <strong>52 vagas<\/strong> para <span style=\"text-decoration: underline;\">Professor do Ensino B\u00e1sico, T\u00e9cnico e Tecnol\u00f3gico<\/span>, sob os regimes de trabalho de 20 ou de 40 horas semanais, sendo este \u00faltimo exercido em regime de dedica\u00e7\u00e3o exclusiva.<\/p>\n\n\n\n<p>As remunera\u00e7\u00f5es iniciais variam de <strong>R$ 3.090,43 a R$ 13.288,85<\/strong>, a depender da titula\u00e7\u00e3o.<\/p>\n\n\n\n<p>Ao custo de <strong>R$ 250,00<\/strong>, os interessados na sele\u00e7\u00e3o poder\u00e3o se inscrever durante os dias <strong>23 de janeiro e 19 de fevereiro<\/strong>, diretamente no site da banca organizadora, <strong>FUNDEPES<\/strong>. Provas em <strong>22 de mar\u00e7o<\/strong>.<\/p>\n\n\n\n<ul style=\"background-color:#abb7c26e\" class=\"wp-block-list has-background\">\n<li><strong>Status<\/strong>: edital publicado<\/li>\n\n\n\n<li><strong style=\"background-color: initial; color: initial;\">Banca:<\/strong> FUNDEPES&nbsp;<\/li>\n\n\n\n<li><strong>Vagas:<\/strong> 52<\/li>\n\n\n\n<li><strong>Cargo<\/strong>: Professor do Ensino B\u00e1sico, T\u00e9cnico e Tecnol\u00f3gico<\/li>\n\n\n\n<li><strong>Sal\u00e1rio inicial:<\/strong> R$ 3.090,43 a R$ 13.288,85<\/li>\n\n\n\n<li><strong>Edital: <\/strong><a href=\"https:\/\/dhg1h5j42swfq.cloudfront.net\/2025\/12\/20060408\/ifal.pdf\" target=\"_blank\" rel=\"noreferrer noopener nofollow\">IFAL 2026<\/a><\/li>\n<\/ul>\n\n\n\n<div class=\"container\" id=\"boxes\">\n  <div class=\"row\">\n\n    <div class=\"col-sm\">\n      <div class=\"banner-estrategia\" id=\"box-assinatura\">\n        <h2 class=\"titulo-assinatura\"><span style=\"color: #fff!important; font-size: 2.5rem; font-weight: 500!important; margin-bottom: 5px!important;  margin-top: 0;\">Cursos para concursos IFAL<\/span><\/h2>\n        <p class=\"subtitulo-assinatura\">Estude conosco<\/p>\n        <div class=\"box-botao\">\n          <a class=\"btn-assinatura\" target=\"_blank\" href=\"https:\/\/www.estrategiaconcursos.com.br\/cursosPorConcurso\/ifal-instituto-federal-de-alagoas\/\" role=\"button\" rel=\"noopener noreferrer\">Conhe\u00e7a os cursos<\/a>\n        <\/div>\n      <\/div>\n     \n    <\/div>\n\n  <\/div>\n<\/div>\n\n\n\n<ul class=\"wp-block-list\">\n<li><strong><a href=\"#atual\">Principais datas<\/a><\/strong><\/li>\n\n\n\n<li><a href=\"#cargos\"><strong>Cargos e vagas<\/strong><\/a><\/li>\n\n\n\n<li><a href=\"#provas\"><strong>Etapas e provas<\/strong><\/a><\/li>\n\n\n\n<li><strong><a href=\"#ultimo\">\u00daltimo concurso<\/a><\/strong>\n<ul class=\"wp-block-list\">\n<li class=\"inscritos\"><a href=\"#resultado-final-homologado\"><strong>Resultado final homologado<\/strong><\/a><\/li>\n\n\n\n<li class=\"inscritos\"><a href=\"#inscritos\"><strong>Inscritos<\/strong><\/a><\/li>\n<\/ul>\n<\/li>\n\n\n\n<li><a href=\"#argos\"><strong>Cargos e vagas<\/strong><\/a><\/li>\n\n\n\n<li><a href=\"#requisitos\"><strong>Requisitos<\/strong><\/a><\/li>\n\n\n\n<li><strong><a href=\"#etapas\">Etapas de prova<\/a><\/strong><\/li>\n\n\n\n<li><strong><a href=\"#artigos\">Artigos<\/a><\/strong><\/li>\n\n\n\n<li><strong><a href=\"#cursos\">Cursos<\/a><\/strong><\/li>\n\n\n\n<li><strong><a href=\"#ficha\">Ficha T\u00e9cnica<\/a><\/strong><\/li>\n<\/ul>\n\n\n\n<h2 class=\"wp-block-heading\" id=\"h-concurso-ifal-2025-principais-datas\">Concurso IFAL 2025: principais datas<\/h2>\n\n\n\n<ul class=\"wp-block-list\">\n<li><strong>Inscri\u00e7\u00f5es<\/strong>: 23\/01 a 19\/02<\/li>\n\n\n\n<li><strong>Pedido de isen\u00e7\u00e3o<\/strong>: 23 a 27\/01<\/li>\n\n\n\n<li><strong>\u00daltimo dia de pagamento<\/strong>: at\u00e9 20\/02<\/li>\n\n\n\n<li><strong>Prova objetiva<\/strong>: 22\/03<\/li>\n<\/ul>\n\n\n\n<h3 class=\"wp-block-heading\" id=\"h-cargos-e-vagas\">Cargos e vagas<\/h3>\n\n\n\n<figure class=\"wp-block-image aligncenter size-large\"><img loading=\"lazy\" decoding=\"async\" width=\"1024\" height=\"905\" src=\"https:\/\/dhg1h5j42swfq.cloudfront.net\/2025\/12\/31094504\/captura-de-tela-2025-12-31-as-09-42-20-1024x905.png\" alt=\"Tabela de cargos e vagas ofertadas no edital IFAL\" class=\"wp-image-1692453\" srcset=\"https:\/\/dhg1h5j42swfq.cloudfront.net\/2025\/12\/31094504\/captura-de-tela-2025-12-31-as-09-42-20-1024x905.png 1024w, https:\/\/dhg1h5j42swfq.cloudfront.net\/2025\/12\/31094504\/captura-de-tela-2025-12-31-as-09-42-20-300x265.png 300w, https:\/\/dhg1h5j42swfq.cloudfront.net\/2025\/12\/31094504\/captura-de-tela-2025-12-31-as-09-42-20-768x679.png 768w, https:\/\/dhg1h5j42swfq.cloudfront.net\/2025\/12\/31094504\/captura-de-tela-2025-12-31-as-09-42-20-1536x1357.png 1536w, https:\/\/dhg1h5j42swfq.cloudfront.net\/2025\/12\/31094504\/captura-de-tela-2025-12-31-as-09-42-20-150x133.png 150w, https:\/\/dhg1h5j42swfq.cloudfront.net\/2025\/12\/31094504\/captura-de-tela-2025-12-31-as-09-42-20.png 1820w\" sizes=\"auto, (max-width: 1024px) 100vw, 1024px\" \/><\/figure>\n\n\n\n<figure class=\"wp-block-image size-large\"><img loading=\"lazy\" decoding=\"async\" width=\"1024\" height=\"431\" src=\"https:\/\/dhg1h5j42swfq.cloudfront.net\/2025\/12\/31094530\/captura-de-tela-2025-12-31-as-09-45-18-1024x431.png\" alt=\"Tabela de cargos e vagas ofertadas no edital IFAL\" class=\"wp-image-1692455\" srcset=\"https:\/\/dhg1h5j42swfq.cloudfront.net\/2025\/12\/31094530\/captura-de-tela-2025-12-31-as-09-45-18-1024x431.png 1024w, https:\/\/dhg1h5j42swfq.cloudfront.net\/2025\/12\/31094530\/captura-de-tela-2025-12-31-as-09-45-18-300x126.png 300w, https:\/\/dhg1h5j42swfq.cloudfront.net\/2025\/12\/31094530\/captura-de-tela-2025-12-31-as-09-45-18-768x323.png 768w, https:\/\/dhg1h5j42swfq.cloudfront.net\/2025\/12\/31094530\/captura-de-tela-2025-12-31-as-09-45-18-1536x646.png 1536w, https:\/\/dhg1h5j42swfq.cloudfront.net\/2025\/12\/31094530\/captura-de-tela-2025-12-31-as-09-45-18-150x63.png 150w, https:\/\/dhg1h5j42swfq.cloudfront.net\/2025\/12\/31094530\/captura-de-tela-2025-12-31-as-09-45-18.png 1826w\" sizes=\"auto, (max-width: 1024px) 100vw, 1024px\" \/><\/figure>\n\n\n\n<p>A estrutura remunerat\u00f3ria apresentada varia conforme o regime de trabalho (20 horas ou 40 horas com dedica\u00e7\u00e3o exclusiva) e a titula\u00e7\u00e3o acad\u00eamica do profissional. <\/p>\n\n\n\n<p>No regime de 20h, o vencimento b\u00e1sico \u00e9 de <strong>R$ 3.090,43<\/strong> para todos os n\u00edveis, com acr\u00e9scimos progressivos de Retribui\u00e7\u00e3o por Titula\u00e7\u00e3o (RT). <\/p>\n\n\n\n<p>Assim, a remunera\u00e7\u00e3o total vai de R$ 3.090,43 para graduados at\u00e9 <strong>R$ 4.867,43 para doutores<\/strong>, refletindo o reconhecimento financeiro da qualifica\u00e7\u00e3o acad\u00eamica.<\/p>\n\n\n\n<p>J\u00e1 no regime de 40h com dedica\u00e7\u00e3o exclusiva (DE), os valores s\u00e3o significativamente mais elevados. O vencimento b\u00e1sico parte de <strong>R$ 6.180,86, podendo alcan\u00e7ar R$ 13.288,85<\/strong> no caso de doutorado, somando-se a RT. <\/p>\n\n\n\n<h2 class=\"wp-block-heading\" id=\"h-etapas-e-provas-do-concurso-ifal\">Etapas e provas do Concurso IFAL<\/h2>\n\n\n\n<p>O concurso contar\u00e1 com 4 etapas:<\/p>\n\n\n\n<ul class=\"wp-block-list\">\n<li><strong>Provas Objetiva e Dissertativa;<\/strong><\/li>\n\n\n\n<li><strong>Prova de Desempenho Did\u00e1tico;<\/strong><\/li>\n\n\n\n<li><strong>Prova de T\u00edtulos<\/strong>; e<\/li>\n\n\n\n<li><strong>Procedimento de Heteroidentifica\u00e7\u00e3o e Valida\u00e7\u00e3o das Autodeclara\u00e7\u00f5es.<\/strong><\/li>\n<\/ul>\n\n\n\n<h3 class=\"wp-block-heading\" id=\"h-provas-objetivas\">Provas objetivas<\/h3>\n\n\n\n<p>As 50 quest\u00f5es objetivas ser\u00e3o do tipo m\u00faltipla escolha, com 5 (cinco) op\u00e7\u00f5es de resposta, havendo apenas 1 (uma) resposta correta. Cada quest\u00e3o valer\u00e1 1,00 (um) ponto.<\/p>\n\n\n\n<figure class=\"wp-block-image aligncenter size-large\"><img loading=\"lazy\" decoding=\"async\" width=\"1024\" height=\"487\" src=\"https:\/\/dhg1h5j42swfq.cloudfront.net\/2025\/12\/23100002\/image-220-1024x487.png\" alt=\"\" class=\"wp-image-1701998\" srcset=\"https:\/\/dhg1h5j42swfq.cloudfront.net\/2025\/12\/23100002\/image-220-1024x487.png 1024w, https:\/\/dhg1h5j42swfq.cloudfront.net\/2025\/12\/23100002\/image-220-300x143.png 300w, https:\/\/dhg1h5j42swfq.cloudfront.net\/2025\/12\/23100002\/image-220-768x365.png 768w, https:\/\/dhg1h5j42swfq.cloudfront.net\/2025\/12\/23100002\/image-220-150x71.png 150w, https:\/\/dhg1h5j42swfq.cloudfront.net\/2025\/12\/23100002\/image-220.png 1142w\" sizes=\"auto, (max-width: 1024px) 100vw, 1024px\" \/><\/figure>\n\n\n\n<h3 class=\"wp-block-heading\" id=\"h-prova-escrita-questao-dissertativa\">Prova escrita (quest\u00e3o dissertativa)<\/h3>\n\n\n\n<p>A quest\u00e3o dissertativa ser\u00e1 realizada sobre 01 (um) ponto tem\u00e1tico sorteado no dia da prova.<\/p>\n\n\n\n<p>A resposta da quest\u00e3o dissertativa dever\u00e1 ser redigida, utilizando-se o conjunto de Laudas Definitivas entregue no in\u00edcio da avalia\u00e7\u00e3o, devendo a\/o candidata\/o observar, ainda, os seguintes par\u00e2metros, sob pena de elimina\u00e7\u00e3o:<\/p>\n\n\n\n<ul class=\"wp-block-list\">\n<li>Elabora\u00e7\u00e3o de texto manuscrito em letra leg\u00edvel, com caneta esferogr\u00e1fica de tinta azul ou preta;<\/li>\n\n\n\n<li>A quest\u00e3o dissertativa dever\u00e1 ser respondida em L\u00edngua Portuguesa, ressalvadas as ofertas de L\u00edngua Estrangeira, para as quais a resposta dever\u00e1 ser apresentada no respectivo idioma; e<\/li>\n\n\n\n<li>O conjunto de Laudas Definitivas da quest\u00e3o dissertativa n\u00e3o poder\u00e1 ser assinado, rubricado ou conter, em outro local que n\u00e3o o apropriado, qualquer palavra ou marca que identifique a\/o candidata\/o, sob pena de anula\u00e7\u00e3o da quest\u00e3o dissertativa.<\/li>\n<\/ul>\n\n\n\n<h3 class=\"wp-block-heading\" id=\"h-prova-de-desempenho-didatico\">Prova de Desempenho Did\u00e1tico<\/h3>\n\n\n\n<p>A Prova de Desempenho Did\u00e1tico ocorrer\u00e1 de forma presencial e consistir\u00e1 em uma aula expositiva, ministrada para alunas\/os simuladas\/os que comp\u00f5em a Banca Examinadora.<\/p>\n\n\n\n<p>A aula dever\u00e1 ser desenvolvida no n\u00edvel (b\u00e1sico, de gradua\u00e7\u00e3o ou de p\u00f3s-gradua\u00e7\u00e3o), conforme o previsto no Plano de Aula, com dura\u00e7\u00e3o m\u00ednima de 30 (trinta) minutos e m\u00e1xima de 50 (cinquenta) minutos.<\/p>\n\n\n\n<p>Especificamente no caso da Prova de Desempenho Did\u00e1tico de l\u00edngua estrangeira, a aula dever\u00e1 ser ministrada usando o idioma objeto do concurso.<\/p>\n\n\n\n<p>Em hip\u00f3tese alguma n\u00e3o ser\u00e1 poss\u00edvel, para nenhum\/a candidata\/o, realizar essa etapa de forma on-line.<\/p>\n\n\n\n<h3 class=\"wp-block-heading\" id=\"h-prova-de-titulos\">Prova de t\u00edtulos<\/h3>\n\n\n\n<p>A 3\u00aa fase (Prova de T\u00edtulos) ser\u00e1 constitu\u00edda por 3 (tr\u00eas) etapas:<\/p>\n\n\n\n<ul class=\"wp-block-list\">\n<li>Etapa 1: Envio dos arquivos digitais da documenta\u00e7\u00e3o para An\u00e1lise de T\u00edtulos;<\/li>\n\n\n\n<li>Etapa 2: Verifica\u00e7\u00e3o da Autenticidade da documenta\u00e7\u00e3o enviada para An\u00e1lise de T\u00edtulos;<\/li>\n\n\n\n<li>Etapa 3: An\u00e1lise da documenta\u00e7\u00e3o enviada para An\u00e1lise de T\u00edtulos.<\/li>\n<\/ul>\n\n\n\n<p>A An\u00e1lise de T\u00edtulos ter\u00e1 car\u00e1ter classificat\u00f3rio, com pontua\u00e7\u00e3o m\u00e1xima de 50,0 pontos.<\/p>\n\n\n\n<figure class=\"wp-block-image aligncenter size-large\"><img loading=\"lazy\" decoding=\"async\" width=\"1024\" height=\"775\" src=\"https:\/\/dhg1h5j42swfq.cloudfront.net\/2025\/12\/23100002\/image-220-1024x775.png\" alt=\"\" class=\"wp-image-1701999\" srcset=\"https:\/\/dhg1h5j42swfq.cloudfront.net\/2025\/12\/23100002\/image-220-1024x775.png 1024w, https:\/\/dhg1h5j42swfq.cloudfront.net\/2025\/12\/23100002\/image-220-300x227.png 300w, https:\/\/dhg1h5j42swfq.cloudfront.net\/2025\/12\/23100002\/image-220-768x582.png 768w, https:\/\/dhg1h5j42swfq.cloudfront.net\/2025\/12\/23100002\/image-220-150x114.png 150w, https:\/\/dhg1h5j42swfq.cloudfront.net\/2025\/12\/23100002\/image-220.png 1137w\" sizes=\"auto, (max-width: 1024px) 100vw, 1024px\" \/><\/figure>\n\n\n\n<figure class=\"wp-block-image aligncenter size-large\"><img loading=\"lazy\" decoding=\"async\" width=\"1024\" height=\"776\" src=\"https:\/\/dhg1h5j42swfq.cloudfront.net\/2025\/12\/23100002\/image-220-1024x776.png\" alt=\"\" class=\"wp-image-1702000\" srcset=\"https:\/\/dhg1h5j42swfq.cloudfront.net\/2025\/12\/23100002\/image-220-1024x776.png 1024w, https:\/\/dhg1h5j42swfq.cloudfront.net\/2025\/12\/23100002\/image-220-300x227.png 300w, https:\/\/dhg1h5j42swfq.cloudfront.net\/2025\/12\/23100002\/image-220-768x582.png 768w, https:\/\/dhg1h5j42swfq.cloudfront.net\/2025\/12\/23100002\/image-220-150x114.png 150w, https:\/\/dhg1h5j42swfq.cloudfront.net\/2025\/12\/23100002\/image-220.png 1136w\" sizes=\"auto, (max-width: 1024px) 100vw, 1024px\" \/><\/figure>\n\n\n\n<figure class=\"wp-block-image aligncenter size-large\"><img loading=\"lazy\" decoding=\"async\" width=\"1024\" height=\"648\" src=\"https:\/\/dhg1h5j42swfq.cloudfront.net\/2025\/12\/23100002\/image-220-1024x648.png\" alt=\"\" class=\"wp-image-1702001\" srcset=\"https:\/\/dhg1h5j42swfq.cloudfront.net\/2025\/12\/23100002\/image-220-1024x648.png 1024w, https:\/\/dhg1h5j42swfq.cloudfront.net\/2025\/12\/23100002\/image-220-300x190.png 300w, https:\/\/dhg1h5j42swfq.cloudfront.net\/2025\/12\/23100002\/image-220-768x486.png 768w, https:\/\/dhg1h5j42swfq.cloudfront.net\/2025\/12\/23100002\/image-220-150x95.png 150w, https:\/\/dhg1h5j42swfq.cloudfront.net\/2025\/12\/23100002\/image-220.png 1137w\" sizes=\"auto, (max-width: 1024px) 100vw, 1024px\" \/><\/figure>\n\n\n\n<figure class=\"wp-block-image aligncenter size-large\"><img loading=\"lazy\" decoding=\"async\" width=\"1024\" height=\"673\" src=\"https:\/\/dhg1h5j42swfq.cloudfront.net\/2025\/12\/23100002\/image-220-1024x673.png\" alt=\"\" class=\"wp-image-1702003\" srcset=\"https:\/\/dhg1h5j42swfq.cloudfront.net\/2025\/12\/23100002\/image-220-1024x673.png 1024w, https:\/\/dhg1h5j42swfq.cloudfront.net\/2025\/12\/23100002\/image-220-300x197.png 300w, https:\/\/dhg1h5j42swfq.cloudfront.net\/2025\/12\/23100002\/image-220-768x505.png 768w, https:\/\/dhg1h5j42swfq.cloudfront.net\/2025\/12\/23100002\/image-220-150x99.png 150w, https:\/\/dhg1h5j42swfq.cloudfront.net\/2025\/12\/23100002\/image-220.png 1137w\" sizes=\"auto, (max-width: 1024px) 100vw, 1024px\" \/><\/figure>\n\n\n\n<h2 class=\"wp-block-heading\" id=\"h-ultimo-concurso-ifal-2023\">\u00daltimo concurso IFAL &#8211; 2023<\/h2>\n\n\n\n<p>O certame ofertou <strong>08 vagas<\/strong> para cargos de n\u00edveis m\u00e9dio e superior de forma\u00e7\u00e3o, com sal\u00e1rios iniciais que variam de<strong>R$ 1.945,06<\/strong><span style=\"font-size: revert; color: initial;\">a <\/span><strong>R$ 4.180,66<\/strong>.<\/p>\n\n\n\n<h3 class=\"wp-block-heading\" id=\"resultado-final-homologado\">Resultado final homologado<\/h3>\n\n\n\n<p>Foi publicado na edi\u00e7\u00e3o do dia 08 de maio de 2023 do Di\u00e1rio Oficial da Uni\u00e3o o resultado final homologado do concurso. Confira abaixo!<\/p>\n\n\n\n<ul class=\"wp-block-list\">\n<li><a href=\"https:\/\/dhg1h5j42swfq.cloudfront.net\/2023\/05\/08085216\/diariooficial-33.pdf\" target=\"_blank\" rel=\"noreferrer noopener nofollow\">Resultado final homologado<\/a>.<\/li>\n<\/ul>\n\n\n\n<h3 class=\"wp-block-heading\">Inscritos<\/h3>\n\n\n\n<p>Segundo informa\u00e7\u00f5es publicadas pela banca do edital, Coperv, foram 4.900 inscritos, sendo 4.045 em ampla concorr\u00eancia, 76 PCDs e 779 cotistas.<\/p>\n\n\n\n<h3 class=\"wp-block-heading\" id=\"cargos-e-vagas\">Cargos e vagas<\/h3>\n\n\n\n<p>Ao todo, o edital de 2023 do Instituto Federal de Educa\u00e7\u00e3o, Ci\u00eancia e Tecnologia de Alagoas ofertou 08 vagas, sendo:<\/p>\n\n\n\n<figure class=\"wp-block-table is-style-stripes\"><table class=\"has-background has-fixed-layout\" style=\"background-color:#e7f5fe\"><thead><tr><th class=\"has-text-align-center\" data-align=\"center\">CARGOS<\/th><th class=\"has-text-align-center\" data-align=\"center\">VAGAS<\/th><th class=\"has-text-align-center\" data-align=\"center\">SAL\u00c1RIO<\/th><\/tr><\/thead><tbody><tr><td class=\"has-text-align-center\" data-align=\"center\">Assistente de Aluno (cargo 1)<\/td><td class=\"has-text-align-center\" data-align=\"center\">01<\/td><td class=\"has-text-align-center\" data-align=\"center\">R$ 1.945,06<\/td><\/tr><tr><td class=\"has-text-align-center\" data-align=\"center\">T\u00e9cnico de Tecnologia da Informa\u00e7\u00e3o (cargo 2)<\/td><td class=\"has-text-align-center\" data-align=\"center\">03<\/td><td class=\"has-text-align-center\" data-align=\"center\">R$ 2.446,96<\/td><\/tr><tr><td class=\"has-text-align-center\" data-align=\"center\">Bibliotec\u00e1rio \u2013 Documentalista (cargo 3)<\/td><td class=\"has-text-align-center\" data-align=\"center\">02<\/td><td class=\"has-text-align-center\" data-align=\"center\">&nbsp;R$ 4.180,66<\/td><\/tr><tr><td class=\"has-text-align-center\" data-align=\"center\">Pedagogo (cargo 4)<\/td><td class=\"has-text-align-center\" data-align=\"center\">01<\/td><td class=\"has-text-align-center\" data-align=\"center\">R$ 4.180,66<\/td><\/tr><tr><td class=\"has-text-align-center\" data-align=\"center\">T\u00e9cnico em Assuntos Educacionais (cargo 5)<\/td><td class=\"has-text-align-center\" data-align=\"center\">01<\/td><td class=\"has-text-align-center\" data-align=\"center\">R$ 4.180,66<\/td><\/tr><\/tbody><\/table><figcaption class=\"wp-element-caption\">Concurso IFAL: cargos e vagas <\/figcaption><\/figure>\n\n\n\n<h2 class=\"wp-block-heading\" id=\"remuneracao-e-beneficios\">Concurso IFAL: requisitos <\/h2>\n\n\n\n<p>Confira os requisitos exigidos no edital IFAL:<\/p>\n\n\n\n<ul class=\"wp-block-list\">\n<li><strong>Assistente de Aluno<\/strong>: Assistir e orientar os alunos no aspecto de disciplina, lazer, seguran\u00e7a, sa\u00fade, pontualidade e higiene, dentro das depend\u00eancias escolares; Auxiliar nas atividades de ensino, pesquisa e extens\u00e3o.<\/li>\n\n\n\n<li><strong>T\u00e9cnico de Tecnologia da Informa\u00e7\u00e3o<\/strong>: Desenvolver sistemas e aplica\u00e7\u00f5es, determinando interface gr\u00e1fica, crit\u00e9rios ergon\u00f4micos de navega\u00e7\u00e3o, montagem da estrutura de banco de dados e codifica\u00e7\u00e3o de programas; Projetar, implementar e realizar manuten\u00e7\u00e3o de sistemas e aplica\u00e7\u00f5es; Selecionar recursos de trabalho, tais como metodologias de desenvolvimento de sistemas, linguagem de programa\u00e7\u00e3o e ferramentas de desenvolvimento; Assessorar nas atividades de ensino, pesquisa e extens\u00e3o.<\/li>\n\n\n\n<li><strong>Bibliotec\u00e1rio \u2013 Documentalista<\/strong>: Disponibilizar informa\u00e7\u00e3o; Gerenciar unidades como bibliotecas, centros de documenta\u00e7\u00e3o, centros de informa\u00e7\u00e3o e correlatos, al\u00e9m de redes e sistemas de informa\u00e7\u00e3o; Tratar tecnicamente e desenvolver recursos informacionais; Disseminar informa\u00e7\u00e3o com o objetivo de facilitar o acesso e gera\u00e7\u00e3o do conhecimento; Desenvolver estudos e pesquisas; Promover difus\u00e3o cultural; Desenvolver a\u00e7\u00f5es educativas; Assessorar nas atividades de ensino, pesquisa e extens\u00e3o.<\/li>\n\n\n\n<li><strong>Pedagogo<\/strong>: Implementar a execu\u00e7\u00e3o, avaliar e coordenar a (re)constru\u00e7\u00e3o do projeto pedag\u00f3gico de institui\u00e7\u00f5es de ensino m\u00e9dio ou ensino profissionalizante; Viabilizar o trabalho pedag\u00f3gico coletivo e facilitar o processo comunicativo da comunidade escolar e de associa\u00e7\u00f5es a ela vinculadas; Assessorar nas atividades de ensino, pesquisa e extens\u00e3o.<\/li>\n\n\n\n<li><strong>T\u00e9cnico em Assuntos Educacionais<\/strong>: Coordenar as atividades de ensino, planejamento, orienta\u00e7\u00e3o, supervisionando e avaliando estas atividades, para assegurar a regularidade do desenvolvimento do processo educativo.<\/li>\n<\/ul>\n\n\n\n<h3 class=\"wp-block-heading\" id=\"etapas\">Etapas de prova<\/h3>\n\n\n\n<p>O concurso p\u00fablico foi realizado em uma \u00fanica etapa, constitu\u00edda de Prova Objetiva, de car\u00e1ter eliminat\u00f3rio e classificat\u00f3rio, para todos os cargos.<\/p>\n\n\n\n<p>As provas foram compostas por 50 quest\u00f5es para os cargos de n\u00edvel m\u00e9dio e 60 quest\u00f5es para os cargos de n\u00edvel superior.<\/p>\n\n\n\n<p>A avalia\u00e7\u00e3o foi de m\u00faltipla escolha, com 5 alternativas em cada quest\u00e3o e apenas uma \u00fanica reposta correta.<\/p>\n\n\n\n<p>As provas objetivas valeram, ao todo, 100 pontos. Para ser considerado aprovado, o candidato deveria (concomitantemente):<\/p>\n\n\n\n<ul class=\"wp-block-list\">\n<li>obter na Prova Objetiva o m\u00ednimo de 50% do total de pontos v\u00e1lidos, considerando o conjunto de todas as disciplinas; e<\/li>\n\n\n\n<li>alcan\u00e7ar classifica\u00e7\u00e3o de acordo com o limite estabelecido no Anexo II do Decreto n\u00ba 9.739, de 28 de mar\u00e7o de 2019, de acordo com o discriminado no Anexo I deste Edital, conforme o n\u00famero de vagas previsto para cada cargo. <\/li>\n<\/ul>\n\n\n\n<h2 class=\"wp-block-heading has-text-align-center\" id=\"h-quer-saber-tudo-sobre-concursos-previstos-confira-nossos-artigos\">Quer saber tudo sobre concursos previstos?<br \/>Confira nossos artigos!<\/h2>\n\n\n\n<ul class=\"wp-block-list\">\n<li><a href=\"https:\/\/www.estrategiaconcursos.com.br\/blog\/concursos-abertos\/\" target=\"_blank\" rel=\"noreferrer noopener\">Concursos abertos<\/a><\/li>\n\n\n\n<li><a href=\"https:\/\/www.estrategiaconcursos.com.br\/blog\/concursos-educacao\/\">Concursos educa\u00e7\u00e3o<\/a><\/li>\n\n\n\n<li><a href=\"https:\/\/www.estrategiaconcursos.com.br\/blog\/concursos-2026\/\">Concursos 2026<\/a><\/li>\n<\/ul>\n\n\n\n<h2 class=\"wp-block-heading has-text-align-center\" id=\"cursos-para-concurso-instituto-federal-de-educacao-ciencia-e-tecnologia-de-alagoas\">Cursos para concurso Instituto Federal de Educa\u00e7\u00e3o, Ci\u00eancia e Tecnologia de Alagoas:<\/h2>\n\n\n\n<div class=\"container\" id=\"boxes\">\n  <div class=\"row\">\n\n    <div class=\"col-sm\">\n      <div class=\"banner-estrategia\" id=\"box-assinatura\">\n        <h3 class=\"titulo-assinatura\">Cursos para concursos IFAL<\/h3>\n        <p class=\"subtitulo-assinatura\">Estude conosco<\/p>\n        <div class=\"box-botao\">\n          <a class=\"btn-assinatura\" target=\"_blank\" href=\"https:\/\/www.estrategiaconcursos.com.br\/cursosPorConcurso\/ifal-instituto-federal-de-alagoas\/\" role=\"button\" rel=\"noopener noreferrer\">Conhe\u00e7a os cursos<\/a>\n        <\/div>\n      <\/div>\n     \n    <\/div>\n\n  <\/div>\n<\/div>\n\n\n\n<div class=\"container\" id=\"boxes\">\n  <div class=\"row\">\n\n    <div class=\"col-sm\">\n      <div class=\"estrategia\" id=\"box-assinatura\">\n        <h3 class=\"titulo-assinatura\">Assinatura Concursos<\/h3>\n        <p class=\"subtitulo-assinatura\">Assinatura de 1 Ano ou 2 Anos<\/p>\n        <div class=\"box-botao\">\n          <a class=\"btn-assinatura\" target=\"_blank\" href=\"https:\/\/www.estrategiaconcursos.com.br\/assinaturas\/\" role=\"button\" rel=\"noopener noreferrer\">ASSINE AGORA<\/a>\n        <\/div>\n      <\/div>\n     \n    <\/div><\/div><\/div>\n\n\n\n<figure class=\"wp-block-image size-large\"><img loading=\"lazy\" decoding=\"async\" width=\"1024\" height=\"632\" src=\"https:\/\/dhg1h5j42swfq.cloudfront.net\/2021\/05\/03090731\/ficha-tecnica-1024x632.png\" alt=\"Ficha T\u00e9cnica IFAL\" class=\"wp-image-729491\" style=\"aspect-ratio:1.6202849629077207\" srcset=\"https:\/\/dhg1h5j42swfq.cloudfront.net\/2021\/05\/03090731\/ficha-tecnica-1024x632.png 1024w, https:\/\/dhg1h5j42swfq.cloudfront.net\/2021\/05\/03090731\/ficha-tecnica-300x185.png 300w, https:\/\/dhg1h5j42swfq.cloudfront.net\/2021\/05\/03090731\/ficha-tecnica-768x474.png 768w, https:\/\/dhg1h5j42swfq.cloudfront.net\/2021\/05\/03090731\/ficha-tecnica-1536x948.png 1536w, https:\/\/dhg1h5j42swfq.cloudfront.net\/2021\/05\/03090731\/ficha-tecnica-610x377.png 610w, https:\/\/dhg1h5j42swfq.cloudfront.net\/2021\/05\/03090731\/ficha-tecnica.png 1571w\" sizes=\"auto, (max-width: 1024px) 100vw, 1024px\" \/><figcaption class=\"wp-element-caption\">\ufeff<\/figcaption><\/figure>\n\n\n\n<h3 class=\"wp-block-heading\" id=\"ficha\">Informa\u00e7\u00f5es do novo edital IFAL<\/h3>\n\n\n\n<ul class=\"wp-block-list\">\n<li><strong>Provas<\/strong>: 22\/03\/2026<\/li>\n\n\n\n<li><strong>Vagas<\/strong>: 52<\/li>\n\n\n\n<li><strong>Cargos<\/strong>: Professor<\/li>\n\n\n\n<li><strong>Banca<\/strong>: FUNDEPES<\/li>\n\n\n\n<li><strong>Escolaridade<\/strong>: superior<\/li>\n\n\n\n<li><strong>Edital: <\/strong><a href=\"https:\/\/dhg1h5j42swfq.cloudfront.net\/2025\/12\/20060408\/ifal.pdf\" target=\"_blank\" rel=\"noreferrer noopener nofollow\">IFAL 2026<\/a><\/li>\n<\/ul>\n","protected":false},"excerpt":{"rendered":"<p>O novo concurso para o Instituto Federal de Educa\u00e7\u00e3o, Ci\u00eancia e Tecnologia de Alagoas (IFAL) teve finalmente o seu edital publicado. S\u00e3o ofertadas 52 vagas para Professor do Ensino B\u00e1sico, T\u00e9cnico e Tecnol\u00f3gico, sob os regimes de trabalho de 20 ou de 40 horas semanais, sendo este \u00faltimo exercido em regime de dedica\u00e7\u00e3o exclusiva. As [&hellip;]<\/p>\n","protected":false},"author":1,"featured_media":1090630,"comment_status":"open","ping_status":"closed","sticky":false,"template":"","format":"standard","meta":{"post_tipo":"news_page","footnotes":""},"categories":[3766,220219],"tags":[],"tax_estado":[219965],"class_list":["post-1055362","post","type-post","status-publish","format-standard","has-post-thumbnail","hentry","category-educacional","category-noticias","tax_estado-al"],"acf":[],"yoast_head":"<!-- This site is optimized with the Yoast SEO Premium plugin v27.2 (Yoast SEO v27.2) - https:\/\/yoast.com\/product\/yoast-seo-premium-wordpress\/ -->\n<title>Concurso IFAL: saiu edital com 52 vagas!<\/title>\n<meta name=\"description\" content=\"Publicado novo edital Concurso IFAL! S\u00e3o 52 vagas para Professor com sal\u00e1rios de at\u00e9 R$ 13.288,85. Inscri\u00e7\u00f5es em breve!\" \/>\n<meta name=\"robots\" content=\"index, follow, max-snippet:-1, max-image-preview:large, max-video-preview:-1\" \/>\n<link rel=\"canonical\" href=\"https:\/\/www.estrategiaconcursos.com.br\/blog\/concurso-ifal\/\" \/>\n<meta property=\"og:locale\" content=\"pt_BR\" \/>\n<meta property=\"og:type\" content=\"article\" \/>\n<meta property=\"og:title\" content=\"Concurso IFAL: saiu edital com 52 vagas!\" \/>\n<meta property=\"og:description\" content=\"Publicado novo edital Concurso IFAL! S\u00e3o 52 vagas para Professor com sal\u00e1rios de at\u00e9 R$ 13.288,85. Inscri\u00e7\u00f5es em breve!\" \/>\n<meta property=\"og:url\" content=\"https:\/\/www.estrategiaconcursos.com.br\/blog\/concurso-ifal\/\" \/>\n<meta property=\"og:site_name\" content=\"Estrat\u00e9gia Concursos\" \/>\n<meta property=\"article:author\" content=\"https:\/\/www.facebook.com\/EstrategiaConcursos\" \/>\n<meta property=\"article:published_time\" content=\"2026-01-20T09:00:00+00:00\" \/>\n<meta property=\"article:modified_time\" content=\"2026-04-20T19:14:51+00:00\" \/>\n<meta property=\"og:image\" content=\"https:\/\/dhg1h5j42swfq.cloudfront.net\/2022\/09\/06184042\/ifal.jpg\" \/>\n\t<meta property=\"og:image:width\" content=\"768\" \/>\n\t<meta property=\"og:image:height\" content=\"432\" \/>\n\t<meta property=\"og:image:type\" content=\"image\/jpeg\" \/>\n<meta name=\"author\" content=\"Coordena\u00e7\u00e3o\" \/>\n<meta name=\"twitter:card\" content=\"summary_large_image\" \/>\n<meta name=\"twitter:creator\" content=\"@EstratConcursos\" \/>\n<meta name=\"twitter:site\" content=\"@EstratConcursos\" \/>\n<meta name=\"twitter:label1\" content=\"Escrito por\" \/>\n\t<meta name=\"twitter:data1\" content=\"Coordena\u00e7\u00e3o\" \/>\n\t<meta name=\"twitter:label2\" content=\"Est. tempo de leitura\" \/>\n\t<meta name=\"twitter:data2\" content=\"3 minutos\" \/>\n<script type=\"application\/ld+json\" class=\"yoast-schema-graph\">{\"@context\":\"https:\/\/schema.org\",\"@graph\":[{\"@type\":\"NewsArticle\",\"@id\":\"https:\/\/www.estrategiaconcursos.com.br\/blog\/concurso-ifal\/#article\",\"isPartOf\":{\"@id\":\"https:\/\/www.estrategiaconcursos.com.br\/blog\/concurso-ifal\/\"},\"author\":{\"name\":\"Coordena\u00e7\u00e3o\",\"@id\":\"https:\/\/www.estrategiaconcursos.com.br\/blog\/#\/schema\/person\/b4a388c97673c5f483d72185668afa1f\"},\"headline\":\"Concurso IFAL: saiu edital com 52 vagas!\",\"datePublished\":\"2026-01-20T09:00:00+00:00\",\"dateModified\":\"2026-04-20T19:14:51+00:00\",\"mainEntityOfPage\":{\"@id\":\"https:\/\/www.estrategiaconcursos.com.br\/blog\/concurso-ifal\/\"},\"wordCount\":1368,\"commentCount\":0,\"publisher\":{\"@id\":\"https:\/\/www.estrategiaconcursos.com.br\/blog\/#organization\"},\"image\":{\"@id\":\"https:\/\/www.estrategiaconcursos.com.br\/blog\/concurso-ifal\/#primaryimage\"},\"thumbnailUrl\":\"https:\/\/dhg1h5j42swfq.cloudfront.net\/2022\/09\/06184042\/ifal.jpg\",\"articleSection\":[\"Educa\u00e7\u00e3o\",\"\u00daltimas not\u00edcias\"],\"inLanguage\":\"pt-BR\",\"potentialAction\":[{\"@type\":\"CommentAction\",\"name\":\"Comment\",\"target\":[\"https:\/\/www.estrategiaconcursos.com.br\/blog\/concurso-ifal\/#respond\"]}],\"copyrightYear\":\"2026\",\"copyrightHolder\":{\"@id\":\"https:\/\/www.estrategiaconcursos.com.br\/blog\/#organization\"}},{\"@type\":\"WebPage\",\"@id\":\"https:\/\/www.estrategiaconcursos.com.br\/blog\/concurso-ifal\/\",\"url\":\"https:\/\/www.estrategiaconcursos.com.br\/blog\/concurso-ifal\/\",\"name\":\"Concurso IFAL: saiu edital com 52 vagas!\",\"isPartOf\":{\"@id\":\"https:\/\/www.estrategiaconcursos.com.br\/blog\/#website\"},\"primaryImageOfPage\":{\"@id\":\"https:\/\/www.estrategiaconcursos.com.br\/blog\/concurso-ifal\/#primaryimage\"},\"image\":{\"@id\":\"https:\/\/www.estrategiaconcursos.com.br\/blog\/concurso-ifal\/#primaryimage\"},\"thumbnailUrl\":\"https:\/\/dhg1h5j42swfq.cloudfront.net\/2022\/09\/06184042\/ifal.jpg\",\"datePublished\":\"2026-01-20T09:00:00+00:00\",\"dateModified\":\"2026-04-20T19:14:51+00:00\",\"description\":\"Publicado novo edital Concurso IFAL! S\u00e3o 52 vagas para Professor com sal\u00e1rios de at\u00e9 R$ 13.288,85. Inscri\u00e7\u00f5es em breve!\",\"breadcrumb\":{\"@id\":\"https:\/\/www.estrategiaconcursos.com.br\/blog\/concurso-ifal\/#breadcrumb\"},\"inLanguage\":\"pt-BR\",\"potentialAction\":[{\"@type\":\"ReadAction\",\"target\":[\"https:\/\/www.estrategiaconcursos.com.br\/blog\/concurso-ifal\/\"]}]},{\"@type\":\"ImageObject\",\"inLanguage\":\"pt-BR\",\"@id\":\"https:\/\/www.estrategiaconcursos.com.br\/blog\/concurso-ifal\/#primaryimage\",\"url\":\"https:\/\/dhg1h5j42swfq.cloudfront.net\/2022\/09\/06184042\/ifal.jpg\",\"contentUrl\":\"https:\/\/dhg1h5j42swfq.cloudfront.net\/2022\/09\/06184042\/ifal.jpg\",\"width\":768,\"height\":432},{\"@type\":\"BreadcrumbList\",\"@id\":\"https:\/\/www.estrategiaconcursos.com.br\/blog\/concurso-ifal\/#breadcrumb\",\"itemListElement\":[{\"@type\":\"ListItem\",\"position\":1,\"name\":\"In\u00edcio\",\"item\":\"https:\/\/www.estrategiaconcursos.com.br\/blog\/\"},{\"@type\":\"ListItem\",\"position\":2,\"name\":\"Concurso IFAL: saiu edital com 52 vagas!\"}]},{\"@type\":\"WebSite\",\"@id\":\"https:\/\/www.estrategiaconcursos.com.br\/blog\/#website\",\"url\":\"https:\/\/www.estrategiaconcursos.com.br\/blog\/\",\"name\":\"Estrat\u00e9gia Concursos\",\"description\":\"O blog da Estrat\u00e9gia Concursos traz not\u00edcias sobre concursos e artigos de professores oferecendo cursos para concursos (pdf + videaulas) no site.\",\"publisher\":{\"@id\":\"https:\/\/www.estrategiaconcursos.com.br\/blog\/#organization\"},\"potentialAction\":[{\"@type\":\"SearchAction\",\"target\":{\"@type\":\"EntryPoint\",\"urlTemplate\":\"https:\/\/www.estrategiaconcursos.com.br\/blog\/?s={search_term_string}\"},\"query-input\":{\"@type\":\"PropertyValueSpecification\",\"valueRequired\":true,\"valueName\":\"search_term_string\"}}],\"inLanguage\":\"pt-BR\"},{\"@type\":\"Organization\",\"@id\":\"https:\/\/www.estrategiaconcursos.com.br\/blog\/#organization\",\"name\":\"Estrat\u00e9gia Concursos\",\"url\":\"https:\/\/www.estrategiaconcursos.com.br\/blog\/\",\"logo\":{\"@type\":\"ImageObject\",\"inLanguage\":\"pt-BR\",\"@id\":\"https:\/\/www.estrategiaconcursos.com.br\/blog\/#\/schema\/logo\/image\/\",\"url\":\"https:\/\/dhg1h5j42swfq.cloudfront.net\/2025\/06\/03203428\/logo_concursos-1.jpg\",\"contentUrl\":\"https:\/\/dhg1h5j42swfq.cloudfront.net\/2025\/06\/03203428\/logo_concursos-1.jpg\",\"width\":230,\"height\":60,\"caption\":\"Estrat\u00e9gia Concursos\"},\"image\":{\"@id\":\"https:\/\/www.estrategiaconcursos.com.br\/blog\/#\/schema\/logo\/image\/\"},\"sameAs\":[\"https:\/\/x.com\/EstratConcursos\"]},{\"@type\":\"Person\",\"@id\":\"https:\/\/www.estrategiaconcursos.com.br\/blog\/#\/schema\/person\/b4a388c97673c5f483d72185668afa1f\",\"name\":\"Coordena\u00e7\u00e3o\",\"image\":{\"@type\":\"ImageObject\",\"inLanguage\":\"pt-BR\",\"@id\":\"https:\/\/secure.gravatar.com\/avatar\/b720319e4c9a967eb58678d110f4fe35452fc5d5f97b202bac7b8acceb18c6ad?s=96&d=mm&r=g\",\"url\":\"https:\/\/secure.gravatar.com\/avatar\/b720319e4c9a967eb58678d110f4fe35452fc5d5f97b202bac7b8acceb18c6ad?s=96&d=mm&r=g\",\"contentUrl\":\"https:\/\/secure.gravatar.com\/avatar\/b720319e4c9a967eb58678d110f4fe35452fc5d5f97b202bac7b8acceb18c6ad?s=96&d=mm&r=g\",\"caption\":\"Coordena\u00e7\u00e3o\"},\"sameAs\":[\"https:\/\/www.facebook.com\/EstrategiaConcursos\",\"https:\/\/x.com\/EstratConcursos\"],\"url\":\"https:\/\/www.estrategiaconcursos.com.br\/blog\/author\/estrategia2013\/\"}]}<\/script>\n<!-- \/ Yoast SEO Premium plugin. -->","yoast_head_json":{"title":"Concurso IFAL: saiu edital com 52 vagas!","description":"Publicado novo edital Concurso IFAL! S\u00e3o 52 vagas para Professor com sal\u00e1rios de at\u00e9 R$ 13.288,85. Inscri\u00e7\u00f5es em breve!","robots":{"index":"index","follow":"follow","max-snippet":"max-snippet:-1","max-image-preview":"max-image-preview:large","max-video-preview":"max-video-preview:-1"},"canonical":"https:\/\/www.estrategiaconcursos.com.br\/blog\/concurso-ifal\/","og_locale":"pt_BR","og_type":"article","og_title":"Concurso IFAL: saiu edital com 52 vagas!","og_description":"Publicado novo edital Concurso IFAL! S\u00e3o 52 vagas para Professor com sal\u00e1rios de at\u00e9 R$ 13.288,85. Inscri\u00e7\u00f5es em breve!","og_url":"https:\/\/www.estrategiaconcursos.com.br\/blog\/concurso-ifal\/","og_site_name":"Estrat\u00e9gia Concursos","article_author":"https:\/\/www.facebook.com\/EstrategiaConcursos","article_published_time":"2026-01-20T09:00:00+00:00","article_modified_time":"2026-04-20T19:14:51+00:00","og_image":[{"width":768,"height":432,"url":"https:\/\/dhg1h5j42swfq.cloudfront.net\/2022\/09\/06184042\/ifal.jpg","type":"image\/jpeg"}],"author":"Coordena\u00e7\u00e3o","twitter_card":"summary_large_image","twitter_creator":"@EstratConcursos","twitter_site":"@EstratConcursos","twitter_misc":{"Escrito por":"Coordena\u00e7\u00e3o","Est. tempo de leitura":"3 minutos"},"schema":{"@context":"https:\/\/schema.org","@graph":[{"@type":"NewsArticle","@id":"https:\/\/www.estrategiaconcursos.com.br\/blog\/concurso-ifal\/#article","isPartOf":{"@id":"https:\/\/www.estrategiaconcursos.com.br\/blog\/concurso-ifal\/"},"author":{"name":"Coordena\u00e7\u00e3o","@id":"https:\/\/www.estrategiaconcursos.com.br\/blog\/#\/schema\/person\/b4a388c97673c5f483d72185668afa1f"},"headline":"Concurso IFAL: saiu edital com 52 vagas!","datePublished":"2026-01-20T09:00:00+00:00","dateModified":"2026-04-20T19:14:51+00:00","mainEntityOfPage":{"@id":"https:\/\/www.estrategiaconcursos.com.br\/blog\/concurso-ifal\/"},"wordCount":1368,"commentCount":0,"publisher":{"@id":"https:\/\/www.estrategiaconcursos.com.br\/blog\/#organization"},"image":{"@id":"https:\/\/www.estrategiaconcursos.com.br\/blog\/concurso-ifal\/#primaryimage"},"thumbnailUrl":"https:\/\/dhg1h5j42swfq.cloudfront.net\/2022\/09\/06184042\/ifal.jpg","articleSection":["Educa\u00e7\u00e3o","\u00daltimas not\u00edcias"],"inLanguage":"pt-BR","potentialAction":[{"@type":"CommentAction","name":"Comment","target":["https:\/\/www.estrategiaconcursos.com.br\/blog\/concurso-ifal\/#respond"]}],"copyrightYear":"2026","copyrightHolder":{"@id":"https:\/\/www.estrategiaconcursos.com.br\/blog\/#organization"}},{"@type":"WebPage","@id":"https:\/\/www.estrategiaconcursos.com.br\/blog\/concurso-ifal\/","url":"https:\/\/www.estrategiaconcursos.com.br\/blog\/concurso-ifal\/","name":"Concurso IFAL: saiu edital com 52 vagas!","isPartOf":{"@id":"https:\/\/www.estrategiaconcursos.com.br\/blog\/#website"},"primaryImageOfPage":{"@id":"https:\/\/www.estrategiaconcursos.com.br\/blog\/concurso-ifal\/#primaryimage"},"image":{"@id":"https:\/\/www.estrategiaconcursos.com.br\/blog\/concurso-ifal\/#primaryimage"},"thumbnailUrl":"https:\/\/dhg1h5j42swfq.cloudfront.net\/2022\/09\/06184042\/ifal.jpg","datePublished":"2026-01-20T09:00:00+00:00","dateModified":"2026-04-20T19:14:51+00:00","description":"Publicado novo edital Concurso IFAL! S\u00e3o 52 vagas para Professor com sal\u00e1rios de at\u00e9 R$ 13.288,85. Inscri\u00e7\u00f5es em breve!","breadcrumb":{"@id":"https:\/\/www.estrategiaconcursos.com.br\/blog\/concurso-ifal\/#breadcrumb"},"inLanguage":"pt-BR","potentialAction":[{"@type":"ReadAction","target":["https:\/\/www.estrategiaconcursos.com.br\/blog\/concurso-ifal\/"]}]},{"@type":"ImageObject","inLanguage":"pt-BR","@id":"https:\/\/www.estrategiaconcursos.com.br\/blog\/concurso-ifal\/#primaryimage","url":"https:\/\/dhg1h5j42swfq.cloudfront.net\/2022\/09\/06184042\/ifal.jpg","contentUrl":"https:\/\/dhg1h5j42swfq.cloudfront.net\/2022\/09\/06184042\/ifal.jpg","width":768,"height":432},{"@type":"BreadcrumbList","@id":"https:\/\/www.estrategiaconcursos.com.br\/blog\/concurso-ifal\/#breadcrumb","itemListElement":[{"@type":"ListItem","position":1,"name":"In\u00edcio","item":"https:\/\/www.estrategiaconcursos.com.br\/blog\/"},{"@type":"ListItem","position":2,"name":"Concurso IFAL: saiu edital com 52 vagas!"}]},{"@type":"WebSite","@id":"https:\/\/www.estrategiaconcursos.com.br\/blog\/#website","url":"https:\/\/www.estrategiaconcursos.com.br\/blog\/","name":"Estrat\u00e9gia Concursos","description":"O blog da Estrat\u00e9gia Concursos traz not\u00edcias sobre concursos e artigos de professores oferecendo cursos para concursos (pdf + videaulas) no site.","publisher":{"@id":"https:\/\/www.estrategiaconcursos.com.br\/blog\/#organization"},"potentialAction":[{"@type":"SearchAction","target":{"@type":"EntryPoint","urlTemplate":"https:\/\/www.estrategiaconcursos.com.br\/blog\/?s={search_term_string}"},"query-input":{"@type":"PropertyValueSpecification","valueRequired":true,"valueName":"search_term_string"}}],"inLanguage":"pt-BR"},{"@type":"Organization","@id":"https:\/\/www.estrategiaconcursos.com.br\/blog\/#organization","name":"Estrat\u00e9gia Concursos","url":"https:\/\/www.estrategiaconcursos.com.br\/blog\/","logo":{"@type":"ImageObject","inLanguage":"pt-BR","@id":"https:\/\/www.estrategiaconcursos.com.br\/blog\/#\/schema\/logo\/image\/","url":"https:\/\/dhg1h5j42swfq.cloudfront.net\/2025\/06\/03203428\/logo_concursos-1.jpg","contentUrl":"https:\/\/dhg1h5j42swfq.cloudfront.net\/2025\/06\/03203428\/logo_concursos-1.jpg","width":230,"height":60,"caption":"Estrat\u00e9gia Concursos"},"image":{"@id":"https:\/\/www.estrategiaconcursos.com.br\/blog\/#\/schema\/logo\/image\/"},"sameAs":["https:\/\/x.com\/EstratConcursos"]},{"@type":"Person","@id":"https:\/\/www.estrategiaconcursos.com.br\/blog\/#\/schema\/person\/b4a388c97673c5f483d72185668afa1f","name":"Coordena\u00e7\u00e3o","image":{"@type":"ImageObject","inLanguage":"pt-BR","@id":"https:\/\/secure.gravatar.com\/avatar\/b720319e4c9a967eb58678d110f4fe35452fc5d5f97b202bac7b8acceb18c6ad?s=96&d=mm&r=g","url":"https:\/\/secure.gravatar.com\/avatar\/b720319e4c9a967eb58678d110f4fe35452fc5d5f97b202bac7b8acceb18c6ad?s=96&d=mm&r=g","contentUrl":"https:\/\/secure.gravatar.com\/avatar\/b720319e4c9a967eb58678d110f4fe35452fc5d5f97b202bac7b8acceb18c6ad?s=96&d=mm&r=g","caption":"Coordena\u00e7\u00e3o"},"sameAs":["https:\/\/www.facebook.com\/EstrategiaConcursos","https:\/\/x.com\/EstratConcursos"],"url":"https:\/\/www.estrategiaconcursos.com.br\/blog\/author\/estrategia2013\/"}]}},"_links":{"self":[{"href":"https:\/\/www.estrategiaconcursos.com.br\/blog\/wp-json\/wp\/v2\/posts\/1055362","targetHints":{"allow":["GET"]}}],"collection":[{"href":"https:\/\/www.estrategiaconcursos.com.br\/blog\/wp-json\/wp\/v2\/posts"}],"about":[{"href":"https:\/\/www.estrategiaconcursos.com.br\/blog\/wp-json\/wp\/v2\/types\/post"}],"author":[{"embeddable":true,"href":"https:\/\/www.estrategiaconcursos.com.br\/blog\/wp-json\/wp\/v2\/users\/1"}],"replies":[{"embeddable":true,"href":"https:\/\/www.estrategiaconcursos.com.br\/blog\/wp-json\/wp\/v2\/comments?post=1055362"}],"version-history":[{"count":44,"href":"https:\/\/www.estrategiaconcursos.com.br\/blog\/wp-json\/wp\/v2\/posts\/1055362\/revisions"}],"predecessor-version":[{"id":1755908,"href":"https:\/\/www.estrategiaconcursos.com.br\/blog\/wp-json\/wp\/v2\/posts\/1055362\/revisions\/1755908"}],"wp:featuredmedia":[{"embeddable":true,"href":"https:\/\/www.estrategiaconcursos.com.br\/blog\/wp-json\/wp\/v2\/media\/1090630"}],"wp:attachment":[{"href":"https:\/\/www.estrategiaconcursos.com.br\/blog\/wp-json\/wp\/v2\/media?parent=1055362"}],"wp:term":[{"taxonomy":"category","embeddable":true,"href":"https:\/\/www.estrategiaconcursos.com.br\/blog\/wp-json\/wp\/v2\/categories?post=1055362"},{"taxonomy":"post_tag","embeddable":true,"href":"https:\/\/www.estrategiaconcursos.com.br\/blog\/wp-json\/wp\/v2\/tags?post=1055362"},{"taxonomy":"tax_estado","embeddable":true,"href":"https:\/\/www.estrategiaconcursos.com.br\/blog\/wp-json\/wp\/v2\/tax_estado?post=1055362"}],"curies":[{"name":"wp","href":"https:\/\/api.w.org\/{rel}","templated":true}]}}