{"id":105518,"date":"2018-03-21T02:00:48","date_gmt":"2018-03-21T05:00:48","guid":{"rendered":"https:\/\/www.estrategiaconcursos.com.br\/blog\/?p=105518"},"modified":"2020-06-20T10:12:33","modified_gmt":"2020-06-20T13:12:33","slug":"concurso-arsesp-edital","status":"publish","type":"post","link":"https:\/\/www.estrategiaconcursos.com.br\/blog\/concurso-arsesp-edital\/","title":{"rendered":"Concurso ARSESP: \u00daltimo dia para inscri\u00e7\u00f5es|Remunera\u00e7\u00e3o acima de R$6 mil"},"content":{"rendered":"<p style=\"text-align: justify;\"><span style=\"color: #000000;\">Termina hoje o prazo para inscri\u00e7\u00f5es <strong>&nbsp;no concurso ARSESP<\/strong>. O processo poder\u00e1&nbsp;ser realizado exclusivamente no site da banca organizadora, VUNESP,&nbsp; <strong>&nbsp;<\/strong>at\u00e9 o dia<strong>&nbsp;21 de Mar\u00e7o<\/strong>, para se inscrever, os interessados pagar\u00e3o uma taxa no valor de <strong>R$70,00<\/strong>.&nbsp;&nbsp;<\/span><\/p>\n<h2 style=\"text-align: justify;\"><span style=\"color: #000000;\">Remunera\u00e7\u00e3o<\/span><\/h2>\n<p><span style=\"color: #000000;\">Com remunera\u00e7\u00f5es de at\u00e9 R$6 mil, o certame oferecer\u00e1<strong> 46 vagas<\/strong>, sendo 04 para o cargo de Analista de Suporte \u00e0 Regula\u00e7\u00e3o e 42, para Especialista de fiscaliza\u00e7\u00e3o de servi\u00e7os p\u00fablicos.&nbsp;<\/span><\/p>\n<p style=\"text-align: justify;\"><span style=\"color: #000000;\">A&nbsp;Ag\u00eancia Reguladora de Saneamento e Energia oferece em seu edital&nbsp; sal\u00e1rios entre R$5 mil e R$6.214,00, por\u00e9m, vale ressaltar que os ganhos podem aumentar significativamente com as gratifica\u00e7\u00f5es.<\/span><\/p>\n<h3>Provas<\/h3>\n<p style=\"text-align: justify;\"><span style=\"color: #000000;\">O certame consistir\u00e1 em 02 etapas que ocorrer\u00e3o no mesmo dia: prova discursiva e prova objetiva.&nbsp; A prova objetiva ser\u00e1 composta por<strong> 80<\/strong> quest\u00f5es que, juntas, cumular\u00e3o o total de<strong> 160<\/strong> pontos, as quest\u00f5es estar\u00e3o distribu\u00eddas da seguinte forma:&nbsp;<\/span><\/p>\n<p style=\"text-align: justify;\"><span style=\"color: #000000;\"><em>Conhecimentos Gerais &#8211; 40 quest\u00f5es, com peso 1&nbsp;<\/em><\/span><\/p>\n<p style=\"text-align: justify;\"><span style=\"color: #000000;\"><em>Conhecimentos Espec\u00edficos &#8211; 40 quest\u00f5es com peso 3&nbsp;<\/em><\/span><\/p>\n<p style=\"text-align: justify;\"><span style=\"color: #000000;\">Al\u00e9m da prova objetiva, os candidatos far\u00e3o uma reda\u00e7\u00e3o que tem pontua\u00e7\u00e3o m\u00e1xima de 40 pontos. Nesta, ser\u00e3o observadas habilidades de escrita, tais como: coer\u00eancia, coes\u00e3o textual e gram\u00e1tica.&nbsp;<\/span><\/p>\n<p style=\"text-align: justify;\"><span style=\"color: #000000;\">As provas tem data prevista de aplica\u00e7\u00e3o para o dia<strong> 29 de Abril<\/strong> e dura\u00e7\u00e3o de 05 horas.&nbsp;<\/span><\/p>\n<h3 style=\"text-align: justify;\">Dos Cargos<\/h3>\n<p style=\"text-align: justify;\"><span style=\"color: #000000;\">Os cargos de&nbsp;Especialista em Regula\u00e7\u00e3o e Fiscaliza\u00e7\u00e3o de Servi\u00e7os P\u00fablicos se dividem nas seguintes especialidades: <\/span><\/p>\n<p style=\"text-align: justify;\"><span style=\"color: #000000;\"><em>&nbsp;Economia Financeira<\/em><\/span><\/p>\n<p style=\"text-align: justify;\"><span style=\"color: #000000;\"><em>G\u00e1s Canalizado<\/em><\/span><\/p>\n<p style=\"text-align: justify;\"><span style=\"color: #000000;\"><em> Eletr\u00f4nica<\/em><\/span><\/p>\n<p style=\"text-align: justify;\"><span style=\"color: #000000;\"><em> Saneamento B\u00e1sico<\/em><\/span><\/p>\n<p style=\"text-align: justify;\"><span style=\"color: #000000;\"><em>Rela\u00e7\u00f5es Institucionais&nbsp;&nbsp;<\/em><\/span><\/p>\n<p style=\"text-align: justify;\"><span style=\"color: #000000;\">J\u00e1 para os cargos de Analista&nbsp; de Suporte e Regula\u00e7\u00e3o h\u00e1 vagas para as \u00e1reas de:&nbsp;<\/span><\/p>\n<p style=\"text-align: justify;\"><span style=\"color: #000000;\"><em> Rela\u00e7\u00f5es Institucionais<\/em><\/span><\/p>\n<p style=\"text-align: justify;\"><span style=\"color: #000000;\"><em>Recursos Humanos&nbsp;<\/em><\/span><\/p>\n<h3 style=\"text-align: justify;\"><strong>Requisitos&nbsp;<\/strong><\/h3>\n<p style=\"text-align: justify;\"><span style=\"color: #000000;\">Para todos os cargos \u00e9 exigida <strong>forma\u00e7\u00e3o superior<\/strong> nas \u00e1reas respectivas aos cargos exercidos, al\u00e9m de experi\u00eancia m\u00ednima de <strong>03 anos<\/strong> nas \u00e1reas de atua\u00e7\u00e3o.&nbsp;<\/span><\/p>\n<h3 style=\"text-align: justify;\">Conhecimentos B\u00e1sicos&nbsp; Exigidos<\/h3>\n<p style=\"text-align: justify;\"><span style=\"color: #000000;\">Os conte\u00fados exigidos neste certame ser\u00e3o:&nbsp;<\/span><\/p>\n<p style=\"text-align: justify;\"><span style=\"color: #000000;\"><em>L\u00edngua Portuguesa<\/em><\/span><\/p>\n<p style=\"text-align: justify;\"><span style=\"color: #000000;\"><em>Matem\u00e1tica e Racioc\u00ednio L\u00f3gico<\/em><\/span><\/p>\n<p style=\"text-align: justify;\"><span style=\"color: #000000;\"><em>No\u00e7\u00f5es de Inform\u00e1tica<\/em><\/span><\/p>\n<p style=\"text-align: justify;\"><span style=\"color: #000000;\"><em>Administra\u00e7\u00e3o P\u00fablica&nbsp;<\/em><\/span><\/p>\n<p style=\"text-align: justify;\"><span style=\"color: #000000;\"><em>Defesa da Concorr\u00eancia&nbsp;&nbsp;<\/em><\/span><\/p>\n<p><span style=\"color: #000000;\">O CONTE\u00daDO PROGRAM\u00c1TICO DESTE CERTAME EST\u00c1 DISPON\u00cdVEL NO FIM DA P\u00c1GINA<\/span><\/p>\n<p style=\"text-align: center;\"><img loading=\"lazy\" decoding=\"async\" class=\"alignnone wp-image-54048\" src=\"https:\/\/dhg1h5j42swfq.cloudfront.net\/2016\/11\/03142351\/Coruja.png\" alt=\"concurso arsesp\" width=\"129\" height=\"128\" srcset=\"https:\/\/dhg1h5j42swfq.cloudfront.net\/2016\/11\/03142351\/Coruja.png 206w, https:\/\/dhg1h5j42swfq.cloudfront.net\/2016\/11\/03142351\/Coruja.png 150w\" sizes=\"auto, (max-width: 129px) 100vw, 129px\" \/><\/p>\n<p style=\"text-align: center;\"><em><strong>Gostou desta oportunidade e quer come\u00e7ar a se preparar agora mesmo para este concurso? Clique no link abaixo e confira os cursos que o Estrat\u00e9gia Concursos possui para refor\u00e7ar seus estudos. Os nossos professores j\u00e1 est\u00e3o trabalhando em materiais espec\u00edficos para este certame.&nbsp;<\/strong><\/em><\/p>\n<h2 style=\"text-align: center;\"><span style=\"text-decoration: underline;\"><strong><span style=\"color: #3366ff; text-decoration: underline;\"><a style=\"color: #3366ff; text-decoration: underline;\" href=\"https:\/\/www.estrategiaconcursos.com.br\/cursosPorConcurso\/arsesp\/\" target=\"_blank\" rel=\"noopener noreferrer\">CURSOS PARA O CONCURSO ARSESP<\/a><\/span><\/strong><\/span><\/h2>\n<p>&nbsp;<\/p>\n<p><img loading=\"lazy\" decoding=\"async\" title=\"\" src=\"https:\/\/www.estrategiaconcursos.com.br\/blog\/wp-content\/uploads\/2017\/01\/coruja-ficha-tecnica-300x102.png\" alt=\"\" width=\"300\" height=\"102\"\/><\/p>\n<p><strong>\u2666Informa\u00e7\u00f5es do Concurso ARSESP&nbsp;<\/strong><br \/>\n\u25baData prevista: 29 de Abril&nbsp; de 2018<br \/>\n\u25baVagas: 46 vagas autorizadas<br \/>\n\u25baLota\u00e7\u00f5es: S\u00e3o Paulo<br \/>\n\u25baRemunera\u00e7\u00e3o inicial: Entre R$5 mil e &nbsp;R$6.214,00<br \/>\n\u25baBanca: <b>VUNESP&nbsp;<\/b><br \/>\n\u25baEscolaridade: Ensino Superior<br \/>\n\u25baCursos Estrat\u00e9gia Concursos:<strong><span style=\"color: #0000ff;\"> <a style=\"color: #0000ff;\" href=\"https:\/\/www.estrategiaconcursos.com.br\/cursosPorConcurso\/arsesp\/\" target=\"_blank\" rel=\"noopener noreferrer\">CURSOS CONCURSO ARSESP<\/a><\/span><br \/>\n\u25ba<\/strong>Edital: <strong><span style=\"color: #3366ff;\"><a style=\"color: #3366ff;\" href=\"https:\/\/www.imprensaoficial.com.br\/DO\/BuscaDO2001Documento_11_4.aspx?link=\/2018\/executivo%2520secao%2520i\/fevereiro\/07\/pag_0157_2VFO1MF25APCBeEH8A470EJVMHN.pdf&amp;pagina=157&amp;data=07\/02\/2018&amp;caderno=Executivo%20I&amp;paginaordenacao=100157\" target=\"_blank\" rel=\"noopener noreferrer\">Edital Concurso ARSESP&nbsp;<\/a><\/span><br \/>\n<\/strong><\/p>\n<p><em>Fernanda Brito<\/em><br \/>\nAscom Estrat\u00e9gia<br \/>\ncomunicacao@estrategiaconcursos.com.br<\/p>\n<p>&nbsp;<\/p>\n<p><span style=\"color: #000000;\">CONTE\u00daDO PROGRAM\u00c1TICO <strong>CONCURSO ARSESP 2018&nbsp;<\/strong><\/span><\/p>\n<p style=\"text-align: justify;\"><span style=\"color: #000000;\">PROVA DE CONHECIMENTOS GERAIS<\/span><br \/>\n<span style=\"color: #000000;\"><strong>L\u00edngua Portuguesa:<\/strong> Leitura e interpreta\u00e7\u00e3o de diversos tipos de textos (liter\u00e1riose n\u00e3o liter\u00e1rios). Sin\u00f4nimos e ant\u00f4nimos. Sentido pr\u00f3prio e figurado das palavras. Emprego da acentua\u00e7\u00e3o gr\u00e1fica. Pontua\u00e7\u00e3o. Classes de palavras &#8211; emprego e sentido que imprimem \u00e0s rela\u00e7\u00f5es que estabelecem: substantivo, adjetivo, numeral, artigo, pronome, verbo, adv\u00e9rbio, preposi\u00e7\u00e3o e conjun\u00e7\u00e3o. Concord\u00e2ncia verbal e nominal. Reg\u00eancia verbal e nominal. Voz Ativa e Passiva. Coloca\u00e7\u00e3o pronominal. Crase.<\/span><br \/>\n<span style=\"color: #000000;\"><strong>Matem\u00e1tica e Racioc\u00ednio L\u00f3gico:&nbsp;<\/strong>N\u00fameros inteiros e racionais: opera\u00e7\u00f5es (adi\u00e7\u00e3o, subtra\u00e7\u00e3o, multiplica\u00e7\u00e3o, divis\u00e3o, potencia\u00e7\u00e3o, radicia\u00e7\u00e3o); express\u00f5es num\u00e9ricas; m\u00faltiplos e divisores de n\u00fameros naturais; problemas. Rela\u00e7\u00e3o entre grandezas: tabelas, gr\u00e1ficos e f\u00f3rmulas. Raz\u00e3o e propor\u00e7\u00e3o; divis\u00e3o em partes proporcionais; regra de tr\u00eas simples e composta; porcentagem e problemas. Juros simples e compostos. Sistemas usuais de medidas. Equa\u00e7\u00f5es do 1\u00ba e do 2\u00ba graus; sistemas de equa\u00e7\u00f5es. No\u00e7\u00f5es de contagem, probabilidade e estat\u00edstica. Estrutura l\u00f3gica de rela\u00e7\u00f5es arbitr\u00e1rias entre pessoas, lugares, objetos ou eventos fict\u00edcios; deduzir novas informa\u00e7\u00f5es das rela\u00e7\u00f5es fornecidas e avaliar as condi\u00e7\u00f5es usadas para estabelecer a estrutura daquelas rela\u00e7\u00f5es. Compreens\u00e3o e elabora\u00e7\u00e3o da l\u00f3gica das situa\u00e7\u00f5es por meio de: racioc\u00ednio verbal, racioc\u00ednio matem\u00e1tico, racioc\u00ednio sequencial, orienta\u00e7\u00e3o espacial e temporal, forma\u00e7\u00e3o de conceitos, discrimina\u00e7\u00e3o de elementos. Compreens\u00e3o do processo l\u00f3gico que, a partir de um conjunto de hip\u00f3teses, conduz, de forma v\u00e1lida, a conclus\u00f5es determinadas.<\/span><br \/>\n<span style=\"color: #000000;\"><strong>No\u00e7\u00f5es de Inform\u00e1tica:&nbsp;<\/strong>MS-Windows 7: conceito de pastas, diret\u00f3rios, arquivos e atalhos, \u00e1rea de trabalho, \u00e1rea de transfer\u00eancia, manipula\u00e7\u00e3o de arquivos e pastas, uso dos menus, programas e aplicativos, intera\u00e7\u00e3o com o conjunto de aplicativos MS-Office 2010. MS-Word 2010: estrutura b\u00e1sica dos documentos, edi\u00e7\u00e3o e formata\u00e7\u00e3o de textos, cabe\u00e7alhos, par\u00e1grafos, fontes, colunas, marcadores simb\u00f3licos e num\u00e9ricos, tabelas, impress\u00e3o, controle de quebras e numera\u00e7\u00e3o de p\u00e1ginas, legendas, \u00edndices, inser\u00e7\u00e3o de objetos, campos predefinidos, caixas de texto. MS-Excel 2010: estrutura b\u00e1sica das planilhas, conceitos de c\u00e9lulas, linhas, colunas, pastas e gr\u00e1ficos, elabora\u00e7\u00e3o de tabelas e gr\u00e1ficos, uso de f\u00f3rmulas, fun\u00e7\u00f5es e macros, impress\u00e3o, inser\u00e7\u00e3o de objetos, campos predefinidos, controle de quebras e numera\u00e7\u00e3o de p\u00e1ginas, obten\u00e7\u00e3o de dados externos, classifica\u00e7\u00e3o de dados. MS-PowerPoint<\/span><br \/>\n<span style=\"color: #000000;\">2010: estrutura b\u00e1sica das apresenta\u00e7\u00f5es, conceitos de slides, anota\u00e7\u00f5es, r\u00e9gua, guias, cabe\u00e7alhos e rodap\u00e9s, no\u00e7\u00f5es de edi\u00e7\u00e3o e formata\u00e7\u00e3o de apresenta\u00e7\u00f5es, inser\u00e7\u00e3o de objetos, numera\u00e7\u00e3o<\/span><br \/>\n<span style=\"color: #000000;\">de p\u00e1ginas, bot\u00f5es de a\u00e7\u00e3o, anima\u00e7\u00e3o e transi\u00e7\u00e3o entre slides. Correio Eletr\u00f4nico: uso de correio eletr\u00f4nico, preparo e envio de mensagens, anexa\u00e7\u00e3o de arquivos. Internet: Navega\u00e7\u00e3o Internet, conceitos de URL, links, sites, busca e impress\u00e3o de p\u00e1ginas.<\/span><br \/>\n<span style=\"color: #000000;\"><strong>Administra\u00e7\u00e3o P\u00fablica:&nbsp;<\/strong>No\u00e7\u00f5es de Direito Administrativo: Administra\u00e7\u00e3o P\u00fablica Direta e Indireta: conceito. Autarquia: conceito. Autarquia Especial: conceito. Processo e Ato Administrativo (Lei estadual n\u00ba 10.177\/1998). Poder de Pol\u00edcia: conceito e elementos. Licita\u00e7\u00f5es&nbsp;&nbsp;e Contratos administrativos (Lei federal n\u00ba 8.666\/1993 atualizada). Preg\u00e3o presencial e eletr\u00f4nico (Lei federal n\u00ba 10.520\/2002, Decreto estadual n\u00ba 47.297\/2002, e Decreto estadual n\u00ba 49.722\/2005). Lei federal n\u00ba 8.987\/1995 (sobre o regime de concess\u00e3o e permiss\u00e3o da presta\u00e7\u00e3o de servi\u00e7os p\u00fablicos, art. 175 da Constitui\u00e7\u00e3o Federal). Lei estadual n\u00ba 7.835\/1992 (disp\u00f5e sobre o regime de concess\u00e3o de obras p\u00fablicas, de concess\u00e3o e permiss\u00e3o de servi\u00e7os p\u00fablicos e d\u00e1 provid\u00eancias correlatas). Servi\u00e7os P\u00fablicos; conceito, classifica\u00e7\u00e3o, regulamenta\u00e7\u00e3o e controle; forma, meios e requisitos; delega\u00e7\u00e3o: concess\u00e3o, permiss\u00e3o, autoriza\u00e7\u00e3o. Lei dos Cons\u00f3rcios P\u00fablicos: Lei Federal n\u00ba 11.107\/2005 e Decreto federal n\u00ba 6.017\/2007.<\/span><br \/>\n<span style=\"color: #000000;\"><strong>No\u00e7\u00f5es de Direito Constitucional:<\/strong> Formas de Estado e formas e sistemas de governo. Fun\u00e7\u00f5es t\u00edpicas dos Poderes Legislativo, Executivo e Judici\u00e1rio. Princ\u00edpios que regem as atividades<\/span><br \/>\n<span style=\"color: #000000;\">da Administra\u00e7\u00e3o P\u00fablica paulista (artigo 111 da Constitui\u00e7\u00e3o do Estado). Lei Federal n\u00ba 12.527, de 18\/11\/2011 (disp\u00f5e sobre o acesso a informa\u00e7\u00f5es) e Decreto Estadual n\u00ba 58.052\/2012 (regulamenta a Lei federal n\u00ba 12.527\/2011).<\/span><br \/>\n<span style=\"color: #000000;\"><strong>Legisla\u00e7\u00e3o:<\/strong>Legisla\u00e7\u00e3o Aplicada Aos Servidores da ARSESP: Objetivos fundamentais da ARSESP (Lei Complementar n\u00ba 1.025\/2007 e Decreto Estadual n\u00ba 52.455\/2007). Ag\u00eancias Reguladoras: As ag\u00eancias reguladoras e o princ\u00edpio da legalidade. \u00d3rg\u00e3os reguladores no Brasil: hist\u00f3rico e caracter\u00edstica das autarquias. Abordagens: teoria econ\u00f4mica da<\/span><br \/>\n<span style=\"color: #000000;\">regula\u00e7\u00e3o, teoria da captura, teoria do agente principal. Formas de regula\u00e7\u00e3o: regula\u00e7\u00e3o de pre\u00e7o; regula\u00e7\u00e3o de entrada; regula\u00e7\u00e3o de qualidade. Boas pr\u00e1ticas regulat\u00f3rias: an\u00e1lise do impacto<\/span><br \/>\n<span style=\"color: #000000;\">regulat\u00f3rio. Poder regulat\u00f3rio. No\u00e7\u00f5es de Direito do Consumidor (Lei Federal n\u00ba 8.078\/1990).<\/span><br \/>\n<span style=\"color: #000000;\"><strong>Defesa da Concorr\u00eancia:<\/strong> Sistema Brasileiro de Defesa da Concorr\u00eancia. Preven\u00e7\u00e3o e a repress\u00e3o \u00e0s infra\u00e7\u00f5es contra a ordem econ\u00f4mica. Regras per se e de raz\u00e3o. Modelo de estrutura-conduta-desempenho. Abordagem dos custos de transa\u00e7\u00e3o. Poder de mercado. Mercados relevantes. Pr\u00e1ticas anticompetitivas horizontais e verticais. Intera\u00e7\u00f5es entre as ag\u00eancias reguladoras e \u00f3rg\u00e3os de defesa da concorr\u00eancia no Brasil.<\/span><br \/>\n<span style=\"color: #000000;\"><strong>PROVA DE CONHECIMENTOS ESPEC\u00cdFICOS<\/strong><\/span><br \/>\n<span style=\"color: #000000;\"><strong><em>Especialista em Regula\u00e7\u00e3o e Fiscaliza\u00e7\u00e3o de Servi\u00e7os P\u00fablicos<\/em><\/strong><\/span><br \/>\n<span style=\"color: #000000;\"><strong><em>I \u2013 A01 \u2013 El\u00e9trica<\/em><\/strong><\/span><br \/>\n<span style=\"color: #000000;\"><strong>Aspectos institucionais do Setor El\u00e9trico:<\/strong> Modelo institucional do setor el\u00e9trico: Leis Federais n\u00ba 9.427\/1996, n\u00ba 10.438\/2002 e n\u00ba 10.848\/2004; Principais aspectos dos contratos de concess\u00e3o de servi\u00e7os de distribui\u00e7\u00e3o de energia el\u00e9trica (dispon\u00edveis no site da ANNEL &#8211; www.aneel.gov.br); Sistema tarif\u00e1rio e mecanismos de reajuste e revis\u00e3o de tarifas do setor el\u00e9trico: notas t\u00e9cnicas (dispon\u00edveis no site da ANEEL &#8211; www. aneel.gov.br); Comercializa\u00e7\u00e3o de energia: leil\u00f5es, mercado livre e mercado cativo e No\u00e7\u00f5es de processos administrativos e processos administrativos punitivos. Aspectos t\u00e9cnicos do Setor El\u00e9trico: Fundamentos de sistemas de pot\u00eancia, m\u00e1quinas el\u00e9tricas, circuitos el\u00e9tricos e dispositivos eletroeletr\u00f4nicos; Fundamentos de distribui\u00e7\u00e3o de energia el\u00e9trica: projetos, aspectos construtivos, manuten\u00e7\u00e3o e opera\u00e7\u00e3o<\/span><br \/>\n<span style=\"color: #000000;\">de redes el\u00e9tricas; Fundamentos de Gera\u00e7\u00e3o de energia el\u00e9trica, incluindo Centrais Hidroel\u00e9tricas, Termoel\u00e9tricas, cogera\u00e7\u00e3o e fontes de energia renov\u00e1veis; Fundamentos de Comercializa\u00e7\u00e3o<\/span><br \/>\n<span style=\"color: #000000;\">de Energia El\u00e9trica, conforme regulamenta\u00e7\u00e3o da ANEEL; Condi\u00e7\u00f5es gerais de fornecimento de energia &#8211; Resolu\u00e7\u00e3o Normativa n\u00ba 414\/2010 (dispon\u00edveis no site da ANEEL &#8211; www.aneel.gov.br); Procedimentos de Distribui\u00e7\u00e3o \u2013 PRODIST (dispon\u00edveis no site<\/span><br \/>\n<span style=\"color: #000000;\">da ANEEL &#8211; www.aneel.gov.br) e Aspectos ligados \u00e0 Seguran\u00e7a<\/span><br \/>\n<span style=\"color: #000000;\">do Trabalho.<\/span><br \/>\n<span style=\"color: #000000;\"><strong>Cargo de Especialista em Regula\u00e7\u00e3o e Fiscaliza\u00e7\u00e3o de Servi\u00e7os P\u00fablicos<\/strong><\/span><br \/>\n<span style=\"color: #000000;\"><strong>I \u2013 B02 \u2013 G\u00e1s Canalizado<\/strong><\/span><\/p>\n<p style=\"text-align: justify;\"><span style=\"color: #000000;\">&nbsp;Aspectos institucionais do Setor de G\u00e1s Canalizado: Marco Regulat\u00f3rio Estadual da Distribui\u00e7\u00e3o de G\u00e1s Canalizado: Decreto Estadual n\u00ba 43.889\/1999, que aprova o Regulamento de Concess\u00e3o e Permiss\u00e3o da Presta\u00e7\u00e3o de Servi\u00e7os P\u00fablicos de Distribui\u00e7\u00e3o de G\u00e1s Canalizado no Estado de S\u00e3o Paulo; Contratos de Concess\u00e3o para Explora\u00e7\u00e3o de Servi\u00e7os P\u00fablicos de Distribui\u00e7\u00e3o de G\u00e1s Canalizado celebrados entre o Estado de S\u00e3o Paulo e as Concession\u00e1rias Paulistas (Companhia de G\u00e1s de S\u00e3o Paulo &#8211; Comg\u00e1s, G\u00e1s Brasiliano Distribuidora Ltda. e G\u00e1s Natural S\u00e3o Paulo Sul S.A.) (www.arsesp.sp.gov.br); Marco Regulat\u00f3rio Federal: Lei n\u00ba 11.909\/2009 (Lei do G\u00e1s) e Lei n\u00ba 9.478\/1997(Lei do Petr\u00f3leo); Condi\u00e7\u00f5es gerais do fornecimento de g\u00e1s canalizado no Estado de S\u00e3o Paulo, Delibera\u00e7\u00e3o Arsesp n\u00b0 732, de 06 de julho de 2017 (dispon\u00edvel em www.arsesp.sp.gov.br); Regulamenta\u00e7\u00e3o de penalidades aos agentes permission\u00e1rios e concession\u00e1rios de instala\u00e7\u00f5es e servi\u00e7os de distribui\u00e7\u00e3o de g\u00e1s canalizado, Portaria CSPE n\u00b0 24, de 29 de dezembro de 1999 (www.arsesp.sp.gov.br); Condi\u00e7\u00f5es de distribui\u00e7\u00e3o de Biometano na rede de g\u00e1s canalizado no \u00e2mbito do Estado de S\u00e3o Paulo, Delibera\u00e7\u00e3o Arsesp n\u00ba 744, de 26 de julho de 2017 (dispon\u00edvel em www.arsesp.sp.gov.br).<\/span><br \/>\n<span style=\"color: #000000;\"><strong>Aspectos t\u00e9cnicos do Setor de G\u00e1s Canalizado:&nbsp;<\/strong>Cadeia produtiva do g\u00e1s natural; Explora\u00e7\u00e3o e Produ\u00e7\u00e3o deG\u00e1s Natural, log\u00edstica, transfer\u00eancia, transporte, carregamento e distribui\u00e7\u00e3o de g\u00e1s natural; produ\u00e7\u00e3o do g\u00e1s natural associado e n\u00e3o associado; Composi\u00e7\u00e3o do g\u00e1s natural; G\u00e1s natural comprimido; G\u00e1s natural liquefeito; Comercializa\u00e7\u00e3o de g\u00e1s natural; Produ\u00e7\u00e3o de biog\u00e1s e de biometano; Estat\u00edsticas e acompanhamento sobre o mercado e a ind\u00fastria do g\u00e1s natural, inclusive sobre os combust\u00edveis que competem com o g\u00e1s canalizado (dispon\u00edveisnos sites: da Ag\u00eancia Nacional do Petr\u00f3leo, G\u00e1s Natural e Biocombust\u00edveis &#8211; ANP (www.anp.gov.br), da Secretaria de Energia e Minera\u00e7\u00e3o do Estado de S\u00e3o Paulo (www.energia. sp.gov.br) e da Associa\u00e7\u00e3o Brasileira das Empresas Distribuidorasde G\u00e1s Canalizado &#8211; ABEG\u00c1S (www.abegas.org.br); Revis\u00e3o&nbsp; tarif\u00e1ria dos servi\u00e7os de distribui\u00e7\u00e3o de g\u00e1s canalizado, Notas T\u00e9cnicas e Delibera\u00e7\u00f5es da Arsesp, (dispon\u00edveis no site da Arsesp www.arsesp.sp.gov.br); Conhecimento b\u00e1sico da metodologia das Tarifas aplic\u00e1veis na consecu\u00e7\u00e3o dos servi\u00e7os p\u00fablicos de distribui\u00e7\u00e3o de g\u00e1s canalizado, prevista nos Contratos de Concess\u00e3o e notas t\u00e9cnicas de revis\u00f5es tarif\u00e1rias da Arsesp. (www. arsesp.sp.gov.br); Caracter\u00edsticas f\u00edsico-qu\u00edmicas do g\u00e1s natural e do biometano \u2013 Resolu\u00e7\u00e3o ANP n\u00ba 16, de 17 de junho de 2008, Resolu\u00e7\u00e3o ANP n\u00b0 8, de 30 de janeiro de 2015; Resolu\u00e7\u00e3o ANP n\u00b0 685, de 29 de junho de 2017, site da Ag\u00eancia Nacional<\/span><br \/>\n<span style=\"color: #000000;\">do Petr\u00f3leo, G\u00e1s Natural e Biocombust\u00edveis (www.anp.gov.br).<\/span><br \/>\n<span style=\"color: #000000;\"><strong>Cargo de Especialista em Regula\u00e7\u00e3o e Fiscaliza\u00e7\u00e3o de Servi\u00e7os P\u00fablicos&nbsp;<\/strong><strong>I \u2013 C03 \u2013 Econ\u00f4mico-Financeiro<\/strong><\/span><br \/>\n<span style=\"color: #000000;\"><strong>Microeconomia e Finan\u00e7as:<\/strong> Teoria do Consumidor. Teoria da utilidade: conceitos e aplica\u00e7\u00f5es. Curva de demanda. Elasticidade da demanda. Teoria da firma. Tecnologia da produ\u00e7\u00e3o: isoquanta, isocustos, fatores fixos e vari\u00e1veis. Custos marginais de curto e longo prazo. Aplica\u00e7\u00f5es do conceito de custos marginais. Custo total e custo m\u00e9dio incremental. Custos afundados (\u201csunk costs\u201d). Equil\u00edbrio Parcial Estruturas de mercado. Concorr\u00eancia perfeita, monop\u00f3lio, oligop\u00f3lio e concorr\u00eancia monopol\u00edstica. Forma\u00e7\u00e3o de Pre\u00e7os. Equil\u00edbrio Geral. Falhas de Mercado (bens p\u00fablicos, poder de mercado, externalidades, mercados incompletos, falhas de informa\u00e7\u00e3o). Poder de monop\u00f3lio e efeitos na efici\u00eancia da firma e da ind\u00fastria. Integra\u00e7\u00e3o vertical e poder de monop\u00f3lio. Monop\u00f3lio Natural. Assimetria de informa\u00e7\u00e3o. Sele\u00e7\u00e3o Adversa e Risco Moral. Estrutura de capital e Custo do capital. Modelo de Precifica\u00e7\u00e3o de Ativos de Capital (Capital Asset Pricing Model &#8211; CAPM). Custo m\u00e9dio ponderado de capital (Weighted Average Cost of Capital \u2013 WACC). Aspectos Gerais da Regula\u00e7\u00e3o Econ\u00f4mica de Mercados. Teorias da Regula\u00e7\u00e3o. Princ\u00edpios e motiva\u00e7\u00e3o. Teorias e conceitos b\u00e1sicos. Modelos de Regula\u00e7\u00e3o: Custo do Servi\u00e7o, Price Cap, Revenue Cap. Efeito Averch-Johnson. Regula\u00e7\u00e3o por Incentivos. Essential Facilities. An\u00e1lise do Impacto Regulat\u00f3rio. Regula\u00e7\u00e3o Econ\u00f4mica Setorial. Regula\u00e7\u00e3o dos servi\u00e7os de saneamento b\u00e1sico (\u00e1gua e esgoto). Marco jur\u00eddico-regulat\u00f3rio dos servi\u00e7os de saneamento. Regula\u00e7\u00e3o tarif\u00e1ria do servi\u00e7o de \u00e1gua e esgoto (Revis\u00e3o tarif\u00e1ria, Reajuste tarif\u00e1rio, Estrutura tarif\u00e1ria, Fator X). Regula\u00e7\u00e3o do mercado de g\u00e1s natural. Marco jur\u00eddico regulat\u00f3rio do setor do g\u00e1s e interface entre regula\u00e7\u00e3o federal e estadual. Regula\u00e7\u00e3o tarif\u00e1ria da distribui\u00e7\u00e3o de g\u00e1s canalizado (Revis\u00e3o tarif\u00e1ria, Reajuste Tarif\u00e1rio, Fator X).<\/span><br \/>\n<span style=\"color: #000000;\"><strong>Matem\u00e1tica Financeira:<\/strong> Juros e descontos simples. Juros e descontos compostos. Equival\u00eancia financeira: Valor do dinheirono tempo, taxa de desconto, custo de oportunidade do capital.<\/span><br \/>\n<span style=\"color: #000000;\">Sistemas de amortiza\u00e7\u00e3o de empr\u00e9stimos e financiamentos. M\u00e9todos de avalia\u00e7\u00e3o de fluxos de caixa: Valor Presente e Taxa Interna de Retorno Estat\u00edstica: Popula\u00e7\u00e3o e Amostra. Medidas de Posi\u00e7\u00e3o: m\u00e9dia aritm\u00e9tica, m\u00e9dia geom\u00e9trica, moda, mediana. Medidas de Dispers\u00e3o: desvio padr\u00e3o, vari\u00e2ncia. Infer\u00eancia estat\u00edstica: regress\u00e3o e correla\u00e7\u00e3o. N\u00fameros \u00cdndices: c\u00e1lculo, base fixa e encadeada, mudan\u00e7a de base. \u00cdndices de pre\u00e7os. Contabilidade: Princ\u00edpios fundamentais de contabilidade. Demonstra\u00e7\u00f5es Financeiro-Cont\u00e1beis: estrutura e an\u00e1lise. Balan\u00e7o Patrimonial. Demonstra\u00e7\u00e3o do Resultado. Demonstra\u00e7\u00e3o do Fluxo de Caixa e das Muta\u00e7\u00f5es do Patrim\u00f4nio L\u00edquido. Escritura\u00e7\u00e3o. Conceito, m\u00e9todos e Livros de Escritura\u00e7\u00e3o. Disposi\u00e7\u00f5es relevantes das Leis n\u00ba 6.407\/1976 e n\u00ba 11.638\/2007. Contabilidade Regulat\u00f3ria e Plano de Contas Regulat\u00f3rio. Manual de Contabilidade Regulat\u00f3ria e Plano de Contas Regulat\u00f3rio a serem utilizados pelas empresas do setor de saneamento do S\u00e3o Paulo reguladas pela Arsesp: http:\/\/www.arsesp.sp.gov.br\/ ConsultasPublicasBiblioteca\/NT_0001-2013.pdf Plano de Contas do Servi\u00e7o P\u00fablico de Distribui\u00e7\u00e3o de G\u00e1s Canalizado a ser adotado pelas concession\u00e1rias de Distribui\u00e7\u00e3o de G\u00e1s Canalizado no Estado de S\u00e3o Paulo: http:\/\/www.arsesp.sp.gov.br\/LegislacaoArquivos\/lptcs_22.pdf<\/span><br \/>\n<span style=\"color: #000000;\"><strong>Auditoria:<\/strong> Procedimentos Preparat\u00f3rios e Administrativos da Auditoria. Normas Gerais de Auditoria. Auditoria das Contasdo Ativo e do Passivo. Preven\u00e7\u00e3o e Descoberta de Fraudes. Controles Internos. Recomenda\u00e7\u00f5es e Determina\u00e7\u00f5es. Acompanhamento\/Monitoramento na Implanta\u00e7\u00e3o. Relat\u00f3rios e Pareceres. Especialista em Regula\u00e7\u00e3o e Fiscaliza\u00e7\u00e3o de Servi\u00e7os P\u00fablicos I \u2013 D04 \u2013 Saneamento B\u00e1sico<\/span><br \/>\n<span style=\"color: #000000;\"><strong>Aspectos institucionais do Setor de Saneamento:<\/strong> Caracter\u00edsticas da estrutura institucional do setor: composi\u00e7\u00e3o e atribui\u00e7\u00f5es. O Marco Regulat\u00f3rio do Setor Saneamento B\u00e1sico: Lei Federal n\u00ba 11.445\/2007 e os Decretos n\u00ba 7.217\/2010 e n\u00ba 8.629\/2015. Contratos de concess\u00e3o e contratos de programa para a presta\u00e7\u00e3o de servi\u00e7os de saneamento b\u00e1sico. Lei Federal n\u00ba 11.079\/2004 \u2013 Institui normas gerais para licita\u00e7\u00e3o e contrata\u00e7\u00e3o de parceria p\u00fablico-privada no \u00e2mbito da administra\u00e7\u00e3o p\u00fablica. Lei Federal n\u00ba 9.784\/1999 \u2013 Regula o processo administrativo no \u00e2mbito da Administra\u00e7\u00e3o P\u00fablica Federal. Lei Federal n\u00ba 10.294\/1999 \u2013 Disp\u00f5e sobre a prote\u00e7\u00e3o e defesa do usu\u00e1rio do servi\u00e7o p\u00fablico do Estado de S\u00e3o Paulo. Lei Federal n\u00ba 9.433\/1997 &#8211; Institui a Pol\u00edtica Nacional de Recursos H\u00eddricos, cria o Sistema Nacional de Gerenciamento de Recursos H\u00eddricos. Lei n\u00ba 12.305\/2010 e Decreto n\u00ba 7.404\/2010 &#8211; Institui e regulamenta a Pol\u00edtica Nacional de Res\u00edduos S\u00f3lidos. Lei Federal n\u00ba 8.078\/1990 \u2013 Sobre o C\u00f3digo de prote\u00e7\u00e3o e defesa do consumidor. Constitui\u00e7\u00e3o da Rep\u00fablica Federativa do Brasil de 1988 artigos 4, 5, 7, 14 e 37 e Emenda Constitucional n\u00ba 19\/1998. Portaria Interministerial n\u00ba 571\/2013 &#8211; O Plano Nacional de Saneamento B\u00e1sico (PNSB), denominado Plansab, estabelece diretrizes, metas e a\u00e7\u00f5es de saneamento b\u00e1sico para o Pa\u00eds. Aspectos t\u00e9cnicos do Setor de Saneamento: Os quatro servi\u00e7os que constituem o Saneamento B\u00e1sico. Entendimento de suas caracter\u00edsticas espec\u00edficas e das suas inter-rela\u00e7\u00f5es. As partes constitutivas de sistemas de abastecimento de \u00e1gua pot\u00e1vel: os componentes de produ\u00e7\u00e3o, de adu\u00e7\u00e3o e reserva\u00e7\u00e3o e as redes de distribui\u00e7\u00e3o. As partes constitutivas de sistemas de esgotamento sanit\u00e1rio: as redes de coleta dos usu\u00e1rios, os coletores troncais e de interceptores e os componentes do tratamento e de disposi\u00e7\u00e3o final dos efluentes. As partes constitutivas de sistemas de drenagem e manejo das \u00e1guas pluviais urbanas: as redes de \u00e1guas pluviais, as galerias, os canais, rios e os reservat\u00f3rios As partes constitutivas de sistemas de limpeza urbana e manejo de res\u00edduos s\u00f3lidos: os circuitos de coleta, as esta\u00e7\u00f5es de transbordo, os locais de disposi\u00e7\u00e3o e as a\u00e7\u00f5es de reciclagem. As condi\u00e7\u00f5es t\u00e9cnicas e operacionais mais frequentes de presta\u00e7\u00e3o dos servi\u00e7os de abastecimento de \u00e1gua pot\u00e1vel e de esgotamento sanit\u00e1rio. A vis\u00e3o cr\u00edtica da situa\u00e7\u00e3o atual, das tend\u00eancias que se afiguram mais prov\u00e1veis e das possibilidades de melhorias dos indicadores de desempenho dos servi\u00e7os. As caracter\u00edsticas f\u00edsicas, qu\u00edmicas e bacteriol\u00f3gicas da \u00e1gua pot\u00e1vel: Anexo XX da Portaria Consolidada n\u00ba 5\/2017 do Minist\u00e9rio da Sa\u00fade. M\u00e9todos de controle e combate de perdas em redes de distribui\u00e7\u00e3o de \u00e1gua. Os padr\u00f5es de qualidade dos corpos d\u2019\u00e1gua: as classes e o<\/span><br \/>\n<span style=\"color: #000000;\">enquadramento dos corpos d\u2019\u00e1gua. As Resolu\u00e7\u00f5es CONAMA n\u00ba 357\/2005 e n\u00ba 430\/2011. Defini\u00e7\u00e3o dos elementos dos servi\u00e7os de \u00e1gua pot\u00e1vel e de esgoto que possuem relev\u00e2ncia e interesse<\/span><br \/>\n<span style=\"color: #000000;\">para os usu\u00e1rios. Diretrizes para a gest\u00e3o dos prestadores de servi\u00e7os de esgoto e para a avalia\u00e7\u00e3o dos servi\u00e7os de esgoto. Decreto Estadual n\u00ba 8.468\/1976 &#8211; Disp\u00f5e sobre a preven\u00e7\u00e3o e o controle da polui\u00e7\u00e3o do meio ambiente.<\/span><br \/>\n<span style=\"color: #000000;\"><strong>Cargo de Especialista em Regula\u00e7\u00e3o e Fiscaliza\u00e7\u00e3o de Servi\u00e7os P\u00fablicos&nbsp;<\/strong><strong>I \u2013 E05 \u2013 Rela\u00e7\u00f5es Institucionais<\/strong><\/span><br \/>\n<span style=\"color: #000000;\"><strong>Aspectos institucionais:<\/strong> Constitui\u00e7\u00e3o da Rep\u00fablica Federativa do Brasil de 1988. Lei Federal n\u00ba 11.079\/2004 &#8211; Institui normas gerais para licita\u00e7\u00e3o e contrata\u00e7\u00e3o de parceria p\u00fablico-privada no \u00e2mbito da administra\u00e7\u00e3o p\u00fablica. Lei Federal n\u00ba 9.784\/1999 &#8211; Regula o processo administrativo no \u00e2mbito da Administra\u00e7\u00e3o P\u00fablica Federal. Lei Org\u00e2nica (Lei Complementarn\u00ba 709\/1993) e Regimento Interno do Tribunal de Contas do&nbsp; Estado de S\u00e3o Paulo (dispon\u00edvel no site do TCE www.tce.sp.gov. br). Lei n\u00ba 10.294\/1999 \u2013 Disp\u00f5e sobre a prote\u00e7\u00e3o e defesa do usu\u00e1rio do servi\u00e7o p\u00fablico do Estado de S\u00e3o Paulo.<\/span><br \/>\n<span style=\"color: #000000;\"><strong>Aspectos t\u00e9cnicos:<\/strong> Lei Federal n\u00ba 9.427\/1996 \u2013 Institui a Ag\u00eancia Nacional de Energia El\u00e9trica &#8211; ANEEL, disciplina o regime das concess\u00f5es de servi\u00e7os p\u00fablicos de energia el\u00e9trica. Principais aspectos dos contratos de concess\u00e3o de servi\u00e7os de distribui\u00e7\u00e3o de energia el\u00e9trica (dispon\u00edveis no site da ANEEL &#8211; www.aneel.gov.br). Resolu\u00e7\u00e3o Normativa n\u00ba 414\/2010 &#8211; Condi\u00e7\u00f5es gerais de fornecimento de energia el\u00e9trica (dispon\u00edveis no site www.aneel.gov.br). Contratos de concess\u00e3o de servi\u00e7os de g\u00e1s canalizado no estado de S\u00e3o Paulo (dispon\u00edveis no site www. arsesp.sp.gov.br). Delibera\u00e7\u00e3o Arsesp n\u00b0 732\/2017 &#8211; Condi\u00e7\u00f5es gerais do fornecimento de g\u00e1s canalizado no Estado de S\u00e3o Paulo, (dispon\u00edvel no site www.arsesp.sp.gov.br). <strong>Caracter\u00edsticas da estrutura institucional do setor de saneamento b\u00e1sico:<\/strong> composi\u00e7\u00e3o e atribui\u00e7\u00f5es. Lei Federal n\u00ba 11.445\/2007 &#8211; Estabelece diretrizes nacionais para o saneamento b\u00e1sico e o Decreto n\u00ba 7.217\/2010 e o Decreto n\u00ba 8.629\/2015. Contratos de concess\u00e3o e contratos de programa para a presta\u00e7\u00e3o de servi\u00e7os de saneamento b\u00e1sico. Lei Federal n\u00ba 9.433\/1997 &#8211; Institui a Pol\u00edtica Nacional de Recursos H\u00eddricos, cria o Sistema Nacional de Gerenciamento de Recursos H\u00eddricos. Lei n\u00ba 12.305\/2010 e Decreto n\u00ba 7.404\/2010 &#8211; Institui e regulamenta a Pol\u00edtica Nacional de Res\u00edduos S\u00f3lidos; Portaria Interministerial n\u00ba 571\/2013 &#8211; O Plano Nacional de Saneamento B\u00e1sico (PNSB), denominado Plansab, estabelece diretrizes, metas e a\u00e7\u00f5es de saneamento b\u00e1sico para o Pa\u00eds. Delibera\u00e7\u00e3o Arsesp n\u00b0 106\/2009 &#8211; Condi\u00e7\u00f5es gerais para a presta\u00e7\u00e3o e utiliza\u00e7\u00e3o dos servi\u00e7os p\u00fablicos de abastecimento de \u00e1gua e de esgotamento sanit\u00e1rio (dispon\u00edvel no site www. arsesp.sp.gov.br). Conv\u00eanio de Coopera\u00e7\u00e3o T\u00e9cnica entre o estado de S\u00e3o Paulo e munic\u00edpio visando a gest\u00e3o associada dos servi\u00e7os de saneamento b\u00e1sico (dispon\u00edvel no site www. arsesp.sp.gov.br). <\/span><\/p>\n<p style=\"text-align: justify;\"><span style=\"color: #000000;\"><strong>Cargo&nbsp; de Analista de Suporte \u00e0 Regula\u00e7\u00e3o \u2013 F06 \u2013 Rela\u00e7\u00f5es Institucionais\/Recursos<\/strong><\/span><br \/>\n<span style=\"color: #000000;\"><strong>Humanos\/Protocolo e Administrativo<\/strong><\/span><br \/>\n<span style=\"color: #000000;\"><strong>Rela\u00e7\u00f5es Institucionais:<\/strong> Constitui\u00e7\u00e3o da Rep\u00fablica Federativa do Brasil de 1988. Lei Federal n\u00ba 11.079\/2004 &#8211; Institui normas gerais para licita\u00e7\u00e3o e contrata\u00e7\u00e3o de parceria p\u00fablico-privada no \u00e2mbito da administra\u00e7\u00e3o p\u00fablica. Lei Federal n\u00ba 9.784\/1999 &#8211; Regula o processo administrativo no \u00e2mbito da Administra\u00e7\u00e3o P\u00fablica Federal. Lei Org\u00e2nica (Lei Complementar n\u00ba 709\/1993) e Regimento Interno do Tribunal de Contas do Estado de S\u00e3o Paulo (dispon\u00edvel no site do TCE www.tce.sp.gov.br). Lei n\u00ba 10.294\/1999 \u2013 Disp\u00f5e sobre a prote\u00e7\u00e3o e defesa do<\/span><br \/>\n<span style=\"color: #000000;\">usu\u00e1rio do servi\u00e7o p\u00fablico do Estado de S\u00e3o Paulo. <\/span><\/p>\n<p style=\"text-align: justify;\"><span style=\"color: #000000;\"><strong>Administra\u00e7\u00e3o<\/strong>: As Fun\u00e7\u00f5es Administrativas: planejamento, organiza\u00e7\u00e3o, dire\u00e7\u00e3o e controle. Introdu\u00e7\u00e3o \u00e0 administra\u00e7\u00e3o p\u00fablica: o contorno institucional e organizacional; import\u00e2ncia da sociedade civil. Inova\u00e7\u00e3o na gest\u00e3o p\u00fablica. Gest\u00e3o por compet\u00eancias. Avalia\u00e7\u00e3o de Desempenho: objetivos, m\u00e9todos, vantagens e desvantagens. Desenvolvimento e treinamento de pessoal: levantamento de necessidades, programa\u00e7\u00e3o, execu\u00e7\u00e3o e avalia\u00e7\u00e3o. Gest\u00e3o por processos. Planejamento socioecon\u00f4- mico na administra\u00e7\u00e3o p\u00fablica: planejamento or\u00e7ament\u00e1rio financeiro: o Plano Plurianual, a Lei de Diretrizes Or\u00e7ament\u00e1rias e a Lei Or\u00e7ament\u00e1ria Anual; avalia\u00e7\u00e3o de planos e projetos; Lei Complementar n.\u00ba 101\/2000 \u2013 Lei de Responsabilidade Fiscal. Recursos patrimoniais e materiais: introdu\u00e7\u00e3o \u00e0 administra\u00e7\u00e3o patrimonial e de materiais. Controladoria: conceitos b\u00e1sicos; financeira x controladoria estrat\u00e9gica; o papel da controladoria estrat\u00e9gica como suporte \u00e0 gest\u00e3o de pol\u00edticas p\u00fablicas, com \u00eanfase na efic\u00e1cia da governan\u00e7a das organiza\u00e7\u00f5es do setor p\u00fablico.<\/span><br \/>\n<span style=\"color: #000000;\"><strong>Recursos humanos:<\/strong> os servidores p\u00fablicos nas administra\u00e7\u00f5es direta e indireta; cargos de carreira e comiss\u00e3o: celetista e estatut\u00e1rio; planejamento de recursos humanos: dimensionamento, compet\u00eancias essenciais; recrutamento e sele\u00e7\u00e3o no setor p\u00fablico; treinamento e desenvolvimento: conceitos; autodesenvolvimento; organiza\u00e7\u00f5es do aprendizado. Concurso P\u00fablico. Gest\u00e3o de pessoas. Estrat\u00e9gias de RH. Rela\u00e7\u00f5es com empregados. Equipes e lideran\u00e7a. Gerenciamento de desempenho. Motiva\u00e7\u00e3o. Desenvolvimento de RH. Organiza\u00e7\u00f5es de aprendizagem. Cultura organizacional. Estruturas organizacionais. Ambi\u00eancia organizacional. Administra\u00e7\u00e3o de pessoal. Consolida\u00e7\u00e3o das leis do trabalho. Benef\u00edcios. Benef\u00edcios sociais.<\/span><br \/>\n<span style=\"color: #000000;\">Administra\u00e7\u00e3o de cargos e sal\u00e1rios. Treinamento e desenvolvimento. Legisla\u00e7\u00e3o trabalhista (CLT): sal\u00e1rio; horas extras; adicional noturno; insalubridade; periculosidade; faltas ao trabalho; aviso-pr\u00e9vio; 13\u00ba sal\u00e1rio; indeniza\u00e7\u00e3o; multa rescis\u00f3ria; f\u00e9rias. Arquivo e protocolo: arquivo e sua documenta\u00e7\u00e3o; organiza\u00e7\u00e3o de um arquivo; t\u00e9cnicas e m\u00e9todos de arquivamento; modelos de arquivos e tipos de pastas; arquivamento de registros informatizados. \u00c9tica profissional. No\u00e7\u00f5es sobre correspond\u00eancia oficial e comercial: tipos de documentos, abrevia\u00e7\u00f5ese formas de tratamento: Manual de Reda\u00e7\u00e3o Oficial da Presid\u00eancia da Rep\u00fablica.<\/span><\/p>\n<p>&nbsp;<\/p>\n<p style=\"text-align: center;\"><em style=\"color: #ff0000; font-size: 24pt;\"><strong>Receba not\u00edcias de Concursos no WhatsApp!<\/strong><\/em><\/p>\n<p style=\"text-align: center;\"><span style=\"color: #3366ff;\"><em style=\"font-size: 18pt;\"><strong>Preencha o formul\u00e1rio abaixo e <\/strong><\/em><\/span><span style=\"color: #3366ff;\"><em style=\"font-size: 18pt;\"><strong>mantenha salvo na sua lista de contatos o n\u00famero correspondente \u00e0 sua \u00e1rea de interesse.<\/strong><\/em><\/span><\/p>\n<p style=\"text-align: center;\"><span style=\"color: #000000;\"><strong><em><span style=\"font-size: 18pt;\">Voc\u00ea n\u00e3o precisa nos enviar uma mensagem, ok? Basta manter o n\u00famero salvo na sua agenda!<\/span><\/em><\/strong><\/span><\/p>\n<h2 style=\"text-align: center;\"><em><strong>N\u00famero 01 &#8211; <\/strong><\/em><em><strong>(61) 99876-2981<\/strong><\/em><\/h2>\n<p style=\"text-align: center;\">EXCLUSIVO para quem estuda para concursos de <em><strong>Tribunais<\/strong><\/em>.<\/p>\n<h2 style=\"text-align: center;\"><em><strong>N\u00famero 02 &#8211; (11) 94529-9361<\/strong><\/em><\/h2>\n<p style=\"text-align: center;\">EXCLUSIVO para as \u00e1reas: <em><strong>Policial, Legislativo, Administrativo e Banc\u00e1rio<\/strong><\/em>.<\/p>\n<h2 style=\"text-align: center;\"><em><strong>N\u00famero 03 &#8211; <\/strong><\/em><em><strong>(11) 94539-3038<\/strong><\/em><\/h2>\n<p style=\"text-align: center;\">EXCLUSIVO para as carreiras: <em><strong>Jur\u00eddica, Fiscal, Tribunais de Contas, Educa\u00e7\u00e3o e Sa\u00fade<\/strong><\/em>.<\/p>\n<p><iframe loading=\"lazy\" src=\"https:\/\/docs.google.com\/forms\/d\/e\/1FAIpQLSe4wRad3yHva55wAPYZGoxO2h1baHe3AlkTFwnWQrx_bQ-2ow\/viewform?embedded=true\" width=\"760\" height=\"500\" frameborder=\"0\" marginwidth=\"0\" marginheight=\"0\" data-mce-fragment=\"1\">Carregando\u2026<\/iframe><\/p>\n<p>&nbsp;<\/p>\n","protected":false},"excerpt":{"rendered":"<p>Termina hoje o prazo para inscri\u00e7\u00f5es &nbsp;no concurso ARSESP. O processo poder\u00e1&nbsp;ser realizado exclusivamente no site da banca organizadora, VUNESP,&nbsp; &nbsp;at\u00e9 o dia&nbsp;21 de Mar\u00e7o, para se inscrever, os interessados pagar\u00e3o uma taxa no valor de R$70,00.&nbsp;&nbsp; Remunera\u00e7\u00e3o Com remunera\u00e7\u00f5es de at\u00e9 R$6 mil, o certame oferecer\u00e1 46 vagas, sendo 04 para o cargo de [&hellip;]<\/p>\n","protected":false},"author":1,"featured_media":107004,"comment_status":"open","ping_status":"closed","sticky":false,"template":"","format":"standard","meta":{"post_tipo":"news","footnotes":""},"categories":[1],"tags":[],"tax_estado":[],"class_list":["post-105518","post","type-post","status-publish","format-standard","has-post-thumbnail","hentry","category-cursos-e-concursos"],"acf":[],"yoast_head":"<!-- This site is optimized with the Yoast SEO Premium plugin v27.2 (Yoast SEO v27.2) - https:\/\/yoast.com\/product\/yoast-seo-premium-wordpress\/ -->\n<title>Concurso ARSESP: \u00daltimo dia para fazer a inscri\u00e7\u00e3o! At\u00e9 R$ 6 mil<\/title>\n<meta name=\"description\" content=\"Termina hoje o prazo para as inscri\u00e7\u00f5es no concurso ARSESP, confira as principais datas do certame que oferta 46 vagas. Ainda d\u00e1 tempo, inscreva-se em mais uma oportunidade!\" \/>\n<meta name=\"robots\" content=\"index, follow, max-snippet:-1, max-image-preview:large, max-video-preview:-1\" \/>\n<link rel=\"canonical\" href=\"https:\/\/www.estrategiaconcursos.com.br\/blog\/concurso-arsesp-edital\/\" \/>\n<meta property=\"og:locale\" content=\"pt_BR\" \/>\n<meta property=\"og:type\" content=\"article\" \/>\n<meta property=\"og:title\" content=\"Concurso ARSESP: \u00daltimo dia para inscri\u00e7\u00f5es|Remunera\u00e7\u00e3o acima de R$6 mil\" \/>\n<meta property=\"og:description\" content=\"Termina hoje o prazo para as inscri\u00e7\u00f5es no concurso ARSESP, confira as principais datas do certame que oferta 46 vagas. Ainda d\u00e1 tempo, inscreva-se em mais uma oportunidade!\" \/>\n<meta property=\"og:url\" content=\"https:\/\/www.estrategiaconcursos.com.br\/blog\/concurso-arsesp-edital\/\" \/>\n<meta property=\"og:site_name\" content=\"Estrat\u00e9gia Concursos\" \/>\n<meta property=\"article:author\" content=\"https:\/\/www.facebook.com\/EstrategiaConcursos\" \/>\n<meta property=\"article:published_time\" content=\"2018-03-21T05:00:48+00:00\" \/>\n<meta property=\"article:modified_time\" content=\"2020-06-20T13:12:33+00:00\" \/>\n<meta property=\"og:image\" content=\"https:\/\/dhg1h5j42swfq.cloudfront.net\/2018\/02\/20083207\/ARSESP6-e1519126336949.png\" \/>\n\t<meta property=\"og:image:width\" content=\"400\" \/>\n\t<meta property=\"og:image:height\" content=\"209\" \/>\n\t<meta property=\"og:image:type\" content=\"image\/png\" \/>\n<meta name=\"author\" content=\"Coordena\u00e7\u00e3o\" \/>\n<meta name=\"twitter:card\" content=\"summary_large_image\" \/>\n<meta name=\"twitter:creator\" content=\"@EstratConcursos\" \/>\n<meta name=\"twitter:site\" content=\"@EstratConcursos\" \/>\n<meta name=\"twitter:label1\" content=\"Escrito por\" \/>\n\t<meta name=\"twitter:data1\" content=\"Coordena\u00e7\u00e3o\" \/>\n\t<meta name=\"twitter:label2\" content=\"Est. tempo de leitura\" \/>\n\t<meta name=\"twitter:data2\" content=\"22 minutos\" \/>\n<script type=\"application\/ld+json\" class=\"yoast-schema-graph\">{\"@context\":\"https:\/\/schema.org\",\"@graph\":[{\"@type\":\"NewsArticle\",\"@id\":\"https:\/\/www.estrategiaconcursos.com.br\/blog\/concurso-arsesp-edital\/#article\",\"isPartOf\":{\"@id\":\"https:\/\/www.estrategiaconcursos.com.br\/blog\/concurso-arsesp-edital\/\"},\"author\":{\"name\":\"Coordena\u00e7\u00e3o\",\"@id\":\"https:\/\/www.estrategiaconcursos.com.br\/blog\/#\/schema\/person\/b4a388c97673c5f483d72185668afa1f\"},\"headline\":\"Concurso ARSESP: \u00daltimo dia para inscri\u00e7\u00f5es|Remunera\u00e7\u00e3o acima de R$6 mil\",\"datePublished\":\"2018-03-21T05:00:48+00:00\",\"dateModified\":\"2020-06-20T13:12:33+00:00\",\"mainEntityOfPage\":{\"@id\":\"https:\/\/www.estrategiaconcursos.com.br\/blog\/concurso-arsesp-edital\/\"},\"wordCount\":4451,\"commentCount\":3,\"publisher\":{\"@id\":\"https:\/\/www.estrategiaconcursos.com.br\/blog\/#organization\"},\"image\":{\"@id\":\"https:\/\/www.estrategiaconcursos.com.br\/blog\/concurso-arsesp-edital\/#primaryimage\"},\"thumbnailUrl\":\"https:\/\/dhg1h5j42swfq.cloudfront.net\/2018\/02\/20083207\/ARSESP6-e1519126336949.png\",\"articleSection\":[\"Concursos P\u00fablicos\"],\"inLanguage\":\"pt-BR\",\"potentialAction\":[{\"@type\":\"CommentAction\",\"name\":\"Comment\",\"target\":[\"https:\/\/www.estrategiaconcursos.com.br\/blog\/concurso-arsesp-edital\/#respond\"]}],\"copyrightYear\":\"2018\",\"copyrightHolder\":{\"@id\":\"https:\/\/www.estrategiaconcursos.com.br\/blog\/#organization\"}},{\"@type\":\"WebPage\",\"@id\":\"https:\/\/www.estrategiaconcursos.com.br\/blog\/concurso-arsesp-edital\/\",\"url\":\"https:\/\/www.estrategiaconcursos.com.br\/blog\/concurso-arsesp-edital\/\",\"name\":\"Concurso ARSESP: \u00daltimo dia para fazer a inscri\u00e7\u00e3o! At\u00e9 R$ 6 mil\",\"isPartOf\":{\"@id\":\"https:\/\/www.estrategiaconcursos.com.br\/blog\/#website\"},\"primaryImageOfPage\":{\"@id\":\"https:\/\/www.estrategiaconcursos.com.br\/blog\/concurso-arsesp-edital\/#primaryimage\"},\"image\":{\"@id\":\"https:\/\/www.estrategiaconcursos.com.br\/blog\/concurso-arsesp-edital\/#primaryimage\"},\"thumbnailUrl\":\"https:\/\/dhg1h5j42swfq.cloudfront.net\/2018\/02\/20083207\/ARSESP6-e1519126336949.png\",\"datePublished\":\"2018-03-21T05:00:48+00:00\",\"dateModified\":\"2020-06-20T13:12:33+00:00\",\"description\":\"Termina hoje o prazo para as inscri\u00e7\u00f5es no concurso ARSESP, confira as principais datas do certame que oferta 46 vagas. Ainda d\u00e1 tempo, inscreva-se em mais uma oportunidade!\",\"breadcrumb\":{\"@id\":\"https:\/\/www.estrategiaconcursos.com.br\/blog\/concurso-arsesp-edital\/#breadcrumb\"},\"inLanguage\":\"pt-BR\",\"potentialAction\":[{\"@type\":\"ReadAction\",\"target\":[\"https:\/\/www.estrategiaconcursos.com.br\/blog\/concurso-arsesp-edital\/\"]}]},{\"@type\":\"ImageObject\",\"inLanguage\":\"pt-BR\",\"@id\":\"https:\/\/www.estrategiaconcursos.com.br\/blog\/concurso-arsesp-edital\/#primaryimage\",\"url\":\"https:\/\/dhg1h5j42swfq.cloudfront.net\/2018\/02\/20083207\/ARSESP6-e1519126336949.png\",\"contentUrl\":\"https:\/\/dhg1h5j42swfq.cloudfront.net\/2018\/02\/20083207\/ARSESP6-e1519126336949.png\",\"width\":400,\"height\":209,\"caption\":\"Concurso Arsesp\"},{\"@type\":\"BreadcrumbList\",\"@id\":\"https:\/\/www.estrategiaconcursos.com.br\/blog\/concurso-arsesp-edital\/#breadcrumb\",\"itemListElement\":[{\"@type\":\"ListItem\",\"position\":1,\"name\":\"In\u00edcio\",\"item\":\"https:\/\/www.estrategiaconcursos.com.br\/blog\/\"},{\"@type\":\"ListItem\",\"position\":2,\"name\":\"Concurso ARSESP: \u00daltimo dia para inscri\u00e7\u00f5es|Remunera\u00e7\u00e3o acima de R$6 mil\"}]},{\"@type\":\"WebSite\",\"@id\":\"https:\/\/www.estrategiaconcursos.com.br\/blog\/#website\",\"url\":\"https:\/\/www.estrategiaconcursos.com.br\/blog\/\",\"name\":\"Estrat\u00e9gia Concursos\",\"description\":\"O blog da Estrat\u00e9gia Concursos traz not\u00edcias sobre concursos e artigos de professores oferecendo cursos para concursos (pdf + videaulas) no site.\",\"publisher\":{\"@id\":\"https:\/\/www.estrategiaconcursos.com.br\/blog\/#organization\"},\"potentialAction\":[{\"@type\":\"SearchAction\",\"target\":{\"@type\":\"EntryPoint\",\"urlTemplate\":\"https:\/\/www.estrategiaconcursos.com.br\/blog\/?s={search_term_string}\"},\"query-input\":{\"@type\":\"PropertyValueSpecification\",\"valueRequired\":true,\"valueName\":\"search_term_string\"}}],\"inLanguage\":\"pt-BR\"},{\"@type\":\"Organization\",\"@id\":\"https:\/\/www.estrategiaconcursos.com.br\/blog\/#organization\",\"name\":\"Estrat\u00e9gia Concursos\",\"url\":\"https:\/\/www.estrategiaconcursos.com.br\/blog\/\",\"logo\":{\"@type\":\"ImageObject\",\"inLanguage\":\"pt-BR\",\"@id\":\"https:\/\/www.estrategiaconcursos.com.br\/blog\/#\/schema\/logo\/image\/\",\"url\":\"https:\/\/dhg1h5j42swfq.cloudfront.net\/2025\/06\/03203428\/logo_concursos-1.jpg\",\"contentUrl\":\"https:\/\/dhg1h5j42swfq.cloudfront.net\/2025\/06\/03203428\/logo_concursos-1.jpg\",\"width\":230,\"height\":60,\"caption\":\"Estrat\u00e9gia Concursos\"},\"image\":{\"@id\":\"https:\/\/www.estrategiaconcursos.com.br\/blog\/#\/schema\/logo\/image\/\"},\"sameAs\":[\"https:\/\/x.com\/EstratConcursos\"]},{\"@type\":\"Person\",\"@id\":\"https:\/\/www.estrategiaconcursos.com.br\/blog\/#\/schema\/person\/b4a388c97673c5f483d72185668afa1f\",\"name\":\"Coordena\u00e7\u00e3o\",\"image\":{\"@type\":\"ImageObject\",\"inLanguage\":\"pt-BR\",\"@id\":\"https:\/\/secure.gravatar.com\/avatar\/b720319e4c9a967eb58678d110f4fe35452fc5d5f97b202bac7b8acceb18c6ad?s=96&d=mm&r=g\",\"url\":\"https:\/\/secure.gravatar.com\/avatar\/b720319e4c9a967eb58678d110f4fe35452fc5d5f97b202bac7b8acceb18c6ad?s=96&d=mm&r=g\",\"contentUrl\":\"https:\/\/secure.gravatar.com\/avatar\/b720319e4c9a967eb58678d110f4fe35452fc5d5f97b202bac7b8acceb18c6ad?s=96&d=mm&r=g\",\"caption\":\"Coordena\u00e7\u00e3o\"},\"sameAs\":[\"https:\/\/www.facebook.com\/EstrategiaConcursos\",\"https:\/\/x.com\/EstratConcursos\"],\"url\":\"https:\/\/www.estrategiaconcursos.com.br\/blog\/author\/estrategia2013\/\"}]}<\/script>\n<!-- \/ Yoast SEO Premium plugin. -->","yoast_head_json":{"title":"Concurso ARSESP: \u00daltimo dia para fazer a inscri\u00e7\u00e3o! At\u00e9 R$ 6 mil","description":"Termina hoje o prazo para as inscri\u00e7\u00f5es no concurso ARSESP, confira as principais datas do certame que oferta 46 vagas. Ainda d\u00e1 tempo, inscreva-se em mais uma oportunidade!","robots":{"index":"index","follow":"follow","max-snippet":"max-snippet:-1","max-image-preview":"max-image-preview:large","max-video-preview":"max-video-preview:-1"},"canonical":"https:\/\/www.estrategiaconcursos.com.br\/blog\/concurso-arsesp-edital\/","og_locale":"pt_BR","og_type":"article","og_title":"Concurso ARSESP: \u00daltimo dia para inscri\u00e7\u00f5es|Remunera\u00e7\u00e3o acima de R$6 mil","og_description":"Termina hoje o prazo para as inscri\u00e7\u00f5es no concurso ARSESP, confira as principais datas do certame que oferta 46 vagas. Ainda d\u00e1 tempo, inscreva-se em mais uma oportunidade!","og_url":"https:\/\/www.estrategiaconcursos.com.br\/blog\/concurso-arsesp-edital\/","og_site_name":"Estrat\u00e9gia Concursos","article_author":"https:\/\/www.facebook.com\/EstrategiaConcursos","article_published_time":"2018-03-21T05:00:48+00:00","article_modified_time":"2020-06-20T13:12:33+00:00","og_image":[{"width":400,"height":209,"url":"https:\/\/dhg1h5j42swfq.cloudfront.net\/2018\/02\/20083207\/ARSESP6-e1519126336949.png","type":"image\/png"}],"author":"Coordena\u00e7\u00e3o","twitter_card":"summary_large_image","twitter_creator":"@EstratConcursos","twitter_site":"@EstratConcursos","twitter_misc":{"Escrito por":"Coordena\u00e7\u00e3o","Est. tempo de leitura":"22 minutos"},"schema":{"@context":"https:\/\/schema.org","@graph":[{"@type":"NewsArticle","@id":"https:\/\/www.estrategiaconcursos.com.br\/blog\/concurso-arsesp-edital\/#article","isPartOf":{"@id":"https:\/\/www.estrategiaconcursos.com.br\/blog\/concurso-arsesp-edital\/"},"author":{"name":"Coordena\u00e7\u00e3o","@id":"https:\/\/www.estrategiaconcursos.com.br\/blog\/#\/schema\/person\/b4a388c97673c5f483d72185668afa1f"},"headline":"Concurso ARSESP: \u00daltimo dia para inscri\u00e7\u00f5es|Remunera\u00e7\u00e3o acima de R$6 mil","datePublished":"2018-03-21T05:00:48+00:00","dateModified":"2020-06-20T13:12:33+00:00","mainEntityOfPage":{"@id":"https:\/\/www.estrategiaconcursos.com.br\/blog\/concurso-arsesp-edital\/"},"wordCount":4451,"commentCount":3,"publisher":{"@id":"https:\/\/www.estrategiaconcursos.com.br\/blog\/#organization"},"image":{"@id":"https:\/\/www.estrategiaconcursos.com.br\/blog\/concurso-arsesp-edital\/#primaryimage"},"thumbnailUrl":"https:\/\/dhg1h5j42swfq.cloudfront.net\/2018\/02\/20083207\/ARSESP6-e1519126336949.png","articleSection":["Concursos P\u00fablicos"],"inLanguage":"pt-BR","potentialAction":[{"@type":"CommentAction","name":"Comment","target":["https:\/\/www.estrategiaconcursos.com.br\/blog\/concurso-arsesp-edital\/#respond"]}],"copyrightYear":"2018","copyrightHolder":{"@id":"https:\/\/www.estrategiaconcursos.com.br\/blog\/#organization"}},{"@type":"WebPage","@id":"https:\/\/www.estrategiaconcursos.com.br\/blog\/concurso-arsesp-edital\/","url":"https:\/\/www.estrategiaconcursos.com.br\/blog\/concurso-arsesp-edital\/","name":"Concurso ARSESP: \u00daltimo dia para fazer a inscri\u00e7\u00e3o! At\u00e9 R$ 6 mil","isPartOf":{"@id":"https:\/\/www.estrategiaconcursos.com.br\/blog\/#website"},"primaryImageOfPage":{"@id":"https:\/\/www.estrategiaconcursos.com.br\/blog\/concurso-arsesp-edital\/#primaryimage"},"image":{"@id":"https:\/\/www.estrategiaconcursos.com.br\/blog\/concurso-arsesp-edital\/#primaryimage"},"thumbnailUrl":"https:\/\/dhg1h5j42swfq.cloudfront.net\/2018\/02\/20083207\/ARSESP6-e1519126336949.png","datePublished":"2018-03-21T05:00:48+00:00","dateModified":"2020-06-20T13:12:33+00:00","description":"Termina hoje o prazo para as inscri\u00e7\u00f5es no concurso ARSESP, confira as principais datas do certame que oferta 46 vagas. Ainda d\u00e1 tempo, inscreva-se em mais uma oportunidade!","breadcrumb":{"@id":"https:\/\/www.estrategiaconcursos.com.br\/blog\/concurso-arsesp-edital\/#breadcrumb"},"inLanguage":"pt-BR","potentialAction":[{"@type":"ReadAction","target":["https:\/\/www.estrategiaconcursos.com.br\/blog\/concurso-arsesp-edital\/"]}]},{"@type":"ImageObject","inLanguage":"pt-BR","@id":"https:\/\/www.estrategiaconcursos.com.br\/blog\/concurso-arsesp-edital\/#primaryimage","url":"https:\/\/dhg1h5j42swfq.cloudfront.net\/2018\/02\/20083207\/ARSESP6-e1519126336949.png","contentUrl":"https:\/\/dhg1h5j42swfq.cloudfront.net\/2018\/02\/20083207\/ARSESP6-e1519126336949.png","width":400,"height":209,"caption":"Concurso Arsesp"},{"@type":"BreadcrumbList","@id":"https:\/\/www.estrategiaconcursos.com.br\/blog\/concurso-arsesp-edital\/#breadcrumb","itemListElement":[{"@type":"ListItem","position":1,"name":"In\u00edcio","item":"https:\/\/www.estrategiaconcursos.com.br\/blog\/"},{"@type":"ListItem","position":2,"name":"Concurso ARSESP: \u00daltimo dia para inscri\u00e7\u00f5es|Remunera\u00e7\u00e3o acima de R$6 mil"}]},{"@type":"WebSite","@id":"https:\/\/www.estrategiaconcursos.com.br\/blog\/#website","url":"https:\/\/www.estrategiaconcursos.com.br\/blog\/","name":"Estrat\u00e9gia Concursos","description":"O blog da Estrat\u00e9gia Concursos traz not\u00edcias sobre concursos e artigos de professores oferecendo cursos para concursos (pdf + videaulas) no site.","publisher":{"@id":"https:\/\/www.estrategiaconcursos.com.br\/blog\/#organization"},"potentialAction":[{"@type":"SearchAction","target":{"@type":"EntryPoint","urlTemplate":"https:\/\/www.estrategiaconcursos.com.br\/blog\/?s={search_term_string}"},"query-input":{"@type":"PropertyValueSpecification","valueRequired":true,"valueName":"search_term_string"}}],"inLanguage":"pt-BR"},{"@type":"Organization","@id":"https:\/\/www.estrategiaconcursos.com.br\/blog\/#organization","name":"Estrat\u00e9gia Concursos","url":"https:\/\/www.estrategiaconcursos.com.br\/blog\/","logo":{"@type":"ImageObject","inLanguage":"pt-BR","@id":"https:\/\/www.estrategiaconcursos.com.br\/blog\/#\/schema\/logo\/image\/","url":"https:\/\/dhg1h5j42swfq.cloudfront.net\/2025\/06\/03203428\/logo_concursos-1.jpg","contentUrl":"https:\/\/dhg1h5j42swfq.cloudfront.net\/2025\/06\/03203428\/logo_concursos-1.jpg","width":230,"height":60,"caption":"Estrat\u00e9gia Concursos"},"image":{"@id":"https:\/\/www.estrategiaconcursos.com.br\/blog\/#\/schema\/logo\/image\/"},"sameAs":["https:\/\/x.com\/EstratConcursos"]},{"@type":"Person","@id":"https:\/\/www.estrategiaconcursos.com.br\/blog\/#\/schema\/person\/b4a388c97673c5f483d72185668afa1f","name":"Coordena\u00e7\u00e3o","image":{"@type":"ImageObject","inLanguage":"pt-BR","@id":"https:\/\/secure.gravatar.com\/avatar\/b720319e4c9a967eb58678d110f4fe35452fc5d5f97b202bac7b8acceb18c6ad?s=96&d=mm&r=g","url":"https:\/\/secure.gravatar.com\/avatar\/b720319e4c9a967eb58678d110f4fe35452fc5d5f97b202bac7b8acceb18c6ad?s=96&d=mm&r=g","contentUrl":"https:\/\/secure.gravatar.com\/avatar\/b720319e4c9a967eb58678d110f4fe35452fc5d5f97b202bac7b8acceb18c6ad?s=96&d=mm&r=g","caption":"Coordena\u00e7\u00e3o"},"sameAs":["https:\/\/www.facebook.com\/EstrategiaConcursos","https:\/\/x.com\/EstratConcursos"],"url":"https:\/\/www.estrategiaconcursos.com.br\/blog\/author\/estrategia2013\/"}]}},"_links":{"self":[{"href":"https:\/\/www.estrategiaconcursos.com.br\/blog\/wp-json\/wp\/v2\/posts\/105518","targetHints":{"allow":["GET"]}}],"collection":[{"href":"https:\/\/www.estrategiaconcursos.com.br\/blog\/wp-json\/wp\/v2\/posts"}],"about":[{"href":"https:\/\/www.estrategiaconcursos.com.br\/blog\/wp-json\/wp\/v2\/types\/post"}],"author":[{"embeddable":true,"href":"https:\/\/www.estrategiaconcursos.com.br\/blog\/wp-json\/wp\/v2\/users\/1"}],"replies":[{"embeddable":true,"href":"https:\/\/www.estrategiaconcursos.com.br\/blog\/wp-json\/wp\/v2\/comments?post=105518"}],"version-history":[{"count":21,"href":"https:\/\/www.estrategiaconcursos.com.br\/blog\/wp-json\/wp\/v2\/posts\/105518\/revisions"}],"predecessor-version":[{"id":529442,"href":"https:\/\/www.estrategiaconcursos.com.br\/blog\/wp-json\/wp\/v2\/posts\/105518\/revisions\/529442"}],"wp:featuredmedia":[{"embeddable":true,"href":"https:\/\/www.estrategiaconcursos.com.br\/blog\/wp-json\/wp\/v2\/media\/107004"}],"wp:attachment":[{"href":"https:\/\/www.estrategiaconcursos.com.br\/blog\/wp-json\/wp\/v2\/media?parent=105518"}],"wp:term":[{"taxonomy":"category","embeddable":true,"href":"https:\/\/www.estrategiaconcursos.com.br\/blog\/wp-json\/wp\/v2\/categories?post=105518"},{"taxonomy":"post_tag","embeddable":true,"href":"https:\/\/www.estrategiaconcursos.com.br\/blog\/wp-json\/wp\/v2\/tags?post=105518"},{"taxonomy":"tax_estado","embeddable":true,"href":"https:\/\/www.estrategiaconcursos.com.br\/blog\/wp-json\/wp\/v2\/tax_estado?post=105518"}],"curies":[{"name":"wp","href":"https:\/\/api.w.org\/{rel}","templated":true}]}}