{"id":1054421,"date":"2022-07-14T13:31:00","date_gmt":"2022-07-14T16:31:00","guid":{"rendered":"https:\/\/www.estrategiaconcursos.com.br\/blog\/?p=1054421"},"modified":"2022-09-12T16:12:38","modified_gmt":"2022-09-12T19:12:38","slug":"prova-discursiva-da-sefaz-mg","status":"publish","type":"post","link":"https:\/\/www.estrategiaconcursos.com.br\/blog\/prova-discursiva-da-sefaz-mg\/","title":{"rendered":"Prova discursiva da SEFAZ-MG: Como se preparar"},"content":{"rendered":"\n<p>Ol\u00e1, tudo bem com voc\u00ea? No artigo de hoje vamos te fornecer algumas dicas de como se preparar para a prova discursiva da SEFAZ-MG. Vamos l\u00e1?<\/p>\n\n\n\n<figure class=\"wp-block-gallery has-nested-images columns-default is-cropped wp-block-gallery-1 is-layout-flex wp-block-gallery-is-layout-flex\">\n<figure class=\"wp-block-image size-large\"><img loading=\"lazy\" decoding=\"async\" width=\"1024\" height=\"683\" data-id=\"1051450\" src=\"https:\/\/dhg1h5j42swfq.cloudfront.net\/2022\/06\/28111704\/tce-rj-discursiva-1024x683.jpg\" alt=\"Prova discursiva da SEFAZ-MG: Como se preparar\" class=\"wp-image-1051450\" srcset=\"https:\/\/dhg1h5j42swfq.cloudfront.net\/2022\/06\/28111704\/tce-rj-discursiva-1024x683.jpg 1024w, https:\/\/dhg1h5j42swfq.cloudfront.net\/2022\/06\/28111704\/tce-rj-discursiva-300x200.jpg 300w, https:\/\/dhg1h5j42swfq.cloudfront.net\/2022\/06\/28111704\/tce-rj-discursiva-768x512.jpg 768w, https:\/\/dhg1h5j42swfq.cloudfront.net\/2022\/06\/28111704\/tce-rj-discursiva-1536x1024.jpg 1536w, https:\/\/dhg1h5j42swfq.cloudfront.net\/2022\/06\/28111704\/tce-rj-discursiva-610x407.jpg 610w, https:\/\/dhg1h5j42swfq.cloudfront.net\/2022\/06\/28111704\/tce-rj-discursiva.jpg 2047w\" sizes=\"auto, (max-width: 1024px) 100vw, 1024px\" \/><figcaption>Prova discursiva da SEFAZ-MG: Como se preparar<\/figcaption><\/figure>\n<\/figure>\n\n\n\n<h2 class=\"wp-block-heading\" id=\"h-prova-discursiva-da-sefaz-mg-como-se-preparar\">Prova discursiva da SEFAZ-MG: Como se preparar<\/h2>\n\n\n\n<p>Mais uma oportunidade incr\u00edvel para quem estuda para a \u00e1rea fiscal! <\/p>\n\n\n\n<p>Depois de ter sido publicado o edital para o concurso da SEFAZ AP, eis que tamb\u00e9m \u00e9 publicado o edital do concurso da Secretaria da Fazenda de Minas Gerais!<\/p>\n\n\n\n<p>Afinal, 2022 \u00e9 ou n\u00e3o \u00e9 o ano dos concursos da \u00e1rea fiscal? Al\u00e9m dessas duas excelentes oportunidades, a Receita Federal est\u00e1 batendo na porta!<\/p>\n\n\n\n<p>Ent\u00e3o, se voc\u00ea j\u00e1 estudava ou est\u00e1 come\u00e7ando a estudar para essa \u00e1rea \u00e9 o momento ideal para intensificar os seus estudos.<\/p>\n\n\n\n<p>Como falamos, foi publicado o mais novo edital da<strong><em> Sefaz MG<\/em><\/strong>. Lembrando que os \u00faltimos concursos foram realizados em 2007 e 2005.<\/p>\n\n\n\n<p>Voc\u00ea n\u00e3o vai querer esperar mais de 10 anos para o pr\u00f3ximo, n\u00e3o \u00e9 mesmo?<\/p>\n\n\n\n<p>Por isso, vai garantir a sua vaga neste certame. E, pensando em te ajudar, vamos falar um pouco hoje sobre um assunto muito temido pelos concurseiros.<\/p>\n\n\n\n<p>Mas, depois de ler esse artigo, voc\u00ea vai ver que n\u00e3o \u00e9 um bicho de sete cabe\u00e7as. Existem alguns truques para conseguir uma melhor pontua\u00e7\u00e3o nesse tema t\u00e3o temido: DISCURSIVAS.<\/p>\n\n\n\n<h2 class=\"wp-block-heading\" id=\"prova-discursiva-da-sefaz-mg-exigencia-da-discursiva-no-edital\">Prova discursiva da SEFAZ-MG: Exig\u00eancia da Discursiva no Edital<\/h2>\n\n\n\n<p>O edital da SEFAZ-MG trouxe a etapa discursiva composta por quatro quest\u00f5es, que devem ser respondidas em at\u00e9 30 linhas cada.<\/p>\n\n\n\n<p>Al\u00e9m disso, a Prova Escrita Discursiva vale 80 pontos totais e, em cada uma das quest\u00f5es, 20 pontos.<\/p>\n\n\n\n<p>Ou seja, n\u00e3o d\u00e1 para ignorar a import\u00e2ncia da prova discursiva no seu certame. Essa prova pode ser sua aliada e melhorar algumas posi\u00e7\u00f5es na coloca\u00e7\u00e3o final ou pode te tirar de dentro das vagas.<\/p>\n\n\n\n<p>Em uma prova discursiva, no geral, \u00e9 analisado tanto o grau de conhecimento do candidato, se ele respondeu as quest\u00f5es acertadamente, como se ele escreveu com flu\u00eancia, coer\u00eancia e dom\u00ednio da l\u00edngua portuguesa.<\/p>\n\n\n\n<p>Voc\u00ea verificou no edital quais as disciplinas que podem ser exigidas nas discursivas do seu cargo?<\/p>\n\n\n\n<p>Se n\u00e3o, n\u00e3o se preocupe, vamos listar todas para ficar mais claro.<\/p>\n\n\n\n<p>Se voc\u00ea vai fazer a prova para Conhecimentos Espec\u00edficos &#8211; AUDITORIA E FISCALIZA\u00c7\u00c3O, as mat\u00e9rias s\u00e3o as seguintes:<\/p>\n\n\n\n<ol class=\"wp-block-list\"><li>Auditoria Cont\u00e1bil;<\/li><li>Contabilidade Avan\u00e7ada e Contabilidade de Custos;<\/li><li>Estat\u00edstica;<\/li><li>Direito Tribut\u00e1rio I e Direito Tribut\u00e1rio II; e<\/li><li>Legisla\u00e7\u00e3o Tribut\u00e1ria do Estado de Minas Gerais.<\/li><\/ol>\n\n\n\n<p>Se voc\u00ea vai fazer a prova para Conhecimentos Espec\u00edficos &#8211; TRIBUTA\u00c7\u00c3O, as mat\u00e9rias s\u00e3o as seguintes:<\/p>\n\n\n\n<ol class=\"wp-block-list\"><li>Direito Civil II, Processual Civil e Empresarial II;<\/li><li>Direito Tribut\u00e1rio I e Direito Tribut\u00e1rio II;<\/li><li>Processual Tribut\u00e1rio; e<\/li><li>Legisla\u00e7\u00e3o Tribut\u00e1ria do Estado de Minas Gerais.<\/li><\/ol>\n\n\n\n<p>Por fim, se voc\u00ea vai fazer a prova para Conhecimentos Espec\u00edficos &#8211; TECNOLOGIA DA INFORMA\u00c7\u00c3O, as mat\u00e9rias s\u00e3o as seguintes:<\/p>\n\n\n\n<ol class=\"wp-block-list\"><li>Ci\u00eancias de Dados;<\/li><li>Desenvolvimento de Sistemas;<\/li><li>Banco de Dados;<\/li><li>Infraestrutura Tecnol\u00f3gica; e<\/li><li>Seguran\u00e7a da Informa\u00e7\u00e3o.<\/li><\/ol>\n\n\n\n<p>Muitas disciplinas, n\u00e3o \u00e9 mesmo?<\/p>\n\n\n\n<p>Por\u00e9m, voc\u00ea sabe qual \u00e9 o ponto positivo?<\/p>\n\n\n\n<p>Todas essas disciplinas mais exigidas, tamb\u00e9m s\u00e3o extremamente importantes para a prova objetiva do seu cargo respectivo. Isto \u00e9, o seu estudo te\u00f3rico da prova discursiva tamb\u00e9m \u00e9 utilizado para responder \u00e0s quest\u00f5es discursivas.<\/p>\n\n\n\n<h2 class=\"wp-block-heading\" id=\"prova-discursiva-da-sefaz-mg-como-se-preparar\">Prova discursiva da SEFAZ-MG: Como se preparar<\/h2>\n\n\n\n<p>Em algum momento da sua vida voc\u00ea teve dificuldade em expressar suas ideias no papel?<\/p>\n\n\n\n<p>Sim ou claro?<\/p>\n\n\n\n<p>hahaha<\/p>\n\n\n\n<p>Todos sentem essa dificuldade, voc\u00ea n\u00e3o est\u00e1 s\u00f3! Por mais que voc\u00ea saiba sobre um determinado tema, colocar ele no papel \u00e9 uma tarefa muito dif\u00edcil. <\/p>\n\n\n\n<p>E colocar bem escrito, de forma clara e objetiva?<\/p>\n\n\n\n<p>Mais dif\u00edcil ainda, n\u00e3o \u00e9 mesmo?<\/p>\n\n\n\n<p>Mas, n\u00e3o \u00e9 algo imposs\u00edvel, \u00e9 algo que voc\u00ea vai melhorar atrav\u00e9s de treinos.<\/p>\n\n\n\n<p>Afinal, escrever de maneira clara \u00e9 realmente algo desafiador.<\/p>\n\n\n\n<p>Mesmo que n\u00e3o exista uma f\u00f3rmula m\u00e1gica para elaborar uma boa discursiva, para conseguir escrever bem \u00e9 necess\u00e1rio muito treino. <\/p>\n\n\n\n<p>Mas, vamos listar algumas dicas que podem ser cruciais para voc\u00ea elaborar uma boa discursiva.<\/p>\n\n\n\n<h2 class=\"wp-block-heading\" id=\"1-estudar-com-afinco-os-assuntos-mais-provaveis-de-serem-exigidos\">1\u00b0 Estudar com afinco os assuntos mais prov\u00e1veis de serem exigidos<\/h2>\n\n\n\n<p>O primeiro ponto para voc\u00ea conseguir elaborar uma discursiva para a SEFAZ-MG \u00e9 conhecer bem os temas que possuem mais chances de serem abordados na sua prova.<\/p>\n\n\n\n<p>Afinal, n\u00e3o adianta saber escrever uma discursiva da Nasa se voc\u00ea n\u00e3o est\u00e1 com aquela disciplina consolidada na sua mente. Isto \u00e9, voc\u00ea s\u00f3 consegue escrever um bom texto sobre algo que voc\u00ea conhece.<\/p>\n\n\n\n<p>Conhecer o tema que est\u00e1 sendo abordado \u00e9 essencial para conseguir um bom desempenho na discursiva.<\/p>\n\n\n\n<p>E como voc\u00ea consegue isso?<\/p>\n\n\n\n<p>Estudando bem o conte\u00fado program\u00e1tico, principalmente das mat\u00e9rias exigidas para a sua discursiva. Como falamos, elas tamb\u00e9m s\u00e3o de extrema import\u00e2ncia na sua prova objetiva. <\/p>\n\n\n\n<h2 class=\"wp-block-heading\" id=\"2-conhecimento-das-regras-gramaticais\">2\u00b0 Conhecimento das regras gramaticais<\/h2>\n\n\n\n<p>Para voc\u00ea elaborar uma boa discursiva e conseguir obter uma boa pontua\u00e7\u00e3o \u00e9 necess\u00e1rio treinar bem as regras gramaticais. <\/p>\n\n\n\n<p>E, claro, isso n\u00e3o \u00e9 nada que foge tanto do estudo da prova objetiva. Afinal, portugu\u00eas \u00e9 uma disciplina exigida na prova objetiva para todos os cargos.<\/p>\n\n\n\n<p>Quando voc\u00ea possui um bom vocabul\u00e1rio, voc\u00ea consegue expor melhor as suas ideias, de forma mais clara e coerente.<\/p>\n\n\n\n<p>Al\u00e9m de conseguir escrever de maneira mais persuasiva, relacionando os fatos, provas e argumentos necess\u00e1rios.<\/p>\n\n\n\n<p>Afinal, uma boa discursiva \u00e9 composta de alguns elementos b\u00e1sicos, s\u00e3o eles: clareza, concis\u00e3o, coer\u00eancia e coes\u00e3o.<\/p>\n\n\n\n<p>Voc\u00ea sabe qual \u00e9 a import\u00e2ncia de cada um desses elementos?<\/p>\n\n\n\n<ol class=\"wp-block-list\"><li><strong>Clareza<\/strong>: Alguns alunos estudando para concursos pensam que para impressionar o examinador \u00e9 necess\u00e1rio utilizar um vocabul\u00e1rio rebuscado. Por\u00e9m, o que deixa o examinador interessado na sua discursiva \u00e9 a clareza na abordagem do tema que voc\u00ea est\u00e1 tratando. <\/li><\/ol>\n\n\n\n<p>Para conseguir elaborar uma boa discursiva \u00e9 necess\u00e1rio escrever bem, mas isso n\u00e3o quer dizer escrever de forma rebuscada. A discursiva <strong>deve ser escrita de forma simples, abordando todo o assunto exigido de forma clara.<\/strong><\/p>\n\n\n\n<p>Evite utilizar na sua discursiva: g\u00edrias, coloquialismos e frases feitas.<\/p>\n\n\n\n<p><\/p>\n\n\n\n<p>Afinal, um texto considerado &#8220;bem feito&#8221; \u00e9 o que desperta o interesse do examinador. Isto \u00e9, \u00e9 um texto pautado na clareza e em bons argumentos.<\/p>\n\n\n\n<p>2. <strong>Concis\u00e3o<\/strong>: Um texto \u00e9 conciso quando ele \u00e9 enxuto. Isto \u00e9, \u00e9 um texto que <strong>em poucas palavras consegue apresentar o argumento principal.<\/strong><\/p>\n\n\n\n<p>Evite utilizar na sua discursiva: repeti\u00e7\u00f5es desnecess\u00e1rias, redund\u00e2ncias, delongas, etc.<\/p>\n\n\n\n<p>Assim, para elaborar um bom texto, voc\u00ea n\u00e3o deve repetir nem ideias nem argumentos. Portanto, fa\u00e7a a op\u00e7\u00e3o por frases curtas, textos sem rodeios.<\/p>\n\n\n\n<h4 class=\"wp-block-heading\" id=\"prova-discursiva-da-sefaz-mg-como-se-preparar-1\">Prova discursiva da SEFAZ-MG: Como se preparar<\/h4>\n\n\n\n<p>3. <strong>Aten\u00e7\u00e3o a gram\u00e1tica<\/strong>: Como falamos, portugu\u00eas \u00e9 uma disciplina muito importante tanto para a prova objetiva quanto para a prova discursiva.<\/p>\n\n\n\n<p>Assim, quando voc\u00ea for elaborar o seu texto, \u00e9 importante ter <strong>muita aten\u00e7\u00e3o quanto ao padr\u00e3o das normas gramaticais na sua linguagem<\/strong>. Afinal, cada erro de portugu\u00eas vai ser descontado preciosos pontinhos na sua prova.<\/p>\n\n\n\n<p>4. <strong>Coes\u00e3o<\/strong>: A coes\u00e3o permite que as suas <strong>ideias presentes no texto estejam interligadas<\/strong>. Ou seja, a coes\u00e3o \u00e9 essencial para o seu texto ser mais claro para o leitor, pois a coes\u00e3o \u00e9 respons\u00e1vel por ligar os par\u00e1grafos presentes no texto e fornecer significado para cada um deles.<\/p>\n\n\n\n<p>Assim, a coes\u00e3o trata das rela\u00e7\u00f5es lingu\u00edsticas, como os adv\u00e9rbios, pronomes, conectivos, entre outros.<\/p>\n\n\n\n<p>E em que mat\u00e9ria voc\u00ea estuda tudo isso?<\/p>\n\n\n\n<p>PORTUGU\u00caS!!<\/p>\n\n\n\n<p>5. <strong>Coer\u00eancia<\/strong>: Uma boa discursiva deve antes de tudo fazer sentido. Isto \u00e9, o texto deve ser escrito de forma coerente para que o leitor compreenda o que est\u00e1 sendo exposto.<\/p>\n\n\n\n<h2 class=\"wp-block-heading\" id=\"prova-discursiva-da-sefaz-mg-o-que-voce-nao-deve-fazer\">Prova discursiva da SEFAZ-MG: O que voc\u00ea n\u00e3o deve fazer<\/h2>\n\n\n\n<p>Agora que listamos algumas dicas de como voc\u00ea deve abordar o assunto na sua prova discursiva, que tal falarmos um pouco do que voc\u00ea n\u00e3o deve fazer na prova?<\/p>\n\n\n\n<p>Afinal, alguns erros s\u00e3o &#8220;batidos&#8221; e acabam eliminando muitos candidatos neste tipo de prova.<\/p>\n\n\n\n<p>Vamos listar os principais?<\/p>\n\n\n\n<ol class=\"wp-block-list\"><li><strong>Fuga ao tema proposto<\/strong>: Um erro que muitos candidatos cometem nas provas discursivas \u00e9 fugir do tema que foi proposto. Al\u00e9m de ser um erro extremamente &#8220;batido&#8221;, \u00e9 um erro muito perigoso. Afinal, esse erro pode levar a zerar a sua prova.<\/li><\/ol>\n\n\n\n<p>Mas voc\u00ea sabe quando ocorre uma fuga ao tema proposto?<\/p>\n\n\n\n<p>Ocorre quando o candidato responde a quest\u00e3o em desacordo com o que a Banca Examinadora pediu, isto \u00e9, o candidato escreve uma resposta diferente da esperada para a quest\u00e3o.<\/p>\n\n\n\n<p>&#8220;Mas \u00e9 necess\u00e1rio adivinhar o que a Banca quer?&#8221;<\/p>\n\n\n\n<p>N\u00e3o \u00e9 necess\u00e1rio, a pr\u00f3pria quest\u00e3o coloca ind\u00edcios do que a Banca quer que voc\u00ea aborde. Ent\u00e3o, leia com muito cuidado o que a quest\u00e3o est\u00e1 pedindo.<\/p>\n\n\n\n<p>2. <strong>Assinar o nome, inserir s\u00edmbolos ou outra forma de identifica\u00e7\u00e3o<\/strong>: Esse \u00e9 outro erro que pode zerar a sua prova. Afinal, em uma prova discursiva voc\u00ea n\u00e3o pode utilizar nenhum mecanismo de identifica\u00e7\u00e3o.<\/p>\n\n\n\n<p>3. <strong>Letra ileg\u00edvel<\/strong>: se voc\u00ea tem dificuldade em entender a sua letra, imagina o examinador. Caso a sua letra seja dif\u00edcil de ser entendida, pode ser necess\u00e1rio treinar a sua caligrafia. <\/p>\n\n\n\n<p>4. <strong>Ofensas ou manifesta\u00e7\u00f5es de intoler\u00e2ncia e \u00f3dio<\/strong>: Colocar na sua prova ofensas, manifesta\u00e7\u00f5es de intoler\u00e2ncia ou de \u00f3dio, podem fazer com que a sua prova discursiva seja zerada.<\/p>\n\n\n\n<p>Assim, muita aten\u00e7\u00e3o para n\u00e3o cometer esses erros na sua prova. Afinal, n\u00e3o d\u00e1 para ser eliminado deste certame por ter cometido um desses atos, n\u00e3o \u00e9 mesmo?<\/p>\n\n\n\n<p>Espero que tenham gostado do artigo do artigo de hoje e boa prova!<\/p>\n\n\n\n<p>Um abra\u00e7o e bons estudos!<\/p>\n\n\n\n<p>Leonardo Mathias <\/p>\n\n\n\n<p>@profleomathias<\/p>\n\n\n\n<p><a href=\"http:\/\/www.fazenda.mg.gov.br\/\">http:\/\/www.fazenda.mg.gov.br\/<\/a><\/p>\n\n\n\n<h2 class=\"has-text-align-center wp-block-heading\" id=\"h-cursos-e-assinaturas\">Cursos e Assinaturas <\/h2>\n\n\n\n<p>Prepare-se com o melhor material e com quem mais aprova em Concursos P\u00fablicos em todo o pa\u00eds!<\/p>\n\n\n\n<p class=\"has-text-align-center has-white-color has-vivid-purple-background-color has-text-color has-background\"><a href=\"https:\/\/www.estrategiaconcursos.com.br\/blog\/concursos-abertos\/\" target=\"_blank\" rel=\"noreferrer noopener\"><strong>Concursos abertos<\/strong><\/a><\/p>\n\n\n\n<p class=\"has-text-align-center has-white-color has-vivid-purple-background-color has-text-color has-background\"><strong><a href=\"https:\/\/www.estrategiaconcursos.com.br\/blog\/concursos-2022\/\" target=\"_blank\" rel=\"noreferrer noopener\">Concursos 2022<\/a><\/strong><\/p>\n\n\n\n<div class=\"container\" id=\"boxes\">\n  <div class=\"row\">\n    <div class=\"col-sm\">\n      <div class=\"estrategia\" id=\"box-assinatura\">\n        <h3 class=\"titulo-assinatura\">Assinatura de Concursos<\/h3>\n        <p class=\"subtitulo-assinatura\">Assinatura de 1 ano ou 2 anos<\/p>\n        <div class=\"box-botao\">\n          <a class=\"btn-assinatura\" target=\"_blank\" href=\"https:\/\/www.estrategiaconcursos.com.br\/assinaturas\/\" role=\"button\" rel=\"noopener noreferrer\">ASSINE AGORA<\/a>\n        <\/div>\n      <\/div>\n      \n    <\/div><\/div><\/div>\n","protected":false},"excerpt":{"rendered":"<p>Ol\u00e1, tudo bem com voc\u00ea? No artigo de hoje vamos te fornecer algumas dicas de como se preparar para a prova discursiva da SEFAZ-MG. Vamos l\u00e1? Prova discursiva da SEFAZ-MG: Como se preparar Mais uma oportunidade incr\u00edvel para quem estuda para a \u00e1rea fiscal! Depois de ter sido publicado o edital para o concurso da [&hellip;]<\/p>\n","protected":false},"author":773,"featured_media":878323,"comment_status":"open","ping_status":"closed","sticky":false,"template":"","format":"standard","meta":{"post_tipo":"article","footnotes":""},"categories":[1,1983],"tags":[],"tax_estado":[219974],"class_list":["post-1054421","post","type-post","status-publish","format-standard","has-post-thumbnail","hentry","category-cursos-e-concursos","category-fiscal-estadual","tax_estado-mg"],"acf":[],"yoast_head":"<!-- This site is optimized with the Yoast SEO Premium plugin v27.2 (Yoast SEO v27.2) - https:\/\/yoast.com\/product\/yoast-seo-premium-wordpress\/ -->\n<title>Prova discursiva da SEFAZ-MG: Como se preparar<\/title>\n<meta name=\"description\" content=\"Prova discursiva da SEFAZ-MG: Como se preparar e conseguir uma excelente pontua\u00e7\u00e3o na prova discursiva da SEFAZ MG\" \/>\n<meta name=\"robots\" content=\"index, follow, max-snippet:-1, max-image-preview:large, max-video-preview:-1\" \/>\n<link rel=\"canonical\" href=\"https:\/\/www.estrategiaconcursos.com.br\/blog\/prova-discursiva-da-sefaz-mg\/\" \/>\n<meta property=\"og:locale\" content=\"pt_BR\" \/>\n<meta property=\"og:type\" content=\"article\" \/>\n<meta property=\"og:title\" content=\"Prova discursiva da SEFAZ-MG: Como se preparar\" \/>\n<meta property=\"og:description\" content=\"Prova discursiva da SEFAZ-MG: Como se preparar e conseguir uma excelente pontua\u00e7\u00e3o na prova discursiva da SEFAZ MG\" \/>\n<meta property=\"og:url\" content=\"https:\/\/www.estrategiaconcursos.com.br\/blog\/prova-discursiva-da-sefaz-mg\/\" \/>\n<meta property=\"og:site_name\" content=\"Estrat\u00e9gia Concursos\" \/>\n<meta property=\"article:published_time\" content=\"2022-07-14T16:31:00+00:00\" \/>\n<meta property=\"article:modified_time\" content=\"2022-09-12T19:12:38+00:00\" \/>\n<meta property=\"og:image\" content=\"https:\/\/dhg1h5j42swfq.cloudfront.net\/2021\/10\/06075547\/nota-de-redacao-conceito-de-negocios-e-educacao_1421-28.jpg\" \/>\n\t<meta property=\"og:image:width\" content=\"626\" \/>\n\t<meta property=\"og:image:height\" content=\"417\" \/>\n\t<meta property=\"og:image:type\" content=\"image\/jpeg\" \/>\n<meta name=\"author\" content=\"Leonardo Mathias\" \/>\n<meta name=\"twitter:card\" content=\"summary_large_image\" \/>\n<meta name=\"twitter:creator\" content=\"@EstratConcursos\" \/>\n<meta name=\"twitter:site\" content=\"@EstratConcursos\" \/>\n<meta name=\"twitter:label1\" content=\"Escrito por\" \/>\n\t<meta name=\"twitter:data1\" content=\"Leonardo Mathias\" \/>\n\t<meta name=\"twitter:label2\" content=\"Est. tempo de leitura\" \/>\n\t<meta name=\"twitter:data2\" content=\"9 minutos\" \/>\n<script type=\"application\/ld+json\" class=\"yoast-schema-graph\">{\"@context\":\"https:\/\/schema.org\",\"@graph\":[{\"@type\":\"NewsArticle\",\"@id\":\"https:\/\/www.estrategiaconcursos.com.br\/blog\/prova-discursiva-da-sefaz-mg\/#article\",\"isPartOf\":{\"@id\":\"https:\/\/www.estrategiaconcursos.com.br\/blog\/prova-discursiva-da-sefaz-mg\/\"},\"author\":{\"name\":\"Leonardo Mathias\",\"@id\":\"https:\/\/www.estrategiaconcursos.com.br\/blog\/#\/schema\/person\/ffa1e327b35698a5329b293a0627bd55\"},\"headline\":\"Prova discursiva da SEFAZ-MG: Como se preparar\",\"datePublished\":\"2022-07-14T16:31:00+00:00\",\"dateModified\":\"2022-09-12T19:12:38+00:00\",\"mainEntityOfPage\":{\"@id\":\"https:\/\/www.estrategiaconcursos.com.br\/blog\/prova-discursiva-da-sefaz-mg\/\"},\"wordCount\":1680,\"commentCount\":0,\"publisher\":{\"@id\":\"https:\/\/www.estrategiaconcursos.com.br\/blog\/#organization\"},\"image\":{\"@id\":\"https:\/\/www.estrategiaconcursos.com.br\/blog\/prova-discursiva-da-sefaz-mg\/#primaryimage\"},\"thumbnailUrl\":\"https:\/\/dhg1h5j42swfq.cloudfront.net\/2021\/10\/06075547\/nota-de-redacao-conceito-de-negocios-e-educacao_1421-28.jpg\",\"articleSection\":[\"Concursos P\u00fablicos\",\"Fiscal - Estadual (ICMS)\"],\"inLanguage\":\"pt-BR\",\"potentialAction\":[{\"@type\":\"CommentAction\",\"name\":\"Comment\",\"target\":[\"https:\/\/www.estrategiaconcursos.com.br\/blog\/prova-discursiva-da-sefaz-mg\/#respond\"]}],\"copyrightYear\":\"2022\",\"copyrightHolder\":{\"@id\":\"https:\/\/www.estrategiaconcursos.com.br\/blog\/#organization\"}},{\"@type\":\"WebPage\",\"@id\":\"https:\/\/www.estrategiaconcursos.com.br\/blog\/prova-discursiva-da-sefaz-mg\/\",\"url\":\"https:\/\/www.estrategiaconcursos.com.br\/blog\/prova-discursiva-da-sefaz-mg\/\",\"name\":\"Prova discursiva da SEFAZ-MG: Como se preparar\",\"isPartOf\":{\"@id\":\"https:\/\/www.estrategiaconcursos.com.br\/blog\/#website\"},\"primaryImageOfPage\":{\"@id\":\"https:\/\/www.estrategiaconcursos.com.br\/blog\/prova-discursiva-da-sefaz-mg\/#primaryimage\"},\"image\":{\"@id\":\"https:\/\/www.estrategiaconcursos.com.br\/blog\/prova-discursiva-da-sefaz-mg\/#primaryimage\"},\"thumbnailUrl\":\"https:\/\/dhg1h5j42swfq.cloudfront.net\/2021\/10\/06075547\/nota-de-redacao-conceito-de-negocios-e-educacao_1421-28.jpg\",\"datePublished\":\"2022-07-14T16:31:00+00:00\",\"dateModified\":\"2022-09-12T19:12:38+00:00\",\"description\":\"Prova discursiva da SEFAZ-MG: Como se preparar e conseguir uma excelente pontua\u00e7\u00e3o na prova discursiva da SEFAZ MG\",\"breadcrumb\":{\"@id\":\"https:\/\/www.estrategiaconcursos.com.br\/blog\/prova-discursiva-da-sefaz-mg\/#breadcrumb\"},\"inLanguage\":\"pt-BR\",\"potentialAction\":[{\"@type\":\"ReadAction\",\"target\":[\"https:\/\/www.estrategiaconcursos.com.br\/blog\/prova-discursiva-da-sefaz-mg\/\"]}]},{\"@type\":\"ImageObject\",\"inLanguage\":\"pt-BR\",\"@id\":\"https:\/\/www.estrategiaconcursos.com.br\/blog\/prova-discursiva-da-sefaz-mg\/#primaryimage\",\"url\":\"https:\/\/dhg1h5j42swfq.cloudfront.net\/2021\/10\/06075547\/nota-de-redacao-conceito-de-negocios-e-educacao_1421-28.jpg\",\"contentUrl\":\"https:\/\/dhg1h5j42swfq.cloudfront.net\/2021\/10\/06075547\/nota-de-redacao-conceito-de-negocios-e-educacao_1421-28.jpg\",\"width\":626,\"height\":417,\"caption\":\"Reda\u00e7\u00e3o sobre doa\u00e7\u00e3o de \u00f3rg\u00e3os\"},{\"@type\":\"BreadcrumbList\",\"@id\":\"https:\/\/www.estrategiaconcursos.com.br\/blog\/prova-discursiva-da-sefaz-mg\/#breadcrumb\",\"itemListElement\":[{\"@type\":\"ListItem\",\"position\":1,\"name\":\"In\u00edcio\",\"item\":\"https:\/\/www.estrategiaconcursos.com.br\/blog\/\"},{\"@type\":\"ListItem\",\"position\":2,\"name\":\"Prova discursiva da SEFAZ-MG: Como se preparar\"}]},{\"@type\":\"WebSite\",\"@id\":\"https:\/\/www.estrategiaconcursos.com.br\/blog\/#website\",\"url\":\"https:\/\/www.estrategiaconcursos.com.br\/blog\/\",\"name\":\"Estrat\u00e9gia Concursos\",\"description\":\"O blog da Estrat\u00e9gia Concursos traz not\u00edcias sobre concursos e artigos de professores oferecendo cursos para concursos (pdf + videaulas) no site.\",\"publisher\":{\"@id\":\"https:\/\/www.estrategiaconcursos.com.br\/blog\/#organization\"},\"potentialAction\":[{\"@type\":\"SearchAction\",\"target\":{\"@type\":\"EntryPoint\",\"urlTemplate\":\"https:\/\/www.estrategiaconcursos.com.br\/blog\/?s={search_term_string}\"},\"query-input\":{\"@type\":\"PropertyValueSpecification\",\"valueRequired\":true,\"valueName\":\"search_term_string\"}}],\"inLanguage\":\"pt-BR\"},{\"@type\":\"Organization\",\"@id\":\"https:\/\/www.estrategiaconcursos.com.br\/blog\/#organization\",\"name\":\"Estrat\u00e9gia Concursos\",\"url\":\"https:\/\/www.estrategiaconcursos.com.br\/blog\/\",\"logo\":{\"@type\":\"ImageObject\",\"inLanguage\":\"pt-BR\",\"@id\":\"https:\/\/www.estrategiaconcursos.com.br\/blog\/#\/schema\/logo\/image\/\",\"url\":\"https:\/\/dhg1h5j42swfq.cloudfront.net\/2025\/06\/03203428\/logo_concursos-1.jpg\",\"contentUrl\":\"https:\/\/dhg1h5j42swfq.cloudfront.net\/2025\/06\/03203428\/logo_concursos-1.jpg\",\"width\":230,\"height\":60,\"caption\":\"Estrat\u00e9gia Concursos\"},\"image\":{\"@id\":\"https:\/\/www.estrategiaconcursos.com.br\/blog\/#\/schema\/logo\/image\/\"},\"sameAs\":[\"https:\/\/x.com\/EstratConcursos\"]},{\"@type\":\"Person\",\"@id\":\"https:\/\/www.estrategiaconcursos.com.br\/blog\/#\/schema\/person\/ffa1e327b35698a5329b293a0627bd55\",\"name\":\"Leonardo Mathias\",\"image\":{\"@type\":\"ImageObject\",\"inLanguage\":\"pt-BR\",\"@id\":\"https:\/\/secure.gravatar.com\/avatar\/f02a0a4304a1537239604f568c9b6a69a3a7bbd6a5033b760cb4a5697f00295b?s=96&d=mm&r=g\",\"url\":\"https:\/\/secure.gravatar.com\/avatar\/f02a0a4304a1537239604f568c9b6a69a3a7bbd6a5033b760cb4a5697f00295b?s=96&d=mm&r=g\",\"contentUrl\":\"https:\/\/secure.gravatar.com\/avatar\/f02a0a4304a1537239604f568c9b6a69a3a7bbd6a5033b760cb4a5697f00295b?s=96&d=mm&r=g\",\"caption\":\"Leonardo Mathias\"},\"url\":\"https:\/\/www.estrategiaconcursos.com.br\/blog\/author\/leonardomathiasestrategiaconcursos-com-br\/\"}]}<\/script>\n<!-- \/ Yoast SEO Premium plugin. -->","yoast_head_json":{"title":"Prova discursiva da SEFAZ-MG: Como se preparar","description":"Prova discursiva da SEFAZ-MG: Como se preparar e conseguir uma excelente pontua\u00e7\u00e3o na prova discursiva da SEFAZ MG","robots":{"index":"index","follow":"follow","max-snippet":"max-snippet:-1","max-image-preview":"max-image-preview:large","max-video-preview":"max-video-preview:-1"},"canonical":"https:\/\/www.estrategiaconcursos.com.br\/blog\/prova-discursiva-da-sefaz-mg\/","og_locale":"pt_BR","og_type":"article","og_title":"Prova discursiva da SEFAZ-MG: Como se preparar","og_description":"Prova discursiva da SEFAZ-MG: Como se preparar e conseguir uma excelente pontua\u00e7\u00e3o na prova discursiva da SEFAZ MG","og_url":"https:\/\/www.estrategiaconcursos.com.br\/blog\/prova-discursiva-da-sefaz-mg\/","og_site_name":"Estrat\u00e9gia Concursos","article_published_time":"2022-07-14T16:31:00+00:00","article_modified_time":"2022-09-12T19:12:38+00:00","og_image":[{"width":626,"height":417,"url":"https:\/\/dhg1h5j42swfq.cloudfront.net\/2021\/10\/06075547\/nota-de-redacao-conceito-de-negocios-e-educacao_1421-28.jpg","type":"image\/jpeg"}],"author":"Leonardo Mathias","twitter_card":"summary_large_image","twitter_creator":"@EstratConcursos","twitter_site":"@EstratConcursos","twitter_misc":{"Escrito por":"Leonardo Mathias","Est. tempo de leitura":"9 minutos"},"schema":{"@context":"https:\/\/schema.org","@graph":[{"@type":"NewsArticle","@id":"https:\/\/www.estrategiaconcursos.com.br\/blog\/prova-discursiva-da-sefaz-mg\/#article","isPartOf":{"@id":"https:\/\/www.estrategiaconcursos.com.br\/blog\/prova-discursiva-da-sefaz-mg\/"},"author":{"name":"Leonardo Mathias","@id":"https:\/\/www.estrategiaconcursos.com.br\/blog\/#\/schema\/person\/ffa1e327b35698a5329b293a0627bd55"},"headline":"Prova discursiva da SEFAZ-MG: Como se preparar","datePublished":"2022-07-14T16:31:00+00:00","dateModified":"2022-09-12T19:12:38+00:00","mainEntityOfPage":{"@id":"https:\/\/www.estrategiaconcursos.com.br\/blog\/prova-discursiva-da-sefaz-mg\/"},"wordCount":1680,"commentCount":0,"publisher":{"@id":"https:\/\/www.estrategiaconcursos.com.br\/blog\/#organization"},"image":{"@id":"https:\/\/www.estrategiaconcursos.com.br\/blog\/prova-discursiva-da-sefaz-mg\/#primaryimage"},"thumbnailUrl":"https:\/\/dhg1h5j42swfq.cloudfront.net\/2021\/10\/06075547\/nota-de-redacao-conceito-de-negocios-e-educacao_1421-28.jpg","articleSection":["Concursos P\u00fablicos","Fiscal - Estadual (ICMS)"],"inLanguage":"pt-BR","potentialAction":[{"@type":"CommentAction","name":"Comment","target":["https:\/\/www.estrategiaconcursos.com.br\/blog\/prova-discursiva-da-sefaz-mg\/#respond"]}],"copyrightYear":"2022","copyrightHolder":{"@id":"https:\/\/www.estrategiaconcursos.com.br\/blog\/#organization"}},{"@type":"WebPage","@id":"https:\/\/www.estrategiaconcursos.com.br\/blog\/prova-discursiva-da-sefaz-mg\/","url":"https:\/\/www.estrategiaconcursos.com.br\/blog\/prova-discursiva-da-sefaz-mg\/","name":"Prova discursiva da SEFAZ-MG: Como se preparar","isPartOf":{"@id":"https:\/\/www.estrategiaconcursos.com.br\/blog\/#website"},"primaryImageOfPage":{"@id":"https:\/\/www.estrategiaconcursos.com.br\/blog\/prova-discursiva-da-sefaz-mg\/#primaryimage"},"image":{"@id":"https:\/\/www.estrategiaconcursos.com.br\/blog\/prova-discursiva-da-sefaz-mg\/#primaryimage"},"thumbnailUrl":"https:\/\/dhg1h5j42swfq.cloudfront.net\/2021\/10\/06075547\/nota-de-redacao-conceito-de-negocios-e-educacao_1421-28.jpg","datePublished":"2022-07-14T16:31:00+00:00","dateModified":"2022-09-12T19:12:38+00:00","description":"Prova discursiva da SEFAZ-MG: Como se preparar e conseguir uma excelente pontua\u00e7\u00e3o na prova discursiva da SEFAZ MG","breadcrumb":{"@id":"https:\/\/www.estrategiaconcursos.com.br\/blog\/prova-discursiva-da-sefaz-mg\/#breadcrumb"},"inLanguage":"pt-BR","potentialAction":[{"@type":"ReadAction","target":["https:\/\/www.estrategiaconcursos.com.br\/blog\/prova-discursiva-da-sefaz-mg\/"]}]},{"@type":"ImageObject","inLanguage":"pt-BR","@id":"https:\/\/www.estrategiaconcursos.com.br\/blog\/prova-discursiva-da-sefaz-mg\/#primaryimage","url":"https:\/\/dhg1h5j42swfq.cloudfront.net\/2021\/10\/06075547\/nota-de-redacao-conceito-de-negocios-e-educacao_1421-28.jpg","contentUrl":"https:\/\/dhg1h5j42swfq.cloudfront.net\/2021\/10\/06075547\/nota-de-redacao-conceito-de-negocios-e-educacao_1421-28.jpg","width":626,"height":417,"caption":"Reda\u00e7\u00e3o sobre doa\u00e7\u00e3o de \u00f3rg\u00e3os"},{"@type":"BreadcrumbList","@id":"https:\/\/www.estrategiaconcursos.com.br\/blog\/prova-discursiva-da-sefaz-mg\/#breadcrumb","itemListElement":[{"@type":"ListItem","position":1,"name":"In\u00edcio","item":"https:\/\/www.estrategiaconcursos.com.br\/blog\/"},{"@type":"ListItem","position":2,"name":"Prova discursiva da SEFAZ-MG: Como se preparar"}]},{"@type":"WebSite","@id":"https:\/\/www.estrategiaconcursos.com.br\/blog\/#website","url":"https:\/\/www.estrategiaconcursos.com.br\/blog\/","name":"Estrat\u00e9gia Concursos","description":"O blog da Estrat\u00e9gia Concursos traz not\u00edcias sobre concursos e artigos de professores oferecendo cursos para concursos (pdf + videaulas) no site.","publisher":{"@id":"https:\/\/www.estrategiaconcursos.com.br\/blog\/#organization"},"potentialAction":[{"@type":"SearchAction","target":{"@type":"EntryPoint","urlTemplate":"https:\/\/www.estrategiaconcursos.com.br\/blog\/?s={search_term_string}"},"query-input":{"@type":"PropertyValueSpecification","valueRequired":true,"valueName":"search_term_string"}}],"inLanguage":"pt-BR"},{"@type":"Organization","@id":"https:\/\/www.estrategiaconcursos.com.br\/blog\/#organization","name":"Estrat\u00e9gia Concursos","url":"https:\/\/www.estrategiaconcursos.com.br\/blog\/","logo":{"@type":"ImageObject","inLanguage":"pt-BR","@id":"https:\/\/www.estrategiaconcursos.com.br\/blog\/#\/schema\/logo\/image\/","url":"https:\/\/dhg1h5j42swfq.cloudfront.net\/2025\/06\/03203428\/logo_concursos-1.jpg","contentUrl":"https:\/\/dhg1h5j42swfq.cloudfront.net\/2025\/06\/03203428\/logo_concursos-1.jpg","width":230,"height":60,"caption":"Estrat\u00e9gia Concursos"},"image":{"@id":"https:\/\/www.estrategiaconcursos.com.br\/blog\/#\/schema\/logo\/image\/"},"sameAs":["https:\/\/x.com\/EstratConcursos"]},{"@type":"Person","@id":"https:\/\/www.estrategiaconcursos.com.br\/blog\/#\/schema\/person\/ffa1e327b35698a5329b293a0627bd55","name":"Leonardo Mathias","image":{"@type":"ImageObject","inLanguage":"pt-BR","@id":"https:\/\/secure.gravatar.com\/avatar\/f02a0a4304a1537239604f568c9b6a69a3a7bbd6a5033b760cb4a5697f00295b?s=96&d=mm&r=g","url":"https:\/\/secure.gravatar.com\/avatar\/f02a0a4304a1537239604f568c9b6a69a3a7bbd6a5033b760cb4a5697f00295b?s=96&d=mm&r=g","contentUrl":"https:\/\/secure.gravatar.com\/avatar\/f02a0a4304a1537239604f568c9b6a69a3a7bbd6a5033b760cb4a5697f00295b?s=96&d=mm&r=g","caption":"Leonardo Mathias"},"url":"https:\/\/www.estrategiaconcursos.com.br\/blog\/author\/leonardomathiasestrategiaconcursos-com-br\/"}]}},"_links":{"self":[{"href":"https:\/\/www.estrategiaconcursos.com.br\/blog\/wp-json\/wp\/v2\/posts\/1054421","targetHints":{"allow":["GET"]}}],"collection":[{"href":"https:\/\/www.estrategiaconcursos.com.br\/blog\/wp-json\/wp\/v2\/posts"}],"about":[{"href":"https:\/\/www.estrategiaconcursos.com.br\/blog\/wp-json\/wp\/v2\/types\/post"}],"author":[{"embeddable":true,"href":"https:\/\/www.estrategiaconcursos.com.br\/blog\/wp-json\/wp\/v2\/users\/773"}],"replies":[{"embeddable":true,"href":"https:\/\/www.estrategiaconcursos.com.br\/blog\/wp-json\/wp\/v2\/comments?post=1054421"}],"version-history":[{"count":4,"href":"https:\/\/www.estrategiaconcursos.com.br\/blog\/wp-json\/wp\/v2\/posts\/1054421\/revisions"}],"predecessor-version":[{"id":1093295,"href":"https:\/\/www.estrategiaconcursos.com.br\/blog\/wp-json\/wp\/v2\/posts\/1054421\/revisions\/1093295"}],"wp:featuredmedia":[{"embeddable":true,"href":"https:\/\/www.estrategiaconcursos.com.br\/blog\/wp-json\/wp\/v2\/media\/878323"}],"wp:attachment":[{"href":"https:\/\/www.estrategiaconcursos.com.br\/blog\/wp-json\/wp\/v2\/media?parent=1054421"}],"wp:term":[{"taxonomy":"category","embeddable":true,"href":"https:\/\/www.estrategiaconcursos.com.br\/blog\/wp-json\/wp\/v2\/categories?post=1054421"},{"taxonomy":"post_tag","embeddable":true,"href":"https:\/\/www.estrategiaconcursos.com.br\/blog\/wp-json\/wp\/v2\/tags?post=1054421"},{"taxonomy":"tax_estado","embeddable":true,"href":"https:\/\/www.estrategiaconcursos.com.br\/blog\/wp-json\/wp\/v2\/tax_estado?post=1054421"}],"curies":[{"name":"wp","href":"https:\/\/api.w.org\/{rel}","templated":true}]}}