{"id":1053602,"date":"2022-08-02T06:03:00","date_gmt":"2022-08-02T09:03:00","guid":{"rendered":"https:\/\/www.estrategiaconcursos.com.br\/blog\/?p=1053602"},"modified":"2022-08-03T13:07:48","modified_gmt":"2022-08-03T16:07:48","slug":"concurso-pm-rn-oficial-2022-edital-publicado","status":"publish","type":"post","link":"https:\/\/www.estrategiaconcursos.com.br\/blog\/concurso-pm-rn-oficial-2022-edital-publicado\/","title":{"rendered":"Edital PM RN Oficial: inscri\u00e7\u00f5es encerradas para 132 vagas"},"content":{"rendered":"\n<p>O <strong>edital PM RN Oficial<\/strong> (<a href=\"https:\/\/www.estrategiaconcursos.com.br\/cursosPorConcurso\/policia-militar-rn\/\" target=\"_blank\" rel=\"noreferrer noopener\">Pol\u00edcia Militar do Rio Grande do Norte<\/a>) est\u00e1 com as inscri\u00e7\u00f5es encerradas! S\u00e3o ofertadas <strong>132 vagas<\/strong> para o ingresso no Curso de Forma\u00e7\u00e3o de Oficiais PM. <\/p>\n\n\n\n<p>Os interessados em participar da sele\u00e7\u00e3o puderam realizar sua candidatura at\u00e9 o dia 1\u00ba de agosto de 2022, no site da banca organizadora, <a href=\"https:\/\/www.ibfc.org.br\/\" target=\"_blank\" rel=\"noreferrer noopener\">IBFC<\/a>. A taxa foi definida em&nbsp;R$ 188,00.<\/p>\n\n\n\n<p>As oportunidades s\u00e3o de n\u00edvel superior de forma\u00e7\u00e3o, com sal\u00e1rios iniciais de <strong>R$ 5.357,73<\/strong>. <\/p>\n\n\n\n<ul class=\"has-very-light-gray-to-cyan-bluish-gray-gradient-background has-background wp-block-list\"><li><strong style=\"background-color: initial; color: initial;\">Banca:<\/strong> IBFC<\/li><li><strong>Vagas:<\/strong> 132 <\/li><li><strong>Cargo<\/strong>: Oficial Combatente <\/li><li><strong>Sal\u00e1rio inicial:<\/strong> R$ 5.357,73<\/li><li><strong>Editais<\/strong>: <a href=\"https:\/\/dhg1h5j42swfq.cloudfront.net\/2022\/07\/01055947\/edital-concurso-pm-rn.pdf\" target=\"_blank\" rel=\"noreferrer noopener nofollow\">PM RN Oficial<\/a><\/li><\/ul>\n\n\n\n<div class=\"container\" id=\"boxes\">\n  <div class=\"row\"> \n\n    <div class=\"col-sm\">\n      <div class=\"banner-policial\" id=\"box-assinatura\">\n        <h3 class=\"titulo-assinatura\">Concurso PM RN<\/h3>\n        <p class=\"subtitulo-assinatura\">Conhe\u00e7a os cursos<\/p>\n        <div class=\"box-botao\">\n          <a class=\"btn-assinatura\" target=\"_blank\" href=\"https:\/\/www.estrategiaconcursos.com.br\/cursosPorConcurso\/policia-militar-rn\/\" role=\"button\" rel=\"noopener noreferrer\">Conhe\u00e7a mais<\/a>\n        <\/div>\n      <\/div>\n     \n\n  <\/div>\n<\/div><\/div>\n\n\n\n<h2 class=\"wp-block-heading\" id=\"datas\">Principais datas do edital PM RN Oficial<\/h2>\n\n\n\n<p class=\"has-very-light-gray-background-color has-background\"><strong>Inscri\u00e7\u00f5es<\/strong>: <s>04 de julho a 1\u00ba de agosto<\/s><br \/><strong>Isen\u00e7\u00e3o da taxa<\/strong>: <s>04 a 06 de julho<\/s><br \/><strong>\u00daltimo dia para pagamento<\/strong>: <s>02 de agosto<\/s><br \/><strong>Prova<\/strong>: 04 de setembro <\/p>\n\n\n\n<h2 class=\"wp-block-heading\" id=\"cargos-vagas\">Cargos e vagas do edital PM RN Oficial<\/h2>\n\n\n\n<p>O&nbsp;edital<strong> <\/strong>oferece 132 vagas para o ingresso no Curso de Forma\u00e7\u00e3o de Oficiais PM.<\/p>\n\n\n\n<figure class=\"wp-block-table is-style-stripes\"><table class=\"has-background has-fixed-layout\" style=\"background-color:#eeeeee\"><thead><tr><th class=\"has-text-align-center\" data-align=\"center\">Cargo<\/th><th class=\"has-text-align-center\" data-align=\"center\">Vagas<\/th><th class=\"has-text-align-center\" data-align=\"center\">Sal\u00e1rio<\/th><\/tr><\/thead><tbody><tr><td class=\"has-text-align-center\" data-align=\"center\">Aluno Oficial PM<\/td><td class=\"has-text-align-center\" data-align=\"center\">132<\/td><td class=\"has-text-align-center\" data-align=\"center\">R$ 5.357,73<\/td><\/tr><\/tbody><\/table><\/figure>\n\n\n\n<p>Para concorrer \u00e9 necess\u00e1rio bacharelado em Direito para Policiais Militares do Rio Grande do Norte.<\/p>\n\n\n\n<h2 class=\"wp-block-heading\" id=\"etapas\">Etapas e provas do edital PM RN Oficial<\/h2>\n\n\n\n<p>A sele\u00e7\u00e3o dos candidatos inscritos se dar\u00e1 mediante aplica\u00e7\u00e3o das seguintes etapas:<\/p>\n\n\n\n<div class=\"wp-block-image\"><figure class=\"aligncenter size-full\"><img loading=\"lazy\" decoding=\"async\" width=\"722\" height=\"164\" src=\"https:\/\/dhg1h5j42swfq.cloudfront.net\/2022\/07\/01060920\/pm-rn-estapas-de-prova.jpg\" alt=\"Concurso PM RN Oficial: etapas \" class=\"wp-image-1053618\" srcset=\"https:\/\/dhg1h5j42swfq.cloudfront.net\/2022\/07\/01060920\/pm-rn-estapas-de-prova.jpg 722w, https:\/\/dhg1h5j42swfq.cloudfront.net\/2022\/07\/01060920\/pm-rn-estapas-de-prova-300x68.jpg 300w, https:\/\/dhg1h5j42swfq.cloudfront.net\/2022\/07\/01060920\/pm-rn-estapas-de-prova-610x139.jpg 610w\" sizes=\"auto, (max-width: 722px) 100vw, 722px\" \/><figcaption>Concurso PM RN Oficial: etapas <\/figcaption><\/figure><\/div>\n\n\n\n<p>O Exame Intelectual (Provas Objetiva e Discursiva) ser\u00e1 realizado nas cidades de Caic\u00f3, Natal, Mossor\u00f3 e Pau dos Ferros.<\/p>\n\n\n\n<h3 class=\"wp-block-heading\" id=\"prova-objetiva\">Prova objetiva <\/h3>\n\n\n\n<p>A prova objetiva do <strong>edital PM RN Oficial<\/strong> ser\u00e1 aplicada na data de 04 de setembro de 2022. A prova \u00e9 de m\u00faltipla escolha, sendo que cada quest\u00e3o conter\u00e1 05\u00a0alternativas e apenas uma correta.<\/p>\n\n\n\n<div class=\"wp-block-image\"><figure class=\"aligncenter size-full\"><img loading=\"lazy\" decoding=\"async\" width=\"955\" height=\"276\" src=\"https:\/\/dhg1h5j42swfq.cloudfront.net\/2022\/07\/01084143\/image-1.png\" alt=\"Quadro de prova objetiva do edital PM RN\" class=\"wp-image-1053717\" srcset=\"https:\/\/dhg1h5j42swfq.cloudfront.net\/2022\/07\/01084143\/image-1.png 955w, https:\/\/dhg1h5j42swfq.cloudfront.net\/2022\/07\/01084143\/image-1-300x87.png 300w, https:\/\/dhg1h5j42swfq.cloudfront.net\/2022\/07\/01084143\/image-1-768x222.png 768w, https:\/\/dhg1h5j42swfq.cloudfront.net\/2022\/07\/01084143\/image-1-610x176.png 610w\" sizes=\"auto, (max-width: 955px) 100vw, 955px\" \/><figcaption>Quadro de prova objetiva do edital PM RN<\/figcaption><\/figure><\/div>\n\n\n\n<p>A Prova Objetiva ser\u00e1 avaliada na escala de 0 a 90 pontos, considerando-se HABILITADO nesta etapa o candidato que, cumulativamente:<\/p>\n\n\n\n<ul class=\"wp-block-list\"><li>a) tenha acertado, no m\u00ednimo, 40% por disciplina (4 pontos);<\/li><li>b) tenha acertado, no m\u00ednimo, 60% do total de pontos da Prova Objetiva (54 pontos).<\/li><\/ul>\n\n\n\n<h3 class=\"wp-block-heading\" id=\"prova-discursiva\">Prova discursiva<\/h3>\n\n\n\n<p>Somente ser\u00e3o corrigidas as Provas Discursivas dos candidatos que foram habilitados na Prova Objetiva e que estejam classificados dentro do limite de 3 vezes do total de vagas.<\/p>\n\n\n\n<p>A prova discursiva ser\u00e1 constitu\u00edda de uma Reda\u00e7\u00e3o, cujo tema ser\u00e1 fornecido no momento da Prova Objetiva. Para seu desenvolvimento, o candidato dever\u00e1 redigir de 20 a 30 linhas.<\/p>\n\n\n\n<p>A Discursiva ter\u00e1 car\u00e1ter eliminat\u00f3rio e classificat\u00f3rio e ser\u00e1 avaliada na escala de 0 a 10 pontos, considerando-se HABILITADO o candidato que nela obtiver nota igual ou superior a 6 pontos.<\/p>\n\n\n\n<h3 class=\"wp-block-heading\" id=\"teste-aptidao-fisica\">Teste de Aptid\u00e3o F\u00edsica<\/h3>\n\n\n\n<p>Essa etapa consistir\u00e1 na execu\u00e7\u00e3o dos testes de barra fixa, Teste Shuttle Run, Abdominal tipo remador e Corrida \u2013 12 minutos. <\/p>\n\n\n\n<div class=\"wp-block-image\"><figure class=\"aligncenter size-full\"><img loading=\"lazy\" decoding=\"async\" width=\"949\" height=\"169\" src=\"https:\/\/dhg1h5j42swfq.cloudfront.net\/2022\/07\/01084936\/image-2.png\" alt=\"Quadro do TAF do edital PM RN Oficial\" class=\"wp-image-1053734\" srcset=\"https:\/\/dhg1h5j42swfq.cloudfront.net\/2022\/07\/01084936\/image-2.png 949w, https:\/\/dhg1h5j42swfq.cloudfront.net\/2022\/07\/01084936\/image-2-300x53.png 300w, https:\/\/dhg1h5j42swfq.cloudfront.net\/2022\/07\/01084936\/image-2-768x137.png 768w, https:\/\/dhg1h5j42swfq.cloudfront.net\/2022\/07\/01084936\/image-2-610x109.png 610w\" sizes=\"auto, (max-width: 949px) 100vw, 949px\" \/><figcaption>Quadro do TAF do edital PM RN Oficial<\/figcaption><\/figure><\/div>\n\n\n\n<h3 class=\"wp-block-heading\" id=\"avaliacao-psicologica\">Avalia\u00e7\u00e3o Psicol\u00f3gica<\/h3>\n\n\n\n<p>Essa etapa acontecer\u00e1 em&nbsp;<strong>23 de outubro de 2022<\/strong>&nbsp;e tem o o intuito de avaliar o perfil psicol\u00f3gico do candidato, a fim de verificar sua capacidade de adapta\u00e7\u00e3o e seu potencial de desempenho positivo, ser\u00e3o definidos segundo os crit\u00e9rios objetivos e os par\u00e2metros estabelecidos pela defini\u00e7\u00e3o do perfil profissiogr\u00e1fico, considerando: <\/p>\n\n\n\n<ul class=\"wp-block-list\"><li>Controle emocional frente as situa\u00e7\u00f5es de tens\u00e3o; <\/li><li>Ansiedade Situacional; <\/li><li>Indicadores de Impulsividade; <\/li><li>Express\u00e3o de Autoconfian\u00e7a; <\/li><li>Indicadores de resist\u00eancia a frustra\u00e7\u00e3o; <\/li><li>Intelig\u00eancia; <\/li><li>Elementos de manifesta\u00e7\u00e3o de Agressividade; <\/li><li>Motiva\u00e7\u00e3o e Disposi\u00e7\u00e3o para o trabalho; <\/li><li>Flu\u00eancia verbal; <\/li><li>Indicadores psicopatol\u00f3gicos; <\/li><li>Mem\u00f3ria e Aten\u00e7\u00e3o Concentrada.<\/li><\/ul>\n\n\n\n<h3 class=\"wp-block-heading\" id=\"avaliacao-de-titulos\">Avalia\u00e7\u00e3o de T\u00edtulos<\/h3>\n\n\n\n<p>Somente participar\u00e3o da etapa de Prova de T\u00edtulos os candidatos que forem aptos no Exame de Avalia\u00e7\u00e3o Psicol\u00f3gica.<\/p>\n\n\n\n<div class=\"wp-block-image\"><figure class=\"aligncenter size-full\"><img loading=\"lazy\" decoding=\"async\" width=\"947\" height=\"198\" src=\"https:\/\/dhg1h5j42swfq.cloudfront.net\/2022\/07\/01085332\/image-4.png\" alt=\"Quadro dos t\u00edtulos do edital PM RN Oficial\" class=\"wp-image-1053743\" srcset=\"https:\/\/dhg1h5j42swfq.cloudfront.net\/2022\/07\/01085332\/image-4.png 947w, https:\/\/dhg1h5j42swfq.cloudfront.net\/2022\/07\/01085332\/image-4-300x63.png 300w, https:\/\/dhg1h5j42swfq.cloudfront.net\/2022\/07\/01085332\/image-4-768x161.png 768w, https:\/\/dhg1h5j42swfq.cloudfront.net\/2022\/07\/01085332\/image-4-610x128.png 610w\" sizes=\"auto, (max-width: 947px) 100vw, 947px\" \/><figcaption>Quadro dos t\u00edtulos do edital PM RN Oficial<\/figcaption><\/figure><\/div>\n\n\n\n<h3 class=\"wp-block-heading\" id=\"investigacao\">Investiga\u00e7\u00e3o Social<\/h3>\n\n\n\n<p>A Investiga\u00e7\u00e3o Social tem como objetivo verificar se o candidato apresenta idoneidade moral e conduta compat\u00edveis com as responsabilidades do cargo, bem como averiguar a vida pregressa e atual do candidato, quer seja social, moral, profissional, escolar e demais aspectos de vida em sociedade, durante a realiza\u00e7\u00e3o do concurso p\u00fablico at\u00e9 a conclus\u00e3o do Curso de Forma\u00e7\u00e3o de Oficiais.<\/p>\n\n\n\n<p>Somente participar\u00e3o da etapa de Investiga\u00e7\u00e3o Social os candidatos que forem aptos no Exame de Avalia\u00e7\u00e3o Psicol\u00f3gica.<\/p>\n\n\n\n<h3 class=\"wp-block-heading\" id=\"curso-formacao\">Curso de Forma\u00e7\u00e3o<\/h3>\n\n\n\n<p>O Aluno Oficial que concluir o Curso de Forma\u00e7\u00e3o de Oficiais com aproveitamento ser\u00e1 lotado em qualquer lugar do estado do Rio Grande do Norte a crit\u00e9rio da PMRN.<\/p>\n\n\n\n<p class=\"has-text-align-center has-cyan-bluish-gray-background-color has-background has-medium-font-size\"><strong>Saiba mais: <a href=\"https:\/\/www.estrategiaconcursos.com.br\/blog\/concurso-pm-rn\/\" target=\"_blank\" rel=\"noreferrer noopener\">concurso PM RN<\/a><\/strong><\/p>\n\n\n\n<h2 class=\"has-text-align-center wp-block-heading\" id=\"h-quer-saber-tudo-sobre-concursos-previstos-confira-nossos-artigos\">Quer saber tudo sobre concursos previstos?<br \/>Confira  nossos artigos!<\/h2>\n\n\n\n<ul class=\"wp-block-list\"><li><a href=\"https:\/\/www.estrategiaconcursos.com.br\/blog\/concursos-abertos\/\" target=\"_blank\" rel=\"noreferrer noopener\">Concursos abertos<\/a><\/li><li><a href=\"https:\/\/www.estrategiaconcursos.com.br\/blog\/concursos-2022\/\" target=\"_blank\" rel=\"noreferrer noopener\">Concursos 2022<\/a><\/li><\/ul>\n\n\n\n<div class=\"container\" id=\"boxes\">\n  <div class=\"row\"> \n\n    <div class=\"col-sm\">\n      <div class=\"banner-policial\" id=\"box-assinatura\">\n        <h3 class=\"titulo-assinatura\">Concurso PM RN<\/h3>\n        <p class=\"subtitulo-assinatura\">Conhe\u00e7a os cursos<\/p>\n        <div class=\"box-botao\">\n          <a class=\"btn-assinatura\" target=\"_blank\" href=\"https:\/\/www.estrategiaconcursos.com.br\/cursosPorConcurso\/policia-militar-rn\/\" role=\"button\" rel=\"noopener noreferrer\">Conhe\u00e7a mais<\/a>\n        <\/div>\n      <\/div>\n     \n\n  <\/div>\n<\/div><\/div>\n\n\n\n<div class=\"container\" id=\"boxes\">\n  <div class=\"row\">\n\n    <div class=\"col-sm\">\n      <div class=\"estrategia\" id=\"box-assinatura\">\n        <h3 class=\"titulo-assinatura\">Assinatura de Concursos<\/h3>\n        <p class=\"subtitulo-assinatura\">Assinatura de 1 ano ou 2 anos<\/p>\n        <div class=\"box-botao\">\n          <a class=\"btn-assinatura\" target=\"_blank\" href=\"https:\/\/www.estrategiaconcursos.com.br\/assinaturas\/\" role=\"button\" rel=\"noopener noreferrer\">ASSINE AGORA<\/a>\n        <\/div>\n      <\/div>\n     \n    <\/div><\/div><\/div>\n\n\n\n<figure class=\"wp-block-image size-large is-resized\"><img loading=\"lazy\" decoding=\"async\" src=\"https:\/\/dhg1h5j42swfq.cloudfront.net\/2025\/06\/27101122\/ficha-tecnica-1-1024x632.png\" alt=\"Ficha t\u00e9cnica\" class=\"wp-image-702728\" width=\"269\" height=\"166\" srcset=\"https:\/\/dhg1h5j42swfq.cloudfront.net\/2025\/06\/27101122\/ficha-tecnica-1-1024x632.png 1024w, https:\/\/dhg1h5j42swfq.cloudfront.net\/2025\/06\/27101122\/ficha-tecnica-1-300x185.png 300w, https:\/\/dhg1h5j42swfq.cloudfront.net\/2025\/06\/27101122\/ficha-tecnica-1-768x474.png 768w, https:\/\/dhg1h5j42swfq.cloudfront.net\/2025\/06\/27101122\/ficha-tecnica-1-1536x948.png 1536w, https:\/\/dhg1h5j42swfq.cloudfront.net\/2025\/06\/27101122\/ficha-tecnica-1-610x377.png 610w, https:\/\/dhg1h5j42swfq.cloudfront.net\/2025\/06\/27101122\/ficha-tecnica-1.png 1571w\" sizes=\"auto, (max-width: 269px) 100vw, 269px\" \/><\/figure>\n\n\n\n<h3 class=\"wp-block-heading\" id=\"block-ba1614b5-988b-41ef-892d-f4c9f7e9dd42\">Informa\u00e7\u00f5es do edital PM RN<\/h3>\n\n\n\n<ul class=\"wp-block-list\" id=\"block-46dd482c-33cf-409c-8762-75c111403f14\"><li><strong style=\"color: initial;\">Provas<\/strong><span style=\"color: initial;\">: 04\/09\/2022<\/span><\/li><li><strong>Vagas<\/strong>: 132<\/li><li><strong>Cargos<\/strong>: Oficial Combatente <\/li><li><strong>Banca<\/strong>: IBFC<\/li><li><strong>Escolaridade<\/strong>: Superior <\/li><li><strong>Edital<\/strong>:&nbsp;<a href=\"https:\/\/dhg1h5j42swfq.cloudfront.net\/2022\/07\/01055947\/edital-concurso-pm-rn.pdf\" target=\"_blank\" rel=\"noreferrer noopener nofollow\">PM RN Oficial<\/a><\/li><\/ul>\n","protected":false},"excerpt":{"rendered":"<p>O edital PM RN Oficial (Pol\u00edcia Militar do Rio Grande do Norte) est\u00e1 com as inscri\u00e7\u00f5es encerradas! S\u00e3o ofertadas 132 vagas para o ingresso no Curso de Forma\u00e7\u00e3o de Oficiais PM. Os interessados em participar da sele\u00e7\u00e3o puderam realizar sua candidatura at\u00e9 o dia 1\u00ba de agosto de 2022, no site da banca organizadora, IBFC. [&hellip;]<\/p>\n","protected":false},"author":2375,"featured_media":1053604,"comment_status":"open","ping_status":"closed","sticky":false,"template":"","format":"standard","meta":{"post_tipo":"news","footnotes":""},"categories":[220186,220219],"tags":[],"tax_estado":[219983],"class_list":["post-1053602","post","type-post","status-publish","format-standard","has-post-thumbnail","hentry","category-policial-oficial","category-noticias","tax_estado-rn"],"acf":[],"yoast_head":"<!-- This site is optimized with the Yoast SEO Premium plugin v27.2 (Yoast SEO v27.2) - https:\/\/yoast.com\/product\/yoast-seo-premium-wordpress\/ -->\n<title>Edital PM-RN Oficial: Inscri\u00e7\u00f5es para concurso est\u00e3o encerradas!<\/title>\n<meta name=\"description\" content=\"Edital PM-RN Oficial \u00e9 publicado com 132 vagas para cargos de n\u00edvel superior. Inscri\u00e7\u00f5es encerradas! Acesse e confira os detalhes.\" \/>\n<meta name=\"robots\" content=\"index, follow, max-snippet:-1, max-image-preview:large, max-video-preview:-1\" \/>\n<link rel=\"canonical\" href=\"https:\/\/www.estrategiaconcursos.com.br\/blog\/concurso-pm-rn-oficial-2022-edital-publicado\/\" \/>\n<meta property=\"og:locale\" content=\"pt_BR\" \/>\n<meta property=\"og:type\" content=\"article\" \/>\n<meta property=\"og:title\" content=\"Edital PM RN Oficial: inscri\u00e7\u00f5es encerradas para 132 vagas\" \/>\n<meta property=\"og:description\" content=\"Edital PM-RN Oficial \u00e9 publicado com 132 vagas para cargos de n\u00edvel superior. Inscri\u00e7\u00f5es encerradas! Acesse e confira os detalhes.\" \/>\n<meta property=\"og:url\" content=\"https:\/\/www.estrategiaconcursos.com.br\/blog\/concurso-pm-rn-oficial-2022-edital-publicado\/\" \/>\n<meta property=\"og:site_name\" content=\"Estrat\u00e9gia Concursos\" \/>\n<meta property=\"article:published_time\" content=\"2022-08-02T09:03:00+00:00\" \/>\n<meta property=\"article:modified_time\" content=\"2022-08-03T16:07:48+00:00\" \/>\n<meta property=\"og:image\" content=\"https:\/\/dhg1h5j42swfq.cloudfront.net\/2022\/07\/01060125\/edital-concurso-pm-rn-oficial.jpg\" \/>\n\t<meta property=\"og:image:width\" content=\"300\" \/>\n\t<meta property=\"og:image:height\" content=\"169\" \/>\n\t<meta property=\"og:image:type\" content=\"image\/jpeg\" \/>\n<meta name=\"author\" content=\"Priscila Almeida\" \/>\n<meta name=\"twitter:card\" content=\"summary_large_image\" \/>\n<meta name=\"twitter:creator\" content=\"@EstratConcursos\" \/>\n<meta name=\"twitter:site\" content=\"@EstratConcursos\" \/>\n<meta name=\"twitter:label1\" content=\"Escrito por\" \/>\n\t<meta name=\"twitter:data1\" content=\"Priscila Almeida\" \/>\n\t<meta name=\"twitter:label2\" content=\"Est. tempo de leitura\" \/>\n\t<meta name=\"twitter:data2\" content=\"6 minutos\" \/>\n<script type=\"application\/ld+json\" class=\"yoast-schema-graph\">{\"@context\":\"https:\/\/schema.org\",\"@graph\":[{\"@type\":\"NewsArticle\",\"@id\":\"https:\/\/www.estrategiaconcursos.com.br\/blog\/concurso-pm-rn-oficial-2022-edital-publicado\/#article\",\"isPartOf\":{\"@id\":\"https:\/\/www.estrategiaconcursos.com.br\/blog\/concurso-pm-rn-oficial-2022-edital-publicado\/\"},\"author\":{\"name\":\"Priscila Almeida\",\"@id\":\"https:\/\/www.estrategiaconcursos.com.br\/blog\/#\/schema\/person\/a06e841e501f2e1d8c49c4e8f066bfd1\"},\"headline\":\"Edital PM RN Oficial: inscri\u00e7\u00f5es encerradas para 132 vagas\",\"datePublished\":\"2022-08-02T09:03:00+00:00\",\"dateModified\":\"2022-08-03T16:07:48+00:00\",\"mainEntityOfPage\":{\"@id\":\"https:\/\/www.estrategiaconcursos.com.br\/blog\/concurso-pm-rn-oficial-2022-edital-publicado\/\"},\"wordCount\":778,\"commentCount\":0,\"publisher\":{\"@id\":\"https:\/\/www.estrategiaconcursos.com.br\/blog\/#organization\"},\"image\":{\"@id\":\"https:\/\/www.estrategiaconcursos.com.br\/blog\/concurso-pm-rn-oficial-2022-edital-publicado\/#primaryimage\"},\"thumbnailUrl\":\"https:\/\/dhg1h5j42swfq.cloudfront.net\/2022\/07\/01060125\/edital-concurso-pm-rn-oficial.jpg\",\"articleSection\":[\"Policial (PM\/BM - Oficial)\",\"\u00daltimas not\u00edcias\"],\"inLanguage\":\"pt-BR\",\"potentialAction\":[{\"@type\":\"CommentAction\",\"name\":\"Comment\",\"target\":[\"https:\/\/www.estrategiaconcursos.com.br\/blog\/concurso-pm-rn-oficial-2022-edital-publicado\/#respond\"]}],\"copyrightYear\":\"2022\",\"copyrightHolder\":{\"@id\":\"https:\/\/www.estrategiaconcursos.com.br\/blog\/#organization\"}},{\"@type\":\"WebPage\",\"@id\":\"https:\/\/www.estrategiaconcursos.com.br\/blog\/concurso-pm-rn-oficial-2022-edital-publicado\/\",\"url\":\"https:\/\/www.estrategiaconcursos.com.br\/blog\/concurso-pm-rn-oficial-2022-edital-publicado\/\",\"name\":\"Edital PM-RN Oficial: Inscri\u00e7\u00f5es para concurso est\u00e3o encerradas!\",\"isPartOf\":{\"@id\":\"https:\/\/www.estrategiaconcursos.com.br\/blog\/#website\"},\"primaryImageOfPage\":{\"@id\":\"https:\/\/www.estrategiaconcursos.com.br\/blog\/concurso-pm-rn-oficial-2022-edital-publicado\/#primaryimage\"},\"image\":{\"@id\":\"https:\/\/www.estrategiaconcursos.com.br\/blog\/concurso-pm-rn-oficial-2022-edital-publicado\/#primaryimage\"},\"thumbnailUrl\":\"https:\/\/dhg1h5j42swfq.cloudfront.net\/2022\/07\/01060125\/edital-concurso-pm-rn-oficial.jpg\",\"datePublished\":\"2022-08-02T09:03:00+00:00\",\"dateModified\":\"2022-08-03T16:07:48+00:00\",\"description\":\"Edital PM-RN Oficial \u00e9 publicado com 132 vagas para cargos de n\u00edvel superior. Inscri\u00e7\u00f5es encerradas! Acesse e confira os detalhes.\",\"breadcrumb\":{\"@id\":\"https:\/\/www.estrategiaconcursos.com.br\/blog\/concurso-pm-rn-oficial-2022-edital-publicado\/#breadcrumb\"},\"inLanguage\":\"pt-BR\",\"potentialAction\":[{\"@type\":\"ReadAction\",\"target\":[\"https:\/\/www.estrategiaconcursos.com.br\/blog\/concurso-pm-rn-oficial-2022-edital-publicado\/\"]}]},{\"@type\":\"ImageObject\",\"inLanguage\":\"pt-BR\",\"@id\":\"https:\/\/www.estrategiaconcursos.com.br\/blog\/concurso-pm-rn-oficial-2022-edital-publicado\/#primaryimage\",\"url\":\"https:\/\/dhg1h5j42swfq.cloudfront.net\/2022\/07\/01060125\/edital-concurso-pm-rn-oficial.jpg\",\"contentUrl\":\"https:\/\/dhg1h5j42swfq.cloudfront.net\/2022\/07\/01060125\/edital-concurso-pm-rn-oficial.jpg\",\"width\":300,\"height\":169,\"caption\":\"concurso pm rn\"},{\"@type\":\"BreadcrumbList\",\"@id\":\"https:\/\/www.estrategiaconcursos.com.br\/blog\/concurso-pm-rn-oficial-2022-edital-publicado\/#breadcrumb\",\"itemListElement\":[{\"@type\":\"ListItem\",\"position\":1,\"name\":\"In\u00edcio\",\"item\":\"https:\/\/www.estrategiaconcursos.com.br\/blog\/\"},{\"@type\":\"ListItem\",\"position\":2,\"name\":\"Edital PM RN Oficial: inscri\u00e7\u00f5es encerradas para 132 vagas\"}]},{\"@type\":\"WebSite\",\"@id\":\"https:\/\/www.estrategiaconcursos.com.br\/blog\/#website\",\"url\":\"https:\/\/www.estrategiaconcursos.com.br\/blog\/\",\"name\":\"Estrat\u00e9gia Concursos\",\"description\":\"O blog da Estrat\u00e9gia Concursos traz not\u00edcias sobre concursos e artigos de professores oferecendo cursos para concursos (pdf + videaulas) no site.\",\"publisher\":{\"@id\":\"https:\/\/www.estrategiaconcursos.com.br\/blog\/#organization\"},\"potentialAction\":[{\"@type\":\"SearchAction\",\"target\":{\"@type\":\"EntryPoint\",\"urlTemplate\":\"https:\/\/www.estrategiaconcursos.com.br\/blog\/?s={search_term_string}\"},\"query-input\":{\"@type\":\"PropertyValueSpecification\",\"valueRequired\":true,\"valueName\":\"search_term_string\"}}],\"inLanguage\":\"pt-BR\"},{\"@type\":\"Organization\",\"@id\":\"https:\/\/www.estrategiaconcursos.com.br\/blog\/#organization\",\"name\":\"Estrat\u00e9gia Concursos\",\"url\":\"https:\/\/www.estrategiaconcursos.com.br\/blog\/\",\"logo\":{\"@type\":\"ImageObject\",\"inLanguage\":\"pt-BR\",\"@id\":\"https:\/\/www.estrategiaconcursos.com.br\/blog\/#\/schema\/logo\/image\/\",\"url\":\"https:\/\/dhg1h5j42swfq.cloudfront.net\/2025\/06\/03203428\/logo_concursos-1.jpg\",\"contentUrl\":\"https:\/\/dhg1h5j42swfq.cloudfront.net\/2025\/06\/03203428\/logo_concursos-1.jpg\",\"width\":230,\"height\":60,\"caption\":\"Estrat\u00e9gia Concursos\"},\"image\":{\"@id\":\"https:\/\/www.estrategiaconcursos.com.br\/blog\/#\/schema\/logo\/image\/\"},\"sameAs\":[\"https:\/\/x.com\/EstratConcursos\"]},{\"@type\":\"Person\",\"@id\":\"https:\/\/www.estrategiaconcursos.com.br\/blog\/#\/schema\/person\/a06e841e501f2e1d8c49c4e8f066bfd1\",\"name\":\"Priscila Almeida\",\"image\":{\"@type\":\"ImageObject\",\"inLanguage\":\"pt-BR\",\"@id\":\"https:\/\/secure.gravatar.com\/avatar\/0a963c9e2a947fa675b669cea2b5d0ba6dd1cbf46b966190343b6c9973ad3337?s=96&d=mm&r=g\",\"url\":\"https:\/\/secure.gravatar.com\/avatar\/0a963c9e2a947fa675b669cea2b5d0ba6dd1cbf46b966190343b6c9973ad3337?s=96&d=mm&r=g\",\"contentUrl\":\"https:\/\/secure.gravatar.com\/avatar\/0a963c9e2a947fa675b669cea2b5d0ba6dd1cbf46b966190343b6c9973ad3337?s=96&d=mm&r=g\",\"caption\":\"Priscila Almeida\"},\"description\":\"Atua na \u00e1rea de concursos p\u00fablicos desde 2019. As editorias que mais t\u00eam familiaridade s\u00e3o: Tribunais (TJs; TRTs; TREs; TSTs; STJ, STF, STM e TSE); Defensorias; Minist\u00e9rios P\u00fablicos; Procuradorias; Educa\u00e7\u00e3o e Conselhos. Na \u00e1rea de comunica\u00e7\u00e3o, de maneira geral, a caminhada \u00e9 um pouco mais longa - desde 2007. Possui experi\u00eancia em reda\u00e7\u00f5es de r\u00e1dio, TV, Web e impresso, al\u00e9m de desenvolver trabalhos em assessorias de comunica\u00e7\u00e3o institucional, empresarial e p\u00fablicas. Entre outros trabalhos, se destacam a atua\u00e7\u00e3o nas \u00e1reas de Justi\u00e7a, Congresso, Esportes, Sa\u00fade, Agropecu\u00e1ria, Cidades e Avia\u00e7\u00e3o Civil.\",\"url\":\"https:\/\/www.estrategiaconcursos.com.br\/blog\/author\/priscila-almeidaestrategia-com\/\"}]}<\/script>\n<!-- \/ Yoast SEO Premium plugin. -->","yoast_head_json":{"title":"Edital PM-RN Oficial: Inscri\u00e7\u00f5es para concurso est\u00e3o encerradas!","description":"Edital PM-RN Oficial \u00e9 publicado com 132 vagas para cargos de n\u00edvel superior. Inscri\u00e7\u00f5es encerradas! Acesse e confira os detalhes.","robots":{"index":"index","follow":"follow","max-snippet":"max-snippet:-1","max-image-preview":"max-image-preview:large","max-video-preview":"max-video-preview:-1"},"canonical":"https:\/\/www.estrategiaconcursos.com.br\/blog\/concurso-pm-rn-oficial-2022-edital-publicado\/","og_locale":"pt_BR","og_type":"article","og_title":"Edital PM RN Oficial: inscri\u00e7\u00f5es encerradas para 132 vagas","og_description":"Edital PM-RN Oficial \u00e9 publicado com 132 vagas para cargos de n\u00edvel superior. Inscri\u00e7\u00f5es encerradas! Acesse e confira os detalhes.","og_url":"https:\/\/www.estrategiaconcursos.com.br\/blog\/concurso-pm-rn-oficial-2022-edital-publicado\/","og_site_name":"Estrat\u00e9gia Concursos","article_published_time":"2022-08-02T09:03:00+00:00","article_modified_time":"2022-08-03T16:07:48+00:00","og_image":[{"width":300,"height":169,"url":"https:\/\/dhg1h5j42swfq.cloudfront.net\/2022\/07\/01060125\/edital-concurso-pm-rn-oficial.jpg","type":"image\/jpeg"}],"author":"Priscila Almeida","twitter_card":"summary_large_image","twitter_creator":"@EstratConcursos","twitter_site":"@EstratConcursos","twitter_misc":{"Escrito por":"Priscila Almeida","Est. tempo de leitura":"6 minutos"},"schema":{"@context":"https:\/\/schema.org","@graph":[{"@type":"NewsArticle","@id":"https:\/\/www.estrategiaconcursos.com.br\/blog\/concurso-pm-rn-oficial-2022-edital-publicado\/#article","isPartOf":{"@id":"https:\/\/www.estrategiaconcursos.com.br\/blog\/concurso-pm-rn-oficial-2022-edital-publicado\/"},"author":{"name":"Priscila Almeida","@id":"https:\/\/www.estrategiaconcursos.com.br\/blog\/#\/schema\/person\/a06e841e501f2e1d8c49c4e8f066bfd1"},"headline":"Edital PM RN Oficial: inscri\u00e7\u00f5es encerradas para 132 vagas","datePublished":"2022-08-02T09:03:00+00:00","dateModified":"2022-08-03T16:07:48+00:00","mainEntityOfPage":{"@id":"https:\/\/www.estrategiaconcursos.com.br\/blog\/concurso-pm-rn-oficial-2022-edital-publicado\/"},"wordCount":778,"commentCount":0,"publisher":{"@id":"https:\/\/www.estrategiaconcursos.com.br\/blog\/#organization"},"image":{"@id":"https:\/\/www.estrategiaconcursos.com.br\/blog\/concurso-pm-rn-oficial-2022-edital-publicado\/#primaryimage"},"thumbnailUrl":"https:\/\/dhg1h5j42swfq.cloudfront.net\/2022\/07\/01060125\/edital-concurso-pm-rn-oficial.jpg","articleSection":["Policial (PM\/BM - Oficial)","\u00daltimas not\u00edcias"],"inLanguage":"pt-BR","potentialAction":[{"@type":"CommentAction","name":"Comment","target":["https:\/\/www.estrategiaconcursos.com.br\/blog\/concurso-pm-rn-oficial-2022-edital-publicado\/#respond"]}],"copyrightYear":"2022","copyrightHolder":{"@id":"https:\/\/www.estrategiaconcursos.com.br\/blog\/#organization"}},{"@type":"WebPage","@id":"https:\/\/www.estrategiaconcursos.com.br\/blog\/concurso-pm-rn-oficial-2022-edital-publicado\/","url":"https:\/\/www.estrategiaconcursos.com.br\/blog\/concurso-pm-rn-oficial-2022-edital-publicado\/","name":"Edital PM-RN Oficial: Inscri\u00e7\u00f5es para concurso est\u00e3o encerradas!","isPartOf":{"@id":"https:\/\/www.estrategiaconcursos.com.br\/blog\/#website"},"primaryImageOfPage":{"@id":"https:\/\/www.estrategiaconcursos.com.br\/blog\/concurso-pm-rn-oficial-2022-edital-publicado\/#primaryimage"},"image":{"@id":"https:\/\/www.estrategiaconcursos.com.br\/blog\/concurso-pm-rn-oficial-2022-edital-publicado\/#primaryimage"},"thumbnailUrl":"https:\/\/dhg1h5j42swfq.cloudfront.net\/2022\/07\/01060125\/edital-concurso-pm-rn-oficial.jpg","datePublished":"2022-08-02T09:03:00+00:00","dateModified":"2022-08-03T16:07:48+00:00","description":"Edital PM-RN Oficial \u00e9 publicado com 132 vagas para cargos de n\u00edvel superior. Inscri\u00e7\u00f5es encerradas! Acesse e confira os detalhes.","breadcrumb":{"@id":"https:\/\/www.estrategiaconcursos.com.br\/blog\/concurso-pm-rn-oficial-2022-edital-publicado\/#breadcrumb"},"inLanguage":"pt-BR","potentialAction":[{"@type":"ReadAction","target":["https:\/\/www.estrategiaconcursos.com.br\/blog\/concurso-pm-rn-oficial-2022-edital-publicado\/"]}]},{"@type":"ImageObject","inLanguage":"pt-BR","@id":"https:\/\/www.estrategiaconcursos.com.br\/blog\/concurso-pm-rn-oficial-2022-edital-publicado\/#primaryimage","url":"https:\/\/dhg1h5j42swfq.cloudfront.net\/2022\/07\/01060125\/edital-concurso-pm-rn-oficial.jpg","contentUrl":"https:\/\/dhg1h5j42swfq.cloudfront.net\/2022\/07\/01060125\/edital-concurso-pm-rn-oficial.jpg","width":300,"height":169,"caption":"concurso pm rn"},{"@type":"BreadcrumbList","@id":"https:\/\/www.estrategiaconcursos.com.br\/blog\/concurso-pm-rn-oficial-2022-edital-publicado\/#breadcrumb","itemListElement":[{"@type":"ListItem","position":1,"name":"In\u00edcio","item":"https:\/\/www.estrategiaconcursos.com.br\/blog\/"},{"@type":"ListItem","position":2,"name":"Edital PM RN Oficial: inscri\u00e7\u00f5es encerradas para 132 vagas"}]},{"@type":"WebSite","@id":"https:\/\/www.estrategiaconcursos.com.br\/blog\/#website","url":"https:\/\/www.estrategiaconcursos.com.br\/blog\/","name":"Estrat\u00e9gia Concursos","description":"O blog da Estrat\u00e9gia Concursos traz not\u00edcias sobre concursos e artigos de professores oferecendo cursos para concursos (pdf + videaulas) no site.","publisher":{"@id":"https:\/\/www.estrategiaconcursos.com.br\/blog\/#organization"},"potentialAction":[{"@type":"SearchAction","target":{"@type":"EntryPoint","urlTemplate":"https:\/\/www.estrategiaconcursos.com.br\/blog\/?s={search_term_string}"},"query-input":{"@type":"PropertyValueSpecification","valueRequired":true,"valueName":"search_term_string"}}],"inLanguage":"pt-BR"},{"@type":"Organization","@id":"https:\/\/www.estrategiaconcursos.com.br\/blog\/#organization","name":"Estrat\u00e9gia Concursos","url":"https:\/\/www.estrategiaconcursos.com.br\/blog\/","logo":{"@type":"ImageObject","inLanguage":"pt-BR","@id":"https:\/\/www.estrategiaconcursos.com.br\/blog\/#\/schema\/logo\/image\/","url":"https:\/\/dhg1h5j42swfq.cloudfront.net\/2025\/06\/03203428\/logo_concursos-1.jpg","contentUrl":"https:\/\/dhg1h5j42swfq.cloudfront.net\/2025\/06\/03203428\/logo_concursos-1.jpg","width":230,"height":60,"caption":"Estrat\u00e9gia Concursos"},"image":{"@id":"https:\/\/www.estrategiaconcursos.com.br\/blog\/#\/schema\/logo\/image\/"},"sameAs":["https:\/\/x.com\/EstratConcursos"]},{"@type":"Person","@id":"https:\/\/www.estrategiaconcursos.com.br\/blog\/#\/schema\/person\/a06e841e501f2e1d8c49c4e8f066bfd1","name":"Priscila Almeida","image":{"@type":"ImageObject","inLanguage":"pt-BR","@id":"https:\/\/secure.gravatar.com\/avatar\/0a963c9e2a947fa675b669cea2b5d0ba6dd1cbf46b966190343b6c9973ad3337?s=96&d=mm&r=g","url":"https:\/\/secure.gravatar.com\/avatar\/0a963c9e2a947fa675b669cea2b5d0ba6dd1cbf46b966190343b6c9973ad3337?s=96&d=mm&r=g","contentUrl":"https:\/\/secure.gravatar.com\/avatar\/0a963c9e2a947fa675b669cea2b5d0ba6dd1cbf46b966190343b6c9973ad3337?s=96&d=mm&r=g","caption":"Priscila Almeida"},"description":"Atua na \u00e1rea de concursos p\u00fablicos desde 2019. As editorias que mais t\u00eam familiaridade s\u00e3o: Tribunais (TJs; TRTs; TREs; TSTs; STJ, STF, STM e TSE); Defensorias; Minist\u00e9rios P\u00fablicos; Procuradorias; Educa\u00e7\u00e3o e Conselhos. Na \u00e1rea de comunica\u00e7\u00e3o, de maneira geral, a caminhada \u00e9 um pouco mais longa - desde 2007. Possui experi\u00eancia em reda\u00e7\u00f5es de r\u00e1dio, TV, Web e impresso, al\u00e9m de desenvolver trabalhos em assessorias de comunica\u00e7\u00e3o institucional, empresarial e p\u00fablicas. Entre outros trabalhos, se destacam a atua\u00e7\u00e3o nas \u00e1reas de Justi\u00e7a, Congresso, Esportes, Sa\u00fade, Agropecu\u00e1ria, Cidades e Avia\u00e7\u00e3o Civil.","url":"https:\/\/www.estrategiaconcursos.com.br\/blog\/author\/priscila-almeidaestrategia-com\/"}]}},"_links":{"self":[{"href":"https:\/\/www.estrategiaconcursos.com.br\/blog\/wp-json\/wp\/v2\/posts\/1053602","targetHints":{"allow":["GET"]}}],"collection":[{"href":"https:\/\/www.estrategiaconcursos.com.br\/blog\/wp-json\/wp\/v2\/posts"}],"about":[{"href":"https:\/\/www.estrategiaconcursos.com.br\/blog\/wp-json\/wp\/v2\/types\/post"}],"author":[{"embeddable":true,"href":"https:\/\/www.estrategiaconcursos.com.br\/blog\/wp-json\/wp\/v2\/users\/2375"}],"replies":[{"embeddable":true,"href":"https:\/\/www.estrategiaconcursos.com.br\/blog\/wp-json\/wp\/v2\/comments?post=1053602"}],"version-history":[{"count":26,"href":"https:\/\/www.estrategiaconcursos.com.br\/blog\/wp-json\/wp\/v2\/posts\/1053602\/revisions"}],"predecessor-version":[{"id":1071208,"href":"https:\/\/www.estrategiaconcursos.com.br\/blog\/wp-json\/wp\/v2\/posts\/1053602\/revisions\/1071208"}],"wp:featuredmedia":[{"embeddable":true,"href":"https:\/\/www.estrategiaconcursos.com.br\/blog\/wp-json\/wp\/v2\/media\/1053604"}],"wp:attachment":[{"href":"https:\/\/www.estrategiaconcursos.com.br\/blog\/wp-json\/wp\/v2\/media?parent=1053602"}],"wp:term":[{"taxonomy":"category","embeddable":true,"href":"https:\/\/www.estrategiaconcursos.com.br\/blog\/wp-json\/wp\/v2\/categories?post=1053602"},{"taxonomy":"post_tag","embeddable":true,"href":"https:\/\/www.estrategiaconcursos.com.br\/blog\/wp-json\/wp\/v2\/tags?post=1053602"},{"taxonomy":"tax_estado","embeddable":true,"href":"https:\/\/www.estrategiaconcursos.com.br\/blog\/wp-json\/wp\/v2\/tax_estado?post=1053602"}],"curies":[{"name":"wp","href":"https:\/\/api.w.org\/{rel}","templated":true}]}}