{"id":1053509,"date":"2022-06-30T19:09:24","date_gmt":"2022-06-30T22:09:24","guid":{"rendered":"https:\/\/www.estrategiaconcursos.com.br\/blog\/?p=1053509"},"modified":"2022-07-05T18:01:59","modified_gmt":"2022-07-05T21:01:59","slug":"concurso-publico-06-editais-foram-publicados-hoje-30-06","status":"publish","type":"post","link":"https:\/\/www.estrategiaconcursos.com.br\/blog\/concurso-publico-06-editais-foram-publicados-hoje-30-06\/","title":{"rendered":"Concurso P\u00fablico: 06 editais foram publicados hoje (30\/06)"},"content":{"rendered":"\n<p>Nesta quinta-feira, <strong>seis editais <\/strong>de concurso p\u00fablico e processo seletivo foram publicados. Juntos, ofertam<strong> 416 vagas<\/strong> imediatas mais CR.<\/p>\n\n\n\n<p>As vagas se distribuem entre cargos de n\u00edveis <strong>fundamental, m\u00e9dio<\/strong> e <strong>superior<\/strong> por todo o pa\u00eds.<\/p>\n\n\n\n<p>Confira os principais detalhes dos<strong> editais publicados HOJE<\/strong>, como <a href=\"https:\/\/www.estrategiaconcursos.com.br\/blog\/concursos-abertos\/\" target=\"_blank\" rel=\"noreferrer noopener\">data de inscri\u00e7\u00e3o<\/a> e de aplica\u00e7\u00e3o da prova, banca organizadora, cursos e muito mais ao longo deste artigo!<\/p>\n\n\n\n<div class=\"container\" id=\"boxes\">\n  <div class=\"row\">\n\n    <div class=\"col-sm\">\n      <div class=\"banner-estrategia\" id=\"box-assinatura\">\n        <h3 class=\"titulo-assinatura\">Cursos para concursos<\/h3>\n        <p class=\"subtitulo-assinatura\">Estude conosco<\/p>\n        <div class=\"box-botao\">\n          <a class=\"btn-assinatura\" target=\"_blank\" href=\"https:\/\/www.estrategiaconcursos.com.br\/cursos\/\" role=\"button\" rel=\"noopener noreferrer\">Conhe\u00e7a os cursos<\/a>\n        <\/div>\n      <\/div>\n     \n    <\/div>\n\n  <\/div>\n<\/div>\n\n\n\n<h2 class=\"has-text-align-center has-cyan-bluish-gray-background-color has-background wp-block-heading\" id=\"h-concurso-publico-editais-publicados\">Concurso p\u00fablico &#8211; editais publicados:<\/h2>\n\n\n\n<h3 class=\"wp-block-heading\" id=\"h-concurso-sefaz-ap\"><a href=\"https:\/\/www.estrategiaconcursos.com.br\/blog\/concurso-sefaz-ap\/\" target=\"_blank\" rel=\"noreferrer noopener\">Concurso Sefaz AP<\/a><\/h3>\n\n\n\n<ul class=\"wp-block-list\"><li><strong>Banca:<\/strong>&nbsp;<a href=\"https:\/\/www.concursosfcc.com.br\/concursos\/seaap322\/index.html\" target=\"_blank\" rel=\"noreferrer noopener\">FCC<\/a><\/li><li><strong>Per\u00edodo de inscri\u00e7\u00f5es<\/strong>: 04\/07 a 08\/08\/2022<\/li><li><strong>Data da prova<\/strong>: 18\/09 (Fiscal) e 25\/09 (Auditor)<\/li><li><strong>Vagas:<\/strong> 250 CR<\/li><li><strong>Cargos:<\/strong>&nbsp;Auditor e Fiscal da Receita<\/li><li><strong>Remunera\u00e7\u00e3o<\/strong>: R$ 22.019,25<\/li><li><strong>Edital:<\/strong>&nbsp;<a href=\"https:\/\/dhg1h5j42swfq.cloudfront.net\/2022\/06\/30161754\/seaap322_edital_de_abertura_de_inscricoes__final_29_06_2022.pdf\" target=\"_blank\" rel=\"noreferrer noopener nofollow\">Sefaz AP 2022<\/a><\/li><li><a href=\"https:\/\/www.estrategiaconcursos.com.br\/cursosPorConcurso\/secretaria-de-estado-da-fazenda-do-amapa-sefaz-ap\/\">C<\/a><a href=\"https:\/\/www.estrategiaconcursos.com.br\/cursosPorConcurso\/secretaria-de-estado-da-fazenda-do-amapa-sefaz-ap\/\" target=\"_blank\" rel=\"noreferrer noopener\">ursos para Sefaz AP<\/a><\/li><\/ul>\n\n\n\n<h3 class=\"wp-block-heading\" id=\"h-concurso-afeam\"><a href=\"https:\/\/www.estrategiaconcursos.com.br\/blog\/concurso-afeam\/\" target=\"_blank\" rel=\"noreferrer noopener\">Concurso AFEAM<\/a> <\/h3>\n\n\n\n<ul class=\"wp-block-list\"><li><strong>Banca:<\/strong>&nbsp;<a href=\"https:\/\/www.ibfc.org.br\/concurso\/concurso_selecionado\/403\" target=\"_blank\" rel=\"noreferrer noopener\">IBFC<\/a><\/li><li><strong>Per\u00edodo de inscri\u00e7\u00f5es<\/strong>: 18\/07 a 16\/08\/2022<\/li><li><strong>Data da prova<\/strong>: 18\/09\/2022<\/li><li><strong>Vagas:<\/strong> 30 + CR<\/li><li><strong>Cargos:<\/strong>&nbsp;Especialista de Fomento (v\u00e1rias \u00e1reas)<\/li><li><strong>Remunera\u00e7\u00e3o<\/strong>: R$ 5 mil a R$ 6,5 mil<\/li><li><strong>Edital:<\/strong>&nbsp;<a href=\"https:\/\/dhg1h5j42swfq.cloudfront.net\/2022\/06\/30104918\/2218_edital-afeam_am_30-06.pdf\" target=\"_blank\" rel=\"noreferrer noopener nofollow\">AFEAM 2022<\/a><\/li><\/ul>\n\n\n\n<h3 class=\"wp-block-heading\" id=\"h-concurso-prefeitura-de-mendes-rj\"><a href=\"https:\/\/www.estrategiaconcursos.com.br\/blog\/concurso-prefeitura-de-mendes\/\" target=\"_blank\" rel=\"noreferrer noopener\">Concurso Prefeitura de Mendes<\/a> (RJ)<\/h3>\n\n\n\n<ul class=\"wp-block-list\"><li><strong>Banca:<\/strong>&nbsp;<a href=\"https:\/\/www.incpconcursos.org.br\/concurso\/153\/concurso-publico-01-2022-prefeitura-municipal-de-mendes-rj-educacao\" target=\"_blank\" rel=\"noreferrer noopener\">INCP<\/a><\/li><li><strong>Per\u00edodo de inscri\u00e7\u00f5es<\/strong>: 30\/06 a 29\/07\/2022<\/li><li><strong>Data da prova<\/strong>: 28\/08\/2022<\/li><li><strong>Vagas:<\/strong> 59<\/li><li><strong>Cargos:<\/strong>&nbsp;diversos<\/li><li><strong>Remunera\u00e7\u00e3o<\/strong>: R$ 1.212,00 a R$ 2.480,43<\/li><li><strong>Editais:<\/strong> <a href=\"https:\/\/dhg1h5j42swfq.cloudfront.net\/2022\/06\/30153150\/edital-02-mendes.pdf\" target=\"_blank\" rel=\"noreferrer noopener nofollow\">Edital 2<\/a>&nbsp;|&nbsp;<a href=\"https:\/\/dhg1h5j42swfq.cloudfront.net\/2022\/06\/07092531\/psd1x7hwtn7p9grachzm8phmszcijsy207fo1qnv.pdf\" target=\"_blank\" rel=\"noreferrer noopener\"><\/a><a href=\"https:\/\/dhg1h5j42swfq.cloudfront.net\/2022\/06\/30153304\/edital-03-mendes.pdf\" target=\"_blank\" rel=\"noreferrer noopener nofollow\">Edital 3<\/a><\/li><\/ul>\n\n\n\n<h3 class=\"wp-block-heading\" id=\"h-concurso-prefeitura-da-barra-de-sao-francisco-es\"><a href=\"https:\/\/www.estrategiaconcursos.com.br\/blog\/concurso-barra-de-sao-francisco\/\" target=\"_blank\" rel=\"noreferrer noopener\">Concurso Prefeitura da Barra de S\u00e3o Francisco<\/a> (ES)<\/h3>\n\n\n\n<ul class=\"wp-block-list\"><li><strong>Banca:<\/strong>&nbsp;<a href=\"https:\/\/www.ibade.org.br\/\" target=\"_blank\" rel=\"noreferrer noopener\">IBADE<\/a><\/li><li><strong>Per\u00edodo de inscri\u00e7\u00f5es<\/strong>: 30\/06 a 08\/08\/2022<\/li><li><strong>Data da prova<\/strong>: 11\/09\/2022<\/li><li><strong>Vagas:<\/strong> 318<\/li><li><strong>Cargos:<\/strong>&nbsp;diversos<\/li><li><strong>Remunera\u00e7\u00e3o<\/strong>: R$ 1.212,00 a R$ 3.952,18<\/li><li><strong>Edital:<\/strong>&nbsp;<a href=\"https:\/\/dhg1h5j42swfq.cloudfront.net\/2022\/06\/30143531\/94ec25d10c1903a252adefe2ef15fc13-1.pdf\" target=\"_blank\" rel=\"noreferrer noopener nofollow\">Barra de S\u00e3o Francisco<\/a><\/li><\/ul>\n\n\n\n<h3 class=\"wp-block-heading\" id=\"h-concurso-salva-vidas-santo-andre-sp\"><a href=\"https:\/\/www.estrategiaconcursos.com.br\/blog\/concurso-salva-vidas-santo-andre\/\" target=\"_blank\" rel=\"noreferrer noopener\">Concurso Salva-Vidas Santo Andr\u00e9<\/a> (SP)<\/h3>\n\n\n\n<ul class=\"wp-block-list\"><li><strong>Banca:<\/strong>&nbsp;<a href=\"https:\/\/www.vunesp.com.br\/PMSD2202\" target=\"_blank\" rel=\"noreferrer noopener\">Vunesp<\/a><\/li><li><strong>Per\u00edodo de inscri\u00e7\u00f5es<\/strong>: 11\/07 a 15\/08\/2022<\/li><li><strong>Data da prova<\/strong>: 18\/11\/2022<\/li><li><strong>Vagas:<\/strong> 9<\/li><li><strong>Cargos:<\/strong>&nbsp;Salva-Vidas<\/li><li><strong>Remunera\u00e7\u00e3o<\/strong>: R$ 2.120,92<\/li><li><strong>Edital:<\/strong>&nbsp;<a href=\"https:\/\/dhg1h5j42swfq.cloudfront.net\/2022\/06\/30163226\/salva.pdf\" target=\"_blank\" rel=\"noreferrer noopener nofollow\">Salva-Vidas Santo Andr\u00e9<\/a><\/li><\/ul>\n\n\n\n<p class=\"has-text-align-center has-background\" style=\"background-color:#ededed;font-size:clamp(14.642px, 0.915rem + ((1vw - 3.2px) * 0.721), 22px);px\"><strong>Veja tamb\u00e9m: <a href=\"https:\/\/www.estrategiaconcursos.com.br\/blog\/principais-noticias-do-dia\/\" target=\"_blank\" rel=\"noreferrer noopener\">Principais not\u00edcias do dia<\/a><\/strong><\/p>\n\n\n\n<p class=\"has-text-align-center\">O Estrat\u00e9gia Concursos \u00e9 <a href=\"https:\/\/www.estrategiaconcursos.com.br\/blog\/estrategia-concursos-lider-em-aprovacao-nos-principais-certames\/\" target=\"_blank\" rel=\"noreferrer noopener\">l\u00edder em aprova\u00e7\u00e3o<\/a> nos principais concursos p\u00fablicos do pa\u00eds. Para fazer parte das estat\u00edsticas de aprovados, conhe\u00e7a j\u00e1 os nossos cursos e assinaturas:<\/p>\n\n\n\n<div class=\"container\" id=\"boxes\">\n  <div class=\"row\">\n\n    <div class=\"col-sm\">\n      <div class=\"estrategia\" id=\"box-assinatura\">\n        <h3 class=\"titulo-assinatura\">Assinatura Concursos<\/h3>\n        <p class=\"subtitulo-assinatura\">Assinatura de 1 ano ou 2 anos<\/p>\n        <div class=\"box-botao\">\n          <a class=\"btn-assinatura\" target=\"_blank\" href=\"https:\/\/www.estrategiaconcursos.com.br\/assinaturas\/\" role=\"button\" rel=\"noopener noreferrer\">ASSINE AGORA<\/a>\n        <\/div>\n      <\/div><\/div><\/div><\/div>\n\n\n\n<h2 class=\"has-text-align-center wp-block-heading\" id=\"h-quer-saber-tudo-sobre-concursos-previstos-confira-nossos-artigos\">Quer saber tudo sobre concursos previstos?<br \/>Confira nossos artigos!<\/h2>\n\n\n\n<ul class=\"wp-block-list\" id=\"concurso-publico-editais-esta-semana-03-a-07-01\"><li><a href=\"https:\/\/www.estrategiaconcursos.com.br\/blog\/concursos-abertos\/\" target=\"_blank\" rel=\"noreferrer noopener\">Concursos abertos<\/a><\/li><li><a href=\"https:\/\/www.estrategiaconcursos.com.br\/blog\/concursos-2022\/\" target=\"_blank\" rel=\"noreferrer noopener\">Concursos 2022<\/a><\/li><li><a href=\"https:\/\/www.estrategiaconcursos.com.br\/blog\/concursos-2023\/\" target=\"_blank\" rel=\"noreferrer noopener\">Concursos 2023<\/a><\/li><\/ul>\n","protected":false},"excerpt":{"rendered":"<p>Nesta quinta-feira, seis editais de concurso p\u00fablico e processo seletivo foram publicados. Juntos, ofertam 416 vagas imediatas mais CR. As vagas se distribuem entre cargos de n\u00edveis fundamental, m\u00e9dio e superior por todo o pa\u00eds. Confira os principais detalhes dos editais publicados HOJE, como data de inscri\u00e7\u00e3o e de aplica\u00e7\u00e3o da prova, banca organizadora, cursos [&hellip;]<\/p>\n","protected":false},"author":2279,"featured_media":834708,"comment_status":"open","ping_status":"closed","sticky":false,"template":"","format":"standard","meta":{"post_tipo":"news","footnotes":""},"categories":[1,220219],"tags":[],"tax_estado":[219967,219971,219982,219989],"class_list":["post-1053509","post","type-post","status-publish","format-standard","has-post-thumbnail","hentry","category-cursos-e-concursos","category-noticias","tax_estado-ap","tax_estado-es","tax_estado-rj","tax_estado-sp"],"acf":[],"yoast_head":"<!-- This site is optimized with the Yoast SEO Premium plugin v27.2 (Yoast SEO v27.2) - https:\/\/yoast.com\/product\/yoast-seo-premium-wordpress\/ -->\n<title>Concurso P\u00fablico: 06 editais foram publicados hoje (30\/06)<\/title>\n<meta name=\"description\" content=\"Concurso P\u00fablico 2022: 06 editais sa\u00edram nesta quinta-feira. Confira o n\u00famero de vagas, remunera\u00e7\u00e3o, principais datas e muito mais!\" \/>\n<meta name=\"robots\" content=\"index, follow, max-snippet:-1, max-image-preview:large, max-video-preview:-1\" \/>\n<link rel=\"canonical\" href=\"https:\/\/www.estrategiaconcursos.com.br\/blog\/concurso-publico-06-editais-foram-publicados-hoje-30-06\/\" \/>\n<meta property=\"og:locale\" content=\"pt_BR\" \/>\n<meta property=\"og:type\" content=\"article\" \/>\n<meta property=\"og:title\" content=\"Concurso P\u00fablico: 06 editais foram publicados hoje (30\/06)\" \/>\n<meta property=\"og:description\" content=\"Concurso P\u00fablico 2022: 06 editais sa\u00edram nesta quinta-feira. Confira o n\u00famero de vagas, remunera\u00e7\u00e3o, principais datas e muito mais!\" \/>\n<meta property=\"og:url\" content=\"https:\/\/www.estrategiaconcursos.com.br\/blog\/concurso-publico-06-editais-foram-publicados-hoje-30-06\/\" \/>\n<meta property=\"og:site_name\" content=\"Estrat\u00e9gia Concursos\" \/>\n<meta property=\"article:published_time\" content=\"2022-06-30T22:09:24+00:00\" \/>\n<meta property=\"article:modified_time\" content=\"2022-07-05T21:01:59+00:00\" \/>\n<meta property=\"og:image\" content=\"https:\/\/dhg1h5j42swfq.cloudfront.net\/2021\/08\/12154611\/editais-do-dia.jpg\" \/>\n\t<meta property=\"og:image:width\" content=\"767\" \/>\n\t<meta property=\"og:image:height\" content=\"434\" \/>\n\t<meta property=\"og:image:type\" content=\"image\/jpeg\" \/>\n<meta name=\"author\" content=\"Anissa Golshan\" \/>\n<meta name=\"twitter:card\" content=\"summary_large_image\" \/>\n<meta name=\"twitter:creator\" content=\"@EstratConcursos\" \/>\n<meta name=\"twitter:site\" content=\"@EstratConcursos\" \/>\n<meta name=\"twitter:label1\" content=\"Escrito por\" \/>\n\t<meta name=\"twitter:data1\" content=\"Anissa Golshan\" \/>\n\t<meta name=\"twitter:label2\" content=\"Est. tempo de leitura\" \/>\n\t<meta name=\"twitter:data2\" content=\"2 minutos\" \/>\n<script type=\"application\/ld+json\" class=\"yoast-schema-graph\">{\"@context\":\"https:\/\/schema.org\",\"@graph\":[{\"@type\":\"NewsArticle\",\"@id\":\"https:\/\/www.estrategiaconcursos.com.br\/blog\/concurso-publico-06-editais-foram-publicados-hoje-30-06\/#article\",\"isPartOf\":{\"@id\":\"https:\/\/www.estrategiaconcursos.com.br\/blog\/concurso-publico-06-editais-foram-publicados-hoje-30-06\/\"},\"author\":{\"name\":\"Anissa Golshan\",\"@id\":\"https:\/\/www.estrategiaconcursos.com.br\/blog\/#\/schema\/person\/8622e35b96c2aef34cb09bed422f6f86\"},\"headline\":\"Concurso P\u00fablico: 06 editais foram publicados hoje (30\/06)\",\"datePublished\":\"2022-06-30T22:09:24+00:00\",\"dateModified\":\"2022-07-05T21:01:59+00:00\",\"mainEntityOfPage\":{\"@id\":\"https:\/\/www.estrategiaconcursos.com.br\/blog\/concurso-publico-06-editais-foram-publicados-hoje-30-06\/\"},\"wordCount\":322,\"commentCount\":0,\"publisher\":{\"@id\":\"https:\/\/www.estrategiaconcursos.com.br\/blog\/#organization\"},\"image\":{\"@id\":\"https:\/\/www.estrategiaconcursos.com.br\/blog\/concurso-publico-06-editais-foram-publicados-hoje-30-06\/#primaryimage\"},\"thumbnailUrl\":\"https:\/\/dhg1h5j42swfq.cloudfront.net\/2021\/08\/12154611\/editais-do-dia.jpg\",\"articleSection\":[\"Concursos P\u00fablicos\",\"\u00daltimas not\u00edcias\"],\"inLanguage\":\"pt-BR\",\"potentialAction\":[{\"@type\":\"CommentAction\",\"name\":\"Comment\",\"target\":[\"https:\/\/www.estrategiaconcursos.com.br\/blog\/concurso-publico-06-editais-foram-publicados-hoje-30-06\/#respond\"]}],\"copyrightYear\":\"2022\",\"copyrightHolder\":{\"@id\":\"https:\/\/www.estrategiaconcursos.com.br\/blog\/#organization\"}},{\"@type\":\"WebPage\",\"@id\":\"https:\/\/www.estrategiaconcursos.com.br\/blog\/concurso-publico-06-editais-foram-publicados-hoje-30-06\/\",\"url\":\"https:\/\/www.estrategiaconcursos.com.br\/blog\/concurso-publico-06-editais-foram-publicados-hoje-30-06\/\",\"name\":\"Concurso P\u00fablico: 06 editais foram publicados hoje (30\/06)\",\"isPartOf\":{\"@id\":\"https:\/\/www.estrategiaconcursos.com.br\/blog\/#website\"},\"primaryImageOfPage\":{\"@id\":\"https:\/\/www.estrategiaconcursos.com.br\/blog\/concurso-publico-06-editais-foram-publicados-hoje-30-06\/#primaryimage\"},\"image\":{\"@id\":\"https:\/\/www.estrategiaconcursos.com.br\/blog\/concurso-publico-06-editais-foram-publicados-hoje-30-06\/#primaryimage\"},\"thumbnailUrl\":\"https:\/\/dhg1h5j42swfq.cloudfront.net\/2021\/08\/12154611\/editais-do-dia.jpg\",\"datePublished\":\"2022-06-30T22:09:24+00:00\",\"dateModified\":\"2022-07-05T21:01:59+00:00\",\"description\":\"Concurso P\u00fablico 2022: 06 editais sa\u00edram nesta quinta-feira. Confira o n\u00famero de vagas, remunera\u00e7\u00e3o, principais datas e muito mais!\",\"breadcrumb\":{\"@id\":\"https:\/\/www.estrategiaconcursos.com.br\/blog\/concurso-publico-06-editais-foram-publicados-hoje-30-06\/#breadcrumb\"},\"inLanguage\":\"pt-BR\",\"potentialAction\":[{\"@type\":\"ReadAction\",\"target\":[\"https:\/\/www.estrategiaconcursos.com.br\/blog\/concurso-publico-06-editais-foram-publicados-hoje-30-06\/\"]}]},{\"@type\":\"ImageObject\",\"inLanguage\":\"pt-BR\",\"@id\":\"https:\/\/www.estrategiaconcursos.com.br\/blog\/concurso-publico-06-editais-foram-publicados-hoje-30-06\/#primaryimage\",\"url\":\"https:\/\/dhg1h5j42swfq.cloudfront.net\/2021\/08\/12154611\/editais-do-dia.jpg\",\"contentUrl\":\"https:\/\/dhg1h5j42swfq.cloudfront.net\/2021\/08\/12154611\/editais-do-dia.jpg\",\"width\":767,\"height\":434,\"caption\":\"Editais do dia\"},{\"@type\":\"BreadcrumbList\",\"@id\":\"https:\/\/www.estrategiaconcursos.com.br\/blog\/concurso-publico-06-editais-foram-publicados-hoje-30-06\/#breadcrumb\",\"itemListElement\":[{\"@type\":\"ListItem\",\"position\":1,\"name\":\"In\u00edcio\",\"item\":\"https:\/\/www.estrategiaconcursos.com.br\/blog\/\"},{\"@type\":\"ListItem\",\"position\":2,\"name\":\"Concurso P\u00fablico: 06 editais foram publicados hoje (30\/06)\"}]},{\"@type\":\"WebSite\",\"@id\":\"https:\/\/www.estrategiaconcursos.com.br\/blog\/#website\",\"url\":\"https:\/\/www.estrategiaconcursos.com.br\/blog\/\",\"name\":\"Estrat\u00e9gia Concursos\",\"description\":\"O blog da Estrat\u00e9gia Concursos traz not\u00edcias sobre concursos e artigos de professores oferecendo cursos para concursos (pdf + videaulas) no site.\",\"publisher\":{\"@id\":\"https:\/\/www.estrategiaconcursos.com.br\/blog\/#organization\"},\"potentialAction\":[{\"@type\":\"SearchAction\",\"target\":{\"@type\":\"EntryPoint\",\"urlTemplate\":\"https:\/\/www.estrategiaconcursos.com.br\/blog\/?s={search_term_string}\"},\"query-input\":{\"@type\":\"PropertyValueSpecification\",\"valueRequired\":true,\"valueName\":\"search_term_string\"}}],\"inLanguage\":\"pt-BR\"},{\"@type\":\"Organization\",\"@id\":\"https:\/\/www.estrategiaconcursos.com.br\/blog\/#organization\",\"name\":\"Estrat\u00e9gia Concursos\",\"url\":\"https:\/\/www.estrategiaconcursos.com.br\/blog\/\",\"logo\":{\"@type\":\"ImageObject\",\"inLanguage\":\"pt-BR\",\"@id\":\"https:\/\/www.estrategiaconcursos.com.br\/blog\/#\/schema\/logo\/image\/\",\"url\":\"https:\/\/dhg1h5j42swfq.cloudfront.net\/2025\/06\/03203428\/logo_concursos-1.jpg\",\"contentUrl\":\"https:\/\/dhg1h5j42swfq.cloudfront.net\/2025\/06\/03203428\/logo_concursos-1.jpg\",\"width\":230,\"height\":60,\"caption\":\"Estrat\u00e9gia Concursos\"},\"image\":{\"@id\":\"https:\/\/www.estrategiaconcursos.com.br\/blog\/#\/schema\/logo\/image\/\"},\"sameAs\":[\"https:\/\/x.com\/EstratConcursos\"]},{\"@type\":\"Person\",\"@id\":\"https:\/\/www.estrategiaconcursos.com.br\/blog\/#\/schema\/person\/8622e35b96c2aef34cb09bed422f6f86\",\"name\":\"Anissa Golshan\",\"image\":{\"@type\":\"ImageObject\",\"inLanguage\":\"pt-BR\",\"@id\":\"https:\/\/secure.gravatar.com\/avatar\/?s=96&d=mm&r=g\",\"url\":\"https:\/\/secure.gravatar.com\/avatar\/?s=96&d=mm&r=g\",\"contentUrl\":\"https:\/\/secure.gravatar.com\/avatar\/?s=96&d=mm&r=g\",\"caption\":\"Anissa Golshan\"},\"url\":\"https:\/\/www.estrategiaconcursos.com.br\/blog\/author\/anissa-golshan\/\"}]}<\/script>\n<!-- \/ Yoast SEO Premium plugin. -->","yoast_head_json":{"title":"Concurso P\u00fablico: 06 editais foram publicados hoje (30\/06)","description":"Concurso P\u00fablico 2022: 06 editais sa\u00edram nesta quinta-feira. Confira o n\u00famero de vagas, remunera\u00e7\u00e3o, principais datas e muito mais!","robots":{"index":"index","follow":"follow","max-snippet":"max-snippet:-1","max-image-preview":"max-image-preview:large","max-video-preview":"max-video-preview:-1"},"canonical":"https:\/\/www.estrategiaconcursos.com.br\/blog\/concurso-publico-06-editais-foram-publicados-hoje-30-06\/","og_locale":"pt_BR","og_type":"article","og_title":"Concurso P\u00fablico: 06 editais foram publicados hoje (30\/06)","og_description":"Concurso P\u00fablico 2022: 06 editais sa\u00edram nesta quinta-feira. Confira o n\u00famero de vagas, remunera\u00e7\u00e3o, principais datas e muito mais!","og_url":"https:\/\/www.estrategiaconcursos.com.br\/blog\/concurso-publico-06-editais-foram-publicados-hoje-30-06\/","og_site_name":"Estrat\u00e9gia Concursos","article_published_time":"2022-06-30T22:09:24+00:00","article_modified_time":"2022-07-05T21:01:59+00:00","og_image":[{"width":767,"height":434,"url":"https:\/\/dhg1h5j42swfq.cloudfront.net\/2021\/08\/12154611\/editais-do-dia.jpg","type":"image\/jpeg"}],"author":"Anissa Golshan","twitter_card":"summary_large_image","twitter_creator":"@EstratConcursos","twitter_site":"@EstratConcursos","twitter_misc":{"Escrito por":"Anissa Golshan","Est. tempo de leitura":"2 minutos"},"schema":{"@context":"https:\/\/schema.org","@graph":[{"@type":"NewsArticle","@id":"https:\/\/www.estrategiaconcursos.com.br\/blog\/concurso-publico-06-editais-foram-publicados-hoje-30-06\/#article","isPartOf":{"@id":"https:\/\/www.estrategiaconcursos.com.br\/blog\/concurso-publico-06-editais-foram-publicados-hoje-30-06\/"},"author":{"name":"Anissa Golshan","@id":"https:\/\/www.estrategiaconcursos.com.br\/blog\/#\/schema\/person\/8622e35b96c2aef34cb09bed422f6f86"},"headline":"Concurso P\u00fablico: 06 editais foram publicados hoje (30\/06)","datePublished":"2022-06-30T22:09:24+00:00","dateModified":"2022-07-05T21:01:59+00:00","mainEntityOfPage":{"@id":"https:\/\/www.estrategiaconcursos.com.br\/blog\/concurso-publico-06-editais-foram-publicados-hoje-30-06\/"},"wordCount":322,"commentCount":0,"publisher":{"@id":"https:\/\/www.estrategiaconcursos.com.br\/blog\/#organization"},"image":{"@id":"https:\/\/www.estrategiaconcursos.com.br\/blog\/concurso-publico-06-editais-foram-publicados-hoje-30-06\/#primaryimage"},"thumbnailUrl":"https:\/\/dhg1h5j42swfq.cloudfront.net\/2021\/08\/12154611\/editais-do-dia.jpg","articleSection":["Concursos P\u00fablicos","\u00daltimas not\u00edcias"],"inLanguage":"pt-BR","potentialAction":[{"@type":"CommentAction","name":"Comment","target":["https:\/\/www.estrategiaconcursos.com.br\/blog\/concurso-publico-06-editais-foram-publicados-hoje-30-06\/#respond"]}],"copyrightYear":"2022","copyrightHolder":{"@id":"https:\/\/www.estrategiaconcursos.com.br\/blog\/#organization"}},{"@type":"WebPage","@id":"https:\/\/www.estrategiaconcursos.com.br\/blog\/concurso-publico-06-editais-foram-publicados-hoje-30-06\/","url":"https:\/\/www.estrategiaconcursos.com.br\/blog\/concurso-publico-06-editais-foram-publicados-hoje-30-06\/","name":"Concurso P\u00fablico: 06 editais foram publicados hoje (30\/06)","isPartOf":{"@id":"https:\/\/www.estrategiaconcursos.com.br\/blog\/#website"},"primaryImageOfPage":{"@id":"https:\/\/www.estrategiaconcursos.com.br\/blog\/concurso-publico-06-editais-foram-publicados-hoje-30-06\/#primaryimage"},"image":{"@id":"https:\/\/www.estrategiaconcursos.com.br\/blog\/concurso-publico-06-editais-foram-publicados-hoje-30-06\/#primaryimage"},"thumbnailUrl":"https:\/\/dhg1h5j42swfq.cloudfront.net\/2021\/08\/12154611\/editais-do-dia.jpg","datePublished":"2022-06-30T22:09:24+00:00","dateModified":"2022-07-05T21:01:59+00:00","description":"Concurso P\u00fablico 2022: 06 editais sa\u00edram nesta quinta-feira. Confira o n\u00famero de vagas, remunera\u00e7\u00e3o, principais datas e muito mais!","breadcrumb":{"@id":"https:\/\/www.estrategiaconcursos.com.br\/blog\/concurso-publico-06-editais-foram-publicados-hoje-30-06\/#breadcrumb"},"inLanguage":"pt-BR","potentialAction":[{"@type":"ReadAction","target":["https:\/\/www.estrategiaconcursos.com.br\/blog\/concurso-publico-06-editais-foram-publicados-hoje-30-06\/"]}]},{"@type":"ImageObject","inLanguage":"pt-BR","@id":"https:\/\/www.estrategiaconcursos.com.br\/blog\/concurso-publico-06-editais-foram-publicados-hoje-30-06\/#primaryimage","url":"https:\/\/dhg1h5j42swfq.cloudfront.net\/2021\/08\/12154611\/editais-do-dia.jpg","contentUrl":"https:\/\/dhg1h5j42swfq.cloudfront.net\/2021\/08\/12154611\/editais-do-dia.jpg","width":767,"height":434,"caption":"Editais do dia"},{"@type":"BreadcrumbList","@id":"https:\/\/www.estrategiaconcursos.com.br\/blog\/concurso-publico-06-editais-foram-publicados-hoje-30-06\/#breadcrumb","itemListElement":[{"@type":"ListItem","position":1,"name":"In\u00edcio","item":"https:\/\/www.estrategiaconcursos.com.br\/blog\/"},{"@type":"ListItem","position":2,"name":"Concurso P\u00fablico: 06 editais foram publicados hoje (30\/06)"}]},{"@type":"WebSite","@id":"https:\/\/www.estrategiaconcursos.com.br\/blog\/#website","url":"https:\/\/www.estrategiaconcursos.com.br\/blog\/","name":"Estrat\u00e9gia Concursos","description":"O blog da Estrat\u00e9gia Concursos traz not\u00edcias sobre concursos e artigos de professores oferecendo cursos para concursos (pdf + videaulas) no site.","publisher":{"@id":"https:\/\/www.estrategiaconcursos.com.br\/blog\/#organization"},"potentialAction":[{"@type":"SearchAction","target":{"@type":"EntryPoint","urlTemplate":"https:\/\/www.estrategiaconcursos.com.br\/blog\/?s={search_term_string}"},"query-input":{"@type":"PropertyValueSpecification","valueRequired":true,"valueName":"search_term_string"}}],"inLanguage":"pt-BR"},{"@type":"Organization","@id":"https:\/\/www.estrategiaconcursos.com.br\/blog\/#organization","name":"Estrat\u00e9gia Concursos","url":"https:\/\/www.estrategiaconcursos.com.br\/blog\/","logo":{"@type":"ImageObject","inLanguage":"pt-BR","@id":"https:\/\/www.estrategiaconcursos.com.br\/blog\/#\/schema\/logo\/image\/","url":"https:\/\/dhg1h5j42swfq.cloudfront.net\/2025\/06\/03203428\/logo_concursos-1.jpg","contentUrl":"https:\/\/dhg1h5j42swfq.cloudfront.net\/2025\/06\/03203428\/logo_concursos-1.jpg","width":230,"height":60,"caption":"Estrat\u00e9gia Concursos"},"image":{"@id":"https:\/\/www.estrategiaconcursos.com.br\/blog\/#\/schema\/logo\/image\/"},"sameAs":["https:\/\/x.com\/EstratConcursos"]},{"@type":"Person","@id":"https:\/\/www.estrategiaconcursos.com.br\/blog\/#\/schema\/person\/8622e35b96c2aef34cb09bed422f6f86","name":"Anissa Golshan","image":{"@type":"ImageObject","inLanguage":"pt-BR","@id":"https:\/\/secure.gravatar.com\/avatar\/?s=96&d=mm&r=g","url":"https:\/\/secure.gravatar.com\/avatar\/?s=96&d=mm&r=g","contentUrl":"https:\/\/secure.gravatar.com\/avatar\/?s=96&d=mm&r=g","caption":"Anissa Golshan"},"url":"https:\/\/www.estrategiaconcursos.com.br\/blog\/author\/anissa-golshan\/"}]}},"_links":{"self":[{"href":"https:\/\/www.estrategiaconcursos.com.br\/blog\/wp-json\/wp\/v2\/posts\/1053509","targetHints":{"allow":["GET"]}}],"collection":[{"href":"https:\/\/www.estrategiaconcursos.com.br\/blog\/wp-json\/wp\/v2\/posts"}],"about":[{"href":"https:\/\/www.estrategiaconcursos.com.br\/blog\/wp-json\/wp\/v2\/types\/post"}],"author":[{"embeddable":true,"href":"https:\/\/www.estrategiaconcursos.com.br\/blog\/wp-json\/wp\/v2\/users\/2279"}],"replies":[{"embeddable":true,"href":"https:\/\/www.estrategiaconcursos.com.br\/blog\/wp-json\/wp\/v2\/comments?post=1053509"}],"version-history":[{"count":5,"href":"https:\/\/www.estrategiaconcursos.com.br\/blog\/wp-json\/wp\/v2\/posts\/1053509\/revisions"}],"predecessor-version":[{"id":1055856,"href":"https:\/\/www.estrategiaconcursos.com.br\/blog\/wp-json\/wp\/v2\/posts\/1053509\/revisions\/1055856"}],"wp:featuredmedia":[{"embeddable":true,"href":"https:\/\/www.estrategiaconcursos.com.br\/blog\/wp-json\/wp\/v2\/media\/834708"}],"wp:attachment":[{"href":"https:\/\/www.estrategiaconcursos.com.br\/blog\/wp-json\/wp\/v2\/media?parent=1053509"}],"wp:term":[{"taxonomy":"category","embeddable":true,"href":"https:\/\/www.estrategiaconcursos.com.br\/blog\/wp-json\/wp\/v2\/categories?post=1053509"},{"taxonomy":"post_tag","embeddable":true,"href":"https:\/\/www.estrategiaconcursos.com.br\/blog\/wp-json\/wp\/v2\/tags?post=1053509"},{"taxonomy":"tax_estado","embeddable":true,"href":"https:\/\/www.estrategiaconcursos.com.br\/blog\/wp-json\/wp\/v2\/tax_estado?post=1053509"}],"curies":[{"name":"wp","href":"https:\/\/api.w.org\/{rel}","templated":true}]}}