{"id":1052180,"date":"2022-08-04T08:00:00","date_gmt":"2022-08-04T11:00:00","guid":{"rendered":"https:\/\/www.estrategiaconcursos.com.br\/blog\/?p=1052180"},"modified":"2022-08-04T09:27:55","modified_gmt":"2022-08-04T12:27:55","slug":"concurso-mpc-sc-2022-edital-publicado","status":"publish","type":"post","link":"https:\/\/www.estrategiaconcursos.com.br\/blog\/concurso-mpc-sc-2022-edital-publicado\/","title":{"rendered":"Edital MPC SC: inscri\u00e7\u00f5es encerradas! At\u00e9 R$ 8,6 mil"},"content":{"rendered":"\n<p>As inscri\u00e7\u00f5es do <strong>edital MPC SC<\/strong>\u00a0(<a href=\"https:\/\/www.estrategiaconcursos.com.br\/cursos\/concurso\/\" target=\"_blank\" rel=\"noreferrer noopener\">Minist\u00e9rio P\u00fablico de Contas de Santa Catarina<\/a>) foram encerradas!<\/p>\n\n\n\n<p>Conforme o documento, o \u00f3rg\u00e3o oferece <strong>10 vagas<\/strong> imediatas mais 66 vagas para  forma\u00e7\u00e3o de cadastro de reserva<\/p>\n\n\n\n<p>As oportunidades s\u00e3o de n\u00edvel m\u00e9dio e superior de forma\u00e7\u00e3o. Os sal\u00e1rios iniciais variam de <strong>R$ 5.633,69<\/strong> a <span style=\"font-size: revert; color: initial;\"><strong>R$ 8.648,15<\/strong><\/span>.<\/p>\n\n\n\n<p>Os interessados em participar da sele\u00e7\u00e3o deveriam realizar as inscri\u00e7\u00f5es no per\u00edodo de 30 de junho a 03 de agosto, no site da banca organizadora, Cebraspe. As taxas foram definidas de acordo com o cargo pretendido, sendo:<\/p>\n\n\n\n<ul class=\"wp-block-list\"><li>a) n\u00edvel superior: R$ 163,00.<\/li><li>b) n\u00edvel m\u00e9dio: R$ 105,00.<br \/><\/li><\/ul>\n\n\n\n<ul class=\"has-very-light-gray-to-cyan-bluish-gray-gradient-background has-background wp-block-list\"><li><strong style=\"background-color: initial; color: initial;\">Banca:<\/strong> Cebraspe<\/li><li><strong>Vagas:<\/strong> 10 + 66 CR<\/li><li><strong>Cargo<\/strong>: Analista de Contas P\u00fablicas, T\u00e9cnico em Contas P\u00fablicas e T\u00e9cnico em Atividades Administrativas<\/li><li><strong>Sal\u00e1rio inicial:<\/strong> de R$ 5.633,69 a R$ 8.648,15<\/li><li><strong>Editais<\/strong>: <a href=\"https:\/\/dhg1h5j42swfq.cloudfront.net\/2022\/06\/29094408\/dotc-e2022-06-29-47-71.pdf\" target=\"_blank\" rel=\"noreferrer noopener nofollow\">MPC SC <\/a><\/li><\/ul>\n\n\n\n<div class=\"container\" id=\"boxes\">\n  <div class=\"row\">\n\n    <div class=\"col-sm\">\n      <div class=\"banner-estrategia\" id=\"box-assinatura\">\n        <h3 class=\"titulo-assinatura\">Cursos para concursos<\/h3>\n        <p class=\"subtitulo-assinatura\">Estude conosco<\/p>\n        <div class=\"box-botao\">\n          <a class=\"btn-assinatura\" target=\"_blank\" href=\"https:\/\/www.estrategiaconcursos.com.br\/cursos\/\" role=\"button\" rel=\"noopener noreferrer\">Conhe\u00e7a os cursos<\/a>\n        <\/div>\n      <\/div>\n     \n    <\/div>\n\n  <\/div>\n<\/div>\n\n\n\n<h2 class=\"wp-block-heading\" id=\"datas\">Principais datas do edital MPC SC<\/h2>\n\n\n\n<p class=\"has-very-light-gray-background-color has-background\"><strong>Inscri\u00e7\u00f5es<\/strong>: 30\/6 a 03\/08\/2022<br \/><strong>Isen\u00e7\u00e3o da taxa<\/strong>: 30\/6 a 03\/08\/2022<br \/><strong>Prova<\/strong>: 11\/9<\/p>\n\n\n\n<h2 class=\"wp-block-heading\" id=\"cargos-vagas\">Cargos e vagas do edital MPC SC<\/h2>\n\n\n\n<p>Confira os cargos e vagas ofertados:<\/p>\n\n\n\n<ul class=\"wp-block-list\"><li><strong>Analista de Contas P\u00fablicas (Direito)<\/strong> \u2013 03 vagas ampla, 01 vaga PCDs  e 01 vaga cotas + 33 CR;<\/li><li><strong>Analista de Contas P\u00fablicas (Administra\u00e7\u00e3o, Contabilidade, Economia ou Engenheira)<\/strong> \u2013 01 vaga ampla + 07 CR;<\/li><li><strong>T\u00e9cnico em Atividades Administrativas <\/strong>\u2013 02 vagas ampla + 13 CR; e <\/li><li><strong>T\u00e9cnico em Contas P\u00fablicas <\/strong>\u2013 02 vagas ampla + 13 CR. <\/li><\/ul>\n\n\n\n<p>Os aprovados no concurso MPC SC v\u00e3o receber os seguintes sal\u00e1rios iniciais:<\/p>\n\n\n\n<ul class=\"wp-block-list\"><li><a href=\"https:\/\/www.estrategiaconcursos.com.br\/curso\/mpc-sc-analista-de-contas-publicas-direito-pacotaco-pacote-teorico-passo-estrategico-2022-pre-edital\/\" target=\"_blank\" rel=\"noreferrer noopener\">Analista de Contas P\u00fablicas (Direito)<\/a>:&nbsp;<strong>R$ 8.648,15<\/strong>&nbsp;(com gratifica\u00e7\u00e3o de desempenho de produtividade de at\u00e9 R$ 6.346,37);<\/li><li><a href=\"https:\/\/www.estrategiaconcursos.com.br\/curso\/mpc-sc-analista-de-contas-publicas-administracao-pacotaco-pacote-teorico-passo-estrategico-2022-pre-edital\/\" target=\"_blank\" rel=\"noreferrer noopener\">Analista de Contas P\u00fablicas<\/a> (Administra\u00e7\u00e3o, Contabilidade, Economia ou Engenheira):&nbsp;<strong>R$ 8.648,15<\/strong>&nbsp;(com gratifica\u00e7\u00e3o de desempenho de produtividade de at\u00e9 R$ 6.346,37);<\/li><li><a href=\"https:\/\/www.estrategiaconcursos.com.br\/curso\/mpc-sc-tecnico-de-atividades-administrativas-pacotaco-pacote-teorico-passo-estrategico-2022-pre-edital\/\" target=\"_blank\" rel=\"noreferrer noopener\">T\u00e9cnico em Atividades Administrativas<\/a>:&nbsp;<strong>R$ 5.633,69<\/strong>&nbsp;(com gratifica\u00e7\u00e3o de desempenho por produtividade de at\u00e9 R$ 5.400,32); e <\/li><li><a href=\"https:\/\/www.estrategiaconcursos.com.br\/curso\/mpc-sc-tecnico-de-contas-publicas-pacote-2022-pre-edital\/\" target=\"_blank\" rel=\"noreferrer noopener\">T\u00e9cnico em Contas P\u00fablicas<\/a>:&nbsp;<strong>R$ 5.633,69<\/strong>&nbsp;(com gratifica\u00e7\u00e3o de desempenho por produtividade de at\u00e9 R$ 5.400,32). <\/li><\/ul>\n\n\n\n<p>Vale destacar que os aprovados ainda fazem jus ao aux\u00edlio-alimenta\u00e7\u00e3o de&nbsp;<strong>R$ 1.768,28<\/strong>&nbsp;e aux\u00edlio-sa\u00fade de at\u00e9&nbsp;<strong>R$ 1.199,14<\/strong>.<\/p>\n\n\n\n<h2 class=\"wp-block-heading\" id=\"etapas\">Etapas e provas do edital MPC SC<\/h2>\n\n\n\n<p>A sele\u00e7\u00e3o dos candidatos inscritos no edital MPC SC se dar\u00e1 mediante aplica\u00e7\u00e3o das seguintes etapas:<\/p>\n\n\n\n<ul class=\"wp-block-list\"><li>Prova preambular (objetiva) \u2013 eliminat\u00f3rio e classificat\u00f3rio;<\/li><li>Prova escrita \u2013 eliminat\u00f3rio e classificat\u00f3rio; <\/li><li>Exame de higidez f\u00edsica e mental, de car\u00e1ter eliminat\u00f3rio; e<\/li><li>Prova de t\u00edtulos \u2013 classificat\u00f3rio.<\/li><\/ul>\n\n\n\n<h3 class=\"wp-block-heading\" id=\"objetiva\">Provas Objetivas<\/h3>\n\n\n\n<p>As provas objetivas, de car\u00e1ter eliminat\u00f3rio e classificat\u00f3rio, valer\u00e3o 120,00 pontos. Cada prova objetiva ser\u00e1 constitu\u00edda de itens para julgamento, agrupados por comandos que dever\u00e3o ser respeitados. O julgamento de cada item ser\u00e1 CERTO ou ERRADO, de acordo com o(s) comando(s) a que se refere o item. <\/p>\n\n\n\n<p>A nota em cada prova objetiva ser\u00e1 igual \u00e0 soma das notas obtidas em todos os itens que a comp\u00f5em. Ser\u00e1 reprovado(a) nas provas objetivas e eliminado do concurso p\u00fablico o(a) candidato(a) que se enquadrar em pelo menos um dos itens a seguir:<\/p>\n\n\n\n<ul class=\"wp-block-list\"><li>a) obtiver nota inferior a 10,00 pontos na prova objetiva de Conhecimentos b\u00e1sicos P1;<\/li><li>b) obtiver nota inferior a 21,00 pontos na prova objetiva de Conhecimentos espec\u00edficos P2;<\/li><li>c) obtiver nota inferior a 36,00 pontos no conjunto das provas objetivas.<br \/><\/li><\/ul>\n\n\n\n<h3 class=\"wp-block-heading\" id=\"discursiva\">Prova Discursiva<\/h3>\n\n\n\n<p>A prova discursiva valer\u00e1 10,00 pontos e consistir\u00e1 de reda\u00e7\u00e3o de L\u00edngua Portuguesa, de at\u00e9 30 linhas, a respeito de temas concernentes \u00e0s atividades do MPC\/SC.<\/p>\n\n\n\n<h3 class=\"wp-block-heading\" id=\"titulos\">Avalia\u00e7\u00e3o de T\u00edtulos<\/h3>\n\n\n\n<p>Ser\u00e3o avaliados os t\u00edtulos dos(as) candidatos(as) considerados aptos(as) no exame de higidez f\u00edsica e mental mais bem classificados(as) nas provas objetivas e discursiva, considerando-se a soma da nota final nas provas objetivas e da nota final na prova discursiva. <\/p>\n\n\n\n<p>A avalia\u00e7\u00e3o de t\u00edtulos valer\u00e1 10,00 pontos, para os cargos de n\u00edvel superior e n\u00edvel m\u00e9dio, ainda que a soma dos valores dos t\u00edtulos enviados seja superior a esse valor. <\/p>\n\n\n\n<p class=\"has-text-align-center has-cyan-bluish-gray-background-color has-background has-medium-font-size\"><strong>Saiba mais: <a href=\"https:\/\/www.estrategiaconcursos.com.br\/blog\/concurso-mpc-sc\/\" target=\"_blank\" rel=\"noreferrer noopener\">Concurso MPC SC<\/a><\/strong><\/p>\n\n\n\n<h2 class=\"has-text-align-center wp-block-heading\" id=\"h-quer-saber-tudo-sobre-concursos-previstos-confira-nossos-artigos\">Quer saber tudo sobre concursos previstos?<br \/>Confira  nossos artigos!<\/h2>\n\n\n\n<ul class=\"wp-block-list\"><li><a href=\"https:\/\/www.estrategiaconcursos.com.br\/blog\/concursos-abertos\/\" target=\"_blank\" rel=\"noreferrer noopener\">Concursos abertos<\/a><\/li><li><a href=\"https:\/\/www.estrategiaconcursos.com.br\/blog\/concursos-2022\/\" target=\"_blank\" rel=\"noreferrer noopener\">Concursos 2022<\/a><\/li><li><a href=\"https:\/\/www.estrategiaconcursos.com.br\/blog\/concursos-2023\/\" target=\"_blank\" rel=\"noreferrer noopener\">Concursos 2023<\/a><\/li><\/ul>\n\n\n\n<figure class=\"wp-block-image size-large is-resized\"><img loading=\"lazy\" decoding=\"async\" src=\"https:\/\/dhg1h5j42swfq.cloudfront.net\/2025\/06\/27101122\/ficha-tecnica-1-1024x632.png\" alt=\"Informa\u00e7\u00f5es do edital MPC SC\" class=\"wp-image-702728\" width=\"269\" height=\"166\" srcset=\"https:\/\/dhg1h5j42swfq.cloudfront.net\/2025\/06\/27101122\/ficha-tecnica-1-1024x632.png 1024w, https:\/\/dhg1h5j42swfq.cloudfront.net\/2025\/06\/27101122\/ficha-tecnica-1-300x185.png 300w, https:\/\/dhg1h5j42swfq.cloudfront.net\/2025\/06\/27101122\/ficha-tecnica-1-768x474.png 768w, https:\/\/dhg1h5j42swfq.cloudfront.net\/2025\/06\/27101122\/ficha-tecnica-1-1536x948.png 1536w, https:\/\/dhg1h5j42swfq.cloudfront.net\/2025\/06\/27101122\/ficha-tecnica-1-610x377.png 610w, https:\/\/dhg1h5j42swfq.cloudfront.net\/2025\/06\/27101122\/ficha-tecnica-1.png 1571w\" sizes=\"auto, (max-width: 269px) 100vw, 269px\" \/><\/figure>\n\n\n\n<h3 class=\"wp-block-heading\" id=\"block-ba1614b5-988b-41ef-892d-f4c9f7e9dd42\">Informa\u00e7\u00f5es do edital MPC SC<\/h3>\n\n\n\n<ul class=\"wp-block-list\" id=\"block-46dd482c-33cf-409c-8762-75c111403f14\"><li><strong>Inscri\u00e7\u00f5es<\/strong>: 30\/6 a 29\/7\/2022<\/li><li><strong>Provas<\/strong>: 11\/9<\/li><li><strong>Vagas<\/strong>: 10 + CR<\/li><li><strong>Cargos<\/strong>: diversos <\/li><li><strong>Banca<\/strong>: Cebraspe<\/li><li><strong>Escolaridade<\/strong>: m\u00e9dio e superior <\/li><li><strong>Edital<\/strong>: <a href=\"https:\/\/dhg1h5j42swfq.cloudfront.net\/2022\/06\/29094408\/dotc-e2022-06-29-47-71.pdf\" target=\"_blank\" rel=\"noreferrer noopener nofollow\">MPC SC <\/a><\/li><\/ul>\n\n\n\n<div class=\"container\" id=\"boxes\">\n  <div class=\"row\">\n\n    <div class=\"col-sm\">\n      <div class=\"estrategia\" id=\"box-assinatura\">\n        <h3 class=\"titulo-assinatura\">Assinatura de Concursos<\/h3>\n        <p class=\"subtitulo-assinatura\">Assinatura de 1 ano ou 2 anos<\/p>\n        <div class=\"box-botao\">\n          <a class=\"btn-assinatura\" target=\"_blank\" href=\"https:\/\/www.estrategiaconcursos.com.br\/assinaturas\/\" role=\"button\" rel=\"noopener noreferrer\">ASSINE AGORA<\/a>\n        <\/div>\n      <\/div>\n     \n    <\/div><\/div><\/div>\n","protected":false},"excerpt":{"rendered":"<p>As inscri\u00e7\u00f5es do edital MPC SC\u00a0(Minist\u00e9rio P\u00fablico de Contas de Santa Catarina) foram encerradas! Conforme o documento, o \u00f3rg\u00e3o oferece 10 vagas imediatas mais 66 vagas para forma\u00e7\u00e3o de cadastro de reserva As oportunidades s\u00e3o de n\u00edvel m\u00e9dio e superior de forma\u00e7\u00e3o. Os sal\u00e1rios iniciais variam de R$ 5.633,69 a R$ 8.648,15. Os interessados em [&hellip;]<\/p>\n","protected":false},"author":2375,"featured_media":1052189,"comment_status":"open","ping_status":"closed","sticky":false,"template":"","format":"standard","meta":{"post_tipo":"news","footnotes":""},"categories":[1984,220219],"tags":[],"tax_estado":[219987],"class_list":["post-1052180","post","type-post","status-publish","format-standard","has-post-thumbnail","hentry","category-tribunais","category-noticias","tax_estado-sc"],"acf":[],"yoast_head":"<!-- This site is optimized with the Yoast SEO Premium plugin v27.2 (Yoast SEO v27.2) - https:\/\/yoast.com\/product\/yoast-seo-premium-wordpress\/ -->\n<title>Edital MPC SC: inscri\u00e7\u00f5es encerradas! At\u00e9 R$ 8,6 mil<\/title>\n<meta name=\"description\" content=\"Edital MPC SC \u00e9 publicado com a oferta de 10 vagas imediatas + CR para cargos de n\u00edveis m\u00e9dio e superior. Acesse e confira os detalhes!\" \/>\n<meta name=\"robots\" content=\"index, follow, max-snippet:-1, max-image-preview:large, max-video-preview:-1\" \/>\n<link rel=\"canonical\" href=\"https:\/\/www.estrategiaconcursos.com.br\/blog\/concurso-mpc-sc-2022-edital-publicado\/\" \/>\n<meta property=\"og:locale\" content=\"pt_BR\" \/>\n<meta property=\"og:type\" content=\"article\" \/>\n<meta property=\"og:title\" content=\"Edital MPC SC: inscri\u00e7\u00f5es encerradas! At\u00e9 R$ 8,6 mil\" \/>\n<meta property=\"og:description\" content=\"Edital MPC SC \u00e9 publicado com a oferta de 10 vagas imediatas + CR para cargos de n\u00edveis m\u00e9dio e superior. Acesse e confira os detalhes!\" \/>\n<meta property=\"og:url\" content=\"https:\/\/www.estrategiaconcursos.com.br\/blog\/concurso-mpc-sc-2022-edital-publicado\/\" \/>\n<meta property=\"og:site_name\" content=\"Estrat\u00e9gia Concursos\" \/>\n<meta property=\"article:published_time\" content=\"2022-08-04T11:00:00+00:00\" \/>\n<meta property=\"article:modified_time\" content=\"2022-08-04T12:27:55+00:00\" \/>\n<meta property=\"og:image\" content=\"https:\/\/dhg1h5j42swfq.cloudfront.net\/2022\/06\/29094317\/edital-mpc-sc.jpeg\" \/>\n\t<meta property=\"og:image:width\" content=\"300\" \/>\n\t<meta property=\"og:image:height\" content=\"169\" \/>\n\t<meta property=\"og:image:type\" content=\"image\/jpeg\" \/>\n<meta name=\"author\" content=\"Priscila Almeida\" \/>\n<meta name=\"twitter:card\" content=\"summary_large_image\" \/>\n<meta name=\"twitter:creator\" content=\"@EstratConcursos\" \/>\n<meta name=\"twitter:site\" content=\"@EstratConcursos\" \/>\n<meta name=\"twitter:label1\" content=\"Escrito por\" \/>\n\t<meta name=\"twitter:data1\" content=\"Priscila Almeida\" \/>\n\t<meta name=\"twitter:label2\" content=\"Est. tempo de leitura\" \/>\n\t<meta name=\"twitter:data2\" content=\"4 minutos\" \/>\n<script type=\"application\/ld+json\" class=\"yoast-schema-graph\">{\"@context\":\"https:\/\/schema.org\",\"@graph\":[{\"@type\":\"NewsArticle\",\"@id\":\"https:\/\/www.estrategiaconcursos.com.br\/blog\/concurso-mpc-sc-2022-edital-publicado\/#article\",\"isPartOf\":{\"@id\":\"https:\/\/www.estrategiaconcursos.com.br\/blog\/concurso-mpc-sc-2022-edital-publicado\/\"},\"author\":{\"name\":\"Priscila Almeida\",\"@id\":\"https:\/\/www.estrategiaconcursos.com.br\/blog\/#\/schema\/person\/a06e841e501f2e1d8c49c4e8f066bfd1\"},\"headline\":\"Edital MPC SC: inscri\u00e7\u00f5es encerradas! At\u00e9 R$ 8,6 mil\",\"datePublished\":\"2022-08-04T11:00:00+00:00\",\"dateModified\":\"2022-08-04T12:27:55+00:00\",\"mainEntityOfPage\":{\"@id\":\"https:\/\/www.estrategiaconcursos.com.br\/blog\/concurso-mpc-sc-2022-edital-publicado\/\"},\"wordCount\":719,\"commentCount\":0,\"publisher\":{\"@id\":\"https:\/\/www.estrategiaconcursos.com.br\/blog\/#organization\"},\"image\":{\"@id\":\"https:\/\/www.estrategiaconcursos.com.br\/blog\/concurso-mpc-sc-2022-edital-publicado\/#primaryimage\"},\"thumbnailUrl\":\"https:\/\/dhg1h5j42swfq.cloudfront.net\/2022\/06\/29094317\/edital-mpc-sc.jpeg\",\"articleSection\":[\"Tribunais\",\"\u00daltimas not\u00edcias\"],\"inLanguage\":\"pt-BR\",\"potentialAction\":[{\"@type\":\"CommentAction\",\"name\":\"Comment\",\"target\":[\"https:\/\/www.estrategiaconcursos.com.br\/blog\/concurso-mpc-sc-2022-edital-publicado\/#respond\"]}],\"copyrightYear\":\"2022\",\"copyrightHolder\":{\"@id\":\"https:\/\/www.estrategiaconcursos.com.br\/blog\/#organization\"}},{\"@type\":\"WebPage\",\"@id\":\"https:\/\/www.estrategiaconcursos.com.br\/blog\/concurso-mpc-sc-2022-edital-publicado\/\",\"url\":\"https:\/\/www.estrategiaconcursos.com.br\/blog\/concurso-mpc-sc-2022-edital-publicado\/\",\"name\":\"Edital MPC SC: inscri\u00e7\u00f5es encerradas! At\u00e9 R$ 8,6 mil\",\"isPartOf\":{\"@id\":\"https:\/\/www.estrategiaconcursos.com.br\/blog\/#website\"},\"primaryImageOfPage\":{\"@id\":\"https:\/\/www.estrategiaconcursos.com.br\/blog\/concurso-mpc-sc-2022-edital-publicado\/#primaryimage\"},\"image\":{\"@id\":\"https:\/\/www.estrategiaconcursos.com.br\/blog\/concurso-mpc-sc-2022-edital-publicado\/#primaryimage\"},\"thumbnailUrl\":\"https:\/\/dhg1h5j42swfq.cloudfront.net\/2022\/06\/29094317\/edital-mpc-sc.jpeg\",\"datePublished\":\"2022-08-04T11:00:00+00:00\",\"dateModified\":\"2022-08-04T12:27:55+00:00\",\"description\":\"Edital MPC SC \u00e9 publicado com a oferta de 10 vagas imediatas + CR para cargos de n\u00edveis m\u00e9dio e superior. Acesse e confira os detalhes!\",\"breadcrumb\":{\"@id\":\"https:\/\/www.estrategiaconcursos.com.br\/blog\/concurso-mpc-sc-2022-edital-publicado\/#breadcrumb\"},\"inLanguage\":\"pt-BR\",\"potentialAction\":[{\"@type\":\"ReadAction\",\"target\":[\"https:\/\/www.estrategiaconcursos.com.br\/blog\/concurso-mpc-sc-2022-edital-publicado\/\"]}]},{\"@type\":\"ImageObject\",\"inLanguage\":\"pt-BR\",\"@id\":\"https:\/\/www.estrategiaconcursos.com.br\/blog\/concurso-mpc-sc-2022-edital-publicado\/#primaryimage\",\"url\":\"https:\/\/dhg1h5j42swfq.cloudfront.net\/2022\/06\/29094317\/edital-mpc-sc.jpeg\",\"contentUrl\":\"https:\/\/dhg1h5j42swfq.cloudfront.net\/2022\/06\/29094317\/edital-mpc-sc.jpeg\",\"width\":300,\"height\":169},{\"@type\":\"BreadcrumbList\",\"@id\":\"https:\/\/www.estrategiaconcursos.com.br\/blog\/concurso-mpc-sc-2022-edital-publicado\/#breadcrumb\",\"itemListElement\":[{\"@type\":\"ListItem\",\"position\":1,\"name\":\"In\u00edcio\",\"item\":\"https:\/\/www.estrategiaconcursos.com.br\/blog\/\"},{\"@type\":\"ListItem\",\"position\":2,\"name\":\"Edital MPC SC: inscri\u00e7\u00f5es encerradas! At\u00e9 R$ 8,6 mil\"}]},{\"@type\":\"WebSite\",\"@id\":\"https:\/\/www.estrategiaconcursos.com.br\/blog\/#website\",\"url\":\"https:\/\/www.estrategiaconcursos.com.br\/blog\/\",\"name\":\"Estrat\u00e9gia Concursos\",\"description\":\"O blog da Estrat\u00e9gia Concursos traz not\u00edcias sobre concursos e artigos de professores oferecendo cursos para concursos (pdf + videaulas) no site.\",\"publisher\":{\"@id\":\"https:\/\/www.estrategiaconcursos.com.br\/blog\/#organization\"},\"potentialAction\":[{\"@type\":\"SearchAction\",\"target\":{\"@type\":\"EntryPoint\",\"urlTemplate\":\"https:\/\/www.estrategiaconcursos.com.br\/blog\/?s={search_term_string}\"},\"query-input\":{\"@type\":\"PropertyValueSpecification\",\"valueRequired\":true,\"valueName\":\"search_term_string\"}}],\"inLanguage\":\"pt-BR\"},{\"@type\":\"Organization\",\"@id\":\"https:\/\/www.estrategiaconcursos.com.br\/blog\/#organization\",\"name\":\"Estrat\u00e9gia Concursos\",\"url\":\"https:\/\/www.estrategiaconcursos.com.br\/blog\/\",\"logo\":{\"@type\":\"ImageObject\",\"inLanguage\":\"pt-BR\",\"@id\":\"https:\/\/www.estrategiaconcursos.com.br\/blog\/#\/schema\/logo\/image\/\",\"url\":\"https:\/\/dhg1h5j42swfq.cloudfront.net\/2025\/06\/03203428\/logo_concursos-1.jpg\",\"contentUrl\":\"https:\/\/dhg1h5j42swfq.cloudfront.net\/2025\/06\/03203428\/logo_concursos-1.jpg\",\"width\":230,\"height\":60,\"caption\":\"Estrat\u00e9gia Concursos\"},\"image\":{\"@id\":\"https:\/\/www.estrategiaconcursos.com.br\/blog\/#\/schema\/logo\/image\/\"},\"sameAs\":[\"https:\/\/x.com\/EstratConcursos\"]},{\"@type\":\"Person\",\"@id\":\"https:\/\/www.estrategiaconcursos.com.br\/blog\/#\/schema\/person\/a06e841e501f2e1d8c49c4e8f066bfd1\",\"name\":\"Priscila Almeida\",\"image\":{\"@type\":\"ImageObject\",\"inLanguage\":\"pt-BR\",\"@id\":\"https:\/\/secure.gravatar.com\/avatar\/0a963c9e2a947fa675b669cea2b5d0ba6dd1cbf46b966190343b6c9973ad3337?s=96&d=mm&r=g\",\"url\":\"https:\/\/secure.gravatar.com\/avatar\/0a963c9e2a947fa675b669cea2b5d0ba6dd1cbf46b966190343b6c9973ad3337?s=96&d=mm&r=g\",\"contentUrl\":\"https:\/\/secure.gravatar.com\/avatar\/0a963c9e2a947fa675b669cea2b5d0ba6dd1cbf46b966190343b6c9973ad3337?s=96&d=mm&r=g\",\"caption\":\"Priscila Almeida\"},\"description\":\"Atua na \u00e1rea de concursos p\u00fablicos desde 2019. As editorias que mais t\u00eam familiaridade s\u00e3o: Tribunais (TJs; TRTs; TREs; TSTs; STJ, STF, STM e TSE); Defensorias; Minist\u00e9rios P\u00fablicos; Procuradorias; Educa\u00e7\u00e3o e Conselhos. Na \u00e1rea de comunica\u00e7\u00e3o, de maneira geral, a caminhada \u00e9 um pouco mais longa - desde 2007. Possui experi\u00eancia em reda\u00e7\u00f5es de r\u00e1dio, TV, Web e impresso, al\u00e9m de desenvolver trabalhos em assessorias de comunica\u00e7\u00e3o institucional, empresarial e p\u00fablicas. Entre outros trabalhos, se destacam a atua\u00e7\u00e3o nas \u00e1reas de Justi\u00e7a, Congresso, Esportes, Sa\u00fade, Agropecu\u00e1ria, Cidades e Avia\u00e7\u00e3o Civil.\",\"url\":\"https:\/\/www.estrategiaconcursos.com.br\/blog\/author\/priscila-almeidaestrategia-com\/\"}]}<\/script>\n<!-- \/ Yoast SEO Premium plugin. -->","yoast_head_json":{"title":"Edital MPC SC: inscri\u00e7\u00f5es encerradas! At\u00e9 R$ 8,6 mil","description":"Edital MPC SC \u00e9 publicado com a oferta de 10 vagas imediatas + CR para cargos de n\u00edveis m\u00e9dio e superior. Acesse e confira os detalhes!","robots":{"index":"index","follow":"follow","max-snippet":"max-snippet:-1","max-image-preview":"max-image-preview:large","max-video-preview":"max-video-preview:-1"},"canonical":"https:\/\/www.estrategiaconcursos.com.br\/blog\/concurso-mpc-sc-2022-edital-publicado\/","og_locale":"pt_BR","og_type":"article","og_title":"Edital MPC SC: inscri\u00e7\u00f5es encerradas! At\u00e9 R$ 8,6 mil","og_description":"Edital MPC SC \u00e9 publicado com a oferta de 10 vagas imediatas + CR para cargos de n\u00edveis m\u00e9dio e superior. Acesse e confira os detalhes!","og_url":"https:\/\/www.estrategiaconcursos.com.br\/blog\/concurso-mpc-sc-2022-edital-publicado\/","og_site_name":"Estrat\u00e9gia Concursos","article_published_time":"2022-08-04T11:00:00+00:00","article_modified_time":"2022-08-04T12:27:55+00:00","og_image":[{"width":300,"height":169,"url":"https:\/\/dhg1h5j42swfq.cloudfront.net\/2022\/06\/29094317\/edital-mpc-sc.jpeg","type":"image\/jpeg"}],"author":"Priscila Almeida","twitter_card":"summary_large_image","twitter_creator":"@EstratConcursos","twitter_site":"@EstratConcursos","twitter_misc":{"Escrito por":"Priscila Almeida","Est. tempo de leitura":"4 minutos"},"schema":{"@context":"https:\/\/schema.org","@graph":[{"@type":"NewsArticle","@id":"https:\/\/www.estrategiaconcursos.com.br\/blog\/concurso-mpc-sc-2022-edital-publicado\/#article","isPartOf":{"@id":"https:\/\/www.estrategiaconcursos.com.br\/blog\/concurso-mpc-sc-2022-edital-publicado\/"},"author":{"name":"Priscila Almeida","@id":"https:\/\/www.estrategiaconcursos.com.br\/blog\/#\/schema\/person\/a06e841e501f2e1d8c49c4e8f066bfd1"},"headline":"Edital MPC SC: inscri\u00e7\u00f5es encerradas! At\u00e9 R$ 8,6 mil","datePublished":"2022-08-04T11:00:00+00:00","dateModified":"2022-08-04T12:27:55+00:00","mainEntityOfPage":{"@id":"https:\/\/www.estrategiaconcursos.com.br\/blog\/concurso-mpc-sc-2022-edital-publicado\/"},"wordCount":719,"commentCount":0,"publisher":{"@id":"https:\/\/www.estrategiaconcursos.com.br\/blog\/#organization"},"image":{"@id":"https:\/\/www.estrategiaconcursos.com.br\/blog\/concurso-mpc-sc-2022-edital-publicado\/#primaryimage"},"thumbnailUrl":"https:\/\/dhg1h5j42swfq.cloudfront.net\/2022\/06\/29094317\/edital-mpc-sc.jpeg","articleSection":["Tribunais","\u00daltimas not\u00edcias"],"inLanguage":"pt-BR","potentialAction":[{"@type":"CommentAction","name":"Comment","target":["https:\/\/www.estrategiaconcursos.com.br\/blog\/concurso-mpc-sc-2022-edital-publicado\/#respond"]}],"copyrightYear":"2022","copyrightHolder":{"@id":"https:\/\/www.estrategiaconcursos.com.br\/blog\/#organization"}},{"@type":"WebPage","@id":"https:\/\/www.estrategiaconcursos.com.br\/blog\/concurso-mpc-sc-2022-edital-publicado\/","url":"https:\/\/www.estrategiaconcursos.com.br\/blog\/concurso-mpc-sc-2022-edital-publicado\/","name":"Edital MPC SC: inscri\u00e7\u00f5es encerradas! At\u00e9 R$ 8,6 mil","isPartOf":{"@id":"https:\/\/www.estrategiaconcursos.com.br\/blog\/#website"},"primaryImageOfPage":{"@id":"https:\/\/www.estrategiaconcursos.com.br\/blog\/concurso-mpc-sc-2022-edital-publicado\/#primaryimage"},"image":{"@id":"https:\/\/www.estrategiaconcursos.com.br\/blog\/concurso-mpc-sc-2022-edital-publicado\/#primaryimage"},"thumbnailUrl":"https:\/\/dhg1h5j42swfq.cloudfront.net\/2022\/06\/29094317\/edital-mpc-sc.jpeg","datePublished":"2022-08-04T11:00:00+00:00","dateModified":"2022-08-04T12:27:55+00:00","description":"Edital MPC SC \u00e9 publicado com a oferta de 10 vagas imediatas + CR para cargos de n\u00edveis m\u00e9dio e superior. Acesse e confira os detalhes!","breadcrumb":{"@id":"https:\/\/www.estrategiaconcursos.com.br\/blog\/concurso-mpc-sc-2022-edital-publicado\/#breadcrumb"},"inLanguage":"pt-BR","potentialAction":[{"@type":"ReadAction","target":["https:\/\/www.estrategiaconcursos.com.br\/blog\/concurso-mpc-sc-2022-edital-publicado\/"]}]},{"@type":"ImageObject","inLanguage":"pt-BR","@id":"https:\/\/www.estrategiaconcursos.com.br\/blog\/concurso-mpc-sc-2022-edital-publicado\/#primaryimage","url":"https:\/\/dhg1h5j42swfq.cloudfront.net\/2022\/06\/29094317\/edital-mpc-sc.jpeg","contentUrl":"https:\/\/dhg1h5j42swfq.cloudfront.net\/2022\/06\/29094317\/edital-mpc-sc.jpeg","width":300,"height":169},{"@type":"BreadcrumbList","@id":"https:\/\/www.estrategiaconcursos.com.br\/blog\/concurso-mpc-sc-2022-edital-publicado\/#breadcrumb","itemListElement":[{"@type":"ListItem","position":1,"name":"In\u00edcio","item":"https:\/\/www.estrategiaconcursos.com.br\/blog\/"},{"@type":"ListItem","position":2,"name":"Edital MPC SC: inscri\u00e7\u00f5es encerradas! At\u00e9 R$ 8,6 mil"}]},{"@type":"WebSite","@id":"https:\/\/www.estrategiaconcursos.com.br\/blog\/#website","url":"https:\/\/www.estrategiaconcursos.com.br\/blog\/","name":"Estrat\u00e9gia Concursos","description":"O blog da Estrat\u00e9gia Concursos traz not\u00edcias sobre concursos e artigos de professores oferecendo cursos para concursos (pdf + videaulas) no site.","publisher":{"@id":"https:\/\/www.estrategiaconcursos.com.br\/blog\/#organization"},"potentialAction":[{"@type":"SearchAction","target":{"@type":"EntryPoint","urlTemplate":"https:\/\/www.estrategiaconcursos.com.br\/blog\/?s={search_term_string}"},"query-input":{"@type":"PropertyValueSpecification","valueRequired":true,"valueName":"search_term_string"}}],"inLanguage":"pt-BR"},{"@type":"Organization","@id":"https:\/\/www.estrategiaconcursos.com.br\/blog\/#organization","name":"Estrat\u00e9gia Concursos","url":"https:\/\/www.estrategiaconcursos.com.br\/blog\/","logo":{"@type":"ImageObject","inLanguage":"pt-BR","@id":"https:\/\/www.estrategiaconcursos.com.br\/blog\/#\/schema\/logo\/image\/","url":"https:\/\/dhg1h5j42swfq.cloudfront.net\/2025\/06\/03203428\/logo_concursos-1.jpg","contentUrl":"https:\/\/dhg1h5j42swfq.cloudfront.net\/2025\/06\/03203428\/logo_concursos-1.jpg","width":230,"height":60,"caption":"Estrat\u00e9gia Concursos"},"image":{"@id":"https:\/\/www.estrategiaconcursos.com.br\/blog\/#\/schema\/logo\/image\/"},"sameAs":["https:\/\/x.com\/EstratConcursos"]},{"@type":"Person","@id":"https:\/\/www.estrategiaconcursos.com.br\/blog\/#\/schema\/person\/a06e841e501f2e1d8c49c4e8f066bfd1","name":"Priscila Almeida","image":{"@type":"ImageObject","inLanguage":"pt-BR","@id":"https:\/\/secure.gravatar.com\/avatar\/0a963c9e2a947fa675b669cea2b5d0ba6dd1cbf46b966190343b6c9973ad3337?s=96&d=mm&r=g","url":"https:\/\/secure.gravatar.com\/avatar\/0a963c9e2a947fa675b669cea2b5d0ba6dd1cbf46b966190343b6c9973ad3337?s=96&d=mm&r=g","contentUrl":"https:\/\/secure.gravatar.com\/avatar\/0a963c9e2a947fa675b669cea2b5d0ba6dd1cbf46b966190343b6c9973ad3337?s=96&d=mm&r=g","caption":"Priscila Almeida"},"description":"Atua na \u00e1rea de concursos p\u00fablicos desde 2019. As editorias que mais t\u00eam familiaridade s\u00e3o: Tribunais (TJs; TRTs; TREs; TSTs; STJ, STF, STM e TSE); Defensorias; Minist\u00e9rios P\u00fablicos; Procuradorias; Educa\u00e7\u00e3o e Conselhos. Na \u00e1rea de comunica\u00e7\u00e3o, de maneira geral, a caminhada \u00e9 um pouco mais longa - desde 2007. Possui experi\u00eancia em reda\u00e7\u00f5es de r\u00e1dio, TV, Web e impresso, al\u00e9m de desenvolver trabalhos em assessorias de comunica\u00e7\u00e3o institucional, empresarial e p\u00fablicas. Entre outros trabalhos, se destacam a atua\u00e7\u00e3o nas \u00e1reas de Justi\u00e7a, Congresso, Esportes, Sa\u00fade, Agropecu\u00e1ria, Cidades e Avia\u00e7\u00e3o Civil.","url":"https:\/\/www.estrategiaconcursos.com.br\/blog\/author\/priscila-almeidaestrategia-com\/"}]}},"_links":{"self":[{"href":"https:\/\/www.estrategiaconcursos.com.br\/blog\/wp-json\/wp\/v2\/posts\/1052180","targetHints":{"allow":["GET"]}}],"collection":[{"href":"https:\/\/www.estrategiaconcursos.com.br\/blog\/wp-json\/wp\/v2\/posts"}],"about":[{"href":"https:\/\/www.estrategiaconcursos.com.br\/blog\/wp-json\/wp\/v2\/types\/post"}],"author":[{"embeddable":true,"href":"https:\/\/www.estrategiaconcursos.com.br\/blog\/wp-json\/wp\/v2\/users\/2375"}],"replies":[{"embeddable":true,"href":"https:\/\/www.estrategiaconcursos.com.br\/blog\/wp-json\/wp\/v2\/comments?post=1052180"}],"version-history":[{"count":29,"href":"https:\/\/www.estrategiaconcursos.com.br\/blog\/wp-json\/wp\/v2\/posts\/1052180\/revisions"}],"predecessor-version":[{"id":1071772,"href":"https:\/\/www.estrategiaconcursos.com.br\/blog\/wp-json\/wp\/v2\/posts\/1052180\/revisions\/1071772"}],"wp:featuredmedia":[{"embeddable":true,"href":"https:\/\/www.estrategiaconcursos.com.br\/blog\/wp-json\/wp\/v2\/media\/1052189"}],"wp:attachment":[{"href":"https:\/\/www.estrategiaconcursos.com.br\/blog\/wp-json\/wp\/v2\/media?parent=1052180"}],"wp:term":[{"taxonomy":"category","embeddable":true,"href":"https:\/\/www.estrategiaconcursos.com.br\/blog\/wp-json\/wp\/v2\/categories?post=1052180"},{"taxonomy":"post_tag","embeddable":true,"href":"https:\/\/www.estrategiaconcursos.com.br\/blog\/wp-json\/wp\/v2\/tags?post=1052180"},{"taxonomy":"tax_estado","embeddable":true,"href":"https:\/\/www.estrategiaconcursos.com.br\/blog\/wp-json\/wp\/v2\/tax_estado?post=1052180"}],"curies":[{"name":"wp","href":"https:\/\/api.w.org\/{rel}","templated":true}]}}