{"id":105216,"date":"2018-02-05T10:07:56","date_gmt":"2018-02-05T13:07:56","guid":{"rendered":"https:\/\/www.estrategiaconcursos.com.br\/blog\/?p=105216"},"modified":"2018-02-05T10:10:35","modified_gmt":"2018-02-05T13:10:35","slug":"o-trabalho-policial-e-aptidao-fisica","status":"publish","type":"post","link":"https:\/\/www.estrategiaconcursos.com.br\/blog\/o-trabalho-policial-e-aptidao-fisica\/","title":{"rendered":"O trabalho policial e a aptid\u00e3o f\u00edsica"},"content":{"rendered":"<p style=\"text-align: justify\"><span style=\"font-family: arial, helvetica, sans-serif\">Ol\u00e1, tudo bem por a\u00ed?<\/span><\/p>\n<p style=\"text-align: justify\"><span style=\"font-family: arial, helvetica, sans-serif\">Iniciaremos nos pr\u00f3ximos dias a Consultoria de Treinamento F\u00edsico para Teste de Aptid\u00e3o F\u00edsica &#8211; TAF do Concurso da PM- DF 2018.<\/span><\/p>\n<p style=\"text-align: justify\"><span style=\"font-family: arial, helvetica, sans-serif\">Vou contar algo que n\u00e3o \u00e9 segredo e novidade.<\/span><\/p>\n<p style=\"text-align: justify\"><span style=\"font-family: arial, helvetica, sans-serif\">Ap\u00f3s as provas objetiva e discursiva, a pr\u00f3xima etapa \u00e9 a realiza\u00e7\u00e3o do <span style=\"color: #ff0000\">Teste de Aptid\u00e3o F\u00edsica, o famoso TAF<\/span>!<\/span><\/p>\n<p style=\"text-align: justify\"><span style=\"font-family: arial, helvetica, sans-serif\">Serei direto agora.<\/span><\/p>\n<p style=\"text-align: justify\"><span style=\"font-family: arial, helvetica, sans-serif\">Vou falar a primeira verdade para voc\u00ea.<\/span><\/p>\n<p style=\"text-align: justify\"><span style=\"font-family: arial, helvetica, sans-serif\">O treinamento f\u00edsico para os testes de aptid\u00e3o f\u00edsica previstos no TAF da Pol\u00edcia Militar do DF deve ser iniciado AGORA!<\/span><\/p>\n<p style=\"text-align: justify\"><span style=\"font-family: arial, helvetica, sans-serif\">\u00c9 igual ao estudo para as mat\u00e9rias te\u00f3ricas do concurso.<\/span><\/p>\n<p style=\"text-align: justify\"><span style=\"font-family: arial, helvetica, sans-serif\">Surpresas n\u00e3o acontecer\u00e3o, pois voc\u00ea poder\u00e1 treinar tudo o que ser\u00e1 exigido no dia do TAF.<\/span><\/p>\n<p style=\"text-align: justify\"><span style=\"font-family: arial, helvetica, sans-serif\">Voc\u00ea ter\u00e1 um treinamento f\u00edsico certo, seguro e <span style=\"color: #ff0000\">antecipado.<\/span><\/span><\/p>\n<p style=\"text-align: justify\"><span style=\"font-family: arial, helvetica, sans-serif\">\u00c9 f\u00e1cil perceber,<span style=\"color: #ff0000\"> o gabarito j\u00e1 est\u00e1 pronto<\/span>.<\/span><\/p>\n<p style=\"text-align: justify\"><span style=\"font-family: arial, helvetica, sans-serif\">Voc\u00ea j\u00e1 conhece o \u00edndice para ser <span style=\"color: #ff0000\">aprovado<\/span>.<\/span><\/p>\n<p style=\"text-align: justify\"><span style=\"font-family: arial, helvetica, sans-serif\">Assim, vamos criar a rotina do Treinamento F\u00edsico.<\/span><\/p>\n<p style=\"text-align: justify\"><span style=\"font-family: arial, helvetica, sans-serif\">S\u00f3 para recordar, os testes de aptid\u00e3o f\u00edsica exigidos para homens e mulheres s\u00e3o: <span style=\"color: #ff0000\">Teste Din\u00e2mico em Barra Fixa (homens), Teste Est\u00e1tico em Barra Fixa, Teste de Abdominal tipo remador, Teste de Corrida 12 min e o Teste de Nata\u00e7\u00e3o 50m<\/span>.<\/span><\/p>\n<p style=\"text-align: justify\"><span style=\"font-family: arial, helvetica, sans-serif\">Voc\u00ea deve estar pensando&#8230;.<\/span><\/p>\n<p style=\"text-align: justify\"><span style=\"font-family: arial, helvetica, sans-serif\">Quem escreveu esse artigo?<\/span><\/p>\n<p style=\"text-align: justify\"><span style=\"font-family: arial, helvetica, sans-serif\">Ainda n\u00e3o falei um pouco da minha hist\u00f3ria.<\/span><\/p>\n<p style=\"text-align: justify\"><span style=\"font-family: arial, helvetica, sans-serif\">Sou o Professor Eduardo Schneider e estaremos juntos no treinamento f\u00edsico para o TAF da PMDF.<\/span><\/p>\n<p style=\"text-align: justify\"><span style=\"font-family: arial, helvetica, sans-serif\">Bom, sou graduado em Educa\u00e7\u00e3o F\u00edsica e mestre em Atividade F\u00edsica e Esporte &#8211; Universidade de Bras\u00edlia. Tenho experi\u00eancia na \u00e1rea de Testes, Medidas e Avalia\u00e7\u00e3o aplicados \u00e0 Seguran\u00e7a P\u00fablica. Publiquei recentemente o livro &#8211; TFP O treinamento f\u00edsico da Pol\u00edcia Federal. Sou autor de diversos estudos relacionados ao treinamento e aptid\u00e3o f\u00edsica dos agentes e operadores em Seguran\u00e7a P\u00fablico. Al\u00e9m disso, ajudei muitos alunos a conquistar a vaga em um concurso da \u00e1rea policial ao ensinar a dominar o TAF.<\/span><\/p>\n<p style=\"text-align: justify\"><span style=\"font-family: arial, helvetica, sans-serif\">Escrevi esse artigo no intuito de ressaltar as caracter\u00edsticas do trabalho policial, de acordo com a \u00f3tica da aptid\u00e3o f\u00edsica e os seus componentes.<\/span><\/p>\n<p style=\"text-align: justify\"><span style=\"font-family: arial, helvetica, sans-serif\">Esses ser\u00e3o exigidos nos testes f\u00edsicos previstos no TAF da PMDF.<\/span><\/p>\n<p style=\"text-align: justify\"><span style=\"font-family: arial, helvetica, sans-serif\">Ent\u00e3o, a hora \u00e9 agora!<\/span><\/p>\n<p style=\"text-align: justify\"><span style=\"font-family: arial, helvetica, sans-serif\">Convido todos voc\u00eas a iniciar o treinamento f\u00edsico com a leitura desse artigo.<\/span><\/p>\n<p style=\"text-align: justify\"><span style=\"font-family: arial, helvetica, sans-serif\">Preparado?<\/span><\/p>\n<p style=\"text-align: justify\"><span style=\"font-family: arial, helvetica, sans-serif\">A aptid\u00e3o f\u00edsica \u00e9 um termo que foi traduzido da palavra de origem inglesa \u201cPhysical Fitness\u201d e est\u00e1 relacionada com a dimens\u00e3o biol\u00f3gica do ser humano, ou seja, <span style=\"color: #ff0000\">capacidade de movimentos, capacidade funcional, trabalho f\u00edsico e desempenho de atividade f\u00edsica; sugeridos com inten\u00e7\u00e3o de descrever um conceito relacionado primariamente com a capacidade para produzir grande quantidade de atividade motora<\/span> (Pate, 1998 citado por Pitanga, 2002i).<\/span><\/p>\n<p style=\"text-align: justify\"><span style=\"font-family: arial, helvetica, sans-serif\">Al\u00e9m disso, a aptid\u00e3o f\u00edsica \u00e9 considerada tamb\u00e9m um constructo din\u00e2mico, pois est\u00e1 aumentando continuamente de import\u00e2ncia para a vida e a sa\u00fade cotidianas (ACSM, 2006ii).<\/span><\/p>\n<p style=\"text-align: justify\"><span style=\"font-family: arial, helvetica, sans-serif\">Se voc\u00ea chegou at\u00e9 aqui, parab\u00e9ns!<\/span><\/p>\n<p style=\"text-align: justify\"><span style=\"font-family: arial, helvetica, sans-serif\">O seu compromisso \u00e9 verdadeiro.<\/span><\/p>\n<p style=\"text-align: justify\"><span style=\"font-family: arial, helvetica, sans-serif\">Vou continuar&#8230;<\/span><\/p>\n<p style=\"text-align: justify\"><span style=\"font-family: arial, helvetica, sans-serif\">Em algum momento voc\u00ea deve ter pensado ou imaginado a <span style=\"color: #ff0000\">rela\u00e7\u00e3o da aptid\u00e3o f\u00edsica e o trabalho policial<\/span>.<\/span><\/p>\n<p style=\"text-align: justify\"><span style=\"font-family: arial, helvetica, sans-serif\">Vou te explicar de uma forma simples e objetiva.<\/span><\/p>\n<p style=\"text-align: justify\"><span style=\"font-family: arial, helvetica, sans-serif\">Leia com aten\u00e7\u00e3o!<\/span><\/p>\n<p style=\"text-align: justify\"><span style=\"font-family: arial, helvetica, sans-serif\">Isso \u00e9 importante e ser\u00e1 o primeiro passo para a PMDF.<\/span><\/p>\n<p style=\"text-align: justify\"><span style=\"font-family: arial, helvetica, sans-serif\">O trabalho Policial e a Aptid\u00e3o F\u00edsica.<\/span><\/p>\n<p style=\"text-align: justify\"><span style=\"font-family: arial, helvetica, sans-serif\">No come\u00e7o do s\u00e9culo passado, o trabalho policial era considerado apenas de exig\u00eancia f\u00edsica. Os policiais realizavam o trabalho sempre andando nas ruas, subindo e descendo morros e escadas, verificando locais escuros e fazendo revistas a suspeitos. Confrontos f\u00edsicos eram regulares e o policial deveria utilizar sua capacidade f\u00edsica para defesa pessoal. Frequentemente, os policiais conduziam os suspeitos e os colocavam diretamente na pris\u00e3o (Bonneau &amp; Brown, 1995iii).<\/span><br \/>\n<span style=\"font-family: arial, helvetica, sans-serif\"> Essa caracteriza\u00e7\u00e3o do trabalho policial passou a ser chamada de aptid\u00e3o ocupacional. Outra caracter\u00edstica presente era do trabalho realizado por aqueles que tivessem uma grande capacidade f\u00edsica, normalmente medida apenas pelas caracter\u00edsticas antropom\u00e9tricas. As mulheres eram preteridas nessa situa\u00e7\u00e3o. Essa era a forma de entender o trabalho policial.<\/span><\/p>\n<p style=\"text-align: justify\"><span style=\"font-family: arial, helvetica, sans-serif\">Muitas institui\u00e7\u00f5es policiais do mundo recorriam na forma de sele\u00e7\u00e3o, ao perfil de pessoas com a capacidade f\u00edsica e caracter\u00edsticas antropom\u00e9tricas para o enfrentamento das situa\u00e7\u00f5es do trabalho policial da \u00e9poca.<\/span><\/p>\n<p style=\"text-align: justify\"><span style=\"font-family: arial, helvetica, sans-serif\">Com o advento da tecnologia e, sobretudo, das diferentes formas de crimes enfrentados pelos policiais, surge \u00e0 necessidade de sele\u00e7\u00e3o e prepara\u00e7\u00e3o para o novo trabalho policial.<\/span><\/p>\n<p style=\"text-align: justify\"><span style=\"font-family: arial, helvetica, sans-serif\">Foi necess\u00e1rio definir e mensurar quais as capacidades f\u00edsicas necess\u00e1rias para desempenhar esse trabalho. O termo aptid\u00e3o ocupacional novamente aparece para caracterizar quais componentes da aptid\u00e3o f\u00edsica e quais habilidades seriam necess\u00e1rias.<\/span><\/p>\n<p style=\"text-align: justify\"><span style=\"font-family: arial, helvetica, sans-serif\">Atualmente, a atividade policial envolve a realiza\u00e7\u00e3o de tarefas diversificadas do ponto de vista da atividade f\u00edsica. Dependendo da fun\u00e7\u00e3o, o indiv\u00edduo pode passar v\u00e1rias horas sentado diante do computador em uma delegacia, no batalh\u00e3o e at\u00e9 mesmo parado ao volante na viatura, como tamb\u00e9m pode expor-se a situa\u00e7\u00f5es fisicamente arriscadas, tais como: conduzir autom\u00f3veis ou motocicletas em alta velocidade, usar a for\u00e7a para conter uma pessoa ou envolver-se em confrontos armados (Hagen, 2006iv).<\/span><\/p>\n<p style=\"text-align: justify\"><span style=\"font-family: arial, helvetica, sans-serif\">Algumas pesquisas relatam que o policial deve trabalhar no m\u00e1ximo ou perto da aptid\u00e3o f\u00edsica m\u00e1xima pelo menos 5 vezes ao ano.<\/span><\/p>\n<p style=\"text-align: justify\"><span style=\"font-family: arial, helvetica, sans-serif\">J\u00e1 imaginou uma persegui\u00e7\u00e3o pelas ruas da Capital Federal? E ainda, atuar em um grande evento para garantir a seguran\u00e7a da popula\u00e7\u00e3o, ficando v\u00e1rias horas em p\u00e9 com todo o equipamento?<\/span><\/p>\n<p style=\"text-align: justify\"><span style=\"font-family: arial, helvetica, sans-serif\">Isso tudo ser\u00e1 real em alguns meses.<\/span><\/p>\n<p style=\"text-align: justify\"><span style=\"font-family: arial, helvetica, sans-serif\">Devemos reconhecer que, enquanto as tarefas que exigem certa aptid\u00e3o, capacidade e habilidade f\u00edsica n\u00e3o s\u00e3o frequentes, elas s\u00e3o na maioria das vezes cr\u00edticas para o trabalho, por exemplo, <span style=\"color: #ff0000\">o dom\u00ednio e a submiss\u00e3o de provocadores de eventos cr\u00edticos (PEC) em situa\u00e7\u00f5es de risco. N\u00e3o obstante, realizando uma an\u00e1lise das tarefas ou do trabalho funcional, a tarefa f\u00edsica invariavelmente est\u00e1 presente<\/span> (Trottier &amp; Brown 1994v). Essa tarefa inclui a persegui\u00e7\u00e3o de suspeitos que venham a escapar, controle daqueles que resistem \u00e0 pris\u00e3o, uso de algemas e o controle de dist\u00farbio civil, tarefas presentes tamb\u00e9m no trabalho do policial militar do DF.<\/span><\/p>\n<p style=\"text-align: justify\"><span style=\"font-family: arial, helvetica, sans-serif\">A falta de capacidade f\u00edsica e habilidade para cumprir essas tarefas podem colocar em perigo a seguran\u00e7a p\u00fablica e dos pr\u00f3prios policiais.<\/span><\/p>\n<p style=\"text-align: justify\"><span style=\"font-family: arial, helvetica, sans-serif\"><span style=\"color: #ff0000\">Entendeu a necessidade do TAF<\/span>?<\/span><\/p>\n<p style=\"text-align: justify\"><span style=\"font-family: arial, helvetica, sans-serif\">Diante dessa situa\u00e7\u00e3o apresentada e para medir a aptid\u00e3o f\u00edsica relacionada ao trabalho policial, buscou-se refer\u00eancia nos componentes relacionadas \u00e0 sa\u00fade e\u00a0 aqueles relacionados ao desempenho profissional.<\/span><\/p>\n<p style=\"text-align: justify\"><span style=\"font-family: arial, helvetica, sans-serif\">Esses componentes procuram mensurar as exig\u00eancias das tarefas f\u00edsicas do trabalho policial. Para determinar a <span style=\"color: #ff0000\">for\u00e7a muscular, a resist\u00eancia muscular, a capacidade e a pot\u00eancia aer\u00f3bia, os testes de aptid\u00e3o f\u00edsica devem ser usados<\/span>.<\/span><\/p>\n<p style=\"text-align: justify\"><span style=\"font-family: arial, helvetica, sans-serif\">De acordo com Bonneau &amp; Brown (1995), os testes de aptid\u00e3o f\u00edsica s\u00e3o educacionais e devem continuar a ser usados para auxiliar os policias a entender a necessidade de estar apto para o trabalho, bem como a forma de aptid\u00e3o da sua sa\u00fade e bem-estar. Diante disso, afirmam tamb\u00e9m que uma for\u00e7a de trabalho saud\u00e1vel \u00e9 mais produtiva e tem menor \u00edndice de afastamento por doen\u00e7as.<\/span><\/p>\n<p style=\"text-align: justify\"><span style=\"font-family: arial, helvetica, sans-serif\"><span style=\"color: #ff0000\">Inicie agora o seu treinamento f\u00edsico<\/span>.<\/span><\/p>\n<p style=\"text-align: justify\"><span style=\"font-family: arial, helvetica, sans-serif\">Estar apto fisicamente faz parte do trabalho policial.<\/span><\/p>\n<p style=\"text-align: justify\"><span style=\"font-family: arial, helvetica, sans-serif\">Em breve, vou abrir a consultoria para o TAF da PM-DF e contar todos os detalhes.<\/span><\/p>\n<p style=\"text-align: justify\"><span style=\"font-family: arial, helvetica, sans-serif\">Ganhe tempo e inicie o Treinamento F\u00edsico!<\/span><\/p>\n<p style=\"text-align: justify\"><span style=\"font-family: arial, helvetica, sans-serif\">Vamos treinar!<\/span><\/p>\n<p style=\"text-align: justify\"><span style=\"font-family: arial, helvetica, sans-serif\">Domine o TAF.<\/span><\/p>\n<p style=\"text-align: justify\"><span style=\"font-family: arial, helvetica, sans-serif\">Um forte abra\u00e7o.<\/span><\/p>\n<p style=\"text-align: justify\"><span style=\"font-family: arial, helvetica, sans-serif\">Eduardo Schneider<\/span><\/p>\n<p>&nbsp;<\/p>\n<p style=\"text-align: justify\"><span style=\"font-family: arial, helvetica, sans-serif\">iPitanga JGP, Epidemiologia, atividade f\u00edsica e sa\u00fade, Revista Brasileira de Ci\u00eancia e Movimento, 10 (3), 49 \u2013 54, jul \u2013 2002<\/span><\/p>\n<p style=\"text-align: justify\"><span style=\"font-family: arial, helvetica, sans-serif\">ACSM. Manual do ACSM para Avalia\u00e7\u00e3o da Aptid\u00e3o F\u00edsica relacionada \u00e0 sa\u00fade\/American College of Sports Medicine; trad. Giuseppe Taranto \u2013 Rio de Janeiro: Guanabara Koogan, 2006.<\/span><\/p>\n<p style=\"text-align: justify\"><span style=\"font-family: arial, helvetica, sans-serif\">Bonneau J, Brown J. Physical ability, fitness and police work. Journal of Clinical Forensic Medicine, v. 2, p. 157- 164, 1995.iv<\/span><\/p>\n<p style=\"text-align: justify\"><span style=\"font-family: arial, helvetica, sans-serif\">Hagen AMM. Rela\u00e7\u00f5es de g\u00eanero e trabalho policial. 30\u00b0 Encontro Anual da ANPOCS. Semin\u00e1rio Tem\u00e1tico 01: Conflitualidade social, acesso a justi\u00e7a e seguran\u00e7a p\u00fablica, 24-28\/10, 2006 v<\/span><\/p>\n<p style=\"text-align: justify\"><span style=\"font-family: arial, helvetica, sans-serif\">Trottier A, Brown J. Police Health: a Physician\u2019s guide for the assessment of police officers. Canada Comunication Group, 1994<\/span><\/p>\n","protected":false},"excerpt":{"rendered":"<p>Ol\u00e1, tudo bem por a\u00ed? Iniciaremos nos pr\u00f3ximos dias a Consultoria de Treinamento F\u00edsico para Teste de Aptid\u00e3o F\u00edsica &#8211; TAF do Concurso da PM- DF 2018. Vou contar algo que n\u00e3o \u00e9 segredo e novidade. Ap\u00f3s as provas objetiva e discursiva, a pr\u00f3xima etapa \u00e9 a realiza\u00e7\u00e3o do Teste de Aptid\u00e3o F\u00edsica, o famoso [&hellip;]<\/p>\n","protected":false},"author":582,"featured_media":0,"comment_status":"open","ping_status":"closed","sticky":false,"template":"","format":"standard","meta":{"post_tipo":"article","footnotes":""},"categories":[1],"tags":[],"tax_estado":[],"class_list":["post-105216","post","type-post","status-publish","format-standard","hentry","category-cursos-e-concursos"],"acf":[],"yoast_head":"<!-- This site is optimized with the Yoast SEO Premium plugin v27.2 (Yoast SEO v27.2) - https:\/\/yoast.com\/product\/yoast-seo-premium-wordpress\/ -->\n<title>O trabalho policial e a aptid\u00e3o f\u00edsica<\/title>\n<meta name=\"robots\" content=\"index, follow, max-snippet:-1, max-image-preview:large, max-video-preview:-1\" \/>\n<link rel=\"canonical\" href=\"https:\/\/www.estrategiaconcursos.com.br\/blog\/o-trabalho-policial-e-aptidao-fisica\/\" \/>\n<meta property=\"og:locale\" content=\"pt_BR\" \/>\n<meta property=\"og:type\" content=\"article\" \/>\n<meta property=\"og:title\" content=\"O trabalho policial e a aptid\u00e3o f\u00edsica\" \/>\n<meta property=\"og:description\" content=\"Ol\u00e1, tudo bem por a\u00ed? Iniciaremos nos pr\u00f3ximos dias a Consultoria de Treinamento F\u00edsico para Teste de Aptid\u00e3o F\u00edsica &#8211; TAF do Concurso da PM- DF 2018. Vou contar algo que n\u00e3o \u00e9 segredo e novidade. Ap\u00f3s as provas objetiva e discursiva, a pr\u00f3xima etapa \u00e9 a realiza\u00e7\u00e3o do Teste de Aptid\u00e3o F\u00edsica, o famoso [&hellip;]\" \/>\n<meta property=\"og:url\" content=\"https:\/\/www.estrategiaconcursos.com.br\/blog\/o-trabalho-policial-e-aptidao-fisica\/\" \/>\n<meta property=\"og:site_name\" content=\"Estrat\u00e9gia Concursos\" \/>\n<meta property=\"article:published_time\" content=\"2018-02-05T13:07:56+00:00\" \/>\n<meta property=\"article:modified_time\" content=\"2018-02-05T13:10:35+00:00\" \/>\n<meta name=\"author\" content=\"Eduardo Schneider\" \/>\n<meta name=\"twitter:card\" content=\"summary_large_image\" \/>\n<meta name=\"twitter:creator\" content=\"@EstratConcursos\" \/>\n<meta name=\"twitter:site\" content=\"@EstratConcursos\" \/>\n<meta name=\"twitter:label1\" content=\"Escrito por\" \/>\n\t<meta name=\"twitter:data1\" content=\"Eduardo Schneider\" \/>\n\t<meta name=\"twitter:label2\" content=\"Est. tempo de leitura\" \/>\n\t<meta name=\"twitter:data2\" content=\"7 minutos\" \/>\n<script type=\"application\/ld+json\" class=\"yoast-schema-graph\">{\"@context\":\"https:\/\/schema.org\",\"@graph\":[{\"@type\":\"NewsArticle\",\"@id\":\"https:\/\/www.estrategiaconcursos.com.br\/blog\/o-trabalho-policial-e-aptidao-fisica\/#article\",\"isPartOf\":{\"@id\":\"https:\/\/www.estrategiaconcursos.com.br\/blog\/o-trabalho-policial-e-aptidao-fisica\/\"},\"author\":{\"name\":\"Eduardo Schneider\",\"@id\":\"https:\/\/www.estrategiaconcursos.com.br\/blog\/#\/schema\/person\/72c659f6ce161645e433a08159d13d30\"},\"headline\":\"O trabalho policial e a aptid\u00e3o f\u00edsica\",\"datePublished\":\"2018-02-05T13:07:56+00:00\",\"dateModified\":\"2018-02-05T13:10:35+00:00\",\"mainEntityOfPage\":{\"@id\":\"https:\/\/www.estrategiaconcursos.com.br\/blog\/o-trabalho-policial-e-aptidao-fisica\/\"},\"wordCount\":1420,\"commentCount\":0,\"publisher\":{\"@id\":\"https:\/\/www.estrategiaconcursos.com.br\/blog\/#organization\"},\"articleSection\":[\"Concursos P\u00fablicos\"],\"inLanguage\":\"pt-BR\",\"potentialAction\":[{\"@type\":\"CommentAction\",\"name\":\"Comment\",\"target\":[\"https:\/\/www.estrategiaconcursos.com.br\/blog\/o-trabalho-policial-e-aptidao-fisica\/#respond\"]}],\"copyrightYear\":\"2018\",\"copyrightHolder\":{\"@id\":\"https:\/\/www.estrategiaconcursos.com.br\/blog\/#organization\"}},{\"@type\":\"WebPage\",\"@id\":\"https:\/\/www.estrategiaconcursos.com.br\/blog\/o-trabalho-policial-e-aptidao-fisica\/\",\"url\":\"https:\/\/www.estrategiaconcursos.com.br\/blog\/o-trabalho-policial-e-aptidao-fisica\/\",\"name\":\"O trabalho policial e a aptid\u00e3o f\u00edsica\",\"isPartOf\":{\"@id\":\"https:\/\/www.estrategiaconcursos.com.br\/blog\/#website\"},\"datePublished\":\"2018-02-05T13:07:56+00:00\",\"dateModified\":\"2018-02-05T13:10:35+00:00\",\"breadcrumb\":{\"@id\":\"https:\/\/www.estrategiaconcursos.com.br\/blog\/o-trabalho-policial-e-aptidao-fisica\/#breadcrumb\"},\"inLanguage\":\"pt-BR\",\"potentialAction\":[{\"@type\":\"ReadAction\",\"target\":[\"https:\/\/www.estrategiaconcursos.com.br\/blog\/o-trabalho-policial-e-aptidao-fisica\/\"]}]},{\"@type\":\"BreadcrumbList\",\"@id\":\"https:\/\/www.estrategiaconcursos.com.br\/blog\/o-trabalho-policial-e-aptidao-fisica\/#breadcrumb\",\"itemListElement\":[{\"@type\":\"ListItem\",\"position\":1,\"name\":\"In\u00edcio\",\"item\":\"https:\/\/www.estrategiaconcursos.com.br\/blog\/\"},{\"@type\":\"ListItem\",\"position\":2,\"name\":\"O trabalho policial e a aptid\u00e3o f\u00edsica\"}]},{\"@type\":\"WebSite\",\"@id\":\"https:\/\/www.estrategiaconcursos.com.br\/blog\/#website\",\"url\":\"https:\/\/www.estrategiaconcursos.com.br\/blog\/\",\"name\":\"Estrat\u00e9gia Concursos\",\"description\":\"O blog da Estrat\u00e9gia Concursos traz not\u00edcias sobre concursos e artigos de professores oferecendo cursos para concursos (pdf + videaulas) no site.\",\"publisher\":{\"@id\":\"https:\/\/www.estrategiaconcursos.com.br\/blog\/#organization\"},\"potentialAction\":[{\"@type\":\"SearchAction\",\"target\":{\"@type\":\"EntryPoint\",\"urlTemplate\":\"https:\/\/www.estrategiaconcursos.com.br\/blog\/?s={search_term_string}\"},\"query-input\":{\"@type\":\"PropertyValueSpecification\",\"valueRequired\":true,\"valueName\":\"search_term_string\"}}],\"inLanguage\":\"pt-BR\"},{\"@type\":\"Organization\",\"@id\":\"https:\/\/www.estrategiaconcursos.com.br\/blog\/#organization\",\"name\":\"Estrat\u00e9gia Concursos\",\"url\":\"https:\/\/www.estrategiaconcursos.com.br\/blog\/\",\"logo\":{\"@type\":\"ImageObject\",\"inLanguage\":\"pt-BR\",\"@id\":\"https:\/\/www.estrategiaconcursos.com.br\/blog\/#\/schema\/logo\/image\/\",\"url\":\"https:\/\/dhg1h5j42swfq.cloudfront.net\/2025\/06\/03203428\/logo_concursos-1.jpg\",\"contentUrl\":\"https:\/\/dhg1h5j42swfq.cloudfront.net\/2025\/06\/03203428\/logo_concursos-1.jpg\",\"width\":230,\"height\":60,\"caption\":\"Estrat\u00e9gia Concursos\"},\"image\":{\"@id\":\"https:\/\/www.estrategiaconcursos.com.br\/blog\/#\/schema\/logo\/image\/\"},\"sameAs\":[\"https:\/\/x.com\/EstratConcursos\"]},{\"@type\":\"Person\",\"@id\":\"https:\/\/www.estrategiaconcursos.com.br\/blog\/#\/schema\/person\/72c659f6ce161645e433a08159d13d30\",\"name\":\"Eduardo Schneider\",\"image\":{\"@type\":\"ImageObject\",\"inLanguage\":\"pt-BR\",\"@id\":\"https:\/\/secure.gravatar.com\/avatar\/442c21922aea2a7de724d16f206da7e8437582884e20f3813e63d67ded97b8a5?s=96&d=mm&r=g\",\"url\":\"https:\/\/secure.gravatar.com\/avatar\/442c21922aea2a7de724d16f206da7e8437582884e20f3813e63d67ded97b8a5?s=96&d=mm&r=g\",\"contentUrl\":\"https:\/\/secure.gravatar.com\/avatar\/442c21922aea2a7de724d16f206da7e8437582884e20f3813e63d67ded97b8a5?s=96&d=mm&r=g\",\"caption\":\"Eduardo Schneider\"},\"url\":\"https:\/\/www.estrategiaconcursos.com.br\/blog\/author\/blogdotafgmail-com\/\"}]}<\/script>\n<!-- \/ Yoast SEO Premium plugin. -->","yoast_head_json":{"title":"O trabalho policial e a aptid\u00e3o f\u00edsica","robots":{"index":"index","follow":"follow","max-snippet":"max-snippet:-1","max-image-preview":"max-image-preview:large","max-video-preview":"max-video-preview:-1"},"canonical":"https:\/\/www.estrategiaconcursos.com.br\/blog\/o-trabalho-policial-e-aptidao-fisica\/","og_locale":"pt_BR","og_type":"article","og_title":"O trabalho policial e a aptid\u00e3o f\u00edsica","og_description":"Ol\u00e1, tudo bem por a\u00ed? Iniciaremos nos pr\u00f3ximos dias a Consultoria de Treinamento F\u00edsico para Teste de Aptid\u00e3o F\u00edsica &#8211; TAF do Concurso da PM- DF 2018. Vou contar algo que n\u00e3o \u00e9 segredo e novidade. Ap\u00f3s as provas objetiva e discursiva, a pr\u00f3xima etapa \u00e9 a realiza\u00e7\u00e3o do Teste de Aptid\u00e3o F\u00edsica, o famoso [&hellip;]","og_url":"https:\/\/www.estrategiaconcursos.com.br\/blog\/o-trabalho-policial-e-aptidao-fisica\/","og_site_name":"Estrat\u00e9gia Concursos","article_published_time":"2018-02-05T13:07:56+00:00","article_modified_time":"2018-02-05T13:10:35+00:00","author":"Eduardo Schneider","twitter_card":"summary_large_image","twitter_creator":"@EstratConcursos","twitter_site":"@EstratConcursos","twitter_misc":{"Escrito por":"Eduardo Schneider","Est. tempo de leitura":"7 minutos"},"schema":{"@context":"https:\/\/schema.org","@graph":[{"@type":"NewsArticle","@id":"https:\/\/www.estrategiaconcursos.com.br\/blog\/o-trabalho-policial-e-aptidao-fisica\/#article","isPartOf":{"@id":"https:\/\/www.estrategiaconcursos.com.br\/blog\/o-trabalho-policial-e-aptidao-fisica\/"},"author":{"name":"Eduardo Schneider","@id":"https:\/\/www.estrategiaconcursos.com.br\/blog\/#\/schema\/person\/72c659f6ce161645e433a08159d13d30"},"headline":"O trabalho policial e a aptid\u00e3o f\u00edsica","datePublished":"2018-02-05T13:07:56+00:00","dateModified":"2018-02-05T13:10:35+00:00","mainEntityOfPage":{"@id":"https:\/\/www.estrategiaconcursos.com.br\/blog\/o-trabalho-policial-e-aptidao-fisica\/"},"wordCount":1420,"commentCount":0,"publisher":{"@id":"https:\/\/www.estrategiaconcursos.com.br\/blog\/#organization"},"articleSection":["Concursos P\u00fablicos"],"inLanguage":"pt-BR","potentialAction":[{"@type":"CommentAction","name":"Comment","target":["https:\/\/www.estrategiaconcursos.com.br\/blog\/o-trabalho-policial-e-aptidao-fisica\/#respond"]}],"copyrightYear":"2018","copyrightHolder":{"@id":"https:\/\/www.estrategiaconcursos.com.br\/blog\/#organization"}},{"@type":"WebPage","@id":"https:\/\/www.estrategiaconcursos.com.br\/blog\/o-trabalho-policial-e-aptidao-fisica\/","url":"https:\/\/www.estrategiaconcursos.com.br\/blog\/o-trabalho-policial-e-aptidao-fisica\/","name":"O trabalho policial e a aptid\u00e3o f\u00edsica","isPartOf":{"@id":"https:\/\/www.estrategiaconcursos.com.br\/blog\/#website"},"datePublished":"2018-02-05T13:07:56+00:00","dateModified":"2018-02-05T13:10:35+00:00","breadcrumb":{"@id":"https:\/\/www.estrategiaconcursos.com.br\/blog\/o-trabalho-policial-e-aptidao-fisica\/#breadcrumb"},"inLanguage":"pt-BR","potentialAction":[{"@type":"ReadAction","target":["https:\/\/www.estrategiaconcursos.com.br\/blog\/o-trabalho-policial-e-aptidao-fisica\/"]}]},{"@type":"BreadcrumbList","@id":"https:\/\/www.estrategiaconcursos.com.br\/blog\/o-trabalho-policial-e-aptidao-fisica\/#breadcrumb","itemListElement":[{"@type":"ListItem","position":1,"name":"In\u00edcio","item":"https:\/\/www.estrategiaconcursos.com.br\/blog\/"},{"@type":"ListItem","position":2,"name":"O trabalho policial e a aptid\u00e3o f\u00edsica"}]},{"@type":"WebSite","@id":"https:\/\/www.estrategiaconcursos.com.br\/blog\/#website","url":"https:\/\/www.estrategiaconcursos.com.br\/blog\/","name":"Estrat\u00e9gia Concursos","description":"O blog da Estrat\u00e9gia Concursos traz not\u00edcias sobre concursos e artigos de professores oferecendo cursos para concursos (pdf + videaulas) no site.","publisher":{"@id":"https:\/\/www.estrategiaconcursos.com.br\/blog\/#organization"},"potentialAction":[{"@type":"SearchAction","target":{"@type":"EntryPoint","urlTemplate":"https:\/\/www.estrategiaconcursos.com.br\/blog\/?s={search_term_string}"},"query-input":{"@type":"PropertyValueSpecification","valueRequired":true,"valueName":"search_term_string"}}],"inLanguage":"pt-BR"},{"@type":"Organization","@id":"https:\/\/www.estrategiaconcursos.com.br\/blog\/#organization","name":"Estrat\u00e9gia Concursos","url":"https:\/\/www.estrategiaconcursos.com.br\/blog\/","logo":{"@type":"ImageObject","inLanguage":"pt-BR","@id":"https:\/\/www.estrategiaconcursos.com.br\/blog\/#\/schema\/logo\/image\/","url":"https:\/\/dhg1h5j42swfq.cloudfront.net\/2025\/06\/03203428\/logo_concursos-1.jpg","contentUrl":"https:\/\/dhg1h5j42swfq.cloudfront.net\/2025\/06\/03203428\/logo_concursos-1.jpg","width":230,"height":60,"caption":"Estrat\u00e9gia Concursos"},"image":{"@id":"https:\/\/www.estrategiaconcursos.com.br\/blog\/#\/schema\/logo\/image\/"},"sameAs":["https:\/\/x.com\/EstratConcursos"]},{"@type":"Person","@id":"https:\/\/www.estrategiaconcursos.com.br\/blog\/#\/schema\/person\/72c659f6ce161645e433a08159d13d30","name":"Eduardo Schneider","image":{"@type":"ImageObject","inLanguage":"pt-BR","@id":"https:\/\/secure.gravatar.com\/avatar\/442c21922aea2a7de724d16f206da7e8437582884e20f3813e63d67ded97b8a5?s=96&d=mm&r=g","url":"https:\/\/secure.gravatar.com\/avatar\/442c21922aea2a7de724d16f206da7e8437582884e20f3813e63d67ded97b8a5?s=96&d=mm&r=g","contentUrl":"https:\/\/secure.gravatar.com\/avatar\/442c21922aea2a7de724d16f206da7e8437582884e20f3813e63d67ded97b8a5?s=96&d=mm&r=g","caption":"Eduardo Schneider"},"url":"https:\/\/www.estrategiaconcursos.com.br\/blog\/author\/blogdotafgmail-com\/"}]}},"_links":{"self":[{"href":"https:\/\/www.estrategiaconcursos.com.br\/blog\/wp-json\/wp\/v2\/posts\/105216","targetHints":{"allow":["GET"]}}],"collection":[{"href":"https:\/\/www.estrategiaconcursos.com.br\/blog\/wp-json\/wp\/v2\/posts"}],"about":[{"href":"https:\/\/www.estrategiaconcursos.com.br\/blog\/wp-json\/wp\/v2\/types\/post"}],"author":[{"embeddable":true,"href":"https:\/\/www.estrategiaconcursos.com.br\/blog\/wp-json\/wp\/v2\/users\/582"}],"replies":[{"embeddable":true,"href":"https:\/\/www.estrategiaconcursos.com.br\/blog\/wp-json\/wp\/v2\/comments?post=105216"}],"version-history":[{"count":3,"href":"https:\/\/www.estrategiaconcursos.com.br\/blog\/wp-json\/wp\/v2\/posts\/105216\/revisions"}],"predecessor-version":[{"id":105259,"href":"https:\/\/www.estrategiaconcursos.com.br\/blog\/wp-json\/wp\/v2\/posts\/105216\/revisions\/105259"}],"wp:attachment":[{"href":"https:\/\/www.estrategiaconcursos.com.br\/blog\/wp-json\/wp\/v2\/media?parent=105216"}],"wp:term":[{"taxonomy":"category","embeddable":true,"href":"https:\/\/www.estrategiaconcursos.com.br\/blog\/wp-json\/wp\/v2\/categories?post=105216"},{"taxonomy":"post_tag","embeddable":true,"href":"https:\/\/www.estrategiaconcursos.com.br\/blog\/wp-json\/wp\/v2\/tags?post=105216"},{"taxonomy":"tax_estado","embeddable":true,"href":"https:\/\/www.estrategiaconcursos.com.br\/blog\/wp-json\/wp\/v2\/tax_estado?post=105216"}],"curies":[{"name":"wp","href":"https:\/\/api.w.org\/{rel}","templated":true}]}}