{"id":1052019,"date":"2022-09-11T23:59:00","date_gmt":"2022-09-12T02:59:00","guid":{"rendered":"https:\/\/www.estrategiaconcursos.com.br\/blog\/?p=1052019"},"modified":"2022-09-12T09:18:04","modified_gmt":"2022-09-12T12:18:04","slug":"concurso-anp-pss-edital-publicado","status":"publish","type":"post","link":"https:\/\/www.estrategiaconcursos.com.br\/blog\/concurso-anp-pss-edital-publicado\/","title":{"rendered":"Edital PSS ANP: inscri\u00e7\u00f5es encerradas! S\u00e3o 48 vagas"},"content":{"rendered":"\n<p>Est\u00e3o oficialmente encerradas as inscri\u00e7\u00f5es do <strong>edital PSS ANP<\/strong> (<a href=\"https:\/\/www.estrategiaconcursos.com.br\/cursosPorConcurso\/anp-106\/\" target=\"_blank\" rel=\"noreferrer noopener\">Processo Seletivo Ag\u00eancia Nacional do Petr\u00f3leo<\/a>). Os interessados puderam se inscrever at\u00e9 o dia 11 de setembro, atrav\u00e9s do site da banca, o Cebraspe.<\/p>\n\n\n\n<p>Agora, os candidatos ter\u00e3o que enfrentar a etapa de prova objetiva, que era prevista inicialmente para o dia 25 de setembro, no entanto, foi alterada <strong>para a nova data do dia\u00a009 de outubro<\/strong>, domingo.<\/p>\n\n\n\n<p>A disputa \u00e9 pelas <strong>48 vagas <\/strong>de n\u00edvel superior de forma\u00e7\u00e3o, para Atividades de Fiscaliza\u00e7\u00e3o e Atividades de Regula\u00e7\u00e3o. Os sal\u00e1rios iniciais s\u00e3o de at\u00e9 <strong>R$ 6.130,00<\/strong>.<\/p>\n\n\n\n<div class=\"container\" id=\"boxes\">\n  <div class=\"row\">\n\n    <div class=\"col-sm\">\n      <div class=\"banner-estrategia\" id=\"box-assinatura\">\n        <h3 class=\"titulo-assinatura\">Cursos para ANP<\/h3>\n        <p class=\"subtitulo-assinatura\">Estude conosco<\/p>\n        <div class=\"box-botao\">\n          <a class=\"btn-assinatura\" target=\"_blank\" href=\"https:\/\/www.estrategiaconcursos.com.br\/cursosPorConcurso\/anp-106\/\" role=\"button\" rel=\"noopener noreferrer\">Conhe\u00e7a os cursos<\/a>\n        <\/div>\n      <\/div>\n     \n    <\/div>\n\n  <\/div>\n<\/div>\n\n\n\n<h2 class=\"wp-block-heading\" id=\"datas\">Principais datas do edital PSS ANP<\/h2>\n\n\n\n<ul class=\"wp-block-list\"><li><strong>Inscri\u00e7\u00f5es<\/strong>:<s> at\u00e9 o dia 11 de setembro<\/s><\/li><li><strong>Isen\u00e7\u00e3o da taxa<\/strong>: <s>at\u00e9 o dia 11 de setembro<\/s><\/li><li><strong>\u00daltimo dia para pagamento<\/strong>: 22 de setembro<\/li><li><strong>Prova<\/strong>: 09 de outubro<\/li><\/ul>\n\n\n\n<h2 class=\"wp-block-heading\" id=\"cargos-vagas\">Edital ANP: cargos e vagas<\/h2>\n\n\n\n<p>As oportunidades do edital ANP s\u00e3o destinadas para os cargos de:<\/p>\n\n\n\n<ul class=\"wp-block-list\"><li>2 vagas &#8211; Atividades de Fiscaliza\u00e7\u00e3o da Produ\u00e7\u00e3o de Combust\u00edveis I;<\/li><li>3 vagas &#8211; Atividades de Fiscaliza\u00e7\u00e3o da Produ\u00e7\u00e3o de Combust\u00edveis II;<\/li><li>3 vagas &#8211; Atividades de Fiscaliza\u00e7\u00e3o de Infraestrutura e Movimenta\u00e7\u00e3o;<\/li><li>1 vaga &#8211; <a href=\"https:\/\/www.estrategiaconcursos.com.br\/curso\/anp-atividade-4-atividades-de-regulacao-de-novas-atribuicoes-i-pacote-2022-pos-edital\/\" target=\"_blank\" rel=\"noreferrer noopener\">Atividades de Regula\u00e7\u00e3o de Novas Atribui\u00e7\u00f5es I<\/a>;<\/li><li>3 vagas &#8211; <a href=\"https:\/\/www.estrategiaconcursos.com.br\/curso\/anp-ativadade-5-atividades-de-regulacao-de-novas-atribuicoes-ii-pacote-2022-pos-edital\/\" target=\"_blank\" rel=\"noreferrer noopener\">Atividades de Regula\u00e7\u00e3o de Novas Atribui\u00e7\u00f5es II<\/a>;<\/li><li>4 vagas &#8211; Atividades de Regula\u00e7\u00e3o de Novas Atribui\u00e7\u00f5es III;<\/li><li>1 vaga &#8211; Atividades de Regula\u00e7\u00e3o de Novas Atribui\u00e7\u00f5es IV;<\/li><li>1 vaga &#8211; <a href=\"https:\/\/www.estrategiaconcursos.com.br\/curso\/anp-ativadade-8-atividades-de-regulacao-de-novas-atribuicoes-v-pacote-2022-pos-edital\/\" target=\"_blank\" rel=\"noreferrer noopener\">Atividades de Regula\u00e7\u00e3o de Novas Atribui\u00e7\u00f5es V<\/a>;<\/li><li>20 vagas &#8211; Atividades de Fiscaliza\u00e7\u00e3o do Abastecimento.<\/li><\/ul>\n\n\n\n<p>Confira o quadro de vagas e cidade de lota\u00e7\u00e3o:<\/p>\n\n\n\n<figure class=\"wp-block-image aligncenter size-full\"><img loading=\"lazy\" decoding=\"async\" width=\"882\" height=\"515\" src=\"https:\/\/dhg1h5j42swfq.cloudfront.net\/2022\/06\/29105539\/image-418.png\" alt=\"Concurso ANP: cargos e vagas\" class=\"wp-image-1052319\" srcset=\"https:\/\/dhg1h5j42swfq.cloudfront.net\/2022\/06\/29105539\/image-418.png 882w, https:\/\/dhg1h5j42swfq.cloudfront.net\/2022\/06\/29105539\/image-418-300x175.png 300w, https:\/\/dhg1h5j42swfq.cloudfront.net\/2022\/06\/29105539\/image-418-768x448.png 768w, https:\/\/dhg1h5j42swfq.cloudfront.net\/2022\/06\/29105539\/image-418-610x356.png 610w\" sizes=\"auto, (max-width: 882px) 100vw, 882px\" \/><\/figure>\n\n\n\n<h2 class=\"wp-block-heading\" id=\"etapas\">Edital ANP: etapas de provas<\/h2>\n\n\n\n<p>A sele\u00e7\u00e3o dos candidatos inscritos no edital PSS ANP se dar\u00e1 mediante aplica\u00e7\u00e3o das seguintes etapas:<\/p>\n\n\n\n<ul class=\"wp-block-list\"><li><strong>Prova objetiva <\/strong>para todos os cargos \u2013 eliminat\u00f3rio e classificat\u00f3rio; e <\/li><li><strong>Prova de t\u00edtulos<\/strong>, exceto para a Atividade 9 \u2013 classificat\u00f3rio.<\/li><\/ul>\n\n\n\n<h3 class=\"wp-block-heading\" id=\"objetiva\">Como ser\u00e3o as provas objetivas?<\/h3>\n\n\n\n<p>As provas objetivas para todas as atividades ter\u00e3o a dura\u00e7\u00e3o de 4 horas e ser\u00e3o aplicadas na data prov\u00e1vel de 25 de setembro. <\/p>\n\n\n\n<p>Ser\u00e3o 50 quest\u00f5es de conhecimentos gerais e 70 quest\u00f5es de conhecimentos espec\u00edficos. <\/p>\n\n\n\n<p>A prova objetiva valer\u00e1, ao todo, 120 pontos, e ser\u00e1 no modelo CERTO ou ERRADO. Cada resposta correta valer\u00e1 1 ponto. Cada resposta errada ser\u00e1 considerado 1 ponto negativo em caso de resposta em discord\u00e2ncia com o gabarito oficial.<\/p>\n\n\n\n<p>Conforme informado no edital ANP, o candidato ser\u00e1 considerado aprovado caso:<\/p>\n\n\n\n<ul class=\"wp-block-list\"><li><strong>a) <\/strong>obtiver nota inferior a 10,00 pontos na prova objetiva de conhecimentos gerais;<\/li><li><strong>b) <\/strong>obtiver nota inferior a 21,00 pontos na prova objetiva de conhecimentos espec\u00edficos;<\/li><li><strong>c)<\/strong> obtiver nota inferior a 36,00 pontos no conjunto das provas objetivas.<\/li><\/ul>\n\n\n\n<h3 class=\"wp-block-heading\" id=\"titulos\">Avalia\u00e7\u00e3o de T\u00edtulos<\/h3>\n\n\n\n<p>Esta etapa valer\u00e1, ao todo, 10 pontos (ainda que a soma dos valores dos t\u00edtulos enviados seja superior a esse valor).<\/p>\n\n\n\n<p class=\"has-text-align-center has-background has-medium-font-size\" style=\"background-color:#dfe4e9\"><strong>Saiba mais: <a href=\"https:\/\/www.estrategiaconcursos.com.br\/blog\/concurso-anp\/\" target=\"_blank\" rel=\"noreferrer noopener\">Concurso Ag\u00eancia Nacional do Petr\u00f3leo (ANP)<\/a><\/strong><\/p>\n\n\n\n<div class=\"container\" id=\"boxes\">\n  <div class=\"row\">\n\n    <div class=\"col-sm\">\n      <div class=\"banner-estrategia\" id=\"box-assinatura\">\n        <h3 class=\"titulo-assinatura\">Cursos para ANP<\/h3>\n        <p class=\"subtitulo-assinatura\">Estude conosco<\/p>\n        <div class=\"box-botao\">\n          <a class=\"btn-assinatura\" target=\"_blank\" href=\"https:\/\/www.estrategiaconcursos.com.br\/cursosPorConcurso\/anp-106\/\" role=\"button\" rel=\"noopener noreferrer\">Conhe\u00e7a os cursos<\/a>\n        <\/div>\n      <\/div>\n     \n    <\/div>\n\n  <\/div>\n<\/div>\n\n\n\n<div class=\"container\" id=\"boxes\">\n  <div class=\"row\">\n\n    <div class=\"col-sm\">\n      <div class=\"estrategia\" id=\"box-assinatura\">\n        <h3 class=\"titulo-assinatura\">Assinatura de Concursos<\/h3>\n        <p class=\"subtitulo-assinatura\">Assinatura de 1 ano ou 2 anos<\/p>\n        <div class=\"box-botao\">\n          <a class=\"btn-assinatura\" target=\"_blank\" href=\"https:\/\/www.estrategiaconcursos.com.br\/assinaturas\/\" role=\"button\" rel=\"noopener noreferrer\">ASSINE AGORA<\/a>\n        <\/div>\n      <\/div>\n     \n    <\/div><\/div><\/div>\n\n\n\n<h2 class=\"has-text-align-center wp-block-heading\" id=\"h-quer-saber-tudo-sobre-concursos-previstos-confira-nossos-artigos\">Quer saber tudo sobre concursos previstos?<br \/>Confira  nossos artigos!<\/h2>\n\n\n\n<ul class=\"wp-block-list\"><li><a href=\"https:\/\/www.estrategiaconcursos.com.br\/blog\/concursos-abertos\/\" target=\"_blank\" rel=\"noreferrer noopener\">Concursos Abertos<\/a><\/li><li><a href=\"https:\/\/www.estrategiaconcursos.com.br\/blog\/concursos-2022\/\" target=\"_blank\" rel=\"noreferrer noopener\">Concursos 2022<\/a><\/li><li><a href=\"https:\/\/www.estrategiaconcursos.com.br\/blog\/concursos-2022\/\" target=\"_blank\" rel=\"noreferrer noopener\">Concursos 2023<\/a><\/li><\/ul>\n\n\n\n<figure class=\"wp-block-image size-large is-resized\"><img loading=\"lazy\" decoding=\"async\" src=\"https:\/\/dhg1h5j42swfq.cloudfront.net\/2025\/06\/27101122\/ficha-tecnica-1-1024x632.png\" alt=\"Informa\u00e7\u00f5es do edital PSS ANP\" class=\"wp-image-702728\" width=\"269\" height=\"166\" srcset=\"https:\/\/dhg1h5j42swfq.cloudfront.net\/2025\/06\/27101122\/ficha-tecnica-1-1024x632.png 1024w, https:\/\/dhg1h5j42swfq.cloudfront.net\/2025\/06\/27101122\/ficha-tecnica-1-300x185.png 300w, https:\/\/dhg1h5j42swfq.cloudfront.net\/2025\/06\/27101122\/ficha-tecnica-1-768x474.png 768w, https:\/\/dhg1h5j42swfq.cloudfront.net\/2025\/06\/27101122\/ficha-tecnica-1-1536x948.png 1536w, https:\/\/dhg1h5j42swfq.cloudfront.net\/2025\/06\/27101122\/ficha-tecnica-1-610x377.png 610w, https:\/\/dhg1h5j42swfq.cloudfront.net\/2025\/06\/27101122\/ficha-tecnica-1.png 1571w\" sizes=\"auto, (max-width: 269px) 100vw, 269px\" \/><\/figure>\n\n\n\n<h3 class=\"wp-block-heading\" id=\"block-ba1614b5-988b-41ef-892d-f4c9f7e9dd42\">Informa\u00e7\u00f5es do edital PSS ANP<\/h3>\n\n\n\n<ul class=\"wp-block-list\" id=\"block-46dd482c-33cf-409c-8762-75c111403f14\"><li><strong style=\"color: initial;\">Provas<\/strong><span style=\"color: initial;\">: 09 <\/span>de outubro<\/li><li><strong>Vagas<\/strong>: 48<\/li><li><strong>Cargos<\/strong>: Atividades de Fiscaliza\u00e7\u00e3o e Atividades de Regula\u00e7\u00e3o<\/li><li><strong>Banca<\/strong>: <a href=\"https:\/\/www.cebraspe.org.br\/\" target=\"_blank\" rel=\"noreferrer noopener\">Cebraspe<\/a><\/li><li><strong>Escolaridade<\/strong>: N\u00edvel superior <\/li><li><strong>Edital<\/strong>:&nbsp;<a href=\"https:\/\/dhg1h5j42swfq.cloudfront.net\/2022\/06\/29105014\/ed_1_2022_anp_pss_abertura-1.pdf\" target=\"_blank\" rel=\"noreferrer noopener nofollow\">PSS ANP<\/a> | <a href=\"https:\/\/dhg1h5j42swfq.cloudfront.net\/2022\/09\/06165241\/ed_2_2022_anp_pss_ret_cargos_reabertura_inscries.pdf\" target=\"_blank\" rel=\"noreferrer noopener nofollow\">Retifica\u00e7\u00e3o<\/a><\/li><\/ul>\n","protected":false},"excerpt":{"rendered":"<p>Est\u00e3o oficialmente encerradas as inscri\u00e7\u00f5es do edital PSS ANP (Processo Seletivo Ag\u00eancia Nacional do Petr\u00f3leo). Os interessados puderam se inscrever at\u00e9 o dia 11 de setembro, atrav\u00e9s do site da banca, o Cebraspe. Agora, os candidatos ter\u00e3o que enfrentar a etapa de prova objetiva, que era prevista inicialmente para o dia 25 de setembro, no [&hellip;]<\/p>\n","protected":false},"author":656,"featured_media":1052020,"comment_status":"open","ping_status":"closed","sticky":false,"template":"","format":"standard","meta":{"post_tipo":"news","footnotes":""},"categories":[214992,220219],"tags":[],"tax_estado":[219963],"class_list":["post-1052019","post","type-post","status-publish","format-standard","has-post-thumbnail","hentry","category-concursos-administrativos","category-noticias","tax_estado-concursos-federais"],"acf":[],"yoast_head":"<!-- This site is optimized with the Yoast SEO Premium plugin v27.2 (Yoast SEO v27.2) - https:\/\/yoast.com\/product\/yoast-seo-premium-wordpress\/ -->\n<title>Edital PSS ANP: inscri\u00e7\u00f5es encerradas! S\u00e3o 48 vagas<\/title>\n<meta name=\"description\" content=\"Edital PSS ANP: inscri\u00e7\u00f5es encerradas atrav\u00e9s do site do Cebraspe. S\u00e3o 48 vagas para cargos de n\u00edvel superior. Veja aqui!\" \/>\n<meta name=\"robots\" content=\"index, follow, max-snippet:-1, max-image-preview:large, max-video-preview:-1\" \/>\n<link rel=\"canonical\" href=\"https:\/\/www.estrategiaconcursos.com.br\/blog\/concurso-anp-pss-edital-publicado\/\" \/>\n<meta property=\"og:locale\" content=\"pt_BR\" \/>\n<meta property=\"og:type\" content=\"article\" \/>\n<meta property=\"og:title\" content=\"Edital PSS ANP: inscri\u00e7\u00f5es encerradas! S\u00e3o 48 vagas\" \/>\n<meta property=\"og:description\" content=\"Edital PSS ANP: inscri\u00e7\u00f5es encerradas atrav\u00e9s do site do Cebraspe. S\u00e3o 48 vagas para cargos de n\u00edvel superior. Veja aqui!\" \/>\n<meta property=\"og:url\" content=\"https:\/\/www.estrategiaconcursos.com.br\/blog\/concurso-anp-pss-edital-publicado\/\" \/>\n<meta property=\"og:site_name\" content=\"Estrat\u00e9gia Concursos\" \/>\n<meta property=\"article:published_time\" content=\"2022-09-12T02:59:00+00:00\" \/>\n<meta property=\"article:modified_time\" content=\"2022-09-12T12:18:04+00:00\" \/>\n<meta property=\"og:image\" content=\"https:\/\/dhg1h5j42swfq.cloudfront.net\/2022\/06\/29054515\/edital-pss-anp.jpg\" \/>\n\t<meta property=\"og:image:width\" content=\"300\" \/>\n\t<meta property=\"og:image:height\" content=\"169\" \/>\n\t<meta property=\"og:image:type\" content=\"image\/jpeg\" \/>\n<meta name=\"author\" content=\"F\u00e1bio Scaldelai\" \/>\n<meta name=\"twitter:card\" content=\"summary_large_image\" \/>\n<meta name=\"twitter:creator\" content=\"@EstratConcursos\" \/>\n<meta name=\"twitter:site\" content=\"@EstratConcursos\" \/>\n<meta name=\"twitter:label1\" content=\"Escrito por\" \/>\n\t<meta name=\"twitter:data1\" content=\"F\u00e1bio Scaldelai\" \/>\n\t<meta name=\"twitter:label2\" content=\"Est. tempo de leitura\" \/>\n\t<meta name=\"twitter:data2\" content=\"4 minutos\" \/>\n<script type=\"application\/ld+json\" class=\"yoast-schema-graph\">{\"@context\":\"https:\/\/schema.org\",\"@graph\":[{\"@type\":\"NewsArticle\",\"@id\":\"https:\/\/www.estrategiaconcursos.com.br\/blog\/concurso-anp-pss-edital-publicado\/#article\",\"isPartOf\":{\"@id\":\"https:\/\/www.estrategiaconcursos.com.br\/blog\/concurso-anp-pss-edital-publicado\/\"},\"author\":{\"name\":\"F\u00e1bio Scaldelai\",\"@id\":\"https:\/\/www.estrategiaconcursos.com.br\/blog\/#\/schema\/person\/e3b6b7ce0192dd4ad270655969d61750\"},\"headline\":\"Edital PSS ANP: inscri\u00e7\u00f5es encerradas! S\u00e3o 48 vagas\",\"datePublished\":\"2022-09-12T02:59:00+00:00\",\"dateModified\":\"2022-09-12T12:18:04+00:00\",\"mainEntityOfPage\":{\"@id\":\"https:\/\/www.estrategiaconcursos.com.br\/blog\/concurso-anp-pss-edital-publicado\/\"},\"wordCount\":551,\"commentCount\":0,\"publisher\":{\"@id\":\"https:\/\/www.estrategiaconcursos.com.br\/blog\/#organization\"},\"image\":{\"@id\":\"https:\/\/www.estrategiaconcursos.com.br\/blog\/concurso-anp-pss-edital-publicado\/#primaryimage\"},\"thumbnailUrl\":\"https:\/\/dhg1h5j42swfq.cloudfront.net\/2022\/06\/29054515\/edital-pss-anp.jpg\",\"articleSection\":[\"Executivo (Administrativa)\",\"\u00daltimas not\u00edcias\"],\"inLanguage\":\"pt-BR\",\"potentialAction\":[{\"@type\":\"CommentAction\",\"name\":\"Comment\",\"target\":[\"https:\/\/www.estrategiaconcursos.com.br\/blog\/concurso-anp-pss-edital-publicado\/#respond\"]}],\"copyrightYear\":\"2022\",\"copyrightHolder\":{\"@id\":\"https:\/\/www.estrategiaconcursos.com.br\/blog\/#organization\"}},{\"@type\":\"WebPage\",\"@id\":\"https:\/\/www.estrategiaconcursos.com.br\/blog\/concurso-anp-pss-edital-publicado\/\",\"url\":\"https:\/\/www.estrategiaconcursos.com.br\/blog\/concurso-anp-pss-edital-publicado\/\",\"name\":\"Edital PSS ANP: inscri\u00e7\u00f5es encerradas! S\u00e3o 48 vagas\",\"isPartOf\":{\"@id\":\"https:\/\/www.estrategiaconcursos.com.br\/blog\/#website\"},\"primaryImageOfPage\":{\"@id\":\"https:\/\/www.estrategiaconcursos.com.br\/blog\/concurso-anp-pss-edital-publicado\/#primaryimage\"},\"image\":{\"@id\":\"https:\/\/www.estrategiaconcursos.com.br\/blog\/concurso-anp-pss-edital-publicado\/#primaryimage\"},\"thumbnailUrl\":\"https:\/\/dhg1h5j42swfq.cloudfront.net\/2022\/06\/29054515\/edital-pss-anp.jpg\",\"datePublished\":\"2022-09-12T02:59:00+00:00\",\"dateModified\":\"2022-09-12T12:18:04+00:00\",\"description\":\"Edital PSS ANP: inscri\u00e7\u00f5es encerradas atrav\u00e9s do site do Cebraspe. S\u00e3o 48 vagas para cargos de n\u00edvel superior. Veja aqui!\",\"breadcrumb\":{\"@id\":\"https:\/\/www.estrategiaconcursos.com.br\/blog\/concurso-anp-pss-edital-publicado\/#breadcrumb\"},\"inLanguage\":\"pt-BR\",\"potentialAction\":[{\"@type\":\"ReadAction\",\"target\":[\"https:\/\/www.estrategiaconcursos.com.br\/blog\/concurso-anp-pss-edital-publicado\/\"]}]},{\"@type\":\"ImageObject\",\"inLanguage\":\"pt-BR\",\"@id\":\"https:\/\/www.estrategiaconcursos.com.br\/blog\/concurso-anp-pss-edital-publicado\/#primaryimage\",\"url\":\"https:\/\/dhg1h5j42swfq.cloudfront.net\/2022\/06\/29054515\/edital-pss-anp.jpg\",\"contentUrl\":\"https:\/\/dhg1h5j42swfq.cloudfront.net\/2022\/06\/29054515\/edital-pss-anp.jpg\",\"width\":300,\"height\":169},{\"@type\":\"BreadcrumbList\",\"@id\":\"https:\/\/www.estrategiaconcursos.com.br\/blog\/concurso-anp-pss-edital-publicado\/#breadcrumb\",\"itemListElement\":[{\"@type\":\"ListItem\",\"position\":1,\"name\":\"In\u00edcio\",\"item\":\"https:\/\/www.estrategiaconcursos.com.br\/blog\/\"},{\"@type\":\"ListItem\",\"position\":2,\"name\":\"Edital PSS ANP: inscri\u00e7\u00f5es encerradas! S\u00e3o 48 vagas\"}]},{\"@type\":\"WebSite\",\"@id\":\"https:\/\/www.estrategiaconcursos.com.br\/blog\/#website\",\"url\":\"https:\/\/www.estrategiaconcursos.com.br\/blog\/\",\"name\":\"Estrat\u00e9gia Concursos\",\"description\":\"O blog da Estrat\u00e9gia Concursos traz not\u00edcias sobre concursos e artigos de professores oferecendo cursos para concursos (pdf + videaulas) no site.\",\"publisher\":{\"@id\":\"https:\/\/www.estrategiaconcursos.com.br\/blog\/#organization\"},\"potentialAction\":[{\"@type\":\"SearchAction\",\"target\":{\"@type\":\"EntryPoint\",\"urlTemplate\":\"https:\/\/www.estrategiaconcursos.com.br\/blog\/?s={search_term_string}\"},\"query-input\":{\"@type\":\"PropertyValueSpecification\",\"valueRequired\":true,\"valueName\":\"search_term_string\"}}],\"inLanguage\":\"pt-BR\"},{\"@type\":\"Organization\",\"@id\":\"https:\/\/www.estrategiaconcursos.com.br\/blog\/#organization\",\"name\":\"Estrat\u00e9gia Concursos\",\"url\":\"https:\/\/www.estrategiaconcursos.com.br\/blog\/\",\"logo\":{\"@type\":\"ImageObject\",\"inLanguage\":\"pt-BR\",\"@id\":\"https:\/\/www.estrategiaconcursos.com.br\/blog\/#\/schema\/logo\/image\/\",\"url\":\"https:\/\/dhg1h5j42swfq.cloudfront.net\/2025\/06\/03203428\/logo_concursos-1.jpg\",\"contentUrl\":\"https:\/\/dhg1h5j42swfq.cloudfront.net\/2025\/06\/03203428\/logo_concursos-1.jpg\",\"width\":230,\"height\":60,\"caption\":\"Estrat\u00e9gia Concursos\"},\"image\":{\"@id\":\"https:\/\/www.estrategiaconcursos.com.br\/blog\/#\/schema\/logo\/image\/\"},\"sameAs\":[\"https:\/\/x.com\/EstratConcursos\"]},{\"@type\":\"Person\",\"@id\":\"https:\/\/www.estrategiaconcursos.com.br\/blog\/#\/schema\/person\/e3b6b7ce0192dd4ad270655969d61750\",\"name\":\"F\u00e1bio Scaldelai\",\"image\":{\"@type\":\"ImageObject\",\"inLanguage\":\"pt-BR\",\"@id\":\"https:\/\/secure.gravatar.com\/avatar\/8ed7492c4d88d8495bc0cb24cda6847b8ae23eec459a919e08e77d0ca0fd79ec?s=96&d=mm&r=g\",\"url\":\"https:\/\/secure.gravatar.com\/avatar\/8ed7492c4d88d8495bc0cb24cda6847b8ae23eec459a919e08e77d0ca0fd79ec?s=96&d=mm&r=g\",\"contentUrl\":\"https:\/\/secure.gravatar.com\/avatar\/8ed7492c4d88d8495bc0cb24cda6847b8ae23eec459a919e08e77d0ca0fd79ec?s=96&d=mm&r=g\",\"caption\":\"F\u00e1bio Scaldelai\"},\"description\":\"Jornalista no Estrat\u00e9gia Concursos e Produtor de Televis\u00e3o, formado em Jornalismo, R\u00e1dio e TV pela Faculdade Integrada Rio Branco, com especializa\u00e7\u00f5es em Gest\u00e3o Empresarial e Marketing pelo M\u00f3dulo. Atuou como produtor no SBT, TV Bandeirantes e R\u00e1dio Band FM, al\u00e9m de acumular tr\u00eas anos de experi\u00eancia no setor de concursos p\u00fablicos pela LFG (Luiz Fl\u00e1vio Gomes). No Estrat\u00e9gia Concursos, atua na apura\u00e7\u00e3o de not\u00edcias da \u00e1rea fiscal, al\u00e9m de coberturas sobre concursos das \u00e1reas de controle (TCU, TCE, etc), concurso AFT, \u00e1rea de gest\u00e3o e administrativa, bem como dos \u00f3rg\u00e3os participantes do CNU. Tamb\u00e9m possui experi\u00eancia em link building e an\u00e1lise de m\u00eddia, adquirida durante sua atua\u00e7\u00e3o na ag\u00eancia SEO Marketing.\",\"url\":\"https:\/\/www.estrategiaconcursos.com.br\/blog\/author\/fabio-scaldelaiestrategiaconcursos-com-br\/\"}]}<\/script>\n<!-- \/ Yoast SEO Premium plugin. -->","yoast_head_json":{"title":"Edital PSS ANP: inscri\u00e7\u00f5es encerradas! S\u00e3o 48 vagas","description":"Edital PSS ANP: inscri\u00e7\u00f5es encerradas atrav\u00e9s do site do Cebraspe. S\u00e3o 48 vagas para cargos de n\u00edvel superior. Veja aqui!","robots":{"index":"index","follow":"follow","max-snippet":"max-snippet:-1","max-image-preview":"max-image-preview:large","max-video-preview":"max-video-preview:-1"},"canonical":"https:\/\/www.estrategiaconcursos.com.br\/blog\/concurso-anp-pss-edital-publicado\/","og_locale":"pt_BR","og_type":"article","og_title":"Edital PSS ANP: inscri\u00e7\u00f5es encerradas! S\u00e3o 48 vagas","og_description":"Edital PSS ANP: inscri\u00e7\u00f5es encerradas atrav\u00e9s do site do Cebraspe. S\u00e3o 48 vagas para cargos de n\u00edvel superior. Veja aqui!","og_url":"https:\/\/www.estrategiaconcursos.com.br\/blog\/concurso-anp-pss-edital-publicado\/","og_site_name":"Estrat\u00e9gia Concursos","article_published_time":"2022-09-12T02:59:00+00:00","article_modified_time":"2022-09-12T12:18:04+00:00","og_image":[{"width":300,"height":169,"url":"https:\/\/dhg1h5j42swfq.cloudfront.net\/2022\/06\/29054515\/edital-pss-anp.jpg","type":"image\/jpeg"}],"author":"F\u00e1bio Scaldelai","twitter_card":"summary_large_image","twitter_creator":"@EstratConcursos","twitter_site":"@EstratConcursos","twitter_misc":{"Escrito por":"F\u00e1bio Scaldelai","Est. tempo de leitura":"4 minutos"},"schema":{"@context":"https:\/\/schema.org","@graph":[{"@type":"NewsArticle","@id":"https:\/\/www.estrategiaconcursos.com.br\/blog\/concurso-anp-pss-edital-publicado\/#article","isPartOf":{"@id":"https:\/\/www.estrategiaconcursos.com.br\/blog\/concurso-anp-pss-edital-publicado\/"},"author":{"name":"F\u00e1bio Scaldelai","@id":"https:\/\/www.estrategiaconcursos.com.br\/blog\/#\/schema\/person\/e3b6b7ce0192dd4ad270655969d61750"},"headline":"Edital PSS ANP: inscri\u00e7\u00f5es encerradas! S\u00e3o 48 vagas","datePublished":"2022-09-12T02:59:00+00:00","dateModified":"2022-09-12T12:18:04+00:00","mainEntityOfPage":{"@id":"https:\/\/www.estrategiaconcursos.com.br\/blog\/concurso-anp-pss-edital-publicado\/"},"wordCount":551,"commentCount":0,"publisher":{"@id":"https:\/\/www.estrategiaconcursos.com.br\/blog\/#organization"},"image":{"@id":"https:\/\/www.estrategiaconcursos.com.br\/blog\/concurso-anp-pss-edital-publicado\/#primaryimage"},"thumbnailUrl":"https:\/\/dhg1h5j42swfq.cloudfront.net\/2022\/06\/29054515\/edital-pss-anp.jpg","articleSection":["Executivo (Administrativa)","\u00daltimas not\u00edcias"],"inLanguage":"pt-BR","potentialAction":[{"@type":"CommentAction","name":"Comment","target":["https:\/\/www.estrategiaconcursos.com.br\/blog\/concurso-anp-pss-edital-publicado\/#respond"]}],"copyrightYear":"2022","copyrightHolder":{"@id":"https:\/\/www.estrategiaconcursos.com.br\/blog\/#organization"}},{"@type":"WebPage","@id":"https:\/\/www.estrategiaconcursos.com.br\/blog\/concurso-anp-pss-edital-publicado\/","url":"https:\/\/www.estrategiaconcursos.com.br\/blog\/concurso-anp-pss-edital-publicado\/","name":"Edital PSS ANP: inscri\u00e7\u00f5es encerradas! S\u00e3o 48 vagas","isPartOf":{"@id":"https:\/\/www.estrategiaconcursos.com.br\/blog\/#website"},"primaryImageOfPage":{"@id":"https:\/\/www.estrategiaconcursos.com.br\/blog\/concurso-anp-pss-edital-publicado\/#primaryimage"},"image":{"@id":"https:\/\/www.estrategiaconcursos.com.br\/blog\/concurso-anp-pss-edital-publicado\/#primaryimage"},"thumbnailUrl":"https:\/\/dhg1h5j42swfq.cloudfront.net\/2022\/06\/29054515\/edital-pss-anp.jpg","datePublished":"2022-09-12T02:59:00+00:00","dateModified":"2022-09-12T12:18:04+00:00","description":"Edital PSS ANP: inscri\u00e7\u00f5es encerradas atrav\u00e9s do site do Cebraspe. S\u00e3o 48 vagas para cargos de n\u00edvel superior. Veja aqui!","breadcrumb":{"@id":"https:\/\/www.estrategiaconcursos.com.br\/blog\/concurso-anp-pss-edital-publicado\/#breadcrumb"},"inLanguage":"pt-BR","potentialAction":[{"@type":"ReadAction","target":["https:\/\/www.estrategiaconcursos.com.br\/blog\/concurso-anp-pss-edital-publicado\/"]}]},{"@type":"ImageObject","inLanguage":"pt-BR","@id":"https:\/\/www.estrategiaconcursos.com.br\/blog\/concurso-anp-pss-edital-publicado\/#primaryimage","url":"https:\/\/dhg1h5j42swfq.cloudfront.net\/2022\/06\/29054515\/edital-pss-anp.jpg","contentUrl":"https:\/\/dhg1h5j42swfq.cloudfront.net\/2022\/06\/29054515\/edital-pss-anp.jpg","width":300,"height":169},{"@type":"BreadcrumbList","@id":"https:\/\/www.estrategiaconcursos.com.br\/blog\/concurso-anp-pss-edital-publicado\/#breadcrumb","itemListElement":[{"@type":"ListItem","position":1,"name":"In\u00edcio","item":"https:\/\/www.estrategiaconcursos.com.br\/blog\/"},{"@type":"ListItem","position":2,"name":"Edital PSS ANP: inscri\u00e7\u00f5es encerradas! S\u00e3o 48 vagas"}]},{"@type":"WebSite","@id":"https:\/\/www.estrategiaconcursos.com.br\/blog\/#website","url":"https:\/\/www.estrategiaconcursos.com.br\/blog\/","name":"Estrat\u00e9gia Concursos","description":"O blog da Estrat\u00e9gia Concursos traz not\u00edcias sobre concursos e artigos de professores oferecendo cursos para concursos (pdf + videaulas) no site.","publisher":{"@id":"https:\/\/www.estrategiaconcursos.com.br\/blog\/#organization"},"potentialAction":[{"@type":"SearchAction","target":{"@type":"EntryPoint","urlTemplate":"https:\/\/www.estrategiaconcursos.com.br\/blog\/?s={search_term_string}"},"query-input":{"@type":"PropertyValueSpecification","valueRequired":true,"valueName":"search_term_string"}}],"inLanguage":"pt-BR"},{"@type":"Organization","@id":"https:\/\/www.estrategiaconcursos.com.br\/blog\/#organization","name":"Estrat\u00e9gia Concursos","url":"https:\/\/www.estrategiaconcursos.com.br\/blog\/","logo":{"@type":"ImageObject","inLanguage":"pt-BR","@id":"https:\/\/www.estrategiaconcursos.com.br\/blog\/#\/schema\/logo\/image\/","url":"https:\/\/dhg1h5j42swfq.cloudfront.net\/2025\/06\/03203428\/logo_concursos-1.jpg","contentUrl":"https:\/\/dhg1h5j42swfq.cloudfront.net\/2025\/06\/03203428\/logo_concursos-1.jpg","width":230,"height":60,"caption":"Estrat\u00e9gia Concursos"},"image":{"@id":"https:\/\/www.estrategiaconcursos.com.br\/blog\/#\/schema\/logo\/image\/"},"sameAs":["https:\/\/x.com\/EstratConcursos"]},{"@type":"Person","@id":"https:\/\/www.estrategiaconcursos.com.br\/blog\/#\/schema\/person\/e3b6b7ce0192dd4ad270655969d61750","name":"F\u00e1bio Scaldelai","image":{"@type":"ImageObject","inLanguage":"pt-BR","@id":"https:\/\/secure.gravatar.com\/avatar\/8ed7492c4d88d8495bc0cb24cda6847b8ae23eec459a919e08e77d0ca0fd79ec?s=96&d=mm&r=g","url":"https:\/\/secure.gravatar.com\/avatar\/8ed7492c4d88d8495bc0cb24cda6847b8ae23eec459a919e08e77d0ca0fd79ec?s=96&d=mm&r=g","contentUrl":"https:\/\/secure.gravatar.com\/avatar\/8ed7492c4d88d8495bc0cb24cda6847b8ae23eec459a919e08e77d0ca0fd79ec?s=96&d=mm&r=g","caption":"F\u00e1bio Scaldelai"},"description":"Jornalista no Estrat\u00e9gia Concursos e Produtor de Televis\u00e3o, formado em Jornalismo, R\u00e1dio e TV pela Faculdade Integrada Rio Branco, com especializa\u00e7\u00f5es em Gest\u00e3o Empresarial e Marketing pelo M\u00f3dulo. Atuou como produtor no SBT, TV Bandeirantes e R\u00e1dio Band FM, al\u00e9m de acumular tr\u00eas anos de experi\u00eancia no setor de concursos p\u00fablicos pela LFG (Luiz Fl\u00e1vio Gomes). No Estrat\u00e9gia Concursos, atua na apura\u00e7\u00e3o de not\u00edcias da \u00e1rea fiscal, al\u00e9m de coberturas sobre concursos das \u00e1reas de controle (TCU, TCE, etc), concurso AFT, \u00e1rea de gest\u00e3o e administrativa, bem como dos \u00f3rg\u00e3os participantes do CNU. Tamb\u00e9m possui experi\u00eancia em link building e an\u00e1lise de m\u00eddia, adquirida durante sua atua\u00e7\u00e3o na ag\u00eancia SEO Marketing.","url":"https:\/\/www.estrategiaconcursos.com.br\/blog\/author\/fabio-scaldelaiestrategiaconcursos-com-br\/"}]}},"_links":{"self":[{"href":"https:\/\/www.estrategiaconcursos.com.br\/blog\/wp-json\/wp\/v2\/posts\/1052019","targetHints":{"allow":["GET"]}}],"collection":[{"href":"https:\/\/www.estrategiaconcursos.com.br\/blog\/wp-json\/wp\/v2\/posts"}],"about":[{"href":"https:\/\/www.estrategiaconcursos.com.br\/blog\/wp-json\/wp\/v2\/types\/post"}],"author":[{"embeddable":true,"href":"https:\/\/www.estrategiaconcursos.com.br\/blog\/wp-json\/wp\/v2\/users\/656"}],"replies":[{"embeddable":true,"href":"https:\/\/www.estrategiaconcursos.com.br\/blog\/wp-json\/wp\/v2\/comments?post=1052019"}],"version-history":[{"count":44,"href":"https:\/\/www.estrategiaconcursos.com.br\/blog\/wp-json\/wp\/v2\/posts\/1052019\/revisions"}],"predecessor-version":[{"id":1092813,"href":"https:\/\/www.estrategiaconcursos.com.br\/blog\/wp-json\/wp\/v2\/posts\/1052019\/revisions\/1092813"}],"wp:featuredmedia":[{"embeddable":true,"href":"https:\/\/www.estrategiaconcursos.com.br\/blog\/wp-json\/wp\/v2\/media\/1052020"}],"wp:attachment":[{"href":"https:\/\/www.estrategiaconcursos.com.br\/blog\/wp-json\/wp\/v2\/media?parent=1052019"}],"wp:term":[{"taxonomy":"category","embeddable":true,"href":"https:\/\/www.estrategiaconcursos.com.br\/blog\/wp-json\/wp\/v2\/categories?post=1052019"},{"taxonomy":"post_tag","embeddable":true,"href":"https:\/\/www.estrategiaconcursos.com.br\/blog\/wp-json\/wp\/v2\/tags?post=1052019"},{"taxonomy":"tax_estado","embeddable":true,"href":"https:\/\/www.estrategiaconcursos.com.br\/blog\/wp-json\/wp\/v2\/tax_estado?post=1052019"}],"curies":[{"name":"wp","href":"https:\/\/api.w.org\/{rel}","templated":true}]}}