{"id":1051897,"date":"2022-06-28T18:52:00","date_gmt":"2022-06-28T21:52:00","guid":{"rendered":"https:\/\/www.estrategiaconcursos.com.br\/blog\/?p=1051897"},"modified":"2022-06-28T19:15:20","modified_gmt":"2022-06-28T22:15:20","slug":"promotor-ce-resultados-finais","status":"publish","type":"post","link":"https:\/\/www.estrategiaconcursos.com.br\/blog\/promotor-ce-resultados-finais\/","title":{"rendered":"Promotor CE: Divulgados os resultados finais da tribuna e dos t\u00edtulos!"},"content":{"rendered":"\n<p>Foram divulgados, no Di\u00e1rio Oficial do Minist\u00e9rio P\u00fablico do Cear\u00e1 desta ter\u00e7a-feira, 28 de junho, os <strong><a href=\"https:\/\/cj.estrategia.com\/portal\/wp-content\/uploads\/2022\/06\/28184919\/MP-CE.pdf\" target=\"_blank\" rel=\"noreferrer noopener\">resultados finais<\/a><\/strong> do concurso MP CE Promotor. <\/p>\n\n\n\n<p>Na mesma publica\u00e7\u00e3o sa\u00edram os resultados finais da <strong>prova de tribuna e da avalia\u00e7\u00e3o de t\u00edtulos<\/strong> para todos os candidatos e <strong>do procedimento de verifica\u00e7\u00e3o da condi\u00e7\u00e3o declarada para concorrer \u00e0s vagas reservadas aos candidatos negros<\/strong>.<\/p>\n\n\n\n<p>Os candidatos interessados poder\u00e3o interpor recursos contra o resultado final no concurso <br \/>entre \u00e0s <strong>10 horas do dia 29 de junho e \u00e0s 18 horas do dia 1\u00ba de julho de 2022<\/strong>, no endere\u00e7o<br \/>eletr\u00f4nico do Cebraspe, por meio do Sistema Eletr\u00f4nico de Interposi\u00e7\u00e3o de Recurso.<\/p>\n\n\n\n<p>O edital de resultado final no concurso p\u00fablico, <span style=\"text-decoration: underline;\">ap\u00f3s a an\u00e1lise dos recursos<\/span>, ser\u00e1 publicado no Di\u00e1rio Oficial Eletr\u00f4nico do Minist\u00e9rio P\u00fablico do Estado do Cear\u00e1 e no endere\u00e7o eletr\u00f4nico<br \/>do Cebraspe na data prov\u00e1vel de <strong>14 de julho<\/strong>. <\/p>\n\n\n\n<p>O concurso p\u00fablico para Promotor de Justi\u00e7a do Minist\u00e9rio P\u00fablico do Estado do Cear\u00e1 (MP CE) teve suas atividades retomadas em agosto de 2021 e oferta 44 vagas para o cargo de Promotor, com remunera\u00e7\u00e3o inicial de <strong>R$ 33.689,11<\/strong>.<\/p>\n\n\n\n<p>Para ser um membro do Minist\u00e9rio P\u00fablico do Cear\u00e1 \u00e9 necess\u00e1rio possuir o diploma de Bacharel em <strong>Direito<\/strong>, emitido por uma institui\u00e7\u00e3o reconhecida pelo Minist\u00e9rio da Educa\u00e7\u00e3o (MEC).<\/p>\n\n\n\n<p>Al\u00e9m disso, \u00e9 necess\u00e1ria a comprova\u00e7\u00e3o do exerc\u00edcio de, no m\u00ednimo,&nbsp;<strong><em>tr\u00eas anos de atividade jur\u00eddica<\/em><\/strong>, ap\u00f3s a obten\u00e7\u00e3o do diploma superior em Direito e at\u00e9 o per\u00edodo da inscri\u00e7\u00e3o definitiva.<\/p>\n\n\n\n<p class=\"has-text-align-center has-luminous-vivid-amber-background-color has-background has-medium-font-size\"><strong>Saiba mais: <a href=\"https:\/\/www.estrategiaconcursos.com.br\/blog\/concurso-mp-ce-promotor\/\" target=\"_blank\" rel=\"noreferrer noopener\">Concurso MP CE Promotor<\/a><\/strong><\/p>\n\n\n\n<h2 class=\"has-text-align-center wp-block-heading\" id=\"h-quer-saber-tudo-sobre-concursos-previstos-confira-nossos-artigos\">Quer saber tudo sobre concursos previstos?<br \/>Confira nossos artigos!<\/h2>\n\n\n\n<ul class=\"wp-block-list\"><li><a href=\"https:\/\/www.estrategiaconcursos.com.br\/blog\/concursos-abertos\/\" target=\"_blank\" rel=\"noreferrer noopener\">Concursos abertos<\/a><\/li><li><a href=\"https:\/\/www.estrategiaconcursos.com.br\/blog\/concursos-2022\/\" target=\"_blank\" rel=\"noreferrer noopener\">Concursos 2022<\/a><\/li><\/ul>\n\n\n\n<h2 class=\"has-text-align-center wp-block-heading\" id=\"cursos\"><strong>Quer estudar para o Edital MP CE Promotor?<\/strong><\/h2>\n\n\n\n<p class=\"has-text-align-center\"><em>Gostou dessa oportunidade e deseja se preparar para o concurso MP CE? Acesse e confira nosso curso abaixo:<\/em><\/p>\n\n\n\n<div class=\"container\" id=\"boxes\">\n  <div class=\"row\">\n\n    <div class=\"col-sm\">\n      <div class=\"banner-ecj\" id=\"box-assinatura\">\n        <h3 class=\"titulo-assinatura\">Curso MP CE Promotor <\/h3>\n        <p class=\"subtitulo-assinatura\">Conhe\u00e7a o curso<\/p>\n        <div class=\"box-botao\">\n          <a class=\"btn-assinatura\" target=\"_blank\" href=\"https:\/\/www.estrategiaconcursos.com.br\/cursosPorConcurso\/ministerio-publico-do-estado-do-ceara-mp-ce-promotor\/\" role=\"button\" rel=\"noopener noreferrer\">Conhe\u00e7a mais<\/a>\n        <\/div>\n      <\/div>\n      <p class=\"texto-auxiliar\">Prepare-se com o melhor material e com quem mais aprova em Concursos P\u00fablicos em todo o pa\u00eds. Assine agora a nossa Assinatura Anual e tenha acesso ilimitado* a todos os nossos cursos.<\/p>\n    <\/div>\n\n  <\/div>\n<\/div>\n\n\n\n<div class=\"container\" id=\"boxes\">\n  <div class=\"row\">\n\n    <div class=\"col-sm\">\n      <div class=\"banner-ecj\" id=\"box-assinatura\">\n        <h3 class=\"titulo-assinatura\">Assinatura Jur\u00eddica <\/h3>\n        <p class=\"subtitulo-assinatura\">Conhe\u00e7a os planos<\/p>\n        <div class=\"box-botao\">\n          <a class=\"btn-assinatura\" target=\"_blank\" href=\"https:\/\/www.estrategiaconcursos.com.br\/assinaturas-ecj\/\" role=\"button\" rel=\"noopener noreferrer\">Conhe\u00e7a mais<\/a>\n        <\/div>\n      <\/div>\n      <p class=\"texto-auxiliar\">Prepare-se com o melhor material e com quem mais aprova em Concursos P\u00fablicos em todo o pa\u00eds. \n<\/p>\n    <\/div>\n\n  <\/div>\n<\/div>\n","protected":false},"excerpt":{"rendered":"<p>Foram divulgados, no Di\u00e1rio Oficial do Minist\u00e9rio P\u00fablico do Cear\u00e1 desta ter\u00e7a-feira, 28 de junho, os resultados finais do concurso MP CE Promotor. Na mesma publica\u00e7\u00e3o sa\u00edram os resultados finais da prova de tribuna e da avalia\u00e7\u00e3o de t\u00edtulos para todos os candidatos e do procedimento de verifica\u00e7\u00e3o da condi\u00e7\u00e3o declarada para concorrer \u00e0s vagas [&hellip;]<\/p>\n","protected":false},"author":988,"featured_media":1051912,"comment_status":"open","ping_status":"closed","sticky":false,"template":"","format":"standard","meta":{"post_tipo":"news","footnotes":""},"categories":[220197],"tags":[],"tax_estado":[219969],"class_list":["post-1051897","post","type-post","status-publish","format-standard","has-post-thumbnail","hentry","category-promotor-de-justica","tax_estado-ce"],"acf":[],"yoast_head":"<!-- This site is optimized with the Yoast SEO Premium plugin v27.2 (Yoast SEO v27.2) - https:\/\/yoast.com\/product\/yoast-seo-premium-wordpress\/ -->\n<title>Promotor CE: Divulgados os resultados finais da tribuna e dos t\u00edtulos!<\/title>\n<meta name=\"description\" content=\"Saiu o resultado definitivo das prova de tribuna e de t\u00edtulos do concurso Promotor CE. Edital oferta 44 vagas para Promotor de Justi\u00e7a.\" \/>\n<meta name=\"robots\" content=\"index, follow, max-snippet:-1, max-image-preview:large, max-video-preview:-1\" \/>\n<link rel=\"canonical\" href=\"https:\/\/www.estrategiaconcursos.com.br\/blog\/promotor-ce-resultados-finais\/\" \/>\n<meta property=\"og:locale\" content=\"pt_BR\" \/>\n<meta property=\"og:type\" content=\"article\" \/>\n<meta property=\"og:title\" content=\"Promotor CE: Divulgados os resultados finais da tribuna e dos t\u00edtulos!\" \/>\n<meta property=\"og:description\" content=\"Saiu o resultado definitivo das prova de tribuna e de t\u00edtulos do concurso Promotor CE. Edital oferta 44 vagas para Promotor de Justi\u00e7a.\" \/>\n<meta property=\"og:url\" content=\"https:\/\/www.estrategiaconcursos.com.br\/blog\/promotor-ce-resultados-finais\/\" \/>\n<meta property=\"og:site_name\" content=\"Estrat\u00e9gia Concursos\" \/>\n<meta property=\"article:published_time\" content=\"2022-06-28T21:52:00+00:00\" \/>\n<meta property=\"article:modified_time\" content=\"2022-06-28T22:15:20+00:00\" \/>\n<meta property=\"og:image\" content=\"https:\/\/dhg1h5j42swfq.cloudfront.net\/2022\/06\/28191153\/mp-ce-promotor.jpg\" \/>\n\t<meta property=\"og:image:width\" content=\"1200\" \/>\n\t<meta property=\"og:image:height\" content=\"628\" \/>\n\t<meta property=\"og:image:type\" content=\"image\/jpeg\" \/>\n<meta name=\"author\" content=\"Renan Peron Fineto\" \/>\n<meta name=\"twitter:card\" content=\"summary_large_image\" \/>\n<meta name=\"twitter:creator\" content=\"@EstratConcursos\" \/>\n<meta name=\"twitter:site\" content=\"@EstratConcursos\" \/>\n<meta name=\"twitter:label1\" content=\"Escrito por\" \/>\n\t<meta name=\"twitter:data1\" content=\"Renan Peron Fineto\" \/>\n\t<meta name=\"twitter:label2\" content=\"Est. tempo de leitura\" \/>\n\t<meta name=\"twitter:data2\" content=\"2 minutos\" \/>\n<script type=\"application\/ld+json\" class=\"yoast-schema-graph\">{\"@context\":\"https:\/\/schema.org\",\"@graph\":[{\"@type\":\"NewsArticle\",\"@id\":\"https:\/\/www.estrategiaconcursos.com.br\/blog\/promotor-ce-resultados-finais\/#article\",\"isPartOf\":{\"@id\":\"https:\/\/www.estrategiaconcursos.com.br\/blog\/promotor-ce-resultados-finais\/\"},\"author\":{\"name\":\"Renan Peron Fineto\",\"@id\":\"https:\/\/www.estrategiaconcursos.com.br\/blog\/#\/schema\/person\/c202feb1c8b5926df6eeb176a8d31c1f\"},\"headline\":\"Promotor CE: Divulgados os resultados finais da tribuna e dos t\u00edtulos!\",\"datePublished\":\"2022-06-28T21:52:00+00:00\",\"dateModified\":\"2022-06-28T22:15:20+00:00\",\"mainEntityOfPage\":{\"@id\":\"https:\/\/www.estrategiaconcursos.com.br\/blog\/promotor-ce-resultados-finais\/\"},\"wordCount\":406,\"commentCount\":0,\"publisher\":{\"@id\":\"https:\/\/www.estrategiaconcursos.com.br\/blog\/#organization\"},\"image\":{\"@id\":\"https:\/\/www.estrategiaconcursos.com.br\/blog\/promotor-ce-resultados-finais\/#primaryimage\"},\"thumbnailUrl\":\"https:\/\/dhg1h5j42swfq.cloudfront.net\/2022\/06\/28191153\/mp-ce-promotor.jpg\",\"articleSection\":[\"Jur\u00eddico - Promotor de Justi\u00e7a\"],\"inLanguage\":\"pt-BR\",\"potentialAction\":[{\"@type\":\"CommentAction\",\"name\":\"Comment\",\"target\":[\"https:\/\/www.estrategiaconcursos.com.br\/blog\/promotor-ce-resultados-finais\/#respond\"]}],\"copyrightYear\":\"2022\",\"copyrightHolder\":{\"@id\":\"https:\/\/www.estrategiaconcursos.com.br\/blog\/#organization\"}},{\"@type\":\"WebPage\",\"@id\":\"https:\/\/www.estrategiaconcursos.com.br\/blog\/promotor-ce-resultados-finais\/\",\"url\":\"https:\/\/www.estrategiaconcursos.com.br\/blog\/promotor-ce-resultados-finais\/\",\"name\":\"Promotor CE: Divulgados os resultados finais da tribuna e dos t\u00edtulos!\",\"isPartOf\":{\"@id\":\"https:\/\/www.estrategiaconcursos.com.br\/blog\/#website\"},\"primaryImageOfPage\":{\"@id\":\"https:\/\/www.estrategiaconcursos.com.br\/blog\/promotor-ce-resultados-finais\/#primaryimage\"},\"image\":{\"@id\":\"https:\/\/www.estrategiaconcursos.com.br\/blog\/promotor-ce-resultados-finais\/#primaryimage\"},\"thumbnailUrl\":\"https:\/\/dhg1h5j42swfq.cloudfront.net\/2022\/06\/28191153\/mp-ce-promotor.jpg\",\"datePublished\":\"2022-06-28T21:52:00+00:00\",\"dateModified\":\"2022-06-28T22:15:20+00:00\",\"description\":\"Saiu o resultado definitivo das prova de tribuna e de t\u00edtulos do concurso Promotor CE. Edital oferta 44 vagas para Promotor de Justi\u00e7a.\",\"breadcrumb\":{\"@id\":\"https:\/\/www.estrategiaconcursos.com.br\/blog\/promotor-ce-resultados-finais\/#breadcrumb\"},\"inLanguage\":\"pt-BR\",\"potentialAction\":[{\"@type\":\"ReadAction\",\"target\":[\"https:\/\/www.estrategiaconcursos.com.br\/blog\/promotor-ce-resultados-finais\/\"]}]},{\"@type\":\"ImageObject\",\"inLanguage\":\"pt-BR\",\"@id\":\"https:\/\/www.estrategiaconcursos.com.br\/blog\/promotor-ce-resultados-finais\/#primaryimage\",\"url\":\"https:\/\/dhg1h5j42swfq.cloudfront.net\/2022\/06\/28191153\/mp-ce-promotor.jpg\",\"contentUrl\":\"https:\/\/dhg1h5j42swfq.cloudfront.net\/2022\/06\/28191153\/mp-ce-promotor.jpg\",\"width\":1200,\"height\":628,\"caption\":\"Promotor CE\"},{\"@type\":\"BreadcrumbList\",\"@id\":\"https:\/\/www.estrategiaconcursos.com.br\/blog\/promotor-ce-resultados-finais\/#breadcrumb\",\"itemListElement\":[{\"@type\":\"ListItem\",\"position\":1,\"name\":\"In\u00edcio\",\"item\":\"https:\/\/www.estrategiaconcursos.com.br\/blog\/\"},{\"@type\":\"ListItem\",\"position\":2,\"name\":\"Promotor CE: Divulgados os resultados finais da tribuna e dos t\u00edtulos!\"}]},{\"@type\":\"WebSite\",\"@id\":\"https:\/\/www.estrategiaconcursos.com.br\/blog\/#website\",\"url\":\"https:\/\/www.estrategiaconcursos.com.br\/blog\/\",\"name\":\"Estrat\u00e9gia Concursos\",\"description\":\"O blog da Estrat\u00e9gia Concursos traz not\u00edcias sobre concursos e artigos de professores oferecendo cursos para concursos (pdf + videaulas) no site.\",\"publisher\":{\"@id\":\"https:\/\/www.estrategiaconcursos.com.br\/blog\/#organization\"},\"potentialAction\":[{\"@type\":\"SearchAction\",\"target\":{\"@type\":\"EntryPoint\",\"urlTemplate\":\"https:\/\/www.estrategiaconcursos.com.br\/blog\/?s={search_term_string}\"},\"query-input\":{\"@type\":\"PropertyValueSpecification\",\"valueRequired\":true,\"valueName\":\"search_term_string\"}}],\"inLanguage\":\"pt-BR\"},{\"@type\":\"Organization\",\"@id\":\"https:\/\/www.estrategiaconcursos.com.br\/blog\/#organization\",\"name\":\"Estrat\u00e9gia Concursos\",\"url\":\"https:\/\/www.estrategiaconcursos.com.br\/blog\/\",\"logo\":{\"@type\":\"ImageObject\",\"inLanguage\":\"pt-BR\",\"@id\":\"https:\/\/www.estrategiaconcursos.com.br\/blog\/#\/schema\/logo\/image\/\",\"url\":\"https:\/\/dhg1h5j42swfq.cloudfront.net\/2025\/06\/03203428\/logo_concursos-1.jpg\",\"contentUrl\":\"https:\/\/dhg1h5j42swfq.cloudfront.net\/2025\/06\/03203428\/logo_concursos-1.jpg\",\"width\":230,\"height\":60,\"caption\":\"Estrat\u00e9gia Concursos\"},\"image\":{\"@id\":\"https:\/\/www.estrategiaconcursos.com.br\/blog\/#\/schema\/logo\/image\/\"},\"sameAs\":[\"https:\/\/x.com\/EstratConcursos\"]},{\"@type\":\"Person\",\"@id\":\"https:\/\/www.estrategiaconcursos.com.br\/blog\/#\/schema\/person\/c202feb1c8b5926df6eeb176a8d31c1f\",\"name\":\"Renan Peron Fineto\",\"image\":{\"@type\":\"ImageObject\",\"inLanguage\":\"pt-BR\",\"@id\":\"https:\/\/secure.gravatar.com\/avatar\/6f45a57598e79d990d68f8b5ada03b18faea6854fafc5e5e17504755e3242146?s=96&d=mm&r=g\",\"url\":\"https:\/\/secure.gravatar.com\/avatar\/6f45a57598e79d990d68f8b5ada03b18faea6854fafc5e5e17504755e3242146?s=96&d=mm&r=g\",\"contentUrl\":\"https:\/\/secure.gravatar.com\/avatar\/6f45a57598e79d990d68f8b5ada03b18faea6854fafc5e5e17504755e3242146?s=96&d=mm&r=g\",\"caption\":\"Renan Peron Fineto\"},\"url\":\"https:\/\/www.estrategiaconcursos.com.br\/blog\/author\/renanpfinetogmail-com\/\"}]}<\/script>\n<!-- \/ Yoast SEO Premium plugin. -->","yoast_head_json":{"title":"Promotor CE: Divulgados os resultados finais da tribuna e dos t\u00edtulos!","description":"Saiu o resultado definitivo das prova de tribuna e de t\u00edtulos do concurso Promotor CE. Edital oferta 44 vagas para Promotor de Justi\u00e7a.","robots":{"index":"index","follow":"follow","max-snippet":"max-snippet:-1","max-image-preview":"max-image-preview:large","max-video-preview":"max-video-preview:-1"},"canonical":"https:\/\/www.estrategiaconcursos.com.br\/blog\/promotor-ce-resultados-finais\/","og_locale":"pt_BR","og_type":"article","og_title":"Promotor CE: Divulgados os resultados finais da tribuna e dos t\u00edtulos!","og_description":"Saiu o resultado definitivo das prova de tribuna e de t\u00edtulos do concurso Promotor CE. Edital oferta 44 vagas para Promotor de Justi\u00e7a.","og_url":"https:\/\/www.estrategiaconcursos.com.br\/blog\/promotor-ce-resultados-finais\/","og_site_name":"Estrat\u00e9gia Concursos","article_published_time":"2022-06-28T21:52:00+00:00","article_modified_time":"2022-06-28T22:15:20+00:00","og_image":[{"width":1200,"height":628,"url":"https:\/\/dhg1h5j42swfq.cloudfront.net\/2022\/06\/28191153\/mp-ce-promotor.jpg","type":"image\/jpeg"}],"author":"Renan Peron Fineto","twitter_card":"summary_large_image","twitter_creator":"@EstratConcursos","twitter_site":"@EstratConcursos","twitter_misc":{"Escrito por":"Renan Peron Fineto","Est. tempo de leitura":"2 minutos"},"schema":{"@context":"https:\/\/schema.org","@graph":[{"@type":"NewsArticle","@id":"https:\/\/www.estrategiaconcursos.com.br\/blog\/promotor-ce-resultados-finais\/#article","isPartOf":{"@id":"https:\/\/www.estrategiaconcursos.com.br\/blog\/promotor-ce-resultados-finais\/"},"author":{"name":"Renan Peron Fineto","@id":"https:\/\/www.estrategiaconcursos.com.br\/blog\/#\/schema\/person\/c202feb1c8b5926df6eeb176a8d31c1f"},"headline":"Promotor CE: Divulgados os resultados finais da tribuna e dos t\u00edtulos!","datePublished":"2022-06-28T21:52:00+00:00","dateModified":"2022-06-28T22:15:20+00:00","mainEntityOfPage":{"@id":"https:\/\/www.estrategiaconcursos.com.br\/blog\/promotor-ce-resultados-finais\/"},"wordCount":406,"commentCount":0,"publisher":{"@id":"https:\/\/www.estrategiaconcursos.com.br\/blog\/#organization"},"image":{"@id":"https:\/\/www.estrategiaconcursos.com.br\/blog\/promotor-ce-resultados-finais\/#primaryimage"},"thumbnailUrl":"https:\/\/dhg1h5j42swfq.cloudfront.net\/2022\/06\/28191153\/mp-ce-promotor.jpg","articleSection":["Jur\u00eddico - Promotor de Justi\u00e7a"],"inLanguage":"pt-BR","potentialAction":[{"@type":"CommentAction","name":"Comment","target":["https:\/\/www.estrategiaconcursos.com.br\/blog\/promotor-ce-resultados-finais\/#respond"]}],"copyrightYear":"2022","copyrightHolder":{"@id":"https:\/\/www.estrategiaconcursos.com.br\/blog\/#organization"}},{"@type":"WebPage","@id":"https:\/\/www.estrategiaconcursos.com.br\/blog\/promotor-ce-resultados-finais\/","url":"https:\/\/www.estrategiaconcursos.com.br\/blog\/promotor-ce-resultados-finais\/","name":"Promotor CE: Divulgados os resultados finais da tribuna e dos t\u00edtulos!","isPartOf":{"@id":"https:\/\/www.estrategiaconcursos.com.br\/blog\/#website"},"primaryImageOfPage":{"@id":"https:\/\/www.estrategiaconcursos.com.br\/blog\/promotor-ce-resultados-finais\/#primaryimage"},"image":{"@id":"https:\/\/www.estrategiaconcursos.com.br\/blog\/promotor-ce-resultados-finais\/#primaryimage"},"thumbnailUrl":"https:\/\/dhg1h5j42swfq.cloudfront.net\/2022\/06\/28191153\/mp-ce-promotor.jpg","datePublished":"2022-06-28T21:52:00+00:00","dateModified":"2022-06-28T22:15:20+00:00","description":"Saiu o resultado definitivo das prova de tribuna e de t\u00edtulos do concurso Promotor CE. Edital oferta 44 vagas para Promotor de Justi\u00e7a.","breadcrumb":{"@id":"https:\/\/www.estrategiaconcursos.com.br\/blog\/promotor-ce-resultados-finais\/#breadcrumb"},"inLanguage":"pt-BR","potentialAction":[{"@type":"ReadAction","target":["https:\/\/www.estrategiaconcursos.com.br\/blog\/promotor-ce-resultados-finais\/"]}]},{"@type":"ImageObject","inLanguage":"pt-BR","@id":"https:\/\/www.estrategiaconcursos.com.br\/blog\/promotor-ce-resultados-finais\/#primaryimage","url":"https:\/\/dhg1h5j42swfq.cloudfront.net\/2022\/06\/28191153\/mp-ce-promotor.jpg","contentUrl":"https:\/\/dhg1h5j42swfq.cloudfront.net\/2022\/06\/28191153\/mp-ce-promotor.jpg","width":1200,"height":628,"caption":"Promotor CE"},{"@type":"BreadcrumbList","@id":"https:\/\/www.estrategiaconcursos.com.br\/blog\/promotor-ce-resultados-finais\/#breadcrumb","itemListElement":[{"@type":"ListItem","position":1,"name":"In\u00edcio","item":"https:\/\/www.estrategiaconcursos.com.br\/blog\/"},{"@type":"ListItem","position":2,"name":"Promotor CE: Divulgados os resultados finais da tribuna e dos t\u00edtulos!"}]},{"@type":"WebSite","@id":"https:\/\/www.estrategiaconcursos.com.br\/blog\/#website","url":"https:\/\/www.estrategiaconcursos.com.br\/blog\/","name":"Estrat\u00e9gia Concursos","description":"O blog da Estrat\u00e9gia Concursos traz not\u00edcias sobre concursos e artigos de professores oferecendo cursos para concursos (pdf + videaulas) no site.","publisher":{"@id":"https:\/\/www.estrategiaconcursos.com.br\/blog\/#organization"},"potentialAction":[{"@type":"SearchAction","target":{"@type":"EntryPoint","urlTemplate":"https:\/\/www.estrategiaconcursos.com.br\/blog\/?s={search_term_string}"},"query-input":{"@type":"PropertyValueSpecification","valueRequired":true,"valueName":"search_term_string"}}],"inLanguage":"pt-BR"},{"@type":"Organization","@id":"https:\/\/www.estrategiaconcursos.com.br\/blog\/#organization","name":"Estrat\u00e9gia Concursos","url":"https:\/\/www.estrategiaconcursos.com.br\/blog\/","logo":{"@type":"ImageObject","inLanguage":"pt-BR","@id":"https:\/\/www.estrategiaconcursos.com.br\/blog\/#\/schema\/logo\/image\/","url":"https:\/\/dhg1h5j42swfq.cloudfront.net\/2025\/06\/03203428\/logo_concursos-1.jpg","contentUrl":"https:\/\/dhg1h5j42swfq.cloudfront.net\/2025\/06\/03203428\/logo_concursos-1.jpg","width":230,"height":60,"caption":"Estrat\u00e9gia Concursos"},"image":{"@id":"https:\/\/www.estrategiaconcursos.com.br\/blog\/#\/schema\/logo\/image\/"},"sameAs":["https:\/\/x.com\/EstratConcursos"]},{"@type":"Person","@id":"https:\/\/www.estrategiaconcursos.com.br\/blog\/#\/schema\/person\/c202feb1c8b5926df6eeb176a8d31c1f","name":"Renan Peron Fineto","image":{"@type":"ImageObject","inLanguage":"pt-BR","@id":"https:\/\/secure.gravatar.com\/avatar\/6f45a57598e79d990d68f8b5ada03b18faea6854fafc5e5e17504755e3242146?s=96&d=mm&r=g","url":"https:\/\/secure.gravatar.com\/avatar\/6f45a57598e79d990d68f8b5ada03b18faea6854fafc5e5e17504755e3242146?s=96&d=mm&r=g","contentUrl":"https:\/\/secure.gravatar.com\/avatar\/6f45a57598e79d990d68f8b5ada03b18faea6854fafc5e5e17504755e3242146?s=96&d=mm&r=g","caption":"Renan Peron Fineto"},"url":"https:\/\/www.estrategiaconcursos.com.br\/blog\/author\/renanpfinetogmail-com\/"}]}},"_links":{"self":[{"href":"https:\/\/www.estrategiaconcursos.com.br\/blog\/wp-json\/wp\/v2\/posts\/1051897","targetHints":{"allow":["GET"]}}],"collection":[{"href":"https:\/\/www.estrategiaconcursos.com.br\/blog\/wp-json\/wp\/v2\/posts"}],"about":[{"href":"https:\/\/www.estrategiaconcursos.com.br\/blog\/wp-json\/wp\/v2\/types\/post"}],"author":[{"embeddable":true,"href":"https:\/\/www.estrategiaconcursos.com.br\/blog\/wp-json\/wp\/v2\/users\/988"}],"replies":[{"embeddable":true,"href":"https:\/\/www.estrategiaconcursos.com.br\/blog\/wp-json\/wp\/v2\/comments?post=1051897"}],"version-history":[{"count":13,"href":"https:\/\/www.estrategiaconcursos.com.br\/blog\/wp-json\/wp\/v2\/posts\/1051897\/revisions"}],"predecessor-version":[{"id":1051915,"href":"https:\/\/www.estrategiaconcursos.com.br\/blog\/wp-json\/wp\/v2\/posts\/1051897\/revisions\/1051915"}],"wp:featuredmedia":[{"embeddable":true,"href":"https:\/\/www.estrategiaconcursos.com.br\/blog\/wp-json\/wp\/v2\/media\/1051912"}],"wp:attachment":[{"href":"https:\/\/www.estrategiaconcursos.com.br\/blog\/wp-json\/wp\/v2\/media?parent=1051897"}],"wp:term":[{"taxonomy":"category","embeddable":true,"href":"https:\/\/www.estrategiaconcursos.com.br\/blog\/wp-json\/wp\/v2\/categories?post=1051897"},{"taxonomy":"post_tag","embeddable":true,"href":"https:\/\/www.estrategiaconcursos.com.br\/blog\/wp-json\/wp\/v2\/tags?post=1051897"},{"taxonomy":"tax_estado","embeddable":true,"href":"https:\/\/www.estrategiaconcursos.com.br\/blog\/wp-json\/wp\/v2\/tax_estado?post=1051897"}],"curies":[{"name":"wp","href":"https:\/\/api.w.org\/{rel}","templated":true}]}}