{"id":1051422,"date":"2022-06-28T11:03:19","date_gmt":"2022-06-28T14:03:19","guid":{"rendered":"https:\/\/www.estrategiaconcursos.com.br\/blog\/?p=1051422"},"modified":"2022-06-28T14:46:13","modified_gmt":"2022-06-28T17:46:13","slug":"pm-ac-edital-autorizado-oficial","status":"publish","type":"post","link":"https:\/\/www.estrategiaconcursos.com.br\/blog\/pm-ac-edital-autorizado-oficial\/","title":{"rendered":"PM AC tem novo edital AUTORIZADO para Oficial"},"content":{"rendered":"\n<p>Est\u00e1 AUTORIZADO um novo edital do concurso p\u00fablico da Pol\u00edcia Militar do Acre (PM AC) para Oficial. O aval foi assinado pelo governador Gladson Cameli, ap\u00f3s parecer positivo da Procuradoria-Geral do Estado.<\/p>\n\n\n\n<figure class=\"wp-block-image size-full\"><img loading=\"lazy\" decoding=\"async\" width=\"1024\" height=\"768\" src=\"https:\/\/dhg1h5j42swfq.cloudfront.net\/2022\/06\/28110028\/whatsapp-image-2021-06-15-at-9-45-28-am-2-1.webp\" alt=\"\" class=\"wp-image-1051435\" srcset=\"https:\/\/dhg1h5j42swfq.cloudfront.net\/2022\/06\/28110028\/whatsapp-image-2021-06-15-at-9-45-28-am-2-1.webp 1024w, https:\/\/dhg1h5j42swfq.cloudfront.net\/2022\/06\/28110028\/whatsapp-image-2021-06-15-at-9-45-28-am-2-1-300x225.webp 300w, https:\/\/dhg1h5j42swfq.cloudfront.net\/2022\/06\/28110028\/whatsapp-image-2021-06-15-at-9-45-28-am-2-1-768x576.webp 768w, https:\/\/dhg1h5j42swfq.cloudfront.net\/2022\/06\/28110028\/whatsapp-image-2021-06-15-at-9-45-28-am-2-1-610x458.webp 610w\" sizes=\"auto, (max-width: 1024px) 100vw, 1024px\" \/><figcaption>Edital ofertar\u00e1 oportunidades para as carreiras de Soldado Combatente e de Sa\u00fade | Imagem: reprodu\u00e7\u00e3o<\/figcaption><\/figure>\n\n\n\n<p>De acordo com as informa\u00e7\u00f5es publicadas, as oportunidades ser\u00e3o para as carreiras de Oficial Combatente e de Sa\u00fade, por\u00e9m o quantitativo de vagas n\u00e3o foi divulgado.<\/p>\n\n\n\n<p>Cameli j\u00e1 havia prometido a realiza\u00e7\u00e3o da sele\u00e7\u00e3o durante seu mandato. Al\u00e9m disso, o secret\u00e1rio de Planejamento, cel. Ricardo Brand\u00e3o, tamb\u00e9m j\u00e1 havia confirmado que os aprovados para cadastro reserva tamb\u00e9m seriam convocados, com expectativa de contrata\u00e7\u00e3o de at\u00e9 4 mil profissionais. <\/p>\n\n\n\n<p>Agora, os pr\u00f3ximos passos envolvem a forma\u00e7\u00e3o da comiss\u00e3o que acompanhar\u00e1 as atividades do futuro edital, bem como o an\u00fancio e contrata\u00e7\u00e3o da banca organizadora!<\/p>\n\n\n\n<p>O \u00faltimo edital do concurso PM AC foi publicado em 2017. Na ocasi\u00e3o, foram ofertadas\u00a0230 vagas para o cargo de Aluno Soldado da Pol\u00edcia Militar, com oportunidades para as carreiras de Soldado Combatente, M\u00fasico e de Sa\u00fade.<\/p>\n\n\n\n<p>E para mais informa\u00e7\u00f5es do pr\u00f3ximo concurso p\u00fablico da Pol\u00edcia Militar do Estado do Acre (<a href=\"http:\/\/pmac.acre.gov.br\/\" target=\"_blank\" rel=\"noreferrer noopener\">PM AC<\/a>), cujo edital para Oficial foi devidamente AUTORIZADO, acesse o link abaixo. N\u00f3s, do Estrat\u00e9gia Concursos, preparamos um artigo completo para voc\u00ea!<\/p>\n\n\n\n<p class=\"has-text-align-center has-cyan-bluish-gray-background-color has-background has-medium-font-size\"><strong><a href=\"https:\/\/www.estrategiaconcursos.com.br\/blog\/concurso-pm-acre\/\" target=\"_blank\" rel=\"noreferrer noopener\">Concurso PM AC<\/a><\/strong><\/p>\n\n\n\n<h2 class=\"has-text-align-center wp-block-heading\" id=\"cursos\">Quer saber tudo sobre concursos previstos? <br \/>Confira nossos artigos!<\/h2>\n\n\n\n<ul class=\"wp-block-list\"><li><a href=\"https:\/\/www.estrategiaconcursos.com.br\/blog\/concursos-abertos\/\" target=\"_blank\" rel=\"noreferrer noopener\">Concursos abertos<\/a><\/li><li><a href=\"https:\/\/www.estrategiaconcursos.com.br\/blog\/concursos-2022\/\" target=\"_blank\" rel=\"noreferrer noopener\">Concursos 2022<\/a><\/li><\/ul>\n\n\n\n<h2 class=\"has-text-align-center wp-block-heading\" id=\"cursos-assinatura\">Quer estudar para concurso PM AC?<\/h2>\n\n\n\n<div class=\"container\" id=\"boxes\">\n  <div class=\"row\">\n\n    <div class=\"col-sm\">\n      <div class=\"banner-policial\" id=\"box-assinatura\">\n        <h3 class=\"titulo-assinatura\">Curso PM AC<\/h3>\n        <p class=\"subtitulo-assinatura\">Conhe\u00e7a os cursos<\/p>\n        <div class=\"box-botao\">\n          <a class=\"btn-assinatura\" target=\"_blank\" href=\"https:\/\/www.estrategiaconcursos.com.br\/cursosPorConcurso\/policia-militar-do-acre-pm-ac\/\" role=\"button\" rel=\"noopener noreferrer\">Conhe\u00e7a mais<\/a>\n        <\/div>\n      <\/div>\n      <p class=\"texto-auxiliar\"><\/p>\n    <\/div>\n\n  <\/div>\n<\/div>\n\n\n\n<div id=\"boxes\" class=\"container\">\n<div class=\"row\">\n<div class=\"col-sm\">\n<div id=\"box-assinatura\" class=\"estrategia\">\n<h3 class=\"titulo-assinatura\">Assinatura de Concursos<\/h3>\n<p class=\"subtitulo-assinatura\">Assinatura de 1 ou 2 anos<\/p>\n<div class=\"box-botao\"><a class=\"btn-assinatura\" role=\"button\" href=\"https:\/\/www.estrategiaconcursos.com.br\/assinaturas\/\" target=\"_blank\" rel=\"noopener noreferrer\">ASSINE AGORA<\/a><\/div>\n<\/div>\n<p class=\"texto-auxiliar\">&nbsp;<\/p><\/div><\/div><\/div>\n","protected":false},"excerpt":{"rendered":"<p>Est\u00e1 AUTORIZADO um novo edital do concurso p\u00fablico da Pol\u00edcia Militar do Acre (PM AC) para Oficial. O aval foi assinado pelo governador Gladson Cameli, ap\u00f3s parecer positivo da Procuradoria-Geral do Estado. De acordo com as informa\u00e7\u00f5es publicadas, as oportunidades ser\u00e3o para as carreiras de Oficial Combatente e de Sa\u00fade, por\u00e9m o quantitativo de vagas [&hellip;]<\/p>\n","protected":false},"author":1483,"featured_media":874286,"comment_status":"open","ping_status":"closed","sticky":false,"template":"","format":"standard","meta":{"post_tipo":"news","footnotes":""},"categories":[220187,220219],"tags":[],"tax_estado":[219964],"class_list":["post-1051422","post","type-post","status-publish","format-standard","has-post-thumbnail","hentry","category-policial-pracas","category-noticias","tax_estado-ac"],"acf":[],"yoast_head":"<!-- This site is optimized with the Yoast SEO Premium plugin v27.2 (Yoast SEO v27.2) - https:\/\/yoast.com\/product\/yoast-seo-premium-wordpress\/ -->\n<title>PM AC tem novo edital AUTORIZADO para Oficial<\/title>\n<meta name=\"description\" content=\"Est\u00e1 autorizado um novo edital do concurso PM AC para o cargo de Oficial. Confira os detalhes no site do Estrat\u00e9gia Concursos!\" \/>\n<meta name=\"robots\" content=\"index, follow, max-snippet:-1, max-image-preview:large, max-video-preview:-1\" \/>\n<link rel=\"canonical\" href=\"https:\/\/www.estrategiaconcursos.com.br\/blog\/pm-ac-edital-autorizado-oficial\/\" \/>\n<meta property=\"og:locale\" content=\"pt_BR\" \/>\n<meta property=\"og:type\" content=\"article\" \/>\n<meta property=\"og:title\" content=\"PM AC tem novo edital AUTORIZADO para Oficial\" \/>\n<meta property=\"og:description\" content=\"Est\u00e1 autorizado um novo edital do concurso PM AC para o cargo de Oficial. Confira os detalhes no site do Estrat\u00e9gia Concursos!\" \/>\n<meta property=\"og:url\" content=\"https:\/\/www.estrategiaconcursos.com.br\/blog\/pm-ac-edital-autorizado-oficial\/\" \/>\n<meta property=\"og:site_name\" content=\"Estrat\u00e9gia Concursos\" \/>\n<meta property=\"article:published_time\" content=\"2022-06-28T14:03:19+00:00\" \/>\n<meta property=\"article:modified_time\" content=\"2022-06-28T17:46:13+00:00\" \/>\n<meta property=\"og:image\" content=\"https:\/\/dhg1h5j42swfq.cloudfront.net\/2021\/03\/30110413\/pm-ac.jpg\" \/>\n\t<meta property=\"og:image:width\" content=\"768\" \/>\n\t<meta property=\"og:image:height\" content=\"432\" \/>\n\t<meta property=\"og:image:type\" content=\"image\/jpeg\" \/>\n<meta name=\"author\" content=\"Diogo Mendes\" \/>\n<meta name=\"twitter:card\" content=\"summary_large_image\" \/>\n<meta name=\"twitter:creator\" content=\"@EstratConcursos\" \/>\n<meta name=\"twitter:site\" content=\"@EstratConcursos\" \/>\n<meta name=\"twitter:label1\" content=\"Escrito por\" \/>\n\t<meta name=\"twitter:data1\" content=\"Diogo Mendes\" \/>\n\t<meta name=\"twitter:label2\" content=\"Est. tempo de leitura\" \/>\n\t<meta name=\"twitter:data2\" content=\"2 minutos\" \/>\n<script type=\"application\/ld+json\" class=\"yoast-schema-graph\">{\"@context\":\"https:\/\/schema.org\",\"@graph\":[{\"@type\":\"NewsArticle\",\"@id\":\"https:\/\/www.estrategiaconcursos.com.br\/blog\/pm-ac-edital-autorizado-oficial\/#article\",\"isPartOf\":{\"@id\":\"https:\/\/www.estrategiaconcursos.com.br\/blog\/pm-ac-edital-autorizado-oficial\/\"},\"author\":{\"name\":\"Diogo Mendes\",\"@id\":\"https:\/\/www.estrategiaconcursos.com.br\/blog\/#\/schema\/person\/cc9e76173880338ce9f656c88664a1f6\"},\"headline\":\"PM AC tem novo edital AUTORIZADO para Oficial\",\"datePublished\":\"2022-06-28T14:03:19+00:00\",\"dateModified\":\"2022-06-28T17:46:13+00:00\",\"mainEntityOfPage\":{\"@id\":\"https:\/\/www.estrategiaconcursos.com.br\/blog\/pm-ac-edital-autorizado-oficial\/\"},\"wordCount\":294,\"commentCount\":0,\"publisher\":{\"@id\":\"https:\/\/www.estrategiaconcursos.com.br\/blog\/#organization\"},\"image\":{\"@id\":\"https:\/\/www.estrategiaconcursos.com.br\/blog\/pm-ac-edital-autorizado-oficial\/#primaryimage\"},\"thumbnailUrl\":\"https:\/\/dhg1h5j42swfq.cloudfront.net\/2021\/03\/30110413\/pm-ac.jpg\",\"articleSection\":[\"Policial (PM\/BM - Pra\u00e7as)\",\"\u00daltimas not\u00edcias\"],\"inLanguage\":\"pt-BR\",\"potentialAction\":[{\"@type\":\"CommentAction\",\"name\":\"Comment\",\"target\":[\"https:\/\/www.estrategiaconcursos.com.br\/blog\/pm-ac-edital-autorizado-oficial\/#respond\"]}],\"copyrightYear\":\"2022\",\"copyrightHolder\":{\"@id\":\"https:\/\/www.estrategiaconcursos.com.br\/blog\/#organization\"}},{\"@type\":\"WebPage\",\"@id\":\"https:\/\/www.estrategiaconcursos.com.br\/blog\/pm-ac-edital-autorizado-oficial\/\",\"url\":\"https:\/\/www.estrategiaconcursos.com.br\/blog\/pm-ac-edital-autorizado-oficial\/\",\"name\":\"PM AC tem novo edital AUTORIZADO para Oficial\",\"isPartOf\":{\"@id\":\"https:\/\/www.estrategiaconcursos.com.br\/blog\/#website\"},\"primaryImageOfPage\":{\"@id\":\"https:\/\/www.estrategiaconcursos.com.br\/blog\/pm-ac-edital-autorizado-oficial\/#primaryimage\"},\"image\":{\"@id\":\"https:\/\/www.estrategiaconcursos.com.br\/blog\/pm-ac-edital-autorizado-oficial\/#primaryimage\"},\"thumbnailUrl\":\"https:\/\/dhg1h5j42swfq.cloudfront.net\/2021\/03\/30110413\/pm-ac.jpg\",\"datePublished\":\"2022-06-28T14:03:19+00:00\",\"dateModified\":\"2022-06-28T17:46:13+00:00\",\"description\":\"Est\u00e1 autorizado um novo edital do concurso PM AC para o cargo de Oficial. Confira os detalhes no site do Estrat\u00e9gia Concursos!\",\"breadcrumb\":{\"@id\":\"https:\/\/www.estrategiaconcursos.com.br\/blog\/pm-ac-edital-autorizado-oficial\/#breadcrumb\"},\"inLanguage\":\"pt-BR\",\"potentialAction\":[{\"@type\":\"ReadAction\",\"target\":[\"https:\/\/www.estrategiaconcursos.com.br\/blog\/pm-ac-edital-autorizado-oficial\/\"]}]},{\"@type\":\"ImageObject\",\"inLanguage\":\"pt-BR\",\"@id\":\"https:\/\/www.estrategiaconcursos.com.br\/blog\/pm-ac-edital-autorizado-oficial\/#primaryimage\",\"url\":\"https:\/\/dhg1h5j42swfq.cloudfront.net\/2021\/03\/30110413\/pm-ac.jpg\",\"contentUrl\":\"https:\/\/dhg1h5j42swfq.cloudfront.net\/2021\/03\/30110413\/pm-ac.jpg\",\"width\":768,\"height\":432,\"caption\":\"pm ac\"},{\"@type\":\"BreadcrumbList\",\"@id\":\"https:\/\/www.estrategiaconcursos.com.br\/blog\/pm-ac-edital-autorizado-oficial\/#breadcrumb\",\"itemListElement\":[{\"@type\":\"ListItem\",\"position\":1,\"name\":\"In\u00edcio\",\"item\":\"https:\/\/www.estrategiaconcursos.com.br\/blog\/\"},{\"@type\":\"ListItem\",\"position\":2,\"name\":\"PM AC tem novo edital AUTORIZADO para Oficial\"}]},{\"@type\":\"WebSite\",\"@id\":\"https:\/\/www.estrategiaconcursos.com.br\/blog\/#website\",\"url\":\"https:\/\/www.estrategiaconcursos.com.br\/blog\/\",\"name\":\"Estrat\u00e9gia Concursos\",\"description\":\"O blog da Estrat\u00e9gia Concursos traz not\u00edcias sobre concursos e artigos de professores oferecendo cursos para concursos (pdf + videaulas) no site.\",\"publisher\":{\"@id\":\"https:\/\/www.estrategiaconcursos.com.br\/blog\/#organization\"},\"potentialAction\":[{\"@type\":\"SearchAction\",\"target\":{\"@type\":\"EntryPoint\",\"urlTemplate\":\"https:\/\/www.estrategiaconcursos.com.br\/blog\/?s={search_term_string}\"},\"query-input\":{\"@type\":\"PropertyValueSpecification\",\"valueRequired\":true,\"valueName\":\"search_term_string\"}}],\"inLanguage\":\"pt-BR\"},{\"@type\":\"Organization\",\"@id\":\"https:\/\/www.estrategiaconcursos.com.br\/blog\/#organization\",\"name\":\"Estrat\u00e9gia Concursos\",\"url\":\"https:\/\/www.estrategiaconcursos.com.br\/blog\/\",\"logo\":{\"@type\":\"ImageObject\",\"inLanguage\":\"pt-BR\",\"@id\":\"https:\/\/www.estrategiaconcursos.com.br\/blog\/#\/schema\/logo\/image\/\",\"url\":\"https:\/\/dhg1h5j42swfq.cloudfront.net\/2025\/06\/03203428\/logo_concursos-1.jpg\",\"contentUrl\":\"https:\/\/dhg1h5j42swfq.cloudfront.net\/2025\/06\/03203428\/logo_concursos-1.jpg\",\"width\":230,\"height\":60,\"caption\":\"Estrat\u00e9gia Concursos\"},\"image\":{\"@id\":\"https:\/\/www.estrategiaconcursos.com.br\/blog\/#\/schema\/logo\/image\/\"},\"sameAs\":[\"https:\/\/x.com\/EstratConcursos\"]},{\"@type\":\"Person\",\"@id\":\"https:\/\/www.estrategiaconcursos.com.br\/blog\/#\/schema\/person\/cc9e76173880338ce9f656c88664a1f6\",\"name\":\"Diogo Mendes\",\"image\":{\"@type\":\"ImageObject\",\"inLanguage\":\"pt-BR\",\"@id\":\"https:\/\/secure.gravatar.com\/avatar\/9754d6777d460a45ef4067b586b94c32005cc2345a0404b8d96adc620cf63806?s=96&d=mm&r=g\",\"url\":\"https:\/\/secure.gravatar.com\/avatar\/9754d6777d460a45ef4067b586b94c32005cc2345a0404b8d96adc620cf63806?s=96&d=mm&r=g\",\"contentUrl\":\"https:\/\/secure.gravatar.com\/avatar\/9754d6777d460a45ef4067b586b94c32005cc2345a0404b8d96adc620cf63806?s=96&d=mm&r=g\",\"caption\":\"Diogo Mendes\"},\"description\":\"Diogo Mendes \u00e9 jornalista formado pela Universidade Paulista, com experi\u00eancia em reda\u00e7\u00f5es de diversos ve\u00edculos e na produ\u00e7\u00e3o de conte\u00fados especializados em concursos p\u00fablicos. Desde 2019, atua no Estrat\u00e9gia Concursos como Jornalista e Analista de Conte\u00fado, com foco na apura\u00e7\u00e3o de informa\u00e7\u00f5es junto a \u00f3rg\u00e3os e fontes oficiais. Dedica-se especialmente \u00e0 produ\u00e7\u00e3o de not\u00edcias e reportagens sobre Concursos Legislativos, al\u00e9m de acompanhar diariamente os concursos policiais, banc\u00e1rios e da \u00e1rea da sa\u00fade.\",\"url\":\"https:\/\/www.estrategiaconcursos.com.br\/blog\/author\/diogo-mendesestrategiaconcursos-com-br\/\"}]}<\/script>\n<!-- \/ Yoast SEO Premium plugin. -->","yoast_head_json":{"title":"PM AC tem novo edital AUTORIZADO para Oficial","description":"Est\u00e1 autorizado um novo edital do concurso PM AC para o cargo de Oficial. Confira os detalhes no site do Estrat\u00e9gia Concursos!","robots":{"index":"index","follow":"follow","max-snippet":"max-snippet:-1","max-image-preview":"max-image-preview:large","max-video-preview":"max-video-preview:-1"},"canonical":"https:\/\/www.estrategiaconcursos.com.br\/blog\/pm-ac-edital-autorizado-oficial\/","og_locale":"pt_BR","og_type":"article","og_title":"PM AC tem novo edital AUTORIZADO para Oficial","og_description":"Est\u00e1 autorizado um novo edital do concurso PM AC para o cargo de Oficial. Confira os detalhes no site do Estrat\u00e9gia Concursos!","og_url":"https:\/\/www.estrategiaconcursos.com.br\/blog\/pm-ac-edital-autorizado-oficial\/","og_site_name":"Estrat\u00e9gia Concursos","article_published_time":"2022-06-28T14:03:19+00:00","article_modified_time":"2022-06-28T17:46:13+00:00","og_image":[{"width":768,"height":432,"url":"https:\/\/dhg1h5j42swfq.cloudfront.net\/2021\/03\/30110413\/pm-ac.jpg","type":"image\/jpeg"}],"author":"Diogo Mendes","twitter_card":"summary_large_image","twitter_creator":"@EstratConcursos","twitter_site":"@EstratConcursos","twitter_misc":{"Escrito por":"Diogo Mendes","Est. tempo de leitura":"2 minutos"},"schema":{"@context":"https:\/\/schema.org","@graph":[{"@type":"NewsArticle","@id":"https:\/\/www.estrategiaconcursos.com.br\/blog\/pm-ac-edital-autorizado-oficial\/#article","isPartOf":{"@id":"https:\/\/www.estrategiaconcursos.com.br\/blog\/pm-ac-edital-autorizado-oficial\/"},"author":{"name":"Diogo Mendes","@id":"https:\/\/www.estrategiaconcursos.com.br\/blog\/#\/schema\/person\/cc9e76173880338ce9f656c88664a1f6"},"headline":"PM AC tem novo edital AUTORIZADO para Oficial","datePublished":"2022-06-28T14:03:19+00:00","dateModified":"2022-06-28T17:46:13+00:00","mainEntityOfPage":{"@id":"https:\/\/www.estrategiaconcursos.com.br\/blog\/pm-ac-edital-autorizado-oficial\/"},"wordCount":294,"commentCount":0,"publisher":{"@id":"https:\/\/www.estrategiaconcursos.com.br\/blog\/#organization"},"image":{"@id":"https:\/\/www.estrategiaconcursos.com.br\/blog\/pm-ac-edital-autorizado-oficial\/#primaryimage"},"thumbnailUrl":"https:\/\/dhg1h5j42swfq.cloudfront.net\/2021\/03\/30110413\/pm-ac.jpg","articleSection":["Policial (PM\/BM - Pra\u00e7as)","\u00daltimas not\u00edcias"],"inLanguage":"pt-BR","potentialAction":[{"@type":"CommentAction","name":"Comment","target":["https:\/\/www.estrategiaconcursos.com.br\/blog\/pm-ac-edital-autorizado-oficial\/#respond"]}],"copyrightYear":"2022","copyrightHolder":{"@id":"https:\/\/www.estrategiaconcursos.com.br\/blog\/#organization"}},{"@type":"WebPage","@id":"https:\/\/www.estrategiaconcursos.com.br\/blog\/pm-ac-edital-autorizado-oficial\/","url":"https:\/\/www.estrategiaconcursos.com.br\/blog\/pm-ac-edital-autorizado-oficial\/","name":"PM AC tem novo edital AUTORIZADO para Oficial","isPartOf":{"@id":"https:\/\/www.estrategiaconcursos.com.br\/blog\/#website"},"primaryImageOfPage":{"@id":"https:\/\/www.estrategiaconcursos.com.br\/blog\/pm-ac-edital-autorizado-oficial\/#primaryimage"},"image":{"@id":"https:\/\/www.estrategiaconcursos.com.br\/blog\/pm-ac-edital-autorizado-oficial\/#primaryimage"},"thumbnailUrl":"https:\/\/dhg1h5j42swfq.cloudfront.net\/2021\/03\/30110413\/pm-ac.jpg","datePublished":"2022-06-28T14:03:19+00:00","dateModified":"2022-06-28T17:46:13+00:00","description":"Est\u00e1 autorizado um novo edital do concurso PM AC para o cargo de Oficial. Confira os detalhes no site do Estrat\u00e9gia Concursos!","breadcrumb":{"@id":"https:\/\/www.estrategiaconcursos.com.br\/blog\/pm-ac-edital-autorizado-oficial\/#breadcrumb"},"inLanguage":"pt-BR","potentialAction":[{"@type":"ReadAction","target":["https:\/\/www.estrategiaconcursos.com.br\/blog\/pm-ac-edital-autorizado-oficial\/"]}]},{"@type":"ImageObject","inLanguage":"pt-BR","@id":"https:\/\/www.estrategiaconcursos.com.br\/blog\/pm-ac-edital-autorizado-oficial\/#primaryimage","url":"https:\/\/dhg1h5j42swfq.cloudfront.net\/2021\/03\/30110413\/pm-ac.jpg","contentUrl":"https:\/\/dhg1h5j42swfq.cloudfront.net\/2021\/03\/30110413\/pm-ac.jpg","width":768,"height":432,"caption":"pm ac"},{"@type":"BreadcrumbList","@id":"https:\/\/www.estrategiaconcursos.com.br\/blog\/pm-ac-edital-autorizado-oficial\/#breadcrumb","itemListElement":[{"@type":"ListItem","position":1,"name":"In\u00edcio","item":"https:\/\/www.estrategiaconcursos.com.br\/blog\/"},{"@type":"ListItem","position":2,"name":"PM AC tem novo edital AUTORIZADO para Oficial"}]},{"@type":"WebSite","@id":"https:\/\/www.estrategiaconcursos.com.br\/blog\/#website","url":"https:\/\/www.estrategiaconcursos.com.br\/blog\/","name":"Estrat\u00e9gia Concursos","description":"O blog da Estrat\u00e9gia Concursos traz not\u00edcias sobre concursos e artigos de professores oferecendo cursos para concursos (pdf + videaulas) no site.","publisher":{"@id":"https:\/\/www.estrategiaconcursos.com.br\/blog\/#organization"},"potentialAction":[{"@type":"SearchAction","target":{"@type":"EntryPoint","urlTemplate":"https:\/\/www.estrategiaconcursos.com.br\/blog\/?s={search_term_string}"},"query-input":{"@type":"PropertyValueSpecification","valueRequired":true,"valueName":"search_term_string"}}],"inLanguage":"pt-BR"},{"@type":"Organization","@id":"https:\/\/www.estrategiaconcursos.com.br\/blog\/#organization","name":"Estrat\u00e9gia Concursos","url":"https:\/\/www.estrategiaconcursos.com.br\/blog\/","logo":{"@type":"ImageObject","inLanguage":"pt-BR","@id":"https:\/\/www.estrategiaconcursos.com.br\/blog\/#\/schema\/logo\/image\/","url":"https:\/\/dhg1h5j42swfq.cloudfront.net\/2025\/06\/03203428\/logo_concursos-1.jpg","contentUrl":"https:\/\/dhg1h5j42swfq.cloudfront.net\/2025\/06\/03203428\/logo_concursos-1.jpg","width":230,"height":60,"caption":"Estrat\u00e9gia Concursos"},"image":{"@id":"https:\/\/www.estrategiaconcursos.com.br\/blog\/#\/schema\/logo\/image\/"},"sameAs":["https:\/\/x.com\/EstratConcursos"]},{"@type":"Person","@id":"https:\/\/www.estrategiaconcursos.com.br\/blog\/#\/schema\/person\/cc9e76173880338ce9f656c88664a1f6","name":"Diogo Mendes","image":{"@type":"ImageObject","inLanguage":"pt-BR","@id":"https:\/\/secure.gravatar.com\/avatar\/9754d6777d460a45ef4067b586b94c32005cc2345a0404b8d96adc620cf63806?s=96&d=mm&r=g","url":"https:\/\/secure.gravatar.com\/avatar\/9754d6777d460a45ef4067b586b94c32005cc2345a0404b8d96adc620cf63806?s=96&d=mm&r=g","contentUrl":"https:\/\/secure.gravatar.com\/avatar\/9754d6777d460a45ef4067b586b94c32005cc2345a0404b8d96adc620cf63806?s=96&d=mm&r=g","caption":"Diogo Mendes"},"description":"Diogo Mendes \u00e9 jornalista formado pela Universidade Paulista, com experi\u00eancia em reda\u00e7\u00f5es de diversos ve\u00edculos e na produ\u00e7\u00e3o de conte\u00fados especializados em concursos p\u00fablicos. Desde 2019, atua no Estrat\u00e9gia Concursos como Jornalista e Analista de Conte\u00fado, com foco na apura\u00e7\u00e3o de informa\u00e7\u00f5es junto a \u00f3rg\u00e3os e fontes oficiais. Dedica-se especialmente \u00e0 produ\u00e7\u00e3o de not\u00edcias e reportagens sobre Concursos Legislativos, al\u00e9m de acompanhar diariamente os concursos policiais, banc\u00e1rios e da \u00e1rea da sa\u00fade.","url":"https:\/\/www.estrategiaconcursos.com.br\/blog\/author\/diogo-mendesestrategiaconcursos-com-br\/"}]}},"_links":{"self":[{"href":"https:\/\/www.estrategiaconcursos.com.br\/blog\/wp-json\/wp\/v2\/posts\/1051422","targetHints":{"allow":["GET"]}}],"collection":[{"href":"https:\/\/www.estrategiaconcursos.com.br\/blog\/wp-json\/wp\/v2\/posts"}],"about":[{"href":"https:\/\/www.estrategiaconcursos.com.br\/blog\/wp-json\/wp\/v2\/types\/post"}],"author":[{"embeddable":true,"href":"https:\/\/www.estrategiaconcursos.com.br\/blog\/wp-json\/wp\/v2\/users\/1483"}],"replies":[{"embeddable":true,"href":"https:\/\/www.estrategiaconcursos.com.br\/blog\/wp-json\/wp\/v2\/comments?post=1051422"}],"version-history":[{"count":7,"href":"https:\/\/www.estrategiaconcursos.com.br\/blog\/wp-json\/wp\/v2\/posts\/1051422\/revisions"}],"predecessor-version":[{"id":1051632,"href":"https:\/\/www.estrategiaconcursos.com.br\/blog\/wp-json\/wp\/v2\/posts\/1051422\/revisions\/1051632"}],"wp:featuredmedia":[{"embeddable":true,"href":"https:\/\/www.estrategiaconcursos.com.br\/blog\/wp-json\/wp\/v2\/media\/874286"}],"wp:attachment":[{"href":"https:\/\/www.estrategiaconcursos.com.br\/blog\/wp-json\/wp\/v2\/media?parent=1051422"}],"wp:term":[{"taxonomy":"category","embeddable":true,"href":"https:\/\/www.estrategiaconcursos.com.br\/blog\/wp-json\/wp\/v2\/categories?post=1051422"},{"taxonomy":"post_tag","embeddable":true,"href":"https:\/\/www.estrategiaconcursos.com.br\/blog\/wp-json\/wp\/v2\/tags?post=1051422"},{"taxonomy":"tax_estado","embeddable":true,"href":"https:\/\/www.estrategiaconcursos.com.br\/blog\/wp-json\/wp\/v2\/tax_estado?post=1051422"}],"curies":[{"name":"wp","href":"https:\/\/api.w.org\/{rel}","templated":true}]}}