{"id":1051223,"date":"2022-06-27T21:11:30","date_gmt":"2022-06-28T00:11:30","guid":{"rendered":"https:\/\/www.estrategiaconcursos.com.br\/blog\/?p=1051223"},"modified":"2023-10-06T12:58:13","modified_gmt":"2023-10-06T15:58:13","slug":"concurso-sefaz-am-resultado-final-aprovados","status":"publish","type":"post","link":"https:\/\/www.estrategiaconcursos.com.br\/blog\/concurso-sefaz-am-resultado-final-aprovados\/","title":{"rendered":"Concurso Sefaz AM: resultado final de aprovados!"},"content":{"rendered":"\n<p>A Funda\u00e7\u00e3o Get\u00falio Vargas divulgou nesta segunda-feira (27), o <strong>resultado final<\/strong> de aprovados do <strong>concurso Sefaz AM<\/strong>. Importante destacar que o certame deve ser homologado nos pr\u00f3ximos dias. <\/p>\n\n\n\n<p>Al\u00e9m disso, foram disponibilizados o resultado definitivo da per\u00edcia m\u00e9dica, bem como o resultado final de aprovados para candidatos com defici\u00eancia.<\/p>\n\n\n\n<ul class=\"wp-block-list\">\n<li><a href=\"https:\/\/dhg1h5j42swfq.cloudfront.net\/2022\/06\/27201722\/216_sefaz_-_resultado_final_de_aprovados_-_27-06-2022.pdf\" target=\"_blank\" rel=\"noreferrer noopener nofollow\">Resultado final de aprovados<\/a><\/li>\n\n\n\n<li><a href=\"https:\/\/dhg1h5j42swfq.cloudfront.net\/2022\/06\/27210812\/216_sefaz_-_resultado_final_de_aprovados_pcd_-_27-06-2022.pdf\" target=\"_blank\" rel=\"noreferrer noopener nofollow\">Resultado final de aprovados (PcD)<\/a><\/li>\n\n\n\n<li><a href=\"https:\/\/dhg1h5j42swfq.cloudfront.net\/2022\/06\/27210809\/sefaz-am_-_resultado_definitivo_da_pericia_medica_27-06-2022.pdf\" target=\"_blank\" rel=\"noreferrer noopener nofollow\">Resultado definitivo da per\u00edcia m\u00e9dica<\/a><\/li>\n<\/ul>\n\n\n\n<p>Ao todo, foram ofertadas <strong>210 vagas <\/strong>imediatas mais forma\u00e7\u00e3o de cadastro reserva, entre oportunidades de <a href=\"https:\/\/www.estrategiaconcursos.com.br\/blog\/concursos-nivel-medio-2022\/\" target=\"_blank\" rel=\"noreferrer noopener\">n\u00edvel m\u00e9dio<\/a> e superior, com <a href=\"https:\/\/www.estrategiaconcursos.com.br\/blog\/concurso-sefaz-am-salario\/\" target=\"_blank\" rel=\"noreferrer noopener\">remunera\u00e7\u00f5es iniciais<\/a> que alcan\u00e7aram os R$ 23 mil.<\/p>\n\n\n\n<p>\u00c9 v\u00e1lido relembrar que a sele\u00e7\u00e3o registrou <a href=\"https:\/\/dhg1h5j42swfq.cloudfront.net\/2022\/04\/18161041\/216_-_sefaz_am_-_definitivo_demanda_por_vaga.pdf\" target=\"_blank\" rel=\"noreferrer noopener nofollow\">64 mil candidatos inscritos<\/a>. Destes, 40.638 n\u00e3o compareceram aos locais de prova, registrando uma <strong>absten\u00e7\u00e3o de 63%<\/strong>.<\/p>\n\n\n\n<h3 class=\"wp-block-heading\" id=\"confira-a-remuneracao-e-distribuicao-das-vagas-ofertadas-no-concurso-sefaz-am\">Confira a remunera\u00e7\u00e3o e distribui\u00e7\u00e3o das vagas ofertadas no concurso Sefaz AM:<\/h3>\n\n\n\n<h3 class=\"wp-block-heading\" id=\"medio\">N\u00edvel m\u00e9dio<\/h3>\n\n\n\n<ul class=\"wp-block-list\">\n<li><strong>50 vagas + CR<\/strong>: Assistente Administrativo da Fazenda Estadual \u2013 AAFE (R$ 5.000,69).<\/li>\n<\/ul>\n\n\n\n<h3 class=\"wp-block-heading\" id=\"superior\">N\u00edvel superior<\/h3>\n\n\n\n<ul class=\"wp-block-list\">\n<li><strong style=\"color: initial;\">60 vagas + CR: <\/strong><span style=\"color: initial;\">Auditor Fiscal de Tributos Estaduais (R$ 23.548,96);<\/span><\/li>\n\n\n\n<li><strong>25 vagas + CR:<\/strong> Auditor de Finan\u00e7as e Controle do Tesouro Estadual (R$ 18.866,37);<\/li>\n\n\n\n<li><strong>15 vagas + CR:<\/strong> Analista de Tecnologia da Informa\u00e7\u00e3o da Fazenda Estadual (R$ 18.866,37);<\/li>\n\n\n\n<li><strong>25 vagas + CR:<\/strong> T\u00e9cnico de Arrecada\u00e7\u00e3o de Tributos Estaduais (R$ 15.307,60); e<\/li>\n\n\n\n<li><strong>35 vagas + CR:<\/strong> T\u00e9cnico da Fazenda Estadual (R$ 12.258,71).<\/li>\n<\/ul>\n\n\n\n<p class=\"has-text-align-center\"><em>Quer saber mais detalhes acerca do resultado final do concurso Sefaz AM divulgado pela <a href=\"https:\/\/conhecimento.fgv.br\/concursos\/sefazam22\" target=\"_blank\" rel=\"noreferrer noopener\">FGV<\/a>? Ent\u00e3o acesse o link:<\/em><\/p>\n\n\n\n<p class=\"has-text-align-center has-background\" style=\"background-color:#f2f2f2;font-size:clamp(14.642px, 0.915rem + ((1vw - 3.2px) * 0.721), 22px);\"><strong>Saiba mais: <a href=\"https:\/\/www.estrategiaconcursos.com.br\/blog\/concurso-sefaz-am\/\" target=\"_blank\" rel=\"noreferrer noopener\">Concurso Sefaz AM<\/a><\/strong><\/p>\n\n\n\n<div class=\"container\" id=\"boxes\">\n  <div class=\"row\">\n\n    <div class=\"col-sm\">\n      <div class=\"banner-fiscal-01\" id=\"box-assinatura\">\n        <h3 class=\"titulo-assinatura\">Concurso Sefaz AM<\/h3>\n        <p class=\"subtitulo-assinatura\">Conhe\u00e7a os cursos<\/p>\n        <div class=\"box-botao\">\n          <a class=\"btn-assinatura\" target=\"_blank\" href=\"https:\/\/www.estrategiaconcursos.com.br\/cursosPorConcurso\/sefaz-am-247\/\" role=\"button\" rel=\"noopener noreferrer\">Conhe\u00e7a mais<\/a>\n        <\/div>\n      <\/div>\n    \n    <\/div>\n\n  <\/div>\n<\/div>\n\n\n\n<div class=\"container\" id=\"boxes\">\n  <div class=\"row\">\n\n    <div class=\"col-sm\">\n      <div class=\"estrategia\" id=\"box-assinatura\">\n        <h3 class=\"titulo-assinatura\">Assinatura Concursos<\/h3>\n        <p class=\"subtitulo-assinatura\">Assinatura de 1 ano ou 2 anos<\/p>\n        <div class=\"box-botao\">\n          <a class=\"btn-assinatura\" target=\"_blank\" href=\"https:\/\/www.estrategiaconcursos.com.br\/assinaturas\/\" role=\"button\" rel=\"noopener noreferrer\">ASSINE AGORA<\/a>\n        <\/div>\n      <\/div>\n     \n    <\/div><\/div><\/div>\n\n\n\n<h2 class=\"wp-block-heading has-text-align-center\" id=\"h-quer-saber-tudo-sobre-concursos-previstos-confira-nossos-artigos\">Quer saber tudo sobre concursos previstos?<br \/>Confira nossos artigos!<\/h2>\n\n\n\n<ul class=\"wp-block-list\">\n<li><a href=\"https:\/\/www.estrategiaconcursos.com.br\/blog\/concursos-abertos\/\" target=\"_blank\" rel=\"noreferrer noopener\">Concursos abertos<\/a><\/li>\n\n\n\n<li><a href=\"https:\/\/www.estrategiaconcursos.com.br\/blog\/concursos-2022\/\" target=\"_blank\" rel=\"noreferrer noopener\">Concursos 2022<\/a><\/li>\n\n\n\n<li><a href=\"https:\/\/www.estrategiaconcursos.com.br\/blog\/concursos-ficais-2022\/\" target=\"_blank\" rel=\"noreferrer noopener\">Concursos fiscais<\/a><\/li>\n<\/ul>\n","protected":false},"excerpt":{"rendered":"<p>A Funda\u00e7\u00e3o Get\u00falio Vargas divulgou nesta segunda-feira (27), o resultado final de aprovados do concurso Sefaz AM. Importante destacar que o certame deve ser homologado nos pr\u00f3ximos dias. Al\u00e9m disso, foram disponibilizados o resultado definitivo da per\u00edcia m\u00e9dica, bem como o resultado final de aprovados para candidatos com defici\u00eancia. Ao todo, foram ofertadas 210 vagas [&hellip;]<\/p>\n","protected":false},"author":2134,"featured_media":1031031,"comment_status":"open","ping_status":"closed","sticky":false,"template":"","format":"standard","meta":{"post_tipo":"news","footnotes":""},"categories":[1983,220219],"tags":[],"tax_estado":[219966],"class_list":["post-1051223","post","type-post","status-publish","format-standard","has-post-thumbnail","hentry","category-fiscal-estadual","category-noticias","tax_estado-am"],"acf":[],"yoast_head":"<!-- This site is optimized with the Yoast SEO Premium plugin v27.2 (Yoast SEO v27.2) - https:\/\/yoast.com\/product\/yoast-seo-premium-wordpress\/ -->\n<title>Concurso Sefaz AM: resultado final de aprovados!<\/title>\n<meta name=\"description\" content=\"Concurso Sefaz AM divulga o resultado final da sele\u00e7\u00e3o. Edital ofertou 210 vagas + CR, com sal\u00e1rios iniciais de at\u00e9 R$ 23 mil. Confira!\" \/>\n<meta name=\"robots\" content=\"index, follow, max-snippet:-1, max-image-preview:large, max-video-preview:-1\" \/>\n<link rel=\"canonical\" href=\"https:\/\/www.estrategiaconcursos.com.br\/blog\/concurso-sefaz-am-resultado-final-aprovados\/\" \/>\n<meta property=\"og:locale\" content=\"pt_BR\" \/>\n<meta property=\"og:type\" content=\"article\" \/>\n<meta property=\"og:title\" content=\"Concurso Sefaz AM: resultado final de aprovados!\" \/>\n<meta property=\"og:description\" content=\"Concurso Sefaz AM divulga o resultado final da sele\u00e7\u00e3o. Edital ofertou 210 vagas + CR, com sal\u00e1rios iniciais de at\u00e9 R$ 23 mil. Confira!\" \/>\n<meta property=\"og:url\" content=\"https:\/\/www.estrategiaconcursos.com.br\/blog\/concurso-sefaz-am-resultado-final-aprovados\/\" \/>\n<meta property=\"og:site_name\" content=\"Estrat\u00e9gia Concursos\" \/>\n<meta property=\"article:published_time\" content=\"2022-06-28T00:11:30+00:00\" \/>\n<meta property=\"article:modified_time\" content=\"2023-10-06T15:58:13+00:00\" \/>\n<meta property=\"og:image\" content=\"https:\/\/dhg1h5j42swfq.cloudfront.net\/2022\/05\/19163159\/sefaz-am.jpg\" \/>\n\t<meta property=\"og:image:width\" content=\"768\" \/>\n\t<meta property=\"og:image:height\" content=\"432\" \/>\n\t<meta property=\"og:image:type\" content=\"image\/jpeg\" \/>\n<meta name=\"author\" content=\"Rafaela Teixeira\" \/>\n<meta name=\"twitter:card\" content=\"summary_large_image\" \/>\n<meta name=\"twitter:creator\" content=\"@EstratConcursos\" \/>\n<meta name=\"twitter:site\" content=\"@EstratConcursos\" \/>\n<meta name=\"twitter:label1\" content=\"Escrito por\" \/>\n\t<meta name=\"twitter:data1\" content=\"Rafaela Teixeira\" \/>\n\t<meta name=\"twitter:label2\" content=\"Est. tempo de leitura\" \/>\n\t<meta name=\"twitter:data2\" content=\"2 minutos\" \/>\n<script type=\"application\/ld+json\" class=\"yoast-schema-graph\">{\"@context\":\"https:\/\/schema.org\",\"@graph\":[{\"@type\":\"NewsArticle\",\"@id\":\"https:\/\/www.estrategiaconcursos.com.br\/blog\/concurso-sefaz-am-resultado-final-aprovados\/#article\",\"isPartOf\":{\"@id\":\"https:\/\/www.estrategiaconcursos.com.br\/blog\/concurso-sefaz-am-resultado-final-aprovados\/\"},\"author\":{\"name\":\"Rafaela Teixeira\",\"@id\":\"https:\/\/www.estrategiaconcursos.com.br\/blog\/#\/schema\/person\/e75352021ea7f60781c599934f916eb1\"},\"headline\":\"Concurso Sefaz AM: resultado final de aprovados!\",\"datePublished\":\"2022-06-28T00:11:30+00:00\",\"dateModified\":\"2023-10-06T15:58:13+00:00\",\"mainEntityOfPage\":{\"@id\":\"https:\/\/www.estrategiaconcursos.com.br\/blog\/concurso-sefaz-am-resultado-final-aprovados\/\"},\"wordCount\":273,\"commentCount\":0,\"publisher\":{\"@id\":\"https:\/\/www.estrategiaconcursos.com.br\/blog\/#organization\"},\"image\":{\"@id\":\"https:\/\/www.estrategiaconcursos.com.br\/blog\/concurso-sefaz-am-resultado-final-aprovados\/#primaryimage\"},\"thumbnailUrl\":\"https:\/\/dhg1h5j42swfq.cloudfront.net\/2022\/05\/19163159\/sefaz-am.jpg\",\"articleSection\":[\"Fiscal - Estadual (ICMS)\",\"\u00daltimas not\u00edcias\"],\"inLanguage\":\"pt-BR\",\"potentialAction\":[{\"@type\":\"CommentAction\",\"name\":\"Comment\",\"target\":[\"https:\/\/www.estrategiaconcursos.com.br\/blog\/concurso-sefaz-am-resultado-final-aprovados\/#respond\"]}],\"copyrightYear\":\"2022\",\"copyrightHolder\":{\"@id\":\"https:\/\/www.estrategiaconcursos.com.br\/blog\/#organization\"}},{\"@type\":\"WebPage\",\"@id\":\"https:\/\/www.estrategiaconcursos.com.br\/blog\/concurso-sefaz-am-resultado-final-aprovados\/\",\"url\":\"https:\/\/www.estrategiaconcursos.com.br\/blog\/concurso-sefaz-am-resultado-final-aprovados\/\",\"name\":\"Concurso Sefaz AM: resultado final de aprovados!\",\"isPartOf\":{\"@id\":\"https:\/\/www.estrategiaconcursos.com.br\/blog\/#website\"},\"primaryImageOfPage\":{\"@id\":\"https:\/\/www.estrategiaconcursos.com.br\/blog\/concurso-sefaz-am-resultado-final-aprovados\/#primaryimage\"},\"image\":{\"@id\":\"https:\/\/www.estrategiaconcursos.com.br\/blog\/concurso-sefaz-am-resultado-final-aprovados\/#primaryimage\"},\"thumbnailUrl\":\"https:\/\/dhg1h5j42swfq.cloudfront.net\/2022\/05\/19163159\/sefaz-am.jpg\",\"datePublished\":\"2022-06-28T00:11:30+00:00\",\"dateModified\":\"2023-10-06T15:58:13+00:00\",\"description\":\"Concurso Sefaz AM divulga o resultado final da sele\u00e7\u00e3o. Edital ofertou 210 vagas + CR, com sal\u00e1rios iniciais de at\u00e9 R$ 23 mil. Confira!\",\"breadcrumb\":{\"@id\":\"https:\/\/www.estrategiaconcursos.com.br\/blog\/concurso-sefaz-am-resultado-final-aprovados\/#breadcrumb\"},\"inLanguage\":\"pt-BR\",\"potentialAction\":[{\"@type\":\"ReadAction\",\"target\":[\"https:\/\/www.estrategiaconcursos.com.br\/blog\/concurso-sefaz-am-resultado-final-aprovados\/\"]}]},{\"@type\":\"ImageObject\",\"inLanguage\":\"pt-BR\",\"@id\":\"https:\/\/www.estrategiaconcursos.com.br\/blog\/concurso-sefaz-am-resultado-final-aprovados\/#primaryimage\",\"url\":\"https:\/\/dhg1h5j42swfq.cloudfront.net\/2022\/05\/19163159\/sefaz-am.jpg\",\"contentUrl\":\"https:\/\/dhg1h5j42swfq.cloudfront.net\/2022\/05\/19163159\/sefaz-am.jpg\",\"width\":768,\"height\":432,\"caption\":\"Concurso Sefaz AM resultado objetiva\"},{\"@type\":\"BreadcrumbList\",\"@id\":\"https:\/\/www.estrategiaconcursos.com.br\/blog\/concurso-sefaz-am-resultado-final-aprovados\/#breadcrumb\",\"itemListElement\":[{\"@type\":\"ListItem\",\"position\":1,\"name\":\"In\u00edcio\",\"item\":\"https:\/\/www.estrategiaconcursos.com.br\/blog\/\"},{\"@type\":\"ListItem\",\"position\":2,\"name\":\"Concurso Sefaz AM: resultado final de aprovados!\"}]},{\"@type\":\"WebSite\",\"@id\":\"https:\/\/www.estrategiaconcursos.com.br\/blog\/#website\",\"url\":\"https:\/\/www.estrategiaconcursos.com.br\/blog\/\",\"name\":\"Estrat\u00e9gia Concursos\",\"description\":\"O blog da Estrat\u00e9gia Concursos traz not\u00edcias sobre concursos e artigos de professores oferecendo cursos para concursos (pdf + videaulas) no site.\",\"publisher\":{\"@id\":\"https:\/\/www.estrategiaconcursos.com.br\/blog\/#organization\"},\"potentialAction\":[{\"@type\":\"SearchAction\",\"target\":{\"@type\":\"EntryPoint\",\"urlTemplate\":\"https:\/\/www.estrategiaconcursos.com.br\/blog\/?s={search_term_string}\"},\"query-input\":{\"@type\":\"PropertyValueSpecification\",\"valueRequired\":true,\"valueName\":\"search_term_string\"}}],\"inLanguage\":\"pt-BR\"},{\"@type\":\"Organization\",\"@id\":\"https:\/\/www.estrategiaconcursos.com.br\/blog\/#organization\",\"name\":\"Estrat\u00e9gia Concursos\",\"url\":\"https:\/\/www.estrategiaconcursos.com.br\/blog\/\",\"logo\":{\"@type\":\"ImageObject\",\"inLanguage\":\"pt-BR\",\"@id\":\"https:\/\/www.estrategiaconcursos.com.br\/blog\/#\/schema\/logo\/image\/\",\"url\":\"https:\/\/dhg1h5j42swfq.cloudfront.net\/2025\/06\/03203428\/logo_concursos-1.jpg\",\"contentUrl\":\"https:\/\/dhg1h5j42swfq.cloudfront.net\/2025\/06\/03203428\/logo_concursos-1.jpg\",\"width\":230,\"height\":60,\"caption\":\"Estrat\u00e9gia Concursos\"},\"image\":{\"@id\":\"https:\/\/www.estrategiaconcursos.com.br\/blog\/#\/schema\/logo\/image\/\"},\"sameAs\":[\"https:\/\/x.com\/EstratConcursos\"]},{\"@type\":\"Person\",\"@id\":\"https:\/\/www.estrategiaconcursos.com.br\/blog\/#\/schema\/person\/e75352021ea7f60781c599934f916eb1\",\"name\":\"Rafaela Teixeira\",\"image\":{\"@type\":\"ImageObject\",\"inLanguage\":\"pt-BR\",\"@id\":\"https:\/\/secure.gravatar.com\/avatar\/8a349a2b22039b1ee88fc06461487c950fd6aa411ea8af8633314b43334ae793?s=96&d=mm&r=g\",\"url\":\"https:\/\/secure.gravatar.com\/avatar\/8a349a2b22039b1ee88fc06461487c950fd6aa411ea8af8633314b43334ae793?s=96&d=mm&r=g\",\"contentUrl\":\"https:\/\/secure.gravatar.com\/avatar\/8a349a2b22039b1ee88fc06461487c950fd6aa411ea8af8633314b43334ae793?s=96&d=mm&r=g\",\"caption\":\"Rafaela Teixeira\"},\"description\":\"Rafaela Teixeira \u00e9 advogada conveniada \u00e0 Defensoria P\u00fablica de S\u00e3o Paulo pela OAB, com experi\u00eancia em reda\u00e7\u00e3o jur\u00eddica e atua\u00e7\u00e3o em institui\u00e7\u00f5es p\u00fablicas, incluindo est\u00e1gio no TRE-SP. Possui mais de 7 anos de experi\u00eancia na produ\u00e7\u00e3o de conte\u00fados voltados ao nicho de concursos p\u00fablicos, com foco em apura\u00e7\u00e3o jornal\u00edstica cont\u00ednua, an\u00e1lise de editais e obten\u00e7\u00e3o de informa\u00e7\u00f5es diretamente junto a \u00f3rg\u00e3os e fontes oficiais. No Blog do Estrat\u00e9gia Concursos, atua como Analista de Conte\u00fado S\u00eanior, respons\u00e1vel pelo jornalismo do per\u00edodo noturno e da madrugada, com atua\u00e7\u00e3o transversal na cobertura de concursos p\u00fablicos, garantindo a continuidade, fluidez e confiabilidade das publica\u00e7\u00f5es e dos bastidores dos certames.\",\"url\":\"https:\/\/www.estrategiaconcursos.com.br\/blog\/author\/rafaela-teixeira\/\"}]}<\/script>\n<!-- \/ Yoast SEO Premium plugin. -->","yoast_head_json":{"title":"Concurso Sefaz AM: resultado final de aprovados!","description":"Concurso Sefaz AM divulga o resultado final da sele\u00e7\u00e3o. Edital ofertou 210 vagas + CR, com sal\u00e1rios iniciais de at\u00e9 R$ 23 mil. Confira!","robots":{"index":"index","follow":"follow","max-snippet":"max-snippet:-1","max-image-preview":"max-image-preview:large","max-video-preview":"max-video-preview:-1"},"canonical":"https:\/\/www.estrategiaconcursos.com.br\/blog\/concurso-sefaz-am-resultado-final-aprovados\/","og_locale":"pt_BR","og_type":"article","og_title":"Concurso Sefaz AM: resultado final de aprovados!","og_description":"Concurso Sefaz AM divulga o resultado final da sele\u00e7\u00e3o. Edital ofertou 210 vagas + CR, com sal\u00e1rios iniciais de at\u00e9 R$ 23 mil. Confira!","og_url":"https:\/\/www.estrategiaconcursos.com.br\/blog\/concurso-sefaz-am-resultado-final-aprovados\/","og_site_name":"Estrat\u00e9gia Concursos","article_published_time":"2022-06-28T00:11:30+00:00","article_modified_time":"2023-10-06T15:58:13+00:00","og_image":[{"width":768,"height":432,"url":"https:\/\/dhg1h5j42swfq.cloudfront.net\/2022\/05\/19163159\/sefaz-am.jpg","type":"image\/jpeg"}],"author":"Rafaela Teixeira","twitter_card":"summary_large_image","twitter_creator":"@EstratConcursos","twitter_site":"@EstratConcursos","twitter_misc":{"Escrito por":"Rafaela Teixeira","Est. tempo de leitura":"2 minutos"},"schema":{"@context":"https:\/\/schema.org","@graph":[{"@type":"NewsArticle","@id":"https:\/\/www.estrategiaconcursos.com.br\/blog\/concurso-sefaz-am-resultado-final-aprovados\/#article","isPartOf":{"@id":"https:\/\/www.estrategiaconcursos.com.br\/blog\/concurso-sefaz-am-resultado-final-aprovados\/"},"author":{"name":"Rafaela Teixeira","@id":"https:\/\/www.estrategiaconcursos.com.br\/blog\/#\/schema\/person\/e75352021ea7f60781c599934f916eb1"},"headline":"Concurso Sefaz AM: resultado final de aprovados!","datePublished":"2022-06-28T00:11:30+00:00","dateModified":"2023-10-06T15:58:13+00:00","mainEntityOfPage":{"@id":"https:\/\/www.estrategiaconcursos.com.br\/blog\/concurso-sefaz-am-resultado-final-aprovados\/"},"wordCount":273,"commentCount":0,"publisher":{"@id":"https:\/\/www.estrategiaconcursos.com.br\/blog\/#organization"},"image":{"@id":"https:\/\/www.estrategiaconcursos.com.br\/blog\/concurso-sefaz-am-resultado-final-aprovados\/#primaryimage"},"thumbnailUrl":"https:\/\/dhg1h5j42swfq.cloudfront.net\/2022\/05\/19163159\/sefaz-am.jpg","articleSection":["Fiscal - Estadual (ICMS)","\u00daltimas not\u00edcias"],"inLanguage":"pt-BR","potentialAction":[{"@type":"CommentAction","name":"Comment","target":["https:\/\/www.estrategiaconcursos.com.br\/blog\/concurso-sefaz-am-resultado-final-aprovados\/#respond"]}],"copyrightYear":"2022","copyrightHolder":{"@id":"https:\/\/www.estrategiaconcursos.com.br\/blog\/#organization"}},{"@type":"WebPage","@id":"https:\/\/www.estrategiaconcursos.com.br\/blog\/concurso-sefaz-am-resultado-final-aprovados\/","url":"https:\/\/www.estrategiaconcursos.com.br\/blog\/concurso-sefaz-am-resultado-final-aprovados\/","name":"Concurso Sefaz AM: resultado final de aprovados!","isPartOf":{"@id":"https:\/\/www.estrategiaconcursos.com.br\/blog\/#website"},"primaryImageOfPage":{"@id":"https:\/\/www.estrategiaconcursos.com.br\/blog\/concurso-sefaz-am-resultado-final-aprovados\/#primaryimage"},"image":{"@id":"https:\/\/www.estrategiaconcursos.com.br\/blog\/concurso-sefaz-am-resultado-final-aprovados\/#primaryimage"},"thumbnailUrl":"https:\/\/dhg1h5j42swfq.cloudfront.net\/2022\/05\/19163159\/sefaz-am.jpg","datePublished":"2022-06-28T00:11:30+00:00","dateModified":"2023-10-06T15:58:13+00:00","description":"Concurso Sefaz AM divulga o resultado final da sele\u00e7\u00e3o. Edital ofertou 210 vagas + CR, com sal\u00e1rios iniciais de at\u00e9 R$ 23 mil. Confira!","breadcrumb":{"@id":"https:\/\/www.estrategiaconcursos.com.br\/blog\/concurso-sefaz-am-resultado-final-aprovados\/#breadcrumb"},"inLanguage":"pt-BR","potentialAction":[{"@type":"ReadAction","target":["https:\/\/www.estrategiaconcursos.com.br\/blog\/concurso-sefaz-am-resultado-final-aprovados\/"]}]},{"@type":"ImageObject","inLanguage":"pt-BR","@id":"https:\/\/www.estrategiaconcursos.com.br\/blog\/concurso-sefaz-am-resultado-final-aprovados\/#primaryimage","url":"https:\/\/dhg1h5j42swfq.cloudfront.net\/2022\/05\/19163159\/sefaz-am.jpg","contentUrl":"https:\/\/dhg1h5j42swfq.cloudfront.net\/2022\/05\/19163159\/sefaz-am.jpg","width":768,"height":432,"caption":"Concurso Sefaz AM resultado objetiva"},{"@type":"BreadcrumbList","@id":"https:\/\/www.estrategiaconcursos.com.br\/blog\/concurso-sefaz-am-resultado-final-aprovados\/#breadcrumb","itemListElement":[{"@type":"ListItem","position":1,"name":"In\u00edcio","item":"https:\/\/www.estrategiaconcursos.com.br\/blog\/"},{"@type":"ListItem","position":2,"name":"Concurso Sefaz AM: resultado final de aprovados!"}]},{"@type":"WebSite","@id":"https:\/\/www.estrategiaconcursos.com.br\/blog\/#website","url":"https:\/\/www.estrategiaconcursos.com.br\/blog\/","name":"Estrat\u00e9gia Concursos","description":"O blog da Estrat\u00e9gia Concursos traz not\u00edcias sobre concursos e artigos de professores oferecendo cursos para concursos (pdf + videaulas) no site.","publisher":{"@id":"https:\/\/www.estrategiaconcursos.com.br\/blog\/#organization"},"potentialAction":[{"@type":"SearchAction","target":{"@type":"EntryPoint","urlTemplate":"https:\/\/www.estrategiaconcursos.com.br\/blog\/?s={search_term_string}"},"query-input":{"@type":"PropertyValueSpecification","valueRequired":true,"valueName":"search_term_string"}}],"inLanguage":"pt-BR"},{"@type":"Organization","@id":"https:\/\/www.estrategiaconcursos.com.br\/blog\/#organization","name":"Estrat\u00e9gia Concursos","url":"https:\/\/www.estrategiaconcursos.com.br\/blog\/","logo":{"@type":"ImageObject","inLanguage":"pt-BR","@id":"https:\/\/www.estrategiaconcursos.com.br\/blog\/#\/schema\/logo\/image\/","url":"https:\/\/dhg1h5j42swfq.cloudfront.net\/2025\/06\/03203428\/logo_concursos-1.jpg","contentUrl":"https:\/\/dhg1h5j42swfq.cloudfront.net\/2025\/06\/03203428\/logo_concursos-1.jpg","width":230,"height":60,"caption":"Estrat\u00e9gia Concursos"},"image":{"@id":"https:\/\/www.estrategiaconcursos.com.br\/blog\/#\/schema\/logo\/image\/"},"sameAs":["https:\/\/x.com\/EstratConcursos"]},{"@type":"Person","@id":"https:\/\/www.estrategiaconcursos.com.br\/blog\/#\/schema\/person\/e75352021ea7f60781c599934f916eb1","name":"Rafaela Teixeira","image":{"@type":"ImageObject","inLanguage":"pt-BR","@id":"https:\/\/secure.gravatar.com\/avatar\/8a349a2b22039b1ee88fc06461487c950fd6aa411ea8af8633314b43334ae793?s=96&d=mm&r=g","url":"https:\/\/secure.gravatar.com\/avatar\/8a349a2b22039b1ee88fc06461487c950fd6aa411ea8af8633314b43334ae793?s=96&d=mm&r=g","contentUrl":"https:\/\/secure.gravatar.com\/avatar\/8a349a2b22039b1ee88fc06461487c950fd6aa411ea8af8633314b43334ae793?s=96&d=mm&r=g","caption":"Rafaela Teixeira"},"description":"Rafaela Teixeira \u00e9 advogada conveniada \u00e0 Defensoria P\u00fablica de S\u00e3o Paulo pela OAB, com experi\u00eancia em reda\u00e7\u00e3o jur\u00eddica e atua\u00e7\u00e3o em institui\u00e7\u00f5es p\u00fablicas, incluindo est\u00e1gio no TRE-SP. Possui mais de 7 anos de experi\u00eancia na produ\u00e7\u00e3o de conte\u00fados voltados ao nicho de concursos p\u00fablicos, com foco em apura\u00e7\u00e3o jornal\u00edstica cont\u00ednua, an\u00e1lise de editais e obten\u00e7\u00e3o de informa\u00e7\u00f5es diretamente junto a \u00f3rg\u00e3os e fontes oficiais. No Blog do Estrat\u00e9gia Concursos, atua como Analista de Conte\u00fado S\u00eanior, respons\u00e1vel pelo jornalismo do per\u00edodo noturno e da madrugada, com atua\u00e7\u00e3o transversal na cobertura de concursos p\u00fablicos, garantindo a continuidade, fluidez e confiabilidade das publica\u00e7\u00f5es e dos bastidores dos certames.","url":"https:\/\/www.estrategiaconcursos.com.br\/blog\/author\/rafaela-teixeira\/"}]}},"_links":{"self":[{"href":"https:\/\/www.estrategiaconcursos.com.br\/blog\/wp-json\/wp\/v2\/posts\/1051223","targetHints":{"allow":["GET"]}}],"collection":[{"href":"https:\/\/www.estrategiaconcursos.com.br\/blog\/wp-json\/wp\/v2\/posts"}],"about":[{"href":"https:\/\/www.estrategiaconcursos.com.br\/blog\/wp-json\/wp\/v2\/types\/post"}],"author":[{"embeddable":true,"href":"https:\/\/www.estrategiaconcursos.com.br\/blog\/wp-json\/wp\/v2\/users\/2134"}],"replies":[{"embeddable":true,"href":"https:\/\/www.estrategiaconcursos.com.br\/blog\/wp-json\/wp\/v2\/comments?post=1051223"}],"version-history":[{"count":11,"href":"https:\/\/www.estrategiaconcursos.com.br\/blog\/wp-json\/wp\/v2\/posts\/1051223\/revisions"}],"predecessor-version":[{"id":1288993,"href":"https:\/\/www.estrategiaconcursos.com.br\/blog\/wp-json\/wp\/v2\/posts\/1051223\/revisions\/1288993"}],"wp:featuredmedia":[{"embeddable":true,"href":"https:\/\/www.estrategiaconcursos.com.br\/blog\/wp-json\/wp\/v2\/media\/1031031"}],"wp:attachment":[{"href":"https:\/\/www.estrategiaconcursos.com.br\/blog\/wp-json\/wp\/v2\/media?parent=1051223"}],"wp:term":[{"taxonomy":"category","embeddable":true,"href":"https:\/\/www.estrategiaconcursos.com.br\/blog\/wp-json\/wp\/v2\/categories?post=1051223"},{"taxonomy":"post_tag","embeddable":true,"href":"https:\/\/www.estrategiaconcursos.com.br\/blog\/wp-json\/wp\/v2\/tags?post=1051223"},{"taxonomy":"tax_estado","embeddable":true,"href":"https:\/\/www.estrategiaconcursos.com.br\/blog\/wp-json\/wp\/v2\/tax_estado?post=1051223"}],"curies":[{"name":"wp","href":"https:\/\/api.w.org\/{rel}","templated":true}]}}