{"id":1051083,"date":"2022-06-27T17:19:47","date_gmt":"2022-06-27T20:19:47","guid":{"rendered":"https:\/\/www.estrategiaconcursos.com.br\/blog\/?p=1051083"},"modified":"2022-06-27T17:19:50","modified_gmt":"2022-06-27T20:19:50","slug":"ses-df-dentista-recursos-conhecimentos-sobre-o-df","status":"publish","type":"post","link":"https:\/\/www.estrategiaconcursos.com.br\/blog\/ses-df-dentista-recursos-conhecimentos-sobre-o-df\/","title":{"rendered":"SES-DF &#8211; Dentista &#8211; Recursos &#8211; Conhecimentos sobre o DF"},"content":{"rendered":"\n<p>Caros Alunos,<br \/>Foram 10 quest\u00f5es de Conhecimentos sobre o Distrito Federal na prova de Cirurgi\u00e3o-Dentista. Quest\u00f5es ma\u00e7antes e um examinador despreparado, que cometeu erros crassos na elabora\u00e7\u00e3o de algumas quest\u00f5es. Cabe recurso nas quest\u00f5es 51, 52, 57 e 60.<br \/>Abaixo, os argumentos para os recursos.<br \/>Abra\u00e7os,<br \/>Leandro Signori<br \/><\/p>\n\n\n\n<p><strong>Quest\u00e3o 51:<\/strong><\/p>\n\n\n\n<p><strong>O processo de urbaniza\u00e7\u00e3o ocorrido no s\u00e9culo passado no Brasil se deu de forma r\u00e1pida, com a concentra\u00e7\u00e3o da popula\u00e7\u00e3o em grandes aglomerados urbanos. Com o passar do tempo essas concentra\u00e7\u00f5es nas cidades, adquiriram porte metropolitano. No pa\u00eds existem mais de setenta regi\u00f5es metropolitanas, ao passo que regi\u00f5es integradas, s\u00e3o apenas tr\u00eas. Sobre a exist\u00eancia desses dois tipos de regi\u00f5es compostas por v\u00e1rios munic\u00edpios, assinale a alternativa incorreta.<\/strong><\/p>\n\n\n\n<p>a) As regi\u00f5es metropolitanas s\u00e3o compostas de munic\u00edpios confrontantes de um mesmo estado da federa\u00e7\u00e3o<\/p>\n\n\n\n<p>b) Tanto as regi\u00f5es integradas quanto as regi\u00f5es metropolitanas s\u00e3o criadas por meio de Lei Complementar federal<\/p>\n\n\n\n<p>c) Ap\u00f3s a cria\u00e7\u00e3o das regi\u00f5es integradas e das regi\u00f5es metropolitanas por meio de Leis Complementares, elas devem ser regulamentadas por decretos<\/p>\n\n\n\n<p>d) Nas regi\u00f5es integradas \u00e9 poss\u00edvel a forma\u00e7\u00e3o por munic\u00edpios de mais de um estado da federa\u00e7\u00e3o, sem a exig\u00eancia de que eles sejam todos lim\u00edtrofes<\/p>\n\n\n\n<p>e) A previs\u00e3o constitucional da cria\u00e7\u00e3o de regi\u00f5es integradas est\u00e1 no art. 21, inciso IX e a previs\u00e3o constitucional para a cria\u00e7\u00e3o de regi\u00f5es metropolitanas est\u00e1 no \u00a7 3\u00ba, do art. 25<\/p>\n\n\n\n<p><strong>ARGUMENTOS PARA O RECURSO:<\/strong><\/p>\n\n\n\n<p>O gabarito preliminar \u00e9 a alternativa \u201cB\u201d. A quest\u00e3o pede para marcar a alternativa INCORRETA. A alternativa \u201cE\u201d tamb\u00e9m est\u00e1 incorreta. Como h\u00e1 duas alternativas incorretas, solicita-se a <strong>ANULA\u00c7\u00c3O<\/strong> da quest\u00e3o.<\/p>\n\n\n\n<p>A alternativa \u201cE\u201d diz que:<\/p>\n\n\n\n<p><em>A previs\u00e3o constitucional da cria\u00e7\u00e3o de regi\u00f5es integradas est\u00e1 no art. 21, inciso IX e a previs\u00e3o constitucional para a cria\u00e7\u00e3o de regi\u00f5es metropolitanas est\u00e1 no \u00a7 3\u00ba, do art. 25.<\/em><\/p>\n\n\n\n<p><strong>Entendemos que est\u00e1 incorreto.<\/strong> A previs\u00e3o constitucional da cria\u00e7\u00e3o de regi\u00f5es integradas est\u00e1 no artigo 43 da Constitui\u00e7\u00e3o Federal. Ou, no m\u00ednimo est\u00e1 em dois artigos da Constitui\u00e7\u00e3o Federal: 21 e 43.<\/p>\n\n\n\n<p>A pr\u00f3pria Lei Complementar n\u00ba 94\/98, que criou a RIDE do Distrito Federal e Entorno, cita tr\u00eas artigos da Constitui\u00e7\u00e3o Federal como as bases e previs\u00f5es para a cria\u00e7\u00e3o da RIDE. Vejamos:<\/p>\n\n\n\n<p>Art. 1\u00ba \u00c9 o Poder Executivo autorizado a criar, para efeitos de articula\u00e7\u00e3o da a\u00e7\u00e3o administrativa da Uni\u00e3o, dos Estados de Goi\u00e1s e Minas Gerais e do Distrito Federal, conforme previsto nos arts. 21, inciso IX, 43 e 48, inciso IV, da Constitui\u00e7\u00e3o Federal, a Regi\u00e3o Integrada de Desenvolvimento do Distrito Federal e Entorno &#8211; RIDE.<\/p>\n\n\n\n<p>O artigo 21, inciso IX diz que compete \u00e0 Uni\u00e3o elaborar e executar planos nacionais e regionais de ordena\u00e7\u00e3o do territ\u00f3rio e de desenvolvimento econ\u00f4mico e social.<\/p>\n\n\n\n<p>Elaborar e executar planos nacionais e regionais \u00e9 diferente da cria\u00e7\u00e3o de regi\u00f5es integradas. Elaborar e executar planos nacionais e regionais de ordena\u00e7\u00e3o do territ\u00f3rio e de desenvolvimento econ\u00f4mico e social por si s\u00f3 n\u00e3o cria uma regi\u00e3o integrada de desenvolvimento.<\/p>\n\n\n\n<p>Disp\u00f5e o artigo 43 da Constitui\u00e7\u00e3o Federal que \u201cpara efeitos administrativos, a Uni\u00e3o poder\u00e1 articular sua a\u00e7\u00e3o em um mesmo complexo geoecon\u00f4mico e social, visando a seu desenvolvimento e \u00e0 redu\u00e7\u00e3o das desigualdades regionais.\u201d Os par\u00e1grafos \u00a7 1\u00ba e &nbsp;\u00a7 2\u00ba estabelecem que lei complementar dispor\u00e1 sobre as condi\u00e7\u00f5es para integra\u00e7\u00e3o de regi\u00f5es em desenvolvimento; a composi\u00e7\u00e3o dos organismos regionais que executar\u00e3o, na forma da lei, os planos regionais, integrantes dos planos nacionais de desenvolvimento econ\u00f4mico e social e sobre os incentivos regionais.<\/p>\n\n\n\n<p>Vejamos os textos constitucionais:<\/p>\n\n\n\n<p>Art. 21. Compete \u00e0 Uni\u00e3o:<\/p>\n\n\n\n<p>IX &#8211; elaborar e executar planos nacionais e regionais de ordena\u00e7\u00e3o do territ\u00f3rio e de desenvolvimento econ\u00f4mico e social;<\/p>\n\n\n\n<p>Se\u00e7\u00e3o IV<\/p>\n\n\n\n<p>DAS REGI\u00d5ES<\/p>\n\n\n\n<p><a><\/a>&nbsp;Art. 43. Para efeitos administrativos, a Uni\u00e3o poder\u00e1 articular sua a\u00e7\u00e3o em um mesmo complexo geoecon\u00f4mico e social, visando a seu desenvolvimento e \u00e0 redu\u00e7\u00e3o das desigualdades regionais.<\/p>\n\n\n\n<p>\u00a7 1\u00ba &#8211; Lei complementar dispor\u00e1 sobre:<\/p>\n\n\n\n<p>I &#8211; as condi\u00e7\u00f5es para integra\u00e7\u00e3o de regi\u00f5es em desenvolvimento;<\/p>\n\n\n\n<p>II &#8211; a composi\u00e7\u00e3o dos organismos regionais que executar\u00e3o, na forma da lei, os planos regionais, integrantes dos planos nacionais de desenvolvimento econ\u00f4mico e social, aprovados juntamente com estes.<\/p>\n\n\n\n<p>\u00a7 2\u00ba &#8211; Os incentivos regionais compreender\u00e3o, al\u00e9m de outros, na forma da lei:<\/p>\n\n\n\n<p>I &#8211; igualdade de tarifas, fretes, seguros e outros itens de custos e pre\u00e7os de responsabilidade do Poder P\u00fablico;<\/p>\n\n\n\n<p>II &#8211; juros favorecidos para financiamento de atividades priorit\u00e1rias;<\/p>\n\n\n\n<p>III &#8211; isen\u00e7\u00f5es, redu\u00e7\u00f5es ou diferimento tempor\u00e1rio de tributos federais devidos por pessoas f\u00edsicas ou jur\u00eddicas;<\/p>\n\n\n\n<p>IV &#8211; prioridade para o aproveitamento econ\u00f4mico e social dos rios e das massas de \u00e1gua represadas ou repres\u00e1veis nas regi\u00f5es de baixa renda, sujeitas a secas peri\u00f3dicas.<\/p>\n\n\n\n<p><\/p>\n\n\n\n<p><strong>Quest\u00e3o 52:<\/strong><\/p>\n\n\n\n<p><strong>ARGUMENTOS PARA O RECURSO:<\/strong><\/p>\n\n\n\n<p>A quest\u00e3o pede para assinalar as alternativas corretas. O gabarito \u00e9 a letra d) II, IV e V apenas.<\/p>\n\n\n\n<p>A alternativa II tamb\u00e9m est\u00e1 incorreta. Est\u00e3o corretas somente as afirmativas IV e V. Como n\u00e3o h\u00e1 alternativa correta, solicita-se a <strong>ANULA\u00c7\u00c3O<\/strong> da quest\u00e3o.<\/p>\n\n\n\n<p>Vejamos o item II:<\/p>\n\n\n\n<p>II. O Distrito Federal possui 5.801,9 km\u00b2, est\u00e1 localizado na regi\u00e3o Centro-Oeste e possui como limites, Planaltina de Goi\u00e1s (Norte), Formosa (Nordeste e Leste), Minas Gerais (Leste), Cristalina e Luzi\u00e2nia (Sul), Santo Ant\u00f4nio do Descoberto (Oeste e Sudoeste), Corumb\u00e1 de Goi\u00e1s (Oeste) e Padre Bernardo (Noroeste).<\/p>\n\n\n\n<p>Conforme o IBGE, \u00f3rg\u00e3o oficial de Geografia e Estat\u00edstica do Brasil, a \u00e1rea territorial do Distrito Federal \u00e9 de 5.760,784km\u00b2&nbsp;. Link: <a href=\"https:\/\/www.ibge.gov.br\/cidades-e-estados\/df.html\">https:\/\/www.ibge.gov.br\/cidades-e-estados\/df.html<\/a>. Conforme o Atlas do Distrito Federal, publica\u00e7\u00e3o oficial do Governo do Distrito Federal, a \u00e1rea territorial do Distrito Federal \u00e9 de 5.779 km\u00b2 (cap\u00edtulo 1 \u2013 p\u00e1gina 14). Link: <a href=\"https:\/\/www.codeplan.df.gov.br\/wp-content\/uploads\/2018\/05\/Atlas-do-Distrito-Federal-2020-Apresenta%C3%A7%C3%A3o-e-Cap%C3%ADtulo-1.pdf\">https:\/\/www.codeplan.df.gov.br\/wp-content\/uploads\/2018\/05\/Atlas-do-Distrito-Federal-2020-Apresenta%C3%A7%C3%A3o-e-Cap%C3%ADtulo-1.pdf<\/a><\/p>\n\n\n\n<p>Ou seja, h\u00e1 mais de uma informa\u00e7\u00e3o oficial, governamental, e nenhuma delas traz a informa\u00e7\u00e3o de que a \u00e1rea territorial do DF \u00e9 de 5.801,9 km\u00b2. Em caso de d\u00favida, se utilizam as informa\u00e7\u00f5es do IBGE, \u00f3rg\u00e3o oficial de geografia e estat\u00edstica do Brasil.<\/p>\n\n\n\n<p>A afirmativa diz que Luzi\u00e2nia possui limites com o DF ao Sul e Corumb\u00e1 de Goi\u00e1s \u00e0 Oeste. Nenhum desses dois munic\u00edpios \u00e9 lim\u00edtrofe com o DF, o que pode ser observado no mapa do Atlas do Distrito Federal, p\u00e1gina 15, do link a seguir: <a href=\"https:\/\/www.codeplan.df.gov.br\/wp-content\/uploads\/2018\/05\/Atlas-do-Distrito-Federal-2020-Apresenta%C3%A7%C3%A3o-e-Cap%C3%ADtulo-1.pdf\">https:\/\/www.codeplan.df.gov.br\/wp-content\/uploads\/2018\/05\/Atlas-do-Distrito-Federal-2020-Apresenta%C3%A7%C3%A3o-e-Cap%C3%ADtulo-1.pdf<\/a><\/p>\n\n\n\n<p>Ao Sul o DF limita-se com Cristalina, Cidade Ocidental, Valpara\u00edso, Novo Gama e Santo Ant\u00f4nio do Descoberto. \u00c0 Oeste, o DF limita-se com Padre Bernardo, \u00c1guas Lindas e Santo Ant\u00f4nio do Descoberto.<\/p>\n\n\n\n<p><\/p>\n\n\n\n<p><strong>Quest\u00e3o<\/strong> <strong>57: <\/strong><\/p>\n\n\n\n<p><strong>Segundo a legisla\u00e7\u00e3o que autorizou a cria\u00e7\u00e3o da RIDE, os programas e projetos priorit\u00e1rios para a Regi\u00e3o Integrada de Desenvolvimento do Distrito Federal e Entorno, ser\u00e3o financiados com recursos nelas previstos. Sobre a origem desses recursos, assinale a alternativa incorreta.<\/strong><\/p>\n\n\n\n<p>a) De natureza or\u00e7ament\u00e1ria, que lhe forem destinados pela Uni\u00e3o, na forma da lei<\/p>\n\n\n\n<p>b) De opera\u00e7\u00f5es de cr\u00e9dito internas<\/p>\n\n\n\n<p>c) De natureza or\u00e7ament\u00e1ria, que lhe forem destinados pelos Estados de Minas Gerais e Goi\u00e1s<\/p>\n\n\n\n<p>d) De natureza or\u00e7ament\u00e1ria que lhe forem destinados pelo Distrito Federal<\/p>\n\n\n\n<p>e) De natureza or\u00e7ament\u00e1ria que lhe forem destinados pelos Munic\u00edpios abrangidos pela Regi\u00e3o Integrada de que trata a lei que criou a RIDE<\/p>\n\n\n\n<p><strong>ARGUMENTOS PARA O RECURSO:<\/strong><\/p>\n\n\n\n<p>A quest\u00e3o pede para assinalar a alternativa incorreta. O gabarito \u00e9 a letra b) De opera\u00e7\u00f5es de cr\u00e9dito internas.<\/p>\n\n\n\n<p>No entanto a letra \u201cB\u201d tamb\u00e9m est\u00e1 correta.<\/p>\n\n\n\n<p><em>Vejamos o artigo 5\u00ba, inciso III, da Lei Complementar n\u00ba 94\/98, de cria\u00e7\u00e3o da RIDE:<\/em><em><\/em><\/p>\n\n\n\n<p><em>Art. 5\u00ba Os programas e projetos priorit\u00e1rios para a regi\u00e3o, com especial \u00eanfase para os relativos \u00e0 infraestrutura b\u00e1sica e gera\u00e7\u00e3o de empregos, ser\u00e3o financiados com recursos:<\/em><\/p>\n\n\n\n<p><em>III &#8211; de opera\u00e7\u00f5es de cr\u00e9dito externas e internas.<\/em><\/p>\n\n\n\n<p>Ou seja, opera\u00e7\u00f5es de cr\u00e9ditos internas tamb\u00e9m s\u00e3o fontes de financiamento para os programas e projetos priorit\u00e1rios da RIDE. A letra \u201cB\u201d estaria incorreta se afirmasse que seriam somente opera\u00e7\u00f5es de cr\u00e9ditos internas. Ela n\u00e3o precisa dizer que s\u00e3o opera\u00e7\u00f5es de cr\u00e9dito externas e internas. Opera\u00e7\u00f5es de cr\u00e9dito internas s\u00e3o uma das fontes de financiamento.<\/p>\n\n\n\n<p>Por n\u00e3o haver alternativa incorreta, solicita-se a <strong>ANULA\u00c7\u00c3O <\/strong>da quest\u00e3o.<\/p>\n\n\n\n<p><\/p>\n\n\n\n<p><strong>Quest\u00e3o 60:<\/strong><\/p>\n\n\n\n<p><strong>ARGUMENTOS PARA O RECURSO:<\/strong><\/p>\n\n\n\n<p>A quest\u00e3o pede para assinalar a alternativa incorreta. O gabarito \u00e9 a letra c) O Secret\u00e1rio-Executivo da Casa Civil da Presid\u00eancia da Rep\u00fablica \u00e9 quem preside o Conselho.<\/p>\n\n\n\n<p>No entanto, a letra \u201cA\u201d tamb\u00e9m est\u00e1 incorreta. Vejamos o texto da quest\u00e3o:<\/p>\n\n\n\n<p>a) O Conselho reunir-se-\u00e1 em car\u00e1ter ordin\u00e1rio semestralmente e em car\u00e1ter extraordin\u00e1rio: sempre que convocado por seu Presidente; por solicita\u00e7\u00e3o de um ter\u00e7o dos membros; ou no prazo de at\u00e9 trinta dias ap\u00f3s a reuni\u00e3o em que tenha havido concess\u00e3o de vista de mat\u00e9ria constante da pauta<\/p>\n\n\n\n<p>Conforme o caput do artigo 4\u00ba-A do Decreto n\u00ba 7.469\/2011<\/p>\n\n\n\n<p><em>Art. 4\u00ba-A&nbsp;O COARIDE se reunir\u00e1 em car\u00e1ter ordin\u00e1rio trimestralmente e em car\u00e1ter extraordin\u00e1rio:&nbsp;<\/em><\/p>\n\n\n\n<p>Ou seja, em car\u00e1ter ordin\u00e1rio, o COARIDE se reunir\u00e1 trimestralmente e n\u00e3o semestralmente, como afirma a letra \u201ca\u201d.<\/p>\n\n\n\n<p>Por ter duas alternativas incorretas, solicita-se a <strong>ANULA\u00c7\u00c3O<\/strong> da quest\u00e3o.<\/p>\n","protected":false},"excerpt":{"rendered":"<p>Caros Alunos,Foram 10 quest\u00f5es de Conhecimentos sobre o Distrito Federal na prova de Cirurgi\u00e3o-Dentista. Quest\u00f5es ma\u00e7antes e um examinador despreparado, que cometeu erros crassos na elabora\u00e7\u00e3o de algumas quest\u00f5es. Cabe recurso nas quest\u00f5es 51, 52, 57 e 60.Abaixo, os argumentos para os recursos.Abra\u00e7os,Leandro Signori Quest\u00e3o 51: O processo de urbaniza\u00e7\u00e3o ocorrido no s\u00e9culo passado no [&hellip;]<\/p>\n","protected":false},"author":306,"featured_media":0,"comment_status":"open","ping_status":"closed","sticky":false,"template":"","format":"standard","meta":{"post_tipo":"article","footnotes":""},"categories":[1],"tags":[],"tax_estado":[],"class_list":["post-1051083","post","type-post","status-publish","format-standard","hentry","category-cursos-e-concursos"],"acf":[],"yoast_head":"<!-- This site is optimized with the Yoast SEO Premium plugin v27.2 (Yoast SEO v27.2) - https:\/\/yoast.com\/product\/yoast-seo-premium-wordpress\/ -->\n<title>SES-DF - Dentista - Recursos - Conhecimentos sobre o DF<\/title>\n<meta name=\"robots\" content=\"index, follow, max-snippet:-1, max-image-preview:large, max-video-preview:-1\" \/>\n<link rel=\"canonical\" href=\"https:\/\/www.estrategiaconcursos.com.br\/blog\/ses-df-dentista-recursos-conhecimentos-sobre-o-df\/\" \/>\n<meta property=\"og:locale\" content=\"pt_BR\" \/>\n<meta property=\"og:type\" content=\"article\" \/>\n<meta property=\"og:title\" content=\"SES-DF - Dentista - Recursos - Conhecimentos sobre o DF\" \/>\n<meta property=\"og:description\" content=\"Caros Alunos,Foram 10 quest\u00f5es de Conhecimentos sobre o Distrito Federal na prova de Cirurgi\u00e3o-Dentista. Quest\u00f5es ma\u00e7antes e um examinador despreparado, que cometeu erros crassos na elabora\u00e7\u00e3o de algumas quest\u00f5es. Cabe recurso nas quest\u00f5es 51, 52, 57 e 60.Abaixo, os argumentos para os recursos.Abra\u00e7os,Leandro Signori Quest\u00e3o 51: O processo de urbaniza\u00e7\u00e3o ocorrido no s\u00e9culo passado no [&hellip;]\" \/>\n<meta property=\"og:url\" content=\"https:\/\/www.estrategiaconcursos.com.br\/blog\/ses-df-dentista-recursos-conhecimentos-sobre-o-df\/\" \/>\n<meta property=\"og:site_name\" content=\"Estrat\u00e9gia Concursos\" \/>\n<meta property=\"article:author\" content=\"https:\/\/www.facebook.com\/leandrosignoriatualidades\/\" \/>\n<meta property=\"article:published_time\" content=\"2022-06-27T20:19:47+00:00\" \/>\n<meta property=\"article:modified_time\" content=\"2022-06-27T20:19:50+00:00\" \/>\n<meta name=\"author\" content=\"Leandro Signori\" \/>\n<meta name=\"twitter:card\" content=\"summary_large_image\" \/>\n<meta name=\"twitter:creator\" content=\"@EstratConcursos\" \/>\n<meta name=\"twitter:site\" content=\"@EstratConcursos\" \/>\n<meta name=\"twitter:label1\" content=\"Escrito por\" \/>\n\t<meta name=\"twitter:data1\" content=\"Leandro Signori\" \/>\n\t<meta name=\"twitter:label2\" content=\"Est. tempo de leitura\" \/>\n\t<meta name=\"twitter:data2\" content=\"8 minutos\" \/>\n<script type=\"application\/ld+json\" class=\"yoast-schema-graph\">{\"@context\":\"https:\/\/schema.org\",\"@graph\":[{\"@type\":\"NewsArticle\",\"@id\":\"https:\/\/www.estrategiaconcursos.com.br\/blog\/ses-df-dentista-recursos-conhecimentos-sobre-o-df\/#article\",\"isPartOf\":{\"@id\":\"https:\/\/www.estrategiaconcursos.com.br\/blog\/ses-df-dentista-recursos-conhecimentos-sobre-o-df\/\"},\"author\":{\"name\":\"Leandro Signori\",\"@id\":\"https:\/\/www.estrategiaconcursos.com.br\/blog\/#\/schema\/person\/d2e7d78de4b9d6ba51cc24fd558a7f42\"},\"headline\":\"SES-DF &#8211; Dentista &#8211; Recursos &#8211; Conhecimentos sobre o DF\",\"datePublished\":\"2022-06-27T20:19:47+00:00\",\"dateModified\":\"2022-06-27T20:19:50+00:00\",\"mainEntityOfPage\":{\"@id\":\"https:\/\/www.estrategiaconcursos.com.br\/blog\/ses-df-dentista-recursos-conhecimentos-sobre-o-df\/\"},\"wordCount\":1665,\"commentCount\":0,\"publisher\":{\"@id\":\"https:\/\/www.estrategiaconcursos.com.br\/blog\/#organization\"},\"articleSection\":[\"Concursos P\u00fablicos\"],\"inLanguage\":\"pt-BR\",\"potentialAction\":[{\"@type\":\"CommentAction\",\"name\":\"Comment\",\"target\":[\"https:\/\/www.estrategiaconcursos.com.br\/blog\/ses-df-dentista-recursos-conhecimentos-sobre-o-df\/#respond\"]}],\"copyrightYear\":\"2022\",\"copyrightHolder\":{\"@id\":\"https:\/\/www.estrategiaconcursos.com.br\/blog\/#organization\"}},{\"@type\":\"WebPage\",\"@id\":\"https:\/\/www.estrategiaconcursos.com.br\/blog\/ses-df-dentista-recursos-conhecimentos-sobre-o-df\/\",\"url\":\"https:\/\/www.estrategiaconcursos.com.br\/blog\/ses-df-dentista-recursos-conhecimentos-sobre-o-df\/\",\"name\":\"SES-DF - Dentista - Recursos - Conhecimentos sobre o DF\",\"isPartOf\":{\"@id\":\"https:\/\/www.estrategiaconcursos.com.br\/blog\/#website\"},\"datePublished\":\"2022-06-27T20:19:47+00:00\",\"dateModified\":\"2022-06-27T20:19:50+00:00\",\"breadcrumb\":{\"@id\":\"https:\/\/www.estrategiaconcursos.com.br\/blog\/ses-df-dentista-recursos-conhecimentos-sobre-o-df\/#breadcrumb\"},\"inLanguage\":\"pt-BR\",\"potentialAction\":[{\"@type\":\"ReadAction\",\"target\":[\"https:\/\/www.estrategiaconcursos.com.br\/blog\/ses-df-dentista-recursos-conhecimentos-sobre-o-df\/\"]}]},{\"@type\":\"BreadcrumbList\",\"@id\":\"https:\/\/www.estrategiaconcursos.com.br\/blog\/ses-df-dentista-recursos-conhecimentos-sobre-o-df\/#breadcrumb\",\"itemListElement\":[{\"@type\":\"ListItem\",\"position\":1,\"name\":\"In\u00edcio\",\"item\":\"https:\/\/www.estrategiaconcursos.com.br\/blog\/\"},{\"@type\":\"ListItem\",\"position\":2,\"name\":\"SES-DF &#8211; Dentista &#8211; Recursos &#8211; Conhecimentos sobre o DF\"}]},{\"@type\":\"WebSite\",\"@id\":\"https:\/\/www.estrategiaconcursos.com.br\/blog\/#website\",\"url\":\"https:\/\/www.estrategiaconcursos.com.br\/blog\/\",\"name\":\"Estrat\u00e9gia Concursos\",\"description\":\"O blog da Estrat\u00e9gia Concursos traz not\u00edcias sobre concursos e artigos de professores oferecendo cursos para concursos (pdf + videaulas) no site.\",\"publisher\":{\"@id\":\"https:\/\/www.estrategiaconcursos.com.br\/blog\/#organization\"},\"potentialAction\":[{\"@type\":\"SearchAction\",\"target\":{\"@type\":\"EntryPoint\",\"urlTemplate\":\"https:\/\/www.estrategiaconcursos.com.br\/blog\/?s={search_term_string}\"},\"query-input\":{\"@type\":\"PropertyValueSpecification\",\"valueRequired\":true,\"valueName\":\"search_term_string\"}}],\"inLanguage\":\"pt-BR\"},{\"@type\":\"Organization\",\"@id\":\"https:\/\/www.estrategiaconcursos.com.br\/blog\/#organization\",\"name\":\"Estrat\u00e9gia Concursos\",\"url\":\"https:\/\/www.estrategiaconcursos.com.br\/blog\/\",\"logo\":{\"@type\":\"ImageObject\",\"inLanguage\":\"pt-BR\",\"@id\":\"https:\/\/www.estrategiaconcursos.com.br\/blog\/#\/schema\/logo\/image\/\",\"url\":\"https:\/\/dhg1h5j42swfq.cloudfront.net\/2025\/06\/03203428\/logo_concursos-1.jpg\",\"contentUrl\":\"https:\/\/dhg1h5j42swfq.cloudfront.net\/2025\/06\/03203428\/logo_concursos-1.jpg\",\"width\":230,\"height\":60,\"caption\":\"Estrat\u00e9gia Concursos\"},\"image\":{\"@id\":\"https:\/\/www.estrategiaconcursos.com.br\/blog\/#\/schema\/logo\/image\/\"},\"sameAs\":[\"https:\/\/x.com\/EstratConcursos\"]},{\"@type\":\"Person\",\"@id\":\"https:\/\/www.estrategiaconcursos.com.br\/blog\/#\/schema\/person\/d2e7d78de4b9d6ba51cc24fd558a7f42\",\"name\":\"Leandro Signori\",\"image\":{\"@type\":\"ImageObject\",\"inLanguage\":\"pt-BR\",\"@id\":\"https:\/\/secure.gravatar.com\/avatar\/aa2ef98e93764dcf1758f52d2792d4b3e4089ee25bc520608dde62ad802ae541?s=96&d=mm&r=g\",\"url\":\"https:\/\/secure.gravatar.com\/avatar\/aa2ef98e93764dcf1758f52d2792d4b3e4089ee25bc520608dde62ad802ae541?s=96&d=mm&r=g\",\"contentUrl\":\"https:\/\/secure.gravatar.com\/avatar\/aa2ef98e93764dcf1758f52d2792d4b3e4089ee25bc520608dde62ad802ae541?s=96&d=mm&r=g\",\"caption\":\"Leandro Signori\"},\"description\":\"Licenciado em Geografia pela Universidade Federal do Rio Grande do Sul (UFRGS) e Bacharel em Geografia pela Uniceub (Bras\u00edlia). Como servidor p\u00fablico, foi funcion\u00e1rio da Prefeitura de S\u00e3o Leopoldo (RS), Prefeitura de Porto Alegre (RS), Companhia Riograndense de Saneamento (Corsan) e Minist\u00e9rio da Integra\u00e7\u00e3o Nacional. \u00c9 professor de Geografia para o ensino m\u00e9dio na rede particular de ensino. Leciona as disciplinas de Atualidades, Conhecimentos Gerais, Geografia, Realidade Brasileira e Hist\u00f3ria, em cursos on line e presenciais preparat\u00f3rios para concursos p\u00fablicos.\",\"sameAs\":[\"https:\/\/www.facebook.com\/leandrosignoriatualidades\/\"],\"url\":\"https:\/\/www.estrategiaconcursos.com.br\/blog\/author\/leandroestrategiaconcursos-com-br\/\"}]}<\/script>\n<!-- \/ Yoast SEO Premium plugin. -->","yoast_head_json":{"title":"SES-DF - Dentista - Recursos - Conhecimentos sobre o DF","robots":{"index":"index","follow":"follow","max-snippet":"max-snippet:-1","max-image-preview":"max-image-preview:large","max-video-preview":"max-video-preview:-1"},"canonical":"https:\/\/www.estrategiaconcursos.com.br\/blog\/ses-df-dentista-recursos-conhecimentos-sobre-o-df\/","og_locale":"pt_BR","og_type":"article","og_title":"SES-DF - Dentista - Recursos - Conhecimentos sobre o DF","og_description":"Caros Alunos,Foram 10 quest\u00f5es de Conhecimentos sobre o Distrito Federal na prova de Cirurgi\u00e3o-Dentista. Quest\u00f5es ma\u00e7antes e um examinador despreparado, que cometeu erros crassos na elabora\u00e7\u00e3o de algumas quest\u00f5es. Cabe recurso nas quest\u00f5es 51, 52, 57 e 60.Abaixo, os argumentos para os recursos.Abra\u00e7os,Leandro Signori Quest\u00e3o 51: O processo de urbaniza\u00e7\u00e3o ocorrido no s\u00e9culo passado no [&hellip;]","og_url":"https:\/\/www.estrategiaconcursos.com.br\/blog\/ses-df-dentista-recursos-conhecimentos-sobre-o-df\/","og_site_name":"Estrat\u00e9gia Concursos","article_author":"https:\/\/www.facebook.com\/leandrosignoriatualidades\/","article_published_time":"2022-06-27T20:19:47+00:00","article_modified_time":"2022-06-27T20:19:50+00:00","author":"Leandro Signori","twitter_card":"summary_large_image","twitter_creator":"@EstratConcursos","twitter_site":"@EstratConcursos","twitter_misc":{"Escrito por":"Leandro Signori","Est. tempo de leitura":"8 minutos"},"schema":{"@context":"https:\/\/schema.org","@graph":[{"@type":"NewsArticle","@id":"https:\/\/www.estrategiaconcursos.com.br\/blog\/ses-df-dentista-recursos-conhecimentos-sobre-o-df\/#article","isPartOf":{"@id":"https:\/\/www.estrategiaconcursos.com.br\/blog\/ses-df-dentista-recursos-conhecimentos-sobre-o-df\/"},"author":{"name":"Leandro Signori","@id":"https:\/\/www.estrategiaconcursos.com.br\/blog\/#\/schema\/person\/d2e7d78de4b9d6ba51cc24fd558a7f42"},"headline":"SES-DF &#8211; Dentista &#8211; Recursos &#8211; Conhecimentos sobre o DF","datePublished":"2022-06-27T20:19:47+00:00","dateModified":"2022-06-27T20:19:50+00:00","mainEntityOfPage":{"@id":"https:\/\/www.estrategiaconcursos.com.br\/blog\/ses-df-dentista-recursos-conhecimentos-sobre-o-df\/"},"wordCount":1665,"commentCount":0,"publisher":{"@id":"https:\/\/www.estrategiaconcursos.com.br\/blog\/#organization"},"articleSection":["Concursos P\u00fablicos"],"inLanguage":"pt-BR","potentialAction":[{"@type":"CommentAction","name":"Comment","target":["https:\/\/www.estrategiaconcursos.com.br\/blog\/ses-df-dentista-recursos-conhecimentos-sobre-o-df\/#respond"]}],"copyrightYear":"2022","copyrightHolder":{"@id":"https:\/\/www.estrategiaconcursos.com.br\/blog\/#organization"}},{"@type":"WebPage","@id":"https:\/\/www.estrategiaconcursos.com.br\/blog\/ses-df-dentista-recursos-conhecimentos-sobre-o-df\/","url":"https:\/\/www.estrategiaconcursos.com.br\/blog\/ses-df-dentista-recursos-conhecimentos-sobre-o-df\/","name":"SES-DF - Dentista - Recursos - Conhecimentos sobre o DF","isPartOf":{"@id":"https:\/\/www.estrategiaconcursos.com.br\/blog\/#website"},"datePublished":"2022-06-27T20:19:47+00:00","dateModified":"2022-06-27T20:19:50+00:00","breadcrumb":{"@id":"https:\/\/www.estrategiaconcursos.com.br\/blog\/ses-df-dentista-recursos-conhecimentos-sobre-o-df\/#breadcrumb"},"inLanguage":"pt-BR","potentialAction":[{"@type":"ReadAction","target":["https:\/\/www.estrategiaconcursos.com.br\/blog\/ses-df-dentista-recursos-conhecimentos-sobre-o-df\/"]}]},{"@type":"BreadcrumbList","@id":"https:\/\/www.estrategiaconcursos.com.br\/blog\/ses-df-dentista-recursos-conhecimentos-sobre-o-df\/#breadcrumb","itemListElement":[{"@type":"ListItem","position":1,"name":"In\u00edcio","item":"https:\/\/www.estrategiaconcursos.com.br\/blog\/"},{"@type":"ListItem","position":2,"name":"SES-DF &#8211; Dentista &#8211; Recursos &#8211; Conhecimentos sobre o DF"}]},{"@type":"WebSite","@id":"https:\/\/www.estrategiaconcursos.com.br\/blog\/#website","url":"https:\/\/www.estrategiaconcursos.com.br\/blog\/","name":"Estrat\u00e9gia Concursos","description":"O blog da Estrat\u00e9gia Concursos traz not\u00edcias sobre concursos e artigos de professores oferecendo cursos para concursos (pdf + videaulas) no site.","publisher":{"@id":"https:\/\/www.estrategiaconcursos.com.br\/blog\/#organization"},"potentialAction":[{"@type":"SearchAction","target":{"@type":"EntryPoint","urlTemplate":"https:\/\/www.estrategiaconcursos.com.br\/blog\/?s={search_term_string}"},"query-input":{"@type":"PropertyValueSpecification","valueRequired":true,"valueName":"search_term_string"}}],"inLanguage":"pt-BR"},{"@type":"Organization","@id":"https:\/\/www.estrategiaconcursos.com.br\/blog\/#organization","name":"Estrat\u00e9gia Concursos","url":"https:\/\/www.estrategiaconcursos.com.br\/blog\/","logo":{"@type":"ImageObject","inLanguage":"pt-BR","@id":"https:\/\/www.estrategiaconcursos.com.br\/blog\/#\/schema\/logo\/image\/","url":"https:\/\/dhg1h5j42swfq.cloudfront.net\/2025\/06\/03203428\/logo_concursos-1.jpg","contentUrl":"https:\/\/dhg1h5j42swfq.cloudfront.net\/2025\/06\/03203428\/logo_concursos-1.jpg","width":230,"height":60,"caption":"Estrat\u00e9gia Concursos"},"image":{"@id":"https:\/\/www.estrategiaconcursos.com.br\/blog\/#\/schema\/logo\/image\/"},"sameAs":["https:\/\/x.com\/EstratConcursos"]},{"@type":"Person","@id":"https:\/\/www.estrategiaconcursos.com.br\/blog\/#\/schema\/person\/d2e7d78de4b9d6ba51cc24fd558a7f42","name":"Leandro Signori","image":{"@type":"ImageObject","inLanguage":"pt-BR","@id":"https:\/\/secure.gravatar.com\/avatar\/aa2ef98e93764dcf1758f52d2792d4b3e4089ee25bc520608dde62ad802ae541?s=96&d=mm&r=g","url":"https:\/\/secure.gravatar.com\/avatar\/aa2ef98e93764dcf1758f52d2792d4b3e4089ee25bc520608dde62ad802ae541?s=96&d=mm&r=g","contentUrl":"https:\/\/secure.gravatar.com\/avatar\/aa2ef98e93764dcf1758f52d2792d4b3e4089ee25bc520608dde62ad802ae541?s=96&d=mm&r=g","caption":"Leandro Signori"},"description":"Licenciado em Geografia pela Universidade Federal do Rio Grande do Sul (UFRGS) e Bacharel em Geografia pela Uniceub (Bras\u00edlia). Como servidor p\u00fablico, foi funcion\u00e1rio da Prefeitura de S\u00e3o Leopoldo (RS), Prefeitura de Porto Alegre (RS), Companhia Riograndense de Saneamento (Corsan) e Minist\u00e9rio da Integra\u00e7\u00e3o Nacional. \u00c9 professor de Geografia para o ensino m\u00e9dio na rede particular de ensino. Leciona as disciplinas de Atualidades, Conhecimentos Gerais, Geografia, Realidade Brasileira e Hist\u00f3ria, em cursos on line e presenciais preparat\u00f3rios para concursos p\u00fablicos.","sameAs":["https:\/\/www.facebook.com\/leandrosignoriatualidades\/"],"url":"https:\/\/www.estrategiaconcursos.com.br\/blog\/author\/leandroestrategiaconcursos-com-br\/"}]}},"_links":{"self":[{"href":"https:\/\/www.estrategiaconcursos.com.br\/blog\/wp-json\/wp\/v2\/posts\/1051083","targetHints":{"allow":["GET"]}}],"collection":[{"href":"https:\/\/www.estrategiaconcursos.com.br\/blog\/wp-json\/wp\/v2\/posts"}],"about":[{"href":"https:\/\/www.estrategiaconcursos.com.br\/blog\/wp-json\/wp\/v2\/types\/post"}],"author":[{"embeddable":true,"href":"https:\/\/www.estrategiaconcursos.com.br\/blog\/wp-json\/wp\/v2\/users\/306"}],"replies":[{"embeddable":true,"href":"https:\/\/www.estrategiaconcursos.com.br\/blog\/wp-json\/wp\/v2\/comments?post=1051083"}],"version-history":[{"count":3,"href":"https:\/\/www.estrategiaconcursos.com.br\/blog\/wp-json\/wp\/v2\/posts\/1051083\/revisions"}],"predecessor-version":[{"id":1051115,"href":"https:\/\/www.estrategiaconcursos.com.br\/blog\/wp-json\/wp\/v2\/posts\/1051083\/revisions\/1051115"}],"wp:attachment":[{"href":"https:\/\/www.estrategiaconcursos.com.br\/blog\/wp-json\/wp\/v2\/media?parent=1051083"}],"wp:term":[{"taxonomy":"category","embeddable":true,"href":"https:\/\/www.estrategiaconcursos.com.br\/blog\/wp-json\/wp\/v2\/categories?post=1051083"},{"taxonomy":"post_tag","embeddable":true,"href":"https:\/\/www.estrategiaconcursos.com.br\/blog\/wp-json\/wp\/v2\/tags?post=1051083"},{"taxonomy":"tax_estado","embeddable":true,"href":"https:\/\/www.estrategiaconcursos.com.br\/blog\/wp-json\/wp\/v2\/tax_estado?post=1051083"}],"curies":[{"name":"wp","href":"https:\/\/api.w.org\/{rel}","templated":true}]}}