{"id":1050575,"date":"2022-09-12T04:32:00","date_gmt":"2022-09-12T07:32:00","guid":{"rendered":"https:\/\/www.estrategiaconcursos.com.br\/blog\/?p=1050575"},"modified":"2022-09-13T09:44:21","modified_gmt":"2022-09-13T12:44:21","slug":"concurso-sesacre-edital-publicado","status":"publish","type":"post","link":"https:\/\/www.estrategiaconcursos.com.br\/blog\/concurso-sesacre-edital-publicado\/","title":{"rendered":"Edital SESACRE est\u00e1 com inscri\u00e7\u00f5es encerradas para 622 vagas"},"content":{"rendered":"\n<p>Est\u00e3o encerradas as inscri\u00e7\u00f5es para o <strong>edital SESACRE<\/strong>, o qual oferta 622 vagas aos cargos de n\u00edveis m\u00e9dio e superior. <\/p>\n\n\n\n<p>Os interessados em participar da sele\u00e7\u00e3o puderam se candidatar at\u00e9 12 de setembro, no site da banca organizadora, <a href=\"https:\/\/www.ibfc.org.br\/concurso\/concurso_selecionado\/402\" target=\"_blank\" rel=\"noreferrer noopener\">IBFC<\/a>, a um custo que varia de R$ 53,00 a R$ 72,00.<\/p>\n\n\n\n<p>As oportunidades se distribuem entre ampla concorr\u00eancia e pessoas com defici\u00eancia, em diversas localidades. Os sal\u00e1rios iniciais variam de R$ 1.392,81 a R$ 11.096,93.<\/p>\n\n\n\n<ul class=\"has-pale-ocean-gradient-background has-background wp-block-list\"><li><strong>Banca:<\/strong> IBFC<\/li><li><strong>Vagas:<\/strong> 622<\/li><li><strong>Sal\u00e1rio inicial:<\/strong> R$ 1.392,81 a R$ 11.096,93<\/li><li><strong>Edital:<\/strong> <a href=\"https:\/\/dhg1h5j42swfq.cloudfront.net\/2022\/06\/27091044\/diariooficial-63-paginas-62-85.pdf\" target=\"_blank\" rel=\"noreferrer noopener nofollow\">Sesacre-2022<\/a><\/li><\/ul>\n\n\n\n<div class=\"container\" id=\"boxes\">\n  <div class=\"row\">\n\n    <div class=\"col-sm\">\n      <div class=\"banner-medicina\" id=\"box-assinatura\">\n        <h3 class=\"titulo-assinatura\">Concurso SESACRE<\/h3>\n        <p class=\"subtitulo-assinatura\">Conhe\u00e7a os cursos<\/p>\n        <div class=\"box-botao\">\n          <a class=\"btn-assinatura\" target=\"_blank\" href=\"https:\/\/www.estrategiaconcursos.com.br\/cursosPorConcurso\/secretaria-de-estado-de-saude-do-estado-do-acre-sesacre\/\" role=\"button\" rel=\"noopener noreferrer\">Conhe\u00e7a mais<\/a>\n        <\/div>\n      <\/div>\n    \n\n  <\/div>\n<\/div><\/div>\n\n\n\n<h2 class=\"wp-block-heading\" id=\"datas\">Principais datas do edital SESACRE<\/h2>\n\n\n\n<ul class=\"wp-block-list\"><li><strong>Inscri\u00e7\u00f5es<\/strong>: 15 de agosto a 12 de setembro <\/li><li><strong>Isen\u00e7\u00e3o da taxa<\/strong>: 15 a 17 de agosto<\/li><li><strong>\u00daltimo dia para pagamento<\/strong>: 13 de setembro<\/li><li><strong>Prova<\/strong>: 16 de outubro<\/li><\/ul>\n\n\n\n<ul class=\"wp-block-list\"><li><a href=\"https:\/\/dhg1h5j42swfq.cloudfront.net\/2022\/08\/15094028\/b332d2910c8fd1e49da18597c3a396bf.pdf\" target=\"_blank\" rel=\"noreferrer noopener nofollow\">1\u00aa retifica\u00e7\u00e3o<\/a><\/li><\/ul>\n\n\n\n<h2 class=\"wp-block-heading\" id=\"cargos-vagas\">Cargos e vagas do edital SESACRE<\/h2>\n\n\n\n<h3 class=\"wp-block-heading\" id=\"medio\">Ensino m\u00e9dio<\/h3>\n\n\n\n<figure class=\"wp-block-table is-style-stripes\"><table class=\"has-pale-ocean-gradient-background has-background has-fixed-layout\"><thead><tr><th class=\"has-text-align-center\" data-align=\"center\">CARGOS<\/th><th class=\"has-text-align-center\" data-align=\"center\">VAGAS<\/th><th class=\"has-text-align-center\" data-align=\"center\">SAL\u00c1RIO<\/th><\/tr><\/thead><tbody><tr><td class=\"has-text-align-center\" data-align=\"center\"><a href=\"https:\/\/www.estrategiaconcursos.com.br\/curso\/sesacre-agente-administrativo-pacote-2022-pos-edital\/\" target=\"_blank\" rel=\"noreferrer noopener\">Agente Administrativo<\/a><\/td><td class=\"has-text-align-center\" data-align=\"center\">100<\/td><td class=\"has-text-align-center\" data-align=\"center\">R$ 1.392,81<\/td><\/tr><tr><td class=\"has-text-align-center\" data-align=\"center\"><a href=\"https:\/\/www.estrategiaconcursos.com.br\/curso\/sesacre-auxiliar-de-farmacia-pacote-2022-pos-edital\/\" target=\"_blank\" rel=\"noreferrer noopener\">Auxiliar de Farm\u00e1cia<\/a><\/td><td class=\"has-text-align-center\" data-align=\"center\">4<\/td><td class=\"has-text-align-center\" data-align=\"center\">R$ 1.392,81<\/td><\/tr><tr><td class=\"has-text-align-center\" data-align=\"center\">Auxiliar em Sa\u00fade Bucal<\/td><td class=\"has-text-align-center\" data-align=\"center\">1<\/td><td class=\"has-text-align-center\" data-align=\"center\">R$ 1.392,81<\/td><\/tr><tr><td class=\"has-text-align-center\" data-align=\"center\">Condutor de Ambul\u00e2ncia<\/td><td class=\"has-text-align-center\" data-align=\"center\">13<\/td><td class=\"has-text-align-center\" data-align=\"center\">R$ 1.626,84<\/td><\/tr><tr><td class=\"has-text-align-center\" data-align=\"center\">T\u00e9cnico de Laborat\u00f3rio em An\u00e1lise Cl\u00ednica<\/td><td class=\"has-text-align-center\" data-align=\"center\">44<\/td><td class=\"has-text-align-center\" data-align=\"center\">R$ 1.626,84<\/td><\/tr><tr><td class=\"has-text-align-center\" data-align=\"center\">T\u00e9cnico em Contabilidade<\/td><td class=\"has-text-align-center\" data-align=\"center\">20<\/td><td class=\"has-text-align-center\" data-align=\"center\">R$ 1.392,81<\/td><\/tr><tr><td class=\"has-text-align-center\" data-align=\"center\">T\u00e9cnico em Enfermagem<\/td><td class=\"has-text-align-center\" data-align=\"center\">12<\/td><td class=\"has-text-align-center\" data-align=\"center\">R$ 1.626,84<\/td><\/tr><tr><td class=\"has-text-align-center\" data-align=\"center\">T\u00e9cnico em Manuten\u00e7\u00e3o de Computadores<\/td><td class=\"has-text-align-center\" data-align=\"center\">1<\/td><td class=\"has-text-align-center\" data-align=\"center\">R$ 1.392,81<\/td><\/tr><tr><td class=\"has-text-align-center\" data-align=\"center\">T\u00e9cnico em \u00d3rtese e Pr\u00f3tese Ortop\u00e9dica<\/td><td class=\"has-text-align-center\" data-align=\"center\">1<\/td><td class=\"has-text-align-center\" data-align=\"center\">R$ 1.626,84<\/td><\/tr><tr><td class=\"has-text-align-center\" data-align=\"center\">T\u00e9cnico de Radiologia<\/td><td class=\"has-text-align-center\" data-align=\"center\">34<\/td><td class=\"has-text-align-center\" data-align=\"center\">R$ 1.626,84<\/td><\/tr><tr><td class=\"has-text-align-center\" data-align=\"center\"><a href=\"https:\/\/www.estrategiaconcursos.com.br\/curso\/sesacre-tecnico-em-seguranca-do-trabalho-pacote-2022-pos-edital\/\" target=\"_blank\" rel=\"noreferrer noopener\">T\u00e9cnico em Seguran\u00e7a do Trabalho<\/a><\/td><td class=\"has-text-align-center\" data-align=\"center\">1<\/td><td class=\"has-text-align-center\" data-align=\"center\">R$ 1.626,84<\/td><\/tr><\/tbody><\/table><\/figure>\n\n\n\n<h3 class=\"wp-block-heading\" id=\"superior\">Curso superior<\/h3>\n\n\n\n<figure class=\"wp-block-table is-style-stripes\"><table class=\"has-pale-ocean-gradient-background has-background has-fixed-layout\"><thead><tr><th class=\"has-text-align-center\" data-align=\"center\">CARGOS<\/th><th class=\"has-text-align-center\" data-align=\"center\">VAGAS<\/th><th class=\"has-text-align-center\" data-align=\"center\">SAL\u00c1RIO<\/th><\/tr><\/thead><tbody><tr><td class=\"has-text-align-center\" data-align=\"center\"><a href=\"https:\/\/www.estrategiaconcursos.com.br\/curso\/sesacre-assistente-social-pacote-2022-pos-edital\/\" target=\"_blank\" rel=\"noreferrer noopener\">Assistente Social<\/a><\/td><td class=\"has-text-align-center\" data-align=\"center\">15<\/td><td class=\"has-text-align-center\" data-align=\"center\">R$ 3.829,78<\/td><\/tr><tr><td class=\"has-text-align-center\" data-align=\"center\"><a href=\"https:\/\/www.estrategiaconcursos.com.br\/curso\/sesacre-biologo-pacote-2022-pos-edital\/\" target=\"_blank\" rel=\"noreferrer noopener\">Bi\u00f3logo<\/a><\/td><td class=\"has-text-align-center\" data-align=\"center\">6<\/td><td class=\"has-text-align-center\" data-align=\"center\">R$ 3.829,78<\/td><\/tr><tr><td class=\"has-text-align-center\" data-align=\"center\">Biom\u00e9dico <\/td><td class=\"has-text-align-center\" data-align=\"center\">CR<\/td><td class=\"has-text-align-center\" data-align=\"center\">R$ 3.829,78<\/td><\/tr><tr><td class=\"has-text-align-center\" data-align=\"center\">Cirurgi\u00e3o Dentista<\/td><td class=\"has-text-align-center\" data-align=\"center\">4<\/td><td class=\"has-text-align-center\" data-align=\"center\">R$ 6.491,10<\/td><\/tr><tr><td class=\"has-text-align-center\" data-align=\"center\"><a href=\"https:\/\/www.estrategiaconcursos.com.br\/curso\/sesacre-enfermeiro-pacote-2022-pos-edital\/\" target=\"_blank\" rel=\"noreferrer noopener\">Enfermeiro<\/a><\/td><td class=\"has-text-align-center\" data-align=\"center\">54<\/td><td class=\"has-text-align-center\" data-align=\"center\">R$ 3.829,78<\/td><\/tr><tr><td class=\"has-text-align-center\" data-align=\"center\"><a href=\"https:\/\/www.estrategiaconcursos.com.br\/curso\/sesacre-engenheiro-eletricista-pacote-2022-pos-edital\/\" target=\"_blank\" rel=\"noreferrer noopener\">Engenheiro Eletricista<\/a><\/td><td class=\"has-text-align-center\" data-align=\"center\">1<\/td><td class=\"has-text-align-center\" data-align=\"center\">R$ 6.561,76<\/td><\/tr><tr><td class=\"has-text-align-center\" data-align=\"center\">Engenheiro Eletr\u00f4nico<\/td><td class=\"has-text-align-center\" data-align=\"center\">1<\/td><td class=\"has-text-align-center\" data-align=\"center\">R$ 6.561,76<\/td><\/tr><tr><td class=\"has-text-align-center\" data-align=\"center\"><a href=\"https:\/\/www.estrategiaconcursos.com.br\/curso\/sesacre-engenheiro-sanitarista-pacote-2022-pos-edital\/\" target=\"_blank\" rel=\"noreferrer noopener\">Engenheiro Sanitarista<\/a><\/td><td class=\"has-text-align-center\" data-align=\"center\">1<\/td><td class=\"has-text-align-center\" data-align=\"center\">R$ 6.561,76<\/td><\/tr><tr><td class=\"has-text-align-center\" data-align=\"center\"><a href=\"https:\/\/www.estrategiaconcursos.com.br\/curso\/sesacre-farmaceutico-pacote-2022-pos-edital\/\" target=\"_blank\" rel=\"noreferrer noopener\">Farmac\u00eautico<\/a><\/td><td class=\"has-text-align-center\" data-align=\"center\">15<\/td><td class=\"has-text-align-center\" data-align=\"center\">R$ 3.829,78<\/td><\/tr><tr><td class=\"has-text-align-center\" data-align=\"center\"><a href=\"https:\/\/www.estrategiaconcursos.com.br\/curso\/sesacre-fisioterapeuta-pacote-2022-pos-edital\/\" target=\"_blank\" rel=\"noreferrer noopener\">Fisioterapeuta<\/a><\/td><td class=\"has-text-align-center\" data-align=\"center\">14<\/td><td class=\"has-text-align-center\" data-align=\"center\">R$ 3.829,78<\/td><\/tr><tr><td class=\"has-text-align-center\" data-align=\"center\"><a href=\"https:\/\/www.estrategiaconcursos.com.br\/curso\/sesacre-fonoaudiologo-pacote-2022-pos-edital\/\" target=\"_blank\" rel=\"noreferrer noopener\">Fonoaudi\u00f3logo<\/a><\/td><td class=\"has-text-align-center\" data-align=\"center\">1<\/td><td class=\"has-text-align-center\" data-align=\"center\">R$ 3.829,78<\/td><\/tr><tr><td class=\"has-text-align-center\" data-align=\"center\">Gestor em Sa\u00fade Coletiva<\/td><td class=\"has-text-align-center\" data-align=\"center\">3<\/td><td class=\"has-text-align-center\" data-align=\"center\">R$ 3.829,78<\/td><\/tr><tr><td class=\"has-text-align-center\" data-align=\"center\"><a href=\"https:\/\/www.estrategiaconcursos.com.br\/curso\/sesacre-medico-clinica-medica-pacote-2022-pos-edital\/\" target=\"_blank\" rel=\"noreferrer noopener\">M\u00e9dicos<\/a> (v\u00e1rias especialidades)<\/td><td class=\"has-text-align-center\" data-align=\"center\">282<\/td><td class=\"has-text-align-center\" data-align=\"center\">R$ 9.892,61<\/td><\/tr><tr><td class=\"has-text-align-center\" data-align=\"center\">M\u00e9dico do Trabalho<\/td><td class=\"has-text-align-center\" data-align=\"center\">3<\/td><td class=\"has-text-align-center\" data-align=\"center\">R$ 11.096,93<\/td><\/tr><tr><td class=\"has-text-align-center\" data-align=\"center\">M\u00e9dico Veterin\u00e1rio <\/td><td class=\"has-text-align-center\" data-align=\"center\">3<\/td><td class=\"has-text-align-center\" data-align=\"center\">R$ 6.595,08<\/td><\/tr><tr><td class=\"has-text-align-center\" data-align=\"center\">Nutricionista<\/td><td class=\"has-text-align-center\" data-align=\"center\">10<\/td><td class=\"has-text-align-center\" data-align=\"center\">R$ 3.829,78<\/td><\/tr><tr><td class=\"has-text-align-center\" data-align=\"center\">Psic\u00f3logo<\/td><td class=\"has-text-align-center\" data-align=\"center\">18<\/td><td class=\"has-text-align-center\" data-align=\"center\">R$ 3.829,78<\/td><\/tr><\/tbody><\/table><\/figure>\n\n\n\n<h2 class=\"wp-block-heading\" id=\"etapas\">Etapas e provas do edital SESACRE<\/h2>\n\n\n\n<p>De acordo com o edital SESACRE, os candidatos ser\u00e3o avaliados atrav\u00e9s das seguintes etapas:<\/p>\n\n\n\n<ul class=\"wp-block-list\"><li><strong>Prova Objetiva<\/strong> para todos os cargos, de car\u00e1ter eliminat\u00f3rio e classificat\u00f3rio;<\/li><li><strong>Prova Discursiva<\/strong> para todos os cargos, de car\u00e1ter eliminat\u00f3rio e classificat\u00f3rio;<\/li><li><strong>Prova de T\u00edtulos<\/strong> apenas para n\u00edvel superior, de car\u00e1ter classificat\u00f3rio.<\/li><\/ul>\n\n\n\n<p>As Provas Objetiva e Discursiva ser\u00e3o realizadas nas cidades de Brasil\u00e9ia, Cruzeiro do Sul, Feij\u00f3, Jord\u00e3o, Marechal Thaumaturgo, Porto Walter, Rio Branco, Santa Rosa do Purus, Sena Madureira e Tarauac\u00e1.<\/p>\n\n\n\n<h3 class=\"wp-block-heading\" id=\"objetiva\">Provas Objetivas<\/h3>\n\n\n\n<p>A Prova Objetiva do edital SESACRE ser\u00e1 de m\u00faltipla escolha, distribu\u00edda pelos conhecimentos gerais e espec\u00edficos, sendo que cada quest\u00e3o conter\u00e1 quatro alternativas.<\/p>\n\n\n\n<ul class=\"wp-block-list\"><li><em>L\u00edngua Portuguesa &#8211; 10<\/em><\/li><li><em>Hist\u00f3ria e Geografia do Acre &#8211; 10 <\/em><\/li><li><em>Inform\u00e1tica B\u00e1sica &#8211; 10 <\/em><\/li><li><em>Conhecimentos Espec\u00edficos &#8211; 50<\/em><\/li><\/ul>\n\n\n\n<p>A Prova ser\u00e1 avaliada na escala de 0 a 100 pontos, considerando-se habilitado o candidato que obtiver no m\u00ednimo 50% do total de pontos e n\u00e3o zerar em nenhuma das provas de conhecimentos (Gerais e Espec\u00edfica).<\/p>\n\n\n\n<h3 class=\"wp-block-heading\" id=\"discursiva\">Prova Discursiva<\/h3>\n\n\n\n<p>A Prova Discursiva ser\u00e1 constitu\u00edda de uma Reda\u00e7\u00e3o, cujo tema ser\u00e1 fornecido no momento da Prova Objetiva. <\/p>\n\n\n\n<p>Para o desenvolvimento da Reda\u00e7\u00e3o, o candidato dever\u00e1 redigir no m\u00ednimo 20 e no m\u00e1ximo 30 linhas, observando os crit\u00e9rios de corre\u00e7\u00e3o a seguir:<\/p>\n\n\n\n<figure class=\"wp-block-image aligncenter size-large\"><img loading=\"lazy\" decoding=\"async\" width=\"1024\" height=\"189\" src=\"https:\/\/dhg1h5j42swfq.cloudfront.net\/2022\/06\/27092531\/image-374-1024x189.png\" alt=\"Crit\u00e9rios da prova discursiva do edital SESACRE\" class=\"wp-image-1050605\" srcset=\"https:\/\/dhg1h5j42swfq.cloudfront.net\/2022\/06\/27092531\/image-374-1024x189.png 1024w, https:\/\/dhg1h5j42swfq.cloudfront.net\/2022\/06\/27092531\/image-374-300x55.png 300w, https:\/\/dhg1h5j42swfq.cloudfront.net\/2022\/06\/27092531\/image-374-768x141.png 768w, https:\/\/dhg1h5j42swfq.cloudfront.net\/2022\/06\/27092531\/image-374-610x112.png 610w, https:\/\/dhg1h5j42swfq.cloudfront.net\/2022\/06\/27092531\/image-374.png 1222w\" sizes=\"auto, (max-width: 1024px) 100vw, 1024px\" \/><figcaption>Crit\u00e9rios da prova discursiva do edital SESACRE<\/figcaption><\/figure>\n\n\n\n<h3 class=\"wp-block-heading\" id=\"titulos\">Avalia\u00e7\u00e3o de T\u00edtulos<\/h3>\n\n\n\n<p>Ser\u00e3o convocados para a Prova de T\u00edtulos, de car\u00e1ter classificat\u00f3rio, os candidatos aprovados na Prova Discursiva dos cargos de n\u00edvel superior.<\/p>\n\n\n\n<p>A Prova de T\u00edtulos ser\u00e1 avaliada na escala de 0 a 3 pontos, conforme o quadro a seguir:<\/p>\n\n\n\n<figure class=\"wp-block-image aligncenter size-large\"><img loading=\"lazy\" decoding=\"async\" width=\"1024\" height=\"175\" src=\"https:\/\/dhg1h5j42swfq.cloudfront.net\/2022\/06\/27092639\/image-375-1024x175.png\" alt=\"Quadro da prova de t\u00edtulos do edital SESACRE\" class=\"wp-image-1050608\" srcset=\"https:\/\/dhg1h5j42swfq.cloudfront.net\/2022\/06\/27092639\/image-375-1024x175.png 1024w, https:\/\/dhg1h5j42swfq.cloudfront.net\/2022\/06\/27092639\/image-375-300x51.png 300w, https:\/\/dhg1h5j42swfq.cloudfront.net\/2022\/06\/27092639\/image-375-768x131.png 768w, https:\/\/dhg1h5j42swfq.cloudfront.net\/2022\/06\/27092639\/image-375-610x104.png 610w, https:\/\/dhg1h5j42swfq.cloudfront.net\/2022\/06\/27092639\/image-375.png 1222w\" sizes=\"auto, (max-width: 1024px) 100vw, 1024px\" \/><figcaption>Quadro da prova de t\u00edtulos do edital SESACRE<\/figcaption><\/figure>\n\n\n\n<hr class=\"wp-block-separator has-css-opacity\"\/>\n\n\n\n<h2 class=\"has-text-align-center wp-block-heading\" id=\"h-quer-saber-tudo-sobre-concursos-previstos-confira-nossos-artigos\">Quer saber tudo sobre concursos previstos?<br \/>Confira  nossos artigos!<\/h2>\n\n\n\n<ul class=\"wp-block-list\"><li><a href=\"https:\/\/www.estrategiaconcursos.com.br\/blog\/concursos-abertos\/\" target=\"_blank\" rel=\"noreferrer noopener\">Concursos abertos<\/a><\/li><li><a href=\"https:\/\/www.estrategiaconcursos.com.br\/blog\/concursos-2022\/\" target=\"_blank\" rel=\"noreferrer noopener\">Concursos 2022<\/a><\/li><li><a href=\"https:\/\/www.estrategiaconcursos.com.br\/blog\/concursos-2023\/\" target=\"_blank\" rel=\"noreferrer noopener\">Concursos 2023<\/a><\/li><\/ul>\n\n\n\n<h2 class=\"has-text-align-center wp-block-heading\" id=\"cursos-assinatura\">Quer estudar para o concurso SESACRE?<\/h2>\n\n\n\n<div class=\"container\" id=\"boxes\">\n  <div class=\"row\">\n\n    <div class=\"col-sm\">\n      <div class=\"banner-medicina\" id=\"box-assinatura\">\n        <h3 class=\"titulo-assinatura\">Concurso SESACRE<\/h3>\n        <p class=\"subtitulo-assinatura\">Conhe\u00e7a os cursos<\/p>\n        <div class=\"box-botao\">\n          <a class=\"btn-assinatura\" target=\"_blank\" href=\"https:\/\/www.estrategiaconcursos.com.br\/cursosPorConcurso\/secretaria-de-estado-de-saude-do-estado-do-acre-sesacre\/\" role=\"button\" rel=\"noopener noreferrer\">Conhe\u00e7a mais<\/a>\n        <\/div>\n      <\/div>\n    \n\n  <\/div>\n<\/div><\/div>\n\n\n\n<div class=\"container\" id=\"boxes\">\n  <div class=\"row\">\n\n    <div class=\"col-sm\">\n      <div class=\"estrategia\" id=\"box-assinatura\">\n        <h3 class=\"titulo-assinatura\">Assinatura Concursos<\/h3>\n        <p class=\"subtitulo-assinatura\">Assinatura de 1 ano ou 2 anos<\/p>\n        <div class=\"box-botao\">\n          <a class=\"btn-assinatura\" target=\"_blank\" href=\"https:\/\/www.estrategiaconcursos.com.br\/assinaturas\/\" role=\"button\" rel=\"noopener noreferrer\">ASSINE AGORA<\/a>\n        <\/div>\n      <\/div><\/div><\/div><\/div>\n\n\n\n<figure class=\"wp-block-image size-large is-resized\"><img loading=\"lazy\" decoding=\"async\" src=\"https:\/\/dhg1h5j42swfq.cloudfront.net\/2025\/06\/27101122\/ficha-tecnica-1-1024x632.png\" alt=\"\" class=\"wp-image-702728\" width=\"269\" height=\"166\" srcset=\"https:\/\/dhg1h5j42swfq.cloudfront.net\/2025\/06\/27101122\/ficha-tecnica-1-1024x632.png 1024w, https:\/\/dhg1h5j42swfq.cloudfront.net\/2025\/06\/27101122\/ficha-tecnica-1-300x185.png 300w, https:\/\/dhg1h5j42swfq.cloudfront.net\/2025\/06\/27101122\/ficha-tecnica-1-768x474.png 768w, https:\/\/dhg1h5j42swfq.cloudfront.net\/2025\/06\/27101122\/ficha-tecnica-1-1536x948.png 1536w, https:\/\/dhg1h5j42swfq.cloudfront.net\/2025\/06\/27101122\/ficha-tecnica-1-610x377.png 610w, https:\/\/dhg1h5j42swfq.cloudfront.net\/2025\/06\/27101122\/ficha-tecnica-1.png 1571w\" sizes=\"auto, (max-width: 269px) 100vw, 269px\" \/><\/figure>\n\n\n\n<h3 class=\"wp-block-heading\" id=\"ficha\">Informa\u00e7\u00f5es do edital SESACRE<\/h3>\n\n\n\n<ul class=\"wp-block-list\"><li><strong style=\"color: initial;\">Provas<\/strong><span style=\"color: initial;\">: <\/span>16\/10\/2022<\/li><li><strong>Vagas<\/strong>: 622<\/li><li><strong>Cargos<\/strong>: diversos<\/li><li><strong>Banca<\/strong>: IBFC<\/li><li><strong>Escolaridade<\/strong>: N\u00edvel m\u00e9dio e superior<\/li><li><strong>Edital:<\/strong> <a href=\"https:\/\/dhg1h5j42swfq.cloudfront.net\/2022\/06\/27091044\/diariooficial-63-paginas-62-85.pdf\" target=\"_blank\" rel=\"noreferrer noopener nofollow\">Sesacre-2022<\/a><\/li><\/ul>\n","protected":false},"excerpt":{"rendered":"<p>Est\u00e3o encerradas as inscri\u00e7\u00f5es para o edital SESACRE, o qual oferta 622 vagas aos cargos de n\u00edveis m\u00e9dio e superior. Os interessados em participar da sele\u00e7\u00e3o puderam se candidatar at\u00e9 12 de setembro, no site da banca organizadora, IBFC, a um custo que varia de R$ 53,00 a R$ 72,00. As oportunidades se distribuem entre [&hellip;]<\/p>\n","protected":false},"author":1206,"featured_media":1045182,"comment_status":"open","ping_status":"closed","sticky":false,"template":"","format":"standard","meta":{"post_tipo":"news","footnotes":""},"categories":[1981,220219],"tags":[],"tax_estado":[219964],"class_list":["post-1050575","post","type-post","status-publish","format-standard","has-post-thumbnail","hentry","category-saude","category-noticias","tax_estado-ac"],"acf":[],"yoast_head":"<!-- This site is optimized with the Yoast SEO Premium plugin v27.2 (Yoast SEO v27.2) - https:\/\/yoast.com\/product\/yoast-seo-premium-wordpress\/ -->\n<title>Edital SESACRE est\u00e1 com inscri\u00e7\u00f5es encerradas para 622 vagas<\/title>\n<meta name=\"description\" content=\"Edital SESACRE \u00e9 publicado com 622 vagas para cargos de n\u00edvel m\u00e9dio e superior, com sal\u00e1rios de at\u00e9 R$ 11 mil. Inscri\u00e7\u00f5es encerradas!\" \/>\n<meta name=\"robots\" content=\"index, follow, max-snippet:-1, max-image-preview:large, max-video-preview:-1\" \/>\n<link rel=\"canonical\" href=\"https:\/\/www.estrategiaconcursos.com.br\/blog\/concurso-sesacre-edital-publicado\/\" \/>\n<meta property=\"og:locale\" content=\"pt_BR\" \/>\n<meta property=\"og:type\" content=\"article\" \/>\n<meta property=\"og:title\" content=\"Edital SESACRE est\u00e1 com inscri\u00e7\u00f5es encerradas para 622 vagas\" \/>\n<meta property=\"og:description\" content=\"Edital SESACRE \u00e9 publicado com 622 vagas para cargos de n\u00edvel m\u00e9dio e superior, com sal\u00e1rios de at\u00e9 R$ 11 mil. Inscri\u00e7\u00f5es encerradas!\" \/>\n<meta property=\"og:url\" content=\"https:\/\/www.estrategiaconcursos.com.br\/blog\/concurso-sesacre-edital-publicado\/\" \/>\n<meta property=\"og:site_name\" content=\"Estrat\u00e9gia Concursos\" \/>\n<meta property=\"article:published_time\" content=\"2022-09-12T07:32:00+00:00\" \/>\n<meta property=\"article:modified_time\" content=\"2022-09-13T12:44:21+00:00\" \/>\n<meta property=\"og:image\" content=\"https:\/\/dhg1h5j42swfq.cloudfront.net\/2022\/06\/14170541\/concurso-sesacre.jpg\" \/>\n\t<meta property=\"og:image:width\" content=\"768\" \/>\n\t<meta property=\"og:image:height\" content=\"432\" \/>\n\t<meta property=\"og:image:type\" content=\"image\/jpeg\" \/>\n<meta name=\"author\" content=\"Bruna de Andrade Fran\u00e7a\" \/>\n<meta name=\"twitter:card\" content=\"summary_large_image\" \/>\n<meta name=\"twitter:creator\" content=\"@EstratConcursos\" \/>\n<meta name=\"twitter:site\" content=\"@EstratConcursos\" \/>\n<meta name=\"twitter:label1\" content=\"Escrito por\" \/>\n\t<meta name=\"twitter:data1\" content=\"Bruna de Andrade Fran\u00e7a\" \/>\n\t<meta name=\"twitter:label2\" content=\"Est. tempo de leitura\" \/>\n\t<meta name=\"twitter:data2\" content=\"4 minutos\" \/>\n<script type=\"application\/ld+json\" class=\"yoast-schema-graph\">{\"@context\":\"https:\/\/schema.org\",\"@graph\":[{\"@type\":\"NewsArticle\",\"@id\":\"https:\/\/www.estrategiaconcursos.com.br\/blog\/concurso-sesacre-edital-publicado\/#article\",\"isPartOf\":{\"@id\":\"https:\/\/www.estrategiaconcursos.com.br\/blog\/concurso-sesacre-edital-publicado\/\"},\"author\":{\"name\":\"Bruna de Andrade Fran\u00e7a\",\"@id\":\"https:\/\/www.estrategiaconcursos.com.br\/blog\/#\/schema\/person\/6630f91134abc08115cca62ce6372855\"},\"headline\":\"Edital SESACRE est\u00e1 com inscri\u00e7\u00f5es encerradas para 622 vagas\",\"datePublished\":\"2022-09-12T07:32:00+00:00\",\"dateModified\":\"2022-09-13T12:44:21+00:00\",\"mainEntityOfPage\":{\"@id\":\"https:\/\/www.estrategiaconcursos.com.br\/blog\/concurso-sesacre-edital-publicado\/\"},\"wordCount\":638,\"commentCount\":0,\"publisher\":{\"@id\":\"https:\/\/www.estrategiaconcursos.com.br\/blog\/#organization\"},\"image\":{\"@id\":\"https:\/\/www.estrategiaconcursos.com.br\/blog\/concurso-sesacre-edital-publicado\/#primaryimage\"},\"thumbnailUrl\":\"https:\/\/dhg1h5j42swfq.cloudfront.net\/2022\/06\/14170541\/concurso-sesacre.jpg\",\"articleSection\":[\"Sa\u00fade\",\"\u00daltimas not\u00edcias\"],\"inLanguage\":\"pt-BR\",\"potentialAction\":[{\"@type\":\"CommentAction\",\"name\":\"Comment\",\"target\":[\"https:\/\/www.estrategiaconcursos.com.br\/blog\/concurso-sesacre-edital-publicado\/#respond\"]}],\"copyrightYear\":\"2022\",\"copyrightHolder\":{\"@id\":\"https:\/\/www.estrategiaconcursos.com.br\/blog\/#organization\"}},{\"@type\":\"WebPage\",\"@id\":\"https:\/\/www.estrategiaconcursos.com.br\/blog\/concurso-sesacre-edital-publicado\/\",\"url\":\"https:\/\/www.estrategiaconcursos.com.br\/blog\/concurso-sesacre-edital-publicado\/\",\"name\":\"Edital SESACRE est\u00e1 com inscri\u00e7\u00f5es encerradas para 622 vagas\",\"isPartOf\":{\"@id\":\"https:\/\/www.estrategiaconcursos.com.br\/blog\/#website\"},\"primaryImageOfPage\":{\"@id\":\"https:\/\/www.estrategiaconcursos.com.br\/blog\/concurso-sesacre-edital-publicado\/#primaryimage\"},\"image\":{\"@id\":\"https:\/\/www.estrategiaconcursos.com.br\/blog\/concurso-sesacre-edital-publicado\/#primaryimage\"},\"thumbnailUrl\":\"https:\/\/dhg1h5j42swfq.cloudfront.net\/2022\/06\/14170541\/concurso-sesacre.jpg\",\"datePublished\":\"2022-09-12T07:32:00+00:00\",\"dateModified\":\"2022-09-13T12:44:21+00:00\",\"description\":\"Edital SESACRE \u00e9 publicado com 622 vagas para cargos de n\u00edvel m\u00e9dio e superior, com sal\u00e1rios de at\u00e9 R$ 11 mil. Inscri\u00e7\u00f5es encerradas!\",\"breadcrumb\":{\"@id\":\"https:\/\/www.estrategiaconcursos.com.br\/blog\/concurso-sesacre-edital-publicado\/#breadcrumb\"},\"inLanguage\":\"pt-BR\",\"potentialAction\":[{\"@type\":\"ReadAction\",\"target\":[\"https:\/\/www.estrategiaconcursos.com.br\/blog\/concurso-sesacre-edital-publicado\/\"]}]},{\"@type\":\"ImageObject\",\"inLanguage\":\"pt-BR\",\"@id\":\"https:\/\/www.estrategiaconcursos.com.br\/blog\/concurso-sesacre-edital-publicado\/#primaryimage\",\"url\":\"https:\/\/dhg1h5j42swfq.cloudfront.net\/2022\/06\/14170541\/concurso-sesacre.jpg\",\"contentUrl\":\"https:\/\/dhg1h5j42swfq.cloudfront.net\/2022\/06\/14170541\/concurso-sesacre.jpg\",\"width\":768,\"height\":432,\"caption\":\"concurso SESACRE\"},{\"@type\":\"BreadcrumbList\",\"@id\":\"https:\/\/www.estrategiaconcursos.com.br\/blog\/concurso-sesacre-edital-publicado\/#breadcrumb\",\"itemListElement\":[{\"@type\":\"ListItem\",\"position\":1,\"name\":\"In\u00edcio\",\"item\":\"https:\/\/www.estrategiaconcursos.com.br\/blog\/\"},{\"@type\":\"ListItem\",\"position\":2,\"name\":\"Edital SESACRE est\u00e1 com inscri\u00e7\u00f5es encerradas para 622 vagas\"}]},{\"@type\":\"WebSite\",\"@id\":\"https:\/\/www.estrategiaconcursos.com.br\/blog\/#website\",\"url\":\"https:\/\/www.estrategiaconcursos.com.br\/blog\/\",\"name\":\"Estrat\u00e9gia Concursos\",\"description\":\"O blog da Estrat\u00e9gia Concursos traz not\u00edcias sobre concursos e artigos de professores oferecendo cursos para concursos (pdf + videaulas) no site.\",\"publisher\":{\"@id\":\"https:\/\/www.estrategiaconcursos.com.br\/blog\/#organization\"},\"potentialAction\":[{\"@type\":\"SearchAction\",\"target\":{\"@type\":\"EntryPoint\",\"urlTemplate\":\"https:\/\/www.estrategiaconcursos.com.br\/blog\/?s={search_term_string}\"},\"query-input\":{\"@type\":\"PropertyValueSpecification\",\"valueRequired\":true,\"valueName\":\"search_term_string\"}}],\"inLanguage\":\"pt-BR\"},{\"@type\":\"Organization\",\"@id\":\"https:\/\/www.estrategiaconcursos.com.br\/blog\/#organization\",\"name\":\"Estrat\u00e9gia Concursos\",\"url\":\"https:\/\/www.estrategiaconcursos.com.br\/blog\/\",\"logo\":{\"@type\":\"ImageObject\",\"inLanguage\":\"pt-BR\",\"@id\":\"https:\/\/www.estrategiaconcursos.com.br\/blog\/#\/schema\/logo\/image\/\",\"url\":\"https:\/\/dhg1h5j42swfq.cloudfront.net\/2025\/06\/03203428\/logo_concursos-1.jpg\",\"contentUrl\":\"https:\/\/dhg1h5j42swfq.cloudfront.net\/2025\/06\/03203428\/logo_concursos-1.jpg\",\"width\":230,\"height\":60,\"caption\":\"Estrat\u00e9gia Concursos\"},\"image\":{\"@id\":\"https:\/\/www.estrategiaconcursos.com.br\/blog\/#\/schema\/logo\/image\/\"},\"sameAs\":[\"https:\/\/x.com\/EstratConcursos\"]},{\"@type\":\"Person\",\"@id\":\"https:\/\/www.estrategiaconcursos.com.br\/blog\/#\/schema\/person\/6630f91134abc08115cca62ce6372855\",\"name\":\"Bruna de Andrade Fran\u00e7a\",\"image\":{\"@type\":\"ImageObject\",\"inLanguage\":\"pt-BR\",\"@id\":\"https:\/\/secure.gravatar.com\/avatar\/d6316d36d50cea0fadae28ed3015b8870cc90a2d3d8a95c37b44006af36a00e3?s=96&d=mm&r=g\",\"url\":\"https:\/\/secure.gravatar.com\/avatar\/d6316d36d50cea0fadae28ed3015b8870cc90a2d3d8a95c37b44006af36a00e3?s=96&d=mm&r=g\",\"contentUrl\":\"https:\/\/secure.gravatar.com\/avatar\/d6316d36d50cea0fadae28ed3015b8870cc90a2d3d8a95c37b44006af36a00e3?s=96&d=mm&r=g\",\"caption\":\"Bruna de Andrade Fran\u00e7a\"},\"description\":\"Bruna de Andrade Fran\u00e7a \u00e9 publicit\u00e1ria com p\u00f3s-gradua\u00e7\u00e3o em Marketing &amp; Growth, atuando h\u00e1 mais de 6 anos no universo dos concursos p\u00fablicos. Desde 2021, lidera no Blog do Estrat\u00e9gia Concursos a cobertura editorial especializada em Concursos Policiais (PF, PRF, PM, PC, etc.), al\u00e9m das frentes de concursos banc\u00e1rios, de sa\u00fade e da \u00e1rea legislativa. Especialista em reda\u00e7\u00e3o, com pr\u00e1ticas de SEO e Copywriting, possui tamb\u00e9m atua\u00e7\u00e3o pr\u00e1tica de contato direto com \u00f3rg\u00e3os p\u00fablicos respons\u00e1veis por editais, permitindo acesso antecipado a informa\u00e7\u00f5es, desdobramentos importantes e atualiza\u00e7\u00e3o eficiente dos concursos p\u00fablicos.\",\"url\":\"https:\/\/www.estrategiaconcursos.com.br\/blog\/author\/bruna-andrade\/\"}]}<\/script>\n<!-- \/ Yoast SEO Premium plugin. -->","yoast_head_json":{"title":"Edital SESACRE est\u00e1 com inscri\u00e7\u00f5es encerradas para 622 vagas","description":"Edital SESACRE \u00e9 publicado com 622 vagas para cargos de n\u00edvel m\u00e9dio e superior, com sal\u00e1rios de at\u00e9 R$ 11 mil. Inscri\u00e7\u00f5es encerradas!","robots":{"index":"index","follow":"follow","max-snippet":"max-snippet:-1","max-image-preview":"max-image-preview:large","max-video-preview":"max-video-preview:-1"},"canonical":"https:\/\/www.estrategiaconcursos.com.br\/blog\/concurso-sesacre-edital-publicado\/","og_locale":"pt_BR","og_type":"article","og_title":"Edital SESACRE est\u00e1 com inscri\u00e7\u00f5es encerradas para 622 vagas","og_description":"Edital SESACRE \u00e9 publicado com 622 vagas para cargos de n\u00edvel m\u00e9dio e superior, com sal\u00e1rios de at\u00e9 R$ 11 mil. Inscri\u00e7\u00f5es encerradas!","og_url":"https:\/\/www.estrategiaconcursos.com.br\/blog\/concurso-sesacre-edital-publicado\/","og_site_name":"Estrat\u00e9gia Concursos","article_published_time":"2022-09-12T07:32:00+00:00","article_modified_time":"2022-09-13T12:44:21+00:00","og_image":[{"width":768,"height":432,"url":"https:\/\/dhg1h5j42swfq.cloudfront.net\/2022\/06\/14170541\/concurso-sesacre.jpg","type":"image\/jpeg"}],"author":"Bruna de Andrade Fran\u00e7a","twitter_card":"summary_large_image","twitter_creator":"@EstratConcursos","twitter_site":"@EstratConcursos","twitter_misc":{"Escrito por":"Bruna de Andrade Fran\u00e7a","Est. tempo de leitura":"4 minutos"},"schema":{"@context":"https:\/\/schema.org","@graph":[{"@type":"NewsArticle","@id":"https:\/\/www.estrategiaconcursos.com.br\/blog\/concurso-sesacre-edital-publicado\/#article","isPartOf":{"@id":"https:\/\/www.estrategiaconcursos.com.br\/blog\/concurso-sesacre-edital-publicado\/"},"author":{"name":"Bruna de Andrade Fran\u00e7a","@id":"https:\/\/www.estrategiaconcursos.com.br\/blog\/#\/schema\/person\/6630f91134abc08115cca62ce6372855"},"headline":"Edital SESACRE est\u00e1 com inscri\u00e7\u00f5es encerradas para 622 vagas","datePublished":"2022-09-12T07:32:00+00:00","dateModified":"2022-09-13T12:44:21+00:00","mainEntityOfPage":{"@id":"https:\/\/www.estrategiaconcursos.com.br\/blog\/concurso-sesacre-edital-publicado\/"},"wordCount":638,"commentCount":0,"publisher":{"@id":"https:\/\/www.estrategiaconcursos.com.br\/blog\/#organization"},"image":{"@id":"https:\/\/www.estrategiaconcursos.com.br\/blog\/concurso-sesacre-edital-publicado\/#primaryimage"},"thumbnailUrl":"https:\/\/dhg1h5j42swfq.cloudfront.net\/2022\/06\/14170541\/concurso-sesacre.jpg","articleSection":["Sa\u00fade","\u00daltimas not\u00edcias"],"inLanguage":"pt-BR","potentialAction":[{"@type":"CommentAction","name":"Comment","target":["https:\/\/www.estrategiaconcursos.com.br\/blog\/concurso-sesacre-edital-publicado\/#respond"]}],"copyrightYear":"2022","copyrightHolder":{"@id":"https:\/\/www.estrategiaconcursos.com.br\/blog\/#organization"}},{"@type":"WebPage","@id":"https:\/\/www.estrategiaconcursos.com.br\/blog\/concurso-sesacre-edital-publicado\/","url":"https:\/\/www.estrategiaconcursos.com.br\/blog\/concurso-sesacre-edital-publicado\/","name":"Edital SESACRE est\u00e1 com inscri\u00e7\u00f5es encerradas para 622 vagas","isPartOf":{"@id":"https:\/\/www.estrategiaconcursos.com.br\/blog\/#website"},"primaryImageOfPage":{"@id":"https:\/\/www.estrategiaconcursos.com.br\/blog\/concurso-sesacre-edital-publicado\/#primaryimage"},"image":{"@id":"https:\/\/www.estrategiaconcursos.com.br\/blog\/concurso-sesacre-edital-publicado\/#primaryimage"},"thumbnailUrl":"https:\/\/dhg1h5j42swfq.cloudfront.net\/2022\/06\/14170541\/concurso-sesacre.jpg","datePublished":"2022-09-12T07:32:00+00:00","dateModified":"2022-09-13T12:44:21+00:00","description":"Edital SESACRE \u00e9 publicado com 622 vagas para cargos de n\u00edvel m\u00e9dio e superior, com sal\u00e1rios de at\u00e9 R$ 11 mil. Inscri\u00e7\u00f5es encerradas!","breadcrumb":{"@id":"https:\/\/www.estrategiaconcursos.com.br\/blog\/concurso-sesacre-edital-publicado\/#breadcrumb"},"inLanguage":"pt-BR","potentialAction":[{"@type":"ReadAction","target":["https:\/\/www.estrategiaconcursos.com.br\/blog\/concurso-sesacre-edital-publicado\/"]}]},{"@type":"ImageObject","inLanguage":"pt-BR","@id":"https:\/\/www.estrategiaconcursos.com.br\/blog\/concurso-sesacre-edital-publicado\/#primaryimage","url":"https:\/\/dhg1h5j42swfq.cloudfront.net\/2022\/06\/14170541\/concurso-sesacre.jpg","contentUrl":"https:\/\/dhg1h5j42swfq.cloudfront.net\/2022\/06\/14170541\/concurso-sesacre.jpg","width":768,"height":432,"caption":"concurso SESACRE"},{"@type":"BreadcrumbList","@id":"https:\/\/www.estrategiaconcursos.com.br\/blog\/concurso-sesacre-edital-publicado\/#breadcrumb","itemListElement":[{"@type":"ListItem","position":1,"name":"In\u00edcio","item":"https:\/\/www.estrategiaconcursos.com.br\/blog\/"},{"@type":"ListItem","position":2,"name":"Edital SESACRE est\u00e1 com inscri\u00e7\u00f5es encerradas para 622 vagas"}]},{"@type":"WebSite","@id":"https:\/\/www.estrategiaconcursos.com.br\/blog\/#website","url":"https:\/\/www.estrategiaconcursos.com.br\/blog\/","name":"Estrat\u00e9gia Concursos","description":"O blog da Estrat\u00e9gia Concursos traz not\u00edcias sobre concursos e artigos de professores oferecendo cursos para concursos (pdf + videaulas) no site.","publisher":{"@id":"https:\/\/www.estrategiaconcursos.com.br\/blog\/#organization"},"potentialAction":[{"@type":"SearchAction","target":{"@type":"EntryPoint","urlTemplate":"https:\/\/www.estrategiaconcursos.com.br\/blog\/?s={search_term_string}"},"query-input":{"@type":"PropertyValueSpecification","valueRequired":true,"valueName":"search_term_string"}}],"inLanguage":"pt-BR"},{"@type":"Organization","@id":"https:\/\/www.estrategiaconcursos.com.br\/blog\/#organization","name":"Estrat\u00e9gia Concursos","url":"https:\/\/www.estrategiaconcursos.com.br\/blog\/","logo":{"@type":"ImageObject","inLanguage":"pt-BR","@id":"https:\/\/www.estrategiaconcursos.com.br\/blog\/#\/schema\/logo\/image\/","url":"https:\/\/dhg1h5j42swfq.cloudfront.net\/2025\/06\/03203428\/logo_concursos-1.jpg","contentUrl":"https:\/\/dhg1h5j42swfq.cloudfront.net\/2025\/06\/03203428\/logo_concursos-1.jpg","width":230,"height":60,"caption":"Estrat\u00e9gia Concursos"},"image":{"@id":"https:\/\/www.estrategiaconcursos.com.br\/blog\/#\/schema\/logo\/image\/"},"sameAs":["https:\/\/x.com\/EstratConcursos"]},{"@type":"Person","@id":"https:\/\/www.estrategiaconcursos.com.br\/blog\/#\/schema\/person\/6630f91134abc08115cca62ce6372855","name":"Bruna de Andrade Fran\u00e7a","image":{"@type":"ImageObject","inLanguage":"pt-BR","@id":"https:\/\/secure.gravatar.com\/avatar\/d6316d36d50cea0fadae28ed3015b8870cc90a2d3d8a95c37b44006af36a00e3?s=96&d=mm&r=g","url":"https:\/\/secure.gravatar.com\/avatar\/d6316d36d50cea0fadae28ed3015b8870cc90a2d3d8a95c37b44006af36a00e3?s=96&d=mm&r=g","contentUrl":"https:\/\/secure.gravatar.com\/avatar\/d6316d36d50cea0fadae28ed3015b8870cc90a2d3d8a95c37b44006af36a00e3?s=96&d=mm&r=g","caption":"Bruna de Andrade Fran\u00e7a"},"description":"Bruna de Andrade Fran\u00e7a \u00e9 publicit\u00e1ria com p\u00f3s-gradua\u00e7\u00e3o em Marketing &amp; Growth, atuando h\u00e1 mais de 6 anos no universo dos concursos p\u00fablicos. Desde 2021, lidera no Blog do Estrat\u00e9gia Concursos a cobertura editorial especializada em Concursos Policiais (PF, PRF, PM, PC, etc.), al\u00e9m das frentes de concursos banc\u00e1rios, de sa\u00fade e da \u00e1rea legislativa. Especialista em reda\u00e7\u00e3o, com pr\u00e1ticas de SEO e Copywriting, possui tamb\u00e9m atua\u00e7\u00e3o pr\u00e1tica de contato direto com \u00f3rg\u00e3os p\u00fablicos respons\u00e1veis por editais, permitindo acesso antecipado a informa\u00e7\u00f5es, desdobramentos importantes e atualiza\u00e7\u00e3o eficiente dos concursos p\u00fablicos.","url":"https:\/\/www.estrategiaconcursos.com.br\/blog\/author\/bruna-andrade\/"}]}},"_links":{"self":[{"href":"https:\/\/www.estrategiaconcursos.com.br\/blog\/wp-json\/wp\/v2\/posts\/1050575","targetHints":{"allow":["GET"]}}],"collection":[{"href":"https:\/\/www.estrategiaconcursos.com.br\/blog\/wp-json\/wp\/v2\/posts"}],"about":[{"href":"https:\/\/www.estrategiaconcursos.com.br\/blog\/wp-json\/wp\/v2\/types\/post"}],"author":[{"embeddable":true,"href":"https:\/\/www.estrategiaconcursos.com.br\/blog\/wp-json\/wp\/v2\/users\/1206"}],"replies":[{"embeddable":true,"href":"https:\/\/www.estrategiaconcursos.com.br\/blog\/wp-json\/wp\/v2\/comments?post=1050575"}],"version-history":[{"count":19,"href":"https:\/\/www.estrategiaconcursos.com.br\/blog\/wp-json\/wp\/v2\/posts\/1050575\/revisions"}],"predecessor-version":[{"id":1093624,"href":"https:\/\/www.estrategiaconcursos.com.br\/blog\/wp-json\/wp\/v2\/posts\/1050575\/revisions\/1093624"}],"wp:featuredmedia":[{"embeddable":true,"href":"https:\/\/www.estrategiaconcursos.com.br\/blog\/wp-json\/wp\/v2\/media\/1045182"}],"wp:attachment":[{"href":"https:\/\/www.estrategiaconcursos.com.br\/blog\/wp-json\/wp\/v2\/media?parent=1050575"}],"wp:term":[{"taxonomy":"category","embeddable":true,"href":"https:\/\/www.estrategiaconcursos.com.br\/blog\/wp-json\/wp\/v2\/categories?post=1050575"},{"taxonomy":"post_tag","embeddable":true,"href":"https:\/\/www.estrategiaconcursos.com.br\/blog\/wp-json\/wp\/v2\/tags?post=1050575"},{"taxonomy":"tax_estado","embeddable":true,"href":"https:\/\/www.estrategiaconcursos.com.br\/blog\/wp-json\/wp\/v2\/tax_estado?post=1050575"}],"curies":[{"name":"wp","href":"https:\/\/api.w.org\/{rel}","templated":true}]}}