{"id":104986,"date":"2018-02-02T20:06:15","date_gmt":"2018-02-02T23:06:15","guid":{"rendered":"https:\/\/www.estrategiaconcursos.com.br\/blog\/?p=104986"},"modified":"2023-05-16T10:14:26","modified_gmt":"2023-05-16T13:14:26","slug":"praca-temporario-da-marinha-inscricoes-abertas","status":"publish","type":"post","link":"https:\/\/www.estrategiaconcursos.com.br\/blog\/praca-temporario-da-marinha-inscricoes-abertas\/","title":{"rendered":"Pra\u00e7a Tempor\u00e1rio da Marinha: Inscri\u00e7\u00f5es Abertas!"},"content":{"rendered":"<p style=\"text-align: center;\"><span style=\"color: #0000ff;\"><strong>Tudo sobre o Processo Seletivo e a Carreira: Uma boa oportunidade para N\u00edvel M\u00e9dio e <span style=\"color: #0000ff;\">Fundamental<\/span><\/strong><\/span><\/p>\n<p style=\"text-align: justify;\">Ol\u00e1, concurseiros!! Semana passada, eu e o Professor Luiz Felipe falamos sobre o \u00faltimo Processo Seletivo (PS) para Oficial Tempor\u00e1rio da Marinha do Brasil. Conforme combinado, dando continuidade ao nosso trabalho, hoje falaremos sobre o Processo Seletivo para Pra\u00e7as Tempor\u00e1rios, uma excelente oportunidade para voc\u00ea que possui somente o ensino M\u00e9dio (T\u00e9cnico) ou somente o Fundamental (com C-FIC).<\/p>\n<p style=\"text-align: justify;\">O PS encontra-se em andamento, com <strong>inscri\u00e7\u00f5es abertas at\u00e9 o dia 12 de fevereiro<\/strong>. O valor da inscri\u00e7\u00e3o \u00e9 de R$ 70,00. As <strong><u>provas<\/u><\/strong> ocorrer\u00e3o no dia <strong><u>15 de Abril. <\/u><\/strong>\u00a0O Aviso de Convoca\u00e7\u00e3o n\u00ba 01 de 2018, encontra-se dispon\u00edvel em <span style=\"color: #0000ff;\"><a style=\"color: #0000ff;\" href=\"https:\/\/www.marinha.mil.br\/com1dn\/smv-pracas\">https:\/\/www.marinha.mil.br\/com1dn\/smv-pracas<\/a><\/span><\/p>\n<p>O link acima \u00e9 para a inscri\u00e7\u00e3o no 1\u00ba DN. Para os demais Distritos Navais (explicamos mais a frente cada um deles), acessem a p\u00e1gina da inscri\u00e7\u00e3o por meio dos links abaixo:<\/p>\n<p>2\u00baDN:<span style=\"color: #0000ff;\"> <a style=\"color: #0000ff;\" href=\"https:\/\/www.com2dn.mar.mil.br\/srd\/servico-militar\/processo-seletivo-para-o-servico-militar-voluntario-smv-de-pracas-rm22018\">https:\/\/www.com2dn.mar.mil.br\/srd\/servico-militar\/processo-seletivo-para-o-servico-militar-voluntario-smv-de-pracas-rm22018<\/a><\/span><\/p>\n<p>3\u00baDN:<span style=\"color: #0000ff;\"> <a style=\"color: #0000ff;\" href=\"https:\/\/www.marinha.mil.br\/com3dn\/smv-med-resumo\">https:\/\/www.marinha.mil.br\/com3dn\/smv-med-resumo<\/a><\/span><\/p>\n<p>4\u00baDN: <span style=\"color: #0000ff;\"><a style=\"color: #0000ff;\" href=\"https:\/\/www.marinha.mil.br\/com4dn\/node\/30\">https:\/\/www.marinha.mil.br\/com4dn\/node\/30<\/a><\/span><\/p>\n<p>5\u00baDN: <span style=\"color: #0000ff;\"><a style=\"color: #0000ff;\" href=\"https:\/\/www.inscricao.marinha.mil.br\/smv\/\">https:\/\/www.inscricao.marinha.mil.br\/smv\/<\/a><\/span><\/p>\n<p>6\u00baDN: <span style=\"color: #0000ff;\"><a style=\"color: #0000ff;\" href=\"https:\/\/www.marinha.mil.br\/com6dn\/node\/896\">https:\/\/www.marinha.mil.br\/com6dn\/node\/896<\/a><\/span><\/p>\n<p>7\u00baDN:<span style=\"color: #0000ff;\"> <a style=\"color: #0000ff;\" href=\"https:\/\/www.marinha.mil.br\/com7dn\/nivel-medio\">https:\/\/www.marinha.mil.br\/com7dn\/nivel-medio<\/a><\/span><\/p>\n<p>8\u00baDN:<span style=\"color: #0000ff;\"> <a style=\"color: #0000ff;\" href=\"https:\/\/www.com8dn.mar.mil.br\/?q=smv-pracas\">https:\/\/www.com8dn.mar.mil.br\/?q=smv-pracas<\/a><\/span><\/p>\n<p>9\u00baDN:<span style=\"color: #0000ff;\"> <a style=\"color: #0000ff;\" href=\"https:\/\/www.marinha.mil.br\/com9dn\/smv-medio\">https:\/\/www.marinha.mil.br\/com9dn\/smv-medio<\/a><\/span><\/p>\n<p>O objetivo aqui \u00e9 falar sobre o Processo Seletivo e sobre a carreira de Pra\u00e7a da Marinha. Vamos l\u00e1:<\/p>\n<p><strong><u>1) O Processo Seletivo<\/u><\/strong><\/p>\n<p style=\"text-align: justify;\">Pessoal, o PS \u00e9 bem parecido com o de Oficiais. Antes de 2016, ele contava basicamente com uma prova de t\u00edtulos e uma entrevista. Ocorre que no ano de 2016 ele passou a contemplar uma prova objetiva (PO) com 50 quest\u00f5es, valendo 2 pontos cada, contemplando as disciplinas de Portugu\u00eas e Conhecimentos Navais, com 25 quest\u00f5es de cada uma das duas disciplinas. O tempo para a realiza\u00e7\u00e3o da prova \u00e9 de 3 horas.<\/p>\n<p style=\"text-align: justify;\">De acordo com o \u00faltimo edital (JAN\/18):<\/p>\n<p style=\"text-align: justify;\">\u201cO processo seletivo ser\u00e1 constitu\u00eddo das seguintes Etapas:<\/p>\n<p style=\"text-align: justify;\"><strong><u>1\u00aa Etapa: Prova Objetiva (PO) \u2013 eliminat\u00f3ria e classificat\u00f3ria; <\/u><\/strong><\/p>\n<p style=\"text-align: justify;\">2\u00aa Etapa: Verifica\u00e7\u00e3o de Dados Biogr\u00e1ficos (VDB) e Verifica\u00e7\u00e3o Documental (VD) \u2013 eliminat\u00f3ria;<\/p>\n<p style=\"text-align: justify;\">3\u00aa Etapa: Inspe\u00e7\u00e3o de Sa\u00fade (IS) \u2013 eliminat\u00f3ria;<\/p>\n<p style=\"text-align: justify;\">4\u00aa Etapa: Prova de T\u00edtulos (PT) &#8211; classificat\u00f3ria;<\/p>\n<p style=\"text-align: justify;\">5\u00aa Etapa: Designa\u00e7\u00e3o \u00e0 incorpora\u00e7\u00e3o; e<\/p>\n<p style=\"text-align: justify;\">6\u00aa Etapa: Incorpora\u00e7\u00e3o.\u201d<\/p>\n<p style=\"text-align: justify;\">Ser\u00e3o considerados eliminados na PO os volunt\u00e1rios que:<\/p>\n<p style=\"text-align: justify;\">a) obtiverem nota inferior a 50 (cinquenta), em uma escala de 0 (zero) a 100 (cem);<\/p>\n<p style=\"text-align: justify;\">b) n\u00e3o se classificarem entre as maiores notas, at\u00e9 o limite correspondente a 03 (tr\u00eas) vezes o n\u00famero de vagas estabelecidas, considerando-se os empates na \u00faltima posi\u00e7\u00e3o.<\/p>\n<p style=\"text-align: justify;\">A prova de conhecimentos navais \u00e9 composta das seguintes disciplinas:<\/p>\n<p style=\"text-align: justify;\"><strong><u>Destina\u00e7\u00e3o Constitucional das For\u00e7as Armadas; <\/u><\/strong><\/p>\n<p style=\"text-align: justify;\"><strong><u>Estatuto dos Militares; <\/u><\/strong><\/p>\n<p style=\"text-align: justify;\"><strong><u>Rela\u00e7\u00f5es Humanas e Lideran\u00e7a;<\/u><\/strong><\/p>\n<p style=\"text-align: justify;\"><strong><u>Hist\u00f3ria Naval; <\/u><\/strong><\/p>\n<p style=\"text-align: justify;\"><strong><u>Emprego permanente do Poder Naval;<\/u><\/strong><\/p>\n<p style=\"text-align: justify;\"><span style=\"color: #ff0000;\"><strong><u>Prepara-se conosco: O Estrat\u00e9gia j\u00e1 lan\u00e7ou cursos para esse concurso. Confira:<\/u><\/strong><\/span><\/p>\n<p style=\"text-align: justify;\"><span style=\"color: #0000ff;\"><a style=\"color: #0000ff;\" href=\"https:\/\/www.estrategiaconcursos.com.br\/cursosPorConcurso\/marinha-do-brasil\/\">https:\/\/www.estrategiaconcursos.com.br\/cursosPorConcurso\/marinha-do-brasil\/<\/a><\/span><\/p>\n<p style=\"text-align: justify;\"><span style=\"color: #0000ff;\"><strong>Vagas<\/strong><\/span><\/p>\n<p style=\"text-align: justify;\">Para poder se tornar uma Pra\u00e7a RM2, os candidatos com <strong>ensino m\u00e9dio<\/strong> dever\u00e3o possuir <strong>forma\u00e7\u00e3o t\u00e9cnica<\/strong> de acordo com as especialidades pedidas (ver quadro de vagas abaixo). Nesse caso, eles <strong>servir\u00e3o como Cabos (RM2).<\/strong> Os candidatos \u00e0s vagas de n\u00edvel fundamental dever\u00e3o possuir cursos correspondentes \u00e0 educa\u00e7\u00e3o profissional de Forma\u00e7\u00e3o Inicial e Continuada de Trabalhadores (C-FIC). Os volunt\u00e1rios \u00e0s vagas da \u00e1rea administrativa para a fun\u00e7\u00e3o de motorista de viaturas administrativas dever\u00e3o possuir C-FIC do Eixo Tecnol\u00f3gico de Infraestrutura, com cursos que compreendam as seguintes atividades de transporte:<\/p>\n<p>a) Motorista de Transporte de Carga;<\/p>\n<p>b) Motorista de Transporte de Carga de Produtos Aliment\u00edcios;<\/p>\n<p>c) Motorista de Transporte de Carga Viva;<\/p>\n<p>d) Motorista de Transporte de Lixo Urbano;<\/p>\n<p>e) Motorista de Transporte de Passageiros;<\/p>\n<p>f) Motorista de Transporte de Produtos Perigosos; e<\/p>\n<p>g) Motorista de Transporte Escolar.<\/p>\n<p style=\"text-align: justify;\">Os candidatos \u00e0s vagas de <strong>n\u00edvel fundamental<\/strong> servir\u00e3o como <strong>MNE \u2013 Marinheiro Especializado.<\/strong><\/p>\n<p style=\"text-align: justify;\"><strong>\u00a0<\/strong><\/p>\n<p style=\"text-align: justify;\"><strong>Se voc\u00ea n\u00e3o possui N\u00edvel T\u00e9cnico: <\/strong>O SENAI oferece diversos cursos. A dura\u00e7\u00e3o \u00e9 de m\u00e9dio prazo, mas j\u00e1 \u00e9 um norte para quem se interessar:<\/p>\n<p style=\"text-align: justify;\"><span style=\"color: #0000ff;\"><a style=\"color: #0000ff;\" href=\"https:\/\/www.cursosenairio.com.br\/cursorio\/portal\/lista_cursos.php\">https:\/\/www.cursosenairio.com.br\/cursorio\/portal\/lista_cursos.php<\/a><\/span><\/p>\n<p style=\"text-align: justify;\"><strong>Se voc\u00ea n\u00e3o possui o C-FIC: <\/strong>Esse \u00e9 o curso de forma\u00e7\u00e3o inicial e continuada, voc\u00ea pode faz\u00ea-lo por meio do PRONATEC. Os Institutos Federais de Educa\u00e7\u00e3o geralmente oferecem diversos cursos FIC. Segue um link com mais informa\u00e7\u00f5es:<\/p>\n<p style=\"text-align: justify;\"><span style=\"color: #0000ff;\"><a style=\"color: #0000ff;\" href=\"http:\/\/spp.mec.gov.br\/public\/pdf\/guia-cursos-fic.pdf\">http:\/\/spp.mec.gov.br\/public\/pdf\/guia-cursos-fic.pdf<\/a><\/span><\/p>\n<p style=\"text-align: justify;\">Cada DN demandar\u00e1 as especialidades separadamente, ou seja, nem todos os DN ofertar\u00e3o vagas para todas as \u00e1reas. Vamos tomar como exemplo o 1\u00baDN, que geralmente oferta mais vagas. As vagas demandadas foram:<\/p>\n<p style=\"text-align: justify;\"><img loading=\"lazy\" decoding=\"async\" class=\"alignnone wp-image-105061 \" src=\"https:\/\/dhg1h5j42swfq.cloudfront.net\/2018\/02\/02193711\/1.png\" alt=\"\" width=\"540\" height=\"358\" srcset=\"https:\/\/dhg1h5j42swfq.cloudfront.net\/2018\/02\/02193711\/1.png 728w, https:\/\/dhg1h5j42swfq.cloudfront.net\/2018\/02\/02193711\/1.png 300w, https:\/\/dhg1h5j42swfq.cloudfront.net\/2018\/02\/02193711\/1.png 610w\" sizes=\"auto, (max-width: 540px) 100vw, 540px\" \/><\/p>\n<p><img loading=\"lazy\" decoding=\"async\" class=\"alignnone wp-image-105062 \" src=\"https:\/\/dhg1h5j42swfq.cloudfront.net\/2018\/02\/02193818\/2.png\" alt=\"\" width=\"542\" height=\"77\" srcset=\"https:\/\/dhg1h5j42swfq.cloudfront.net\/2018\/02\/02193818\/2.png 732w, https:\/\/dhg1h5j42swfq.cloudfront.net\/2018\/02\/02193818\/2.png 300w, https:\/\/dhg1h5j42swfq.cloudfront.net\/2018\/02\/02193818\/2.png 610w\" sizes=\"auto, (max-width: 542px) 100vw, 542px\" \/><\/p>\n<p><img loading=\"lazy\" decoding=\"async\" class=\"alignnone wp-image-105063 \" src=\"https:\/\/dhg1h5j42swfq.cloudfront.net\/2018\/02\/02193901\/3.png\" alt=\"\" width=\"530\" height=\"287\" srcset=\"https:\/\/dhg1h5j42swfq.cloudfront.net\/2018\/02\/02193901\/3.png 728w, https:\/\/dhg1h5j42swfq.cloudfront.net\/2018\/02\/02193901\/3.png 300w, https:\/\/dhg1h5j42swfq.cloudfront.net\/2018\/02\/02193901\/3.png 610w\" sizes=\"auto, (max-width: 530px) 100vw, 530px\" \/><\/p>\n<p><img loading=\"lazy\" decoding=\"async\" class=\"alignnone size-full wp-image-105064\" src=\"https:\/\/dhg1h5j42swfq.cloudfront.net\/2018\/02\/02193951\/4.png\" alt=\"\" width=\"148\" height=\"30\" \/><\/p>\n<p><img loading=\"lazy\" decoding=\"async\" class=\"alignnone wp-image-105065 \" src=\"https:\/\/dhg1h5j42swfq.cloudfront.net\/2018\/02\/02194008\/5.png\" alt=\"\" width=\"521\" height=\"249\" srcset=\"https:\/\/dhg1h5j42swfq.cloudfront.net\/2018\/02\/02194008\/5.png 740w, https:\/\/dhg1h5j42swfq.cloudfront.net\/2018\/02\/02194008\/5.png 300w, https:\/\/dhg1h5j42swfq.cloudfront.net\/2018\/02\/02194008\/5.png 610w\" sizes=\"auto, (max-width: 521px) 100vw, 521px\" \/><\/p>\n<p style=\"text-align: justify;\"><strong><u>Perceberam quantas oportunidades para diferentes \u00e1reas a Marinha costuma abrir?<\/u><\/strong> Essas vagas s\u00e3o somente as do 1\u00baDN, ainda temos para mais 8 DN. \u00c9 claro que a maioria das vagas s\u00e3o para o 1\u00ba DN, mas existem excelentes oportunidades espalhadas pelo nosso pa\u00eds.<\/p>\n<p style=\"text-align: justify;\">Abaixo temos um quadro resumo sobre a quantidade de vagas ofertadas por todos os DN, para os diversos cargos acima (2018):<\/p>\n<p><img loading=\"lazy\" decoding=\"async\" class=\"alignnone wp-image-105066\" src=\"https:\/\/dhg1h5j42swfq.cloudfront.net\/2018\/02\/02194104\/6.png\" alt=\"\" width=\"603\" height=\"239\" srcset=\"https:\/\/dhg1h5j42swfq.cloudfront.net\/2018\/02\/02194104\/6.png 643w, https:\/\/dhg1h5j42swfq.cloudfront.net\/2018\/02\/02194104\/6.png 300w, https:\/\/dhg1h5j42swfq.cloudfront.net\/2018\/02\/02194104\/6.png 610w\" sizes=\"auto, (max-width: 603px) 100vw, 603px\" \/><\/p>\n<p><img loading=\"lazy\" decoding=\"async\" class=\"alignnone wp-image-105067\" src=\"https:\/\/dhg1h5j42swfq.cloudfront.net\/2018\/02\/02194126\/7.png\" alt=\"\" width=\"601\" height=\"244\" srcset=\"https:\/\/dhg1h5j42swfq.cloudfront.net\/2018\/02\/02194126\/7.png 645w, https:\/\/dhg1h5j42swfq.cloudfront.net\/2018\/02\/02194126\/7.png 300w, https:\/\/dhg1h5j42swfq.cloudfront.net\/2018\/02\/02194126\/7.png 610w\" sizes=\"auto, (max-width: 601px) 100vw, 601px\" \/><\/p>\n<p style=\"text-align: justify;\">As Organiza\u00e7\u00f5es Militares (OM) da Marinha do Brasil (MB) est\u00e3o espalhadas pelo nosso pa\u00eds, por\u00e9m, a maior concentra\u00e7\u00e3o \u00e9 aqui no Rio de Janeiro. Cada regi\u00e3o (n\u00e3o \u00e9 a geogr\u00e1fica) do pa\u00eds possui um Distrito Naval (DN) respons\u00e1vel, <strong><u>totalizando 9 DN<\/u><\/strong>. Observem no mapa como \u00e9 feita essa divis\u00e3o:<\/p>\n<p><img loading=\"lazy\" decoding=\"async\" class=\"size-full wp-image-105068 aligncenter\" src=\"https:\/\/dhg1h5j42swfq.cloudfront.net\/2018\/02\/02194303\/8.png\" alt=\"\" width=\"482\" height=\"373\" srcset=\"https:\/\/dhg1h5j42swfq.cloudfront.net\/2018\/02\/02194303\/8.png 482w, https:\/\/dhg1h5j42swfq.cloudfront.net\/2018\/02\/02194303\/8.png 300w\" sizes=\"auto, (max-width: 482px) 100vw, 482px\" \/><\/p>\n<p style=\"text-align: justify;\">Assim, caso voc\u00ea esteja interessado em prestar esse concurso, voc\u00ea dever\u00e1 acompanhar a p\u00e1gina do DN da sua regi\u00e3o. Isso caso voc\u00ea queira servir naquela regi\u00e3o. Nada impede que um concurseiro do RS preste prova pelo 1\u00baDN, mas dever\u00e1 saber que servir\u00e1 nas OM do 1\u00ba DN (localizadas no RJ e ES, basicamente).<\/p>\n<p style=\"text-align: justify;\">Para facilitar a sua vida, neste link abaixo, p\u00e1gina da Diretoria de Ensino da Marinha, basta voc\u00ea clicar no mapa sobre o DN que voc\u00ea quer acessar para a p\u00e1gina do respectivo DN ser aberta.<\/p>\n<p style=\"text-align: justify;\">Dessa forma, \u00e9 s\u00f3 voc\u00ea acompanhar por ali as chamadas para os Processos Seletivos (PS). A <strong><span style=\"color: #0000ff;\">boa<\/span> <span style=\"color: #0000ff;\">not\u00edcia<\/span><\/strong> \u00e9 que n\u00f3s <span style=\"color: #0000ff;\"><strong>acompanharemos para voc\u00ea e o avisaremos<\/strong><\/span> sempre que forem lan\u00e7ados novos PS.<\/p>\n<p style=\"text-align: justify;\">Na prova de t\u00edtulos, os candidatos poder\u00e3o obter a seguinte pontua\u00e7\u00e3o:<\/p>\n<p style=\"text-align: justify;\"><strong><u>a) Vagas do EAT \u2013 Candidatos com N\u00edvel Fundamental<\/u><\/strong><\/p>\n<p><img loading=\"lazy\" decoding=\"async\" class=\"alignnone size-full wp-image-105069\" src=\"https:\/\/dhg1h5j42swfq.cloudfront.net\/2018\/02\/02194334\/12.png\" alt=\"\" width=\"580\" height=\"502\" srcset=\"https:\/\/dhg1h5j42swfq.cloudfront.net\/2018\/02\/02194334\/12.png 580w, https:\/\/dhg1h5j42swfq.cloudfront.net\/2018\/02\/02194334\/12.png 300w\" sizes=\"auto, (max-width: 580px) 100vw, 580px\" \/><\/p>\n<p><strong><u>b) Vagas do ETP: \u2013 Candidatos com N\u00edvel M\u00e9dio<\/u><\/strong><\/p>\n<p><strong>\u00a0\u00a0\u00a0\u00a0\u00a0\u00a0\u00a0 &#8211; <\/strong><strong><u>Processamento de Dados \u2013 Infraestrutura:<\/u><\/strong><\/p>\n<p><img loading=\"lazy\" decoding=\"async\" class=\"alignnone size-full wp-image-105070\" src=\"https:\/\/dhg1h5j42swfq.cloudfront.net\/2018\/02\/02194430\/13.png\" alt=\"\" width=\"580\" height=\"309\" srcset=\"https:\/\/dhg1h5j42swfq.cloudfront.net\/2018\/02\/02194430\/13.png 580w, https:\/\/dhg1h5j42swfq.cloudfront.net\/2018\/02\/02194430\/13.png 300w\" sizes=\"auto, (max-width: 580px) 100vw, 580px\" \/><\/p>\n<p><strong>\u00a0\u00a0\u00a0\u00a0\u00a0\u00a0\u00a0 <\/strong><strong>&#8211; <\/strong><strong><u>Processamento de Dados \u2013 Sistema<\/u><\/strong><strong>\u00a0<\/strong><\/p>\n<p><img loading=\"lazy\" decoding=\"async\" class=\"alignnone size-full wp-image-105071\" src=\"https:\/\/dhg1h5j42swfq.cloudfront.net\/2018\/02\/02194449\/14.png\" alt=\"\" width=\"582\" height=\"301\" srcset=\"https:\/\/dhg1h5j42swfq.cloudfront.net\/2018\/02\/02194449\/14.png 582w, https:\/\/dhg1h5j42swfq.cloudfront.net\/2018\/02\/02194449\/14.png 300w\" sizes=\"auto, (max-width: 582px) 100vw, 582px\" \/><\/p>\n<p><strong>\u00a0\u00a0\u00a0\u00a0\u00a0\u00a0\u00a0 <\/strong><\/p>\n<p><strong>\u00a0 \u00a0 \u00a0 \u00a0&#8211; <\/strong><strong><u>Processamento de Dados \u2013 Banco de Dados:<\/u><\/strong><\/p>\n<p><strong>\u00a0<img loading=\"lazy\" decoding=\"async\" class=\"alignnone size-full wp-image-105072\" src=\"https:\/\/dhg1h5j42swfq.cloudfront.net\/2018\/02\/02194510\/15.png\" alt=\"\" width=\"580\" height=\"322\" srcset=\"https:\/\/dhg1h5j42swfq.cloudfront.net\/2018\/02\/02194510\/15.png 580w, https:\/\/dhg1h5j42swfq.cloudfront.net\/2018\/02\/02194510\/15.png 300w\" sizes=\"auto, (max-width: 580px) 100vw, 580px\" \/><\/strong><\/p>\n<p><strong>\u00a0<\/strong><strong>\u00a0\u00a0\u00a0\u00a0\u00a0\u00a0\u00a0 <\/strong><strong><u>&#8211; Demais \u00c1reas:<\/u><\/strong><\/p>\n<p><img loading=\"lazy\" decoding=\"async\" class=\"alignnone size-full wp-image-105073\" src=\"https:\/\/dhg1h5j42swfq.cloudfront.net\/2018\/02\/02194527\/16.png\" alt=\"\" width=\"578\" height=\"534\" srcset=\"https:\/\/dhg1h5j42swfq.cloudfront.net\/2018\/02\/02194527\/16.png 578w, https:\/\/dhg1h5j42swfq.cloudfront.net\/2018\/02\/02194527\/16.png 300w\" sizes=\"auto, (max-width: 578px) 100vw, 578px\" \/><\/p>\n<p><strong><u>Ou seja, temos um total de 100 pontos para a prova escrita e mais 100 para a prova de t\u00edtulos, totalizando 200 pontos no concurso.<\/u><\/strong><\/p>\n<p><strong>\u00a0<\/strong><\/p>\n<p style=\"text-align: justify;\"><span style=\"color: #0000ff;\"><strong>2) Carreira de Pra\u00e7a da Marinha<\/strong><\/span><\/p>\n<p style=\"text-align: justify;\">As Pra\u00e7as s\u00e3o os auxiliares diretos dos Oficiais. Auxiliam ou complementam as atividades dos oficiais, quer no adestramento e no emprego de meios, quer na instru\u00e7\u00e3o e na administra\u00e7\u00e3o. S\u00e3o profissionais extremamente importantes para o bom desempenho do servi\u00e7o.<\/p>\n<p style=\"text-align: justify;\"><strong>\u00a0<\/strong><strong>&#8211; Mas qual ser\u00e1 a minha remunera\u00e7\u00e3o, professores?<\/strong><\/p>\n<p style=\"text-align: justify;\">A remunera\u00e7\u00e3o \u00e9 a seguinte (BRUTO):<\/p>\n<p style=\"text-align: justify;\"><strong>CB (RM2):<\/strong> R$ 3.061,25<\/p>\n<p style=\"text-align: justify;\"><strong>MN (RM2): <\/strong>R$ 1.847,50<\/p>\n<p style=\"text-align: justify;\">Ressalto que em termos l\u00edquidos o valor n\u00e3o ser\u00e1 muito diferente do bruto, at\u00e9 pela faixa do IR que voc\u00eas estar\u00e3o, ok?<\/p>\n<p style=\"text-align: justify;\">&#8211; <strong>Indeniza\u00e7\u00e3o ao t\u00e9rmino do Servi\u00e7o<\/strong><\/p>\n<p style=\"text-align: justify;\"><strong>Para os CB: <\/strong>Ap\u00f3s o t\u00e9rmino dos 8 anos de servi\u00e7o, ou caso haja descontinuidade na sua renova\u00e7\u00e3o anual, voc\u00ea receber\u00e1 uma remunera\u00e7\u00e3o por ano trabalhado. Nos dias atuais, caso cumpra os 8 anos, chegamos a aproximadamente R$ 28.000,00 inclu\u00eddo no valor f\u00e9rias n\u00e3o gozadas e f\u00e9rias\/13\u00ba proporcionais.<\/p>\n<p style=\"text-align: justify;\"><strong>Para os MN: <\/strong>O valor aproximado seria de aproximadamente R$ 17.000,00.<\/p>\n<p style=\"text-align: justify;\"><strong>\u00a0<span style=\"color: #0000ff;\">Vantagens:<\/span><\/strong><\/p>\n<p style=\"text-align: justify;\">&#8211; <strong>Assist\u00eancias m\u00e9dico-hospitalar e odontol\u00f3gica<\/strong>: <u>Voc\u00ea e seus dependentes<\/u> ter\u00e3o acesso aos hospitais da Marinha, cl\u00ednicas conveniadas e \u00e0 Odontocl\u00ednica da Marinha, mediante desconto de 1,8% mensal da sua remunera\u00e7\u00e3o<\/p>\n<p style=\"text-align: justify;\">&#8211; <strong>Assist\u00eancia Social, religiosa e psicol\u00f3gica<\/strong>: A Assist\u00eancia Social destina-se \u00e0 presta\u00e7\u00e3o, de forma Social e em n\u00edvel prim\u00e1rio, de assist\u00eancia nas \u00e1reas de Servi\u00e7o Social, Direito e Psicologia ao pessoal militar e civil da MB, ativo e inativo, aos seus dependentes e pensionistas, sendo proporcionada pela Diretoria de Assist\u00eancia Social da Marinha.<\/p>\n<p style=\"text-align: justify;\">&#8211; <strong>Instala\u00e7\u00f5es sociorrecreativas<\/strong>: Pessoal, por aproximadamente 70 reais descontados em bilhete de pagamento (caso optem) voc\u00eas ter\u00e3o dispon\u00edveis as instala\u00e7\u00f5es da Casa do Marinheiro. A CMN conta com parque aqu\u00e1tico, ambiente Wi-Fi, 2 campos de futebol oficial, 2 campos de futebol society, 2 quadras de voleibol, 2 de t\u00eanis, academia de gin\u00e1stica e muscula\u00e7\u00e3o, doj\u00f4, e gin\u00e1sio poliesportivo coberto. Al\u00e9m disso, conta ainda com grande espa\u00e7o para eventos com camarins, frisas e tribuna de honra, um super cinema, parque infantil, pista de Cooper, restaurante, sal\u00e3o de festas para at\u00e9 400 pessoas, 12 mini-quiosques, 4 quiosques m\u00e9dios e 2 quiosques grandes (todos com churrasqueira, bombonas para gelo e mesas com cadeiras) e 1 bar externo (Bardeck).<\/p>\n<p><img loading=\"lazy\" decoding=\"async\" class=\"alignnone size-full wp-image-105074\" src=\"https:\/\/dhg1h5j42swfq.cloudfront.net\/2018\/02\/02194627\/9.jpg\" alt=\"\" width=\"730\" height=\"548\" srcset=\"https:\/\/dhg1h5j42swfq.cloudfront.net\/2018\/02\/02194627\/9.jpg 730w, https:\/\/dhg1h5j42swfq.cloudfront.net\/2018\/02\/02194627\/9.jpg 300w, https:\/\/dhg1h5j42swfq.cloudfront.net\/2018\/02\/02194627\/9.jpg 610w\" sizes=\"auto, (max-width: 730px) 100vw, 730px\" \/><\/p>\n<p style=\"text-align: justify;\">Acessem o site para mais informa\u00e7\u00f5es:<span style=\"color: #0000ff;\"> <a style=\"color: #0000ff;\" href=\"http:\/\/www.abrigo.org.br\/paginas\/index\/30\/Casa\">http:\/\/www.abrigo.org.br\/paginas\/index\/30\/Casa<\/a><\/span><\/p>\n<p style=\"text-align: justify;\">No site do Abrigo do Marinheiro voc\u00ea poder\u00e1 pesquisar diversas vantagens que as parceiras da Marinha oferecem, como Seguros, Planos de Sa\u00fade, descontos em estabelecimentos comerciais, etc.<\/p>\n<p style=\"text-align: justify;\">Deixo aqui a informa\u00e7\u00e3o que os demais Distritos Navais tamb\u00e9m possuem instala\u00e7\u00f5es recreativas como a CMN.<\/p>\n<p style=\"text-align: justify;\">&#8211; <strong>Ajuda para aquisi\u00e7\u00e3o de uniformes<\/strong>: O militar tem direito, a cada tr\u00eas anos ou quando for promovido, a receber um soldo a t\u00edtulo de aux\u00edlio fardamento.<\/p>\n<p style=\"text-align: justify;\">&#8211; <strong>Alimenta\u00e7\u00e3o<\/strong>: a alimenta\u00e7\u00e3o \u00e9 custeada pela Marinha. Voc\u00ea sempre ter\u00e1 dispon\u00edvel sua alimenta\u00e7\u00e3o di\u00e1ria por meio da disponibiliza\u00e7\u00e3o de caf\u00e9, almo\u00e7o, janta e ceia, al\u00e9m de complementos para o pessoal que estiver de servi\u00e7o;<\/p>\n<p style=\"text-align: justify;\">&#8211; <strong>Aux\u00edlio-Funeral e Aux\u00edlio-Natalidade: <\/strong>De acordo com os quadros abaixo:<\/p>\n<p><img loading=\"lazy\" decoding=\"async\" class=\"alignnone size-full wp-image-105076\" src=\"https:\/\/dhg1h5j42swfq.cloudfront.net\/2018\/02\/02194942\/Auxilio-funeral.png\" alt=\"\" width=\"606\" height=\"137\" srcset=\"https:\/\/dhg1h5j42swfq.cloudfront.net\/2018\/02\/02194942\/Auxilio-funeral.png 606w, https:\/\/dhg1h5j42swfq.cloudfront.net\/2018\/02\/02194942\/Auxilio-funeral.png 300w\" sizes=\"auto, (max-width: 606px) 100vw, 606px\" \/><\/p>\n<p style=\"text-align: justify;\"><img loading=\"lazy\" decoding=\"async\" class=\"alignnone size-full wp-image-105077\" src=\"https:\/\/dhg1h5j42swfq.cloudfront.net\/2018\/02\/02195010\/Auxilio-natalidade1.png\" alt=\"\" width=\"608\" height=\"169\" srcset=\"https:\/\/dhg1h5j42swfq.cloudfront.net\/2018\/02\/02195010\/Auxilio-natalidade1.png 608w, https:\/\/dhg1h5j42swfq.cloudfront.net\/2018\/02\/02195010\/Auxilio-natalidade1.png 300w\" sizes=\"auto, (max-width: 608px) 100vw, 608px\" \/><\/p>\n<p style=\"text-align: justify;\">E a\u00ed, acharam interessante? <span style=\"color: #0000ff;\"><strong>Para os concurseiros \u00e9 uma oportunidade muito boa<\/strong><\/span>, pois alia uma remunera\u00e7\u00e3o interessante em se tratando da forma\u00e7\u00e3o exigida, somada ao apoio dado pela Institui\u00e7\u00e3o, conforme as vantagens citadas acima. \u00c9 uma <strong><span style=\"color: #0000ff;\">boa oportunidade para voc\u00ea que est\u00e1 precisando voltar ao mercado e n\u00e3o quer parar de estudar.<\/span><\/strong><\/p>\n<p style=\"text-align: justify;\">Caso j\u00e1 tenha feito sua inscri\u00e7\u00e3o, n\u00e3o deixe de adquirir os <span style=\"text-decoration: underline; color: #ff0000;\"><strong>Pacotes do Estrat\u00e9gia<\/strong><\/span> que n\u00f3s, juntamente com o Professor D\u00e9cio Terror, preparamos <strong><span style=\"color: #ff0000;\">para essa prova e para o PS Oficiais<\/span><\/strong>. Eles congregam a nossa experi\u00eancia como Oficiais com o conhecimento t\u00e9cnico, al\u00e9m de muitos esquemas, mapas mentais e milhares de exerc\u00edcios resolvidos para voc\u00ea treinar!<\/p>\n<p style=\"text-align: justify;\"><strong><u>Segue o link dos cursos para Oficiais e Pra\u00e7as Tempor\u00e1rios:<\/u><\/strong><\/p>\n<p style=\"text-align: justify;\"><span style=\"color: #0000ff;\"><a style=\"color: #0000ff;\" href=\"https:\/\/www.estrategiaconcursos.com.br\/cursosPorConcurso\/marinha-do-brasil\/\">https:\/\/www.estrategiaconcursos.com.br\/cursosPorConcurso\/marinha-do-brasil\/<\/a><\/span><\/p>\n<p>Caso queiram saber mais sobre a carreira na Marinha ou sobre o PS de Oficiais acessem nossos artigos:<\/p>\n<blockquote class=\"wp-embedded-content\" data-secret=\"1u4sSjNVtB\"><p><a href=\"https:\/\/www.estrategiaconcursos.com.br\/blog\/oficial-temporario-rm2-marinha-nota-de-corte-do-ultimo-ps\/\">Oficial Tempor\u00e1rio RM2 (Marinha) &#8211; Nota de Corte do \u00faltimo PS<\/a><\/p><\/blockquote>\n<p><iframe loading=\"lazy\" class=\"wp-embedded-content\" sandbox=\"allow-scripts\" security=\"restricted\" style=\"position: absolute; clip: rect(1px, 1px, 1px, 1px);\" title=\"&#8220;Oficial Tempor\u00e1rio RM2 (Marinha) &#8211; Nota de Corte do \u00faltimo PS&#8221; &#8212; Estrat\u00e9gia Concursos\" src=\"https:\/\/www.estrategiaconcursos.com.br\/blog\/oficial-temporario-rm2-marinha-nota-de-corte-do-ultimo-ps\/embed\/#?secret=NEx1pVkAme#?secret=1u4sSjNVtB\" data-secret=\"1u4sSjNVtB\" width=\"500\" height=\"282\" frameborder=\"0\" marginwidth=\"0\" marginheight=\"0\" scrolling=\"no\"><\/iframe><\/p>\n<blockquote class=\"wp-embedded-content\" data-secret=\"cBORjFDG6l\"><p><a href=\"https:\/\/www.estrategiaconcursos.com.br\/blog\/oficial-temporario-da-marinha-tudo-sobre-o-processo-seletivo\/\">Oficial Tempor\u00e1rio da Marinha: Tudo sobre o Processo Seletivo.<\/a><\/p><\/blockquote>\n<p><iframe loading=\"lazy\" class=\"wp-embedded-content\" sandbox=\"allow-scripts\" security=\"restricted\" style=\"position: absolute; clip: rect(1px, 1px, 1px, 1px);\" title=\"&#8220;Oficial Tempor\u00e1rio da Marinha: Tudo sobre o Processo Seletivo.&#8221; &#8212; Estrat\u00e9gia Concursos\" src=\"https:\/\/www.estrategiaconcursos.com.br\/blog\/oficial-temporario-da-marinha-tudo-sobre-o-processo-seletivo\/embed\/#?secret=X9ySJRnu1d#?secret=cBORjFDG6l\" data-secret=\"cBORjFDG6l\" width=\"500\" height=\"282\" frameborder=\"0\" marginwidth=\"0\" marginheight=\"0\" scrolling=\"no\"><\/iframe><\/p>\n<blockquote class=\"wp-embedded-content\" data-secret=\"KGZ79yjqK9\"><p><a href=\"https:\/\/www.estrategiaconcursos.com.br\/blog\/as-vantagens-de-ser-um-oficial-temporario-da-marinha-do-brasil\/\">As vantagens de ser um Oficial Tempor\u00e1rio da Marinha do Brasil<\/a><\/p><\/blockquote>\n<p><iframe loading=\"lazy\" class=\"wp-embedded-content\" sandbox=\"allow-scripts\" security=\"restricted\" style=\"position: absolute; clip: rect(1px, 1px, 1px, 1px);\" title=\"&#8220;As vantagens de ser um Oficial Tempor\u00e1rio da Marinha do Brasil&#8221; &#8212; Estrat\u00e9gia Concursos\" src=\"https:\/\/www.estrategiaconcursos.com.br\/blog\/as-vantagens-de-ser-um-oficial-temporario-da-marinha-do-brasil\/embed\/#?secret=lbpOxXHE4f#?secret=KGZ79yjqK9\" data-secret=\"KGZ79yjqK9\" width=\"500\" height=\"282\" frameborder=\"0\" marginwidth=\"0\" marginheight=\"0\" scrolling=\"no\"><\/iframe><\/p>\n<p style=\"text-align: justify;\">Grande abra\u00e7o!<\/p>\n<p style=\"text-align: justify;\">Alan Hirt\/Luiz Felipe da Rocha<\/p>\n","protected":false},"excerpt":{"rendered":"<p>Tudo sobre o Processo Seletivo e a Carreira: Uma boa oportunidade para N\u00edvel M\u00e9dio e Fundamental Ol\u00e1, concurseiros!! Semana passada, eu e o Professor Luiz Felipe falamos sobre o \u00faltimo Processo Seletivo (PS) para Oficial Tempor\u00e1rio da Marinha do Brasil. Conforme combinado, dando continuidade ao nosso trabalho, hoje falaremos sobre o Processo Seletivo para Pra\u00e7as [&hellip;]<\/p>\n","protected":false},"author":577,"featured_media":0,"comment_status":"open","ping_status":"closed","sticky":false,"template":"","format":"standard","meta":{"post_tipo":"article","footnotes":""},"categories":[1,6741],"tags":[],"tax_estado":[],"class_list":["post-104986","post","type-post","status-publish","format-standard","hentry","category-cursos-e-concursos","category-forcas-armadas-oficiais"],"acf":[],"yoast_head":"<!-- This site is optimized with the Yoast SEO Premium plugin v27.2 (Yoast SEO v27.2) - https:\/\/yoast.com\/product\/yoast-seo-premium-wordpress\/ -->\n<title>Pra\u00e7a Tempor\u00e1rio da Marinha: Inscri\u00e7\u00f5es Abertas!<\/title>\n<meta name=\"robots\" content=\"index, follow, max-snippet:-1, max-image-preview:large, max-video-preview:-1\" \/>\n<link rel=\"canonical\" href=\"https:\/\/www.estrategiaconcursos.com.br\/blog\/praca-temporario-da-marinha-inscricoes-abertas\/\" \/>\n<meta property=\"og:locale\" content=\"pt_BR\" \/>\n<meta property=\"og:type\" content=\"article\" \/>\n<meta property=\"og:title\" content=\"Pra\u00e7a Tempor\u00e1rio da Marinha: Inscri\u00e7\u00f5es Abertas!\" \/>\n<meta property=\"og:description\" content=\"Tudo sobre o Processo Seletivo e a Carreira: Uma boa oportunidade para N\u00edvel M\u00e9dio e Fundamental Ol\u00e1, concurseiros!! Semana passada, eu e o Professor Luiz Felipe falamos sobre o \u00faltimo Processo Seletivo (PS) para Oficial Tempor\u00e1rio da Marinha do Brasil. Conforme combinado, dando continuidade ao nosso trabalho, hoje falaremos sobre o Processo Seletivo para Pra\u00e7as [&hellip;]\" \/>\n<meta property=\"og:url\" content=\"https:\/\/www.estrategiaconcursos.com.br\/blog\/praca-temporario-da-marinha-inscricoes-abertas\/\" \/>\n<meta property=\"og:site_name\" content=\"Estrat\u00e9gia Concursos\" \/>\n<meta property=\"article:published_time\" content=\"2018-02-02T23:06:15+00:00\" \/>\n<meta property=\"article:modified_time\" content=\"2023-05-16T13:14:26+00:00\" \/>\n<meta property=\"og:image\" content=\"https:\/\/www.estrategiaconcursos.com.br\/blog\/wp-content\/uploads\/2018\/02\/1.png\" \/>\n<meta name=\"author\" content=\"Alan Hirt\" \/>\n<meta name=\"twitter:card\" content=\"summary_large_image\" \/>\n<meta name=\"twitter:creator\" content=\"@EstratConcursos\" \/>\n<meta name=\"twitter:site\" content=\"@EstratConcursos\" \/>\n<meta name=\"twitter:label1\" content=\"Escrito por\" \/>\n\t<meta name=\"twitter:data1\" content=\"Alan Hirt\" \/>\n\t<meta name=\"twitter:label2\" content=\"Est. tempo de leitura\" \/>\n\t<meta name=\"twitter:data2\" content=\"9 minutos\" \/>\n<script type=\"application\/ld+json\" class=\"yoast-schema-graph\">{\"@context\":\"https:\/\/schema.org\",\"@graph\":[{\"@type\":\"NewsArticle\",\"@id\":\"https:\/\/www.estrategiaconcursos.com.br\/blog\/praca-temporario-da-marinha-inscricoes-abertas\/#article\",\"isPartOf\":{\"@id\":\"https:\/\/www.estrategiaconcursos.com.br\/blog\/praca-temporario-da-marinha-inscricoes-abertas\/\"},\"author\":{\"name\":\"Alan Hirt\",\"@id\":\"https:\/\/www.estrategiaconcursos.com.br\/blog\/#\/schema\/person\/191c317d723d2f539e664fa956d0c9ea\"},\"headline\":\"Pra\u00e7a Tempor\u00e1rio da Marinha: Inscri\u00e7\u00f5es Abertas!\",\"datePublished\":\"2018-02-02T23:06:15+00:00\",\"dateModified\":\"2023-05-16T13:14:26+00:00\",\"mainEntityOfPage\":{\"@id\":\"https:\/\/www.estrategiaconcursos.com.br\/blog\/praca-temporario-da-marinha-inscricoes-abertas\/\"},\"wordCount\":1842,\"commentCount\":6,\"publisher\":{\"@id\":\"https:\/\/www.estrategiaconcursos.com.br\/blog\/#organization\"},\"image\":{\"@id\":\"https:\/\/www.estrategiaconcursos.com.br\/blog\/praca-temporario-da-marinha-inscricoes-abertas\/#primaryimage\"},\"thumbnailUrl\":\"https:\/\/www.estrategiaconcursos.com.br\/blog\/wp-content\/uploads\/2018\/02\/1.png\",\"articleSection\":[\"Concursos P\u00fablicos\",\"For\u00e7as Armadas (Oficiais)\"],\"inLanguage\":\"pt-BR\",\"potentialAction\":[{\"@type\":\"CommentAction\",\"name\":\"Comment\",\"target\":[\"https:\/\/www.estrategiaconcursos.com.br\/blog\/praca-temporario-da-marinha-inscricoes-abertas\/#respond\"]}],\"copyrightYear\":\"2018\",\"copyrightHolder\":{\"@id\":\"https:\/\/www.estrategiaconcursos.com.br\/blog\/#organization\"}},{\"@type\":\"WebPage\",\"@id\":\"https:\/\/www.estrategiaconcursos.com.br\/blog\/praca-temporario-da-marinha-inscricoes-abertas\/\",\"url\":\"https:\/\/www.estrategiaconcursos.com.br\/blog\/praca-temporario-da-marinha-inscricoes-abertas\/\",\"name\":\"Pra\u00e7a Tempor\u00e1rio da Marinha: Inscri\u00e7\u00f5es Abertas!\",\"isPartOf\":{\"@id\":\"https:\/\/www.estrategiaconcursos.com.br\/blog\/#website\"},\"primaryImageOfPage\":{\"@id\":\"https:\/\/www.estrategiaconcursos.com.br\/blog\/praca-temporario-da-marinha-inscricoes-abertas\/#primaryimage\"},\"image\":{\"@id\":\"https:\/\/www.estrategiaconcursos.com.br\/blog\/praca-temporario-da-marinha-inscricoes-abertas\/#primaryimage\"},\"thumbnailUrl\":\"https:\/\/www.estrategiaconcursos.com.br\/blog\/wp-content\/uploads\/2018\/02\/1.png\",\"datePublished\":\"2018-02-02T23:06:15+00:00\",\"dateModified\":\"2023-05-16T13:14:26+00:00\",\"breadcrumb\":{\"@id\":\"https:\/\/www.estrategiaconcursos.com.br\/blog\/praca-temporario-da-marinha-inscricoes-abertas\/#breadcrumb\"},\"inLanguage\":\"pt-BR\",\"potentialAction\":[{\"@type\":\"ReadAction\",\"target\":[\"https:\/\/www.estrategiaconcursos.com.br\/blog\/praca-temporario-da-marinha-inscricoes-abertas\/\"]}]},{\"@type\":\"ImageObject\",\"inLanguage\":\"pt-BR\",\"@id\":\"https:\/\/www.estrategiaconcursos.com.br\/blog\/praca-temporario-da-marinha-inscricoes-abertas\/#primaryimage\",\"url\":\"https:\/\/dhg1h5j42swfq.cloudfront.net\/2018\/02\/02193711\/1.png\",\"contentUrl\":\"https:\/\/dhg1h5j42swfq.cloudfront.net\/2018\/02\/02193711\/1.png\",\"width\":728,\"height\":483},{\"@type\":\"BreadcrumbList\",\"@id\":\"https:\/\/www.estrategiaconcursos.com.br\/blog\/praca-temporario-da-marinha-inscricoes-abertas\/#breadcrumb\",\"itemListElement\":[{\"@type\":\"ListItem\",\"position\":1,\"name\":\"In\u00edcio\",\"item\":\"https:\/\/www.estrategiaconcursos.com.br\/blog\/\"},{\"@type\":\"ListItem\",\"position\":2,\"name\":\"Pra\u00e7a Tempor\u00e1rio da Marinha: Inscri\u00e7\u00f5es Abertas!\"}]},{\"@type\":\"WebSite\",\"@id\":\"https:\/\/www.estrategiaconcursos.com.br\/blog\/#website\",\"url\":\"https:\/\/www.estrategiaconcursos.com.br\/blog\/\",\"name\":\"Estrat\u00e9gia Concursos\",\"description\":\"O blog da Estrat\u00e9gia Concursos traz not\u00edcias sobre concursos e artigos de professores oferecendo cursos para concursos (pdf + videaulas) no site.\",\"publisher\":{\"@id\":\"https:\/\/www.estrategiaconcursos.com.br\/blog\/#organization\"},\"potentialAction\":[{\"@type\":\"SearchAction\",\"target\":{\"@type\":\"EntryPoint\",\"urlTemplate\":\"https:\/\/www.estrategiaconcursos.com.br\/blog\/?s={search_term_string}\"},\"query-input\":{\"@type\":\"PropertyValueSpecification\",\"valueRequired\":true,\"valueName\":\"search_term_string\"}}],\"inLanguage\":\"pt-BR\"},{\"@type\":\"Organization\",\"@id\":\"https:\/\/www.estrategiaconcursos.com.br\/blog\/#organization\",\"name\":\"Estrat\u00e9gia Concursos\",\"url\":\"https:\/\/www.estrategiaconcursos.com.br\/blog\/\",\"logo\":{\"@type\":\"ImageObject\",\"inLanguage\":\"pt-BR\",\"@id\":\"https:\/\/www.estrategiaconcursos.com.br\/blog\/#\/schema\/logo\/image\/\",\"url\":\"https:\/\/dhg1h5j42swfq.cloudfront.net\/2025\/06\/03203428\/logo_concursos-1.jpg\",\"contentUrl\":\"https:\/\/dhg1h5j42swfq.cloudfront.net\/2025\/06\/03203428\/logo_concursos-1.jpg\",\"width\":230,\"height\":60,\"caption\":\"Estrat\u00e9gia Concursos\"},\"image\":{\"@id\":\"https:\/\/www.estrategiaconcursos.com.br\/blog\/#\/schema\/logo\/image\/\"},\"sameAs\":[\"https:\/\/x.com\/EstratConcursos\"]},{\"@type\":\"Person\",\"@id\":\"https:\/\/www.estrategiaconcursos.com.br\/blog\/#\/schema\/person\/191c317d723d2f539e664fa956d0c9ea\",\"name\":\"Alan Hirt\",\"image\":{\"@type\":\"ImageObject\",\"inLanguage\":\"pt-BR\",\"@id\":\"https:\/\/secure.gravatar.com\/avatar\/9dd2f791670f73f208210a596b9bc6b80cf968015dd365b3ebd51f7113d1a1a1?s=96&d=mm&r=g\",\"url\":\"https:\/\/secure.gravatar.com\/avatar\/9dd2f791670f73f208210a596b9bc6b80cf968015dd365b3ebd51f7113d1a1a1?s=96&d=mm&r=g\",\"contentUrl\":\"https:\/\/secure.gravatar.com\/avatar\/9dd2f791670f73f208210a596b9bc6b80cf968015dd365b3ebd51f7113d1a1a1?s=96&d=mm&r=g\",\"caption\":\"Alan Hirt\"},\"url\":\"https:\/\/www.estrategiaconcursos.com.br\/blog\/author\/alanhirthotmail-com\/\"}]}<\/script>\n<!-- \/ Yoast SEO Premium plugin. -->","yoast_head_json":{"title":"Pra\u00e7a Tempor\u00e1rio da Marinha: Inscri\u00e7\u00f5es Abertas!","robots":{"index":"index","follow":"follow","max-snippet":"max-snippet:-1","max-image-preview":"max-image-preview:large","max-video-preview":"max-video-preview:-1"},"canonical":"https:\/\/www.estrategiaconcursos.com.br\/blog\/praca-temporario-da-marinha-inscricoes-abertas\/","og_locale":"pt_BR","og_type":"article","og_title":"Pra\u00e7a Tempor\u00e1rio da Marinha: Inscri\u00e7\u00f5es Abertas!","og_description":"Tudo sobre o Processo Seletivo e a Carreira: Uma boa oportunidade para N\u00edvel M\u00e9dio e Fundamental Ol\u00e1, concurseiros!! Semana passada, eu e o Professor Luiz Felipe falamos sobre o \u00faltimo Processo Seletivo (PS) para Oficial Tempor\u00e1rio da Marinha do Brasil. Conforme combinado, dando continuidade ao nosso trabalho, hoje falaremos sobre o Processo Seletivo para Pra\u00e7as [&hellip;]","og_url":"https:\/\/www.estrategiaconcursos.com.br\/blog\/praca-temporario-da-marinha-inscricoes-abertas\/","og_site_name":"Estrat\u00e9gia Concursos","article_published_time":"2018-02-02T23:06:15+00:00","article_modified_time":"2023-05-16T13:14:26+00:00","og_image":[{"url":"https:\/\/www.estrategiaconcursos.com.br\/blog\/wp-content\/uploads\/2018\/02\/1.png","type":"","width":"","height":""}],"author":"Alan Hirt","twitter_card":"summary_large_image","twitter_creator":"@EstratConcursos","twitter_site":"@EstratConcursos","twitter_misc":{"Escrito por":"Alan Hirt","Est. tempo de leitura":"9 minutos"},"schema":{"@context":"https:\/\/schema.org","@graph":[{"@type":"NewsArticle","@id":"https:\/\/www.estrategiaconcursos.com.br\/blog\/praca-temporario-da-marinha-inscricoes-abertas\/#article","isPartOf":{"@id":"https:\/\/www.estrategiaconcursos.com.br\/blog\/praca-temporario-da-marinha-inscricoes-abertas\/"},"author":{"name":"Alan Hirt","@id":"https:\/\/www.estrategiaconcursos.com.br\/blog\/#\/schema\/person\/191c317d723d2f539e664fa956d0c9ea"},"headline":"Pra\u00e7a Tempor\u00e1rio da Marinha: Inscri\u00e7\u00f5es Abertas!","datePublished":"2018-02-02T23:06:15+00:00","dateModified":"2023-05-16T13:14:26+00:00","mainEntityOfPage":{"@id":"https:\/\/www.estrategiaconcursos.com.br\/blog\/praca-temporario-da-marinha-inscricoes-abertas\/"},"wordCount":1842,"commentCount":6,"publisher":{"@id":"https:\/\/www.estrategiaconcursos.com.br\/blog\/#organization"},"image":{"@id":"https:\/\/www.estrategiaconcursos.com.br\/blog\/praca-temporario-da-marinha-inscricoes-abertas\/#primaryimage"},"thumbnailUrl":"https:\/\/www.estrategiaconcursos.com.br\/blog\/wp-content\/uploads\/2018\/02\/1.png","articleSection":["Concursos P\u00fablicos","For\u00e7as Armadas (Oficiais)"],"inLanguage":"pt-BR","potentialAction":[{"@type":"CommentAction","name":"Comment","target":["https:\/\/www.estrategiaconcursos.com.br\/blog\/praca-temporario-da-marinha-inscricoes-abertas\/#respond"]}],"copyrightYear":"2018","copyrightHolder":{"@id":"https:\/\/www.estrategiaconcursos.com.br\/blog\/#organization"}},{"@type":"WebPage","@id":"https:\/\/www.estrategiaconcursos.com.br\/blog\/praca-temporario-da-marinha-inscricoes-abertas\/","url":"https:\/\/www.estrategiaconcursos.com.br\/blog\/praca-temporario-da-marinha-inscricoes-abertas\/","name":"Pra\u00e7a Tempor\u00e1rio da Marinha: Inscri\u00e7\u00f5es Abertas!","isPartOf":{"@id":"https:\/\/www.estrategiaconcursos.com.br\/blog\/#website"},"primaryImageOfPage":{"@id":"https:\/\/www.estrategiaconcursos.com.br\/blog\/praca-temporario-da-marinha-inscricoes-abertas\/#primaryimage"},"image":{"@id":"https:\/\/www.estrategiaconcursos.com.br\/blog\/praca-temporario-da-marinha-inscricoes-abertas\/#primaryimage"},"thumbnailUrl":"https:\/\/www.estrategiaconcursos.com.br\/blog\/wp-content\/uploads\/2018\/02\/1.png","datePublished":"2018-02-02T23:06:15+00:00","dateModified":"2023-05-16T13:14:26+00:00","breadcrumb":{"@id":"https:\/\/www.estrategiaconcursos.com.br\/blog\/praca-temporario-da-marinha-inscricoes-abertas\/#breadcrumb"},"inLanguage":"pt-BR","potentialAction":[{"@type":"ReadAction","target":["https:\/\/www.estrategiaconcursos.com.br\/blog\/praca-temporario-da-marinha-inscricoes-abertas\/"]}]},{"@type":"ImageObject","inLanguage":"pt-BR","@id":"https:\/\/www.estrategiaconcursos.com.br\/blog\/praca-temporario-da-marinha-inscricoes-abertas\/#primaryimage","url":"https:\/\/dhg1h5j42swfq.cloudfront.net\/2018\/02\/02193711\/1.png","contentUrl":"https:\/\/dhg1h5j42swfq.cloudfront.net\/2018\/02\/02193711\/1.png","width":728,"height":483},{"@type":"BreadcrumbList","@id":"https:\/\/www.estrategiaconcursos.com.br\/blog\/praca-temporario-da-marinha-inscricoes-abertas\/#breadcrumb","itemListElement":[{"@type":"ListItem","position":1,"name":"In\u00edcio","item":"https:\/\/www.estrategiaconcursos.com.br\/blog\/"},{"@type":"ListItem","position":2,"name":"Pra\u00e7a Tempor\u00e1rio da Marinha: Inscri\u00e7\u00f5es Abertas!"}]},{"@type":"WebSite","@id":"https:\/\/www.estrategiaconcursos.com.br\/blog\/#website","url":"https:\/\/www.estrategiaconcursos.com.br\/blog\/","name":"Estrat\u00e9gia Concursos","description":"O blog da Estrat\u00e9gia Concursos traz not\u00edcias sobre concursos e artigos de professores oferecendo cursos para concursos (pdf + videaulas) no site.","publisher":{"@id":"https:\/\/www.estrategiaconcursos.com.br\/blog\/#organization"},"potentialAction":[{"@type":"SearchAction","target":{"@type":"EntryPoint","urlTemplate":"https:\/\/www.estrategiaconcursos.com.br\/blog\/?s={search_term_string}"},"query-input":{"@type":"PropertyValueSpecification","valueRequired":true,"valueName":"search_term_string"}}],"inLanguage":"pt-BR"},{"@type":"Organization","@id":"https:\/\/www.estrategiaconcursos.com.br\/blog\/#organization","name":"Estrat\u00e9gia Concursos","url":"https:\/\/www.estrategiaconcursos.com.br\/blog\/","logo":{"@type":"ImageObject","inLanguage":"pt-BR","@id":"https:\/\/www.estrategiaconcursos.com.br\/blog\/#\/schema\/logo\/image\/","url":"https:\/\/dhg1h5j42swfq.cloudfront.net\/2025\/06\/03203428\/logo_concursos-1.jpg","contentUrl":"https:\/\/dhg1h5j42swfq.cloudfront.net\/2025\/06\/03203428\/logo_concursos-1.jpg","width":230,"height":60,"caption":"Estrat\u00e9gia Concursos"},"image":{"@id":"https:\/\/www.estrategiaconcursos.com.br\/blog\/#\/schema\/logo\/image\/"},"sameAs":["https:\/\/x.com\/EstratConcursos"]},{"@type":"Person","@id":"https:\/\/www.estrategiaconcursos.com.br\/blog\/#\/schema\/person\/191c317d723d2f539e664fa956d0c9ea","name":"Alan Hirt","image":{"@type":"ImageObject","inLanguage":"pt-BR","@id":"https:\/\/secure.gravatar.com\/avatar\/9dd2f791670f73f208210a596b9bc6b80cf968015dd365b3ebd51f7113d1a1a1?s=96&d=mm&r=g","url":"https:\/\/secure.gravatar.com\/avatar\/9dd2f791670f73f208210a596b9bc6b80cf968015dd365b3ebd51f7113d1a1a1?s=96&d=mm&r=g","contentUrl":"https:\/\/secure.gravatar.com\/avatar\/9dd2f791670f73f208210a596b9bc6b80cf968015dd365b3ebd51f7113d1a1a1?s=96&d=mm&r=g","caption":"Alan Hirt"},"url":"https:\/\/www.estrategiaconcursos.com.br\/blog\/author\/alanhirthotmail-com\/"}]}},"_links":{"self":[{"href":"https:\/\/www.estrategiaconcursos.com.br\/blog\/wp-json\/wp\/v2\/posts\/104986","targetHints":{"allow":["GET"]}}],"collection":[{"href":"https:\/\/www.estrategiaconcursos.com.br\/blog\/wp-json\/wp\/v2\/posts"}],"about":[{"href":"https:\/\/www.estrategiaconcursos.com.br\/blog\/wp-json\/wp\/v2\/types\/post"}],"author":[{"embeddable":true,"href":"https:\/\/www.estrategiaconcursos.com.br\/blog\/wp-json\/wp\/v2\/users\/577"}],"replies":[{"embeddable":true,"href":"https:\/\/www.estrategiaconcursos.com.br\/blog\/wp-json\/wp\/v2\/comments?post=104986"}],"version-history":[{"count":5,"href":"https:\/\/www.estrategiaconcursos.com.br\/blog\/wp-json\/wp\/v2\/posts\/104986\/revisions"}],"predecessor-version":[{"id":1216579,"href":"https:\/\/www.estrategiaconcursos.com.br\/blog\/wp-json\/wp\/v2\/posts\/104986\/revisions\/1216579"}],"wp:attachment":[{"href":"https:\/\/www.estrategiaconcursos.com.br\/blog\/wp-json\/wp\/v2\/media?parent=104986"}],"wp:term":[{"taxonomy":"category","embeddable":true,"href":"https:\/\/www.estrategiaconcursos.com.br\/blog\/wp-json\/wp\/v2\/categories?post=104986"},{"taxonomy":"post_tag","embeddable":true,"href":"https:\/\/www.estrategiaconcursos.com.br\/blog\/wp-json\/wp\/v2\/tags?post=104986"},{"taxonomy":"tax_estado","embeddable":true,"href":"https:\/\/www.estrategiaconcursos.com.br\/blog\/wp-json\/wp\/v2\/tax_estado?post=104986"}],"curies":[{"name":"wp","href":"https:\/\/api.w.org\/{rel}","templated":true}]}}