{"id":1049705,"date":"2022-06-24T18:00:00","date_gmt":"2022-06-24T21:00:00","guid":{"rendered":"https:\/\/www.estrategiaconcursos.com.br\/blog\/?p=1049705"},"modified":"2022-07-01T15:09:16","modified_gmt":"2022-07-01T18:09:16","slug":"concurso-publico-editais-da-semana-20-a-24-06","status":"publish","type":"post","link":"https:\/\/www.estrategiaconcursos.com.br\/blog\/concurso-publico-editais-da-semana-20-a-24-06\/","title":{"rendered":"Concurso P\u00fablico: 16 editais esta semana; Mais de 5 mil vagas"},"content":{"rendered":"\n<p>A semana vai chegando ao fim com a publica\u00e7\u00e3o de <strong>16 editais <\/strong>de concurso p\u00fablico ao longo dos \u00faltimos dias.<\/p>\n\n\n\n<p>Juntos, ofertam <strong>5.393 vagas<\/strong> imediatas e em cadastro reserva para cargos em diversas escolaridades e \u00e1reas de forma\u00e7\u00e3o.<\/p>\n\n\n\n<p>Nesta sexta-feira, por exemplo, saiu o t\u00e3o aguardado edital do <strong>Tribunal de Justi\u00e7a de Minas Gerais<\/strong> (TJMG).<\/p>\n\n\n\n<p>Sob organiza\u00e7\u00e3o da banca IBFC, s\u00e3o ofertadas <strong>284 vagas<\/strong> para os cargos de <a href=\"https:\/\/www.estrategiaconcursos.com.br\/curso\/tj-mg-oficial-judiciario-oficial-de-justica-pacote-2022-pos-edital\/\" target=\"_blank\" rel=\"noreferrer noopener\">Oficial Judici\u00e1rio<\/a> e <a href=\"https:\/\/www.estrategiaconcursos.com.br\/curso\/tj-mg-analista-judiciario-analista-judiciario-pacote-2022-pos-edital\/\" target=\"_blank\" rel=\"noreferrer noopener\">Analista Judici\u00e1rio<\/a>.<\/p>\n\n\n\n<p>Quer ficar informado sobre TODOS os <a href=\"https:\/\/www.estrategiaconcursos.com.br\/blog\/concursos-abertos\/\" target=\"_blank\" rel=\"noreferrer noopener\">novos editais de concursos<\/a> publicados nos \u00faltimos dias? <em><strong>Confira mais informa\u00e7\u00f5es ao longo deste artigo!<\/strong><\/em>  <\/p>\n\n\n\n<div class=\"container\" id=\"boxes\">\n  <div class=\"row\">\n\n    <div class=\"col-sm\">\n      <div class=\"banner-estrategia\" id=\"box-assinatura\">\n        <h3 class=\"titulo-assinatura\">Cursos para concursos<\/h3>\n        <p class=\"subtitulo-assinatura\">Estude conosco<\/p>\n        <div class=\"box-botao\">\n          <a class=\"btn-assinatura\" target=\"_blank\" href=\"https:\/\/www.estrategiaconcursos.com.br\/cursos\/\" role=\"button\" rel=\"noopener noreferrer\">Conhe\u00e7a os cursos<\/a>\n        <\/div>\n      <\/div>\n     \n    <\/div>\n\n  <\/div>\n<\/div>\n\n\n\n<h2 class=\"has-text-align-center has-cyan-bluish-gray-background-color has-background wp-block-heading\" id=\"h-confira-os-editais-de-concursos-publicados-nesta-semana\">Confira os editais de concursos publicados nesta semana:<\/h2>\n\n\n\n<h3 class=\"wp-block-heading\" id=\"h-concurso-tj-mg\"><a href=\"https:\/\/www.estrategiaconcursos.com.br\/blog\/concurso-tjmg\/\" target=\"_blank\" rel=\"noreferrer noopener\">Concurso TJ MG<\/a><\/h3>\n\n\n\n<ul class=\"wp-block-list\"><li><strong>Banca:<\/strong>&nbsp;<a href=\"https:\/\/www.ibfc.org.br\/menus\/home\" target=\"_blank\" rel=\"noreferrer noopener\">IBFC<\/a><\/li><li><strong>Per\u00edodo de inscri\u00e7\u00f5es<\/strong>: 30\/08 a 29\/09\/2022<\/li><li><strong>Data da prova<\/strong>: 04\/12\/2022<\/li><li><strong>Vagas:<\/strong>&nbsp;284<\/li><li><strong>Cargos:<\/strong>&nbsp;Oficial Judici\u00e1rio e Analista Judici\u00e1rio<\/li><li><strong>Remunera\u00e7\u00e3o<\/strong>: R$ 3.264,9 a R$ 5.113,09<\/li><li><strong>Edital:<\/strong>&nbsp;<a href=\"https:\/\/dhg1h5j42swfq.cloudfront.net\/2022\/06\/23214222\/edital-tj-mg.pdf\" target=\"_blank\" rel=\"noreferrer noopener nofollow\">Edital TJMG<\/a><\/li><li><a href=\"https:\/\/www.estrategiaconcursos.com.br\/cursosPorConcurso\/tj-mg-oficial-de-apoio-judicial-e-judiciario\/\" target=\"_blank\" rel=\"noreferrer noopener\">Cursos para TJMG<\/a><\/li><\/ul>\n\n\n\n<h3 class=\"wp-block-heading\" id=\"h-concurso-pm-sp\"><a href=\"https:\/\/www.estrategiaconcursos.com.br\/blog\/concurso-pm-sp\/\" target=\"_blank\" rel=\"noreferrer noopener\">Concurso PM SP<\/a><\/h3>\n\n\n\n<ul class=\"wp-block-list\"><li><strong>Banca:<\/strong>&nbsp;<a href=\"https:\/\/conhecimento.fgv.br\/concursos\/pmesp22\" target=\"_blank\" rel=\"noreferrer noopener\">FGV<\/a><\/li><li><strong>Per\u00edodo de inscri\u00e7\u00f5es<\/strong>: at\u00e9 20\/07\/2022<\/li><li><strong>Data da prova<\/strong>: 04\/09\/2022<\/li><li><strong>Vagas:<\/strong>&nbsp;2.700<\/li><li><strong>Cargo:<\/strong>&nbsp;Soldado 2\u00aa classe<\/li><li><strong>Remunera\u00e7\u00e3o<\/strong>: R$ 3.360,33<\/li><li><strong>Edital:<\/strong>&nbsp;<a href=\"https:\/\/dhg1h5j42swfq.cloudfront.net\/2022\/06\/22084006\/diariooficial_250.pdf\" target=\"_blank\" rel=\"noreferrer noopener nofollow\">Soldado PM SP-2022<\/a><\/li><li><a href=\"https:\/\/www.estrategiaconcursos.com.br\/cursosPorConcurso\/policia-militar-de-sao-paulo-pm-sp\/\" target=\"_blank\" rel=\"noreferrer noopener\">Cursos para PM SP<\/a><\/li><\/ul>\n\n\n\n<h3 class=\"wp-block-heading\" id=\"h-concurso-al-rn\"><a href=\"https:\/\/www.estrategiaconcursos.com.br\/blog\/concurso-al-rn\/\" target=\"_blank\" rel=\"noreferrer noopener\">Concurso AL RN<\/a><\/h3>\n\n\n\n<ul class=\"wp-block-list\"><li><strong>Banca:<\/strong>&nbsp;<a href=\"https:\/\/www.institutoaocp.org.br\/concurso.jsp?id=421\" target=\"_blank\" rel=\"noreferrer noopener\">Instituto AOCP<\/a><\/li><li><strong>Per\u00edodo de inscri\u00e7\u00f5es<\/strong>: at\u00e9 25\/07\/2022<\/li><li><strong>Data da prova<\/strong>: 25\/09\/2022<\/li><li><strong>Vagas:<\/strong>&nbsp;47<\/li><li><strong>Cargos:<\/strong>&nbsp;T\u00e9cnico e Analista Legislativo<\/li><li><strong>Remunera\u00e7\u00e3o<\/strong>: R$ 5.868,16 a R$ 9.738,64<\/li><li><strong>Edital:<\/strong>&nbsp;<a href=\"https:\/\/dhg1h5j42swfq.cloudfront.net\/2022\/06\/22045906\/edital_alrn_2022-16-47.pdf\" target=\"_blank\" rel=\"noreferrer noopener nofollow\">Edital AL RN 2022<\/a><\/li><li><a href=\"https:\/\/www.estrategiaconcursos.com.br\/cursosPorConcurso\/assembleia-legislativa-do-rio-grande-do-norte-alrn\/\" target=\"_blank\" rel=\"noreferrer noopener\">Cursos para AL RN<\/a><\/li><\/ul>\n\n\n\n<h3 class=\"wp-block-heading\" id=\"h-concurso-pge-mg-procurador\"><a href=\"https:\/\/cj.estrategia.com\/portal\/concurso-pge-mg-procurador\/\" target=\"_blank\" rel=\"noreferrer noopener\">Concurso PGE MG Procurador<\/a><\/h3>\n\n\n\n<ul class=\"wp-block-list\"><li><strong>Banca:<\/strong>&nbsp;<a href=\"https:\/\/conhecimento.fgv.br\/concursos\/agemg22\" target=\"_blank\" rel=\"noreferrer noopener\">FGV<\/a><\/li><li><strong>Per\u00edodo de inscri\u00e7\u00f5es<\/strong>: at\u00e9 29\/09\/2022<\/li><li><strong>Data da prova<\/strong>: 04\/12\/2022<\/li><li><strong>Vagas:<\/strong>&nbsp;42<\/li><li><strong>Cargo:<\/strong>&nbsp;Procurador do Estado<\/li><li><strong>Remunera\u00e7\u00e3o<\/strong>: R$ 14.321,96<\/li><li><strong>Edital:<\/strong>&nbsp;<a href=\"https:\/\/cj.estrategia.com\/portal\/wp-content\/uploads\/2022\/06\/23061812\/diarioOficial-83-1.pdf\" target=\"_blank\" rel=\"noreferrer noopener nofollow\">Edital PGE MG Procurador 2022<\/a><\/li><li><a href=\"https:\/\/www.estrategiaconcursos.com.br\/cursosPorConcurso\/pge-mg-procurador-do-estado-de-minas-gerais\/\" target=\"_blank\" rel=\"noreferrer noopener\">Cursos para AGE\/PGE MG<\/a><\/li><\/ul>\n\n\n\n<h3 class=\"wp-block-heading\" id=\"h-concurso-banrisul\"><a href=\"https:\/\/www.estrategiaconcursos.com.br\/blog\/concurso-banrisul\/\" target=\"_blank\" rel=\"noreferrer noopener\">Concurso Banrisul<\/a><\/h3>\n\n\n\n<ul class=\"wp-block-list\"><li><strong>Banca:<\/strong>&nbsp;<a href=\"https:\/\/www.cebraspe.org.br\/concursos\/BANRISUL_22\" target=\"_blank\" rel=\"noreferrer noopener\">Cebraspe<\/a><\/li><li><strong>Per\u00edodo de inscri\u00e7\u00f5es<\/strong>: 1\u00ba a 18\/07\/2022<\/li><li><strong>Data da prova<\/strong>: 04\/09\/2022<\/li><li><strong>Vagas:<\/strong>&nbsp;274<\/li><li><strong>Cargo:<\/strong>&nbsp;T\u00e9cnico em Tecnologia da Informa\u00e7\u00e3o<\/li><li><strong>Remunera\u00e7\u00e3o<\/strong>: R$ 4.240,94 + benef\u00edcios<\/li><li><strong>Edital:<\/strong>&nbsp;<a href=\"https:\/\/dhg1h5j42swfq.cloudfront.net\/2022\/06\/24082048\/edital_banrisul-149-177.pdf\" target=\"_blank\" rel=\"noreferrer noopener nofollow\">Edital Banrisul 2022<\/a><\/li><li><a href=\"https:\/\/www.estrategiaconcursos.com.br\/cursosPorConcurso\/banco-do-rio-grande-do-sul-banrisul\/\" target=\"_blank\" rel=\"noreferrer noopener\">Cursos para Banrisul<\/a><\/li><\/ul>\n\n\n\n<h3 class=\"wp-block-heading\" id=\"h-concurso-undf\"><a href=\"https:\/\/www.estrategiaconcursos.com.br\/blog\/concurso-undf\/\" target=\"_blank\" rel=\"noreferrer noopener\">Concurso UnDF<\/a><\/h3>\n\n\n\n<ul class=\"wp-block-list\"><li><strong>Banca:<\/strong>&nbsp;<a href=\"https:\/\/www.iades.com.br\/inscricao\/ProcessoSeletivo.aspx?id=68df59df\" target=\"_blank\" rel=\"noreferrer noopener\">IADES<\/a><\/li><li><strong>Per\u00edodo de inscri\u00e7\u00f5es<\/strong>: 25\/06 a 21\/08\/2022<\/li><li><strong>Data da prova<\/strong>: 25\/09\/2022<\/li><li><strong>Vagas:<\/strong>&nbsp;350 + 1.050 CR<\/li><li><strong>Cargos:<\/strong>&nbsp;Professor e Tutor de Educa\u00e7\u00e3o Superior<\/li><li><strong>Remunera\u00e7\u00e3o<\/strong>: R$ 2.200,00 a R$ 5.200,00<\/li><li><strong>Edital:<\/strong>&nbsp;<a href=\"https:\/\/dhg1h5j42swfq.cloudfront.net\/2022\/06\/22062217\/diariooficial-80-51-86.pdf\" target=\"_blank\" rel=\"noreferrer noopener nofollow\">Edital UnDF<\/a><\/li><li><a href=\"https:\/\/www.estrategiaconcursos.com.br\/cursosPorConcurso\/universidade-do-distrito-federal-jorge-amaury-undf\/\" target=\"_blank\" rel=\"noreferrer noopener\">Cursos para UnDF<\/a><\/li><\/ul>\n\n\n\n<h3 class=\"wp-block-heading\" id=\"h-concurso-cefet-mg\"><a href=\"https:\/\/www.estrategiaconcursos.com.br\/blog\/concurso-cefet-mg\/\" target=\"_blank\" rel=\"noreferrer noopener\">Concurso CEFET MG<\/a><\/h3>\n\n\n\n<ul class=\"wp-block-list\"><li><strong>Banca:<\/strong>&nbsp;<a href=\"https:\/\/www.concursopublico.cefetmg.br\/\" target=\"_blank\" rel=\"noreferrer noopener\">organiza\u00e7\u00e3o pr\u00f3pria<\/a><\/li><li><strong>Per\u00edodo de inscri\u00e7\u00f5es<\/strong>: 28\/06 a 24\/07\/2022<\/li><li><strong>Data da prova<\/strong>: 21\/08\/2022<\/li><li><strong>Vagas:<\/strong>&nbsp;29 + CR<\/li><li><strong>Cargos:<\/strong>&nbsp;V\u00e1rios<\/li><li><strong>Remunera\u00e7\u00e3o<\/strong>: R$ 1.945,06 a R$ 4.180,66<\/li><li><strong>Editais:<\/strong>&nbsp;<a href=\"https:\/\/dhg1h5j42swfq.cloudfront.net\/2022\/06\/24083204\/cefet-mg-edital-publicado-1.pdf\" target=\"_blank\" rel=\"noreferrer noopener nofollow\">N\u00edvel m\u00e9dio<\/a> | <a href=\"https:\/\/dhg1h5j42swfq.cloudfront.net\/2022\/06\/24083324\/cefet-mg-edital-publicado-2.pdf\" target=\"_blank\" rel=\"noreferrer noopener nofollow\">N\u00edvel t\u00e9cnico e superior<\/a><\/li><\/ul>\n\n\n\n<h3 class=\"wp-block-heading\" id=\"h-concurso-ifpi\"><a href=\"https:\/\/www.estrategiaconcursos.com.br\/blog\/concurso-ifpi\/\" target=\"_blank\" rel=\"noreferrer noopener\">Concurso IFPI<\/a><\/h3>\n\n\n\n<ul class=\"wp-block-list\"><li><strong>Banca:<\/strong>&nbsp;organiza\u00e7\u00e3o pr\u00f3pria<\/li><li><strong>Per\u00edodo de inscri\u00e7\u00f5es<\/strong>: 09 a 25\/07\/2022<\/li><li><strong>Data da prova<\/strong>: 18 e 25\/09\/2022<\/li><li><strong>Vagas:<\/strong>&nbsp;129&nbsp;<\/li><li><strong>Cargos:<\/strong>&nbsp;V\u00e1rios<\/li><li><strong>Remunera\u00e7\u00e3o<\/strong>: R$ 4.638,66&nbsp;a&nbsp;R$ 9.616,18<\/li><li><strong>Editais:<\/strong>&nbsp;<a href=\"https:\/\/www.in.gov.br\/web\/dou\/-\/edital-n-73\/2022-gab\/rei\/ifpi-de-23-de-junho-de-202-410355464\" target=\"_blank\" rel=\"noreferrer noopener\">Edital IFPI \u2013 professor<\/a> | <a href=\"https:\/\/www.in.gov.br\/en\/web\/dou\/-\/edital-n-74\/2022-gab\/rei\/ifpi-de-23-de-junho-de-2022.22-concurso-publico-para-provimento-de-cargos-tecnico-administrativos-em-educacao-410355546\" target=\"_blank\" rel=\"noreferrer noopener\">Edital IFPI \u2013 t\u00e9cnico administrativo em educa\u00e7\u00e3o<\/a><\/li><\/ul>\n\n\n\n<h3 class=\"wp-block-heading\" id=\"h-concurso-iprevi-vicosa-mg\"><a href=\"https:\/\/www.estrategiaconcursos.com.br\/blog\/concurso-iprevi-vicosa\/\" target=\"_blank\" rel=\"noreferrer noopener\">Concurso IPREVI Vi\u00e7osa<\/a> (MG)<\/h3>\n\n\n\n<ul class=\"wp-block-list\"><li><strong>Banca:<\/strong>&nbsp;<a href=\"https:\/\/abcp.selecao.net.br\/informacoes\/2675\/\" target=\"_blank\" rel=\"noreferrer noopener\">ABCP<\/a><\/li><li><strong>Per\u00edodo de inscri\u00e7\u00f5es<\/strong>: 22\/08 a 26\/09\/2022<\/li><li><strong>Data da prova<\/strong>: 16\/10\/2022<\/li><li><strong>Vagas:<\/strong>&nbsp;05 + CR<\/li><li><strong>Cargos:<\/strong>&nbsp;Auxiliar, Assistente e T\u00e9cnico<\/li><li><strong>Remunera\u00e7\u00e3o<\/strong>: R$ 1.212,00 a R$ 2.508,47<\/li><li><strong>Edital:<\/strong>&nbsp;<a href=\"https:\/\/dhg1h5j42swfq.cloudfront.net\/2022\/06\/23102626\/edital_concurso_iprevi_vicosa-mg_2022.pdf\" target=\"_blank\" rel=\"noreferrer noopener nofollow\">Edital IPREVI<\/a><\/li><\/ul>\n\n\n\n<h3 class=\"wp-block-heading\" id=\"h-concurso-prefeitura-de-embu-guacu-sp\"><a href=\"https:\/\/www.estrategiaconcursos.com.br\/blog\/concurso-embu-guacu\/\" target=\"_blank\" rel=\"noreferrer noopener\">Concurso Prefeitura de Embu-Gua\u00e7u<\/a>&nbsp;(SP)<\/h3>\n\n\n\n<ul class=\"wp-block-list\"><li><strong>Banca:<\/strong>&nbsp;<a href=\"https:\/\/www.nossorumo.org.br\/\" target=\"_blank\" rel=\"noreferrer noopener\">Instituto Nosso Rumo<\/a><\/li><li><strong>Per\u00edodo de inscri\u00e7\u00f5es<\/strong>: at\u00e9 20\/07\/2022<\/li><li><strong>Data da prova<\/strong>: 04 de setembro<\/li><li><strong>Vagas:<\/strong>&nbsp;218<\/li><li><strong>Cargos:<\/strong>&nbsp;diversos<\/li><li><strong>Remunera\u00e7\u00e3o<\/strong>: R$ 1.442,00 a R$ 5.600,00<\/li><li><strong>Edital:<\/strong>&nbsp;<a href=\"https:\/\/dhg1h5j42swfq.cloudfront.net\/2022\/06\/20161113\/edital-de-abertura-2.pdf\" target=\"_blank\" rel=\"noreferrer noopener nofollow\">Edital 01<\/a>&nbsp;|&nbsp;<a href=\"https:\/\/dhg1h5j42swfq.cloudfront.net\/2022\/06\/20161109\/edital-de-abertura-1-2.pdf\" target=\"_blank\" rel=\"noreferrer noopener nofollow\">Edital 02<\/a>&nbsp;|&nbsp;<a href=\"https:\/\/dhg1h5j42swfq.cloudfront.net\/2022\/06\/20161104\/edital-de-abertura-3-1.pdf\" target=\"_blank\" rel=\"noreferrer noopener nofollow\">Edital 03<\/a><\/li><li><a href=\"https:\/\/www.estrategiaconcursos.com.br\/cursos\/\" target=\"_blank\" rel=\"noreferrer noopener\">Cursos Embu-Gua\u00e7u<\/a><\/li><\/ul>\n\n\n\n<h3 class=\"wp-block-heading\" id=\"h-concurso-cisvali-pr\"><a href=\"https:\/\/www.estrategiaconcursos.com.br\/blog\/concurso-cisvali\/\" target=\"_blank\" rel=\"noreferrer noopener\">Concurso Cisvali<\/a>&nbsp;(PR)<\/h3>\n\n\n\n<ul class=\"wp-block-list\"><li><strong>Banca:<\/strong>&nbsp;<a href=\"https:\/\/portal.sctreinamentos.selecao.site\/edital\/ver\/496\" target=\"_blank\" rel=\"noreferrer noopener\">SC Treinamentos<\/a><\/li><li><strong>Per\u00edodo de inscri\u00e7\u00f5es<\/strong>: at\u00e9 08\/07\/2022<\/li><li><strong>Data da prova<\/strong>: 07 de agosto<\/li><li><strong>Vagas:<\/strong>&nbsp;12 + CR<\/li><li><strong>Cargos:<\/strong>&nbsp;V\u00e1rios<\/li><li><strong>Remunera\u00e7\u00e3o<\/strong>: R$ 1.447,35 a R$ 6.419,44<\/li><li><strong>Edital:<\/strong>&nbsp;<a href=\"https:\/\/dhg1h5j42swfq.cloudfront.net\/2022\/06\/20135317\/ab7c075d4eb3e2b40cdd90e81f9481cf.pdf\" target=\"_blank\" rel=\"noreferrer noopener nofollow\">Cisvali 2022<\/a><\/li><li><a href=\"https:\/\/www.estrategiaconcursos.com.br\/cursos\/\" target=\"_blank\" rel=\"noreferrer noopener\">Cursos Cisvali<\/a><\/li><\/ul>\n\n\n\n<h3 class=\"wp-block-heading\" id=\"h-concurso-futel-mg\"><a href=\"https:\/\/www.estrategiaconcursos.com.br\/blog\/concurso-futel\/\" target=\"_blank\" rel=\"noreferrer noopener\">Concurso FUTEL<\/a> (MG)<\/h3>\n\n\n\n<ul class=\"wp-block-list\"><li><strong>Banca:<\/strong>&nbsp;Fundep<\/li><li><strong>Per\u00edodo de inscri\u00e7\u00f5es<\/strong>: 29\/08 a 30\/09\/2022<\/li><li><strong>Data da prova<\/strong>: 06\/11\/2022<\/li><li><strong>Vagas:<\/strong>&nbsp;219<\/li><li><strong>Cargos:<\/strong>&nbsp;V\u00e1rios<\/li><li><strong>Remunera\u00e7\u00e3o<\/strong>: R$ 1.078,20 a R$ 3.479,82 <\/li><li><strong>Edital:<\/strong>&nbsp;<a href=\"https:\/\/dhg1h5j42swfq.cloudfront.net\/2022\/06\/24143959\/28180-edital-concurso-futel-21-06-22.pdf\" target=\"_blank\" rel=\"noreferrer noopener nofollow\">Edital FUTEL<\/a><\/li><\/ul>\n\n\n\n<p class=\"has-text-align-center has-background\" style=\"background-color:#ededed;font-size:clamp(14.642px, 0.915rem + ((1vw - 3.2px) * 0.721), 22px);px\"><strong>Veja tamb\u00e9m: <a href=\"https:\/\/www.estrategiaconcursos.com.br\/blog\/principais-noticias-do-dia\/\" target=\"_blank\" rel=\"noreferrer noopener\">Principais not\u00edcias do dia<\/a><\/strong><\/p>\n\n\n\n<div class=\"container\" id=\"boxes\">\n  <div class=\"row\">\n\n    <div class=\"col-sm\">\n      <div class=\"estrategia\" id=\"box-assinatura\">\n        <h3 class=\"titulo-assinatura\">Assinatura Concursos<\/h3>\n        <p class=\"subtitulo-assinatura\">Assinatura de 1 ano ou 2 anos<\/p>\n        <div class=\"box-botao\">\n          <a class=\"btn-assinatura\" target=\"_blank\" href=\"https:\/\/www.estrategiaconcursos.com.br\/assinaturas\/\" role=\"button\" rel=\"noopener noreferrer\">ASSINE AGORA<\/a>\n        <\/div>\n      <\/div><\/div><\/div><\/div>\n\n\n\n<h2 class=\"has-text-align-center wp-block-heading\" id=\"h-quer-saber-tudo-sobre-concursos-previstos-confira-nossos-artigos\">Quer saber tudo sobre concursos previstos?<br \/>Confira nossos artigos!<\/h2>\n\n\n\n<ul class=\"wp-block-list\" id=\"concurso-publico-editais-esta-semana-03-a-07-01\"><li><a href=\"https:\/\/www.estrategiaconcursos.com.br\/blog\/concursos-abertos\/\" target=\"_blank\" rel=\"noreferrer noopener\">Concursos abertos<\/a><\/li><li><a href=\"https:\/\/www.estrategiaconcursos.com.br\/blog\/concursos-2022\/\" target=\"_blank\" rel=\"noreferrer noopener\">Concursos 2022<\/a><\/li><\/ul>\n","protected":false},"excerpt":{"rendered":"<p>A semana vai chegando ao fim com a publica\u00e7\u00e3o de 16 editais de concurso p\u00fablico ao longo dos \u00faltimos dias. Juntos, ofertam 5.393 vagas imediatas e em cadastro reserva para cargos em diversas escolaridades e \u00e1reas de forma\u00e7\u00e3o. Nesta sexta-feira, por exemplo, saiu o t\u00e3o aguardado edital do Tribunal de Justi\u00e7a de Minas Gerais (TJMG). [&hellip;]<\/p>\n","protected":false},"author":659,"featured_media":746120,"comment_status":"open","ping_status":"closed","sticky":false,"template":"","format":"standard","meta":{"post_tipo":"news","footnotes":""},"categories":[1,220219],"tags":[],"tax_estado":[219963],"class_list":["post-1049705","post","type-post","status-publish","format-standard","has-post-thumbnail","hentry","category-cursos-e-concursos","category-noticias","tax_estado-concursos-federais"],"acf":[],"yoast_head":"<!-- This site is optimized with the Yoast SEO Premium plugin v27.2 (Yoast SEO v27.2) - https:\/\/yoast.com\/product\/yoast-seo-premium-wordpress\/ -->\n<title>Concurso P\u00fablico: 16 editais esta semana; Mais de 5 mil vagas<\/title>\n<meta name=\"description\" content=\"Concurso P\u00fablico 2022: 16 editais sa\u00edram ao longo desta semana (20 a 24\/06). Confira n\u00famero de vagas, remunera\u00e7\u00e3o e principais datas.\" \/>\n<meta name=\"robots\" content=\"index, follow, max-snippet:-1, max-image-preview:large, max-video-preview:-1\" \/>\n<link rel=\"canonical\" href=\"https:\/\/www.estrategiaconcursos.com.br\/blog\/concurso-publico-editais-da-semana-20-a-24-06\/\" \/>\n<meta property=\"og:locale\" content=\"pt_BR\" \/>\n<meta property=\"og:type\" content=\"article\" \/>\n<meta property=\"og:title\" content=\"Concurso P\u00fablico: 16 editais esta semana; Mais de 5 mil vagas\" \/>\n<meta property=\"og:description\" content=\"Concurso P\u00fablico 2022: 16 editais sa\u00edram ao longo desta semana (20 a 24\/06). Confira n\u00famero de vagas, remunera\u00e7\u00e3o e principais datas.\" \/>\n<meta property=\"og:url\" content=\"https:\/\/www.estrategiaconcursos.com.br\/blog\/concurso-publico-editais-da-semana-20-a-24-06\/\" \/>\n<meta property=\"og:site_name\" content=\"Estrat\u00e9gia Concursos\" \/>\n<meta property=\"article:published_time\" content=\"2022-06-24T21:00:00+00:00\" \/>\n<meta property=\"article:modified_time\" content=\"2022-07-01T18:09:16+00:00\" \/>\n<meta property=\"og:image\" content=\"https:\/\/dhg1h5j42swfq.cloudfront.net\/2021\/04\/20121239\/2022_concursos.jpeg\" \/>\n\t<meta property=\"og:image:width\" content=\"768\" \/>\n\t<meta property=\"og:image:height\" content=\"432\" \/>\n\t<meta property=\"og:image:type\" content=\"image\/jpeg\" \/>\n<meta name=\"author\" content=\"Camila Leite\" \/>\n<meta name=\"twitter:card\" content=\"summary_large_image\" \/>\n<meta name=\"twitter:creator\" content=\"@EstratConcursos\" \/>\n<meta name=\"twitter:site\" content=\"@EstratConcursos\" \/>\n<meta name=\"twitter:label1\" content=\"Escrito por\" \/>\n\t<meta name=\"twitter:data1\" content=\"Camila Leite\" \/>\n\t<meta name=\"twitter:label2\" content=\"Est. tempo de leitura\" \/>\n\t<meta name=\"twitter:data2\" content=\"4 minutos\" \/>\n<script type=\"application\/ld+json\" class=\"yoast-schema-graph\">{\"@context\":\"https:\/\/schema.org\",\"@graph\":[{\"@type\":\"NewsArticle\",\"@id\":\"https:\/\/www.estrategiaconcursos.com.br\/blog\/concurso-publico-editais-da-semana-20-a-24-06\/#article\",\"isPartOf\":{\"@id\":\"https:\/\/www.estrategiaconcursos.com.br\/blog\/concurso-publico-editais-da-semana-20-a-24-06\/\"},\"author\":{\"name\":\"Camila Leite\",\"@id\":\"https:\/\/www.estrategiaconcursos.com.br\/blog\/#\/schema\/person\/84ecdc6eb58d3cf1689bf76c5cd8fb38\"},\"headline\":\"Concurso P\u00fablico: 16 editais esta semana; Mais de 5 mil vagas\",\"datePublished\":\"2022-06-24T21:00:00+00:00\",\"dateModified\":\"2022-07-01T18:09:16+00:00\",\"mainEntityOfPage\":{\"@id\":\"https:\/\/www.estrategiaconcursos.com.br\/blog\/concurso-publico-editais-da-semana-20-a-24-06\/\"},\"wordCount\":613,\"commentCount\":0,\"publisher\":{\"@id\":\"https:\/\/www.estrategiaconcursos.com.br\/blog\/#organization\"},\"image\":{\"@id\":\"https:\/\/www.estrategiaconcursos.com.br\/blog\/concurso-publico-editais-da-semana-20-a-24-06\/#primaryimage\"},\"thumbnailUrl\":\"https:\/\/dhg1h5j42swfq.cloudfront.net\/2021\/04\/20121239\/2022_concursos.jpeg\",\"articleSection\":[\"Concursos P\u00fablicos\",\"\u00daltimas not\u00edcias\"],\"inLanguage\":\"pt-BR\",\"potentialAction\":[{\"@type\":\"CommentAction\",\"name\":\"Comment\",\"target\":[\"https:\/\/www.estrategiaconcursos.com.br\/blog\/concurso-publico-editais-da-semana-20-a-24-06\/#respond\"]}],\"copyrightYear\":\"2022\",\"copyrightHolder\":{\"@id\":\"https:\/\/www.estrategiaconcursos.com.br\/blog\/#organization\"}},{\"@type\":\"WebPage\",\"@id\":\"https:\/\/www.estrategiaconcursos.com.br\/blog\/concurso-publico-editais-da-semana-20-a-24-06\/\",\"url\":\"https:\/\/www.estrategiaconcursos.com.br\/blog\/concurso-publico-editais-da-semana-20-a-24-06\/\",\"name\":\"Concurso P\u00fablico: 16 editais esta semana; Mais de 5 mil vagas\",\"isPartOf\":{\"@id\":\"https:\/\/www.estrategiaconcursos.com.br\/blog\/#website\"},\"primaryImageOfPage\":{\"@id\":\"https:\/\/www.estrategiaconcursos.com.br\/blog\/concurso-publico-editais-da-semana-20-a-24-06\/#primaryimage\"},\"image\":{\"@id\":\"https:\/\/www.estrategiaconcursos.com.br\/blog\/concurso-publico-editais-da-semana-20-a-24-06\/#primaryimage\"},\"thumbnailUrl\":\"https:\/\/dhg1h5j42swfq.cloudfront.net\/2021\/04\/20121239\/2022_concursos.jpeg\",\"datePublished\":\"2022-06-24T21:00:00+00:00\",\"dateModified\":\"2022-07-01T18:09:16+00:00\",\"description\":\"Concurso P\u00fablico 2022: 16 editais sa\u00edram ao longo desta semana (20 a 24\/06). Confira n\u00famero de vagas, remunera\u00e7\u00e3o e principais datas.\",\"breadcrumb\":{\"@id\":\"https:\/\/www.estrategiaconcursos.com.br\/blog\/concurso-publico-editais-da-semana-20-a-24-06\/#breadcrumb\"},\"inLanguage\":\"pt-BR\",\"potentialAction\":[{\"@type\":\"ReadAction\",\"target\":[\"https:\/\/www.estrategiaconcursos.com.br\/blog\/concurso-publico-editais-da-semana-20-a-24-06\/\"]}]},{\"@type\":\"ImageObject\",\"inLanguage\":\"pt-BR\",\"@id\":\"https:\/\/www.estrategiaconcursos.com.br\/blog\/concurso-publico-editais-da-semana-20-a-24-06\/#primaryimage\",\"url\":\"https:\/\/dhg1h5j42swfq.cloudfront.net\/2021\/04\/20121239\/2022_concursos.jpeg\",\"contentUrl\":\"https:\/\/dhg1h5j42swfq.cloudfront.net\/2021\/04\/20121239\/2022_concursos.jpeg\",\"width\":768,\"height\":432,\"caption\":\"Concursos 2022\"},{\"@type\":\"BreadcrumbList\",\"@id\":\"https:\/\/www.estrategiaconcursos.com.br\/blog\/concurso-publico-editais-da-semana-20-a-24-06\/#breadcrumb\",\"itemListElement\":[{\"@type\":\"ListItem\",\"position\":1,\"name\":\"In\u00edcio\",\"item\":\"https:\/\/www.estrategiaconcursos.com.br\/blog\/\"},{\"@type\":\"ListItem\",\"position\":2,\"name\":\"Concurso P\u00fablico: 16 editais esta semana; Mais de 5 mil vagas\"}]},{\"@type\":\"WebSite\",\"@id\":\"https:\/\/www.estrategiaconcursos.com.br\/blog\/#website\",\"url\":\"https:\/\/www.estrategiaconcursos.com.br\/blog\/\",\"name\":\"Estrat\u00e9gia Concursos\",\"description\":\"O blog da Estrat\u00e9gia Concursos traz not\u00edcias sobre concursos e artigos de professores oferecendo cursos para concursos (pdf + videaulas) no site.\",\"publisher\":{\"@id\":\"https:\/\/www.estrategiaconcursos.com.br\/blog\/#organization\"},\"potentialAction\":[{\"@type\":\"SearchAction\",\"target\":{\"@type\":\"EntryPoint\",\"urlTemplate\":\"https:\/\/www.estrategiaconcursos.com.br\/blog\/?s={search_term_string}\"},\"query-input\":{\"@type\":\"PropertyValueSpecification\",\"valueRequired\":true,\"valueName\":\"search_term_string\"}}],\"inLanguage\":\"pt-BR\"},{\"@type\":\"Organization\",\"@id\":\"https:\/\/www.estrategiaconcursos.com.br\/blog\/#organization\",\"name\":\"Estrat\u00e9gia Concursos\",\"url\":\"https:\/\/www.estrategiaconcursos.com.br\/blog\/\",\"logo\":{\"@type\":\"ImageObject\",\"inLanguage\":\"pt-BR\",\"@id\":\"https:\/\/www.estrategiaconcursos.com.br\/blog\/#\/schema\/logo\/image\/\",\"url\":\"https:\/\/dhg1h5j42swfq.cloudfront.net\/2025\/06\/03203428\/logo_concursos-1.jpg\",\"contentUrl\":\"https:\/\/dhg1h5j42swfq.cloudfront.net\/2025\/06\/03203428\/logo_concursos-1.jpg\",\"width\":230,\"height\":60,\"caption\":\"Estrat\u00e9gia Concursos\"},\"image\":{\"@id\":\"https:\/\/www.estrategiaconcursos.com.br\/blog\/#\/schema\/logo\/image\/\"},\"sameAs\":[\"https:\/\/x.com\/EstratConcursos\"]},{\"@type\":\"Person\",\"@id\":\"https:\/\/www.estrategiaconcursos.com.br\/blog\/#\/schema\/person\/84ecdc6eb58d3cf1689bf76c5cd8fb38\",\"name\":\"Camila Leite\",\"image\":{\"@type\":\"ImageObject\",\"inLanguage\":\"pt-BR\",\"@id\":\"https:\/\/secure.gravatar.com\/avatar\/f2f8faef639c8a2bfb7fb909912a56917f4c3a0aed064500168e2fb8ea55cf61?s=96&d=mm&r=g\",\"url\":\"https:\/\/secure.gravatar.com\/avatar\/f2f8faef639c8a2bfb7fb909912a56917f4c3a0aed064500168e2fb8ea55cf61?s=96&d=mm&r=g\",\"contentUrl\":\"https:\/\/secure.gravatar.com\/avatar\/f2f8faef639c8a2bfb7fb909912a56917f4c3a0aed064500168e2fb8ea55cf61?s=96&d=mm&r=g\",\"caption\":\"Camila Leite\"},\"description\":\"Formada em Design Gr\u00e1fico e em Propaganda e Marketing pela UNIP, integra a equipe de jornalismo do Estrat\u00e9gia Concursos desde 2018. Ao longo dos anos, construiu uma s\u00f3lida experi\u00eancia na produ\u00e7\u00e3o de conte\u00fado informativo e relevante para concurseiros. Desde 2020, atua na cobertura das \u00e1reas Fiscal \u2014 com \u00eanfase nas Secretarias de Fazenda (Sefaz) das regi\u00f5es Sul e Sudeste \u2014, al\u00e9m da cobertura de concursos federais, como CNU, Petrobras, CGU, Receita Federal, ag\u00eancias reguladoras (Anvisa, ANAC, entre outras) e INSS. Mant\u00e9m contato direto com os principais \u00f3rg\u00e3os p\u00fablicos, acompanhando editais, atualiza\u00e7\u00f5es e movimenta\u00e7\u00f5es importantes para os candidatos.\",\"sameAs\":[\"https:\/\/www.linkedin.com\/in\/camila-pinheiro-leite-9ba135b6\/\"],\"url\":\"https:\/\/www.estrategiaconcursos.com.br\/blog\/author\/camila-leiteestrategiaconcursos-com-br\/\"}]}<\/script>\n<!-- \/ Yoast SEO Premium plugin. -->","yoast_head_json":{"title":"Concurso P\u00fablico: 16 editais esta semana; Mais de 5 mil vagas","description":"Concurso P\u00fablico 2022: 16 editais sa\u00edram ao longo desta semana (20 a 24\/06). Confira n\u00famero de vagas, remunera\u00e7\u00e3o e principais datas.","robots":{"index":"index","follow":"follow","max-snippet":"max-snippet:-1","max-image-preview":"max-image-preview:large","max-video-preview":"max-video-preview:-1"},"canonical":"https:\/\/www.estrategiaconcursos.com.br\/blog\/concurso-publico-editais-da-semana-20-a-24-06\/","og_locale":"pt_BR","og_type":"article","og_title":"Concurso P\u00fablico: 16 editais esta semana; Mais de 5 mil vagas","og_description":"Concurso P\u00fablico 2022: 16 editais sa\u00edram ao longo desta semana (20 a 24\/06). Confira n\u00famero de vagas, remunera\u00e7\u00e3o e principais datas.","og_url":"https:\/\/www.estrategiaconcursos.com.br\/blog\/concurso-publico-editais-da-semana-20-a-24-06\/","og_site_name":"Estrat\u00e9gia Concursos","article_published_time":"2022-06-24T21:00:00+00:00","article_modified_time":"2022-07-01T18:09:16+00:00","og_image":[{"width":768,"height":432,"url":"https:\/\/dhg1h5j42swfq.cloudfront.net\/2021\/04\/20121239\/2022_concursos.jpeg","type":"image\/jpeg"}],"author":"Camila Leite","twitter_card":"summary_large_image","twitter_creator":"@EstratConcursos","twitter_site":"@EstratConcursos","twitter_misc":{"Escrito por":"Camila Leite","Est. tempo de leitura":"4 minutos"},"schema":{"@context":"https:\/\/schema.org","@graph":[{"@type":"NewsArticle","@id":"https:\/\/www.estrategiaconcursos.com.br\/blog\/concurso-publico-editais-da-semana-20-a-24-06\/#article","isPartOf":{"@id":"https:\/\/www.estrategiaconcursos.com.br\/blog\/concurso-publico-editais-da-semana-20-a-24-06\/"},"author":{"name":"Camila Leite","@id":"https:\/\/www.estrategiaconcursos.com.br\/blog\/#\/schema\/person\/84ecdc6eb58d3cf1689bf76c5cd8fb38"},"headline":"Concurso P\u00fablico: 16 editais esta semana; Mais de 5 mil vagas","datePublished":"2022-06-24T21:00:00+00:00","dateModified":"2022-07-01T18:09:16+00:00","mainEntityOfPage":{"@id":"https:\/\/www.estrategiaconcursos.com.br\/blog\/concurso-publico-editais-da-semana-20-a-24-06\/"},"wordCount":613,"commentCount":0,"publisher":{"@id":"https:\/\/www.estrategiaconcursos.com.br\/blog\/#organization"},"image":{"@id":"https:\/\/www.estrategiaconcursos.com.br\/blog\/concurso-publico-editais-da-semana-20-a-24-06\/#primaryimage"},"thumbnailUrl":"https:\/\/dhg1h5j42swfq.cloudfront.net\/2021\/04\/20121239\/2022_concursos.jpeg","articleSection":["Concursos P\u00fablicos","\u00daltimas not\u00edcias"],"inLanguage":"pt-BR","potentialAction":[{"@type":"CommentAction","name":"Comment","target":["https:\/\/www.estrategiaconcursos.com.br\/blog\/concurso-publico-editais-da-semana-20-a-24-06\/#respond"]}],"copyrightYear":"2022","copyrightHolder":{"@id":"https:\/\/www.estrategiaconcursos.com.br\/blog\/#organization"}},{"@type":"WebPage","@id":"https:\/\/www.estrategiaconcursos.com.br\/blog\/concurso-publico-editais-da-semana-20-a-24-06\/","url":"https:\/\/www.estrategiaconcursos.com.br\/blog\/concurso-publico-editais-da-semana-20-a-24-06\/","name":"Concurso P\u00fablico: 16 editais esta semana; Mais de 5 mil vagas","isPartOf":{"@id":"https:\/\/www.estrategiaconcursos.com.br\/blog\/#website"},"primaryImageOfPage":{"@id":"https:\/\/www.estrategiaconcursos.com.br\/blog\/concurso-publico-editais-da-semana-20-a-24-06\/#primaryimage"},"image":{"@id":"https:\/\/www.estrategiaconcursos.com.br\/blog\/concurso-publico-editais-da-semana-20-a-24-06\/#primaryimage"},"thumbnailUrl":"https:\/\/dhg1h5j42swfq.cloudfront.net\/2021\/04\/20121239\/2022_concursos.jpeg","datePublished":"2022-06-24T21:00:00+00:00","dateModified":"2022-07-01T18:09:16+00:00","description":"Concurso P\u00fablico 2022: 16 editais sa\u00edram ao longo desta semana (20 a 24\/06). Confira n\u00famero de vagas, remunera\u00e7\u00e3o e principais datas.","breadcrumb":{"@id":"https:\/\/www.estrategiaconcursos.com.br\/blog\/concurso-publico-editais-da-semana-20-a-24-06\/#breadcrumb"},"inLanguage":"pt-BR","potentialAction":[{"@type":"ReadAction","target":["https:\/\/www.estrategiaconcursos.com.br\/blog\/concurso-publico-editais-da-semana-20-a-24-06\/"]}]},{"@type":"ImageObject","inLanguage":"pt-BR","@id":"https:\/\/www.estrategiaconcursos.com.br\/blog\/concurso-publico-editais-da-semana-20-a-24-06\/#primaryimage","url":"https:\/\/dhg1h5j42swfq.cloudfront.net\/2021\/04\/20121239\/2022_concursos.jpeg","contentUrl":"https:\/\/dhg1h5j42swfq.cloudfront.net\/2021\/04\/20121239\/2022_concursos.jpeg","width":768,"height":432,"caption":"Concursos 2022"},{"@type":"BreadcrumbList","@id":"https:\/\/www.estrategiaconcursos.com.br\/blog\/concurso-publico-editais-da-semana-20-a-24-06\/#breadcrumb","itemListElement":[{"@type":"ListItem","position":1,"name":"In\u00edcio","item":"https:\/\/www.estrategiaconcursos.com.br\/blog\/"},{"@type":"ListItem","position":2,"name":"Concurso P\u00fablico: 16 editais esta semana; Mais de 5 mil vagas"}]},{"@type":"WebSite","@id":"https:\/\/www.estrategiaconcursos.com.br\/blog\/#website","url":"https:\/\/www.estrategiaconcursos.com.br\/blog\/","name":"Estrat\u00e9gia Concursos","description":"O blog da Estrat\u00e9gia Concursos traz not\u00edcias sobre concursos e artigos de professores oferecendo cursos para concursos (pdf + videaulas) no site.","publisher":{"@id":"https:\/\/www.estrategiaconcursos.com.br\/blog\/#organization"},"potentialAction":[{"@type":"SearchAction","target":{"@type":"EntryPoint","urlTemplate":"https:\/\/www.estrategiaconcursos.com.br\/blog\/?s={search_term_string}"},"query-input":{"@type":"PropertyValueSpecification","valueRequired":true,"valueName":"search_term_string"}}],"inLanguage":"pt-BR"},{"@type":"Organization","@id":"https:\/\/www.estrategiaconcursos.com.br\/blog\/#organization","name":"Estrat\u00e9gia Concursos","url":"https:\/\/www.estrategiaconcursos.com.br\/blog\/","logo":{"@type":"ImageObject","inLanguage":"pt-BR","@id":"https:\/\/www.estrategiaconcursos.com.br\/blog\/#\/schema\/logo\/image\/","url":"https:\/\/dhg1h5j42swfq.cloudfront.net\/2025\/06\/03203428\/logo_concursos-1.jpg","contentUrl":"https:\/\/dhg1h5j42swfq.cloudfront.net\/2025\/06\/03203428\/logo_concursos-1.jpg","width":230,"height":60,"caption":"Estrat\u00e9gia Concursos"},"image":{"@id":"https:\/\/www.estrategiaconcursos.com.br\/blog\/#\/schema\/logo\/image\/"},"sameAs":["https:\/\/x.com\/EstratConcursos"]},{"@type":"Person","@id":"https:\/\/www.estrategiaconcursos.com.br\/blog\/#\/schema\/person\/84ecdc6eb58d3cf1689bf76c5cd8fb38","name":"Camila Leite","image":{"@type":"ImageObject","inLanguage":"pt-BR","@id":"https:\/\/secure.gravatar.com\/avatar\/f2f8faef639c8a2bfb7fb909912a56917f4c3a0aed064500168e2fb8ea55cf61?s=96&d=mm&r=g","url":"https:\/\/secure.gravatar.com\/avatar\/f2f8faef639c8a2bfb7fb909912a56917f4c3a0aed064500168e2fb8ea55cf61?s=96&d=mm&r=g","contentUrl":"https:\/\/secure.gravatar.com\/avatar\/f2f8faef639c8a2bfb7fb909912a56917f4c3a0aed064500168e2fb8ea55cf61?s=96&d=mm&r=g","caption":"Camila Leite"},"description":"Formada em Design Gr\u00e1fico e em Propaganda e Marketing pela UNIP, integra a equipe de jornalismo do Estrat\u00e9gia Concursos desde 2018. Ao longo dos anos, construiu uma s\u00f3lida experi\u00eancia na produ\u00e7\u00e3o de conte\u00fado informativo e relevante para concurseiros. Desde 2020, atua na cobertura das \u00e1reas Fiscal \u2014 com \u00eanfase nas Secretarias de Fazenda (Sefaz) das regi\u00f5es Sul e Sudeste \u2014, al\u00e9m da cobertura de concursos federais, como CNU, Petrobras, CGU, Receita Federal, ag\u00eancias reguladoras (Anvisa, ANAC, entre outras) e INSS. Mant\u00e9m contato direto com os principais \u00f3rg\u00e3os p\u00fablicos, acompanhando editais, atualiza\u00e7\u00f5es e movimenta\u00e7\u00f5es importantes para os candidatos.","sameAs":["https:\/\/www.linkedin.com\/in\/camila-pinheiro-leite-9ba135b6\/"],"url":"https:\/\/www.estrategiaconcursos.com.br\/blog\/author\/camila-leiteestrategiaconcursos-com-br\/"}]}},"_links":{"self":[{"href":"https:\/\/www.estrategiaconcursos.com.br\/blog\/wp-json\/wp\/v2\/posts\/1049705","targetHints":{"allow":["GET"]}}],"collection":[{"href":"https:\/\/www.estrategiaconcursos.com.br\/blog\/wp-json\/wp\/v2\/posts"}],"about":[{"href":"https:\/\/www.estrategiaconcursos.com.br\/blog\/wp-json\/wp\/v2\/types\/post"}],"author":[{"embeddable":true,"href":"https:\/\/www.estrategiaconcursos.com.br\/blog\/wp-json\/wp\/v2\/users\/659"}],"replies":[{"embeddable":true,"href":"https:\/\/www.estrategiaconcursos.com.br\/blog\/wp-json\/wp\/v2\/comments?post=1049705"}],"version-history":[{"count":10,"href":"https:\/\/www.estrategiaconcursos.com.br\/blog\/wp-json\/wp\/v2\/posts\/1049705\/revisions"}],"predecessor-version":[{"id":1054116,"href":"https:\/\/www.estrategiaconcursos.com.br\/blog\/wp-json\/wp\/v2\/posts\/1049705\/revisions\/1054116"}],"wp:featuredmedia":[{"embeddable":true,"href":"https:\/\/www.estrategiaconcursos.com.br\/blog\/wp-json\/wp\/v2\/media\/746120"}],"wp:attachment":[{"href":"https:\/\/www.estrategiaconcursos.com.br\/blog\/wp-json\/wp\/v2\/media?parent=1049705"}],"wp:term":[{"taxonomy":"category","embeddable":true,"href":"https:\/\/www.estrategiaconcursos.com.br\/blog\/wp-json\/wp\/v2\/categories?post=1049705"},{"taxonomy":"post_tag","embeddable":true,"href":"https:\/\/www.estrategiaconcursos.com.br\/blog\/wp-json\/wp\/v2\/tags?post=1049705"},{"taxonomy":"tax_estado","embeddable":true,"href":"https:\/\/www.estrategiaconcursos.com.br\/blog\/wp-json\/wp\/v2\/tax_estado?post=1049705"}],"curies":[{"name":"wp","href":"https:\/\/api.w.org\/{rel}","templated":true}]}}