{"id":1049511,"date":"2022-09-27T08:00:00","date_gmt":"2022-09-27T11:00:00","guid":{"rendered":"https:\/\/www.estrategiaconcursos.com.br\/blog\/?p=1049511"},"modified":"2023-10-17T15:02:21","modified_gmt":"2023-10-17T18:02:21","slug":"concurso-guarda-santa-luzia","status":"publish","type":"post","link":"https:\/\/www.estrategiaconcursos.com.br\/blog\/concurso-guarda-santa-luzia\/","title":{"rendered":"Concurso Guarda Santa Luzia: inscri\u00e7\u00e3o encerrada; 199 vagas!"},"content":{"rendered":"\n<p>Est\u00e3o encerradas as inscri\u00e7\u00f5es do edital para o <strong>concurso Guarda de Santa Luzia<\/strong> no estado de Minas Gerais, que oferta 199 vagas. Destas, 143 s\u00e3o imediatas e 56 em forma de cadastro reserva.<\/p>\n\n\n\n<p>Os interessados puderam realizar a candidatura at\u00e9 o dia 26 de setembro, atrav\u00e9s do site da banca organizadora, <a href=\"https:\/\/indepac.jelastic.saveincloud.net\/concurso\/concursoPaginaInterna.do?idInstituicao=3&amp;idConcurso=1\" target=\"_blank\" rel=\"noreferrer noopener\">Indepac<\/a>, ao custo de R$ 70,00.<\/p>\n\n\n\n<p>As oportunidades s\u00e3o para o sexo masculino e feminino e est\u00e3o distribu\u00eddas entre ampla concorr\u00eancia e pessoas com defici\u00eancia. Al\u00e9m disso, os requisitos s\u00e3o ter n\u00edvel m\u00e9dio e CNH (m\u00ednimo A ou B).<\/p>\n\n\n\n<ul class=\"has-very-light-gray-to-cyan-bluish-gray-gradient-background has-background wp-block-list\">\n<li><strong>Guarda de Santa Luzia MG<\/strong><\/li>\n\n\n\n<li><strong style=\"background-color: initial; color: initial;\">Status:<\/strong> inscri\u00e7\u00f5es encerradas<\/li>\n\n\n\n<li><strong>Banca<\/strong>: INDEPAC<\/li>\n\n\n\n<li><strong>Vagas:<\/strong> 143 + 56 CR<\/li>\n\n\n\n<li><strong style=\"color: initial;\">Sal\u00e1rio inicial:<\/strong><span style=\"color: initial;\"> R$ 3.318,01<\/span><\/li>\n\n\n\n<li><strong>Edital:<\/strong> <a href=\"https:\/\/dhg1h5j42swfq.cloudfront.net\/2022\/06\/27110211\/guarda-santa-luzia-mg-2022.pdf\" target=\"_blank\" rel=\"noreferrer noopener nofollow\">GCM Santa Luzia-MG<\/a><\/li>\n<\/ul>\n\n\n\n<p>Acompanhe nos t\u00f3picos a seguir as principais informa\u00e7\u00f5es sobre o concurso!<\/p>\n\n\n\n<ul class=\"wp-block-list\">\n<li><a href=\"#situ\">Informa\u00e7\u00f5es do edital publicado<\/a>\n<ul class=\"wp-block-list\">\n<li><a href=\"#datas\">Principais datas<\/a><\/li>\n\n\n\n<li><a href=\"#cargos-vagas\">Cargos e vagas<\/a><\/li>\n\n\n\n<li><a href=\"#retificacoes\">Retifica\u00e7\u00f5es<\/a><\/li>\n\n\n\n<li><a href=\"#etapas\">Etapas e provas<\/a><\/li>\n<\/ul>\n<\/li>\n\n\n\n<li><a href=\"#ultimo-concurso-guarda-santa-luzia\">\u00daltimo concurso<\/a><\/li>\n\n\n\n<li><a href=\"#curso\">Cursos e assinaturas<\/a><\/li>\n\n\n\n<li><a href=\"#ficha\">Ficha t\u00e9cnica<\/a><\/li>\n<\/ul>\n\n\n\n<h2 class=\"wp-block-heading\" id=\"situ\">Concurso Guarda Santa Luzia: edital publicado<\/h2>\n\n\n\n<h3 class=\"wp-block-heading\" id=\"datas\">Principais datas<\/h3>\n\n\n\n<ul class=\"wp-block-list\">\n<li><strong>Inscri\u00e7\u00f5es<\/strong>: <s>25 de agosto a 26 de setembro<\/s><\/li>\n\n\n\n<li><strong>Isen\u00e7\u00e3o da taxa<\/strong>: <s>25 a 29 de agosto<\/s><\/li>\n\n\n\n<li><strong>\u00daltimo dia para pagamento<\/strong>: 27 de setembro<\/li>\n\n\n\n<li><strong>Prova<\/strong>: 06 de novembro<\/li>\n<\/ul>\n\n\n\n<h3 class=\"wp-block-heading\" id=\"cargos-vagas\">Cargos e vagas do concurso Guarda de Santa Luzia<\/h3>\n\n\n\n<figure class=\"wp-block-table is-style-stripes\"><table class=\"has-very-light-gray-to-cyan-bluish-gray-gradient-background has-background has-fixed-layout\"><thead><tr><th class=\"has-text-align-center\" data-align=\"center\">Cargo<\/th><th class=\"has-text-align-center\" data-align=\"center\">Vagas imediatas<\/th><th class=\"has-text-align-center\" data-align=\"center\">Vagas em cadastro reserva<\/th><\/tr><\/thead><tbody><tr><td class=\"has-text-align-center\" data-align=\"center\">Guarda Civil Municipal &#8211; Masculino<\/td><td class=\"has-text-align-center\" data-align=\"center\">99<\/td><td class=\"has-text-align-center\" data-align=\"center\">41<\/td><\/tr><tr><td class=\"has-text-align-center\" data-align=\"center\">Guarda Civil Municipal &#8211; Feminino<\/td><td class=\"has-text-align-center\" data-align=\"center\">44<\/td><td class=\"has-text-align-center\" data-align=\"center\">15<\/td><\/tr><\/tbody><\/table><figcaption class=\"wp-element-caption\">Quadro de cargos e vagas Guarda de Santa Luzia<\/figcaption><\/figure>\n\n\n\n<ul class=\"wp-block-list\">\n<li><strong>Principais requisitos<\/strong>: Ensino M\u00e9dio Completo, Carteira Nacional de Habilita\u00e7\u00e3o (no m\u00ednimo categoria \u201cA ou B\u201d) e altura m\u00ednima de 1,60m (homens) e 1,55m (mulheres);<\/li>\n\n\n\n<li><strong>Sal\u00e1rio<\/strong>: R$ 3.318,01 (vencimento base + adicionais);<\/li>\n\n\n\n<li><strong>Carga hor\u00e1ria<\/strong>: 40 horas semanais.<\/li>\n<\/ul>\n\n\n\n<h3 class=\"wp-block-heading\" id=\"retificacoes\">Retifica\u00e7\u00f5es<\/h3>\n\n\n\n<ul class=\"wp-block-list\">\n<li><a href=\"https:\/\/indepac.jelastic.saveincloud.net\/concurso\/downloadAnexo.do?idAnexo=24\" target=\"_blank\" rel=\"noreferrer noopener\">1\u00aa retifica\u00e7\u00e3o<\/a>;<\/li>\n\n\n\n<li><a href=\"https:\/\/indepac.jelastic.saveincloud.net\/concurso\/downloadAnexo.do?idAnexo=43\" target=\"_blank\" rel=\"noreferrer noopener\">2\u00aa retifica\u00e7\u00e3o<\/a>;<\/li>\n\n\n\n<li><a href=\"https:\/\/indepac.jelastic.saveincloud.net\/concurso\/downloadAnexo.do?idAnexo=52\" target=\"_blank\" rel=\"noreferrer noopener\">3\u00aa retifica\u00e7\u00e3o<\/a>;<\/li>\n\n\n\n<li><a href=\"https:\/\/indepac.jelastic.saveincloud.net\/concurso\/downloadAnexo.do?idAnexo=53\" target=\"_blank\" rel=\"noreferrer noopener\">4\u00aa retifica\u00e7\u00e3o<\/a>.<\/li>\n<\/ul>\n\n\n\n<h3 class=\"wp-block-heading\" id=\"etapas\">Etapas e provas do concurso Guarda de Santa Luzia<\/h3>\n\n\n\n<p>A avalia\u00e7\u00e3o dos candidatos do concurso Guarda de Santa Luzia se dar\u00e1 mediante aplica\u00e7\u00e3o das seguintes etapas:<\/p>\n\n\n\n<ol class=\"wp-block-list\">\n<li><strong>Prova Objetiva<\/strong>;<\/li>\n\n\n\n<li><strong>Prova Dissertativa<\/strong>;<\/li>\n\n\n\n<li><strong>Avalia\u00e7\u00e3o de T\u00edtulos<\/strong>;<\/li>\n\n\n\n<li><strong>Aferi\u00e7\u00e3o de Altura e Teste de Aptid\u00e3o F\u00edsica<\/strong>;<\/li>\n\n\n\n<li><strong>Avalia\u00e7\u00e3o Psicol\u00f3gica<\/strong>;<\/li>\n\n\n\n<li><strong>Sindic\u00e2ncia Social<\/strong>;<\/li>\n\n\n\n<li><strong>Avalia\u00e7\u00e3o M\u00e9dica<\/strong>.<\/li>\n<\/ol>\n\n\n\n<h3 class=\"wp-block-heading\" id=\"objetiva\">Provas Objetivas<\/h3>\n\n\n\n<p>De car\u00e1ter eliminat\u00f3rio e classificat\u00f3rio, a Prova Objetiva do Concurso Guarda de Santa Luzia ser\u00e1 composta por quest\u00f5es de m\u00faltipla escolha (quatro alternativas), conforme abaixo:<\/p>\n\n\n\n<ul class=\"wp-block-list\">\n<li><em>10 &#8211; L\u00edngua Portuguesa<\/em><\/li>\n\n\n\n<li><em>05 &#8211; No\u00e7\u00f5es de Inform\u00e1tica<\/em><\/li>\n\n\n\n<li><em>05 &#8211; Geografia Urbana\/Hist\u00f3ria de Santa Luzia<\/em><\/li>\n\n\n\n<li><em>05 &#8211; Racioc\u00ednio L\u00f3gico<\/em><\/li>\n\n\n\n<li><em>15 &#8211; Legisla\u00e7\u00e3o<\/em><\/li>\n<\/ul>\n\n\n\n<p>Avaliada na escala de 0 a 100 pontos, ser\u00e1 habilitado o candidato que obtiver 60 pontos ou mais, al\u00e9m de n\u00e3o zerar nenhuma das disciplinas.<\/p>\n\n\n\n<h3 class=\"wp-block-heading\" id=\"discursiva\">Prova Discursiva<\/h3>\n\n\n\n<p>A prova dissertativa ser\u00e1 aplicada na mesma data, hor\u00e1rio e local da prova objetiva, sendo constitu\u00edda de uma reda\u00e7\u00e3o, do tipo dissertativo-argumentativo.<\/p>\n\n\n\n<p>De car\u00e1ter eliminat\u00f3rio e classificat\u00f3rio, a prova ser\u00e1 avaliada na escala de 0 a 20 pontos. Ser\u00e1 considerado habilitado o candidato que obtiver um total de pontos igual ou superior a 9.<\/p>\n\n\n\n<h3 class=\"wp-block-heading\" id=\"titulos\">Avalia\u00e7\u00e3o de T\u00edtulos<\/h3>\n\n\n\n<p>Para a prova de t\u00edtulos ser\u00e3o convocados os candidatos habilitados na reda\u00e7\u00e3o, na quantidade de 3 vezes o n\u00famero de vagas, acrescidos dos empatados.<\/p>\n\n\n\n<p>A prova de t\u00edtulos ter\u00e1 car\u00e1ter classificat\u00f3rio. Portanto, o candidato que n\u00e3o participar n\u00e3o ser\u00e1 eliminado do Concurso Guarda de Santa Luzia.<\/p>\n\n\n\n<figure class=\"wp-block-image aligncenter size-full is-resized\"><img loading=\"lazy\" decoding=\"async\" width=\"882\" height=\"606\" src=\"https:\/\/dhg1h5j42swfq.cloudfront.net\/2022\/06\/27113607\/image-379.png\" alt=\"Quadro da avalia\u00e7\u00e3o de t\u00edtulos do concurso GCM Santa Luzia\" class=\"wp-image-1050769\" style=\"width:-9px;height:-6px\" srcset=\"https:\/\/dhg1h5j42swfq.cloudfront.net\/2022\/06\/27113607\/image-379.png 882w, https:\/\/dhg1h5j42swfq.cloudfront.net\/2022\/06\/27113607\/image-379-300x206.png 300w, https:\/\/dhg1h5j42swfq.cloudfront.net\/2022\/06\/27113607\/image-379-768x528.png 768w, https:\/\/dhg1h5j42swfq.cloudfront.net\/2022\/06\/27113607\/image-379-610x419.png 610w\" sizes=\"auto, (max-width: 882px) 100vw, 882px\" \/><figcaption class=\"wp-element-caption\">Quadro da avalia\u00e7\u00e3o de t\u00edtulos do concurso GCM Santa Luzia<\/figcaption><\/figure>\n\n\n\n<h3 class=\"wp-block-heading\" id=\"pratica\">Teste de Aptid\u00e3o F\u00edsica<\/h3>\n\n\n\n<p>Para a aferi\u00e7\u00e3o de altura e Teste de Aptid\u00e3o F\u00edsica (TAF), de car\u00e1ter eliminat\u00f3rio, ser\u00e3o chamados todos os candidatos convocados para a prova de t\u00edtulos.<\/p>\n\n\n\n<p>A Aferi\u00e7\u00e3o de Altura ser\u00e1 realizada com o candidato descal\u00e7o, descoberto e sem meias, devendo atingir a altura m\u00ednima exigida de 1,65m. J\u00e1 o Teste de Aptid\u00e3o F\u00edsica consistir\u00e1 na aplica\u00e7\u00e3o de:<\/p>\n\n\n\n<ul class=\"wp-block-list\">\n<li><strong>a) <\/strong>Avalia\u00e7\u00e3o de Barra Horizontal (masculino)\/ Barra Horizontal Est\u00e1tica (feminino);<\/li>\n\n\n\n<li><strong>b) <\/strong>Avalia\u00e7\u00e3o de Abdominal; <\/li>\n\n\n\n<li><strong>c) <\/strong>Avalia\u00e7\u00e3o de Corrida de 13 minutos.<\/li>\n<\/ul>\n\n\n\n<figure class=\"wp-block-image aligncenter size-full\"><img loading=\"lazy\" decoding=\"async\" width=\"863\" height=\"369\" src=\"https:\/\/dhg1h5j42swfq.cloudfront.net\/2022\/09\/27103040\/image-366.png\" alt=\"Quadro de teste de aptid\u00e3o f\u00edsica\" class=\"wp-image-1101162\" srcset=\"https:\/\/dhg1h5j42swfq.cloudfront.net\/2022\/09\/27103040\/image-366.png 863w, https:\/\/dhg1h5j42swfq.cloudfront.net\/2022\/09\/27103040\/image-366-300x128.png 300w, https:\/\/dhg1h5j42swfq.cloudfront.net\/2022\/09\/27103040\/image-366-768x328.png 768w, https:\/\/dhg1h5j42swfq.cloudfront.net\/2022\/09\/27103040\/image-366-610x261.png 610w, https:\/\/dhg1h5j42swfq.cloudfront.net\/2022\/09\/27103040\/image-366-150x64.png 150w\" sizes=\"auto, (max-width: 863px) 100vw, 863px\" \/><figcaption class=\"wp-element-caption\">Quadro de teste de aptid\u00e3o f\u00edsica<\/figcaption><\/figure>\n\n\n\n<p>Cada avalia\u00e7\u00e3o do TAF do edital Guarda de Santa Luzia ser\u00e1 pontuada numa escala de 0 a 20 pontos, totalizando o m\u00e1ximo de 60 pontos.<\/p>\n\n\n\n<h2 class=\"wp-block-heading\" id=\"ultimo-concurso-guarda-santa-luzia\">\u00daltimo concurso Guarda Santa Luzia<\/h2>\n\n\n\n<p>O \u00faltimo concurso da institui\u00e7\u00e3o policial, publicado em 2011 pela empresa IBA, ofertou 60 vagas para Guarda Municipal (feminino e masculino).<\/p>\n\n\n\n<p>Os aprovados, submetidos \u00e0s etapas de prova Objetiva, Teste de Aptid\u00e3o F\u00edsica e Investiga\u00e7\u00e3o Social, receberam sal\u00e1rio inicial de R$ 1.020,00, para jornadas semanais de 44 horas.<\/p>\n\n\n\n<ul class=\"wp-block-list\">\n<li><strong>\u00daltimo edital:<\/strong> <a href=\"https:\/\/dhg1h5j42swfq.cloudfront.net\/2022\/06\/24091901\/edital-gcm-de-santa-luzia-mg-2011.pdf\" target=\"_blank\" rel=\"noreferrer noopener nofollow\">GCM Santa Luzia &#8211; 2011<\/a><\/li>\n<\/ul>\n\n\n\n<hr class=\"wp-block-separator has-css-opacity\"\/>\n\n\n\n<h2 class=\"wp-block-heading has-text-align-center\" id=\"h-quer-saber-tudo-sobre-concursos-previstos-confira-nossos-artigos\">Quer saber tudo sobre concursos previstos?<br \/>Confira nossos artigos!<\/h2>\n\n\n\n<ul class=\"wp-block-list\">\n<li><a href=\"https:\/\/www.estrategiaconcursos.com.br\/blog\/concursos-abertos\/\" target=\"_blank\" rel=\"noreferrer noopener\">Concursos abertos<\/a><\/li>\n\n\n\n<li><a href=\"https:\/\/www.estrategiaconcursos.com.br\/blog\/concursos-2023\/\" target=\"_blank\" rel=\"noreferrer noopener\">Concursos 2023<\/a><\/li>\n<\/ul>\n\n\n\n<h2 class=\"wp-block-heading has-text-align-center\" id=\"curso\">Quer estudar para o concurso da Guarda de Santa Luzia?<\/h2>\n\n\n\n<div class=\"container\" id=\"boxes\">\n  <div class=\"row\">\n\n    <div class=\"col-sm\">\n      <div class=\"banner-guarda-gcm\" id=\"box-assinatura\">\n        <h3 class=\"titulo-assinatura\">Concurso GCM Santa Luzia<\/h3>\n        <p class=\"subtitulo-assinatura\">Conhe\u00e7a os cursos<\/p>\n        <div class=\"box-botao\">\n          <a class=\"btn-assinatura\" target=\"_blank\" href=\"https:\/\/www.estrategiaconcursos.com.br\/cursos\/concurso\/\" role=\"button\" rel=\"noopener noreferrer\">Conhe\u00e7a mais<\/a>\n        <\/div>\n      <\/div>\n     \n    <\/div>\n\n  <\/div>\n<\/div>\n\n\n\n<div class=\"container\" id=\"boxes\">\n  <div class=\"row\">\n\n    <div class=\"col-sm\">\n      <div class=\"estrategia\" id=\"box-assinatura\">\n        <h3 class=\"titulo-assinatura\">Assinatura de Concursos<\/h3>\n        <p class=\"subtitulo-assinatura\">Assinatura de 1 ano ou 2 anos<\/p>\n        <div class=\"box-botao\">\n          <a class=\"btn-assinatura\" target=\"_blank\" href=\"https:\/\/www.estrategiaconcursos.com.br\/assinaturas\/\" role=\"button\" rel=\"noopener noreferrer\">ASSINE AGORA<\/a>\n        <\/div>\n      <\/div>\n     \n    <\/div><\/div><\/div>\n\n\n\n<figure class=\"wp-block-image is-resized\"><img loading=\"lazy\" decoding=\"async\" width=\"1024\" height=\"632\" src=\"https:\/\/dhg1h5j42swfq.cloudfront.net\/2025\/06\/27101122\/ficha-tecnica-1-1024x632.png\" alt=\"Ficha t\u00e9cnica\" class=\"wp-image-702728\" style=\"width:239px;height:147px\" srcset=\"https:\/\/dhg1h5j42swfq.cloudfront.net\/2025\/06\/27101122\/ficha-tecnica-1-1024x632.png 1024w, https:\/\/dhg1h5j42swfq.cloudfront.net\/2025\/06\/27101122\/ficha-tecnica-1-300x185.png 300w, https:\/\/dhg1h5j42swfq.cloudfront.net\/2025\/06\/27101122\/ficha-tecnica-1-768x474.png 768w, https:\/\/dhg1h5j42swfq.cloudfront.net\/2025\/06\/27101122\/ficha-tecnica-1-1536x948.png 1536w, https:\/\/dhg1h5j42swfq.cloudfront.net\/2025\/06\/27101122\/ficha-tecnica-1-610x377.png 610w, https:\/\/dhg1h5j42swfq.cloudfront.net\/2025\/06\/27101122\/ficha-tecnica-1.png 1571w\" sizes=\"auto, (max-width: 1024px) 100vw, 1024px\" \/><\/figure>\n\n\n\n<h3 class=\"wp-block-heading\" id=\"ficha\">Informa\u00e7\u00f5es do concurso Guarda de Santa Luzia<\/h3>\n\n\n\n<ul class=\"wp-block-list\">\n<li><strong style=\"color: initial;\">Provas<\/strong><span style=\"color: initial;\">: <\/span>06\/11\/2022<\/li>\n\n\n\n<li><strong style=\"color: initial;\">Vagas<\/strong><span style=\"color: initial;\">: <\/span>143 + 56 CR<\/li>\n\n\n\n<li><strong>Cargos<\/strong>: Guarda Municipal<\/li>\n\n\n\n<li><strong>Banca<\/strong>: INDEPAC<\/li>\n\n\n\n<li><strong>Escolaridade<\/strong>: n\u00edvel m\u00e9dio<\/li>\n\n\n\n<li><strong>Edital:<\/strong> <a href=\"https:\/\/dhg1h5j42swfq.cloudfront.net\/2022\/06\/27110211\/guarda-santa-luzia-mg-2022.pdf\" target=\"_blank\" rel=\"noreferrer noopener nofollow\">GCM Santa Luzia-MG<\/a><\/li>\n<\/ul>\n","protected":false},"excerpt":{"rendered":"<p>Est\u00e3o encerradas as inscri\u00e7\u00f5es do edital para o concurso Guarda de Santa Luzia no estado de Minas Gerais, que oferta 199 vagas. Destas, 143 s\u00e3o imediatas e 56 em forma de cadastro reserva. Os interessados puderam realizar a candidatura at\u00e9 o dia 26 de setembro, atrav\u00e9s do site da banca organizadora, Indepac, ao custo de [&hellip;]<\/p>\n","protected":false},"author":1,"featured_media":1050752,"comment_status":"open","ping_status":"closed","sticky":false,"template":"","format":"standard","meta":{"post_tipo":"news_page","footnotes":""},"categories":[220189],"tags":[],"tax_estado":[219974],"class_list":["post-1049511","post","type-post","status-publish","format-standard","has-post-thumbnail","hentry","category-policial-guarda-civis","tax_estado-mg"],"acf":[],"yoast_head":"<!-- This site is optimized with the Yoast SEO Premium plugin v27.2 (Yoast SEO v27.2) - https:\/\/yoast.com\/product\/yoast-seo-premium-wordpress\/ -->\n<title>Concurso Guarda Santa Luzia: inscri\u00e7\u00e3o encerrada; 199 vagas!<\/title>\n<meta name=\"description\" content=\"Concurso da Guarda de Santa Luzia: edital oferta 199 vagas e sal\u00e1rio inicial de R$ 3,3 mil. Requisitos incluem ter n\u00edvel m\u00e9dio e CNH!\" \/>\n<meta name=\"robots\" content=\"index, follow, max-snippet:-1, max-image-preview:large, max-video-preview:-1\" \/>\n<link rel=\"canonical\" href=\"https:\/\/www.estrategiaconcursos.com.br\/blog\/concurso-guarda-santa-luzia\/\" \/>\n<meta property=\"og:locale\" content=\"pt_BR\" \/>\n<meta property=\"og:type\" content=\"article\" \/>\n<meta property=\"og:title\" content=\"Concurso Guarda Santa Luzia: inscri\u00e7\u00e3o encerrada; 199 vagas!\" \/>\n<meta property=\"og:description\" content=\"Concurso da Guarda de Santa Luzia: edital oferta 199 vagas e sal\u00e1rio inicial de R$ 3,3 mil. Requisitos incluem ter n\u00edvel m\u00e9dio e CNH!\" \/>\n<meta property=\"og:url\" content=\"https:\/\/www.estrategiaconcursos.com.br\/blog\/concurso-guarda-santa-luzia\/\" \/>\n<meta property=\"og:site_name\" content=\"Estrat\u00e9gia Concursos\" \/>\n<meta property=\"article:author\" content=\"https:\/\/www.facebook.com\/EstrategiaConcursos\" \/>\n<meta property=\"article:published_time\" content=\"2022-09-27T11:00:00+00:00\" \/>\n<meta property=\"article:modified_time\" content=\"2023-10-17T18:02:21+00:00\" \/>\n<meta property=\"og:image\" content=\"https:\/\/dhg1h5j42swfq.cloudfront.net\/2022\/06\/27111346\/guarda-de-santa-luzia-mg.jpg\" \/>\n\t<meta property=\"og:image:width\" content=\"768\" \/>\n\t<meta property=\"og:image:height\" content=\"432\" \/>\n\t<meta property=\"og:image:type\" content=\"image\/jpeg\" \/>\n<meta name=\"author\" content=\"Coordena\u00e7\u00e3o\" \/>\n<meta name=\"twitter:card\" content=\"summary_large_image\" \/>\n<meta name=\"twitter:creator\" content=\"@EstratConcursos\" \/>\n<meta name=\"twitter:site\" content=\"@EstratConcursos\" \/>\n<meta name=\"twitter:label1\" content=\"Escrito por\" \/>\n\t<meta name=\"twitter:data1\" content=\"Coordena\u00e7\u00e3o\" \/>\n\t<meta name=\"twitter:label2\" content=\"Est. tempo de leitura\" \/>\n\t<meta name=\"twitter:data2\" content=\"5 minutos\" \/>\n<script type=\"application\/ld+json\" class=\"yoast-schema-graph\">{\"@context\":\"https:\/\/schema.org\",\"@graph\":[{\"@type\":\"NewsArticle\",\"@id\":\"https:\/\/www.estrategiaconcursos.com.br\/blog\/concurso-guarda-santa-luzia\/#article\",\"isPartOf\":{\"@id\":\"https:\/\/www.estrategiaconcursos.com.br\/blog\/concurso-guarda-santa-luzia\/\"},\"author\":{\"name\":\"Coordena\u00e7\u00e3o\",\"@id\":\"https:\/\/www.estrategiaconcursos.com.br\/blog\/#\/schema\/person\/b4a388c97673c5f483d72185668afa1f\"},\"headline\":\"Concurso Guarda Santa Luzia: inscri\u00e7\u00e3o encerrada; 199 vagas!\",\"datePublished\":\"2022-09-27T11:00:00+00:00\",\"dateModified\":\"2023-10-17T18:02:21+00:00\",\"mainEntityOfPage\":{\"@id\":\"https:\/\/www.estrategiaconcursos.com.br\/blog\/concurso-guarda-santa-luzia\/\"},\"wordCount\":810,\"commentCount\":0,\"publisher\":{\"@id\":\"https:\/\/www.estrategiaconcursos.com.br\/blog\/#organization\"},\"image\":{\"@id\":\"https:\/\/www.estrategiaconcursos.com.br\/blog\/concurso-guarda-santa-luzia\/#primaryimage\"},\"thumbnailUrl\":\"https:\/\/dhg1h5j42swfq.cloudfront.net\/2022\/06\/27111346\/guarda-de-santa-luzia-mg.jpg\",\"articleSection\":[\"Policial (Guardas Civis)\"],\"inLanguage\":\"pt-BR\",\"potentialAction\":[{\"@type\":\"CommentAction\",\"name\":\"Comment\",\"target\":[\"https:\/\/www.estrategiaconcursos.com.br\/blog\/concurso-guarda-santa-luzia\/#respond\"]}],\"copyrightYear\":\"2022\",\"copyrightHolder\":{\"@id\":\"https:\/\/www.estrategiaconcursos.com.br\/blog\/#organization\"}},{\"@type\":\"WebPage\",\"@id\":\"https:\/\/www.estrategiaconcursos.com.br\/blog\/concurso-guarda-santa-luzia\/\",\"url\":\"https:\/\/www.estrategiaconcursos.com.br\/blog\/concurso-guarda-santa-luzia\/\",\"name\":\"Concurso Guarda Santa Luzia: inscri\u00e7\u00e3o encerrada; 199 vagas!\",\"isPartOf\":{\"@id\":\"https:\/\/www.estrategiaconcursos.com.br\/blog\/#website\"},\"primaryImageOfPage\":{\"@id\":\"https:\/\/www.estrategiaconcursos.com.br\/blog\/concurso-guarda-santa-luzia\/#primaryimage\"},\"image\":{\"@id\":\"https:\/\/www.estrategiaconcursos.com.br\/blog\/concurso-guarda-santa-luzia\/#primaryimage\"},\"thumbnailUrl\":\"https:\/\/dhg1h5j42swfq.cloudfront.net\/2022\/06\/27111346\/guarda-de-santa-luzia-mg.jpg\",\"datePublished\":\"2022-09-27T11:00:00+00:00\",\"dateModified\":\"2023-10-17T18:02:21+00:00\",\"description\":\"Concurso da Guarda de Santa Luzia: edital oferta 199 vagas e sal\u00e1rio inicial de R$ 3,3 mil. Requisitos incluem ter n\u00edvel m\u00e9dio e CNH!\",\"breadcrumb\":{\"@id\":\"https:\/\/www.estrategiaconcursos.com.br\/blog\/concurso-guarda-santa-luzia\/#breadcrumb\"},\"inLanguage\":\"pt-BR\",\"potentialAction\":[{\"@type\":\"ReadAction\",\"target\":[\"https:\/\/www.estrategiaconcursos.com.br\/blog\/concurso-guarda-santa-luzia\/\"]}]},{\"@type\":\"ImageObject\",\"inLanguage\":\"pt-BR\",\"@id\":\"https:\/\/www.estrategiaconcursos.com.br\/blog\/concurso-guarda-santa-luzia\/#primaryimage\",\"url\":\"https:\/\/dhg1h5j42swfq.cloudfront.net\/2022\/06\/27111346\/guarda-de-santa-luzia-mg.jpg\",\"contentUrl\":\"https:\/\/dhg1h5j42swfq.cloudfront.net\/2022\/06\/27111346\/guarda-de-santa-luzia-mg.jpg\",\"width\":768,\"height\":432,\"caption\":\"guarda de Santa Luzia MG\"},{\"@type\":\"BreadcrumbList\",\"@id\":\"https:\/\/www.estrategiaconcursos.com.br\/blog\/concurso-guarda-santa-luzia\/#breadcrumb\",\"itemListElement\":[{\"@type\":\"ListItem\",\"position\":1,\"name\":\"In\u00edcio\",\"item\":\"https:\/\/www.estrategiaconcursos.com.br\/blog\/\"},{\"@type\":\"ListItem\",\"position\":2,\"name\":\"Concurso Guarda Santa Luzia: inscri\u00e7\u00e3o encerrada; 199 vagas!\"}]},{\"@type\":\"WebSite\",\"@id\":\"https:\/\/www.estrategiaconcursos.com.br\/blog\/#website\",\"url\":\"https:\/\/www.estrategiaconcursos.com.br\/blog\/\",\"name\":\"Estrat\u00e9gia Concursos\",\"description\":\"O blog da Estrat\u00e9gia Concursos traz not\u00edcias sobre concursos e artigos de professores oferecendo cursos para concursos (pdf + videaulas) no site.\",\"publisher\":{\"@id\":\"https:\/\/www.estrategiaconcursos.com.br\/blog\/#organization\"},\"potentialAction\":[{\"@type\":\"SearchAction\",\"target\":{\"@type\":\"EntryPoint\",\"urlTemplate\":\"https:\/\/www.estrategiaconcursos.com.br\/blog\/?s={search_term_string}\"},\"query-input\":{\"@type\":\"PropertyValueSpecification\",\"valueRequired\":true,\"valueName\":\"search_term_string\"}}],\"inLanguage\":\"pt-BR\"},{\"@type\":\"Organization\",\"@id\":\"https:\/\/www.estrategiaconcursos.com.br\/blog\/#organization\",\"name\":\"Estrat\u00e9gia Concursos\",\"url\":\"https:\/\/www.estrategiaconcursos.com.br\/blog\/\",\"logo\":{\"@type\":\"ImageObject\",\"inLanguage\":\"pt-BR\",\"@id\":\"https:\/\/www.estrategiaconcursos.com.br\/blog\/#\/schema\/logo\/image\/\",\"url\":\"https:\/\/dhg1h5j42swfq.cloudfront.net\/2025\/06\/03203428\/logo_concursos-1.jpg\",\"contentUrl\":\"https:\/\/dhg1h5j42swfq.cloudfront.net\/2025\/06\/03203428\/logo_concursos-1.jpg\",\"width\":230,\"height\":60,\"caption\":\"Estrat\u00e9gia Concursos\"},\"image\":{\"@id\":\"https:\/\/www.estrategiaconcursos.com.br\/blog\/#\/schema\/logo\/image\/\"},\"sameAs\":[\"https:\/\/x.com\/EstratConcursos\"]},{\"@type\":\"Person\",\"@id\":\"https:\/\/www.estrategiaconcursos.com.br\/blog\/#\/schema\/person\/b4a388c97673c5f483d72185668afa1f\",\"name\":\"Coordena\u00e7\u00e3o\",\"image\":{\"@type\":\"ImageObject\",\"inLanguage\":\"pt-BR\",\"@id\":\"https:\/\/secure.gravatar.com\/avatar\/b720319e4c9a967eb58678d110f4fe35452fc5d5f97b202bac7b8acceb18c6ad?s=96&d=mm&r=g\",\"url\":\"https:\/\/secure.gravatar.com\/avatar\/b720319e4c9a967eb58678d110f4fe35452fc5d5f97b202bac7b8acceb18c6ad?s=96&d=mm&r=g\",\"contentUrl\":\"https:\/\/secure.gravatar.com\/avatar\/b720319e4c9a967eb58678d110f4fe35452fc5d5f97b202bac7b8acceb18c6ad?s=96&d=mm&r=g\",\"caption\":\"Coordena\u00e7\u00e3o\"},\"sameAs\":[\"https:\/\/www.facebook.com\/EstrategiaConcursos\",\"https:\/\/x.com\/EstratConcursos\"],\"url\":\"https:\/\/www.estrategiaconcursos.com.br\/blog\/author\/estrategia2013\/\"}]}<\/script>\n<!-- \/ Yoast SEO Premium plugin. -->","yoast_head_json":{"title":"Concurso Guarda Santa Luzia: inscri\u00e7\u00e3o encerrada; 199 vagas!","description":"Concurso da Guarda de Santa Luzia: edital oferta 199 vagas e sal\u00e1rio inicial de R$ 3,3 mil. Requisitos incluem ter n\u00edvel m\u00e9dio e CNH!","robots":{"index":"index","follow":"follow","max-snippet":"max-snippet:-1","max-image-preview":"max-image-preview:large","max-video-preview":"max-video-preview:-1"},"canonical":"https:\/\/www.estrategiaconcursos.com.br\/blog\/concurso-guarda-santa-luzia\/","og_locale":"pt_BR","og_type":"article","og_title":"Concurso Guarda Santa Luzia: inscri\u00e7\u00e3o encerrada; 199 vagas!","og_description":"Concurso da Guarda de Santa Luzia: edital oferta 199 vagas e sal\u00e1rio inicial de R$ 3,3 mil. Requisitos incluem ter n\u00edvel m\u00e9dio e CNH!","og_url":"https:\/\/www.estrategiaconcursos.com.br\/blog\/concurso-guarda-santa-luzia\/","og_site_name":"Estrat\u00e9gia Concursos","article_author":"https:\/\/www.facebook.com\/EstrategiaConcursos","article_published_time":"2022-09-27T11:00:00+00:00","article_modified_time":"2023-10-17T18:02:21+00:00","og_image":[{"width":768,"height":432,"url":"https:\/\/dhg1h5j42swfq.cloudfront.net\/2022\/06\/27111346\/guarda-de-santa-luzia-mg.jpg","type":"image\/jpeg"}],"author":"Coordena\u00e7\u00e3o","twitter_card":"summary_large_image","twitter_creator":"@EstratConcursos","twitter_site":"@EstratConcursos","twitter_misc":{"Escrito por":"Coordena\u00e7\u00e3o","Est. tempo de leitura":"5 minutos"},"schema":{"@context":"https:\/\/schema.org","@graph":[{"@type":"NewsArticle","@id":"https:\/\/www.estrategiaconcursos.com.br\/blog\/concurso-guarda-santa-luzia\/#article","isPartOf":{"@id":"https:\/\/www.estrategiaconcursos.com.br\/blog\/concurso-guarda-santa-luzia\/"},"author":{"name":"Coordena\u00e7\u00e3o","@id":"https:\/\/www.estrategiaconcursos.com.br\/blog\/#\/schema\/person\/b4a388c97673c5f483d72185668afa1f"},"headline":"Concurso Guarda Santa Luzia: inscri\u00e7\u00e3o encerrada; 199 vagas!","datePublished":"2022-09-27T11:00:00+00:00","dateModified":"2023-10-17T18:02:21+00:00","mainEntityOfPage":{"@id":"https:\/\/www.estrategiaconcursos.com.br\/blog\/concurso-guarda-santa-luzia\/"},"wordCount":810,"commentCount":0,"publisher":{"@id":"https:\/\/www.estrategiaconcursos.com.br\/blog\/#organization"},"image":{"@id":"https:\/\/www.estrategiaconcursos.com.br\/blog\/concurso-guarda-santa-luzia\/#primaryimage"},"thumbnailUrl":"https:\/\/dhg1h5j42swfq.cloudfront.net\/2022\/06\/27111346\/guarda-de-santa-luzia-mg.jpg","articleSection":["Policial (Guardas Civis)"],"inLanguage":"pt-BR","potentialAction":[{"@type":"CommentAction","name":"Comment","target":["https:\/\/www.estrategiaconcursos.com.br\/blog\/concurso-guarda-santa-luzia\/#respond"]}],"copyrightYear":"2022","copyrightHolder":{"@id":"https:\/\/www.estrategiaconcursos.com.br\/blog\/#organization"}},{"@type":"WebPage","@id":"https:\/\/www.estrategiaconcursos.com.br\/blog\/concurso-guarda-santa-luzia\/","url":"https:\/\/www.estrategiaconcursos.com.br\/blog\/concurso-guarda-santa-luzia\/","name":"Concurso Guarda Santa Luzia: inscri\u00e7\u00e3o encerrada; 199 vagas!","isPartOf":{"@id":"https:\/\/www.estrategiaconcursos.com.br\/blog\/#website"},"primaryImageOfPage":{"@id":"https:\/\/www.estrategiaconcursos.com.br\/blog\/concurso-guarda-santa-luzia\/#primaryimage"},"image":{"@id":"https:\/\/www.estrategiaconcursos.com.br\/blog\/concurso-guarda-santa-luzia\/#primaryimage"},"thumbnailUrl":"https:\/\/dhg1h5j42swfq.cloudfront.net\/2022\/06\/27111346\/guarda-de-santa-luzia-mg.jpg","datePublished":"2022-09-27T11:00:00+00:00","dateModified":"2023-10-17T18:02:21+00:00","description":"Concurso da Guarda de Santa Luzia: edital oferta 199 vagas e sal\u00e1rio inicial de R$ 3,3 mil. Requisitos incluem ter n\u00edvel m\u00e9dio e CNH!","breadcrumb":{"@id":"https:\/\/www.estrategiaconcursos.com.br\/blog\/concurso-guarda-santa-luzia\/#breadcrumb"},"inLanguage":"pt-BR","potentialAction":[{"@type":"ReadAction","target":["https:\/\/www.estrategiaconcursos.com.br\/blog\/concurso-guarda-santa-luzia\/"]}]},{"@type":"ImageObject","inLanguage":"pt-BR","@id":"https:\/\/www.estrategiaconcursos.com.br\/blog\/concurso-guarda-santa-luzia\/#primaryimage","url":"https:\/\/dhg1h5j42swfq.cloudfront.net\/2022\/06\/27111346\/guarda-de-santa-luzia-mg.jpg","contentUrl":"https:\/\/dhg1h5j42swfq.cloudfront.net\/2022\/06\/27111346\/guarda-de-santa-luzia-mg.jpg","width":768,"height":432,"caption":"guarda de Santa Luzia MG"},{"@type":"BreadcrumbList","@id":"https:\/\/www.estrategiaconcursos.com.br\/blog\/concurso-guarda-santa-luzia\/#breadcrumb","itemListElement":[{"@type":"ListItem","position":1,"name":"In\u00edcio","item":"https:\/\/www.estrategiaconcursos.com.br\/blog\/"},{"@type":"ListItem","position":2,"name":"Concurso Guarda Santa Luzia: inscri\u00e7\u00e3o encerrada; 199 vagas!"}]},{"@type":"WebSite","@id":"https:\/\/www.estrategiaconcursos.com.br\/blog\/#website","url":"https:\/\/www.estrategiaconcursos.com.br\/blog\/","name":"Estrat\u00e9gia Concursos","description":"O blog da Estrat\u00e9gia Concursos traz not\u00edcias sobre concursos e artigos de professores oferecendo cursos para concursos (pdf + videaulas) no site.","publisher":{"@id":"https:\/\/www.estrategiaconcursos.com.br\/blog\/#organization"},"potentialAction":[{"@type":"SearchAction","target":{"@type":"EntryPoint","urlTemplate":"https:\/\/www.estrategiaconcursos.com.br\/blog\/?s={search_term_string}"},"query-input":{"@type":"PropertyValueSpecification","valueRequired":true,"valueName":"search_term_string"}}],"inLanguage":"pt-BR"},{"@type":"Organization","@id":"https:\/\/www.estrategiaconcursos.com.br\/blog\/#organization","name":"Estrat\u00e9gia Concursos","url":"https:\/\/www.estrategiaconcursos.com.br\/blog\/","logo":{"@type":"ImageObject","inLanguage":"pt-BR","@id":"https:\/\/www.estrategiaconcursos.com.br\/blog\/#\/schema\/logo\/image\/","url":"https:\/\/dhg1h5j42swfq.cloudfront.net\/2025\/06\/03203428\/logo_concursos-1.jpg","contentUrl":"https:\/\/dhg1h5j42swfq.cloudfront.net\/2025\/06\/03203428\/logo_concursos-1.jpg","width":230,"height":60,"caption":"Estrat\u00e9gia Concursos"},"image":{"@id":"https:\/\/www.estrategiaconcursos.com.br\/blog\/#\/schema\/logo\/image\/"},"sameAs":["https:\/\/x.com\/EstratConcursos"]},{"@type":"Person","@id":"https:\/\/www.estrategiaconcursos.com.br\/blog\/#\/schema\/person\/b4a388c97673c5f483d72185668afa1f","name":"Coordena\u00e7\u00e3o","image":{"@type":"ImageObject","inLanguage":"pt-BR","@id":"https:\/\/secure.gravatar.com\/avatar\/b720319e4c9a967eb58678d110f4fe35452fc5d5f97b202bac7b8acceb18c6ad?s=96&d=mm&r=g","url":"https:\/\/secure.gravatar.com\/avatar\/b720319e4c9a967eb58678d110f4fe35452fc5d5f97b202bac7b8acceb18c6ad?s=96&d=mm&r=g","contentUrl":"https:\/\/secure.gravatar.com\/avatar\/b720319e4c9a967eb58678d110f4fe35452fc5d5f97b202bac7b8acceb18c6ad?s=96&d=mm&r=g","caption":"Coordena\u00e7\u00e3o"},"sameAs":["https:\/\/www.facebook.com\/EstrategiaConcursos","https:\/\/x.com\/EstratConcursos"],"url":"https:\/\/www.estrategiaconcursos.com.br\/blog\/author\/estrategia2013\/"}]}},"_links":{"self":[{"href":"https:\/\/www.estrategiaconcursos.com.br\/blog\/wp-json\/wp\/v2\/posts\/1049511","targetHints":{"allow":["GET"]}}],"collection":[{"href":"https:\/\/www.estrategiaconcursos.com.br\/blog\/wp-json\/wp\/v2\/posts"}],"about":[{"href":"https:\/\/www.estrategiaconcursos.com.br\/blog\/wp-json\/wp\/v2\/types\/post"}],"author":[{"embeddable":true,"href":"https:\/\/www.estrategiaconcursos.com.br\/blog\/wp-json\/wp\/v2\/users\/1"}],"replies":[{"embeddable":true,"href":"https:\/\/www.estrategiaconcursos.com.br\/blog\/wp-json\/wp\/v2\/comments?post=1049511"}],"version-history":[{"count":28,"href":"https:\/\/www.estrategiaconcursos.com.br\/blog\/wp-json\/wp\/v2\/posts\/1049511\/revisions"}],"predecessor-version":[{"id":1293673,"href":"https:\/\/www.estrategiaconcursos.com.br\/blog\/wp-json\/wp\/v2\/posts\/1049511\/revisions\/1293673"}],"wp:featuredmedia":[{"embeddable":true,"href":"https:\/\/www.estrategiaconcursos.com.br\/blog\/wp-json\/wp\/v2\/media\/1050752"}],"wp:attachment":[{"href":"https:\/\/www.estrategiaconcursos.com.br\/blog\/wp-json\/wp\/v2\/media?parent=1049511"}],"wp:term":[{"taxonomy":"category","embeddable":true,"href":"https:\/\/www.estrategiaconcursos.com.br\/blog\/wp-json\/wp\/v2\/categories?post=1049511"},{"taxonomy":"post_tag","embeddable":true,"href":"https:\/\/www.estrategiaconcursos.com.br\/blog\/wp-json\/wp\/v2\/tags?post=1049511"},{"taxonomy":"tax_estado","embeddable":true,"href":"https:\/\/www.estrategiaconcursos.com.br\/blog\/wp-json\/wp\/v2\/tax_estado?post=1049511"}],"curies":[{"name":"wp","href":"https:\/\/api.w.org\/{rel}","templated":true}]}}