{"id":1049224,"date":"2022-07-27T23:59:00","date_gmt":"2022-07-28T02:59:00","guid":{"rendered":"https:\/\/www.estrategiaconcursos.com.br\/blog\/?p=1049224"},"modified":"2022-07-28T08:48:02","modified_gmt":"2022-07-28T11:48:02","slug":"concurso-guarda-porto-alegre-edital-publicado","status":"publish","type":"post","link":"https:\/\/www.estrategiaconcursos.com.br\/blog\/concurso-guarda-porto-alegre-edital-publicado\/","title":{"rendered":"Edital Guarda Porto Alegre: inscri\u00e7\u00f5es encerradas para 32 vagas"},"content":{"rendered":"\n<p>O <strong>edital Guarda de Porto Alegre<\/strong> est\u00e1 com suas inscri\u00e7\u00f5es encerradas! Os interessados puderam se inscrever no\u00a0site da Funda\u00e7\u00e3o La Salle at\u00e9 o dia<strong> 27 de julho<\/strong>. A taxa foi fixada em R$ 98,72.<\/p>\n\n\n\n<p>S\u00e3o ofertadas <strong>32 vagas<\/strong> para o cargo de <a href=\"https:\/\/www.estrategiaconcursos.com.br\/cursosPorConcurso\/prefeitura-municipal-de-porto-alegre-rs\/\" target=\"_blank\" rel=\"noreferrer noopener\">Guarda Civil Municipal<\/a>, com exig\u00eancia de n\u00edvel m\u00e9dio de forma\u00e7\u00e3o.<\/p>\n\n\n\n<p>A etapa de <strong>Prova Objetiva<\/strong> est\u00e1 marcada para acontecer em <strong>25 de setembro<\/strong>, com 60 quest\u00f5es de m\u00faltipla escolha.<\/p>\n\n\n\n<ul class=\"has-very-light-gray-to-cyan-bluish-gray-gradient-background has-background wp-block-list\"><li><strong>Guarda de Porto Alegre<\/strong><\/li><li><strong>Banca<\/strong>: <a href=\"https:\/\/fundacaolasalle.org.br\/concursos\/\" target=\"_blank\" rel=\"noreferrer noopener\">Funda\u00e7\u00e3o La Salle<\/a><\/li><li><strong style=\"background-color: initial;\">Vagas<\/strong><span style=\"background-color: initial;\">: <\/span>32<\/li><li><strong>Sal\u00e1rio<\/strong>: R$ 1.398,50<\/li><li><strong>Edital:<\/strong> <a href=\"https:\/\/dhg1h5j42swfq.cloudfront.net\/2022\/06\/27063551\/concurso-guarda-porto-alegre-rs-2022-edital-1.pdf\" target=\"_blank\" rel=\"noreferrer noopener nofollow\">Guarda de Porto Alegre 2022<\/a><\/li><\/ul>\n\n\n\n<div id=\"boxes\" class=\"container\">\n<div class=\"row\">\n<div class=\"col-sm\">\n<div id=\"box-assinatura\" class=\"banner-policial\">\n<h3 class=\"titulo-assinatura\">Concurso Guarda de Porto Alegre<\/h3>\n<p class=\"subtitulo-assinatura\">Conhe\u00e7a os cursos<\/p>\n<div class=\"box-botao\"><a class=\"btn-assinatura\" role=\"button\" href=\"https:\/\/www.estrategiaconcursos.com.br\/cursosPorConcurso\/prefeitura-municipal-de-porto-alegre-rs\/\" target=\"_blank\" rel=\"noopener noreferrer\">Conhe\u00e7a mais<\/a><\/div>\n<\/div>\n\n<\/div>\n<\/div>\n<\/div>\n\n\n\n<h2 class=\"wp-block-heading\" id=\"principais-datas-do-edital-guarda-de-porto-alegre\">Principais datas do edital Guarda de Porto Alegre<\/h2>\n\n\n\n<ul class=\"has-background wp-block-list\" style=\"background-color:#f1f1f1\"><li><strong>Inscri\u00e7\u00f5es:<\/strong> <s>28\/06 a 27\/07<\/s><\/li><li><strong>Isen\u00e7\u00e3o da taxa:<\/strong> <s>28 a 30\/06<\/s><\/li><li><strong>Pagamento do boleto:<\/strong> 28\/07<\/li><li><strong>Prova:<\/strong> 25\/09<\/li><\/ul>\n\n\n\n<h2 class=\"wp-block-heading\" id=\"cargos-e-vagas\">Cargos e vagas do edital Guarda de Porto Alegre<\/h2>\n\n\n\n<figure class=\"wp-block-table is-style-stripes\"><table class=\"has-very-light-gray-to-cyan-bluish-gray-gradient-background has-background has-fixed-layout\"><tbody><tr><td class=\"has-text-align-center\" data-align=\"center\"><strong>Cargo<\/strong><\/td><td class=\"has-text-align-center\" data-align=\"center\"><strong>Vagas<\/strong><\/td><\/tr><tr><td class=\"has-text-align-center\" data-align=\"center\"><a href=\"https:\/\/www.estrategiaconcursos.com.br\/cursosPorConcurso\/prefeitura-municipal-de-porto-alegre-rs\/\" target=\"_blank\" rel=\"noreferrer noopener\">Guarda Municipal<\/a><\/td><td class=\"has-text-align-center\" data-align=\"center\">32<\/td><\/tr><\/tbody><\/table><\/figure>\n\n\n\n<ul class=\"wp-block-list\"><li><a href=\"https:\/\/dhg1h5j42swfq.cloudfront.net\/2022\/07\/28084603\/ed60_an2_retif_poa5822.pdf\" target=\"_blank\" rel=\"noreferrer noopener nofollow\">1\u00aa retifica\u00e7\u00e3o<\/a>;<\/li><li><a href=\"https:\/\/dhg1h5j42swfq.cloudfront.net\/2022\/07\/28084607\/ed61_retif_poa5822.pdf\" target=\"_blank\" rel=\"noreferrer noopener nofollow\">2\u00aa retifica\u00e7\u00e3o<\/a>;<\/li><li><a href=\"https:\/\/dhg1h5j42swfq.cloudfront.net\/2022\/07\/28084609\/ed67_an2_retif_poa5822.pdf\" target=\"_blank\" rel=\"noreferrer noopener nofollow\">3\u00aa retifica\u00e7\u00e3o<\/a>.<\/li><\/ul>\n\n\n\n<h3 class=\"wp-block-heading\" id=\"R$\">Remunera\u00e7\u00e3o<\/h3>\n\n\n\n<p>O vencimento b\u00e1sico inicial do edital Guarda de Porto Alegre, conforme carga hor\u00e1ria de 30 horas semanais, \u00e9 equivalente a <strong>R$ 1.398,50<\/strong>, al\u00e9m dos seguintes benef\u00edcios:<\/p>\n\n\n\n<ul class=\"wp-block-list\"><li>Gratifica\u00e7\u00e3o por Risco de Vida de 30% sobre o vencimento b\u00e1sico inicial;<\/li><li>Poder\u00e1, de acordo com a necessidade da Administra\u00e7\u00e3o, ser convocado para Regime de Tempo Integral (RTI), com carga hor\u00e1ria de trabalho de 40 horas semanais, com acr\u00e9scimo de 50% sobre o vencimento b\u00e1sico inicial;<\/li><li>Vale-alimenta\u00e7\u00e3o, conforme previsto na Lei Municipal n\u00ba 7.532\/1994;<\/li><li>Vale-transporte facultativo e subsidiado, em conformidade com o estabelecido pela Lei Municipal n\u00ba 5.595\/1985; e<\/li><li>Plano de sa\u00fade facultativo e subsidiado, conforme Lei Municipal n\u00ba 11.556\/2014.<\/li><\/ul>\n\n\n\n<h3 class=\"wp-block-heading\" id=\"atribuicoes\">Atribui\u00e7\u00f5es<\/h3>\n\n\n\n<ul class=\"wp-block-list\"><li>Exercer vigil\u00e2ncia em locais previamente determinados;<\/li><li>Conduzir ve\u00edculos oficiais quando em servi\u00e7os de vigil\u00e2ncia;<\/li><li>Realizar ronda de inspe\u00e7\u00e3o em intervalos fixados, adotando providencias tendentes a evitar roubos, inc\u00eandios, danifica\u00e7\u00f5es em edif\u00edcios, pra\u00e7as, jardins, materiais sob sua guarda;<\/li><li>Controlar a entrada e a sa\u00edda de pessoas e ve\u00edculos pelos port\u00f5es de acesso sob sua vigil\u00e2ncia, verificando, quando necess\u00e1rio, as autoriza\u00e7\u00f5es de ingresso; verificar se as portas, as janelas e as demais vias de acesso est\u00e3o devidamente fechadas;<\/li><li>Investigar quaisquer condi\u00e7\u00f5es anormais que tenha observado;<\/li><li>Responder \u00e0s chamadas telef\u00f4nicas e anotar recados;<\/li><li>Levar ao imediato conhecimento das autoridades competentes qualquer irregularidade verificada;<\/li><li>Acompanhar funcion\u00e1rios, quando necess\u00e1rio, no exerc\u00edcio de suas fun\u00e7\u00f5es;<\/li><li>Exercer a fiscaliza\u00e7\u00e3o e a lavratura de auto de infra\u00e7\u00e3o; e<\/li><li>Executar tarefas afins.<\/li><\/ul>\n\n\n\n<h3 class=\"wp-block-heading\" id=\"requisitos-do-cargo\">Requisitos do cargo<\/h3>\n\n\n\n<ul class=\"wp-block-list\"><li>Ensino M\u00e9dio Completo;<\/li><li>Possuir Carteira Nacional de Habilita\u00e7\u00e3o, categoria \u201cB\u201d;<\/li><li>Idade m\u00e1xima 25 anos at\u00e9 a data de abertura das inscri\u00e7\u00f5es, conforme Lei Municipal n\u00ba 12.933\/21 e art. 16, \u00a7 1\u00ba, da Lei Complementar Municipal n\u00ba 133\/85.<\/li><\/ul>\n\n\n\n<h2 class=\"wp-block-heading\" id=\"etapas-do-concurso\">Etapas do edital Guarda de Porto Alegre<\/h2>\n\n\n\n<p>Todos os concorrentes do edital Guarda de Porto Alegre ser\u00e3o avaliados por meio das seguintes etapas: <\/p>\n\n\n\n<ul class=\"wp-block-list\"><li><strong>1\u00aa Etapa:&nbsp;<\/strong>Provas Objetivas, de car\u00e1ter eliminat\u00f3rio e classificat\u00f3rio;<\/li><li><strong>2\u00aa Etapa:&nbsp;<\/strong>Testes de Aptid\u00e3o F\u00edsica (TAF), de car\u00e1ter eliminat\u00f3rio e classificat\u00f3rio;<\/li><li><strong>3\u00aa Etapa:&nbsp;<\/strong>Avalia\u00e7\u00e3o Psicol\u00f3gica, de car\u00e1ter eliminat\u00f3rio e classificat\u00f3rio; e<\/li><li><strong>4\u00aa Etapa:&nbsp;<\/strong>Curso de Armamento e Tiro, de car\u00e1ter eliminat\u00f3rio e classificat\u00f3rio<\/li><\/ul>\n\n\n\n<h3 class=\"wp-block-heading\" id=\"prova-objetiva\">Prova Objetiva<\/h3>\n\n\n\n<p>A aplica\u00e7\u00e3o da etapa de Prova Objetiva est\u00e1 prevista para o dia <strong>25 de setembro de 2022<\/strong>, sendo constitu\u00edda por 60 quest\u00f5es do tipo m\u00faltipla escolha, cobrando as seguintes disciplinas:<\/p>\n\n\n\n<p>\u25ba&nbsp;Conhecimentos Espec\u00edficos &#8211; 20 quest\u00f5es;<br \/>\u25ba&nbsp;L\u00edngua Portuguesa &#8211; 20 quest\u00f5es;<br \/>\u25ba&nbsp;Racioc\u00ednio L\u00f3gico &#8211; 10 quest\u00f5es; e<br \/>\u25ba&nbsp;Inform\u00e1tica &#8211; 10 quest\u00f5es.<\/p>\n\n\n\n<h3 class=\"wp-block-heading\" id=\"taf\">Exame de Aptid\u00e3o F\u00edsica<\/h3>\n\n\n\n<p>O Testes de Aptid\u00e3o F\u00edsica (TAF) tem car\u00e1ter eliminat\u00f3rio e classificat\u00f3rio, com pontua\u00e7\u00e3o espec\u00edfica, realizado em ordem preestabelecida, por candidatos classificados aprovados e habilitados por Atestado M\u00e9dico espec\u00edfico, com avalia\u00e7\u00e3o individual do candidato.<\/p>\n\n\n\n<p>O TAF do edital Guarda de Porto Alegre constar\u00e1 de quatro testes:<\/p>\n\n\n\n<ul class=\"wp-block-list\"><li>a) Impuls\u00e3o;<\/li><li>b) For\u00e7a de membros superiores (apoio sobre o solo e barra fixa);<\/li><li>c) Resist\u00eancia abdominal; e<\/li><li>d) Capacidade aer\u00f3bica.<\/li><\/ul>\n\n\n\n<h3 class=\"wp-block-heading\" id=\"psico\">Avalia\u00e7\u00e3o Psicol\u00f3gica<\/h3>\n\n\n\n<p>Avalia\u00e7\u00e3o Psicol\u00f3gica do edital Guarda de Porto Alegre, de car\u00e1ter eliminat\u00f3rio, avaliar\u00e1 as condi\u00e7\u00f5es do candidato para o desempenho do cargo. <\/p>\n\n\n\n<p>O processo de avalia\u00e7\u00e3o acontecer\u00e1 por meio de instrumental competente, embasado em normas e procedimentos reconhecidos e validados em n\u00edvel nacional e em conformidade com as normas do Conselho Federal de Psicologia, Resolu\u00e7\u00e3o CFP n\u00ba01\/2002 e cap\u00edtulo I, da Instru\u00e7\u00e3o Normativa n\u00ba 78\/2014 do Departamento de Pol\u00edcia Federal.<\/p>\n\n\n\n<h3 class=\"wp-block-heading\" id=\"prova-pratica\">Prova Pr\u00e1tica <\/h3>\n\n\n\n<p>A Prova Pr\u00e1tica , para habilita\u00e7\u00e3o de porte de arma de fogo, ser\u00e1 realizada em alvo humanoide com 10 disparos a cinco metros e 10 disparos a 7 metros, al\u00e9m de alvo colorido com 24 disparos a 7 metros. <\/p>\n\n\n\n<p>A pontua\u00e7\u00e3o m\u00ednima para aprova\u00e7\u00e3o na prova pr\u00e1tica dever\u00e1 ser de 60% ou superior. A etapa ser\u00e1 realizada em data, hor\u00e1rio e local a ser divulgado com anteced\u00eancia m\u00ednima de 15 (quinze) dias.<\/p>\n\n\n\n<p class=\"has-text-align-center has-cyan-bluish-gray-background-color has-background has-medium-font-size\"><strong>Saiba mais: <a href=\"https:\/\/www.estrategiaconcursos.com.br\/blog\/concurso-guarda-de-porto-alegre\/\" target=\"_blank\" rel=\"noreferrer noopener\">concurso Guarda de Porto Alegre<\/a><\/strong><\/p>\n\n\n\n<h2 class=\"has-text-align-center wp-block-heading\" id=\"h-quer-saber-tudo-sobre-concursos-previstos-confira-nossos-artigos\">Quer saber tudo sobre concursos previstos?<br \/>Confira  nossos artigos!<\/h2>\n\n\n\n<ul class=\"wp-block-list\"><li><a href=\"https:\/\/www.estrategiaconcursos.com.br\/blog\/concursos-abertos\/\" target=\"_blank\" rel=\"noreferrer noopener\">Concursos abertos<\/a><\/li><li><a href=\"https:\/\/www.estrategiaconcursos.com.br\/blog\/concursos-2022\/\" target=\"_blank\" rel=\"noreferrer noopener\">Concursos 2022<\/a><\/li><\/ul>\n\n\n\n<h2 class=\"has-text-align-center wp-block-heading\" id=\"cursos-assinatura\">Quer estudar para o edital Guarda de Porto Alegre?<\/h2>\n\n\n\n<div id=\"boxes\" class=\"container\">\n<div class=\"row\">\n<div class=\"col-sm\">\n<div id=\"box-assinatura\" class=\"banner-policial\">\n<h3 class=\"titulo-assinatura\">Concurso Guarda de Porto Alegre<\/h3>\n<p class=\"subtitulo-assinatura\">Conhe\u00e7a os cursos<\/p>\n<div class=\"box-botao\"><a class=\"btn-assinatura\" role=\"button\" href=\"https:\/\/www.estrategiaconcursos.com.br\/cursosPorConcurso\/prefeitura-municipal-de-porto-alegre-rs\/\" target=\"_blank\" rel=\"noopener noreferrer\">Conhe\u00e7a mais<\/a><\/div>\n<\/div>\n\n<\/div>\n<\/div>\n<\/div>\n\n\n\n<div class=\"container\" id=\"boxes\">\n  <div class=\"row\">\n\n    <div class=\"col-sm\">\n      <div class=\"estrategia\" id=\"box-assinatura\">\n        <h3 class=\"titulo-assinatura\">Assinatura Concursos<\/h3>\n        <p class=\"subtitulo-assinatura\">Assinatura de 1 ano ou 2 anos<\/p>\n        <div class=\"box-botao\">\n          <a class=\"btn-assinatura\" target=\"_blank\" href=\"https:\/\/www.estrategiaconcursos.com.br\/assinaturas\/\" role=\"button\" rel=\"noopener noreferrer\">ASSINE AGORA<\/a>\n        <\/div>\n      <\/div><\/div><\/div><\/div>\n\n\n\n<figure class=\"wp-block-image size-large is-resized\"><img loading=\"lazy\" decoding=\"async\" src=\"https:\/\/dhg1h5j42swfq.cloudfront.net\/2021\/04\/22113656\/ficha-tecnica-1-1024x632-1-8.png\" alt=\"Ficha do edital Guarda de Porto Alegre\" class=\"wp-image-720787\" width=\"282\" height=\"174\" srcset=\"https:\/\/dhg1h5j42swfq.cloudfront.net\/2021\/04\/22113656\/ficha-tecnica-1-1024x632-1-8.png 1024w, https:\/\/dhg1h5j42swfq.cloudfront.net\/2021\/04\/22113656\/ficha-tecnica-1-1024x632-1-8-300x185.png 300w, https:\/\/dhg1h5j42swfq.cloudfront.net\/2021\/04\/22113656\/ficha-tecnica-1-1024x632-1-8-768x474.png 768w, https:\/\/dhg1h5j42swfq.cloudfront.net\/2021\/04\/22113656\/ficha-tecnica-1-1024x632-1-8-610x376.png 610w\" sizes=\"auto, (max-width: 282px) 100vw, 282px\" \/><\/figure>\n\n\n\n<h3 class=\"wp-block-heading\" id=\"h-informacoes-do-edital-guarda-de-porto-alegre\">Informa\u00e7\u00f5es do edital Guarda de Porto Alegre<\/h3>\n\n\n\n<p id=\"h-prova-07-de-novembro-vagas-2-000-cargos-soldado-banca-fgv-edital-pm-ce-2021-soldado\">\u25ba<strong>Provas<\/strong>: 25\/09\/2022<br \/>\u25ba<strong>Vagas<\/strong>: 32<br \/><strong>\u25baCargos<\/strong>: Guarda municipal<br \/>\u25ba<strong>Banca<\/strong>: Funda\u00e7\u00e3o La Salle<br \/>\u25ba<strong>Edital<\/strong>: <a href=\"https:\/\/dhg1h5j42swfq.cloudfront.net\/2022\/06\/27082536\/concurso-guarda-porto-alegre-rs-2022-edital-1-1.pdf\" target=\"_blank\" rel=\"noreferrer noopener nofollow\">GCM Porto Alegre 2022<\/a><\/p>\n","protected":false},"excerpt":{"rendered":"<p>O edital Guarda de Porto Alegre est\u00e1 com suas inscri\u00e7\u00f5es encerradas! Os interessados puderam se inscrever no\u00a0site da Funda\u00e7\u00e3o La Salle at\u00e9 o dia 27 de julho. A taxa foi fixada em R$ 98,72. S\u00e3o ofertadas 32 vagas para o cargo de Guarda Civil Municipal, com exig\u00eancia de n\u00edvel m\u00e9dio de forma\u00e7\u00e3o. A etapa de [&hellip;]<\/p>\n","protected":false},"author":1483,"featured_media":908351,"comment_status":"open","ping_status":"closed","sticky":false,"template":"","format":"standard","meta":{"post_tipo":"news","footnotes":""},"categories":[220189,220219],"tags":[],"tax_estado":[219986],"class_list":["post-1049224","post","type-post","status-publish","format-standard","has-post-thumbnail","hentry","category-policial-guarda-civis","category-noticias","tax_estado-rs"],"acf":[],"yoast_head":"<!-- This site is optimized with the Yoast SEO Premium plugin v27.2 (Yoast SEO v27.2) - https:\/\/yoast.com\/product\/yoast-seo-premium-wordpress\/ -->\n<title>Edital Guarda Porto Alegre: inscri\u00e7\u00f5es encerradas para 32 vagas<\/title>\n<meta name=\"description\" content=\"Edital Guarda de Porto Alegre \u00e9 publicado com 32 vagas. Inscri\u00e7\u00f5es est\u00e3o encerradas! Confira os detalhes no site do Estrat\u00e9gia!\" \/>\n<meta name=\"robots\" content=\"index, follow, max-snippet:-1, max-image-preview:large, max-video-preview:-1\" \/>\n<link rel=\"canonical\" href=\"https:\/\/www.estrategiaconcursos.com.br\/blog\/concurso-guarda-porto-alegre-edital-publicado\/\" \/>\n<meta property=\"og:locale\" content=\"pt_BR\" \/>\n<meta property=\"og:type\" content=\"article\" \/>\n<meta property=\"og:title\" content=\"Edital Guarda Porto Alegre: inscri\u00e7\u00f5es encerradas para 32 vagas\" \/>\n<meta property=\"og:description\" content=\"Edital Guarda de Porto Alegre \u00e9 publicado com 32 vagas. Inscri\u00e7\u00f5es est\u00e3o encerradas! Confira os detalhes no site do Estrat\u00e9gia!\" \/>\n<meta property=\"og:url\" content=\"https:\/\/www.estrategiaconcursos.com.br\/blog\/concurso-guarda-porto-alegre-edital-publicado\/\" \/>\n<meta property=\"og:site_name\" content=\"Estrat\u00e9gia Concursos\" \/>\n<meta property=\"article:published_time\" content=\"2022-07-28T02:59:00+00:00\" \/>\n<meta property=\"article:modified_time\" content=\"2022-07-28T11:48:02+00:00\" \/>\n<meta property=\"og:image\" content=\"https:\/\/dhg1h5j42swfq.cloudfront.net\/2021\/11\/13090621\/guarda_de_porto_alegre.jpg\" \/>\n\t<meta property=\"og:image:width\" content=\"768\" \/>\n\t<meta property=\"og:image:height\" content=\"432\" \/>\n\t<meta property=\"og:image:type\" content=\"image\/jpeg\" \/>\n<meta name=\"author\" content=\"Diogo Mendes\" \/>\n<meta name=\"twitter:card\" content=\"summary_large_image\" \/>\n<meta name=\"twitter:creator\" content=\"@EstratConcursos\" \/>\n<meta name=\"twitter:site\" content=\"@EstratConcursos\" \/>\n<meta name=\"twitter:label1\" content=\"Escrito por\" \/>\n\t<meta name=\"twitter:data1\" content=\"Diogo Mendes\" \/>\n\t<meta name=\"twitter:label2\" content=\"Est. tempo de leitura\" \/>\n\t<meta name=\"twitter:data2\" content=\"5 minutos\" \/>\n<script type=\"application\/ld+json\" class=\"yoast-schema-graph\">{\"@context\":\"https:\/\/schema.org\",\"@graph\":[{\"@type\":\"NewsArticle\",\"@id\":\"https:\/\/www.estrategiaconcursos.com.br\/blog\/concurso-guarda-porto-alegre-edital-publicado\/#article\",\"isPartOf\":{\"@id\":\"https:\/\/www.estrategiaconcursos.com.br\/blog\/concurso-guarda-porto-alegre-edital-publicado\/\"},\"author\":{\"name\":\"Diogo Mendes\",\"@id\":\"https:\/\/www.estrategiaconcursos.com.br\/blog\/#\/schema\/person\/cc9e76173880338ce9f656c88664a1f6\"},\"headline\":\"Edital Guarda Porto Alegre: inscri\u00e7\u00f5es encerradas para 32 vagas\",\"datePublished\":\"2022-07-28T02:59:00+00:00\",\"dateModified\":\"2022-07-28T11:48:02+00:00\",\"mainEntityOfPage\":{\"@id\":\"https:\/\/www.estrategiaconcursos.com.br\/blog\/concurso-guarda-porto-alegre-edital-publicado\/\"},\"wordCount\":914,\"commentCount\":0,\"publisher\":{\"@id\":\"https:\/\/www.estrategiaconcursos.com.br\/blog\/#organization\"},\"image\":{\"@id\":\"https:\/\/www.estrategiaconcursos.com.br\/blog\/concurso-guarda-porto-alegre-edital-publicado\/#primaryimage\"},\"thumbnailUrl\":\"https:\/\/dhg1h5j42swfq.cloudfront.net\/2021\/11\/13090621\/guarda_de_porto_alegre.jpg\",\"articleSection\":[\"Policial (Guardas Civis)\",\"\u00daltimas not\u00edcias\"],\"inLanguage\":\"pt-BR\",\"potentialAction\":[{\"@type\":\"CommentAction\",\"name\":\"Comment\",\"target\":[\"https:\/\/www.estrategiaconcursos.com.br\/blog\/concurso-guarda-porto-alegre-edital-publicado\/#respond\"]}],\"copyrightYear\":\"2022\",\"copyrightHolder\":{\"@id\":\"https:\/\/www.estrategiaconcursos.com.br\/blog\/#organization\"}},{\"@type\":\"WebPage\",\"@id\":\"https:\/\/www.estrategiaconcursos.com.br\/blog\/concurso-guarda-porto-alegre-edital-publicado\/\",\"url\":\"https:\/\/www.estrategiaconcursos.com.br\/blog\/concurso-guarda-porto-alegre-edital-publicado\/\",\"name\":\"Edital Guarda Porto Alegre: inscri\u00e7\u00f5es encerradas para 32 vagas\",\"isPartOf\":{\"@id\":\"https:\/\/www.estrategiaconcursos.com.br\/blog\/#website\"},\"primaryImageOfPage\":{\"@id\":\"https:\/\/www.estrategiaconcursos.com.br\/blog\/concurso-guarda-porto-alegre-edital-publicado\/#primaryimage\"},\"image\":{\"@id\":\"https:\/\/www.estrategiaconcursos.com.br\/blog\/concurso-guarda-porto-alegre-edital-publicado\/#primaryimage\"},\"thumbnailUrl\":\"https:\/\/dhg1h5j42swfq.cloudfront.net\/2021\/11\/13090621\/guarda_de_porto_alegre.jpg\",\"datePublished\":\"2022-07-28T02:59:00+00:00\",\"dateModified\":\"2022-07-28T11:48:02+00:00\",\"description\":\"Edital Guarda de Porto Alegre \u00e9 publicado com 32 vagas. Inscri\u00e7\u00f5es est\u00e3o encerradas! Confira os detalhes no site do Estrat\u00e9gia!\",\"breadcrumb\":{\"@id\":\"https:\/\/www.estrategiaconcursos.com.br\/blog\/concurso-guarda-porto-alegre-edital-publicado\/#breadcrumb\"},\"inLanguage\":\"pt-BR\",\"potentialAction\":[{\"@type\":\"ReadAction\",\"target\":[\"https:\/\/www.estrategiaconcursos.com.br\/blog\/concurso-guarda-porto-alegre-edital-publicado\/\"]}]},{\"@type\":\"ImageObject\",\"inLanguage\":\"pt-BR\",\"@id\":\"https:\/\/www.estrategiaconcursos.com.br\/blog\/concurso-guarda-porto-alegre-edital-publicado\/#primaryimage\",\"url\":\"https:\/\/dhg1h5j42swfq.cloudfront.net\/2021\/11\/13090621\/guarda_de_porto_alegre.jpg\",\"contentUrl\":\"https:\/\/dhg1h5j42swfq.cloudfront.net\/2021\/11\/13090621\/guarda_de_porto_alegre.jpg\",\"width\":768,\"height\":432,\"caption\":\"Guarda de Porto Alegre\"},{\"@type\":\"BreadcrumbList\",\"@id\":\"https:\/\/www.estrategiaconcursos.com.br\/blog\/concurso-guarda-porto-alegre-edital-publicado\/#breadcrumb\",\"itemListElement\":[{\"@type\":\"ListItem\",\"position\":1,\"name\":\"In\u00edcio\",\"item\":\"https:\/\/www.estrategiaconcursos.com.br\/blog\/\"},{\"@type\":\"ListItem\",\"position\":2,\"name\":\"Edital Guarda Porto Alegre: inscri\u00e7\u00f5es encerradas para 32 vagas\"}]},{\"@type\":\"WebSite\",\"@id\":\"https:\/\/www.estrategiaconcursos.com.br\/blog\/#website\",\"url\":\"https:\/\/www.estrategiaconcursos.com.br\/blog\/\",\"name\":\"Estrat\u00e9gia Concursos\",\"description\":\"O blog da Estrat\u00e9gia Concursos traz not\u00edcias sobre concursos e artigos de professores oferecendo cursos para concursos (pdf + videaulas) no site.\",\"publisher\":{\"@id\":\"https:\/\/www.estrategiaconcursos.com.br\/blog\/#organization\"},\"potentialAction\":[{\"@type\":\"SearchAction\",\"target\":{\"@type\":\"EntryPoint\",\"urlTemplate\":\"https:\/\/www.estrategiaconcursos.com.br\/blog\/?s={search_term_string}\"},\"query-input\":{\"@type\":\"PropertyValueSpecification\",\"valueRequired\":true,\"valueName\":\"search_term_string\"}}],\"inLanguage\":\"pt-BR\"},{\"@type\":\"Organization\",\"@id\":\"https:\/\/www.estrategiaconcursos.com.br\/blog\/#organization\",\"name\":\"Estrat\u00e9gia Concursos\",\"url\":\"https:\/\/www.estrategiaconcursos.com.br\/blog\/\",\"logo\":{\"@type\":\"ImageObject\",\"inLanguage\":\"pt-BR\",\"@id\":\"https:\/\/www.estrategiaconcursos.com.br\/blog\/#\/schema\/logo\/image\/\",\"url\":\"https:\/\/dhg1h5j42swfq.cloudfront.net\/2025\/06\/03203428\/logo_concursos-1.jpg\",\"contentUrl\":\"https:\/\/dhg1h5j42swfq.cloudfront.net\/2025\/06\/03203428\/logo_concursos-1.jpg\",\"width\":230,\"height\":60,\"caption\":\"Estrat\u00e9gia Concursos\"},\"image\":{\"@id\":\"https:\/\/www.estrategiaconcursos.com.br\/blog\/#\/schema\/logo\/image\/\"},\"sameAs\":[\"https:\/\/x.com\/EstratConcursos\"]},{\"@type\":\"Person\",\"@id\":\"https:\/\/www.estrategiaconcursos.com.br\/blog\/#\/schema\/person\/cc9e76173880338ce9f656c88664a1f6\",\"name\":\"Diogo Mendes\",\"image\":{\"@type\":\"ImageObject\",\"inLanguage\":\"pt-BR\",\"@id\":\"https:\/\/secure.gravatar.com\/avatar\/9754d6777d460a45ef4067b586b94c32005cc2345a0404b8d96adc620cf63806?s=96&d=mm&r=g\",\"url\":\"https:\/\/secure.gravatar.com\/avatar\/9754d6777d460a45ef4067b586b94c32005cc2345a0404b8d96adc620cf63806?s=96&d=mm&r=g\",\"contentUrl\":\"https:\/\/secure.gravatar.com\/avatar\/9754d6777d460a45ef4067b586b94c32005cc2345a0404b8d96adc620cf63806?s=96&d=mm&r=g\",\"caption\":\"Diogo Mendes\"},\"description\":\"Diogo Mendes \u00e9 jornalista formado pela Universidade Paulista, com experi\u00eancia em reda\u00e7\u00f5es de diversos ve\u00edculos e na produ\u00e7\u00e3o de conte\u00fados especializados em concursos p\u00fablicos. Desde 2019, atua no Estrat\u00e9gia Concursos como Jornalista e Analista de Conte\u00fado, com foco na apura\u00e7\u00e3o de informa\u00e7\u00f5es junto a \u00f3rg\u00e3os e fontes oficiais. Dedica-se especialmente \u00e0 produ\u00e7\u00e3o de not\u00edcias e reportagens sobre Concursos Legislativos, al\u00e9m de acompanhar diariamente os concursos policiais, banc\u00e1rios e da \u00e1rea da sa\u00fade.\",\"url\":\"https:\/\/www.estrategiaconcursos.com.br\/blog\/author\/diogo-mendesestrategiaconcursos-com-br\/\"}]}<\/script>\n<!-- \/ Yoast SEO Premium plugin. -->","yoast_head_json":{"title":"Edital Guarda Porto Alegre: inscri\u00e7\u00f5es encerradas para 32 vagas","description":"Edital Guarda de Porto Alegre \u00e9 publicado com 32 vagas. Inscri\u00e7\u00f5es est\u00e3o encerradas! Confira os detalhes no site do Estrat\u00e9gia!","robots":{"index":"index","follow":"follow","max-snippet":"max-snippet:-1","max-image-preview":"max-image-preview:large","max-video-preview":"max-video-preview:-1"},"canonical":"https:\/\/www.estrategiaconcursos.com.br\/blog\/concurso-guarda-porto-alegre-edital-publicado\/","og_locale":"pt_BR","og_type":"article","og_title":"Edital Guarda Porto Alegre: inscri\u00e7\u00f5es encerradas para 32 vagas","og_description":"Edital Guarda de Porto Alegre \u00e9 publicado com 32 vagas. Inscri\u00e7\u00f5es est\u00e3o encerradas! Confira os detalhes no site do Estrat\u00e9gia!","og_url":"https:\/\/www.estrategiaconcursos.com.br\/blog\/concurso-guarda-porto-alegre-edital-publicado\/","og_site_name":"Estrat\u00e9gia Concursos","article_published_time":"2022-07-28T02:59:00+00:00","article_modified_time":"2022-07-28T11:48:02+00:00","og_image":[{"width":768,"height":432,"url":"https:\/\/dhg1h5j42swfq.cloudfront.net\/2021\/11\/13090621\/guarda_de_porto_alegre.jpg","type":"image\/jpeg"}],"author":"Diogo Mendes","twitter_card":"summary_large_image","twitter_creator":"@EstratConcursos","twitter_site":"@EstratConcursos","twitter_misc":{"Escrito por":"Diogo Mendes","Est. tempo de leitura":"5 minutos"},"schema":{"@context":"https:\/\/schema.org","@graph":[{"@type":"NewsArticle","@id":"https:\/\/www.estrategiaconcursos.com.br\/blog\/concurso-guarda-porto-alegre-edital-publicado\/#article","isPartOf":{"@id":"https:\/\/www.estrategiaconcursos.com.br\/blog\/concurso-guarda-porto-alegre-edital-publicado\/"},"author":{"name":"Diogo Mendes","@id":"https:\/\/www.estrategiaconcursos.com.br\/blog\/#\/schema\/person\/cc9e76173880338ce9f656c88664a1f6"},"headline":"Edital Guarda Porto Alegre: inscri\u00e7\u00f5es encerradas para 32 vagas","datePublished":"2022-07-28T02:59:00+00:00","dateModified":"2022-07-28T11:48:02+00:00","mainEntityOfPage":{"@id":"https:\/\/www.estrategiaconcursos.com.br\/blog\/concurso-guarda-porto-alegre-edital-publicado\/"},"wordCount":914,"commentCount":0,"publisher":{"@id":"https:\/\/www.estrategiaconcursos.com.br\/blog\/#organization"},"image":{"@id":"https:\/\/www.estrategiaconcursos.com.br\/blog\/concurso-guarda-porto-alegre-edital-publicado\/#primaryimage"},"thumbnailUrl":"https:\/\/dhg1h5j42swfq.cloudfront.net\/2021\/11\/13090621\/guarda_de_porto_alegre.jpg","articleSection":["Policial (Guardas Civis)","\u00daltimas not\u00edcias"],"inLanguage":"pt-BR","potentialAction":[{"@type":"CommentAction","name":"Comment","target":["https:\/\/www.estrategiaconcursos.com.br\/blog\/concurso-guarda-porto-alegre-edital-publicado\/#respond"]}],"copyrightYear":"2022","copyrightHolder":{"@id":"https:\/\/www.estrategiaconcursos.com.br\/blog\/#organization"}},{"@type":"WebPage","@id":"https:\/\/www.estrategiaconcursos.com.br\/blog\/concurso-guarda-porto-alegre-edital-publicado\/","url":"https:\/\/www.estrategiaconcursos.com.br\/blog\/concurso-guarda-porto-alegre-edital-publicado\/","name":"Edital Guarda Porto Alegre: inscri\u00e7\u00f5es encerradas para 32 vagas","isPartOf":{"@id":"https:\/\/www.estrategiaconcursos.com.br\/blog\/#website"},"primaryImageOfPage":{"@id":"https:\/\/www.estrategiaconcursos.com.br\/blog\/concurso-guarda-porto-alegre-edital-publicado\/#primaryimage"},"image":{"@id":"https:\/\/www.estrategiaconcursos.com.br\/blog\/concurso-guarda-porto-alegre-edital-publicado\/#primaryimage"},"thumbnailUrl":"https:\/\/dhg1h5j42swfq.cloudfront.net\/2021\/11\/13090621\/guarda_de_porto_alegre.jpg","datePublished":"2022-07-28T02:59:00+00:00","dateModified":"2022-07-28T11:48:02+00:00","description":"Edital Guarda de Porto Alegre \u00e9 publicado com 32 vagas. Inscri\u00e7\u00f5es est\u00e3o encerradas! Confira os detalhes no site do Estrat\u00e9gia!","breadcrumb":{"@id":"https:\/\/www.estrategiaconcursos.com.br\/blog\/concurso-guarda-porto-alegre-edital-publicado\/#breadcrumb"},"inLanguage":"pt-BR","potentialAction":[{"@type":"ReadAction","target":["https:\/\/www.estrategiaconcursos.com.br\/blog\/concurso-guarda-porto-alegre-edital-publicado\/"]}]},{"@type":"ImageObject","inLanguage":"pt-BR","@id":"https:\/\/www.estrategiaconcursos.com.br\/blog\/concurso-guarda-porto-alegre-edital-publicado\/#primaryimage","url":"https:\/\/dhg1h5j42swfq.cloudfront.net\/2021\/11\/13090621\/guarda_de_porto_alegre.jpg","contentUrl":"https:\/\/dhg1h5j42swfq.cloudfront.net\/2021\/11\/13090621\/guarda_de_porto_alegre.jpg","width":768,"height":432,"caption":"Guarda de Porto Alegre"},{"@type":"BreadcrumbList","@id":"https:\/\/www.estrategiaconcursos.com.br\/blog\/concurso-guarda-porto-alegre-edital-publicado\/#breadcrumb","itemListElement":[{"@type":"ListItem","position":1,"name":"In\u00edcio","item":"https:\/\/www.estrategiaconcursos.com.br\/blog\/"},{"@type":"ListItem","position":2,"name":"Edital Guarda Porto Alegre: inscri\u00e7\u00f5es encerradas para 32 vagas"}]},{"@type":"WebSite","@id":"https:\/\/www.estrategiaconcursos.com.br\/blog\/#website","url":"https:\/\/www.estrategiaconcursos.com.br\/blog\/","name":"Estrat\u00e9gia Concursos","description":"O blog da Estrat\u00e9gia Concursos traz not\u00edcias sobre concursos e artigos de professores oferecendo cursos para concursos (pdf + videaulas) no site.","publisher":{"@id":"https:\/\/www.estrategiaconcursos.com.br\/blog\/#organization"},"potentialAction":[{"@type":"SearchAction","target":{"@type":"EntryPoint","urlTemplate":"https:\/\/www.estrategiaconcursos.com.br\/blog\/?s={search_term_string}"},"query-input":{"@type":"PropertyValueSpecification","valueRequired":true,"valueName":"search_term_string"}}],"inLanguage":"pt-BR"},{"@type":"Organization","@id":"https:\/\/www.estrategiaconcursos.com.br\/blog\/#organization","name":"Estrat\u00e9gia Concursos","url":"https:\/\/www.estrategiaconcursos.com.br\/blog\/","logo":{"@type":"ImageObject","inLanguage":"pt-BR","@id":"https:\/\/www.estrategiaconcursos.com.br\/blog\/#\/schema\/logo\/image\/","url":"https:\/\/dhg1h5j42swfq.cloudfront.net\/2025\/06\/03203428\/logo_concursos-1.jpg","contentUrl":"https:\/\/dhg1h5j42swfq.cloudfront.net\/2025\/06\/03203428\/logo_concursos-1.jpg","width":230,"height":60,"caption":"Estrat\u00e9gia Concursos"},"image":{"@id":"https:\/\/www.estrategiaconcursos.com.br\/blog\/#\/schema\/logo\/image\/"},"sameAs":["https:\/\/x.com\/EstratConcursos"]},{"@type":"Person","@id":"https:\/\/www.estrategiaconcursos.com.br\/blog\/#\/schema\/person\/cc9e76173880338ce9f656c88664a1f6","name":"Diogo Mendes","image":{"@type":"ImageObject","inLanguage":"pt-BR","@id":"https:\/\/secure.gravatar.com\/avatar\/9754d6777d460a45ef4067b586b94c32005cc2345a0404b8d96adc620cf63806?s=96&d=mm&r=g","url":"https:\/\/secure.gravatar.com\/avatar\/9754d6777d460a45ef4067b586b94c32005cc2345a0404b8d96adc620cf63806?s=96&d=mm&r=g","contentUrl":"https:\/\/secure.gravatar.com\/avatar\/9754d6777d460a45ef4067b586b94c32005cc2345a0404b8d96adc620cf63806?s=96&d=mm&r=g","caption":"Diogo Mendes"},"description":"Diogo Mendes \u00e9 jornalista formado pela Universidade Paulista, com experi\u00eancia em reda\u00e7\u00f5es de diversos ve\u00edculos e na produ\u00e7\u00e3o de conte\u00fados especializados em concursos p\u00fablicos. Desde 2019, atua no Estrat\u00e9gia Concursos como Jornalista e Analista de Conte\u00fado, com foco na apura\u00e7\u00e3o de informa\u00e7\u00f5es junto a \u00f3rg\u00e3os e fontes oficiais. Dedica-se especialmente \u00e0 produ\u00e7\u00e3o de not\u00edcias e reportagens sobre Concursos Legislativos, al\u00e9m de acompanhar diariamente os concursos policiais, banc\u00e1rios e da \u00e1rea da sa\u00fade.","url":"https:\/\/www.estrategiaconcursos.com.br\/blog\/author\/diogo-mendesestrategiaconcursos-com-br\/"}]}},"_links":{"self":[{"href":"https:\/\/www.estrategiaconcursos.com.br\/blog\/wp-json\/wp\/v2\/posts\/1049224","targetHints":{"allow":["GET"]}}],"collection":[{"href":"https:\/\/www.estrategiaconcursos.com.br\/blog\/wp-json\/wp\/v2\/posts"}],"about":[{"href":"https:\/\/www.estrategiaconcursos.com.br\/blog\/wp-json\/wp\/v2\/types\/post"}],"author":[{"embeddable":true,"href":"https:\/\/www.estrategiaconcursos.com.br\/blog\/wp-json\/wp\/v2\/users\/1483"}],"replies":[{"embeddable":true,"href":"https:\/\/www.estrategiaconcursos.com.br\/blog\/wp-json\/wp\/v2\/comments?post=1049224"}],"version-history":[{"count":26,"href":"https:\/\/www.estrategiaconcursos.com.br\/blog\/wp-json\/wp\/v2\/posts\/1049224\/revisions"}],"predecessor-version":[{"id":1068014,"href":"https:\/\/www.estrategiaconcursos.com.br\/blog\/wp-json\/wp\/v2\/posts\/1049224\/revisions\/1068014"}],"wp:featuredmedia":[{"embeddable":true,"href":"https:\/\/www.estrategiaconcursos.com.br\/blog\/wp-json\/wp\/v2\/media\/908351"}],"wp:attachment":[{"href":"https:\/\/www.estrategiaconcursos.com.br\/blog\/wp-json\/wp\/v2\/media?parent=1049224"}],"wp:term":[{"taxonomy":"category","embeddable":true,"href":"https:\/\/www.estrategiaconcursos.com.br\/blog\/wp-json\/wp\/v2\/categories?post=1049224"},{"taxonomy":"post_tag","embeddable":true,"href":"https:\/\/www.estrategiaconcursos.com.br\/blog\/wp-json\/wp\/v2\/tags?post=1049224"},{"taxonomy":"tax_estado","embeddable":true,"href":"https:\/\/www.estrategiaconcursos.com.br\/blog\/wp-json\/wp\/v2\/tax_estado?post=1049224"}],"curies":[{"name":"wp","href":"https:\/\/api.w.org\/{rel}","templated":true}]}}