{"id":1048221,"date":"2022-06-22T08:31:34","date_gmt":"2022-06-22T11:31:34","guid":{"rendered":"https:\/\/www.estrategiaconcursos.com.br\/blog\/?p=1048221"},"modified":"2022-06-22T14:38:57","modified_gmt":"2022-06-22T17:38:57","slug":"concurso-secont-es-retificacoes","status":"publish","type":"post","link":"https:\/\/www.estrategiaconcursos.com.br\/blog\/concurso-secont-es-retificacoes\/","title":{"rendered":"Secont ES: edital passa por retifica\u00e7\u00f5es; Veja o que mudou!"},"content":{"rendered":"\n<p>Suspenso desde o final de maio, o edital do concurso Secont ES passou por algumas <strong>retifica\u00e7\u00f5es <\/strong>e foi oficialmente <strong>retomado<\/strong>.<\/p>\n\n\n\n<p>O \u00f3rg\u00e3o j\u00e1 havia <a href=\"https:\/\/www.estrategiaconcursos.com.br\/blog\/secont-es-entenda-o-adiamento-da-prova\/\" target=\"_blank\" rel=\"noreferrer noopener\">anunciado<\/a> que o documento passaria por altera\u00e7\u00f5es com deferimento de duas impugna\u00e7\u00f5es administrativas interpostas.<\/p>\n\n\n\n<p>Vale lembrar que as provas seriam aplicadas no dia 05 de junho e, agora, t\u00eam uma nova data marcada.<\/p>\n\n\n\n<p>Sob organiza\u00e7\u00e3o do <a href=\"https:\/\/www.cebraspe.org.br\/concursos\/secont_es_22\" target=\"_blank\" rel=\"noreferrer noopener\">Cebraspe<\/a>, s\u00e3o ofertadas\u00a0<strong>12 vagas\u00a0<\/strong>imediatas mais forma\u00e7\u00e3o de cadastro reserva para\u00a0<strong>Auditor do Estado<\/strong>, que exige forma\u00e7\u00e3o de n\u00edvel superior em \u00e1reas espec\u00edficas.<\/p>\n\n\n\n<ul class=\"wp-block-list\"><li><a href=\"https:\/\/www.estrategiaconcursos.com.br\/curso\/secont-es-auditor-do-estado-administracao-pacote-2022-pos-edital\/\" target=\"_blank\" rel=\"noreferrer noopener\">Administra\u00e7\u00e3o<\/a><\/li><li><a href=\"https:\/\/www.estrategiaconcursos.com.br\/curso\/secont-es-auditor-do-estado-ciencias-contabeis-pacote-2022-pos-edital\/\" target=\"_blank\" rel=\"noreferrer noopener\">Ci\u00eancias Cont\u00e1beis<\/a><\/li><li><a href=\"https:\/\/www.estrategiaconcursos.com.br\/curso\/secont-es-auditor-do-estado-ciencias-economicas-pacote-2022-pos-edital\/\" target=\"_blank\" rel=\"noreferrer noopener\">Ci\u00eancias Econ\u00f4micas<\/a><\/li><li><a href=\"https:\/\/www.estrategiaconcursos.com.br\/curso\/secont-es-auditor-do-estado-ciencias-juridicas-pacote-2022-pos-edital\/\" target=\"_blank\" rel=\"noreferrer noopener\">Ci\u00eancias Jur\u00eddicas<\/a><\/li><li><a href=\"https:\/\/www.estrategiaconcursos.com.br\/curso\/secont-es-auditor-do-estado-engenharia-civil-pacote-2022-pos-edital\/\" target=\"_blank\" rel=\"noreferrer noopener\">Engenharia Civil<\/a><\/li><\/ul>\n\n\n\n<p>Confira abaixo as principais mudan\u00e7as do edital do concurso Secont ES. <\/p>\n\n\n\n<h3 class=\"wp-block-heading\" id=\"retificacoes-concurso-secont-es-subsidio\">Retifica\u00e7\u00f5es concurso Secont ES: cronograma<\/h3>\n\n\n\n<p>O per\u00edodo para inscri\u00e7\u00e3o e solicita\u00e7\u00e3o da isen\u00e7\u00e3o da taxa fica reaberto entre os dias <strong>24 de junho e 08 de julho<\/strong>.<\/p>\n\n\n\n<p>J\u00e1 a aplica\u00e7\u00e3o das provas objetivas e da prova discursiva foi remarcada para <strong>28 de agosto<\/strong>.<\/p>\n\n\n\n<h3 class=\"wp-block-heading\" id=\"retificacoes-concurso-secont-es-subsidio\">Retifica\u00e7\u00f5es concurso Secont ES: subs\u00eddio<\/h3>\n\n\n\n<p>O subs\u00eddio, que j\u00e1 tinha sido reajustado para R$ 12.800,00, agora passa a ser de <strong>R$ 13.568,00<\/strong>, isso sem contar o vale-alimenta\u00e7\u00e3o de R$ 300,00.<\/p>\n\n\n\n<h3 class=\"wp-block-heading\" id=\"retificacoes-concurso-secont-es-requisitos\">Retifica\u00e7\u00f5es concurso Secont ES: requisitos<\/h3>\n\n\n\n<p>Para todas as escolaridades, segue sendo necess\u00e1rio o diploma de conclus\u00e3o de curso de n\u00edvel superior. Entretanto,<strong> n\u00e3o \u00e9 mais exigido bacharelado ou licenciatura<\/strong>.<\/p>\n\n\n\n<ul class=\"has-medium-font-size wp-block-list\"><li><em><strong><a href=\"https:\/\/dhg1h5j42swfq.cloudfront.net\/2022\/06\/22082642\/diario_oficial_2022-06-22_completo_15.pdf\" target=\"_blank\" rel=\"noreferrer noopener nofollow\">Edital de retifica\u00e7\u00e3o completo<\/a><\/strong><\/em>.<\/li><\/ul>\n\n\n\n<hr class=\"wp-block-separator\"\/>\n\n\n\n<p class=\"has-text-align-center\"><em>Para ficar por dentro de todas as informa\u00e7\u00f5es sobre o concurso Secont ES, n\u00e3o deixe de conferir nosso artigo completo sobre a sele\u00e7\u00e3o:<\/em><\/p>\n\n\n\n<p class=\"has-text-align-center has-background has-medium-font-size\" style=\"background-color:#dfe8ef\"><strong>Saiba mais: <a href=\"https:\/\/www.estrategiaconcursos.com.br\/blog\/concurso-secont-es\/\" target=\"_blank\" rel=\"noreferrer noopener\">Concurso Secont<\/a><\/strong><\/p>\n\n\n\n<hr class=\"wp-block-separator\"\/>\n\n\n\n<h2 class=\"has-text-align-center wp-block-heading\" id=\"cursos-assinatura\">Quer estudar para o concurso Secont ES?<\/h2>\n\n\n\n<div class=\"container\" id=\"boxes\">\n  <div class=\"row\">\n\n    <div class=\"col-sm\">\n      <div class=\"banner-tcg\" id=\"box-assinatura\">\n        <h3 class=\"titulo-assinatura\">Cursos Secont ES<\/h3>\n        <p class=\"subtitulo-assinatura\">Conhe\u00e7a os cursos<\/p>\n        <div class=\"box-botao\">\n          <a class=\"btn-assinatura\" target=\"_blank\" href=\"https:\/\/www.estrategiaconcursos.com.br\/cursosPorConcurso\/secont-es\/\" role=\"button\" rel=\"noopener noreferrer\">Conhe\u00e7a mais<\/a>\n        <\/div>\n      <\/div>\n      \n    <\/div>\n\n  <\/div>\n<\/div>\n\n\n\n<div class=\"container\" id=\"boxes\">\n  <div class=\"row\">\n\n    <div class=\"col-sm\">\n      <div class=\"estrategia\" id=\"box-assinatura\">\n        <h3 class=\"titulo-assinatura\">Assinatura Concursos<\/h3>\n        <p class=\"subtitulo-assinatura\">Assinatura de 1 ano ou 2 anos<\/p>\n        <div class=\"box-botao\">\n          <a class=\"btn-assinatura\" target=\"_blank\" href=\"https:\/\/www.estrategiaconcursos.com.br\/assinaturas\/\" role=\"button\" rel=\"noopener noreferrer\">ASSINE AGORA<\/a>\n        <\/div>\n      <\/div><\/div><\/div><\/div>\n\n\n\n<h2 class=\"has-text-align-center wp-block-heading\" id=\"h-quer-saber-tudo-sobre-concursos-previstos-confira-nossos-artigos\">Quer saber tudo sobre concursos previstos?<br \/>Confira nossos artigos!<\/h2>\n\n\n\n<ul class=\"wp-block-list\"><li><a href=\"https:\/\/www.estrategiaconcursos.com.br\/blog\/concursos-abertos\/\" target=\"_blank\" rel=\"noreferrer noopener\">Concursos abertos<\/a><\/li><li><a href=\"https:\/\/www.estrategiaconcursos.com.br\/blog\/concursos-2022\/\" target=\"_blank\" rel=\"noreferrer noopener\">Concursos 2022<\/a><\/li><\/ul>\n","protected":false},"excerpt":{"rendered":"<p>Suspenso desde o final de maio, o edital do concurso Secont ES passou por algumas retifica\u00e7\u00f5es e foi oficialmente retomado. O \u00f3rg\u00e3o j\u00e1 havia anunciado que o documento passaria por altera\u00e7\u00f5es com deferimento de duas impugna\u00e7\u00f5es administrativas interpostas. Vale lembrar que as provas seriam aplicadas no dia 05 de junho e, agora, t\u00eam uma nova [&hellip;]<\/p>\n","protected":false},"author":659,"featured_media":830149,"comment_status":"open","ping_status":"closed","sticky":false,"template":"","format":"standard","meta":{"post_tipo":"news","footnotes":""},"categories":[220180,220219],"tags":[],"tax_estado":[219971],"class_list":["post-1048221","post","type-post","status-publish","format-standard","has-post-thumbnail","hentry","category-controle-gestao","category-noticias","tax_estado-es"],"acf":[],"yoast_head":"<!-- This site is optimized with the Yoast SEO Premium plugin v27.2 (Yoast SEO v27.2) - https:\/\/yoast.com\/product\/yoast-seo-premium-wordpress\/ -->\n<title>Secont ES: edital passa por retifica\u00e7\u00f5es; Veja o que mudou!<\/title>\n<meta name=\"description\" content=\"Concurso Secont ES: ap\u00f3s ter provas adiadas, edital passa por retifica\u00e7\u00f5es e t\u00eam inscri\u00e7\u00f5es reabertas. Confira os principais detalhes.\" \/>\n<meta name=\"robots\" content=\"index, follow, max-snippet:-1, max-image-preview:large, max-video-preview:-1\" \/>\n<link rel=\"canonical\" href=\"https:\/\/www.estrategiaconcursos.com.br\/blog\/concurso-secont-es-retificacoes\/\" \/>\n<meta property=\"og:locale\" content=\"pt_BR\" \/>\n<meta property=\"og:type\" content=\"article\" \/>\n<meta property=\"og:title\" content=\"Secont ES: edital passa por retifica\u00e7\u00f5es; Veja o que mudou!\" \/>\n<meta property=\"og:description\" content=\"Concurso Secont ES: ap\u00f3s ter provas adiadas, edital passa por retifica\u00e7\u00f5es e t\u00eam inscri\u00e7\u00f5es reabertas. Confira os principais detalhes.\" \/>\n<meta property=\"og:url\" content=\"https:\/\/www.estrategiaconcursos.com.br\/blog\/concurso-secont-es-retificacoes\/\" \/>\n<meta property=\"og:site_name\" content=\"Estrat\u00e9gia Concursos\" \/>\n<meta property=\"article:published_time\" content=\"2022-06-22T11:31:34+00:00\" \/>\n<meta property=\"article:modified_time\" content=\"2022-06-22T17:38:57+00:00\" \/>\n<meta property=\"og:image\" content=\"https:\/\/dhg1h5j42swfq.cloudfront.net\/2021\/08\/06133341\/secont-es.jpg\" \/>\n\t<meta property=\"og:image:width\" content=\"768\" \/>\n\t<meta property=\"og:image:height\" content=\"432\" \/>\n\t<meta property=\"og:image:type\" content=\"image\/jpeg\" \/>\n<meta name=\"author\" content=\"Camila Leite\" \/>\n<meta name=\"twitter:card\" content=\"summary_large_image\" \/>\n<meta name=\"twitter:creator\" content=\"@EstratConcursos\" \/>\n<meta name=\"twitter:site\" content=\"@EstratConcursos\" \/>\n<meta name=\"twitter:label1\" content=\"Escrito por\" \/>\n\t<meta name=\"twitter:data1\" content=\"Camila Leite\" \/>\n\t<meta name=\"twitter:label2\" content=\"Est. tempo de leitura\" \/>\n\t<meta name=\"twitter:data2\" content=\"2 minutos\" \/>\n<script type=\"application\/ld+json\" class=\"yoast-schema-graph\">{\"@context\":\"https:\/\/schema.org\",\"@graph\":[{\"@type\":\"NewsArticle\",\"@id\":\"https:\/\/www.estrategiaconcursos.com.br\/blog\/concurso-secont-es-retificacoes\/#article\",\"isPartOf\":{\"@id\":\"https:\/\/www.estrategiaconcursos.com.br\/blog\/concurso-secont-es-retificacoes\/\"},\"author\":{\"name\":\"Camila Leite\",\"@id\":\"https:\/\/www.estrategiaconcursos.com.br\/blog\/#\/schema\/person\/84ecdc6eb58d3cf1689bf76c5cd8fb38\"},\"headline\":\"Secont ES: edital passa por retifica\u00e7\u00f5es; Veja o que mudou!\",\"datePublished\":\"2022-06-22T11:31:34+00:00\",\"dateModified\":\"2022-06-22T17:38:57+00:00\",\"mainEntityOfPage\":{\"@id\":\"https:\/\/www.estrategiaconcursos.com.br\/blog\/concurso-secont-es-retificacoes\/\"},\"wordCount\":315,\"commentCount\":0,\"publisher\":{\"@id\":\"https:\/\/www.estrategiaconcursos.com.br\/blog\/#organization\"},\"image\":{\"@id\":\"https:\/\/www.estrategiaconcursos.com.br\/blog\/concurso-secont-es-retificacoes\/#primaryimage\"},\"thumbnailUrl\":\"https:\/\/dhg1h5j42swfq.cloudfront.net\/2021\/08\/06133341\/secont-es.jpg\",\"articleSection\":[\"Controladorias\/Gest\u00e3o (CGU, CGE, STN, EPPGG)\",\"\u00daltimas not\u00edcias\"],\"inLanguage\":\"pt-BR\",\"potentialAction\":[{\"@type\":\"CommentAction\",\"name\":\"Comment\",\"target\":[\"https:\/\/www.estrategiaconcursos.com.br\/blog\/concurso-secont-es-retificacoes\/#respond\"]}],\"copyrightYear\":\"2022\",\"copyrightHolder\":{\"@id\":\"https:\/\/www.estrategiaconcursos.com.br\/blog\/#organization\"}},{\"@type\":\"WebPage\",\"@id\":\"https:\/\/www.estrategiaconcursos.com.br\/blog\/concurso-secont-es-retificacoes\/\",\"url\":\"https:\/\/www.estrategiaconcursos.com.br\/blog\/concurso-secont-es-retificacoes\/\",\"name\":\"Secont ES: edital passa por retifica\u00e7\u00f5es; Veja o que mudou!\",\"isPartOf\":{\"@id\":\"https:\/\/www.estrategiaconcursos.com.br\/blog\/#website\"},\"primaryImageOfPage\":{\"@id\":\"https:\/\/www.estrategiaconcursos.com.br\/blog\/concurso-secont-es-retificacoes\/#primaryimage\"},\"image\":{\"@id\":\"https:\/\/www.estrategiaconcursos.com.br\/blog\/concurso-secont-es-retificacoes\/#primaryimage\"},\"thumbnailUrl\":\"https:\/\/dhg1h5j42swfq.cloudfront.net\/2021\/08\/06133341\/secont-es.jpg\",\"datePublished\":\"2022-06-22T11:31:34+00:00\",\"dateModified\":\"2022-06-22T17:38:57+00:00\",\"description\":\"Concurso Secont ES: ap\u00f3s ter provas adiadas, edital passa por retifica\u00e7\u00f5es e t\u00eam inscri\u00e7\u00f5es reabertas. Confira os principais detalhes.\",\"breadcrumb\":{\"@id\":\"https:\/\/www.estrategiaconcursos.com.br\/blog\/concurso-secont-es-retificacoes\/#breadcrumb\"},\"inLanguage\":\"pt-BR\",\"potentialAction\":[{\"@type\":\"ReadAction\",\"target\":[\"https:\/\/www.estrategiaconcursos.com.br\/blog\/concurso-secont-es-retificacoes\/\"]}]},{\"@type\":\"ImageObject\",\"inLanguage\":\"pt-BR\",\"@id\":\"https:\/\/www.estrategiaconcursos.com.br\/blog\/concurso-secont-es-retificacoes\/#primaryimage\",\"url\":\"https:\/\/dhg1h5j42swfq.cloudfront.net\/2021\/08\/06133341\/secont-es.jpg\",\"contentUrl\":\"https:\/\/dhg1h5j42swfq.cloudfront.net\/2021\/08\/06133341\/secont-es.jpg\",\"width\":768,\"height\":432,\"caption\":\"Concurso Secont ES inscri\u00e7\u00e3o\"},{\"@type\":\"BreadcrumbList\",\"@id\":\"https:\/\/www.estrategiaconcursos.com.br\/blog\/concurso-secont-es-retificacoes\/#breadcrumb\",\"itemListElement\":[{\"@type\":\"ListItem\",\"position\":1,\"name\":\"In\u00edcio\",\"item\":\"https:\/\/www.estrategiaconcursos.com.br\/blog\/\"},{\"@type\":\"ListItem\",\"position\":2,\"name\":\"Secont ES: edital passa por retifica\u00e7\u00f5es; Veja o que mudou!\"}]},{\"@type\":\"WebSite\",\"@id\":\"https:\/\/www.estrategiaconcursos.com.br\/blog\/#website\",\"url\":\"https:\/\/www.estrategiaconcursos.com.br\/blog\/\",\"name\":\"Estrat\u00e9gia Concursos\",\"description\":\"O blog da Estrat\u00e9gia Concursos traz not\u00edcias sobre concursos e artigos de professores oferecendo cursos para concursos (pdf + videaulas) no site.\",\"publisher\":{\"@id\":\"https:\/\/www.estrategiaconcursos.com.br\/blog\/#organization\"},\"potentialAction\":[{\"@type\":\"SearchAction\",\"target\":{\"@type\":\"EntryPoint\",\"urlTemplate\":\"https:\/\/www.estrategiaconcursos.com.br\/blog\/?s={search_term_string}\"},\"query-input\":{\"@type\":\"PropertyValueSpecification\",\"valueRequired\":true,\"valueName\":\"search_term_string\"}}],\"inLanguage\":\"pt-BR\"},{\"@type\":\"Organization\",\"@id\":\"https:\/\/www.estrategiaconcursos.com.br\/blog\/#organization\",\"name\":\"Estrat\u00e9gia Concursos\",\"url\":\"https:\/\/www.estrategiaconcursos.com.br\/blog\/\",\"logo\":{\"@type\":\"ImageObject\",\"inLanguage\":\"pt-BR\",\"@id\":\"https:\/\/www.estrategiaconcursos.com.br\/blog\/#\/schema\/logo\/image\/\",\"url\":\"https:\/\/dhg1h5j42swfq.cloudfront.net\/2025\/06\/03203428\/logo_concursos-1.jpg\",\"contentUrl\":\"https:\/\/dhg1h5j42swfq.cloudfront.net\/2025\/06\/03203428\/logo_concursos-1.jpg\",\"width\":230,\"height\":60,\"caption\":\"Estrat\u00e9gia Concursos\"},\"image\":{\"@id\":\"https:\/\/www.estrategiaconcursos.com.br\/blog\/#\/schema\/logo\/image\/\"},\"sameAs\":[\"https:\/\/x.com\/EstratConcursos\"]},{\"@type\":\"Person\",\"@id\":\"https:\/\/www.estrategiaconcursos.com.br\/blog\/#\/schema\/person\/84ecdc6eb58d3cf1689bf76c5cd8fb38\",\"name\":\"Camila Leite\",\"image\":{\"@type\":\"ImageObject\",\"inLanguage\":\"pt-BR\",\"@id\":\"https:\/\/secure.gravatar.com\/avatar\/f2f8faef639c8a2bfb7fb909912a56917f4c3a0aed064500168e2fb8ea55cf61?s=96&d=mm&r=g\",\"url\":\"https:\/\/secure.gravatar.com\/avatar\/f2f8faef639c8a2bfb7fb909912a56917f4c3a0aed064500168e2fb8ea55cf61?s=96&d=mm&r=g\",\"contentUrl\":\"https:\/\/secure.gravatar.com\/avatar\/f2f8faef639c8a2bfb7fb909912a56917f4c3a0aed064500168e2fb8ea55cf61?s=96&d=mm&r=g\",\"caption\":\"Camila Leite\"},\"description\":\"Formada em Design Gr\u00e1fico e em Propaganda e Marketing pela UNIP, integra a equipe de jornalismo do Estrat\u00e9gia Concursos desde 2018. Ao longo dos anos, construiu uma s\u00f3lida experi\u00eancia na produ\u00e7\u00e3o de conte\u00fado informativo e relevante para concurseiros. Desde 2020, atua na cobertura das \u00e1reas Fiscal \u2014 com \u00eanfase nas Secretarias de Fazenda (Sefaz) das regi\u00f5es Sul e Sudeste \u2014, al\u00e9m da cobertura de concursos federais, como CNU, Petrobras, CGU, Receita Federal, ag\u00eancias reguladoras (Anvisa, ANAC, entre outras) e INSS. Mant\u00e9m contato direto com os principais \u00f3rg\u00e3os p\u00fablicos, acompanhando editais, atualiza\u00e7\u00f5es e movimenta\u00e7\u00f5es importantes para os candidatos.\",\"sameAs\":[\"https:\/\/www.linkedin.com\/in\/camila-pinheiro-leite-9ba135b6\/\"],\"url\":\"https:\/\/www.estrategiaconcursos.com.br\/blog\/author\/camila-leiteestrategiaconcursos-com-br\/\"}]}<\/script>\n<!-- \/ Yoast SEO Premium plugin. -->","yoast_head_json":{"title":"Secont ES: edital passa por retifica\u00e7\u00f5es; Veja o que mudou!","description":"Concurso Secont ES: ap\u00f3s ter provas adiadas, edital passa por retifica\u00e7\u00f5es e t\u00eam inscri\u00e7\u00f5es reabertas. Confira os principais detalhes.","robots":{"index":"index","follow":"follow","max-snippet":"max-snippet:-1","max-image-preview":"max-image-preview:large","max-video-preview":"max-video-preview:-1"},"canonical":"https:\/\/www.estrategiaconcursos.com.br\/blog\/concurso-secont-es-retificacoes\/","og_locale":"pt_BR","og_type":"article","og_title":"Secont ES: edital passa por retifica\u00e7\u00f5es; Veja o que mudou!","og_description":"Concurso Secont ES: ap\u00f3s ter provas adiadas, edital passa por retifica\u00e7\u00f5es e t\u00eam inscri\u00e7\u00f5es reabertas. Confira os principais detalhes.","og_url":"https:\/\/www.estrategiaconcursos.com.br\/blog\/concurso-secont-es-retificacoes\/","og_site_name":"Estrat\u00e9gia Concursos","article_published_time":"2022-06-22T11:31:34+00:00","article_modified_time":"2022-06-22T17:38:57+00:00","og_image":[{"width":768,"height":432,"url":"https:\/\/dhg1h5j42swfq.cloudfront.net\/2021\/08\/06133341\/secont-es.jpg","type":"image\/jpeg"}],"author":"Camila Leite","twitter_card":"summary_large_image","twitter_creator":"@EstratConcursos","twitter_site":"@EstratConcursos","twitter_misc":{"Escrito por":"Camila Leite","Est. tempo de leitura":"2 minutos"},"schema":{"@context":"https:\/\/schema.org","@graph":[{"@type":"NewsArticle","@id":"https:\/\/www.estrategiaconcursos.com.br\/blog\/concurso-secont-es-retificacoes\/#article","isPartOf":{"@id":"https:\/\/www.estrategiaconcursos.com.br\/blog\/concurso-secont-es-retificacoes\/"},"author":{"name":"Camila Leite","@id":"https:\/\/www.estrategiaconcursos.com.br\/blog\/#\/schema\/person\/84ecdc6eb58d3cf1689bf76c5cd8fb38"},"headline":"Secont ES: edital passa por retifica\u00e7\u00f5es; Veja o que mudou!","datePublished":"2022-06-22T11:31:34+00:00","dateModified":"2022-06-22T17:38:57+00:00","mainEntityOfPage":{"@id":"https:\/\/www.estrategiaconcursos.com.br\/blog\/concurso-secont-es-retificacoes\/"},"wordCount":315,"commentCount":0,"publisher":{"@id":"https:\/\/www.estrategiaconcursos.com.br\/blog\/#organization"},"image":{"@id":"https:\/\/www.estrategiaconcursos.com.br\/blog\/concurso-secont-es-retificacoes\/#primaryimage"},"thumbnailUrl":"https:\/\/dhg1h5j42swfq.cloudfront.net\/2021\/08\/06133341\/secont-es.jpg","articleSection":["Controladorias\/Gest\u00e3o (CGU, CGE, STN, EPPGG)","\u00daltimas not\u00edcias"],"inLanguage":"pt-BR","potentialAction":[{"@type":"CommentAction","name":"Comment","target":["https:\/\/www.estrategiaconcursos.com.br\/blog\/concurso-secont-es-retificacoes\/#respond"]}],"copyrightYear":"2022","copyrightHolder":{"@id":"https:\/\/www.estrategiaconcursos.com.br\/blog\/#organization"}},{"@type":"WebPage","@id":"https:\/\/www.estrategiaconcursos.com.br\/blog\/concurso-secont-es-retificacoes\/","url":"https:\/\/www.estrategiaconcursos.com.br\/blog\/concurso-secont-es-retificacoes\/","name":"Secont ES: edital passa por retifica\u00e7\u00f5es; Veja o que mudou!","isPartOf":{"@id":"https:\/\/www.estrategiaconcursos.com.br\/blog\/#website"},"primaryImageOfPage":{"@id":"https:\/\/www.estrategiaconcursos.com.br\/blog\/concurso-secont-es-retificacoes\/#primaryimage"},"image":{"@id":"https:\/\/www.estrategiaconcursos.com.br\/blog\/concurso-secont-es-retificacoes\/#primaryimage"},"thumbnailUrl":"https:\/\/dhg1h5j42swfq.cloudfront.net\/2021\/08\/06133341\/secont-es.jpg","datePublished":"2022-06-22T11:31:34+00:00","dateModified":"2022-06-22T17:38:57+00:00","description":"Concurso Secont ES: ap\u00f3s ter provas adiadas, edital passa por retifica\u00e7\u00f5es e t\u00eam inscri\u00e7\u00f5es reabertas. Confira os principais detalhes.","breadcrumb":{"@id":"https:\/\/www.estrategiaconcursos.com.br\/blog\/concurso-secont-es-retificacoes\/#breadcrumb"},"inLanguage":"pt-BR","potentialAction":[{"@type":"ReadAction","target":["https:\/\/www.estrategiaconcursos.com.br\/blog\/concurso-secont-es-retificacoes\/"]}]},{"@type":"ImageObject","inLanguage":"pt-BR","@id":"https:\/\/www.estrategiaconcursos.com.br\/blog\/concurso-secont-es-retificacoes\/#primaryimage","url":"https:\/\/dhg1h5j42swfq.cloudfront.net\/2021\/08\/06133341\/secont-es.jpg","contentUrl":"https:\/\/dhg1h5j42swfq.cloudfront.net\/2021\/08\/06133341\/secont-es.jpg","width":768,"height":432,"caption":"Concurso Secont ES inscri\u00e7\u00e3o"},{"@type":"BreadcrumbList","@id":"https:\/\/www.estrategiaconcursos.com.br\/blog\/concurso-secont-es-retificacoes\/#breadcrumb","itemListElement":[{"@type":"ListItem","position":1,"name":"In\u00edcio","item":"https:\/\/www.estrategiaconcursos.com.br\/blog\/"},{"@type":"ListItem","position":2,"name":"Secont ES: edital passa por retifica\u00e7\u00f5es; Veja o que mudou!"}]},{"@type":"WebSite","@id":"https:\/\/www.estrategiaconcursos.com.br\/blog\/#website","url":"https:\/\/www.estrategiaconcursos.com.br\/blog\/","name":"Estrat\u00e9gia Concursos","description":"O blog da Estrat\u00e9gia Concursos traz not\u00edcias sobre concursos e artigos de professores oferecendo cursos para concursos (pdf + videaulas) no site.","publisher":{"@id":"https:\/\/www.estrategiaconcursos.com.br\/blog\/#organization"},"potentialAction":[{"@type":"SearchAction","target":{"@type":"EntryPoint","urlTemplate":"https:\/\/www.estrategiaconcursos.com.br\/blog\/?s={search_term_string}"},"query-input":{"@type":"PropertyValueSpecification","valueRequired":true,"valueName":"search_term_string"}}],"inLanguage":"pt-BR"},{"@type":"Organization","@id":"https:\/\/www.estrategiaconcursos.com.br\/blog\/#organization","name":"Estrat\u00e9gia Concursos","url":"https:\/\/www.estrategiaconcursos.com.br\/blog\/","logo":{"@type":"ImageObject","inLanguage":"pt-BR","@id":"https:\/\/www.estrategiaconcursos.com.br\/blog\/#\/schema\/logo\/image\/","url":"https:\/\/dhg1h5j42swfq.cloudfront.net\/2025\/06\/03203428\/logo_concursos-1.jpg","contentUrl":"https:\/\/dhg1h5j42swfq.cloudfront.net\/2025\/06\/03203428\/logo_concursos-1.jpg","width":230,"height":60,"caption":"Estrat\u00e9gia Concursos"},"image":{"@id":"https:\/\/www.estrategiaconcursos.com.br\/blog\/#\/schema\/logo\/image\/"},"sameAs":["https:\/\/x.com\/EstratConcursos"]},{"@type":"Person","@id":"https:\/\/www.estrategiaconcursos.com.br\/blog\/#\/schema\/person\/84ecdc6eb58d3cf1689bf76c5cd8fb38","name":"Camila Leite","image":{"@type":"ImageObject","inLanguage":"pt-BR","@id":"https:\/\/secure.gravatar.com\/avatar\/f2f8faef639c8a2bfb7fb909912a56917f4c3a0aed064500168e2fb8ea55cf61?s=96&d=mm&r=g","url":"https:\/\/secure.gravatar.com\/avatar\/f2f8faef639c8a2bfb7fb909912a56917f4c3a0aed064500168e2fb8ea55cf61?s=96&d=mm&r=g","contentUrl":"https:\/\/secure.gravatar.com\/avatar\/f2f8faef639c8a2bfb7fb909912a56917f4c3a0aed064500168e2fb8ea55cf61?s=96&d=mm&r=g","caption":"Camila Leite"},"description":"Formada em Design Gr\u00e1fico e em Propaganda e Marketing pela UNIP, integra a equipe de jornalismo do Estrat\u00e9gia Concursos desde 2018. Ao longo dos anos, construiu uma s\u00f3lida experi\u00eancia na produ\u00e7\u00e3o de conte\u00fado informativo e relevante para concurseiros. Desde 2020, atua na cobertura das \u00e1reas Fiscal \u2014 com \u00eanfase nas Secretarias de Fazenda (Sefaz) das regi\u00f5es Sul e Sudeste \u2014, al\u00e9m da cobertura de concursos federais, como CNU, Petrobras, CGU, Receita Federal, ag\u00eancias reguladoras (Anvisa, ANAC, entre outras) e INSS. Mant\u00e9m contato direto com os principais \u00f3rg\u00e3os p\u00fablicos, acompanhando editais, atualiza\u00e7\u00f5es e movimenta\u00e7\u00f5es importantes para os candidatos.","sameAs":["https:\/\/www.linkedin.com\/in\/camila-pinheiro-leite-9ba135b6\/"],"url":"https:\/\/www.estrategiaconcursos.com.br\/blog\/author\/camila-leiteestrategiaconcursos-com-br\/"}]}},"_links":{"self":[{"href":"https:\/\/www.estrategiaconcursos.com.br\/blog\/wp-json\/wp\/v2\/posts\/1048221","targetHints":{"allow":["GET"]}}],"collection":[{"href":"https:\/\/www.estrategiaconcursos.com.br\/blog\/wp-json\/wp\/v2\/posts"}],"about":[{"href":"https:\/\/www.estrategiaconcursos.com.br\/blog\/wp-json\/wp\/v2\/types\/post"}],"author":[{"embeddable":true,"href":"https:\/\/www.estrategiaconcursos.com.br\/blog\/wp-json\/wp\/v2\/users\/659"}],"replies":[{"embeddable":true,"href":"https:\/\/www.estrategiaconcursos.com.br\/blog\/wp-json\/wp\/v2\/comments?post=1048221"}],"version-history":[{"count":12,"href":"https:\/\/www.estrategiaconcursos.com.br\/blog\/wp-json\/wp\/v2\/posts\/1048221\/revisions"}],"predecessor-version":[{"id":1048598,"href":"https:\/\/www.estrategiaconcursos.com.br\/blog\/wp-json\/wp\/v2\/posts\/1048221\/revisions\/1048598"}],"wp:featuredmedia":[{"embeddable":true,"href":"https:\/\/www.estrategiaconcursos.com.br\/blog\/wp-json\/wp\/v2\/media\/830149"}],"wp:attachment":[{"href":"https:\/\/www.estrategiaconcursos.com.br\/blog\/wp-json\/wp\/v2\/media?parent=1048221"}],"wp:term":[{"taxonomy":"category","embeddable":true,"href":"https:\/\/www.estrategiaconcursos.com.br\/blog\/wp-json\/wp\/v2\/categories?post=1048221"},{"taxonomy":"post_tag","embeddable":true,"href":"https:\/\/www.estrategiaconcursos.com.br\/blog\/wp-json\/wp\/v2\/tags?post=1048221"},{"taxonomy":"tax_estado","embeddable":true,"href":"https:\/\/www.estrategiaconcursos.com.br\/blog\/wp-json\/wp\/v2\/tax_estado?post=1048221"}],"curies":[{"name":"wp","href":"https:\/\/api.w.org\/{rel}","templated":true}]}}