{"id":1047898,"date":"2022-06-23T14:48:39","date_gmt":"2022-06-23T17:48:39","guid":{"rendered":"https:\/\/www.estrategiaconcursos.com.br\/blog\/?p=1047898"},"modified":"2022-06-24T11:31:27","modified_gmt":"2022-06-24T14:31:27","slug":"ultimo-concurso-da-receita-federal-auditor","status":"publish","type":"post","link":"https:\/\/www.estrategiaconcursos.com.br\/blog\/ultimo-concurso-da-receita-federal-auditor\/","title":{"rendered":"Como foi o \u00faltimo concurso da Receita Federal para Auditor?"},"content":{"rendered":"\n<p>Um dos concursos mais aguardados dos \u00faltimos tempos est\u00e1 de volta! <strong>Sim, estamos falando da Receita Federal<\/strong>.<strong> <\/strong>Um dos \u00f3rg\u00e3os mais cobi\u00e7ados e disputados pelos concurseiros. <\/p>\n\n\n\n<p>Com a autoriza\u00e7\u00e3o do certame, n\u00e3o pod\u00edamos deixar de trazer um panorama geral de como foi o<strong> \u00faltimo concurso da Receita Federal para o cargo de Auditor. <\/strong><\/p>\n\n\n\n<p>A ideia \u00e9 que voc\u00ea tenha uma base de como foi o edital, principal em rela\u00e7\u00e3o \u00e0 aplica\u00e7\u00e3o das provas.<\/p>\n\n\n\n<div class=\"wp-block-image\"><figure class=\"aligncenter size-full\"><img loading=\"lazy\" decoding=\"async\" width=\"940\" height=\"627\" src=\"https:\/\/dhg1h5j42swfq.cloudfront.net\/2022\/06\/23140209\/malha-fina-receita-federal.jpg\" alt=\"Informa\u00e7\u00f5es sobre o \u00faltimo concurso Receita Federal\" class=\"wp-image-1049104\" srcset=\"https:\/\/dhg1h5j42swfq.cloudfront.net\/2022\/06\/23140209\/malha-fina-receita-federal.jpg 940w, https:\/\/dhg1h5j42swfq.cloudfront.net\/2022\/06\/23140209\/malha-fina-receita-federal-300x200.jpg 300w, https:\/\/dhg1h5j42swfq.cloudfront.net\/2022\/06\/23140209\/malha-fina-receita-federal-768x512.jpg 768w, https:\/\/dhg1h5j42swfq.cloudfront.net\/2022\/06\/23140209\/malha-fina-receita-federal-610x407.jpg 610w\" sizes=\"auto, (max-width: 940px) 100vw, 940px\" \/><figcaption>Informa\u00e7\u00f5es sobre o \u00faltimo concurso Receita Federal<\/figcaption><\/figure><\/div>\n\n\n\n<h2 class=\"wp-block-heading\" id=\"h-sobre-o-ultimo-concurso-receita-federal\">Sobre o \u00faltimo concurso Receita Federal<\/h2>\n\n\n\n<p>O \u00faltimo concurso da Receita Federal para o cargo de Auditor ocorreu em 2014, ou seja, h\u00e1 quase 10 anos.<\/p>\n\n\n\n<p>Foram ofertadas <strong>278 vagas, sendo 264 para ampla concorr\u00eancia e outras 14 para candidatos com defici\u00eancia<\/strong>. Na \u00e9poca, o sal\u00e1rio inicial para Auditor era de R$ 14.965,44. <\/p>\n\n\n\n<p>Sob organiza\u00e7\u00e3o da <a href=\"https:\/\/repositorio.enap.gov.br\/handle\/1\/5587\" target=\"_blank\" rel=\"noreferrer noopener\">Esaf<\/a>, os candidatos foram avaliados por meio de provas objetivas: de conhecimentos gerais e espec\u00edficos, al\u00e9m de uma avalia\u00e7\u00e3o discursiva.<\/p>\n\n\n\n<h3 class=\"wp-block-heading\" id=\"prova-objetiva\">Prova objetiva<\/h3>\n\n\n\n<p>As&nbsp;disciplinas&nbsp;cobradas&nbsp;foram <em>L\u00edngua Portuguesa, Espanhol ou Ingl\u00eas, Racioc\u00ednio L\u00f3gico-Quantitativo, Administra\u00e7\u00e3o Geral e P\u00fablica, Direito Constitucional, Direito Administrativo, Direito Tribut\u00e1rio, Auditoria, Contabilidade Geral e Avan\u00e7ada, Legisla\u00e7\u00e3o Tribut\u00e1ria e Com\u00e9rcio Internacional, Legisla\u00e7\u00e3o Aduaneira.<\/em><\/p>\n\n\n\n<p><strong>Confira mais detalhes logo abaixo:<\/strong><\/p>\n\n\n\n<div class=\"wp-block-image\"><figure class=\"aligncenter size-full\"><img loading=\"lazy\" decoding=\"async\" width=\"675\" height=\"370\" src=\"https:\/\/dhg1h5j42swfq.cloudfront.net\/2022\/06\/23142314\/image-328.png\" alt=\"Prova objetiva do \u00faltimo concurso Receita Federal\" class=\"wp-image-1049119\" srcset=\"https:\/\/dhg1h5j42swfq.cloudfront.net\/2022\/06\/23142314\/image-328.png 675w, https:\/\/dhg1h5j42swfq.cloudfront.net\/2022\/06\/23142314\/image-328-300x164.png 300w, https:\/\/dhg1h5j42swfq.cloudfront.net\/2022\/06\/23142314\/image-328-610x334.png 610w\" sizes=\"auto, (max-width: 675px) 100vw, 675px\" \/><figcaption>Detalhes das provas objetivas do \u00faltimo concurso Receita Federal<\/figcaption><\/figure><\/div>\n\n\n\n<h3 class=\"wp-block-heading\" id=\"prova-discursiva\">Prova discursiva<\/h3>\n\n\n\n<p>J\u00e1 a prova discursiva, de car\u00e1ter eliminat\u00f3rio e classificat\u00f3rio, foi composta de duas quest\u00f5es, sendo uma referente ao conte\u00fado da Disciplina D7 \u2013 Direito Tribut\u00e1rio e outra referente ao conte\u00fado da Disciplina D11 &#8211; Com\u00e9rcio Internacional e Legisla\u00e7\u00e3o Aduaneira.<\/p>\n\n\n\n<p>O exame valeu, no m\u00e1ximo, 60 pontos, sendo 30 para cada quest\u00e3o. Fora isso, a discursiva abrangeu:<\/p>\n\n\n\n<ul class=\"wp-block-list\"><li>a) quanto \u00e0 capacidade de desenvolvimento do tema proposto: a compreens\u00e3o, o conhecimento, o desenvolvimento e a adequa\u00e7\u00e3o da argumenta\u00e7\u00e3o, a conex\u00e3o e a pertin\u00eancia, a objetividade e a sequ\u00eancia l\u00f3gica do pensamento, o alinhamento ao assunto abordado e a cobertura dos t\u00f3picos apresentados.<\/li><\/ul>\n\n\n\n<div class=\"wp-block-image\"><figure class=\"aligncenter size-full\"><img loading=\"lazy\" decoding=\"async\" width=\"595\" height=\"137\" src=\"https:\/\/dhg1h5j42swfq.cloudfront.net\/2022\/06\/23142942\/image-329.png\" alt=\"Prova discursiva do \u00faltimo concurso Receita Federal\" class=\"wp-image-1049127\" srcset=\"https:\/\/dhg1h5j42swfq.cloudfront.net\/2022\/06\/23142942\/image-329.png 595w, https:\/\/dhg1h5j42swfq.cloudfront.net\/2022\/06\/23142942\/image-329-300x69.png 300w\" sizes=\"auto, (max-width: 595px) 100vw, 595px\" \/><\/figure><\/div>\n\n\n\n<ul class=\"wp-block-list\"><li>b) quanto ao uso do idioma: a utiliza\u00e7\u00e3o correta do vocabul\u00e1rio e das normas gramaticais, valendo, no m\u00e1ximo, 10 pontos para cada quest\u00e3o, que ser\u00e3o aferidos pelo examinador com base nos crit\u00e9rios a seguir indicados:<\/li><\/ul>\n\n\n\n<div class=\"wp-block-image\"><figure class=\"aligncenter size-full\"><img loading=\"lazy\" decoding=\"async\" width=\"838\" height=\"228\" src=\"https:\/\/dhg1h5j42swfq.cloudfront.net\/2022\/06\/23143059\/image-330.png\" alt=\"\" class=\"wp-image-1049130\" srcset=\"https:\/\/dhg1h5j42swfq.cloudfront.net\/2022\/06\/23143059\/image-330.png 838w, https:\/\/dhg1h5j42swfq.cloudfront.net\/2022\/06\/23143059\/image-330-300x82.png 300w, https:\/\/dhg1h5j42swfq.cloudfront.net\/2022\/06\/23143059\/image-330-768x209.png 768w, https:\/\/dhg1h5j42swfq.cloudfront.net\/2022\/06\/23143059\/image-330-610x166.png 610w\" sizes=\"auto, (max-width: 838px) 100vw, 838px\" \/><figcaption>Detalhes das provas discursivas do \u00faltimo concurso Receita Federal<\/figcaption><\/figure><\/div>\n\n\n\n<h3 class=\"wp-block-heading\" id=\"ultimo-concurso-receita-federal-habilitacao-e-classificacao-dos-candidatos\">\u00daltimo concurso Receita Federal: habilita\u00e7\u00e3o e classifica\u00e7\u00e3o dos candidatos<\/h3>\n\n\n\n<p>Somente foi considerado habilitado a prosseguir no \u00faltimo concurso Receita Federal o candidato classificado na primeira etapa que, cumulativamente:<\/p>\n\n\n\n<ul class=\"wp-block-list\"><li>a) tenha obtido, no m\u00ednimo, 40% dos pontos ponderados em cada uma das disciplinas que integram as provas objetivas 1 e 2;<\/li><li>b) tenha obtido, no m\u00ednimo, 60% do somat\u00f3rio dos pontos ponderados do conjunto das provas objetivas 1 e 2;<\/li><li>c) tenha obtido, no m\u00ednimo, 60% dos pontos totais correspondentes \u00e0 prova discursiva;<\/li><li>d) tenha sido classificado, em decorr\u00eancia do somat\u00f3rio dos pontos ponderados obtidos nas provas objetivas e discursiva at\u00e9 o n\u00famero m\u00e1ximo<\/li><\/ul>\n\n\n\n<p class=\"has-text-align-center\"><em>Ficou interessado nas informa\u00e7\u00f5es dispon\u00edveis at\u00e9 aqui? Quer saber mais acerca do \u00faltimo concurso, bem como ficar por dentro de <strong>TODOS <\/strong>os detalhes e atualiza\u00e7\u00f5es do novo edital? Ent\u00e3o acesse o link abaixo:<\/em><\/p>\n\n\n\n<p class=\"has-text-align-center has-background\" style=\"background-color:#d9f0ff;font-size:clamp(14.642px, 0.915rem + ((1vw - 3.2px) * 0.721), 22px);\"><strong>Saiba mais: <a href=\"https:\/\/www.estrategiaconcursos.com.br\/blog\/concurso-receita-federal\/\" target=\"_blank\" rel=\"noreferrer noopener\">Concurso Receita Federal<\/a><\/strong><\/p>\n\n\n\n<h2 class=\"has-text-align-center wp-block-heading\" id=\"confira-nossos-cursos-e-assinaturas-para-o-concurso-da-receita-federal\"><em>Confira nossos cursos e assinaturas para o concurso da Receita Federal:<\/em><\/h2>\n\n\n\n<div class=\"container\" id=\"boxes\">\n  <div class=\"row\">\n\n    <div class=\"col-sm\">\n      <div class=\"banner-fiscal\" id=\"box-assinatura\">\n        <h3 class=\"titulo-assinatura\">Receita Federal<\/h3>\n        <p class=\"subtitulo-assinatura\">Conhe\u00e7a os cursos<\/p>\n        <div class=\"box-botao\">\n          <a class=\"btn-assinatura\" target=\"_blank\" href=\"https:\/\/www.estrategiaconcursos.com.br\/cursosPorConcurso\/receita-federal-auditor-fiscal-7\/\" role=\"button\" rel=\"noopener noreferrer\">Conhe\u00e7a mais<\/a>\n        <\/div>\n      <\/div>\n     \n    <\/div>\n\n  <\/div>\n<\/div>\n\n\n\n<div class=\"container\" id=\"boxes\">\n  <div class=\"row\">\n\n    <div class=\"col-sm\">\n      <div class=\"estrategia\" id=\"box-assinatura\">\n        <h3 class=\"titulo-assinatura\">Assinatura Concursos<\/h3>\n        <p class=\"subtitulo-assinatura\">Assinatura de 1 ano ou 2 anos<\/p>\n        <div class=\"box-botao\">\n          <a class=\"btn-assinatura\" target=\"_blank\" href=\"https:\/\/www.estrategiaconcursos.com.br\/assinaturas\/\" role=\"button\" rel=\"noopener noreferrer\">ASSINE AGORA<\/a>\n        <\/div>\n      <\/div><\/div><\/div><\/div>\n\n\n\n<h2 class=\"has-text-align-center wp-block-heading\" id=\"cursos\">Quer saber tudo sobre concursos previstos? <br \/>Confira nossos artigos!<\/h2>\n\n\n\n<ul class=\"wp-block-list\"><li><a href=\"https:\/\/www.estrategiaconcursos.com.br\/blog\/concursos-abertos\/\" target=\"_blank\" rel=\"noreferrer noopener\">Concursos abertos<\/a><\/li><li><a href=\"https:\/\/www.estrategiaconcursos.com.br\/blog\/concursos-2022\/\" target=\"_blank\" rel=\"noreferrer noopener\">Concursos 2022<\/a><\/li><li><a href=\"https:\/\/www.estrategiaconcursos.com.br\/blog\/concursos-fiscais-2022\/\" target=\"_blank\" rel=\"noreferrer noopener\">Concursos fiscais<\/a><\/li><\/ul>\n","protected":false},"excerpt":{"rendered":"<p>Um dos concursos mais aguardados dos \u00faltimos tempos est\u00e1 de volta! Sim, estamos falando da Receita Federal. Um dos \u00f3rg\u00e3os mais cobi\u00e7ados e disputados pelos concurseiros. Com a autoriza\u00e7\u00e3o do certame, n\u00e3o pod\u00edamos deixar de trazer um panorama geral de como foi o \u00faltimo concurso da Receita Federal para o cargo de Auditor. A ideia [&hellip;]<\/p>\n","protected":false},"author":656,"featured_media":698463,"comment_status":"open","ping_status":"closed","sticky":false,"template":"","format":"standard","meta":{"post_tipo":"news","footnotes":""},"categories":[220182,220219],"tags":[],"tax_estado":[219963],"class_list":["post-1047898","post","type-post","status-publish","format-standard","has-post-thumbnail","hentry","category-fiscal-federal","category-noticias","tax_estado-concursos-federais"],"acf":[],"yoast_head":"<!-- This site is optimized with the Yoast SEO Premium plugin v27.2 (Yoast SEO v27.2) - https:\/\/yoast.com\/product\/yoast-seo-premium-wordpress\/ -->\n<title>Como foi o \u00faltimo concurso da Receita Federal para Auditor?<\/title>\n<meta name=\"description\" content=\"Como foi o \u00faltimo concurso Receita Federal para Auditor? Veja detalhes como cargo, vagas, sal\u00e1rio e etapa de provas AQUI!\" \/>\n<meta name=\"robots\" content=\"index, follow, max-snippet:-1, max-image-preview:large, max-video-preview:-1\" \/>\n<link rel=\"canonical\" href=\"https:\/\/www.estrategiaconcursos.com.br\/blog\/ultimo-concurso-da-receita-federal-auditor\/\" \/>\n<meta property=\"og:locale\" content=\"pt_BR\" \/>\n<meta property=\"og:type\" content=\"article\" \/>\n<meta property=\"og:title\" content=\"Como foi o \u00faltimo concurso da Receita Federal para Auditor?\" \/>\n<meta property=\"og:description\" content=\"Como foi o \u00faltimo concurso Receita Federal para Auditor? Veja detalhes como cargo, vagas, sal\u00e1rio e etapa de provas AQUI!\" \/>\n<meta property=\"og:url\" content=\"https:\/\/www.estrategiaconcursos.com.br\/blog\/ultimo-concurso-da-receita-federal-auditor\/\" \/>\n<meta property=\"og:site_name\" content=\"Estrat\u00e9gia Concursos\" \/>\n<meta property=\"article:published_time\" content=\"2022-06-23T17:48:39+00:00\" \/>\n<meta property=\"article:modified_time\" content=\"2022-06-24T14:31:27+00:00\" \/>\n<meta property=\"og:image\" content=\"https:\/\/dhg1h5j42swfq.cloudfront.net\/2021\/03\/22153002\/concurso-receita-federal.jpg\" \/>\n\t<meta property=\"og:image:width\" content=\"1200\" \/>\n\t<meta property=\"og:image:height\" content=\"628\" \/>\n\t<meta property=\"og:image:type\" content=\"image\/jpeg\" \/>\n<meta name=\"author\" content=\"F\u00e1bio Scaldelai\" \/>\n<meta name=\"twitter:card\" content=\"summary_large_image\" \/>\n<meta name=\"twitter:creator\" content=\"@EstratConcursos\" \/>\n<meta name=\"twitter:site\" content=\"@EstratConcursos\" \/>\n<meta name=\"twitter:label1\" content=\"Escrito por\" \/>\n\t<meta name=\"twitter:data1\" content=\"F\u00e1bio Scaldelai\" \/>\n\t<meta name=\"twitter:label2\" content=\"Est. tempo de leitura\" \/>\n\t<meta name=\"twitter:data2\" content=\"4 minutos\" \/>\n<script type=\"application\/ld+json\" class=\"yoast-schema-graph\">{\"@context\":\"https:\/\/schema.org\",\"@graph\":[{\"@type\":\"NewsArticle\",\"@id\":\"https:\/\/www.estrategiaconcursos.com.br\/blog\/ultimo-concurso-da-receita-federal-auditor\/#article\",\"isPartOf\":{\"@id\":\"https:\/\/www.estrategiaconcursos.com.br\/blog\/ultimo-concurso-da-receita-federal-auditor\/\"},\"author\":{\"name\":\"F\u00e1bio Scaldelai\",\"@id\":\"https:\/\/www.estrategiaconcursos.com.br\/blog\/#\/schema\/person\/e3b6b7ce0192dd4ad270655969d61750\"},\"headline\":\"Como foi o \u00faltimo concurso da Receita Federal para Auditor?\",\"datePublished\":\"2022-06-23T17:48:39+00:00\",\"dateModified\":\"2022-06-24T14:31:27+00:00\",\"mainEntityOfPage\":{\"@id\":\"https:\/\/www.estrategiaconcursos.com.br\/blog\/ultimo-concurso-da-receita-federal-auditor\/\"},\"wordCount\":593,\"commentCount\":0,\"publisher\":{\"@id\":\"https:\/\/www.estrategiaconcursos.com.br\/blog\/#organization\"},\"image\":{\"@id\":\"https:\/\/www.estrategiaconcursos.com.br\/blog\/ultimo-concurso-da-receita-federal-auditor\/#primaryimage\"},\"thumbnailUrl\":\"https:\/\/dhg1h5j42swfq.cloudfront.net\/2021\/03\/22153002\/concurso-receita-federal.jpg\",\"articleSection\":[\"Fiscal - Federal (RFB e AFT)\",\"\u00daltimas not\u00edcias\"],\"inLanguage\":\"pt-BR\",\"potentialAction\":[{\"@type\":\"CommentAction\",\"name\":\"Comment\",\"target\":[\"https:\/\/www.estrategiaconcursos.com.br\/blog\/ultimo-concurso-da-receita-federal-auditor\/#respond\"]}],\"copyrightYear\":\"2022\",\"copyrightHolder\":{\"@id\":\"https:\/\/www.estrategiaconcursos.com.br\/blog\/#organization\"}},{\"@type\":\"WebPage\",\"@id\":\"https:\/\/www.estrategiaconcursos.com.br\/blog\/ultimo-concurso-da-receita-federal-auditor\/\",\"url\":\"https:\/\/www.estrategiaconcursos.com.br\/blog\/ultimo-concurso-da-receita-federal-auditor\/\",\"name\":\"Como foi o \u00faltimo concurso da Receita Federal para Auditor?\",\"isPartOf\":{\"@id\":\"https:\/\/www.estrategiaconcursos.com.br\/blog\/#website\"},\"primaryImageOfPage\":{\"@id\":\"https:\/\/www.estrategiaconcursos.com.br\/blog\/ultimo-concurso-da-receita-federal-auditor\/#primaryimage\"},\"image\":{\"@id\":\"https:\/\/www.estrategiaconcursos.com.br\/blog\/ultimo-concurso-da-receita-federal-auditor\/#primaryimage\"},\"thumbnailUrl\":\"https:\/\/dhg1h5j42swfq.cloudfront.net\/2021\/03\/22153002\/concurso-receita-federal.jpg\",\"datePublished\":\"2022-06-23T17:48:39+00:00\",\"dateModified\":\"2022-06-24T14:31:27+00:00\",\"description\":\"Como foi o \u00faltimo concurso Receita Federal para Auditor? Veja detalhes como cargo, vagas, sal\u00e1rio e etapa de provas AQUI!\",\"breadcrumb\":{\"@id\":\"https:\/\/www.estrategiaconcursos.com.br\/blog\/ultimo-concurso-da-receita-federal-auditor\/#breadcrumb\"},\"inLanguage\":\"pt-BR\",\"potentialAction\":[{\"@type\":\"ReadAction\",\"target\":[\"https:\/\/www.estrategiaconcursos.com.br\/blog\/ultimo-concurso-da-receita-federal-auditor\/\"]}]},{\"@type\":\"ImageObject\",\"inLanguage\":\"pt-BR\",\"@id\":\"https:\/\/www.estrategiaconcursos.com.br\/blog\/ultimo-concurso-da-receita-federal-auditor\/#primaryimage\",\"url\":\"https:\/\/dhg1h5j42swfq.cloudfront.net\/2021\/03\/22153002\/concurso-receita-federal.jpg\",\"contentUrl\":\"https:\/\/dhg1h5j42swfq.cloudfront.net\/2021\/03\/22153002\/concurso-receita-federal.jpg\",\"width\":1200,\"height\":628,\"caption\":\"concurso Receita federal cronograma\"},{\"@type\":\"BreadcrumbList\",\"@id\":\"https:\/\/www.estrategiaconcursos.com.br\/blog\/ultimo-concurso-da-receita-federal-auditor\/#breadcrumb\",\"itemListElement\":[{\"@type\":\"ListItem\",\"position\":1,\"name\":\"In\u00edcio\",\"item\":\"https:\/\/www.estrategiaconcursos.com.br\/blog\/\"},{\"@type\":\"ListItem\",\"position\":2,\"name\":\"Como foi o \u00faltimo concurso da Receita Federal para Auditor?\"}]},{\"@type\":\"WebSite\",\"@id\":\"https:\/\/www.estrategiaconcursos.com.br\/blog\/#website\",\"url\":\"https:\/\/www.estrategiaconcursos.com.br\/blog\/\",\"name\":\"Estrat\u00e9gia Concursos\",\"description\":\"O blog da Estrat\u00e9gia Concursos traz not\u00edcias sobre concursos e artigos de professores oferecendo cursos para concursos (pdf + videaulas) no site.\",\"publisher\":{\"@id\":\"https:\/\/www.estrategiaconcursos.com.br\/blog\/#organization\"},\"potentialAction\":[{\"@type\":\"SearchAction\",\"target\":{\"@type\":\"EntryPoint\",\"urlTemplate\":\"https:\/\/www.estrategiaconcursos.com.br\/blog\/?s={search_term_string}\"},\"query-input\":{\"@type\":\"PropertyValueSpecification\",\"valueRequired\":true,\"valueName\":\"search_term_string\"}}],\"inLanguage\":\"pt-BR\"},{\"@type\":\"Organization\",\"@id\":\"https:\/\/www.estrategiaconcursos.com.br\/blog\/#organization\",\"name\":\"Estrat\u00e9gia Concursos\",\"url\":\"https:\/\/www.estrategiaconcursos.com.br\/blog\/\",\"logo\":{\"@type\":\"ImageObject\",\"inLanguage\":\"pt-BR\",\"@id\":\"https:\/\/www.estrategiaconcursos.com.br\/blog\/#\/schema\/logo\/image\/\",\"url\":\"https:\/\/dhg1h5j42swfq.cloudfront.net\/2025\/06\/03203428\/logo_concursos-1.jpg\",\"contentUrl\":\"https:\/\/dhg1h5j42swfq.cloudfront.net\/2025\/06\/03203428\/logo_concursos-1.jpg\",\"width\":230,\"height\":60,\"caption\":\"Estrat\u00e9gia Concursos\"},\"image\":{\"@id\":\"https:\/\/www.estrategiaconcursos.com.br\/blog\/#\/schema\/logo\/image\/\"},\"sameAs\":[\"https:\/\/x.com\/EstratConcursos\"]},{\"@type\":\"Person\",\"@id\":\"https:\/\/www.estrategiaconcursos.com.br\/blog\/#\/schema\/person\/e3b6b7ce0192dd4ad270655969d61750\",\"name\":\"F\u00e1bio Scaldelai\",\"image\":{\"@type\":\"ImageObject\",\"inLanguage\":\"pt-BR\",\"@id\":\"https:\/\/secure.gravatar.com\/avatar\/8ed7492c4d88d8495bc0cb24cda6847b8ae23eec459a919e08e77d0ca0fd79ec?s=96&d=mm&r=g\",\"url\":\"https:\/\/secure.gravatar.com\/avatar\/8ed7492c4d88d8495bc0cb24cda6847b8ae23eec459a919e08e77d0ca0fd79ec?s=96&d=mm&r=g\",\"contentUrl\":\"https:\/\/secure.gravatar.com\/avatar\/8ed7492c4d88d8495bc0cb24cda6847b8ae23eec459a919e08e77d0ca0fd79ec?s=96&d=mm&r=g\",\"caption\":\"F\u00e1bio Scaldelai\"},\"description\":\"Jornalista no Estrat\u00e9gia Concursos e Produtor de Televis\u00e3o, formado em Jornalismo, R\u00e1dio e TV pela Faculdade Integrada Rio Branco, com especializa\u00e7\u00f5es em Gest\u00e3o Empresarial e Marketing pelo M\u00f3dulo. Atuou como produtor no SBT, TV Bandeirantes e R\u00e1dio Band FM, al\u00e9m de acumular tr\u00eas anos de experi\u00eancia no setor de concursos p\u00fablicos pela LFG (Luiz Fl\u00e1vio Gomes). No Estrat\u00e9gia Concursos, atua na apura\u00e7\u00e3o de not\u00edcias da \u00e1rea fiscal, al\u00e9m de coberturas sobre concursos das \u00e1reas de controle (TCU, TCE, etc), concurso AFT, \u00e1rea de gest\u00e3o e administrativa, bem como dos \u00f3rg\u00e3os participantes do CNU. Tamb\u00e9m possui experi\u00eancia em link building e an\u00e1lise de m\u00eddia, adquirida durante sua atua\u00e7\u00e3o na ag\u00eancia SEO Marketing.\",\"url\":\"https:\/\/www.estrategiaconcursos.com.br\/blog\/author\/fabio-scaldelaiestrategiaconcursos-com-br\/\"}]}<\/script>\n<!-- \/ Yoast SEO Premium plugin. -->","yoast_head_json":{"title":"Como foi o \u00faltimo concurso da Receita Federal para Auditor?","description":"Como foi o \u00faltimo concurso Receita Federal para Auditor? Veja detalhes como cargo, vagas, sal\u00e1rio e etapa de provas AQUI!","robots":{"index":"index","follow":"follow","max-snippet":"max-snippet:-1","max-image-preview":"max-image-preview:large","max-video-preview":"max-video-preview:-1"},"canonical":"https:\/\/www.estrategiaconcursos.com.br\/blog\/ultimo-concurso-da-receita-federal-auditor\/","og_locale":"pt_BR","og_type":"article","og_title":"Como foi o \u00faltimo concurso da Receita Federal para Auditor?","og_description":"Como foi o \u00faltimo concurso Receita Federal para Auditor? Veja detalhes como cargo, vagas, sal\u00e1rio e etapa de provas AQUI!","og_url":"https:\/\/www.estrategiaconcursos.com.br\/blog\/ultimo-concurso-da-receita-federal-auditor\/","og_site_name":"Estrat\u00e9gia Concursos","article_published_time":"2022-06-23T17:48:39+00:00","article_modified_time":"2022-06-24T14:31:27+00:00","og_image":[{"width":1200,"height":628,"url":"https:\/\/dhg1h5j42swfq.cloudfront.net\/2021\/03\/22153002\/concurso-receita-federal.jpg","type":"image\/jpeg"}],"author":"F\u00e1bio Scaldelai","twitter_card":"summary_large_image","twitter_creator":"@EstratConcursos","twitter_site":"@EstratConcursos","twitter_misc":{"Escrito por":"F\u00e1bio Scaldelai","Est. tempo de leitura":"4 minutos"},"schema":{"@context":"https:\/\/schema.org","@graph":[{"@type":"NewsArticle","@id":"https:\/\/www.estrategiaconcursos.com.br\/blog\/ultimo-concurso-da-receita-federal-auditor\/#article","isPartOf":{"@id":"https:\/\/www.estrategiaconcursos.com.br\/blog\/ultimo-concurso-da-receita-federal-auditor\/"},"author":{"name":"F\u00e1bio Scaldelai","@id":"https:\/\/www.estrategiaconcursos.com.br\/blog\/#\/schema\/person\/e3b6b7ce0192dd4ad270655969d61750"},"headline":"Como foi o \u00faltimo concurso da Receita Federal para Auditor?","datePublished":"2022-06-23T17:48:39+00:00","dateModified":"2022-06-24T14:31:27+00:00","mainEntityOfPage":{"@id":"https:\/\/www.estrategiaconcursos.com.br\/blog\/ultimo-concurso-da-receita-federal-auditor\/"},"wordCount":593,"commentCount":0,"publisher":{"@id":"https:\/\/www.estrategiaconcursos.com.br\/blog\/#organization"},"image":{"@id":"https:\/\/www.estrategiaconcursos.com.br\/blog\/ultimo-concurso-da-receita-federal-auditor\/#primaryimage"},"thumbnailUrl":"https:\/\/dhg1h5j42swfq.cloudfront.net\/2021\/03\/22153002\/concurso-receita-federal.jpg","articleSection":["Fiscal - Federal (RFB e AFT)","\u00daltimas not\u00edcias"],"inLanguage":"pt-BR","potentialAction":[{"@type":"CommentAction","name":"Comment","target":["https:\/\/www.estrategiaconcursos.com.br\/blog\/ultimo-concurso-da-receita-federal-auditor\/#respond"]}],"copyrightYear":"2022","copyrightHolder":{"@id":"https:\/\/www.estrategiaconcursos.com.br\/blog\/#organization"}},{"@type":"WebPage","@id":"https:\/\/www.estrategiaconcursos.com.br\/blog\/ultimo-concurso-da-receita-federal-auditor\/","url":"https:\/\/www.estrategiaconcursos.com.br\/blog\/ultimo-concurso-da-receita-federal-auditor\/","name":"Como foi o \u00faltimo concurso da Receita Federal para Auditor?","isPartOf":{"@id":"https:\/\/www.estrategiaconcursos.com.br\/blog\/#website"},"primaryImageOfPage":{"@id":"https:\/\/www.estrategiaconcursos.com.br\/blog\/ultimo-concurso-da-receita-federal-auditor\/#primaryimage"},"image":{"@id":"https:\/\/www.estrategiaconcursos.com.br\/blog\/ultimo-concurso-da-receita-federal-auditor\/#primaryimage"},"thumbnailUrl":"https:\/\/dhg1h5j42swfq.cloudfront.net\/2021\/03\/22153002\/concurso-receita-federal.jpg","datePublished":"2022-06-23T17:48:39+00:00","dateModified":"2022-06-24T14:31:27+00:00","description":"Como foi o \u00faltimo concurso Receita Federal para Auditor? Veja detalhes como cargo, vagas, sal\u00e1rio e etapa de provas AQUI!","breadcrumb":{"@id":"https:\/\/www.estrategiaconcursos.com.br\/blog\/ultimo-concurso-da-receita-federal-auditor\/#breadcrumb"},"inLanguage":"pt-BR","potentialAction":[{"@type":"ReadAction","target":["https:\/\/www.estrategiaconcursos.com.br\/blog\/ultimo-concurso-da-receita-federal-auditor\/"]}]},{"@type":"ImageObject","inLanguage":"pt-BR","@id":"https:\/\/www.estrategiaconcursos.com.br\/blog\/ultimo-concurso-da-receita-federal-auditor\/#primaryimage","url":"https:\/\/dhg1h5j42swfq.cloudfront.net\/2021\/03\/22153002\/concurso-receita-federal.jpg","contentUrl":"https:\/\/dhg1h5j42swfq.cloudfront.net\/2021\/03\/22153002\/concurso-receita-federal.jpg","width":1200,"height":628,"caption":"concurso Receita federal cronograma"},{"@type":"BreadcrumbList","@id":"https:\/\/www.estrategiaconcursos.com.br\/blog\/ultimo-concurso-da-receita-federal-auditor\/#breadcrumb","itemListElement":[{"@type":"ListItem","position":1,"name":"In\u00edcio","item":"https:\/\/www.estrategiaconcursos.com.br\/blog\/"},{"@type":"ListItem","position":2,"name":"Como foi o \u00faltimo concurso da Receita Federal para Auditor?"}]},{"@type":"WebSite","@id":"https:\/\/www.estrategiaconcursos.com.br\/blog\/#website","url":"https:\/\/www.estrategiaconcursos.com.br\/blog\/","name":"Estrat\u00e9gia Concursos","description":"O blog da Estrat\u00e9gia Concursos traz not\u00edcias sobre concursos e artigos de professores oferecendo cursos para concursos (pdf + videaulas) no site.","publisher":{"@id":"https:\/\/www.estrategiaconcursos.com.br\/blog\/#organization"},"potentialAction":[{"@type":"SearchAction","target":{"@type":"EntryPoint","urlTemplate":"https:\/\/www.estrategiaconcursos.com.br\/blog\/?s={search_term_string}"},"query-input":{"@type":"PropertyValueSpecification","valueRequired":true,"valueName":"search_term_string"}}],"inLanguage":"pt-BR"},{"@type":"Organization","@id":"https:\/\/www.estrategiaconcursos.com.br\/blog\/#organization","name":"Estrat\u00e9gia Concursos","url":"https:\/\/www.estrategiaconcursos.com.br\/blog\/","logo":{"@type":"ImageObject","inLanguage":"pt-BR","@id":"https:\/\/www.estrategiaconcursos.com.br\/blog\/#\/schema\/logo\/image\/","url":"https:\/\/dhg1h5j42swfq.cloudfront.net\/2025\/06\/03203428\/logo_concursos-1.jpg","contentUrl":"https:\/\/dhg1h5j42swfq.cloudfront.net\/2025\/06\/03203428\/logo_concursos-1.jpg","width":230,"height":60,"caption":"Estrat\u00e9gia Concursos"},"image":{"@id":"https:\/\/www.estrategiaconcursos.com.br\/blog\/#\/schema\/logo\/image\/"},"sameAs":["https:\/\/x.com\/EstratConcursos"]},{"@type":"Person","@id":"https:\/\/www.estrategiaconcursos.com.br\/blog\/#\/schema\/person\/e3b6b7ce0192dd4ad270655969d61750","name":"F\u00e1bio Scaldelai","image":{"@type":"ImageObject","inLanguage":"pt-BR","@id":"https:\/\/secure.gravatar.com\/avatar\/8ed7492c4d88d8495bc0cb24cda6847b8ae23eec459a919e08e77d0ca0fd79ec?s=96&d=mm&r=g","url":"https:\/\/secure.gravatar.com\/avatar\/8ed7492c4d88d8495bc0cb24cda6847b8ae23eec459a919e08e77d0ca0fd79ec?s=96&d=mm&r=g","contentUrl":"https:\/\/secure.gravatar.com\/avatar\/8ed7492c4d88d8495bc0cb24cda6847b8ae23eec459a919e08e77d0ca0fd79ec?s=96&d=mm&r=g","caption":"F\u00e1bio Scaldelai"},"description":"Jornalista no Estrat\u00e9gia Concursos e Produtor de Televis\u00e3o, formado em Jornalismo, R\u00e1dio e TV pela Faculdade Integrada Rio Branco, com especializa\u00e7\u00f5es em Gest\u00e3o Empresarial e Marketing pelo M\u00f3dulo. Atuou como produtor no SBT, TV Bandeirantes e R\u00e1dio Band FM, al\u00e9m de acumular tr\u00eas anos de experi\u00eancia no setor de concursos p\u00fablicos pela LFG (Luiz Fl\u00e1vio Gomes). No Estrat\u00e9gia Concursos, atua na apura\u00e7\u00e3o de not\u00edcias da \u00e1rea fiscal, al\u00e9m de coberturas sobre concursos das \u00e1reas de controle (TCU, TCE, etc), concurso AFT, \u00e1rea de gest\u00e3o e administrativa, bem como dos \u00f3rg\u00e3os participantes do CNU. Tamb\u00e9m possui experi\u00eancia em link building e an\u00e1lise de m\u00eddia, adquirida durante sua atua\u00e7\u00e3o na ag\u00eancia SEO Marketing.","url":"https:\/\/www.estrategiaconcursos.com.br\/blog\/author\/fabio-scaldelaiestrategiaconcursos-com-br\/"}]}},"_links":{"self":[{"href":"https:\/\/www.estrategiaconcursos.com.br\/blog\/wp-json\/wp\/v2\/posts\/1047898","targetHints":{"allow":["GET"]}}],"collection":[{"href":"https:\/\/www.estrategiaconcursos.com.br\/blog\/wp-json\/wp\/v2\/posts"}],"about":[{"href":"https:\/\/www.estrategiaconcursos.com.br\/blog\/wp-json\/wp\/v2\/types\/post"}],"author":[{"embeddable":true,"href":"https:\/\/www.estrategiaconcursos.com.br\/blog\/wp-json\/wp\/v2\/users\/656"}],"replies":[{"embeddable":true,"href":"https:\/\/www.estrategiaconcursos.com.br\/blog\/wp-json\/wp\/v2\/comments?post=1047898"}],"version-history":[{"count":15,"href":"https:\/\/www.estrategiaconcursos.com.br\/blog\/wp-json\/wp\/v2\/posts\/1047898\/revisions"}],"predecessor-version":[{"id":1049703,"href":"https:\/\/www.estrategiaconcursos.com.br\/blog\/wp-json\/wp\/v2\/posts\/1047898\/revisions\/1049703"}],"wp:featuredmedia":[{"embeddable":true,"href":"https:\/\/www.estrategiaconcursos.com.br\/blog\/wp-json\/wp\/v2\/media\/698463"}],"wp:attachment":[{"href":"https:\/\/www.estrategiaconcursos.com.br\/blog\/wp-json\/wp\/v2\/media?parent=1047898"}],"wp:term":[{"taxonomy":"category","embeddable":true,"href":"https:\/\/www.estrategiaconcursos.com.br\/blog\/wp-json\/wp\/v2\/categories?post=1047898"},{"taxonomy":"post_tag","embeddable":true,"href":"https:\/\/www.estrategiaconcursos.com.br\/blog\/wp-json\/wp\/v2\/tags?post=1047898"},{"taxonomy":"tax_estado","embeddable":true,"href":"https:\/\/www.estrategiaconcursos.com.br\/blog\/wp-json\/wp\/v2\/tax_estado?post=1047898"}],"curies":[{"name":"wp","href":"https:\/\/api.w.org\/{rel}","templated":true}]}}