{"id":1046866,"date":"2022-06-23T14:14:00","date_gmt":"2022-06-23T17:14:00","guid":{"rendered":"https:\/\/www.estrategiaconcursos.com.br\/blog\/?p=1046866"},"modified":"2022-06-18T11:14:05","modified_gmt":"2022-06-18T14:14:05","slug":"concurso-trt-pb-ultimo","status":"publish","type":"post","link":"https:\/\/www.estrategiaconcursos.com.br\/blog\/concurso-trt-pb-ultimo\/","title":{"rendered":"Concurso TRT PB: confira informa\u00e7\u00f5es sobre o \u00faltimo edital"},"content":{"rendered":"\n<p>Voc\u00ea que esta se preparando para o novo concurso do <a href=\"https:\/\/www.trt13.jus.br\/\" target=\"_blank\" rel=\"noreferrer noopener\">Tribunal Regional do Trabalho da 13\u00aa Regi\u00e3o<\/a>\u00a0(<strong>concurso TRT PB<\/strong>), confira neste artigo as principais informa\u00e7\u00f5es sobre o \u00faltimo edital publicado!<\/p>\n\n\n\n<p>Foi oficialmente institu\u00edda a comiss\u00e3o respons\u00e1vel por acompanhar os tr\u00e2mites da nova sele\u00e7\u00e3o do \u00f3rg\u00e3o. Ou seja, o certame est\u00e1 cada vez mais perto de acontecer!<\/p>\n\n\n\n<p>A autoriza\u00e7\u00e3o havia sido concedida na sess\u00e3o ordin\u00e1ria realizada pelo Tribunal, no dia 16 de junho de 2022.<\/p>\n\n\n\n<p>O quantitativo de vagas e cargos contemplados ainda n\u00e3o foi divulgado. Por\u00e9m, de acordo com os dados disponibilizados no Portal de Transpar\u00eancia, atualmente o \u00f3rg\u00e3o conta com um n\u00famero de vac\u00e2ncia significativo, sendo:<\/p>\n\n\n\n<figure class=\"wp-block-table is-style-stripes\"><table><thead><tr><th class=\"has-text-align-center\" data-align=\"center\">Cargos<\/th><th class=\"has-text-align-center\" data-align=\"center\">Vac\u00e2ncias<\/th><\/tr><\/thead><tbody><tr><td class=\"has-text-align-center\" data-align=\"center\"><a href=\"https:\/\/www.estrategiaconcursos.com.br\/curso\/trts-tecnico-judiciario-area-administrativa-pacote-completo-2022-pre-edital\/\" target=\"_blank\" rel=\"noreferrer noopener\">T\u00e9cnico<\/a><\/td><td class=\"has-text-align-center\" data-align=\"center\">161<\/td><\/tr><tr><td class=\"has-text-align-center\" data-align=\"center\"><a href=\"https:\/\/www.estrategiaconcursos.com.br\/cursosPorConcurso\/trts-cursos-regulares-62\/\" target=\"_blank\" rel=\"noreferrer noopener\">Analista<\/a><\/td><td class=\"has-text-align-center\" data-align=\"center\">38<\/td><\/tr><\/tbody><\/table><figcaption>Cargos vagos TRT PB<\/figcaption><\/figure>\n\n\n\n<p>Vale lembrar que os sal\u00e1rios iniciais oferecidos variam entre R$ 7.591,37 e R$ 12.455,30, al\u00e9m de benef\u00edcios e gratifica\u00e7\u00f5es.<\/p>\n\n\n\n<p>Confira abaixo informa\u00e7\u00f5es sobre o \u00faltimo edital do concurso TRT PB, que nomeou seis candidatos a mais que o previsto no edital!<\/p>\n\n\n\n<h2 class=\"wp-block-heading\" id=\"h-concurso-trt-pb-ultimo-edital\">Concurso TRT PB: \u00faltimo edital<\/h2>\n\n\n\n<p>O \u00faltimo concurso TRT PB foi realizado em 2014, sob organiza\u00e7\u00e3o da Funda\u00e7\u00e3o Carlos Chagas, a FCC. Na ocasi\u00e3o, foram ofertadas 35 vagas para os cargos de Analista Judici\u00e1rio e T\u00e9cnico Judici\u00e1rio.<\/p>\n\n\n\n<p><strong><em>Analista Judici\u00e1rio<\/em><\/strong><em><strong>&nbsp;do TRT 13<\/strong><\/em><\/p>\n\n\n\n<ul class=\"wp-block-list\"><li>15 vagas \u2013 Tecnologia da Informa\u00e7\u00e3o&nbsp;<\/li><\/ul>\n\n\n\n<p><strong><em>T\u00e9cnico Judici\u00e1rio<\/em><\/strong>&nbsp;<em><strong>do TRT 13<\/strong><\/em><\/p>\n\n\n\n<ul class=\"wp-block-list\"><li>01 vaga \u2013&nbsp;Arquivologia<\/li><li>02 vagas \u2013&nbsp;Contabilidade&nbsp;<em><\/em><\/li><li>01 vaga \u2013&nbsp;Enfermagem<\/li><li>01 vaga \u2013&nbsp;Engenharia de Seguran\u00e7a no Trabalho<\/li><li>01 vaga \u2013&nbsp;Estat\u00edstica&nbsp;<\/li><li>01 vaga \u2013&nbsp;Fisioterapia<\/li><li>01 vaga \u2013&nbsp;Medicina&nbsp;<\/li><li>01 vaga \u2013&nbsp;Medicina do Trabalho<\/li><li>01 vaga \u2013&nbsp;Odontologia<\/li><li>01 vaga \u2013&nbsp;Psicologia&nbsp;<\/li><li>08 vagas \u2013&nbsp;Tecnologia da Informa\u00e7\u00e3o&nbsp;<\/li><\/ul>\n\n\n\n<h3 class=\"wp-block-heading\" id=\"inscritos\">Quantitativo de inscritos no concurso<\/h3>\n\n\n\n<p>Foram registrados no total,&nbsp;<strong>8.735 candidatos inscritos<\/strong>&nbsp;no concurso TRT PB 2014, sendo que o cargo com maior procura foi o de T\u00e9cnico Judici\u00e1rio, com 2.568 inscritos.<\/p>\n\n\n\n<p><strong>203 inscritos:&nbsp;<\/strong>An. Jud. \u2013 Arquivologia<br \/><strong>943 inscritos<\/strong>: An. Jud. \u2013 Contabilidade<br \/><strong>792 inscritos:&nbsp;<\/strong>An. Jud. \u2013 Enfermagem<br \/><strong>341 inscritos:&nbsp;<\/strong>An. Jud. \u2013 Engenharia de Seg. do Trab.<br \/><strong>76 inscritos:&nbsp;<\/strong>An. Jud. \u2013 Estat\u00edstica<br \/><strong>613 inscritos:&nbsp;<\/strong>An. Jud. \u2013 Fisioterapia<br \/><strong>220 inscritos:&nbsp;<\/strong>An. Jud. \u2013 Medicina<br \/><strong>67 inscritos:<\/strong>&nbsp;An. Jud. \u2013 Medicina do Trab.<br \/><strong>526 inscritos:&nbsp;<\/strong>An. Jud. \u2013 Odontologia<br \/><strong>466 inscritos:<\/strong>&nbsp;An. Jud. \u2013 Psicologia<br \/><strong>1.950 inscritos:&nbsp;<\/strong>An. Jud. \u2013 T.I.<br \/><strong>2.568 inscritos:<\/strong>&nbsp;T\u00e9c. Jud. \u2013 T.I.<\/p>\n\n\n\n<h3 class=\"wp-block-heading\" id=\"etapas\">Etapas do concurso<\/h3>\n\n\n\n<p>A sele\u00e7\u00e3o do TRT 13 foi feita atrav\u00e9s de duas etapas, sendo uma<strong>&nbsp;prova objetiva<\/strong>&nbsp;com quest\u00f5es de conhecimentos b\u00e1sicos e espec\u00edficos e uma&nbsp;<strong>prova dissertativa<\/strong>, ambas de car\u00e1ter eliminat\u00f3rio e classificat\u00f3rio, com dura\u00e7\u00e3o de 4 horas e 30 minutos.<\/p>\n\n\n\n<h3 class=\"wp-block-heading\" id=\"objetivas\">Provas Objetivas<\/h3>\n\n\n\n<p><strong>Analista Judici\u00e1rio<\/strong>&nbsp;<strong>do TRT 13<\/strong>:<\/p>\n\n\n\n<ul class=\"wp-block-list\"><li>Portugu\u00eas \u2013 10 quest\u00f5es (peso 1)<\/li><li>No\u00e7\u00f5es de Direito Administrativo \u2013 10 quest\u00f5es (peso 1)<\/li><li>Conhecimentos Espec\u00edficos \u2013 40 quest\u00f5es (peso 3)<\/li><\/ul>\n\n\n\n<p><strong>T\u00e9cnico Judici\u00e1rio do TRT 13<\/strong>:<\/p>\n\n\n\n<ul class=\"wp-block-list\"><li>Portugu\u00eas \u2013 15 quest\u00f5es (peso 1)<\/li><li>No\u00e7\u00f5es de Direito Administrativo \u2013 15 quest\u00f5es (peso 1)<\/li><li>Conhecimentos Espec\u00edficos \u2013 30 quest\u00f5es (peso 2)<\/li><\/ul>\n\n\n\n<p>Para todas as \u00c1reas\/Especialidades do cargo de Analista<br \/>Judici\u00e1rio, foi considerado habilitado o candidato que obtivesse<br \/>total de pontos igual ou superior a 200.<\/p>\n\n\n\n<p>Para o cargo de T\u00e9cnico Judici\u00e1rio \u2013 \u00c1rea Apoio Especializado \u2013<br \/>Especialidade Tecnologia da Informa\u00e7\u00e3o, as Provas Objetivas de<br \/>Conhecimentos Gerais e de Conhecimentos Espec\u00edficos foram considerados habilitados os candidatos que obtivessem total de pontos igual ou superior a 150.<\/p>\n\n\n\n<h3 class=\"wp-block-heading\" id=\"dissertativas\">Provas Dissertativas<\/h3>\n\n\n\n<p>Na Prova Discursiva \u2013 Reda\u00e7\u00e3o o candidato deveria desenvolver<br \/>um texto dissertativo a partir de uma \u00fanica proposta, sobre<br \/>assunto de interesse geral.<\/p>\n\n\n\n<p>Considerando-se que o texto constitui uma unidade, os itens discriminados a seguir foram os avaliados em estreita correla\u00e7\u00e3o:<\/p>\n\n\n\n<p>Conte\u00fado \u2013 at\u00e9 40 pontos:<br \/>a) perspectiva adotada no tratamento do tema;<br \/>b) capacidade de an\u00e1lise e senso cr\u00edtico em rela\u00e7\u00e3o ao tema<br \/>proposto;<br \/>c) consist\u00eancia dos argumentos, clareza e coer\u00eancia no seu<br \/>encadeamento.<br \/><br \/>Estrutura \u2013 at\u00e9 30 pontos:<br \/>a) respeito ao g\u00eanero solicitado;<br \/>b) progress\u00e3o textual e encadeamento de ideias;<br \/>c) articula\u00e7\u00e3o de frases e par\u00e1grafos (coes\u00e3o textual).<\/p>\n\n\n\n<p>Express\u00e3o \u2013 at\u00e9 30 pontos:<br \/>a) desempenho lingu\u00edstico de acordo com o n\u00edvel de<br \/>conhecimento exigido para o Cargo\/\u00c1rea;<br \/>b) adequa\u00e7\u00e3o do n\u00edvel de linguagem adotado \u00e0 produ\u00e7\u00e3o<br \/>proposta e coer\u00eancia no uso;<br \/>c) dom\u00ednio da norma culta formal, com aten\u00e7\u00e3o aos<br \/>seguintes itens: estrutura sint\u00e1tica de ora\u00e7\u00f5es e<br \/>per\u00edodos, elementos coesivos; concord\u00e2ncia verbal e<br \/>nominal; pontua\u00e7\u00e3o; reg\u00eancia verbal e nominal; emprego<br \/>de pronomes; flex\u00e3o verbal e nominal; uso de tempos e<br \/>modos verbais; grafia e acentua\u00e7\u00e3o.<\/p>\n\n\n\n<p>Na Prova Discursiva \u2013 Reda\u00e7\u00e3o deveriam ser rigorosamente<br \/>observados os limites m\u00ednimo de 20 linhas e m\u00e1ximo de 30<br \/>linhas, sob pena de perda de pontos a serem atribu\u00eddos \u00e0<br \/>Reda\u00e7\u00e3o.<\/p>\n\n\n\n<p>A Prova foi avaliada na escala de 0 a 100 pontos, considerando-se habilitado o candidato que nela obtiver nota igual ou superior a 50.<\/p>\n\n\n\n<h3 class=\"wp-block-heading\" id=\"nomeacoes-e-nota\">Nomea\u00e7\u00f5es e nota de corte do \u00faltimo concurso TRT PB<\/h3>\n\n\n\n<p>Durante todo o prazo do do concurso TRT 13, foram&nbsp;<strong>nomeados 41 candidatos<\/strong>, 6 a mais que o previsto em edital. Na tabela abaixo, voc\u00ea confere a rela\u00e7\u00e3o de nomea\u00e7\u00f5es e nota do \u00faltimo candidato nomeado (ampla concorr\u00eancia) em cada cargo\/especialidade.<\/p>\n\n\n\n<figure class=\"wp-block-table is-style-stripes\"><table class=\"has-very-light-gray-to-cyan-bluish-gray-gradient-background has-background\"><tbody><tr><td class=\"has-text-align-center\" data-align=\"center\"><strong>Cargo do TRT 13<\/strong><\/td><td class=\"has-text-align-center\" data-align=\"center\"><strong>Vagas em edital<\/strong><\/td><td class=\"has-text-align-center\" data-align=\"center\"><strong>Nomeados<\/strong><\/td><td class=\"has-text-align-center\" data-align=\"center\"><strong>Posi\u00e7\u00e3o do \u00faltimo nomeado (AC)<\/strong><\/td><td class=\"has-text-align-center\" data-align=\"center\"><strong>Nota<\/strong><\/td><\/tr><tr><td class=\"has-text-align-center\" data-align=\"center\">An. Jud. trt 13- Arquivologia<\/td><td class=\"has-text-align-center\" data-align=\"center\">01<\/td><td class=\"has-text-align-center\" data-align=\"center\">01<\/td><td class=\"has-text-align-center\" data-align=\"center\">1\u00ba<\/td><td class=\"has-text-align-center\" data-align=\"center\">365.51<\/td><\/tr><tr><td class=\"has-text-align-center\" data-align=\"center\">An. Jud. TRT 13- Contabilidade<\/td><td class=\"has-text-align-center\" data-align=\"center\">02<\/td><td class=\"has-text-align-center\" data-align=\"center\">04<\/td><td class=\"has-text-align-center\" data-align=\"center\">5\u00ba<\/td><td class=\"has-text-align-center\" data-align=\"center\">365.07<\/td><\/tr><tr><td class=\"has-text-align-center\" data-align=\"center\">An. Jud. TRT 13 \u2013 Enfermagem<\/td><td class=\"has-text-align-center\" data-align=\"center\">01<\/td><td class=\"has-text-align-center\" data-align=\"center\">01<\/td><td class=\"has-text-align-center\" data-align=\"center\">1\u00ba<\/td><td class=\"has-text-align-center\" data-align=\"center\">374.07<\/td><\/tr><tr><td class=\"has-text-align-center\" data-align=\"center\">An. Jud. TRT 13 \u2013 Engenharia de Seg. do Trab. TRT 13<\/td><td class=\"has-text-align-center\" data-align=\"center\">01<\/td><td class=\"has-text-align-center\" data-align=\"center\">02<\/td><td class=\"has-text-align-center\" data-align=\"center\">2\u00ba<\/td><td class=\"has-text-align-center\" data-align=\"center\">355.28<\/td><\/tr><tr><td class=\"has-text-align-center\" data-align=\"center\">An. Jud. TRT 13 \u2013 Estat\u00edstica<\/td><td class=\"has-text-align-center\" data-align=\"center\">01<\/td><td class=\"has-text-align-center\" data-align=\"center\">01<\/td><td class=\"has-text-align-center\" data-align=\"center\">2\u00ba<\/td><td class=\"has-text-align-center\" data-align=\"center\">342.62<\/td><\/tr><tr><td class=\"has-text-align-center\" data-align=\"center\">An. Jud. TRT 13 \u2013 Fisioterapia<\/td><td class=\"has-text-align-center\" data-align=\"center\">01<\/td><td class=\"has-text-align-center\" data-align=\"center\">02<\/td><td class=\"has-text-align-center\" data-align=\"center\">2\u00ba<\/td><td class=\"has-text-align-center\" data-align=\"center\">361.65<\/td><\/tr><tr><td class=\"has-text-align-center\" data-align=\"center\">An. Jud. TRT 13- Medicina<\/td><td class=\"has-text-align-center\" data-align=\"center\">01<\/td><td class=\"has-text-align-center\" data-align=\"center\">02<\/td><td class=\"has-text-align-center\" data-align=\"center\">5\u00ba<\/td><td class=\"has-text-align-center\" data-align=\"center\">341.33<\/td><\/tr><tr><td class=\"has-text-align-center\" data-align=\"center\">An. Jud. TRT 13 \u2013 Medicina do Trab.<\/td><td class=\"has-text-align-center\" data-align=\"center\">01<\/td><td class=\"has-text-align-center\" data-align=\"center\">02<\/td><td class=\"has-text-align-center\" data-align=\"center\">2\u00ba<\/td><td class=\"has-text-align-center\" data-align=\"center\">346.97<\/td><\/tr><tr><td class=\"has-text-align-center\" data-align=\"center\">An. Jud. TRT 13 \u2013 Odontologia<\/td><td class=\"has-text-align-center\" data-align=\"center\">01<\/td><td class=\"has-text-align-center\" data-align=\"center\">01<\/td><td class=\"has-text-align-center\" data-align=\"center\">1\u00ba<\/td><td class=\"has-text-align-center\" data-align=\"center\">375.25<\/td><\/tr><tr><td class=\"has-text-align-center\" data-align=\"center\">An. Jud. TRT 13 \u2013 Psicologia<\/td><td class=\"has-text-align-center\" data-align=\"center\">01<\/td><td class=\"has-text-align-center\" data-align=\"center\">02<\/td><td class=\"has-text-align-center\" data-align=\"center\">2\u00ba<\/td><td class=\"has-text-align-center\" data-align=\"center\">355.87<\/td><\/tr><tr><td class=\"has-text-align-center\" data-align=\"center\">An. Jud. TRT 13 \u2013 T.I.<\/td><td class=\"has-text-align-center\" data-align=\"center\">07<\/td><td class=\"has-text-align-center\" data-align=\"center\">07<\/td><td class=\"has-text-align-center\" data-align=\"center\">7\u00ba<\/td><td class=\"has-text-align-center\" data-align=\"center\">367.29<\/td><\/tr><tr><td class=\"has-text-align-center\" data-align=\"center\">T\u00e9c. Jud. TRT 13 \u2013 T.I.<\/td><td class=\"has-text-align-center\" data-align=\"center\">15<\/td><td class=\"has-text-align-center\" data-align=\"center\">16<\/td><td class=\"has-text-align-center\" data-align=\"center\">34\u00ba<\/td><td class=\"has-text-align-center\" data-align=\"center\">281.74<\/td><\/tr><\/tbody><\/table><figcaption>Nomea\u00e7\u00f5es e nota de corte \u00faltimo concurso TRT PB<\/figcaption><\/figure>\n\n\n\n<p class=\"has-text-align-center has-pale-cyan-blue-background-color has-background has-medium-font-size\"><strong>Saiba mais: <a href=\"https:\/\/www.estrategiaconcursos.com.br\/blog\/concurso-trt-pb\/\" target=\"_blank\" rel=\"noreferrer noopener\">concurso TRT PB<\/a><\/strong><\/p>\n\n\n\n<h2 class=\"has-text-align-center wp-block-heading\" id=\"h-quer-saber-tudo-sobre-concursos-previstos-confira-nossos-artigos\">Quer saber tudo sobre concursos previstos?<br \/>Confira nossos artigos!<\/h2>\n\n\n\n<ul class=\"wp-block-list\"><li><a href=\"https:\/\/www.estrategiaconcursos.com.br\/blog\/concursos-abertos\/\" target=\"_blank\" rel=\"noreferrer noopener\">Concursos abertos<\/a><\/li><li><a href=\"https:\/\/www.estrategiaconcursos.com.br\/blog\/concursos-2022\/\" target=\"_blank\" rel=\"noreferrer noopener\">Concursos 2022<\/a><\/li><\/ul>\n\n\n\n<h2 class=\"has-text-align-center wp-block-heading\" id=\"cursos\"><strong><em>Quer estudar para o TRT PB?<\/em><\/strong><\/h2>\n\n\n\n<p class=\"has-text-align-center\"><em><strong>Gostou desta oportunidade e deseja come\u00e7ar se preparar agora mesmo? Ent\u00e3o, confira os nossos cursos e comece a estudar para TRT 13:<\/strong><\/em><\/p>\n\n\n\n<div class=\"container\" id=\"boxes\">\n  <div class=\"row\">\n\n    <div class=\"col-sm\">\n      <div class=\"banner-tribunal\" id=\"box-assinatura\">\n        <h3 class=\"titulo-assinatura\">Curso TRT PB<\/h3>\n        <p class=\"subtitulo-assinatura\">Conhe\u00e7a os cursos<\/p>\n        <div class=\"box-botao\">\n          <a class=\"btn-assinatura\" target=\"_blank\" href=\"https:\/\/www.estrategiaconcursos.com.br\/cursosPorConcurso\/trt-paraiba-13-regiao-272\/\" role=\"button\" rel=\"noopener noreferrer\">Conhe\u00e7a mais<\/a>\n        <\/div>\n      <\/div>\n      <p class=\"texto-auxiliar\">Prepare-se com o melhor material e com quem mais aprova em Concursos P\u00fablicos em todo o pa\u00eds.<\/p>\n    <\/div>\n\n  <\/div>\n<\/div>\n\n\n\n<div class=\"container\" id=\"boxes\">\n  <div class=\"row\">\n\n    <div class=\"col-sm\">\n      <div class=\"estrategia\" id=\"box-assinatura\">\n        <h3 class=\"titulo-assinatura\">Assinatura de Concursos<\/h3>\n        <p class=\"subtitulo-assinatura\">Assinatura de 1 ano ou 2 anos<\/p>\n        <div class=\"box-botao\">\n          <a class=\"btn-assinatura\" target=\"_blank\" href=\"https:\/\/www.estrategiaconcursos.com.br\/assinaturas\/\" role=\"button\" rel=\"noopener noreferrer\">ASSINE AGORA<\/a>\n        <\/div>\n      <\/div>\n     \n    <\/div><\/div><\/div>\n","protected":false},"excerpt":{"rendered":"<p>Voc\u00ea que esta se preparando para o novo concurso do Tribunal Regional do Trabalho da 13\u00aa Regi\u00e3o\u00a0(concurso TRT PB), confira neste artigo as principais informa\u00e7\u00f5es sobre o \u00faltimo edital publicado! Foi oficialmente institu\u00edda a comiss\u00e3o respons\u00e1vel por acompanhar os tr\u00e2mites da nova sele\u00e7\u00e3o do \u00f3rg\u00e3o. Ou seja, o certame est\u00e1 cada vez mais perto de [&hellip;]<\/p>\n","protected":false},"author":2402,"featured_media":1019967,"comment_status":"open","ping_status":"closed","sticky":false,"template":"","format":"standard","meta":{"post_tipo":"news","footnotes":""},"categories":[1984,220219],"tags":[],"tax_estado":[219978],"class_list":["post-1046866","post","type-post","status-publish","format-standard","has-post-thumbnail","hentry","category-tribunais","category-noticias","tax_estado-pb"],"acf":[],"yoast_head":"<!-- This site is optimized with the Yoast SEO Premium plugin v27.2 (Yoast SEO v27.2) - https:\/\/yoast.com\/product\/yoast-seo-premium-wordpress\/ -->\n<title>Concurso TRT PB: confira informa\u00e7\u00f5es sobre o \u00faltimo edital<\/title>\n<meta name=\"description\" content=\"Concurso TRT PB: confira os detalhes do \u00faltimo edital publicado pelo \u00f3rg\u00e3o aqui no site do Estrat\u00e9gia Concursos!\" \/>\n<meta name=\"robots\" content=\"index, follow, max-snippet:-1, max-image-preview:large, max-video-preview:-1\" \/>\n<link rel=\"canonical\" href=\"https:\/\/www.estrategiaconcursos.com.br\/blog\/concurso-trt-pb-ultimo\/\" \/>\n<meta property=\"og:locale\" content=\"pt_BR\" \/>\n<meta property=\"og:type\" content=\"article\" \/>\n<meta property=\"og:title\" content=\"Concurso TRT PB: confira informa\u00e7\u00f5es sobre o \u00faltimo edital\" \/>\n<meta property=\"og:description\" content=\"Concurso TRT PB: confira os detalhes do \u00faltimo edital publicado pelo \u00f3rg\u00e3o aqui no site do Estrat\u00e9gia Concursos!\" \/>\n<meta property=\"og:url\" content=\"https:\/\/www.estrategiaconcursos.com.br\/blog\/concurso-trt-pb-ultimo\/\" \/>\n<meta property=\"og:site_name\" content=\"Estrat\u00e9gia Concursos\" \/>\n<meta property=\"article:published_time\" content=\"2022-06-23T17:14:00+00:00\" \/>\n<meta property=\"og:image\" content=\"https:\/\/dhg1h5j42swfq.cloudfront.net\/2022\/05\/03103742\/concurso_trt_pb.jpeg\" \/>\n\t<meta property=\"og:image:width\" content=\"768\" \/>\n\t<meta property=\"og:image:height\" content=\"432\" \/>\n\t<meta property=\"og:image:type\" content=\"image\/jpeg\" \/>\n<meta name=\"author\" content=\"Daniela Santos Nascimento\" \/>\n<meta name=\"twitter:card\" content=\"summary_large_image\" \/>\n<meta name=\"twitter:creator\" content=\"@EstratConcursos\" \/>\n<meta name=\"twitter:site\" content=\"@EstratConcursos\" \/>\n<meta name=\"twitter:label1\" content=\"Escrito por\" \/>\n\t<meta name=\"twitter:data1\" content=\"Daniela Santos Nascimento\" \/>\n\t<meta name=\"twitter:label2\" content=\"Est. tempo de leitura\" \/>\n\t<meta name=\"twitter:data2\" content=\"6 minutos\" \/>\n<script type=\"application\/ld+json\" class=\"yoast-schema-graph\">{\"@context\":\"https:\/\/schema.org\",\"@graph\":[{\"@type\":\"NewsArticle\",\"@id\":\"https:\/\/www.estrategiaconcursos.com.br\/blog\/concurso-trt-pb-ultimo\/#article\",\"isPartOf\":{\"@id\":\"https:\/\/www.estrategiaconcursos.com.br\/blog\/concurso-trt-pb-ultimo\/\"},\"author\":{\"name\":\"Daniela Santos Nascimento\",\"@id\":\"https:\/\/www.estrategiaconcursos.com.br\/blog\/#\/schema\/person\/399990d02336f200766707b881aee98f\"},\"headline\":\"Concurso TRT PB: confira informa\u00e7\u00f5es sobre o \u00faltimo edital\",\"datePublished\":\"2022-06-23T17:14:00+00:00\",\"mainEntityOfPage\":{\"@id\":\"https:\/\/www.estrategiaconcursos.com.br\/blog\/concurso-trt-pb-ultimo\/\"},\"wordCount\":1032,\"commentCount\":0,\"publisher\":{\"@id\":\"https:\/\/www.estrategiaconcursos.com.br\/blog\/#organization\"},\"image\":{\"@id\":\"https:\/\/www.estrategiaconcursos.com.br\/blog\/concurso-trt-pb-ultimo\/#primaryimage\"},\"thumbnailUrl\":\"https:\/\/dhg1h5j42swfq.cloudfront.net\/2022\/05\/03103742\/concurso_trt_pb.jpeg\",\"articleSection\":[\"Tribunais\",\"\u00daltimas not\u00edcias\"],\"inLanguage\":\"pt-BR\",\"potentialAction\":[{\"@type\":\"CommentAction\",\"name\":\"Comment\",\"target\":[\"https:\/\/www.estrategiaconcursos.com.br\/blog\/concurso-trt-pb-ultimo\/#respond\"]}],\"copyrightYear\":\"2022\",\"copyrightHolder\":{\"@id\":\"https:\/\/www.estrategiaconcursos.com.br\/blog\/#organization\"}},{\"@type\":\"WebPage\",\"@id\":\"https:\/\/www.estrategiaconcursos.com.br\/blog\/concurso-trt-pb-ultimo\/\",\"url\":\"https:\/\/www.estrategiaconcursos.com.br\/blog\/concurso-trt-pb-ultimo\/\",\"name\":\"Concurso TRT PB: confira informa\u00e7\u00f5es sobre o \u00faltimo edital\",\"isPartOf\":{\"@id\":\"https:\/\/www.estrategiaconcursos.com.br\/blog\/#website\"},\"primaryImageOfPage\":{\"@id\":\"https:\/\/www.estrategiaconcursos.com.br\/blog\/concurso-trt-pb-ultimo\/#primaryimage\"},\"image\":{\"@id\":\"https:\/\/www.estrategiaconcursos.com.br\/blog\/concurso-trt-pb-ultimo\/#primaryimage\"},\"thumbnailUrl\":\"https:\/\/dhg1h5j42swfq.cloudfront.net\/2022\/05\/03103742\/concurso_trt_pb.jpeg\",\"datePublished\":\"2022-06-23T17:14:00+00:00\",\"description\":\"Concurso TRT PB: confira os detalhes do \u00faltimo edital publicado pelo \u00f3rg\u00e3o aqui no site do Estrat\u00e9gia Concursos!\",\"breadcrumb\":{\"@id\":\"https:\/\/www.estrategiaconcursos.com.br\/blog\/concurso-trt-pb-ultimo\/#breadcrumb\"},\"inLanguage\":\"pt-BR\",\"potentialAction\":[{\"@type\":\"ReadAction\",\"target\":[\"https:\/\/www.estrategiaconcursos.com.br\/blog\/concurso-trt-pb-ultimo\/\"]}]},{\"@type\":\"ImageObject\",\"inLanguage\":\"pt-BR\",\"@id\":\"https:\/\/www.estrategiaconcursos.com.br\/blog\/concurso-trt-pb-ultimo\/#primaryimage\",\"url\":\"https:\/\/dhg1h5j42swfq.cloudfront.net\/2022\/05\/03103742\/concurso_trt_pb.jpeg\",\"contentUrl\":\"https:\/\/dhg1h5j42swfq.cloudfront.net\/2022\/05\/03103742\/concurso_trt_pb.jpeg\",\"width\":768,\"height\":432},{\"@type\":\"BreadcrumbList\",\"@id\":\"https:\/\/www.estrategiaconcursos.com.br\/blog\/concurso-trt-pb-ultimo\/#breadcrumb\",\"itemListElement\":[{\"@type\":\"ListItem\",\"position\":1,\"name\":\"In\u00edcio\",\"item\":\"https:\/\/www.estrategiaconcursos.com.br\/blog\/\"},{\"@type\":\"ListItem\",\"position\":2,\"name\":\"Concurso TRT PB: confira informa\u00e7\u00f5es sobre o \u00faltimo edital\"}]},{\"@type\":\"WebSite\",\"@id\":\"https:\/\/www.estrategiaconcursos.com.br\/blog\/#website\",\"url\":\"https:\/\/www.estrategiaconcursos.com.br\/blog\/\",\"name\":\"Estrat\u00e9gia Concursos\",\"description\":\"O blog da Estrat\u00e9gia Concursos traz not\u00edcias sobre concursos e artigos de professores oferecendo cursos para concursos (pdf + videaulas) no site.\",\"publisher\":{\"@id\":\"https:\/\/www.estrategiaconcursos.com.br\/blog\/#organization\"},\"potentialAction\":[{\"@type\":\"SearchAction\",\"target\":{\"@type\":\"EntryPoint\",\"urlTemplate\":\"https:\/\/www.estrategiaconcursos.com.br\/blog\/?s={search_term_string}\"},\"query-input\":{\"@type\":\"PropertyValueSpecification\",\"valueRequired\":true,\"valueName\":\"search_term_string\"}}],\"inLanguage\":\"pt-BR\"},{\"@type\":\"Organization\",\"@id\":\"https:\/\/www.estrategiaconcursos.com.br\/blog\/#organization\",\"name\":\"Estrat\u00e9gia Concursos\",\"url\":\"https:\/\/www.estrategiaconcursos.com.br\/blog\/\",\"logo\":{\"@type\":\"ImageObject\",\"inLanguage\":\"pt-BR\",\"@id\":\"https:\/\/www.estrategiaconcursos.com.br\/blog\/#\/schema\/logo\/image\/\",\"url\":\"https:\/\/dhg1h5j42swfq.cloudfront.net\/2025\/06\/03203428\/logo_concursos-1.jpg\",\"contentUrl\":\"https:\/\/dhg1h5j42swfq.cloudfront.net\/2025\/06\/03203428\/logo_concursos-1.jpg\",\"width\":230,\"height\":60,\"caption\":\"Estrat\u00e9gia Concursos\"},\"image\":{\"@id\":\"https:\/\/www.estrategiaconcursos.com.br\/blog\/#\/schema\/logo\/image\/\"},\"sameAs\":[\"https:\/\/x.com\/EstratConcursos\"]},{\"@type\":\"Person\",\"@id\":\"https:\/\/www.estrategiaconcursos.com.br\/blog\/#\/schema\/person\/399990d02336f200766707b881aee98f\",\"name\":\"Daniela Santos Nascimento\",\"image\":{\"@type\":\"ImageObject\",\"inLanguage\":\"pt-BR\",\"@id\":\"https:\/\/secure.gravatar.com\/avatar\/7f343622ad121e2893832a8c76808be436bdfcbf2f7d696174c94ecd84f2384a?s=96&d=mm&r=g\",\"url\":\"https:\/\/secure.gravatar.com\/avatar\/7f343622ad121e2893832a8c76808be436bdfcbf2f7d696174c94ecd84f2384a?s=96&d=mm&r=g\",\"contentUrl\":\"https:\/\/secure.gravatar.com\/avatar\/7f343622ad121e2893832a8c76808be436bdfcbf2f7d696174c94ecd84f2384a?s=96&d=mm&r=g\",\"caption\":\"Daniela Santos Nascimento\"},\"url\":\"https:\/\/www.estrategiaconcursos.com.br\/blog\/author\/daniela-nascimentoestrategia-com\/\"}]}<\/script>\n<!-- \/ Yoast SEO Premium plugin. -->","yoast_head_json":{"title":"Concurso TRT PB: confira informa\u00e7\u00f5es sobre o \u00faltimo edital","description":"Concurso TRT PB: confira os detalhes do \u00faltimo edital publicado pelo \u00f3rg\u00e3o aqui no site do Estrat\u00e9gia Concursos!","robots":{"index":"index","follow":"follow","max-snippet":"max-snippet:-1","max-image-preview":"max-image-preview:large","max-video-preview":"max-video-preview:-1"},"canonical":"https:\/\/www.estrategiaconcursos.com.br\/blog\/concurso-trt-pb-ultimo\/","og_locale":"pt_BR","og_type":"article","og_title":"Concurso TRT PB: confira informa\u00e7\u00f5es sobre o \u00faltimo edital","og_description":"Concurso TRT PB: confira os detalhes do \u00faltimo edital publicado pelo \u00f3rg\u00e3o aqui no site do Estrat\u00e9gia Concursos!","og_url":"https:\/\/www.estrategiaconcursos.com.br\/blog\/concurso-trt-pb-ultimo\/","og_site_name":"Estrat\u00e9gia Concursos","article_published_time":"2022-06-23T17:14:00+00:00","og_image":[{"width":768,"height":432,"url":"https:\/\/dhg1h5j42swfq.cloudfront.net\/2022\/05\/03103742\/concurso_trt_pb.jpeg","type":"image\/jpeg"}],"author":"Daniela Santos Nascimento","twitter_card":"summary_large_image","twitter_creator":"@EstratConcursos","twitter_site":"@EstratConcursos","twitter_misc":{"Escrito por":"Daniela Santos Nascimento","Est. tempo de leitura":"6 minutos"},"schema":{"@context":"https:\/\/schema.org","@graph":[{"@type":"NewsArticle","@id":"https:\/\/www.estrategiaconcursos.com.br\/blog\/concurso-trt-pb-ultimo\/#article","isPartOf":{"@id":"https:\/\/www.estrategiaconcursos.com.br\/blog\/concurso-trt-pb-ultimo\/"},"author":{"name":"Daniela Santos Nascimento","@id":"https:\/\/www.estrategiaconcursos.com.br\/blog\/#\/schema\/person\/399990d02336f200766707b881aee98f"},"headline":"Concurso TRT PB: confira informa\u00e7\u00f5es sobre o \u00faltimo edital","datePublished":"2022-06-23T17:14:00+00:00","mainEntityOfPage":{"@id":"https:\/\/www.estrategiaconcursos.com.br\/blog\/concurso-trt-pb-ultimo\/"},"wordCount":1032,"commentCount":0,"publisher":{"@id":"https:\/\/www.estrategiaconcursos.com.br\/blog\/#organization"},"image":{"@id":"https:\/\/www.estrategiaconcursos.com.br\/blog\/concurso-trt-pb-ultimo\/#primaryimage"},"thumbnailUrl":"https:\/\/dhg1h5j42swfq.cloudfront.net\/2022\/05\/03103742\/concurso_trt_pb.jpeg","articleSection":["Tribunais","\u00daltimas not\u00edcias"],"inLanguage":"pt-BR","potentialAction":[{"@type":"CommentAction","name":"Comment","target":["https:\/\/www.estrategiaconcursos.com.br\/blog\/concurso-trt-pb-ultimo\/#respond"]}],"copyrightYear":"2022","copyrightHolder":{"@id":"https:\/\/www.estrategiaconcursos.com.br\/blog\/#organization"}},{"@type":"WebPage","@id":"https:\/\/www.estrategiaconcursos.com.br\/blog\/concurso-trt-pb-ultimo\/","url":"https:\/\/www.estrategiaconcursos.com.br\/blog\/concurso-trt-pb-ultimo\/","name":"Concurso TRT PB: confira informa\u00e7\u00f5es sobre o \u00faltimo edital","isPartOf":{"@id":"https:\/\/www.estrategiaconcursos.com.br\/blog\/#website"},"primaryImageOfPage":{"@id":"https:\/\/www.estrategiaconcursos.com.br\/blog\/concurso-trt-pb-ultimo\/#primaryimage"},"image":{"@id":"https:\/\/www.estrategiaconcursos.com.br\/blog\/concurso-trt-pb-ultimo\/#primaryimage"},"thumbnailUrl":"https:\/\/dhg1h5j42swfq.cloudfront.net\/2022\/05\/03103742\/concurso_trt_pb.jpeg","datePublished":"2022-06-23T17:14:00+00:00","description":"Concurso TRT PB: confira os detalhes do \u00faltimo edital publicado pelo \u00f3rg\u00e3o aqui no site do Estrat\u00e9gia Concursos!","breadcrumb":{"@id":"https:\/\/www.estrategiaconcursos.com.br\/blog\/concurso-trt-pb-ultimo\/#breadcrumb"},"inLanguage":"pt-BR","potentialAction":[{"@type":"ReadAction","target":["https:\/\/www.estrategiaconcursos.com.br\/blog\/concurso-trt-pb-ultimo\/"]}]},{"@type":"ImageObject","inLanguage":"pt-BR","@id":"https:\/\/www.estrategiaconcursos.com.br\/blog\/concurso-trt-pb-ultimo\/#primaryimage","url":"https:\/\/dhg1h5j42swfq.cloudfront.net\/2022\/05\/03103742\/concurso_trt_pb.jpeg","contentUrl":"https:\/\/dhg1h5j42swfq.cloudfront.net\/2022\/05\/03103742\/concurso_trt_pb.jpeg","width":768,"height":432},{"@type":"BreadcrumbList","@id":"https:\/\/www.estrategiaconcursos.com.br\/blog\/concurso-trt-pb-ultimo\/#breadcrumb","itemListElement":[{"@type":"ListItem","position":1,"name":"In\u00edcio","item":"https:\/\/www.estrategiaconcursos.com.br\/blog\/"},{"@type":"ListItem","position":2,"name":"Concurso TRT PB: confira informa\u00e7\u00f5es sobre o \u00faltimo edital"}]},{"@type":"WebSite","@id":"https:\/\/www.estrategiaconcursos.com.br\/blog\/#website","url":"https:\/\/www.estrategiaconcursos.com.br\/blog\/","name":"Estrat\u00e9gia Concursos","description":"O blog da Estrat\u00e9gia Concursos traz not\u00edcias sobre concursos e artigos de professores oferecendo cursos para concursos (pdf + videaulas) no site.","publisher":{"@id":"https:\/\/www.estrategiaconcursos.com.br\/blog\/#organization"},"potentialAction":[{"@type":"SearchAction","target":{"@type":"EntryPoint","urlTemplate":"https:\/\/www.estrategiaconcursos.com.br\/blog\/?s={search_term_string}"},"query-input":{"@type":"PropertyValueSpecification","valueRequired":true,"valueName":"search_term_string"}}],"inLanguage":"pt-BR"},{"@type":"Organization","@id":"https:\/\/www.estrategiaconcursos.com.br\/blog\/#organization","name":"Estrat\u00e9gia Concursos","url":"https:\/\/www.estrategiaconcursos.com.br\/blog\/","logo":{"@type":"ImageObject","inLanguage":"pt-BR","@id":"https:\/\/www.estrategiaconcursos.com.br\/blog\/#\/schema\/logo\/image\/","url":"https:\/\/dhg1h5j42swfq.cloudfront.net\/2025\/06\/03203428\/logo_concursos-1.jpg","contentUrl":"https:\/\/dhg1h5j42swfq.cloudfront.net\/2025\/06\/03203428\/logo_concursos-1.jpg","width":230,"height":60,"caption":"Estrat\u00e9gia Concursos"},"image":{"@id":"https:\/\/www.estrategiaconcursos.com.br\/blog\/#\/schema\/logo\/image\/"},"sameAs":["https:\/\/x.com\/EstratConcursos"]},{"@type":"Person","@id":"https:\/\/www.estrategiaconcursos.com.br\/blog\/#\/schema\/person\/399990d02336f200766707b881aee98f","name":"Daniela Santos Nascimento","image":{"@type":"ImageObject","inLanguage":"pt-BR","@id":"https:\/\/secure.gravatar.com\/avatar\/7f343622ad121e2893832a8c76808be436bdfcbf2f7d696174c94ecd84f2384a?s=96&d=mm&r=g","url":"https:\/\/secure.gravatar.com\/avatar\/7f343622ad121e2893832a8c76808be436bdfcbf2f7d696174c94ecd84f2384a?s=96&d=mm&r=g","contentUrl":"https:\/\/secure.gravatar.com\/avatar\/7f343622ad121e2893832a8c76808be436bdfcbf2f7d696174c94ecd84f2384a?s=96&d=mm&r=g","caption":"Daniela Santos Nascimento"},"url":"https:\/\/www.estrategiaconcursos.com.br\/blog\/author\/daniela-nascimentoestrategia-com\/"}]}},"_links":{"self":[{"href":"https:\/\/www.estrategiaconcursos.com.br\/blog\/wp-json\/wp\/v2\/posts\/1046866","targetHints":{"allow":["GET"]}}],"collection":[{"href":"https:\/\/www.estrategiaconcursos.com.br\/blog\/wp-json\/wp\/v2\/posts"}],"about":[{"href":"https:\/\/www.estrategiaconcursos.com.br\/blog\/wp-json\/wp\/v2\/types\/post"}],"author":[{"embeddable":true,"href":"https:\/\/www.estrategiaconcursos.com.br\/blog\/wp-json\/wp\/v2\/users\/2402"}],"replies":[{"embeddable":true,"href":"https:\/\/www.estrategiaconcursos.com.br\/blog\/wp-json\/wp\/v2\/comments?post=1046866"}],"version-history":[{"count":7,"href":"https:\/\/www.estrategiaconcursos.com.br\/blog\/wp-json\/wp\/v2\/posts\/1046866\/revisions"}],"predecessor-version":[{"id":1046890,"href":"https:\/\/www.estrategiaconcursos.com.br\/blog\/wp-json\/wp\/v2\/posts\/1046866\/revisions\/1046890"}],"wp:featuredmedia":[{"embeddable":true,"href":"https:\/\/www.estrategiaconcursos.com.br\/blog\/wp-json\/wp\/v2\/media\/1019967"}],"wp:attachment":[{"href":"https:\/\/www.estrategiaconcursos.com.br\/blog\/wp-json\/wp\/v2\/media?parent=1046866"}],"wp:term":[{"taxonomy":"category","embeddable":true,"href":"https:\/\/www.estrategiaconcursos.com.br\/blog\/wp-json\/wp\/v2\/categories?post=1046866"},{"taxonomy":"post_tag","embeddable":true,"href":"https:\/\/www.estrategiaconcursos.com.br\/blog\/wp-json\/wp\/v2\/tags?post=1046866"},{"taxonomy":"tax_estado","embeddable":true,"href":"https:\/\/www.estrategiaconcursos.com.br\/blog\/wp-json\/wp\/v2\/tax_estado?post=1046866"}],"curies":[{"name":"wp","href":"https:\/\/api.w.org\/{rel}","templated":true}]}}