{"id":1046783,"date":"2022-07-05T08:25:00","date_gmt":"2022-07-05T11:25:00","guid":{"rendered":"https:\/\/www.estrategiaconcursos.com.br\/blog\/?p=1046783"},"modified":"2022-10-07T15:02:47","modified_gmt":"2022-10-07T18:02:47","slug":"incorporacao-tratados-internacionais","status":"publish","type":"post","link":"https:\/\/www.estrategiaconcursos.com.br\/blog\/incorporacao-tratados-internacionais\/","title":{"rendered":"Incorpora\u00e7\u00e3o de Tratados Internacionais no Brasil"},"content":{"rendered":"\n<p>Incorpora\u00e7\u00e3o de Tratados Internacionais no Brasil<\/p>\n\n\n\n<p>Ol\u00e1, Estrategista. Tudo bem?<\/p>\n\n\n\n<p>No artigo de hoje trataremos acerca de um t\u00f3pico muito explorado em concursos, tanto na mat\u00e9ria de Direitos Humanos, quanto em Direito Constitucional: o procedimento de incorpora\u00e7\u00e3o de tratados internacionais no Brasil, notadamente no que tange aos que envolvem direitos humanos.<\/p>\n\n\n\n<p>Vamos l\u00e1?<\/p>\n\n\n\n<figure class=\"wp-block-image aligncenter size-large is-resized\"><img loading=\"lazy\" decoding=\"async\" src=\"https:\/\/dhg1h5j42swfq.cloudfront.net\/2020\/09\/30083127\/por-que-10-de-dezembro-ecc81-dia-internacional-dos-direitos-humanos-1024x683.jpg\" alt=\"Incorpora\u00e7\u00e3o de Tratados Internacionais no Brasil\" class=\"wp-image-580385\" width=\"582\" height=\"388\" srcset=\"https:\/\/dhg1h5j42swfq.cloudfront.net\/2020\/09\/30083127\/por-que-10-de-dezembro-ecc81-dia-internacional-dos-direitos-humanos-1024x683.jpg 1024w, https:\/\/dhg1h5j42swfq.cloudfront.net\/2020\/09\/30083127\/por-que-10-de-dezembro-ecc81-dia-internacional-dos-direitos-humanos-300x200.jpg 300w, https:\/\/dhg1h5j42swfq.cloudfront.net\/2020\/09\/30083127\/por-que-10-de-dezembro-ecc81-dia-internacional-dos-direitos-humanos-768x512.jpg 768w, https:\/\/dhg1h5j42swfq.cloudfront.net\/2020\/09\/30083127\/por-que-10-de-dezembro-ecc81-dia-internacional-dos-direitos-humanos-610x407.jpg 610w, https:\/\/dhg1h5j42swfq.cloudfront.net\/2020\/09\/30083127\/por-que-10-de-dezembro-ecc81-dia-internacional-dos-direitos-humanos.jpg 1200w\" sizes=\"auto, (max-width: 582px) 100vw, 582px\" \/><figcaption>Incorpora\u00e7\u00e3o de Tratados Internacionais no Brasil<\/figcaption><\/figure>\n\n\n\n<h2 class=\"wp-block-heading\" id=\"h-o-que-sao-tratados-internacionais-de-direitos-humanos\">O que s\u00e3o Tratados Internacionais de Direitos Humanos?<\/h2>\n\n\n\n<p>S\u00e3o acordos internacionais conclu\u00eddos por escrito entre Estados e\/ou Organiza\u00e7\u00f5es Internacionais regidos pelo Direito Internacional, que versam sobre direitos que concretizam a <strong>dignidade da pessoa<\/strong>.<\/p>\n\n\n\n<p>A assinatura de um Tratado por um Estado denota o seu compromisso de execut\u00e1-lo dentro do seu territ\u00f3rio. Em regra, o n\u00e3o cumprimento das prescri\u00e7\u00f5es constantes do tratado internacional poder\u00e1 implicar em consequ\u00eancias internacionais para o pa\u00eds.<\/p>\n\n\n\n<p>Com base nisso, a legisla\u00e7\u00e3o e a jurisprud\u00eancia p\u00e1trias estabelecem que, para que um tratado internacional seja aplicado no Brasil, n\u00e3o basta que haja a assinatura pelo Presidente da Rep\u00fablica, s\u00e3o necess\u00e1rias outras formalidades para sua aplica\u00e7\u00e3o. \u00c9 o que veremos neste artigo.<\/p>\n\n\n\n<h2 class=\"wp-block-heading\" id=\"procedimento-de-incorporacao-de-tratados-internacionais-no-brasil\">Procedimento de Incorpora\u00e7\u00e3o de Tratados Internacionais no Brasil &nbsp;<\/h2>\n\n\n\n<p>Para que um tratado obrigue o Estado brasileiro internamente ele dever\u00e1 passar por quatro fases:<\/p>\n\n\n\n<figure class=\"wp-block-image aligncenter size-full is-resized\"><img loading=\"lazy\" decoding=\"async\" src=\"https:\/\/dhg1h5j42swfq.cloudfront.net\/2022\/06\/18111108\/incorporacao-dos-tratados-internacionais.png\" alt=\"Incorpora\u00e7\u00e3o de Tratados Internacionais - fases\" class=\"wp-image-1046882\" width=\"461\" height=\"223\" srcset=\"https:\/\/dhg1h5j42swfq.cloudfront.net\/2022\/06\/18111108\/incorporacao-dos-tratados-internacionais.png 440w, https:\/\/dhg1h5j42swfq.cloudfront.net\/2022\/06\/18111108\/incorporacao-dos-tratados-internacionais-300x145.png 300w\" sizes=\"auto, (max-width: 461px) 100vw, 461px\" \/><figcaption>Incorpora\u00e7\u00e3o de Tratados Internacionais- fases<\/figcaption><\/figure>\n\n\n\n<p>Os tratados internacionais s\u00e3o assinados, no Brasil, pelo Presidente da Rep\u00fablica, que possui compet\u00eancia privativa para celebrar tratados, conven\u00e7\u00f5es e atos internacionais, na forma do artigo 84, VIII, da Constitui\u00e7\u00e3o Federal.<\/p>\n\n\n\n<p>Todavia, esses tratados internacionais tamb\u00e9m est\u00e3o sujeitos a referendo pelo Congresso Nacional, o que traduz a aplica\u00e7\u00e3o do <strong>Modelo de Duplicidade de Vontades.<\/strong><\/p>\n\n\n\n<p>Esse modelo de duplicidade de vontades consiste no fato de que, al\u00e9m da assinatura do tratado internacional pelo Presidente da Rep\u00fablica (1\u00aa manifesta\u00e7\u00e3o de vontade), \u00e9 necess\u00e1rio que o tratado tamb\u00e9m seja aprovado pelo Poder Legislativo (2\u00aa manifesta\u00e7\u00e3o de vontade).<\/p>\n\n\n\n<p>Referida aprova\u00e7\u00e3o do Poder Legislativo, que se dar\u00e1 por meio de Decreto Legislativo, s\u00f3 ser\u00e1 exigida quando o tratado, acordo ou ato internacional acarrete encargos ou compromissos gravosos ao patrim\u00f4nio nacional, de acordo com o artigo 49, I, da Constitui\u00e7\u00e3o Federal.<\/p>\n\n\n\n<p>Via de regra, um tratado internacional de direitos humanos ir\u00e1 acarretar encargos ou compromissos gravosos ao patrim\u00f4nio nacional, uma vez que gera uma obriga\u00e7\u00e3o de fazer pelo Estado Brasileiro e, por consequ\u00eancia, dependem de aprova\u00e7\u00e3o pelo Congresso Nacional.<\/p>\n\n\n\n<p>Apesar de aprovado pelo Poder Legislativo, o tratado n\u00e3o est\u00e1, ainda, apto a gerar efeitos internos. Faz-se necess\u00e1ria a ratifica\u00e7\u00e3o e dep\u00f3sito junto ao \u00f3rg\u00e3o respons\u00e1vel, por exemplo, Secret\u00e1rio-geral da ONU. Tal ato passa a vincular o Estado Brasileiro internacionalmente.<\/p>\n\n\n\n<p>S\u00f3 passa a valer internamente, no entanto, com a promulga\u00e7\u00e3o, que se d\u00e1 por meio de um Decreto Executivo do Presidente da Rep\u00fablica.<\/p>\n\n\n\n<h2 class=\"wp-block-heading\" id=\"incorporacao-de-tratados-internacionais-sobre-direitos-humanos\">Incorpora\u00e7\u00e3o de Tratados Internacionais sobre Direitos Humanos<\/h2>\n\n\n\n<p>Quando falamos sobre a hierarquia dos tratados internacionais no ordenamento jur\u00eddico, precisamos fazer uma distin\u00e7\u00e3o entre os que versam sobre Direitos Humanos e os que tratam de temas diversos (por exemplo, com\u00e9rcio internacional).<\/p>\n\n\n\n<p>Esses s\u00e3o incorporados ao ordenamento jur\u00eddico p\u00e1trio como <strong>leis ordin\u00e1rias<\/strong>. Aqueles, por sua vez, diferenciam-se quanto ao status que possuem, a depender do rito de aprova\u00e7\u00e3o. Vejamos:<\/p>\n\n\n\n<p>A partir da Emenda Constitucional n\u00ba 45\/2004, a Constitui\u00e7\u00e3o Federal passou a contar com um rito especial para aprova\u00e7\u00e3o dos tratados internacionais que versam sobre direitos humanos:<\/p>\n\n\n\n<p><em>\u00a7 3\u00ba Os tratados e conven\u00e7\u00f5es internacionais sobre direitos humanos que forem aprovados, em cada Casa do Congresso Nacional, em dois turnos, por tr\u00eas quintos dos votos dos respectivos membros, ser\u00e3o equivalentes \u00e0s emendas constitucionais.<\/em><\/p>\n\n\n\n<p>Diante disso, alcan\u00e7ando o qu\u00f3rum de tr\u00eas quintos dos membros, em dois turnos de vota\u00e7\u00e3o, em cada casa do Congresso Nacional, o tratado possuir\u00e1 <strong>status de emenda constitucional.<\/strong><\/p>\n\n\n\n<p>Por outro lado, n\u00e3o alcan\u00e7ando tal qu\u00f3rum, o status ser\u00e1 de <strong>supralegalidade <\/strong>(acima das leis, mas abaixo da constitui\u00e7\u00e3o), sendo esse o entendimento do Supremo Tribunal Federal.<\/p>\n\n\n\n<p>Atualmente, temos tr\u00eas tratados internacionais internalizados em nossa ordem jur\u00eddica nos termos do par\u00e1grafo 3\u00ba, do art. 5\u00ba da Constitui\u00e7\u00e3o Federal:<\/p>\n\n\n\n<ol class=\"wp-block-list\" type=\"1\"><li>Conven\u00e7\u00e3o sobre os Direitos das Pessoas com Defici\u00eancia e seu Protocolo Facultativo;<\/li><li>Tratado de Marraqueche, relativo \u00e0 reprodu\u00e7\u00e3o e a distribui\u00e7\u00e3o de obras, livros e textos em formato acess\u00edvel a pessoas com defici\u00eancia visual; e<\/li><li>Conven\u00e7\u00e3o Interamericana contra o Racismo, a Discrimina\u00e7\u00e3o Racial e Formas Correlatas de Intoler\u00e2ncia.<\/li><\/ol>\n\n\n\n<p>A essa possibilidade de ter status diferentes conforme o rito de aprova\u00e7\u00e3o, d\u00e1-se o nome de <strong>Teoria do<\/strong> <strong>Duplo Estatuto<\/strong> dos Tratados Internacionais de Direitos Humanos.<\/p>\n\n\n\n<h2 class=\"wp-block-heading\" id=\"divergencia-entre-doutrina-e-stf\">Diverg\u00eancia entre Doutrina e STF<\/h2>\n\n\n\n<p>Importante destacar uma diverg\u00eancia existente entre o STF e a doutrina especializada em Direitos Humanos, dentre eles Fl\u00e1via Piovesan e Val\u00e9rio Mazzuoli:<\/p>\n\n\n\n<p>Para a Suprema Corte, apenas com o Decreto Presidencial est\u00e1 completa a incorpora\u00e7\u00e3o do tratado, entrando em vigor internamente. No entanto, a doutrina defende que bastaria a ratifica\u00e7\u00e3o para que o Brasil estivesse obrigado a cumprir, tanto externa, quanto internamente o tratado.<\/p>\n\n\n\n<h2 class=\"wp-block-heading\" id=\"consideracoes-finais\">Considera\u00e7\u00f5es Finais<\/h2>\n\n\n\n<p>Chegamos ao final do nosso artigo acerca da incorpora\u00e7\u00e3o dos tratados internacionais no Brasil.<\/p>\n\n\n\n<p>Esperamos que os ensinamentos aqui trazidos sejam \u00fateis para sua prepara\u00e7\u00e3o e aprova\u00e7\u00e3o.<\/p>\n\n\n\n<p>Bons estudos e at\u00e9 a pr\u00f3xima.<\/p>\n\n\n\n<p>Prepare-se com o melhor material e com quem mais aprova em Concursos P\u00fablicos em todo o pa\u00eds!<\/p>\n\n\n\n<p class=\"has-text-align-center has-white-color has-vivid-purple-background-color has-text-color has-background\"><a href=\"https:\/\/www.estrategiaconcursos.com.br\/blog\/concursos-abertos\/\" target=\"_blank\" rel=\"noreferrer noopener\"><strong>Concursos abertos<\/strong><\/a><\/p>\n\n\n\n<p class=\"has-text-align-center has-white-color has-vivid-purple-background-color has-text-color has-background\"><strong><a href=\"https:\/\/www.estrategiaconcursos.com.br\/blog\/concursos-2022\/\" target=\"_blank\" rel=\"noreferrer noopener\">Concursos 2022<\/a><\/strong><\/p>\n\n\n\n<div class=\"container\" id=\"boxes\">\n  <div class=\"row\">\n    <div class=\"col-sm\">\n      <div class=\"estrategia\" id=\"box-assinatura\">\n        <h3 class=\"titulo-assinatura\">Assinatura de Concursos<\/h3>\n        <p class=\"subtitulo-assinatura\">Assinatura de 1 ano ou 2 anos<\/p>\n        <div class=\"box-botao\">\n          <a class=\"btn-assinatura\" target=\"_blank\" href=\"https:\/\/www.estrategiaconcursos.com.br\/assinaturas\/\" role=\"button\" rel=\"noopener noreferrer\">ASSINE AGORA<\/a>\n        <\/div>\n      <\/div>\n      \n    <\/div><\/div><\/div>\n","protected":false},"excerpt":{"rendered":"<p>Incorpora\u00e7\u00e3o de Tratados Internacionais no Brasil Ol\u00e1, Estrategista. Tudo bem? No artigo de hoje trataremos acerca de um t\u00f3pico muito explorado em concursos, tanto na mat\u00e9ria de Direitos Humanos, quanto em Direito Constitucional: o procedimento de incorpora\u00e7\u00e3o de tratados internacionais no Brasil, notadamente no que tange aos que envolvem direitos humanos. Vamos l\u00e1? O que [&hellip;]<\/p>\n","protected":false},"author":1573,"featured_media":580385,"comment_status":"open","ping_status":"closed","sticky":false,"template":"","format":"standard","meta":{"post_tipo":"article","footnotes":""},"categories":[1],"tags":[],"tax_estado":[219964,219965,219966,219967,219968,219969,219963,219970,219971,219972,219973,219974,219975,219976,219977,219978,219979,219980,219981,219982,219983,219984,219985,219986,219987,219988,219989,219990],"class_list":["post-1046783","post","type-post","status-publish","format-standard","has-post-thumbnail","hentry","category-cursos-e-concursos","tax_estado-ac","tax_estado-al","tax_estado-am","tax_estado-ap","tax_estado-ba","tax_estado-ce","tax_estado-concursos-federais","tax_estado-df","tax_estado-es","tax_estado-go","tax_estado-ma","tax_estado-mg","tax_estado-ms","tax_estado-mt","tax_estado-pa","tax_estado-pb","tax_estado-pe","tax_estado-pi","tax_estado-pr","tax_estado-rj","tax_estado-rn","tax_estado-ro","tax_estado-rr","tax_estado-rs","tax_estado-sc","tax_estado-se","tax_estado-sp","tax_estado-to"],"acf":[],"yoast_head":"<!-- This site is optimized with the Yoast SEO Premium plugin v27.2 (Yoast SEO v27.2) - https:\/\/yoast.com\/product\/yoast-seo-premium-wordpress\/ -->\n<title>Incorpora\u00e7\u00e3o de Tratados Internacionais no Brasil<\/title>\n<meta name=\"description\" content=\"Aprenda tudo sobre o procedimento de incorpora\u00e7\u00e3o de tratados internacionais de direitos humanos no Brasil e fique preparado para sua prova.\" \/>\n<meta name=\"robots\" content=\"index, follow, max-snippet:-1, max-image-preview:large, max-video-preview:-1\" \/>\n<link rel=\"canonical\" href=\"https:\/\/www.estrategiaconcursos.com.br\/blog\/incorporacao-tratados-internacionais\/\" \/>\n<meta property=\"og:locale\" content=\"pt_BR\" \/>\n<meta property=\"og:type\" content=\"article\" \/>\n<meta property=\"og:title\" content=\"Incorpora\u00e7\u00e3o de Tratados Internacionais no Brasil\" \/>\n<meta property=\"og:description\" content=\"Aprenda tudo sobre o procedimento de incorpora\u00e7\u00e3o de tratados internacionais de direitos humanos no Brasil e fique preparado para sua prova.\" \/>\n<meta property=\"og:url\" content=\"https:\/\/www.estrategiaconcursos.com.br\/blog\/incorporacao-tratados-internacionais\/\" \/>\n<meta property=\"og:site_name\" content=\"Estrat\u00e9gia Concursos\" \/>\n<meta property=\"article:published_time\" content=\"2022-07-05T11:25:00+00:00\" \/>\n<meta property=\"article:modified_time\" content=\"2022-10-07T18:02:47+00:00\" \/>\n<meta property=\"og:image\" content=\"https:\/\/dhg1h5j42swfq.cloudfront.net\/2020\/09\/30083127\/por-que-10-de-dezembro-ecc81-dia-internacional-dos-direitos-humanos.jpg\" \/>\n\t<meta property=\"og:image:width\" content=\"1200\" \/>\n\t<meta property=\"og:image:height\" content=\"800\" \/>\n\t<meta property=\"og:image:type\" content=\"image\/jpeg\" \/>\n<meta name=\"author\" content=\"Willian Henrique Daronch\" \/>\n<meta name=\"twitter:card\" content=\"summary_large_image\" \/>\n<meta name=\"twitter:creator\" content=\"@EstratConcursos\" \/>\n<meta name=\"twitter:site\" content=\"@EstratConcursos\" \/>\n<meta name=\"twitter:label1\" content=\"Escrito por\" \/>\n\t<meta name=\"twitter:data1\" content=\"Willian Henrique Daronch\" \/>\n\t<meta name=\"twitter:label2\" content=\"Est. tempo de leitura\" \/>\n\t<meta name=\"twitter:data2\" content=\"6 minutos\" \/>\n<script type=\"application\/ld+json\" class=\"yoast-schema-graph\">{\"@context\":\"https:\/\/schema.org\",\"@graph\":[{\"@type\":\"NewsArticle\",\"@id\":\"https:\/\/www.estrategiaconcursos.com.br\/blog\/incorporacao-tratados-internacionais\/#article\",\"isPartOf\":{\"@id\":\"https:\/\/www.estrategiaconcursos.com.br\/blog\/incorporacao-tratados-internacionais\/\"},\"author\":{\"name\":\"Willian Henrique Daronch\",\"@id\":\"https:\/\/www.estrategiaconcursos.com.br\/blog\/#\/schema\/person\/acd35c38f9a64ecba71ece2880cc62af\"},\"headline\":\"Incorpora\u00e7\u00e3o de Tratados Internacionais no Brasil\",\"datePublished\":\"2022-07-05T11:25:00+00:00\",\"dateModified\":\"2022-10-07T18:02:47+00:00\",\"mainEntityOfPage\":{\"@id\":\"https:\/\/www.estrategiaconcursos.com.br\/blog\/incorporacao-tratados-internacionais\/\"},\"wordCount\":951,\"commentCount\":0,\"publisher\":{\"@id\":\"https:\/\/www.estrategiaconcursos.com.br\/blog\/#organization\"},\"image\":{\"@id\":\"https:\/\/www.estrategiaconcursos.com.br\/blog\/incorporacao-tratados-internacionais\/#primaryimage\"},\"thumbnailUrl\":\"https:\/\/dhg1h5j42swfq.cloudfront.net\/2020\/09\/30083127\/por-que-10-de-dezembro-ecc81-dia-internacional-dos-direitos-humanos.jpg\",\"articleSection\":[\"Concursos P\u00fablicos\"],\"inLanguage\":\"pt-BR\",\"potentialAction\":[{\"@type\":\"CommentAction\",\"name\":\"Comment\",\"target\":[\"https:\/\/www.estrategiaconcursos.com.br\/blog\/incorporacao-tratados-internacionais\/#respond\"]}],\"copyrightYear\":\"2022\",\"copyrightHolder\":{\"@id\":\"https:\/\/www.estrategiaconcursos.com.br\/blog\/#organization\"}},{\"@type\":\"WebPage\",\"@id\":\"https:\/\/www.estrategiaconcursos.com.br\/blog\/incorporacao-tratados-internacionais\/\",\"url\":\"https:\/\/www.estrategiaconcursos.com.br\/blog\/incorporacao-tratados-internacionais\/\",\"name\":\"Incorpora\u00e7\u00e3o de Tratados Internacionais no Brasil\",\"isPartOf\":{\"@id\":\"https:\/\/www.estrategiaconcursos.com.br\/blog\/#website\"},\"primaryImageOfPage\":{\"@id\":\"https:\/\/www.estrategiaconcursos.com.br\/blog\/incorporacao-tratados-internacionais\/#primaryimage\"},\"image\":{\"@id\":\"https:\/\/www.estrategiaconcursos.com.br\/blog\/incorporacao-tratados-internacionais\/#primaryimage\"},\"thumbnailUrl\":\"https:\/\/dhg1h5j42swfq.cloudfront.net\/2020\/09\/30083127\/por-que-10-de-dezembro-ecc81-dia-internacional-dos-direitos-humanos.jpg\",\"datePublished\":\"2022-07-05T11:25:00+00:00\",\"dateModified\":\"2022-10-07T18:02:47+00:00\",\"description\":\"Aprenda tudo sobre o procedimento de incorpora\u00e7\u00e3o de tratados internacionais de direitos humanos no Brasil e fique preparado para sua prova.\",\"breadcrumb\":{\"@id\":\"https:\/\/www.estrategiaconcursos.com.br\/blog\/incorporacao-tratados-internacionais\/#breadcrumb\"},\"inLanguage\":\"pt-BR\",\"potentialAction\":[{\"@type\":\"ReadAction\",\"target\":[\"https:\/\/www.estrategiaconcursos.com.br\/blog\/incorporacao-tratados-internacionais\/\"]}]},{\"@type\":\"ImageObject\",\"inLanguage\":\"pt-BR\",\"@id\":\"https:\/\/www.estrategiaconcursos.com.br\/blog\/incorporacao-tratados-internacionais\/#primaryimage\",\"url\":\"https:\/\/dhg1h5j42swfq.cloudfront.net\/2020\/09\/30083127\/por-que-10-de-dezembro-ecc81-dia-internacional-dos-direitos-humanos.jpg\",\"contentUrl\":\"https:\/\/dhg1h5j42swfq.cloudfront.net\/2020\/09\/30083127\/por-que-10-de-dezembro-ecc81-dia-internacional-dos-direitos-humanos.jpg\",\"width\":1200,\"height\":800},{\"@type\":\"BreadcrumbList\",\"@id\":\"https:\/\/www.estrategiaconcursos.com.br\/blog\/incorporacao-tratados-internacionais\/#breadcrumb\",\"itemListElement\":[{\"@type\":\"ListItem\",\"position\":1,\"name\":\"In\u00edcio\",\"item\":\"https:\/\/www.estrategiaconcursos.com.br\/blog\/\"},{\"@type\":\"ListItem\",\"position\":2,\"name\":\"Incorpora\u00e7\u00e3o de Tratados Internacionais no Brasil\"}]},{\"@type\":\"WebSite\",\"@id\":\"https:\/\/www.estrategiaconcursos.com.br\/blog\/#website\",\"url\":\"https:\/\/www.estrategiaconcursos.com.br\/blog\/\",\"name\":\"Estrat\u00e9gia Concursos\",\"description\":\"O blog da Estrat\u00e9gia Concursos traz not\u00edcias sobre concursos e artigos de professores oferecendo cursos para concursos (pdf + videaulas) no site.\",\"publisher\":{\"@id\":\"https:\/\/www.estrategiaconcursos.com.br\/blog\/#organization\"},\"potentialAction\":[{\"@type\":\"SearchAction\",\"target\":{\"@type\":\"EntryPoint\",\"urlTemplate\":\"https:\/\/www.estrategiaconcursos.com.br\/blog\/?s={search_term_string}\"},\"query-input\":{\"@type\":\"PropertyValueSpecification\",\"valueRequired\":true,\"valueName\":\"search_term_string\"}}],\"inLanguage\":\"pt-BR\"},{\"@type\":\"Organization\",\"@id\":\"https:\/\/www.estrategiaconcursos.com.br\/blog\/#organization\",\"name\":\"Estrat\u00e9gia Concursos\",\"url\":\"https:\/\/www.estrategiaconcursos.com.br\/blog\/\",\"logo\":{\"@type\":\"ImageObject\",\"inLanguage\":\"pt-BR\",\"@id\":\"https:\/\/www.estrategiaconcursos.com.br\/blog\/#\/schema\/logo\/image\/\",\"url\":\"https:\/\/dhg1h5j42swfq.cloudfront.net\/2025\/06\/03203428\/logo_concursos-1.jpg\",\"contentUrl\":\"https:\/\/dhg1h5j42swfq.cloudfront.net\/2025\/06\/03203428\/logo_concursos-1.jpg\",\"width\":230,\"height\":60,\"caption\":\"Estrat\u00e9gia Concursos\"},\"image\":{\"@id\":\"https:\/\/www.estrategiaconcursos.com.br\/blog\/#\/schema\/logo\/image\/\"},\"sameAs\":[\"https:\/\/x.com\/EstratConcursos\"]},{\"@type\":\"Person\",\"@id\":\"https:\/\/www.estrategiaconcursos.com.br\/blog\/#\/schema\/person\/acd35c38f9a64ecba71ece2880cc62af\",\"name\":\"Willian Henrique Daronch\",\"image\":{\"@type\":\"ImageObject\",\"inLanguage\":\"pt-BR\",\"@id\":\"https:\/\/secure.gravatar.com\/avatar\/1a6e7846e1fb51a28cfee4a35c477afa7dde4962de7f91b559951e96176403eb?s=96&d=mm&r=g\",\"url\":\"https:\/\/secure.gravatar.com\/avatar\/1a6e7846e1fb51a28cfee4a35c477afa7dde4962de7f91b559951e96176403eb?s=96&d=mm&r=g\",\"contentUrl\":\"https:\/\/secure.gravatar.com\/avatar\/1a6e7846e1fb51a28cfee4a35c477afa7dde4962de7f91b559951e96176403eb?s=96&d=mm&r=g\",\"caption\":\"Willian Henrique Daronch\"},\"url\":\"https:\/\/www.estrategiaconcursos.com.br\/blog\/author\/williandaronchhotmail-com\/\"}]}<\/script>\n<!-- \/ Yoast SEO Premium plugin. -->","yoast_head_json":{"title":"Incorpora\u00e7\u00e3o de Tratados Internacionais no Brasil","description":"Aprenda tudo sobre o procedimento de incorpora\u00e7\u00e3o de tratados internacionais de direitos humanos no Brasil e fique preparado para sua prova.","robots":{"index":"index","follow":"follow","max-snippet":"max-snippet:-1","max-image-preview":"max-image-preview:large","max-video-preview":"max-video-preview:-1"},"canonical":"https:\/\/www.estrategiaconcursos.com.br\/blog\/incorporacao-tratados-internacionais\/","og_locale":"pt_BR","og_type":"article","og_title":"Incorpora\u00e7\u00e3o de Tratados Internacionais no Brasil","og_description":"Aprenda tudo sobre o procedimento de incorpora\u00e7\u00e3o de tratados internacionais de direitos humanos no Brasil e fique preparado para sua prova.","og_url":"https:\/\/www.estrategiaconcursos.com.br\/blog\/incorporacao-tratados-internacionais\/","og_site_name":"Estrat\u00e9gia Concursos","article_published_time":"2022-07-05T11:25:00+00:00","article_modified_time":"2022-10-07T18:02:47+00:00","og_image":[{"width":1200,"height":800,"url":"https:\/\/dhg1h5j42swfq.cloudfront.net\/2020\/09\/30083127\/por-que-10-de-dezembro-ecc81-dia-internacional-dos-direitos-humanos.jpg","type":"image\/jpeg"}],"author":"Willian Henrique Daronch","twitter_card":"summary_large_image","twitter_creator":"@EstratConcursos","twitter_site":"@EstratConcursos","twitter_misc":{"Escrito por":"Willian Henrique Daronch","Est. tempo de leitura":"6 minutos"},"schema":{"@context":"https:\/\/schema.org","@graph":[{"@type":"NewsArticle","@id":"https:\/\/www.estrategiaconcursos.com.br\/blog\/incorporacao-tratados-internacionais\/#article","isPartOf":{"@id":"https:\/\/www.estrategiaconcursos.com.br\/blog\/incorporacao-tratados-internacionais\/"},"author":{"name":"Willian Henrique Daronch","@id":"https:\/\/www.estrategiaconcursos.com.br\/blog\/#\/schema\/person\/acd35c38f9a64ecba71ece2880cc62af"},"headline":"Incorpora\u00e7\u00e3o de Tratados Internacionais no Brasil","datePublished":"2022-07-05T11:25:00+00:00","dateModified":"2022-10-07T18:02:47+00:00","mainEntityOfPage":{"@id":"https:\/\/www.estrategiaconcursos.com.br\/blog\/incorporacao-tratados-internacionais\/"},"wordCount":951,"commentCount":0,"publisher":{"@id":"https:\/\/www.estrategiaconcursos.com.br\/blog\/#organization"},"image":{"@id":"https:\/\/www.estrategiaconcursos.com.br\/blog\/incorporacao-tratados-internacionais\/#primaryimage"},"thumbnailUrl":"https:\/\/dhg1h5j42swfq.cloudfront.net\/2020\/09\/30083127\/por-que-10-de-dezembro-ecc81-dia-internacional-dos-direitos-humanos.jpg","articleSection":["Concursos P\u00fablicos"],"inLanguage":"pt-BR","potentialAction":[{"@type":"CommentAction","name":"Comment","target":["https:\/\/www.estrategiaconcursos.com.br\/blog\/incorporacao-tratados-internacionais\/#respond"]}],"copyrightYear":"2022","copyrightHolder":{"@id":"https:\/\/www.estrategiaconcursos.com.br\/blog\/#organization"}},{"@type":"WebPage","@id":"https:\/\/www.estrategiaconcursos.com.br\/blog\/incorporacao-tratados-internacionais\/","url":"https:\/\/www.estrategiaconcursos.com.br\/blog\/incorporacao-tratados-internacionais\/","name":"Incorpora\u00e7\u00e3o de Tratados Internacionais no Brasil","isPartOf":{"@id":"https:\/\/www.estrategiaconcursos.com.br\/blog\/#website"},"primaryImageOfPage":{"@id":"https:\/\/www.estrategiaconcursos.com.br\/blog\/incorporacao-tratados-internacionais\/#primaryimage"},"image":{"@id":"https:\/\/www.estrategiaconcursos.com.br\/blog\/incorporacao-tratados-internacionais\/#primaryimage"},"thumbnailUrl":"https:\/\/dhg1h5j42swfq.cloudfront.net\/2020\/09\/30083127\/por-que-10-de-dezembro-ecc81-dia-internacional-dos-direitos-humanos.jpg","datePublished":"2022-07-05T11:25:00+00:00","dateModified":"2022-10-07T18:02:47+00:00","description":"Aprenda tudo sobre o procedimento de incorpora\u00e7\u00e3o de tratados internacionais de direitos humanos no Brasil e fique preparado para sua prova.","breadcrumb":{"@id":"https:\/\/www.estrategiaconcursos.com.br\/blog\/incorporacao-tratados-internacionais\/#breadcrumb"},"inLanguage":"pt-BR","potentialAction":[{"@type":"ReadAction","target":["https:\/\/www.estrategiaconcursos.com.br\/blog\/incorporacao-tratados-internacionais\/"]}]},{"@type":"ImageObject","inLanguage":"pt-BR","@id":"https:\/\/www.estrategiaconcursos.com.br\/blog\/incorporacao-tratados-internacionais\/#primaryimage","url":"https:\/\/dhg1h5j42swfq.cloudfront.net\/2020\/09\/30083127\/por-que-10-de-dezembro-ecc81-dia-internacional-dos-direitos-humanos.jpg","contentUrl":"https:\/\/dhg1h5j42swfq.cloudfront.net\/2020\/09\/30083127\/por-que-10-de-dezembro-ecc81-dia-internacional-dos-direitos-humanos.jpg","width":1200,"height":800},{"@type":"BreadcrumbList","@id":"https:\/\/www.estrategiaconcursos.com.br\/blog\/incorporacao-tratados-internacionais\/#breadcrumb","itemListElement":[{"@type":"ListItem","position":1,"name":"In\u00edcio","item":"https:\/\/www.estrategiaconcursos.com.br\/blog\/"},{"@type":"ListItem","position":2,"name":"Incorpora\u00e7\u00e3o de Tratados Internacionais no Brasil"}]},{"@type":"WebSite","@id":"https:\/\/www.estrategiaconcursos.com.br\/blog\/#website","url":"https:\/\/www.estrategiaconcursos.com.br\/blog\/","name":"Estrat\u00e9gia Concursos","description":"O blog da Estrat\u00e9gia Concursos traz not\u00edcias sobre concursos e artigos de professores oferecendo cursos para concursos (pdf + videaulas) no site.","publisher":{"@id":"https:\/\/www.estrategiaconcursos.com.br\/blog\/#organization"},"potentialAction":[{"@type":"SearchAction","target":{"@type":"EntryPoint","urlTemplate":"https:\/\/www.estrategiaconcursos.com.br\/blog\/?s={search_term_string}"},"query-input":{"@type":"PropertyValueSpecification","valueRequired":true,"valueName":"search_term_string"}}],"inLanguage":"pt-BR"},{"@type":"Organization","@id":"https:\/\/www.estrategiaconcursos.com.br\/blog\/#organization","name":"Estrat\u00e9gia Concursos","url":"https:\/\/www.estrategiaconcursos.com.br\/blog\/","logo":{"@type":"ImageObject","inLanguage":"pt-BR","@id":"https:\/\/www.estrategiaconcursos.com.br\/blog\/#\/schema\/logo\/image\/","url":"https:\/\/dhg1h5j42swfq.cloudfront.net\/2025\/06\/03203428\/logo_concursos-1.jpg","contentUrl":"https:\/\/dhg1h5j42swfq.cloudfront.net\/2025\/06\/03203428\/logo_concursos-1.jpg","width":230,"height":60,"caption":"Estrat\u00e9gia Concursos"},"image":{"@id":"https:\/\/www.estrategiaconcursos.com.br\/blog\/#\/schema\/logo\/image\/"},"sameAs":["https:\/\/x.com\/EstratConcursos"]},{"@type":"Person","@id":"https:\/\/www.estrategiaconcursos.com.br\/blog\/#\/schema\/person\/acd35c38f9a64ecba71ece2880cc62af","name":"Willian Henrique Daronch","image":{"@type":"ImageObject","inLanguage":"pt-BR","@id":"https:\/\/secure.gravatar.com\/avatar\/1a6e7846e1fb51a28cfee4a35c477afa7dde4962de7f91b559951e96176403eb?s=96&d=mm&r=g","url":"https:\/\/secure.gravatar.com\/avatar\/1a6e7846e1fb51a28cfee4a35c477afa7dde4962de7f91b559951e96176403eb?s=96&d=mm&r=g","contentUrl":"https:\/\/secure.gravatar.com\/avatar\/1a6e7846e1fb51a28cfee4a35c477afa7dde4962de7f91b559951e96176403eb?s=96&d=mm&r=g","caption":"Willian Henrique Daronch"},"url":"https:\/\/www.estrategiaconcursos.com.br\/blog\/author\/williandaronchhotmail-com\/"}]}},"_links":{"self":[{"href":"https:\/\/www.estrategiaconcursos.com.br\/blog\/wp-json\/wp\/v2\/posts\/1046783","targetHints":{"allow":["GET"]}}],"collection":[{"href":"https:\/\/www.estrategiaconcursos.com.br\/blog\/wp-json\/wp\/v2\/posts"}],"about":[{"href":"https:\/\/www.estrategiaconcursos.com.br\/blog\/wp-json\/wp\/v2\/types\/post"}],"author":[{"embeddable":true,"href":"https:\/\/www.estrategiaconcursos.com.br\/blog\/wp-json\/wp\/v2\/users\/1573"}],"replies":[{"embeddable":true,"href":"https:\/\/www.estrategiaconcursos.com.br\/blog\/wp-json\/wp\/v2\/comments?post=1046783"}],"version-history":[{"count":13,"href":"https:\/\/www.estrategiaconcursos.com.br\/blog\/wp-json\/wp\/v2\/posts\/1046783\/revisions"}],"predecessor-version":[{"id":1106576,"href":"https:\/\/www.estrategiaconcursos.com.br\/blog\/wp-json\/wp\/v2\/posts\/1046783\/revisions\/1106576"}],"wp:featuredmedia":[{"embeddable":true,"href":"https:\/\/www.estrategiaconcursos.com.br\/blog\/wp-json\/wp\/v2\/media\/580385"}],"wp:attachment":[{"href":"https:\/\/www.estrategiaconcursos.com.br\/blog\/wp-json\/wp\/v2\/media?parent=1046783"}],"wp:term":[{"taxonomy":"category","embeddable":true,"href":"https:\/\/www.estrategiaconcursos.com.br\/blog\/wp-json\/wp\/v2\/categories?post=1046783"},{"taxonomy":"post_tag","embeddable":true,"href":"https:\/\/www.estrategiaconcursos.com.br\/blog\/wp-json\/wp\/v2\/tags?post=1046783"},{"taxonomy":"tax_estado","embeddable":true,"href":"https:\/\/www.estrategiaconcursos.com.br\/blog\/wp-json\/wp\/v2\/tax_estado?post=1046783"}],"curies":[{"name":"wp","href":"https:\/\/api.w.org\/{rel}","templated":true}]}}