{"id":1046674,"date":"2022-06-20T09:00:00","date_gmt":"2022-06-20T12:00:00","guid":{"rendered":"https:\/\/www.estrategiaconcursos.com.br\/blog\/?p=1046674"},"modified":"2023-04-14T13:44:55","modified_gmt":"2023-04-14T16:44:55","slug":"carta-aos-assinantes-086","status":"publish","type":"post","link":"https:\/\/www.estrategiaconcursos.com.br\/blog\/carta-aos-assinantes-086\/","title":{"rendered":"Carta aos Assinantes do Estrat\u00e9gia Concursos &#8211; 086"},"content":{"rendered":"\n<p class=\"has-text-align-right has-luminous-vivid-amber-background-color has-background\"><em>Confira, em nossa <strong>octog\u00e9sima<\/strong> <strong>sexta<\/strong> carta aos assinantes, a nossa programa\u00e7\u00e3o semanal, as novidades do nosso Sistema de Quest\u00f5es e as principais movimenta\u00e7\u00f5es de concursos.<\/em><\/p>\n\n\n\n<p>Ol\u00e1, pessoal. Tudo bem?<\/p>\n\n\n\n<p>Aqui \u00e9 o<strong> Prof. Diego Cerqueira <\/strong>em nossa <strong><mark style=\"background-color:rgba(0, 0, 0, 0)\" class=\"has-inline-color has-vivid-purple-color\">octog\u00e9sima sexta carta aos Assinantes<\/mark><\/strong> do Estrat\u00e9gia Concursos.<\/p>\n\n\n\n<p>O concurso do <strong><mark style=\"background-color:rgba(0, 0, 0, 0)\" class=\"has-inline-color has-vivid-purple-color\">INSS<\/mark><\/strong> deu um important\u00edssimo passo para a sua realiza\u00e7\u00e3o. Depois de uma longa espera, acaba de sair a autoriza\u00e7\u00e3o para <strong>1.000 vagas<\/strong>. Para lograr \u00eaxito neste certame, ser\u00e1 necess\u00e1rio um material de qualidade, atualizado e direcionado. Com o Estrat\u00e9gia Concursos, voc\u00ea conta com a melhor equipe de professores do Brasil, al\u00e9m de ferramentas que potencializam sua prepara\u00e7\u00e3o, como a <strong>Trilha Estrat\u00e9gica<\/strong> e o <strong>Passo Estrat\u00e9gico<\/strong>. Nosso material foi especialmente elaborado para o estilo de prova que voc\u00ea ir\u00e1 enfrentar, abordando todo o conte\u00fado que precisar\u00e1 estudar para as provas. Para saber mais, <a href=\"https:\/\/www.estrategiaconcursos.com.br\/cursosPorConcurso\/inss-tecnico-do-seguro-social-101\/\">clique aqui<\/a>.<\/p>\n\n\n\n<p>Quem aqui estava esperando uma movimenta\u00e7\u00e3o para o concurso da <strong><mark style=\"background-color:rgba(0, 0, 0, 0)\" class=\"has-inline-color has-vivid-purple-color\">Receita Federal do Brasil<\/mark><\/strong>? Agora \u00e9 oficial. Foi autorizada a realiza\u00e7\u00e3o do concurso e ser\u00e3o ofertadas <strong>699 vagas<\/strong> para os cargos de <strong>Auditor (230 vagas) e Analista (467 vagas)<\/strong>. Ambos os cargos exigem n\u00edvel superior em qualquer \u00e1rea de forma\u00e7\u00e3o e possuem remunera\u00e7\u00e3o inicial de R$ 11 mil (Analista) e R$ 21 mil (Auditor). O prazo para a publica\u00e7\u00e3o do edital ser\u00e1 de at\u00e9 seis meses. Al\u00e9m disso, foi autorizada a redu\u00e7\u00e3o, para dois meses, do prazo entre a publica\u00e7\u00e3o do edital e a realiza\u00e7\u00e3o da primeira prova. Para ficar por dentro de tudo que envolve este certame, <a href=\"https:\/\/www.estrategiaconcursos.com.br\/blog\/concurso-receita-federal\/\">acesse aqui<\/a>.<\/p>\n\n\n\n<p>O novo concurso do <strong><mark style=\"background-color:rgba(0, 0, 0, 0)\" class=\"has-inline-color has-vivid-purple-color\">Tribunal Regional do Trabalho da 13\u00aa Regi\u00e3o (TRT-PB)<\/mark><\/strong> recebeu autoriza\u00e7\u00e3o para formar a comiss\u00e3o respons\u00e1vel pelo novo certame. \u00c9 importante lembrar que no \u00faltimo concurso, realizado em 2014, foram nomeados <strong>seis candidatos a mais<\/strong> que o previsto no edital. <a href=\"https:\/\/www.estrategiaconcursos.com.br\/blog\/concurso-trt-pb-comissao\/\">Clique aqui<\/a> e n\u00e3o perca nenhuma informa\u00e7\u00e3o.<\/p>\n\n\n\n<p>Segundo o diretor-geral do <strong><mark style=\"background-color:rgba(0, 0, 0, 0)\" class=\"has-inline-color has-vivid-purple-color\">Departamento de Tr\u00e2nsito do Distrito Federal<\/mark><\/strong>, Thiago Nascimento, o cronograma do concurso Detran DF para <strong>T\u00e9cnico e Analista<\/strong> ser\u00e1 definido ao longo dessa semana. Ainda de acordo com resposta a um seguidor em sua rede social, j\u00e1 foram encaminhadas, \u00e0 Secretaria de Economia, as altera\u00e7\u00f5es para os certames de Agente de Tr\u00e2nsito e Especialista. Para acompanhar de perto tudo que est\u00e1 rolando, <a href=\"https:\/\/www.estrategiaconcursos.com.br\/blog\/concurso-detran-df-cronograma-proxima-semana\/\">acesse aqui<\/a>.<\/p>\n\n\n\n<h2 class=\"wp-block-heading\" id=\"h-programacao-semanal\"><strong>Programa\u00e7\u00e3o Semanal<\/strong><\/h2>\n\n\n\n<p><strong><mark style=\"background-color:rgba(0, 0, 0, 0)\" class=\"has-inline-color has-vivid-purple-color\">1. ESTRAT\u00c9GIA CONCURSOS \u2013 Webin\u00e1rios<\/mark><\/strong><\/p>\n\n\n\n<ul class=\"wp-block-list\">\n<li><strong>Concurso Unilab: Resolu\u00e7\u00e3o de Quest\u00f5es IDECAN &#8211; Arquivologia \u2013 <\/strong>20 de junho (<a href=\"https:\/\/www.estrategiaconcursos.com.br\/blog\/concurso-unilab\/\">Defina o Lembrete<\/a>)<\/li>\n\n\n\n<li><strong>SES DF: \u00daltima chamada para Odontologia: Quest\u00f5es IBFC comentadas \u2013 <\/strong>20 de junho (Defina o Lembrete)<\/li>\n\n\n\n<li><strong>Crimes de Tr\u00e2nsito \u2013 Parte Geral \u2013 Caderno de Revis\u00e3o para PRF (Legisla\u00e7\u00e3o de Tr\u00e2nsito para Pol\u00edcia Rodovi\u00e1ria Federal) \u2013 <\/strong>20 de junho (<a href=\"https:\/\/www.estrategiaconcursos.com.br\/blog\/concurso-prf-3\/\">Defina o Lembrete<\/a>)<\/li>\n\n\n\n<li><strong>Nutri\u00e7\u00e3o para Resid\u00eancias &#8211; Doen\u00e7as Neurol\u00f3gicas \u2013 <\/strong>21 de junho (<a href=\"https:\/\/gratis.estrategiaconcursos.com.br\/nutricao-para-residencias-doencas-neurologicas\/\">Defina o Lembrete<\/a>)<\/li>\n\n\n\n<li><strong>Temas Especiais de Engenharia de Produ\u00e7\u00e3o &#8211; Prof. Daniel Almeida \u2013 <\/strong>22 de junho (<a href=\"https:\/\/www.estrategiaconcursos.com.br\/blog\/\">Defina o Lembrete<\/a>)<\/li>\n\n\n\n<li><strong>Q.A.P. Total &#8211; Todas as novidades da \u00c1rea Policial \u2013 <\/strong>23 de junho (<a href=\"https:\/\/www.estrategiaconcursos.com.br\/blog\/concursos-de-policia\/\">Defina o Lembrete<\/a>)<\/li>\n\n\n\n<li><strong>Mentorias &#8211; Projeto CGE SC 21k &#8211; A oportunidade escondida: 95 vagas ainda em 2022 \u2013 <\/strong>24 de junho (<a href=\"https:\/\/gratis.estrategiaconcursos.com.br\/projeto-cge-sc-21k\/\">Defina o Lembrete<\/a>)<\/li>\n<\/ul>\n\n\n\n<p><strong><mark style=\"background-color:rgba(0, 0, 0, 0)\" class=\"has-inline-color has-vivid-purple-color\">2. ESTRAT\u00c9GIA CARREIRAS JUR\u00cdDICAS E OAB \u2013 Webin\u00e1rios<\/mark><\/strong><\/p>\n\n\n\n<ul class=\"wp-block-list\">\n<li><strong>Lei 12.694\/2012 Comentada (Processo e o julgamento colegiado em primeiro grau de jurisdi\u00e7\u00e3o de crimes praticados por organiza\u00e7\u00f5es criminosas) (Curso Exclusivo de Legisla\u00e7\u00e3o Comentada &#8211; Delta PC RR) \u2013 <\/strong>20 de junho (<a href=\"https:\/\/gratis.estrategiaconcursos.com.br\/area-do-candidato-delta-pc-rr\/\">Defina o Lembrete<\/a>)<\/li>\n\n\n\n<li><strong>Marco Civil da Internet (Intensivo de Reta Final &#8211; Delta PC AL) \u2013 <\/strong>20 de junho (<a href=\"https:\/\/www.estrategiaconcursos.com.br\/blog\/concurso-delegado-al\/\">Defina o Lembrete<\/a>)<\/li>\n\n\n\n<li><strong>Lei no 10.778\/2003 (Notifica\u00e7\u00e3o compuls\u00f3ria, no territ\u00f3rio nacional, do caso de viol\u00eancia contra a mulher que for atendida em servi\u00e7os de sa\u00fade p\u00fablicos ou privados) (Curso Exclusivo de Legisla\u00e7\u00e3o Comentada &#8211; Delta PC RR) \u2013 <\/strong>21 de junho (<a href=\"https:\/\/www.estrategiaconcursos.com.br\/blog\/concurso-delegado-rr\/\">Defina o Lembrete<\/a>)<\/li>\n\n\n\n<li><strong>Direito Civil (Intensivo de Reta Final &#8211; Delta PC AL) \u2013 <\/strong>21 de junho (<a href=\"https:\/\/gratis.estrategiaconcursos.com.br\/area-do-futuro-delta-pc-al\/\">Defina o Lembrete<\/a>)<\/li>\n\n\n\n<li><strong>Lei 12.830\/2013 Comentada (Investiga\u00e7\u00e3o criminal conduzida pelo delegado de pol\u00edcia) (Curso Exclusivo de Legisla\u00e7\u00e3o Comentada &#8211; Delta PC RR) \u2013 <\/strong>22 de junho (<a href=\"https:\/\/www.estrategiaconcursos.com.br\/blog\/concurso-delegado-rr\/\">Defina o Lembrete<\/a>)<\/li>\n\n\n\n<li><strong>Portugu\u00eas (Intensivo de Reta Final &#8211; Delta PC AL) \u2013 <\/strong>22 de junho (<a href=\"https:\/\/www.estrategiaconcursos.com.br\/blog\/concurso-delegado-al\/\">Defina o Lembrete<\/a>)<\/li>\n\n\n\n<li><strong>Lei 12.984\/2014 Comentada (Lei Discrimina\u00e7\u00e3o de Portadores de HIV) (Curso Exclusivo de Legisla\u00e7\u00e3o Comentada &#8211; Delta PC RR) \u2013 <\/strong>23 de junho (<a href=\"https:\/\/www.estrategiaconcursos.com.br\/blog\/concurso-delegado-rr\/\">Defina o Lembrete<\/a>)<\/li>\n\n\n\n<li><strong>Direito Administrativo (Intensivo de Reta Final &#8211; Delta PC AL) \u2013 <\/strong>23 de junho (<a href=\"https:\/\/www.estrategiaconcursos.com.br\/blog\/concurso-delegado-al\/\">Defina o Lembrete<\/a>)<\/li>\n<\/ul>\n\n\n\n<h2 class=\"wp-block-heading\" id=\"h-sistema-de-questoes-do-estrategia\"><strong>Sistema de Quest\u00f5es do Estrat\u00e9gia<\/strong><\/h2>\n\n\n\n<p>Na \u00faltima semana tivemos atualiza\u00e7\u00e3o no <strong>Artigo de Quest\u00f5es In\u00e9ditas da Receita Federal do Brasil<\/strong>. Para conferir, <a href=\"https:\/\/www.estrategiaconcursos.com.br\/blog\/questoes-ineditas-receita-federal\/\">clique aqui<\/a>.<\/p>\n\n\n\n<h2 class=\"wp-block-heading\" id=\"h-agora-vamos-ver-as-principais-movimentacoes-de-concursos-da-ultima-semana\"><strong>Agora, vamos ver as principais movimenta\u00e7\u00f5es de concursos da \u00faltima semana?<\/strong><\/h2>\n\n\n\n<ul class=\"wp-block-list\">\n<li><a href=\"https:\/\/www.estrategiaconcursos.com.br\/blog\/concurso-tce-al\">TCE AL<\/a>: Excelente not\u00edcia aos concurseiros da \u00e1rea de gest\u00e3o e controle! Foi publicada a comiss\u00e3o do novo concurso TCE AL. O grupo de trabalho ser\u00e1 respons\u00e1vel por coordenar e promover a realiza\u00e7\u00e3o do certame que ofertar\u00e1 at\u00e9 30 vagas para Agente de Controle Externo. As oportunidades poder\u00e3o ser distribu\u00eddas entre as especialidades de administra\u00e7\u00e3o, ci\u00eancias cont\u00e1beis, ci\u00eancias da computa\u00e7\u00e3o e inform\u00e1tica, direito, engenharia civil e engenharia ambiental. O cargo exige n\u00edvel superior e oferece sal\u00e1rio inicial de R$ 7 mil, al\u00e9m dos benef\u00edcios.<\/li>\n<\/ul>\n\n\n\n<ul class=\"wp-block-list\">\n<li><a href=\"https:\/\/www.estrategiaconcursos.com.br\/blog\/concurso-cge-pb\">CGE PB<\/a>: Foi publicada no Di\u00e1rio Oficial da Para\u00edba desta quarta-feira, 15 de junho, a comiss\u00e3o organizadora do concurso da Controladoria Geral do estado (CGE PB). O grupo \u00e9 formado por cinco servidores, sendo um presidente e os demais membros auxiliares. O grupo ter\u00e1 como objetivo realizar os estudos necess\u00e1rios para levantar o n\u00famero de vagas que ser\u00e3o ofertadas, bem como dar in\u00edcio ao processo de escolha e contrata\u00e7\u00e3o da banca. Conforme o \u00f3rg\u00e3o j\u00e1 havia adiantado ao jornalismo do Estrat\u00e9gia, a nova sele\u00e7\u00e3o deve contemplar oportunidades no cargo de Auditor.<\/li>\n<\/ul>\n\n\n\n<ul class=\"wp-block-list\">\n<li><a href=\"https:\/\/www.estrategiaconcursos.com.br\/blog\/concurso-cge-sc\">CGE SC<\/a>: O concurso da Controladoria Geral do Estado de Santa Catarina (CGE SC) ter\u00e1 provas aplicadas ainda neste ano, com nomea\u00e7\u00f5es previstas para 2023. A informa\u00e7\u00e3o foi confirmada pelo \u00f3rg\u00e3o, em resposta dada a um dos seguidores da p\u00e1gina oficial da Controladoria, via Instagram. A sele\u00e7\u00e3o ser\u00e1 para provimento de 95 vagas no cargo de Auditor do Estado, cujo sal\u00e1rio inicial \u00e9 de R$ 21 mil. No entanto, para participar do concurso \u00e9 necess\u00e1rio possuir n\u00edvel superior com habilita\u00e7\u00e3o profissional nas \u00e1reas de administra\u00e7\u00e3o, ci\u00eancias cont\u00e1beis, ci\u00eancias da computa\u00e7\u00e3o e forma\u00e7\u00f5es correlatas, direito, economia ou engenharia civil.<\/li>\n<\/ul>\n\n\n\n<ul class=\"wp-block-list\">\n<li><a href=\"https:\/\/www.estrategiaconcursos.com.br\/blog\/concurso-sefaz-rr\">SEFAZ RR<\/a>: Foi publicado nesta ter\u00e7a-feira, 14 de junho, o aviso de manifesta\u00e7\u00e3o de interesse que visa definir a banca organizadora do concurso Sefaz RR. As empresas interessadas em organizar o certame devem enviar suas propostas at\u00e9 \u00e0s 23h do dia 30 de junho. Ao todo, est\u00e3o previstas 21 vagas para T\u00e9cnico de Tributos Estaduais e 33 para o CEFIT (Centro de Tecnologia de Informa\u00e7\u00e3o Fazend\u00e1ria). Junto a isso, tamb\u00e9m foi disponibilizado o Projeto B\u00e1sico da sele\u00e7\u00e3o, o documento traz detalhes pr\u00e9vios do edital, como as etapas de avalia\u00e7\u00e3o. Conforme o projeto, os candidatos ser\u00e3o avaliados por meio de tr\u00eas fases: prova objetiva, curso de treinamento e avalia\u00e7\u00e3o de t\u00edtulos.<\/li>\n<\/ul>\n\n\n\n<ul class=\"wp-block-list\">\n<li><a href=\"https:\/\/www.estrategiaconcursos.com.br\/blog\/concurso-sefaz-pi\">SEFAZ PI<\/a>: Mais um grande certame da \u00e1rea fiscal pode vir a\u00ed. Isso porque, o concurso SEFAZ PI foi solicitado com a previs\u00e3o de 170 vagas imediatas, al\u00e9m de forma\u00e7\u00e3o de cadastro de reserva. As oportunidades s\u00e3o para os cargos de Auditor Fiscal, Analista do Tesouro e Agente de Tributos. \u00c9 importante destacar que a SEFAZ PI registra 1.013 cargos vagos atualmente. De acordo com o documento, a remunera\u00e7\u00e3o bruta pode alcan\u00e7ar entre R$ 11 mil e R$ 35 mil.<\/li>\n<\/ul>\n\n\n\n<ul class=\"wp-block-list\">\n<li><a href=\"https:\/\/www.estrategiaconcursos.com.br\/blog\/concurso-pm-es\/\">PM ES<\/a>: Os novos editais do concurso PM ES foram publicados com 59 vagas para Oficiais. As oportunidades s\u00e3o para as carreiras de M\u00e9dicos, Dentistas, Enfermeiros, Farmac\u00eauticos Bioqu\u00edmicos, M\u00e9dicos Veterin\u00e1rios e M\u00fasicos, com sal\u00e1rio inicial de at\u00e9 R$ 11.006,75. Os interessados podem se candidatar entre os dias 14 de junho a 14 de julho, pelo site do Instituto AOCP. A aplica\u00e7\u00e3o da prova \u00e9 prevista em 21 de agosto.<\/li>\n<\/ul>\n\n\n\n<ul class=\"wp-block-list\">\n<li><a href=\"https:\/\/www.estrategiaconcursos.com.br\/blog\/concurso-sesacre\/\">SESACRE<\/a>: Foi divulgada a Dispensa de Licita\u00e7\u00e3o que define a banca organizadora do pr\u00f3ximo concurso SESACRE (Secretaria de Sa\u00fade do Acre). Segundo documento, a empresa contratada foi o Instituto Brasileiro de Forma\u00e7\u00e3o e Capacita\u00e7\u00e3o (IBFC). De acordo com an\u00fancio do governador Gladson Cameli, a expectativa \u00e9 de que sejam ofertadas 956 vagas.<\/li>\n<\/ul>\n\n\n\n<ul class=\"wp-block-list\">\n<li><a href=\"https:\/\/www.estrategiaconcursos.com.br\/blog\/concurso-pm-sp-autorizacoes-2-711-vagas\/\">PM SP<\/a>: A Pol\u00edcia Militar de S\u00e3o Paulo recebeu autoriza\u00e7\u00f5es para realiza\u00e7\u00e3o de novo concurso p\u00fablico com 2.711 vagas. Segundo despachos, as oportunidades ser\u00e3o para dois cargos, sendo 2.700 vagas para Soldado e 11 para Oficial M\u00fasico. A previs\u00e3o de ingresso dos servidores \u00e9 em novembro de 2023.<\/li>\n<\/ul>\n\n\n\n<ul class=\"wp-block-list\">\n<li><a href=\"https:\/\/cj.estrategia.com\/portal\/concurso-cartorio-rj\/\">Cart\u00f3rio RJ<\/a>: A Funda\u00e7\u00e3o Get\u00falio Vargas foi definida como organizadora da retomada do&nbsp;concurso Cart\u00f3rio RJ&nbsp;para outorga das Delega\u00e7\u00f5es das Atividades Notariais e\/ou Registrais do&nbsp;Tribunal de Justi\u00e7a do estado do Rio de Janeiro. A banca ser\u00e1 respons\u00e1vel pela reaplica\u00e7\u00e3o das provas da segunda fase e da realiza\u00e7\u00e3o das demais provas previstas.&nbsp;<\/li>\n<\/ul>\n\n\n\n<ul class=\"wp-block-list\">\n<li><a href=\"https:\/\/www.estrategiaconcursos.com.br\/blog\/concurso-tj-es\/\">Magistratura ES<\/a>: O presidente do Tribunal de Justi\u00e7a do Esp\u00edrito Santo, desembargador F\u00e1bio Clem de Oliveira, revelou que j\u00e1 tem aval interno e do governo para, nos pr\u00f3ximos meses, abrir um novo concurso para Juiz Substituto. Est\u00e3o previstas 20 vagas imediatas mais cadastro de reserva para a carreira. A remunera\u00e7\u00e3o inicial \u00e9 de R$ 31.916,00.<\/li>\n<\/ul>\n\n\n\n<ul class=\"wp-block-list\">\n<li><a href=\"https:\/\/www.estrategiaconcursos.com.br\/blog\/concurso-tj-se\/\">Concurso TJ SE<\/a>:&nbsp; O novo concurso do Tribunal de Justi\u00e7a do Estado de Sergipe (TJ SE) est\u00e1 oficialmente autorizado e com comiss\u00e3o organizadora formada. O aval para a realiza\u00e7\u00e3o do certame foi publicado no dia 15 de junho por meio do Di\u00e1rio Oficial do \u00f3rg\u00e3o.<\/li>\n<\/ul>\n\n\n\n<ul class=\"wp-block-list\">\n<li><a href=\"https:\/\/www.estrategiaconcursos.com.br\/blog\/concurso-trt-pb\/\">Concurso TRT PB:<\/a> O concurso do Tribunal Regional do Trabalho da 13\u00aa Regi\u00e3o (TRT PB) recebeu autoriza\u00e7\u00e3o para formar a comiss\u00e3o respons\u00e1vel pelo novo certame para servidores. A autoriza\u00e7\u00e3o foi concedida em sess\u00e3o ordin\u00e1ria realizada pelo Tribunal Pleno no dia 16 de junho de 2022.<\/li>\n<\/ul>\n\n\n\n<ul class=\"wp-block-list\">\n<li><a href=\"https:\/\/www.estrategiaconcursos.com.br\/blog\/concurso-trt-pr\/\">Concurso TRT PR:<\/a> O edital do concurso TRT PR (Tribunal Regional do Trabalho da 9\u00aa Regi\u00e3o) foi publicado. O certame oferta vagas em cadastro de reserva para os cargos de Analista Judici\u00e1rio em diversas especialidades e T\u00e9cnico Judici\u00e1rio. As inscri\u00e7\u00f5es poder\u00e3o ser feitas a partir de 20 de junho at\u00e9 o dia 12 de julho, exclusivamente, no site da FCC. A taxa de participa\u00e7\u00e3o varia de R$ 90,00 e R$ 110,00.<\/li>\n<\/ul>\n\n\n\n<ul class=\"wp-block-list\">\n<li><a href=\"https:\/\/www.estrategiaconcursos.com.br\/blog\/concurso-trt-mt\/\">Concurso TRT MT:<\/a> O novo concurso do Tribunal Regional do Trabalho da 23\u00aa regi\u00e3o (TRT MT) ter\u00e1 a Funda\u00e7\u00e3o Carlos Chagas (FCC) como banca organizadora. A informa\u00e7\u00e3o foi confirmada \u00e0 equipe de jornalismo do Estrat\u00e9gia Concursos no dia 15 de junho. A publica\u00e7\u00e3o do edital \u00e9 iminente. Segundo os dados, a sele\u00e7\u00e3o de 2022 ser\u00e1 para provimento de 03 vagas, sendo 02 no cargo de Analista Judici\u00e1rio, e 01 no de T\u00e9cnico Judici\u00e1rio.<\/li>\n<\/ul>\n\n\n\n<p>Desejo a todos uma excelente semana de estudos!<\/p>\n\n\n\n<p>Abra\u00e7os,<\/p>\n\n\n\n<p><strong>Prof. Diego Cerqueira<\/strong><\/p>\n","protected":false},"excerpt":{"rendered":"<p>Confira, em nossa octog\u00e9sima sexta carta aos assinantes, a nossa programa\u00e7\u00e3o semanal, as novidades do nosso Sistema de Quest\u00f5es e as principais movimenta\u00e7\u00f5es de concursos. Ol\u00e1, pessoal. Tudo bem? Aqui \u00e9 o Prof. Diego Cerqueira em nossa octog\u00e9sima sexta carta aos Assinantes do Estrat\u00e9gia Concursos. O concurso do INSS deu um important\u00edssimo passo para a [&hellip;]<\/p>\n","protected":false},"author":1789,"featured_media":1046680,"comment_status":"open","ping_status":"closed","sticky":false,"template":"","format":"standard","meta":{"post_tipo":"article","footnotes":""},"categories":[1],"tags":[],"tax_estado":[219964,219965,219966,219967,219968,219969,219963,219970,219971,219972,219973,219974,219975,219976,219977,219978,219979,219980,219981,219982,219983,219984,219985,219986,219987,219988,219989,219990],"class_list":["post-1046674","post","type-post","status-publish","format-standard","has-post-thumbnail","hentry","category-cursos-e-concursos","tax_estado-ac","tax_estado-al","tax_estado-am","tax_estado-ap","tax_estado-ba","tax_estado-ce","tax_estado-concursos-federais","tax_estado-df","tax_estado-es","tax_estado-go","tax_estado-ma","tax_estado-mg","tax_estado-ms","tax_estado-mt","tax_estado-pa","tax_estado-pb","tax_estado-pe","tax_estado-pi","tax_estado-pr","tax_estado-rj","tax_estado-rn","tax_estado-ro","tax_estado-rr","tax_estado-rs","tax_estado-sc","tax_estado-se","tax_estado-sp","tax_estado-to"],"acf":[],"yoast_head":"<!-- This site is optimized with the Yoast SEO Premium plugin v27.2 (Yoast SEO v27.2) - https:\/\/yoast.com\/product\/yoast-seo-premium-wordpress\/ -->\n<title>Carta aos Assinantes do Estrat\u00e9gia Concursos - 086<\/title>\n<meta name=\"description\" content=\"Confira, em nossa 86\u00aa carta aos assinantes, a nossa programa\u00e7\u00e3o semanal, as novidades do nosso SQ e as principais movimenta\u00e7\u00f5es de concursos.\" \/>\n<meta name=\"robots\" content=\"index, follow, max-snippet:-1, max-image-preview:large, max-video-preview:-1\" \/>\n<link rel=\"canonical\" href=\"https:\/\/www.estrategiaconcursos.com.br\/blog\/carta-aos-assinantes-086\/\" \/>\n<meta property=\"og:locale\" content=\"pt_BR\" \/>\n<meta property=\"og:type\" content=\"article\" \/>\n<meta property=\"og:title\" content=\"Carta aos Assinantes do Estrat\u00e9gia Concursos - 086\" \/>\n<meta property=\"og:description\" content=\"Confira, em nossa 86\u00aa carta aos assinantes, a nossa programa\u00e7\u00e3o semanal, as novidades do nosso SQ e as principais movimenta\u00e7\u00f5es de concursos.\" \/>\n<meta property=\"og:url\" content=\"https:\/\/www.estrategiaconcursos.com.br\/blog\/carta-aos-assinantes-086\/\" \/>\n<meta property=\"og:site_name\" content=\"Estrat\u00e9gia Concursos\" \/>\n<meta property=\"article:published_time\" content=\"2022-06-20T12:00:00+00:00\" \/>\n<meta property=\"article:modified_time\" content=\"2023-04-14T16:44:55+00:00\" \/>\n<meta property=\"og:image\" content=\"https:\/\/dhg1h5j42swfq.cloudfront.net\/2022\/06\/17153555\/imagem-carta-aos-assinantes-2.png\" \/>\n\t<meta property=\"og:image:width\" content=\"800\" \/>\n\t<meta property=\"og:image:height\" content=\"450\" \/>\n\t<meta property=\"og:image:type\" content=\"image\/png\" \/>\n<meta name=\"author\" content=\"Coordena\u00e7\u00e3o Estrat\u00e9gia\" \/>\n<meta name=\"twitter:card\" content=\"summary_large_image\" \/>\n<meta name=\"twitter:creator\" content=\"@EstratConcursos\" \/>\n<meta name=\"twitter:site\" content=\"@EstratConcursos\" \/>\n<meta name=\"twitter:label1\" content=\"Escrito por\" \/>\n\t<meta name=\"twitter:data1\" content=\"Coordena\u00e7\u00e3o Estrat\u00e9gia\" \/>\n\t<meta name=\"twitter:label2\" content=\"Est. tempo de leitura\" \/>\n\t<meta name=\"twitter:data2\" content=\"10 minutos\" \/>\n<script type=\"application\/ld+json\" class=\"yoast-schema-graph\">{\"@context\":\"https:\/\/schema.org\",\"@graph\":[{\"@type\":\"NewsArticle\",\"@id\":\"https:\/\/www.estrategiaconcursos.com.br\/blog\/carta-aos-assinantes-086\/#article\",\"isPartOf\":{\"@id\":\"https:\/\/www.estrategiaconcursos.com.br\/blog\/carta-aos-assinantes-086\/\"},\"author\":{\"name\":\"Coordena\u00e7\u00e3o Estrat\u00e9gia\",\"@id\":\"https:\/\/www.estrategiaconcursos.com.br\/blog\/#\/schema\/person\/ba5fab3b1fa4a358429e37bc50f74021\"},\"headline\":\"Carta aos Assinantes do Estrat\u00e9gia Concursos &#8211; 086\",\"datePublished\":\"2022-06-20T12:00:00+00:00\",\"dateModified\":\"2023-04-14T16:44:55+00:00\",\"mainEntityOfPage\":{\"@id\":\"https:\/\/www.estrategiaconcursos.com.br\/blog\/carta-aos-assinantes-086\/\"},\"wordCount\":1849,\"commentCount\":0,\"publisher\":{\"@id\":\"https:\/\/www.estrategiaconcursos.com.br\/blog\/#organization\"},\"image\":{\"@id\":\"https:\/\/www.estrategiaconcursos.com.br\/blog\/carta-aos-assinantes-086\/#primaryimage\"},\"thumbnailUrl\":\"https:\/\/dhg1h5j42swfq.cloudfront.net\/2022\/06\/17153555\/imagem-carta-aos-assinantes-2.png\",\"articleSection\":[\"Concursos P\u00fablicos\"],\"inLanguage\":\"pt-BR\",\"potentialAction\":[{\"@type\":\"CommentAction\",\"name\":\"Comment\",\"target\":[\"https:\/\/www.estrategiaconcursos.com.br\/blog\/carta-aos-assinantes-086\/#respond\"]}],\"copyrightYear\":\"2022\",\"copyrightHolder\":{\"@id\":\"https:\/\/www.estrategiaconcursos.com.br\/blog\/#organization\"}},{\"@type\":\"WebPage\",\"@id\":\"https:\/\/www.estrategiaconcursos.com.br\/blog\/carta-aos-assinantes-086\/\",\"url\":\"https:\/\/www.estrategiaconcursos.com.br\/blog\/carta-aos-assinantes-086\/\",\"name\":\"Carta aos Assinantes do Estrat\u00e9gia Concursos - 086\",\"isPartOf\":{\"@id\":\"https:\/\/www.estrategiaconcursos.com.br\/blog\/#website\"},\"primaryImageOfPage\":{\"@id\":\"https:\/\/www.estrategiaconcursos.com.br\/blog\/carta-aos-assinantes-086\/#primaryimage\"},\"image\":{\"@id\":\"https:\/\/www.estrategiaconcursos.com.br\/blog\/carta-aos-assinantes-086\/#primaryimage\"},\"thumbnailUrl\":\"https:\/\/dhg1h5j42swfq.cloudfront.net\/2022\/06\/17153555\/imagem-carta-aos-assinantes-2.png\",\"datePublished\":\"2022-06-20T12:00:00+00:00\",\"dateModified\":\"2023-04-14T16:44:55+00:00\",\"description\":\"Confira, em nossa 86\u00aa carta aos assinantes, a nossa programa\u00e7\u00e3o semanal, as novidades do nosso SQ e as principais movimenta\u00e7\u00f5es de concursos.\",\"breadcrumb\":{\"@id\":\"https:\/\/www.estrategiaconcursos.com.br\/blog\/carta-aos-assinantes-086\/#breadcrumb\"},\"inLanguage\":\"pt-BR\",\"potentialAction\":[{\"@type\":\"ReadAction\",\"target\":[\"https:\/\/www.estrategiaconcursos.com.br\/blog\/carta-aos-assinantes-086\/\"]}]},{\"@type\":\"ImageObject\",\"inLanguage\":\"pt-BR\",\"@id\":\"https:\/\/www.estrategiaconcursos.com.br\/blog\/carta-aos-assinantes-086\/#primaryimage\",\"url\":\"https:\/\/dhg1h5j42swfq.cloudfront.net\/2022\/06\/17153555\/imagem-carta-aos-assinantes-2.png\",\"contentUrl\":\"https:\/\/dhg1h5j42swfq.cloudfront.net\/2022\/06\/17153555\/imagem-carta-aos-assinantes-2.png\",\"width\":800,\"height\":450},{\"@type\":\"BreadcrumbList\",\"@id\":\"https:\/\/www.estrategiaconcursos.com.br\/blog\/carta-aos-assinantes-086\/#breadcrumb\",\"itemListElement\":[{\"@type\":\"ListItem\",\"position\":1,\"name\":\"In\u00edcio\",\"item\":\"https:\/\/www.estrategiaconcursos.com.br\/blog\/\"},{\"@type\":\"ListItem\",\"position\":2,\"name\":\"Carta aos Assinantes do Estrat\u00e9gia Concursos &#8211; 086\"}]},{\"@type\":\"WebSite\",\"@id\":\"https:\/\/www.estrategiaconcursos.com.br\/blog\/#website\",\"url\":\"https:\/\/www.estrategiaconcursos.com.br\/blog\/\",\"name\":\"Estrat\u00e9gia Concursos\",\"description\":\"O blog da Estrat\u00e9gia Concursos traz not\u00edcias sobre concursos e artigos de professores oferecendo cursos para concursos (pdf + videaulas) no site.\",\"publisher\":{\"@id\":\"https:\/\/www.estrategiaconcursos.com.br\/blog\/#organization\"},\"potentialAction\":[{\"@type\":\"SearchAction\",\"target\":{\"@type\":\"EntryPoint\",\"urlTemplate\":\"https:\/\/www.estrategiaconcursos.com.br\/blog\/?s={search_term_string}\"},\"query-input\":{\"@type\":\"PropertyValueSpecification\",\"valueRequired\":true,\"valueName\":\"search_term_string\"}}],\"inLanguage\":\"pt-BR\"},{\"@type\":\"Organization\",\"@id\":\"https:\/\/www.estrategiaconcursos.com.br\/blog\/#organization\",\"name\":\"Estrat\u00e9gia Concursos\",\"url\":\"https:\/\/www.estrategiaconcursos.com.br\/blog\/\",\"logo\":{\"@type\":\"ImageObject\",\"inLanguage\":\"pt-BR\",\"@id\":\"https:\/\/www.estrategiaconcursos.com.br\/blog\/#\/schema\/logo\/image\/\",\"url\":\"https:\/\/dhg1h5j42swfq.cloudfront.net\/2025\/06\/03203428\/logo_concursos-1.jpg\",\"contentUrl\":\"https:\/\/dhg1h5j42swfq.cloudfront.net\/2025\/06\/03203428\/logo_concursos-1.jpg\",\"width\":230,\"height\":60,\"caption\":\"Estrat\u00e9gia Concursos\"},\"image\":{\"@id\":\"https:\/\/www.estrategiaconcursos.com.br\/blog\/#\/schema\/logo\/image\/\"},\"sameAs\":[\"https:\/\/x.com\/EstratConcursos\"]},{\"@type\":\"Person\",\"@id\":\"https:\/\/www.estrategiaconcursos.com.br\/blog\/#\/schema\/person\/ba5fab3b1fa4a358429e37bc50f74021\",\"name\":\"Coordena\u00e7\u00e3o Estrat\u00e9gia\",\"image\":{\"@type\":\"ImageObject\",\"inLanguage\":\"pt-BR\",\"@id\":\"https:\/\/secure.gravatar.com\/avatar\/adff33ff18541ba37c900dd2b1e82dbfb0fe33d873b92636b4827a8da462feb3?s=96&d=mm&r=g\",\"url\":\"https:\/\/secure.gravatar.com\/avatar\/adff33ff18541ba37c900dd2b1e82dbfb0fe33d873b92636b4827a8da462feb3?s=96&d=mm&r=g\",\"contentUrl\":\"https:\/\/secure.gravatar.com\/avatar\/adff33ff18541ba37c900dd2b1e82dbfb0fe33d873b92636b4827a8da462feb3?s=96&d=mm&r=g\",\"caption\":\"Coordena\u00e7\u00e3o Estrat\u00e9gia\"},\"url\":\"https:\/\/www.estrategiaconcursos.com.br\/blog\/author\/victor-tanakaaestrategiaconcursos-com-br\/\"}]}<\/script>\n<!-- \/ Yoast SEO Premium plugin. -->","yoast_head_json":{"title":"Carta aos Assinantes do Estrat\u00e9gia Concursos - 086","description":"Confira, em nossa 86\u00aa carta aos assinantes, a nossa programa\u00e7\u00e3o semanal, as novidades do nosso SQ e as principais movimenta\u00e7\u00f5es de concursos.","robots":{"index":"index","follow":"follow","max-snippet":"max-snippet:-1","max-image-preview":"max-image-preview:large","max-video-preview":"max-video-preview:-1"},"canonical":"https:\/\/www.estrategiaconcursos.com.br\/blog\/carta-aos-assinantes-086\/","og_locale":"pt_BR","og_type":"article","og_title":"Carta aos Assinantes do Estrat\u00e9gia Concursos - 086","og_description":"Confira, em nossa 86\u00aa carta aos assinantes, a nossa programa\u00e7\u00e3o semanal, as novidades do nosso SQ e as principais movimenta\u00e7\u00f5es de concursos.","og_url":"https:\/\/www.estrategiaconcursos.com.br\/blog\/carta-aos-assinantes-086\/","og_site_name":"Estrat\u00e9gia Concursos","article_published_time":"2022-06-20T12:00:00+00:00","article_modified_time":"2023-04-14T16:44:55+00:00","og_image":[{"width":800,"height":450,"url":"https:\/\/dhg1h5j42swfq.cloudfront.net\/2022\/06\/17153555\/imagem-carta-aos-assinantes-2.png","type":"image\/png"}],"author":"Coordena\u00e7\u00e3o Estrat\u00e9gia","twitter_card":"summary_large_image","twitter_creator":"@EstratConcursos","twitter_site":"@EstratConcursos","twitter_misc":{"Escrito por":"Coordena\u00e7\u00e3o Estrat\u00e9gia","Est. tempo de leitura":"10 minutos"},"schema":{"@context":"https:\/\/schema.org","@graph":[{"@type":"NewsArticle","@id":"https:\/\/www.estrategiaconcursos.com.br\/blog\/carta-aos-assinantes-086\/#article","isPartOf":{"@id":"https:\/\/www.estrategiaconcursos.com.br\/blog\/carta-aos-assinantes-086\/"},"author":{"name":"Coordena\u00e7\u00e3o Estrat\u00e9gia","@id":"https:\/\/www.estrategiaconcursos.com.br\/blog\/#\/schema\/person\/ba5fab3b1fa4a358429e37bc50f74021"},"headline":"Carta aos Assinantes do Estrat\u00e9gia Concursos &#8211; 086","datePublished":"2022-06-20T12:00:00+00:00","dateModified":"2023-04-14T16:44:55+00:00","mainEntityOfPage":{"@id":"https:\/\/www.estrategiaconcursos.com.br\/blog\/carta-aos-assinantes-086\/"},"wordCount":1849,"commentCount":0,"publisher":{"@id":"https:\/\/www.estrategiaconcursos.com.br\/blog\/#organization"},"image":{"@id":"https:\/\/www.estrategiaconcursos.com.br\/blog\/carta-aos-assinantes-086\/#primaryimage"},"thumbnailUrl":"https:\/\/dhg1h5j42swfq.cloudfront.net\/2022\/06\/17153555\/imagem-carta-aos-assinantes-2.png","articleSection":["Concursos P\u00fablicos"],"inLanguage":"pt-BR","potentialAction":[{"@type":"CommentAction","name":"Comment","target":["https:\/\/www.estrategiaconcursos.com.br\/blog\/carta-aos-assinantes-086\/#respond"]}],"copyrightYear":"2022","copyrightHolder":{"@id":"https:\/\/www.estrategiaconcursos.com.br\/blog\/#organization"}},{"@type":"WebPage","@id":"https:\/\/www.estrategiaconcursos.com.br\/blog\/carta-aos-assinantes-086\/","url":"https:\/\/www.estrategiaconcursos.com.br\/blog\/carta-aos-assinantes-086\/","name":"Carta aos Assinantes do Estrat\u00e9gia Concursos - 086","isPartOf":{"@id":"https:\/\/www.estrategiaconcursos.com.br\/blog\/#website"},"primaryImageOfPage":{"@id":"https:\/\/www.estrategiaconcursos.com.br\/blog\/carta-aos-assinantes-086\/#primaryimage"},"image":{"@id":"https:\/\/www.estrategiaconcursos.com.br\/blog\/carta-aos-assinantes-086\/#primaryimage"},"thumbnailUrl":"https:\/\/dhg1h5j42swfq.cloudfront.net\/2022\/06\/17153555\/imagem-carta-aos-assinantes-2.png","datePublished":"2022-06-20T12:00:00+00:00","dateModified":"2023-04-14T16:44:55+00:00","description":"Confira, em nossa 86\u00aa carta aos assinantes, a nossa programa\u00e7\u00e3o semanal, as novidades do nosso SQ e as principais movimenta\u00e7\u00f5es de concursos.","breadcrumb":{"@id":"https:\/\/www.estrategiaconcursos.com.br\/blog\/carta-aos-assinantes-086\/#breadcrumb"},"inLanguage":"pt-BR","potentialAction":[{"@type":"ReadAction","target":["https:\/\/www.estrategiaconcursos.com.br\/blog\/carta-aos-assinantes-086\/"]}]},{"@type":"ImageObject","inLanguage":"pt-BR","@id":"https:\/\/www.estrategiaconcursos.com.br\/blog\/carta-aos-assinantes-086\/#primaryimage","url":"https:\/\/dhg1h5j42swfq.cloudfront.net\/2022\/06\/17153555\/imagem-carta-aos-assinantes-2.png","contentUrl":"https:\/\/dhg1h5j42swfq.cloudfront.net\/2022\/06\/17153555\/imagem-carta-aos-assinantes-2.png","width":800,"height":450},{"@type":"BreadcrumbList","@id":"https:\/\/www.estrategiaconcursos.com.br\/blog\/carta-aos-assinantes-086\/#breadcrumb","itemListElement":[{"@type":"ListItem","position":1,"name":"In\u00edcio","item":"https:\/\/www.estrategiaconcursos.com.br\/blog\/"},{"@type":"ListItem","position":2,"name":"Carta aos Assinantes do Estrat\u00e9gia Concursos &#8211; 086"}]},{"@type":"WebSite","@id":"https:\/\/www.estrategiaconcursos.com.br\/blog\/#website","url":"https:\/\/www.estrategiaconcursos.com.br\/blog\/","name":"Estrat\u00e9gia Concursos","description":"O blog da Estrat\u00e9gia Concursos traz not\u00edcias sobre concursos e artigos de professores oferecendo cursos para concursos (pdf + videaulas) no site.","publisher":{"@id":"https:\/\/www.estrategiaconcursos.com.br\/blog\/#organization"},"potentialAction":[{"@type":"SearchAction","target":{"@type":"EntryPoint","urlTemplate":"https:\/\/www.estrategiaconcursos.com.br\/blog\/?s={search_term_string}"},"query-input":{"@type":"PropertyValueSpecification","valueRequired":true,"valueName":"search_term_string"}}],"inLanguage":"pt-BR"},{"@type":"Organization","@id":"https:\/\/www.estrategiaconcursos.com.br\/blog\/#organization","name":"Estrat\u00e9gia Concursos","url":"https:\/\/www.estrategiaconcursos.com.br\/blog\/","logo":{"@type":"ImageObject","inLanguage":"pt-BR","@id":"https:\/\/www.estrategiaconcursos.com.br\/blog\/#\/schema\/logo\/image\/","url":"https:\/\/dhg1h5j42swfq.cloudfront.net\/2025\/06\/03203428\/logo_concursos-1.jpg","contentUrl":"https:\/\/dhg1h5j42swfq.cloudfront.net\/2025\/06\/03203428\/logo_concursos-1.jpg","width":230,"height":60,"caption":"Estrat\u00e9gia Concursos"},"image":{"@id":"https:\/\/www.estrategiaconcursos.com.br\/blog\/#\/schema\/logo\/image\/"},"sameAs":["https:\/\/x.com\/EstratConcursos"]},{"@type":"Person","@id":"https:\/\/www.estrategiaconcursos.com.br\/blog\/#\/schema\/person\/ba5fab3b1fa4a358429e37bc50f74021","name":"Coordena\u00e7\u00e3o Estrat\u00e9gia","image":{"@type":"ImageObject","inLanguage":"pt-BR","@id":"https:\/\/secure.gravatar.com\/avatar\/adff33ff18541ba37c900dd2b1e82dbfb0fe33d873b92636b4827a8da462feb3?s=96&d=mm&r=g","url":"https:\/\/secure.gravatar.com\/avatar\/adff33ff18541ba37c900dd2b1e82dbfb0fe33d873b92636b4827a8da462feb3?s=96&d=mm&r=g","contentUrl":"https:\/\/secure.gravatar.com\/avatar\/adff33ff18541ba37c900dd2b1e82dbfb0fe33d873b92636b4827a8da462feb3?s=96&d=mm&r=g","caption":"Coordena\u00e7\u00e3o Estrat\u00e9gia"},"url":"https:\/\/www.estrategiaconcursos.com.br\/blog\/author\/victor-tanakaaestrategiaconcursos-com-br\/"}]}},"_links":{"self":[{"href":"https:\/\/www.estrategiaconcursos.com.br\/blog\/wp-json\/wp\/v2\/posts\/1046674","targetHints":{"allow":["GET"]}}],"collection":[{"href":"https:\/\/www.estrategiaconcursos.com.br\/blog\/wp-json\/wp\/v2\/posts"}],"about":[{"href":"https:\/\/www.estrategiaconcursos.com.br\/blog\/wp-json\/wp\/v2\/types\/post"}],"author":[{"embeddable":true,"href":"https:\/\/www.estrategiaconcursos.com.br\/blog\/wp-json\/wp\/v2\/users\/1789"}],"replies":[{"embeddable":true,"href":"https:\/\/www.estrategiaconcursos.com.br\/blog\/wp-json\/wp\/v2\/comments?post=1046674"}],"version-history":[{"count":2,"href":"https:\/\/www.estrategiaconcursos.com.br\/blog\/wp-json\/wp\/v2\/posts\/1046674\/revisions"}],"predecessor-version":[{"id":1201810,"href":"https:\/\/www.estrategiaconcursos.com.br\/blog\/wp-json\/wp\/v2\/posts\/1046674\/revisions\/1201810"}],"wp:featuredmedia":[{"embeddable":true,"href":"https:\/\/www.estrategiaconcursos.com.br\/blog\/wp-json\/wp\/v2\/media\/1046680"}],"wp:attachment":[{"href":"https:\/\/www.estrategiaconcursos.com.br\/blog\/wp-json\/wp\/v2\/media?parent=1046674"}],"wp:term":[{"taxonomy":"category","embeddable":true,"href":"https:\/\/www.estrategiaconcursos.com.br\/blog\/wp-json\/wp\/v2\/categories?post=1046674"},{"taxonomy":"post_tag","embeddable":true,"href":"https:\/\/www.estrategiaconcursos.com.br\/blog\/wp-json\/wp\/v2\/tags?post=1046674"},{"taxonomy":"tax_estado","embeddable":true,"href":"https:\/\/www.estrategiaconcursos.com.br\/blog\/wp-json\/wp\/v2\/tax_estado?post=1046674"}],"curies":[{"name":"wp","href":"https:\/\/api.w.org\/{rel}","templated":true}]}}