{"id":1046531,"date":"2022-08-02T14:15:00","date_gmt":"2022-08-02T17:15:00","guid":{"rendered":"https:\/\/www.estrategiaconcursos.com.br\/blog\/?p=1046531"},"modified":"2023-10-18T11:55:57","modified_gmt":"2023-10-18T14:55:57","slug":"concurso-guarda-de-itarare","status":"publish","type":"post","link":"https:\/\/www.estrategiaconcursos.com.br\/blog\/concurso-guarda-de-itarare\/","title":{"rendered":"Concurso Guarda de Itarar\u00e9: gabaritos s\u00e3o divulgados"},"content":{"rendered":"\n<p>Foram divulgados os gabaritos preliminares das provas objetivas do <strong>concurso Guarda de Itarar\u00e9<\/strong>, no estado de S\u00e3o Paulo.<\/p>\n\n\n\n<ul class=\"wp-block-list\">\n<li><a href=\"https:\/\/dhg1h5j42swfq.cloudfront.net\/2022\/08\/03085952\/pm-itarare-cp-001-2022-gabarito.pdf\" target=\"_blank\" rel=\"noreferrer noopener nofollow\">Confira os gabaritos<\/a><\/li>\n<\/ul>\n\n\n\n<p>Sob organiza\u00e7\u00e3o da <a href=\"https:\/\/www.publiconsult.com.br\/Concurso\/Detail\/462?origem=H\" target=\"_blank\" rel=\"noreferrer noopener\">Publiconsult<\/a>, s\u00e3o ofertadas 20 vagas e sal\u00e1rio inicial de R$ 2.993,13. As oportunidades s\u00e3o distribu\u00eddas entre ampla concorr\u00eancia e pessoas com defici\u00eancia, distinguindo-se candidatos do sexo masculino e feminino. <\/p>\n\n\n\n<ul class=\"wp-block-list\">\n<li><strong>Concurso<\/strong> <strong>Guarda de Itarar\u00e9<\/strong><\/li>\n\n\n\n<li><strong>Status:<\/strong> gabaritos divulgados<\/li>\n\n\n\n<li><strong>Banca:<\/strong> Publiconsult<\/li>\n\n\n\n<li><strong>Vagas<\/strong>: 20<\/li>\n\n\n\n<li><strong>Sal\u00e1rio<\/strong>: R$ 2.993,13<\/li>\n\n\n\n<li><strong>Edital:<\/strong> <a href=\"https:\/\/dhg1h5j42swfq.cloudfront.net\/2022\/06\/17124556\/pm-itarare-cp-1-2022-edital-de-abertura-de-inscricoes-gcm.pdf\" target=\"_blank\" rel=\"noreferrer noopener nofollow\">GCM Itarar\u00e9 2022<\/a><\/li>\n<\/ul>\n\n\n\n<p>Nosso objetivo \u00e9 deix\u00e1-los 100% informados. Nos t\u00f3picos abaixo voc\u00ea confere todas as informa\u00e7\u00f5es sobre o concurso:<\/p>\n\n\n\n<ul class=\"wp-block-list\">\n<li><a href=\"#cargos-vagas\">Cargo e vagas<\/a><\/li>\n\n\n\n<li><a href=\"#etapas\">Etapas e provas<\/a><\/li>\n\n\n\n<li><a href=\"#curso\">Cursos e assinaturas<\/a><\/li>\n\n\n\n<li><a href=\"#ficha\">Ficha t\u00e9cnica<\/a><\/li>\n<\/ul>\n\n\n\n<div class=\"container\" id=\"boxes\">\n  <div class=\"row\">\n\n    <div class=\"col-sm\">\n      <div class=\"banner-guarda-gcm\" id=\"box-assinatura\">\n        <h3 class=\"titulo-assinatura\">Concurso Guarda de Itarar\u00e9<\/h3>\n        <p class=\"subtitulo-assinatura\">Conhe\u00e7a os cursos<\/p>\n        <div class=\"box-botao\">\n          <a class=\"btn-assinatura\" target=\"_blank\" href=\"https:\/\/www.estrategiaconcursos.com.br\/cursosPorConcurso\/\" role=\"button\" rel=\"noopener noreferrer\">Conhe\u00e7a mais<\/a>\n        <\/div>\n      <\/div>\n     \n    <\/div>\n\n  <\/div>\n<\/div>\n\n\n\n<h2 class=\"wp-block-heading\" id=\"cargos-vagas\">Cargos e vagas do concurso Guarda de Itarar\u00e9<\/h2>\n\n\n\n<h3 class=\"wp-block-heading\" id=\"medio\">Ensino m\u00e9dio<\/h3>\n\n\n\n<figure class=\"wp-block-table is-style-stripes\"><table class=\"has-background has-fixed-layout\" style=\"background-color:#e7f5fe\"><thead><tr><th class=\"has-text-align-center\" data-align=\"center\">Guarda Municipal<\/th><th class=\"has-text-align-center\" data-align=\"center\">Vagas AC<\/th><th class=\"has-text-align-center\" data-align=\"center\">Vagas PcD<\/th><\/tr><\/thead><tbody><tr><td class=\"has-text-align-center\" data-align=\"center\">Masculino<\/td><td class=\"has-text-align-center\" data-align=\"center\">17<\/td><td class=\"has-text-align-center\" data-align=\"center\">1<\/td><\/tr><tr><td class=\"has-text-align-center\" data-align=\"center\">Feminino<\/td><td class=\"has-text-align-center\" data-align=\"center\">02<\/td><td class=\"has-text-align-center\" data-align=\"center\">&#8211;<\/td><\/tr><\/tbody><\/table><\/figure>\n\n\n\n<ul class=\"wp-block-list\">\n<li><strong>Sal\u00e1rio<\/strong>: R$ 2.993,13<\/li>\n\n\n\n<li><strong>Carga hor\u00e1ria<\/strong>: 40 horas semanais (em turnos diurno, noturno, finais de semana, feriados e sistema de revezamento)<\/li>\n<\/ul>\n\n\n\n<h3 class=\"wp-block-heading\" id=\"requisitos\">Requisitos<\/h3>\n\n\n\n<ul class=\"wp-block-list\">\n<li>I &#8211; nacionalidade brasileira;<\/li>\n\n\n\n<li>II &#8211; gozo dos direitos pol\u00edticos;<\/li>\n\n\n\n<li>III &#8211; quita\u00e7\u00e3o com as obriga\u00e7\u00f5es militares e eleitorais;<\/li>\n\n\n\n<li>IV &#8211; n\u00edvel m\u00e9dio completo de escolaridade;<\/li>\n\n\n\n<li>V &#8211; idade m\u00ednima de 18 anos e m\u00e1xima de 35 anos;<\/li>\n\n\n\n<li>VI &#8211; aptid\u00e3o f\u00edsica, mental e psicol\u00f3gica;<\/li>\n\n\n\n<li>VII &#8211; idoneidade moral comprovada por investiga\u00e7\u00e3o social e certid\u00f5es expedidas pelo Poder Judici\u00e1rio Estadual e Federal;<\/li>\n\n\n\n<li>VIII &#8211; Altura m\u00ednima de 1,60m quando mulher e 1,65m quando homem.<\/li>\n<\/ul>\n\n\n\n<h3 class=\"wp-block-heading\" id=\"cargo\">Sobre o cargo do concurso Guarda de Itarar\u00e9<\/h3>\n\n\n\n<p>A convoca\u00e7\u00e3o dos aprovados dever\u00e1 observar, sempre que necess\u00e1rio, o percentual de 10% do seu efetivo ocupado por mulheres.<\/p>\n\n\n\n<p>Os integrantes da Guarda Civil Municipal est\u00e3o sujeitos ao Regime Especial de Trabalho, que se caracteriza pelo cumprimento de hor\u00e1rio irregular e de plant\u00f5es noturnos. <\/p>\n\n\n\n<p>Quando houver situa\u00e7\u00f5es excepcionais e tempor\u00e1rias, os integrantes da Guarda Civil Municipal poder\u00e3o ser convocados para prestar servi\u00e7os  extraordin\u00e1rios, com anteced\u00eancia m\u00ednima de 24 horas, observado o intervalo de no m\u00ednimo 12 horas do t\u00e9rmino de um turno de servi\u00e7o para o in\u00edcio de outro.<\/p>\n\n\n\n<h2 class=\"wp-block-heading\" id=\"etapas\">Etapas e provas do concurso para Guarda de Itarar\u00e9<\/h2>\n\n\n\n<p>A sele\u00e7\u00e3o dos candidatos do concurso Guarda de Itarar\u00e9 ser\u00e1 realizada mediante aplica\u00e7\u00e3o das seguintes etapas:<\/p>\n\n\n\n<ul class=\"wp-block-list\">\n<li>Prova objetiva &#8211; eliminat\u00f3rio e classificat\u00f3rio;<\/li>\n\n\n\n<li>Teste de Aptid\u00e3o F\u00edsica &#8211; eliminat\u00f3rio e classificat\u00f3rio;<\/li>\n\n\n\n<li>Teste de Aptid\u00e3o Psicol\u00f3gica &#8211; eliminat\u00f3rio;<\/li>\n\n\n\n<li>Investiga\u00e7\u00e3o Social &#8211; eliminat\u00f3rio;<\/li>\n\n\n\n<li>Aferi\u00e7\u00e3o Biom\u00e9trica &#8211; eliminat\u00f3rio;<\/li>\n\n\n\n<li>Inspe\u00e7\u00e3o de Sa\u00fade &#8211; eliminat\u00f3rio.<\/li>\n<\/ul>\n\n\n\n<h3 class=\"wp-block-heading\" id=\"prova-objetiva\">Prova Objetiva<\/h3>\n\n\n\n<p>Com dura\u00e7\u00e3o de 3 horas, a Prova Objetiva, de car\u00e1ter eliminat\u00f3rio e classificat\u00f3rio, foi composta de 40 quest\u00f5es de m\u00faltipla escolha, com cinco alternativas (a, b, c, d, e):<\/p>\n\n\n\n<figure class=\"wp-block-image aligncenter size-full\"><img loading=\"lazy\" decoding=\"async\" width=\"874\" height=\"167\" src=\"https:\/\/dhg1h5j42swfq.cloudfront.net\/2022\/06\/17130447\/image-218.png\" alt=\"Prova Objetiva concurso Guarda de Itarar\u00e9\" class=\"wp-image-1046538\" srcset=\"https:\/\/dhg1h5j42swfq.cloudfront.net\/2022\/06\/17130447\/image-218.png 874w, https:\/\/dhg1h5j42swfq.cloudfront.net\/2022\/06\/17130447\/image-218-300x57.png 300w, https:\/\/dhg1h5j42swfq.cloudfront.net\/2022\/06\/17130447\/image-218-768x147.png 768w, https:\/\/dhg1h5j42swfq.cloudfront.net\/2022\/06\/17130447\/image-218-610x117.png 610w\" sizes=\"auto, (max-width: 874px) 100vw, 874px\" \/><figcaption class=\"wp-element-caption\">Prova Objetiva concurso Guarda de Itarar\u00e9<\/figcaption><\/figure>\n\n\n\n<h3 class=\"wp-block-heading\" id=\"pratica\">Teste de Aptid\u00e3o F\u00edsica<\/h3>\n\n\n\n<p>O Teste de Aptid\u00e3o F\u00edsica de car\u00e1ter eliminat\u00f3rio e classificat\u00f3rio, visa avaliar a capacidade f\u00edsica m\u00ednima requerida para o exerc\u00edcio das atividades a serem desempenhadas.<\/p>\n\n\n\n<p>A aplica\u00e7\u00e3o do TAF  \u00e9 prevista na cidade de Itarar\u00e9 e ser\u00e1 composto pelos seguintes testes:<\/p>\n\n\n\n<ul class=\"wp-block-list\">\n<li>a) Corrida de 50m (masculino e feminino);<\/li>\n\n\n\n<li>b) Teste de flex\u00e3o de bra\u00e7os (masculino e feminino);<\/li>\n\n\n\n<li>c) Resist\u00eancia abdominal (masculino e feminino); e<\/li>\n\n\n\n<li>d) Corrida de 12 minutos (masculino e feminino).<\/li>\n<\/ul>\n\n\n\n<figure class=\"wp-block-image size-full\"><img loading=\"lazy\" decoding=\"async\" width=\"876\" height=\"196\" src=\"https:\/\/dhg1h5j42swfq.cloudfront.net\/2022\/06\/17131040\/image-219.png\" alt=\"TAF concurso Guarda de Itarar\u00e9 Feminino\" class=\"wp-image-1046539\" srcset=\"https:\/\/dhg1h5j42swfq.cloudfront.net\/2022\/06\/17131040\/image-219.png 876w, https:\/\/dhg1h5j42swfq.cloudfront.net\/2022\/06\/17131040\/image-219-300x67.png 300w, https:\/\/dhg1h5j42swfq.cloudfront.net\/2022\/06\/17131040\/image-219-768x172.png 768w, https:\/\/dhg1h5j42swfq.cloudfront.net\/2022\/06\/17131040\/image-219-610x136.png 610w\" sizes=\"auto, (max-width: 876px) 100vw, 876px\" \/><figcaption class=\"wp-element-caption\">TAF concurso Guarda de Itarar\u00e9 Feminino<\/figcaption><\/figure>\n\n\n\n<figure class=\"wp-block-image size-full\"><img loading=\"lazy\" decoding=\"async\" width=\"876\" height=\"195\" src=\"https:\/\/dhg1h5j42swfq.cloudfront.net\/2022\/06\/17131051\/image-220.png\" alt=\"TAF concurso GCM de Itarar\u00e9 Masculino\" class=\"wp-image-1046540\" srcset=\"https:\/\/dhg1h5j42swfq.cloudfront.net\/2022\/06\/17131051\/image-220.png 876w, https:\/\/dhg1h5j42swfq.cloudfront.net\/2022\/06\/17131051\/image-220-300x67.png 300w, https:\/\/dhg1h5j42swfq.cloudfront.net\/2022\/06\/17131051\/image-220-768x171.png 768w, https:\/\/dhg1h5j42swfq.cloudfront.net\/2022\/06\/17131051\/image-220-610x136.png 610w\" sizes=\"auto, (max-width: 876px) 100vw, 876px\" \/><figcaption class=\"wp-element-caption\">TAF concurso Guarda de Itarar\u00e9 Masculino<\/figcaption><\/figure>\n\n\n\n<h3 class=\"wp-block-heading\" id=\"h-teste-de-aptidao-psicologica\">Teste de Aptid\u00e3o Psicol\u00f3gica<\/h3>\n\n\n\n<p>O Teste de Aptid\u00e3o Psicol\u00f3gica, de car\u00e1ter eliminat\u00f3rio, ser\u00e1 aplicado para os 60 candidatos mais bem classificados para o cargo de Guarda Municipal 2\u00aa Classe \u2013 MASCULINO e para as 20 candidatas mais bem classificadas para o cargo de Guarda Municipal 2\u00aa Classe \u2013 FEMININO.<\/p>\n\n\n\n<h3 class=\"wp-block-heading\" id=\"h-afericao-biometrica\">Aferi\u00e7\u00e3o Biom\u00e9trica<\/h3>\n\n\n\n<p>A Aferi\u00e7\u00e3o Biom\u00e9trica, de car\u00e1ter eliminat\u00f3rio, ser\u00e1 destinada aplicada apenas aos candidatos habilitados na Investiga\u00e7\u00e3o Social e consistir\u00e1 na verifica\u00e7\u00e3o da altura m\u00ednima exigida dos candidatos (1,60m para Guarda Municipal 2\u00aa Classe \u2013 MASCULINO e 1,65m para Guarda Municipal 2\u00aa Classe \u2013 MASCULINO), sendo a constata\u00e7\u00e3o da altura m\u00ednima pr\u00e9-requisito para a realiza\u00e7\u00e3o da Inspe\u00e7\u00e3o de Sa\u00fade.<\/p>\n\n\n\n<hr class=\"wp-block-separator has-css-opacity\"\/>\n\n\n\n<h2 class=\"wp-block-heading has-text-align-center\" id=\"h-quer-saber-tudo-sobre-concursos-previstos-confira-nossos-artigos\">Quer saber tudo sobre concursos previstos?<br \/>Confira nossos artigos!<\/h2>\n\n\n\n<ul class=\"wp-block-list\">\n<li><a href=\"https:\/\/www.estrategiaconcursos.com.br\/blog\/concursos-abertos\/\" target=\"_blank\" rel=\"noreferrer noopener\">Concursos abertos<\/a><\/li>\n\n\n\n<li><a href=\"https:\/\/www.estrategiaconcursos.com.br\/blog\/concursos-2023\/\" target=\"_blank\" rel=\"noreferrer noopener\">Concursos 2023<\/a><\/li>\n<\/ul>\n\n\n\n<h2 class=\"wp-block-heading has-text-align-center\" id=\"curso\">Quer estudar para o concurso Guarda de Itarar\u00e9?<\/h2>\n\n\n\n<div class=\"container\" id=\"boxes\">\n  <div class=\"row\">\n\n    <div class=\"col-sm\">\n      <div class=\"banner-guarda-gcm\" id=\"box-assinatura\">\n        <h3 class=\"titulo-assinatura\">Concurso Guarda de Itarar\u00e9<\/h3>\n        <p class=\"subtitulo-assinatura\">Conhe\u00e7a os cursos<\/p>\n        <div class=\"box-botao\">\n          <a class=\"btn-assinatura\" target=\"_blank\" href=\"https:\/\/www.estrategiaconcursos.com.br\/\" role=\"button\" rel=\"noopener noreferrer\">Conhe\u00e7a mais<\/a>\n        <\/div>\n      <\/div>\n     \n    <\/div>\n\n  <\/div>\n<\/div>\n\n\n\n<div class=\"container\" id=\"boxes\">\n  <div class=\"row\">\n\n    <div class=\"col-sm\">\n      <div class=\"estrategia\" id=\"box-assinatura\">\n        <h3 class=\"titulo-assinatura\">Assinatura de Concursos<\/h3>\n        <p class=\"subtitulo-assinatura\">Assinatura de 1 ano ou 2 anos<\/p>\n        <div class=\"box-botao\">\n          <a class=\"btn-assinatura\" target=\"_blank\" href=\"https:\/\/www.estrategiaconcursos.com.br\/assinaturas\/\" role=\"button\" rel=\"noopener noreferrer\">ASSINE AGORA<\/a>\n        <\/div>\n      <\/div><\/div><\/div><\/div>\n\n\n\n<figure class=\"wp-block-image size-large is-resized\"><img loading=\"lazy\" decoding=\"async\" width=\"1024\" height=\"632\" src=\"https:\/\/dhg1h5j42swfq.cloudfront.net\/2021\/08\/03075659\/ficha-tecnica-1-1024x632.png\" alt=\"Ficha t\u00e9cnica\" class=\"wp-image-827472\" style=\"width:284px;height:175px\" srcset=\"https:\/\/dhg1h5j42swfq.cloudfront.net\/2021\/08\/03075659\/ficha-tecnica-1-1024x632.png 1024w, https:\/\/dhg1h5j42swfq.cloudfront.net\/2021\/08\/03075659\/ficha-tecnica-1-300x185.png 300w, https:\/\/dhg1h5j42swfq.cloudfront.net\/2021\/08\/03075659\/ficha-tecnica-1-768x474.png 768w, https:\/\/dhg1h5j42swfq.cloudfront.net\/2021\/08\/03075659\/ficha-tecnica-1-1536x948.png 1536w, https:\/\/dhg1h5j42swfq.cloudfront.net\/2021\/08\/03075659\/ficha-tecnica-1-610x377.png 610w, https:\/\/dhg1h5j42swfq.cloudfront.net\/2021\/08\/03075659\/ficha-tecnica-1.png 1571w\" sizes=\"auto, (max-width: 1024px) 100vw, 1024px\" \/><\/figure>\n\n\n\n<h3 class=\"wp-block-heading\" id=\"ficha\">Informa\u00e7\u00f5es do concurso Guarda de Londrina<\/h3>\n\n\n\n<ul class=\"wp-block-list\">\n<li><strong>Provas<\/strong>: 31\/07\/2022<\/li>\n\n\n\n<li><strong style=\"color: initial;\">Vagas:&nbsp;<\/strong><span style=\"color: initial;\">20<\/span><\/li>\n\n\n\n<li><strong>Cargo:<\/strong>&nbsp;Guarda Civil Municipal<\/li>\n\n\n\n<li><strong>Escolaridade:&nbsp;<\/strong>n\u00edvel m\u00e9dio<\/li>\n\n\n\n<li><strong>Banca: <\/strong>Publiconsult<\/li>\n\n\n\n<li><strong>Edital:<\/strong> <a href=\"https:\/\/dhg1h5j42swfq.cloudfront.net\/2022\/06\/17124556\/pm-itarare-cp-1-2022-edital-de-abertura-de-inscricoes-gcm.pdf\" target=\"_blank\" rel=\"noreferrer noopener nofollow\">GCM Itarar\u00e9 2022<\/a><\/li>\n<\/ul>\n","protected":false},"excerpt":{"rendered":"<p>Foram divulgados os gabaritos preliminares das provas objetivas do concurso Guarda de Itarar\u00e9, no estado de S\u00e3o Paulo. Sob organiza\u00e7\u00e3o da Publiconsult, s\u00e3o ofertadas 20 vagas e sal\u00e1rio inicial de R$ 2.993,13. As oportunidades s\u00e3o distribu\u00eddas entre ampla concorr\u00eancia e pessoas com defici\u00eancia, distinguindo-se candidatos do sexo masculino e feminino. Nosso objetivo \u00e9 deix\u00e1-los 100% [&hellip;]<\/p>\n","protected":false},"author":1,"featured_media":1047853,"comment_status":"open","ping_status":"closed","sticky":false,"template":"","format":"standard","meta":{"post_tipo":"news_page","footnotes":""},"categories":[220189],"tags":[],"tax_estado":[219989],"class_list":["post-1046531","post","type-post","status-publish","format-standard","has-post-thumbnail","hentry","category-policial-guarda-civis","tax_estado-sp"],"acf":[],"yoast_head":"<!-- This site is optimized with the Yoast SEO Premium plugin v27.2 (Yoast SEO v27.2) - https:\/\/yoast.com\/product\/yoast-seo-premium-wordpress\/ -->\n<title>Concurso Guarda de Itarar\u00e9: gabaritos s\u00e3o divulgados<\/title>\n<meta name=\"description\" content=\"Concurso para Guarda de Itarar\u00e9 (SP): edital oferta 20 vagas para o cargo de Guarda Municipal com sal\u00e1rio inicial de R$ 2.993,13.\" \/>\n<meta name=\"robots\" content=\"index, follow, max-snippet:-1, max-image-preview:large, max-video-preview:-1\" \/>\n<link rel=\"canonical\" href=\"https:\/\/www.estrategiaconcursos.com.br\/blog\/concurso-guarda-de-itarare\/\" \/>\n<meta property=\"og:locale\" content=\"pt_BR\" \/>\n<meta property=\"og:type\" content=\"article\" \/>\n<meta property=\"og:title\" content=\"Concurso Guarda de Itarar\u00e9: gabaritos s\u00e3o divulgados\" \/>\n<meta property=\"og:description\" content=\"Concurso para Guarda de Itarar\u00e9 (SP): edital oferta 20 vagas para o cargo de Guarda Municipal com sal\u00e1rio inicial de R$ 2.993,13.\" \/>\n<meta property=\"og:url\" content=\"https:\/\/www.estrategiaconcursos.com.br\/blog\/concurso-guarda-de-itarare\/\" \/>\n<meta property=\"og:site_name\" content=\"Estrat\u00e9gia Concursos\" \/>\n<meta property=\"article:author\" content=\"https:\/\/www.facebook.com\/EstrategiaConcursos\" \/>\n<meta property=\"article:published_time\" content=\"2022-08-02T17:15:00+00:00\" \/>\n<meta property=\"article:modified_time\" content=\"2023-10-18T14:55:57+00:00\" \/>\n<meta property=\"og:image\" content=\"https:\/\/dhg1h5j42swfq.cloudfront.net\/2022\/06\/21114538\/guarda-de-itarare.jpg\" \/>\n\t<meta property=\"og:image:width\" content=\"768\" \/>\n\t<meta property=\"og:image:height\" content=\"432\" \/>\n\t<meta property=\"og:image:type\" content=\"image\/jpeg\" \/>\n<meta name=\"author\" content=\"Coordena\u00e7\u00e3o\" \/>\n<meta name=\"twitter:card\" content=\"summary_large_image\" \/>\n<meta name=\"twitter:creator\" content=\"@EstratConcursos\" \/>\n<meta name=\"twitter:site\" content=\"@EstratConcursos\" \/>\n<meta name=\"twitter:label1\" content=\"Escrito por\" \/>\n\t<meta name=\"twitter:data1\" content=\"Coordena\u00e7\u00e3o\" \/>\n\t<meta name=\"twitter:label2\" content=\"Est. tempo de leitura\" \/>\n\t<meta name=\"twitter:data2\" content=\"5 minutos\" \/>\n<script type=\"application\/ld+json\" class=\"yoast-schema-graph\">{\"@context\":\"https:\/\/schema.org\",\"@graph\":[{\"@type\":\"NewsArticle\",\"@id\":\"https:\/\/www.estrategiaconcursos.com.br\/blog\/concurso-guarda-de-itarare\/#article\",\"isPartOf\":{\"@id\":\"https:\/\/www.estrategiaconcursos.com.br\/blog\/concurso-guarda-de-itarare\/\"},\"author\":{\"name\":\"Coordena\u00e7\u00e3o\",\"@id\":\"https:\/\/www.estrategiaconcursos.com.br\/blog\/#\/schema\/person\/b4a388c97673c5f483d72185668afa1f\"},\"headline\":\"Concurso Guarda de Itarar\u00e9: gabaritos s\u00e3o divulgados\",\"datePublished\":\"2022-08-02T17:15:00+00:00\",\"dateModified\":\"2023-10-18T14:55:57+00:00\",\"mainEntityOfPage\":{\"@id\":\"https:\/\/www.estrategiaconcursos.com.br\/blog\/concurso-guarda-de-itarare\/\"},\"wordCount\":765,\"commentCount\":0,\"publisher\":{\"@id\":\"https:\/\/www.estrategiaconcursos.com.br\/blog\/#organization\"},\"image\":{\"@id\":\"https:\/\/www.estrategiaconcursos.com.br\/blog\/concurso-guarda-de-itarare\/#primaryimage\"},\"thumbnailUrl\":\"https:\/\/dhg1h5j42swfq.cloudfront.net\/2022\/06\/21114538\/guarda-de-itarare.jpg\",\"articleSection\":[\"Policial (Guardas Civis)\"],\"inLanguage\":\"pt-BR\",\"potentialAction\":[{\"@type\":\"CommentAction\",\"name\":\"Comment\",\"target\":[\"https:\/\/www.estrategiaconcursos.com.br\/blog\/concurso-guarda-de-itarare\/#respond\"]}],\"copyrightYear\":\"2022\",\"copyrightHolder\":{\"@id\":\"https:\/\/www.estrategiaconcursos.com.br\/blog\/#organization\"}},{\"@type\":\"WebPage\",\"@id\":\"https:\/\/www.estrategiaconcursos.com.br\/blog\/concurso-guarda-de-itarare\/\",\"url\":\"https:\/\/www.estrategiaconcursos.com.br\/blog\/concurso-guarda-de-itarare\/\",\"name\":\"Concurso Guarda de Itarar\u00e9: gabaritos s\u00e3o divulgados\",\"isPartOf\":{\"@id\":\"https:\/\/www.estrategiaconcursos.com.br\/blog\/#website\"},\"primaryImageOfPage\":{\"@id\":\"https:\/\/www.estrategiaconcursos.com.br\/blog\/concurso-guarda-de-itarare\/#primaryimage\"},\"image\":{\"@id\":\"https:\/\/www.estrategiaconcursos.com.br\/blog\/concurso-guarda-de-itarare\/#primaryimage\"},\"thumbnailUrl\":\"https:\/\/dhg1h5j42swfq.cloudfront.net\/2022\/06\/21114538\/guarda-de-itarare.jpg\",\"datePublished\":\"2022-08-02T17:15:00+00:00\",\"dateModified\":\"2023-10-18T14:55:57+00:00\",\"description\":\"Concurso para Guarda de Itarar\u00e9 (SP): edital oferta 20 vagas para o cargo de Guarda Municipal com sal\u00e1rio inicial de R$ 2.993,13.\",\"breadcrumb\":{\"@id\":\"https:\/\/www.estrategiaconcursos.com.br\/blog\/concurso-guarda-de-itarare\/#breadcrumb\"},\"inLanguage\":\"pt-BR\",\"potentialAction\":[{\"@type\":\"ReadAction\",\"target\":[\"https:\/\/www.estrategiaconcursos.com.br\/blog\/concurso-guarda-de-itarare\/\"]}]},{\"@type\":\"ImageObject\",\"inLanguage\":\"pt-BR\",\"@id\":\"https:\/\/www.estrategiaconcursos.com.br\/blog\/concurso-guarda-de-itarare\/#primaryimage\",\"url\":\"https:\/\/dhg1h5j42swfq.cloudfront.net\/2022\/06\/21114538\/guarda-de-itarare.jpg\",\"contentUrl\":\"https:\/\/dhg1h5j42swfq.cloudfront.net\/2022\/06\/21114538\/guarda-de-itarare.jpg\",\"width\":768,\"height\":432,\"caption\":\"concurso Guarda de Itarar\u00e9\"},{\"@type\":\"BreadcrumbList\",\"@id\":\"https:\/\/www.estrategiaconcursos.com.br\/blog\/concurso-guarda-de-itarare\/#breadcrumb\",\"itemListElement\":[{\"@type\":\"ListItem\",\"position\":1,\"name\":\"In\u00edcio\",\"item\":\"https:\/\/www.estrategiaconcursos.com.br\/blog\/\"},{\"@type\":\"ListItem\",\"position\":2,\"name\":\"Concurso Guarda de Itarar\u00e9: gabaritos s\u00e3o divulgados\"}]},{\"@type\":\"WebSite\",\"@id\":\"https:\/\/www.estrategiaconcursos.com.br\/blog\/#website\",\"url\":\"https:\/\/www.estrategiaconcursos.com.br\/blog\/\",\"name\":\"Estrat\u00e9gia Concursos\",\"description\":\"O blog da Estrat\u00e9gia Concursos traz not\u00edcias sobre concursos e artigos de professores oferecendo cursos para concursos (pdf + videaulas) no site.\",\"publisher\":{\"@id\":\"https:\/\/www.estrategiaconcursos.com.br\/blog\/#organization\"},\"potentialAction\":[{\"@type\":\"SearchAction\",\"target\":{\"@type\":\"EntryPoint\",\"urlTemplate\":\"https:\/\/www.estrategiaconcursos.com.br\/blog\/?s={search_term_string}\"},\"query-input\":{\"@type\":\"PropertyValueSpecification\",\"valueRequired\":true,\"valueName\":\"search_term_string\"}}],\"inLanguage\":\"pt-BR\"},{\"@type\":\"Organization\",\"@id\":\"https:\/\/www.estrategiaconcursos.com.br\/blog\/#organization\",\"name\":\"Estrat\u00e9gia Concursos\",\"url\":\"https:\/\/www.estrategiaconcursos.com.br\/blog\/\",\"logo\":{\"@type\":\"ImageObject\",\"inLanguage\":\"pt-BR\",\"@id\":\"https:\/\/www.estrategiaconcursos.com.br\/blog\/#\/schema\/logo\/image\/\",\"url\":\"https:\/\/dhg1h5j42swfq.cloudfront.net\/2025\/06\/03203428\/logo_concursos-1.jpg\",\"contentUrl\":\"https:\/\/dhg1h5j42swfq.cloudfront.net\/2025\/06\/03203428\/logo_concursos-1.jpg\",\"width\":230,\"height\":60,\"caption\":\"Estrat\u00e9gia Concursos\"},\"image\":{\"@id\":\"https:\/\/www.estrategiaconcursos.com.br\/blog\/#\/schema\/logo\/image\/\"},\"sameAs\":[\"https:\/\/x.com\/EstratConcursos\"]},{\"@type\":\"Person\",\"@id\":\"https:\/\/www.estrategiaconcursos.com.br\/blog\/#\/schema\/person\/b4a388c97673c5f483d72185668afa1f\",\"name\":\"Coordena\u00e7\u00e3o\",\"image\":{\"@type\":\"ImageObject\",\"inLanguage\":\"pt-BR\",\"@id\":\"https:\/\/secure.gravatar.com\/avatar\/b720319e4c9a967eb58678d110f4fe35452fc5d5f97b202bac7b8acceb18c6ad?s=96&d=mm&r=g\",\"url\":\"https:\/\/secure.gravatar.com\/avatar\/b720319e4c9a967eb58678d110f4fe35452fc5d5f97b202bac7b8acceb18c6ad?s=96&d=mm&r=g\",\"contentUrl\":\"https:\/\/secure.gravatar.com\/avatar\/b720319e4c9a967eb58678d110f4fe35452fc5d5f97b202bac7b8acceb18c6ad?s=96&d=mm&r=g\",\"caption\":\"Coordena\u00e7\u00e3o\"},\"sameAs\":[\"https:\/\/www.facebook.com\/EstrategiaConcursos\",\"https:\/\/x.com\/EstratConcursos\"],\"url\":\"https:\/\/www.estrategiaconcursos.com.br\/blog\/author\/estrategia2013\/\"}]}<\/script>\n<!-- \/ Yoast SEO Premium plugin. -->","yoast_head_json":{"title":"Concurso Guarda de Itarar\u00e9: gabaritos s\u00e3o divulgados","description":"Concurso para Guarda de Itarar\u00e9 (SP): edital oferta 20 vagas para o cargo de Guarda Municipal com sal\u00e1rio inicial de R$ 2.993,13.","robots":{"index":"index","follow":"follow","max-snippet":"max-snippet:-1","max-image-preview":"max-image-preview:large","max-video-preview":"max-video-preview:-1"},"canonical":"https:\/\/www.estrategiaconcursos.com.br\/blog\/concurso-guarda-de-itarare\/","og_locale":"pt_BR","og_type":"article","og_title":"Concurso Guarda de Itarar\u00e9: gabaritos s\u00e3o divulgados","og_description":"Concurso para Guarda de Itarar\u00e9 (SP): edital oferta 20 vagas para o cargo de Guarda Municipal com sal\u00e1rio inicial de R$ 2.993,13.","og_url":"https:\/\/www.estrategiaconcursos.com.br\/blog\/concurso-guarda-de-itarare\/","og_site_name":"Estrat\u00e9gia Concursos","article_author":"https:\/\/www.facebook.com\/EstrategiaConcursos","article_published_time":"2022-08-02T17:15:00+00:00","article_modified_time":"2023-10-18T14:55:57+00:00","og_image":[{"width":768,"height":432,"url":"https:\/\/dhg1h5j42swfq.cloudfront.net\/2022\/06\/21114538\/guarda-de-itarare.jpg","type":"image\/jpeg"}],"author":"Coordena\u00e7\u00e3o","twitter_card":"summary_large_image","twitter_creator":"@EstratConcursos","twitter_site":"@EstratConcursos","twitter_misc":{"Escrito por":"Coordena\u00e7\u00e3o","Est. tempo de leitura":"5 minutos"},"schema":{"@context":"https:\/\/schema.org","@graph":[{"@type":"NewsArticle","@id":"https:\/\/www.estrategiaconcursos.com.br\/blog\/concurso-guarda-de-itarare\/#article","isPartOf":{"@id":"https:\/\/www.estrategiaconcursos.com.br\/blog\/concurso-guarda-de-itarare\/"},"author":{"name":"Coordena\u00e7\u00e3o","@id":"https:\/\/www.estrategiaconcursos.com.br\/blog\/#\/schema\/person\/b4a388c97673c5f483d72185668afa1f"},"headline":"Concurso Guarda de Itarar\u00e9: gabaritos s\u00e3o divulgados","datePublished":"2022-08-02T17:15:00+00:00","dateModified":"2023-10-18T14:55:57+00:00","mainEntityOfPage":{"@id":"https:\/\/www.estrategiaconcursos.com.br\/blog\/concurso-guarda-de-itarare\/"},"wordCount":765,"commentCount":0,"publisher":{"@id":"https:\/\/www.estrategiaconcursos.com.br\/blog\/#organization"},"image":{"@id":"https:\/\/www.estrategiaconcursos.com.br\/blog\/concurso-guarda-de-itarare\/#primaryimage"},"thumbnailUrl":"https:\/\/dhg1h5j42swfq.cloudfront.net\/2022\/06\/21114538\/guarda-de-itarare.jpg","articleSection":["Policial (Guardas Civis)"],"inLanguage":"pt-BR","potentialAction":[{"@type":"CommentAction","name":"Comment","target":["https:\/\/www.estrategiaconcursos.com.br\/blog\/concurso-guarda-de-itarare\/#respond"]}],"copyrightYear":"2022","copyrightHolder":{"@id":"https:\/\/www.estrategiaconcursos.com.br\/blog\/#organization"}},{"@type":"WebPage","@id":"https:\/\/www.estrategiaconcursos.com.br\/blog\/concurso-guarda-de-itarare\/","url":"https:\/\/www.estrategiaconcursos.com.br\/blog\/concurso-guarda-de-itarare\/","name":"Concurso Guarda de Itarar\u00e9: gabaritos s\u00e3o divulgados","isPartOf":{"@id":"https:\/\/www.estrategiaconcursos.com.br\/blog\/#website"},"primaryImageOfPage":{"@id":"https:\/\/www.estrategiaconcursos.com.br\/blog\/concurso-guarda-de-itarare\/#primaryimage"},"image":{"@id":"https:\/\/www.estrategiaconcursos.com.br\/blog\/concurso-guarda-de-itarare\/#primaryimage"},"thumbnailUrl":"https:\/\/dhg1h5j42swfq.cloudfront.net\/2022\/06\/21114538\/guarda-de-itarare.jpg","datePublished":"2022-08-02T17:15:00+00:00","dateModified":"2023-10-18T14:55:57+00:00","description":"Concurso para Guarda de Itarar\u00e9 (SP): edital oferta 20 vagas para o cargo de Guarda Municipal com sal\u00e1rio inicial de R$ 2.993,13.","breadcrumb":{"@id":"https:\/\/www.estrategiaconcursos.com.br\/blog\/concurso-guarda-de-itarare\/#breadcrumb"},"inLanguage":"pt-BR","potentialAction":[{"@type":"ReadAction","target":["https:\/\/www.estrategiaconcursos.com.br\/blog\/concurso-guarda-de-itarare\/"]}]},{"@type":"ImageObject","inLanguage":"pt-BR","@id":"https:\/\/www.estrategiaconcursos.com.br\/blog\/concurso-guarda-de-itarare\/#primaryimage","url":"https:\/\/dhg1h5j42swfq.cloudfront.net\/2022\/06\/21114538\/guarda-de-itarare.jpg","contentUrl":"https:\/\/dhg1h5j42swfq.cloudfront.net\/2022\/06\/21114538\/guarda-de-itarare.jpg","width":768,"height":432,"caption":"concurso Guarda de Itarar\u00e9"},{"@type":"BreadcrumbList","@id":"https:\/\/www.estrategiaconcursos.com.br\/blog\/concurso-guarda-de-itarare\/#breadcrumb","itemListElement":[{"@type":"ListItem","position":1,"name":"In\u00edcio","item":"https:\/\/www.estrategiaconcursos.com.br\/blog\/"},{"@type":"ListItem","position":2,"name":"Concurso Guarda de Itarar\u00e9: gabaritos s\u00e3o divulgados"}]},{"@type":"WebSite","@id":"https:\/\/www.estrategiaconcursos.com.br\/blog\/#website","url":"https:\/\/www.estrategiaconcursos.com.br\/blog\/","name":"Estrat\u00e9gia Concursos","description":"O blog da Estrat\u00e9gia Concursos traz not\u00edcias sobre concursos e artigos de professores oferecendo cursos para concursos (pdf + videaulas) no site.","publisher":{"@id":"https:\/\/www.estrategiaconcursos.com.br\/blog\/#organization"},"potentialAction":[{"@type":"SearchAction","target":{"@type":"EntryPoint","urlTemplate":"https:\/\/www.estrategiaconcursos.com.br\/blog\/?s={search_term_string}"},"query-input":{"@type":"PropertyValueSpecification","valueRequired":true,"valueName":"search_term_string"}}],"inLanguage":"pt-BR"},{"@type":"Organization","@id":"https:\/\/www.estrategiaconcursos.com.br\/blog\/#organization","name":"Estrat\u00e9gia Concursos","url":"https:\/\/www.estrategiaconcursos.com.br\/blog\/","logo":{"@type":"ImageObject","inLanguage":"pt-BR","@id":"https:\/\/www.estrategiaconcursos.com.br\/blog\/#\/schema\/logo\/image\/","url":"https:\/\/dhg1h5j42swfq.cloudfront.net\/2025\/06\/03203428\/logo_concursos-1.jpg","contentUrl":"https:\/\/dhg1h5j42swfq.cloudfront.net\/2025\/06\/03203428\/logo_concursos-1.jpg","width":230,"height":60,"caption":"Estrat\u00e9gia Concursos"},"image":{"@id":"https:\/\/www.estrategiaconcursos.com.br\/blog\/#\/schema\/logo\/image\/"},"sameAs":["https:\/\/x.com\/EstratConcursos"]},{"@type":"Person","@id":"https:\/\/www.estrategiaconcursos.com.br\/blog\/#\/schema\/person\/b4a388c97673c5f483d72185668afa1f","name":"Coordena\u00e7\u00e3o","image":{"@type":"ImageObject","inLanguage":"pt-BR","@id":"https:\/\/secure.gravatar.com\/avatar\/b720319e4c9a967eb58678d110f4fe35452fc5d5f97b202bac7b8acceb18c6ad?s=96&d=mm&r=g","url":"https:\/\/secure.gravatar.com\/avatar\/b720319e4c9a967eb58678d110f4fe35452fc5d5f97b202bac7b8acceb18c6ad?s=96&d=mm&r=g","contentUrl":"https:\/\/secure.gravatar.com\/avatar\/b720319e4c9a967eb58678d110f4fe35452fc5d5f97b202bac7b8acceb18c6ad?s=96&d=mm&r=g","caption":"Coordena\u00e7\u00e3o"},"sameAs":["https:\/\/www.facebook.com\/EstrategiaConcursos","https:\/\/x.com\/EstratConcursos"],"url":"https:\/\/www.estrategiaconcursos.com.br\/blog\/author\/estrategia2013\/"}]}},"_links":{"self":[{"href":"https:\/\/www.estrategiaconcursos.com.br\/blog\/wp-json\/wp\/v2\/posts\/1046531","targetHints":{"allow":["GET"]}}],"collection":[{"href":"https:\/\/www.estrategiaconcursos.com.br\/blog\/wp-json\/wp\/v2\/posts"}],"about":[{"href":"https:\/\/www.estrategiaconcursos.com.br\/blog\/wp-json\/wp\/v2\/types\/post"}],"author":[{"embeddable":true,"href":"https:\/\/www.estrategiaconcursos.com.br\/blog\/wp-json\/wp\/v2\/users\/1"}],"replies":[{"embeddable":true,"href":"https:\/\/www.estrategiaconcursos.com.br\/blog\/wp-json\/wp\/v2\/comments?post=1046531"}],"version-history":[{"count":12,"href":"https:\/\/www.estrategiaconcursos.com.br\/blog\/wp-json\/wp\/v2\/posts\/1046531\/revisions"}],"predecessor-version":[{"id":1294196,"href":"https:\/\/www.estrategiaconcursos.com.br\/blog\/wp-json\/wp\/v2\/posts\/1046531\/revisions\/1294196"}],"wp:featuredmedia":[{"embeddable":true,"href":"https:\/\/www.estrategiaconcursos.com.br\/blog\/wp-json\/wp\/v2\/media\/1047853"}],"wp:attachment":[{"href":"https:\/\/www.estrategiaconcursos.com.br\/blog\/wp-json\/wp\/v2\/media?parent=1046531"}],"wp:term":[{"taxonomy":"category","embeddable":true,"href":"https:\/\/www.estrategiaconcursos.com.br\/blog\/wp-json\/wp\/v2\/categories?post=1046531"},{"taxonomy":"post_tag","embeddable":true,"href":"https:\/\/www.estrategiaconcursos.com.br\/blog\/wp-json\/wp\/v2\/tags?post=1046531"},{"taxonomy":"tax_estado","embeddable":true,"href":"https:\/\/www.estrategiaconcursos.com.br\/blog\/wp-json\/wp\/v2\/tax_estado?post=1046531"}],"curies":[{"name":"wp","href":"https:\/\/api.w.org\/{rel}","templated":true}]}}